{"id":17010,"date":"2025-01-03T05:57:25","date_gmt":"2025-01-03T11:57:25","guid":{"rendered":"https:\/\/soymigrante.com\/revista\/?p=17010"},"modified":"2025-01-03T06:03:18","modified_gmt":"2025-01-03T12:03:18","slug":"mucho-mas-que-una-prenda-un-simbolo-cultural-los-huipiles-guatemaltecos","status":"publish","type":"post","link":"https:\/\/soymigrante.com\/revista\/mucho-mas-que-una-prenda-un-simbolo-cultural-los-huipiles-guatemaltecos\/","title":{"rendered":"Mucho m\u00e1s que una prenda, un s\u00edmbolo cultural: los huipiles guatemaltecos"},"content":{"rendered":"\t\t<div data-elementor-type=\"wp-post\" data-elementor-id=\"17010\" class=\"elementor elementor-17010\" data-elementor-post-type=\"post\">\n\t\t\t\t<div data-particle_enable=\"false\" data-particle-mobile-disabled=\"false\" class=\"elementor-element elementor-element-20eb2ce e-flex e-con-boxed e-con e-parent\" data-id=\"20eb2ce\" data-element_type=\"container\" data-e-type=\"container\">\n\t\t\t\t\t<div class=\"e-con-inner\">\n\t\t\t\t<div class=\"elementor-element elementor-element-a06156d elementor-widget elementor-widget-heading\" data-id=\"a06156d\" data-element_type=\"widget\" data-e-type=\"widget\" data-widget_type=\"heading.default\">\n\t\t\t\t\t<h2 class=\"elementor-heading-title elementor-size-default\">De la lana y el algod\u00f3n a las lustrinas, los huipiles guatemaltecos reflejan la identidad cultural y la creatividad de las tejedoras a lo largo del tiempo.\n<\/h2>\t\t\t\t<\/div>\n\t\t\t\t\t<\/div>\n\t\t\t\t<\/div>\n\t\t<div data-particle_enable=\"false\" data-particle-mobile-disabled=\"false\" class=\"elementor-element elementor-element-472f378 e-flex e-con-boxed e-con e-parent\" data-id=\"472f378\" data-element_type=\"container\" data-e-type=\"container\">\n\t\t\t\t\t<div class=\"e-con-inner\">\n\t\t\t\t<div class=\"elementor-element elementor-element-85a45ec elementor-widget elementor-widget-text-editor\" data-id=\"85a45ec\" data-element_type=\"widget\" data-e-type=\"widget\" data-widget_type=\"text-editor.default\">\n\t\t\t\t\t\t\t\t\t<p><a href=\"https:\/\/soymigrante.com\/revista\/category\/guate-nuestra\/\" target=\"_blank\" rel=\"noopener\">Los huipiles, prendas tradicionales de las mujeres ind\u00edgenas guatemaltecas,<\/a> no solo son una expresi\u00f3n de arte y cultura, sino tambi\u00e9n un testimonio de la evoluci\u00f3n de los materiales y las t\u00e9cnicas utilizadas para su confecci\u00f3n.<\/p><p>Desde tiempos ancestrales, estos tejidos han sido elaborados con materiales naturales como lana y algod\u00f3n, pero en las \u00faltimas d\u00e9cadas, han incorporado elementos modernos como hilos de lustrina, enriqueciendo su simbolismo y est\u00e9tica.<\/p>\t\t\t\t\t\t\t\t<\/div>\n\t\t\t\t\t<\/div>\n\t\t\t\t<\/div>\n\t\t<div data-particle_enable=\"false\" data-particle-mobile-disabled=\"false\" class=\"elementor-element elementor-element-0ece899 e-flex e-con-boxed e-con e-parent\" data-id=\"0ece899\" data-element_type=\"container\" data-e-type=\"container\">\n\t\t\t\t\t<div class=\"e-con-inner\">\n\t\t\t\t<div class=\"elementor-element elementor-element-dfa974a elementor-widget elementor-widget-heading\" data-id=\"dfa974a\" data-element_type=\"widget\" data-e-type=\"widget\" data-widget_type=\"heading.default\">\n\t\t\t\t\t<h3 class=\"elementor-heading-title elementor-size-default\">Materiales ancestrales: lana y algod\u00f3n<\/h3>\t\t\t\t<\/div>\n\t\t\t\t\t<\/div>\n\t\t\t\t<\/div>\n\t\t<div data-particle_enable=\"false\" data-particle-mobile-disabled=\"false\" class=\"elementor-element elementor-element-1e8df19 e-flex e-con-boxed e-con e-parent\" data-id=\"1e8df19\" data-element_type=\"container\" data-e-type=\"container\">\n\t\t\t\t\t<div class=\"e-con-inner\">\n\t\t\t\t<div class=\"elementor-element elementor-element-4d20f11 elementor-widget elementor-widget-text-editor\" data-id=\"4d20f11\" data-element_type=\"widget\" data-e-type=\"widget\" data-widget_type=\"text-editor.default\">\n\t\t\t\t\t\t\t\t\t<p>Seg\u00fan el <a href=\"https:\/\/museoixchel.org\/\" target=\"_blank\" rel=\"noopener\">Museo Ixchel del Traje Ind\u00edgena,<\/a> que preserva y documenta la historia textil de Guatemala, los primeros huipiles fueron tejidos con algod\u00f3n cultivado localmente y te\u00f1ido con pigmentos naturales obtenidos de plantas, minerales e insectos como la cochinilla.<\/p><p>Este proceso, que requer\u00eda un conocimiento profundo de los recursos naturales, permit\u00eda crear piezas de colores vibrantes y significados profundos.<\/p><p>La lana, introducida durante la \u00e9poca colonial, se convirti\u00f3 en otro material esencial, especialmente en regiones m\u00e1s fr\u00edas del altiplano guatemalteco como Totonicap\u00e1n y Quetzaltenango. Su calidez y durabilidad hicieron de este material una elecci\u00f3n pr\u00e1ctica, mientras que su versatilidad permit\u00eda la creaci\u00f3n de dise\u00f1os m\u00e1s complejos.<\/p>\t\t\t\t\t\t\t\t<\/div>\n\t\t\t\t\t<\/div>\n\t\t\t\t<\/div>\n\t\t<div data-particle_enable=\"false\" data-particle-mobile-disabled=\"false\" class=\"elementor-element elementor-element-9a39198 e-flex e-con-boxed e-con e-parent\" data-id=\"9a39198\" data-element_type=\"container\" data-e-type=\"container\">\n\t\t\t\t\t<div class=\"e-con-inner\">\n\t\t\t\t<div class=\"elementor-element elementor-element-ba06661 elementor-widget elementor-widget-image\" data-id=\"ba06661\" data-element_type=\"widget\" data-e-type=\"widget\" data-widget_type=\"image.default\">\n\t\t\t\t\t\t\t\t\t\t\t\t\t\t\t<img fetchpriority=\"high\" decoding=\"async\" width=\"768\" height=\"254\" src=\"https:\/\/soymigrante.com\/revista\/wp-content\/uploads\/2024\/12\/El-lenguaje-sagrado-de-los-textiles-mayas-y-sus-significados4-1024x338.jpeg\" class=\"attachment-large size-large wp-image-16174\" alt=\"Colchas tradicionales tejidas a mano con patrones coloridos y vibrantes, representando la cultura ind\u00edgena en Am\u00e9rica Latina, para publicaci\u00f3n en Revista SoyMigrante.com.\" srcset=\"https:\/\/soymigrante.com\/revista\/wp-content\/uploads\/2024\/12\/El-lenguaje-sagrado-de-los-textiles-mayas-y-sus-significados4-1024x338.jpeg 1024w, https:\/\/soymigrante.com\/revista\/wp-content\/uploads\/2024\/12\/El-lenguaje-sagrado-de-los-textiles-mayas-y-sus-significados4-300x99.jpeg 300w, https:\/\/soymigrante.com\/revista\/wp-content\/uploads\/2024\/12\/El-lenguaje-sagrado-de-los-textiles-mayas-y-sus-significados4-768x254.jpeg 768w, https:\/\/soymigrante.com\/revista\/wp-content\/uploads\/2024\/12\/El-lenguaje-sagrado-de-los-textiles-mayas-y-sus-significados4-750x248.webp 750w, https:\/\/soymigrante.com\/revista\/wp-content\/uploads\/2024\/12\/El-lenguaje-sagrado-de-los-textiles-mayas-y-sus-significados4-1140x377.webp 1140w, https:\/\/soymigrante.com\/revista\/wp-content\/uploads\/2024\/12\/El-lenguaje-sagrado-de-los-textiles-mayas-y-sus-significados4.webp 1280w\" sizes=\"(max-width: 768px) 100vw, 768px\" title=\"El lenguaje sagrado de los textiles mayas y sus significados4 \u2013 SoyMigrante.com REVISTA\" \/>\t\t\t\t\t\t\t\t\t\t\t\t\t\t\t<\/div>\n\t\t\t\t\t<\/div>\n\t\t\t\t<\/div>\n\t\t<div data-particle_enable=\"false\" data-particle-mobile-disabled=\"false\" class=\"elementor-element elementor-element-eb9b177 e-flex e-con-boxed e-con e-parent\" data-id=\"eb9b177\" data-element_type=\"container\" data-e-type=\"container\">\n\t\t\t\t\t<div class=\"e-con-inner\">\n\t\t\t\t<div class=\"elementor-element elementor-element-f9e0feb elementor-widget elementor-widget-heading\" data-id=\"f9e0feb\" data-element_type=\"widget\" data-e-type=\"widget\" data-widget_type=\"heading.default\">\n\t\t\t\t\t<h3 class=\"elementor-heading-title elementor-size-default\">La incorporaci\u00f3n de hilos sint\u00e9ticos y lustrinas<\/h3>\t\t\t\t<\/div>\n\t\t\t\t\t<\/div>\n\t\t\t\t<\/div>\n\t\t<div data-particle_enable=\"false\" data-particle-mobile-disabled=\"false\" class=\"elementor-element elementor-element-f4aef9c e-flex e-con-boxed e-con e-parent\" data-id=\"f4aef9c\" data-element_type=\"container\" data-e-type=\"container\">\n\t\t\t\t\t<div class=\"e-con-inner\">\n\t\t\t\t<div class=\"elementor-element elementor-element-1b79b62 elementor-widget elementor-widget-text-editor\" data-id=\"1b79b62\" data-element_type=\"widget\" data-e-type=\"widget\" data-widget_type=\"text-editor.default\">\n\t\t\t\t\t\t\t\t\t<p>Con la llegada de materiales industriales a mediados del siglo XX, <a href=\"https:\/\/soymigrante.com\/revista\/category\/guate-nuestra\/\" target=\"_blank\" rel=\"noopener\">las tejedoras comenzaron a experimentar con hilos sint\u00e9ticos y lustrinas<\/a> (peque\u00f1as lentejuelas brillantes). Estos materiales a\u00f1adieron un brillo caracter\u00edstico a los huipiles, transform\u00e1ndolos en piezas que no solo celebran la tradici\u00f3n, sino tambi\u00e9n la modernidad.<\/p><p>\u201cEl uso de lustrinas se ha vuelto popular en varias regiones porque permite resaltar los dise\u00f1os y hacerlos m\u00e1s vistosos. Sin embargo, su incorporaci\u00f3n tambi\u00e9n ha generado debates sobre c\u00f3mo equilibrar la innovaci\u00f3n con la preservaci\u00f3n de las t\u00e9cnicas tradicionales,\u201d se\u00f1ala Andrea Cux, investigadora del <a href=\"https:\/\/museoixchel.org\/los-hilos-cuentan-una-historia\/\" target=\"_blank\" rel=\"noopener\">Museo Ixchel.<\/a><\/p>\t\t\t\t\t\t\t\t<\/div>\n\t\t\t\t\t<\/div>\n\t\t\t\t<\/div>\n\t\t<div data-particle_enable=\"false\" data-particle-mobile-disabled=\"false\" class=\"elementor-element elementor-element-72201f7 e-flex e-con-boxed e-con e-parent\" data-id=\"72201f7\" data-element_type=\"container\" data-e-type=\"container\">\n\t\t\t\t\t<div class=\"e-con-inner\">\n\t\t\t\t<div class=\"elementor-element elementor-element-e4eefa7 elementor-widget elementor-widget-image\" data-id=\"e4eefa7\" data-element_type=\"widget\" data-e-type=\"widget\" data-widget_type=\"image.default\">\n\t\t\t\t\t\t\t\t\t\t\t\t<figure class=\"wp-caption\">\n\t\t\t\t\t\t\t\t\t\t\t<a href=\"https:\/\/soymigrante.com\/mercado\/marketplace\/seller\/profile\/waykan\">\n\t\t\t\t\t\t\t<img decoding=\"async\" width=\"768\" height=\"251\" src=\"https:\/\/soymigrante.com\/revista\/wp-content\/uploads\/2025\/01\/huipiles-1024x335.jpg\" class=\"attachment-large size-large wp-image-19130\" alt=\"Tejidos tradicionales y textiles artesanales guatemaltecos en revista SoyMigrante, destacando cultura, moda y artesan\u00eda.\" srcset=\"https:\/\/soymigrante.com\/revista\/wp-content\/uploads\/2025\/01\/huipiles-1024x335.jpg 1024w, https:\/\/soymigrante.com\/revista\/wp-content\/uploads\/2025\/01\/huipiles-300x98.jpg 300w, https:\/\/soymigrante.com\/revista\/wp-content\/uploads\/2025\/01\/huipiles-768x251.jpg 768w, https:\/\/soymigrante.com\/revista\/wp-content\/uploads\/2025\/01\/huipiles-1536x503.jpg 1536w, https:\/\/soymigrante.com\/revista\/wp-content\/uploads\/2025\/01\/huipiles-750x245.webp 750w, https:\/\/soymigrante.com\/revista\/wp-content\/uploads\/2025\/01\/huipiles-1140x373.webp 1140w, https:\/\/soymigrante.com\/revista\/wp-content\/uploads\/2025\/01\/huipiles.webp 1772w\" sizes=\"(max-width: 768px) 100vw, 768px\" title=\"La tienda Waykan, de SoyMigrante.com MERCADO ofrece huipiles guatemaltecos de diversas comunidades, hasta la puerta de tu casa. \u2013 SoyMigrante.com REVISTA\" \/>\t\t\t\t\t\t\t\t<\/a>\n\t\t\t\t\t\t\t\t\t\t\t<figcaption class=\"widget-image-caption wp-caption-text\">Coloridos tejidos Guatemaltecos en revista SoyMigrante, mostrados con artesan\u00eda, cultura y moda.<\/figcaption>\n\t\t\t\t\t\t\t\t\t\t<\/figure>\n\t\t\t\t\t\t\t\t\t<\/div>\n\t\t\t\t\t<\/div>\n\t\t\t\t<\/div>\n\t\t<div data-particle_enable=\"false\" data-particle-mobile-disabled=\"false\" class=\"elementor-element elementor-element-7964a32 e-flex e-con-boxed e-con e-parent\" data-id=\"7964a32\" data-element_type=\"container\" data-e-type=\"container\">\n\t\t\t\t\t<div class=\"e-con-inner\">\n\t\t\t\t<div class=\"elementor-element elementor-element-121998e elementor-widget elementor-widget-heading\" data-id=\"121998e\" data-element_type=\"widget\" data-e-type=\"widget\" data-widget_type=\"heading.default\">\n\t\t\t\t\t<h3 class=\"elementor-heading-title elementor-size-default\">El simbolismo en los materiales y dise\u00f1os<\/h3>\t\t\t\t<\/div>\n\t\t\t\t\t<\/div>\n\t\t\t\t<\/div>\n\t\t<div data-particle_enable=\"false\" data-particle-mobile-disabled=\"false\" class=\"elementor-element elementor-element-db3d476 e-flex e-con-boxed e-con e-parent\" data-id=\"db3d476\" data-element_type=\"container\" data-e-type=\"container\">\n\t\t\t\t\t<div class=\"e-con-inner\">\n\t\t\t\t<div class=\"elementor-element elementor-element-5d56ef2 elementor-widget elementor-widget-text-editor\" data-id=\"5d56ef2\" data-element_type=\"widget\" data-e-type=\"widget\" data-widget_type=\"text-editor.default\">\n\t\t\t\t\t\t\t\t\t<p><a href=\"https:\/\/soymigrante.com\/revista\/category\/guate-nuestra\/\" target=\"_blank\" rel=\"noopener\">Cada material en un huipil tiene un significado profundo.<\/a> El algod\u00f3n, por ejemplo, representa la conexi\u00f3n con la tierra y la naturaleza, mientras que la lana es s\u00edmbolo de protecci\u00f3n y abrigo.<\/p><p>Las lustrinas y los hilos sint\u00e9ticos, por otro lado, reflejan la adaptabilidad y la capacidad de las comunidades para integrar elementos modernos sin perder su esencia cultural.<\/p>\t\t\t\t\t\t\t\t<\/div>\n\t\t\t\t\t<\/div>\n\t\t\t\t<\/div>\n\t\t<div data-particle_enable=\"false\" data-particle-mobile-disabled=\"false\" class=\"elementor-element elementor-element-1489312 e-flex e-con-boxed e-con e-parent\" data-id=\"1489312\" data-element_type=\"container\" data-e-type=\"container\">\n\t\t\t\t\t<div class=\"e-con-inner\">\n\t\t\t\t<div class=\"elementor-element elementor-element-f647eb7 elementor-widget elementor-widget-text-editor\" data-id=\"f647eb7\" data-element_type=\"widget\" data-e-type=\"widget\" data-widget_type=\"text-editor.default\">\n\t\t\t\t\t\t\t\t\t<p>Los dise\u00f1os tejidos en los huipiles tambi\u00e9n cuentan historias y transmiten identidad.<\/p><p>\u201cCada patr\u00f3n tiene un significado. En mi caso, el huipil que hago representa las monta\u00f1as y r\u00edos de mi comunidad, que son nuestra fuente de vida,\u201d comenta Petrona Xicay, una tejedora originaria de Solol\u00e1.<\/p>\t\t\t\t\t\t\t\t<\/div>\n\t\t\t\t\t<\/div>\n\t\t\t\t<\/div>\n\t\t<div data-particle_enable=\"false\" data-particle-mobile-disabled=\"false\" class=\"elementor-element elementor-element-7ec440b e-flex e-con-boxed e-con e-parent\" data-id=\"7ec440b\" data-element_type=\"container\" data-e-type=\"container\">\n\t\t\t\t\t<div class=\"e-con-inner\">\n\t\t\t\t<div class=\"elementor-element elementor-element-dab14c3 elementor-widget elementor-widget-image\" data-id=\"dab14c3\" data-element_type=\"widget\" data-e-type=\"widget\" data-widget_type=\"image.default\">\n\t\t\t\t\t\t\t\t\t\t\t\t\t\t\t<img decoding=\"async\" width=\"760\" height=\"567\" src=\"https:\/\/soymigrante.com\/revista\/wp-content\/uploads\/2024\/12\/El-lenguaje-sagrado-de-los-textiles-mayas-y-sus-significados5.webp\" class=\"attachment-large size-large wp-image-16173\" alt=\"Colores vibrantes de artesan\u00eda ind\u00edgena tradicional en tejidos y bordados, resaltando la cultura y diversidad en la revista SoyMigrante.com REVISTA para promover la identidad cultural.\" srcset=\"https:\/\/soymigrante.com\/revista\/wp-content\/uploads\/2024\/12\/El-lenguaje-sagrado-de-los-textiles-mayas-y-sus-significados5.webp 760w, https:\/\/soymigrante.com\/revista\/wp-content\/uploads\/2024\/12\/El-lenguaje-sagrado-de-los-textiles-mayas-y-sus-significados5-300x224.jpeg 300w, https:\/\/soymigrante.com\/revista\/wp-content\/uploads\/2024\/12\/El-lenguaje-sagrado-de-los-textiles-mayas-y-sus-significados5-750x560.webp 750w\" sizes=\"(max-width: 760px) 100vw, 760px\" title=\"El lenguaje sagrado de los textiles mayas y sus significados5 \u2013 SoyMigrante.com REVISTA\" \/>\t\t\t\t\t\t\t\t\t\t\t\t\t\t\t<\/div>\n\t\t\t\t\t<\/div>\n\t\t\t\t<\/div>\n\t\t<div data-particle_enable=\"false\" data-particle-mobile-disabled=\"false\" class=\"elementor-element elementor-element-38ff1db e-flex e-con-boxed e-con e-parent\" data-id=\"38ff1db\" data-element_type=\"container\" data-e-type=\"container\">\n\t\t\t\t\t<div class=\"e-con-inner\">\n\t\t\t\t<div class=\"elementor-element elementor-element-6baa734 elementor-widget elementor-widget-heading\" data-id=\"6baa734\" data-element_type=\"widget\" data-e-type=\"widget\" data-widget_type=\"heading.default\">\n\t\t\t\t\t<h3 class=\"elementor-heading-title elementor-size-default\">El arte de tejer: un legado vivo<\/h3>\t\t\t\t<\/div>\n\t\t\t\t\t<\/div>\n\t\t\t\t<\/div>\n\t\t<div data-particle_enable=\"false\" data-particle-mobile-disabled=\"false\" class=\"elementor-element elementor-element-32ab0ec e-flex e-con-boxed e-con e-parent\" data-id=\"32ab0ec\" data-element_type=\"container\" data-e-type=\"container\">\n\t\t\t\t\t<div class=\"e-con-inner\">\n\t\t\t\t<div class=\"elementor-element elementor-element-23c89af elementor-widget elementor-widget-text-editor\" data-id=\"23c89af\" data-element_type=\"widget\" data-e-type=\"widget\" data-widget_type=\"text-editor.default\">\n\t\t\t\t\t\t\t\t\t<p>Petrona, quien aprendi\u00f3 a tejer a los ocho a\u00f1os gracias a su madre y abuela, explica que el proceso de crear un huipil es largo y laborioso. \u201cPrimero recolectamos el hilo, luego lo te\u00f1imos y preparamos el telar. Cada pieza puede tardar meses, dependiendo del dise\u00f1o y los detalles que lleve.\u201d<\/p><p>Ella utiliza una combinaci\u00f3n de materiales tradicionales y modernos, dependiendo de las preferencias de sus clientas. \u201cA algunas mujeres les gusta el algod\u00f3n porque es m\u00e1s fresco, pero otras prefieren las lustrinas para ocasiones especiales. Nosotros nos adaptamos a lo que buscan, pero siempre tratamos de mantener las t\u00e9cnicas ancestrales,\u201d a\u00f1ade.<\/p>\t\t\t\t\t\t\t\t<\/div>\n\t\t\t\t\t<\/div>\n\t\t\t\t<\/div>\n\t\t<div data-particle_enable=\"false\" data-particle-mobile-disabled=\"false\" class=\"elementor-element elementor-element-5ec6ae2 e-flex e-con-boxed e-con e-parent\" data-id=\"5ec6ae2\" data-element_type=\"container\" data-e-type=\"container\">\n\t\t\t\t\t<div class=\"e-con-inner\">\n\t\t\t\t<div class=\"elementor-element elementor-element-204812b elementor-widget elementor-widget-image\" data-id=\"204812b\" data-element_type=\"widget\" data-e-type=\"widget\" data-widget_type=\"image.default\">\n\t\t\t\t\t\t\t\t\t\t\t\t\t\t\t<img loading=\"lazy\" decoding=\"async\" width=\"768\" height=\"571\" src=\"https:\/\/soymigrante.com\/revista\/wp-content\/uploads\/2024\/12\/El-lenguaje-sagrado-de-los-textiles-mayas-y-sus-significados1.webp\" class=\"attachment-large size-large wp-image-16172\" alt=\"Elaborado tejido tradicional con patrones geom\u00e9tricos en colores amarillo, rojo, morado y negro, representando la cultura y artesan\u00eda de Am\u00e9rica Latina en la revista SoyMigrante.com REVISTA.\" srcset=\"https:\/\/soymigrante.com\/revista\/wp-content\/uploads\/2024\/12\/El-lenguaje-sagrado-de-los-textiles-mayas-y-sus-significados1.webp 795w, https:\/\/soymigrante.com\/revista\/wp-content\/uploads\/2024\/12\/El-lenguaje-sagrado-de-los-textiles-mayas-y-sus-significados1-300x223.jpeg 300w, https:\/\/soymigrante.com\/revista\/wp-content\/uploads\/2024\/12\/El-lenguaje-sagrado-de-los-textiles-mayas-y-sus-significados1-768x571.jpeg 768w, https:\/\/soymigrante.com\/revista\/wp-content\/uploads\/2024\/12\/El-lenguaje-sagrado-de-los-textiles-mayas-y-sus-significados1-750x558.webp 750w\" sizes=\"(max-width: 768px) 100vw, 768px\" title=\"El lenguaje sagrado de los textiles mayas y sus significados1 \u2013 SoyMigrante.com REVISTA\" \/>\t\t\t\t\t\t\t\t\t\t\t\t\t\t\t<\/div>\n\t\t\t\t\t<\/div>\n\t\t\t\t<\/div>\n\t\t<div data-particle_enable=\"false\" data-particle-mobile-disabled=\"false\" class=\"elementor-element elementor-element-2d226e7 e-flex e-con-boxed e-con e-parent\" data-id=\"2d226e7\" data-element_type=\"container\" data-e-type=\"container\">\n\t\t\t\t\t<div class=\"e-con-inner\">\n\t\t\t\t<div class=\"elementor-element elementor-element-f71c7bf elementor-widget elementor-widget-heading\" data-id=\"f71c7bf\" data-element_type=\"widget\" data-e-type=\"widget\" data-widget_type=\"heading.default\">\n\t\t\t\t\t<h3 class=\"elementor-heading-title elementor-size-default\">El impacto cultural y econ\u00f3mico del huipil<\/h3>\t\t\t\t<\/div>\n\t\t\t\t\t<\/div>\n\t\t\t\t<\/div>\n\t\t<div data-particle_enable=\"false\" data-particle-mobile-disabled=\"false\" class=\"elementor-element elementor-element-12306a3 e-flex e-con-boxed e-con e-parent\" data-id=\"12306a3\" data-element_type=\"container\" data-e-type=\"container\">\n\t\t\t\t\t<div class=\"e-con-inner\">\n\t\t\t\t<div class=\"elementor-element elementor-element-f7ba88b elementor-widget elementor-widget-text-editor\" data-id=\"f7ba88b\" data-element_type=\"widget\" data-e-type=\"widget\" data-widget_type=\"text-editor.default\">\n\t\t\t\t\t\t\t\t\t<p><a href=\"https:\/\/soymigrante.com\/revista\/category\/guate-nuestra\/\" target=\"_blank\" rel=\"noopener\">El huipil no es solo una prenda; es un elemento esencial de la identidad<\/a> de las mujeres ind\u00edgenas y una fuente de ingresos para muchas familias. Seg\u00fan el <a href=\"https:\/\/museoixchel.org\/los-hilos-cuentan-una-historia\/\" target=\"_blank\" rel=\"noopener\">Museo Ixchel<\/a>, la producci\u00f3n y venta de huipiles representan una actividad econ\u00f3mica clave en varias comunidades del pa\u00eds, donde las tejedoras transmiten sus conocimientos de generaci\u00f3n en generaci\u00f3n.<\/p><p>Adem\u00e1s, los huipiles han ganado reconocimiento internacional, destac\u00e1ndose como piezas de arte textil en exposiciones y mercados extranjeros. Sin embargo, el reto radica en proteger este patrimonio de la industrializaci\u00f3n masiva y el plagio, que amenazan con desvirtuar su valor cultural.<\/p><p>\u201cEl huipil es nuestra historia. Cada hilo, cada color y cada dise\u00f1o cuenta algo sobre qui\u00e9nes somos y de d\u00f3nde venimos,\u201d concluye Petrona, mientras trabaja en un huipil que mezcla algod\u00f3n te\u00f1ido a mano con hilos brillantes.<\/p><p><a href=\"https:\/\/soymigrante.com\/revista\/category\/guate-nuestra\/\" target=\"_blank\" rel=\"noopener\">El huipil guatemalteco es mucho m\u00e1s que una prenda de vestir;<\/a> es un reflejo de la riqueza cultural y la historia viva del pa\u00eds. La evoluci\u00f3n de los materiales utilizados, desde el algod\u00f3n y la lana hasta las lustrinas, demuestra la capacidad de las comunidades para innovar sin perder su esencia. En cada puntada y dise\u00f1o, las tejedoras guatemaltecas tejen no solo arte, sino tambi\u00e9n identidad y esperanza para las futuras generaciones.<\/p>\t\t\t\t\t\t\t\t<\/div>\n\t\t\t\t\t<\/div>\n\t\t\t\t<\/div>\n\t\t<div data-particle_enable=\"false\" data-particle-mobile-disabled=\"false\" class=\"elementor-element elementor-element-40290ef e-flex e-con-boxed e-con e-parent\" data-id=\"40290ef\" data-element_type=\"container\" data-e-type=\"container\">\n\t\t\t\t\t<div class=\"e-con-inner\">\n\t\t\t\t<div class=\"elementor-element elementor-element-93e0484 elementor-widget elementor-widget-heading\" data-id=\"93e0484\" data-element_type=\"widget\" data-e-type=\"widget\" data-widget_type=\"heading.default\">\n\t\t\t\t\t<h2 class=\"elementor-heading-title elementor-size-default\">M\u00e1s productos de Guatemala hechos a mano<\/h2>\t\t\t\t<\/div>\n\t\t\t\t\t<\/div>\n\t\t\t\t<\/div>\n\t\t<div data-particle_enable=\"false\" data-particle-mobile-disabled=\"false\" class=\"elementor-element elementor-element-8f3c72b e-flex e-con-boxed e-con e-parent\" data-id=\"8f3c72b\" data-element_type=\"container\" data-e-type=\"container\">\n\t\t\t\t\t<div class=\"e-con-inner\">\n\t\t\t\t<div class=\"elementor-element elementor-element-c293c7b elementor-widget elementor-widget-blfe-post-grid\" data-id=\"c293c7b\" data-element_type=\"widget\" data-e-type=\"widget\" data-settings=\"{&quot;columns&quot;:&quot;3&quot;,&quot;columns_tablet&quot;:&quot;6&quot;,&quot;columns_mobile&quot;:&quot;12&quot;,&quot;hero1_layout_column_gap&quot;:{&quot;unit&quot;:&quot;px&quot;,&quot;size&quot;:30,&quot;sizes&quot;:[]},&quot;hero1_layout_column_gap_tablet&quot;:{&quot;unit&quot;:&quot;px&quot;,&quot;size&quot;:&quot;&quot;,&quot;sizes&quot;:[]},&quot;hero1_layout_column_gap_mobile&quot;:{&quot;unit&quot;:&quot;px&quot;,&quot;size&quot;:&quot;&quot;,&quot;sizes&quot;:[]},&quot;hero1_layout_row_gap&quot;:{&quot;unit&quot;:&quot;px&quot;,&quot;size&quot;:30,&quot;sizes&quot;:[]},&quot;hero1_layout_row_gap_tablet&quot;:{&quot;unit&quot;:&quot;px&quot;,&quot;size&quot;:&quot;&quot;,&quot;sizes&quot;:[]},&quot;hero1_layout_row_gap_mobile&quot;:{&quot;unit&quot;:&quot;px&quot;,&quot;size&quot;:&quot;&quot;,&quot;sizes&quot;:[]}}\" data-widget_type=\"blfe-post-grid.hero1\">\n\t\t\t\t<div class=\"elementor-widget-container\">\n\t\t\t\t\t\n                        <div class=\"blfe-post-grid-container \">\n            \n                <div data-skin=\"hero1\" class=\"blfe-row blfe-posts-inner blfe-hero1 blfe-posts-inner blfe-col-3 blfe-col-tab-6 blfe-col-mob-12     \">\n                            <div class=\"blfe-post-grid-item\">\n            <div class=\"blfe-post-grid-item-inner blfe-modern-zoom\">\n                        <div class=\"blfe-post-grid-bg-image\">\n            <a class=\"blfe-post-grid-image-inner\" href=\"https:\/\/soymigrante.com\/revista\/cooperativa-yax-transforma-una-planta-recicladora-en-huehuetenango-que-crea-y-genera-empleo\/\" title=\"Yax Transforma recolecta pl\u00e1stico y lo convierte en tablas, mesas, postes y&#8230; empleos\" rel=\"nofollow\" target=\"_blank\"><img decoding=\"async\" src=\"https:\/\/soymigrante.com\/revista\/wp-content\/uploads\/2024\/10\/yax-transforma.webp\" alt=\"Yax Transforma recolecta pl\u00e1stico y lo convierte en tablas, mesas, postes y&#8230; empleos\"\/><\/a>        <\/div>\n                        <div class=\"blfe-post-grid-details\">\n                    <div class=\"blfe-post-grid-details-inner\">\n                        <span class=\"blfe-post-category\"><a href=\"https:\/\/soymigrante.com\/revista\/category\/guate-nuestra\/\">Guate Nuestra<\/a><\/span>                        <h3 class=\"blfe-post-grid-title\">\n            <a href=\"https:\/\/soymigrante.com\/revista\/cooperativa-yax-transforma-una-planta-recicladora-en-huehuetenango-que-crea-y-genera-empleo\/\" title=\"Yax Transforma recolecta pl\u00e1stico y lo convierte en tablas, mesas, postes y&#8230; empleos\" rel=\"nofollow\" target=\"_blank\">Yax Transforma recolecta pl\u00e1stico y lo convierte en tablas, mesas, postes y&#8230; empleos<\/a>\n            <\/h3>                                                            <div class=\"blfe-post-grid-meta\">\n                <span class=\"blfe-post-grid-time\"><i class=\"fas fa-book-reader\"><\/i>7 Min read<\/span>            <\/div>\n                                                        <\/div>\n                <\/div>\n\n            <\/div>\n        <\/div>\n                <div class=\"blfe-post-grid-item\">\n            <div class=\"blfe-post-grid-item-inner blfe-modern-zoom\">\n                        <div class=\"blfe-post-grid-bg-image\">\n            <a class=\"blfe-post-grid-image-inner\" href=\"https:\/\/soymigrante.com\/revista\/sueno-de-guate-la-pulsera-wakami-que-anima-a-la-seleccion-e-impulsa-el-desarrollo\/\" title=\"Ya est\u00e1 en MERCADO Sue\u00f1o de Guate,  la pulsera Wakami que anima a la Selecci\u00f3n Nacional\" rel=\"nofollow\" target=\"_blank\"><img decoding=\"async\" src=\"https:\/\/soymigrante.com\/revista\/wp-content\/uploads\/2025\/11\/\ud83d\udc99\u26bd-El-Sueno-de-nicosam95-es-el-de-todos-y-ahora-tu-puedes-llevar-el-azul-y-blanco-siempre-con.jpg\" alt=\"Ya est\u00e1 en MERCADO Sue\u00f1o de Guate,  la pulsera Wakami que anima a la Selecci\u00f3n Nacional\"\/><\/a>        <\/div>\n                        <div class=\"blfe-post-grid-details\">\n                    <div class=\"blfe-post-grid-details-inner\">\n                        <span class=\"blfe-post-category\"><a href=\"https:\/\/soymigrante.com\/revista\/category\/guate-nuestra\/\">Guate Nuestra<\/a><\/span>                        <h3 class=\"blfe-post-grid-title\">\n            <a href=\"https:\/\/soymigrante.com\/revista\/sueno-de-guate-la-pulsera-wakami-que-anima-a-la-seleccion-e-impulsa-el-desarrollo\/\" title=\"Ya est\u00e1 en MERCADO Sue\u00f1o de Guate,  la pulsera Wakami que anima a la Selecci\u00f3n Nacional\" rel=\"nofollow\" target=\"_blank\">Ya est\u00e1 en MERCADO Sue\u00f1o de Guate,  la pulsera Wakami que anima a la Selecci\u00f3n Nacional<\/a>\n            <\/h3>                                                            <div class=\"blfe-post-grid-meta\">\n                <span class=\"blfe-post-grid-time\"><i class=\"fas fa-book-reader\"><\/i>3 Min read<\/span>            <\/div>\n                                                        <\/div>\n                <\/div>\n\n            <\/div>\n        <\/div>\n                <div class=\"blfe-post-grid-item\">\n            <div class=\"blfe-post-grid-item-inner blfe-modern-zoom\">\n                        <div class=\"blfe-post-grid-bg-image\">\n            <a class=\"blfe-post-grid-image-inner\" href=\"https:\/\/soymigrante.com\/revista\/lamparas-con-alma-textil-guatemalteca-wikoniq-ya-esta-en-mercado\/\" title=\"Wikoniq y sus originales l\u00e1mparas con alma textil guatemalteca ya est\u00e1n en MERCADO\" rel=\"nofollow\" target=\"_blank\"><img decoding=\"async\" src=\"https:\/\/soymigrante.com\/revista\/wp-content\/uploads\/2025\/08\/wikoniq-lamparas-emprendimiento-mercado-13.webp\" alt=\"Wikoniq y sus originales l\u00e1mparas con alma textil guatemalteca ya est\u00e1n en MERCADO\"\/><\/a>        <\/div>\n                        <div class=\"blfe-post-grid-details\">\n                    <div class=\"blfe-post-grid-details-inner\">\n                        <span class=\"blfe-post-category\"><a href=\"https:\/\/soymigrante.com\/revista\/category\/guate-nuestra\/\">Guate Nuestra<\/a><\/span>                        <h3 class=\"blfe-post-grid-title\">\n            <a href=\"https:\/\/soymigrante.com\/revista\/lamparas-con-alma-textil-guatemalteca-wikoniq-ya-esta-en-mercado\/\" title=\"Wikoniq y sus originales l\u00e1mparas con alma textil guatemalteca ya est\u00e1n en MERCADO\" rel=\"nofollow\" target=\"_blank\">Wikoniq y sus originales l\u00e1mparas con alma textil guatemalteca ya est\u00e1n en MERCADO<\/a>\n            <\/h3>                                                            <div class=\"blfe-post-grid-meta\">\n                <span class=\"blfe-post-grid-time\"><i class=\"fas fa-book-reader\"><\/i>4 Min read<\/span>            <\/div>\n                                                        <\/div>\n                <\/div>\n\n            <\/div>\n        <\/div>\n                        <\/div>\n\n                        <\/div>\n            \n                        <div class=\"blfe-post-footer\">\n                        <\/div>\n            \t\t\t\t<\/div>\n\t\t\t\t<\/div>\n\t\t\t\t\t<\/div>\n\t\t\t\t<\/div>\n\t\t\t\t<\/div>\n\t\t","protected":false},"excerpt":{"rendered":"<p>De la lana y el algod\u00f3n a las lustrinas, los huipiles guatemaltecos reflejan la identidad cultural y la creatividad de las tejedoras a lo largo del tiempo. Los huipiles, prendas tradicionales de las mujeres ind\u00edgenas guatemaltecas, no solo son una expresi\u00f3n de arte y cultura, sino tambi\u00e9n un testimonio de la evoluci\u00f3n de los materiales [&hellip;]<\/p>\n","protected":false},"author":19,"featured_media":2162,"comment_status":"open","ping_status":"open","sticky":false,"template":"","format":"standard","meta":{"_acf_changed":false,"_eb_attr":"","footnotes":""},"categories":[58],"tags":[],"class_list":["post-17010","post","type-post","status-publish","format-standard","has-post-thumbnail","hentry","category-guate-nuestra"],"acf":[],"aioseo_notices":[],"aioseo_head":"\n\t\t<!-- All in One SEO Pro 4.9.6.2 - aioseo.com -->\n\t<meta name=\"description\" content=\"Wikoniq fabrica l\u00e1mparas artesanales con textiles mayas tejidos en Atitl\u00e1n. Dise\u00f1o industrial y tradici\u00f3n. Ya se encuentran en MERCADO y esta es su historia.\" \/>\n\t<meta name=\"robots\" content=\"max-snippet:-1, max-image-preview:large, max-video-preview:-1\" \/>\n\t<meta name=\"author\" content=\"Gustavo Montenegro\"\/>\n\t<link rel=\"canonical\" href=\"https:\/\/soymigrante.com\/revista\/lamparas-con-alma-textil-guatemalteca-wikoniq-ya-esta-en-mercado\/\" \/>\n\t<meta name=\"generator\" content=\"All in One SEO Pro (AIOSEO) 4.9.6.2\" \/>\n\n\t\t<link rel=\"preconnect\" href=\"https:\/\/fonts.googleapis.com\" crossorigin>\n<link rel=\"preconnect\" href=\"https:\/\/fonts.gstatic.com\" crossorigin>\n\t\t<meta property=\"og:locale\" content=\"es_ES\" \/>\n\t\t<meta property=\"og:site_name\" content=\"SoyMigrante.com REVISTA \u2013 Nuestra misi\u00f3n es reconocer y dignificar al migrante.\" \/>\n\t\t<meta property=\"og:type\" content=\"article\" \/>\n\t\t<meta property=\"og:title\" content=\"Wikoniq crea originales l\u00e1mparas con textiles guatemaltecos\" \/>\n\t\t<meta property=\"og:description\" content=\"Wikoniq fabrica l\u00e1mparas artesanales con textiles mayas tejidos en Atitl\u00e1n. Dise\u00f1o industrial y tradici\u00f3n. Ya se encuentran en MERCADO y esta es su historia.\" \/>\n\t\t<meta property=\"og:url\" content=\"https:\/\/soymigrante.com\/revista\/lamparas-con-alma-textil-guatemalteca-wikoniq-ya-esta-en-mercado\/\" \/>\n\t\t<meta property=\"og:image\" content=\"https:\/\/soymigrante.com\/revista\/wp-content\/uploads\/2025\/08\/wikoniq-lamparas-emprendimiento-mercado-13.webp\" \/>\n\t\t<meta property=\"og:image:secure_url\" content=\"https:\/\/soymigrante.com\/revista\/wp-content\/uploads\/2025\/08\/wikoniq-lamparas-emprendimiento-mercado-13.webp\" \/>\n\t\t<meta property=\"og:image:width\" content=\"1280\" \/>\n\t\t<meta property=\"og:image:height\" content=\"1280\" \/>\n\t\t<meta property=\"article:published_time\" content=\"2025-08-04T13:00:00+00:00\" \/>\n\t\t<meta property=\"article:modified_time\" content=\"2025-08-04T21:53:54+00:00\" \/>\n\t\t<meta property=\"article:publisher\" content=\"https:\/\/www.facebook.com\/soymigrantecom\" \/>\n\t\t<meta name=\"twitter:card\" content=\"summary_large_image\" \/>\n\t\t<meta name=\"twitter:site\" content=\"@SoyMigrante_com\" \/>\n\t\t<meta name=\"twitter:title\" content=\"Wikoniq crea originales l\u00e1mparas con textiles guatemaltecos\" \/>\n\t\t<meta name=\"twitter:description\" content=\"Wikoniq fabrica l\u00e1mparas artesanales con textiles mayas tejidos en Atitl\u00e1n. Dise\u00f1o industrial y tradici\u00f3n. Ya se encuentran en MERCADO y esta es su historia.\" \/>\n\t\t<meta name=\"twitter:creator\" content=\"@SoyMigrante_com\" \/>\n\t\t<meta name=\"twitter:image\" content=\"https:\/\/soymigrante.com\/revista\/wp-content\/uploads\/2025\/08\/wikoniq-lamparas-emprendimiento-mercado-13.webp\" \/>\n\t\t<!-- All in One SEO Pro -->\r\n\t\t<title>Wikoniq crea originales l\u00e1mparas con textiles guatemaltecos<\/title>\n\n","aioseo_head_json":{"title":"Wikoniq crea originales l\u00e1mparas con textiles guatemaltecos","description":"Wikoniq fabrica l\u00e1mparas artesanales con textiles mayas tejidos en Atitl\u00e1n. Dise\u00f1o industrial y tradici\u00f3n. Ya se encuentran en MERCADO y esta es su historia.","canonical_url":"https:\/\/soymigrante.com\/revista\/lamparas-con-alma-textil-guatemalteca-wikoniq-ya-esta-en-mercado\/","robots":"max-snippet:-1, max-image-preview:large, max-video-preview:-1","keywords":"","webmasterTools":{"miscellaneous":"&lt;link rel=\"preconnect\" href=\"https:\/\/fonts.googleapis.com\" crossorigin&gt;\n&lt;link rel=\"preconnect\" href=\"https:\/\/fonts.gstatic.com\" crossorigin&gt;"},"schema":null,"og:locale":"es_ES","og:site_name":"SoyMigrante.com REVISTA \u2013 Nuestra misi\u00f3n es reconocer y dignificar al migrante.","og:type":"article","og:title":"Wikoniq crea originales l\u00e1mparas con textiles guatemaltecos","og:description":"Wikoniq fabrica l\u00e1mparas artesanales con textiles mayas tejidos en Atitl\u00e1n. Dise\u00f1o industrial y tradici\u00f3n. Ya se encuentran en MERCADO y esta es su historia.","og:url":"https:\/\/soymigrante.com\/revista\/lamparas-con-alma-textil-guatemalteca-wikoniq-ya-esta-en-mercado\/","og:image":"https:\/\/soymigrante.com\/revista\/wp-content\/uploads\/2025\/08\/wikoniq-lamparas-emprendimiento-mercado-13.webp","og:image:secure_url":"https:\/\/soymigrante.com\/revista\/wp-content\/uploads\/2025\/08\/wikoniq-lamparas-emprendimiento-mercado-13.webp","og:image:width":1280,"og:image:height":1280,"article:published_time":"2025-08-04T13:00:00+00:00","article:modified_time":"2025-08-04T21:53:54+00:00","article:publisher":"https:\/\/www.facebook.com\/soymigrantecom","twitter:card":"summary_large_image","twitter:site":"@SoyMigrante_com","twitter:title":"Wikoniq crea originales l\u00e1mparas con textiles guatemaltecos","twitter:description":"Wikoniq fabrica l\u00e1mparas artesanales con textiles mayas tejidos en Atitl\u00e1n. Dise\u00f1o industrial y tradici\u00f3n. Ya se encuentran en MERCADO y esta es su historia.","twitter:creator":"@SoyMigrante_com","twitter:image":"https:\/\/soymigrante.com\/revista\/wp-content\/uploads\/2025\/08\/wikoniq-lamparas-emprendimiento-mercado-13.webp"},"aioseo_meta_data":{"post_id":"17010","title":null,"description":"De la lana y el algod\u00f3n a las lustrinas, los huipiles guatemaltecos reflejan la identidad cultural y la creatividad de las tejedoras a lo largo del tiempo.","keywords":null,"keyphrases":{"focus":{"keyphrase":"huipiles","score":91,"analysis":{"keyphraseInTitle":{"score":9,"maxScore":9,"error":0},"keyphraseInDescription":{"score":9,"maxScore":9,"error":0},"keyphraseLength":{"score":9,"maxScore":9,"error":0,"length":1},"keyphraseInURL":{"score":5,"maxScore":5,"error":0},"keyphraseInIntroduction":{"score":9,"maxScore":9,"error":0},"keyphraseInSubHeadings":{"score":3,"maxScore":9,"error":1},"keyphraseInImageAlt":{"score":9,"maxScore":9,"error":0},"keywordDensity":{"type":"best","score":9,"maxScore":9,"error":0}}},"additional":[{"keyphrase":"Guatemala","score":40,"analysis":{"keyphraseInDescription":{"score":3,"maxScore":9,"error":1},"keyphraseLength":{"score":9,"maxScore":9,"error":0,"length":1},"keyphraseInIntroduction":{"score":3,"maxScore":9,"error":1},"keyphraseInImageAlt":{"score":3,"maxScore":9,"error":1},"keywordDensity":{"score":0,"type":"low","maxScore":9,"error":1}}}]},"primary_term":null,"canonical_url":null,"og_title":null,"og_description":null,"og_object_type":"default","og_image_type":"default","og_image_url":null,"og_image_width":null,"og_image_height":null,"og_image_custom_url":null,"og_image_custom_fields":null,"og_video":"","og_custom_url":null,"og_article_section":null,"og_article_tags":null,"twitter_use_og":false,"twitter_card":"default","twitter_image_type":"default","twitter_image_url":null,"twitter_image_custom_url":null,"twitter_image_custom_fields":null,"twitter_title":null,"twitter_description":null,"schema":{"blockGraphs":[],"customGraphs":[],"default":{"data":{"Article":[],"Course":[],"Dataset":[],"FAQPage":[],"Movie":[],"Person":[],"Product":[],"ProductReview":[],"Car":[],"Recipe":[],"Service":[],"SoftwareApplication":[],"WebPage":[]},"graphName":"BlogPosting","isEnabled":true},"graphs":[]},"schema_type":"default","schema_type_options":null,"pillar_content":false,"robots_default":true,"robots_noindex":false,"robots_noarchive":false,"robots_nosnippet":false,"robots_nofollow":false,"robots_noimageindex":false,"robots_noodp":false,"robots_notranslate":false,"robots_max_snippet":"-1","robots_max_videopreview":"-1","robots_max_imagepreview":"large","priority":null,"frequency":"default","local_seo":null,"seo_analyzer_scan_date":"2025-10-09 01:29:30","breadcrumb_settings":null,"limit_modified_date":false,"reviewed_by":null,"open_ai":"{\"title\":{\"suggestions\":[],\"usage\":0},\"description\":{\"suggestions\":[],\"usage\":0}}","ai":null,"created":"2024-12-17 20:55:56","updated":"2026-02-04 18:45:15"},"aioseo_breadcrumb":"<div class=\"aioseo-breadcrumbs\"><span class=\"aioseo-breadcrumb\">\n\t<a href=\"https:\/\/soymigrante.com\/revista\" title=\"Home\">Home<\/a>\n<\/span><span class=\"aioseo-breadcrumb-separator\">\u00bb<\/span><span class=\"aioseo-breadcrumb\">\n\t<a href=\"https:\/\/soymigrante.com\/revista\/category\/guate-nuestra\/\" title=\"Guate Nuestra\">Guate Nuestra<\/a>\n<\/span><span class=\"aioseo-breadcrumb-separator\">\u00bb<\/span><span class=\"aioseo-breadcrumb\">\n\tMucho m\u00e1s que una prenda, un s\u00edmbolo cultural: los huipiles guatemaltecos\n<\/span><\/div>","aioseo_breadcrumb_json":[{"label":"Home","link":"https:\/\/soymigrante.com\/revista"},{"label":"Guate Nuestra","link":"https:\/\/soymigrante.com\/revista\/category\/guate-nuestra\/"},{"label":"Mucho m\u00e1s que una prenda, un s\u00edmbolo cultural: los huipiles guatemaltecos","link":"https:\/\/soymigrante.com\/revista\/mucho-mas-que-una-prenda-un-simbolo-cultural-los-huipiles-guatemaltecos\/"}],"_links":{"self":[{"href":"https:\/\/soymigrante.com\/revista\/wp-json\/wp\/v2\/posts\/17010","targetHints":{"allow":["GET"]}}],"collection":[{"href":"https:\/\/soymigrante.com\/revista\/wp-json\/wp\/v2\/posts"}],"about":[{"href":"https:\/\/soymigrante.com\/revista\/wp-json\/wp\/v2\/types\/post"}],"author":[{"embeddable":true,"href":"https:\/\/soymigrante.com\/revista\/wp-json\/wp\/v2\/users\/19"}],"replies":[{"embeddable":true,"href":"https:\/\/soymigrante.com\/revista\/wp-json\/wp\/v2\/comments?post=17010"}],"version-history":[{"count":0,"href":"https:\/\/soymigrante.com\/revista\/wp-json\/wp\/v2\/posts\/17010\/revisions"}],"wp:featuredmedia":[{"embeddable":true,"href":"https:\/\/soymigrante.com\/revista\/wp-json\/wp\/v2\/media\/2162"}],"wp:attachment":[{"href":"https:\/\/soymigrante.com\/revista\/wp-json\/wp\/v2\/media?parent=17010"}],"wp:term":[{"taxonomy":"category","embeddable":true,"href":"https:\/\/soymigrante.com\/revista\/wp-json\/wp\/v2\/categories?post=17010"},{"taxonomy":"post_tag","embeddable":true,"href":"https:\/\/soymigrante.com\/revista\/wp-json\/wp\/v2\/tags?post=17010"}],"curies":[{"name":"wp","href":"https:\/\/api.w.org\/{rel}","templated":true}]}}