{"id":1695,"date":"2023-06-30T21:10:40","date_gmt":"2023-06-30T21:10:40","guid":{"rendered":"https:\/\/soymigrante.com\/revista\/?p=1695"},"modified":"2024-11-01T14:59:34","modified_gmt":"2024-11-01T20:59:34","slug":"ervin-hernandez-migrante-emprendedor-guatemalteco","status":"publish","type":"post","link":"https:\/\/soymigrante.com\/revista\/ervin-hernandez-migrante-emprendedor-guatemalteco\/","title":{"rendered":"Migrante y emprendedor Ervin Hern\u00e1ndez invierte en Guatemala"},"content":{"rendered":"\t\t<div data-elementor-type=\"wp-post\" data-elementor-id=\"1695\" class=\"elementor elementor-1695\" data-elementor-post-type=\"post\">\n\t\t\t\t\t\t<section data-particle_enable=\"false\" data-particle-mobile-disabled=\"false\" class=\"elementor-section elementor-top-section elementor-element elementor-element-0a528c1 elementor-section-boxed elementor-section-height-default elementor-section-height-default\" data-id=\"0a528c1\" data-element_type=\"section\" data-e-type=\"section\">\n\t\t\t\t\t\t<div class=\"elementor-container elementor-column-gap-default\">\n\t\t\t\t\t<div class=\"elementor-column elementor-col-100 elementor-top-column elementor-element elementor-element-8ae7055\" data-id=\"8ae7055\" data-element_type=\"column\" data-e-type=\"column\">\n\t\t\t<div class=\"elementor-widget-wrap elementor-element-populated\">\n\t\t\t\t\t\t<div class=\"elementor-element elementor-element-f028e4f elementor-widget elementor-widget-heading\" data-id=\"f028e4f\" data-element_type=\"widget\" data-e-type=\"widget\" data-widget_type=\"heading.default\">\n\t\t\t\t\t<h1 class=\"elementor-heading-title elementor-size-default\">Su \u00e9xito profesional como ingeniero en Estados Unidos no le impide buscar la manera de generar oportunidades laborales y de negocio en su pa\u00eds, de donde migr\u00f3 a los 14 a\u00f1os.<\/h1>\t\t\t\t<\/div>\n\t\t\t\t\t<\/div>\n\t\t<\/div>\n\t\t\t\t\t<\/div>\n\t\t<\/section>\n\t\t\t\t<section data-particle_enable=\"false\" data-particle-mobile-disabled=\"false\" class=\"elementor-section elementor-top-section elementor-element elementor-element-8a76b19 elementor-section-boxed elementor-section-height-default elementor-section-height-default\" data-id=\"8a76b19\" data-element_type=\"section\" data-e-type=\"section\">\n\t\t\t\t\t\t<div class=\"elementor-container elementor-column-gap-default\">\n\t\t\t\t\t<div class=\"elementor-column elementor-col-100 elementor-top-column elementor-element elementor-element-39e7a40\" data-id=\"39e7a40\" data-element_type=\"column\" data-e-type=\"column\">\n\t\t\t<div class=\"elementor-widget-wrap elementor-element-populated\">\n\t\t\t\t\t\t<div class=\"elementor-element elementor-element-961ace7 elementor-widget elementor-widget-text-editor\" data-id=\"961ace7\" data-element_type=\"widget\" data-e-type=\"widget\" data-widget_type=\"text-editor.default\">\n\t\t\t\t\t\t\t\t\t<p>Exquisito sabor comprobado. Un men\u00fa estilo americano que integra desde hamburguesas hasta tacos, sin faltar los filetes bien asados o pizzas con toque artesanal. Es la mezcla gastron\u00f3mica del restaurante Celestia,\u00a0 recientemente reinaugurado por el migrante guatemalteco Ervin Hern\u00e1ndez para generar oportunidades en Guatemala.\u00a0A los 14 a\u00f1os de edad tuvo que irse.<\/p>\t\t\t\t\t\t\t\t<\/div>\n\t\t\t\t\t<\/div>\n\t\t<\/div>\n\t\t\t\t\t<\/div>\n\t\t<\/section>\n\t\t\t\t<section data-particle_enable=\"false\" data-particle-mobile-disabled=\"false\" class=\"elementor-section elementor-top-section elementor-element elementor-element-f405312 elementor-section-boxed elementor-section-height-default elementor-section-height-default\" data-id=\"f405312\" data-element_type=\"section\" data-e-type=\"section\">\n\t\t\t\t\t\t<div class=\"elementor-container elementor-column-gap-default\">\n\t\t\t\t\t<div class=\"elementor-column elementor-col-100 elementor-top-column elementor-element elementor-element-9e40f6a\" data-id=\"9e40f6a\" data-element_type=\"column\" data-e-type=\"column\">\n\t\t\t<div class=\"elementor-widget-wrap elementor-element-populated\">\n\t\t\t\t\t\t<div class=\"elementor-element elementor-element-e8b8af2 elementor-widget elementor-widget-image\" data-id=\"e8b8af2\" data-element_type=\"widget\" data-e-type=\"widget\" data-widget_type=\"image.default\">\n\t\t\t\t\t\t\t\t\t\t\t\t<figure class=\"wp-caption\">\n\t\t\t\t\t\t\t\t\t\t<img fetchpriority=\"high\" decoding=\"async\" width=\"768\" height=\"574\" src=\"https:\/\/soymigrante.com\/revista\/wp-content\/uploads\/2023\/06\/MIgrante-Ervin-Hernandez-1024x765.webp\" class=\"attachment-large size-large wp-image-1697\" alt=\"Ervin Hern\u00e1ndez se march\u00f3 en 1992 y recientemente lanz\u00f3 su restaurante, Celestia, en carretera a El Salvador, ciudad de Guatemala. Fotograf\u00eda: G. Montenegro\" srcset=\"https:\/\/soymigrante.com\/revista\/wp-content\/uploads\/2023\/06\/MIgrante-Ervin-Hernandez-1024x765.webp 1024w, https:\/\/soymigrante.com\/revista\/wp-content\/uploads\/2023\/06\/MIgrante-Ervin-Hernandez-300x224.webp 300w, https:\/\/soymigrante.com\/revista\/wp-content\/uploads\/2023\/06\/MIgrante-Ervin-Hernandez-768x574.webp 768w, https:\/\/soymigrante.com\/revista\/wp-content\/uploads\/2023\/06\/MIgrante-Ervin-Hernandez-750x561.webp 750w, https:\/\/soymigrante.com\/revista\/wp-content\/uploads\/2023\/06\/MIgrante-Ervin-Hernandez-1140x852.webp 1140w, https:\/\/soymigrante.com\/revista\/wp-content\/uploads\/2023\/06\/MIgrante-Ervin-Hernandez.webp 1255w\" sizes=\"(max-width: 768px) 100vw, 768px\" title=\"Ervin Hern\u00e1ndez se march\u00f3 en 1992 y recientemente lanz\u00f3 su restaurante, Celestia, en carretera a El Salvador, ciudad de Guatemala. Fotograf\u00eda: G. Montenegro \u2013 SoyMigrante.com REVISTA\" \/>\t\t\t\t\t\t\t\t\t\t\t<figcaption class=\"widget-image-caption wp-caption-text\">Ervin Hern\u00e1ndez se march\u00f3 en 1992 y recientemente lanz\u00f3 su restaurante, Celestia, en carretera a El Salvador, ciudad de Guatemala. Fotograf\u00eda: G. Montenegro<\/figcaption>\n\t\t\t\t\t\t\t\t\t\t<\/figure>\n\t\t\t\t\t\t\t\t\t<\/div>\n\t\t\t\t\t<\/div>\n\t\t<\/div>\n\t\t\t\t\t<\/div>\n\t\t<\/section>\n\t\t\t\t<section data-particle_enable=\"false\" data-particle-mobile-disabled=\"false\" class=\"elementor-section elementor-top-section elementor-element elementor-element-b0f6bb9 elementor-section-boxed elementor-section-height-default elementor-section-height-default\" data-id=\"b0f6bb9\" data-element_type=\"section\" data-e-type=\"section\">\n\t\t\t\t\t\t<div class=\"elementor-container elementor-column-gap-default\">\n\t\t\t\t\t<div class=\"elementor-column elementor-col-100 elementor-top-column elementor-element elementor-element-ae4c68c\" data-id=\"ae4c68c\" data-element_type=\"column\" data-e-type=\"column\">\n\t\t\t<div class=\"elementor-widget-wrap elementor-element-populated\">\n\t\t\t\t\t\t<div class=\"elementor-element elementor-element-dfcf50b elementor-widget elementor-widget-heading\" data-id=\"dfcf50b\" data-element_type=\"widget\" data-e-type=\"widget\" data-widget_type=\"heading.default\">\n\t\t\t\t\t<h2 class=\"elementor-heading-title elementor-size-default\">De un barrio a migrante en una gran urbe<\/h2>\t\t\t\t<\/div>\n\t\t\t\t\t<\/div>\n\t\t<\/div>\n\t\t\t\t\t<\/div>\n\t\t<\/section>\n\t\t\t\t<section data-particle_enable=\"false\" data-particle-mobile-disabled=\"false\" class=\"elementor-section elementor-top-section elementor-element elementor-element-2982175 elementor-section-boxed elementor-section-height-default elementor-section-height-default\" data-id=\"2982175\" data-element_type=\"section\" data-e-type=\"section\">\n\t\t\t\t\t\t<div class=\"elementor-container elementor-column-gap-default\">\n\t\t\t\t\t<div class=\"elementor-column elementor-col-100 elementor-top-column elementor-element elementor-element-96381fe\" data-id=\"96381fe\" data-element_type=\"column\" data-e-type=\"column\">\n\t\t\t<div class=\"elementor-widget-wrap elementor-element-populated\">\n\t\t\t\t\t\t<div class=\"elementor-element elementor-element-16b718a elementor-widget elementor-widget-text-editor\" data-id=\"16b718a\" data-element_type=\"widget\" data-e-type=\"widget\" data-widget_type=\"text-editor.default\">\n\t\t\t\t\t\t\t\t\t<p>Ervin naci\u00f3 en la zona 21. La colonia Bellos Horizontes vio sus pasos de estudiante de primaria, las chamuscas de futbol y las tardes de pl\u00e1ticas con los amigos de la cuadra.\u00a0<span style=\"color: var( --e-global-color-text ); background-color: var(--ak-bg-color);\">Todo eso dio un giro en 1992, cuando ten\u00eda 14 a\u00f1os: su padre logr\u00f3 la legalizaci\u00f3n en Estados Unidos y tuvo que irse a vivir, inicialmente a Nueva York y despu\u00e9s a Nueva Jersey: un nuevo y duro comienzo. \u00bfC\u00f3mo lleg\u00f3 de eso a abrir el restaurante?<\/span><\/p><p>\u201cDesde los 2 a\u00f1os crec\u00ed sin mi pap\u00e1. Me cri\u00e9 m\u00e1s con mi madre, mi hermano mayor y mi hermana. Mi pap\u00e1, Edgar Hern\u00e1ndez, trabajaba en Estados Unidos, pero al ser ciudadano, nos mand\u00f3 traer. Mi mam\u00e1 se llama Odilia Mart\u00ednez\u201d.<\/p>\t\t\t\t\t\t\t\t<\/div>\n\t\t\t\t\t<\/div>\n\t\t<\/div>\n\t\t\t\t\t<\/div>\n\t\t<\/section>\n\t\t\t\t<section data-particle_enable=\"false\" data-particle-mobile-disabled=\"false\" class=\"elementor-section elementor-top-section elementor-element elementor-element-5ce1d3a elementor-section-boxed elementor-section-height-default elementor-section-height-default\" data-id=\"5ce1d3a\" data-element_type=\"section\" data-e-type=\"section\">\n\t\t\t\t\t\t<div class=\"elementor-container elementor-column-gap-default\">\n\t\t\t\t\t<div class=\"elementor-column elementor-col-100 elementor-top-column elementor-element elementor-element-4b54027\" data-id=\"4b54027\" data-element_type=\"column\" data-e-type=\"column\">\n\t\t\t<div class=\"elementor-widget-wrap elementor-element-populated\">\n\t\t\t\t\t\t<div class=\"elementor-element elementor-element-8265686 elementor-widget elementor-widget-image\" data-id=\"8265686\" data-element_type=\"widget\" data-e-type=\"widget\" data-widget_type=\"image.default\">\n\t\t\t\t\t\t\t\t\t\t\t\t<figure class=\"wp-caption\">\n\t\t\t\t\t\t\t\t\t\t<img decoding=\"async\" width=\"768\" height=\"242\" src=\"https:\/\/soymigrante.com\/revista\/wp-content\/uploads\/2023\/06\/Rutgers-1024x322.webp\" class=\"attachment-large size-large wp-image-1698\" alt=\"Ervin estudi\u00f3 ingenier\u00eda mec\u00e1nica en la Universidad Rutgers, de Nueva Jersey.\" srcset=\"https:\/\/soymigrante.com\/revista\/wp-content\/uploads\/2023\/06\/Rutgers-1024x322.webp 1024w, https:\/\/soymigrante.com\/revista\/wp-content\/uploads\/2023\/06\/Rutgers-300x94.webp 300w, https:\/\/soymigrante.com\/revista\/wp-content\/uploads\/2023\/06\/Rutgers-768x242.webp 768w, https:\/\/soymigrante.com\/revista\/wp-content\/uploads\/2023\/06\/Rutgers-750x236.webp 750w, https:\/\/soymigrante.com\/revista\/wp-content\/uploads\/2023\/06\/Rutgers-1140x358.webp 1140w, https:\/\/soymigrante.com\/revista\/wp-content\/uploads\/2023\/06\/Rutgers.webp 1536w\" sizes=\"(max-width: 768px) 100vw, 768px\" title=\"Ervin estudi\u00f3 ingenier\u00eda mec\u00e1nica en la Universidad Rutgers, de Nueva Jersey. \u2013 SoyMigrante.com REVISTA\" \/>\t\t\t\t\t\t\t\t\t\t\t<figcaption class=\"widget-image-caption wp-caption-text\">Ervin estudi\u00f3 ingenier\u00eda mec\u00e1nica en la Universidad Rutgers, de Nueva Jersey.<\/figcaption>\n\t\t\t\t\t\t\t\t\t\t<\/figure>\n\t\t\t\t\t\t\t\t\t<\/div>\n\t\t\t\t\t<\/div>\n\t\t<\/div>\n\t\t\t\t\t<\/div>\n\t\t<\/section>\n\t\t\t\t<section data-particle_enable=\"false\" data-particle-mobile-disabled=\"false\" class=\"elementor-section elementor-top-section elementor-element elementor-element-575e639 elementor-section-boxed elementor-section-height-default elementor-section-height-default\" data-id=\"575e639\" data-element_type=\"section\" data-e-type=\"section\">\n\t\t\t\t\t\t<div class=\"elementor-container elementor-column-gap-default\">\n\t\t\t\t\t<div class=\"elementor-column elementor-col-100 elementor-top-column elementor-element elementor-element-a463446\" data-id=\"a463446\" data-element_type=\"column\" data-e-type=\"column\">\n\t\t\t<div class=\"elementor-widget-wrap elementor-element-populated\">\n\t\t\t\t\t\t<div class=\"elementor-element elementor-element-a379be3 elementor-widget elementor-widget-heading\" data-id=\"a379be3\" data-element_type=\"widget\" data-e-type=\"widget\" data-widget_type=\"heading.default\">\n\t\t\t\t\t<h2 class=\"elementor-heading-title elementor-size-default\">Retos de la vidamigrante<\/h2>\t\t\t\t<\/div>\n\t\t\t\t\t<\/div>\n\t\t<\/div>\n\t\t\t\t\t<\/div>\n\t\t<\/section>\n\t\t\t\t<section data-particle_enable=\"false\" data-particle-mobile-disabled=\"false\" class=\"elementor-section elementor-top-section elementor-element elementor-element-b96e733 elementor-section-boxed elementor-section-height-default elementor-section-height-default\" data-id=\"b96e733\" data-element_type=\"section\" data-e-type=\"section\">\n\t\t\t\t\t\t<div class=\"elementor-container elementor-column-gap-default\">\n\t\t\t\t\t<div class=\"elementor-column elementor-col-100 elementor-top-column elementor-element elementor-element-3ee70c5\" data-id=\"3ee70c5\" data-element_type=\"column\" data-e-type=\"column\">\n\t\t\t<div class=\"elementor-widget-wrap elementor-element-populated\">\n\t\t\t\t\t\t<div class=\"elementor-element elementor-element-83f5929 elementor-widget elementor-widget-text-editor\" data-id=\"83f5929\" data-element_type=\"widget\" data-e-type=\"widget\" data-widget_type=\"text-editor.default\">\n\t\t\t\t\t\t\t\t\t<p><span style=\"background-color: var(--ak-bg-color);\">El choque cultural fue inmediato: la mayor parte del tiempo era encierro, sin amigos. \u201cTamp\u00f3co pod\u00eda hablar ingl\u00e9s, era todo un comenzar de cero. Me empec\u00e9 a relacionar con puro hispano, pero no necesariamente eran buenas compa\u00f1\u00edas.\u00a0 Incluso las escuelas eran medio ingl\u00e9s medio espa\u00f1ol. No era un ambiente muy sano, la verdad&#8221;.\u00a0<\/span><\/p><p><span style=\"background-color: var(--ak-bg-color); color: var( --e-global-color-text );\">Se trasladaron a Nueva Jersey.\u00a0 Eso cambio todo porque me v\u00ed obligado a aprender ingl\u00e9s, porque la escuela p\u00fablica era full ingl\u00e9s y ya nada de espa\u00f1ol\u201d.\u00a0<\/span><span style=\"color: var( --e-global-color-text ); background-color: var(--ak-bg-color);\">No fue f\u00e1cil. De hecho, le tocaba 10o. grado, pero por no saber ingl\u00e9s lo pusieron en el 9.\u00a0<\/span><\/p><p><span style=\"color: var( --e-global-color-text ); background-color: var(--ak-bg-color);\">\u201cMe hicieron un favor, porque tuve que aprender a pura fuerza y me sirvi\u00f3 de nivelaci\u00f3n. Pero hab\u00eda algo en lo que s\u00ed era muy bueno: la matem\u00e1tica. Llevaba un buen nivel matem\u00e1tico desde Guatemala. Y como es un lenguaje universal, empec\u00e9 a avanzar. En el idioma ingl\u00e9s, tenia que usar un diccionario para entender los libros que nos dejaban, pero aprend\u00ed\u201d.<\/span><\/p>\t\t\t\t\t\t\t\t<\/div>\n\t\t\t\t\t<\/div>\n\t\t<\/div>\n\t\t\t\t\t<\/div>\n\t\t<\/section>\n\t\t\t\t<section data-particle_enable=\"false\" data-particle-mobile-disabled=\"false\" class=\"elementor-section elementor-top-section elementor-element elementor-element-f8dfa39 elementor-section-boxed elementor-section-height-default elementor-section-height-default\" data-id=\"f8dfa39\" data-element_type=\"section\" data-e-type=\"section\">\n\t\t\t\t\t\t<div class=\"elementor-container elementor-column-gap-default\">\n\t\t\t\t\t<div class=\"elementor-column elementor-col-100 elementor-top-column elementor-element elementor-element-fc393dc\" data-id=\"fc393dc\" data-element_type=\"column\" data-e-type=\"column\">\n\t\t\t<div class=\"elementor-widget-wrap elementor-element-populated\">\n\t\t\t\t\t\t<div class=\"elementor-element elementor-element-9e45dd0 elementor-widget__width-auto elementor-invisible elementor-widget elementor-widget-testimonial\" data-id=\"9e45dd0\" data-element_type=\"widget\" data-e-type=\"widget\" data-settings=\"{&quot;_animation&quot;:&quot;fadeInUp&quot;}\" data-widget_type=\"testimonial.default\">\n\t\t\t\t\t\t\t<div class=\"elementor-testimonial-wrapper\">\n\t\t\t\t\t\t\t<div class=\"elementor-testimonial-content\">\"En la High School estudiaba de 7 de la ma\u00f1ana a 1 de la tarde. De 1 a 3 entrenaba futbol y de 4 a 7 trabajaba en una farmacia. Aprend\u00ed a valorar el tiempo, el trabajo y tambi\u00e9n el dinero, que se gana con esfuerzo\u201d,<\/div>\n\t\t\t\n\t\t\t\t\t\t<div class=\"elementor-testimonial-meta elementor-has-image elementor-testimonial-image-position-top\">\n\t\t\t\t<div class=\"elementor-testimonial-meta-inner\">\n\t\t\t\t\t\t\t\t\t\t\t<div class=\"elementor-testimonial-image\">\n\t\t\t\t\t\t\t<img decoding=\"async\" width=\"492\" height=\"482\" src=\"https:\/\/soymigrante.com\/revista\/wp-content\/uploads\/2023\/06\/Captura-de-pantalla-2023-06-30-150110.webp\" class=\"attachment-full size-full wp-image-1699\" alt=\"\" title=\"Captura de pantalla 2023-06-30 150110 \u2013 SoyMigrante.com REVISTA\" srcset=\"https:\/\/soymigrante.com\/revista\/wp-content\/uploads\/2023\/06\/Captura-de-pantalla-2023-06-30-150110.webp 492w, https:\/\/soymigrante.com\/revista\/wp-content\/uploads\/2023\/06\/Captura-de-pantalla-2023-06-30-150110-300x294.webp 300w\" sizes=\"(max-width: 492px) 100vw, 492px\" \/>\t\t\t\t\t\t<\/div>\n\t\t\t\t\t\n\t\t\t\t\t\t\t\t\t\t<div class=\"elementor-testimonial-details\">\n\t\t\t\t\t\t\t\t\t\t\t\t\t\t<div class=\"elementor-testimonial-name\">Ervin Hern\u00e1ndez Mart\u00ednez<\/div>\n\t\t\t\t\t\t\t\t\t\t\t\t\t\t\t\t\t\t\t\t\t\t<div class=\"elementor-testimonial-job\">Ingeniero y emprendedor migrante guatemalteco<\/div>\n\t\t\t\t\t\t\t\t\t\t\t\t\t<\/div>\n\t\t\t\t\t\t\t\t\t<\/div>\n\t\t\t<\/div>\n\t\t\t\t\t<\/div>\n\t\t\t\t\t\t<\/div>\n\t\t\t\t\t<\/div>\n\t\t<\/div>\n\t\t\t\t\t<\/div>\n\t\t<\/section>\n\t\t\t\t<section data-particle_enable=\"false\" data-particle-mobile-disabled=\"false\" class=\"elementor-section elementor-top-section elementor-element elementor-element-173fcb7 elementor-section-boxed elementor-section-height-default elementor-section-height-default\" data-id=\"173fcb7\" data-element_type=\"section\" data-e-type=\"section\">\n\t\t\t\t\t\t<div class=\"elementor-container elementor-column-gap-default\">\n\t\t\t\t\t<div class=\"elementor-column elementor-col-100 elementor-top-column elementor-element elementor-element-ca8eb20\" data-id=\"ca8eb20\" data-element_type=\"column\" data-e-type=\"column\">\n\t\t\t<div class=\"elementor-widget-wrap elementor-element-populated\">\n\t\t\t\t\t\t<div class=\"elementor-element elementor-element-5c197b6 elementor-widget elementor-widget-heading\" data-id=\"5c197b6\" data-element_type=\"widget\" data-e-type=\"widget\" data-widget_type=\"heading.default\">\n\t\t\t\t\t<h2 class=\"elementor-heading-title elementor-size-default\">De la mec\u00e1nica a los sistemas, despu\u00e9s a erigir casas y a las telecomunicaciones<\/h2>\t\t\t\t<\/div>\n\t\t\t\t\t<\/div>\n\t\t<\/div>\n\t\t\t\t\t<\/div>\n\t\t<\/section>\n\t\t\t\t<section data-particle_enable=\"false\" data-particle-mobile-disabled=\"false\" class=\"elementor-section elementor-top-section elementor-element elementor-element-3865b44 elementor-section-boxed elementor-section-height-default elementor-section-height-default\" data-id=\"3865b44\" data-element_type=\"section\" data-e-type=\"section\">\n\t\t\t\t\t\t<div class=\"elementor-container elementor-column-gap-default\">\n\t\t\t\t\t<div class=\"elementor-column elementor-col-100 elementor-top-column elementor-element elementor-element-e6a381e\" data-id=\"e6a381e\" data-element_type=\"column\" data-e-type=\"column\">\n\t\t\t<div class=\"elementor-widget-wrap elementor-element-populated\">\n\t\t\t\t\t\t<div class=\"elementor-element elementor-element-732f03e elementor-widget elementor-widget-text-editor\" data-id=\"732f03e\" data-element_type=\"widget\" data-e-type=\"widget\" data-widget_type=\"text-editor.default\">\n\t\t\t\t\t\t\t\t\t<p><span style=\"background-color: var(--ak-bg-color);\">Tras concluir la High School, entr\u00f3 a varias pruebas universitaria. EStudi\u00f3 INgenier\u00eda Mec\u00e1nica en la Universidad Rutgers, en Nueva Jersey. <b>\u201cNo soy un genio, pero me enfoco y me dedico mucho en estudiar. Aprender es mi pasi\u00f3n y me dediqu\u00e9 a las matem\u00e1ticas\u201d.<\/b><\/span><\/p><p>Ten\u00eda tan buenos resultados que eso le hizo pasar por una experiencia inc\u00f3moda pero reveladora: \u201cUna vez en un examen, el promedio del grupo fue 60 y yo saqu\u00e9 95 puntos. Pensaron que hab\u00eda copiado o hecho trampa. Incluso me llevaron con el decano. Cuando vino el siguiente examen, me colocaron en un lugar aislado. El promedio fue 62 y yo saqu\u00e9 94. Pero eso no era resultado de ser m\u00e1s inteligente sino de ser dedicado\u201d.<\/p><p><span style=\"color: var( --e-global-color-text ); background-color: var(--ak-bg-color);\">Ervin nunca trabaj\u00f3 en ingenier\u00eda mec\u00e1nica: se dedic\u00f3 a telecomunicaciones. \u201cNo me gust\u00f3 lo que estudi\u00e9 pero llev\u00e9 la carrera al final. Tendr\u00eda que ver aviones, autos, motores, pero no me preguntes nada de eso. Me gust\u00f3 m\u00e1s redes inform\u00e1ticas, instalar fibra \u00f3ptica, sistemas de comunicaci\u00f3n digital\u201d.<\/span><\/p><p>Por ello ha trabajado con la compa\u00f1\u00eda Verizon en el dise\u00f1o de ingenier\u00eda para extensas redes. Pero su hambre de conocimientos segu\u00eda. \u201cEn una ocasi\u00f3n fui a instalar unas redes en una mansi\u00f3n. Me gust\u00f3 mucho la casa y dije: un d\u00eda tendr\u00e9 una as\u00ed. Dicho y hecho. Compr\u00e9 una casa peque\u00f1a, busqu\u00e9 libros de c\u00e1lculo estructural, cableado de electricidad, la tir\u00e9 y constru\u00ed una m\u00e1s grande\u201d.<\/p>\t\t\t\t\t\t\t\t<\/div>\n\t\t\t\t\t<\/div>\n\t\t<\/div>\n\t\t\t\t\t<\/div>\n\t\t<\/section>\n\t\t\t\t<section data-particle_enable=\"false\" data-particle-mobile-disabled=\"false\" class=\"elementor-section elementor-top-section elementor-element elementor-element-a854d37 elementor-section-boxed elementor-section-height-default elementor-section-height-default\" data-id=\"a854d37\" data-element_type=\"section\" data-e-type=\"section\">\n\t\t\t\t\t\t<div class=\"elementor-container elementor-column-gap-default\">\n\t\t\t\t\t<div class=\"elementor-column elementor-col-100 elementor-top-column elementor-element elementor-element-544c10d\" data-id=\"544c10d\" data-element_type=\"column\" data-e-type=\"column\">\n\t\t\t<div class=\"elementor-widget-wrap elementor-element-populated\">\n\t\t\t\t\t\t<div class=\"elementor-element elementor-element-a0da705 elementor-widget elementor-widget-image\" data-id=\"a0da705\" data-element_type=\"widget\" data-e-type=\"widget\" data-widget_type=\"image.default\">\n\t\t\t\t\t\t\t\t\t\t\t\t<figure class=\"wp-caption\">\n\t\t\t\t\t\t\t\t\t\t<img loading=\"lazy\" decoding=\"async\" width=\"768\" height=\"533\" src=\"https:\/\/soymigrante.com\/revista\/wp-content\/uploads\/2023\/06\/Migrante-guatemalteco-Ervin-Hernandez-1024x710.webp\" class=\"attachment-large size-large wp-image-1700\" alt=\"Celestia es un concepto de restaurante de vecindario, con una mezcla internacional de platillos populares que puedes hallar en un dining de New York o New Jersey, dice Ervin Hern\u00e1ndez, migrante emprendedor.\" srcset=\"https:\/\/soymigrante.com\/revista\/wp-content\/uploads\/2023\/06\/Migrante-guatemalteco-Ervin-Hernandez-1024x710.webp 1024w, https:\/\/soymigrante.com\/revista\/wp-content\/uploads\/2023\/06\/Migrante-guatemalteco-Ervin-Hernandez-300x208.webp 300w, https:\/\/soymigrante.com\/revista\/wp-content\/uploads\/2023\/06\/Migrante-guatemalteco-Ervin-Hernandez-768x532.webp 768w, https:\/\/soymigrante.com\/revista\/wp-content\/uploads\/2023\/06\/Migrante-guatemalteco-Ervin-Hernandez-750x520.webp 750w, https:\/\/soymigrante.com\/revista\/wp-content\/uploads\/2023\/06\/Migrante-guatemalteco-Ervin-Hernandez-1140x790.webp 1140w, https:\/\/soymigrante.com\/revista\/wp-content\/uploads\/2023\/06\/Migrante-guatemalteco-Ervin-Hernandez.webp 1151w\" sizes=\"(max-width: 768px) 100vw, 768px\" title=\"Celestia es un concepto de restaurante de vecindario, con una mezcla internacional de platillos populares que puedes hallar en un dining de New York o New Jersey, dice Ervin Hern\u00e1ndez, migrante emprendedor. \u2013 SoyMigrante.com REVISTA\" \/>\t\t\t\t\t\t\t\t\t\t\t<figcaption class=\"widget-image-caption wp-caption-text\">Celestia es un concepto de restaurante de vecindario, con una mezcla internacional de platillos populares que puedes hallar en un dining de New York o New Jersey, dice Ervin Hern\u00e1ndez, migrante emprendedor.<\/figcaption>\n\t\t\t\t\t\t\t\t\t\t<\/figure>\n\t\t\t\t\t\t\t\t\t<\/div>\n\t\t\t\t\t<\/div>\n\t\t<\/div>\n\t\t\t\t\t<\/div>\n\t\t<\/section>\n\t\t\t\t<section data-particle_enable=\"false\" data-particle-mobile-disabled=\"false\" class=\"elementor-section elementor-top-section elementor-element elementor-element-88c5a82 elementor-section-boxed elementor-section-height-default elementor-section-height-default\" data-id=\"88c5a82\" data-element_type=\"section\" data-e-type=\"section\">\n\t\t\t\t\t\t<div class=\"elementor-container elementor-column-gap-default\">\n\t\t\t\t\t<div class=\"elementor-column elementor-col-100 elementor-top-column elementor-element elementor-element-10ed488\" data-id=\"10ed488\" data-element_type=\"column\" data-e-type=\"column\">\n\t\t\t<div class=\"elementor-widget-wrap elementor-element-populated\">\n\t\t\t\t\t\t<div class=\"elementor-element elementor-element-564d613 elementor-widget elementor-widget-heading\" data-id=\"564d613\" data-element_type=\"widget\" data-e-type=\"widget\" data-widget_type=\"heading.default\">\n\t\t\t\t\t<h2 class=\"elementor-heading-title elementor-size-default\">Nuevo comienzo del migrante en su pa\u00eds natal<\/h2>\t\t\t\t<\/div>\n\t\t\t\t\t<\/div>\n\t\t<\/div>\n\t\t\t\t\t<\/div>\n\t\t<\/section>\n\t\t\t\t<section data-particle_enable=\"false\" data-particle-mobile-disabled=\"false\" class=\"elementor-section elementor-top-section elementor-element elementor-element-e24eb91 elementor-section-boxed elementor-section-height-default elementor-section-height-default\" data-id=\"e24eb91\" data-element_type=\"section\" data-e-type=\"section\">\n\t\t\t\t\t\t<div class=\"elementor-container elementor-column-gap-default\">\n\t\t\t\t\t<div class=\"elementor-column elementor-col-100 elementor-top-column elementor-element elementor-element-6d2eb3b\" data-id=\"6d2eb3b\" data-element_type=\"column\" data-e-type=\"column\">\n\t\t\t<div class=\"elementor-widget-wrap elementor-element-populated\">\n\t\t\t\t\t\t<div class=\"elementor-element elementor-element-5c309ad elementor-widget elementor-widget-text-editor\" data-id=\"5c309ad\" data-element_type=\"widget\" data-e-type=\"widget\" data-widget_type=\"text-editor.default\">\n\t\t\t\t\t\t\t\t\t<p>Le fue tan bien con la construcci\u00f3n de su casa que emprendi\u00f3 una compa\u00f1\u00eda de dicho ramo.\u00a0<span style=\"background-color: var(--ak-bg-color);\">Le fue muy bien. Hasta que lleg\u00f3 la pandemia. Actualmente Ervin est\u00e1 de regreso en el mundo de las telecomunicaciones y tambi\u00e9n decidi\u00f3 emprender en el \u00e1rea de restaurantes, pero en su pa\u00eds.<\/span><\/p><p><span style=\"color: var( --e-global-color-text ); background-color: var(--ak-bg-color);\">\u201c<b>En este mes de junio abrimos Celestia. Es una inversi\u00f3n que hago con fe, espero que le guste a la gente. Nos estamos esmerando mucho en la experiencia de atenci\u00f3n al cliente.\u00a0 Se llama Celestia. Lo trabajo a distancia, porque quiero generar oportunidades laborales en mi pa\u00eds. Queremos crecer, triunfar, vengan a probar. Hay gente muy talentosa y trabajadora, por eso busco crear oportunidades<\/b>\u201d, finaliza.<\/span><\/p><p><span style=\"color: var( --e-global-color-text ); background-color: var(--ak-bg-color);\">El restaurante Celestia est\u00e1 en la Plaza Comercial Santa Rosal\u00eda, carretera a El Salvador.<\/span><\/p>\t\t\t\t\t\t\t\t<\/div>\n\t\t\t\t\t<\/div>\n\t\t<\/div>\n\t\t\t\t\t<\/div>\n\t\t<\/section>\n\t\t\t\t<section data-particle_enable=\"false\" data-particle-mobile-disabled=\"false\" class=\"elementor-section elementor-top-section elementor-element elementor-element-0beb3a5 elementor-section-boxed elementor-section-height-default elementor-section-height-default\" data-id=\"0beb3a5\" data-element_type=\"section\" data-e-type=\"section\">\n\t\t\t\t\t\t<div class=\"elementor-container elementor-column-gap-default\">\n\t\t\t\t\t<div class=\"elementor-column elementor-col-100 elementor-top-column elementor-element elementor-element-8270388\" data-id=\"8270388\" data-element_type=\"column\" data-e-type=\"column\">\n\t\t\t<div class=\"elementor-widget-wrap elementor-element-populated\">\n\t\t\t\t\t\t<div class=\"elementor-element elementor-element-58904bb elementor-widget elementor-widget-image\" data-id=\"58904bb\" data-element_type=\"widget\" data-e-type=\"widget\" data-widget_type=\"image.default\">\n\t\t\t\t\t\t\t\t\t\t\t\t<figure class=\"wp-caption\">\n\t\t\t\t\t\t\t\t\t\t<img loading=\"lazy\" decoding=\"async\" width=\"768\" height=\"528\" src=\"https:\/\/soymigrante.com\/revista\/wp-content\/uploads\/2023\/06\/Captura-de-pantalla-2023-06-30-142628.webp\" class=\"attachment-large size-large wp-image-1701\" alt=\"Ervin est\u00e1 comprometido con brindar un buen servicio y un sabor que invite a regresar.\" srcset=\"https:\/\/soymigrante.com\/revista\/wp-content\/uploads\/2023\/06\/Captura-de-pantalla-2023-06-30-142628.webp 787w, https:\/\/soymigrante.com\/revista\/wp-content\/uploads\/2023\/06\/Captura-de-pantalla-2023-06-30-142628-300x206.webp 300w, https:\/\/soymigrante.com\/revista\/wp-content\/uploads\/2023\/06\/Captura-de-pantalla-2023-06-30-142628-768x528.webp 768w, https:\/\/soymigrante.com\/revista\/wp-content\/uploads\/2023\/06\/Captura-de-pantalla-2023-06-30-142628-750x516.webp 750w\" sizes=\"(max-width: 768px) 100vw, 768px\" title=\"Ervin est\u00e1 comprometido con brindar un buen servicio y un sabor que invite a regresar. \u2013 SoyMigrante.com REVISTA\" \/>\t\t\t\t\t\t\t\t\t\t\t<figcaption class=\"widget-image-caption wp-caption-text\">Ervin est\u00e1 comprometido con brindar un buen servicio y un sabor que invite a regresar.<\/figcaption>\n\t\t\t\t\t\t\t\t\t\t<\/figure>\n\t\t\t\t\t\t\t\t\t<\/div>\n\t\t\t\t\t<\/div>\n\t\t<\/div>\n\t\t\t\t\t<\/div>\n\t\t<\/section>\n\t\t\t\t<section data-particle_enable=\"false\" data-particle-mobile-disabled=\"false\" class=\"elementor-section elementor-top-section elementor-element elementor-element-b5b7f4f elementor-section-boxed elementor-section-height-default elementor-section-height-default\" data-id=\"b5b7f4f\" data-element_type=\"section\" data-e-type=\"section\">\n\t\t\t\t\t\t<div class=\"elementor-container elementor-column-gap-default\">\n\t\t\t\t\t<div class=\"elementor-column elementor-col-100 elementor-top-column elementor-element elementor-element-eddd236\" data-id=\"eddd236\" data-element_type=\"column\" data-e-type=\"column\">\n\t\t\t<div class=\"elementor-widget-wrap elementor-element-populated\">\n\t\t\t\t\t\t<div class=\"elementor-element elementor-element-2e80eee elementor-widget elementor-widget-heading\" data-id=\"2e80eee\" data-element_type=\"widget\" data-e-type=\"widget\" data-widget_type=\"heading.default\">\n\t\t\t\t\t<h2 class=\"elementor-heading-title elementor-size-default\">Algo m\u00e1s que podr\u00eda interesarte...<\/h2>\t\t\t\t<\/div>\n\t\t\t\t\t<\/div>\n\t\t<\/div>\n\t\t\t\t\t<\/div>\n\t\t<\/section>\n\t\t\t\t<section data-particle_enable=\"false\" data-particle-mobile-disabled=\"false\" class=\"elementor-section elementor-top-section elementor-element elementor-element-e7e3c8e elementor-section-boxed elementor-section-height-default elementor-section-height-default\" data-id=\"e7e3c8e\" data-element_type=\"section\" data-e-type=\"section\">\n\t\t\t\t\t\t<div class=\"elementor-container elementor-column-gap-default\">\n\t\t\t\t\t<div class=\"elementor-column elementor-col-100 elementor-top-column elementor-element elementor-element-50f65bc\" data-id=\"50f65bc\" data-element_type=\"column\" data-e-type=\"column\">\n\t\t\t<div class=\"elementor-widget-wrap elementor-element-populated\">\n\t\t\t\t\t\t<div class=\"elementor-element elementor-element-7b99ac8 elementor-invisible elementor-widget elementor-widget-blfe-post-grid\" data-id=\"7b99ac8\" data-element_type=\"widget\" data-e-type=\"widget\" data-settings=\"{&quot;_animation&quot;:&quot;rotateInDownLeft&quot;,&quot;columns&quot;:&quot;3&quot;,&quot;columns_tablet&quot;:&quot;6&quot;,&quot;columns_mobile&quot;:&quot;12&quot;,&quot;classic1_layout_column_gap&quot;:{&quot;unit&quot;:&quot;px&quot;,&quot;size&quot;:30,&quot;sizes&quot;:[]},&quot;classic1_layout_column_gap_tablet&quot;:{&quot;unit&quot;:&quot;px&quot;,&quot;size&quot;:&quot;&quot;,&quot;sizes&quot;:[]},&quot;classic1_layout_column_gap_mobile&quot;:{&quot;unit&quot;:&quot;px&quot;,&quot;size&quot;:&quot;&quot;,&quot;sizes&quot;:[]},&quot;classic1_layout_row_gap&quot;:{&quot;unit&quot;:&quot;px&quot;,&quot;size&quot;:30,&quot;sizes&quot;:[]},&quot;classic1_layout_row_gap_tablet&quot;:{&quot;unit&quot;:&quot;px&quot;,&quot;size&quot;:&quot;&quot;,&quot;sizes&quot;:[]},&quot;classic1_layout_row_gap_mobile&quot;:{&quot;unit&quot;:&quot;px&quot;,&quot;size&quot;:&quot;&quot;,&quot;sizes&quot;:[]}}\" data-widget_type=\"blfe-post-grid.classic1\">\n\t\t\t\t<div class=\"elementor-widget-container\">\n\t\t\t\t\t\n                        <div class=\"blfe-post-grid-container \">\n            \n                <div data-skin=\"classic1\" class=\"blfe-row blfe-posts-inner blfe-classic1 blfe-posts-inner blfe-col-3 blfe-col-tab-6 blfe-col-mob-12     \">\n                            <div class=\"blfe-post-grid-item \">\n            <div class=\"blfe-post-grid-item-inner blfe-modern-zoom\">\n                <a class=\"blfe-post-grid-image\" href=\"https:\/\/soymigrante.com\/revista\/chichicastenango-datos-que-quiza-ya-conocias-o-quiza-no\/\" title=\"Chichicastenango : Datos que quiz\u00e1 ya conoc\u00edas (o quiz\u00e1 no)\" rel=\"nofollow\" target=\"_blank\"><img decoding=\"async\" src=\"https:\/\/soymigrante.com\/revista\/wp-content\/uploads\/2024\/08\/Captura-de-pantalla-2024-08-28-143219.webp\" alt=\"Chichicastenango : Datos que quiz\u00e1 ya conoc\u00edas (o quiz\u00e1 no)\"\/><\/a>                <span class=\"blfe-post-category\"><a href=\"https:\/\/soymigrante.com\/revista\/category\/guate-nuestra\/\">Guate Nuestra<\/a><\/span>                <div class=\"blfe-post-grid-details\">\n                    <div class=\"blfe-post-grid-details-inner\">\n                        <h3 class=\"blfe-post-grid-title\">\n            <a href=\"https:\/\/soymigrante.com\/revista\/chichicastenango-datos-que-quiza-ya-conocias-o-quiza-no\/\" title=\"Chichicastenango : Datos que quiz\u00e1 ya conoc\u00edas (o quiz\u00e1 no)\" rel=\"nofollow\" target=\"_blank\">Chichicastenango : Datos que quiz\u00e1 ya conoc\u00edas (o quiz\u00e1 no)<\/a>\n            <\/h3>                        <p class=\"blfe-post-grid-excerpt\">Chichicastenango est\u00e1 a 145 kil\u00f3metros desde la capital de Guatemala. Fue fundada por poblaci\u00f3n de la antigua capital k&#039;iche&#039; Q\u2019umark&#039;aj...<\/p>                                    <div class=\"blfe-post-grid-meta\">\n                <span class=\"blfe-post-grid-time\"><i class=\"fas fa-book-reader\"><\/i>6 Min read<\/span>            <\/div>\n                                                        <\/div>\n                <\/div>\n\n            <\/div>\n        <\/div>\n                <div class=\"blfe-post-grid-item \">\n            <div class=\"blfe-post-grid-item-inner blfe-modern-zoom\">\n                <a class=\"blfe-post-grid-image\" href=\"https:\/\/soymigrante.com\/revista\/danza-del-venado-leones-y-monos-en-momostenango-se-presenta-solo-cada-2-anos\/\" title=\"Danza del venado, leones y monos en Momostenango se presenta solo cada 2 a\u00f1os\" rel=\"nofollow\" target=\"_blank\"><img decoding=\"async\" src=\"https:\/\/soymigrante.com\/revista\/wp-content\/uploads\/2025\/07\/danza-del-venado-leones-tigres-momostenango-3.webp\" alt=\"Danza del venado, leones y monos en Momostenango se presenta solo cada 2 a\u00f1os\"\/><\/a>                <span class=\"blfe-post-category\"><a href=\"https:\/\/soymigrante.com\/revista\/category\/guate-nuestra\/\">Guate Nuestra<\/a><\/span>                <div class=\"blfe-post-grid-details\">\n                    <div class=\"blfe-post-grid-details-inner\">\n                        <h3 class=\"blfe-post-grid-title\">\n            <a href=\"https:\/\/soymigrante.com\/revista\/danza-del-venado-leones-y-monos-en-momostenango-se-presenta-solo-cada-2-anos\/\" title=\"Danza del venado, leones y monos en Momostenango se presenta solo cada 2 a\u00f1os\" rel=\"nofollow\" target=\"_blank\">Danza del venado, leones y monos en Momostenango se presenta solo cada 2 a\u00f1os<\/a>\n            <\/h3>                        <p class=\"blfe-post-grid-excerpt\">Magn\u00edfica y deslumbrante danza ritual maya k&#039;iche de Momostenango, Totonicap\u00e1n solo se presenta cada dos a\u00f1os. M\u00e1s all\u00e1 de su...<\/p>                                    <div class=\"blfe-post-grid-meta\">\n                <span class=\"blfe-post-grid-time\"><i class=\"fas fa-book-reader\"><\/i>5 Min read<\/span>            <\/div>\n                                                        <\/div>\n                <\/div>\n\n            <\/div>\n        <\/div>\n                <div class=\"blfe-post-grid-item \">\n            <div class=\"blfe-post-grid-item-inner blfe-modern-zoom\">\n                <a class=\"blfe-post-grid-image\" href=\"https:\/\/soymigrante.com\/revista\/cumbre-migratoria-religiosa-2024-se-celebra-en-guatemala\/\" title=\"Cumbre Migratoria Religiosa 2024 se celebra en Guatemala\" rel=\"nofollow\" target=\"_blank\"><img decoding=\"async\" src=\"https:\/\/soymigrante.com\/revista\/wp-content\/uploads\/2024\/09\/inmigracion-1-scaled.webp\" alt=\"Cumbre Migratoria Religiosa 2024 se celebra en Guatemala\"\/><\/a>                <span class=\"blfe-post-category\"><a href=\"https:\/\/soymigrante.com\/revista\/category\/estamos-unidos\/\">Estamos Unidos<\/a><\/span>                <div class=\"blfe-post-grid-details\">\n                    <div class=\"blfe-post-grid-details-inner\">\n                        <h3 class=\"blfe-post-grid-title\">\n            <a href=\"https:\/\/soymigrante.com\/revista\/cumbre-migratoria-religiosa-2024-se-celebra-en-guatemala\/\" title=\"Cumbre Migratoria Religiosa 2024 se celebra en Guatemala\" rel=\"nofollow\" target=\"_blank\">Cumbre Migratoria Religiosa 2024 se celebra en Guatemala<\/a>\n            <\/h3>                        <p class=\"blfe-post-grid-excerpt\">Guatemala ser\u00e1 sede de la Cumbre Migratoria Internacional Religiosa: Todos somos Am\u00e9rica, este pr\u00f3ximo 24 y 25 de octumbre, la...<\/p>                                    <div class=\"blfe-post-grid-meta\">\n                <span class=\"blfe-post-grid-time\"><i class=\"fas fa-book-reader\"><\/i>4 Min read<\/span>            <\/div>\n                                                        <\/div>\n                <\/div>\n\n            <\/div>\n        <\/div>\n                        <\/div>\n\n                        <\/div>\n            \n                        <div class=\"blfe-post-footer\">\n                        <\/div>\n            \t\t\t\t<\/div>\n\t\t\t\t<\/div>\n\t\t\t\t\t<\/div>\n\t\t<\/div>\n\t\t\t\t\t<\/div>\n\t\t<\/section>\n\t\t\t\t<\/div>\n\t\t","protected":false},"excerpt":{"rendered":"<p>Su \u00e9xito profesional como ingeniero en Estados Unidos no le impide buscar la manera de generar oportunidades laborales y de negocio en su pa\u00eds, de donde migr\u00f3 a los 14 a\u00f1os. Exquisito sabor comprobado. Un men\u00fa estilo americano que integra desde hamburguesas hasta tacos, sin faltar los filetes bien asados o pizzas con toque artesanal. [&hellip;]<\/p>\n","protected":false},"author":7,"featured_media":1697,"comment_status":"open","ping_status":"open","sticky":false,"template":"","format":"standard","meta":{"_acf_changed":false,"_eb_attr":"","footnotes":""},"categories":[50],"tags":[],"class_list":["post-1695","post","type-post","status-publish","format-standard","has-post-thumbnail","hentry","category-exitos"],"acf":[],"aioseo_notices":[],"aioseo_head":"\n\t\t<!-- All in One SEO Pro 4.9.6.2 - aioseo.com -->\n\t<meta name=\"description\" content=\"Encuentro lleva por t\u00edtulo Todos somos Am\u00e9rica y reune a l\u00edderes migrantes y expertos guatemaltecos para dialogar sobre el fen\u00f3meno migratorio y su impacto.\" \/>\n\t<meta name=\"robots\" content=\"max-snippet:-1, max-image-preview:large, max-video-preview:-1\" \/>\n\t<meta name=\"author\" content=\"Beatriz Tercero\"\/>\n\t<link rel=\"canonical\" href=\"https:\/\/soymigrante.com\/revista\/cumbre-migratoria-religiosa-2024-se-celebra-en-guatemala\/\" \/>\n\t<meta name=\"generator\" content=\"All in One SEO Pro (AIOSEO) 4.9.6.2\" \/>\n\n\t\t<link rel=\"preconnect\" href=\"https:\/\/fonts.googleapis.com\" crossorigin>\n<link rel=\"preconnect\" href=\"https:\/\/fonts.gstatic.com\" crossorigin>\n\t\t<meta property=\"og:locale\" content=\"es_ES\" \/>\n\t\t<meta property=\"og:site_name\" content=\"SoyMigrante.com REVISTA \u2013 Nuestra misi\u00f3n es reconocer y dignificar al migrante.\" \/>\n\t\t<meta property=\"og:type\" content=\"article\" \/>\n\t\t<meta property=\"og:title\" content=\"Cumbre Migratoria Religiosa 2024 se celebra en Guatemala\" \/>\n\t\t<meta property=\"og:description\" content=\"Encuentro lleva por t\u00edtulo Todos somos Am\u00e9rica y reune a l\u00edderes migrantes y expertos guatemaltecos para dialogar sobre el fen\u00f3meno migratorio y su impacto.\" \/>\n\t\t<meta property=\"og:url\" content=\"https:\/\/soymigrante.com\/revista\/cumbre-migratoria-religiosa-2024-se-celebra-en-guatemala\/\" \/>\n\t\t<meta property=\"og:image\" content=\"https:\/\/soymigrante.com\/revista\/wp-content\/uploads\/2024\/09\/inmigracion-1-scaled.webp\" \/>\n\t\t<meta property=\"og:image:secure_url\" content=\"https:\/\/soymigrante.com\/revista\/wp-content\/uploads\/2024\/09\/inmigracion-1-scaled.webp\" \/>\n\t\t<meta property=\"og:image:width\" content=\"1920\" \/>\n\t\t<meta property=\"og:image:height\" content=\"1920\" \/>\n\t\t<meta property=\"article:published_time\" content=\"2024-10-23T22:37:00+00:00\" \/>\n\t\t<meta property=\"article:modified_time\" content=\"2024-10-23T22:37:33+00:00\" \/>\n\t\t<meta property=\"article:publisher\" content=\"https:\/\/www.facebook.com\/soymigrantecom\" \/>\n\t\t<meta name=\"twitter:card\" content=\"summary_large_image\" \/>\n\t\t<meta name=\"twitter:site\" content=\"@SoyMigrante_com\" \/>\n\t\t<meta name=\"twitter:title\" content=\"Cumbre Migratoria Religiosa 2024 se celebra en Guatemala\" \/>\n\t\t<meta name=\"twitter:description\" content=\"Encuentro lleva por t\u00edtulo Todos somos Am\u00e9rica y reune a l\u00edderes migrantes y expertos guatemaltecos para dialogar sobre el fen\u00f3meno migratorio y su impacto.\" \/>\n\t\t<meta name=\"twitter:creator\" content=\"@SoyMigrante_com\" \/>\n\t\t<meta name=\"twitter:image\" content=\"https:\/\/soymigrante.com\/revista\/wp-content\/uploads\/2024\/09\/inmigracion-1-scaled.webp\" \/>\n\t\t<!-- All in One SEO Pro -->\r\n\t\t<title>Cumbre Migratoria Religiosa 2024 se celebra en Guatemala<\/title>\n\n","aioseo_head_json":{"title":"Cumbre Migratoria Religiosa 2024 se celebra en Guatemala","description":"Encuentro lleva por t\u00edtulo Todos somos Am\u00e9rica y reune a l\u00edderes migrantes y expertos guatemaltecos para dialogar sobre el fen\u00f3meno migratorio y su impacto.","canonical_url":"https:\/\/soymigrante.com\/revista\/cumbre-migratoria-religiosa-2024-se-celebra-en-guatemala\/","robots":"max-snippet:-1, max-image-preview:large, max-video-preview:-1","keywords":"","webmasterTools":{"miscellaneous":"&lt;link rel=\"preconnect\" href=\"https:\/\/fonts.googleapis.com\" crossorigin&gt;\n&lt;link rel=\"preconnect\" href=\"https:\/\/fonts.gstatic.com\" crossorigin&gt;"},"schema":null,"og:locale":"es_ES","og:site_name":"SoyMigrante.com REVISTA \u2013 Nuestra misi\u00f3n es reconocer y dignificar al migrante.","og:type":"article","og:title":"Cumbre Migratoria Religiosa 2024 se celebra en Guatemala","og:description":"Encuentro lleva por t\u00edtulo Todos somos Am\u00e9rica y reune a l\u00edderes migrantes y expertos guatemaltecos para dialogar sobre el fen\u00f3meno migratorio y su impacto.","og:url":"https:\/\/soymigrante.com\/revista\/cumbre-migratoria-religiosa-2024-se-celebra-en-guatemala\/","og:image":"https:\/\/soymigrante.com\/revista\/wp-content\/uploads\/2024\/09\/inmigracion-1-scaled.webp","og:image:secure_url":"https:\/\/soymigrante.com\/revista\/wp-content\/uploads\/2024\/09\/inmigracion-1-scaled.webp","og:image:width":1920,"og:image:height":1920,"article:published_time":"2024-10-23T22:37:00+00:00","article:modified_time":"2024-10-23T22:37:33+00:00","article:publisher":"https:\/\/www.facebook.com\/soymigrantecom","twitter:card":"summary_large_image","twitter:site":"@SoyMigrante_com","twitter:title":"Cumbre Migratoria Religiosa 2024 se celebra en Guatemala","twitter:description":"Encuentro lleva por t\u00edtulo Todos somos Am\u00e9rica y reune a l\u00edderes migrantes y expertos guatemaltecos para dialogar sobre el fen\u00f3meno migratorio y su impacto.","twitter:creator":"@SoyMigrante_com","twitter:image":"https:\/\/soymigrante.com\/revista\/wp-content\/uploads\/2024\/09\/inmigracion-1-scaled.webp"},"aioseo_meta_data":{"post_id":"1695","title":null,"description":"Ervin Hern\u00e1ndez, migrante guatemalteco, triunfa en EE.UU. y regresa para invertir en su pa\u00eds con el restaurante Celestia. Descubre su inspiradora historia.","keywords":[],"keyphrases":{"focus":{"keyphrase":"Migrante","score":100,"analysis":{"keyphraseInTitle":{"score":9,"maxScore":9,"error":0},"keyphraseInDescription":{"score":9,"maxScore":9,"error":0},"keyphraseLength":{"score":9,"maxScore":9,"error":0,"length":1},"keyphraseInURL":{"score":5,"maxScore":5,"error":0},"keyphraseInIntroduction":{"score":9,"maxScore":9,"error":0},"keyphraseInSubHeadings":{"score":9,"maxScore":9,"error":0},"keyphraseInImageAlt":{"score":9,"maxScore":9,"error":0},"keywordDensity":{"type":"best","score":9,"maxScore":9,"error":0}}},"additional":[]},"primary_term":null,"canonical_url":null,"og_title":null,"og_description":null,"og_object_type":"default","og_image_type":"default","og_image_url":null,"og_image_width":null,"og_image_height":null,"og_image_custom_url":null,"og_image_custom_fields":null,"og_video":"","og_custom_url":null,"og_article_section":null,"og_article_tags":[],"twitter_use_og":false,"twitter_card":"default","twitter_image_type":"default","twitter_image_url":null,"twitter_image_custom_url":null,"twitter_image_custom_fields":null,"twitter_title":null,"twitter_description":null,"schema":{"blockGraphs":[],"customGraphs":[],"default":{"data":{"Article":[],"Course":[],"Dataset":[],"FAQPage":[],"Movie":[],"Person":[],"Product":[],"ProductReview":[],"Car":[],"Recipe":[],"Service":[],"SoftwareApplication":[],"WebPage":[]},"graphName":"BlogPosting","isEnabled":true},"graphs":[]},"schema_type":"default","schema_type_options":null,"pillar_content":false,"robots_default":true,"robots_noindex":false,"robots_noarchive":false,"robots_nosnippet":false,"robots_nofollow":false,"robots_noimageindex":false,"robots_noodp":false,"robots_notranslate":false,"robots_max_snippet":"-1","robots_max_videopreview":"-1","robots_max_imagepreview":"large","priority":null,"frequency":"default","local_seo":null,"seo_analyzer_scan_date":"2025-10-08 20:01:14","breadcrumb_settings":null,"limit_modified_date":false,"reviewed_by":null,"open_ai":null,"ai":null,"created":"2023-08-18 14:05:33","updated":"2026-02-04 04:59:14"},"aioseo_breadcrumb":"<div class=\"aioseo-breadcrumbs\"><span class=\"aioseo-breadcrumb\">\n\t<a href=\"https:\/\/soymigrante.com\/revista\" title=\"Home\">Home<\/a>\n<\/span><span class=\"aioseo-breadcrumb-separator\">\u00bb<\/span><span class=\"aioseo-breadcrumb\">\n\t<a href=\"https:\/\/soymigrante.com\/revista\/category\/exitos\/\" title=\"\u00c9xitos\">\u00c9xitos<\/a>\n<\/span><span class=\"aioseo-breadcrumb-separator\">\u00bb<\/span><span class=\"aioseo-breadcrumb\">\n\tMigrante y emprendedor Ervin Hern\u00e1ndez invierte en Guatemala\n<\/span><\/div>","aioseo_breadcrumb_json":[{"label":"Home","link":"https:\/\/soymigrante.com\/revista"},{"label":"\u00c9xitos","link":"https:\/\/soymigrante.com\/revista\/category\/exitos\/"},{"label":"Migrante y emprendedor Ervin Hern\u00e1ndez invierte en Guatemala","link":"https:\/\/soymigrante.com\/revista\/ervin-hernandez-migrante-emprendedor-guatemalteco\/"}],"_links":{"self":[{"href":"https:\/\/soymigrante.com\/revista\/wp-json\/wp\/v2\/posts\/1695","targetHints":{"allow":["GET"]}}],"collection":[{"href":"https:\/\/soymigrante.com\/revista\/wp-json\/wp\/v2\/posts"}],"about":[{"href":"https:\/\/soymigrante.com\/revista\/wp-json\/wp\/v2\/types\/post"}],"author":[{"embeddable":true,"href":"https:\/\/soymigrante.com\/revista\/wp-json\/wp\/v2\/users\/7"}],"replies":[{"embeddable":true,"href":"https:\/\/soymigrante.com\/revista\/wp-json\/wp\/v2\/comments?post=1695"}],"version-history":[{"count":0,"href":"https:\/\/soymigrante.com\/revista\/wp-json\/wp\/v2\/posts\/1695\/revisions"}],"wp:featuredmedia":[{"embeddable":true,"href":"https:\/\/soymigrante.com\/revista\/wp-json\/wp\/v2\/media\/1697"}],"wp:attachment":[{"href":"https:\/\/soymigrante.com\/revista\/wp-json\/wp\/v2\/media?parent=1695"}],"wp:term":[{"taxonomy":"category","embeddable":true,"href":"https:\/\/soymigrante.com\/revista\/wp-json\/wp\/v2\/categories?post=1695"},{"taxonomy":"post_tag","embeddable":true,"href":"https:\/\/soymigrante.com\/revista\/wp-json\/wp\/v2\/tags?post=1695"}],"curies":[{"name":"wp","href":"https:\/\/api.w.org\/{rel}","templated":true}]}}