{"id":1694,"date":"2023-07-04T15:52:19","date_gmt":"2023-07-04T15:52:19","guid":{"rendered":"https:\/\/soymigrante.com\/revista\/?p=1694"},"modified":"2026-03-11T16:44:15","modified_gmt":"2026-03-11T22:44:15","slug":"alfredo-canastuj-marimba-guatemalteca-eeuu","status":"publish","type":"post","link":"https:\/\/soymigrante.com\/revista\/alfredo-canastuj-marimba-guatemalteca-eeuu\/","title":{"rendered":"Rey K&#8217;ich\u00e9 migrante hace vibrar la marimba en Estados Unidos"},"content":{"rendered":"\t\t<div data-elementor-type=\"wp-post\" data-elementor-id=\"1694\" class=\"elementor elementor-1694\" data-elementor-post-type=\"post\">\n\t\t\t\t\t\t<section data-particle_enable=\"false\" data-particle-mobile-disabled=\"false\" class=\"elementor-section elementor-top-section elementor-element elementor-element-d558464 elementor-section-boxed elementor-section-height-default elementor-section-height-default\" data-id=\"d558464\" data-element_type=\"section\" data-e-type=\"section\">\n\t\t\t\t\t\t<div class=\"elementor-container elementor-column-gap-default\">\n\t\t\t\t\t<div class=\"elementor-column elementor-col-100 elementor-top-column elementor-element elementor-element-7674116\" data-id=\"7674116\" data-element_type=\"column\" data-e-type=\"column\">\n\t\t\t<div class=\"elementor-widget-wrap elementor-element-populated\">\n\t\t\t\t\t\t<div class=\"elementor-element elementor-element-b4324a5 elementor-widget elementor-widget-heading\" data-id=\"b4324a5\" data-element_type=\"widget\" data-e-type=\"widget\" data-widget_type=\"heading.default\">\n\t\t\t\t\t<h2 class=\"elementor-heading-title elementor-size-default\">Lleva la marimba en la sangre, el alma y el coraz\u00f3n y tambi\u00e9n en las manos: por eso Alfredo Canastuj toca el instrumento nacional de Guatemala con orgullo y pasi\u00f3n en suelo estadounidense.<\/h2>\t\t\t\t<\/div>\n\t\t\t\t\t<\/div>\n\t\t<\/div>\n\t\t\t\t\t<\/div>\n\t\t<\/section>\n\t\t\t\t<section data-particle_enable=\"false\" data-particle-mobile-disabled=\"false\" class=\"elementor-section elementor-top-section elementor-element elementor-element-dc05d17 elementor-section-boxed elementor-section-height-default elementor-section-height-default\" data-id=\"dc05d17\" data-element_type=\"section\" data-e-type=\"section\">\n\t\t\t\t\t\t<div class=\"elementor-container elementor-column-gap-default\">\n\t\t\t\t\t<div class=\"elementor-column elementor-col-100 elementor-top-column elementor-element elementor-element-abdf4f0\" data-id=\"abdf4f0\" data-element_type=\"column\" data-e-type=\"column\">\n\t\t\t<div class=\"elementor-widget-wrap elementor-element-populated\">\n\t\t\t\t\t\t<div class=\"elementor-element elementor-element-13847c6 elementor-widget elementor-widget-image\" data-id=\"13847c6\" data-element_type=\"widget\" data-e-type=\"widget\" data-widget_type=\"image.default\">\n\t\t\t\t\t\t\t\t\t\t\t\t<figure class=\"wp-caption\">\n\t\t\t\t\t\t\t\t\t\t<img fetchpriority=\"high\" decoding=\"async\" width=\"1024\" height=\"894\" src=\"https:\/\/soymigrante.com\/revista\/wp-content\/uploads\/2023\/07\/El-Rey-Kiche-1024x894.webp\" class=\"attachment-large size-large wp-image-1703\" alt=\"Alfredo y su marimba\" srcset=\"https:\/\/soymigrante.com\/revista\/wp-content\/uploads\/2023\/07\/El-Rey-Kiche-1024x894.webp 1024w, https:\/\/soymigrante.com\/revista\/wp-content\/uploads\/2023\/07\/El-Rey-Kiche-300x262.webp 300w, https:\/\/soymigrante.com\/revista\/wp-content\/uploads\/2023\/07\/El-Rey-Kiche-768x671.webp 768w, https:\/\/soymigrante.com\/revista\/wp-content\/uploads\/2023\/07\/El-Rey-Kiche-1536x1341.webp 1536w, https:\/\/soymigrante.com\/revista\/wp-content\/uploads\/2023\/07\/El-Rey-Kiche-750x655.webp 750w, https:\/\/soymigrante.com\/revista\/wp-content\/uploads\/2023\/07\/El-Rey-Kiche-1140x995.webp 1140w, https:\/\/soymigrante.com\/revista\/wp-content\/uploads\/2023\/07\/El-Rey-Kiche.webp 1679w\" sizes=\"(max-width: 1024px) 100vw, 1024px\" title=\"Alfredo y su marimba \u2013 SoyMigrante.com REVISTA\" \/>\t\t\t\t\t\t\t\t\t\t\t<figcaption class=\"widget-image-caption wp-caption-text\">Alfredo y su marimba El Rey Kiche,, son el recuerdo para los migrantes guatemaltecos y conquista el coraz\u00f3n de los Estadounidenses <\/figcaption>\n\t\t\t\t\t\t\t\t\t\t<\/figure>\n\t\t\t\t\t\t\t\t\t<\/div>\n\t\t\t\t\t<\/div>\n\t\t<\/div>\n\t\t\t\t\t<\/div>\n\t\t<\/section>\n\t\t\t\t<section data-particle_enable=\"false\" data-particle-mobile-disabled=\"false\" class=\"elementor-section elementor-top-section elementor-element elementor-element-50a73f7 elementor-section-boxed elementor-section-height-default elementor-section-height-default\" data-id=\"50a73f7\" data-element_type=\"section\" data-e-type=\"section\">\n\t\t\t\t\t\t<div class=\"elementor-container elementor-column-gap-default\">\n\t\t\t\t\t<div class=\"elementor-column elementor-col-100 elementor-top-column elementor-element elementor-element-43953d6\" data-id=\"43953d6\" data-element_type=\"column\" data-e-type=\"column\">\n\t\t\t<div class=\"elementor-widget-wrap elementor-element-populated\">\n\t\t\t\t\t\t<div class=\"elementor-element elementor-element-32a549e elementor-widget elementor-widget-text-editor\" data-id=\"32a549e\" data-element_type=\"widget\" data-e-type=\"widget\" data-widget_type=\"text-editor.default\">\n\t\t\t\t\t\t\t\t\t<p><span style=\"font-weight: 400;\">Alfredo Juli\u00e1n Canastuj Tumax es originario de Barranech\u00e9, Totonicap\u00e1n hijo de Lorenza Tumax y quien en vida fue su padre Juan Canastuj, reconocido por la elaboraci\u00f3n de marimbas en la localidad. Tuvo la oportunidad y tambi\u00e9n la necesidad de migrar a Estados Unidos.\u00a0<\/span><\/p><p><span style=\"font-weight: 400;\">Ha trabajado muy fuerte para labrarse un nuevo futuro y mejorar las condiciones de vida de su familia. Pero nunca olvida la marimba de su tierra natal. Se dio cuenta del gran poder de las notas del instrumento nacional para unir, alegrar y a veces hacer llorar de nostalgia a los connacionales migrantes, quienes al escucharla regresan por un momento a su tierra amada.<\/span><\/p><p>Y es que \u00e9l mismo trae la marimba en la sangre: \u201cMi maestro fue mi difunto pap\u00e1, gateamos entre las marimbas y fue la mejor ense\u00f1anza, es un legado que nos ha dejado\u201d dice Alfredo con emoci\u00f3n.<\/p>\t\t\t\t\t\t\t\t<\/div>\n\t\t\t\t\t<\/div>\n\t\t<\/div>\n\t\t\t\t\t<\/div>\n\t\t<\/section>\n\t\t\t\t<section data-particle_enable=\"false\" data-particle-mobile-disabled=\"false\" class=\"elementor-section elementor-top-section elementor-element elementor-element-5156303 elementor-section-boxed elementor-section-height-default elementor-section-height-default\" data-id=\"5156303\" data-element_type=\"section\" data-e-type=\"section\">\n\t\t\t\t\t\t<div class=\"elementor-container elementor-column-gap-default\">\n\t\t\t\t\t<div class=\"elementor-column elementor-col-100 elementor-top-column elementor-element elementor-element-759daf0\" data-id=\"759daf0\" data-element_type=\"column\" data-e-type=\"column\">\n\t\t\t<div class=\"elementor-widget-wrap elementor-element-populated\">\n\t\t\t\t\t\t<div class=\"elementor-element elementor-element-4c730e4 elementor-widget elementor-widget-image\" data-id=\"4c730e4\" data-element_type=\"widget\" data-e-type=\"widget\" data-widget_type=\"image.default\">\n\t\t\t\t\t\t\t\t\t\t\t\t<figure class=\"wp-caption\">\n\t\t\t\t\t\t\t\t\t\t<img decoding=\"async\" width=\"1024\" height=\"768\" src=\"https:\/\/soymigrante.com\/revista\/wp-content\/uploads\/2023\/07\/Ejecuta-varios-instrumentos-1024x768.webp\" class=\"attachment-large size-large wp-image-1707\" alt=\"Alfredo Canastuj aprendi\u00f3 a ejecutar varios instrumentos, entre ellos el saxof\u00f3n, con el cual tambi\u00e9n interact\u00faa con la marimba.\" srcset=\"https:\/\/soymigrante.com\/revista\/wp-content\/uploads\/2023\/07\/Ejecuta-varios-instrumentos-1024x768.webp 1024w, https:\/\/soymigrante.com\/revista\/wp-content\/uploads\/2023\/07\/Ejecuta-varios-instrumentos-300x225.webp 300w, https:\/\/soymigrante.com\/revista\/wp-content\/uploads\/2023\/07\/Ejecuta-varios-instrumentos-768x576.webp 768w, https:\/\/soymigrante.com\/revista\/wp-content\/uploads\/2023\/07\/Ejecuta-varios-instrumentos-1536x1152.webp 1536w, https:\/\/soymigrante.com\/revista\/wp-content\/uploads\/2023\/07\/Ejecuta-varios-instrumentos-750x563.webp 750w, https:\/\/soymigrante.com\/revista\/wp-content\/uploads\/2023\/07\/Ejecuta-varios-instrumentos-1140x855.webp 1140w, https:\/\/soymigrante.com\/revista\/wp-content\/uploads\/2023\/07\/Ejecuta-varios-instrumentos.webp 1920w\" sizes=\"(max-width: 1024px) 100vw, 1024px\" title=\"Alfredo Canastuj aprendi\u00f3 a ejecutar varios instrumentos, entre ellos el saxof\u00f3n, con el cual tambi\u00e9n interact\u00faa con la marimba. \u2013 SoyMigrante.com REVISTA\" \/>\t\t\t\t\t\t\t\t\t\t\t<figcaption class=\"widget-image-caption wp-caption-text\">Alfredo Canastuj aprendi\u00f3 a ejecutar varios instrumentos, entre ellos el saxof\u00f3n, con el cual tambi\u00e9n interact\u00faa con la marimba.<\/figcaption>\n\t\t\t\t\t\t\t\t\t\t<\/figure>\n\t\t\t\t\t\t\t\t\t<\/div>\n\t\t\t\t\t<\/div>\n\t\t<\/div>\n\t\t\t\t\t<\/div>\n\t\t<\/section>\n\t\t\t\t<section data-particle_enable=\"false\" data-particle-mobile-disabled=\"false\" class=\"elementor-section elementor-top-section elementor-element elementor-element-7aeeaba elementor-section-boxed elementor-section-height-default elementor-section-height-default\" data-id=\"7aeeaba\" data-element_type=\"section\" data-e-type=\"section\">\n\t\t\t\t\t\t<div class=\"elementor-container elementor-column-gap-default\">\n\t\t\t\t\t<div class=\"elementor-column elementor-col-100 elementor-top-column elementor-element elementor-element-d0166d9\" data-id=\"d0166d9\" data-element_type=\"column\" data-e-type=\"column\">\n\t\t\t<div class=\"elementor-widget-wrap elementor-element-populated\">\n\t\t\t\t\t\t<div class=\"elementor-element elementor-element-5642166 elementor-widget elementor-widget-heading\" data-id=\"5642166\" data-element_type=\"widget\" data-e-type=\"widget\" data-widget_type=\"heading.default\">\n\t\t\t\t\t<h3 class=\"elementor-heading-title elementor-size-default\">La marimba, acompa\u00f1ante en cada mesa<\/h3>\t\t\t\t<\/div>\n\t\t\t\t<div class=\"elementor-element elementor-element-378b92c elementor-widget elementor-widget-text-editor\" data-id=\"378b92c\" data-element_type=\"widget\" data-e-type=\"widget\" data-widget_type=\"text-editor.default\">\n\t\t\t\t\t\t\t\t\t<p><span style=\"font-weight: 400;\">Con el anhelo de crecer y buscar una oportunidad Alfredo llega a Estados Unidos en 2020. No ten\u00eda mayores pertenencias ni planes, excepto buscar una oportunidad laboral para ayudar a su familia. En el coraz\u00f3n llevaba la habilidad de tocar marimba. Pero \u00bfde qu\u00e9 pod\u00eda servir esto tan lejos de su tierra?<\/span><\/p><p><span style=\"font-weight: 400;\">Comenz\u00f3 a trabajar en un supermercado. As\u00ed se gan\u00f3 el sustento<\/span><span style=\"font-weight: 400; color: var( --e-global-color-text ); background-color: var(--ak-bg-color);\">, en un d\u00eda a d\u00eda que se torn\u00f3 rutina. Pero en l<\/span><span style=\"font-weight: 400; color: var( --e-global-color-text ); background-color: var(--ak-bg-color);\">os d\u00edas de descanso\u00a0 y fines de semana empez\u00f3 amenizar en\u00a0 \u00a0restaurantes. Otros m\u00fasicos guatemaltecos lo invitaron a participar en conjunto, aunque tambi\u00e9n ha efectuado presentaciones individuales.<\/span><\/p><p><span style=\"font-weight: 400; color: var( --e-global-color-text ); background-color: var(--ak-bg-color);\">La alegr\u00eda y la nostalgia en cada presentaci\u00f3n son notables, porque en Estados Unidos los guatemaltecos valoran much\u00edsimo m\u00e1s las memorias evocadas por las piezas musicales\u00a0 en marimba. &#8220;La combinaci\u00f3n de la m\u00fasica guatemalteca y platillos tradicionales generan una emoci\u00f3n especial&#8221;, dice Alfredo.<\/span><\/p>\t\t\t\t\t\t\t\t<\/div>\n\t\t\t\t\t<\/div>\n\t\t<\/div>\n\t\t\t\t\t<\/div>\n\t\t<\/section>\n\t\t\t\t<section data-particle_enable=\"false\" data-particle-mobile-disabled=\"false\" class=\"elementor-section elementor-top-section elementor-element elementor-element-d985fcf elementor-section-boxed elementor-section-height-default elementor-section-height-default\" data-id=\"d985fcf\" data-element_type=\"section\" data-e-type=\"section\">\n\t\t\t\t\t\t<div class=\"elementor-container elementor-column-gap-default\">\n\t\t\t\t\t<div class=\"elementor-column elementor-col-100 elementor-top-column elementor-element elementor-element-bfa7ef5\" data-id=\"bfa7ef5\" data-element_type=\"column\" data-e-type=\"column\">\n\t\t\t<div class=\"elementor-widget-wrap elementor-element-populated\">\n\t\t\t\t\t\t<div class=\"elementor-element elementor-element-1037cc3 elementor-widget elementor-widget-image\" data-id=\"1037cc3\" data-element_type=\"widget\" data-e-type=\"widget\" data-widget_type=\"image.default\">\n\t\t\t\t\t\t\t\t\t\t\t\t<figure class=\"wp-caption\">\n\t\t\t\t\t\t\t\t\t\t<img decoding=\"async\" width=\"768\" height=\"1024\" src=\"https:\/\/soymigrante.com\/revista\/wp-content\/uploads\/2023\/07\/La-cultura-trascendental-768x1024.webp\" class=\"attachment-large size-large wp-image-1704\" alt=\"La cultura trascendental\" srcset=\"https:\/\/soymigrante.com\/revista\/wp-content\/uploads\/2023\/07\/La-cultura-trascendental-768x1024.webp 768w, https:\/\/soymigrante.com\/revista\/wp-content\/uploads\/2023\/07\/La-cultura-trascendental-225x300.webp 225w, https:\/\/soymigrante.com\/revista\/wp-content\/uploads\/2023\/07\/La-cultura-trascendental-1152x1536.webp 1152w, https:\/\/soymigrante.com\/revista\/wp-content\/uploads\/2023\/07\/La-cultura-trascendental-750x1000.webp 750w, https:\/\/soymigrante.com\/revista\/wp-content\/uploads\/2023\/07\/La-cultura-trascendental-1140x1520.webp 1140w, https:\/\/soymigrante.com\/revista\/wp-content\/uploads\/2023\/07\/La-cultura-trascendental.webp 1440w\" sizes=\"(max-width: 768px) 100vw, 768px\" title=\"La cultura trascendental \u2013 SoyMigrante.com REVISTA\" \/>\t\t\t\t\t\t\t\t\t\t\t<figcaption class=\"widget-image-caption wp-caption-text\"> La marimba es una atracci\u00f3n e innovaci\u00f3n, para los guatemaltecos una riqueza cultural<\/figcaption>\n\t\t\t\t\t\t\t\t\t\t<\/figure>\n\t\t\t\t\t\t\t\t\t<\/div>\n\t\t\t\t\t<\/div>\n\t\t<\/div>\n\t\t\t\t\t<\/div>\n\t\t<\/section>\n\t\t\t\t<section data-particle_enable=\"false\" data-particle-mobile-disabled=\"false\" class=\"elementor-section elementor-top-section elementor-element elementor-element-8d0f733 elementor-section-boxed elementor-section-height-default elementor-section-height-default\" data-id=\"8d0f733\" data-element_type=\"section\" data-e-type=\"section\">\n\t\t\t\t\t\t<div class=\"elementor-container elementor-column-gap-default\">\n\t\t\t\t\t<div class=\"elementor-column elementor-col-100 elementor-top-column elementor-element elementor-element-26ea999\" data-id=\"26ea999\" data-element_type=\"column\" data-e-type=\"column\">\n\t\t\t<div class=\"elementor-widget-wrap elementor-element-populated\">\n\t\t\t\t\t\t<div class=\"elementor-element elementor-element-cddbbd0 elementor-widget elementor-widget-heading\" data-id=\"cddbbd0\" data-element_type=\"widget\" data-e-type=\"widget\" data-widget_type=\"heading.default\">\n\t\t\t\t\t<h3 class=\"elementor-heading-title elementor-size-default\">Una marimba migrante llega a New Jersey<\/h3>\t\t\t\t<\/div>\n\t\t\t\t<div class=\"elementor-element elementor-element-32096b2 elementor-widget elementor-widget-text-editor\" data-id=\"32096b2\" data-element_type=\"widget\" data-e-type=\"widget\" data-widget_type=\"text-editor.default\">\n\t\t\t\t\t\t\t\t\t<p><span style=\"font-weight: 400;\">Al pasear por un parque muy concurrido por guatemaltecos migrantes en su d\u00eda libre, Alfredo consider\u00f3 que no hab\u00eda nada que ambientara y alegrara el momento.\u00a0 \u00a1Si tan solo hubiera una marimba tocando en este lugar!\u00a0<\/span><\/p><p><span style=\"font-weight: 400;\">As\u00ed surgi\u00f3 la idea de trasladar una marimba desde Guatemala hasta New Jersey. Era una total locura o m\u00e1s bien un gran sue\u00f1o sonoro. Alfredo habl\u00f3 con su familia y comenzaron el proyecto. No fue sencillo, ni barato, ni f\u00e1cil. Pasaron casi seis meses. Pero por fin, las teclas de hormigo llegaron.<\/span><\/p><p><span style=\"font-weight: 400;\">Con los permisos correspondientes, Alfredo comenz\u00f3 a situarse en calles de New Jersey a hacer lo que m\u00e1s ama en la vida: tocar marimba.\u00a0 Aquello caus\u00f3 tal sensaci\u00f3n entre los connacionales, que hubo l\u00e1grimas, sonrisas y aplausos.\u00a0<\/span><\/p><p><span style=\"font-weight: 400;\">&#8220;<\/span><span style=\"font-family: Roboto, sans-serif; font-size: 16px; font-style: normal; font-variant-ligatures: normal; font-variant-caps: normal; font-weight: 400; color: var( --e-global-color-text ); background-color: var(--ak-bg-color);\">La primera vez que sal\u00ed a tocar en la calle, alguien entre los espectadores dijo: \u00a1Oye, me puedes tocar las ma\u00f1anitas, es mi cumplea\u00f1os! Era un guatemalteco que ten\u00eda 20 a\u00f1os sin escuchar una marimba en vivo.\u00a0<\/span><\/p>\t\t\t\t\t\t\t\t<\/div>\n\t\t\t\t\t<\/div>\n\t\t<\/div>\n\t\t\t\t\t<\/div>\n\t\t<\/section>\n\t\t\t\t<section data-particle_enable=\"false\" data-particle-mobile-disabled=\"false\" class=\"elementor-section elementor-top-section elementor-element elementor-element-dc022a9 elementor-section-boxed elementor-section-height-default elementor-section-height-default\" data-id=\"dc022a9\" data-element_type=\"section\" data-e-type=\"section\">\n\t\t\t\t\t\t<div class=\"elementor-container elementor-column-gap-default\">\n\t\t\t\t\t<div class=\"elementor-column elementor-col-100 elementor-top-column elementor-element elementor-element-036ad84\" data-id=\"036ad84\" data-element_type=\"column\" data-e-type=\"column\">\n\t\t\t<div class=\"elementor-widget-wrap elementor-element-populated\">\n\t\t\t\t\t\t<div class=\"elementor-element elementor-element-d6275cf elementor-widget elementor-widget-video\" data-id=\"d6275cf\" data-element_type=\"widget\" data-e-type=\"widget\" data-settings=\"{&quot;youtube_url&quot;:&quot;https:\\\/\\\/www.youtube.com\\\/watch?v=2O7s1xxWOws&quot;,&quot;start&quot;:31,&quot;autoplay&quot;:&quot;yes&quot;,&quot;loop&quot;:&quot;yes&quot;,&quot;lazy_load&quot;:&quot;yes&quot;,&quot;video_type&quot;:&quot;youtube&quot;,&quot;controls&quot;:&quot;yes&quot;}\" data-widget_type=\"video.default\">\n\t\t\t\t\t\t\t<div class=\"elementor-wrapper elementor-open-inline\">\n\t\t\t<div class=\"elementor-video\"><\/div>\t\t<\/div>\n\t\t\t\t\t\t<\/div>\n\t\t\t\t\t<\/div>\n\t\t<\/div>\n\t\t\t\t\t<\/div>\n\t\t<\/section>\n\t\t\t\t<section data-particle_enable=\"false\" data-particle-mobile-disabled=\"false\" class=\"elementor-section elementor-top-section elementor-element elementor-element-decb259 elementor-section-boxed elementor-section-height-default elementor-section-height-default\" data-id=\"decb259\" data-element_type=\"section\" data-e-type=\"section\">\n\t\t\t\t\t\t<div class=\"elementor-container elementor-column-gap-default\">\n\t\t\t\t\t<div class=\"elementor-column elementor-col-100 elementor-top-column elementor-element elementor-element-01c3061\" data-id=\"01c3061\" data-element_type=\"column\" data-e-type=\"column\">\n\t\t\t<div class=\"elementor-widget-wrap elementor-element-populated\">\n\t\t\t\t\t\t<div class=\"elementor-element elementor-element-0cf84ad elementor-widget elementor-widget-heading\" data-id=\"0cf84ad\" data-element_type=\"widget\" data-e-type=\"widget\" data-widget_type=\"heading.default\">\n\t\t\t\t\t<h3 class=\"elementor-heading-title elementor-size-default\">Exportador de marimbas y recuerdos\n<\/h3>\t\t\t\t<\/div>\n\t\t\t\t<div class=\"elementor-element elementor-element-7452574 elementor-widget elementor-widget-text-editor\" data-id=\"7452574\" data-element_type=\"widget\" data-e-type=\"widget\" data-widget_type=\"text-editor.default\">\n\t\t\t\t\t\t\t\t\t<p><span style=\"font-weight: 400;\">Alfredo y sus hermanos aprendieron a fabricar, afinar y mantener marimbas bajo la gu\u00eda de su padre.\u00a0 Este arte, oficio y misi\u00f3n se ha convertido en la mejor herencia. Ellos tienen sus propias f\u00e1bricas en Guatemala y Alfredo se ha convertido en un promotor del instrumento nacional.<\/span><\/p><p><span style=\"font-weight: 400; color: var( --e-global-color-text ); background-color: var(--ak-bg-color);\">&#8220;Muchas personas que llevan a\u00f1os en Estados Unidos, se emocionan por ver, probar o tener un art\u00edculo que le recuerde su tierra. Me preguntan c\u00f3mo consegu\u00ed la marimba&#8221;. lfredo se ofreci\u00f3 a traerlas y entregarlas. La primera marimba fue entregada a una amiga en esa ciudad.<\/span><\/p><p><span style=\"font-weight: 400; color: var( --e-global-color-text ); background-color: var(--ak-bg-color);\">Actualmente se dedica al mantenimiento y afinaci\u00f3n de instrumentos musicales, incluyendo marimbas, pero tambi\u00e9n a facilitar su exportaci\u00f3n de Guatemala a Estados Unidos. Hasta ahora los pedidos se han efectuado por v\u00eda electr\u00f3nica, pero su gran sue\u00f1o es llegar a tener una tienda f\u00edsica de\u00a0 marimbas en Estados Unidos.<\/span><\/p>\t\t\t\t\t\t\t\t<\/div>\n\t\t\t\t\t<\/div>\n\t\t<\/div>\n\t\t\t\t\t<\/div>\n\t\t<\/section>\n\t\t\t\t<section data-particle_enable=\"false\" data-particle-mobile-disabled=\"false\" class=\"elementor-section elementor-top-section elementor-element elementor-element-a7890a0 elementor-section-boxed elementor-section-height-default elementor-section-height-default\" data-id=\"a7890a0\" data-element_type=\"section\" data-e-type=\"section\">\n\t\t\t\t\t\t<div class=\"elementor-container elementor-column-gap-default\">\n\t\t\t\t\t<div class=\"elementor-column elementor-col-100 elementor-top-column elementor-element elementor-element-684f9bb\" data-id=\"684f9bb\" data-element_type=\"column\" data-e-type=\"column\">\n\t\t\t<div class=\"elementor-widget-wrap elementor-element-populated\">\n\t\t\t\t\t\t<div class=\"elementor-element elementor-element-d7963e4 elementor-widget elementor-widget-image\" data-id=\"d7963e4\" data-element_type=\"widget\" data-e-type=\"widget\" data-widget_type=\"image.default\">\n\t\t\t\t\t\t\t\t\t\t\t\t<figure class=\"wp-caption\">\n\t\t\t\t\t\t\t\t\t\t<img loading=\"lazy\" decoding=\"async\" width=\"1024\" height=\"682\" src=\"https:\/\/soymigrante.com\/revista\/wp-content\/uploads\/2023\/07\/Alfredo-portador-del-talento-1024x682.webp\" class=\"attachment-large size-large wp-image-1705\" alt=\"Alfredo portador del talento\" srcset=\"https:\/\/soymigrante.com\/revista\/wp-content\/uploads\/2023\/07\/Alfredo-portador-del-talento-1024x682.webp 1024w, https:\/\/soymigrante.com\/revista\/wp-content\/uploads\/2023\/07\/Alfredo-portador-del-talento-300x200.webp 300w, https:\/\/soymigrante.com\/revista\/wp-content\/uploads\/2023\/07\/Alfredo-portador-del-talento-768x512.webp 768w, https:\/\/soymigrante.com\/revista\/wp-content\/uploads\/2023\/07\/Alfredo-portador-del-talento-1536x1023.webp 1536w, https:\/\/soymigrante.com\/revista\/wp-content\/uploads\/2023\/07\/Alfredo-portador-del-talento-750x500.webp 750w, https:\/\/soymigrante.com\/revista\/wp-content\/uploads\/2023\/07\/Alfredo-portador-del-talento-1140x760.webp 1140w, https:\/\/soymigrante.com\/revista\/wp-content\/uploads\/2023\/07\/Alfredo-portador-del-talento-600x400.webp 600w, https:\/\/soymigrante.com\/revista\/wp-content\/uploads\/2023\/07\/Alfredo-portador-del-talento.webp 1600w\" sizes=\"(max-width: 1024px) 100vw, 1024px\" title=\"Alfredo portador del talento \u2013 SoyMigrante.com REVISTA\" \/>\t\t\t\t\t\t\t\t\t\t\t<figcaption class=\"widget-image-caption wp-caption-text\">Para Alfredo es importante llevar sus ra\u00edces a cualquier parte del mundo, ense\u00f1anza de pap\u00e1. <\/figcaption>\n\t\t\t\t\t\t\t\t\t\t<\/figure>\n\t\t\t\t\t\t\t\t\t<\/div>\n\t\t\t\t\t<\/div>\n\t\t<\/div>\n\t\t\t\t\t<\/div>\n\t\t<\/section>\n\t\t\t\t<section data-particle_enable=\"false\" data-particle-mobile-disabled=\"false\" class=\"elementor-section elementor-top-section elementor-element elementor-element-3c2002a elementor-section-boxed elementor-section-height-default elementor-section-height-default\" data-id=\"3c2002a\" data-element_type=\"section\" data-e-type=\"section\">\n\t\t\t\t\t\t<div class=\"elementor-container elementor-column-gap-default\">\n\t\t\t\t\t<div class=\"elementor-column elementor-col-100 elementor-top-column elementor-element elementor-element-a0bd409\" data-id=\"a0bd409\" data-element_type=\"column\" data-e-type=\"column\">\n\t\t\t<div class=\"elementor-widget-wrap elementor-element-populated\">\n\t\t\t\t\t\t<div class=\"elementor-element elementor-element-432d22f elementor-widget elementor-widget-heading\" data-id=\"432d22f\" data-element_type=\"widget\" data-e-type=\"widget\" data-widget_type=\"heading.default\">\n\t\t\t\t\t<h3 class=\"elementor-heading-title elementor-size-default\">Un Rey Quich\u00e9 comparte su talento<\/h3>\t\t\t\t<\/div>\n\t\t\t\t<div class=\"elementor-element elementor-element-7dc0860 elementor-widget elementor-widget-text-editor\" data-id=\"7dc0860\" data-element_type=\"widget\" data-e-type=\"widget\" data-widget_type=\"text-editor.default\">\n\t\t\t\t\t\t\t\t\t<p><span style=\"font-weight: 400;\">Alfredo\u00a0 se gana la vida efectuando presentaciones musicales. &#8220;Recuerdo con cari\u00f1o todo lo aprendido al ser parte de grupos musicales como\u00a0<\/span><span style=\"font-weight: 400; color: var( --e-global-color-text ); background-color: var(--ak-bg-color);\">Marimba Orquesta La Gozadera, Lalo Tzul y sus Manzaneros, Marimba pura Sentimiento de Hormigo y una marimba infantil integrad por ni\u00f1os de Barranech\u00e9&#8221;.<\/span><\/p><p><span style=\"font-weight: 400; color: var( --e-global-color-text ); background-color: var(--ak-bg-color);\">Dado el nombre de su marimba, muchos le llaman &#8220;Rey Quich\u00e9&#8221;, un apelativo que lleva con orgullo.\u00a0\u00a0<\/span><span style=\"font-family: Roboto, sans-serif; font-size: 16px; font-style: normal; font-variant-ligatures: normal; font-variant-caps: normal; color: var( --e-global-color-text ); background-color: var(--ak-bg-color); font-weight: bold;\">\u201c<\/span><span style=\"font-family: Roboto, sans-serif; font-size: 16px; font-style: normal; font-variant-ligatures: normal; font-variant-caps: normal; font-weight: 400; color: var( --e-global-color-text ); background-color: var(--ak-bg-color);\">La mejor ense\u00f1anza, fue la que me dej\u00f3 mi pap\u00e1, la humildad, el respeto y seguir de pie ante las ca\u00eddas, respetar la vida y buscar nuestros sue\u00f1os\u201d.<\/span><\/p><p><span style=\"font-family: Roboto, sans-serif; font-size: 16px; font-style: normal; font-variant-ligatures: normal; font-variant-caps: normal; font-weight: 400; color: var( --e-global-color-text ); background-color: var(--ak-bg-color);\">&#8220;\u201cNo nos avergoncemos de mostrar nuestra cultura. Mi<\/span><span style=\"font-family: Roboto, sans-serif; font-size: 16px; font-style: normal; font-variant-ligatures: normal; font-variant-caps: normal; font-weight: 400; color: var( --e-global-color-text ); background-color: var(--ak-bg-color);\">\u00a0mensaje es que hay que seguir luchando en cuanto a promover el arte guatemalteco&#8221; y de esto da testimonio mientras toca melod\u00edas en una calle de New Jerseyl<\/span><\/p>\t\t\t\t\t\t\t\t<\/div>\n\t\t\t\t\t<\/div>\n\t\t<\/div>\n\t\t\t\t\t<\/div>\n\t\t<\/section>\n\t\t\t\t<section data-particle_enable=\"false\" data-particle-mobile-disabled=\"false\" class=\"elementor-section elementor-top-section elementor-element elementor-element-357ff28 elementor-section-boxed elementor-section-height-default elementor-section-height-default\" data-id=\"357ff28\" data-element_type=\"section\" data-e-type=\"section\">\n\t\t\t\t\t\t<div class=\"elementor-container elementor-column-gap-default\">\n\t\t\t\t\t<div class=\"elementor-column elementor-col-100 elementor-top-column elementor-element elementor-element-0fcad90\" data-id=\"0fcad90\" data-element_type=\"column\" data-e-type=\"column\">\n\t\t\t<div class=\"elementor-widget-wrap elementor-element-populated\">\n\t\t\t\t\t\t<div class=\"elementor-element elementor-element-48ddd32 elementor-widget elementor-widget-image\" data-id=\"48ddd32\" data-element_type=\"widget\" data-e-type=\"widget\" data-widget_type=\"image.default\">\n\t\t\t\t\t\t\t\t\t\t\t\t<figure class=\"wp-caption\">\n\t\t\t\t\t\t\t\t\t\t<img loading=\"lazy\" decoding=\"async\" width=\"1024\" height=\"768\" src=\"https:\/\/soymigrante.com\/revista\/wp-content\/uploads\/2023\/07\/Conviccion-y-amor-por-la-musica-1024x768.webp\" class=\"attachment-large size-large wp-image-1706\" alt=\"Convicci\u00f3n y amor por la m\u00fasica\" srcset=\"https:\/\/soymigrante.com\/revista\/wp-content\/uploads\/2023\/07\/Conviccion-y-amor-por-la-musica-1024x768.webp 1024w, https:\/\/soymigrante.com\/revista\/wp-content\/uploads\/2023\/07\/Conviccion-y-amor-por-la-musica-300x225.webp 300w, https:\/\/soymigrante.com\/revista\/wp-content\/uploads\/2023\/07\/Conviccion-y-amor-por-la-musica-768x576.webp 768w, https:\/\/soymigrante.com\/revista\/wp-content\/uploads\/2023\/07\/Conviccion-y-amor-por-la-musica-1536x1152.webp 1536w, https:\/\/soymigrante.com\/revista\/wp-content\/uploads\/2023\/07\/Conviccion-y-amor-por-la-musica-750x563.webp 750w, https:\/\/soymigrante.com\/revista\/wp-content\/uploads\/2023\/07\/Conviccion-y-amor-por-la-musica-1140x855.webp 1140w, https:\/\/soymigrante.com\/revista\/wp-content\/uploads\/2023\/07\/Conviccion-y-amor-por-la-musica.webp 1920w\" sizes=\"(max-width: 1024px) 100vw, 1024px\" title=\"Convicci\u00f3n y amor por la m\u00fasica \u2013 SoyMigrante.com REVISTA\" \/>\t\t\t\t\t\t\t\t\t\t\t<figcaption class=\"widget-image-caption wp-caption-text\">Juan Canastuj,  dej\u00f3 un legado familiar pero sobre todo una herencia para cada uno de sus hijos, la fabricaci\u00f3n de marimbas se ha convertido el sustento  familiar <\/figcaption>\n\t\t\t\t\t\t\t\t\t\t<\/figure>\n\t\t\t\t\t\t\t\t\t<\/div>\n\t\t\t\t\t<\/div>\n\t\t<\/div>\n\t\t\t\t\t<\/div>\n\t\t<\/section>\n\t\t\t\t<\/div>\n\t\t","protected":false},"excerpt":{"rendered":"<p>Lleva la marimba en la sangre, el alma y el coraz\u00f3n y tambi\u00e9n en las manos: por eso Alfredo Canastuj toca el instrumento nacional de Guatemala con orgullo y pasi\u00f3n en suelo estadounidense. Alfredo y su marimba El Rey Kiche,, son el recuerdo para los migrantes guatemaltecos y conquista el coraz\u00f3n de los Estadounidenses Alfredo [&hellip;]<\/p>\n","protected":false},"author":10,"featured_media":1705,"comment_status":"open","ping_status":"open","sticky":false,"template":"","format":"standard","meta":{"_acf_changed":false,"_eb_attr":"","footnotes":""},"categories":[50],"tags":[300],"class_list":["post-1694","post","type-post","status-publish","format-standard","has-post-thumbnail","hentry","category-exitos","tag-nueva-jersey"],"acf":[],"aioseo_notices":[],"aioseo_head":"\n\t\t<!-- All in One SEO Pro 4.9.6.2 - aioseo.com -->\n\t<meta name=\"description\" content=\"Alfredo Canastuj, originario de Barranech\u00e9, toca la marimba en EE.UU., uniendo a guatemaltecos y conquistando corazones estadounidenses con su m\u00fasica.\" \/>\n\t<meta name=\"robots\" content=\"max-snippet:-1, max-image-preview:large, max-video-preview:-1\" \/>\n\t<meta name=\"author\" content=\"Diana Batz\"\/>\n\t<link rel=\"canonical\" href=\"https:\/\/soymigrante.com\/revista\/alfredo-canastuj-marimba-guatemalteca-eeuu\/\" \/>\n\t<meta name=\"generator\" content=\"All in One SEO Pro (AIOSEO) 4.9.6.2\" \/>\n\n\t\t<link rel=\"preconnect\" href=\"https:\/\/fonts.googleapis.com\" crossorigin>\n<link rel=\"preconnect\" href=\"https:\/\/fonts.gstatic.com\" crossorigin>\n\t\t<meta property=\"og:locale\" content=\"es_ES\" \/>\n\t\t<meta property=\"og:site_name\" content=\"SoyMigrante.com REVISTA \u2013 Nuestra misi\u00f3n es reconocer y dignificar al migrante.\" \/>\n\t\t<meta property=\"og:type\" content=\"article\" \/>\n\t\t<meta property=\"og:title\" content=\"Rey K\u2019ich\u00e9 migrante hace vibrar la marimba en Estados Unidos\" \/>\n\t\t<meta property=\"og:description\" content=\"Alfredo Canastuj, originario de Barranech\u00e9, toca la marimba en EE.UU., uniendo a guatemaltecos y conquistando corazones estadounidenses con su m\u00fasica.\" \/>\n\t\t<meta property=\"og:url\" content=\"https:\/\/soymigrante.com\/revista\/alfredo-canastuj-marimba-guatemalteca-eeuu\/\" \/>\n\t\t<meta property=\"og:image\" content=\"https:\/\/soymigrante.com\/revista\/wp-content\/uploads\/2023\/07\/Alfredo-portador-del-talento.webp\" \/>\n\t\t<meta property=\"og:image:secure_url\" content=\"https:\/\/soymigrante.com\/revista\/wp-content\/uploads\/2023\/07\/Alfredo-portador-del-talento.webp\" \/>\n\t\t<meta property=\"og:image:width\" content=\"1600\" \/>\n\t\t<meta property=\"og:image:height\" content=\"1066\" \/>\n\t\t<meta property=\"article:published_time\" content=\"2023-07-04T15:52:19+00:00\" \/>\n\t\t<meta property=\"article:modified_time\" content=\"2026-03-11T22:44:15+00:00\" \/>\n\t\t<meta property=\"article:publisher\" content=\"https:\/\/www.facebook.com\/soymigrantecom\" \/>\n\t\t<meta name=\"twitter:card\" content=\"summary_large_image\" \/>\n\t\t<meta name=\"twitter:site\" content=\"@SoyMigrante_com\" \/>\n\t\t<meta name=\"twitter:title\" content=\"Rey K\u2019ich\u00e9 migrante hace vibrar la marimba en Estados Unidos\" \/>\n\t\t<meta name=\"twitter:description\" content=\"Alfredo Canastuj, originario de Barranech\u00e9, toca la marimba en EE.UU., uniendo a guatemaltecos y conquistando corazones estadounidenses con su m\u00fasica.\" \/>\n\t\t<meta name=\"twitter:creator\" content=\"@SoyMigrante_com\" \/>\n\t\t<meta name=\"twitter:image\" content=\"https:\/\/soymigrante.com\/revista\/wp-content\/uploads\/2023\/07\/Alfredo-portador-del-talento.webp\" \/>\n\t\t<!-- All in One SEO Pro -->\r\n\t\t<title>Rey K\u2019ich\u00e9 migrante hace vibrar la marimba en Estados Unidos<\/title>\n\n","aioseo_head_json":{"title":"Rey K\u2019ich\u00e9 migrante hace vibrar la marimba en Estados Unidos","description":"Alfredo Canastuj, originario de Barranech\u00e9, toca la marimba en EE.UU., uniendo a guatemaltecos y conquistando corazones estadounidenses con su m\u00fasica.","canonical_url":"https:\/\/soymigrante.com\/revista\/alfredo-canastuj-marimba-guatemalteca-eeuu\/","robots":"max-snippet:-1, max-image-preview:large, max-video-preview:-1","keywords":"","webmasterTools":{"miscellaneous":"&lt;link rel=\"preconnect\" href=\"https:\/\/fonts.googleapis.com\" crossorigin&gt;\n&lt;link rel=\"preconnect\" href=\"https:\/\/fonts.gstatic.com\" crossorigin&gt;"},"schema":null,"og:locale":"es_ES","og:site_name":"SoyMigrante.com REVISTA \u2013 Nuestra misi\u00f3n es reconocer y dignificar al migrante.","og:type":"article","og:title":"Rey K\u2019ich\u00e9 migrante hace vibrar la marimba en Estados Unidos","og:description":"Alfredo Canastuj, originario de Barranech\u00e9, toca la marimba en EE.UU., uniendo a guatemaltecos y conquistando corazones estadounidenses con su m\u00fasica.","og:url":"https:\/\/soymigrante.com\/revista\/alfredo-canastuj-marimba-guatemalteca-eeuu\/","og:image":"https:\/\/soymigrante.com\/revista\/wp-content\/uploads\/2023\/07\/Alfredo-portador-del-talento.webp","og:image:secure_url":"https:\/\/soymigrante.com\/revista\/wp-content\/uploads\/2023\/07\/Alfredo-portador-del-talento.webp","og:image:width":1600,"og:image:height":1066,"article:published_time":"2023-07-04T15:52:19+00:00","article:modified_time":"2026-03-11T22:44:15+00:00","article:publisher":"https:\/\/www.facebook.com\/soymigrantecom","twitter:card":"summary_large_image","twitter:site":"@SoyMigrante_com","twitter:title":"Rey K\u2019ich\u00e9 migrante hace vibrar la marimba en Estados Unidos","twitter:description":"Alfredo Canastuj, originario de Barranech\u00e9, toca la marimba en EE.UU., uniendo a guatemaltecos y conquistando corazones estadounidenses con su m\u00fasica.","twitter:creator":"@SoyMigrante_com","twitter:image":"https:\/\/soymigrante.com\/revista\/wp-content\/uploads\/2023\/07\/Alfredo-portador-del-talento.webp"},"aioseo_meta_data":{"post_id":"1694","title":"#post_title","description":"Alfredo Canastuj, originario de Barranech\u00e9, toca la marimba en EE.UU., uniendo a guatemaltecos y conquistando corazones estadounidenses con su m\u00fasica.","keywords":[],"keyphrases":{"focus":{"keyphrase":"Migrante","score":51,"analysis":{"keyphraseInTitle":{"score":9,"maxScore":9,"error":0},"keyphraseInDescription":{"score":3,"maxScore":9,"error":1},"keyphraseLength":{"score":9,"maxScore":9,"error":0,"length":1},"keyphraseInURL":{"score":5,"maxScore":5,"error":0},"keyphraseInIntroduction":{"score":3,"maxScore":9,"error":1},"keyphraseInSubHeadings":{"score":3,"maxScore":9,"error":1},"keyphraseInImageAlt":{"score":3,"maxScore":9,"error":1},"keywordDensity":{"score":0,"type":"low","maxScore":9,"error":1}}},"additional":[]},"primary_term":null,"canonical_url":null,"og_title":null,"og_description":null,"og_object_type":"default","og_image_type":"default","og_image_url":null,"og_image_width":null,"og_image_height":null,"og_image_custom_url":null,"og_image_custom_fields":null,"og_video":"","og_custom_url":null,"og_article_section":null,"og_article_tags":[],"twitter_use_og":false,"twitter_card":"default","twitter_image_type":"default","twitter_image_url":null,"twitter_image_custom_url":null,"twitter_image_custom_fields":null,"twitter_title":null,"twitter_description":null,"schema":{"blockGraphs":[],"customGraphs":[],"default":{"data":{"Article":[],"Course":[],"Dataset":[],"FAQPage":[],"Movie":[],"Person":[],"Product":[],"ProductReview":[],"Car":[],"Recipe":[],"Service":[],"SoftwareApplication":[],"WebPage":[]},"graphName":"BlogPosting","isEnabled":true},"graphs":[]},"schema_type":"default","schema_type_options":null,"pillar_content":false,"robots_default":true,"robots_noindex":false,"robots_noarchive":false,"robots_nosnippet":false,"robots_nofollow":false,"robots_noimageindex":false,"robots_noodp":false,"robots_notranslate":false,"robots_max_snippet":"-1","robots_max_videopreview":"-1","robots_max_imagepreview":"large","priority":null,"frequency":"default","local_seo":null,"seo_analyzer_scan_date":"2026-03-30 17:32:15","breadcrumb_settings":null,"limit_modified_date":false,"reviewed_by":null,"open_ai":null,"ai":null,"created":"2023-08-18 14:05:33","updated":"2026-03-30 17:32:15"},"aioseo_breadcrumb":"<div class=\"aioseo-breadcrumbs\"><span class=\"aioseo-breadcrumb\">\n\t<a href=\"https:\/\/soymigrante.com\/revista\" title=\"Home\">Home<\/a>\n<\/span><span class=\"aioseo-breadcrumb-separator\">\u00bb<\/span><span class=\"aioseo-breadcrumb\">\n\t<a href=\"https:\/\/soymigrante.com\/revista\/category\/exitos\/\" title=\"\u00c9xitos\">\u00c9xitos<\/a>\n<\/span><span class=\"aioseo-breadcrumb-separator\">\u00bb<\/span><span class=\"aioseo-breadcrumb\">\n\tRey K\u2019ich\u00e9 migrante hace vibrar la marimba en Estados Unidos\n<\/span><\/div>","aioseo_breadcrumb_json":[{"label":"Home","link":"https:\/\/soymigrante.com\/revista"},{"label":"\u00c9xitos","link":"https:\/\/soymigrante.com\/revista\/category\/exitos\/"},{"label":"Rey K&#8217;ich\u00e9 migrante hace vibrar la marimba en Estados Unidos","link":"https:\/\/soymigrante.com\/revista\/alfredo-canastuj-marimba-guatemalteca-eeuu\/"}],"_links":{"self":[{"href":"https:\/\/soymigrante.com\/revista\/wp-json\/wp\/v2\/posts\/1694","targetHints":{"allow":["GET"]}}],"collection":[{"href":"https:\/\/soymigrante.com\/revista\/wp-json\/wp\/v2\/posts"}],"about":[{"href":"https:\/\/soymigrante.com\/revista\/wp-json\/wp\/v2\/types\/post"}],"author":[{"embeddable":true,"href":"https:\/\/soymigrante.com\/revista\/wp-json\/wp\/v2\/users\/10"}],"replies":[{"embeddable":true,"href":"https:\/\/soymigrante.com\/revista\/wp-json\/wp\/v2\/comments?post=1694"}],"version-history":[{"count":1,"href":"https:\/\/soymigrante.com\/revista\/wp-json\/wp\/v2\/posts\/1694\/revisions"}],"predecessor-version":[{"id":53585,"href":"https:\/\/soymigrante.com\/revista\/wp-json\/wp\/v2\/posts\/1694\/revisions\/53585"}],"wp:featuredmedia":[{"embeddable":true,"href":"https:\/\/soymigrante.com\/revista\/wp-json\/wp\/v2\/media\/1705"}],"wp:attachment":[{"href":"https:\/\/soymigrante.com\/revista\/wp-json\/wp\/v2\/media?parent=1694"}],"wp:term":[{"taxonomy":"category","embeddable":true,"href":"https:\/\/soymigrante.com\/revista\/wp-json\/wp\/v2\/categories?post=1694"},{"taxonomy":"post_tag","embeddable":true,"href":"https:\/\/soymigrante.com\/revista\/wp-json\/wp\/v2\/tags?post=1694"}],"curies":[{"name":"wp","href":"https:\/\/api.w.org\/{rel}","templated":true}]}}