{"id":16900,"date":"2024-12-17T06:00:00","date_gmt":"2024-12-17T12:00:00","guid":{"rendered":"https:\/\/soymigrante.com\/revista\/?p=16900"},"modified":"2024-12-21T18:47:29","modified_gmt":"2024-12-22T00:47:29","slug":"karolin-espana-dirige-kika-proyecto-de-ayuda-alimentaria-impulsado-por-sus-hijas","status":"publish","type":"post","link":"https:\/\/soymigrante.com\/revista\/karolin-espana-dirige-kika-proyecto-de-ayuda-alimentaria-impulsado-por-sus-hijas\/","title":{"rendered":"Karolin Rasc\u00f3n dirige KIKA, iniciativa de ayuda alimentaria desde L.A. a Guatemala, inspirada por sus hijas Kiara y Kaili"},"content":{"rendered":"\t\t<div data-elementor-type=\"wp-post\" data-elementor-id=\"16900\" class=\"elementor elementor-16900\" data-elementor-post-type=\"post\">\n\t\t\t\t<div data-particle_enable=\"false\" data-particle-mobile-disabled=\"false\" class=\"elementor-element elementor-element-86523b8 e-flex e-con-boxed e-con e-parent\" data-id=\"86523b8\" data-element_type=\"container\" data-e-type=\"container\">\n\t\t\t\t\t<div class=\"e-con-inner\">\n\t\t\t\t<div class=\"elementor-element elementor-element-19550f0 elementor-widget elementor-widget-heading\" data-id=\"19550f0\" data-element_type=\"widget\" data-e-type=\"widget\" data-widget_type=\"heading.default\">\n\t\t\t\t\t<h2 class=\"elementor-heading-title elementor-size-default\"><span style=\"font-size: 31.2px\">Durante la pandemia, la migrante Karolin Rasc\u00f3n-Espa\u00f1a y su familia escucharon un serm\u00f3n en TV en el que se habl\u00f3 de la desnutrici\u00f3n infantil en Guatemala. Sus hijas Kiara y Kaili le dijeron: \"Tenemos que hacer algo\". As\u00ed naci\u00f3 KIKA. Con apoyo de amigos y estudiantes env\u00eda  ayuda alimentaria al Corredor Seco, en Guatemala.<\/span><\/h2>\t\t\t\t<\/div>\n\t\t\t\t\t<\/div>\n\t\t\t\t<\/div>\n\t\t<div data-particle_enable=\"false\" data-particle-mobile-disabled=\"false\" class=\"elementor-element elementor-element-6aa2996 e-flex e-con-boxed e-con e-parent\" data-id=\"6aa2996\" data-element_type=\"container\" data-e-type=\"container\">\n\t\t\t\t\t<div class=\"e-con-inner\">\n\t\t\t\t<div class=\"elementor-element elementor-element-747d41b elementor-widget elementor-widget-text-editor\" data-id=\"747d41b\" data-element_type=\"widget\" data-e-type=\"widget\" data-widget_type=\"text-editor.default\">\n\t\t\t\t\t\t\t\t\t<p><a href=\"https:\/\/www.kikaorg.org\/?fbclid=IwY2xjawHN7l9leHRuA2FlbQIxMAABHTTNe-nWFvPuCeGlWWphFdYH-BEHzgqrs2nVH5uxX-80rGkqXTwsFJtd7w_aem_SC5eEYpmgWdfHmrEiNuICQ\">KIKA<\/a> es una bolsa de alimentos donada por migrantes para familias del corredor seco.\u00a0<br \/><span style=\"text-align: var(--text-align); color: var( --e-global-color-text );\"><a href=\"https:\/\/www.kikaorg.org\/?fbclid=IwY2xjawHN7l9leHRuA2FlbQIxMAABHTTNe-nWFvPuCeGlWWphFdYH-BEHzgqrs2nVH5uxX-80rGkqXTwsFJtd7w_aem_SC5eEYpmgWdfHmrEiNuICQ\">KIKA<\/a> es la organizaci\u00f3n no lucrativa dirigida por Karolin Rasc\u00f3n-Espa\u00f1a\u00a0 migrante guatemalteca originaria de Chiquimula y residente en Los Angeles, California desde 1994. <br \/><a href=\"https:\/\/www.kikaorg.org\/?fbclid=IwY2xjawHN7l9leHRuA2FlbQIxMAABHTTNe-nWFvPuCeGlWWphFdYH-BEHzgqrs2nVH5uxX-80rGkqXTwsFJtd7w_aem_SC5eEYpmgWdfHmrEiNuICQ\">KIKA<\/a> es la suma de las primeras s\u00edlabas de los nombres de sus hijas Kiara y Kaili<\/span><span style=\"color: var( --e-global-color-text ); text-align: var(--text-align);\">, que fueron quienes impulsaron el inicio de este proyecto que actualmente env\u00eda alimentos a unas 60 familias necesitadas en aldeas de Jocot\u00e1n, Chiquimula, zona de gran inseguridad alimentaria de la cual un pastor habl\u00f3 durante una pr\u00e9dica televisada en tiempos de pandemia.\u00a0\u00a0<\/span><\/p><p><span style=\"color: var( --e-global-color-text ); text-align: var(--text-align);\">&#8220;Era 2020 y no pod\u00edamos ir presencialmente a la Iglesia, as\u00ed que vimos el serm\u00f3n en l\u00ednea. El pastor mencion\u00f3 que Guatemala es el pa\u00eds con m\u00e1s desnutrici\u00f3n cr\u00f3nica infantil de toda Latinoam\u00e9rica y que muchos ni\u00f1os necesitaban alimento, pero por la pobreza padec\u00edan hambre&#8221;, cuenta Karolin desde Los Angeles.<\/span><\/p><p>&#8220;Cuando mis hijas,\u00a0<span style=\"font-family: Roboto, sans-serif; font-size: 16px; font-style: normal; font-variant-ligatures: normal; font-variant-caps: normal; font-weight: 400;\">Kiara y Kaili<\/span>\u00a0escucharon eso ten\u00edan 14 y 15 a\u00f1os. Me preguntan \u00bfes cierto eso mam\u00e1?&#8221; S\u00ed. &#8220;Tenemos que hacer algo. No podemos quedarnos sin hacer nada&#8221;, dijeron. As\u00ed naci\u00f3 un proyecto de amor, generosidad y uni\u00f3n familiar y comunitaria desde Los Angeles para aldeas del Corredor Seco, en alta vulnerabilidad alimentaria, en Chiquimula, Guatemala. Y esta es la historia.<\/p>\t\t\t\t\t\t\t\t<\/div>\n\t\t\t\t\t<\/div>\n\t\t\t\t<\/div>\n\t\t<div data-particle_enable=\"false\" data-particle-mobile-disabled=\"false\" class=\"elementor-element elementor-element-4588ad7 e-flex e-con-boxed e-con e-parent\" data-id=\"4588ad7\" data-element_type=\"container\" data-e-type=\"container\">\n\t\t\t\t\t<div class=\"e-con-inner\">\n\t\t\t\t<div class=\"elementor-element elementor-element-4c3083f elementor-widget elementor-widget-image\" data-id=\"4c3083f\" data-element_type=\"widget\" data-e-type=\"widget\" data-widget_type=\"image.default\">\n\t\t\t\t\t\t\t\t\t\t\t\t<figure class=\"wp-caption\">\n\t\t\t\t\t\t\t\t\t\t<img fetchpriority=\"high\" decoding=\"async\" width=\"768\" height=\"569\" src=\"https:\/\/soymigrante.com\/revista\/wp-content\/uploads\/2024\/12\/familia-rascon-espana-1024x759.jpg\" class=\"attachment-large size-large wp-image-16904\" alt=\"Personas voluntarias organizando donaciones para la comunidad con caja de cart\u00f3n en evento solidario.\" srcset=\"https:\/\/soymigrante.com\/revista\/wp-content\/uploads\/2024\/12\/familia-rascon-espana-1024x759.jpg 1024w, https:\/\/soymigrante.com\/revista\/wp-content\/uploads\/2024\/12\/familia-rascon-espana-300x223.jpg 300w, https:\/\/soymigrante.com\/revista\/wp-content\/uploads\/2024\/12\/familia-rascon-espana-768x570.jpg 768w, https:\/\/soymigrante.com\/revista\/wp-content\/uploads\/2024\/12\/familia-rascon-espana-750x556.webp 750w, https:\/\/soymigrante.com\/revista\/wp-content\/uploads\/2024\/12\/familia-rascon-espana.webp 1080w\" sizes=\"(max-width: 768px) 100vw, 768px\" title=\"Karolin Espa\u00f1a junto a su familia, a finales de 2020, cuando KIKA empezaba a existir, a recaudar ayuda y a enviarla para elaborar bolsas nutricionales para ni\u00f1os del Corredor Seco en Camot\u00e1n y Jocot\u00e1n, Chiquimula, departamento de origen de Karolin. Sus hijas Kiara y Kaili le dan nombre al \u2013 SoyMigrante.com REVISTA\" \/>\t\t\t\t\t\t\t\t\t\t\t<figcaption class=\"widget-image-caption wp-caption-text\">Grupo de voluntarios en actividad de ayuda comunitaria, preparando donaciones en espacio exterior, con alegr\u00eda y compromiso social.<\/figcaption>\n\t\t\t\t\t\t\t\t\t\t<\/figure>\n\t\t\t\t\t\t\t\t\t<\/div>\n\t\t\t\t\t<\/div>\n\t\t\t\t<\/div>\n\t\t<div data-particle_enable=\"false\" data-particle-mobile-disabled=\"false\" class=\"elementor-element elementor-element-7c54009 e-flex e-con-boxed e-con e-parent\" data-id=\"7c54009\" data-element_type=\"container\" data-e-type=\"container\">\n\t\t\t\t\t<div class=\"e-con-inner\">\n\t\t\t\t<div class=\"elementor-element elementor-element-1d9b0f9 elementor-widget elementor-widget-heading\" data-id=\"1d9b0f9\" data-element_type=\"widget\" data-e-type=\"widget\" data-widget_type=\"heading.default\">\n\t\t\t\t\t<h3 class=\"elementor-heading-title elementor-size-default\">Una fiesta se convirti\u00f3 en un acto solidario<\/h3>\t\t\t\t<\/div>\n\t\t\t\t\t<\/div>\n\t\t\t\t<\/div>\n\t\t<div data-particle_enable=\"false\" data-particle-mobile-disabled=\"false\" class=\"elementor-element elementor-element-735d62d e-flex e-con-boxed e-con e-parent\" data-id=\"735d62d\" data-element_type=\"container\" data-e-type=\"container\">\n\t\t\t\t\t<div class=\"e-con-inner\">\n\t\t\t\t<div class=\"elementor-element elementor-element-613e345 elementor-widget elementor-widget-text-editor\" data-id=\"613e345\" data-element_type=\"widget\" data-e-type=\"widget\" data-widget_type=\"text-editor.default\">\n\t\t\t\t\t\t\t\t\t<p><span style=\"color: var( --e-global-color-text ); text-align: var(--text-align);\">&#8220;En ese tiempo ya ven\u00edan los 15 a\u00f1os de Kaili, pero por las restricciones sanitarias no ser\u00eda posible hacer una fiesta. Ella me dijo: Mam\u00e1, usemos el dinero de la fiesta para comprar v\u00edveres y ayudar&#8221;, relata Karolin.<\/span><\/p><p>A trav\u00e9s de familiares, una maestra y el director de una escuela de Chiquimula, que ya estaban haciendo un programa de ayuda se hizo un primer donativo para comprar v\u00edveres para entregarlos a ni\u00f1os.\u00a0<span style=\"color: var( --e-global-color-text ); text-align: var(--text-align);\">&#8220;Nosotros quer\u00edamos ayudar a los ni\u00f1os, pero estaba muy dif\u00edcil llegar solo a ellos pues sus familias, sus padres, tambi\u00e9n sufr\u00edan por la desnutrici\u00f3n en Jocot\u00e1n y Camot\u00e1n. As\u00ed que empezamos a hacer bolsas de alimentos para las familias&#8221;.<\/span><\/p><p>\u00bfC\u00f3mo recaudaron los primeros fondos? &#8220;<span style=\"color: var( --e-global-color-text ); text-align: var(--text-align);\">Mi cumplea\u00f1os es el 15 de diciembre. En 2020 aprovech\u00e9\u00a0 para decir a familiares y amigos, unos d\u00edas antes: no me traigan ning\u00fan regalo de cumplea\u00f1os, mejor den una donaci\u00f3n para ayudar a los ni\u00f1os.\u00a0<\/span><span style=\"color: var( --e-global-color-text ); text-align: var(--text-align);\">El primer a\u00f1o solo fueron 10 donativos, pero algo ayudamos&#8221;,\u00a0 agrega la migrante guatemalteca, que vive en EE.UU. desde 1994.<\/span><\/p>\t\t\t\t\t\t\t\t<\/div>\n\t\t\t\t\t<\/div>\n\t\t\t\t<\/div>\n\t\t<div data-particle_enable=\"false\" data-particle-mobile-disabled=\"false\" class=\"elementor-element elementor-element-bc52075 e-flex e-con-boxed e-con e-parent\" data-id=\"bc52075\" data-element_type=\"container\" data-e-type=\"container\">\n\t\t\t\t\t<div class=\"e-con-inner\">\n\t\t\t\t<div class=\"elementor-element elementor-element-e46c259 elementor-widget elementor-widget-heading\" data-id=\"e46c259\" data-element_type=\"widget\" data-e-type=\"widget\" data-widget_type=\"heading.default\">\n\t\t\t\t\t<h5 class=\"elementor-heading-title elementor-size-default\">Festejo de cumplea\u00f1os 2024 de Karolin Espa\u00f1a para recaudar fondos<\/h5>\t\t\t\t<\/div>\n\t\t\t\t\t<\/div>\n\t\t\t\t<\/div>\n\t\t<div data-particle_enable=\"false\" data-particle-mobile-disabled=\"false\" class=\"elementor-element elementor-element-66a2cd3 e-flex e-con-boxed e-con e-parent\" data-id=\"66a2cd3\" data-element_type=\"container\" data-e-type=\"container\">\n\t\t\t\t\t<div class=\"e-con-inner\">\n\t\t\t\t<div class=\"elementor-element elementor-element-9cb3f96 elementor-invisible elementor-widget elementor-widget-facebook-embed\" data-id=\"9cb3f96\" data-element_type=\"widget\" data-e-type=\"widget\" data-settings=\"{&quot;_animation&quot;:&quot;zoomInDown&quot;}\" data-widget_type=\"facebook-embed.default\">\n\t\t\t\t\t<div style=\"min-height: 1px\" class=\"elementor-facebook-widget fb-video\" data-href=\"https:\/\/www.facebook.com\/reel\/1280775249741216\" data-show-text=\"false\" data-allowfullscreen=\"false\" data-autoplay=\"false\" data-show-captions=\"false\"><\/div>\t\t\t\t<\/div>\n\t\t\t\t\t<\/div>\n\t\t\t\t<\/div>\n\t\t<div data-particle_enable=\"false\" data-particle-mobile-disabled=\"false\" class=\"elementor-element elementor-element-dac924f e-flex e-con-boxed e-con e-parent\" data-id=\"dac924f\" data-element_type=\"container\" data-e-type=\"container\">\n\t\t\t\t\t<div class=\"e-con-inner\">\n\t\t\t\t<div class=\"elementor-element elementor-element-6415a40 elementor-widget elementor-widget-heading\" data-id=\"6415a40\" data-element_type=\"widget\" data-e-type=\"widget\" data-widget_type=\"heading.default\">\n\t\t\t\t\t<h3 class=\"elementor-heading-title elementor-size-default\">KIKA nace de valores en familia<\/h3>\t\t\t\t<\/div>\n\t\t\t\t\t<\/div>\n\t\t\t\t<\/div>\n\t\t<div data-particle_enable=\"false\" data-particle-mobile-disabled=\"false\" class=\"elementor-element elementor-element-c62a053 e-flex e-con-boxed e-con e-parent\" data-id=\"c62a053\" data-element_type=\"container\" data-e-type=\"container\">\n\t\t\t\t\t<div class=\"e-con-inner\">\n\t\t\t\t<div class=\"elementor-element elementor-element-0cf5b23 elementor-widget elementor-widget-text-editor\" data-id=\"0cf5b23\" data-element_type=\"widget\" data-e-type=\"widget\" data-widget_type=\"text-editor.default\">\n\t\t\t\t\t\t\t\t\t<p><span style=\"color: var( --e-global-color-text ); text-align: var(--text-align);\">&#8220;Cuando KIKA naci\u00f3 pens\u00e9 que ser\u00eda un proyecto solo durante la pandemia. Pero creci\u00f3 por el entusiasmo de mis hijas y porque otros j\u00f3venes se dieron cuenta de lo que ellas estaban haciendo y empezaron a apoyarlas en el KIKA Club. Aqu\u00ed la gente cree que solo en \u00c1frica hay hambruna, pero se sorprenden al ver que en Guatemala hay regiones de alta pobreza y desnutrici\u00f3n&#8221;, expresa Karolin.<\/span><\/p><p>&#8220;Para colectar dinero tuvimos que registrar legalmente a KIKA, fueron muchos tr\u00e1mites. Y ellas por ser menores no pod\u00edan hacerlo, entonces yo qued\u00e9 presidiendo la organizaci\u00f3n. Su entusiasmo me hizo amar este proyecto. Adem\u00e1s, yo siempre les aconsejo que siempre hagan algo por los dem\u00e1s&#8221;, comparte la migrante guatemalteca.<\/p>\t\t\t\t\t\t\t\t<\/div>\n\t\t\t\t\t<\/div>\n\t\t\t\t<\/div>\n\t\t<div data-particle_enable=\"false\" data-particle-mobile-disabled=\"false\" class=\"elementor-element elementor-element-1208b61 e-flex e-con-boxed e-con e-parent\" data-id=\"1208b61\" data-element_type=\"container\" data-e-type=\"container\">\n\t\t\t\t\t<div class=\"e-con-inner\">\n\t\t\t\t<div class=\"elementor-element elementor-element-353a2d7 elementor-widget elementor-widget-image\" data-id=\"353a2d7\" data-element_type=\"widget\" data-e-type=\"widget\" data-widget_type=\"image.default\">\n\t\t\t\t\t\t\t\t\t\t\t\t<figure class=\"wp-caption\">\n\t\t\t\t\t\t\t\t\t\t<img decoding=\"async\" width=\"768\" height=\"524\" src=\"https:\/\/soymigrante.com\/revista\/wp-content\/uploads\/2024\/12\/kika-ninos-1024x699.jpg\" class=\"attachment-large size-large wp-image-16905\" alt=\"Ni\u00f1os y familias recibiendo ayuda humanitaria en una comunidad rural en M\u00e9xico, resaltando la labor de migrantes y organizaciones en apoyo a comunidades vulnerables.\" srcset=\"https:\/\/soymigrante.com\/revista\/wp-content\/uploads\/2024\/12\/kika-ninos-1024x699.jpg 1024w, https:\/\/soymigrante.com\/revista\/wp-content\/uploads\/2024\/12\/kika-ninos-300x205.jpg 300w, https:\/\/soymigrante.com\/revista\/wp-content\/uploads\/2024\/12\/kika-ninos-768x524.jpg 768w, https:\/\/soymigrante.com\/revista\/wp-content\/uploads\/2024\/12\/kika-ninos-750x512.webp 750w, https:\/\/soymigrante.com\/revista\/wp-content\/uploads\/2024\/12\/kika-ninos.webp 1072w\" sizes=\"(max-width: 768px) 100vw, 768px\" title=\"Los ni\u00f1os registrados en el programa de ayuda de Organizaci\u00f3n KIKA tienen una ficha de seguimiento. Cada mes reciben una bolsa alimentaria, El reparto est\u00e1 a cargo de una iglesia local en aldeas de Camot\u00e1n y Jocot\u00e1n, Chiquimula, departamento donde naci\u00f3 Karolin Espa\u00f1a. \u2013 SoyMigrante.com REVISTA\" \/>\t\t\t\t\t\t\t\t\t\t\t<figcaption class=\"widget-image-caption wp-caption-text\">Distribuci\u00f3n de ayuda humanitaria y alimentos a ni\u00f1os en comunidades vulnerables en M\u00e9xico, promoviendo la integraci\u00f3n social y el bienestar infantil.<\/figcaption>\n\t\t\t\t\t\t\t\t\t\t<\/figure>\n\t\t\t\t\t\t\t\t\t<\/div>\n\t\t\t\t\t<\/div>\n\t\t\t\t<\/div>\n\t\t<div data-particle_enable=\"false\" data-particle-mobile-disabled=\"false\" class=\"elementor-element elementor-element-e91e9a5 e-flex e-con-boxed e-con e-parent\" data-id=\"e91e9a5\" data-element_type=\"container\" data-e-type=\"container\">\n\t\t\t\t\t<div class=\"e-con-inner\">\n\t\t\t\t<div class=\"elementor-element elementor-element-b3bd0bf elementor-widget elementor-widget-heading\" data-id=\"b3bd0bf\" data-element_type=\"widget\" data-e-type=\"widget\" data-widget_type=\"heading.default\">\n\t\t\t\t\t<h3 class=\"elementor-heading-title elementor-size-default\">Siempre se puede ayudar m\u00e1s<\/h3>\t\t\t\t<\/div>\n\t\t\t\t\t<\/div>\n\t\t\t\t<\/div>\n\t\t<div data-particle_enable=\"false\" data-particle-mobile-disabled=\"false\" class=\"elementor-element elementor-element-8a6fd4a e-flex e-con-boxed e-con e-parent\" data-id=\"8a6fd4a\" data-element_type=\"container\" data-e-type=\"container\">\n\t\t\t\t\t<div class=\"e-con-inner\">\n\t\t\t\t<div class=\"elementor-element elementor-element-e02ecfb elementor-widget elementor-widget-text-editor\" data-id=\"e02ecfb\" data-element_type=\"widget\" data-e-type=\"widget\" data-widget_type=\"text-editor.default\">\n\t\t\t\t\t\t\t\t\t<p><span style=\"color: var( --e-global-color-text ); text-align: var(--text-align);\">\u00a0&#8220;Trabajamos con mucha seriedad. Nos ayudan enfermeras locales para hacer un perfil de cada ni\u00f1o, con preguntas y datos sobre su situaci\u00f3n, se le toma una fotograf\u00eda para registro. Cada mes nos llega un listado: Se arma la bolsa con el nombre del ni\u00f1o pero tambi\u00e9n el nombre del donante que entreg\u00f3 30 d\u00f3lares para comprarle v\u00edveres. Eso permite que el ni\u00f1o conozca qui\u00e9n le ayuda y que el donante vea el correcto uso de su dinero&#8221;, dice Karolin.<\/span><\/p><p>En cada evento que se da en la comunidad, como en la Independencia o el desfile de la Hispanidad, <a href=\"https:\/\/www.kikaorg.org\/?fbclid=IwY2xjawHN7l9leHRuA2FlbQIxMAABHTTNe-nWFvPuCeGlWWphFdYH-BEHzgqrs2nVH5uxX-80rGkqXTwsFJtd7w_aem_SC5eEYpmgWdfHmrEiNuICQ\">KIKA<\/a> participa, para ofrecer playeras a quien desee colaborar.\u00a0<span style=\"font-family: Roboto, sans-serif; font-size: 16px; font-style: normal; font-variant-ligatures: normal; font-variant-caps: normal; font-weight: 400;\">Kiara y Kaili<\/span>\u00a0hacen videos en redes sociales para promocionar las prendas y as\u00ed contar con recursos para el siguiente mes. Su entusiasmo es inspirador.\u00a0<\/p><p>Adem\u00e1s de v\u00edveres, KIKA tambi\u00e9n ha aportado \u00fatiles escolares, colchonetas, celebraciones de D\u00eda del Ni\u00f1o.<\/p>\t\t\t\t\t\t\t\t<\/div>\n\t\t\t\t\t<\/div>\n\t\t\t\t<\/div>\n\t\t<div data-particle_enable=\"false\" data-particle-mobile-disabled=\"false\" class=\"elementor-element elementor-element-7d2666a e-flex e-con-boxed e-con e-parent\" data-id=\"7d2666a\" data-element_type=\"container\" data-e-type=\"container\">\n\t\t\t\t\t<div class=\"e-con-inner\">\n\t\t\t\t<div class=\"elementor-element elementor-element-ca12b8a elementor-widget elementor-widget-image\" data-id=\"ca12b8a\" data-element_type=\"widget\" data-e-type=\"widget\" data-widget_type=\"image.default\">\n\t\t\t\t\t\t\t\t\t\t\t\t<figure class=\"wp-caption\">\n\t\t\t\t\t\t\t\t\t\t<img decoding=\"async\" width=\"768\" height=\"432\" src=\"https:\/\/soymigrante.com\/revista\/wp-content\/uploads\/2024\/12\/378561803_10231662640252854_5041744649817282270_n-1024x576.jpg\" class=\"attachment-large size-large wp-image-16906\" alt=\"Pancarta de la organizaci\u00f3n KIKA que lucha contra la malnutrici\u00f3n infantil en Guatemala en una marcha con personas vestidas con trajes tradicionales y banderas de Guatemala.\" srcset=\"https:\/\/soymigrante.com\/revista\/wp-content\/uploads\/2024\/12\/378561803_10231662640252854_5041744649817282270_n-1024x576.jpg 1024w, https:\/\/soymigrante.com\/revista\/wp-content\/uploads\/2024\/12\/378561803_10231662640252854_5041744649817282270_n-300x169.jpg 300w, https:\/\/soymigrante.com\/revista\/wp-content\/uploads\/2024\/12\/378561803_10231662640252854_5041744649817282270_n-768x432.jpg 768w, https:\/\/soymigrante.com\/revista\/wp-content\/uploads\/2024\/12\/378561803_10231662640252854_5041744649817282270_n-1536x864.jpg 1536w, https:\/\/soymigrante.com\/revista\/wp-content\/uploads\/2024\/12\/378561803_10231662640252854_5041744649817282270_n-750x422.webp 750w, https:\/\/soymigrante.com\/revista\/wp-content\/uploads\/2024\/12\/378561803_10231662640252854_5041744649817282270_n-1140x641.webp 1140w, https:\/\/soymigrante.com\/revista\/wp-content\/uploads\/2024\/12\/378561803_10231662640252854_5041744649817282270_n.webp 1920w\" sizes=\"(max-width: 768px) 100vw, 768px\" title=\"Karolin y su familia aprovechan cada evento de la comunidad guatemalteca para buscar nuevos benefactores, cuyo nombre va en el paquete alimentario entregado a cada ni\u00f1o. No les interesa figurar sino solo ayudar, como una misi\u00f3n de fe. \u2013 SoyMigrante.com REVISTA\" \/>\t\t\t\t\t\t\t\t\t\t\t<figcaption class=\"widget-image-caption wp-caption-text\">Celebraci\u00f3n cultural con apoyo a la ni\u00f1ez en Guatemala, mostrando diversidad y cultura local en una manifestaci\u00f3n p\u00fablica en una calle con \u00e1rboles y postes de luz.<\/figcaption>\n\t\t\t\t\t\t\t\t\t\t<\/figure>\n\t\t\t\t\t\t\t\t\t<\/div>\n\t\t\t\t\t<\/div>\n\t\t\t\t<\/div>\n\t\t<div data-particle_enable=\"false\" data-particle-mobile-disabled=\"false\" class=\"elementor-element elementor-element-f2ccd06 e-flex e-con-boxed e-con e-parent\" data-id=\"f2ccd06\" data-element_type=\"container\" data-e-type=\"container\">\n\t\t\t\t\t<div class=\"e-con-inner\">\n\t\t\t\t<div class=\"elementor-element elementor-element-70b32fe elementor-widget elementor-widget-heading\" data-id=\"70b32fe\" data-element_type=\"widget\" data-e-type=\"widget\" data-widget_type=\"heading.default\">\n\t\t\t\t\t<h3 class=\"elementor-heading-title elementor-size-default\">La historia de Karolin, presidenta de KIKA<\/h3>\t\t\t\t<\/div>\n\t\t\t\t\t<\/div>\n\t\t\t\t<\/div>\n\t\t<div data-particle_enable=\"false\" data-particle-mobile-disabled=\"false\" class=\"elementor-element elementor-element-bfa649d e-flex e-con-boxed e-con e-parent\" data-id=\"bfa649d\" data-element_type=\"container\" data-e-type=\"container\">\n\t\t\t\t\t<div class=\"e-con-inner\">\n\t\t\t\t<div class=\"elementor-element elementor-element-58becd8 elementor-widget elementor-widget-text-editor\" data-id=\"58becd8\" data-element_type=\"widget\" data-e-type=\"widget\" data-widget_type=\"text-editor.default\">\n\t\t\t\t\t\t\t\t\t<p><span style=\"color: var( --e-global-color-text ); text-align: var(--text-align);\">&#8220;Mi mam\u00e1 migr\u00f3 a EE.UU. cuando yo ten\u00eda dos a\u00f1os y mi hermano solo unos meses. Me qued\u00e9 con mi abuelita y con mis t\u00edos gemelos. Tuve siempre amor, mucho amor de mi familia. Mi mam\u00e1 regres\u00f3 cuando yo ten\u00eda 7 a\u00f1os, para llevarme con ella. Pero mi abuelita no dej\u00f3.\u00a0 Mam\u00e1 regreso cuando ten\u00eda 11 y luego cuando ten\u00eda 15 a\u00f1os. Tampoco. Fue hasta que cumpl\u00ed 20, que me mud\u00e9 con mi mam\u00e1&#8221;<\/span><\/p><p><span style=\"color: var( --e-global-color-text ); text-align: var(--text-align);\">El cambio no fue sencillo y fue todo un desaf\u00edo: &#8220;Yo estaba estudiando primer a\u00f1o de odontolog\u00eda, pero en EE.UU. ya no pude seguir. Llor\u00e9 mucho por mis amigos. EStudi\u00e9 higienista dental, que no era lo mismo, pero pude trabajar en eso. Hice un trato con mi mam\u00e1: que podr\u00eda viajar a Guatemala dos veces al a\u00f1o, una en vacaciones de verano y la otra en diciembre para pasar la Navidad en Chiquimula&#8221;, relata la madre, esposa y migrante guatemalteca.<\/span><\/p><p>&#8220;Cuando me cas\u00e9, me dediqu\u00e9 a cuidar a mis hijas. Dej\u00e9 de trabajar varios a\u00f1os, pero ahora estoy en un programa de la Iglesia en el cual capacitamos a mam\u00e1s para que se empoderen, conozcan sus derechos y mejoren sus vidas&#8221;.<\/p><p>\u00a0<\/p>\t\t\t\t\t\t\t\t<\/div>\n\t\t\t\t\t<\/div>\n\t\t\t\t<\/div>\n\t\t<div data-particle_enable=\"false\" data-particle-mobile-disabled=\"false\" class=\"elementor-element elementor-element-aa81f3a e-flex e-con-boxed e-con e-parent\" data-id=\"aa81f3a\" data-element_type=\"container\" data-e-type=\"container\">\n\t\t\t\t\t<div class=\"e-con-inner\">\n\t\t\t\t<div class=\"elementor-element elementor-element-7981c8c elementor-widget elementor-widget-facebook-page\" data-id=\"7981c8c\" data-element_type=\"widget\" data-e-type=\"widget\" data-widget_type=\"facebook-page.default\">\n\t\t\t\t\t<div class=\"elementor-facebook-widget fb-page\" data-href=\"https:\/\/www.facebook.com\/KIKAorg.org\" data-tabs=\"timeline\" data-height=\"209px\" data-width=\"500px\" data-small-header=\"false\" data-hide-cover=\"false\" data-show-facepile=\"true\" data-hide-cta=\"false\" style=\"min-height: 1px;height:209px\"><\/div>\t\t\t\t<\/div>\n\t\t\t\t\t<\/div>\n\t\t\t\t<\/div>\n\t\t<div data-particle_enable=\"false\" data-particle-mobile-disabled=\"false\" class=\"elementor-element elementor-element-749f99a e-flex e-con-boxed e-con e-parent\" data-id=\"749f99a\" data-element_type=\"container\" data-e-type=\"container\">\n\t\t\t\t\t<div class=\"e-con-inner\">\n\t\t\t\t<div class=\"elementor-element elementor-element-c56212c elementor-widget elementor-widget-heading\" data-id=\"c56212c\" data-element_type=\"widget\" data-e-type=\"widget\" data-widget_type=\"heading.default\">\n\t\t\t\t\t<h3 class=\"elementor-heading-title elementor-size-default\">La misi\u00f3n crece y Dios siempre provee<\/h3>\t\t\t\t<\/div>\n\t\t\t\t\t<\/div>\n\t\t\t\t<\/div>\n\t\t<div data-particle_enable=\"false\" data-particle-mobile-disabled=\"false\" class=\"elementor-element elementor-element-810c642 e-flex e-con-boxed e-con e-parent\" data-id=\"810c642\" data-element_type=\"container\" data-e-type=\"container\">\n\t\t\t\t\t<div class=\"e-con-inner\">\n\t\t\t\t<div class=\"elementor-element elementor-element-5450d11 elementor-widget elementor-widget-text-editor\" data-id=\"5450d11\" data-element_type=\"widget\" data-e-type=\"widget\" data-widget_type=\"text-editor.default\">\n\t\t\t\t\t\t\t\t\t<p>Para los repartos de v\u00edveres, que se hacen en orden y solo para ni\u00f1os debidamente registrados, Karolin cuenta con el apoyo de una iglesia local, que conoce cada caso y lleva un control de entregas.<\/p>\n<p><span style=\"color: var( --e-global-color-text ); text-align: var(--text-align);\">Karolin viaj\u00f3 en 2022 a Guatemala por un duelo familiar, pero coincidi\u00f3 con un reparto de bolsas de alimentos. &#8220;Ver esos rostros de ni\u00f1os felices al recibir comida me llen\u00f3 de m\u00e1s energ\u00eda y motivaci\u00f3n. La necesitaba porque a<\/span><span style=\"color: var( --e-global-color-text ); text-align: var(--text-align);\">&nbsp;veces no hay recursos suficientes. En una ocasi\u00f3n, yo estaba desanimada, pensando si seguir o no.&nbsp; Esa noche me llama una persona que ten\u00eda tiempo de no hablarme y me dice: Karolin, he querido hablar contigo para decirte que cuentas con mi apoyo en lo que t\u00fa necesites y tengo una donaci\u00f3n para ti&#8221;.<\/span><\/p>\n<p>La migrante guatemalteca lo sinti\u00f3 como un llamado de Dios a seguir adelante, aunque haya cansancio y aparentemente no sea posible continuar: &#8220;Se\u00f1or esto es para tu honra y gloria. Te lo entrego y tu lo tienes en tus manos. S\u00e9 que siempre vas a proveer, aunque haya 60, 100 ni\u00f1os, no nos va a faltar para dar&#8221;.<\/p>\n<p>Y es as\u00ed como KIKA volver\u00e1 a alegrar la Navidad y sembrar esperanza en muchos ni\u00f1os en aldeas lejanas del corredor seco en Guatemala, todo gracias a una pr\u00e9dica que fue escuchada por dos jovencitas,&nbsp;<span style=\"font-family: Roboto, sans-serif; font-size: 16px; font-style: normal; font-variant-ligatures: normal; font-variant-caps: normal; font-weight: 400;\">Kiara y Kaili<\/span>, que siguen adelante con su esfuerzo siguiendo el consejo de su mam\u00e1: Karolin.<\/p>\t\t\t\t\t\t\t\t<\/div>\n\t\t\t\t\t<\/div>\n\t\t\t\t<\/div>\n\t\t<div data-particle_enable=\"false\" data-particle-mobile-disabled=\"false\" class=\"elementor-element elementor-element-f08ed5a e-flex e-con-boxed e-con e-parent\" data-id=\"f08ed5a\" data-element_type=\"container\" data-e-type=\"container\">\n\t\t\t\t\t<div class=\"e-con-inner\">\n\t\t\t\t<div class=\"elementor-element elementor-element-cabc751 elementor-widget elementor-widget-image\" data-id=\"cabc751\" data-element_type=\"widget\" data-e-type=\"widget\" data-widget_type=\"image.default\">\n\t\t\t\t\t\t\t\t\t\t\t\t<figure class=\"wp-caption\">\n\t\t\t\t\t\t\t\t\t\t<img loading=\"lazy\" decoding=\"async\" width=\"768\" height=\"557\" src=\"https:\/\/soymigrante.com\/revista\/wp-content\/uploads\/2024\/12\/karolin-espana-familia.webp\" class=\"attachment-large size-large wp-image-16907\" alt=\"Familia diversa y feliz en un entorno al aire libre, representando integraci\u00f3n y comunidad en la revista SoyMigrante.com REVISTA, enfocada en temas de migraci\u00f3n, cultura y comunidad hispana.\" srcset=\"https:\/\/soymigrante.com\/revista\/wp-content\/uploads\/2024\/12\/karolin-espana-familia.webp 795w, https:\/\/soymigrante.com\/revista\/wp-content\/uploads\/2024\/12\/karolin-espana-familia-300x218.jpg 300w, https:\/\/soymigrante.com\/revista\/wp-content\/uploads\/2024\/12\/karolin-espana-familia-768x557.jpg 768w, https:\/\/soymigrante.com\/revista\/wp-content\/uploads\/2024\/12\/karolin-espana-familia-120x86.webp 120w, https:\/\/soymigrante.com\/revista\/wp-content\/uploads\/2024\/12\/karolin-espana-familia-750x544.webp 750w\" sizes=\"(max-width: 768px) 100vw, 768px\" title=\"La familia de Karolin en el festejo de su cumplea\u00f1os el pasado domingo 15 de diciembre. Su mayor regalo ser\u00e1 ver las sonrisas de los ni\u00f1os que recibir\u00e1n su bolsa de v\u00edveres y tambi\u00e9n un juguete en los pr\u00f3ximos d\u00edas. La misi\u00f3n de KIKA sigue adelante. \u2013 SoyMigrante.com REVISTA\" \/>\t\t\t\t\t\t\t\t\t\t\t<figcaption class=\"widget-image-caption wp-caption-text\">La familia de Karolin en el festejo de su cumplea\u00f1os el pasado domingo 15 de diciembre. Su mayor regalo es tener donantes generosos, cuyo aporte se convertir\u00e1 en sonrisas de los ni\u00f1os que recibir\u00e1n su bolsa de v\u00edveres y tambi\u00e9n un juguete en los pr\u00f3ximos d\u00edas. La misi\u00f3n de KIKA sigue adelante.<\/figcaption>\n\t\t\t\t\t\t\t\t\t\t<\/figure>\n\t\t\t\t\t\t\t\t\t<\/div>\n\t\t\t\t\t<\/div>\n\t\t\t\t<\/div>\n\t\t<div data-particle_enable=\"false\" data-particle-mobile-disabled=\"false\" class=\"elementor-element elementor-element-8143b40 e-flex e-con-boxed e-con e-parent\" data-id=\"8143b40\" data-element_type=\"container\" data-e-type=\"container\">\n\t\t\t\t\t<div class=\"e-con-inner\">\n\t\t\t\t<div class=\"elementor-element elementor-element-c31a900 elementor-widget elementor-widget-heading\" data-id=\"c31a900\" data-element_type=\"widget\" data-e-type=\"widget\" data-widget_type=\"heading.default\">\n\t\t\t\t\t<h2 class=\"elementor-heading-title elementor-size-default\">M\u00e1s historias de solidaridad migrante sin fronteras<\/h2>\t\t\t\t<\/div>\n\t\t\t\t\t<\/div>\n\t\t\t\t<\/div>\n\t\t<div data-particle_enable=\"false\" data-particle-mobile-disabled=\"false\" class=\"elementor-element elementor-element-481f924 e-flex e-con-boxed e-con e-parent\" data-id=\"481f924\" data-element_type=\"container\" data-e-type=\"container\">\n\t\t\t\t\t<div class=\"e-con-inner\">\n\t\t\t\t<div class=\"elementor-element elementor-element-974098e elementor-grid-eael-col-3 elementor-grid-tablet-eael-col-2 elementor-grid-mobile-eael-col-1 elementor-widget elementor-widget-eael-post-grid\" data-id=\"974098e\" data-element_type=\"widget\" data-e-type=\"widget\" data-settings=\"{&quot;eael_post_grid_columns&quot;:&quot;eael-col-3&quot;,&quot;eael_post_grid_columns_tablet&quot;:&quot;eael-col-2&quot;,&quot;eael_post_grid_columns_mobile&quot;:&quot;eael-col-1&quot;}\" data-widget_type=\"eael-post-grid.default\">\n\t\t\t\t\t<div id=\"eael-post-grid-974098e\" class=\"eael-post-grid-container\">\n            <div class=\"eael-post-grid eael-post-appender eael-post-appender-974098e eael-post-grid-style-one\" data-layout-mode=\"masonry\"><article class=\"eael-grid-post  eael-post-grid-column eael-pg-post-9283 category-exitos\" data-id=\"9283\">\n        <div class=\"eael-grid-post-holder\">\n            <div class=\"eael-grid-post-holder-inner\"><div class=\"eael-entry-media\"><div class=\"eael-entry-overlay fade-in\"><i class=\"far fa-hand-pointer\" aria-hidden=\"true\"><\/i><a href=\"https:\/\/soymigrante.com\/revista\/carlos-horacio-diaz-fue-pionero-en-izar-la-bandera-de-guatemala-en-new-jersey-en-1986\/\"><\/a><\/div><div class=\"eael-entry-thumbnail \">\n                <img loading=\"lazy\" decoding=\"async\" width=\"849\" height=\"849\" src=\"https:\/\/soymigrante.com\/revista\/wp-content\/uploads\/2024\/09\/carlos-horacio-diaz-1.webp\" class=\"attachment-large size-large wp-image-9299\" alt=\"Guatemalteco migrante en Estados Unidos, orgulloso de su comunidad y cultura, participando en un evento de la Asociaci\u00f3n Guatemalteca de Paterson, Nueva Jersey.\" srcset=\"https:\/\/soymigrante.com\/revista\/wp-content\/uploads\/2024\/09\/carlos-horacio-diaz-1.webp 849w, https:\/\/soymigrante.com\/revista\/wp-content\/uploads\/2024\/09\/carlos-horacio-diaz-1-300x300.webp 300w, https:\/\/soymigrante.com\/revista\/wp-content\/uploads\/2024\/09\/carlos-horacio-diaz-1-150x150.webp 150w, https:\/\/soymigrante.com\/revista\/wp-content\/uploads\/2024\/09\/carlos-horacio-diaz-1-768x768.webp 768w, https:\/\/soymigrante.com\/revista\/wp-content\/uploads\/2024\/09\/carlos-horacio-diaz-1-75x75.webp 75w, https:\/\/soymigrante.com\/revista\/wp-content\/uploads\/2024\/09\/carlos-horacio-diaz-1-750x750.webp 750w\" sizes=\"(max-width: 849px) 100vw, 849px\" \/>\n            <\/div>\n        <\/div><div class=\"eael-entry-wrapper\"><header class=\"eael-entry-header\"><h2 class=\"eael-entry-title\"><a class=\"eael-grid-post-link\" href=\"https:\/\/soymigrante.com\/revista\/carlos-horacio-diaz-fue-pionero-en-izar-la-bandera-de-guatemala-en-new-jersey-en-1986\/\" title=\"Carlos Horacio D\u00edaz fue pionero en izar la bandera de Guatemala en New Jersey (\u00a1en 1986!) y sigue\">Carlos Horacio D\u00edaz fue pionero en izar la bandera de Guatemala en New Jersey (\u00a1en 1986!) y sigue<\/a><\/h2><\/header><div class=\"eael-entry-content\">\n                        <div class=\"eael-grid-post-excerpt\"><a href=\"https:\/\/soymigrante.com\/revista\/carlos-horacio-diaz-fue-pionero-en-izar-la-bandera-de-guatemala-en-new-jersey-en-1986\/\" class=\"eael-post-elements-readmore-btn\">CONOCE SU HISTORIA <\/a><\/div>\n                    <\/div><\/div><\/div>\n        <\/div>\n    <\/article><article class=\"eael-grid-post  eael-post-grid-column eael-pg-post-8692 category-exitos\" data-id=\"8692\">\n        <div class=\"eael-grid-post-holder\">\n            <div class=\"eael-grid-post-holder-inner\"><div class=\"eael-entry-media\"><div class=\"eael-entry-overlay fade-in\"><i class=\"far fa-hand-pointer\" aria-hidden=\"true\"><\/i><a href=\"https:\/\/soymigrante.com\/revista\/leonel-arenas-conecta-a-migrantes-en-connecticut-con-nobles-causas\/\"><\/a><\/div><div class=\"eael-entry-thumbnail \">\n                <img loading=\"lazy\" decoding=\"async\" width=\"562\" height=\"562\" src=\"https:\/\/soymigrante.com\/revista\/wp-content\/uploads\/2024\/09\/leonel-arenas-migrante-1.webp\" class=\"attachment-large size-large wp-image-8693\" alt=\"Nueva York, celebraci\u00f3n de la cultura guatemalteca con inmigrantes en la calle, sosteniendo la bandera nacional, en un entorno urbano moderno.\" srcset=\"https:\/\/soymigrante.com\/revista\/wp-content\/uploads\/2024\/09\/leonel-arenas-migrante-1.webp 562w, https:\/\/soymigrante.com\/revista\/wp-content\/uploads\/2024\/09\/leonel-arenas-migrante-1-300x300.webp 300w, https:\/\/soymigrante.com\/revista\/wp-content\/uploads\/2024\/09\/leonel-arenas-migrante-1-150x150.webp 150w, https:\/\/soymigrante.com\/revista\/wp-content\/uploads\/2024\/09\/leonel-arenas-migrante-1-75x75.webp 75w\" sizes=\"(max-width: 562px) 100vw, 562px\" \/>\n            <\/div>\n        <\/div><div class=\"eael-entry-wrapper\"><header class=\"eael-entry-header\"><h2 class=\"eael-entry-title\"><a class=\"eael-grid-post-link\" href=\"https:\/\/soymigrante.com\/revista\/leonel-arenas-conecta-a-migrantes-en-connecticut-con-nobles-causas\/\" title=\"Leonel Arenas conecta a migrantes en Connecticut con nobles causas\">Leonel Arenas conecta a migrantes en Connecticut con nobles causas<\/a><\/h2><\/header><div class=\"eael-entry-content\">\n                        <div class=\"eael-grid-post-excerpt\"><a href=\"https:\/\/soymigrante.com\/revista\/leonel-arenas-conecta-a-migrantes-en-connecticut-con-nobles-causas\/\" class=\"eael-post-elements-readmore-btn\">CONOCE SU HISTORIA <\/a><\/div>\n                    <\/div><\/div><\/div>\n        <\/div>\n    <\/article><article class=\"eael-grid-post  eael-post-grid-column eael-pg-post-5160 category-exitos\" data-id=\"5160\">\n        <div class=\"eael-grid-post-holder\">\n            <div class=\"eael-grid-post-holder-inner\"><div class=\"eael-entry-media\"><div class=\"eael-entry-overlay fade-in\"><i class=\"far fa-hand-pointer\" aria-hidden=\"true\"><\/i><a href=\"https:\/\/soymigrante.com\/revista\/willy-barreno-ayuda-migrantes-quetzaltenango-proyecto\/\"><\/a><\/div><div class=\"eael-entry-thumbnail \">\n                <img loading=\"lazy\" decoding=\"async\" width=\"1024\" height=\"768\" src=\"https:\/\/soymigrante.com\/revista\/wp-content\/uploads\/2024\/03\/Chef-Willy-Barreno-3-1024x768.webp\" class=\"attachment-large size-large wp-image-5186\" alt=\"\" srcset=\"https:\/\/soymigrante.com\/revista\/wp-content\/uploads\/2024\/03\/Chef-Willy-Barreno-3-1024x768.webp 1024w, https:\/\/soymigrante.com\/revista\/wp-content\/uploads\/2024\/03\/Chef-Willy-Barreno-3-300x225.webp 300w, https:\/\/soymigrante.com\/revista\/wp-content\/uploads\/2024\/03\/Chef-Willy-Barreno-3-768x576.webp 768w, https:\/\/soymigrante.com\/revista\/wp-content\/uploads\/2024\/03\/Chef-Willy-Barreno-3-750x563.webp 750w, https:\/\/soymigrante.com\/revista\/wp-content\/uploads\/2024\/03\/Chef-Willy-Barreno-3-1140x855.webp 1140w, https:\/\/soymigrante.com\/revista\/wp-content\/uploads\/2024\/03\/Chef-Willy-Barreno-3.webp 1440w\" sizes=\"(max-width: 1024px) 100vw, 1024px\" \/>\n            <\/div>\n        <\/div><div class=\"eael-entry-wrapper\"><header class=\"eael-entry-header\"><h2 class=\"eael-entry-title\"><a class=\"eael-grid-post-link\" href=\"https:\/\/soymigrante.com\/revista\/willy-barreno-ayuda-migrantes-quetzaltenango-proyecto\/\" title=\"Willy Barreno: chef migrante ayuda a migrantes en su propia tierra\">Willy Barreno: chef migrante ayuda a migrantes en su propia tierra<\/a><\/h2><\/header><div class=\"eael-entry-content\">\n                        <div class=\"eael-grid-post-excerpt\"><a href=\"https:\/\/soymigrante.com\/revista\/willy-barreno-ayuda-migrantes-quetzaltenango-proyecto\/\" class=\"eael-post-elements-readmore-btn\">CONOCE SU HISTORIA <\/a><\/div>\n                    <\/div><\/div><\/div>\n        <\/div>\n    <\/article><\/div>\n            <div class=\"clearfix\"><\/div>\n        <\/div>\t\t\t\t<\/div>\n\t\t\t\t\t<\/div>\n\t\t\t\t<\/div>\n\t\t\t\t<\/div>\n\t\t","protected":false},"excerpt":{"rendered":"<p>Durante la pandemia, la migrante Karolin Rasc\u00f3n-Espa\u00f1a y su familia escucharon un serm\u00f3n en TV en el que se habl\u00f3 de la desnutrici\u00f3n infantil en Guatemala. Sus hijas Kiara y Kaili le dijeron: &#8220;Tenemos que hacer algo&#8221;. As\u00ed naci\u00f3 KIKA. Con apoyo de amigos y estudiantes env\u00eda ayuda alimentaria al Corredor Seco, en Guatemala. KIKA [&hellip;]<\/p>\n","protected":false},"author":7,"featured_media":16901,"comment_status":"open","ping_status":"open","sticky":false,"template":"","format":"standard","meta":{"_acf_changed":false,"_eb_attr":"","footnotes":""},"categories":[50],"tags":[],"class_list":["post-16900","post","type-post","status-publish","format-standard","has-post-thumbnail","hentry","category-exitos"],"acf":[],"aioseo_notices":[],"aioseo_head":"\n\t\t<!-- All in One SEO Pro 4.9.6.2 - aioseo.com -->\n\t<meta name=\"description\" content=\"La muerte de una madre migrante cambi\u00f3 la vida del chef guatemalteco Willy Barreno quien desde Estados Unidos inici\u00f3 cre\u00f3 un proyecto social con sede en Quetzaltenango para capacitar a j\u00f3venes y apoyar a retornados. Willy Barreno migr\u00f3 a Estados Unidos en 1996, su objetivo: cumplir el anhelado sue\u00f1o americano. Sin embargo, la vida misma\" \/>\n\t<meta name=\"robots\" content=\"max-snippet:-1, max-image-preview:large, max-video-preview:-1\" \/>\n\t<meta name=\"author\" content=\"Gustavo Montenegro\"\/>\n\t<link rel=\"canonical\" href=\"https:\/\/soymigrante.com\/revista\/karolin-espana-dirige-kika-proyecto-de-ayuda-alimentaria-impulsado-por-sus-hijas\/\" \/>\n\t<meta name=\"generator\" content=\"All in One SEO Pro (AIOSEO) 4.9.6.2\" \/>\n\n\t\t<link rel=\"preconnect\" href=\"https:\/\/fonts.googleapis.com\" crossorigin>\n<link rel=\"preconnect\" href=\"https:\/\/fonts.gstatic.com\" crossorigin>\n\t\t<meta property=\"og:locale\" content=\"es_ES\" \/>\n\t\t<meta property=\"og:site_name\" content=\"SoyMigrante.com REVISTA \u2013 Nuestra misi\u00f3n es reconocer y dignificar al migrante.\" \/>\n\t\t<meta property=\"og:type\" content=\"article\" \/>\n\t\t<meta property=\"og:title\" content=\"Karolin dirige KIKA, iniciativa de ayuda de L.A. a Guatemala\" \/>\n\t\t<meta property=\"og:description\" content=\"Karolin Rasc\u00f3n-Espa\u00f1a, migrante guatemalteca en Los Angeles recauda ayuda para familias del Corredor Seco, un proyecto inspirado por sus hijas KIara y KAili.\" \/>\n\t\t<meta property=\"og:url\" content=\"https:\/\/soymigrante.com\/revista\/karolin-espana-dirige-kika-proyecto-de-ayuda-alimentaria-impulsado-por-sus-hijas\/\" \/>\n\t\t<meta property=\"og:image\" content=\"https:\/\/soymigrante.com\/revista\/wp-content\/uploads\/2024\/12\/historia-karolin-espana-KIKA.webp\" \/>\n\t\t<meta property=\"og:image:secure_url\" content=\"https:\/\/soymigrante.com\/revista\/wp-content\/uploads\/2024\/12\/historia-karolin-espana-KIKA.webp\" \/>\n\t\t<meta property=\"og:image:width\" content=\"861\" \/>\n\t\t<meta property=\"og:image:height\" content=\"861\" \/>\n\t\t<meta property=\"article:published_time\" content=\"2024-12-17T12:00:00+00:00\" \/>\n\t\t<meta property=\"article:modified_time\" content=\"2024-12-22T00:47:29+00:00\" \/>\n\t\t<meta property=\"article:publisher\" content=\"https:\/\/www.facebook.com\/soymigrantecom\" \/>\n\t\t<meta name=\"twitter:card\" content=\"summary_large_image\" \/>\n\t\t<meta name=\"twitter:site\" content=\"@SoyMigrante_com\" \/>\n\t\t<meta name=\"twitter:title\" content=\"Karolin dirige KIKA, iniciativa de ayuda de L.A. a Guatemala\" \/>\n\t\t<meta name=\"twitter:description\" content=\"Karolin Rasc\u00f3n-Espa\u00f1a, migrante guatemalteca en Los Angeles recauda ayuda para familias del Corredor Seco, un proyecto inspirado por sus hijas KIara y KAili.\" \/>\n\t\t<meta name=\"twitter:creator\" content=\"@SoyMigrante_com\" \/>\n\t\t<meta name=\"twitter:image\" content=\"https:\/\/soymigrante.com\/revista\/wp-content\/uploads\/2024\/12\/historia-karolin-espana-KIKA.webp\" \/>\n\t\t<!-- All in One SEO Pro -->\r\n\t\t<title>Karolin dirige KIKA, iniciativa de ayuda de L.A. a Guatemala<\/title>\n\n","aioseo_head_json":{"title":"Karolin dirige KIKA, iniciativa de ayuda de L.A. a Guatemala","description":"Karolin Rasc\u00f3n-Espa\u00f1a, migrante guatemalteca en Los Angeles recauda ayuda para familias del Corredor Seco, un proyecto inspirado por sus hijas KIara y KAili.","canonical_url":"https:\/\/soymigrante.com\/revista\/karolin-espana-dirige-kika-proyecto-de-ayuda-alimentaria-impulsado-por-sus-hijas\/","robots":"max-snippet:-1, max-image-preview:large, max-video-preview:-1","keywords":"","webmasterTools":{"miscellaneous":"&lt;link rel=\"preconnect\" href=\"https:\/\/fonts.googleapis.com\" crossorigin&gt;\n&lt;link rel=\"preconnect\" href=\"https:\/\/fonts.gstatic.com\" crossorigin&gt;"},"schema":null,"og:locale":"es_ES","og:site_name":"SoyMigrante.com REVISTA \u2013 Nuestra misi\u00f3n es reconocer y dignificar al migrante.","og:type":"article","og:title":"Karolin dirige KIKA, iniciativa de ayuda de L.A. a Guatemala","og:description":"Karolin Rasc\u00f3n-Espa\u00f1a, migrante guatemalteca en Los Angeles recauda ayuda para familias del Corredor Seco, un proyecto inspirado por sus hijas KIara y KAili.","og:url":"https:\/\/soymigrante.com\/revista\/karolin-espana-dirige-kika-proyecto-de-ayuda-alimentaria-impulsado-por-sus-hijas\/","og:image":"https:\/\/soymigrante.com\/revista\/wp-content\/uploads\/2024\/12\/historia-karolin-espana-KIKA.webp","og:image:secure_url":"https:\/\/soymigrante.com\/revista\/wp-content\/uploads\/2024\/12\/historia-karolin-espana-KIKA.webp","og:image:width":861,"og:image:height":861,"article:published_time":"2024-12-17T12:00:00+00:00","article:modified_time":"2024-12-22T00:47:29+00:00","article:publisher":"https:\/\/www.facebook.com\/soymigrantecom","twitter:card":"summary_large_image","twitter:site":"@SoyMigrante_com","twitter:title":"Karolin dirige KIKA, iniciativa de ayuda de L.A. a Guatemala","twitter:description":"Karolin Rasc\u00f3n-Espa\u00f1a, migrante guatemalteca en Los Angeles recauda ayuda para familias del Corredor Seco, un proyecto inspirado por sus hijas KIara y KAili.","twitter:creator":"@SoyMigrante_com","twitter:image":"https:\/\/soymigrante.com\/revista\/wp-content\/uploads\/2024\/12\/historia-karolin-espana-KIKA.webp"},"aioseo_meta_data":{"post_id":"16900","title":"Karolin dirige KIKA, iniciativa de ayuda de L.A. a Guatemala","description":"Karolin Rasc\u00f3n-Espa\u00f1a, migrante guatemalteca en Los Angeles recauda ayuda para familias del Corredor Seco, un proyecto inspirado por sus hijas KIara y KAili.","keywords":null,"keyphrases":{"focus":{"keyphrase":"Guatemala","score":59,"analysis":{"keyphraseInTitle":{"score":9,"maxScore":9,"error":0},"keyphraseInDescription":{"score":3,"maxScore":9,"error":1},"keyphraseLength":{"score":9,"maxScore":9,"error":0,"length":1},"keyphraseInURL":{"score":1,"maxScore":5,"error":1},"keyphraseInIntroduction":{"score":3,"maxScore":9,"error":1},"keyphraseInSubHeadings":{"score":3,"maxScore":9,"error":1},"keyphraseInImageAlt":{"score":3,"maxScore":9,"error":1},"keywordDensity":{"type":"best","score":9,"maxScore":9,"error":0}}},"additional":[{"keyphrase":"Ayuda","score":87,"analysis":{"keyphraseInDescription":{"score":9,"maxScore":9,"error":0},"keyphraseLength":{"score":9,"maxScore":9,"error":0,"length":1},"keyphraseInIntroduction":{"score":3,"maxScore":9,"error":1},"keyphraseInImageAlt":{"score":9,"maxScore":9,"error":0},"keywordDensity":{"type":"best","score":9,"maxScore":9,"error":0}}},{"keyphrase":"KIKA","score":87,"analysis":{"keyphraseInDescription":{"score":3,"maxScore":9,"error":1},"keyphraseLength":{"score":9,"maxScore":9,"error":0,"length":1},"keyphraseInIntroduction":{"score":9,"maxScore":9,"error":0},"keyphraseInImageAlt":{"score":9,"maxScore":9,"error":0},"keywordDensity":{"type":"best","score":9,"maxScore":9,"error":0}}},{"keyphrase":"Desnutrici\u00f3n","score":40,"analysis":{"keyphraseInDescription":{"score":3,"maxScore":9,"error":1},"keyphraseLength":{"score":9,"maxScore":9,"error":0,"length":2},"keyphraseInIntroduction":{"score":3,"maxScore":9,"error":1},"keyphraseInImageAlt":{"score":3,"maxScore":9,"error":1},"keywordDensity":{"score":0,"type":"low","maxScore":9,"error":1}}},{"keyphrase":"Migrante","score":100,"analysis":{"keyphraseInDescription":{"score":9,"maxScore":9,"error":0},"keyphraseLength":{"score":9,"maxScore":9,"error":0,"length":1},"keyphraseInIntroduction":{"score":9,"maxScore":9,"error":0},"keyphraseInImageAlt":{"score":9,"maxScore":9,"error":0},"keywordDensity":{"type":"best","score":9,"maxScore":9,"error":0}}},{"keyphrase":"Guatemalteca","score":80,"analysis":{"keyphraseInDescription":{"score":9,"maxScore":9,"error":0},"keyphraseLength":{"score":9,"maxScore":9,"error":0,"length":1},"keyphraseInIntroduction":{"score":9,"maxScore":9,"error":0},"keyphraseInImageAlt":{"score":9,"maxScore":9,"error":0},"keywordDensity":{"score":0,"type":"low","maxScore":9,"error":1}}}]},"primary_term":null,"canonical_url":null,"og_title":null,"og_description":null,"og_object_type":"default","og_image_type":"default","og_image_url":null,"og_image_width":null,"og_image_height":null,"og_image_custom_url":null,"og_image_custom_fields":null,"og_video":"","og_custom_url":null,"og_article_section":null,"og_article_tags":null,"twitter_use_og":false,"twitter_card":"default","twitter_image_type":"default","twitter_image_url":null,"twitter_image_custom_url":null,"twitter_image_custom_fields":null,"twitter_title":null,"twitter_description":null,"schema":{"blockGraphs":[],"customGraphs":[],"default":{"data":{"Article":[],"Course":[],"Dataset":[],"FAQPage":[],"Movie":[],"Person":[],"Product":[],"ProductReview":[],"Car":[],"Recipe":[],"Service":[],"SoftwareApplication":[],"WebPage":[]},"graphName":"Article","isEnabled":true},"graphs":[]},"schema_type":"default","schema_type_options":null,"pillar_content":false,"robots_default":true,"robots_noindex":false,"robots_noarchive":false,"robots_nosnippet":false,"robots_nofollow":false,"robots_noimageindex":false,"robots_noodp":false,"robots_notranslate":false,"robots_max_snippet":"-1","robots_max_videopreview":"-1","robots_max_imagepreview":"large","priority":null,"frequency":"default","local_seo":null,"seo_analyzer_scan_date":"2025-10-09 01:06:11","breadcrumb_settings":null,"limit_modified_date":false,"reviewed_by":null,"open_ai":"{\"title\":{\"suggestions\":[],\"usage\":0},\"description\":{\"suggestions\":[],\"usage\":0}}","ai":null,"created":"2024-12-17 04:52:05","updated":"2026-02-04 18:27:06"},"aioseo_breadcrumb":"<div class=\"aioseo-breadcrumbs\"><span class=\"aioseo-breadcrumb\">\n\t<a href=\"https:\/\/soymigrante.com\/revista\" title=\"Home\">Home<\/a>\n<\/span><span class=\"aioseo-breadcrumb-separator\">\u00bb<\/span><span class=\"aioseo-breadcrumb\">\n\t<a href=\"https:\/\/soymigrante.com\/revista\/category\/exitos\/\" title=\"\u00c9xitos\">\u00c9xitos<\/a>\n<\/span><span class=\"aioseo-breadcrumb-separator\">\u00bb<\/span><span class=\"aioseo-breadcrumb\">\n\tKarolin Rasc\u00f3n dirige KIKA, iniciativa de ayuda alimentaria desde L.A. a Guatemala, inspirada por sus hijas Kiara y Kaili\n<\/span><\/div>","aioseo_breadcrumb_json":[{"label":"Home","link":"https:\/\/soymigrante.com\/revista"},{"label":"\u00c9xitos","link":"https:\/\/soymigrante.com\/revista\/category\/exitos\/"},{"label":"Karolin Rasc\u00f3n dirige KIKA, iniciativa de ayuda alimentaria desde L.A. a Guatemala, inspirada por sus hijas Kiara y Kaili","link":"https:\/\/soymigrante.com\/revista\/karolin-espana-dirige-kika-proyecto-de-ayuda-alimentaria-impulsado-por-sus-hijas\/"}],"_links":{"self":[{"href":"https:\/\/soymigrante.com\/revista\/wp-json\/wp\/v2\/posts\/16900","targetHints":{"allow":["GET"]}}],"collection":[{"href":"https:\/\/soymigrante.com\/revista\/wp-json\/wp\/v2\/posts"}],"about":[{"href":"https:\/\/soymigrante.com\/revista\/wp-json\/wp\/v2\/types\/post"}],"author":[{"embeddable":true,"href":"https:\/\/soymigrante.com\/revista\/wp-json\/wp\/v2\/users\/7"}],"replies":[{"embeddable":true,"href":"https:\/\/soymigrante.com\/revista\/wp-json\/wp\/v2\/comments?post=16900"}],"version-history":[{"count":0,"href":"https:\/\/soymigrante.com\/revista\/wp-json\/wp\/v2\/posts\/16900\/revisions"}],"wp:featuredmedia":[{"embeddable":true,"href":"https:\/\/soymigrante.com\/revista\/wp-json\/wp\/v2\/media\/16901"}],"wp:attachment":[{"href":"https:\/\/soymigrante.com\/revista\/wp-json\/wp\/v2\/media?parent=16900"}],"wp:term":[{"taxonomy":"category","embeddable":true,"href":"https:\/\/soymigrante.com\/revista\/wp-json\/wp\/v2\/categories?post=16900"},{"taxonomy":"post_tag","embeddable":true,"href":"https:\/\/soymigrante.com\/revista\/wp-json\/wp\/v2\/tags?post=16900"}],"curies":[{"name":"wp","href":"https:\/\/api.w.org\/{rel}","templated":true}]}}