{"id":16850,"date":"2024-12-16T18:01:15","date_gmt":"2024-12-17T00:01:15","guid":{"rendered":"https:\/\/soymigrante.com\/revista\/?p=16850"},"modified":"2024-12-21T22:00:52","modified_gmt":"2024-12-22T04:00:52","slug":"paseo-por-un-mercadito-navideno-guatemalteco-una-galeria-de-colores-alegrias-y-recuerdos","status":"publish","type":"post","link":"https:\/\/soymigrante.com\/revista\/paseo-por-un-mercadito-navideno-guatemalteco-una-galeria-de-colores-alegrias-y-recuerdos\/","title":{"rendered":"Paseo por un mercadito navide\u00f1o guatemalteco: una galer\u00eda de colores, alegr\u00edas y recuerdos"},"content":{"rendered":"\t\t<div data-elementor-type=\"wp-post\" data-elementor-id=\"16850\" class=\"elementor elementor-16850\" data-elementor-post-type=\"post\">\n\t\t\t\t<div data-particle_enable=\"false\" data-particle-mobile-disabled=\"false\" class=\"elementor-element elementor-element-f5bcd90 e-flex e-con-boxed e-con e-parent\" data-id=\"f5bcd90\" data-element_type=\"container\" data-e-type=\"container\">\n\t\t\t\t\t<div class=\"e-con-inner\">\n\t\t\t\t<div class=\"elementor-element elementor-element-43753fe elementor-widget elementor-widget-heading\" data-id=\"43753fe\" data-element_type=\"widget\" data-e-type=\"widget\" data-widget_type=\"heading.default\">\n\t\t\t\t\t<h2 class=\"elementor-heading-title elementor-size-default\">Cada diciembre y cada Navidad traen el mismo mercadito (pero sabemos que  no es el mismo, porque es de otro a\u00f1o m\u00e1s): hay cerritos de aserr\u00edn, estrellas con alambre, foquitos intermitentes, ventas de ropa, de figuras para nacimiento, de esferas para un arbolito que ya no existe porque hay otro en su lugar...<\/h2>\t\t\t\t<\/div>\n\t\t\t\t\t<\/div>\n\t\t\t\t<\/div>\n\t\t<div data-particle_enable=\"false\" data-particle-mobile-disabled=\"false\" class=\"elementor-element elementor-element-a3e1fb4 e-flex e-con-boxed e-con e-parent\" data-id=\"a3e1fb4\" data-element_type=\"container\" data-e-type=\"container\">\n\t\t\t\t\t<div class=\"e-con-inner\">\n\t\t\t\t<div class=\"elementor-element elementor-element-a108e68 elementor-widget elementor-widget-text-editor\" data-id=\"a108e68\" data-element_type=\"widget\" data-e-type=\"widget\" data-widget_type=\"text-editor.default\">\n\t\t\t\t\t\t\t\t\t<p>Aunque se recicle el mismo arbolito del a\u00f1o pasado, que nos qued\u00f3 tan bonito, no ser\u00e1 igual ni tendr\u00e1 las luces ni las esfera en el mismo sitio. Habr\u00e1 girado sin que nadie se de cuenta, as\u00ed como todos nosotros hemos girado alrededor del sol otro a\u00f1o, hasta llegar al lugar del cielo desde donde se ve la estrella de Navidad.<\/p><p>Dicen unos que la Navidad no es en diciembre sino en octubre. Pero \u00bfqu\u00e9 importa?\u00a0 Igual no sabemos si el buey iba a la derecha o la izquierda del establo. O si el rey mago canchito va primero, o primero va el moreno. No importa, porque la Navidad es tiempo de luz para todos, de paz para todos los hombres y mujeres de buena voluntad, ya sea que se reunan en una casa, o est\u00e9n separados por 5 mil kil\u00f3metros de por medio, cuando el migrante guatemalteco llama a su barrio en zona 6 desde Nueva Yor,k o desde Montana, para decirle Feliz Navidad a su mam\u00e1.\u00a0<\/p><p>Recordando aquellos tiempos en que iban al mercadito navide\u00f1o a comprar musgo, figuritas, una serie de 50 luces o quiz\u00e1 el &#8220;estreno&#8221; en una venta de la calle. <br \/>Feliz Navidad a los guatemaltecos, dentro o fuera de Guatemala, que quiz\u00e1 llevan en la memoria alguna imagen como estas.\u00a0\u00a0<\/p><p>Agradecemos a Comunicaci\u00f3n Social de la Municipalidad de Guatemala por las im\u00e1genes.<\/p>\t\t\t\t\t\t\t\t<\/div>\n\t\t\t\t\t<\/div>\n\t\t\t\t<\/div>\n\t\t<div data-particle_enable=\"false\" data-particle-mobile-disabled=\"false\" class=\"elementor-element elementor-element-760af4b e-flex e-con-boxed e-con e-parent\" data-id=\"760af4b\" data-element_type=\"container\" data-e-type=\"container\">\n\t\t\t\t\t<div class=\"e-con-inner\">\n\t\t\t\t<div class=\"elementor-element elementor-element-b63c9b3 elementor-invisible elementor-widget elementor-widget-image\" data-id=\"b63c9b3\" data-element_type=\"widget\" data-e-type=\"widget\" data-settings=\"{&quot;_animation&quot;:&quot;rotateInUpRight&quot;}\" data-widget_type=\"image.default\">\n\t\t\t\t\t\t\t\t\t\t\t\t<figure class=\"wp-caption\">\n\t\t\t\t\t\t\t\t\t\t<img fetchpriority=\"high\" decoding=\"async\" width=\"1024\" height=\"683\" src=\"https:\/\/soymigrante.com\/revista\/wp-content\/uploads\/2024\/12\/mercado-navideno-fotos-muniguate-12-1024x683.jpg\" class=\"attachment-large size-large wp-image-16873\" alt=\"Luces navide\u00f1as y decoraci\u00f3n en la revista SoyMigrante.com, mostrando la alegr\u00eda de la comunidad migrante durante la temporada festiva.\" srcset=\"https:\/\/soymigrante.com\/revista\/wp-content\/uploads\/2024\/12\/mercado-navideno-fotos-muniguate-12-1024x683.jpg 1024w, https:\/\/soymigrante.com\/revista\/wp-content\/uploads\/2024\/12\/mercado-navideno-fotos-muniguate-12-300x200.jpg 300w, https:\/\/soymigrante.com\/revista\/wp-content\/uploads\/2024\/12\/mercado-navideno-fotos-muniguate-12-768x512.jpg 768w, https:\/\/soymigrante.com\/revista\/wp-content\/uploads\/2024\/12\/mercado-navideno-fotos-muniguate-12-1536x1024.jpg 1536w, https:\/\/soymigrante.com\/revista\/wp-content\/uploads\/2024\/12\/mercado-navideno-fotos-muniguate-12-750x500.webp 750w, https:\/\/soymigrante.com\/revista\/wp-content\/uploads\/2024\/12\/mercado-navideno-fotos-muniguate-12-1140x760.webp 1140w, https:\/\/soymigrante.com\/revista\/wp-content\/uploads\/2024\/12\/mercado-navideno-fotos-muniguate-12.webp 1600w\" sizes=\"(max-width: 1024px) 100vw, 1024px\" \/>\t\t\t\t\t\t\t\t\t\t\t<figcaption class=\"widget-image-caption wp-caption-text\">Disfrutando de la alegr\u00eda navide\u00f1a en la revista SoyMigrante.com con luces, decoraci\u00f3n y comunidad migrante celebrando las fiestas.<\/figcaption>\n\t\t\t\t\t\t\t\t\t\t<\/figure>\n\t\t\t\t\t\t\t\t\t<\/div>\n\t\t\t\t\t<\/div>\n\t\t\t\t<\/div>\n\t\t<div data-particle_enable=\"false\" data-particle-mobile-disabled=\"false\" class=\"elementor-element elementor-element-1a33322 e-flex e-con-boxed e-con e-parent\" data-id=\"1a33322\" data-element_type=\"container\" data-e-type=\"container\">\n\t\t\t\t\t<div class=\"e-con-inner\">\n\t\t\t\t<div class=\"elementor-element elementor-element-d71f92c elementor-invisible elementor-widget elementor-widget-image\" data-id=\"d71f92c\" data-element_type=\"widget\" data-e-type=\"widget\" data-settings=\"{&quot;_animation&quot;:&quot;rotateInDownLeft&quot;}\" data-widget_type=\"image.default\">\n\t\t\t\t\t\t\t\t\t\t\t\t<figure class=\"wp-caption\">\n\t\t\t\t\t\t\t\t\t\t<img decoding=\"async\" width=\"1024\" height=\"683\" src=\"https:\/\/soymigrante.com\/revista\/wp-content\/uploads\/2024\/12\/mercado-navideno-fotos-muniguate-25-1024x683.jpg\" class=\"attachment-large size-large wp-image-16874\" alt=\"Vasijas con colorantes naturales para te\u00f1ido art\u00edstico y textile en un mercado local.\" srcset=\"https:\/\/soymigrante.com\/revista\/wp-content\/uploads\/2024\/12\/mercado-navideno-fotos-muniguate-25-1024x683.jpg 1024w, https:\/\/soymigrante.com\/revista\/wp-content\/uploads\/2024\/12\/mercado-navideno-fotos-muniguate-25-300x200.jpg 300w, https:\/\/soymigrante.com\/revista\/wp-content\/uploads\/2024\/12\/mercado-navideno-fotos-muniguate-25-768x512.jpg 768w, https:\/\/soymigrante.com\/revista\/wp-content\/uploads\/2024\/12\/mercado-navideno-fotos-muniguate-25-1536x1024.jpg 1536w, https:\/\/soymigrante.com\/revista\/wp-content\/uploads\/2024\/12\/mercado-navideno-fotos-muniguate-25-750x500.webp 750w, https:\/\/soymigrante.com\/revista\/wp-content\/uploads\/2024\/12\/mercado-navideno-fotos-muniguate-25-1140x760.webp 1140w, https:\/\/soymigrante.com\/revista\/wp-content\/uploads\/2024\/12\/mercado-navideno-fotos-muniguate-25.webp 1600w\" sizes=\"(max-width: 1024px) 100vw, 1024px\" \/>\t\t\t\t\t\t\t\t\t\t\t<figcaption class=\"widget-image-caption wp-caption-text\">Tazones con colorantes vibrantes y coloridos para tintes y manualidades en un mercado de artesan\u00edas.<\/figcaption>\n\t\t\t\t\t\t\t\t\t\t<\/figure>\n\t\t\t\t\t\t\t\t\t<\/div>\n\t\t\t\t\t<\/div>\n\t\t\t\t<\/div>\n\t\t<div data-particle_enable=\"false\" data-particle-mobile-disabled=\"false\" class=\"elementor-element elementor-element-f9644ac e-flex e-con-boxed e-con e-parent\" data-id=\"f9644ac\" data-element_type=\"container\" data-e-type=\"container\">\n\t\t\t\t\t<div class=\"e-con-inner\">\n\t\t\t\t<div class=\"elementor-element elementor-element-c4807ba elementor-invisible elementor-widget elementor-widget-image\" data-id=\"c4807ba\" data-element_type=\"widget\" data-e-type=\"widget\" data-settings=\"{&quot;_animation&quot;:&quot;rotateInUpRight&quot;}\" data-widget_type=\"image.default\">\n\t\t\t\t\t\t\t\t\t\t\t\t<figure class=\"wp-caption\">\n\t\t\t\t\t\t\t\t\t\t<img decoding=\"async\" width=\"1024\" height=\"683\" src=\"https:\/\/soymigrante.com\/revista\/wp-content\/uploads\/2024\/12\/mercado-navideno-fotos-muniguate-15-1-1024x683.jpg\" class=\"attachment-large size-large wp-image-16876\" alt=\"Mu\u00f1ecos navide\u00f1os y decoraci\u00f3n tradicional en mercado mexicano, ambiente festivo y familiar, ventas de art\u00edculos de temporada, celebraci\u00f3n navide\u00f1a, cultura mexicana, souvenirs y adornos navide\u00f1os.\" srcset=\"https:\/\/soymigrante.com\/revista\/wp-content\/uploads\/2024\/12\/mercado-navideno-fotos-muniguate-15-1-1024x683.jpg 1024w, https:\/\/soymigrante.com\/revista\/wp-content\/uploads\/2024\/12\/mercado-navideno-fotos-muniguate-15-1-300x200.jpg 300w, https:\/\/soymigrante.com\/revista\/wp-content\/uploads\/2024\/12\/mercado-navideno-fotos-muniguate-15-1-768x512.jpg 768w, https:\/\/soymigrante.com\/revista\/wp-content\/uploads\/2024\/12\/mercado-navideno-fotos-muniguate-15-1-1536x1024.jpg 1536w, https:\/\/soymigrante.com\/revista\/wp-content\/uploads\/2024\/12\/mercado-navideno-fotos-muniguate-15-1-750x500.webp 750w, https:\/\/soymigrante.com\/revista\/wp-content\/uploads\/2024\/12\/mercado-navideno-fotos-muniguate-15-1-1140x760.webp 1140w, https:\/\/soymigrante.com\/revista\/wp-content\/uploads\/2024\/12\/mercado-navideno-fotos-muniguate-15-1.webp 1600w\" sizes=\"(max-width: 1024px) 100vw, 1024px\" \/>\t\t\t\t\t\t\t\t\t\t\t<figcaption class=\"widget-image-caption wp-caption-text\">Ni\u00f1o en mercado mexicano rodeado de figuras navide\u00f1as, incluyendo nacimientos y adornos tradicionales, representando la cultura y festividades de la temporada navide\u00f1a en M\u00e9xico.<\/figcaption>\n\t\t\t\t\t\t\t\t\t\t<\/figure>\n\t\t\t\t\t\t\t\t\t<\/div>\n\t\t\t\t\t<\/div>\n\t\t\t\t<\/div>\n\t\t<div data-particle_enable=\"false\" data-particle-mobile-disabled=\"false\" class=\"elementor-element elementor-element-47ec75a e-flex e-con-boxed e-con e-parent\" data-id=\"47ec75a\" data-element_type=\"container\" data-e-type=\"container\">\n\t\t\t\t\t<div class=\"e-con-inner\">\n\t\t\t\t<div class=\"elementor-element elementor-element-9a47a03 elementor-invisible elementor-widget elementor-widget-image\" data-id=\"9a47a03\" data-element_type=\"widget\" data-e-type=\"widget\" data-settings=\"{&quot;_animation&quot;:&quot;rotateInDownLeft&quot;}\" data-widget_type=\"image.default\">\n\t\t\t\t\t\t\t\t\t\t\t\t<figure class=\"wp-caption\">\n\t\t\t\t\t\t\t\t\t\t<img loading=\"lazy\" decoding=\"async\" width=\"1024\" height=\"683\" src=\"https:\/\/soymigrante.com\/revista\/wp-content\/uploads\/2024\/12\/mercado-navideno-fotos-muniguate-11-1024x683.jpg\" class=\"attachment-large size-large wp-image-16877\" alt=\"Colores navide\u00f1os en mercado mexicano, adornos y decoraciones tradicionales en puestos callejeros, ambiente festivo, turistas y locales disfrutando de la temporada navide\u00f1a en M\u00e9xico.\" srcset=\"https:\/\/soymigrante.com\/revista\/wp-content\/uploads\/2024\/12\/mercado-navideno-fotos-muniguate-11-1024x683.jpg 1024w, https:\/\/soymigrante.com\/revista\/wp-content\/uploads\/2024\/12\/mercado-navideno-fotos-muniguate-11-300x200.jpg 300w, https:\/\/soymigrante.com\/revista\/wp-content\/uploads\/2024\/12\/mercado-navideno-fotos-muniguate-11-768x512.jpg 768w, https:\/\/soymigrante.com\/revista\/wp-content\/uploads\/2024\/12\/mercado-navideno-fotos-muniguate-11-1536x1024.jpg 1536w, https:\/\/soymigrante.com\/revista\/wp-content\/uploads\/2024\/12\/mercado-navideno-fotos-muniguate-11-750x500.webp 750w, https:\/\/soymigrante.com\/revista\/wp-content\/uploads\/2024\/12\/mercado-navideno-fotos-muniguate-11-1140x760.webp 1140w, https:\/\/soymigrante.com\/revista\/wp-content\/uploads\/2024\/12\/mercado-navideno-fotos-muniguate-11.webp 1600w\" sizes=\"(max-width: 1024px) 100vw, 1024px\" \/>\t\t\t\t\t\t\t\t\t\t\t<figcaption class=\"widget-image-caption wp-caption-text\">Mercado navide\u00f1o con decoraciones tradicionales, adornos y luces en puestos callejeros en M\u00e9xico, creando un ambiente festivo y alegre por la temporada de Navidad.<\/figcaption>\n\t\t\t\t\t\t\t\t\t\t<\/figure>\n\t\t\t\t\t\t\t\t\t<\/div>\n\t\t\t\t\t<\/div>\n\t\t\t\t<\/div>\n\t\t<div data-particle_enable=\"false\" data-particle-mobile-disabled=\"false\" class=\"elementor-element elementor-element-7e6d850 e-flex e-con-boxed e-con e-parent\" data-id=\"7e6d850\" data-element_type=\"container\" data-e-type=\"container\">\n\t\t\t\t\t<div class=\"e-con-inner\">\n\t\t\t\t<div class=\"elementor-element elementor-element-32d6adc elementor-invisible elementor-widget elementor-widget-image\" data-id=\"32d6adc\" data-element_type=\"widget\" data-e-type=\"widget\" data-settings=\"{&quot;_animation&quot;:&quot;rotateInUpRight&quot;}\" data-widget_type=\"image.default\">\n\t\t\t\t\t\t\t\t\t\t\t\t<figure class=\"wp-caption\">\n\t\t\t\t\t\t\t\t\t\t<img loading=\"lazy\" decoding=\"async\" width=\"1024\" height=\"683\" src=\"https:\/\/soymigrante.com\/revista\/wp-content\/uploads\/2024\/12\/mercado-navideno-fotos-muniguate-57-1024x683.jpg\" class=\"attachment-large size-large wp-image-16895\" alt=\"Plaza Sagrario celebrando el bazar navide\u00f1o con decoraciones y ambiente festivo, ideal para disfrutar del esp\u00edritu navide\u00f1o en familia.\" srcset=\"https:\/\/soymigrante.com\/revista\/wp-content\/uploads\/2024\/12\/mercado-navideno-fotos-muniguate-57-1024x683.jpg 1024w, https:\/\/soymigrante.com\/revista\/wp-content\/uploads\/2024\/12\/mercado-navideno-fotos-muniguate-57-300x200.jpg 300w, https:\/\/soymigrante.com\/revista\/wp-content\/uploads\/2024\/12\/mercado-navideno-fotos-muniguate-57-768x512.jpg 768w, https:\/\/soymigrante.com\/revista\/wp-content\/uploads\/2024\/12\/mercado-navideno-fotos-muniguate-57-1536x1024.jpg 1536w, https:\/\/soymigrante.com\/revista\/wp-content\/uploads\/2024\/12\/mercado-navideno-fotos-muniguate-57-750x500.webp 750w, https:\/\/soymigrante.com\/revista\/wp-content\/uploads\/2024\/12\/mercado-navideno-fotos-muniguate-57-1140x760.webp 1140w, https:\/\/soymigrante.com\/revista\/wp-content\/uploads\/2024\/12\/mercado-navideno-fotos-muniguate-57.webp 1600w\" sizes=\"(max-width: 1024px) 100vw, 1024px\" \/>\t\t\t\t\t\t\t\t\t\t\t<figcaption class=\"widget-image-caption wp-caption-text\">Bazar navide\u00f1o en Plaza Sagrario, ambiente festivo con luces y decoraciones, donde familias disfrutan de compras y actividades durante la temporada navide\u00f1a.<\/figcaption>\n\t\t\t\t\t\t\t\t\t\t<\/figure>\n\t\t\t\t\t\t\t\t\t<\/div>\n\t\t\t\t\t<\/div>\n\t\t\t\t<\/div>\n\t\t<div data-particle_enable=\"false\" data-particle-mobile-disabled=\"false\" class=\"elementor-element elementor-element-7686045 e-flex e-con-boxed e-con e-parent\" data-id=\"7686045\" data-element_type=\"container\" data-e-type=\"container\">\n\t\t\t\t\t<div class=\"e-con-inner\">\n\t\t\t\t<div class=\"elementor-element elementor-element-9b69be4 elementor-invisible elementor-widget elementor-widget-image\" data-id=\"9b69be4\" data-element_type=\"widget\" data-e-type=\"widget\" data-settings=\"{&quot;_animation&quot;:&quot;rotateInDownLeft&quot;}\" data-widget_type=\"image.default\">\n\t\t\t\t\t\t\t\t\t\t\t\t<figure class=\"wp-caption\">\n\t\t\t\t\t\t\t\t\t\t<img loading=\"lazy\" decoding=\"async\" width=\"1024\" height=\"683\" src=\"https:\/\/soymigrante.com\/revista\/wp-content\/uploads\/2024\/12\/mercado-navideno-fotos-muniguate-9-1024x683.jpg\" class=\"attachment-large size-large wp-image-16883\" alt=\"Coloresas uvas de pascua, pi\u00f1as y huevos decorados con motivos festivos de Navidad en un cesto. Decoraciones tradicionales de la temporada navide\u00f1a para celebrar con alegr\u00eda y creatividad.\" srcset=\"https:\/\/soymigrante.com\/revista\/wp-content\/uploads\/2024\/12\/mercado-navideno-fotos-muniguate-9-1024x683.jpg 1024w, https:\/\/soymigrante.com\/revista\/wp-content\/uploads\/2024\/12\/mercado-navideno-fotos-muniguate-9-300x200.jpg 300w, https:\/\/soymigrante.com\/revista\/wp-content\/uploads\/2024\/12\/mercado-navideno-fotos-muniguate-9-768x512.jpg 768w, https:\/\/soymigrante.com\/revista\/wp-content\/uploads\/2024\/12\/mercado-navideno-fotos-muniguate-9-1536x1024.jpg 1536w, https:\/\/soymigrante.com\/revista\/wp-content\/uploads\/2024\/12\/mercado-navideno-fotos-muniguate-9-750x500.webp 750w, https:\/\/soymigrante.com\/revista\/wp-content\/uploads\/2024\/12\/mercado-navideno-fotos-muniguate-9-1140x760.webp 1140w, https:\/\/soymigrante.com\/revista\/wp-content\/uploads\/2024\/12\/mercado-navideno-fotos-muniguate-9.webp 1600w\" sizes=\"(max-width: 1024px) 100vw, 1024px\" \/>\t\t\t\t\t\t\t\t\t\t\t<figcaption class=\"widget-image-caption wp-caption-text\">Huevos decorados y pi\u00f1as en un cesto, representando decoraciones navide\u00f1as tradicionales llenas de color y creatividad para las festividades.<\/figcaption>\n\t\t\t\t\t\t\t\t\t\t<\/figure>\n\t\t\t\t\t\t\t\t\t<\/div>\n\t\t\t\t\t<\/div>\n\t\t\t\t<\/div>\n\t\t<div data-particle_enable=\"false\" data-particle-mobile-disabled=\"false\" class=\"elementor-element elementor-element-1b78d72 e-flex e-con-boxed e-con e-parent\" data-id=\"1b78d72\" data-element_type=\"container\" data-e-type=\"container\">\n\t\t\t\t\t<div class=\"e-con-inner\">\n\t\t\t\t<div class=\"elementor-element elementor-element-ef9225c elementor-invisible elementor-widget elementor-widget-image\" data-id=\"ef9225c\" data-element_type=\"widget\" data-e-type=\"widget\" data-settings=\"{&quot;_animation&quot;:&quot;rotateInUpRight&quot;}\" data-widget_type=\"image.default\">\n\t\t\t\t\t\t\t\t\t\t\t\t<figure class=\"wp-caption\">\n\t\t\t\t\t\t\t\t\t\t<img loading=\"lazy\" decoding=\"async\" width=\"1024\" height=\"683\" src=\"https:\/\/soymigrante.com\/revista\/wp-content\/uploads\/2024\/12\/mercado-navideno-fotos-muniguate-23-1024x683.jpg\" class=\"attachment-large size-large wp-image-16889\" alt=\"Naranjitas de M\u00e9xico en ferias y mercados tradicionales, destacando cultura y gastronom\u00eda mexicana en la revista SoyMigrante.com REVISTA.\" srcset=\"https:\/\/soymigrante.com\/revista\/wp-content\/uploads\/2024\/12\/mercado-navideno-fotos-muniguate-23-1024x683.jpg 1024w, https:\/\/soymigrante.com\/revista\/wp-content\/uploads\/2024\/12\/mercado-navideno-fotos-muniguate-23-300x200.jpg 300w, https:\/\/soymigrante.com\/revista\/wp-content\/uploads\/2024\/12\/mercado-navideno-fotos-muniguate-23-768x512.jpg 768w, https:\/\/soymigrante.com\/revista\/wp-content\/uploads\/2024\/12\/mercado-navideno-fotos-muniguate-23-1536x1024.jpg 1536w, https:\/\/soymigrante.com\/revista\/wp-content\/uploads\/2024\/12\/mercado-navideno-fotos-muniguate-23-750x500.webp 750w, https:\/\/soymigrante.com\/revista\/wp-content\/uploads\/2024\/12\/mercado-navideno-fotos-muniguate-23-1140x760.webp 1140w, https:\/\/soymigrante.com\/revista\/wp-content\/uploads\/2024\/12\/mercado-navideno-fotos-muniguate-23.webp 1600w\" sizes=\"(max-width: 1024px) 100vw, 1024px\" \/>\t\t\t\t\t\t\t\t\t\t\t<figcaption class=\"widget-image-caption wp-caption-text\">Coloridas naranjitas en feria mexicana, representando cultura y tradiciones locales con enfoque en migraci\u00f3n y comunidad mexicana en el extranjero.<\/figcaption>\n\t\t\t\t\t\t\t\t\t\t<\/figure>\n\t\t\t\t\t\t\t\t\t<\/div>\n\t\t\t\t\t<\/div>\n\t\t\t\t<\/div>\n\t\t<div data-particle_enable=\"false\" data-particle-mobile-disabled=\"false\" class=\"elementor-element elementor-element-9bd1599 e-flex e-con-boxed e-con e-parent\" data-id=\"9bd1599\" data-element_type=\"container\" data-e-type=\"container\">\n\t\t\t\t\t<div class=\"e-con-inner\">\n\t\t\t\t<div class=\"elementor-element elementor-element-fbfcb57 elementor-invisible elementor-widget elementor-widget-image\" data-id=\"fbfcb57\" data-element_type=\"widget\" data-e-type=\"widget\" data-settings=\"{&quot;_animation&quot;:&quot;rotateInDownLeft&quot;}\" data-widget_type=\"image.default\">\n\t\t\t\t\t\t\t\t\t\t\t\t<figure class=\"wp-caption\">\n\t\t\t\t\t\t\t\t\t\t<img loading=\"lazy\" decoding=\"async\" width=\"1024\" height=\"683\" src=\"https:\/\/soymigrante.com\/revista\/wp-content\/uploads\/2024\/12\/mercado-navideno-fotos-muniguate-1-1024x683.jpg\" class=\"attachment-large size-large wp-image-16879\" alt=\"Mujer y hombre sonrientes en puesto de frutas y bebidas en mercado nocturno, disfrutando de cultura y gastronom\u00eda migrante en M\u00e9xico.\" srcset=\"https:\/\/soymigrante.com\/revista\/wp-content\/uploads\/2024\/12\/mercado-navideno-fotos-muniguate-1-1024x683.jpg 1024w, https:\/\/soymigrante.com\/revista\/wp-content\/uploads\/2024\/12\/mercado-navideno-fotos-muniguate-1-300x200.jpg 300w, https:\/\/soymigrante.com\/revista\/wp-content\/uploads\/2024\/12\/mercado-navideno-fotos-muniguate-1-768x512.jpg 768w, https:\/\/soymigrante.com\/revista\/wp-content\/uploads\/2024\/12\/mercado-navideno-fotos-muniguate-1-1536x1024.jpg 1536w, https:\/\/soymigrante.com\/revista\/wp-content\/uploads\/2024\/12\/mercado-navideno-fotos-muniguate-1-750x500.webp 750w, https:\/\/soymigrante.com\/revista\/wp-content\/uploads\/2024\/12\/mercado-navideno-fotos-muniguate-1-1140x760.webp 1140w, https:\/\/soymigrante.com\/revista\/wp-content\/uploads\/2024\/12\/mercado-navideno-fotos-muniguate-1.webp 1600w\" sizes=\"(max-width: 1024px) 100vw, 1024px\" \/>\t\t\t\t\t\t\t\t\t\t\t<figcaption class=\"widget-image-caption wp-caption-text\">Disfruta la cultura migrante en mercado nocturno con frutas, bebidas t\u00edpicas y ambiente festivo en un puesto de comida local en M\u00e9xico.<\/figcaption>\n\t\t\t\t\t\t\t\t\t\t<\/figure>\n\t\t\t\t\t\t\t\t\t<\/div>\n\t\t\t\t\t<\/div>\n\t\t\t\t<\/div>\n\t\t<div data-particle_enable=\"false\" data-particle-mobile-disabled=\"false\" class=\"elementor-element elementor-element-7f8281f e-flex e-con-boxed e-con e-parent\" data-id=\"7f8281f\" data-element_type=\"container\" data-e-type=\"container\">\n\t\t\t\t\t<div class=\"e-con-inner\">\n\t\t\t\t<div class=\"elementor-element elementor-element-c7ff3be elementor-invisible elementor-widget elementor-widget-image\" data-id=\"c7ff3be\" data-element_type=\"widget\" data-e-type=\"widget\" data-settings=\"{&quot;_animation&quot;:&quot;rotateInUpRight&quot;}\" data-widget_type=\"image.default\">\n\t\t\t\t\t\t\t\t\t\t\t\t<figure class=\"wp-caption\">\n\t\t\t\t\t\t\t\t\t\t<img loading=\"lazy\" decoding=\"async\" width=\"1024\" height=\"683\" src=\"https:\/\/soymigrante.com\/revista\/wp-content\/uploads\/2024\/12\/mercado-navideno-fotos-muniguate-50-1024x683.jpg\" class=\"attachment-large size-large wp-image-16896\" alt=\"Coloridas ropas y moda para migrantes en mercado latino.\" srcset=\"https:\/\/soymigrante.com\/revista\/wp-content\/uploads\/2024\/12\/mercado-navideno-fotos-muniguate-50-1024x683.jpg 1024w, https:\/\/soymigrante.com\/revista\/wp-content\/uploads\/2024\/12\/mercado-navideno-fotos-muniguate-50-300x200.jpg 300w, https:\/\/soymigrante.com\/revista\/wp-content\/uploads\/2024\/12\/mercado-navideno-fotos-muniguate-50-768x512.jpg 768w, https:\/\/soymigrante.com\/revista\/wp-content\/uploads\/2024\/12\/mercado-navideno-fotos-muniguate-50-1536x1024.jpg 1536w, https:\/\/soymigrante.com\/revista\/wp-content\/uploads\/2024\/12\/mercado-navideno-fotos-muniguate-50-750x500.webp 750w, https:\/\/soymigrante.com\/revista\/wp-content\/uploads\/2024\/12\/mercado-navideno-fotos-muniguate-50-1140x760.webp 1140w, https:\/\/soymigrante.com\/revista\/wp-content\/uploads\/2024\/12\/mercado-navideno-fotos-muniguate-50.webp 1600w\" sizes=\"(max-width: 1024px) 100vw, 1024px\" \/>\t\t\t\t\t\t\t\t\t\t\t<figcaption class=\"widget-image-caption wp-caption-text\">Mujer vendiendo ropa en mercado local en M\u00e9xico, entorno de comercio, moda tradicional y moderna para migrantes, comunidad hispana, econom\u00eda informal.<\/figcaption>\n\t\t\t\t\t\t\t\t\t\t<\/figure>\n\t\t\t\t\t\t\t\t\t<\/div>\n\t\t\t\t\t<\/div>\n\t\t\t\t<\/div>\n\t\t<div data-particle_enable=\"false\" data-particle-mobile-disabled=\"false\" class=\"elementor-element elementor-element-f6e777a e-flex e-con-boxed e-con e-parent\" data-id=\"f6e777a\" data-element_type=\"container\" data-e-type=\"container\">\n\t\t\t\t\t<div class=\"e-con-inner\">\n\t\t\t\t<div class=\"elementor-element elementor-element-f684ae2 elementor-invisible elementor-widget elementor-widget-image\" data-id=\"f684ae2\" data-element_type=\"widget\" data-e-type=\"widget\" data-settings=\"{&quot;_animation&quot;:&quot;rotateInDownLeft&quot;}\" data-widget_type=\"image.default\">\n\t\t\t\t\t\t\t\t\t\t\t\t<figure class=\"wp-caption\">\n\t\t\t\t\t\t\t\t\t\t<img loading=\"lazy\" decoding=\"async\" width=\"1024\" height=\"683\" src=\"https:\/\/soymigrante.com\/revista\/wp-content\/uploads\/2024\/12\/mercado-navideno-fotos-muniguate-32-1024x683.jpg\" class=\"attachment-large size-large wp-image-16892\" alt=\"Colorido puesto de mercado con mujeres mexicanas vendiendo artesan\u00edas y textiles tradicionales en un ambiente vibrante.\" srcset=\"https:\/\/soymigrante.com\/revista\/wp-content\/uploads\/2024\/12\/mercado-navideno-fotos-muniguate-32-1024x683.jpg 1024w, https:\/\/soymigrante.com\/revista\/wp-content\/uploads\/2024\/12\/mercado-navideno-fotos-muniguate-32-300x200.jpg 300w, https:\/\/soymigrante.com\/revista\/wp-content\/uploads\/2024\/12\/mercado-navideno-fotos-muniguate-32-768x512.jpg 768w, https:\/\/soymigrante.com\/revista\/wp-content\/uploads\/2024\/12\/mercado-navideno-fotos-muniguate-32-1536x1024.jpg 1536w, https:\/\/soymigrante.com\/revista\/wp-content\/uploads\/2024\/12\/mercado-navideno-fotos-muniguate-32-750x500.webp 750w, https:\/\/soymigrante.com\/revista\/wp-content\/uploads\/2024\/12\/mercado-navideno-fotos-muniguate-32-1140x760.webp 1140w, https:\/\/soymigrante.com\/revista\/wp-content\/uploads\/2024\/12\/mercado-navideno-fotos-muniguate-32.webp 1600w\" sizes=\"(max-width: 1024px) 100vw, 1024px\" \/>\t\t\t\t\t\t\t\t\t\t\t<figcaption class=\"widget-image-caption wp-caption-text\">Mujeres mexicanas vendiendo artesan\u00edas y textiles en mercado tradicional, resaltando cultura y tradici\u00f3n en festejo de la migraci\u00f3n.<\/figcaption>\n\t\t\t\t\t\t\t\t\t\t<\/figure>\n\t\t\t\t\t\t\t\t\t<\/div>\n\t\t\t\t\t<\/div>\n\t\t\t\t<\/div>\n\t\t<div data-particle_enable=\"false\" data-particle-mobile-disabled=\"false\" class=\"elementor-element elementor-element-53bd0f6 e-flex e-con-boxed e-con e-parent\" data-id=\"53bd0f6\" data-element_type=\"container\" data-e-type=\"container\">\n\t\t\t\t\t<div class=\"e-con-inner\">\n\t\t\t\t<div class=\"elementor-element elementor-element-6287fb6 elementor-invisible elementor-widget elementor-widget-image\" data-id=\"6287fb6\" data-element_type=\"widget\" data-e-type=\"widget\" data-settings=\"{&quot;_animation&quot;:&quot;rotateInDownLeft&quot;}\" data-widget_type=\"image.default\">\n\t\t\t\t\t\t\t\t\t\t\t\t<figure class=\"wp-caption\">\n\t\t\t\t\t\t\t\t\t\t<img loading=\"lazy\" decoding=\"async\" width=\"1024\" height=\"683\" src=\"https:\/\/soymigrante.com\/revista\/wp-content\/uploads\/2024\/12\/mercado-navideno-fotos-muniguate-14-1024x683.jpg\" class=\"attachment-large size-large wp-image-16885\" alt=\"Decoraci\u00f3n navide\u00f1a con bolas de cristal y glitter en una caja, ideal para el contenido de SoyMigrante.com REVISTA sobre cultura, tradiciones y celebraciones de migrantes en Navidad.\" srcset=\"https:\/\/soymigrante.com\/revista\/wp-content\/uploads\/2024\/12\/mercado-navideno-fotos-muniguate-14-1024x683.jpg 1024w, https:\/\/soymigrante.com\/revista\/wp-content\/uploads\/2024\/12\/mercado-navideno-fotos-muniguate-14-300x200.jpg 300w, https:\/\/soymigrante.com\/revista\/wp-content\/uploads\/2024\/12\/mercado-navideno-fotos-muniguate-14-768x512.jpg 768w, https:\/\/soymigrante.com\/revista\/wp-content\/uploads\/2024\/12\/mercado-navideno-fotos-muniguate-14-1536x1024.jpg 1536w, https:\/\/soymigrante.com\/revista\/wp-content\/uploads\/2024\/12\/mercado-navideno-fotos-muniguate-14-750x500.webp 750w, https:\/\/soymigrante.com\/revista\/wp-content\/uploads\/2024\/12\/mercado-navideno-fotos-muniguate-14-1140x760.webp 1140w, https:\/\/soymigrante.com\/revista\/wp-content\/uploads\/2024\/12\/mercado-navideno-fotos-muniguate-14.webp 1600w\" sizes=\"(max-width: 1024px) 100vw, 1024px\" \/>\t\t\t\t\t\t\t\t\t\t\t<figcaption class=\"widget-image-caption wp-caption-text\">Colecci\u00f3n de adornos navide\u00f1os en diferentes colores y acabados brillantes, ideal para decorar durante las festividades de Navidad y A\u00f1o Nuevo.<\/figcaption>\n\t\t\t\t\t\t\t\t\t\t<\/figure>\n\t\t\t\t\t\t\t\t\t<\/div>\n\t\t\t\t\t<\/div>\n\t\t\t\t<\/div>\n\t\t<div data-particle_enable=\"false\" data-particle-mobile-disabled=\"false\" class=\"elementor-element elementor-element-4ed8749 e-flex e-con-boxed e-con e-parent\" data-id=\"4ed8749\" data-element_type=\"container\" data-e-type=\"container\">\n\t\t\t\t\t<div class=\"e-con-inner\">\n\t\t\t\t<div class=\"elementor-element elementor-element-c59a059 elementor-invisible elementor-widget elementor-widget-image\" data-id=\"c59a059\" data-element_type=\"widget\" data-e-type=\"widget\" data-settings=\"{&quot;_animation&quot;:&quot;rotateInUpRight&quot;}\" data-widget_type=\"image.default\">\n\t\t\t\t\t\t\t\t\t\t\t\t<figure class=\"wp-caption\">\n\t\t\t\t\t\t\t\t\t\t<img loading=\"lazy\" decoding=\"async\" width=\"1024\" height=\"683\" src=\"https:\/\/soymigrante.com\/revista\/wp-content\/uploads\/2024\/12\/mercado-navideno-fotos-muniguate-18-1024x683.jpg\" class=\"attachment-large size-large wp-image-16886\" alt=\"Diversas personas celebrando Navidad en la calle, intercambiando regalos, con decoraci\u00f3n festiva y ambiente festivo en la noche.\" srcset=\"https:\/\/soymigrante.com\/revista\/wp-content\/uploads\/2024\/12\/mercado-navideno-fotos-muniguate-18-1024x683.jpg 1024w, https:\/\/soymigrante.com\/revista\/wp-content\/uploads\/2024\/12\/mercado-navideno-fotos-muniguate-18-300x200.jpg 300w, https:\/\/soymigrante.com\/revista\/wp-content\/uploads\/2024\/12\/mercado-navideno-fotos-muniguate-18-768x512.jpg 768w, https:\/\/soymigrante.com\/revista\/wp-content\/uploads\/2024\/12\/mercado-navideno-fotos-muniguate-18-1536x1024.jpg 1536w, https:\/\/soymigrante.com\/revista\/wp-content\/uploads\/2024\/12\/mercado-navideno-fotos-muniguate-18-750x500.webp 750w, https:\/\/soymigrante.com\/revista\/wp-content\/uploads\/2024\/12\/mercado-navideno-fotos-muniguate-18-1140x760.webp 1140w, https:\/\/soymigrante.com\/revista\/wp-content\/uploads\/2024\/12\/mercado-navideno-fotos-muniguate-18.webp 1600w\" sizes=\"(max-width: 1024px) 100vw, 1024px\" \/>\t\t\t\t\t\t\t\t\t\t\t<figcaption class=\"widget-image-caption wp-caption-text\">Celebraci\u00f3n navide\u00f1a en la calle con comunidad hispana, decoraci\u00f3n, intercambio de regalos y ambiente festivo en M\u00e9xico.<\/figcaption>\n\t\t\t\t\t\t\t\t\t\t<\/figure>\n\t\t\t\t\t\t\t\t\t<\/div>\n\t\t\t\t\t<\/div>\n\t\t\t\t<\/div>\n\t\t<div data-particle_enable=\"false\" data-particle-mobile-disabled=\"false\" class=\"elementor-element elementor-element-7e02733 e-flex e-con-boxed e-con e-parent\" data-id=\"7e02733\" data-element_type=\"container\" data-e-type=\"container\">\n\t\t\t\t\t<div class=\"e-con-inner\">\n\t\t\t\t<div class=\"elementor-element elementor-element-3bcb03a elementor-invisible elementor-widget elementor-widget-image\" data-id=\"3bcb03a\" data-element_type=\"widget\" data-e-type=\"widget\" data-settings=\"{&quot;_animation&quot;:&quot;rotateInDownLeft&quot;}\" data-widget_type=\"image.default\">\n\t\t\t\t\t\t\t\t\t\t\t\t<figure class=\"wp-caption\">\n\t\t\t\t\t\t\t\t\t\t<img loading=\"lazy\" decoding=\"async\" width=\"1024\" height=\"683\" src=\"https:\/\/soymigrante.com\/revista\/wp-content\/uploads\/2024\/12\/mercado-navideno-fotos-muniguate-19-1024x683.jpg\" class=\"attachment-large size-large wp-image-16887\" alt=\"Decoraci\u00f3n navide\u00f1a, adornos y flores artificiales para fiestas, exhibici\u00f3n en tienda de Navidad, productos de temporada, celebraci\u00f3n navide\u00f1a.\" srcset=\"https:\/\/soymigrante.com\/revista\/wp-content\/uploads\/2024\/12\/mercado-navideno-fotos-muniguate-19-1024x683.jpg 1024w, https:\/\/soymigrante.com\/revista\/wp-content\/uploads\/2024\/12\/mercado-navideno-fotos-muniguate-19-300x200.jpg 300w, https:\/\/soymigrante.com\/revista\/wp-content\/uploads\/2024\/12\/mercado-navideno-fotos-muniguate-19-768x512.jpg 768w, https:\/\/soymigrante.com\/revista\/wp-content\/uploads\/2024\/12\/mercado-navideno-fotos-muniguate-19-1536x1024.jpg 1536w, https:\/\/soymigrante.com\/revista\/wp-content\/uploads\/2024\/12\/mercado-navideno-fotos-muniguate-19-750x500.webp 750w, https:\/\/soymigrante.com\/revista\/wp-content\/uploads\/2024\/12\/mercado-navideno-fotos-muniguate-19-1140x760.webp 1140w, https:\/\/soymigrante.com\/revista\/wp-content\/uploads\/2024\/12\/mercado-navideno-fotos-muniguate-19.webp 1600w\" sizes=\"(max-width: 1024px) 100vw, 1024px\" \/>\t\t\t\t\t\t\t\t\t\t\t<figcaption class=\"widget-image-caption wp-caption-text\">Personas disfrutando la compra de adornos navide\u00f1os en tienda de decoraci\u00f3n.<\/figcaption>\n\t\t\t\t\t\t\t\t\t\t<\/figure>\n\t\t\t\t\t\t\t\t\t<\/div>\n\t\t\t\t\t<\/div>\n\t\t\t\t<\/div>\n\t\t<div data-particle_enable=\"false\" data-particle-mobile-disabled=\"false\" class=\"elementor-element elementor-element-daf162e e-flex e-con-boxed e-con e-parent\" data-id=\"daf162e\" data-element_type=\"container\" data-e-type=\"container\">\n\t\t\t\t\t<div class=\"e-con-inner\">\n\t\t\t\t<div class=\"elementor-element elementor-element-c6127fc elementor-invisible elementor-widget elementor-widget-image\" data-id=\"c6127fc\" data-element_type=\"widget\" data-e-type=\"widget\" data-settings=\"{&quot;_animation&quot;:&quot;rotateInUpRight&quot;}\" data-widget_type=\"image.default\">\n\t\t\t\t\t\t\t\t\t\t\t\t<figure class=\"wp-caption\">\n\t\t\t\t\t\t\t\t\t\t<img loading=\"lazy\" decoding=\"async\" width=\"1024\" height=\"683\" src=\"https:\/\/soymigrante.com\/revista\/wp-content\/uploads\/2024\/12\/mercado-navideno-fotos-muniguate-27-1024x683.jpg\" class=\"attachment-large size-large wp-image-16890\" alt=\"Luces navide\u00f1as y decoraciones festivas en un mercado de Navidad, con personas disfrutando del ambiente y las luces brillantes, perfecta para art\u00edculos sobre celebraciones navide\u00f1as y tradiciones mexicanas.\" srcset=\"https:\/\/soymigrante.com\/revista\/wp-content\/uploads\/2024\/12\/mercado-navideno-fotos-muniguate-27-1024x683.jpg 1024w, https:\/\/soymigrante.com\/revista\/wp-content\/uploads\/2024\/12\/mercado-navideno-fotos-muniguate-27-300x200.jpg 300w, https:\/\/soymigrante.com\/revista\/wp-content\/uploads\/2024\/12\/mercado-navideno-fotos-muniguate-27-768x512.jpg 768w, https:\/\/soymigrante.com\/revista\/wp-content\/uploads\/2024\/12\/mercado-navideno-fotos-muniguate-27-1536x1024.jpg 1536w, https:\/\/soymigrante.com\/revista\/wp-content\/uploads\/2024\/12\/mercado-navideno-fotos-muniguate-27-750x500.webp 750w, https:\/\/soymigrante.com\/revista\/wp-content\/uploads\/2024\/12\/mercado-navideno-fotos-muniguate-27-1140x760.webp 1140w, https:\/\/soymigrante.com\/revista\/wp-content\/uploads\/2024\/12\/mercado-navideno-fotos-muniguate-27.webp 1600w\" sizes=\"(max-width: 1024px) 100vw, 1024px\" \/>\t\t\t\t\t\t\t\t\t\t\t<figcaption class=\"widget-image-caption wp-caption-text\">Decoraciones navide\u00f1as con luces y objetos festivos en un mercado navide\u00f1o, mostrando la cultura y tradici\u00f3n de la temporada en M\u00e9xico, ideal para contenido sobre fiestas navide\u00f1as y cultura popular.<\/figcaption>\n\t\t\t\t\t\t\t\t\t\t<\/figure>\n\t\t\t\t\t\t\t\t\t<\/div>\n\t\t\t\t\t<\/div>\n\t\t\t\t<\/div>\n\t\t<div data-particle_enable=\"false\" data-particle-mobile-disabled=\"false\" class=\"elementor-element elementor-element-dfc9897 e-flex e-con-boxed e-con e-parent\" data-id=\"dfc9897\" data-element_type=\"container\" data-e-type=\"container\">\n\t\t\t\t\t<div class=\"e-con-inner\">\n\t\t\t\t<div class=\"elementor-element elementor-element-5b0cfe1 elementor-invisible elementor-widget elementor-widget-image\" data-id=\"5b0cfe1\" data-element_type=\"widget\" data-e-type=\"widget\" data-settings=\"{&quot;_animation&quot;:&quot;rotateInDownLeft&quot;}\" data-widget_type=\"image.default\">\n\t\t\t\t\t\t\t\t\t\t\t\t<figure class=\"wp-caption\">\n\t\t\t\t\t\t\t\t\t\t<img loading=\"lazy\" decoding=\"async\" width=\"1024\" height=\"683\" src=\"https:\/\/soymigrante.com\/revista\/wp-content\/uploads\/2024\/12\/mercado-navideno-fotos-muniguate-22-1024x683.jpg\" class=\"attachment-large size-large wp-image-16888\" alt=\"Colorido puesto de decoraci\u00f3n navide\u00f1a con guirnaldas, coronas y adornos tradicionales en un mercado mexicano, promoviendo tradiciones y cultura para inmigrantes y comunidad local.\" srcset=\"https:\/\/soymigrante.com\/revista\/wp-content\/uploads\/2024\/12\/mercado-navideno-fotos-muniguate-22-1024x683.jpg 1024w, https:\/\/soymigrante.com\/revista\/wp-content\/uploads\/2024\/12\/mercado-navideno-fotos-muniguate-22-300x200.jpg 300w, https:\/\/soymigrante.com\/revista\/wp-content\/uploads\/2024\/12\/mercado-navideno-fotos-muniguate-22-768x512.jpg 768w, https:\/\/soymigrante.com\/revista\/wp-content\/uploads\/2024\/12\/mercado-navideno-fotos-muniguate-22-1536x1024.jpg 1536w, https:\/\/soymigrante.com\/revista\/wp-content\/uploads\/2024\/12\/mercado-navideno-fotos-muniguate-22-750x500.webp 750w, https:\/\/soymigrante.com\/revista\/wp-content\/uploads\/2024\/12\/mercado-navideno-fotos-muniguate-22-1140x760.webp 1140w, https:\/\/soymigrante.com\/revista\/wp-content\/uploads\/2024\/12\/mercado-navideno-fotos-muniguate-22.webp 1600w\" sizes=\"(max-width: 1024px) 100vw, 1024px\" \/>\t\t\t\t\t\t\t\t\t\t\t<figcaption class=\"widget-image-caption wp-caption-text\">Decoraci\u00f3n navide\u00f1a tradicional mexicana en mercado, con guirnaldas y adornos para inmigrantes y comunidad local.<\/figcaption>\n\t\t\t\t\t\t\t\t\t\t<\/figure>\n\t\t\t\t\t\t\t\t\t<\/div>\n\t\t\t\t\t<\/div>\n\t\t\t\t<\/div>\n\t\t<div data-particle_enable=\"false\" data-particle-mobile-disabled=\"false\" class=\"elementor-element elementor-element-8249325 e-flex e-con-boxed e-con e-parent\" data-id=\"8249325\" data-element_type=\"container\" data-e-type=\"container\">\n\t\t\t\t\t<div class=\"e-con-inner\">\n\t\t\t\t<div class=\"elementor-element elementor-element-479daa6 elementor-invisible elementor-widget elementor-widget-image\" data-id=\"479daa6\" data-element_type=\"widget\" data-e-type=\"widget\" data-settings=\"{&quot;_animation&quot;:&quot;rotateInUpRight&quot;}\" data-widget_type=\"image.default\">\n\t\t\t\t\t\t\t\t\t\t\t\t<figure class=\"wp-caption\">\n\t\t\t\t\t\t\t\t\t\t<img loading=\"lazy\" decoding=\"async\" width=\"1024\" height=\"683\" src=\"https:\/\/soymigrante.com\/revista\/wp-content\/uploads\/2024\/12\/mercado-navideno-fotos-muniguate-54-1024x683.jpg\" class=\"attachment-large size-large wp-image-16893\" alt=\"Colorida exposici\u00f3n de figurillas tradicionales mexicanas y juguetes artesanales en la revista SoyMigrante.com REVISTA, resaltando cultura, migraci\u00f3n y arte popular en M\u00e9xico.\" srcset=\"https:\/\/soymigrante.com\/revista\/wp-content\/uploads\/2024\/12\/mercado-navideno-fotos-muniguate-54-1024x683.jpg 1024w, https:\/\/soymigrante.com\/revista\/wp-content\/uploads\/2024\/12\/mercado-navideno-fotos-muniguate-54-300x200.jpg 300w, https:\/\/soymigrante.com\/revista\/wp-content\/uploads\/2024\/12\/mercado-navideno-fotos-muniguate-54-768x512.jpg 768w, https:\/\/soymigrante.com\/revista\/wp-content\/uploads\/2024\/12\/mercado-navideno-fotos-muniguate-54-1536x1024.jpg 1536w, https:\/\/soymigrante.com\/revista\/wp-content\/uploads\/2024\/12\/mercado-navideno-fotos-muniguate-54-750x500.webp 750w, https:\/\/soymigrante.com\/revista\/wp-content\/uploads\/2024\/12\/mercado-navideno-fotos-muniguate-54-1140x760.webp 1140w, https:\/\/soymigrante.com\/revista\/wp-content\/uploads\/2024\/12\/mercado-navideno-fotos-muniguate-54.webp 1600w\" sizes=\"(max-width: 1024px) 100vw, 1024px\" \/>\t\t\t\t\t\t\t\t\t\t\t<figcaption class=\"widget-image-caption wp-caption-text\">Miniaturas de cer\u00e1mica coloridas y detalladas, t\u00edpicas del arte popular mexicano, exhibidas en un puesto de mercado, reflejando la riqueza cultural y tradiciones mexicanas en la revista SoyMigrante.com REVISTA.<\/figcaption>\n\t\t\t\t\t\t\t\t\t\t<\/figure>\n\t\t\t\t\t\t\t\t\t<\/div>\n\t\t\t\t\t<\/div>\n\t\t\t\t<\/div>\n\t\t<div data-particle_enable=\"false\" data-particle-mobile-disabled=\"false\" class=\"elementor-element elementor-element-eaa2536 e-flex e-con-boxed e-con e-parent\" data-id=\"eaa2536\" data-element_type=\"container\" data-e-type=\"container\">\n\t\t\t\t\t<div class=\"e-con-inner\">\n\t\t\t\t<div class=\"elementor-element elementor-element-968d2c6 elementor-invisible elementor-widget elementor-widget-image\" data-id=\"968d2c6\" data-element_type=\"widget\" data-e-type=\"widget\" data-settings=\"{&quot;_animation&quot;:&quot;rotateInDownLeft&quot;}\" data-widget_type=\"image.default\">\n\t\t\t\t\t\t\t\t\t\t\t\t<figure class=\"wp-caption\">\n\t\t\t\t\t\t\t\t\t\t<img loading=\"lazy\" decoding=\"async\" width=\"1024\" height=\"683\" src=\"https:\/\/soymigrante.com\/revista\/wp-content\/uploads\/2024\/12\/mercado-navideno-fotos-muniguate-13-1-1024x683.jpg\" class=\"attachment-large size-large wp-image-16894\" alt=\"Figuras de nacimiento navide\u00f1o con figuras religiosas y patrias mexicanas, decorando la temporada festiva con tradici\u00f3n y cultura.\" srcset=\"https:\/\/soymigrante.com\/revista\/wp-content\/uploads\/2024\/12\/mercado-navideno-fotos-muniguate-13-1-1024x683.jpg 1024w, https:\/\/soymigrante.com\/revista\/wp-content\/uploads\/2024\/12\/mercado-navideno-fotos-muniguate-13-1-300x200.jpg 300w, https:\/\/soymigrante.com\/revista\/wp-content\/uploads\/2024\/12\/mercado-navideno-fotos-muniguate-13-1-768x512.jpg 768w, https:\/\/soymigrante.com\/revista\/wp-content\/uploads\/2024\/12\/mercado-navideno-fotos-muniguate-13-1-1536x1024.jpg 1536w, https:\/\/soymigrante.com\/revista\/wp-content\/uploads\/2024\/12\/mercado-navideno-fotos-muniguate-13-1-750x500.webp 750w, https:\/\/soymigrante.com\/revista\/wp-content\/uploads\/2024\/12\/mercado-navideno-fotos-muniguate-13-1-1140x760.webp 1140w, https:\/\/soymigrante.com\/revista\/wp-content\/uploads\/2024\/12\/mercado-navideno-fotos-muniguate-13-1.webp 1600w\" sizes=\"(max-width: 1024px) 100vw, 1024px\" \/>\t\t\t\t\t\t\t\t\t\t\t<figcaption class=\"widget-image-caption wp-caption-text\">Escena de nacimiento con figuras religiosas y culturales mexicanas, resaltando la tradici\u00f3n navide\u00f1a y la historia en la cultura mexicana.<\/figcaption>\n\t\t\t\t\t\t\t\t\t\t<\/figure>\n\t\t\t\t\t\t\t\t\t<\/div>\n\t\t\t\t\t<\/div>\n\t\t\t\t<\/div>\n\t\t<div data-particle_enable=\"false\" data-particle-mobile-disabled=\"false\" class=\"elementor-element elementor-element-d109c37 e-flex e-con-boxed e-con e-parent\" data-id=\"d109c37\" data-element_type=\"container\" data-e-type=\"container\">\n\t\t\t\t\t<div class=\"e-con-inner\">\n\t\t\t\t<div class=\"elementor-element elementor-element-8efcef3 elementor-widget elementor-widget-heading\" data-id=\"8efcef3\" data-element_type=\"widget\" data-e-type=\"widget\" data-widget_type=\"heading.default\">\n\t\t\t\t\t<h2 class=\"elementor-heading-title elementor-size-default\">Navidad chapina sin fronteras<\/h2>\t\t\t\t<\/div>\n\t\t\t\t\t<\/div>\n\t\t\t\t<\/div>\n\t\t<div data-particle_enable=\"false\" data-particle-mobile-disabled=\"false\" class=\"elementor-element elementor-element-28f1b8b e-flex e-con-boxed e-con e-parent\" data-id=\"28f1b8b\" data-element_type=\"container\" data-e-type=\"container\">\n\t\t\t\t\t<div class=\"e-con-inner\">\n\t\t\t\t<div class=\"elementor-element elementor-element-9ff9669 elementor-grid-eael-col-3 elementor-grid-tablet-eael-col-2 elementor-grid-mobile-eael-col-1 elementor-widget elementor-widget-eael-post-grid\" data-id=\"9ff9669\" data-element_type=\"widget\" data-e-type=\"widget\" data-settings=\"{&quot;eael_post_grid_columns&quot;:&quot;eael-col-3&quot;,&quot;eael_post_grid_columns_tablet&quot;:&quot;eael-col-2&quot;,&quot;eael_post_grid_columns_mobile&quot;:&quot;eael-col-1&quot;}\" data-widget_type=\"eael-post-grid.default\">\n\t\t\t\t\t<div id=\"eael-post-grid-9ff9669\" class=\"eael-post-grid-container\">\n            <div class=\"eael-post-grid eael-post-appender eael-post-appender-9ff9669 eael-post-grid-style-one\" data-layout-mode=\"masonry\"><article class=\"eael-grid-post  eael-post-grid-column eael-pg-post-14362 category-guate-nuestra\" data-id=\"14362\">\n        <div class=\"eael-grid-post-holder\">\n            <div class=\"eael-grid-post-holder-inner\"><div class=\"eael-entry-media\"><div class=\"eael-entry-overlay fade-in\"><i class=\"far fa-hand-pointer\" aria-hidden=\"true\"><\/i><a href=\"https:\/\/soymigrante.com\/revista\/regalos-unicos-para-navidad-hechos-a-mano-en-guatemala\/\"><\/a><\/div><div class=\"eael-entry-thumbnail \">\n                <img loading=\"lazy\" decoding=\"async\" width=\"421\" height=\"416\" src=\"https:\/\/soymigrante.com\/revista\/wp-content\/uploads\/2024\/11\/obsequios-navidad-soymigrante-mercado.png\" class=\"attachment-large size-large wp-image-50005\" alt=\"obsequios navidad soymigrante mercado\" srcset=\"https:\/\/soymigrante.com\/revista\/wp-content\/uploads\/2024\/11\/obsequios-navidad-soymigrante-mercado.png 421w, https:\/\/soymigrante.com\/revista\/wp-content\/uploads\/2024\/11\/obsequios-navidad-soymigrante-mercado-300x296.png 300w, https:\/\/soymigrante.com\/revista\/wp-content\/uploads\/2024\/11\/obsequios-navidad-soymigrante-mercado-75x75.png 75w\" sizes=\"(max-width: 421px) 100vw, 421px\" \/>\n            <\/div>\n        <\/div><div class=\"eael-entry-wrapper\"><header class=\"eael-entry-header\"><h2 class=\"eael-entry-title\"><a class=\"eael-grid-post-link\" href=\"https:\/\/soymigrante.com\/revista\/regalos-unicos-para-navidad-hechos-a-mano-en-guatemala\/\" title=\"11 regalos \u00fanicos, hechos por manos guatemaltecas, para obsequiar en Navidad\">11 regalos \u00fanicos, hechos por manos guatemaltecas, para obsequiar en Navidad<\/a><\/h2><\/header><div class=\"eael-entry-content\">\n                        <div class=\"eael-grid-post-excerpt\"><a href=\"https:\/\/soymigrante.com\/revista\/regalos-unicos-para-navidad-hechos-a-mano-en-guatemala\/\" class=\"eael-post-elements-readmore-btn\">CONOCE SU HISTORIA <\/a><\/div>\n                    <\/div><\/div><\/div>\n        <\/div>\n    <\/article><article class=\"eael-grid-post  eael-post-grid-column eael-pg-post-15905 category-guate-nuestra\" data-id=\"15905\">\n        <div class=\"eael-grid-post-holder\">\n            <div class=\"eael-grid-post-holder-inner\"><div class=\"eael-entry-media\"><div class=\"eael-entry-overlay fade-in\"><i class=\"far fa-hand-pointer\" aria-hidden=\"true\"><\/i><a href=\"https:\/\/soymigrante.com\/revista\/el-espiritu-de-alguna-navidad-pasada-se-refleja-en-etiquetas-de-cohetillos-cual-recuerdas\/\"><\/a><\/div><div class=\"eael-entry-thumbnail \">\n                <img loading=\"lazy\" decoding=\"async\" width=\"635\" height=\"635\" src=\"https:\/\/soymigrante.com\/revista\/wp-content\/uploads\/2024\/12\/toro-negro.webp\" class=\"attachment-large size-large wp-image-15908\" alt=\"El Toro Negro - Revista SoyMigrante, imagen infantil de un toro negro en la portada, s\u00edmbolo de cultura y tradici\u00f3n mexicana, resaltando temas de migraci\u00f3n y folclore.\" srcset=\"https:\/\/soymigrante.com\/revista\/wp-content\/uploads\/2024\/12\/toro-negro.webp 635w, https:\/\/soymigrante.com\/revista\/wp-content\/uploads\/2024\/12\/toro-negro-300x300.jpg 300w, https:\/\/soymigrante.com\/revista\/wp-content\/uploads\/2024\/12\/toro-negro-150x150.jpg 150w, https:\/\/soymigrante.com\/revista\/wp-content\/uploads\/2024\/12\/toro-negro-75x75.webp 75w\" sizes=\"(max-width: 635px) 100vw, 635px\" \/>\n            <\/div>\n        <\/div><div class=\"eael-entry-wrapper\"><header class=\"eael-entry-header\"><h2 class=\"eael-entry-title\"><a class=\"eael-grid-post-link\" href=\"https:\/\/soymigrante.com\/revista\/el-espiritu-de-alguna-navidad-pasada-se-refleja-en-etiquetas-de-cohetillos-cual-recuerdas\/\" title=\"Etiquetas de cohetillos  guatemaltecos hacen estallar recuerdos de diciembres de ni\u00f1ez y juventud \u00bfCu\u00e1les recuerdas?\">Etiquetas de cohetillos  guatemaltecos hacen estallar recuerdos de diciembres de ni\u00f1ez y juventud \u00bfCu\u00e1les recuerdas?<\/a><\/h2><\/header><div class=\"eael-entry-content\">\n                        <div class=\"eael-grid-post-excerpt\"><a href=\"https:\/\/soymigrante.com\/revista\/el-espiritu-de-alguna-navidad-pasada-se-refleja-en-etiquetas-de-cohetillos-cual-recuerdas\/\" class=\"eael-post-elements-readmore-btn\">CONOCE SU HISTORIA <\/a><\/div>\n                    <\/div><\/div><\/div>\n        <\/div>\n    <\/article><article class=\"eael-grid-post  eael-post-grid-column eael-pg-post-3975 category-guate-nuestra\" data-id=\"3975\">\n        <div class=\"eael-grid-post-holder\">\n            <div class=\"eael-grid-post-holder-inner\"><div class=\"eael-entry-media\"><div class=\"eael-entry-overlay fade-in\"><i class=\"far fa-hand-pointer\" aria-hidden=\"true\"><\/i><a href=\"https:\/\/soymigrante.com\/revista\/tamal-guatemalteco-sabor-dentro-guatemala-migrante-estados-unidos\/\"><\/a><\/div><div class=\"eael-entry-thumbnail \">\n                <img loading=\"lazy\" decoding=\"async\" width=\"768\" height=\"1024\" src=\"https:\/\/soymigrante.com\/revista\/wp-content\/uploads\/2023\/12\/WhatsApp-Image-2023-12-23-at-4.20.00-PM-768x1024.webp\" class=\"attachment-large size-large wp-image-3977\" alt=\"\" srcset=\"https:\/\/soymigrante.com\/revista\/wp-content\/uploads\/2023\/12\/WhatsApp-Image-2023-12-23-at-4.20.00-PM-768x1024.webp 768w, https:\/\/soymigrante.com\/revista\/wp-content\/uploads\/2023\/12\/WhatsApp-Image-2023-12-23-at-4.20.00-PM-225x300.webp 225w, https:\/\/soymigrante.com\/revista\/wp-content\/uploads\/2023\/12\/WhatsApp-Image-2023-12-23-at-4.20.00-PM-1152x1536.webp 1152w, https:\/\/soymigrante.com\/revista\/wp-content\/uploads\/2023\/12\/WhatsApp-Image-2023-12-23-at-4.20.00-PM-750x1000.webp 750w, https:\/\/soymigrante.com\/revista\/wp-content\/uploads\/2023\/12\/WhatsApp-Image-2023-12-23-at-4.20.00-PM-1140x1520.webp 1140w, https:\/\/soymigrante.com\/revista\/wp-content\/uploads\/2023\/12\/WhatsApp-Image-2023-12-23-at-4.20.00-PM.webp 1200w\" sizes=\"(max-width: 768px) 100vw, 768px\" \/>\n            <\/div>\n        <\/div><div class=\"eael-entry-wrapper\"><header class=\"eael-entry-header\"><h2 class=\"eael-entry-title\"><a class=\"eael-grid-post-link\" href=\"https:\/\/soymigrante.com\/revista\/tamal-guatemalteco-sabor-dentro-guatemala-migrante-estados-unidos\/\" title=\"El tamal: sabor migrante que acompa\u00f1a la Navidad lejos de Guatemala\">El tamal: sabor migrante que acompa\u00f1a la Navidad lejos de Guatemala<\/a><\/h2><\/header><div class=\"eael-entry-content\">\n                        <div class=\"eael-grid-post-excerpt\"><a href=\"https:\/\/soymigrante.com\/revista\/tamal-guatemalteco-sabor-dentro-guatemala-migrante-estados-unidos\/\" class=\"eael-post-elements-readmore-btn\">CONOCE SU HISTORIA <\/a><\/div>\n                    <\/div><\/div><\/div>\n        <\/div>\n    <\/article><\/div>\n            <div class=\"clearfix\"><\/div>\n        <\/div>\t\t\t\t<\/div>\n\t\t\t\t\t<\/div>\n\t\t\t\t<\/div>\n\t\t\t\t<\/div>\n\t\t","protected":false},"excerpt":{"rendered":"<p>Cada diciembre y cada Navidad traen el mismo mercadito (pero sabemos que no es el mismo, porque es de otro a\u00f1o m\u00e1s): hay cerritos de aserr\u00edn, estrellas con alambre, foquitos intermitentes, ventas de ropa, de figuras para nacimiento, de esferas para un arbolito que ya no existe porque hay otro en su lugar&#8230; Aunque se [&hellip;]<\/p>\n","protected":false},"author":7,"featured_media":16855,"comment_status":"open","ping_status":"open","sticky":false,"template":"","format":"standard","meta":{"_acf_changed":false,"_eb_attr":"","footnotes":""},"categories":[58],"tags":[98],"class_list":["post-16850","post","type-post","status-publish","format-standard","has-post-thumbnail","hentry","category-guate-nuestra","tag-18-diciembre-dia-del-migrante"],"acf":[],"aioseo_notices":[],"aioseo_head":"\n\t\t<!-- All in One SEO Pro 4.9.6.2 - aioseo.com -->\n\t<meta name=\"description\" content=\"Lejos del suelo patrio, en la Uni\u00f3n Americana, la familia migrante se reencuentra con un sabor tradicional de fin de a\u00f1o: el tamal preparado en casa. Versiones hay muchas pero hay un solo coraz\u00f3n guatemalteco. El tamal sigue all\u00ed, todos los s\u00e1bados, a veces desde los jueves, pero cuando llegan las fiestas de Navidad y\" \/>\n\t<meta name=\"robots\" content=\"max-snippet:-1, max-image-preview:large, max-video-preview:-1\" \/>\n\t<meta name=\"author\" content=\"Gustavo Montenegro\"\/>\n\t<link rel=\"canonical\" href=\"https:\/\/soymigrante.com\/revista\/tamal-guatemalteco-sabor-dentro-guatemala-migrante-estados-unidos\/\" \/>\n\t<meta name=\"generator\" content=\"All in One SEO Pro (AIOSEO) 4.9.6.2\" \/>\n\n\t\t<link rel=\"preconnect\" href=\"https:\/\/fonts.googleapis.com\" crossorigin>\n<link rel=\"preconnect\" href=\"https:\/\/fonts.gstatic.com\" crossorigin>\n\t\t<meta property=\"og:locale\" content=\"es_ES\" \/>\n\t\t<meta property=\"og:site_name\" content=\"SoyMigrante.com REVISTA \u2013 Nuestra misi\u00f3n es reconocer y dignificar al migrante.\" \/>\n\t\t<meta property=\"og:type\" content=\"article\" \/>\n\t\t<meta property=\"og:title\" content=\"El tamal: sabor migrante que acompa\u00f1a la Navidad lejos de Guatemala\" \/>\n\t\t<meta property=\"og:description\" content=\"Lejos del suelo patrio, en la Uni\u00f3n Americana, la familia migrante se reencuentra con un sabor tradicional de fin de a\u00f1o: el tamal preparado en casa. Versiones hay muchas pero hay un solo coraz\u00f3n guatemalteco. El tamal sigue all\u00ed, todos los s\u00e1bados, a veces desde los jueves, pero cuando llegan las fiestas de Navidad y\" \/>\n\t\t<meta property=\"og:url\" content=\"https:\/\/soymigrante.com\/revista\/tamal-guatemalteco-sabor-dentro-guatemala-migrante-estados-unidos\/\" \/>\n\t\t<meta property=\"og:image\" content=\"https:\/\/soymigrante.com\/revista\/wp-content\/uploads\/2023\/12\/WhatsApp-Image-2023-12-23-at-4.20.00-PM.webp\" \/>\n\t\t<meta property=\"og:image:secure_url\" content=\"https:\/\/soymigrante.com\/revista\/wp-content\/uploads\/2023\/12\/WhatsApp-Image-2023-12-23-at-4.20.00-PM.webp\" \/>\n\t\t<meta property=\"og:image:width\" content=\"1200\" \/>\n\t\t<meta property=\"og:image:height\" content=\"1600\" \/>\n\t\t<meta property=\"article:published_time\" content=\"2023-12-24T20:27:47+00:00\" \/>\n\t\t<meta property=\"article:modified_time\" content=\"2024-07-28T17:42:22+00:00\" \/>\n\t\t<meta property=\"article:publisher\" content=\"https:\/\/www.facebook.com\/soymigrantecom\" \/>\n\t\t<meta name=\"twitter:card\" content=\"summary_large_image\" \/>\n\t\t<meta name=\"twitter:site\" content=\"@SoyMigrante_com\" \/>\n\t\t<meta name=\"twitter:title\" content=\"El tamal: sabor migrante que acompa\u00f1a la Navidad lejos de Guatemala\" \/>\n\t\t<meta name=\"twitter:description\" content=\"Lejos del suelo patrio, en la Uni\u00f3n Americana, la familia migrante se reencuentra con un sabor tradicional de fin de a\u00f1o: el tamal preparado en casa. Versiones hay muchas pero hay un solo coraz\u00f3n guatemalteco. El tamal sigue all\u00ed, todos los s\u00e1bados, a veces desde los jueves, pero cuando llegan las fiestas de Navidad y\" \/>\n\t\t<meta name=\"twitter:creator\" content=\"@SoyMigrante_com\" \/>\n\t\t<meta name=\"twitter:image\" content=\"https:\/\/soymigrante.com\/revista\/wp-content\/uploads\/2023\/12\/WhatsApp-Image-2023-12-23-at-4.20.00-PM.webp\" \/>\n\t\t<!-- All in One SEO Pro -->\r\n\t\t<title>El tamal: sabor migrante que acompa\u00f1a la Navidad lejos de Guatemala<\/title>\n\n","aioseo_head_json":{"title":"El tamal: sabor migrante que acompa\u00f1a la Navidad lejos de Guatemala","description":"Lejos del suelo patrio, en la Uni\u00f3n Americana, la familia migrante se reencuentra con un sabor tradicional de fin de a\u00f1o: el tamal preparado en casa. Versiones hay muchas pero hay un solo coraz\u00f3n guatemalteco. El tamal sigue all\u00ed, todos los s\u00e1bados, a veces desde los jueves, pero cuando llegan las fiestas de Navidad y","canonical_url":"https:\/\/soymigrante.com\/revista\/tamal-guatemalteco-sabor-dentro-guatemala-migrante-estados-unidos\/","robots":"max-snippet:-1, max-image-preview:large, max-video-preview:-1","keywords":"","webmasterTools":{"miscellaneous":"&lt;link rel=\"preconnect\" href=\"https:\/\/fonts.googleapis.com\" crossorigin&gt;\n&lt;link rel=\"preconnect\" href=\"https:\/\/fonts.gstatic.com\" crossorigin&gt;"},"schema":null,"og:locale":"es_ES","og:site_name":"SoyMigrante.com REVISTA \u2013 Nuestra misi\u00f3n es reconocer y dignificar al migrante.","og:type":"article","og:title":"El tamal: sabor migrante que acompa\u00f1a la Navidad lejos de Guatemala","og:description":"Lejos del suelo patrio, en la Uni\u00f3n Americana, la familia migrante se reencuentra con un sabor tradicional de fin de a\u00f1o: el tamal preparado en casa. Versiones hay muchas pero hay un solo coraz\u00f3n guatemalteco. El tamal sigue all\u00ed, todos los s\u00e1bados, a veces desde los jueves, pero cuando llegan las fiestas de Navidad y","og:url":"https:\/\/soymigrante.com\/revista\/tamal-guatemalteco-sabor-dentro-guatemala-migrante-estados-unidos\/","og:image":"https:\/\/soymigrante.com\/revista\/wp-content\/uploads\/2023\/12\/WhatsApp-Image-2023-12-23-at-4.20.00-PM.webp","og:image:secure_url":"https:\/\/soymigrante.com\/revista\/wp-content\/uploads\/2023\/12\/WhatsApp-Image-2023-12-23-at-4.20.00-PM.webp","og:image:width":1200,"og:image:height":1600,"article:published_time":"2023-12-24T20:27:47+00:00","article:modified_time":"2024-07-28T17:42:22+00:00","article:publisher":"https:\/\/www.facebook.com\/soymigrantecom","twitter:card":"summary_large_image","twitter:site":"@SoyMigrante_com","twitter:title":"El tamal: sabor migrante que acompa\u00f1a la Navidad lejos de Guatemala","twitter:description":"Lejos del suelo patrio, en la Uni\u00f3n Americana, la familia migrante se reencuentra con un sabor tradicional de fin de a\u00f1o: el tamal preparado en casa. Versiones hay muchas pero hay un solo coraz\u00f3n guatemalteco. El tamal sigue all\u00ed, todos los s\u00e1bados, a veces desde los jueves, pero cuando llegan las fiestas de Navidad y","twitter:creator":"@SoyMigrante_com","twitter:image":"https:\/\/soymigrante.com\/revista\/wp-content\/uploads\/2023\/12\/WhatsApp-Image-2023-12-23-at-4.20.00-PM.webp"},"aioseo_meta_data":{"post_id":"16850","title":"Paseo por un mercadito navide\u00f1o guatemalteco en im\u00e1genes","description":"Nos vamos al mercadito navide\u00f1o guatemalteco, cerca del Mercado Centro. Se venden figuras de nacimiento, decoraciones, luces y m\u00e1s. Solo la nostalgia es gratis.","keywords":null,"keyphrases":{"focus":{"keyphrase":"Mercadito navide\u00f1o","score":100,"analysis":{"keyphraseInTitle":{"score":9,"maxScore":9,"error":0},"keyphraseInDescription":{"score":9,"maxScore":9,"error":0},"keyphraseLength":{"score":9,"maxScore":9,"error":0,"length":3},"keyphraseInURL":{"score":5,"maxScore":5,"error":0}}},"additional":[{"keyphrase":"Navidad","score":67,"analysis":{"keyphraseInDescription":{"score":3,"maxScore":9,"error":1},"keyphraseLength":{"score":9,"maxScore":9,"error":0,"length":1}}},{"keyphrase":"Nostalgia","score":100,"analysis":{"keyphraseInDescription":{"score":9,"maxScore":9,"error":0},"keyphraseLength":{"score":9,"maxScore":9,"error":0,"length":1}}}]},"primary_term":null,"canonical_url":null,"og_title":null,"og_description":null,"og_object_type":"default","og_image_type":"default","og_image_url":null,"og_image_width":null,"og_image_height":null,"og_image_custom_url":null,"og_image_custom_fields":null,"og_video":"","og_custom_url":null,"og_article_section":null,"og_article_tags":null,"twitter_use_og":false,"twitter_card":"default","twitter_image_type":"default","twitter_image_url":null,"twitter_image_custom_url":null,"twitter_image_custom_fields":null,"twitter_title":null,"twitter_description":null,"schema":{"blockGraphs":[],"customGraphs":[],"default":{"data":{"Article":[],"Course":[],"Dataset":[],"FAQPage":[],"Movie":[],"Person":[],"Product":[],"ProductReview":[],"Car":[],"Recipe":[],"Service":[],"SoftwareApplication":[],"WebPage":[]},"graphName":"Article","isEnabled":true},"graphs":[]},"schema_type":"default","schema_type_options":null,"pillar_content":false,"robots_default":true,"robots_noindex":false,"robots_noarchive":false,"robots_nosnippet":false,"robots_nofollow":false,"robots_noimageindex":false,"robots_noodp":false,"robots_notranslate":false,"robots_max_snippet":"-1","robots_max_videopreview":"-1","robots_max_imagepreview":"large","priority":null,"frequency":"default","local_seo":null,"seo_analyzer_scan_date":"2025-10-09 01:06:10","breadcrumb_settings":null,"limit_modified_date":false,"reviewed_by":null,"open_ai":"{\"title\":{\"suggestions\":[],\"usage\":0},\"description\":{\"suggestions\":[],\"usage\":0}}","ai":null,"created":"2024-12-16 22:38:24","updated":"2026-02-04 18:27:06"},"aioseo_breadcrumb":"<div class=\"aioseo-breadcrumbs\"><span class=\"aioseo-breadcrumb\">\n\t<a href=\"https:\/\/soymigrante.com\/revista\" title=\"Home\">Home<\/a>\n<\/span><span class=\"aioseo-breadcrumb-separator\">\u00bb<\/span><span class=\"aioseo-breadcrumb\">\n\t<a href=\"https:\/\/soymigrante.com\/revista\/category\/guate-nuestra\/\" title=\"Guate Nuestra\">Guate Nuestra<\/a>\n<\/span><span class=\"aioseo-breadcrumb-separator\">\u00bb<\/span><span class=\"aioseo-breadcrumb\">\n\tPaseo por un mercadito navide\u00f1o guatemalteco: una galer\u00eda de colores, alegr\u00edas y recuerdos\n<\/span><\/div>","aioseo_breadcrumb_json":[{"label":"Home","link":"https:\/\/soymigrante.com\/revista"},{"label":"Guate Nuestra","link":"https:\/\/soymigrante.com\/revista\/category\/guate-nuestra\/"},{"label":"Paseo por un mercadito navide\u00f1o guatemalteco: una galer\u00eda de colores, alegr\u00edas y recuerdos","link":"https:\/\/soymigrante.com\/revista\/paseo-por-un-mercadito-navideno-guatemalteco-una-galeria-de-colores-alegrias-y-recuerdos\/"}],"_links":{"self":[{"href":"https:\/\/soymigrante.com\/revista\/wp-json\/wp\/v2\/posts\/16850","targetHints":{"allow":["GET"]}}],"collection":[{"href":"https:\/\/soymigrante.com\/revista\/wp-json\/wp\/v2\/posts"}],"about":[{"href":"https:\/\/soymigrante.com\/revista\/wp-json\/wp\/v2\/types\/post"}],"author":[{"embeddable":true,"href":"https:\/\/soymigrante.com\/revista\/wp-json\/wp\/v2\/users\/7"}],"replies":[{"embeddable":true,"href":"https:\/\/soymigrante.com\/revista\/wp-json\/wp\/v2\/comments?post=16850"}],"version-history":[{"count":0,"href":"https:\/\/soymigrante.com\/revista\/wp-json\/wp\/v2\/posts\/16850\/revisions"}],"wp:featuredmedia":[{"embeddable":true,"href":"https:\/\/soymigrante.com\/revista\/wp-json\/wp\/v2\/media\/16855"}],"wp:attachment":[{"href":"https:\/\/soymigrante.com\/revista\/wp-json\/wp\/v2\/media?parent=16850"}],"wp:term":[{"taxonomy":"category","embeddable":true,"href":"https:\/\/soymigrante.com\/revista\/wp-json\/wp\/v2\/categories?post=16850"},{"taxonomy":"post_tag","embeddable":true,"href":"https:\/\/soymigrante.com\/revista\/wp-json\/wp\/v2\/tags?post=16850"}],"curies":[{"name":"wp","href":"https:\/\/api.w.org\/{rel}","templated":true}]}}