{"id":1684,"date":"2023-06-30T17:13:47","date_gmt":"2023-06-30T17:13:47","guid":{"rendered":"https:\/\/soymigrante.com\/revista\/?p=1684"},"modified":"2024-07-31T11:50:42","modified_gmt":"2024-07-31T17:50:42","slug":"entra-en-vigor-ley-antimigrante-sb1718-de-florida","status":"publish","type":"post","link":"https:\/\/soymigrante.com\/revista\/entra-en-vigor-ley-antimigrante-sb1718-de-florida\/","title":{"rendered":"Este 1 de julio entra en vigor ley antimigrante SB 1718 de Florida: protestas pac\u00edficas contin\u00faan"},"content":{"rendered":"\t\t<div data-elementor-type=\"wp-post\" data-elementor-id=\"1684\" class=\"elementor elementor-1684\" data-elementor-post-type=\"post\">\n\t\t\t\t\t\t<section data-particle_enable=\"false\" data-particle-mobile-disabled=\"false\" class=\"elementor-section elementor-top-section elementor-element elementor-element-bf14fe4 elementor-section-boxed elementor-section-height-default elementor-section-height-default\" data-id=\"bf14fe4\" data-element_type=\"section\" data-e-type=\"section\">\n\t\t\t\t\t\t<div class=\"elementor-container elementor-column-gap-default\">\n\t\t\t\t\t<div class=\"elementor-column elementor-col-100 elementor-top-column elementor-element elementor-element-2039324\" data-id=\"2039324\" data-element_type=\"column\" data-e-type=\"column\">\n\t\t\t<div class=\"elementor-widget-wrap elementor-element-populated\">\n\t\t\t\t\t\t<div class=\"elementor-element elementor-element-388321b elementor-widget elementor-widget-heading\" data-id=\"388321b\" data-element_type=\"widget\" data-e-type=\"widget\" data-widget_type=\"heading.default\">\n\t\t\t\t\t<h2 class=\"elementor-heading-title elementor-size-default\">A partir de este 1 de julio de 2023 no se emitir\u00e1n licencias de conducir en Florida a migrantes indocumentados ni se les aceptar\u00e1 licencias  de otros Estados, a causa de la ley SB1718.<\/h2>\t\t\t\t<\/div>\n\t\t\t\t\t<\/div>\n\t\t<\/div>\n\t\t\t\t\t<\/div>\n\t\t<\/section>\n\t\t\t\t<section data-particle_enable=\"false\" data-particle-mobile-disabled=\"false\" class=\"elementor-section elementor-top-section elementor-element elementor-element-691ed21 elementor-section-boxed elementor-section-height-default elementor-section-height-default\" data-id=\"691ed21\" data-element_type=\"section\" data-e-type=\"section\">\n\t\t\t\t\t\t<div class=\"elementor-container elementor-column-gap-default\">\n\t\t\t\t\t<div class=\"elementor-column elementor-col-100 elementor-top-column elementor-element elementor-element-53bb033\" data-id=\"53bb033\" data-element_type=\"column\" data-e-type=\"column\">\n\t\t\t<div class=\"elementor-widget-wrap elementor-element-populated\">\n\t\t\t\t\t\t<div class=\"elementor-element elementor-element-048719d elementor-widget elementor-widget-text-editor\" data-id=\"048719d\" data-element_type=\"widget\" data-e-type=\"widget\" data-widget_type=\"text-editor.default\">\n\t\t\t\t\t\t\t\t\t<p><span style=\"color: #3f3f3f; font-family: Roboto; text-align: justify; background-color: var(--ak-bg-color);\">Unos 167 mil migrantes guatemaltecos viven en el estado de Florida, seg\u00fan datos del Ministerio de Relaciones Exteriores. Quienes no cuentan con permiso legal para permanecer all\u00ed ser\u00e1n los m\u00e1s impactados por la ley SB1718, emitida por el gobernador de Florida Ronald de Santis y que cobra vigencia este 1 de julio de 2023.<\/span><\/p><p><span style=\"color: #3f3f3f; font-family: Roboto; text-align: justify; background-color: var(--ak-bg-color);\">&#8220;Hemos venido a trabajar, no a hacer da\u00f1o. Queremos aportar al estado de Florida. Queremos ser parte de este pa\u00eds. Todos pagamos impuestos, incluyendo a los indocumentados&#8221; expone un participante en la marcha efectuada este 30 de junio. Banderas de varios pa\u00edses, incluyendo a Guatemala se observan en las caminatas pac\u00edficas.<\/span><\/p><p style=\"margin: 0cm; text-align: justify; background-image: initial; background-position: initial; background-size: initial; background-repeat: initial; background-attachment: initial; background-origin: initial; background-clip: initial;\">\u00a0<\/p>\t\t\t\t\t\t\t\t<\/div>\n\t\t\t\t\t<\/div>\n\t\t<\/div>\n\t\t\t\t\t<\/div>\n\t\t<\/section>\n\t\t\t\t<section data-particle_enable=\"false\" data-particle-mobile-disabled=\"false\" class=\"elementor-section elementor-top-section elementor-element elementor-element-a212709 elementor-section-boxed elementor-section-height-default elementor-section-height-default\" data-id=\"a212709\" data-element_type=\"section\" data-e-type=\"section\">\n\t\t\t\t\t\t<div class=\"elementor-container elementor-column-gap-default\">\n\t\t\t\t\t<div class=\"elementor-column elementor-col-100 elementor-top-column elementor-element elementor-element-d62913c\" data-id=\"d62913c\" data-element_type=\"column\" data-e-type=\"column\">\n\t\t\t<div class=\"elementor-widget-wrap elementor-element-populated\">\n\t\t\t\t\t\t<div class=\"elementor-element elementor-element-1f9e46c elementor-widget elementor-widget-facebook-embed\" data-id=\"1f9e46c\" data-element_type=\"widget\" data-e-type=\"widget\" data-widget_type=\"facebook-embed.default\">\n\t\t\t\t\t<div style=\"min-height: 1px\" class=\"elementor-facebook-widget fb-post\" data-href=\"https:\/\/www.facebook.com\/wgcupublicmedia\/videos\/302821658763681\" data-show-text=\"false\"><\/div>\t\t\t\t<\/div>\n\t\t\t\t\t<\/div>\n\t\t<\/div>\n\t\t\t\t\t<\/div>\n\t\t<\/section>\n\t\t\t\t<section data-particle_enable=\"false\" data-particle-mobile-disabled=\"false\" class=\"elementor-section elementor-top-section elementor-element elementor-element-a7951db elementor-section-boxed elementor-section-height-default elementor-section-height-default\" data-id=\"a7951db\" data-element_type=\"section\" data-e-type=\"section\">\n\t\t\t\t\t\t<div class=\"elementor-container elementor-column-gap-default\">\n\t\t\t\t\t<div class=\"elementor-column elementor-col-100 elementor-top-column elementor-element elementor-element-a8b9062\" data-id=\"a8b9062\" data-element_type=\"column\" data-e-type=\"column\">\n\t\t\t<div class=\"elementor-widget-wrap elementor-element-populated\">\n\t\t\t\t\t\t<div class=\"elementor-element elementor-element-c598fc2 elementor-widget elementor-widget-text-editor\" data-id=\"c598fc2\" data-element_type=\"widget\" data-e-type=\"widget\" data-widget_type=\"text-editor.default\">\n\t\t\t\t\t\t\t\t\t<p>Existen varios efectos graves de esta norma, pero uno de los principales es que \u201cdeclara que las licencias de conducir emitidas fuera del Estado de Floridaa inmigrantes indocumentados que no pueden demostrar su presencia legal en los Estados Unidos cuando se emiten las licencias\u201c explica el licenciado Fernando Castro Molina, analista migratorio guatemalteco.<\/p><p><span style=\"color: var( --e-global-color-text ); background-color: var(--ak-bg-color);\">Los tipos de licencias que no son v\u00e1lidas seg\u00fan la ley SB 1718, tambi\u00e9n incluyen aquellas que son similares a las licencias de conducir de residentes legales y ciudadanos, como las tarjetas de identificaci\u00f3n estatales si tienen marcas que establecen que el titular de la licencia no ejerci\u00f3 la opci\u00f3n de proporcionar prueba de presencia legal en EEUU, lo cual implica que s\u00f3lo ser\u00edan legales con los est\u00e1ndares de seguridad como tarjetas de identificaci\u00f3n establecidos por la Ley Real ID, de dicho pa\u00eds, agrega Castro.<\/span><\/p><p><span style=\"color: var( --e-global-color-text ); background-color: var(--ak-bg-color);\">Si un migrante indocumentado es detenido por la polic\u00eda y tiene una licencia de otro estado, le ser\u00e1 retirada y se le citar\u00e1 ante juez por conducir sin permiso. Afirma Castro que \u201ces un delito menor de segundo grado en el Estado de\u00a0 Florida, que se castiga con una multa de hasta $500 d\u00f3lares o hasta 60 d\u00edas de c\u00e1rcel\u201d, se\u00f1ala Castro, quien lamenta que el Gobierno de Guatemala no haya presentado ninguna postura firme ante el Estado de Florida por la ley antimigrante.<\/span><\/p><p><span style=\"color: var( --e-global-color-text ); background-color: var(--ak-bg-color);\">Otro efecto de la ley es que si se busca ayuda hospitalaria, se registrar\u00e1 el estatus legal de las personas y quienes busquen ser contratados por empresas con 25 o m\u00e1s empleados, deber\u00e1n pasar el filtro del sistema E.Verify, en el cual no se permiten indocumentados.<\/span><\/p>\t\t\t\t\t\t\t\t<\/div>\n\t\t\t\t\t<\/div>\n\t\t<\/div>\n\t\t\t\t\t<\/div>\n\t\t<\/section>\n\t\t\t\t<section data-particle_enable=\"false\" data-particle-mobile-disabled=\"false\" class=\"elementor-section elementor-top-section elementor-element elementor-element-d42cac1 elementor-section-boxed elementor-section-height-default elementor-section-height-default\" data-id=\"d42cac1\" data-element_type=\"section\" data-e-type=\"section\">\n\t\t\t\t\t\t<div class=\"elementor-container elementor-column-gap-default\">\n\t\t\t\t\t<div class=\"elementor-column elementor-col-100 elementor-top-column elementor-element elementor-element-5576b2d\" data-id=\"5576b2d\" data-element_type=\"column\" data-e-type=\"column\">\n\t\t\t<div class=\"elementor-widget-wrap elementor-element-populated\">\n\t\t\t\t\t\t<div class=\"elementor-element elementor-element-553b654 elementor-widget elementor-widget-image\" data-id=\"553b654\" data-element_type=\"widget\" data-e-type=\"widget\" data-widget_type=\"image.default\">\n\t\t\t\t\t\t\t\t\t\t\t\t<figure class=\"wp-caption\">\n\t\t\t\t\t\t\t\t\t\t<img fetchpriority=\"high\" decoding=\"async\" width=\"768\" height=\"450\" src=\"https:\/\/soymigrante.com\/revista\/wp-content\/uploads\/2023\/06\/protesta-1024x600.webp\" class=\"attachment-large size-large wp-image-1686\" alt=\"Guatemaltecos participan el 30 de junio en las protestas contra la ley antimigrante SB1718\" srcset=\"https:\/\/soymigrante.com\/revista\/wp-content\/uploads\/2023\/06\/protesta-1024x600.webp 1024w, https:\/\/soymigrante.com\/revista\/wp-content\/uploads\/2023\/06\/protesta-300x176.webp 300w, https:\/\/soymigrante.com\/revista\/wp-content\/uploads\/2023\/06\/protesta-768x450.webp 768w, https:\/\/soymigrante.com\/revista\/wp-content\/uploads\/2023\/06\/protesta-1536x899.webp 1536w, https:\/\/soymigrante.com\/revista\/wp-content\/uploads\/2023\/06\/protesta-750x439.webp 750w, https:\/\/soymigrante.com\/revista\/wp-content\/uploads\/2023\/06\/protesta-1140x667.webp 1140w, https:\/\/soymigrante.com\/revista\/wp-content\/uploads\/2023\/06\/protesta.webp 1561w\" sizes=\"(max-width: 768px) 100vw, 768px\" title=\"Guatemaltecos participan el 30 de junio en las protestas contra la ley antimigrante SB1718 \u2013 SoyMigrante.com REVISTA\" \/>\t\t\t\t\t\t\t\t\t\t\t<figcaption class=\"widget-image-caption wp-caption-text\">Guatemaltecos participan el 30 de junio en las protestas contra la ley antimigrante SB1718<\/figcaption>\n\t\t\t\t\t\t\t\t\t\t<\/figure>\n\t\t\t\t\t\t\t\t\t<\/div>\n\t\t\t\t\t<\/div>\n\t\t<\/div>\n\t\t\t\t\t<\/div>\n\t\t<\/section>\n\t\t\t\t<section data-particle_enable=\"false\" data-particle-mobile-disabled=\"false\" class=\"elementor-section elementor-top-section elementor-element elementor-element-66964af elementor-section-boxed elementor-section-height-default elementor-section-height-default\" data-id=\"66964af\" data-element_type=\"section\" data-e-type=\"section\">\n\t\t\t\t\t\t<div class=\"elementor-container elementor-column-gap-default\">\n\t\t\t\t\t<div class=\"elementor-column elementor-col-100 elementor-top-column elementor-element elementor-element-0ea89ce\" data-id=\"0ea89ce\" data-element_type=\"column\" data-e-type=\"column\">\n\t\t\t<div class=\"elementor-widget-wrap elementor-element-populated\">\n\t\t\t\t\t\t<div class=\"elementor-element elementor-element-92acbad elementor-widget elementor-widget-heading\" data-id=\"92acbad\" data-element_type=\"widget\" data-e-type=\"widget\" data-widget_type=\"heading.default\">\n\t\t\t\t\t<h2 class=\"elementor-heading-title elementor-size-default\">Algunas recomendaciones consulares<\/h2>\t\t\t\t<\/div>\n\t\t\t\t\t<\/div>\n\t\t<\/div>\n\t\t\t\t\t<\/div>\n\t\t<\/section>\n\t\t\t\t<section data-particle_enable=\"false\" data-particle-mobile-disabled=\"false\" class=\"elementor-section elementor-top-section elementor-element elementor-element-b92eeb8 elementor-section-boxed elementor-section-height-default elementor-section-height-default\" data-id=\"b92eeb8\" data-element_type=\"section\" data-e-type=\"section\">\n\t\t\t\t\t\t<div class=\"elementor-container elementor-column-gap-default\">\n\t\t\t\t\t<div class=\"elementor-column elementor-col-100 elementor-top-column elementor-element elementor-element-da573dd\" data-id=\"da573dd\" data-element_type=\"column\" data-e-type=\"column\">\n\t\t\t<div class=\"elementor-widget-wrap elementor-element-populated\">\n\t\t\t\t\t\t<div class=\"elementor-element elementor-element-6c59620 elementor-widget elementor-widget-text-editor\" data-id=\"6c59620\" data-element_type=\"widget\" data-e-type=\"widget\" data-widget_type=\"text-editor.default\">\n\t\t\t\t\t\t\t\t\t<p><span style=\"background-color: var(--ak-bg-color);\">A trav\u00e9s de un video de Facebook, emitido el 6 de junio, el consulado de Guatemala en Florida efectu\u00f3 algunas recomendaciones y ofreci\u00f3 apoyo a los connacionales que lo soliciten.<\/span><\/p><ul><li><span style=\"color: var( --e-global-color-text ); background-color: var(--ak-bg-color);\">En caso de ser detenido un migrante indocumentado por no tener licencia, no oponer ninguna resistencia a las autoridades.<\/span><\/li><li>Respetar las leyes de tr\u00e1nsito, sobre todo en lo referente a conducir bajo influencia de alcohol. Se recomienda evitar esta infracci\u00f3n.<\/li><li>Si agentes migratorios se presentan en el domicilio de una persona indocumentada y dicen que van a efectuar un arresto, el consulado recomienda pedir que muestren la orden judicial impresa de arresto, que la pasen por la ventana o debajo de la puerta. Pero si no presentan\u00a0<\/li><li>-Si se est\u00e1 en un proceso de legalizaci\u00f3n que todav\u00eda no concluye, tener los documentos guardados en el tel\u00e9fono para mostrarlos y que se haga constar ante oficiales y ante el\u00a0 juez.<\/li><li>\u201cSi eres migrante guatemalteco y vives en la florida, recuerda que tienes derechos sin importar tu estatus migratorio. Todos trabajamos y contribuimos con este Estado\u201d, afirma la abogada Lorena Lara, del Consulado de Guatemala en Miami a trav\u00e9s del citado video.<\/li><\/ul><p>E<b>l consulado pide a los migrantes guatemaltecos que tengan dudas, que necesiten asesor\u00eda legal migratoria u otro servicio a comunicarse a trav\u00e9s de la pagina de Facebook o al tel\u00e9fono +1 305-679-9945\u00a0<span style=\"color: var( --e-global-color-text ); background-color: var(--ak-bg-color);\">atencionmiami@minex.gob.gt<\/span><\/b><\/p>\t\t\t\t\t\t\t\t<\/div>\n\t\t\t\t\t<\/div>\n\t\t<\/div>\n\t\t\t\t\t<\/div>\n\t\t<\/section>\n\t\t\t\t<section data-particle_enable=\"false\" data-particle-mobile-disabled=\"false\" class=\"elementor-section elementor-top-section elementor-element elementor-element-38a8671 elementor-section-boxed elementor-section-height-default elementor-section-height-default\" data-id=\"38a8671\" data-element_type=\"section\" data-e-type=\"section\">\n\t\t\t\t\t\t<div class=\"elementor-container elementor-column-gap-default\">\n\t\t\t\t\t<div class=\"elementor-column elementor-col-100 elementor-top-column elementor-element elementor-element-159403f\" data-id=\"159403f\" data-element_type=\"column\" data-e-type=\"column\">\n\t\t\t<div class=\"elementor-widget-wrap elementor-element-populated\">\n\t\t\t\t\t\t<div class=\"elementor-element elementor-element-b916030 elementor-widget elementor-widget-image\" data-id=\"b916030\" data-element_type=\"widget\" data-e-type=\"widget\" data-widget_type=\"image.default\">\n\t\t\t\t\t\t\t\t\t\t\t\t<figure class=\"wp-caption\">\n\t\t\t\t\t\t\t\t\t\t<img decoding=\"async\" width=\"768\" height=\"288\" src=\"https:\/\/soymigrante.com\/revista\/wp-content\/uploads\/2023\/06\/Captura-de-pantalla-2023-06-30-105618-1024x384.webp\" class=\"attachment-large size-large wp-image-1688\" alt=\"Migrantes de varias nacionalidades protestan contra la ley antimigrante y racista SB1718.\" srcset=\"https:\/\/soymigrante.com\/revista\/wp-content\/uploads\/2023\/06\/Captura-de-pantalla-2023-06-30-105618-1024x384.webp 1024w, https:\/\/soymigrante.com\/revista\/wp-content\/uploads\/2023\/06\/Captura-de-pantalla-2023-06-30-105618-300x113.webp 300w, https:\/\/soymigrante.com\/revista\/wp-content\/uploads\/2023\/06\/Captura-de-pantalla-2023-06-30-105618-768x288.webp 768w, https:\/\/soymigrante.com\/revista\/wp-content\/uploads\/2023\/06\/Captura-de-pantalla-2023-06-30-105618-1536x577.webp 1536w, https:\/\/soymigrante.com\/revista\/wp-content\/uploads\/2023\/06\/Captura-de-pantalla-2023-06-30-105618-750x282.webp 750w, https:\/\/soymigrante.com\/revista\/wp-content\/uploads\/2023\/06\/Captura-de-pantalla-2023-06-30-105618-1140x428.webp 1140w, https:\/\/soymigrante.com\/revista\/wp-content\/uploads\/2023\/06\/Captura-de-pantalla-2023-06-30-105618.webp 1793w\" sizes=\"(max-width: 768px) 100vw, 768px\" title=\"Migrantes de varias nacionalidades protestan contra la ley antimigrante y racista SB1718. \u2013 SoyMigrante.com REVISTA\" \/>\t\t\t\t\t\t\t\t\t\t\t<figcaption class=\"widget-image-caption wp-caption-text\">Migrantes de varias nacionalidades protestan contra la ley antimigrante y racista SB1718.<\/figcaption>\n\t\t\t\t\t\t\t\t\t\t<\/figure>\n\t\t\t\t\t\t\t\t\t<\/div>\n\t\t\t\t\t<\/div>\n\t\t<\/div>\n\t\t\t\t\t<\/div>\n\t\t<\/section>\n\t\t\t\t<section data-particle_enable=\"false\" data-particle-mobile-disabled=\"false\" class=\"elementor-section elementor-top-section elementor-element elementor-element-27945cd elementor-section-boxed elementor-section-height-default elementor-section-height-default\" data-id=\"27945cd\" data-element_type=\"section\" data-e-type=\"section\">\n\t\t\t\t\t\t<div class=\"elementor-container elementor-column-gap-default\">\n\t\t\t\t\t<div class=\"elementor-column elementor-col-100 elementor-top-column elementor-element elementor-element-180bdb4\" data-id=\"180bdb4\" data-element_type=\"column\" data-e-type=\"column\">\n\t\t\t<div class=\"elementor-widget-wrap elementor-element-populated\">\n\t\t\t\t\t\t<div class=\"elementor-element elementor-element-72261ae elementor-widget elementor-widget-heading\" data-id=\"72261ae\" data-element_type=\"widget\" data-e-type=\"widget\" data-widget_type=\"heading.default\">\n\t\t\t\t\t<h2 class=\"elementor-heading-title elementor-size-default\">Protestas y efectos en la econom\u00eda<\/h2>\t\t\t\t<\/div>\n\t\t\t\t\t<\/div>\n\t\t<\/div>\n\t\t\t\t\t<\/div>\n\t\t<\/section>\n\t\t\t\t<section data-particle_enable=\"false\" data-particle-mobile-disabled=\"false\" class=\"elementor-section elementor-top-section elementor-element elementor-element-a9b0a2d elementor-section-boxed elementor-section-height-default elementor-section-height-default\" data-id=\"a9b0a2d\" data-element_type=\"section\" data-e-type=\"section\">\n\t\t\t\t\t\t<div class=\"elementor-container elementor-column-gap-default\">\n\t\t\t\t\t<div class=\"elementor-column elementor-col-100 elementor-top-column elementor-element elementor-element-b0f48cc\" data-id=\"b0f48cc\" data-element_type=\"column\" data-e-type=\"column\">\n\t\t\t<div class=\"elementor-widget-wrap elementor-element-populated\">\n\t\t\t\t\t\t<div class=\"elementor-element elementor-element-ca832e7 elementor-widget elementor-widget-text-editor\" data-id=\"ca832e7\" data-element_type=\"widget\" data-e-type=\"widget\" data-widget_type=\"text-editor.default\">\n\t\t\t\t\t\t\t\t\t<p>Migrantes de varias nacionalidades han efectuado protestas pac\u00edficas para exigir la derogatoria de la SB1718 as\u00ed como para pedir que el gobierno federal inicie un proceso para declararla inconstitucional. Los migrantes exponen que han llegado a Florida para trabajar, pagar impuestos y aportar al Estado.<\/p><p>Varios empleadores de Florida, especialmente en las \u00e1reas de agricultura y construcci\u00f3n se han quejado de escasez de trabajadores debido al \u00e9xodo de los mismos a otros Estados.\u00a0<\/p>\t\t\t\t\t\t\t\t<\/div>\n\t\t\t\t\t<\/div>\n\t\t<\/div>\n\t\t\t\t\t<\/div>\n\t\t<\/section>\n\t\t\t\t<section data-particle_enable=\"false\" data-particle-mobile-disabled=\"false\" class=\"elementor-section elementor-top-section elementor-element elementor-element-1be8b3b elementor-section-boxed elementor-section-height-default elementor-section-height-default\" data-id=\"1be8b3b\" data-element_type=\"section\" data-e-type=\"section\">\n\t\t\t\t\t\t<div class=\"elementor-container elementor-column-gap-default\">\n\t\t\t\t\t<div class=\"elementor-column elementor-col-100 elementor-top-column elementor-element elementor-element-9faeefb\" data-id=\"9faeefb\" data-element_type=\"column\" data-e-type=\"column\">\n\t\t\t<div class=\"elementor-widget-wrap elementor-element-populated\">\n\t\t\t\t\t\t<div class=\"elementor-element elementor-element-eb59e5b elementor-widget elementor-widget-video\" data-id=\"eb59e5b\" data-element_type=\"widget\" data-e-type=\"widget\" data-settings=\"{&quot;youtube_url&quot;:&quot;https:\\\/\\\/www.youtube.com\\\/watch?v=OAdbmriLANM&quot;,&quot;start&quot;:2,&quot;lazy_load&quot;:&quot;yes&quot;,&quot;video_type&quot;:&quot;youtube&quot;,&quot;controls&quot;:&quot;yes&quot;}\" data-widget_type=\"video.default\">\n\t\t\t\t\t\t\t<div class=\"elementor-wrapper elementor-open-inline\">\n\t\t\t<div class=\"elementor-video\"><\/div>\t\t<\/div>\n\t\t\t\t\t\t<\/div>\n\t\t\t\t\t<\/div>\n\t\t<\/div>\n\t\t\t\t\t<\/div>\n\t\t<\/section>\n\t\t\t\t<\/div>\n\t\t","protected":false},"excerpt":{"rendered":"<p>A partir de este 1 de julio de 2023 no se emitir\u00e1n licencias de conducir en Florida a migrantes indocumentados ni se les aceptar\u00e1 licencias de otros Estados, a causa de la ley SB1718. Unos 167 mil migrantes guatemaltecos viven en el estado de Florida, seg\u00fan datos del Ministerio de Relaciones Exteriores. Quienes no cuentan [&hellip;]<\/p>\n","protected":false},"author":7,"featured_media":1686,"comment_status":"open","ping_status":"open","sticky":false,"template":"","format":"standard","meta":{"_acf_changed":false,"_eb_attr":"","footnotes":""},"categories":[54],"tags":[],"class_list":["post-1684","post","type-post","status-publish","format-standard","has-post-thumbnail","hentry","category-estamos-unidos"],"acf":[],"aioseo_notices":[],"aioseo_head":"\n\t\t<!-- All in One SEO Pro 4.9.6.2 - aioseo.com -->\n\t<meta name=\"description\" content=\"A partir de este 1 de julio de 2023 no se emitir\u00e1n licencias de conducir en Florida a migrantes indocumentados ni se les aceptar\u00e1 licencias de otros Estados, a causa de la ley SB1718. Unos 167 mil migrantes guatemaltecos viven en el estado de Florida, seg\u00fan datos del Ministerio de Relaciones Exteriores. Quienes no cuentan\" \/>\n\t<meta name=\"robots\" content=\"max-snippet:-1, max-image-preview:large, max-video-preview:-1\" \/>\n\t<meta name=\"author\" content=\"Gustavo Montenegro\"\/>\n\t<link rel=\"canonical\" href=\"https:\/\/soymigrante.com\/revista\/entra-en-vigor-ley-antimigrante-sb1718-de-florida\/\" \/>\n\t<meta name=\"generator\" content=\"All in One SEO Pro (AIOSEO) 4.9.6.2\" \/>\n\n\t\t<link rel=\"preconnect\" href=\"https:\/\/fonts.googleapis.com\" crossorigin>\n<link rel=\"preconnect\" href=\"https:\/\/fonts.gstatic.com\" crossorigin>\n\t\t<meta property=\"og:locale\" content=\"es_ES\" \/>\n\t\t<meta property=\"og:site_name\" content=\"SoyMigrante.com REVISTA \u2013 Nuestra misi\u00f3n es reconocer y dignificar al migrante.\" \/>\n\t\t<meta property=\"og:type\" content=\"article\" \/>\n\t\t<meta property=\"og:title\" content=\"Este 1 de julio entra en vigor ley antimigrante SB 1718 de Florida: protestas pac\u00edficas contin\u00faan\" \/>\n\t\t<meta property=\"og:description\" content=\"A partir de este 1 de julio de 2023 no se emitir\u00e1n licencias de conducir en Florida a migrantes indocumentados ni se les aceptar\u00e1 licencias de otros Estados, a causa de la ley SB1718. Unos 167 mil migrantes guatemaltecos viven en el estado de Florida, seg\u00fan datos del Ministerio de Relaciones Exteriores. Quienes no cuentan\" \/>\n\t\t<meta property=\"og:url\" content=\"https:\/\/soymigrante.com\/revista\/entra-en-vigor-ley-antimigrante-sb1718-de-florida\/\" \/>\n\t\t<meta property=\"og:image\" content=\"https:\/\/soymigrante.com\/revista\/wp-content\/uploads\/2023\/06\/protesta.webp\" \/>\n\t\t<meta property=\"og:image:secure_url\" content=\"https:\/\/soymigrante.com\/revista\/wp-content\/uploads\/2023\/06\/protesta.webp\" \/>\n\t\t<meta property=\"og:image:width\" content=\"1561\" \/>\n\t\t<meta property=\"og:image:height\" content=\"914\" \/>\n\t\t<meta property=\"article:published_time\" content=\"2023-06-30T17:13:47+00:00\" \/>\n\t\t<meta property=\"article:modified_time\" content=\"2024-07-31T17:50:42+00:00\" \/>\n\t\t<meta property=\"article:publisher\" content=\"https:\/\/www.facebook.com\/soymigrantecom\" \/>\n\t\t<meta name=\"twitter:card\" content=\"summary_large_image\" \/>\n\t\t<meta name=\"twitter:site\" content=\"@SoyMigrante_com\" \/>\n\t\t<meta name=\"twitter:title\" content=\"Este 1 de julio entra en vigor ley antimigrante SB 1718 de Florida: protestas pac\u00edficas contin\u00faan\" \/>\n\t\t<meta name=\"twitter:description\" content=\"A partir de este 1 de julio de 2023 no se emitir\u00e1n licencias de conducir en Florida a migrantes indocumentados ni se les aceptar\u00e1 licencias de otros Estados, a causa de la ley SB1718. Unos 167 mil migrantes guatemaltecos viven en el estado de Florida, seg\u00fan datos del Ministerio de Relaciones Exteriores. Quienes no cuentan\" \/>\n\t\t<meta name=\"twitter:creator\" content=\"@SoyMigrante_com\" \/>\n\t\t<meta name=\"twitter:image\" content=\"https:\/\/soymigrante.com\/revista\/wp-content\/uploads\/2023\/06\/protesta.webp\" \/>\n\t\t<!-- All in One SEO Pro -->\r\n\t\t<title>Este 1 de julio entra en vigor ley antimigrante SB 1718 de Florida: protestas pac\u00edficas contin\u00faan<\/title>\n\n","aioseo_head_json":{"title":"Este 1 de julio entra en vigor ley antimigrante SB 1718 de Florida: protestas pac\u00edficas contin\u00faan","description":"A partir de este 1 de julio de 2023 no se emitir\u00e1n licencias de conducir en Florida a migrantes indocumentados ni se les aceptar\u00e1 licencias de otros Estados, a causa de la ley SB1718. Unos 167 mil migrantes guatemaltecos viven en el estado de Florida, seg\u00fan datos del Ministerio de Relaciones Exteriores. Quienes no cuentan","canonical_url":"https:\/\/soymigrante.com\/revista\/entra-en-vigor-ley-antimigrante-sb1718-de-florida\/","robots":"max-snippet:-1, max-image-preview:large, max-video-preview:-1","keywords":"","webmasterTools":{"miscellaneous":"&lt;link rel=\"preconnect\" href=\"https:\/\/fonts.googleapis.com\" crossorigin&gt;\n&lt;link rel=\"preconnect\" href=\"https:\/\/fonts.gstatic.com\" crossorigin&gt;"},"schema":null,"og:locale":"es_ES","og:site_name":"SoyMigrante.com REVISTA \u2013 Nuestra misi\u00f3n es reconocer y dignificar al migrante.","og:type":"article","og:title":"Este 1 de julio entra en vigor ley antimigrante SB 1718 de Florida: protestas pac\u00edficas contin\u00faan","og:description":"A partir de este 1 de julio de 2023 no se emitir\u00e1n licencias de conducir en Florida a migrantes indocumentados ni se les aceptar\u00e1 licencias de otros Estados, a causa de la ley SB1718. Unos 167 mil migrantes guatemaltecos viven en el estado de Florida, seg\u00fan datos del Ministerio de Relaciones Exteriores. Quienes no cuentan","og:url":"https:\/\/soymigrante.com\/revista\/entra-en-vigor-ley-antimigrante-sb1718-de-florida\/","og:image":"https:\/\/soymigrante.com\/revista\/wp-content\/uploads\/2023\/06\/protesta.webp","og:image:secure_url":"https:\/\/soymigrante.com\/revista\/wp-content\/uploads\/2023\/06\/protesta.webp","og:image:width":1561,"og:image:height":914,"article:published_time":"2023-06-30T17:13:47+00:00","article:modified_time":"2024-07-31T17:50:42+00:00","article:publisher":"https:\/\/www.facebook.com\/soymigrantecom","twitter:card":"summary_large_image","twitter:site":"@SoyMigrante_com","twitter:title":"Este 1 de julio entra en vigor ley antimigrante SB 1718 de Florida: protestas pac\u00edficas contin\u00faan","twitter:description":"A partir de este 1 de julio de 2023 no se emitir\u00e1n licencias de conducir en Florida a migrantes indocumentados ni se les aceptar\u00e1 licencias de otros Estados, a causa de la ley SB1718. Unos 167 mil migrantes guatemaltecos viven en el estado de Florida, seg\u00fan datos del Ministerio de Relaciones Exteriores. Quienes no cuentan","twitter:creator":"@SoyMigrante_com","twitter:image":"https:\/\/soymigrante.com\/revista\/wp-content\/uploads\/2023\/06\/protesta.webp"},"aioseo_meta_data":{"post_id":"1684","title":null,"description":null,"keywords":null,"keyphrases":{"focus":{"keyphrase":"Migrantes","score":85,"analysis":{"keyphraseInTitle":{"score":3,"maxScore":9,"error":1},"keyphraseInDescription":{"score":9,"maxScore":9,"error":0},"keyphraseLength":{"score":9,"maxScore":9,"error":0,"length":1},"keyphraseInURL":{"score":1,"maxScore":5,"error":1},"keyphraseInIntroduction":{"score":9,"maxScore":9,"error":0},"keyphraseInSubHeadings":{"score":9,"maxScore":9,"error":0},"keyphraseInImageAlt":{"score":9,"maxScore":9,"error":0},"keywordDensity":{"type":"best","score":9,"maxScore":9,"error":0}}},"additional":[{"keyphrase":"SB1718","score":100,"analysis":{"keyphraseInDescription":{"score":9,"maxScore":9,"error":0},"keyphraseLength":{"score":9,"maxScore":9,"error":0,"length":1},"keyphraseInIntroduction":{"score":9,"maxScore":9,"error":0},"keyphraseInImageAlt":{"score":9,"maxScore":9,"error":0},"keywordDensity":{"type":"best","score":9,"maxScore":9,"error":0}}}]},"primary_term":null,"canonical_url":null,"og_title":null,"og_description":null,"og_object_type":"default","og_image_type":"default","og_image_url":null,"og_image_width":null,"og_image_height":null,"og_image_custom_url":null,"og_image_custom_fields":null,"og_video":"","og_custom_url":null,"og_article_section":null,"og_article_tags":null,"twitter_use_og":false,"twitter_card":"default","twitter_image_type":"default","twitter_image_url":null,"twitter_image_custom_url":null,"twitter_image_custom_fields":null,"twitter_title":null,"twitter_description":null,"schema":{"blockGraphs":[],"customGraphs":[],"default":{"data":{"Article":[],"Course":[],"Dataset":[],"FAQPage":[],"Movie":[],"Person":[],"Product":[],"ProductReview":[],"Car":[],"Recipe":[],"Service":[],"SoftwareApplication":[],"WebPage":[]},"graphName":"Article","isEnabled":true},"graphs":[]},"schema_type":"default","schema_type_options":null,"pillar_content":false,"robots_default":true,"robots_noindex":false,"robots_noarchive":false,"robots_nosnippet":false,"robots_nofollow":false,"robots_noimageindex":false,"robots_noodp":false,"robots_notranslate":false,"robots_max_snippet":"-1","robots_max_videopreview":"-1","robots_max_imagepreview":"large","priority":null,"frequency":"default","local_seo":null,"seo_analyzer_scan_date":"2025-10-08 20:01:13","breadcrumb_settings":null,"limit_modified_date":false,"reviewed_by":null,"open_ai":"{\"title\":{\"suggestions\":[],\"usage\":0},\"description\":{\"suggestions\":[],\"usage\":0}}","ai":null,"created":"2023-08-18 14:04:20","updated":"2026-02-04 04:59:13"},"aioseo_breadcrumb":"<div class=\"aioseo-breadcrumbs\"><span class=\"aioseo-breadcrumb\">\n\t<a href=\"https:\/\/soymigrante.com\/revista\" title=\"Home\">Home<\/a>\n<\/span><span class=\"aioseo-breadcrumb-separator\">\u00bb<\/span><span class=\"aioseo-breadcrumb\">\n\t<a href=\"https:\/\/soymigrante.com\/revista\/category\/estamos-unidos\/\" title=\"Estamos Unidos\">Estamos Unidos<\/a>\n<\/span><span class=\"aioseo-breadcrumb-separator\">\u00bb<\/span><span class=\"aioseo-breadcrumb\">\n\tEste 1 de julio entra en vigor ley antimigrante SB 1718 de Florida: protestas pac\u00edficas contin\u00faan\n<\/span><\/div>","aioseo_breadcrumb_json":[{"label":"Home","link":"https:\/\/soymigrante.com\/revista"},{"label":"Estamos Unidos","link":"https:\/\/soymigrante.com\/revista\/category\/estamos-unidos\/"},{"label":"Este 1 de julio entra en vigor ley antimigrante SB 1718 de Florida: protestas pac\u00edficas contin\u00faan","link":"https:\/\/soymigrante.com\/revista\/entra-en-vigor-ley-antimigrante-sb1718-de-florida\/"}],"_links":{"self":[{"href":"https:\/\/soymigrante.com\/revista\/wp-json\/wp\/v2\/posts\/1684","targetHints":{"allow":["GET"]}}],"collection":[{"href":"https:\/\/soymigrante.com\/revista\/wp-json\/wp\/v2\/posts"}],"about":[{"href":"https:\/\/soymigrante.com\/revista\/wp-json\/wp\/v2\/types\/post"}],"author":[{"embeddable":true,"href":"https:\/\/soymigrante.com\/revista\/wp-json\/wp\/v2\/users\/7"}],"replies":[{"embeddable":true,"href":"https:\/\/soymigrante.com\/revista\/wp-json\/wp\/v2\/comments?post=1684"}],"version-history":[{"count":0,"href":"https:\/\/soymigrante.com\/revista\/wp-json\/wp\/v2\/posts\/1684\/revisions"}],"wp:featuredmedia":[{"embeddable":true,"href":"https:\/\/soymigrante.com\/revista\/wp-json\/wp\/v2\/media\/1686"}],"wp:attachment":[{"href":"https:\/\/soymigrante.com\/revista\/wp-json\/wp\/v2\/media?parent=1684"}],"wp:term":[{"taxonomy":"category","embeddable":true,"href":"https:\/\/soymigrante.com\/revista\/wp-json\/wp\/v2\/categories?post=1684"},{"taxonomy":"post_tag","embeddable":true,"href":"https:\/\/soymigrante.com\/revista\/wp-json\/wp\/v2\/tags?post=1684"}],"curies":[{"name":"wp","href":"https:\/\/api.w.org\/{rel}","templated":true}]}}