{"id":16558,"date":"2024-12-20T08:00:00","date_gmt":"2024-12-20T14:00:00","guid":{"rendered":"https:\/\/soymigrante.com\/revista\/?p=16558"},"modified":"2024-12-21T19:58:20","modified_gmt":"2024-12-22T01:58:20","slug":"joyas-jade-luis-prieto-emprendedores-mercado","status":"publish","type":"post","link":"https:\/\/soymigrante.com\/revista\/joyas-jade-luis-prieto-emprendedores-mercado\/","title":{"rendered":"Luis F. Prieto Jeweler y la pasi\u00f3n por crear piezas originales en jade y otros materiales"},"content":{"rendered":"\t\t<div data-elementor-type=\"wp-post\" data-elementor-id=\"16558\" class=\"elementor elementor-16558\" data-elementor-post-type=\"post\">\n\t\t\t\t<div data-particle_enable=\"false\" data-particle-mobile-disabled=\"false\" class=\"elementor-element elementor-element-4204ec9 e-flex e-con-boxed e-con e-parent\" data-id=\"4204ec9\" data-element_type=\"container\" data-e-type=\"container\">\n\t\t\t\t\t<div class=\"e-con-inner\">\n\t\t\t\t<div class=\"elementor-element elementor-element-8d8390b elementor-widget elementor-widget-heading\" data-id=\"8d8390b\" data-element_type=\"widget\" data-e-type=\"widget\" data-widget_type=\"heading.default\">\n\t\t\t\t\t<h2 class=\"elementor-heading-title elementor-size-default\">Desde 2004, Luis F. Prieto Jeweler ha transformado el arte de la joyer\u00eda en una celebraci\u00f3n de la cultura guatemalteca, creando piezas \u00fanicas y hechas a mano con jade. Conoce la historia del emprendedor y sus productos en SoyMigrante.com MERCADO.<\/h2>\t\t\t\t<\/div>\n\t\t\t\t\t<\/div>\n\t\t\t\t<\/div>\n\t\t<div data-particle_enable=\"false\" data-particle-mobile-disabled=\"false\" class=\"elementor-element elementor-element-e49ca0c e-flex e-con-boxed e-con e-parent\" data-id=\"e49ca0c\" data-element_type=\"container\" data-e-type=\"container\">\n\t\t\t\t\t<div class=\"e-con-inner\">\n\t\t\t\t<div class=\"elementor-element elementor-element-2c4dc78 elementor-widget elementor-widget-text-editor\" data-id=\"2c4dc78\" data-element_type=\"widget\" data-e-type=\"widget\" data-widget_type=\"text-editor.default\">\n\t\t\t\t\t\t\t\t\t<p>En el mundo del dise\u00f1o y la artesan\u00eda, encontrar un equilibrio entre tradici\u00f3n y modernidad es un desaf\u00edo constante. Para Luis F. Prieto, ese desaf\u00edo se convirti\u00f3 en una oportunidad cuando, en 2004, decidi\u00f3 iniciar su emprendimiento de joyer\u00eda artesanal con el objetivo de generar ingresos y crear piezas que destacaran por su originalidad y calidad.<\/p><p><a style=\"text-align: var(--text-align)\" href=\"https:\/\/soymigrante.com\/mercado\/marketplace\/seller\/profile\/Luisfprietojeweler\" target=\"_blank\" rel=\"noopener\">La tienda digital Luis. F. Priet Jeweler ya est\u00e1 abierta en SoyMigrante.com MERCADO,<\/a>\u00a0la comunidad en l\u00ednea creada para que emprendedores y compradores guatemaltecos se encuentren: un proyecto activo, proactivo e innovador para peque\u00f1os negocios y creadores de productos elaborados a mano, detr\u00e1s de los cuales siempre hay una historia. Y esta es la historia de como naci\u00f3 este emprendimiento de Luis Pietro.<\/p>\t\t\t\t\t\t\t\t<\/div>\n\t\t\t\t\t<\/div>\n\t\t\t\t<\/div>\n\t\t<div data-particle_enable=\"false\" data-particle-mobile-disabled=\"false\" class=\"elementor-element elementor-element-9a5038d e-flex e-con-boxed e-con e-parent\" data-id=\"9a5038d\" data-element_type=\"container\" data-e-type=\"container\">\n\t\t\t\t\t<div class=\"e-con-inner\">\n\t\t\t\t<div class=\"elementor-element elementor-element-7b7ba13 elementor-widget elementor-widget-image\" data-id=\"7b7ba13\" data-element_type=\"widget\" data-e-type=\"widget\" data-widget_type=\"image.default\">\n\t\t\t\t\t\t\t\t\t\t\t\t\t\t\t\t<a href=\"https:\/\/soymigrante.com\/mercado\/marketplace\/seller\/profile\/Luisfprietojeweler\">\n\t\t\t\t\t\t\t<img fetchpriority=\"high\" decoding=\"async\" width=\"768\" height=\"370\" src=\"https:\/\/soymigrante.com\/revista\/wp-content\/uploads\/2024\/12\/joyas-1024x493.jpg\" class=\"attachment-large size-large wp-image-16581\" alt=\"LUIS F. PRIEDO JOYER\u00cdA GUATEMALA, artesan\u00eda y productos hechos a mano en Guatemala con enfoque en joyer\u00eda y accesorios de calidad para migrantes y comunidad latina.\" srcset=\"https:\/\/soymigrante.com\/revista\/wp-content\/uploads\/2024\/12\/joyas-1024x493.jpg 1024w, https:\/\/soymigrante.com\/revista\/wp-content\/uploads\/2024\/12\/joyas-300x144.jpg 300w, https:\/\/soymigrante.com\/revista\/wp-content\/uploads\/2024\/12\/joyas-768x370.jpg 768w, https:\/\/soymigrante.com\/revista\/wp-content\/uploads\/2024\/12\/joyas-750x361.webp 750w, https:\/\/soymigrante.com\/revista\/wp-content\/uploads\/2024\/12\/joyas-1140x549.webp 1140w, https:\/\/soymigrante.com\/revista\/wp-content\/uploads\/2024\/12\/joyas.webp 1315w\" sizes=\"(max-width: 768px) 100vw, 768px\" title=\"Luis F. Prieto Jeweler \u2013 SoyMigrante.com REVISTA\" \/>\t\t\t\t\t\t\t\t<\/a>\n\t\t\t\t\t\t\t\t\t\t\t\t\t\t\t<\/div>\n\t\t\t\t\t<\/div>\n\t\t\t\t<\/div>\n\t\t<div data-particle_enable=\"false\" data-particle-mobile-disabled=\"false\" class=\"elementor-element elementor-element-f3f5f38 e-flex e-con-boxed e-con e-parent\" data-id=\"f3f5f38\" data-element_type=\"container\" data-e-type=\"container\">\n\t\t\t\t\t<div class=\"e-con-inner\">\n\t\t\t\t<div class=\"elementor-element elementor-element-162be5a elementor-widget elementor-widget-heading\" data-id=\"162be5a\" data-element_type=\"widget\" data-e-type=\"widget\" data-widget_type=\"heading.default\">\n\t\t\t\t\t<h3 class=\"elementor-heading-title elementor-size-default\">Un comienzo inspirado en la tradici\u00f3n<\/h3>\t\t\t\t<\/div>\n\t\t\t\t\t<\/div>\n\t\t\t\t<\/div>\n\t\t<div data-particle_enable=\"false\" data-particle-mobile-disabled=\"false\" class=\"elementor-element elementor-element-a3d1942 e-flex e-con-boxed e-con e-parent\" data-id=\"a3d1942\" data-element_type=\"container\" data-e-type=\"container\">\n\t\t\t\t\t<div class=\"e-con-inner\">\n\t\t\t\t<div class=\"elementor-element elementor-element-03ccc33 elementor-widget elementor-widget-text-editor\" data-id=\"03ccc33\" data-element_type=\"widget\" data-e-type=\"widget\" data-widget_type=\"text-editor.default\">\n\t\t\t\t\t\t\t\t\t<p>La inspiraci\u00f3n de Luis provino de su madre, quien encargaba piezas personalizadas a un artesano local. A partir de esa experiencia, Luis decidi\u00f3 aventurarse\u00a0<a href=\"https:\/\/soymigrante.com\/revista\/joyas-mayas-migrantes-guatemaltecos-pueden-admirar-vaso-de-los-11-dioses-en-los-angeles\/\" target=\"_blank\" rel=\"noopener\">en el dise\u00f1o de joyas \u00fanicas<\/a>, enfoc\u00e1ndose en el jade, una piedra emblem\u00e1tica de Guatemala. Su primera pieza, un collar con jade lila montado en plata y rodeado de una piedra picta, marc\u00f3 el inicio de lo que se convertir\u00eda en Luis F. Prieto Jeweler.<\/p><p>\u201cElegimos el jade porque es parte\u00a0<a href=\"https:\/\/soymigrante.com\/revista\/el-pueblo-chorti-es-el-corazon-maya-del-oriente-guatemalteco\/\" target=\"_blank\" rel=\"noopener\">de la riqueza de Guatemala<\/a>, y quer\u00edamos trabajar con un material que representara nuestra cultura. Cada dise\u00f1o es cuidadosamente pensado para destacar la belleza natural de esta piedra\u201d, comenta Luis<\/p>\t\t\t\t\t\t\t\t<\/div>\n\t\t\t\t\t<\/div>\n\t\t\t\t<\/div>\n\t\t<div data-particle_enable=\"false\" data-particle-mobile-disabled=\"false\" class=\"elementor-element elementor-element-f988b24 e-flex e-con-boxed e-con e-parent\" data-id=\"f988b24\" data-element_type=\"container\" data-e-type=\"container\">\n\t\t\t\t\t<div class=\"e-con-inner\">\n\t\t\t\t<div class=\"elementor-element elementor-element-f0ec261 elementor-widget elementor-widget-image\" data-id=\"f0ec261\" data-element_type=\"widget\" data-e-type=\"widget\" data-widget_type=\"image.default\">\n\t\t\t\t\t\t\t\t\t\t\t\t\t\t\t\t<a href=\"https:\/\/soymigrante.com\/mercado\/collar-y-aretes-en-jade\">\n\t\t\t\t\t\t\t<img decoding=\"async\" width=\"768\" height=\"404\" src=\"https:\/\/soymigrante.com\/revista\/wp-content\/uploads\/2024\/12\/joyas3-1024x538.jpg\" class=\"attachment-large size-large wp-image-16585\" alt=\"Joyer\u00eda de collar y aretes en jade, accesorios artesanales y exclusivos, ideales para migrantes y amantes de las piedras naturales, en la tienda SoyMigrante.com REVISTA.\" srcset=\"https:\/\/soymigrante.com\/revista\/wp-content\/uploads\/2024\/12\/joyas3-1024x538.jpg 1024w, https:\/\/soymigrante.com\/revista\/wp-content\/uploads\/2024\/12\/joyas3-300x157.jpg 300w, https:\/\/soymigrante.com\/revista\/wp-content\/uploads\/2024\/12\/joyas3-768x403.jpg 768w, https:\/\/soymigrante.com\/revista\/wp-content\/uploads\/2024\/12\/joyas3-750x394.webp 750w, https:\/\/soymigrante.com\/revista\/wp-content\/uploads\/2024\/12\/joyas3-1140x598.webp 1140w, https:\/\/soymigrante.com\/revista\/wp-content\/uploads\/2024\/12\/joyas3.webp 1143w\" sizes=\"(max-width: 768px) 100vw, 768px\" title=\"joyas3 \u2013 SoyMigrante.com REVISTA\" \/>\t\t\t\t\t\t\t\t<\/a>\n\t\t\t\t\t\t\t\t\t\t\t\t\t\t\t<\/div>\n\t\t\t\t\t<\/div>\n\t\t\t\t<\/div>\n\t\t<div data-particle_enable=\"false\" data-particle-mobile-disabled=\"false\" class=\"elementor-element elementor-element-50a206b e-flex e-con-boxed e-con e-parent\" data-id=\"50a206b\" data-element_type=\"container\" data-e-type=\"container\">\n\t\t\t\t\t<div class=\"e-con-inner\">\n\t\t\t\t<div class=\"elementor-element elementor-element-03aa2fb elementor-widget elementor-widget-heading\" data-id=\"03aa2fb\" data-element_type=\"widget\" data-e-type=\"widget\" data-widget_type=\"heading.default\">\n\t\t\t\t\t<h2 class=\"elementor-heading-title elementor-size-default\">El arte de lo \u00fanico<\/h2>\t\t\t\t<\/div>\n\t\t\t\t\t<\/div>\n\t\t\t\t<\/div>\n\t\t<div data-particle_enable=\"false\" data-particle-mobile-disabled=\"false\" class=\"elementor-element elementor-element-8d838b2 e-flex e-con-boxed e-con e-parent\" data-id=\"8d838b2\" data-element_type=\"container\" data-e-type=\"container\">\n\t\t\t\t\t<div class=\"e-con-inner\">\n\t\t\t\t<div class=\"elementor-element elementor-element-84e2276 elementor-widget elementor-widget-text-editor\" data-id=\"84e2276\" data-element_type=\"widget\" data-e-type=\"widget\" data-widget_type=\"text-editor.default\">\n\t\t\t\t\t\t\t\t\t<p>Desde el principio, el emprendimiento se centr\u00f3 en crear joyas hechas a mano, con dise\u00f1os exclusivos que no se encuentran en otros lugares. \u201cNuestro enfoque no es la producci\u00f3n masiva. Cada pieza que creamos es \u00fanica, lo que garantiza que nuestros clientes se lleven algo verdaderamente especial\u201d, explica Luis.<\/p><p>Adem\u00e1s, el uso de materiales de alta calidad, como plata y oro,\u00a0<a href=\"https:\/\/soymigrante.com\/revista\/joyas-mayas-migrantes-hombre-de-piedra-de-mas-de-2-mil-anos-se-conserva-en-new-jersey\/\" target=\"_blank\" rel=\"noopener\">eleva cada dise\u00f1o al nivel de joya,<\/a>\u00a0incorporando elementos que hacen las piezas accesibles y atractivas. A pesar de la fuerte competencia de materiales importados m\u00e1s econ\u00f3micos, Luis encontr\u00f3 su nicho en clientes que valoran la exclusividad y el trabajo artesanal.<\/p>\t\t\t\t\t\t\t\t<\/div>\n\t\t\t\t\t<\/div>\n\t\t\t\t<\/div>\n\t\t<div data-particle_enable=\"false\" data-particle-mobile-disabled=\"false\" class=\"elementor-element elementor-element-b7aacdb e-flex e-con-boxed e-con e-parent\" data-id=\"b7aacdb\" data-element_type=\"container\" data-e-type=\"container\">\n\t\t\t\t\t<div class=\"e-con-inner\">\n\t\t\t\t<div class=\"elementor-element elementor-element-7d414bf elementor-align-center elementor-widget elementor-widget-button\" data-id=\"7d414bf\" data-element_type=\"widget\" data-e-type=\"widget\" data-widget_type=\"button.default\">\n\t\t\t\t\t\t\t\t\t\t<a class=\"elementor-button elementor-button-link elementor-size-sm\" href=\"https:\/\/soymigrante.com\/mercado\/marketplace\/seller\/register\">\n\t\t\t\t\t\t<span class=\"elementor-button-content-wrapper\">\n\t\t\t\t\t\t\t\t\t<span class=\"elementor-button-text\">AQU\u00cd PUEDES REGISTRARTE PARA SER PARTE DE SOYMIGRANTE.COM\/MERCADO <\/span>\n\t\t\t\t\t<\/span>\n\t\t\t\t\t<\/a>\n\t\t\t\t\t\t\t\t<\/div>\n\t\t\t\t\t<\/div>\n\t\t\t\t<\/div>\n\t\t<div data-particle_enable=\"false\" data-particle-mobile-disabled=\"false\" class=\"elementor-element elementor-element-fe4988d e-flex e-con-boxed e-con e-parent\" data-id=\"fe4988d\" data-element_type=\"container\" data-e-type=\"container\">\n\t\t\t\t\t<div class=\"e-con-inner\">\n\t\t\t\t<div class=\"elementor-element elementor-element-2a7523b elementor-widget elementor-widget-heading\" data-id=\"2a7523b\" data-element_type=\"widget\" data-e-type=\"widget\" data-widget_type=\"heading.default\">\n\t\t\t\t\t<h3 class=\"elementor-heading-title elementor-size-default\">Adaptarse en tiempos dif\u00edciles<\/h3>\t\t\t\t<\/div>\n\t\t\t\t\t<\/div>\n\t\t\t\t<\/div>\n\t\t<div data-particle_enable=\"false\" data-particle-mobile-disabled=\"false\" class=\"elementor-element elementor-element-4e99331 e-flex e-con-boxed e-con e-parent\" data-id=\"4e99331\" data-element_type=\"container\" data-e-type=\"container\">\n\t\t\t\t\t<div class=\"e-con-inner\">\n\t\t\t\t<div class=\"elementor-element elementor-element-9825d82 elementor-widget elementor-widget-text-editor\" data-id=\"9825d82\" data-element_type=\"widget\" data-e-type=\"widget\" data-widget_type=\"text-editor.default\">\n\t\t\t\t\t\t\t\t\t<p>El camino no ha sido f\u00e1cil. Durante la pandemia, el negocio enfrent\u00f3 un golpe significativo cuando las tiendas para las que fabricaban cerraron, dejando a Luis F. Prieto Jeweler sin una parte importante de su clientela. Sin embargo, la resiliencia y la creatividad de Luis lo llevaron a buscar nuevas oportunidades.<\/p><p>\u201cFue un momento de reinventarnos. Decidimos enfocarnos en expandir nuestra presencia en mercados internacionales, especialmente entre los chapines\u00a0<a href=\"https:\/\/soymigrante.com\/revista\/sabes-cuanto-dinero-en-efectivo-puedes-ingresar-o-sacar-de-estados-unidos\/\" target=\"_blank\" rel=\"noopener\">en Estados Unidos,<\/a>\u00a0quienes buscan conectar con sus ra\u00edces a trav\u00e9s de productos aut\u00e9nticamente guatemaltecos\u201d, relata.<\/p><p>El emprendimiento no solo busca crear piezas de alta calidad, sino tambi\u00e9n ofrecer una plataforma\u00a0<a href=\"https:\/\/soymigrante.com\/revista\/mas-de-121-mil-guatemaltecos-migrantes-en-ee-uu-han-solicitado-su-dpi-en-2024\/\" target=\"_blank\" rel=\"noopener\">que conecte a los guatemaltecos<\/a>\u00a0en el extranjero con los productos de su tierra. Esta visi\u00f3n ha permitido a Luis F. Prieto Jeweler no solo sobrevivir, sino tambi\u00e9n posicionarse como un referente de la joyer\u00eda artesanal guatemalteca.<\/p>\t\t\t\t\t\t\t\t<\/div>\n\t\t\t\t\t<\/div>\n\t\t\t\t<\/div>\n\t\t<div data-particle_enable=\"false\" data-particle-mobile-disabled=\"false\" class=\"elementor-element elementor-element-2303c8b e-flex e-con-boxed e-con e-parent\" data-id=\"2303c8b\" data-element_type=\"container\" data-e-type=\"container\">\n\t\t\t\t\t<div class=\"e-con-inner\">\n\t\t\t\t<div class=\"elementor-element elementor-element-71d1d8d elementor-widget elementor-widget-heading\" data-id=\"71d1d8d\" data-element_type=\"widget\" data-e-type=\"widget\" data-widget_type=\"heading.default\">\n\t\t\t\t\t<h3 class=\"elementor-heading-title elementor-size-default\">El futuro de Luis F. Prieto Jeweler<\/h3>\t\t\t\t<\/div>\n\t\t\t\t\t<\/div>\n\t\t\t\t<\/div>\n\t\t<div data-particle_enable=\"false\" data-particle-mobile-disabled=\"false\" class=\"elementor-element elementor-element-3fb1260 e-flex e-con-boxed e-con e-parent\" data-id=\"3fb1260\" data-element_type=\"container\" data-e-type=\"container\">\n\t\t\t\t\t<div class=\"e-con-inner\">\n\t\t\t\t<div class=\"elementor-element elementor-element-feb9f5a elementor-widget elementor-widget-text-editor\" data-id=\"feb9f5a\" data-element_type=\"widget\" data-e-type=\"widget\" data-widget_type=\"text-editor.default\">\n\t\t\t\t\t\t\t\t\t<p>A pesar de los retos, Luis sigue comprometido con su pasi\u00f3n por la joyer\u00eda y la innovaci\u00f3n en dise\u00f1o. Con un enfoque en la calidad, la exclusividad y el valor cultural de sus piezas, su negocio contin\u00faa creciendo y llevando\u00a0<a style=\"text-align: var(--text-align)\" href=\"https:\/\/soymigrante.com\/revista\/san-juan-del-obispo-pueblo-vecino-de-antigua-guatemala-reconocido-en-best-tourism-village-2024\/\" target=\"_blank\" rel=\"noopener\">la esencia de Guatemala al mundo.<\/a><\/p><p>\u201cCada pieza cuenta una historia. Es algo m\u00e1s que joyer\u00eda; es un legado que queremos compartir con quienes buscan algo aut\u00e9ntico y especial\u201d, concluye Luis.<\/p>\t\t\t\t\t\t\t\t<\/div>\n\t\t\t\t\t<\/div>\n\t\t\t\t<\/div>\n\t\t<div data-particle_enable=\"false\" data-particle-mobile-disabled=\"false\" class=\"elementor-element elementor-element-00d0521 e-flex e-con-boxed e-con e-parent\" data-id=\"00d0521\" data-element_type=\"container\" data-e-type=\"container\">\n\t\t\t\t\t<div class=\"e-con-inner\">\n\t\t\t\t<div class=\"elementor-element elementor-element-3fbc71b elementor-widget elementor-widget-heading\" data-id=\"3fbc71b\" data-element_type=\"widget\" data-e-type=\"widget\" data-widget_type=\"heading.default\">\n\t\t\t\t\t<h2 class=\"elementor-heading-title elementor-size-default\">Guatemala y su riqueza cultural por conocer<\/h2>\t\t\t\t<\/div>\n\t\t\t\t\t<\/div>\n\t\t\t\t<\/div>\n\t\t<div data-particle_enable=\"false\" data-particle-mobile-disabled=\"false\" class=\"elementor-element elementor-element-1a6b80f e-flex e-con-boxed e-con e-parent\" data-id=\"1a6b80f\" data-element_type=\"container\" data-e-type=\"container\">\n\t\t\t\t\t<div class=\"e-con-inner\">\n\t\t\t\t<div class=\"elementor-element elementor-element-ff62d97 elementor-grid-eael-col-3 elementor-grid-tablet-eael-col-2 elementor-grid-mobile-eael-col-1 elementor-widget elementor-widget-eael-post-grid\" data-id=\"ff62d97\" data-element_type=\"widget\" data-e-type=\"widget\" data-settings=\"{&quot;eael_post_grid_columns&quot;:&quot;eael-col-3&quot;,&quot;eael_post_grid_columns_tablet&quot;:&quot;eael-col-2&quot;,&quot;eael_post_grid_columns_mobile&quot;:&quot;eael-col-1&quot;}\" data-widget_type=\"eael-post-grid.default\">\n\t\t\t\t\t<div id=\"eael-post-grid-ff62d97\" class=\"eael-post-grid-container\">\n            <div class=\"eael-post-grid eael-post-appender eael-post-appender-ff62d97 eael-post-grid-style-one\" data-layout-mode=\"masonry\"><article class=\"eael-grid-post  eael-post-grid-column eael-pg-post-7634 category-lugar-de-voces\" data-id=\"7634\">\n        <div class=\"eael-grid-post-holder\">\n            <div class=\"eael-grid-post-holder-inner\"><div class=\"eael-entry-media\"><div class=\"eael-entry-overlay fade-in\"><i class=\"far fa-hand-pointer\" aria-hidden=\"true\"><\/i><a href=\"https:\/\/soymigrante.com\/revista\/un-gran-sueno-de-amor-en-antigua-guatemala\/\"><\/a><\/div><div class=\"eael-entry-thumbnail \">\n                <img decoding=\"async\" width=\"1024\" height=\"1024\" src=\"https:\/\/soymigrante.com\/revista\/wp-content\/uploads\/2024\/07\/antigua-guatemala-maestra-texas-4-1024x1024.webp\" class=\"attachment-large size-large wp-image-7635\" alt=\"Felices migrantes mostrando su compromiso y alegr\u00eda en la comunidad, promoviendo inclusi\u00f3n y culturalidad en la revista SoyMigrante.com.\" srcset=\"https:\/\/soymigrante.com\/revista\/wp-content\/uploads\/2024\/07\/antigua-guatemala-maestra-texas-4-1024x1024.webp 1024w, https:\/\/soymigrante.com\/revista\/wp-content\/uploads\/2024\/07\/antigua-guatemala-maestra-texas-4-300x300.webp 300w, https:\/\/soymigrante.com\/revista\/wp-content\/uploads\/2024\/07\/antigua-guatemala-maestra-texas-4-150x150.webp 150w, https:\/\/soymigrante.com\/revista\/wp-content\/uploads\/2024\/07\/antigua-guatemala-maestra-texas-4-768x768.webp 768w, https:\/\/soymigrante.com\/revista\/wp-content\/uploads\/2024\/07\/antigua-guatemala-maestra-texas-4-75x75.webp 75w, https:\/\/soymigrante.com\/revista\/wp-content\/uploads\/2024\/07\/antigua-guatemala-maestra-texas-4-750x750.webp 750w, https:\/\/soymigrante.com\/revista\/wp-content\/uploads\/2024\/07\/antigua-guatemala-maestra-texas-4-1140x1140.webp 1140w, https:\/\/soymigrante.com\/revista\/wp-content\/uploads\/2024\/07\/antigua-guatemala-maestra-texas-4.webp 1293w\" sizes=\"(max-width: 1024px) 100vw, 1024px\" \/>\n            <\/div>\n        <\/div><div class=\"eael-entry-wrapper\"><header class=\"eael-entry-header\"><h2 class=\"eael-entry-title\"><a class=\"eael-grid-post-link\" href=\"https:\/\/soymigrante.com\/revista\/un-gran-sueno-de-amor-en-antigua-guatemala\/\" title=\"Un gran sue\u00f1o de amor que llega desde Texas hasta Antigua Guatemala\">Un gran sue\u00f1o de amor que llega desde Texas hasta Antigua Guatemala<\/a><\/h2><\/header><div class=\"eael-entry-content\">\n                        <div class=\"eael-grid-post-excerpt\"><a href=\"https:\/\/soymigrante.com\/revista\/un-gran-sueno-de-amor-en-antigua-guatemala\/\" class=\"eael-post-elements-readmore-btn\">CONOCE SU HISTORIA <\/a><\/div>\n                    <\/div><\/div><\/div>\n        <\/div>\n    <\/article><article class=\"eael-grid-post  eael-post-grid-column eael-pg-post-16311 category-guate-nuestra\" data-id=\"16311\">\n        <div class=\"eael-grid-post-holder\">\n            <div class=\"eael-grid-post-holder-inner\"><div class=\"eael-entry-media\"><div class=\"eael-entry-overlay fade-in\"><i class=\"far fa-hand-pointer\" aria-hidden=\"true\"><\/i><a href=\"https:\/\/soymigrante.com\/revista\/san-juan-del-obispo-pueblo-vecino-de-antigua-guatemala-reconocido-en-best-tourism-village-2024\/\"><\/a><\/div><div class=\"eael-entry-thumbnail \">\n                <img loading=\"lazy\" decoding=\"async\" width=\"1024\" height=\"1024\" src=\"https:\/\/soymigrante.com\/revista\/wp-content\/uploads\/2024\/12\/san-juan-del-obispo-1024x1024.jpg\" class=\"attachment-large size-large wp-image-16335\" alt=\"Antigua iglesia colonial en un pueblo mexicano, arquitectura hist\u00f3rica y cultural, turismo en M\u00e9xico, patrimonio arquitect\u00f3nico, iglesias coloniales mexicanas.\" srcset=\"https:\/\/soymigrante.com\/revista\/wp-content\/uploads\/2024\/12\/san-juan-del-obispo-1024x1024.jpg 1024w, https:\/\/soymigrante.com\/revista\/wp-content\/uploads\/2024\/12\/san-juan-del-obispo-300x300.jpg 300w, https:\/\/soymigrante.com\/revista\/wp-content\/uploads\/2024\/12\/san-juan-del-obispo-150x150.jpg 150w, https:\/\/soymigrante.com\/revista\/wp-content\/uploads\/2024\/12\/san-juan-del-obispo-768x768.jpg 768w, https:\/\/soymigrante.com\/revista\/wp-content\/uploads\/2024\/12\/san-juan-del-obispo-75x75.webp 75w, https:\/\/soymigrante.com\/revista\/wp-content\/uploads\/2024\/12\/san-juan-del-obispo-750x750.webp 750w, https:\/\/soymigrante.com\/revista\/wp-content\/uploads\/2024\/12\/san-juan-del-obispo-1140x1140.webp 1140w, https:\/\/soymigrante.com\/revista\/wp-content\/uploads\/2024\/12\/san-juan-del-obispo.webp 1173w\" sizes=\"(max-width: 1024px) 100vw, 1024px\" \/>\n            <\/div>\n        <\/div><div class=\"eael-entry-wrapper\"><header class=\"eael-entry-header\"><h2 class=\"eael-entry-title\"><a class=\"eael-grid-post-link\" href=\"https:\/\/soymigrante.com\/revista\/san-juan-del-obispo-pueblo-vecino-de-antigua-guatemala-reconocido-en-best-tourism-village-2024\/\" title=\"San Juan del Obispo,  cerca de Antigua Guatemala, es reconocido en Best Tourism Villages 2024\">San Juan del Obispo,  cerca de Antigua Guatemala, es reconocido en Best Tourism Villages 2024<\/a><\/h2><\/header><div class=\"eael-entry-content\">\n                        <div class=\"eael-grid-post-excerpt\"><a href=\"https:\/\/soymigrante.com\/revista\/san-juan-del-obispo-pueblo-vecino-de-antigua-guatemala-reconocido-en-best-tourism-village-2024\/\" class=\"eael-post-elements-readmore-btn\">CONOCE SU HISTORIA <\/a><\/div>\n                    <\/div><\/div><\/div>\n        <\/div>\n    <\/article><article class=\"eael-grid-post  eael-post-grid-column eael-pg-post-1523 category-guate-nuestra\" data-id=\"1523\">\n        <div class=\"eael-grid-post-holder\">\n            <div class=\"eael-grid-post-holder-inner\"><div class=\"eael-entry-media\"><div class=\"eael-entry-overlay fade-in\"><i class=\"far fa-hand-pointer\" aria-hidden=\"true\"><\/i><a href=\"https:\/\/soymigrante.com\/revista\/un-recuerdo-para-tener-presente-a-la-eterna-primavera\/\"><\/a><\/div><div class=\"eael-entry-thumbnail \">\n                <img loading=\"lazy\" decoding=\"async\" width=\"1024\" height=\"683\" src=\"https:\/\/soymigrante.com\/revista\/wp-content\/uploads\/2023\/06\/La-madera-tambien-es-intervenida-por-artesanos-locales-1024x683.webp\" class=\"attachment-large size-large wp-image-1531\" alt=\"\" srcset=\"https:\/\/soymigrante.com\/revista\/wp-content\/uploads\/2023\/06\/La-madera-tambien-es-intervenida-por-artesanos-locales-1024x683.webp 1024w, https:\/\/soymigrante.com\/revista\/wp-content\/uploads\/2023\/06\/La-madera-tambien-es-intervenida-por-artesanos-locales-300x200.webp 300w, https:\/\/soymigrante.com\/revista\/wp-content\/uploads\/2023\/06\/La-madera-tambien-es-intervenida-por-artesanos-locales-768x512.webp 768w, https:\/\/soymigrante.com\/revista\/wp-content\/uploads\/2023\/06\/La-madera-tambien-es-intervenida-por-artesanos-locales-750x500.webp 750w, https:\/\/soymigrante.com\/revista\/wp-content\/uploads\/2023\/06\/La-madera-tambien-es-intervenida-por-artesanos-locales-1140x760.webp 1140w, https:\/\/soymigrante.com\/revista\/wp-content\/uploads\/2023\/06\/La-madera-tambien-es-intervenida-por-artesanos-locales-600x400.webp 600w, https:\/\/soymigrante.com\/revista\/wp-content\/uploads\/2023\/06\/La-madera-tambien-es-intervenida-por-artesanos-locales.webp 1200w\" sizes=\"(max-width: 1024px) 100vw, 1024px\" \/>\n            <\/div>\n        <\/div><div class=\"eael-entry-wrapper\"><header class=\"eael-entry-header\"><h2 class=\"eael-entry-title\"><a class=\"eael-grid-post-link\" href=\"https:\/\/soymigrante.com\/revista\/un-recuerdo-para-tener-presente-a-la-eterna-primavera\/\" title=\"Un paseo por el ingenio  artesanal en Totonicap\u00e1n\">Un paseo por el ingenio  artesanal en Totonicap\u00e1n<\/a><\/h2><\/header><div class=\"eael-entry-content\">\n                        <div class=\"eael-grid-post-excerpt\"><a href=\"https:\/\/soymigrante.com\/revista\/un-recuerdo-para-tener-presente-a-la-eterna-primavera\/\" class=\"eael-post-elements-readmore-btn\">CONOCE SU HISTORIA <\/a><\/div>\n                    <\/div><\/div><\/div>\n        <\/div>\n    <\/article><\/div>\n            <div class=\"clearfix\"><\/div>\n        <\/div>\t\t\t\t<\/div>\n\t\t\t\t\t<\/div>\n\t\t\t\t<\/div>\n\t\t\t\t<\/div>\n\t\t","protected":false},"excerpt":{"rendered":"<p>Desde 2004, Luis F. Prieto Jeweler ha transformado el arte de la joyer\u00eda en una celebraci\u00f3n de la cultura guatemalteca, creando piezas \u00fanicas y hechas a mano con jade. Conoce la historia del emprendedor y sus productos en SoyMigrante.com MERCADO. En el mundo del dise\u00f1o y la artesan\u00eda, encontrar un equilibrio entre tradici\u00f3n y modernidad [&hellip;]<\/p>\n","protected":false},"author":23,"featured_media":16601,"comment_status":"open","ping_status":"open","sticky":false,"template":"","format":"standard","meta":{"_acf_changed":false,"_eb_attr":"","footnotes":""},"categories":[58],"tags":[130],"class_list":["post-16558","post","type-post","status-publish","format-standard","has-post-thumbnail","hentry","category-guate-nuestra","tag-mercado-emprendedores"],"acf":[],"aioseo_notices":[],"aioseo_head":"\n\t\t<!-- All in One SEO Pro 4.9.6.2 - aioseo.com -->\n\t<meta name=\"description\" content=\"Tazas para caldo, chirmoleras, ollas, pitos, alcanc\u00edas y llaveros son productos de gran utilidad y simbolismo elaborados por artesanos guatemaltecos y que son el recuerdo perfecto para muchos migrantes. Son creaciones artesanales en serie pero cada una tiene su propio detalle especial. Eso es lo que hace tan atractivos y representativos los objetos decorativos, utilitarios,\" \/>\n\t<meta name=\"robots\" content=\"max-snippet:-1, max-image-preview:large, max-video-preview:-1\" \/>\n\t<meta name=\"author\" content=\"Diana Batz\"\/>\n\t<link rel=\"canonical\" href=\"https:\/\/soymigrante.com\/revista\/un-recuerdo-para-tener-presente-a-la-eterna-primavera\/\" \/>\n\t<meta name=\"generator\" content=\"All in One SEO Pro (AIOSEO) 4.9.6.2\" \/>\n\n\t\t<link rel=\"preconnect\" href=\"https:\/\/fonts.googleapis.com\" crossorigin>\n<link rel=\"preconnect\" href=\"https:\/\/fonts.gstatic.com\" crossorigin>\n\t\t<meta property=\"og:locale\" content=\"es_ES\" \/>\n\t\t<meta property=\"og:site_name\" content=\"SoyMigrante.com REVISTA \u2013 Nuestra misi\u00f3n es reconocer y dignificar al migrante.\" \/>\n\t\t<meta property=\"og:type\" content=\"article\" \/>\n\t\t<meta property=\"og:title\" content=\"Un paseo por el ingenio artesanal en Totonicap\u00e1n\" \/>\n\t\t<meta property=\"og:description\" content=\"Tazas para caldo, chirmoleras, ollas, pitos, alcanc\u00edas y llaveros son productos de gran utilidad y simbolismo elaborados por artesanos guatemaltecos y que son el recuerdo perfecto para muchos migrantes. Son creaciones artesanales en serie pero cada una tiene su propio detalle especial. Eso es lo que hace tan atractivos y representativos los objetos decorativos, utilitarios,\" \/>\n\t\t<meta property=\"og:url\" content=\"https:\/\/soymigrante.com\/revista\/un-recuerdo-para-tener-presente-a-la-eterna-primavera\/\" \/>\n\t\t<meta property=\"og:image\" content=\"https:\/\/soymigrante.com\/revista\/wp-content\/uploads\/2023\/06\/La-madera-tambien-es-intervenida-por-artesanos-locales.webp\" \/>\n\t\t<meta property=\"og:image:secure_url\" content=\"https:\/\/soymigrante.com\/revista\/wp-content\/uploads\/2023\/06\/La-madera-tambien-es-intervenida-por-artesanos-locales.webp\" \/>\n\t\t<meta property=\"og:image:width\" content=\"1200\" \/>\n\t\t<meta property=\"og:image:height\" content=\"800\" \/>\n\t\t<meta property=\"article:published_time\" content=\"2023-06-21T20:08:32+00:00\" \/>\n\t\t<meta property=\"article:modified_time\" content=\"2024-07-31T21:32:20+00:00\" \/>\n\t\t<meta property=\"article:publisher\" content=\"https:\/\/www.facebook.com\/soymigrantecom\" \/>\n\t\t<meta name=\"twitter:card\" content=\"summary_large_image\" \/>\n\t\t<meta name=\"twitter:site\" content=\"@SoyMigrante_com\" \/>\n\t\t<meta name=\"twitter:title\" content=\"Un paseo por el ingenio artesanal en Totonicap\u00e1n\" \/>\n\t\t<meta name=\"twitter:description\" content=\"Tazas para caldo, chirmoleras, ollas, pitos, alcanc\u00edas y llaveros son productos de gran utilidad y simbolismo elaborados por artesanos guatemaltecos y que son el recuerdo perfecto para muchos migrantes. Son creaciones artesanales en serie pero cada una tiene su propio detalle especial. Eso es lo que hace tan atractivos y representativos los objetos decorativos, utilitarios,\" \/>\n\t\t<meta name=\"twitter:creator\" content=\"@SoyMigrante_com\" \/>\n\t\t<meta name=\"twitter:image\" content=\"https:\/\/soymigrante.com\/revista\/wp-content\/uploads\/2023\/06\/La-madera-tambien-es-intervenida-por-artesanos-locales.webp\" \/>\n\t\t<!-- All in One SEO Pro -->\r\n\t\t<title>Un paseo por el ingenio artesanal en Totonicap\u00e1n<\/title>\n\n","aioseo_head_json":{"title":"Un paseo por el ingenio artesanal en Totonicap\u00e1n","description":"Tazas para caldo, chirmoleras, ollas, pitos, alcanc\u00edas y llaveros son productos de gran utilidad y simbolismo elaborados por artesanos guatemaltecos y que son el recuerdo perfecto para muchos migrantes. Son creaciones artesanales en serie pero cada una tiene su propio detalle especial. Eso es lo que hace tan atractivos y representativos los objetos decorativos, utilitarios,","canonical_url":"https:\/\/soymigrante.com\/revista\/un-recuerdo-para-tener-presente-a-la-eterna-primavera\/","robots":"max-snippet:-1, max-image-preview:large, max-video-preview:-1","keywords":"","webmasterTools":{"miscellaneous":"&lt;link rel=\"preconnect\" href=\"https:\/\/fonts.googleapis.com\" crossorigin&gt;\n&lt;link rel=\"preconnect\" href=\"https:\/\/fonts.gstatic.com\" crossorigin&gt;"},"schema":null,"og:locale":"es_ES","og:site_name":"SoyMigrante.com REVISTA \u2013 Nuestra misi\u00f3n es reconocer y dignificar al migrante.","og:type":"article","og:title":"Un paseo por el ingenio artesanal en Totonicap\u00e1n","og:description":"Tazas para caldo, chirmoleras, ollas, pitos, alcanc\u00edas y llaveros son productos de gran utilidad y simbolismo elaborados por artesanos guatemaltecos y que son el recuerdo perfecto para muchos migrantes. Son creaciones artesanales en serie pero cada una tiene su propio detalle especial. Eso es lo que hace tan atractivos y representativos los objetos decorativos, utilitarios,","og:url":"https:\/\/soymigrante.com\/revista\/un-recuerdo-para-tener-presente-a-la-eterna-primavera\/","og:image":"https:\/\/soymigrante.com\/revista\/wp-content\/uploads\/2023\/06\/La-madera-tambien-es-intervenida-por-artesanos-locales.webp","og:image:secure_url":"https:\/\/soymigrante.com\/revista\/wp-content\/uploads\/2023\/06\/La-madera-tambien-es-intervenida-por-artesanos-locales.webp","og:image:width":1200,"og:image:height":800,"article:published_time":"2023-06-21T20:08:32+00:00","article:modified_time":"2024-07-31T21:32:20+00:00","article:publisher":"https:\/\/www.facebook.com\/soymigrantecom","twitter:card":"summary_large_image","twitter:site":"@SoyMigrante_com","twitter:title":"Un paseo por el ingenio artesanal en Totonicap\u00e1n","twitter:description":"Tazas para caldo, chirmoleras, ollas, pitos, alcanc\u00edas y llaveros son productos de gran utilidad y simbolismo elaborados por artesanos guatemaltecos y que son el recuerdo perfecto para muchos migrantes. Son creaciones artesanales en serie pero cada una tiene su propio detalle especial. Eso es lo que hace tan atractivos y representativos los objetos decorativos, utilitarios,","twitter:creator":"@SoyMigrante_com","twitter:image":"https:\/\/soymigrante.com\/revista\/wp-content\/uploads\/2023\/06\/La-madera-tambien-es-intervenida-por-artesanos-locales.webp"},"aioseo_meta_data":{"post_id":"16558","title":"Luis F. Prieto Jeweler: Una historia de pasi\u00f3n y piezas nicas","description":"Encontrar un equilibrio entre tradici\u00f3n y modernidad mueve la creatividad del fabricante de joyas y accesorios Luis F. Prieto, quien trabaja con jade y otros materiales.","keywords":null,"keyphrases":{"focus":{"keyphrase":"Luis F. Pietro Jeweler","score":37,"analysis":{"keyphraseInTitle":{"score":3,"maxScore":9,"error":1},"keyphraseInDescription":{"score":3,"maxScore":9,"error":1},"keyphraseLength":{"score":9,"maxScore":9,"error":0,"length":4},"keyphraseInURL":{"score":1,"maxScore":5,"error":1},"keyphraseInIntroduction":{"score":3,"maxScore":9,"error":1},"keyphraseInSubHeadings":{"score":3,"maxScore":9,"error":1},"keyphraseInImageAlt":{"score":3,"maxScore":9,"error":1},"keywordDensity":{"score":0,"type":"low","maxScore":9,"error":1}}},"additional":[{"keyphrase":"piezas \u00fanicas","score":40,"analysis":{"keyphraseInDescription":{"score":3,"maxScore":9,"error":1},"keyphraseLength":{"score":9,"maxScore":9,"error":0,"length":2},"keyphraseInIntroduction":{"score":3,"maxScore":9,"error":1},"keyphraseInImageAlt":{"score":3,"maxScore":9,"error":1},"keywordDensity":{"score":0,"type":"low","maxScore":9,"error":1}}},{"keyphrase":"joyas","score":53,"analysis":{"keyphraseInDescription":{"score":9,"maxScore":9,"error":0},"keyphraseLength":{"score":9,"maxScore":9,"error":0,"length":1},"keyphraseInIntroduction":{"score":3,"maxScore":9,"error":1},"keyphraseInImageAlt":{"score":3,"maxScore":9,"error":1},"keywordDensity":{"score":0,"type":"low","maxScore":9,"error":1}}},{"keyphrase":"jade","score":73,"analysis":{"keyphraseInDescription":{"score":9,"maxScore":9,"error":0},"keyphraseLength":{"score":9,"maxScore":9,"error":0,"length":1},"keyphraseInIntroduction":{"score":3,"maxScore":9,"error":1},"keyphraseInImageAlt":{"score":3,"maxScore":9,"error":1},"keywordDensity":{"type":"best","score":9,"maxScore":9,"error":0}}},{"keyphrase":"mercado","score":60,"analysis":{"keyphraseInDescription":{"score":3,"maxScore":9,"error":1},"keyphraseLength":{"score":9,"maxScore":9,"error":0,"length":1},"keyphraseInIntroduction":{"score":3,"maxScore":9,"error":1},"keyphraseInImageAlt":{"score":3,"maxScore":9,"error":1},"keywordDensity":{"type":"best","score":9,"maxScore":9,"error":0}}},{"keyphrase":"jade","score":73,"analysis":{"keyphraseInDescription":{"score":9,"maxScore":9,"error":0},"keyphraseLength":{"score":9,"maxScore":9,"error":0,"length":1},"keyphraseInIntroduction":{"score":3,"maxScore":9,"error":1},"keyphraseInImageAlt":{"score":3,"maxScore":9,"error":1},"keywordDensity":{"type":"best","score":9,"maxScore":9,"error":0}}},{"keyphrase":"joyer\u00eda","score":73,"analysis":{"keyphraseInDescription":{"score":3,"maxScore":9,"error":1},"keyphraseLength":{"score":9,"maxScore":9,"error":0,"length":2},"keyphraseInIntroduction":{"score":9,"maxScore":9,"error":0},"keyphraseInImageAlt":{"score":3,"maxScore":9,"error":1},"keywordDensity":{"type":"best","score":9,"maxScore":9,"error":0}}},{"keyphrase":"emprendimiento","score":73,"analysis":{"keyphraseInDescription":{"score":3,"maxScore":9,"error":1},"keyphraseLength":{"score":9,"maxScore":9,"error":0,"length":1},"keyphraseInIntroduction":{"score":9,"maxScore":9,"error":0},"keyphraseInImageAlt":{"score":3,"maxScore":9,"error":1},"keywordDensity":{"type":"best","score":9,"maxScore":9,"error":0}}}]},"primary_term":null,"canonical_url":null,"og_title":null,"og_description":null,"og_object_type":"default","og_image_type":"default","og_image_url":null,"og_image_width":null,"og_image_height":null,"og_image_custom_url":null,"og_image_custom_fields":null,"og_video":"","og_custom_url":null,"og_article_section":null,"og_article_tags":null,"twitter_use_og":false,"twitter_card":"default","twitter_image_type":"default","twitter_image_url":null,"twitter_image_custom_url":null,"twitter_image_custom_fields":null,"twitter_title":null,"twitter_description":null,"schema":{"blockGraphs":[],"customGraphs":[],"default":{"data":{"Article":[],"Course":[],"Dataset":[],"FAQPage":[],"Movie":[],"Person":[],"Product":[],"ProductReview":[],"Car":[],"Recipe":[],"Service":[],"SoftwareApplication":[],"WebPage":[]},"graphName":"Article","isEnabled":true},"graphs":[]},"schema_type":"default","schema_type_options":null,"pillar_content":false,"robots_default":true,"robots_noindex":false,"robots_noarchive":false,"robots_nosnippet":false,"robots_nofollow":false,"robots_noimageindex":false,"robots_noodp":false,"robots_notranslate":false,"robots_max_snippet":"-1","robots_max_videopreview":"-1","robots_max_imagepreview":"large","priority":null,"frequency":"default","local_seo":null,"seo_analyzer_scan_date":"2025-10-09 01:12:17","breadcrumb_settings":null,"limit_modified_date":false,"reviewed_by":null,"open_ai":"{\"title\":{\"suggestions\":[],\"usage\":0},\"description\":{\"suggestions\":[],\"usage\":0}}","ai":null,"created":"2024-12-14 00:55:47","updated":"2026-02-04 18:30:08"},"aioseo_breadcrumb":"<div class=\"aioseo-breadcrumbs\"><span class=\"aioseo-breadcrumb\">\n\t<a href=\"https:\/\/soymigrante.com\/revista\" title=\"Home\">Home<\/a>\n<\/span><span class=\"aioseo-breadcrumb-separator\">\u00bb<\/span><span class=\"aioseo-breadcrumb\">\n\t<a href=\"https:\/\/soymigrante.com\/revista\/category\/guate-nuestra\/\" title=\"Guate Nuestra\">Guate Nuestra<\/a>\n<\/span><span class=\"aioseo-breadcrumb-separator\">\u00bb<\/span><span class=\"aioseo-breadcrumb\">\n\tLuis F. Prieto Jeweler y la pasi\u00f3n por crear piezas originales en jade y otros materiales\n<\/span><\/div>","aioseo_breadcrumb_json":[{"label":"Home","link":"https:\/\/soymigrante.com\/revista"},{"label":"Guate Nuestra","link":"https:\/\/soymigrante.com\/revista\/category\/guate-nuestra\/"},{"label":"Luis F. Prieto Jeweler y la pasi\u00f3n por crear piezas originales en jade y otros materiales","link":"https:\/\/soymigrante.com\/revista\/joyas-jade-luis-prieto-emprendedores-mercado\/"}],"_links":{"self":[{"href":"https:\/\/soymigrante.com\/revista\/wp-json\/wp\/v2\/posts\/16558","targetHints":{"allow":["GET"]}}],"collection":[{"href":"https:\/\/soymigrante.com\/revista\/wp-json\/wp\/v2\/posts"}],"about":[{"href":"https:\/\/soymigrante.com\/revista\/wp-json\/wp\/v2\/types\/post"}],"author":[{"embeddable":true,"href":"https:\/\/soymigrante.com\/revista\/wp-json\/wp\/v2\/users\/23"}],"replies":[{"embeddable":true,"href":"https:\/\/soymigrante.com\/revista\/wp-json\/wp\/v2\/comments?post=16558"}],"version-history":[{"count":0,"href":"https:\/\/soymigrante.com\/revista\/wp-json\/wp\/v2\/posts\/16558\/revisions"}],"wp:featuredmedia":[{"embeddable":true,"href":"https:\/\/soymigrante.com\/revista\/wp-json\/wp\/v2\/media\/16601"}],"wp:attachment":[{"href":"https:\/\/soymigrante.com\/revista\/wp-json\/wp\/v2\/media?parent=16558"}],"wp:term":[{"taxonomy":"category","embeddable":true,"href":"https:\/\/soymigrante.com\/revista\/wp-json\/wp\/v2\/categories?post=16558"},{"taxonomy":"post_tag","embeddable":true,"href":"https:\/\/soymigrante.com\/revista\/wp-json\/wp\/v2\/tags?post=16558"}],"curies":[{"name":"wp","href":"https:\/\/api.w.org\/{rel}","templated":true}]}}