{"id":16555,"date":"2024-12-18T11:59:00","date_gmt":"2024-12-18T17:59:00","guid":{"rendered":"https:\/\/soymigrante.com\/revista\/?p=16555"},"modified":"2024-12-21T19:33:57","modified_gmt":"2024-12-22T01:33:57","slug":"para-emprendedores-cual-es-tu-actitud-de-negocio-siempre-se-puede-mejorar-para-vender-mas","status":"publish","type":"post","link":"https:\/\/soymigrante.com\/revista\/para-emprendedores-cual-es-tu-actitud-de-negocio-siempre-se-puede-mejorar-para-vender-mas\/","title":{"rendered":"Para emprendedores: \u00bfCu\u00e1l es tu actitud de negocio? Siempre se puede mejorar para vender m\u00e1s"},"content":{"rendered":"\t\t<div data-elementor-type=\"wp-post\" data-elementor-id=\"16555\" class=\"elementor elementor-16555\" data-elementor-post-type=\"post\">\n\t\t\t\t<div data-particle_enable=\"false\" data-particle-mobile-disabled=\"false\" class=\"elementor-element elementor-element-472afe9 e-flex e-con-boxed e-con e-parent\" data-id=\"472afe9\" data-element_type=\"container\" data-e-type=\"container\">\n\t\t\t\t\t<div class=\"e-con-inner\">\n\t\t\t\t<div class=\"elementor-element elementor-element-e75325f elementor-widget elementor-widget-heading\" data-id=\"e75325f\" data-element_type=\"widget\" data-e-type=\"widget\" data-widget_type=\"heading.default\">\n\t\t\t\t\t<h2 class=\"elementor-heading-title elementor-size-default\">Una actitud positiva, combinada con habilidades de comunicaci\u00f3n, conocimiento del producto y un enfoque en las necesidades del cliente, es la clave para el \u00e9xito en las ventas. <\/h2>\t\t\t\t<\/div>\n\t\t\t\t\t<\/div>\n\t\t\t\t<\/div>\n\t\t<div data-particle_enable=\"false\" data-particle-mobile-disabled=\"false\" class=\"elementor-element elementor-element-351bf32 e-flex e-con-boxed e-con e-parent\" data-id=\"351bf32\" data-element_type=\"container\" data-e-type=\"container\">\n\t\t\t\t\t<div class=\"e-con-inner\">\n\t\t\t\t<div class=\"elementor-element elementor-element-902c0a8 elementor-widget elementor-widget-text-editor\" data-id=\"902c0a8\" data-element_type=\"widget\" data-e-type=\"widget\" data-widget_type=\"text-editor.default\">\n\t\t\t\t\t\t\t\t\t<p>Vender no es solo una transacci\u00f3n; es el arte de conectar con los clientes, entender sus necesidades y brindar soluciones. Para lograrlo, los vendedores deben adoptar una actitud estrat\u00e9gica que vaya m\u00e1s all\u00e1 de los n\u00fameros.<\/p><p>Los vendedores que se esfuerzan por mejorar su relaci\u00f3n con los clientes no solo aumentan sus ingresos, sino que tambi\u00e9n <a href=\"https:\/\/soymigrante.com\/revista\/category\/mejor\/\" target=\"_blank\" rel=\"noopener\">construyen una reputaci\u00f3n s\u00f3lida que los diferencia en el mercado.<\/a><\/p><p>Esta estrategia no solo beneficia al vendedor, sino tambi\u00e9n al cliente, creando una experiencia de compra memorable y efectiva.<\/p><p>A continuaci\u00f3n, exploramos las claves que transforman a un vendedor promedio<a href=\"https:\/\/soymigrante.com\/revista\/category\/mejor\/\" target=\"_blank\" rel=\"noopener\"> en un profesional exitoso que destaca<\/a> en cualquier mercado.<\/p>\t\t\t\t\t\t\t\t<\/div>\n\t\t\t\t\t<\/div>\n\t\t\t\t<\/div>\n\t\t<div data-particle_enable=\"false\" data-particle-mobile-disabled=\"false\" class=\"elementor-element elementor-element-e68e090 e-flex e-con-boxed e-con e-parent\" data-id=\"e68e090\" data-element_type=\"container\" data-e-type=\"container\">\n\t\t\t\t\t<div class=\"e-con-inner\">\n\t\t\t\t<div class=\"elementor-element elementor-element-8e5a78e elementor-widget elementor-widget-image\" data-id=\"8e5a78e\" data-element_type=\"widget\" data-e-type=\"widget\" data-widget_type=\"image.default\">\n\t\t\t\t\t\t\t\t\t\t\t\t\t\t\t<img fetchpriority=\"high\" decoding=\"async\" width=\"768\" height=\"470\" src=\"https:\/\/soymigrante.com\/revista\/wp-content\/uploads\/2024\/12\/La-actitud-es-clave-para-generar-mas-ventas4-1024x627.jpg\" class=\"attachment-large size-large wp-image-16571\" alt=\"Tarjeta de cr\u00e9dito sobre port\u00e1til, fotograf\u00eda que representa comercio en l\u00ednea, migrantes y econom\u00eda digital.\" srcset=\"https:\/\/soymigrante.com\/revista\/wp-content\/uploads\/2024\/12\/La-actitud-es-clave-para-generar-mas-ventas4-1024x627.jpg 1024w, https:\/\/soymigrante.com\/revista\/wp-content\/uploads\/2024\/12\/La-actitud-es-clave-para-generar-mas-ventas4-300x184.jpg 300w, https:\/\/soymigrante.com\/revista\/wp-content\/uploads\/2024\/12\/La-actitud-es-clave-para-generar-mas-ventas4-768x470.jpg 768w, https:\/\/soymigrante.com\/revista\/wp-content\/uploads\/2024\/12\/La-actitud-es-clave-para-generar-mas-ventas4-750x459.webp 750w, https:\/\/soymigrante.com\/revista\/wp-content\/uploads\/2024\/12\/La-actitud-es-clave-para-generar-mas-ventas4-1140x698.webp 1140w, https:\/\/soymigrante.com\/revista\/wp-content\/uploads\/2024\/12\/La-actitud-es-clave-para-generar-mas-ventas4.webp 1280w\" sizes=\"(max-width: 768px) 100vw, 768px\" title=\"La actitud es clave para generar m\u00e1s ventas4 \u2013 SoyMigrante.com REVISTA\" \/>\t\t\t\t\t\t\t\t\t\t\t\t\t\t\t<\/div>\n\t\t\t\t\t<\/div>\n\t\t\t\t<\/div>\n\t\t<div data-particle_enable=\"false\" data-particle-mobile-disabled=\"false\" class=\"elementor-element elementor-element-20f3e30 e-flex e-con-boxed e-con e-parent\" data-id=\"20f3e30\" data-element_type=\"container\" data-e-type=\"container\">\n\t\t\t\t\t<div class=\"e-con-inner\">\n\t\t\t\t<div class=\"elementor-element elementor-element-d6148ac elementor-widget elementor-widget-heading\" data-id=\"d6148ac\" data-element_type=\"widget\" data-e-type=\"widget\" data-widget_type=\"heading.default\">\n\t\t\t\t\t<h3 class=\"elementor-heading-title elementor-size-default\">1. Actitud positiva y energ\u00eda constante<\/h3>\t\t\t\t<\/div>\n\t\t\t\t\t<\/div>\n\t\t\t\t<\/div>\n\t\t<div data-particle_enable=\"false\" data-particle-mobile-disabled=\"false\" class=\"elementor-element elementor-element-87d390e e-flex e-con-boxed e-con e-parent\" data-id=\"87d390e\" data-element_type=\"container\" data-e-type=\"container\">\n\t\t\t\t\t<div class=\"e-con-inner\">\n\t\t\t\t<div class=\"elementor-element elementor-element-38d0c2d elementor-widget elementor-widget-text-editor\" data-id=\"38d0c2d\" data-element_type=\"widget\" data-e-type=\"widget\" data-widget_type=\"text-editor.default\">\n\t\t\t\t\t\t\t\t\t<p>Los clientes perciben la actitud del vendedor desde el primer contacto.<a href=\"https:\/\/soymigrante.com\/revista\/category\/mejor\/\" target=\"_blank\" rel=\"noopener\"> Mostrar una actitud positiva, amable y energ\u00e9tica genera confianza<\/a> y hace que la experiencia de compra sea agradable. Los vendedores que sonr\u00eden y transmiten entusiasmo inspiran seguridad y son m\u00e1s propensos a cerrar ventas.<\/p>\t\t\t\t\t\t\t\t<\/div>\n\t\t\t\t\t<\/div>\n\t\t\t\t<\/div>\n\t\t<div data-particle_enable=\"false\" data-particle-mobile-disabled=\"false\" class=\"elementor-element elementor-element-9db9c84 e-flex e-con-boxed e-con e-parent\" data-id=\"9db9c84\" data-element_type=\"container\" data-e-type=\"container\">\n\t\t\t\t\t<div class=\"e-con-inner\">\n\t\t\t\t<div class=\"elementor-element elementor-element-52ef15e elementor-widget elementor-widget-heading\" data-id=\"52ef15e\" data-element_type=\"widget\" data-e-type=\"widget\" data-widget_type=\"heading.default\">\n\t\t\t\t\t<h3 class=\"elementor-heading-title elementor-size-default\">2. Escucha activa y empat\u00eda<\/h3>\t\t\t\t<\/div>\n\t\t\t\t\t<\/div>\n\t\t\t\t<\/div>\n\t\t<div data-particle_enable=\"false\" data-particle-mobile-disabled=\"false\" class=\"elementor-element elementor-element-2018d5d e-flex e-con-boxed e-con e-parent\" data-id=\"2018d5d\" data-element_type=\"container\" data-e-type=\"container\">\n\t\t\t\t\t<div class=\"e-con-inner\">\n\t\t\t\t<div class=\"elementor-element elementor-element-d33a914 elementor-widget elementor-widget-text-editor\" data-id=\"d33a914\" data-element_type=\"widget\" data-e-type=\"widget\" data-widget_type=\"text-editor.default\">\n\t\t\t\t\t\t\t\t\t<p><a href=\"https:\/\/soymigrante.com\/revista\/category\/mejor\/\" target=\"_blank\" rel=\"noopener\">Un buen vendedor no solo habla, sino que tambi\u00e9n escucha<\/a>. La escucha activa implica prestar atenci\u00f3n a lo que el cliente necesita, mostrar inter\u00e9s genuino y hacer preguntas relevantes. La empat\u00eda permite entender los problemas del cliente y ofrecer soluciones personalizadas.<\/p>\t\t\t\t\t\t\t\t<\/div>\n\t\t\t\t\t<\/div>\n\t\t\t\t<\/div>\n\t\t<div data-particle_enable=\"false\" data-particle-mobile-disabled=\"false\" class=\"elementor-element elementor-element-84cfe6e e-flex e-con-boxed e-con e-parent\" data-id=\"84cfe6e\" data-element_type=\"container\" data-e-type=\"container\">\n\t\t\t\t\t<div class=\"e-con-inner\">\n\t\t\t\t<div class=\"elementor-element elementor-element-120cce8 elementor-widget elementor-widget-heading\" data-id=\"120cce8\" data-element_type=\"widget\" data-e-type=\"widget\" data-widget_type=\"heading.default\">\n\t\t\t\t\t<h3 class=\"elementor-heading-title elementor-size-default\">3. Conocimiento profundo del producto<\/h3>\t\t\t\t<\/div>\n\t\t\t\t\t<\/div>\n\t\t\t\t<\/div>\n\t\t<div data-particle_enable=\"false\" data-particle-mobile-disabled=\"false\" class=\"elementor-element elementor-element-482473b e-flex e-con-boxed e-con e-parent\" data-id=\"482473b\" data-element_type=\"container\" data-e-type=\"container\">\n\t\t\t\t\t<div class=\"e-con-inner\">\n\t\t\t\t<div class=\"elementor-element elementor-element-5637901 elementor-widget elementor-widget-text-editor\" data-id=\"5637901\" data-element_type=\"widget\" data-e-type=\"widget\" data-widget_type=\"text-editor.default\">\n\t\t\t\t\t\t\t\t\t<p>No basta con conocer las caracter\u00edsticas de un producto; tambi\u00e9n es fundamental entender c\u00f3mo resuelve las necesidades de los clientes. Los vendedores exitosos pueden explicar claramente los beneficios y diferenciar su producto frente a la competencia, lo que aumenta su credibilidad.<\/p>\t\t\t\t\t\t\t\t<\/div>\n\t\t\t\t\t<\/div>\n\t\t\t\t<\/div>\n\t\t<div data-particle_enable=\"false\" data-particle-mobile-disabled=\"false\" class=\"elementor-element elementor-element-386de04 e-flex e-con-boxed e-con e-parent\" data-id=\"386de04\" data-element_type=\"container\" data-e-type=\"container\">\n\t\t\t\t\t<div class=\"e-con-inner\">\n\t\t\t\t<div class=\"elementor-element elementor-element-40a96a5 elementor-widget elementor-widget-heading\" data-id=\"40a96a5\" data-element_type=\"widget\" data-e-type=\"widget\" data-widget_type=\"heading.default\">\n\t\t\t\t\t<h3 class=\"elementor-heading-title elementor-size-default\">4. Perseverancia sin ser insistente<\/h3>\t\t\t\t<\/div>\n\t\t\t\t\t<\/div>\n\t\t\t\t<\/div>\n\t\t<div data-particle_enable=\"false\" data-particle-mobile-disabled=\"false\" class=\"elementor-element elementor-element-6e7fe22 e-flex e-con-boxed e-con e-parent\" data-id=\"6e7fe22\" data-element_type=\"container\" data-e-type=\"container\">\n\t\t\t\t\t<div class=\"e-con-inner\">\n\t\t\t\t<div class=\"elementor-element elementor-element-36305a3 elementor-widget elementor-widget-text-editor\" data-id=\"36305a3\" data-element_type=\"widget\" data-e-type=\"widget\" data-widget_type=\"text-editor.default\">\n\t\t\t\t\t\t\t\t\t<p><a href=\"https:\/\/soymigrante.com\/revista\/category\/mejor\/\" target=\"_blank\" rel=\"noopener\">La l\u00ednea entre la perseverancia y la insistencia es delgada<\/a>. Es crucial hacer un seguimiento respetuoso sin presionar al cliente. Mantener una actitud profesional y ofrecer recordatorios amigables puede ser la clave para cerrar ventas en el futuro.<\/p>\t\t\t\t\t\t\t\t<\/div>\n\t\t\t\t\t<\/div>\n\t\t\t\t<\/div>\n\t\t<div data-particle_enable=\"false\" data-particle-mobile-disabled=\"false\" class=\"elementor-element elementor-element-192174f e-flex e-con-boxed e-con e-parent\" data-id=\"192174f\" data-element_type=\"container\" data-e-type=\"container\">\n\t\t\t\t\t<div class=\"e-con-inner\">\n\t\t\t\t<div class=\"elementor-element elementor-element-cecc202 elementor-widget elementor-widget-image\" data-id=\"cecc202\" data-element_type=\"widget\" data-e-type=\"widget\" data-widget_type=\"image.default\">\n\t\t\t\t\t\t\t\t\t\t\t\t\t\t\t<img decoding=\"async\" width=\"768\" height=\"519\" src=\"https:\/\/soymigrante.com\/revista\/wp-content\/uploads\/2024\/12\/La-actitud-es-clave-para-generar-mas-ventas3-1024x692.jpg\" class=\"attachment-large size-large wp-image-16569\" alt=\"Incremento de crecimiento econ\u00f3mico y oportunidades para migrantes en la revista SoyMigrante.com REVISTA.\" srcset=\"https:\/\/soymigrante.com\/revista\/wp-content\/uploads\/2024\/12\/La-actitud-es-clave-para-generar-mas-ventas3-1024x692.jpg 1024w, https:\/\/soymigrante.com\/revista\/wp-content\/uploads\/2024\/12\/La-actitud-es-clave-para-generar-mas-ventas3-300x203.jpg 300w, https:\/\/soymigrante.com\/revista\/wp-content\/uploads\/2024\/12\/La-actitud-es-clave-para-generar-mas-ventas3-768x519.jpg 768w, https:\/\/soymigrante.com\/revista\/wp-content\/uploads\/2024\/12\/La-actitud-es-clave-para-generar-mas-ventas3-750x507.webp 750w, https:\/\/soymigrante.com\/revista\/wp-content\/uploads\/2024\/12\/La-actitud-es-clave-para-generar-mas-ventas3-1140x770.webp 1140w, https:\/\/soymigrante.com\/revista\/wp-content\/uploads\/2024\/12\/La-actitud-es-clave-para-generar-mas-ventas3.webp 1280w\" sizes=\"(max-width: 768px) 100vw, 768px\" title=\"La actitud es clave para generar m\u00e1s ventas3 \u2013 SoyMigrante.com REVISTA\" \/>\t\t\t\t\t\t\t\t\t\t\t\t\t\t\t<\/div>\n\t\t\t\t\t<\/div>\n\t\t\t\t<\/div>\n\t\t<div data-particle_enable=\"false\" data-particle-mobile-disabled=\"false\" class=\"elementor-element elementor-element-804043b e-flex e-con-boxed e-con e-parent\" data-id=\"804043b\" data-element_type=\"container\" data-e-type=\"container\">\n\t\t\t\t\t<div class=\"e-con-inner\">\n\t\t\t\t<div class=\"elementor-element elementor-element-a658fe2 elementor-widget elementor-widget-heading\" data-id=\"a658fe2\" data-element_type=\"widget\" data-e-type=\"widget\" data-widget_type=\"heading.default\">\n\t\t\t\t\t<h3 class=\"elementor-heading-title elementor-size-default\">5. Honestidad y transparencia<\/h3>\t\t\t\t<\/div>\n\t\t\t\t\t<\/div>\n\t\t\t\t<\/div>\n\t\t<div data-particle_enable=\"false\" data-particle-mobile-disabled=\"false\" class=\"elementor-element elementor-element-07f1e95 e-flex e-con-boxed e-con e-parent\" data-id=\"07f1e95\" data-element_type=\"container\" data-e-type=\"container\">\n\t\t\t\t\t<div class=\"e-con-inner\">\n\t\t\t\t<div class=\"elementor-element elementor-element-1923275 elementor-widget elementor-widget-text-editor\" data-id=\"1923275\" data-element_type=\"widget\" data-e-type=\"widget\" data-widget_type=\"text-editor.default\">\n\t\t\t\t\t\t\t\t\t<p>Los clientes valoran la honestidad. Admitir limitaciones del producto o aclarar condiciones evita problemas a largo plazo y fomenta relaciones duraderas. La transparencia genera lealtad y recomendaciones de boca a boca, que son vitales para el \u00e9xito en las ventas.<\/p>\t\t\t\t\t\t\t\t<\/div>\n\t\t\t\t\t<\/div>\n\t\t\t\t<\/div>\n\t\t<div data-particle_enable=\"false\" data-particle-mobile-disabled=\"false\" class=\"elementor-element elementor-element-ab3f5b6 e-flex e-con-boxed e-con e-parent\" data-id=\"ab3f5b6\" data-element_type=\"container\" data-e-type=\"container\">\n\t\t\t\t\t<div class=\"e-con-inner\">\n\t\t\t\t<div class=\"elementor-element elementor-element-a67ccc2 elementor-widget elementor-widget-heading\" data-id=\"a67ccc2\" data-element_type=\"widget\" data-e-type=\"widget\" data-widget_type=\"heading.default\">\n\t\t\t\t\t<h3 class=\"elementor-heading-title elementor-size-default\">6. Adaptabilidad y creatividad<\/h3>\t\t\t\t<\/div>\n\t\t\t\t\t<\/div>\n\t\t\t\t<\/div>\n\t\t<div data-particle_enable=\"false\" data-particle-mobile-disabled=\"false\" class=\"elementor-element elementor-element-dde249a e-flex e-con-boxed e-con e-parent\" data-id=\"dde249a\" data-element_type=\"container\" data-e-type=\"container\">\n\t\t\t\t\t<div class=\"e-con-inner\">\n\t\t\t\t<div class=\"elementor-element elementor-element-4117dc7 elementor-widget elementor-widget-text-editor\" data-id=\"4117dc7\" data-element_type=\"widget\" data-e-type=\"widget\" data-widget_type=\"text-editor.default\">\n\t\t\t\t\t\t\t\t\t<p><a href=\"https:\/\/soymigrante.com\/revista\/category\/mejor\/\" target=\"_blank\" rel=\"noopener\">Cada cliente es diferente, por lo que un vendedor debe ser flexible<\/a> para ajustar su discurso o enfoque seg\u00fan las necesidades y personalidad del comprador. Adem\u00e1s, mostrar creatividad al presentar los productos o resolver dudas puede marcar la diferencia.<\/p>\t\t\t\t\t\t\t\t<\/div>\n\t\t\t\t\t<\/div>\n\t\t\t\t<\/div>\n\t\t<div data-particle_enable=\"false\" data-particle-mobile-disabled=\"false\" class=\"elementor-element elementor-element-6caf33e e-flex e-con-boxed e-con e-parent\" data-id=\"6caf33e\" data-element_type=\"container\" data-e-type=\"container\">\n\t\t\t\t\t<div class=\"e-con-inner\">\n\t\t\t\t<div class=\"elementor-element elementor-element-c9b847c elementor-widget elementor-widget-heading\" data-id=\"c9b847c\" data-element_type=\"widget\" data-e-type=\"widget\" data-widget_type=\"heading.default\">\n\t\t\t\t\t<h3 class=\"elementor-heading-title elementor-size-default\">7. Paciencia y disposici\u00f3n para aprender<\/h3>\t\t\t\t<\/div>\n\t\t\t\t\t<\/div>\n\t\t\t\t<\/div>\n\t\t<div data-particle_enable=\"false\" data-particle-mobile-disabled=\"false\" class=\"elementor-element elementor-element-da539cf e-flex e-con-boxed e-con e-parent\" data-id=\"da539cf\" data-element_type=\"container\" data-e-type=\"container\">\n\t\t\t\t\t<div class=\"e-con-inner\">\n\t\t\t\t<div class=\"elementor-element elementor-element-62d3d8e elementor-widget elementor-widget-text-editor\" data-id=\"62d3d8e\" data-element_type=\"widget\" data-e-type=\"widget\" data-widget_type=\"text-editor.default\">\n\t\t\t\t\t\t\t\t\t<p>Las ventas son un proceso que a menudo requiere tiempo. Un vendedor paciente comprende que construir relaciones s\u00f3lidas con los clientes es una inversi\u00f3n a largo plazo. Adem\u00e1s, la disposici\u00f3n para capacitarse constantemente asegura que el vendedor se mantenga actualizado y competitivo.<\/p>\t\t\t\t\t\t\t\t<\/div>\n\t\t\t\t\t<\/div>\n\t\t\t\t<\/div>\n\t\t<div data-particle_enable=\"false\" data-particle-mobile-disabled=\"false\" class=\"elementor-element elementor-element-849a3ee e-flex e-con-boxed e-con e-parent\" data-id=\"849a3ee\" data-element_type=\"container\" data-e-type=\"container\">\n\t\t\t\t\t<div class=\"e-con-inner\">\n\t\t\t\t<div class=\"elementor-element elementor-element-bc77407 elementor-widget elementor-widget-image\" data-id=\"bc77407\" data-element_type=\"widget\" data-e-type=\"widget\" data-widget_type=\"image.default\">\n\t\t\t\t\t\t\t\t\t\t\t\t\t\t\t<img decoding=\"async\" width=\"768\" height=\"512\" src=\"https:\/\/soymigrante.com\/revista\/wp-content\/uploads\/2024\/12\/La-actitud-es-clave-para-generar-mas-ventas1-1024x682.jpg\" class=\"attachment-large size-large wp-image-16570\" alt=\"Dinero, inversi\u00f3n, trading, an\u00e1lisis financiero, mercado burs\u00e1til, bolsa de valores, econom\u00eda digital, plataformas de trading, ganancias, finanzas personales, inversi\u00f3n en l\u00ednea.\" srcset=\"https:\/\/soymigrante.com\/revista\/wp-content\/uploads\/2024\/12\/La-actitud-es-clave-para-generar-mas-ventas1-1024x682.jpg 1024w, https:\/\/soymigrante.com\/revista\/wp-content\/uploads\/2024\/12\/La-actitud-es-clave-para-generar-mas-ventas1-300x200.jpg 300w, https:\/\/soymigrante.com\/revista\/wp-content\/uploads\/2024\/12\/La-actitud-es-clave-para-generar-mas-ventas1-768x512.jpg 768w, https:\/\/soymigrante.com\/revista\/wp-content\/uploads\/2024\/12\/La-actitud-es-clave-para-generar-mas-ventas1-750x500.webp 750w, https:\/\/soymigrante.com\/revista\/wp-content\/uploads\/2024\/12\/La-actitud-es-clave-para-generar-mas-ventas1-1140x760.webp 1140w, https:\/\/soymigrante.com\/revista\/wp-content\/uploads\/2024\/12\/La-actitud-es-clave-para-generar-mas-ventas1.webp 1280w\" sizes=\"(max-width: 768px) 100vw, 768px\" title=\"La actitud es clave para generar m\u00e1s ventas1 \u2013 SoyMigrante.com REVISTA\" \/>\t\t\t\t\t\t\t\t\t\t\t\t\t\t\t<\/div>\n\t\t\t\t\t<\/div>\n\t\t\t\t<\/div>\n\t\t<div data-particle_enable=\"false\" data-particle-mobile-disabled=\"false\" class=\"elementor-element elementor-element-a093c23 e-flex e-con-boxed e-con e-parent\" data-id=\"a093c23\" data-element_type=\"container\" data-e-type=\"container\">\n\t\t\t\t\t<div class=\"e-con-inner\">\n\t\t\t\t<div class=\"elementor-element elementor-element-7443256 elementor-widget elementor-widget-heading\" data-id=\"7443256\" data-element_type=\"widget\" data-e-type=\"widget\" data-widget_type=\"heading.default\">\n\t\t\t\t\t<h3 class=\"elementor-heading-title elementor-size-default\">8. Conexi\u00f3n emocional con el cliente<\/h3>\t\t\t\t<\/div>\n\t\t\t\t\t<\/div>\n\t\t\t\t<\/div>\n\t\t<div data-particle_enable=\"false\" data-particle-mobile-disabled=\"false\" class=\"elementor-element elementor-element-5956e71 e-flex e-con-boxed e-con e-parent\" data-id=\"5956e71\" data-element_type=\"container\" data-e-type=\"container\">\n\t\t\t\t\t<div class=\"e-con-inner\">\n\t\t\t\t<div class=\"elementor-element elementor-element-1dd2866 elementor-widget elementor-widget-text-editor\" data-id=\"1dd2866\" data-element_type=\"widget\" data-e-type=\"widget\" data-widget_type=\"text-editor.default\">\n\t\t\t\t\t\t\t\t\t<p>M\u00e1s all\u00e1 del producto, las emociones juegan un papel fundamental en las decisiones de compra. Los vendedores que logran conectar emocionalmente con los clientes generan experiencias positivas que fomentan la fidelidad.<\/p>\t\t\t\t\t\t\t\t<\/div>\n\t\t\t\t\t<\/div>\n\t\t\t\t<\/div>\n\t\t<div data-particle_enable=\"false\" data-particle-mobile-disabled=\"false\" class=\"elementor-element elementor-element-1bbea4b e-flex e-con-boxed e-con e-parent\" data-id=\"1bbea4b\" data-element_type=\"container\" data-e-type=\"container\">\n\t\t\t\t\t<div class=\"e-con-inner\">\n\t\t\t\t<div class=\"elementor-element elementor-element-df433bb elementor-widget elementor-widget-heading\" data-id=\"df433bb\" data-element_type=\"widget\" data-e-type=\"widget\" data-widget_type=\"heading.default\">\n\t\t\t\t\t<h3 class=\"elementor-heading-title elementor-size-default\">9. Motivaci\u00f3n interna y enfoque en metas<\/h3>\t\t\t\t<\/div>\n\t\t\t\t\t<\/div>\n\t\t\t\t<\/div>\n\t\t<div data-particle_enable=\"false\" data-particle-mobile-disabled=\"false\" class=\"elementor-element elementor-element-939476a e-flex e-con-boxed e-con e-parent\" data-id=\"939476a\" data-element_type=\"container\" data-e-type=\"container\">\n\t\t\t\t\t<div class=\"e-con-inner\">\n\t\t\t\t<div class=\"elementor-element elementor-element-2f2020c elementor-widget elementor-widget-text-editor\" data-id=\"2f2020c\" data-element_type=\"widget\" data-e-type=\"widget\" data-widget_type=\"text-editor.default\">\n\t\t\t\t\t\t\t\t\t<p><a href=\"https:\/\/soymigrante.com\/revista\/category\/mejor\/\" target=\"_blank\" rel=\"noopener\">La motivaci\u00f3n es el motor que impulsa a los vendedores.<\/a> Establecer metas claras y desafiantes, tanto a corto como a largo plazo, les ayuda a mantener el enfoque y a superar obst\u00e1culos.<\/p>\t\t\t\t\t\t\t\t<\/div>\n\t\t\t\t\t<\/div>\n\t\t\t\t<\/div>\n\t\t<div data-particle_enable=\"false\" data-particle-mobile-disabled=\"false\" class=\"elementor-element elementor-element-8d72426 e-flex e-con-boxed e-con e-parent\" data-id=\"8d72426\" data-element_type=\"container\" data-e-type=\"container\">\n\t\t\t\t\t<div class=\"e-con-inner\">\n\t\t\t\t<div class=\"elementor-element elementor-element-7036d1a elementor-widget elementor-widget-heading\" data-id=\"7036d1a\" data-element_type=\"widget\" data-e-type=\"widget\" data-widget_type=\"heading.default\">\n\t\t\t\t\t<h2 class=\"elementor-heading-title elementor-size-default\">Conoce m\u00e1s consejos de como mejorar tus ventas...<\/h2>\t\t\t\t<\/div>\n\t\t\t\t\t<\/div>\n\t\t\t\t<\/div>\n\t\t<div data-particle_enable=\"false\" data-particle-mobile-disabled=\"false\" class=\"elementor-element elementor-element-5495815 e-flex e-con-boxed e-con e-parent\" data-id=\"5495815\" data-element_type=\"container\" data-e-type=\"container\">\n\t\t\t\t\t<div class=\"e-con-inner\">\n\t\t\t\t<div class=\"elementor-element elementor-element-05b3504 elementor-widget elementor-widget-blfe-post-grid\" data-id=\"05b3504\" data-element_type=\"widget\" data-e-type=\"widget\" data-settings=\"{&quot;columns&quot;:&quot;3&quot;,&quot;columns_tablet&quot;:&quot;6&quot;,&quot;columns_mobile&quot;:&quot;12&quot;,&quot;hero1_layout_column_gap&quot;:{&quot;unit&quot;:&quot;px&quot;,&quot;size&quot;:30,&quot;sizes&quot;:[]},&quot;hero1_layout_column_gap_tablet&quot;:{&quot;unit&quot;:&quot;px&quot;,&quot;size&quot;:&quot;&quot;,&quot;sizes&quot;:[]},&quot;hero1_layout_column_gap_mobile&quot;:{&quot;unit&quot;:&quot;px&quot;,&quot;size&quot;:&quot;&quot;,&quot;sizes&quot;:[]},&quot;hero1_layout_row_gap&quot;:{&quot;unit&quot;:&quot;px&quot;,&quot;size&quot;:30,&quot;sizes&quot;:[]},&quot;hero1_layout_row_gap_tablet&quot;:{&quot;unit&quot;:&quot;px&quot;,&quot;size&quot;:&quot;&quot;,&quot;sizes&quot;:[]},&quot;hero1_layout_row_gap_mobile&quot;:{&quot;unit&quot;:&quot;px&quot;,&quot;size&quot;:&quot;&quot;,&quot;sizes&quot;:[]}}\" data-widget_type=\"blfe-post-grid.hero1\">\n\t\t\t\t<div class=\"elementor-widget-container\">\n\t\t\t\t\t\n                        <div class=\"blfe-post-grid-container \">\n            \n                <div data-skin=\"hero1\" class=\"blfe-row blfe-posts-inner blfe-hero1 blfe-posts-inner blfe-col-3 blfe-col-tab-6 blfe-col-mob-12     \">\n                            <div class=\"blfe-post-grid-item\">\n            <div class=\"blfe-post-grid-item-inner blfe-modern-zoom\">\n                        <div class=\"blfe-post-grid-bg-image\">\n            <a class=\"blfe-post-grid-image-inner\" href=\"https:\/\/soymigrante.com\/revista\/cooperativa-yax-transforma-una-planta-recicladora-en-huehuetenango-que-crea-y-genera-empleo\/\" title=\"Yax Transforma recolecta pl\u00e1stico y lo convierte en tablas, mesas, postes y&#8230; empleos\" rel=\"nofollow\" target=\"_blank\"><img decoding=\"async\" src=\"https:\/\/soymigrante.com\/revista\/wp-content\/uploads\/2024\/10\/yax-transforma.webp\" alt=\"Yax Transforma recolecta pl\u00e1stico y lo convierte en tablas, mesas, postes y&#8230; empleos\"\/><\/a>        <\/div>\n                        <div class=\"blfe-post-grid-details\">\n                    <div class=\"blfe-post-grid-details-inner\">\n                        <span class=\"blfe-post-category\"><a href=\"https:\/\/soymigrante.com\/revista\/category\/guate-nuestra\/\">Guate Nuestra<\/a><\/span>                        <h3 class=\"blfe-post-grid-title\">\n            <a href=\"https:\/\/soymigrante.com\/revista\/cooperativa-yax-transforma-una-planta-recicladora-en-huehuetenango-que-crea-y-genera-empleo\/\" title=\"Yax Transforma recolecta pl\u00e1stico y lo convierte en tablas, mesas, postes y&#8230; empleos\" rel=\"nofollow\" target=\"_blank\">Yax Transforma recolecta pl\u00e1stico y lo convierte en tablas, mesas, postes y&#8230; empleos<\/a>\n            <\/h3>                                                            <div class=\"blfe-post-grid-meta\">\n                <span class=\"blfe-post-grid-time\"><i class=\"fas fa-book-reader\"><\/i>7 Min read<\/span>            <\/div>\n                                                        <\/div>\n                <\/div>\n\n            <\/div>\n        <\/div>\n                <div class=\"blfe-post-grid-item\">\n            <div class=\"blfe-post-grid-item-inner blfe-modern-zoom\">\n                        <div class=\"blfe-post-grid-bg-image\">\n            <a class=\"blfe-post-grid-image-inner\" href=\"https:\/\/soymigrante.com\/revista\/escritor-manuel-orantes-alvarez-confecciona-relatos-que-invitan-al-cambio\/\" title=\"Escritor Manuel Orantes-\u00c1lvarez crea relatos que invitan a la transformaci\u00f3n personal\" rel=\"nofollow\" target=\"_blank\"><img decoding=\"async\" src=\"https:\/\/soymigrante.com\/revista\/wp-content\/uploads\/2024\/10\/manuel-orantes-guatemalteco-escritor-migrante-3.webp\" alt=\"Escritor Manuel Orantes-\u00c1lvarez crea relatos que invitan a la transformaci\u00f3n personal\"\/><\/a>        <\/div>\n                        <div class=\"blfe-post-grid-details\">\n                    <div class=\"blfe-post-grid-details-inner\">\n                        <span class=\"blfe-post-category\"><a href=\"https:\/\/soymigrante.com\/revista\/category\/guate-nuestra\/\">Guate Nuestra<\/a><\/span>                        <h3 class=\"blfe-post-grid-title\">\n            <a href=\"https:\/\/soymigrante.com\/revista\/escritor-manuel-orantes-alvarez-confecciona-relatos-que-invitan-al-cambio\/\" title=\"Escritor Manuel Orantes-\u00c1lvarez crea relatos que invitan a la transformaci\u00f3n personal\" rel=\"nofollow\" target=\"_blank\">Escritor Manuel Orantes-\u00c1lvarez crea relatos que invitan a la transformaci\u00f3n personal<\/a>\n            <\/h3>                                                            <div class=\"blfe-post-grid-meta\">\n                <span class=\"blfe-post-grid-time\"><i class=\"fas fa-book-reader\"><\/i>6 Min read<\/span>            <\/div>\n                                                        <\/div>\n                <\/div>\n\n            <\/div>\n        <\/div>\n                <div class=\"blfe-post-grid-item\">\n            <div class=\"blfe-post-grid-item-inner blfe-modern-zoom\">\n                        <div class=\"blfe-post-grid-bg-image\">\n            <a class=\"blfe-post-grid-image-inner\" href=\"https:\/\/soymigrante.com\/revista\/tejido-con-el-mismo-carino-de-la-abuelita-el-emprendimiento-crochet-con-amor\/\" title=\"Tejido con el mismo cari\u00f1o de la abuelita: el emprendimiento Crochet con Amor\" rel=\"nofollow\" target=\"_blank\"><img decoding=\"async\" src=\"https:\/\/soymigrante.com\/revista\/wp-content\/uploads\/2024\/10\/crochet-con-amor-2.webp\" alt=\"Tejido con el mismo cari\u00f1o de la abuelita: el emprendimiento Crochet con Amor\"\/><\/a>        <\/div>\n                        <div class=\"blfe-post-grid-details\">\n                    <div class=\"blfe-post-grid-details-inner\">\n                        <span class=\"blfe-post-category\"><a href=\"https:\/\/soymigrante.com\/revista\/category\/guate-nuestra\/\">Guate Nuestra<\/a><\/span>                        <h3 class=\"blfe-post-grid-title\">\n            <a href=\"https:\/\/soymigrante.com\/revista\/tejido-con-el-mismo-carino-de-la-abuelita-el-emprendimiento-crochet-con-amor\/\" title=\"Tejido con el mismo cari\u00f1o de la abuelita: el emprendimiento Crochet con Amor\" rel=\"nofollow\" target=\"_blank\">Tejido con el mismo cari\u00f1o de la abuelita: el emprendimiento Crochet con Amor<\/a>\n            <\/h3>                                                            <div class=\"blfe-post-grid-meta\">\n                <span class=\"blfe-post-grid-time\"><i class=\"fas fa-book-reader\"><\/i>5 Min read<\/span>            <\/div>\n                                                        <\/div>\n                <\/div>\n\n            <\/div>\n        <\/div>\n                        <\/div>\n\n                        <\/div>\n            \n                        <div class=\"blfe-post-footer\">\n                        <\/div>\n            \t\t\t\t<\/div>\n\t\t\t\t<\/div>\n\t\t\t\t\t<\/div>\n\t\t\t\t<\/div>\n\t\t\t\t<\/div>\n\t\t","protected":false},"excerpt":{"rendered":"<p>Una actitud positiva, combinada con habilidades de comunicaci\u00f3n, conocimiento del producto y un enfoque en las necesidades del cliente, es la clave para el \u00e9xito en las ventas. Vender no es solo una transacci\u00f3n; es el arte de conectar con los clientes, entender sus necesidades y brindar soluciones. Para lograrlo, los vendedores deben adoptar una [&hellip;]<\/p>\n","protected":false},"author":19,"featured_media":17091,"comment_status":"open","ping_status":"open","sticky":false,"template":"","format":"standard","meta":{"_acf_changed":false,"_eb_attr":"","footnotes":""},"categories":[55],"tags":[],"class_list":["post-16555","post","type-post","status-publish","format-standard","has-post-thumbnail","hentry","category-bienestar"],"acf":[],"aioseo_notices":[],"aioseo_head":"\n\t\t<!-- All in One SEO Pro 4.9.6.2 - aioseo.com -->\n\t<meta name=\"description\" content=\"La emprendedora Claudia Garc\u00eda aprendi\u00f3 de ni\u00f1a a tejer con su abuelita Elizabeth. Aquella habilidad es hoy el hilo de un arte a la venta en SoyMigrante MERCADO\" \/>\n\t<meta name=\"robots\" content=\"max-snippet:-1, max-image-preview:large, max-video-preview:-1\" \/>\n\t<meta name=\"author\" content=\"Gustavo Montenegro\"\/>\n\t<link rel=\"canonical\" href=\"https:\/\/soymigrante.com\/revista\/tejido-con-el-mismo-carino-de-la-abuelita-el-emprendimiento-crochet-con-amor\/\" \/>\n\t<meta name=\"generator\" content=\"All in One SEO Pro (AIOSEO) 4.9.6.2\" \/>\n\n\t\t<link rel=\"preconnect\" href=\"https:\/\/fonts.googleapis.com\" crossorigin>\n<link rel=\"preconnect\" href=\"https:\/\/fonts.gstatic.com\" crossorigin>\n\t\t<meta property=\"og:locale\" content=\"es_ES\" \/>\n\t\t<meta property=\"og:site_name\" content=\"SoyMigrante.com REVISTA \u2013 Nuestra misi\u00f3n es reconocer y dignificar al migrante.\" \/>\n\t\t<meta property=\"og:type\" content=\"article\" \/>\n\t\t<meta property=\"og:title\" content=\"Tejido con cari\u00f1o de la abuelita: Crochet con Amor\" \/>\n\t\t<meta property=\"og:description\" content=\"La emprendedora Claudia Garc\u00eda aprendi\u00f3 de ni\u00f1a a tejer con su abuelita Elizabeth. Aquella habilidad es hoy el hilo de un arte a la venta en SoyMigrante MERCADO\" \/>\n\t\t<meta property=\"og:url\" content=\"https:\/\/soymigrante.com\/revista\/tejido-con-el-mismo-carino-de-la-abuelita-el-emprendimiento-crochet-con-amor\/\" \/>\n\t\t<meta property=\"og:image\" content=\"https:\/\/soymigrante.com\/revista\/wp-content\/uploads\/2024\/10\/crochet-con-amor-2.webp\" \/>\n\t\t<meta property=\"og:image:secure_url\" content=\"https:\/\/soymigrante.com\/revista\/wp-content\/uploads\/2024\/10\/crochet-con-amor-2.webp\" \/>\n\t\t<meta property=\"og:image:width\" content=\"670\" \/>\n\t\t<meta property=\"og:image:height\" content=\"661\" \/>\n\t\t<meta property=\"article:published_time\" content=\"2024-10-25T18:53:11+00:00\" \/>\n\t\t<meta property=\"article:modified_time\" content=\"2025-07-21T17:43:40+00:00\" \/>\n\t\t<meta property=\"article:publisher\" content=\"https:\/\/www.facebook.com\/soymigrantecom\" \/>\n\t\t<meta name=\"twitter:card\" content=\"summary_large_image\" \/>\n\t\t<meta name=\"twitter:site\" content=\"@SoyMigrante_com\" \/>\n\t\t<meta name=\"twitter:title\" content=\"Tejido con cari\u00f1o de la abuelita: Crochet con Amor\" \/>\n\t\t<meta name=\"twitter:description\" content=\"La emprendedora Claudia Garc\u00eda aprendi\u00f3 de ni\u00f1a a tejer con su abuelita Elizabeth. Aquella habilidad es hoy el hilo de un arte a la venta en SoyMigrante MERCADO\" \/>\n\t\t<meta name=\"twitter:creator\" content=\"@SoyMigrante_com\" \/>\n\t\t<meta name=\"twitter:image\" content=\"https:\/\/soymigrante.com\/revista\/wp-content\/uploads\/2024\/10\/crochet-con-amor-2.webp\" \/>\n\t\t<!-- All in One SEO Pro -->\r\n\t\t<title>Tejido con cari\u00f1o de la abuelita: Crochet con Amor<\/title>\n\n","aioseo_head_json":{"title":"Tejido con cari\u00f1o de la abuelita: Crochet con Amor","description":"La emprendedora Claudia Garc\u00eda aprendi\u00f3 de ni\u00f1a a tejer con su abuelita Elizabeth. Aquella habilidad es hoy el hilo de un arte a la venta en SoyMigrante MERCADO","canonical_url":"https:\/\/soymigrante.com\/revista\/tejido-con-el-mismo-carino-de-la-abuelita-el-emprendimiento-crochet-con-amor\/","robots":"max-snippet:-1, max-image-preview:large, max-video-preview:-1","keywords":"","webmasterTools":{"miscellaneous":"&lt;link rel=\"preconnect\" href=\"https:\/\/fonts.googleapis.com\" crossorigin&gt;\n&lt;link rel=\"preconnect\" href=\"https:\/\/fonts.gstatic.com\" crossorigin&gt;"},"schema":null,"og:locale":"es_ES","og:site_name":"SoyMigrante.com REVISTA \u2013 Nuestra misi\u00f3n es reconocer y dignificar al migrante.","og:type":"article","og:title":"Tejido con cari\u00f1o de la abuelita: Crochet con Amor","og:description":"La emprendedora Claudia Garc\u00eda aprendi\u00f3 de ni\u00f1a a tejer con su abuelita Elizabeth. Aquella habilidad es hoy el hilo de un arte a la venta en SoyMigrante MERCADO","og:url":"https:\/\/soymigrante.com\/revista\/tejido-con-el-mismo-carino-de-la-abuelita-el-emprendimiento-crochet-con-amor\/","og:image":"https:\/\/soymigrante.com\/revista\/wp-content\/uploads\/2024\/10\/crochet-con-amor-2.webp","og:image:secure_url":"https:\/\/soymigrante.com\/revista\/wp-content\/uploads\/2024\/10\/crochet-con-amor-2.webp","og:image:width":670,"og:image:height":661,"article:published_time":"2024-10-25T18:53:11+00:00","article:modified_time":"2025-07-21T17:43:40+00:00","article:publisher":"https:\/\/www.facebook.com\/soymigrantecom","twitter:card":"summary_large_image","twitter:site":"@SoyMigrante_com","twitter:title":"Tejido con cari\u00f1o de la abuelita: Crochet con Amor","twitter:description":"La emprendedora Claudia Garc\u00eda aprendi\u00f3 de ni\u00f1a a tejer con su abuelita Elizabeth. Aquella habilidad es hoy el hilo de un arte a la venta en SoyMigrante MERCADO","twitter:creator":"@SoyMigrante_com","twitter:image":"https:\/\/soymigrante.com\/revista\/wp-content\/uploads\/2024\/10\/crochet-con-amor-2.webp"},"aioseo_meta_data":{"post_id":"16555","title":"Actitud de negocio para emprendedores: herramienta para ganar","description":"Una actitud positiva, combinada con habilidades de comunicaci\u00f3n, conocimiento del producto y un enfoque en las necesidades del cliente, es clave para el \u00e9xito.","keywords":null,"keyphrases":{"focus":{"keyphrase":"Actitud","score":91,"analysis":{"keyphraseInTitle":{"score":9,"maxScore":9,"error":0},"keyphraseInDescription":{"score":9,"maxScore":9,"error":0},"keyphraseLength":{"score":9,"maxScore":9,"error":0,"length":1},"keyphraseInURL":{"score":5,"maxScore":5,"error":0},"keyphraseInIntroduction":{"score":9,"maxScore":9,"error":0},"keyphraseInSubHeadings":{"score":3,"maxScore":9,"error":1},"keyphraseInImageAlt":{"score":9,"maxScore":9,"error":0},"keywordDensity":{"type":"best","score":9,"maxScore":9,"error":0}}},"additional":[{"keyphrase":"Actitud","score":100,"analysis":{"keyphraseInDescription":{"score":9,"maxScore":9,"error":0},"keyphraseLength":{"score":9,"maxScore":9,"error":0,"length":1},"keyphraseInIntroduction":{"score":9,"maxScore":9,"error":0},"keyphraseInImageAlt":{"score":9,"maxScore":9,"error":0},"keywordDensity":{"type":"best","score":9,"maxScore":9,"error":0}}}]},"primary_term":null,"canonical_url":null,"og_title":null,"og_description":null,"og_object_type":"default","og_image_type":"default","og_image_url":null,"og_image_width":null,"og_image_height":null,"og_image_custom_url":null,"og_image_custom_fields":null,"og_video":"","og_custom_url":null,"og_article_section":null,"og_article_tags":null,"twitter_use_og":false,"twitter_card":"default","twitter_image_type":"default","twitter_image_url":null,"twitter_image_custom_url":null,"twitter_image_custom_fields":null,"twitter_title":null,"twitter_description":null,"schema":{"blockGraphs":[],"customGraphs":[],"default":{"data":{"Article":[],"Course":[],"Dataset":[],"FAQPage":[],"Movie":[],"Person":[],"Product":[],"ProductReview":[],"Car":[],"Recipe":[],"Service":[],"SoftwareApplication":[],"WebPage":[]},"graphName":"Article","isEnabled":true},"graphs":[]},"schema_type":"default","schema_type_options":null,"pillar_content":false,"robots_default":true,"robots_noindex":false,"robots_noarchive":false,"robots_nosnippet":false,"robots_nofollow":false,"robots_noimageindex":false,"robots_noodp":false,"robots_notranslate":false,"robots_max_snippet":"-1","robots_max_videopreview":"-1","robots_max_imagepreview":"large","priority":null,"frequency":"default","local_seo":null,"seo_analyzer_scan_date":"2025-10-09 01:10:13","breadcrumb_settings":null,"limit_modified_date":false,"reviewed_by":null,"open_ai":"{\"title\":{\"suggestions\":[],\"usage\":0},\"description\":{\"suggestions\":[],\"usage\":0}}","ai":null,"created":"2024-12-14 00:51:07","updated":"2026-02-04 18:30:07"},"aioseo_breadcrumb":"<div class=\"aioseo-breadcrumbs\"><span class=\"aioseo-breadcrumb\">\n\t<a href=\"https:\/\/soymigrante.com\/revista\" title=\"Home\">Home<\/a>\n<\/span><span class=\"aioseo-breadcrumb-separator\">\u00bb<\/span><span class=\"aioseo-breadcrumb\">\n\t<a href=\"https:\/\/soymigrante.com\/revista\/category\/bienestar\/\" title=\"Bienestar\">Bienestar<\/a>\n<\/span><span class=\"aioseo-breadcrumb-separator\">\u00bb<\/span><span class=\"aioseo-breadcrumb\">\n\tPara emprendedores: \u00bfCu\u00e1l es tu actitud de negocio? Siempre se puede mejorar para vender m\u00e1s\n<\/span><\/div>","aioseo_breadcrumb_json":[{"label":"Home","link":"https:\/\/soymigrante.com\/revista"},{"label":"Bienestar","link":"https:\/\/soymigrante.com\/revista\/category\/bienestar\/"},{"label":"Para emprendedores: \u00bfCu\u00e1l es tu actitud de negocio? Siempre se puede mejorar para vender m\u00e1s","link":"https:\/\/soymigrante.com\/revista\/para-emprendedores-cual-es-tu-actitud-de-negocio-siempre-se-puede-mejorar-para-vender-mas\/"}],"_links":{"self":[{"href":"https:\/\/soymigrante.com\/revista\/wp-json\/wp\/v2\/posts\/16555","targetHints":{"allow":["GET"]}}],"collection":[{"href":"https:\/\/soymigrante.com\/revista\/wp-json\/wp\/v2\/posts"}],"about":[{"href":"https:\/\/soymigrante.com\/revista\/wp-json\/wp\/v2\/types\/post"}],"author":[{"embeddable":true,"href":"https:\/\/soymigrante.com\/revista\/wp-json\/wp\/v2\/users\/19"}],"replies":[{"embeddable":true,"href":"https:\/\/soymigrante.com\/revista\/wp-json\/wp\/v2\/comments?post=16555"}],"version-history":[{"count":0,"href":"https:\/\/soymigrante.com\/revista\/wp-json\/wp\/v2\/posts\/16555\/revisions"}],"wp:featuredmedia":[{"embeddable":true,"href":"https:\/\/soymigrante.com\/revista\/wp-json\/wp\/v2\/media\/17091"}],"wp:attachment":[{"href":"https:\/\/soymigrante.com\/revista\/wp-json\/wp\/v2\/media?parent=16555"}],"wp:term":[{"taxonomy":"category","embeddable":true,"href":"https:\/\/soymigrante.com\/revista\/wp-json\/wp\/v2\/categories?post=16555"},{"taxonomy":"post_tag","embeddable":true,"href":"https:\/\/soymigrante.com\/revista\/wp-json\/wp\/v2\/tags?post=16555"}],"curies":[{"name":"wp","href":"https:\/\/api.w.org\/{rel}","templated":true}]}}