{"id":16494,"date":"2024-12-18T06:00:00","date_gmt":"2024-12-18T12:00:00","guid":{"rendered":"https:\/\/soymigrante.com\/revista\/?p=16494"},"modified":"2025-07-26T09:20:48","modified_gmt":"2025-07-26T15:20:48","slug":"lumiz-naturals-un-emprendimiento-familiar-que-alimenta-con-amor-y-proposito","status":"publish","type":"post","link":"https:\/\/soymigrante.com\/revista\/lumiz-naturals-un-emprendimiento-familiar-que-alimenta-con-amor-y-proposito\/","title":{"rendered":"Lumiz Naturals: Emprendimiento familiar que nutre con amor, sabor y prop\u00f3sito"},"content":{"rendered":"\t\t<div data-elementor-type=\"wp-post\" data-elementor-id=\"16494\" class=\"elementor elementor-16494\" data-elementor-post-type=\"post\">\n\t\t\t\t<div data-particle_enable=\"false\" data-particle-mobile-disabled=\"false\" class=\"elementor-element elementor-element-02add08 e-flex e-con-boxed e-con e-parent\" data-id=\"02add08\" data-element_type=\"container\" data-e-type=\"container\">\n\t\t\t\t\t<div class=\"e-con-inner\">\n\t\t\t\t<div class=\"elementor-element elementor-element-8020291 elementor-widget elementor-widget-heading\" data-id=\"8020291\" data-element_type=\"widget\" data-e-type=\"widget\" data-widget_type=\"heading.default\">\n\t\t\t\t\t<h2 class=\"elementor-heading-title elementor-size-default\">El encierro de la pandemia trajo desaf\u00edos para muchas familias, pero tambi\u00e9n abri\u00f3 puertas a nuevas oportunidades. As\u00ed surgi\u00f3 Lumiz Naturals, un emprendimiento de productos naturales que combina creatividad, esfuerzo y amor a la vida.<\/h2>\t\t\t\t<\/div>\n\t\t\t\t\t<\/div>\n\t\t\t\t<\/div>\n\t\t<div data-particle_enable=\"false\" data-particle-mobile-disabled=\"false\" class=\"elementor-element elementor-element-9fdec42 e-flex e-con-boxed e-con e-parent\" data-id=\"9fdec42\" data-element_type=\"container\" data-e-type=\"container\">\n\t\t\t\t\t<div class=\"e-con-inner\">\n\t\t\t\t<div class=\"elementor-element elementor-element-ffbd58d elementor-widget elementor-widget-text-editor\" data-id=\"ffbd58d\" data-element_type=\"widget\" data-e-type=\"widget\" data-widget_type=\"text-editor.default\">\n\t\t\t\t\t\t\t\t\t<p>Lumiz Naturals comenz\u00f3 cuando Brenda Zelada y sus hijos decidieron emprender un negocio desde su casa, en Mixco, en plena pandemia. No quer\u00edan estar ociosos en el encierro, no les ca\u00eda nada mal generar recursos para el hogar y a la vez as\u00ed romp\u00edan la tensi\u00f3n y el aburrimiento.<\/p><p>&#8220;Lo que comenz\u00f3 como una idea en medio del encierro de la pandemia se convirti\u00f3 en un proyecto familiar lleno de prop\u00f3sito: Lumiz Natural, liderado por Brenda Zelada, no solo ofrece productos naturales y saludables, sino que tambi\u00e9n impulsa econom\u00edas locales y dignifica el trabajo de personas mayores, reflejando c\u00f3mo el amor y la uni\u00f3n pueden transformar desaf\u00edos en oportunidades.&#8221;<\/p><p>La tienda digital <a href=\"https:\/\/soymigrante.com\/mercado\/marketplace\/Lumiz-Naturals\">Lumiz Naturals ya est\u00e1 abierta en SoyMigrante.com MERCADO<\/a>, la comunidad en l\u00ednea creada para que emprendedores y compradores guatemaltecos se encuentren. Un espacio de expansi\u00f3n para peque\u00f1os negocios y creadores de productos elaborados a mano, detr\u00e1s de los cuales siempre hay una historia. Y esta es la historia de como naci\u00f3 este emprendimiento de Brenda Zelada junto a sus dos hijos.<\/p>\t\t\t\t\t\t\t\t<\/div>\n\t\t\t\t\t<\/div>\n\t\t\t\t<\/div>\n\t\t<div data-particle_enable=\"false\" data-particle-mobile-disabled=\"false\" class=\"elementor-element elementor-element-a26ed31 e-flex e-con-boxed e-con e-parent\" data-id=\"a26ed31\" data-element_type=\"container\" data-e-type=\"container\">\n\t\t\t\t\t<div class=\"e-con-inner\">\n\t\t\t\t<div class=\"elementor-element elementor-element-36350e6 elementor-widget elementor-widget-image\" data-id=\"36350e6\" data-element_type=\"widget\" data-e-type=\"widget\" data-widget_type=\"image.default\">\n\t\t\t\t\t\t\t\t\t\t\t\t\t\t\t\t<a href=\"https:\/\/soymigrante.com\/mercado\/marketplace\/Lumiz-Naturals\">\n\t\t\t\t\t\t\t<img fetchpriority=\"high\" decoding=\"async\" width=\"768\" height=\"365\" src=\"https:\/\/soymigrante.com\/revista\/wp-content\/uploads\/2024\/12\/lumiz-naturals-mercado-1024x486.jpg\" class=\"attachment-large size-large wp-image-16517\" alt=\"Nuez, almendra y pistacho naturales para alimentaci\u00f3n saludable y cocina, disponibles en Soy Migrante. Compra ahora frutos secos de alta calidad en Guatemala, env\u00edos a todo el pa\u00eds.\" srcset=\"https:\/\/soymigrante.com\/revista\/wp-content\/uploads\/2024\/12\/lumiz-naturals-mercado-1024x486.jpg 1024w, https:\/\/soymigrante.com\/revista\/wp-content\/uploads\/2024\/12\/lumiz-naturals-mercado-300x142.jpg 300w, https:\/\/soymigrante.com\/revista\/wp-content\/uploads\/2024\/12\/lumiz-naturals-mercado-768x364.jpg 768w, https:\/\/soymigrante.com\/revista\/wp-content\/uploads\/2024\/12\/lumiz-naturals-mercado-750x356.webp 750w, https:\/\/soymigrante.com\/revista\/wp-content\/uploads\/2024\/12\/lumiz-naturals-mercado-1140x541.webp 1140w, https:\/\/soymigrante.com\/revista\/wp-content\/uploads\/2024\/12\/lumiz-naturals-mercado.webp 1305w\" sizes=\"(max-width: 768px) 100vw, 768px\" title=\"Lumiz Naturals \u2013 SoyMigrante.com REVISTA\" \/>\t\t\t\t\t\t\t\t<\/a>\n\t\t\t\t\t\t\t\t\t\t\t\t\t\t\t<\/div>\n\t\t\t\t\t<\/div>\n\t\t\t\t<\/div>\n\t\t<div data-particle_enable=\"false\" data-particle-mobile-disabled=\"false\" class=\"elementor-element elementor-element-a3df6a0 e-flex e-con-boxed e-con e-parent\" data-id=\"a3df6a0\" data-element_type=\"container\" data-e-type=\"container\">\n\t\t\t\t\t<div class=\"e-con-inner\">\n\t\t\t\t<div class=\"elementor-element elementor-element-e8f47a2 elementor-widget elementor-widget-heading\" data-id=\"e8f47a2\" data-element_type=\"widget\" data-e-type=\"widget\" data-widget_type=\"heading.default\">\n\t\t\t\t\t<h3 class=\"elementor-heading-title elementor-size-default\">Un viaje de aprendizaje y crecimiento\n<\/h3>\t\t\t\t<\/div>\n\t\t\t\t\t<\/div>\n\t\t\t\t<\/div>\n\t\t<div data-particle_enable=\"false\" data-particle-mobile-disabled=\"false\" class=\"elementor-element elementor-element-d950c71 e-flex e-con-boxed e-con e-parent\" data-id=\"d950c71\" data-element_type=\"container\" data-e-type=\"container\">\n\t\t\t\t\t<div class=\"e-con-inner\">\n\t\t\t\t<div class=\"elementor-element elementor-element-8d2d190 elementor-widget elementor-widget-text-editor\" data-id=\"8d2d190\" data-element_type=\"widget\" data-e-type=\"widget\" data-widget_type=\"text-editor.default\">\n\t\t\t\t\t\t\t\t\t<p>\u201cLa idea naci\u00f3 de mis hijos, especialmente de mi hijo mayor, quien estudiaba medicina. Durante la pandemia me dijo que estaba aburrido y que deber\u00edamos vender algo. As\u00ed fue como surgi\u00f3 la idea de hacer mantequillas de man\u00ed\u201d, relata Brenda.<\/p><p>Con entusiasmo, la familia empez\u00f3 a investigar sobre alimentos saludables, especialmente para personas con diabetes. Mientras Brenda tomaba cursos para perfeccionar las t\u00e9cnicas, su hijo estudiaba los beneficios de los ingredientes. Con el tiempo, el negocio fue diversific\u00e1ndose: primero llegaron las semillas, luego las mantequillas, y m\u00e1s tarde la harina de soya,\u00a0<a style=\"text-align: var(--text-align);\" href=\"https:\/\/soymigrante.com\/revista\/un-gran-sueno-en-coban-lleno-de-imaginacion-munecas-y-amor-por-la-cultura-maya-qeqchi\/\" target=\"_blank\" rel=\"noopener\" data-wplink-edit=\"true\">un producto que ha ganado popularidad.<\/a><\/p><p>El nombre Lumiz Naturals es un tributo a la familia: una combinaci\u00f3n de la primera s\u00edlaba de los nombres de los hijos, LUis y MIguel, junto con la inicial de su apellido, Zelada.<\/p>\t\t\t\t\t\t\t\t<\/div>\n\t\t\t\t\t<\/div>\n\t\t\t\t<\/div>\n\t\t<div data-particle_enable=\"false\" data-particle-mobile-disabled=\"false\" class=\"elementor-element elementor-element-739899a e-flex e-con-boxed e-con e-parent\" data-id=\"739899a\" data-element_type=\"container\" data-e-type=\"container\">\n\t\t\t\t\t<div class=\"e-con-inner\">\n\t\t\t\t<div class=\"elementor-element elementor-element-dbece3b elementor-invisible elementor-widget elementor-widget-facebook-embed\" data-id=\"dbece3b\" data-element_type=\"widget\" data-e-type=\"widget\" data-settings=\"{&quot;_animation&quot;:&quot;zoomInDown&quot;}\" data-widget_type=\"facebook-embed.default\">\n\t\t\t\t\t<div style=\"min-height: 1px\" class=\"elementor-facebook-widget fb-video\" data-href=\"https:\/\/www.facebook.com\/lumiznaturalsgt\/videos\/322373549716005\" data-show-text=\"false\" data-allowfullscreen=\"false\" data-autoplay=\"false\" data-show-captions=\"false\"><\/div>\t\t\t\t<\/div>\n\t\t\t\t\t<\/div>\n\t\t\t\t<\/div>\n\t\t<div data-particle_enable=\"false\" data-particle-mobile-disabled=\"false\" class=\"elementor-element elementor-element-8577560 e-flex e-con-boxed e-con e-parent\" data-id=\"8577560\" data-element_type=\"container\" data-e-type=\"container\">\n\t\t\t\t\t<div class=\"e-con-inner\">\n\t\t\t\t<div class=\"elementor-element elementor-element-cc09180 elementor-widget elementor-widget-heading\" data-id=\"cc09180\" data-element_type=\"widget\" data-e-type=\"widget\" data-widget_type=\"heading.default\">\n\t\t\t\t\t<h3 class=\"elementor-heading-title elementor-size-default\">Promoviendo econom\u00edas locales y la dignificaci\u00f3n<\/h3>\t\t\t\t<\/div>\n\t\t\t\t\t<\/div>\n\t\t\t\t<\/div>\n\t\t<div data-particle_enable=\"false\" data-particle-mobile-disabled=\"false\" class=\"elementor-element elementor-element-dcef361 e-flex e-con-boxed e-con e-parent\" data-id=\"dcef361\" data-element_type=\"container\" data-e-type=\"container\">\n\t\t\t\t\t<div class=\"e-con-inner\">\n\t\t\t\t<div class=\"elementor-element elementor-element-0e1e1bc elementor-widget elementor-widget-text-editor\" data-id=\"0e1e1bc\" data-element_type=\"widget\" data-e-type=\"widget\" data-widget_type=\"text-editor.default\">\n\t\t\t\t\t\t\t\t\t<p>M\u00e1s all\u00e1 de elaborar productos naturales y saludables, Lumiz Naturals tiene un prop\u00f3sito claro: apoyar a las peque\u00f1as econom\u00edas guatemaltecas. Por ejemplo, la man\u00eda proviene de\u00a0<a href=\"https:\/\/soymigrante.com\/revista\/el-pueblo-chorti-es-el-corazon-maya-del-oriente-guatemalteco\/\" target=\"_blank\" rel=\"noopener\">Chiquimula,<\/a>\u00a0el chocolate amargo de Suchitep\u00e9quez<a href=\"https:\/\/soymigrante.com\/revista\/torrons-cafe-y-chocolate-sabores-unicos-de-un-sueno-emprendedor\/\"> y el caf\u00e9 de Santa Rosa.<\/a> \u201cQueremos promover los productos locales y activar el mercado en distintas regiones del pa\u00eds\u201d, explica Brenda.<\/p><p>El proceso detr\u00e1s de cada producto refleja un trabajo en equipo que trasciende generaciones. La madre de Brenda aporta el molino y su abuela, de 82 a\u00f1os, participa en la producci\u00f3n a granel. Adem\u00e1s, el emprendimiento da empleo a dos personas mayores, contribuyendo a dignificar su trabajo.<\/p><p>\u201cM\u00e1s que un negocio, esto es una forma de ayudar y dar valor a quienes a\u00fan tienen tanto que ofrecer, aunque sean mayores\u201d, comenta Brenda con orgullo.<\/p>\t\t\t\t\t\t\t\t<\/div>\n\t\t\t\t\t<\/div>\n\t\t\t\t<\/div>\n\t\t<div data-particle_enable=\"false\" data-particle-mobile-disabled=\"false\" class=\"elementor-element elementor-element-80d3f4c e-flex e-con-boxed e-con e-parent\" data-id=\"80d3f4c\" data-element_type=\"container\" data-e-type=\"container\">\n\t\t\t\t\t<div class=\"e-con-inner\">\n\t\t\t\t<div class=\"elementor-element elementor-element-fdb34ca elementor-arrows-position-inside elementor-pagination-position-outside elementor-widget elementor-widget-image-carousel\" data-id=\"fdb34ca\" data-element_type=\"widget\" data-e-type=\"widget\" data-settings=\"{&quot;slides_to_show&quot;:&quot;1&quot;,&quot;navigation&quot;:&quot;both&quot;,&quot;autoplay&quot;:&quot;yes&quot;,&quot;pause_on_hover&quot;:&quot;yes&quot;,&quot;pause_on_interaction&quot;:&quot;yes&quot;,&quot;autoplay_speed&quot;:5000,&quot;infinite&quot;:&quot;yes&quot;,&quot;effect&quot;:&quot;slide&quot;,&quot;speed&quot;:500}\" data-widget_type=\"image-carousel.default\">\n\t\t\t\t\t\t\t<div class=\"elementor-image-carousel-wrapper swiper\" role=\"region\" aria-roledescription=\"carousel\" aria-label=\"Carrusel de im\u00e1genes\" dir=\"ltr\">\n\t\t\t<div class=\"elementor-image-carousel swiper-wrapper\" aria-live=\"off\">\n\t\t\t\t\t\t\t\t<div class=\"swiper-slide\" role=\"group\" aria-roledescription=\"slide\" aria-label=\"1 de 6\"><a data-elementor-open-lightbox=\"yes\" data-elementor-lightbox-slideshow=\"fdb34ca\" data-elementor-lightbox-title=\"lumiz naturals 8\" data-elementor-lightbox-description=\"Descripci\u00f3n de envases reciclados llenos de nueces, enfocados en sostenibilidad, reutilizaci\u00f3n y consumo ecol\u00f3gico, promoviendo pr\u00e1cticas responsables y conciencia ambiental.\" data-e-action-hash=\"#elementor-action%3Aaction%3Dlightbox%26settings%3DeyJpZCI6IjE2NTIxIiwidXJsIjoiaHR0cHM6XC9cL3NveW1pZ3JhbnRlLmNvbVwvcmV2aXN0YVwvd3AtY29udGVudFwvdXBsb2Fkc1wvMjAyNFwvMTJcL2x1bWl6LW5hdHVyYWxzLTgud2VicCIsInNsaWRlc2hvdyI6ImZkYjM0Y2EifQ%3D%3D\" href=\"https:\/\/soymigrante.com\/mercado\/marketplace\/Lumiz-Naturals\"><figure class=\"swiper-slide-inner\"><img decoding=\"async\" class=\"swiper-slide-image\" src=\"https:\/\/soymigrante.com\/revista\/wp-content\/uploads\/2024\/12\/lumiz-naturals-8-1024x849.jpg\" alt=\"Jarros con mezcla de nueces para reciclaje y reutilizaci\u00f3n en proyectos sostenibles.\" \/><\/figure><\/a><\/div><div class=\"swiper-slide\" role=\"group\" aria-roledescription=\"slide\" aria-label=\"2 de 6\"><a data-elementor-open-lightbox=\"yes\" data-elementor-lightbox-slideshow=\"fdb34ca\" data-elementor-lightbox-title=\"lumiz naturals 3\" data-elementor-lightbox-description=\"Descripci\u00f3n de la imagen: Presentaci\u00f3n de frutos secos empaquetados en frascos de vidrio en una bandeja de madera, rodeados de pi\u00f1as naturales, rodajas de lim\u00f3n y hojas verdes, destacando productos ideales para recetas tradicionales y snacks saludables en la cultura migrante.\" data-e-action-hash=\"#elementor-action%3Aaction%3Dlightbox%26settings%3DeyJpZCI6IjE2NTI2IiwidXJsIjoiaHR0cHM6XC9cL3NveW1pZ3JhbnRlLmNvbVwvcmV2aXN0YVwvd3AtY29udGVudFwvdXBsb2Fkc1wvMjAyNFwvMTJcL2x1bWl6LW5hdHVyYWxzLTMud2VicCIsInNsaWRlc2hvdyI6ImZkYjM0Y2EifQ%3D%3D\" href=\"https:\/\/soymigrante.com\/mercado\/marketplace\/Lumiz-Naturals\"><figure class=\"swiper-slide-inner\"><img decoding=\"async\" class=\"swiper-slide-image\" src=\"https:\/\/soymigrante.com\/revista\/wp-content\/uploads\/2024\/12\/lumiz-naturals-3-768x1024.jpg\" alt=\"Alto texto: Bandeja con frutos secos variados en frascos de vidrio decorados con pi\u00f1as y hojas verdes, ideal para recetas tradicionales y snacks saludables.\" \/><\/figure><\/a><\/div><div class=\"swiper-slide\" role=\"group\" aria-roledescription=\"slide\" aria-label=\"3 de 6\"><a data-elementor-open-lightbox=\"yes\" data-elementor-lightbox-slideshow=\"fdb34ca\" data-elementor-lightbox-title=\"lumiz naturals 5\" data-elementor-lightbox-description=\"#image_title #separator_sa #blog_title\" data-e-action-hash=\"#elementor-action%3Aaction%3Dlightbox%26settings%3DeyJpZCI6IjE2NTI0IiwidXJsIjoiaHR0cHM6XC9cL3NveW1pZ3JhbnRlLmNvbVwvcmV2aXN0YVwvd3AtY29udGVudFwvdXBsb2Fkc1wvMjAyNFwvMTJcL2x1bWl6LW5hdHVyYWxzLTUud2VicCIsInNsaWRlc2hvdyI6ImZkYjM0Y2EifQ%3D%3D\" href=\"https:\/\/soymigrante.com\/mercado\/marketplace\/Lumiz-Naturals\"><figure class=\"swiper-slide-inner\"><img decoding=\"async\" class=\"swiper-slide-image\" src=\"https:\/\/soymigrante.com\/revista\/wp-content\/uploads\/2024\/12\/lumiz-naturals-5-768x1024.jpg\" alt=\"Jalea de nueces en frascos de vidrio con empaques blancos minimalistas, productos artesanales para migrantes, presente en Revista SoyMigrante.com, enfocado en cultura, identidad y emprendimiento migrante.\" \/><\/figure><\/a><\/div><div class=\"swiper-slide\" role=\"group\" aria-roledescription=\"slide\" aria-label=\"4 de 6\"><a data-elementor-open-lightbox=\"yes\" data-elementor-lightbox-slideshow=\"fdb34ca\" data-elementor-lightbox-title=\"lumiz naturals 4\" data-elementor-lightbox-description=\"Imagen de nueces, almendras, avellanas y semillas variadas que promueven una alimentaci\u00f3n nutritiva y saludable, perfectas para acompa\u00f1ar tus actividades diarias y mantener un estilo de vida saludable.\" data-e-action-hash=\"#elementor-action%3Aaction%3Dlightbox%26settings%3DeyJpZCI6IjE2NTI1IiwidXJsIjoiaHR0cHM6XC9cL3NveW1pZ3JhbnRlLmNvbVwvcmV2aXN0YVwvd3AtY29udGVudFwvdXBsb2Fkc1wvMjAyNFwvMTJcL2x1bWl6LW5hdHVyYWxzLTQud2VicCIsInNsaWRlc2hvdyI6ImZkYjM0Y2EifQ%3D%3D\" href=\"https:\/\/soymigrante.com\/mercado\/marketplace\/Lumiz-Naturals\"><figure class=\"swiper-slide-inner\"><img decoding=\"async\" class=\"swiper-slide-image\" src=\"https:\/\/soymigrante.com\/revista\/wp-content\/uploads\/2024\/12\/lumiz-naturals-4-1024x1024.jpg\" alt=\"Nueces y semillas mixtas para incorporar en una dieta saludable y equilibrada.\" \/><\/figure><\/a><\/div><div class=\"swiper-slide\" role=\"group\" aria-roledescription=\"slide\" aria-label=\"5 de 6\"><a data-elementor-open-lightbox=\"yes\" data-elementor-lightbox-slideshow=\"fdb34ca\" data-elementor-lightbox-title=\"lumiz naturals 7\" data-elementor-lightbox-description=\"Imagen que muestra cacao en polvo 100% natural, destacando sus beneficios como sin gluten, sin az\u00facar, antioxidantes, y su contribuci\u00f3n a elevar el \u00e1nimo y regular el colesterol para un estilo de vida saludable.\" data-e-action-hash=\"#elementor-action%3Aaction%3Dlightbox%26settings%3DeyJpZCI6IjE2NTIyIiwidXJsIjoiaHR0cHM6XC9cL3NveW1pZ3JhbnRlLmNvbVwvcmV2aXN0YVwvd3AtY29udGVudFwvdXBsb2Fkc1wvMjAyNFwvMTJcL2x1bWl6LW5hdHVyYWxzLTcud2VicCIsInNsaWRlc2hvdyI6ImZkYjM0Y2EifQ%3D%3D\" href=\"https:\/\/soymigrante.com\/mercado\/marketplace\/Lumiz-Naturals\"><figure class=\"swiper-slide-inner\"><img decoding=\"async\" class=\"swiper-slide-image\" src=\"https:\/\/soymigrante.com\/revista\/wp-content\/uploads\/2024\/12\/lumiz-naturals-7-1024x1024.jpg\" alt=\"Polvo de cacao 100% sin gluten y sin az\u00facar, alto en antioxidantes, regula el colesterol, eleva el \u00e1nimo y es 100% en polvo para una vida saludable y balanceada.\" \/><\/figure><\/a><\/div><div class=\"swiper-slide\" role=\"group\" aria-roledescription=\"slide\" aria-label=\"6 de 6\"><a data-elementor-open-lightbox=\"yes\" data-elementor-lightbox-slideshow=\"fdb34ca\" data-elementor-lightbox-title=\"lumiz naturals 6\" data-elementor-lightbox-description=\"Dulces ingredientes en recetas de chocolate semi amargo, en un ambiente de cocina casera o profesional.\" data-e-action-hash=\"#elementor-action%3Aaction%3Dlightbox%26settings%3DeyJpZCI6IjE2NTIzIiwidXJsIjoiaHR0cHM6XC9cL3NveW1pZ3JhbnRlLmNvbVwvcmV2aXN0YVwvd3AtY29udGVudFwvdXBsb2Fkc1wvMjAyNFwvMTJcL2x1bWl6LW5hdHVyYWxzLTYud2VicCIsInNsaWRlc2hvdyI6ImZkYjM0Y2EifQ%3D%3D\" href=\"https:\/\/soymigrante.com\/mercado\/marketplace\/Lumiz-Naturals\"><figure class=\"swiper-slide-inner\"><img decoding=\"async\" class=\"swiper-slide-image\" src=\"https:\/\/soymigrante.com\/revista\/wp-content\/uploads\/2024\/12\/lumiz-naturals-6-1024x1024.jpg\" alt=\"Chispas de chocolate semi amargo en una bandeja de madera, ideal para recetas de reposter\u00eda y postres, resaltando ingredientes tradicionales en la gastronom\u00eda mexicana y migrajante.\" \/><\/figure><\/a><\/div>\t\t\t<\/div>\n\t\t\t\t\t\t\t\t\t\t\t\t<div class=\"elementor-swiper-button elementor-swiper-button-prev\" role=\"button\" tabindex=\"0\">\n\t\t\t\t\t\t<i aria-hidden=\"true\" class=\"eicon-chevron-left\"><\/i>\t\t\t\t\t<\/div>\n\t\t\t\t\t<div class=\"elementor-swiper-button elementor-swiper-button-next\" role=\"button\" tabindex=\"0\">\n\t\t\t\t\t\t<i aria-hidden=\"true\" class=\"eicon-chevron-right\"><\/i>\t\t\t\t\t<\/div>\n\t\t\t\t\n\t\t\t\t\t\t\t\t\t<div class=\"swiper-pagination\"><\/div>\n\t\t\t\t\t\t\t\t\t<\/div>\n\t\t\t\t\t\t<\/div>\n\t\t\t\t\t<\/div>\n\t\t\t\t<\/div>\n\t\t<div data-particle_enable=\"false\" data-particle-mobile-disabled=\"false\" class=\"elementor-element elementor-element-50d8da7 e-flex e-con-boxed e-con e-parent\" data-id=\"50d8da7\" data-element_type=\"container\" data-e-type=\"container\">\n\t\t\t\t\t<div class=\"e-con-inner\">\n\t\t\t\t<div class=\"elementor-element elementor-element-471407e elementor-align-center elementor-widget elementor-widget-button\" data-id=\"471407e\" data-element_type=\"widget\" data-e-type=\"widget\" data-widget_type=\"button.default\">\n\t\t\t\t\t\t\t\t\t\t<a class=\"elementor-button elementor-button-link elementor-size-sm\" href=\"https:\/\/soymigrante.com\/mercado\/marketplace\/Lumiz-Naturals\/\">\n\t\t\t\t\t\t<span class=\"elementor-button-content-wrapper\">\n\t\t\t\t\t\t\t\t\t<span class=\"elementor-button-text\">Apoya este emprendimiento de alimentos saludables. AQU\u00cd<\/span>\n\t\t\t\t\t<\/span>\n\t\t\t\t\t<\/a>\n\t\t\t\t\t\t\t\t<\/div>\n\t\t\t\t\t<\/div>\n\t\t\t\t<\/div>\n\t\t<div data-particle_enable=\"false\" data-particle-mobile-disabled=\"false\" class=\"elementor-element elementor-element-5651a2f e-flex e-con-boxed e-con e-parent\" data-id=\"5651a2f\" data-element_type=\"container\" data-e-type=\"container\">\n\t\t\t\t\t<div class=\"e-con-inner\">\n\t\t\t\t<div class=\"elementor-element elementor-element-f0d04a3 elementor-widget elementor-widget-heading\" data-id=\"f0d04a3\" data-element_type=\"widget\" data-e-type=\"widget\" data-widget_type=\"heading.default\">\n\t\t\t\t\t<h3 class=\"elementor-heading-title elementor-size-default\">El reto de la producci\u00f3n artesanal\n<\/h3>\t\t\t\t<\/div>\n\t\t\t\t\t<\/div>\n\t\t\t\t<\/div>\n\t\t<div data-particle_enable=\"false\" data-particle-mobile-disabled=\"false\" class=\"elementor-element elementor-element-0998378 e-flex e-con-boxed e-con e-parent\" data-id=\"0998378\" data-element_type=\"container\" data-e-type=\"container\">\n\t\t\t\t\t<div class=\"e-con-inner\">\n\t\t\t\t<div class=\"elementor-element elementor-element-949d417 elementor-widget elementor-widget-text-editor\" data-id=\"949d417\" data-element_type=\"widget\" data-e-type=\"widget\" data-widget_type=\"text-editor.default\">\n\t\t\t\t\t\t\t\t\t<p>La elaboraci\u00f3n de harina de soya, uno de los productos estrella de Lumiz Naturals, es un proceso artesanal que puede llevar de una a dos semanas, dependiendo del clima. Desde la limpieza del grano hasta el empaquetado, cada etapa es cuidada con esmero para garantizar un producto 100 % natural y saludable.<\/p><p>\u201cTodo lo hacemos con amor, porque creemos que la calidad y el cari\u00f1o se reflejan en cada bocado\u201d, asegura Brenda.<\/p><p>A lo largo de cuatro a\u00f1os, Brenda y su familia han enfrentado altos y bajos, pero su esp\u00edritu emprendedor sigue siendo inquebrantable. \u201cA veces queremos tirar la toalla, pero nos pasa como a los pollitos que aprenden a caminar poco a poco. Cada desvelo y esfuerzo ha valido la pena\u201d, dice Brenda.<\/p><p>Hoy, Lumiz Natural no solo alimenta cuerpos, sino tambi\u00e9n corazones, demostrando que con pasi\u00f3n y dedicaci\u00f3n, cualquier sue\u00f1o puede hacerse realidad.<\/p>\t\t\t\t\t\t\t\t<\/div>\n\t\t\t\t\t<\/div>\n\t\t\t\t<\/div>\n\t\t<div data-particle_enable=\"false\" data-particle-mobile-disabled=\"false\" class=\"elementor-element elementor-element-4af52a8 e-flex e-con-boxed e-con e-parent\" data-id=\"4af52a8\" data-element_type=\"container\" data-e-type=\"container\">\n\t\t\t\t\t<div class=\"e-con-inner\">\n\t\t\t\t<div class=\"elementor-element elementor-element-5bdaba7 elementor-invisible elementor-widget elementor-widget-facebook-embed\" data-id=\"5bdaba7\" data-element_type=\"widget\" data-e-type=\"widget\" data-settings=\"{&quot;_animation&quot;:&quot;zoomInDown&quot;}\" data-widget_type=\"facebook-embed.default\">\n\t\t\t\t\t<div style=\"min-height: 1px\" class=\"elementor-facebook-widget fb-video\" data-href=\"https:\/\/www.facebook.com\/lumiznaturalsgt\/videos\/363421555522389\" data-show-text=\"false\" data-allowfullscreen=\"false\" data-autoplay=\"false\" data-show-captions=\"false\"><\/div>\t\t\t\t<\/div>\n\t\t\t\t\t<\/div>\n\t\t\t\t<\/div>\n\t\t<div data-particle_enable=\"false\" data-particle-mobile-disabled=\"false\" class=\"elementor-element elementor-element-8c9366e e-flex e-con-boxed e-con e-parent\" data-id=\"8c9366e\" data-element_type=\"container\" data-e-type=\"container\">\n\t\t\t\t\t<div class=\"e-con-inner\">\n\t\t\t\t<div class=\"elementor-element elementor-element-5074ed9 elementor-widget elementor-widget-heading\" data-id=\"5074ed9\" data-element_type=\"widget\" data-e-type=\"widget\" data-widget_type=\"heading.default\">\n\t\t\t\t\t<h2 class=\"elementor-heading-title elementor-size-default\">Algunos consejos para emprender<\/h2>\t\t\t\t<\/div>\n\t\t\t\t\t<\/div>\n\t\t\t\t<\/div>\n\t\t<div data-particle_enable=\"false\" data-particle-mobile-disabled=\"false\" class=\"elementor-element elementor-element-3ccec02 e-flex e-con-boxed e-con e-parent\" data-id=\"3ccec02\" data-element_type=\"container\" data-e-type=\"container\">\n\t\t\t\t\t<div class=\"e-con-inner\">\n\t\t\t\t<div class=\"elementor-element elementor-element-cc4a108 elementor-grid-eael-col-3 elementor-grid-tablet-eael-col-2 elementor-grid-mobile-eael-col-1 elementor-widget elementor-widget-eael-post-grid\" data-id=\"cc4a108\" data-element_type=\"widget\" data-e-type=\"widget\" data-settings=\"{&quot;eael_post_grid_columns&quot;:&quot;eael-col-3&quot;,&quot;eael_post_grid_columns_tablet&quot;:&quot;eael-col-2&quot;,&quot;eael_post_grid_columns_mobile&quot;:&quot;eael-col-1&quot;}\" data-widget_type=\"eael-post-grid.default\">\n\t\t\t\t\t<div id=\"eael-post-grid-cc4a108\" class=\"eael-post-grid-container\">\n            <div class=\"eael-post-grid eael-post-appender eael-post-appender-cc4a108 eael-post-grid-style-one\" data-layout-mode=\"masonry\"><article class=\"eael-grid-post  eael-post-grid-column eael-pg-post-9982 category-bienestar\" data-id=\"9982\">\n        <div class=\"eael-grid-post-holder\">\n            <div class=\"eael-grid-post-holder-inner\"><div class=\"eael-entry-media\"><div class=\"eael-entry-overlay fade-in\"><i class=\"far fa-hand-pointer\" aria-hidden=\"true\"><\/i><a href=\"https:\/\/soymigrante.com\/revista\/considerando-una-tienda-digital-evalua-ventajas-y-desafios-versus-una-venta-fisica\/\"><\/a><\/div><div class=\"eael-entry-thumbnail \">\n                <img decoding=\"async\" width=\"872\" height=\"872\" src=\"https:\/\/soymigrante.com\/revista\/wp-content\/uploads\/2024\/10\/Captura-de-pantalla-2024-10-03-194249.webp\" class=\"attachment-large size-large wp-image-10006\" alt=\"Compra en l\u00ednea con la revista SoyMigrante.com REVISTA, caracter\u00edsticas y tendencias del comercio digital para migrantes y comunidad hispana.\" srcset=\"https:\/\/soymigrante.com\/revista\/wp-content\/uploads\/2024\/10\/Captura-de-pantalla-2024-10-03-194249.webp 872w, https:\/\/soymigrante.com\/revista\/wp-content\/uploads\/2024\/10\/Captura-de-pantalla-2024-10-03-194249-300x300.webp 300w, https:\/\/soymigrante.com\/revista\/wp-content\/uploads\/2024\/10\/Captura-de-pantalla-2024-10-03-194249-150x150.webp 150w, https:\/\/soymigrante.com\/revista\/wp-content\/uploads\/2024\/10\/Captura-de-pantalla-2024-10-03-194249-768x768.webp 768w, https:\/\/soymigrante.com\/revista\/wp-content\/uploads\/2024\/10\/Captura-de-pantalla-2024-10-03-194249-75x75.webp 75w, https:\/\/soymigrante.com\/revista\/wp-content\/uploads\/2024\/10\/Captura-de-pantalla-2024-10-03-194249-750x750.webp 750w\" sizes=\"(max-width: 872px) 100vw, 872px\" \/>\n            <\/div>\n        <\/div><div class=\"eael-entry-wrapper\"><header class=\"eael-entry-header\"><h2 class=\"eael-entry-title\"><a class=\"eael-grid-post-link\" href=\"https:\/\/soymigrante.com\/revista\/considerando-una-tienda-digital-evalua-ventajas-y-desafios-versus-una-venta-fisica\/\" title=\"\u00bfConsiderando una tienda digital? Eval\u00faa ventajas y desaf\u00edos versus una venta f\u00edsica\">\u00bfConsiderando una tienda digital? Eval\u00faa ventajas y desaf\u00edos versus una venta f\u00edsica<\/a><\/h2><\/header><div class=\"eael-entry-content\">\n                        <div class=\"eael-grid-post-excerpt\"><a href=\"https:\/\/soymigrante.com\/revista\/considerando-una-tienda-digital-evalua-ventajas-y-desafios-versus-una-venta-fisica\/\" class=\"eael-post-elements-readmore-btn\">CONOCE SU HISTORIA <\/a><\/div>\n                    <\/div><\/div><\/div>\n        <\/div>\n    <\/article><article class=\"eael-grid-post  eael-post-grid-column eael-pg-post-9718 category-bienestar\" data-id=\"9718\">\n        <div class=\"eael-grid-post-holder\">\n            <div class=\"eael-grid-post-holder-inner\"><div class=\"eael-entry-media\"><div class=\"eael-entry-overlay fade-in\"><i class=\"far fa-hand-pointer\" aria-hidden=\"true\"><\/i><a href=\"https:\/\/soymigrante.com\/revista\/como-hacer-un-presupuesto-para-alcanzar-metas-y-evitar-claveles\/\"><\/a><\/div><div class=\"eael-entry-thumbnail \">\n                <img decoding=\"async\" width=\"828\" height=\"828\" src=\"https:\/\/soymigrante.com\/revista\/wp-content\/uploads\/2024\/09\/presupuesto-en-el-hogar.webp\" class=\"attachment-large size-large wp-image-9725\" alt=\"Foto de un joven digital sentado con pierna doblada, usando un smartphone, rodeado de gr\u00e1ficos digitales, un gato rosa y una taza de caf\u00e9, representando contenido digital y tecnolog\u00eda.\" srcset=\"https:\/\/soymigrante.com\/revista\/wp-content\/uploads\/2024\/09\/presupuesto-en-el-hogar.webp 828w, https:\/\/soymigrante.com\/revista\/wp-content\/uploads\/2024\/09\/presupuesto-en-el-hogar-300x300.webp 300w, https:\/\/soymigrante.com\/revista\/wp-content\/uploads\/2024\/09\/presupuesto-en-el-hogar-150x150.webp 150w, https:\/\/soymigrante.com\/revista\/wp-content\/uploads\/2024\/09\/presupuesto-en-el-hogar-768x768.webp 768w, https:\/\/soymigrante.com\/revista\/wp-content\/uploads\/2024\/09\/presupuesto-en-el-hogar-75x75.webp 75w, https:\/\/soymigrante.com\/revista\/wp-content\/uploads\/2024\/09\/presupuesto-en-el-hogar-750x750.webp 750w\" sizes=\"(max-width: 828px) 100vw, 828px\" \/>\n            <\/div>\n        <\/div><div class=\"eael-entry-wrapper\"><header class=\"eael-entry-header\"><h2 class=\"eael-entry-title\"><a class=\"eael-grid-post-link\" href=\"https:\/\/soymigrante.com\/revista\/como-hacer-un-presupuesto-para-alcanzar-metas-y-evitar-claveles\/\" title=\"C\u00f3mo hacer un presupuesto para alcanzar sue\u00f1os y evitar deudas\">C\u00f3mo hacer un presupuesto para alcanzar sue\u00f1os y evitar deudas<\/a><\/h2><\/header><div class=\"eael-entry-content\">\n                        <div class=\"eael-grid-post-excerpt\"><a href=\"https:\/\/soymigrante.com\/revista\/como-hacer-un-presupuesto-para-alcanzar-metas-y-evitar-claveles\/\" class=\"eael-post-elements-readmore-btn\">CONOCE SU HISTORIA <\/a><\/div>\n                    <\/div><\/div><\/div>\n        <\/div>\n    <\/article><article class=\"eael-grid-post  eael-post-grid-column eael-pg-post-2511 category-exitos\" data-id=\"2511\">\n        <div class=\"eael-grid-post-holder\">\n            <div class=\"eael-grid-post-holder-inner\"><div class=\"eael-entry-media\"><div class=\"eael-entry-overlay fade-in\"><i class=\"far fa-hand-pointer\" aria-hidden=\"true\"><\/i><a href=\"https:\/\/soymigrante.com\/revista\/migrante-guatemalteca-cory-tzul-emprendio-su-negocio-en-alabama-y-crea-empleo-en-toto\/\"><\/a><\/div><div class=\"eael-entry-thumbnail \">\n                <img loading=\"lazy\" decoding=\"async\" width=\"508\" height=\"416\" src=\"https:\/\/soymigrante.com\/revista\/wp-content\/uploads\/2023\/09\/Captura-de-pantalla-2023-09-09-131440.webp\" class=\"attachment-large size-large wp-image-2531\" alt=\"\" srcset=\"https:\/\/soymigrante.com\/revista\/wp-content\/uploads\/2023\/09\/Captura-de-pantalla-2023-09-09-131440.webp 508w, https:\/\/soymigrante.com\/revista\/wp-content\/uploads\/2023\/09\/Captura-de-pantalla-2023-09-09-131440-300x246.webp 300w\" sizes=\"(max-width: 508px) 100vw, 508px\" \/>\n            <\/div>\n        <\/div><div class=\"eael-entry-wrapper\"><header class=\"eael-entry-header\"><h2 class=\"eael-entry-title\"><a class=\"eael-grid-post-link\" href=\"https:\/\/soymigrante.com\/revista\/migrante-guatemalteca-cory-tzul-emprendio-su-negocio-en-alabama-y-crea-empleo-en-toto\/\" title=\"Migrante guatemalteca Cori Tzul emprendi\u00f3  negocio en Alabama y genera empleo en su natal  Totonicap\u00e1n\">Migrante guatemalteca Cori Tzul emprendi\u00f3  negocio en Alabama y genera empleo en su natal  Totonicap\u00e1n<\/a><\/h2><\/header><div class=\"eael-entry-content\">\n                        <div class=\"eael-grid-post-excerpt\"><a href=\"https:\/\/soymigrante.com\/revista\/migrante-guatemalteca-cory-tzul-emprendio-su-negocio-en-alabama-y-crea-empleo-en-toto\/\" class=\"eael-post-elements-readmore-btn\">CONOCE SU HISTORIA <\/a><\/div>\n                    <\/div><\/div><\/div>\n        <\/div>\n    <\/article><\/div>\n            <div class=\"clearfix\"><\/div>\n        <\/div>\t\t\t\t<\/div>\n\t\t\t\t\t<\/div>\n\t\t\t\t<\/div>\n\t\t\t\t<\/div>\n\t\t","protected":false},"excerpt":{"rendered":"<p>El encierro de la pandemia trajo desaf\u00edos para muchas familias, pero tambi\u00e9n abri\u00f3 puertas a nuevas oportunidades. As\u00ed surgi\u00f3 Lumiz Naturals, un emprendimiento de productos naturales que combina creatividad, esfuerzo y amor a la vida. Lumiz Naturals comenz\u00f3 cuando Brenda Zelada y sus hijos decidieron emprender un negocio desde su casa, en Mixco, en plena [&hellip;]<\/p>\n","protected":false},"author":23,"featured_media":16551,"comment_status":"open","ping_status":"open","sticky":false,"template":"","format":"standard","meta":{"_acf_changed":false,"_eb_attr":"","footnotes":""},"categories":[58],"tags":[130],"class_list":["post-16494","post","type-post","status-publish","format-standard","has-post-thumbnail","hentry","category-guate-nuestra","tag-mercado-emprendedores"],"acf":[],"aioseo_notices":[],"aioseo_head":"\n\t\t<!-- All in One SEO Pro 4.9.6.2 - aioseo.com -->\n\t<meta name=\"description\" content=\"Madre, hija, migrante emprendedora, Cori Tzul lleg\u00f3 a Estados Unidos hace 25 a\u00f1os, trabaj\u00f3 en restaurantes pero hace 10 a\u00f1os sigui\u00f3 el consejo de su mam\u00e1: &quot;Inicia tu negocio propio en el pa\u00eds de la oportunidad&quot;. Y avanza... Cori se puso muy nerviosa para la entrevista. Pero lo hizo muy bien. Es originaria de la Hace una d\u00e9cada la migrante guatemalteca Cory Tzul empez\u00f3 a vender textiles mayas en Alabama, los cuales son elaborados en un taller familiar en Totonicap\u00e1n.\" \/>\n\t<meta name=\"robots\" content=\"max-snippet:-1, max-image-preview:large, max-video-preview:-1\" \/>\n\t<meta name=\"author\" content=\"Gustavo Montenegro\"\/>\n\t<link rel=\"canonical\" href=\"https:\/\/soymigrante.com\/revista\/migrante-guatemalteca-cory-tzul-emprendio-su-negocio-en-alabama-y-crea-empleo-en-toto\/\" \/>\n\t<meta name=\"generator\" content=\"All in One SEO Pro (AIOSEO) 4.9.6.2\" \/>\n\n\t\t<link rel=\"preconnect\" href=\"https:\/\/fonts.googleapis.com\" crossorigin>\n<link rel=\"preconnect\" href=\"https:\/\/fonts.gstatic.com\" crossorigin>\n\t\t<meta property=\"og:locale\" content=\"es_ES\" \/>\n\t\t<meta property=\"og:site_name\" content=\"SoyMigrante.com REVISTA \u2013 Nuestra misi\u00f3n es reconocer y dignificar al migrante.\" \/>\n\t\t<meta property=\"og:type\" content=\"article\" \/>\n\t\t<meta property=\"og:title\" content=\"Migrante guatemalteca Cori Tzul emprendi\u00f3 negocio en Alabama y genera empleo en su natal Totonicap\u00e1n\" \/>\n\t\t<meta property=\"og:description\" content=\"Madre, hija, migrante emprendedora, Cori Tzul lleg\u00f3 a Estados Unidos hace 25 a\u00f1os, trabaj\u00f3 en restaurantes pero hace 10 a\u00f1os sigui\u00f3 el consejo de su mam\u00e1: &quot;Inicia tu negocio propio en el pa\u00eds de la oportunidad&quot;. Y avanza... Cori se puso muy nerviosa para la entrevista. Pero lo hizo muy bien. Es originaria de la Hace una d\u00e9cada la migrante guatemalteca Cory Tzul empez\u00f3 a vender textiles mayas en Alabama, los cuales son elaborados en un taller familiar en Totonicap\u00e1n.\" \/>\n\t\t<meta property=\"og:url\" content=\"https:\/\/soymigrante.com\/revista\/migrante-guatemalteca-cory-tzul-emprendio-su-negocio-en-alabama-y-crea-empleo-en-toto\/\" \/>\n\t\t<meta property=\"og:image\" content=\"https:\/\/soymigrante.com\/revista\/wp-content\/uploads\/2023\/09\/Captura-de-pantalla-2023-09-09-131440.webp\" \/>\n\t\t<meta property=\"og:image:secure_url\" content=\"https:\/\/soymigrante.com\/revista\/wp-content\/uploads\/2023\/09\/Captura-de-pantalla-2023-09-09-131440.webp\" \/>\n\t\t<meta property=\"og:image:width\" content=\"508\" \/>\n\t\t<meta property=\"og:image:height\" content=\"416\" \/>\n\t\t<meta property=\"article:published_time\" content=\"2023-09-09T19:02:31+00:00\" \/>\n\t\t<meta property=\"article:modified_time\" content=\"2024-07-30T19:25:00+00:00\" \/>\n\t\t<meta property=\"article:publisher\" content=\"https:\/\/www.facebook.com\/soymigrantecom\" \/>\n\t\t<meta name=\"twitter:card\" content=\"summary_large_image\" \/>\n\t\t<meta name=\"twitter:site\" content=\"@SoyMigrante_com\" \/>\n\t\t<meta name=\"twitter:title\" content=\"Migrante guatemalteca Cori Tzul emprendi\u00f3 negocio en Alabama y genera empleo en su natal Totonicap\u00e1n\" \/>\n\t\t<meta name=\"twitter:description\" content=\"Madre, hija, migrante emprendedora, Cori Tzul lleg\u00f3 a Estados Unidos hace 25 a\u00f1os, trabaj\u00f3 en restaurantes pero hace 10 a\u00f1os sigui\u00f3 el consejo de su mam\u00e1: &quot;Inicia tu negocio propio en el pa\u00eds de la oportunidad&quot;. Y avanza... Cori se puso muy nerviosa para la entrevista. Pero lo hizo muy bien. Es originaria de la Hace una d\u00e9cada la migrante guatemalteca Cory Tzul empez\u00f3 a vender textiles mayas en Alabama, los cuales son elaborados en un taller familiar en Totonicap\u00e1n.\" \/>\n\t\t<meta name=\"twitter:creator\" content=\"@SoyMigrante_com\" \/>\n\t\t<meta name=\"twitter:image\" content=\"https:\/\/soymigrante.com\/revista\/wp-content\/uploads\/2023\/09\/Captura-de-pantalla-2023-09-09-131440.webp\" \/>\n\t\t<!-- All in One SEO Pro -->\r\n\t\t<title>Migrante guatemalteca Cori Tzul emprendi\u00f3 negocio en Alabama y genera empleo en su natal Totonicap\u00e1n<\/title>\n\n","aioseo_head_json":{"title":"Migrante guatemalteca Cori Tzul emprendi\u00f3 negocio en Alabama y genera empleo en su natal Totonicap\u00e1n","description":"Madre, hija, migrante emprendedora, Cori Tzul lleg\u00f3 a Estados Unidos hace 25 a\u00f1os, trabaj\u00f3 en restaurantes pero hace 10 a\u00f1os sigui\u00f3 el consejo de su mam\u00e1: \"Inicia tu negocio propio en el pa\u00eds de la oportunidad\". Y avanza... Cori se puso muy nerviosa para la entrevista. Pero lo hizo muy bien. Es originaria de la Hace una d\u00e9cada la migrante guatemalteca Cory Tzul empez\u00f3 a vender textiles mayas en Alabama, los cuales son elaborados en un taller familiar en Totonicap\u00e1n.","canonical_url":"https:\/\/soymigrante.com\/revista\/migrante-guatemalteca-cory-tzul-emprendio-su-negocio-en-alabama-y-crea-empleo-en-toto\/","robots":"max-snippet:-1, max-image-preview:large, max-video-preview:-1","keywords":"","webmasterTools":{"miscellaneous":"&lt;link rel=\"preconnect\" href=\"https:\/\/fonts.googleapis.com\" crossorigin&gt;\n&lt;link rel=\"preconnect\" href=\"https:\/\/fonts.gstatic.com\" crossorigin&gt;"},"schema":null,"og:locale":"es_ES","og:site_name":"SoyMigrante.com REVISTA \u2013 Nuestra misi\u00f3n es reconocer y dignificar al migrante.","og:type":"article","og:title":"Migrante guatemalteca Cori Tzul emprendi\u00f3 negocio en Alabama y genera empleo en su natal Totonicap\u00e1n","og:description":"Madre, hija, migrante emprendedora, Cori Tzul lleg\u00f3 a Estados Unidos hace 25 a\u00f1os, trabaj\u00f3 en restaurantes pero hace 10 a\u00f1os sigui\u00f3 el consejo de su mam\u00e1: &quot;Inicia tu negocio propio en el pa\u00eds de la oportunidad&quot;. Y avanza... Cori se puso muy nerviosa para la entrevista. Pero lo hizo muy bien. Es originaria de la Hace una d\u00e9cada la migrante guatemalteca Cory Tzul empez\u00f3 a vender textiles mayas en Alabama, los cuales son elaborados en un taller familiar en Totonicap\u00e1n.","og:url":"https:\/\/soymigrante.com\/revista\/migrante-guatemalteca-cory-tzul-emprendio-su-negocio-en-alabama-y-crea-empleo-en-toto\/","og:image":"https:\/\/soymigrante.com\/revista\/wp-content\/uploads\/2023\/09\/Captura-de-pantalla-2023-09-09-131440.webp","og:image:secure_url":"https:\/\/soymigrante.com\/revista\/wp-content\/uploads\/2023\/09\/Captura-de-pantalla-2023-09-09-131440.webp","og:image:width":508,"og:image:height":416,"article:published_time":"2023-09-09T19:02:31+00:00","article:modified_time":"2024-07-30T19:25:00+00:00","article:publisher":"https:\/\/www.facebook.com\/soymigrantecom","twitter:card":"summary_large_image","twitter:site":"@SoyMigrante_com","twitter:title":"Migrante guatemalteca Cori Tzul emprendi\u00f3 negocio en Alabama y genera empleo en su natal Totonicap\u00e1n","twitter:description":"Madre, hija, migrante emprendedora, Cori Tzul lleg\u00f3 a Estados Unidos hace 25 a\u00f1os, trabaj\u00f3 en restaurantes pero hace 10 a\u00f1os sigui\u00f3 el consejo de su mam\u00e1: &quot;Inicia tu negocio propio en el pa\u00eds de la oportunidad&quot;. Y avanza... Cori se puso muy nerviosa para la entrevista. Pero lo hizo muy bien. Es originaria de la Hace una d\u00e9cada la migrante guatemalteca Cory Tzul empez\u00f3 a vender textiles mayas en Alabama, los cuales son elaborados en un taller familiar en Totonicap\u00e1n.","twitter:creator":"@SoyMigrante_com","twitter:image":"https:\/\/soymigrante.com\/revista\/wp-content\/uploads\/2023\/09\/Captura-de-pantalla-2023-09-09-131440.webp"},"aioseo_meta_data":{"post_id":"16494","title":"Lumiz Naturals: Un emprendimiento que alimenta con amor y prop\u00f3sito","description":"La pandemia trajo desaf\u00edos para muchas familias, pero tambi\u00e9n abri\u00f3 puertas. As\u00ed surgi\u00f3 Lumiz Naturals, un emprendimiento que combina creatividad, esfuerzo y amor.","keywords":null,"keyphrases":{"focus":{"keyphrase":"Emprendimiento","score":82,"analysis":{"keyphraseInTitle":{"score":9,"maxScore":9,"error":0},"keyphraseInDescription":{"score":9,"maxScore":9,"error":0},"keyphraseLength":{"score":9,"maxScore":9,"error":0,"length":1},"keyphraseInURL":{"score":5,"maxScore":5,"error":0},"keyphraseInIntroduction":{"score":3,"maxScore":9,"error":1},"keyphraseInSubHeadings":{"score":3,"maxScore":9,"error":1},"keyphraseInImageAlt":{"score":9,"maxScore":9,"error":0},"keywordDensity":{"type":"best","score":9,"maxScore":9,"error":0}}},"additional":[{"keyphrase":"Mercado","score":40,"analysis":{"keyphraseInDescription":{"score":3,"maxScore":9,"error":1},"keyphraseLength":{"score":9,"maxScore":9,"error":0,"length":1},"keyphraseInIntroduction":{"score":3,"maxScore":9,"error":1},"keyphraseInImageAlt":{"score":3,"maxScore":9,"error":1},"keywordDensity":{"score":0,"type":"low","maxScore":9,"error":1}}},{"keyphrase":"Artesan\u00eda","score":40,"analysis":{"keyphraseInDescription":{"score":3,"maxScore":9,"error":1},"keyphraseLength":{"score":9,"maxScore":9,"error":0,"length":2},"keyphraseInIntroduction":{"score":3,"maxScore":9,"error":1},"keyphraseInImageAlt":{"score":3,"maxScore":9,"error":1},"keywordDensity":{"score":0,"type":"low","maxScore":9,"error":1}}}]},"primary_term":null,"canonical_url":null,"og_title":null,"og_description":null,"og_object_type":"default","og_image_type":"default","og_image_url":null,"og_image_width":null,"og_image_height":null,"og_image_custom_url":null,"og_image_custom_fields":null,"og_video":"","og_custom_url":null,"og_article_section":null,"og_article_tags":null,"twitter_use_og":false,"twitter_card":"default","twitter_image_type":"default","twitter_image_url":null,"twitter_image_custom_url":null,"twitter_image_custom_fields":null,"twitter_title":null,"twitter_description":null,"schema":{"blockGraphs":[],"customGraphs":[],"default":{"data":{"Article":[],"Course":[],"Dataset":[],"FAQPage":[],"Movie":[],"Person":[],"Product":[],"ProductReview":[],"Car":[],"Recipe":[],"Service":[],"SoftwareApplication":[],"WebPage":[]},"graphName":"BlogPosting","isEnabled":true},"graphs":[]},"schema_type":"default","schema_type_options":null,"pillar_content":false,"robots_default":true,"robots_noindex":false,"robots_noarchive":false,"robots_nosnippet":false,"robots_nofollow":false,"robots_noimageindex":false,"robots_noodp":false,"robots_notranslate":false,"robots_max_snippet":"-1","robots_max_videopreview":"-1","robots_max_imagepreview":"large","priority":null,"frequency":"default","local_seo":null,"seo_analyzer_scan_date":"2025-10-09 01:07:53","breadcrumb_settings":null,"limit_modified_date":false,"reviewed_by":null,"open_ai":"{\"title\":{\"suggestions\":[],\"usage\":0},\"description\":{\"suggestions\":[],\"usage\":0}}","ai":null,"created":"2024-12-14 00:07:26","updated":"2026-02-04 18:30:06"},"aioseo_breadcrumb":"<div class=\"aioseo-breadcrumbs\"><span class=\"aioseo-breadcrumb\">\n\t<a href=\"https:\/\/soymigrante.com\/revista\" title=\"Home\">Home<\/a>\n<\/span><span class=\"aioseo-breadcrumb-separator\">\u00bb<\/span><span class=\"aioseo-breadcrumb\">\n\t<a href=\"https:\/\/soymigrante.com\/revista\/category\/guate-nuestra\/\" title=\"Guate Nuestra\">Guate Nuestra<\/a>\n<\/span><span class=\"aioseo-breadcrumb-separator\">\u00bb<\/span><span class=\"aioseo-breadcrumb\">\n\tLumiz Naturals: Emprendimiento familiar que nutre con amor, sabor y prop\u00f3sito\n<\/span><\/div>","aioseo_breadcrumb_json":[{"label":"Home","link":"https:\/\/soymigrante.com\/revista"},{"label":"Guate Nuestra","link":"https:\/\/soymigrante.com\/revista\/category\/guate-nuestra\/"},{"label":"Lumiz Naturals: Emprendimiento familiar que nutre con amor, sabor y prop\u00f3sito","link":"https:\/\/soymigrante.com\/revista\/lumiz-naturals-un-emprendimiento-familiar-que-alimenta-con-amor-y-proposito\/"}],"_links":{"self":[{"href":"https:\/\/soymigrante.com\/revista\/wp-json\/wp\/v2\/posts\/16494","targetHints":{"allow":["GET"]}}],"collection":[{"href":"https:\/\/soymigrante.com\/revista\/wp-json\/wp\/v2\/posts"}],"about":[{"href":"https:\/\/soymigrante.com\/revista\/wp-json\/wp\/v2\/types\/post"}],"author":[{"embeddable":true,"href":"https:\/\/soymigrante.com\/revista\/wp-json\/wp\/v2\/users\/23"}],"replies":[{"embeddable":true,"href":"https:\/\/soymigrante.com\/revista\/wp-json\/wp\/v2\/comments?post=16494"}],"version-history":[{"count":9,"href":"https:\/\/soymigrante.com\/revista\/wp-json\/wp\/v2\/posts\/16494\/revisions"}],"predecessor-version":[{"id":40513,"href":"https:\/\/soymigrante.com\/revista\/wp-json\/wp\/v2\/posts\/16494\/revisions\/40513"}],"wp:featuredmedia":[{"embeddable":true,"href":"https:\/\/soymigrante.com\/revista\/wp-json\/wp\/v2\/media\/16551"}],"wp:attachment":[{"href":"https:\/\/soymigrante.com\/revista\/wp-json\/wp\/v2\/media?parent=16494"}],"wp:term":[{"taxonomy":"category","embeddable":true,"href":"https:\/\/soymigrante.com\/revista\/wp-json\/wp\/v2\/categories?post=16494"},{"taxonomy":"post_tag","embeddable":true,"href":"https:\/\/soymigrante.com\/revista\/wp-json\/wp\/v2\/tags?post=16494"}],"curies":[{"name":"wp","href":"https:\/\/api.w.org\/{rel}","templated":true}]}}