{"id":16441,"date":"2024-12-16T10:37:43","date_gmt":"2024-12-16T16:37:43","guid":{"rendered":"https:\/\/soymigrante.com\/revista\/?p=16441"},"modified":"2024-12-21T20:14:22","modified_gmt":"2024-12-22T02:14:22","slug":"candeleria-san-miguel-un-legado-familiar-iluminado-por-la-devocion","status":"publish","type":"post","link":"https:\/\/soymigrante.com\/revista\/candeleria-san-miguel-un-legado-familiar-iluminado-por-la-devocion\/","title":{"rendered":"Candeler\u00eda San Miguel: Un legado  familiar de amor y trabajo iluminado por la devoci\u00f3n"},"content":{"rendered":"\t\t<div data-elementor-type=\"wp-post\" data-elementor-id=\"16441\" class=\"elementor elementor-16441\" data-elementor-post-type=\"post\">\n\t\t\t\t<div data-particle_enable=\"false\" data-particle-mobile-disabled=\"false\" class=\"elementor-element elementor-element-72e0470 e-flex e-con-boxed e-con e-parent\" data-id=\"72e0470\" data-element_type=\"container\" data-e-type=\"container\">\n\t\t\t\t\t<div class=\"e-con-inner\">\n\t\t\t\t<div class=\"elementor-element elementor-element-59a5d11 elementor-widget elementor-widget-heading\" data-id=\"59a5d11\" data-element_type=\"widget\" data-e-type=\"widget\" data-widget_type=\"heading.default\">\n\t\t\t\t\t<h2 class=\"elementor-heading-title elementor-size-default\">En tres d\u00e9cadas de tradici\u00f3n, candeler\u00eda San Miguel se ha consolidado como un negocio familiar que no solo ofrece productos de calidad, sino tambi\u00e9n un v\u00ednculo profundo con las tradiciones y la fe. Conoce la historia de este emprendimiento que ahora forma parte de SoyMigrante.com MERCADO.<\/h2>\t\t\t\t<\/div>\n\t\t\t\t\t<\/div>\n\t\t\t\t<\/div>\n\t\t<div data-particle_enable=\"false\" data-particle-mobile-disabled=\"false\" class=\"elementor-element elementor-element-e0bb7f0 e-flex e-con-boxed e-con e-parent\" data-id=\"e0bb7f0\" data-element_type=\"container\" data-e-type=\"container\">\n\t\t\t\t\t<div class=\"e-con-inner\">\n\t\t\t\t<div class=\"elementor-element elementor-element-059b0bb elementor-widget elementor-widget-text-editor\" data-id=\"059b0bb\" data-element_type=\"widget\" data-e-type=\"widget\" data-widget_type=\"text-editor.default\">\n\t\t\t\t\t\t\t\t\t<p>La luz de las tradiciones familiares sigue brillando gracias a \u00c1ngela Victoria Cervantes, quien, con amor y dedicaci\u00f3n, retom\u00f3 el legado, sabidur\u00eda y dedicaci\u00f3n de su mam\u00e1 en Candeler\u00eda San Miguel, un negocio que lleva m\u00e1s de 30 a\u00f1os iluminando momentos especiales en San Luis Jilotepeque.<\/p><p><a style=\"text-align: var(--text-align);\" href=\"https:\/\/soymigrante.com\/mercado\/marketplace\/seller\/profile\/candelariasanmiguel\" target=\"_blank\" rel=\"noopener\">La tienda digital Candeler\u00eda San Miguel ya est\u00e1 abierta en SoyMigrante.com MERCADO,<\/a>\u00a0la comunidad en l\u00ednea creada para que emprendedores y compradores guatemaltecos se encuentren: un proyecto activo, proactivo e innovador para peque\u00f1os negocios y creadores de productos elaborados a mano, detr\u00e1s de los cuales siempre hay una historia. Y esta es la historia de este emprendimiento que\u00a0 mantiene viva la llama de la fe, la creatividad y la dedicaci\u00f3n.<\/p>\t\t\t\t\t\t\t\t<\/div>\n\t\t\t\t\t<\/div>\n\t\t\t\t<\/div>\n\t\t<div data-particle_enable=\"false\" data-particle-mobile-disabled=\"false\" class=\"elementor-element elementor-element-a07b720 e-flex e-con-boxed e-con e-parent\" data-id=\"a07b720\" data-element_type=\"container\" data-e-type=\"container\">\n\t\t\t\t\t<div class=\"e-con-inner\">\n\t\t\t\t<div class=\"elementor-element elementor-element-b77b6f5 elementor-widget elementor-widget-image\" data-id=\"b77b6f5\" data-element_type=\"widget\" data-e-type=\"widget\" data-widget_type=\"image.default\">\n\t\t\t\t\t\t\t\t\t\t\t\t<figure class=\"wp-caption\">\n\t\t\t\t\t\t\t\t\t\t<img fetchpriority=\"high\" decoding=\"async\" width=\"768\" height=\"775\" src=\"https:\/\/soymigrante.com\/revista\/wp-content\/uploads\/2024\/12\/CANDELAS-SAN-MIGUEL-4-1-768x775.jpeg\" class=\"attachment-medium_large size-medium_large wp-image-16478\" alt=\"Colaboradora en feria cultural con velas y artesan\u00edas en evento de Mexicanidad, promoviendo cultura y tradiciones en una ambientaci\u00f3n natural con asistentes participativos.\" srcset=\"https:\/\/soymigrante.com\/revista\/wp-content\/uploads\/2024\/12\/CANDELAS-SAN-MIGUEL-4-1-768x775.jpeg 768w, https:\/\/soymigrante.com\/revista\/wp-content\/uploads\/2024\/12\/CANDELAS-SAN-MIGUEL-4-1-297x300.jpeg 297w, https:\/\/soymigrante.com\/revista\/wp-content\/uploads\/2024\/12\/CANDELAS-SAN-MIGUEL-4-1-1015x1024.jpeg 1015w, https:\/\/soymigrante.com\/revista\/wp-content\/uploads\/2024\/12\/CANDELAS-SAN-MIGUEL-4-1-150x150.jpeg 150w, https:\/\/soymigrante.com\/revista\/wp-content\/uploads\/2024\/12\/CANDELAS-SAN-MIGUEL-4-1-75x75.webp 75w, https:\/\/soymigrante.com\/revista\/wp-content\/uploads\/2024\/12\/CANDELAS-SAN-MIGUEL-4-1-750x757.webp 750w, https:\/\/soymigrante.com\/revista\/wp-content\/uploads\/2024\/12\/CANDELAS-SAN-MIGUEL-4-1.webp 1080w\" sizes=\"(max-width: 768px) 100vw, 768px\" title=\"CANDELAS SAN MIGUEL 4 \u2013 SoyMigrante.com REVISTA\" \/>\t\t\t\t\t\t\t\t\t\t\t<figcaption class=\"widget-image-caption wp-caption-text\">Feria cultural con artesan\u00edas, velas y productos tradicionales mexicanos en un ambiente al aire libre, promoviendo la cultura y tradiciones mexicanas en un evento comunitario.<\/figcaption>\n\t\t\t\t\t\t\t\t\t\t<\/figure>\n\t\t\t\t\t\t\t\t\t<\/div>\n\t\t\t\t\t<\/div>\n\t\t\t\t<\/div>\n\t\t<div data-particle_enable=\"false\" data-particle-mobile-disabled=\"false\" class=\"elementor-element elementor-element-ffa0293 e-flex e-con-boxed e-con e-parent\" data-id=\"ffa0293\" data-element_type=\"container\" data-e-type=\"container\">\n\t\t\t\t\t<div class=\"e-con-inner\">\n\t\t\t\t<div class=\"elementor-element elementor-element-d5e62b6 elementor-widget elementor-widget-heading\" data-id=\"d5e62b6\" data-element_type=\"widget\" data-e-type=\"widget\" data-widget_type=\"heading.default\">\n\t\t\t\t\t<h3 class=\"elementor-heading-title elementor-size-default\">Volvi\u00f3 a encender la llama del emprendimiento<\/h3>\t\t\t\t<\/div>\n\t\t\t\t\t<\/div>\n\t\t\t\t<\/div>\n\t\t<div data-particle_enable=\"false\" data-particle-mobile-disabled=\"false\" class=\"elementor-element elementor-element-22b2478 e-flex e-con-boxed e-con e-parent\" data-id=\"22b2478\" data-element_type=\"container\" data-e-type=\"container\">\n\t\t\t\t\t<div class=\"e-con-inner\">\n\t\t\t\t<div class=\"elementor-element elementor-element-3d38ee5 elementor-widget elementor-widget-text-editor\" data-id=\"3d38ee5\" data-element_type=\"widget\" data-e-type=\"widget\" data-widget_type=\"text-editor.default\">\n\t\t\t\t\t\t\t\t\t<p>Teresa Felipe Dami\u00e1n, madre de \u00c1ngela, ense\u00f1\u00f3 a sus hijos desde peque\u00f1os\u00a0<a href=\"https:\/\/soymigrante.com\/revista\/alumin-art-128-crea-pistas-de-formula-1-orquestas-o-procesiones-mini-a-base-de-alambre\/\" target=\"_blank\" rel=\"noopener\">el arte de elaborar<\/a>\u00a0candelas de todos los tama\u00f1os, colores y para diversas ocasiones. Sin embargo, tras el fallecimiento de Teresa, el negocio qued\u00f3 inactivo por un tiempo. Fue \u00c1ngela quien, al notar que antiguos clientes segu\u00edan buscando las candelas, decidi\u00f3 retomar la candeler\u00eda. Es decir, encendi\u00f3 de nuevo la llama de Candeler\u00eda San Miguel.<\/p><p>\u201cEs un trabajo bonito pero cansado. Me encanta ser creativa, experimentar con colores y dise\u00f1os, y ver c\u00f3mo las candelas toman forma es emocionante\u201d, comenta \u00c1ngela con una sonrisa que refleja su pasi\u00f3n por el oficio a pesar de haber enviudado se ha enfocado en este legado para llevar el sustento a sus dos hijos.<\/p>\t\t\t\t\t\t\t\t<\/div>\n\t\t\t\t\t<\/div>\n\t\t\t\t<\/div>\n\t\t<div data-particle_enable=\"false\" data-particle-mobile-disabled=\"false\" class=\"elementor-element elementor-element-3ae4f2b e-flex e-con-boxed e-con e-parent\" data-id=\"3ae4f2b\" data-element_type=\"container\" data-e-type=\"container\">\n\t\t\t\t\t<div class=\"e-con-inner\">\n\t\t\t\t<div class=\"elementor-element elementor-element-66d1e6e elementor-widget elementor-widget-image\" data-id=\"66d1e6e\" data-element_type=\"widget\" data-e-type=\"widget\" data-widget_type=\"image.default\">\n\t\t\t\t\t\t\t\t\t\t\t\t\t\t\t\t<a href=\"https:\/\/soymigrante.com\/mercado\/marketplace\/seller\/profile\/candelariasanmiguel\">\n\t\t\t\t\t\t\t<img decoding=\"async\" width=\"768\" height=\"357\" src=\"https:\/\/soymigrante.com\/revista\/wp-content\/uploads\/2024\/12\/Candeleria-san-miguel-1024x476.jpg\" class=\"attachment-large size-large wp-image-16449\" alt=\"Vela artesana de cera de colores para decoraci\u00f3n y ceremonias, variedad de formas y tama\u00f1os en colores vibrantes, ideales para eventos y ambientaci\u00f3n en Guatemala.\" srcset=\"https:\/\/soymigrante.com\/revista\/wp-content\/uploads\/2024\/12\/Candeleria-san-miguel-1024x476.jpg 1024w, https:\/\/soymigrante.com\/revista\/wp-content\/uploads\/2024\/12\/Candeleria-san-miguel-300x139.jpg 300w, https:\/\/soymigrante.com\/revista\/wp-content\/uploads\/2024\/12\/Candeleria-san-miguel-768x357.jpg 768w, https:\/\/soymigrante.com\/revista\/wp-content\/uploads\/2024\/12\/Candeleria-san-miguel-750x348.webp 750w, https:\/\/soymigrante.com\/revista\/wp-content\/uploads\/2024\/12\/Candeleria-san-miguel-1140x530.webp 1140w, https:\/\/soymigrante.com\/revista\/wp-content\/uploads\/2024\/12\/Candeleria-san-miguel.webp 1309w\" sizes=\"(max-width: 768px) 100vw, 768px\" title=\"Candeler\u00eda san miguel \u2013 SoyMigrante.com REVISTA\" \/>\t\t\t\t\t\t\t\t<\/a>\n\t\t\t\t\t\t\t\t\t\t\t\t\t\t\t<\/div>\n\t\t\t\t\t<\/div>\n\t\t\t\t<\/div>\n\t\t<div data-particle_enable=\"false\" data-particle-mobile-disabled=\"false\" class=\"elementor-element elementor-element-556c5ed e-flex e-con-boxed e-con e-parent\" data-id=\"556c5ed\" data-element_type=\"container\" data-e-type=\"container\">\n\t\t\t\t\t<div class=\"e-con-inner\">\n\t\t\t\t<div class=\"elementor-element elementor-element-3064198 elementor-widget elementor-widget-heading\" data-id=\"3064198\" data-element_type=\"widget\" data-e-type=\"widget\" data-widget_type=\"heading.default\">\n\t\t\t\t\t<h3 class=\"elementor-heading-title elementor-size-default\">El proceso artesanal\n<\/h3>\t\t\t\t<\/div>\n\t\t\t\t\t<\/div>\n\t\t\t\t<\/div>\n\t\t<div data-particle_enable=\"false\" data-particle-mobile-disabled=\"false\" class=\"elementor-element elementor-element-7c60301 e-flex e-con-boxed e-con e-parent\" data-id=\"7c60301\" data-element_type=\"container\" data-e-type=\"container\">\n\t\t\t\t\t<div class=\"e-con-inner\">\n\t\t\t\t<div class=\"elementor-element elementor-element-500544d elementor-widget elementor-widget-text-editor\" data-id=\"500544d\" data-element_type=\"widget\" data-e-type=\"widget\" data-widget_type=\"text-editor.default\">\n\t\t\t\t\t\t\t\t\t<p>Elaborar una candela\u00a0<a href=\"https:\/\/soymigrante.com\/revista\/black-and-white-piezas-artesanales-de-mostacilla-e-ingenio\/\" target=\"_blank\" rel=\"noopener\">es un proceso completamente artesanal\u00a0<\/a>que combina habilidad, paciencia y precisi\u00f3n. \u00c1ngela utiliza parafina como material principal, aunque para las velas arom\u00e1ticas recurre a la estearina, un material m\u00e1s refinado.<\/p><p>El proceso comienza derritiendo la parafina en grandes barriles. El hilo, que servir\u00e1 como mecha, se remoja en esta mezcla y, poco a poco, se sumerge repetidamente hasta que se forma el tama\u00f1o y grosor deseado. Para darle color, se a\u00f1ade un polvo especial a la parafina derretida. Cada lote de candelas puede tardar aproximadamente una hora en completarse, desde la preparaci\u00f3n del material hasta el secado y acabado.<\/p><p>\u201cEs un trabajo que requiere dedicaci\u00f3n y cuidado. Aunque es laborioso, cada pieza es \u00fanica y refleja nuestra esencia como familia\u201d, explica \u00c1ngela.<\/p>\t\t\t\t\t\t\t\t<\/div>\n\t\t\t\t\t<\/div>\n\t\t\t\t<\/div>\n\t\t<div data-particle_enable=\"false\" data-particle-mobile-disabled=\"false\" class=\"elementor-element elementor-element-5c4f9e7 e-flex e-con-boxed e-con e-parent\" data-id=\"5c4f9e7\" data-element_type=\"container\" data-e-type=\"container\">\n\t\t\t\t\t<div class=\"e-con-inner\">\n\t\t\t\t<div class=\"elementor-element elementor-element-5bf12f7 elementor-align-center elementor-widget elementor-widget-button\" data-id=\"5bf12f7\" data-element_type=\"widget\" data-e-type=\"widget\" data-widget_type=\"button.default\">\n\t\t\t\t\t\t\t\t\t\t<a class=\"elementor-button elementor-button-link elementor-size-sm\" href=\"https:\/\/soymigrante.com\/mercado\/marketplace\/seller\/profile\/candelariasanmiguel\">\n\t\t\t\t\t\t<span class=\"elementor-button-content-wrapper\">\n\t\t\t\t\t\t\t\t\t<span class=\"elementor-button-text\">Compra tus candelas con env\u00edo desde Jalapa y apoya a una madre emprendedora. AQU\u00cd<\/span>\n\t\t\t\t\t<\/span>\n\t\t\t\t\t<\/a>\n\t\t\t\t\t\t\t\t<\/div>\n\t\t\t\t\t<\/div>\n\t\t\t\t<\/div>\n\t\t<div data-particle_enable=\"false\" data-particle-mobile-disabled=\"false\" class=\"elementor-element elementor-element-5c2382a e-flex e-con-boxed e-con e-parent\" data-id=\"5c2382a\" data-element_type=\"container\" data-e-type=\"container\">\n\t\t\t\t\t<div class=\"e-con-inner\">\n\t\t\t\t<div class=\"elementor-element elementor-element-5b1f444 elementor-widget elementor-widget-heading\" data-id=\"5b1f444\" data-element_type=\"widget\" data-e-type=\"widget\" data-widget_type=\"heading.default\">\n\t\t\t\t\t<h3 class=\"elementor-heading-title elementor-size-default\">Un negocio con alma de emprendedora\n<\/h3>\t\t\t\t<\/div>\n\t\t\t\t\t<\/div>\n\t\t\t\t<\/div>\n\t\t<div data-particle_enable=\"false\" data-particle-mobile-disabled=\"false\" class=\"elementor-element elementor-element-6b5ad13 e-flex e-con-boxed e-con e-parent\" data-id=\"6b5ad13\" data-element_type=\"container\" data-e-type=\"container\">\n\t\t\t\t\t<div class=\"e-con-inner\">\n\t\t\t\t<div class=\"elementor-element elementor-element-28494fe elementor-widget elementor-widget-text-editor\" data-id=\"28494fe\" data-element_type=\"widget\" data-e-type=\"widget\" data-widget_type=\"text-editor.default\">\n\t\t\t\t\t\t\t\t\t<p>\u00c1ngela, quien tambi\u00e9n es maestra de profesi\u00f3n, recuerda con cari\u00f1o c\u00f3mo su mam\u00e1 compart\u00eda&nbsp; su tiempo entre ser ama de casa y trabajar en el taller. Ahora, a ella tambi\u00e9n le toca combinar, con mucho amor, sus roles de madre, emprendedora y profesional, demostrando que la pasi\u00f3n puede superar cualquier desaf\u00edo.<\/p>\n<p>Viuda y madre de dos hijos, \u00c1ngela encuentra en ellos la motivaci\u00f3n para seguir adelante con el legado de su madre. A pesar de las exigencias del negocio, asegura que lo hace con amor y dedicaci\u00f3n. \u201cCuando aprend\u00ed, me gust\u00f3. A veces pienso en el futuro y qu\u00e9 pasar\u00e1 con el negocio, pero mientras tenga fuerzas, continuar\u00e9\u201d.<\/p>\t\t\t\t\t\t\t\t<\/div>\n\t\t\t\t\t<\/div>\n\t\t\t\t<\/div>\n\t\t<div data-particle_enable=\"false\" data-particle-mobile-disabled=\"false\" class=\"elementor-element elementor-element-b5985b7 e-flex e-con-boxed e-con e-parent\" data-id=\"b5985b7\" data-element_type=\"container\" data-e-type=\"container\">\n\t\t\t\t\t<div class=\"e-con-inner\">\n\t\t\t\t<div class=\"elementor-element elementor-element-902ab05 elementor-arrows-position-inside elementor-pagination-position-outside elementor-widget elementor-widget-image-carousel\" data-id=\"902ab05\" data-element_type=\"widget\" data-e-type=\"widget\" data-settings=\"{&quot;slides_to_show&quot;:&quot;1&quot;,&quot;navigation&quot;:&quot;both&quot;,&quot;autoplay&quot;:&quot;yes&quot;,&quot;pause_on_hover&quot;:&quot;yes&quot;,&quot;pause_on_interaction&quot;:&quot;yes&quot;,&quot;autoplay_speed&quot;:5000,&quot;infinite&quot;:&quot;yes&quot;,&quot;effect&quot;:&quot;slide&quot;,&quot;speed&quot;:500}\" data-widget_type=\"image-carousel.default\">\n\t\t\t\t\t\t\t<div class=\"elementor-image-carousel-wrapper swiper\" role=\"region\" aria-roledescription=\"carousel\" aria-label=\"Carrusel de im\u00e1genes\" dir=\"ltr\">\n\t\t\t<div class=\"elementor-image-carousel swiper-wrapper\" aria-live=\"off\">\n\t\t\t\t\t\t\t\t<div class=\"swiper-slide\" role=\"group\" aria-roledescription=\"slide\" aria-label=\"1 de 3\"><figure class=\"swiper-slide-inner\"><img decoding=\"async\" class=\"swiper-slide-image\" src=\"https:\/\/soymigrante.com\/revista\/wp-content\/uploads\/2024\/12\/CANDELAS-SAN-MIGUEL-1024x776.jpeg\" alt=\"Velas de cera de color naranja y blanca en diferentes tama\u00f1os, preparadas para ceremonia religiosa o celebraci\u00f3n cultural.\" \/><\/figure><\/div><div class=\"swiper-slide\" role=\"group\" aria-roledescription=\"slide\" aria-label=\"2 de 3\"><figure class=\"swiper-slide-inner\"><img decoding=\"async\" class=\"swiper-slide-image\" src=\"https:\/\/soymigrante.com\/revista\/wp-content\/uploads\/2024\/12\/CANDEKAS-SAB-MIGUEL-2-1024x765.jpeg\" alt=\"Artesan\u00edas mexicas de cer\u00e1mica y textiles en exhibici\u00f3n, resaltando la cultura y tradiciones mexicanas en SoyMigrante.com Revista.\" \/><\/figure><\/div><div class=\"swiper-slide\" role=\"group\" aria-roledescription=\"slide\" aria-label=\"3 de 3\"><figure class=\"swiper-slide-inner\"><img decoding=\"async\" class=\"swiper-slide-image\" src=\"https:\/\/soymigrante.com\/revista\/wp-content\/uploads\/2024\/12\/CANDELAS-SAN-MIGUEL-5-1024x1024.jpeg\" alt=\"Colgantes de adornos navide\u00f1os en colores blanco, amarillo, y rojo decoran un establecimiento, creando un ambiente festivo y acogedor.\" \/><\/figure><\/div>\t\t\t<\/div>\n\t\t\t\t\t\t\t\t\t\t\t\t<div class=\"elementor-swiper-button elementor-swiper-button-prev\" role=\"button\" tabindex=\"0\">\n\t\t\t\t\t\t<i aria-hidden=\"true\" class=\"eicon-chevron-left\"><\/i>\t\t\t\t\t<\/div>\n\t\t\t\t\t<div class=\"elementor-swiper-button elementor-swiper-button-next\" role=\"button\" tabindex=\"0\">\n\t\t\t\t\t\t<i aria-hidden=\"true\" class=\"eicon-chevron-right\"><\/i>\t\t\t\t\t<\/div>\n\t\t\t\t\n\t\t\t\t\t\t\t\t\t<div class=\"swiper-pagination\"><\/div>\n\t\t\t\t\t\t\t\t\t<\/div>\n\t\t\t\t\t\t<\/div>\n\t\t\t\t\t<\/div>\n\t\t\t\t<\/div>\n\t\t<div data-particle_enable=\"false\" data-particle-mobile-disabled=\"false\" class=\"elementor-element elementor-element-8049be5 e-flex e-con-boxed e-con e-parent\" data-id=\"8049be5\" data-element_type=\"container\" data-e-type=\"container\">\n\t\t\t\t\t<div class=\"e-con-inner\">\n\t\t\t\t<div class=\"elementor-element elementor-element-cbac977 elementor-widget elementor-widget-text-editor\" data-id=\"cbac977\" data-element_type=\"widget\" data-e-type=\"widget\" data-widget_type=\"text-editor.default\">\n\t\t\t\t\t\t\t\t\t<p>Una de las cualidades que distingue a Candeler\u00eda San Miguel es su servicio. \u00c1ngela destaca que est\u00e1n disponibles a cualquier hora para atender emergencias, garantizando siempre la calidad de sus productos. La tienda es conocida no solo en la comunidad, sino tambi\u00e9n en localidades vecinas, gracias\u00a0<a style=\"text-align: var(--text-align)\" href=\"https:\/\/soymigrante.com\/revista\/maderas-grissell-de-la-familia-oxom-crea-muebles-y-piezas-decorativas-en-coban\/\" target=\"_blank\" rel=\"noopener\">a la dedicaci\u00f3n y esmero que caracteriza a su trabajo.<\/a><\/p><p><span style=\"color: var( --e-global-color-text );text-align: var(--text-align)\">A sus 47 a\u00f1os, \u00c1ngela Victoria Cervantes sigue iluminando vidas en San Luis Jilotepeque, <a href=\"https:\/\/soymigrante.com\/revista\/el-actor-y-conductor-gerzon-giron-ha-convertido-obstaculos-en-oportunidades-en-california\/\">Jalapa,<\/a> no solo con las candelas que fabrica, sino con el ejemplo de perseverancia, amor y entrega. Su historia es un recordatorio de c\u00f3mo las tradiciones familiares pueden transformarse en una fuente de inspiraci\u00f3n y sustento para las nuevas generaciones.<\/span><\/p><p>En Candeler\u00eda San Miguel, cada candela lleva consigo la luz de un legado que contin\u00faa brillando, gracias a la dedicaci\u00f3n de \u00c1ngela y su compromiso por honrar la memoria de su madre<\/p>\t\t\t\t\t\t\t\t<\/div>\n\t\t\t\t\t<\/div>\n\t\t\t\t<\/div>\n\t\t<div data-particle_enable=\"false\" data-particle-mobile-disabled=\"false\" class=\"elementor-element elementor-element-b4d5190 e-flex e-con-boxed e-con e-parent\" data-id=\"b4d5190\" data-element_type=\"container\" data-e-type=\"container\">\n\t\t\t\t\t<div class=\"e-con-inner\">\n\t\t\t\t<div class=\"elementor-element elementor-element-30f27ec elementor-invisible elementor-widget elementor-widget-facebook-embed\" data-id=\"30f27ec\" data-element_type=\"widget\" data-e-type=\"widget\" data-settings=\"{&quot;_animation&quot;:&quot;zoomInDown&quot;}\" data-widget_type=\"facebook-embed.default\">\n\t\t\t\t\t<div style=\"min-height: 1px\" class=\"elementor-facebook-widget fb-video\" data-href=\"https:\/\/www.facebook.com\/reel\/974378419903834\" data-show-text=\"false\" data-allowfullscreen=\"false\" data-autoplay=\"false\" data-show-captions=\"false\"><\/div>\t\t\t\t<\/div>\n\t\t\t\t\t<\/div>\n\t\t\t\t<\/div>\n\t\t<div data-particle_enable=\"false\" data-particle-mobile-disabled=\"false\" class=\"elementor-element elementor-element-a0546b7 e-flex e-con-boxed e-con e-parent\" data-id=\"a0546b7\" data-element_type=\"container\" data-e-type=\"container\">\n\t\t\t\t\t<div class=\"e-con-inner\">\n\t\t\t\t<div class=\"elementor-element elementor-element-4dd7252 elementor-widget elementor-widget-heading\" data-id=\"4dd7252\" data-element_type=\"widget\" data-e-type=\"widget\" data-widget_type=\"heading.default\">\n\t\t\t\t\t<h2 class=\"elementor-heading-title elementor-size-default\">Historias emprendedoras que motivan<\/h2>\t\t\t\t<\/div>\n\t\t\t\t\t<\/div>\n\t\t\t\t<\/div>\n\t\t<div data-particle_enable=\"false\" data-particle-mobile-disabled=\"false\" class=\"elementor-element elementor-element-febb000 e-flex e-con-boxed e-con e-parent\" data-id=\"febb000\" data-element_type=\"container\" data-e-type=\"container\">\n\t\t\t\t\t<div class=\"e-con-inner\">\n\t\t\t\t<div class=\"elementor-element elementor-element-684ed64 elementor-grid-eael-col-3 elementor-grid-tablet-eael-col-2 elementor-grid-mobile-eael-col-1 elementor-widget elementor-widget-eael-post-grid\" data-id=\"684ed64\" data-element_type=\"widget\" data-e-type=\"widget\" data-settings=\"{&quot;eael_post_grid_columns&quot;:&quot;eael-col-3&quot;,&quot;eael_post_grid_columns_tablet&quot;:&quot;eael-col-2&quot;,&quot;eael_post_grid_columns_mobile&quot;:&quot;eael-col-1&quot;}\" data-widget_type=\"eael-post-grid.default\">\n\t\t\t\t\t<div id=\"eael-post-grid-684ed64\" class=\"eael-post-grid-container\">\n            <div class=\"eael-post-grid eael-post-appender eael-post-appender-684ed64 eael-post-grid-style-one\" data-layout-mode=\"masonry\"><article class=\"eael-grid-post  eael-post-grid-column eael-pg-post-13619 category-guate-nuestra tags-mercado-emprendedores\" data-id=\"13619\">\n        <div class=\"eael-grid-post-holder\">\n            <div class=\"eael-grid-post-holder-inner\"><div class=\"eael-entry-media\"><div class=\"eael-entry-overlay fade-in\"><i class=\"far fa-hand-pointer\" aria-hidden=\"true\"><\/i><a href=\"https:\/\/soymigrante.com\/revista\/verdelimon-un-emprendimiento-dulce-y-saludable-lleno-de-arte\/\"><\/a><\/div><div class=\"eael-entry-thumbnail \">\n                <img decoding=\"async\" width=\"428\" height=\"428\" src=\"https:\/\/soymigrante.com\/revista\/wp-content\/uploads\/2024\/11\/Verde-y-limon-Carolina-Alvarado-Argueta.webp\" class=\"attachment-large size-large wp-image-13645\" alt=\"Pintora muralista adolescente creando arte en la pared con aer\u00f3grafo en un mural colorido con nubes y globo aerost\u00e1tico, promoviendo cultura y arte en la comunidad.\" srcset=\"https:\/\/soymigrante.com\/revista\/wp-content\/uploads\/2024\/11\/Verde-y-limon-Carolina-Alvarado-Argueta.webp 428w, https:\/\/soymigrante.com\/revista\/wp-content\/uploads\/2024\/11\/Verde-y-limon-Carolina-Alvarado-Argueta-300x300.jpeg 300w, https:\/\/soymigrante.com\/revista\/wp-content\/uploads\/2024\/11\/Verde-y-limon-Carolina-Alvarado-Argueta-150x150.jpeg 150w, https:\/\/soymigrante.com\/revista\/wp-content\/uploads\/2024\/11\/Verde-y-limon-Carolina-Alvarado-Argueta-75x75.webp 75w\" sizes=\"(max-width: 428px) 100vw, 428px\" \/>\n            <\/div>\n        <\/div><div class=\"eael-entry-wrapper\"><header class=\"eael-entry-header\"><h2 class=\"eael-entry-title\"><a class=\"eael-grid-post-link\" href=\"https:\/\/soymigrante.com\/revista\/verdelimon-un-emprendimiento-dulce-y-saludable-lleno-de-arte\/\" title=\"Verde&amp;Lim\u00f3n: un emprendimiento dulce y saludable lleno de arte est\u00e1 ahora en MERCADO\">Verde&amp;Lim\u00f3n: un emprendimiento dulce y saludable lleno de arte est\u00e1 ahora en MERCADO<\/a><\/h2><\/header><div class=\"eael-entry-content\">\n                        <div class=\"eael-grid-post-excerpt\"><a href=\"https:\/\/soymigrante.com\/revista\/verdelimon-un-emprendimiento-dulce-y-saludable-lleno-de-arte\/\" class=\"eael-post-elements-readmore-btn\">CONOCE SU HISTORIA <\/a><\/div>\n                    <\/div><\/div><\/div>\n        <\/div>\n    <\/article><article class=\"eael-grid-post  eael-post-grid-column eael-pg-post-12811 category-guate-nuestra tags-mercado-emprendedores\" data-id=\"12811\">\n        <div class=\"eael-grid-post-holder\">\n            <div class=\"eael-grid-post-holder-inner\"><div class=\"eael-entry-media\"><div class=\"eael-entry-overlay fade-in\"><i class=\"far fa-hand-pointer\" aria-hidden=\"true\"><\/i><a href=\"https:\/\/soymigrante.com\/revista\/arte-kat-aretes-y-accesorios-originales-elaborados-con-hilos-semillas-pero-sobre-todo-con-amor\/\"><\/a><\/div><div class=\"eael-entry-thumbnail \">\n                <img loading=\"lazy\" decoding=\"async\" width=\"458\" height=\"458\" src=\"https:\/\/soymigrante.com\/revista\/wp-content\/uploads\/2024\/11\/arte-kat-feature.webp\" class=\"attachment-large size-large wp-image-12816\" alt=\"Colar de cuentas de colores con dise\u00f1o tradicional, usado en trajes folcl\u00f3ricos, simboliza la cultura y la identidad de comunidades ind\u00edgenas en Latinoam\u00e9rica.\" srcset=\"https:\/\/soymigrante.com\/revista\/wp-content\/uploads\/2024\/11\/arte-kat-feature.webp 458w, https:\/\/soymigrante.com\/revista\/wp-content\/uploads\/2024\/11\/arte-kat-feature-300x300.webp 300w, https:\/\/soymigrante.com\/revista\/wp-content\/uploads\/2024\/11\/arte-kat-feature-150x150.webp 150w, https:\/\/soymigrante.com\/revista\/wp-content\/uploads\/2024\/11\/arte-kat-feature-75x75.webp 75w\" sizes=\"(max-width: 458px) 100vw, 458px\" \/>\n            <\/div>\n        <\/div><div class=\"eael-entry-wrapper\"><header class=\"eael-entry-header\"><h2 class=\"eael-entry-title\"><a class=\"eael-grid-post-link\" href=\"https:\/\/soymigrante.com\/revista\/arte-kat-aretes-y-accesorios-originales-elaborados-con-hilos-semillas-pero-sobre-todo-con-amor\/\" title=\"Arte K\u00b4at: aretes y accesorios originales elaborados con hilos, semillas, pero sobre todo con amor\">Arte K\u00b4at: aretes y accesorios originales elaborados con hilos, semillas, pero sobre todo con amor<\/a><\/h2><\/header><div class=\"eael-entry-content\">\n                        <div class=\"eael-grid-post-excerpt\"><a href=\"https:\/\/soymigrante.com\/revista\/arte-kat-aretes-y-accesorios-originales-elaborados-con-hilos-semillas-pero-sobre-todo-con-amor\/\" class=\"eael-post-elements-readmore-btn\">CONOCE SU HISTORIA <\/a><\/div>\n                    <\/div><\/div><\/div>\n        <\/div>\n    <\/article><article class=\"eael-grid-post  eael-post-grid-column eael-pg-post-11002 category-guate-nuestra tags-mercado-emprendedores\" data-id=\"11002\">\n        <div class=\"eael-grid-post-holder\">\n            <div class=\"eael-grid-post-holder-inner\"><div class=\"eael-entry-media\"><div class=\"eael-entry-overlay fade-in\"><i class=\"far fa-hand-pointer\" aria-hidden=\"true\"><\/i><a href=\"https:\/\/soymigrante.com\/revista\/alumin-art-128-crea-pistas-de-formula-1-orquestas-o-procesiones-mini-a-base-de-alambre\/\"><\/a><\/div><div class=\"eael-entry-thumbnail \">\n                <img loading=\"lazy\" decoding=\"async\" width=\"440\" height=\"440\" src=\"https:\/\/soymigrante.com\/revista\/wp-content\/uploads\/2024\/10\/alambre-piezas-10-1.webp\" class=\"attachment-large size-large wp-image-11035\" alt=\"Creador de arte con latas recicladas de colores y musicalina que forma a un personaje con guitarra y nombre Marely, promoviendo la creatividad y el reciclaje en la comunidad migrante.\" srcset=\"https:\/\/soymigrante.com\/revista\/wp-content\/uploads\/2024\/10\/alambre-piezas-10-1.webp 440w, https:\/\/soymigrante.com\/revista\/wp-content\/uploads\/2024\/10\/alambre-piezas-10-1-300x300.webp 300w, https:\/\/soymigrante.com\/revista\/wp-content\/uploads\/2024\/10\/alambre-piezas-10-1-150x150.webp 150w, https:\/\/soymigrante.com\/revista\/wp-content\/uploads\/2024\/10\/alambre-piezas-10-1-75x75.webp 75w\" sizes=\"(max-width: 440px) 100vw, 440px\" \/>\n            <\/div>\n        <\/div><div class=\"eael-entry-wrapper\"><header class=\"eael-entry-header\"><h2 class=\"eael-entry-title\"><a class=\"eael-grid-post-link\" href=\"https:\/\/soymigrante.com\/revista\/alumin-art-128-crea-pistas-de-formula-1-orquestas-o-procesiones-mini-a-base-de-alambre\/\" title=\"Alumin-Art transforma el alambre en creativas figuras y recuerdos con nombre\">Alumin-Art transforma el alambre en creativas figuras y recuerdos con nombre<\/a><\/h2><\/header><div class=\"eael-entry-content\">\n                        <div class=\"eael-grid-post-excerpt\"><a href=\"https:\/\/soymigrante.com\/revista\/alumin-art-128-crea-pistas-de-formula-1-orquestas-o-procesiones-mini-a-base-de-alambre\/\" class=\"eael-post-elements-readmore-btn\">CONOCE SU HISTORIA <\/a><\/div>\n                    <\/div><\/div><\/div>\n        <\/div>\n    <\/article><\/div>\n            <div class=\"clearfix\"><\/div>\n        <\/div>\t\t\t\t<\/div>\n\t\t\t\t\t<\/div>\n\t\t\t\t<\/div>\n\t\t\t\t<\/div>\n\t\t","protected":false},"excerpt":{"rendered":"<p>En tres d\u00e9cadas de tradici\u00f3n, candeler\u00eda San Miguel se ha consolidado como un negocio familiar que no solo ofrece productos de calidad, sino tambi\u00e9n un v\u00ednculo profundo con las tradiciones y la fe. Conoce la historia de este emprendimiento que ahora forma parte de SoyMigrante.com MERCADO. La luz de las tradiciones familiares sigue brillando gracias [&hellip;]<\/p>\n","protected":false},"author":23,"featured_media":16492,"comment_status":"open","ping_status":"open","sticky":false,"template":"","format":"standard","meta":{"_acf_changed":false,"_eb_attr":"","footnotes":""},"categories":[58],"tags":[130],"class_list":["post-16441","post","type-post","status-publish","format-standard","has-post-thumbnail","hentry","category-guate-nuestra","tag-mercado-emprendedores"],"acf":[],"aioseo_notices":[],"aioseo_head":"\n\t\t<!-- All in One SEO Pro 4.9.6.2 - aioseo.com -->\n\t<meta name=\"description\" content=\"Cada pieza de Alumin-Art tiene el sello creativo de Juan Antonio Escobar Larios: un artista cuyo medio de expresi\u00f3n es alambre, convertido en fant\u00e1sticas figuras\" \/>\n\t<meta name=\"robots\" content=\"max-snippet:-1, max-image-preview:large, max-video-preview:-1\" \/>\n\t<meta name=\"author\" content=\"Beatriz Tercero\"\/>\n\t<link rel=\"canonical\" href=\"https:\/\/soymigrante.com\/revista\/alumin-art-128-crea-pistas-de-formula-1-orquestas-o-procesiones-mini-a-base-de-alambre\/\" \/>\n\t<meta name=\"generator\" content=\"All in One SEO Pro (AIOSEO) 4.9.6.2\" \/>\n\n\t\t<link rel=\"preconnect\" href=\"https:\/\/fonts.googleapis.com\" crossorigin>\n<link rel=\"preconnect\" href=\"https:\/\/fonts.gstatic.com\" crossorigin>\n\t\t<meta property=\"og:locale\" content=\"es_ES\" \/>\n\t\t<meta property=\"og:site_name\" content=\"SoyMigrante.com REVISTA \u2013 Nuestra misi\u00f3n es reconocer y dignificar al migrante.\" \/>\n\t\t<meta property=\"og:type\" content=\"article\" \/>\n\t\t<meta property=\"og:title\" content=\"Alumin-Art crea creativas figuras a base de alambre\" \/>\n\t\t<meta property=\"og:description\" content=\"Cada pieza de Alumin-Art tiene el sello creativo de Juan Antonio Escobar Larios: un artista cuyo medio de expresi\u00f3n es alambre, convertido en fant\u00e1sticas figuras\" \/>\n\t\t<meta property=\"og:url\" content=\"https:\/\/soymigrante.com\/revista\/alumin-art-128-crea-pistas-de-formula-1-orquestas-o-procesiones-mini-a-base-de-alambre\/\" \/>\n\t\t<meta property=\"og:image\" content=\"https:\/\/soymigrante.com\/revista\/wp-content\/uploads\/2024\/10\/alambre-piezas-10-1.webp\" \/>\n\t\t<meta property=\"og:image:secure_url\" content=\"https:\/\/soymigrante.com\/revista\/wp-content\/uploads\/2024\/10\/alambre-piezas-10-1.webp\" \/>\n\t\t<meta property=\"og:image:width\" content=\"440\" \/>\n\t\t<meta property=\"og:image:height\" content=\"440\" \/>\n\t\t<meta property=\"article:published_time\" content=\"2024-11-14T14:03:47+00:00\" \/>\n\t\t<meta property=\"article:modified_time\" content=\"2024-11-26T00:35:24+00:00\" \/>\n\t\t<meta property=\"article:publisher\" content=\"https:\/\/www.facebook.com\/soymigrantecom\" \/>\n\t\t<meta name=\"twitter:card\" content=\"summary_large_image\" \/>\n\t\t<meta name=\"twitter:site\" content=\"@SoyMigrante_com\" \/>\n\t\t<meta name=\"twitter:title\" content=\"Alumin-Art crea creativas figuras a base de alambre\" \/>\n\t\t<meta name=\"twitter:description\" content=\"Cada pieza de Alumin-Art tiene el sello creativo de Juan Antonio Escobar Larios: un artista cuyo medio de expresi\u00f3n es alambre, convertido en fant\u00e1sticas figuras\" \/>\n\t\t<meta name=\"twitter:creator\" content=\"@SoyMigrante_com\" \/>\n\t\t<meta name=\"twitter:image\" content=\"https:\/\/soymigrante.com\/revista\/wp-content\/uploads\/2024\/10\/alambre-piezas-10-1.webp\" \/>\n\t\t<!-- All in One SEO Pro -->\r\n\t\t<title>Alumin-Art crea creativas figuras a base de alambre<\/title>\n\n","aioseo_head_json":{"title":"Alumin-Art crea creativas figuras a base de alambre","description":"Cada pieza de Alumin-Art tiene el sello creativo de Juan Antonio Escobar Larios: un artista cuyo medio de expresi\u00f3n es alambre, convertido en fant\u00e1sticas figuras","canonical_url":"https:\/\/soymigrante.com\/revista\/alumin-art-128-crea-pistas-de-formula-1-orquestas-o-procesiones-mini-a-base-de-alambre\/","robots":"max-snippet:-1, max-image-preview:large, max-video-preview:-1","keywords":"","webmasterTools":{"miscellaneous":"&lt;link rel=\"preconnect\" href=\"https:\/\/fonts.googleapis.com\" crossorigin&gt;\n&lt;link rel=\"preconnect\" href=\"https:\/\/fonts.gstatic.com\" crossorigin&gt;"},"schema":null,"og:locale":"es_ES","og:site_name":"SoyMigrante.com REVISTA \u2013 Nuestra misi\u00f3n es reconocer y dignificar al migrante.","og:type":"article","og:title":"Alumin-Art crea creativas figuras a base de alambre","og:description":"Cada pieza de Alumin-Art tiene el sello creativo de Juan Antonio Escobar Larios: un artista cuyo medio de expresi\u00f3n es alambre, convertido en fant\u00e1sticas figuras","og:url":"https:\/\/soymigrante.com\/revista\/alumin-art-128-crea-pistas-de-formula-1-orquestas-o-procesiones-mini-a-base-de-alambre\/","og:image":"https:\/\/soymigrante.com\/revista\/wp-content\/uploads\/2024\/10\/alambre-piezas-10-1.webp","og:image:secure_url":"https:\/\/soymigrante.com\/revista\/wp-content\/uploads\/2024\/10\/alambre-piezas-10-1.webp","og:image:width":440,"og:image:height":440,"article:published_time":"2024-11-14T14:03:47+00:00","article:modified_time":"2024-11-26T00:35:24+00:00","article:publisher":"https:\/\/www.facebook.com\/soymigrantecom","twitter:card":"summary_large_image","twitter:site":"@SoyMigrante_com","twitter:title":"Alumin-Art crea creativas figuras a base de alambre","twitter:description":"Cada pieza de Alumin-Art tiene el sello creativo de Juan Antonio Escobar Larios: un artista cuyo medio de expresi\u00f3n es alambre, convertido en fant\u00e1sticas figuras","twitter:creator":"@SoyMigrante_com","twitter:image":"https:\/\/soymigrante.com\/revista\/wp-content\/uploads\/2024\/10\/alambre-piezas-10-1.webp"},"aioseo_meta_data":{"post_id":"16441","title":"Candeler\u00eda San Miguel: Un legado familiar iluminado por la pasi\u00f3n","description":"Con 30 a\u00f1os de historia, Candeler\u00eda San Miguel se ha consolidado como un taller familiar que ofrece cerer\u00eda de calidad desde Jalapa. Ahora est\u00e1 en MERCADO","keywords":null,"keyphrases":{"focus":{"keyphrase":"Candeler\u00eda","score":91,"analysis":{"keyphraseInTitle":{"score":9,"maxScore":9,"error":0},"keyphraseInDescription":{"score":9,"maxScore":9,"error":0},"keyphraseLength":{"score":9,"maxScore":9,"error":0,"length":2},"keyphraseInURL":{"score":5,"maxScore":5,"error":0},"keyphraseInIntroduction":{"score":9,"maxScore":9,"error":0},"keyphraseInSubHeadings":{"score":9,"maxScore":9,"error":0},"keyphraseInImageAlt":{"score":3,"maxScore":9,"error":1},"keywordDensity":{"type":"best","score":9,"maxScore":9,"error":0}}},"additional":[{"keyphrase":"San Miguel","score":100,"analysis":{"keyphraseInDescription":{"score":9,"maxScore":9,"error":0},"keyphraseLength":{"score":9,"maxScore":9,"error":0,"length":2},"keyphraseInIntroduction":{"score":9,"maxScore":9,"error":0},"keyphraseInImageAlt":{"score":9,"maxScore":9,"error":0},"keywordDensity":{"type":"best","score":9,"maxScore":9,"error":0}}},{"keyphrase":"legado familiar","score":40,"analysis":{"keyphraseInDescription":{"score":3,"maxScore":9,"error":1},"keyphraseLength":{"score":9,"maxScore":9,"error":0,"length":2},"keyphraseInIntroduction":{"score":3,"maxScore":9,"error":1},"keyphraseInImageAlt":{"score":3,"maxScore":9,"error":1},"keywordDensity":{"score":0,"type":"low","maxScore":9,"error":1}}},{"keyphrase":"Jalapa","score":67,"analysis":{"keyphraseInDescription":{"score":9,"maxScore":9,"error":0},"keyphraseLength":{"score":9,"maxScore":9,"error":0,"length":1},"keyphraseInIntroduction":{"score":3,"maxScore":9,"error":1},"keyphraseInImageAlt":{"score":9,"maxScore":9,"error":0},"keywordDensity":{"score":0,"type":"low","maxScore":9,"error":1}}},{"keyphrase":"San Luis Jilotepeque","score":67,"analysis":{"keyphraseInDescription":{"score":3,"maxScore":9,"error":1},"keyphraseLength":{"score":9,"maxScore":9,"error":0,"length":3},"keyphraseInIntroduction":{"score":9,"maxScore":9,"error":0},"keyphraseInImageAlt":{"score":9,"maxScore":9,"error":0},"keywordDensity":{"score":0,"type":"low","maxScore":9,"error":1}}},{"keyphrase":"Mercado","score":53,"analysis":{"keyphraseInDescription":{"score":9,"maxScore":9,"error":0},"keyphraseLength":{"score":9,"maxScore":9,"error":0,"length":1},"keyphraseInIntroduction":{"score":3,"maxScore":9,"error":1},"keyphraseInImageAlt":{"score":3,"maxScore":9,"error":1},"keywordDensity":{"score":0,"type":"low","maxScore":9,"error":1}}},{"keyphrase":"Soy Migrante","score":40,"analysis":{"keyphraseInDescription":{"score":3,"maxScore":9,"error":1},"keyphraseLength":{"score":9,"maxScore":9,"error":0,"length":2},"keyphraseInIntroduction":{"score":3,"maxScore":9,"error":1},"keyphraseInImageAlt":{"score":3,"maxScore":9,"error":1},"keywordDensity":{"score":0,"type":"low","maxScore":9,"error":1}}},{"keyphrase":"emprendimiento","score":53,"analysis":{"keyphraseInDescription":{"score":3,"maxScore":9,"error":1},"keyphraseLength":{"score":9,"maxScore":9,"error":0,"length":1},"keyphraseInIntroduction":{"score":3,"maxScore":9,"error":1},"keyphraseInImageAlt":{"score":9,"maxScore":9,"error":0},"keywordDensity":{"score":0,"type":"low","maxScore":9,"error":1}}}]},"primary_term":null,"canonical_url":null,"og_title":null,"og_description":null,"og_object_type":"default","og_image_type":"default","og_image_url":null,"og_image_width":null,"og_image_height":null,"og_image_custom_url":null,"og_image_custom_fields":null,"og_video":"","og_custom_url":null,"og_article_section":null,"og_article_tags":null,"twitter_use_og":false,"twitter_card":"default","twitter_image_type":"default","twitter_image_url":null,"twitter_image_custom_url":null,"twitter_image_custom_fields":null,"twitter_title":null,"twitter_description":null,"schema":{"blockGraphs":[],"customGraphs":[],"default":{"data":{"Article":[],"Course":[],"Dataset":[],"FAQPage":[],"Movie":[],"Person":[],"Product":[],"ProductReview":[],"Car":[],"Recipe":[],"Service":[],"SoftwareApplication":[],"WebPage":[]},"graphName":"Article","isEnabled":true},"graphs":[]},"schema_type":"default","schema_type_options":null,"pillar_content":false,"robots_default":true,"robots_noindex":false,"robots_noarchive":false,"robots_nosnippet":false,"robots_nofollow":false,"robots_noimageindex":false,"robots_noodp":false,"robots_notranslate":false,"robots_max_snippet":"-1","robots_max_videopreview":"-1","robots_max_imagepreview":"large","priority":null,"frequency":"default","local_seo":null,"seo_analyzer_scan_date":"2025-10-09 01:04:26","breadcrumb_settings":null,"limit_modified_date":false,"reviewed_by":null,"open_ai":"{\"title\":{\"suggestions\":[],\"usage\":0},\"description\":{\"suggestions\":[],\"usage\":0}}","ai":null,"created":"2024-12-13 22:43:36","updated":"2026-02-04 18:27:04"},"aioseo_breadcrumb":"<div class=\"aioseo-breadcrumbs\"><span class=\"aioseo-breadcrumb\">\n\t<a href=\"https:\/\/soymigrante.com\/revista\" title=\"Home\">Home<\/a>\n<\/span><span class=\"aioseo-breadcrumb-separator\">\u00bb<\/span><span class=\"aioseo-breadcrumb\">\n\t<a href=\"https:\/\/soymigrante.com\/revista\/category\/guate-nuestra\/\" title=\"Guate Nuestra\">Guate Nuestra<\/a>\n<\/span><span class=\"aioseo-breadcrumb-separator\">\u00bb<\/span><span class=\"aioseo-breadcrumb\">\n\tCandeler\u00eda San Miguel: Un legado  familiar de amor y trabajo iluminado por la devoci\u00f3n\n<\/span><\/div>","aioseo_breadcrumb_json":[{"label":"Home","link":"https:\/\/soymigrante.com\/revista"},{"label":"Guate Nuestra","link":"https:\/\/soymigrante.com\/revista\/category\/guate-nuestra\/"},{"label":"Candeler\u00eda San Miguel: Un legado  familiar de amor y trabajo iluminado por la devoci\u00f3n","link":"https:\/\/soymigrante.com\/revista\/candeleria-san-miguel-un-legado-familiar-iluminado-por-la-devocion\/"}],"_links":{"self":[{"href":"https:\/\/soymigrante.com\/revista\/wp-json\/wp\/v2\/posts\/16441","targetHints":{"allow":["GET"]}}],"collection":[{"href":"https:\/\/soymigrante.com\/revista\/wp-json\/wp\/v2\/posts"}],"about":[{"href":"https:\/\/soymigrante.com\/revista\/wp-json\/wp\/v2\/types\/post"}],"author":[{"embeddable":true,"href":"https:\/\/soymigrante.com\/revista\/wp-json\/wp\/v2\/users\/23"}],"replies":[{"embeddable":true,"href":"https:\/\/soymigrante.com\/revista\/wp-json\/wp\/v2\/comments?post=16441"}],"version-history":[{"count":0,"href":"https:\/\/soymigrante.com\/revista\/wp-json\/wp\/v2\/posts\/16441\/revisions"}],"wp:featuredmedia":[{"embeddable":true,"href":"https:\/\/soymigrante.com\/revista\/wp-json\/wp\/v2\/media\/16492"}],"wp:attachment":[{"href":"https:\/\/soymigrante.com\/revista\/wp-json\/wp\/v2\/media?parent=16441"}],"wp:term":[{"taxonomy":"category","embeddable":true,"href":"https:\/\/soymigrante.com\/revista\/wp-json\/wp\/v2\/categories?post=16441"},{"taxonomy":"post_tag","embeddable":true,"href":"https:\/\/soymigrante.com\/revista\/wp-json\/wp\/v2\/tags?post=16441"}],"curies":[{"name":"wp","href":"https:\/\/api.w.org\/{rel}","templated":true}]}}