{"id":1626,"date":"2023-06-28T17:09:45","date_gmt":"2023-06-28T17:09:45","guid":{"rendered":"https:\/\/soymigrante.com\/revista\/?p=1626"},"modified":"2024-11-01T06:31:16","modified_gmt":"2024-11-01T12:31:16","slug":"historia-migrante-guatemalteco-poeta","status":"publish","type":"post","link":"https:\/\/soymigrante.com\/revista\/historia-migrante-guatemalteco-poeta\/","title":{"rendered":"La poes\u00eda como pasaporte: aventura migrante de &#8220;El Chivo Poeta&#8221;"},"content":{"rendered":"\t\t<div data-elementor-type=\"wp-post\" data-elementor-id=\"1626\" class=\"elementor elementor-1626\" data-elementor-post-type=\"post\">\n\t\t\t\t\t\t<section data-particle_enable=\"false\" data-particle-mobile-disabled=\"false\" class=\"elementor-section elementor-top-section elementor-element elementor-element-fe3879f elementor-section-boxed elementor-section-height-default elementor-section-height-default\" data-id=\"fe3879f\" data-element_type=\"section\" data-e-type=\"section\">\n\t\t\t\t\t\t<div class=\"elementor-container elementor-column-gap-default\">\n\t\t\t\t\t<div class=\"elementor-column elementor-col-100 elementor-top-column elementor-element elementor-element-e80c456\" data-id=\"e80c456\" data-element_type=\"column\" data-e-type=\"column\">\n\t\t\t<div class=\"elementor-widget-wrap elementor-element-populated\">\n\t\t\t\t\t\t<div class=\"elementor-element elementor-element-2acacde elementor-widget elementor-widget-heading\" data-id=\"2acacde\" data-element_type=\"widget\" data-e-type=\"widget\" data-widget_type=\"heading.default\">\n\t\t\t\t\t<h1 class=\"elementor-heading-title elementor-size-default\">Edgar Itzep, \u201cEl Chivito\u201d vive en Momostenango,  trabaj\u00f3 como jardinero la mayor parte de los dos a\u00f1os que estuvo en EE.UU. pero tambi\u00e9n  ofreci\u00f3 recitales con las poes\u00edas que escribe.<\/h1>\t\t\t\t<\/div>\n\t\t\t\t\t<\/div>\n\t\t<\/div>\n\t\t\t\t\t<\/div>\n\t\t<\/section>\n\t\t\t\t<section data-particle_enable=\"false\" data-particle-mobile-disabled=\"false\" class=\"elementor-section elementor-top-section elementor-element elementor-element-ecabf7b elementor-section-boxed elementor-section-height-default elementor-section-height-default\" data-id=\"ecabf7b\" data-element_type=\"section\" data-e-type=\"section\">\n\t\t\t\t\t\t<div class=\"elementor-container elementor-column-gap-default\">\n\t\t\t\t\t<div class=\"elementor-column elementor-col-100 elementor-top-column elementor-element elementor-element-4b91650\" data-id=\"4b91650\" data-element_type=\"column\" data-e-type=\"column\">\n\t\t\t<div class=\"elementor-widget-wrap elementor-element-populated\">\n\t\t\t\t\t\t<div class=\"elementor-element elementor-element-79387e2 elementor-widget elementor-widget-text-editor\" data-id=\"79387e2\" data-element_type=\"widget\" data-e-type=\"widget\" data-widget_type=\"text-editor.default\">\n\t\t\t\t\t\t\t\t\t<p>La de Edgar es una historia de realismo po\u00e9tico o de po\u00e9tico realismo migrante. En su camino hay una Biblia, jardines y hasta una galer\u00eda de arte.&nbsp; Lo detuvieron en la frontera de M\u00e9xico y Estados Unidos. Pero gracias a la poes\u00eda lo dejaron ir con un permiso de 2 a\u00f1os para trabajar: \u00bfC\u00f3mo as\u00ed? El cuaderno de poes\u00eda no lo deja y tambi\u00e9n lleva un folder con poemas impresos. Naci\u00f3 en Momostenango, Totonicap\u00e1n, donde actualmente vive y trabaja\u2026 sin dejar de escribir.<\/p>\t\t\t\t\t\t\t\t<\/div>\n\t\t\t\t\t<\/div>\n\t\t<\/div>\n\t\t\t\t\t<\/div>\n\t\t<\/section>\n\t\t\t\t<section data-particle_enable=\"false\" data-particle-mobile-disabled=\"false\" class=\"elementor-section elementor-top-section elementor-element elementor-element-cf39d03 elementor-section-boxed elementor-section-height-default elementor-section-height-default\" data-id=\"cf39d03\" data-element_type=\"section\" data-e-type=\"section\">\n\t\t\t\t\t\t<div class=\"elementor-container elementor-column-gap-default\">\n\t\t\t\t\t<div class=\"elementor-column elementor-col-100 elementor-top-column elementor-element elementor-element-b698c44\" data-id=\"b698c44\" data-element_type=\"column\" data-e-type=\"column\">\n\t\t\t<div class=\"elementor-widget-wrap elementor-element-populated\">\n\t\t\t\t\t\t\t<\/div>\n\t\t<\/div>\n\t\t\t\t\t<\/div>\n\t\t<\/section>\n\t\t\t\t<section data-particle_enable=\"false\" data-particle-mobile-disabled=\"false\" class=\"elementor-section elementor-top-section elementor-element elementor-element-a2e3946 elementor-section-boxed elementor-section-height-default elementor-section-height-default\" data-id=\"a2e3946\" data-element_type=\"section\" data-e-type=\"section\">\n\t\t\t\t\t\t<div class=\"elementor-container elementor-column-gap-default\">\n\t\t\t\t\t<div class=\"elementor-column elementor-col-100 elementor-top-column elementor-element elementor-element-c7bc451\" data-id=\"c7bc451\" data-element_type=\"column\" data-e-type=\"column\">\n\t\t\t<div class=\"elementor-widget-wrap elementor-element-populated\">\n\t\t\t\t\t\t<div class=\"elementor-element elementor-element-6ab97a5 elementor-widget elementor-widget-text-editor\" data-id=\"6ab97a5\" data-element_type=\"widget\" data-e-type=\"widget\" data-widget_type=\"text-editor.default\">\n\t\t\t\t\t\t\t\t\t<h4><span style=\"background-color: var(--ak-bg-color);\">RECORRIDO<br \/><\/span><i><span style=\"font-weight: normal;\">De mi tierra querida he salido,<\/span><br \/><span style=\"font-weight: normal; background-color: var(--ak-bg-color); color: var( --e-global-color-text );\">a recorrer caminos desconocidos<br \/><\/span><span style=\"font-weight: normal; color: var( --e-global-color-text ); background-color: var(--ak-bg-color);\">que me alejan de mis seres queridos<br \/><\/span><span style=\"font-weight: normal; color: var( --e-global-color-text ); background-color: var(--ak-bg-color);\">cruzando monta\u00f1as,<br \/><\/span><span style=\"font-weight: normal; color: var( --e-global-color-text ); background-color: var(--ak-bg-color);\">a flor de tierra<br \/><\/span><span style=\"font-weight: normal; color: var( --e-global-color-text ); background-color: var(--ak-bg-color);\">miro atr\u00e1s y todo se ha quedado\u00a0<br \/><\/span><span style=\"font-weight: normal; color: var( --e-global-color-text ); background-color: var(--ak-bg-color);\">en la lejan\u00eda<br \/><\/span><span style=\"font-weight: normal; color: var( --e-global-color-text ); background-color: var(--ak-bg-color);\">Traigo conmigo\u00a0\u00a0<br \/><\/span><span style=\"font-weight: normal; color: var( --e-global-color-text ); background-color: var(--ak-bg-color);\">los recuerdos<br \/><\/span><span style=\"font-weight: normal; color: var( --e-global-color-text ); background-color: var(--ak-bg-color);\">grabados en la mente<\/span><\/i><\/h4>\t\t\t\t\t\t\t\t<\/div>\n\t\t\t\t\t<\/div>\n\t\t<\/div>\n\t\t\t\t\t<\/div>\n\t\t<\/section>\n\t\t\t\t<section data-particle_enable=\"false\" data-particle-mobile-disabled=\"false\" class=\"elementor-section elementor-top-section elementor-element elementor-element-e6bf970 elementor-section-boxed elementor-section-height-default elementor-section-height-default\" data-id=\"e6bf970\" data-element_type=\"section\" data-e-type=\"section\">\n\t\t\t\t\t\t<div class=\"elementor-container elementor-column-gap-default\">\n\t\t\t\t\t<div class=\"elementor-column elementor-col-100 elementor-top-column elementor-element elementor-element-cd20edc\" data-id=\"cd20edc\" data-element_type=\"column\" data-e-type=\"column\">\n\t\t\t<div class=\"elementor-widget-wrap elementor-element-populated\">\n\t\t\t\t\t\t<div class=\"elementor-element elementor-element-bd10fbb elementor-widget elementor-widget-image\" data-id=\"bd10fbb\" data-element_type=\"widget\" data-e-type=\"widget\" data-widget_type=\"image.default\">\n\t\t\t\t\t\t\t\t\t\t\t\t<figure class=\"wp-caption\">\n\t\t\t\t\t\t\t\t\t\t<img fetchpriority=\"high\" decoding=\"async\" width=\"768\" height=\"576\" src=\"https:\/\/soymigrante.com\/revista\/wp-content\/uploads\/2023\/06\/Edgar-Itzep-migrante-de-Momostenango-fue-y-vino-de-San-Francisco-en-unlapso-de-2-anos-4-1024x768.webp\" class=\"attachment-large size-large wp-image-1643\" alt=\"\" srcset=\"https:\/\/soymigrante.com\/revista\/wp-content\/uploads\/2023\/06\/Edgar-Itzep-migrante-de-Momostenango-fue-y-vino-de-San-Francisco-en-unlapso-de-2-anos-4-1024x768.webp 1024w, https:\/\/soymigrante.com\/revista\/wp-content\/uploads\/2023\/06\/Edgar-Itzep-migrante-de-Momostenango-fue-y-vino-de-San-Francisco-en-unlapso-de-2-anos-4-300x225.webp 300w, https:\/\/soymigrante.com\/revista\/wp-content\/uploads\/2023\/06\/Edgar-Itzep-migrante-de-Momostenango-fue-y-vino-de-San-Francisco-en-unlapso-de-2-anos-4-768x576.webp 768w, https:\/\/soymigrante.com\/revista\/wp-content\/uploads\/2023\/06\/Edgar-Itzep-migrante-de-Momostenango-fue-y-vino-de-San-Francisco-en-unlapso-de-2-anos-4-1536x1152.webp 1536w, https:\/\/soymigrante.com\/revista\/wp-content\/uploads\/2023\/06\/Edgar-Itzep-migrante-de-Momostenango-fue-y-vino-de-San-Francisco-en-unlapso-de-2-anos-4-scaled.webp 1920w, https:\/\/soymigrante.com\/revista\/wp-content\/uploads\/2023\/06\/Edgar-Itzep-migrante-de-Momostenango-fue-y-vino-de-San-Francisco-en-unlapso-de-2-anos-4-750x563.webp 750w, https:\/\/soymigrante.com\/revista\/wp-content\/uploads\/2023\/06\/Edgar-Itzep-migrante-de-Momostenango-fue-y-vino-de-San-Francisco-en-unlapso-de-2-anos-4-1140x855.webp 1140w\" sizes=\"(max-width: 768px) 100vw, 768px\" title=\"Edgar Itzep, migrante de Momostenango, fue y vino de San Francisco en unlapso de 2 a\u00f1os (4) \u2013 SoyMigrante.com REVISTA\" \/>\t\t\t\t\t\t\t\t\t\t\t<figcaption class=\"widget-image-caption wp-caption-text\">Edgar Tizep, migrante guatemalteco regres\u00f3 a Momostgenandgo tras dos a\u00f1os en San Francisco. Es poeta y comerciante.<\/figcaption>\n\t\t\t\t\t\t\t\t\t\t<\/figure>\n\t\t\t\t\t\t\t\t\t<\/div>\n\t\t\t\t\t<\/div>\n\t\t<\/div>\n\t\t\t\t\t<\/div>\n\t\t<\/section>\n\t\t\t\t<section data-particle_enable=\"false\" data-particle-mobile-disabled=\"false\" class=\"elementor-section elementor-top-section elementor-element elementor-element-6f7530b elementor-section-boxed elementor-section-height-default elementor-section-height-default\" data-id=\"6f7530b\" data-element_type=\"section\" data-e-type=\"section\">\n\t\t\t\t\t\t<div class=\"elementor-container elementor-column-gap-default\">\n\t\t\t\t\t<div class=\"elementor-column elementor-col-100 elementor-top-column elementor-element elementor-element-b04de7a\" data-id=\"b04de7a\" data-element_type=\"column\" data-e-type=\"column\">\n\t\t\t<div class=\"elementor-widget-wrap elementor-element-populated\">\n\t\t\t\t\t\t<div class=\"elementor-element elementor-element-9c36ae4 elementor-widget elementor-widget-heading\" data-id=\"9c36ae4\" data-element_type=\"widget\" data-e-type=\"widget\" data-widget_type=\"heading.default\">\n\t\t\t\t\t<h2 class=\"elementor-heading-title elementor-size-default\">\"Quem\u00e9 el cuaderno con poemas\", dice migrante<\/h2>\t\t\t\t<\/div>\n\t\t\t\t\t<\/div>\n\t\t<\/div>\n\t\t\t\t\t<\/div>\n\t\t<\/section>\n\t\t\t\t<section data-particle_enable=\"false\" data-particle-mobile-disabled=\"false\" class=\"elementor-section elementor-top-section elementor-element elementor-element-d6d76f8 elementor-section-boxed elementor-section-height-default elementor-section-height-default\" data-id=\"d6d76f8\" data-element_type=\"section\" data-e-type=\"section\">\n\t\t\t\t\t\t<div class=\"elementor-container elementor-column-gap-default\">\n\t\t\t\t\t<div class=\"elementor-column elementor-col-100 elementor-top-column elementor-element elementor-element-b499adc\" data-id=\"b499adc\" data-element_type=\"column\" data-e-type=\"column\">\n\t\t\t<div class=\"elementor-widget-wrap elementor-element-populated\">\n\t\t\t\t\t\t<div class=\"elementor-element elementor-element-eede63b elementor-widget elementor-widget-text-editor\" data-id=\"eede63b\" data-element_type=\"widget\" data-e-type=\"widget\" data-widget_type=\"text-editor.default\">\n\t\t\t\t\t\t\t\t\t<p><span style=\"background-color: var(--ak-bg-color);\">Edgar atraves\u00f3 M\u00e9xico junto con su hermana Isabel. \u201cElla dijo que se iba. Sali\u00f3, pero cuando iba por Huehuetenango, le dije: te alcanzo y me fui. Pasamos por Gracias a Dios, San Crist\u00f3bal de las Casas, Tuxtla Guti\u00e9rrez, Coita, Veracruz, Distrito Federal\u2026 Yo iba anotando todos los lugares, observando, inspir\u00e1ndome y escribiendo poemas de aquel recorrido\u201d.<\/span><\/p>\n<p>Un momento, \u00bfentonces sos un poeta?&nbsp;<\/p><p>S\u00ed, desde ni\u00f1o me gust\u00f3 leer y ya de adolescente empec\u00e9 a escribir poemas. Una vez se los mostr\u00e9 a un profesor de la escuela y me dijo que no serv\u00eda para poeta. Me sent\u00ed muy triste, regres\u00e9 a la casa. Mi mam\u00e1 estaba juntando fuego. Le d\u00ed el cuaderno y le dije: junte fuego con esto, que solo para eso sirve. Esa tarde llor\u00e9 all\u00e1 detr\u00e1s del campo de futbol, porque a mi me gusta escribir\u201d.&nbsp;<\/p>\n<p>Tiempo despu\u00e9s le llev\u00f3 sus textos al poeta Humberto Ak\u00e1bal. \u201cEl maestro me dijo que necesitaba m\u00e1s lecturas, pero que ten\u00eda madera, que ten\u00eda la actitud y las ganas de crear. Que siguiera adelante y que nadie me dijera qu\u00e9 escribir o no. que fuera yo mismo a donde fuera\u201d.<\/p>\t\t\t\t\t\t\t\t<\/div>\n\t\t\t\t\t<\/div>\n\t\t<\/div>\n\t\t\t\t\t<\/div>\n\t\t<\/section>\n\t\t\t\t<section data-particle_enable=\"false\" data-particle-mobile-disabled=\"false\" class=\"elementor-section elementor-top-section elementor-element elementor-element-5c90e1e elementor-section-boxed elementor-section-height-default elementor-section-height-default\" data-id=\"5c90e1e\" data-element_type=\"section\" data-e-type=\"section\">\n\t\t\t\t\t\t<div class=\"elementor-container elementor-column-gap-default\">\n\t\t\t\t\t<div class=\"elementor-column elementor-col-100 elementor-top-column elementor-element elementor-element-6d66f38\" data-id=\"6d66f38\" data-element_type=\"column\" data-e-type=\"column\">\n\t\t\t<div class=\"elementor-widget-wrap elementor-element-populated\">\n\t\t\t\t\t\t<div class=\"elementor-element elementor-element-0e05c1a elementor-widget elementor-widget-image\" data-id=\"0e05c1a\" data-element_type=\"widget\" data-e-type=\"widget\" data-widget_type=\"image.default\">\n\t\t\t\t\t\t\t\t\t\t\t\t<figure class=\"wp-caption\">\n\t\t\t\t\t\t\t\t\t\t<img decoding=\"async\" width=\"768\" height=\"515\" src=\"https:\/\/soymigrante.com\/revista\/wp-content\/uploads\/2023\/06\/Edgar-Itzep-migrante-de-Momostenango-fue-y-vino-de-San-Francisco-en-unlapso-de-2-anos-5-1-1024x686.webp\" class=\"attachment-large size-large wp-image-1646\" alt=\"A lo largo de la traves\u00eda por M\u00e9xico, Edgar escribi\u00f3 poemas que un d\u00eda espera publicar en un libro.\" srcset=\"https:\/\/soymigrante.com\/revista\/wp-content\/uploads\/2023\/06\/Edgar-Itzep-migrante-de-Momostenango-fue-y-vino-de-San-Francisco-en-unlapso-de-2-anos-5-1-1024x686.webp 1024w, https:\/\/soymigrante.com\/revista\/wp-content\/uploads\/2023\/06\/Edgar-Itzep-migrante-de-Momostenango-fue-y-vino-de-San-Francisco-en-unlapso-de-2-anos-5-1-300x201.webp 300w, https:\/\/soymigrante.com\/revista\/wp-content\/uploads\/2023\/06\/Edgar-Itzep-migrante-de-Momostenango-fue-y-vino-de-San-Francisco-en-unlapso-de-2-anos-5-1-768x514.webp 768w, https:\/\/soymigrante.com\/revista\/wp-content\/uploads\/2023\/06\/Edgar-Itzep-migrante-de-Momostenango-fue-y-vino-de-San-Francisco-en-unlapso-de-2-anos-5-1-1536x1029.webp 1536w, https:\/\/soymigrante.com\/revista\/wp-content\/uploads\/2023\/06\/Edgar-Itzep-migrante-de-Momostenango-fue-y-vino-de-San-Francisco-en-unlapso-de-2-anos-5-1.webp 1920w, https:\/\/soymigrante.com\/revista\/wp-content\/uploads\/2023\/06\/Edgar-Itzep-migrante-de-Momostenango-fue-y-vino-de-San-Francisco-en-unlapso-de-2-anos-5-1-750x502.webp 750w, https:\/\/soymigrante.com\/revista\/wp-content\/uploads\/2023\/06\/Edgar-Itzep-migrante-de-Momostenango-fue-y-vino-de-San-Francisco-en-unlapso-de-2-anos-5-1-1140x763.webp 1140w\" sizes=\"(max-width: 768px) 100vw, 768px\" title=\"A lo largo de la traves\u00eda por M\u00e9xico, Edgar escribi\u00f3 poemas que un d\u00eda espera publicar en un libro. \u2013 SoyMigrante.com REVISTA\" \/>\t\t\t\t\t\t\t\t\t\t\t<figcaption class=\"widget-image-caption wp-caption-text\">A lo largo de la traves\u00eda por M\u00e9xico, Edgar escribi\u00f3 poemas que un d\u00eda espera publicar en un libro.<\/figcaption>\n\t\t\t\t\t\t\t\t\t\t<\/figure>\n\t\t\t\t\t\t\t\t\t<\/div>\n\t\t\t\t\t<\/div>\n\t\t<\/div>\n\t\t\t\t\t<\/div>\n\t\t<\/section>\n\t\t\t\t<section data-particle_enable=\"false\" data-particle-mobile-disabled=\"false\" class=\"elementor-section elementor-top-section elementor-element elementor-element-17ea3b6 elementor-section-boxed elementor-section-height-default elementor-section-height-default\" data-id=\"17ea3b6\" data-element_type=\"section\" data-e-type=\"section\">\n\t\t\t\t\t\t<div class=\"elementor-container elementor-column-gap-default\">\n\t\t\t\t\t<div class=\"elementor-column elementor-col-100 elementor-top-column elementor-element elementor-element-9a774b8\" data-id=\"9a774b8\" data-element_type=\"column\" data-e-type=\"column\">\n\t\t\t<div class=\"elementor-widget-wrap elementor-element-populated\">\n\t\t\t\t\t\t<div class=\"elementor-element elementor-element-d95485c elementor-widget elementor-widget-heading\" data-id=\"d95485c\" data-element_type=\"widget\" data-e-type=\"widget\" data-widget_type=\"heading.default\">\n\t\t\t\t\t<h2 class=\"elementor-heading-title elementor-size-default\">Migrante cruz\u00f3 la frontera gracias a la poes\u00eda<\/h2>\t\t\t\t<\/div>\n\t\t\t\t\t<\/div>\n\t\t<\/div>\n\t\t\t\t\t<\/div>\n\t\t<\/section>\n\t\t\t\t<section data-particle_enable=\"false\" data-particle-mobile-disabled=\"false\" class=\"elementor-section elementor-top-section elementor-element elementor-element-a70fc3b elementor-section-boxed elementor-section-height-default elementor-section-height-default\" data-id=\"a70fc3b\" data-element_type=\"section\" data-e-type=\"section\">\n\t\t\t\t\t\t<div class=\"elementor-container elementor-column-gap-default\">\n\t\t\t\t\t<div class=\"elementor-column elementor-col-100 elementor-top-column elementor-element elementor-element-ed63877\" data-id=\"ed63877\" data-element_type=\"column\" data-e-type=\"column\">\n\t\t\t<div class=\"elementor-widget-wrap elementor-element-populated\">\n\t\t\t\t\t\t<div class=\"elementor-element elementor-element-d78cd69 elementor-widget elementor-widget-text-editor\" data-id=\"d78cd69\" data-element_type=\"widget\" data-e-type=\"widget\" data-widget_type=\"text-editor.default\">\n\t\t\t\t\t\t\t\t\t<p><span style=\"background-color: var(--ak-bg-color);\">En la traves\u00eda, \u00c9dgar y su hermana Isabel llegaron hasta el poblado fronterizo de Puerto Palomas, en Chihuahua, M\u00e9xico. \u201cYo le dije a Isabel, me quedo otros d\u00edas aqu\u00ed. Estoy escribiendo mucho. Solo dejame la Biblia. Porque llev\u00e1bamos una Biblia. Pero ella no quiso dej\u00e1rmela, se la llev\u00f3. Me qued\u00e9 una semana. Cuando me enter\u00e9 de algo: Lleg\u00f3 un se\u00f1or que iba con el grupo en el que se fue ella. Dice tu hermana que ac\u00e1 est\u00e1 la Biblia, la captur\u00f3 la migraci\u00f3n, dice que no te preocupes,. que sigas el camino\u201d.<\/span><\/p><p>\u201cCuando cruc\u00e9 la frontera tambi\u00e9n me agarraron polic\u00edas de Migraci\u00f3n de Estados Unidos. Me interrogaron. \u00bfA qu\u00e9 vienes? A trabajar. \u00bfQu\u00e9 traes all\u00ed? Mi cuaderno con poemas y anotaciones de lo que vengo viviendo. \u00bfY por qu\u00e9 no tienes miedo? No tengo miedo, ustedes son personas, yo soy persona. Ustedes son autoridad y no me deben hacer da\u00f1o. \u00bfPodemos ver lo que escribes? S\u00ed claro, lean. (Lo revisan)\u201d \u00bfY no sabes t\u00fa que te podemos deportar ahora mismo? Pues si no puedo pasar, s\u00fabeme en un avi\u00f3n y me regresan a Guatemala. Yo no vengo a hacer da\u00f1o, soy un escritor y seguir\u00e9 escribiendo. Soy un trabajador y seguir\u00e9 trabajando\u201d.<\/p>\t\t\t\t\t\t\t\t<\/div>\n\t\t\t\t\t<\/div>\n\t\t<\/div>\n\t\t\t\t\t<\/div>\n\t\t<\/section>\n\t\t\t\t<section data-particle_enable=\"false\" data-particle-mobile-disabled=\"false\" class=\"elementor-section elementor-top-section elementor-element elementor-element-fc3dedb elementor-section-boxed elementor-section-height-default elementor-section-height-default\" data-id=\"fc3dedb\" data-element_type=\"section\" data-e-type=\"section\">\n\t\t\t\t\t\t<div class=\"elementor-container elementor-column-gap-default\">\n\t\t\t\t\t<div class=\"elementor-column elementor-col-100 elementor-top-column elementor-element elementor-element-c7f87bd\" data-id=\"c7f87bd\" data-element_type=\"column\" data-e-type=\"column\">\n\t\t\t<div class=\"elementor-widget-wrap elementor-element-populated\">\n\t\t\t\t\t\t<div class=\"elementor-element elementor-element-894f162 elementor-widget elementor-widget-text-editor\" data-id=\"894f162\" data-element_type=\"widget\" data-e-type=\"widget\" data-widget_type=\"text-editor.default\">\n\t\t\t\t\t\t\t\t\t<h4><span style=\"background-color: var(--ak-bg-color);\">LIBERTAD<\/span><\/h4><h4><i><span style=\"color: var( --e-global-color-text ); background-color: var(--ak-bg-color);\">No me encierren en el silencio de cuatro paredes<br \/><\/span><span style=\"color: var( --e-global-color-text ); background-color: var(--ak-bg-color);\">el mundo es grande,\u00a0<br \/><\/span><span style=\"color: var( --e-global-color-text ); background-color: var(--ak-bg-color);\">no lo vuelvan peque\u00f1o<br \/><\/span><span style=\"color: var( --e-global-color-text ); background-color: var(--ak-bg-color);\">la desesperaci\u00f3n se apodera de m\u00ed<br \/><\/span><span style=\"color: var( --e-global-color-text ); background-color: var(--ak-bg-color);\">quiero estar en libertad<br \/><\/span><span style=\"color: var( --e-global-color-text ); background-color: var(--ak-bg-color);\">salir a respirar aire<br \/><\/span><span style=\"color: var( --e-global-color-text ); background-color: var(--ak-bg-color);\">ver como el sol se esconde dentro de la noche<br \/><\/span><span style=\"color: var( --e-global-color-text ); background-color: var(--ak-bg-color);\">d\u00e9jenme volar y\u00a0<br \/><\/span><span style=\"color: var( --e-global-color-text ); background-color: var(--ak-bg-color);\">perderme entre las nubes<br \/><\/span><span style=\"color: var( --e-global-color-text ); background-color: var(--ak-bg-color);\">solo quiero libertad<\/span><\/i><\/h4><h4><i><span style=\"color: var( --e-global-color-text ); background-color: var(--ak-bg-color);\"><br \/><\/span>(Poema escrito en el centro de detenci\u00f3n migratoria de Nuevo M\u00e9xico)<\/i><\/h4>\t\t\t\t\t\t\t\t<\/div>\n\t\t\t\t\t<\/div>\n\t\t<\/div>\n\t\t\t\t\t<\/div>\n\t\t<\/section>\n\t\t\t\t<section data-particle_enable=\"false\" data-particle-mobile-disabled=\"false\" class=\"elementor-section elementor-top-section elementor-element elementor-element-2a54587 elementor-section-boxed elementor-section-height-default elementor-section-height-default\" data-id=\"2a54587\" data-element_type=\"section\" data-e-type=\"section\">\n\t\t\t\t\t\t<div class=\"elementor-container elementor-column-gap-default\">\n\t\t\t\t\t<div class=\"elementor-column elementor-col-100 elementor-top-column elementor-element elementor-element-5077acd\" data-id=\"5077acd\" data-element_type=\"column\" data-e-type=\"column\">\n\t\t\t<div class=\"elementor-widget-wrap elementor-element-populated\">\n\t\t\t\t\t\t<div class=\"elementor-element elementor-element-168abf4 elementor-widget elementor-widget-image\" data-id=\"168abf4\" data-element_type=\"widget\" data-e-type=\"widget\" data-widget_type=\"image.default\">\n\t\t\t\t\t\t\t\t\t\t\t\t<figure class=\"wp-caption\">\n\t\t\t\t\t\t\t\t\t\t<img decoding=\"async\" width=\"528\" height=\"566\" src=\"https:\/\/soymigrante.com\/revista\/wp-content\/uploads\/2023\/06\/Edgar-Itzep-migrante-de-Momostenango-fue-y-vino-de-San-Francisco-en-unlapso-de-2-anos-8-1.webp\" class=\"attachment-medium_large size-medium_large wp-image-1647\" alt=\"\" srcset=\"https:\/\/soymigrante.com\/revista\/wp-content\/uploads\/2023\/06\/Edgar-Itzep-migrante-de-Momostenango-fue-y-vino-de-San-Francisco-en-unlapso-de-2-anos-8-1.webp 528w, https:\/\/soymigrante.com\/revista\/wp-content\/uploads\/2023\/06\/Edgar-Itzep-migrante-de-Momostenango-fue-y-vino-de-San-Francisco-en-unlapso-de-2-anos-8-1-280x300.webp 280w\" sizes=\"(max-width: 528px) 100vw, 528px\" title=\"Edgar Itzep, migrante de Momostenango, fue y vino de San Francisco en unlapso de 2 a\u00f1os (8) \u2013 SoyMigrante.com REVISTA\" \/>\t\t\t\t\t\t\t\t\t\t\t<figcaption class=\"widget-image-caption wp-caption-text\">En cada momento que ten\u00eda libre, \u00c9dgar se iba a la playa de San Francisco en donde nacieron numerosas composiciones literarias.<\/figcaption>\n\t\t\t\t\t\t\t\t\t\t<\/figure>\n\t\t\t\t\t\t\t\t\t<\/div>\n\t\t\t\t\t<\/div>\n\t\t<\/div>\n\t\t\t\t\t<\/div>\n\t\t<\/section>\n\t\t\t\t<section data-particle_enable=\"false\" data-particle-mobile-disabled=\"false\" class=\"elementor-section elementor-top-section elementor-element elementor-element-423d2eb elementor-section-boxed elementor-section-height-default elementor-section-height-default\" data-id=\"423d2eb\" data-element_type=\"section\" data-e-type=\"section\">\n\t\t\t\t\t\t<div class=\"elementor-container elementor-column-gap-default\">\n\t\t\t\t\t<div class=\"elementor-column elementor-col-100 elementor-top-column elementor-element elementor-element-6d7487e\" data-id=\"6d7487e\" data-element_type=\"column\" data-e-type=\"column\">\n\t\t\t<div class=\"elementor-widget-wrap elementor-element-populated\">\n\t\t\t\t\t\t<div class=\"elementor-element elementor-element-2733f93 elementor-widget elementor-widget-heading\" data-id=\"2733f93\" data-element_type=\"widget\" data-e-type=\"widget\" data-widget_type=\"heading.default\">\n\t\t\t\t\t<h2 class=\"elementor-heading-title elementor-size-default\">Migrante tiene permiso para crear <\/h2>\t\t\t\t<\/div>\n\t\t\t\t\t<\/div>\n\t\t<\/div>\n\t\t\t\t\t<\/div>\n\t\t<\/section>\n\t\t\t\t<section data-particle_enable=\"false\" data-particle-mobile-disabled=\"false\" class=\"elementor-section elementor-top-section elementor-element elementor-element-8cc2d65 elementor-section-boxed elementor-section-height-default elementor-section-height-default\" data-id=\"8cc2d65\" data-element_type=\"section\" data-e-type=\"section\">\n\t\t\t\t\t\t<div class=\"elementor-container elementor-column-gap-default\">\n\t\t\t\t\t<div class=\"elementor-column elementor-col-100 elementor-top-column elementor-element elementor-element-e265467\" data-id=\"e265467\" data-element_type=\"column\" data-e-type=\"column\">\n\t\t\t<div class=\"elementor-widget-wrap elementor-element-populated\">\n\t\t\t\t\t\t<div class=\"elementor-element elementor-element-00b5af6 elementor-widget elementor-widget-text-editor\" data-id=\"00b5af6\" data-element_type=\"widget\" data-e-type=\"widget\" data-widget_type=\"text-editor.default\">\n\t\t\t\t\t\t\t\t\t<p><span style=\"color: var( --e-global-color-text ); background-color: var(--ak-bg-color);\">Para no alargar la historia, a Edgar le dieron un permiso para estar dos a\u00f1os en Estados Unidos.\u00a0 No recuerda qu\u00e9 tipo de formulario o qu\u00e9 ley invocaron, pero a los tres d\u00edas iba en un bus rumbo a San Francisco, en donde se reunir\u00eda con su hermano.<\/span><\/p><p>Al d\u00eda siguiente comenz\u00f3 a trabajar en jardiner\u00eda. \u201cDespu\u00e9s fui alba\u00f1il. Ya lo sab\u00eda hacer pero en Estados Unidos se usan m\u00e1quinas. Si me daban instrucciones, usaba el tel\u00e9fono con Google Traductor y no hab\u00eda problema. Pero empec\u00e9 a estudiar ingl\u00e9s\u201d.\u00a0<\/p><p>En un par de ocasiones lo invitaron a leer sus poemas en una galer\u00eda de arte. \u201cEn donde trabajaba como jardinero, alguien se di\u00f3 cuenta de que yo estaba escribiendo. Era un profesor universitario, que me invit\u00f3 a lecturas de mis textos\u201d.<\/p><p>Consigui\u00f3 un carnet para la biblioteca de San Francisco y acud\u00eda con frecuencia a leer y a prestar libros. \u201cMe acord\u00e9 de la peque\u00f1a biblioteca de Momostenango y de los consejos del maestro Akabal que me dec\u00eda: no par\u00e9s de leer para que no par\u00e9s de escribira. En Guatemala se deberia fomentar m\u00e1s la lectura en los ni\u00f1os\u201d.<\/p>\t\t\t\t\t\t\t\t<\/div>\n\t\t\t\t\t<\/div>\n\t\t<\/div>\n\t\t\t\t\t<\/div>\n\t\t<\/section>\n\t\t\t\t<section data-particle_enable=\"false\" data-particle-mobile-disabled=\"false\" class=\"elementor-section elementor-top-section elementor-element elementor-element-7f55ad0 elementor-section-boxed elementor-section-height-default elementor-section-height-default\" data-id=\"7f55ad0\" data-element_type=\"section\" data-e-type=\"section\">\n\t\t\t\t\t\t<div class=\"elementor-container elementor-column-gap-default\">\n\t\t\t\t\t<div class=\"elementor-column elementor-col-100 elementor-top-column elementor-element elementor-element-51e8d9d\" data-id=\"51e8d9d\" data-element_type=\"column\" data-e-type=\"column\">\n\t\t\t<div class=\"elementor-widget-wrap elementor-element-populated\">\n\t\t\t\t\t\t<div class=\"elementor-element elementor-element-13434f5 elementor-widget elementor-widget-image\" data-id=\"13434f5\" data-element_type=\"widget\" data-e-type=\"widget\" data-widget_type=\"image.default\">\n\t\t\t\t\t\t\t\t\t\t\t\t<figure class=\"wp-caption\">\n\t\t\t\t\t\t\t\t\t\t<img loading=\"lazy\" decoding=\"async\" width=\"768\" height=\"518\" src=\"https:\/\/soymigrante.com\/revista\/wp-content\/uploads\/2023\/06\/84614d5a-9dfc-4a99-a82a-2c9ddf5071b4.webp\" class=\"attachment-large size-large wp-image-1648\" alt=\"\u00c9dgar Itzep regres\u00f3 a Momostenango, en donde pudo cuidar a sus padres, quienes poco despu\u00e9s fallecieron. Sigue creando poes\u00eda y espera publicar pronto su primer libro.\" srcset=\"https:\/\/soymigrante.com\/revista\/wp-content\/uploads\/2023\/06\/84614d5a-9dfc-4a99-a82a-2c9ddf5071b4.webp 881w, https:\/\/soymigrante.com\/revista\/wp-content\/uploads\/2023\/06\/84614d5a-9dfc-4a99-a82a-2c9ddf5071b4-300x202.webp 300w, https:\/\/soymigrante.com\/revista\/wp-content\/uploads\/2023\/06\/84614d5a-9dfc-4a99-a82a-2c9ddf5071b4-768x518.webp 768w, https:\/\/soymigrante.com\/revista\/wp-content\/uploads\/2023\/06\/84614d5a-9dfc-4a99-a82a-2c9ddf5071b4-750x506.webp 750w\" sizes=\"(max-width: 768px) 100vw, 768px\" title=\"\u00c9dgar Itzep regres\u00f3 a Momostenango, en donde pudo cuidar a sus padres, quienes poco despu\u00e9s  fallecieron. Sigue creando poes\u00eda y espera publicar pronto su primer libro. \u2013 SoyMigrante.com REVISTA\" \/>\t\t\t\t\t\t\t\t\t\t\t<figcaption class=\"widget-image-caption wp-caption-text\">\u00c9dgar Itzep regres\u00f3 a Momostenango, en donde pudo cuidar a sus padres, quienes poco despu\u00e9s  fallecieron. Sigue creando poes\u00eda y espera publicar pronto su primer libro.<\/figcaption>\n\t\t\t\t\t\t\t\t\t\t<\/figure>\n\t\t\t\t\t\t\t\t\t<\/div>\n\t\t\t\t\t<\/div>\n\t\t<\/div>\n\t\t\t\t\t<\/div>\n\t\t<\/section>\n\t\t\t\t<section data-particle_enable=\"false\" data-particle-mobile-disabled=\"false\" class=\"elementor-section elementor-top-section elementor-element elementor-element-93d3fe9 elementor-section-boxed elementor-section-height-default elementor-section-height-default\" data-id=\"93d3fe9\" data-element_type=\"section\" data-e-type=\"section\">\n\t\t\t\t\t\t<div class=\"elementor-container elementor-column-gap-default\">\n\t\t\t\t\t<div class=\"elementor-column elementor-col-100 elementor-top-column elementor-element elementor-element-be35a15\" data-id=\"be35a15\" data-element_type=\"column\" data-e-type=\"column\">\n\t\t\t<div class=\"elementor-widget-wrap elementor-element-populated\">\n\t\t\t\t\t\t<div class=\"elementor-element elementor-element-9692e84 elementor-widget elementor-widget-heading\" data-id=\"9692e84\" data-element_type=\"widget\" data-e-type=\"widget\" data-widget_type=\"heading.default\">\n\t\t\t\t\t<h2 class=\"elementor-heading-title elementor-size-default\">Migrante regresa al pa\u00eds justo a tiempo<\/h2>\t\t\t\t<\/div>\n\t\t\t\t\t<\/div>\n\t\t<\/div>\n\t\t\t\t\t<\/div>\n\t\t<\/section>\n\t\t\t\t<section data-particle_enable=\"false\" data-particle-mobile-disabled=\"false\" class=\"elementor-section elementor-top-section elementor-element elementor-element-49580e3 elementor-section-boxed elementor-section-height-default elementor-section-height-default\" data-id=\"49580e3\" data-element_type=\"section\" data-e-type=\"section\">\n\t\t\t\t\t\t<div class=\"elementor-container elementor-column-gap-default\">\n\t\t\t\t\t<div class=\"elementor-column elementor-col-100 elementor-top-column elementor-element elementor-element-c7326d9\" data-id=\"c7326d9\" data-element_type=\"column\" data-e-type=\"column\">\n\t\t\t<div class=\"elementor-widget-wrap elementor-element-populated\">\n\t\t\t\t\t\t<div class=\"elementor-element elementor-element-b642e6f elementor-widget elementor-widget-text-editor\" data-id=\"b642e6f\" data-element_type=\"widget\" data-e-type=\"widget\" data-widget_type=\"text-editor.default\">\n\t\t\t\t\t\t\t\t\t<p><span style=\"color: var( --e-global-color-text ); background-color: var(--ak-bg-color);\">Despues de dos a\u00f1os, se venci\u00f3 el permiso de estad\u00eda en Estados Unidos. Ten\u00eda algunos ahorros y sobre todo el deseo de regresar a Guatemala. \u201cMe dec\u00edan quedate, no importa el plazo que te dieron. Yo dije: si me dieron permiso para dos a\u00f1os, yo lo voy a respetar. Si no, romper\u00e9 la ley y no quiero eso. Adem\u00e1s quiero ir a ver a mis padres. Si respeto la ley puedo un d\u00eda pedir regresar otros dos a\u00f1os\u201d.<\/span><\/p><p>Fue as\u00ed como en 2022, Edgar pag\u00f3 su boleto de avi\u00f3n y despu\u00e9s abord\u00f3 un autob\u00fas hasta su natal Momostenango. Encontr\u00f3 a\u00fan a sus padres, quienes fallecieron meses despu\u00e9s\u201d.<\/p><p>Actualmente Edgar &#8220;Chivito&#8221; Itzep atiende su negocio en el centro urbano de Momostenango, sigue escribiendo y est\u00e1 en el trabajo de seleccionar poemas para publicar su primer libro. \u201cTal vez alguna vez viaje otra vez a Estados Unidos para publicarlo, pero m\u00e1s me gustar\u00eda que yo leyeran en mi pueblo y animar a que m\u00e1s ni\u00f1os se animen a escribir\u201d, dice.<\/p><div>\u00a0<\/div>\t\t\t\t\t\t\t\t<\/div>\n\t\t\t\t\t<\/div>\n\t\t<\/div>\n\t\t\t\t\t<\/div>\n\t\t<\/section>\n\t\t\t\t<section data-particle_enable=\"false\" data-particle-mobile-disabled=\"false\" class=\"elementor-section elementor-top-section elementor-element elementor-element-87b75b5 elementor-section-boxed elementor-section-height-default elementor-section-height-default\" data-id=\"87b75b5\" data-element_type=\"section\" data-e-type=\"section\">\n\t\t\t\t\t\t<div class=\"elementor-container elementor-column-gap-default\">\n\t\t\t\t\t<div class=\"elementor-column elementor-col-100 elementor-top-column elementor-element elementor-element-10b06dc\" data-id=\"10b06dc\" data-element_type=\"column\" data-e-type=\"column\">\n\t\t\t<div class=\"elementor-widget-wrap elementor-element-populated\">\n\t\t\t\t\t\t<div class=\"elementor-element elementor-element-bc36dba elementor-widget elementor-widget-image\" data-id=\"bc36dba\" data-element_type=\"widget\" data-e-type=\"widget\" data-widget_type=\"image.default\">\n\t\t\t\t\t\t\t\t\t\t\t\t<figure class=\"wp-caption\">\n\t\t\t\t\t\t\t\t\t\t<img loading=\"lazy\" decoding=\"async\" width=\"576\" height=\"1024\" src=\"https:\/\/soymigrante.com\/revista\/wp-content\/uploads\/2023\/06\/Edgar-Itzep-migrante-de-Momostenango-fue-y-vino-de-San-Francisco-en-unlapso-de-2-anos-7-576x1024.webp\" class=\"attachment-large size-large wp-image-1639\" alt=\"Edgar Itzep se sorprendi\u00f3 de la indiferencia de la sociedad en EE.UU. &quot;Hay gente buena, pero en muchos casos, tienes que rascarte con tus propias u\u00f1as, no conoces a nadie y aunque conozcas, cada quien se ocupa de lo suyo. Eso me desanim\u00f3&quot;, expresa.\" srcset=\"https:\/\/soymigrante.com\/revista\/wp-content\/uploads\/2023\/06\/Edgar-Itzep-migrante-de-Momostenango-fue-y-vino-de-San-Francisco-en-unlapso-de-2-anos-7-576x1024.webp 576w, https:\/\/soymigrante.com\/revista\/wp-content\/uploads\/2023\/06\/Edgar-Itzep-migrante-de-Momostenango-fue-y-vino-de-San-Francisco-en-unlapso-de-2-anos-7-169x300.webp 169w, https:\/\/soymigrante.com\/revista\/wp-content\/uploads\/2023\/06\/Edgar-Itzep-migrante-de-Momostenango-fue-y-vino-de-San-Francisco-en-unlapso-de-2-anos-7-768x1365.webp 768w, https:\/\/soymigrante.com\/revista\/wp-content\/uploads\/2023\/06\/Edgar-Itzep-migrante-de-Momostenango-fue-y-vino-de-San-Francisco-en-unlapso-de-2-anos-7-864x1536.webp 864w, https:\/\/soymigrante.com\/revista\/wp-content\/uploads\/2023\/06\/Edgar-Itzep-migrante-de-Momostenango-fue-y-vino-de-San-Francisco-en-unlapso-de-2-anos-7-750x1333.webp 750w, https:\/\/soymigrante.com\/revista\/wp-content\/uploads\/2023\/06\/Edgar-Itzep-migrante-de-Momostenango-fue-y-vino-de-San-Francisco-en-unlapso-de-2-anos-7.webp 1080w\" sizes=\"(max-width: 576px) 100vw, 576px\" title=\"Edgar Itzep se sorprendi\u00f3 de la indiferencia de la sociedad en EE.UU. &quot;Hay gente buena, pero en muchos casos, tienes que rascarte con tus propias u\u00f1as, no conoces a nadie y aunque conozcas, cada quien se ocupa de lo suyo. Eso me desanim\u00f3&quot;, expresa. \u2013 SoyMigrante.com REVISTA\" \/>\t\t\t\t\t\t\t\t\t\t\t<figcaption class=\"widget-image-caption wp-caption-text\">Edgar Itzep se sorprendi\u00f3 de la indiferencia de la sociedad en EE.UU. \"Hay gente buena, pero en muchos casos, tienes que rascarte con tus propias u\u00f1as, no conoces a nadie y aunque conozcas, cada quien se ocupa de lo suyo. Eso me desanim\u00f3\", expresa.<\/figcaption>\n\t\t\t\t\t\t\t\t\t\t<\/figure>\n\t\t\t\t\t\t\t\t\t<\/div>\n\t\t\t\t\t<\/div>\n\t\t<\/div>\n\t\t\t\t\t<\/div>\n\t\t<\/section>\n\t\t\t\t<section data-particle_enable=\"false\" data-particle-mobile-disabled=\"false\" class=\"elementor-section elementor-top-section elementor-element elementor-element-110741e elementor-section-boxed elementor-section-height-default elementor-section-height-default\" data-id=\"110741e\" data-element_type=\"section\" data-e-type=\"section\">\n\t\t\t\t\t\t<div class=\"elementor-container elementor-column-gap-default\">\n\t\t\t\t\t<div class=\"elementor-column elementor-col-100 elementor-top-column elementor-element elementor-element-4c87d8a\" data-id=\"4c87d8a\" data-element_type=\"column\" data-e-type=\"column\">\n\t\t\t<div class=\"elementor-widget-wrap elementor-element-populated\">\n\t\t\t\t\t\t<div class=\"elementor-element elementor-element-b4c4a55 elementor-invisible elementor-widget elementor-widget-heading\" data-id=\"b4c4a55\" data-element_type=\"widget\" data-e-type=\"widget\" data-settings=\"{&quot;motion_fx_motion_fx_mouse&quot;:&quot;yes&quot;,&quot;motion_fx_tilt_effect&quot;:&quot;yes&quot;,&quot;motion_fx_tilt_direction&quot;:&quot;negative&quot;,&quot;_animation&quot;:&quot;zoomIn&quot;,&quot;motion_fx_tilt_speed&quot;:{&quot;unit&quot;:&quot;px&quot;,&quot;size&quot;:4,&quot;sizes&quot;:[]}}\" data-widget_type=\"heading.default\">\n\t\t\t\t\t<h2 class=\"elementor-heading-title elementor-size-default\">M\u00e1s historias de genio art\u00edstico migrante<\/h2>\t\t\t\t<\/div>\n\t\t\t\t\t<\/div>\n\t\t<\/div>\n\t\t\t\t\t<\/div>\n\t\t<\/section>\n\t\t\t\t<section data-particle_enable=\"false\" data-particle-mobile-disabled=\"false\" class=\"elementor-section elementor-top-section elementor-element elementor-element-16589d7 elementor-section-boxed elementor-section-height-default elementor-section-height-default\" data-id=\"16589d7\" data-element_type=\"section\" data-e-type=\"section\">\n\t\t\t\t\t\t<div class=\"elementor-container elementor-column-gap-default\">\n\t\t\t\t\t<div class=\"elementor-column elementor-col-100 elementor-top-column elementor-element elementor-element-4f7291d\" data-id=\"4f7291d\" data-element_type=\"column\" data-e-type=\"column\">\n\t\t\t<div class=\"elementor-widget-wrap elementor-element-populated\">\n\t\t\t\t\t\t<div class=\"elementor-element elementor-element-89f069a elementor-grid-eael-col-2 elementor-grid-tablet-eael-col-2 elementor-grid-mobile-eael-col-1 elementor-invisible elementor-widget elementor-widget-eael-post-grid\" data-id=\"89f069a\" data-element_type=\"widget\" data-e-type=\"widget\" data-settings=\"{&quot;eael_post_grid_columns&quot;:&quot;eael-col-2&quot;,&quot;_animation&quot;:&quot;rotateInDownLeft&quot;,&quot;eael_post_grid_columns_tablet&quot;:&quot;eael-col-2&quot;,&quot;eael_post_grid_columns_mobile&quot;:&quot;eael-col-1&quot;}\" data-widget_type=\"eael-post-grid.default\">\n\t\t\t\t\t<div id=\"eael-post-grid-89f069a\" class=\"eael-post-grid-container\">\n            <div class=\"eael-post-grid eael-post-appender eael-post-appender-89f069a eael-post-grid-style-one\" data-layout-mode=\"grid\"><article class=\"eael-grid-post  eael-post-grid-column eael-pg-post-2415 category-exitos\" data-id=\"2415\">\n        <div class=\"eael-grid-post-holder\">\n            <div class=\"eael-grid-post-holder-inner\"><div class=\"eael-entry-media\"><ul class=\"post-carousel-categories\"><li><a href=\"https:\/\/soymigrante.com\/revista\/category\/exitos\/\">\u00c9xitos<\/a><\/li><\/ul><div class=\"eael-entry-overlay fade-in\"><i class=\"fas fa-long-arrow-alt-right\" aria-hidden=\"true\"><\/i><a href=\"https:\/\/soymigrante.com\/revista\/roldan-jose-es-un-migrante-guatemalteco-orgulloso-de-su-raiz-y-de-ser-un-mico-bailador\/\"><\/a><\/div><div class=\"eael-entry-thumbnail \">\n                <img loading=\"lazy\" decoding=\"async\" width=\"300\" height=\"200\" src=\"https:\/\/soymigrante.com\/revista\/wp-content\/uploads\/2023\/08\/LADANZ1-300x200.webp\" class=\"attachment-medium size-medium wp-image-2365\" alt=\"El mico y migrante guatemalteco\" srcset=\"https:\/\/soymigrante.com\/revista\/wp-content\/uploads\/2023\/08\/LADANZ1-300x200.webp 300w, https:\/\/soymigrante.com\/revista\/wp-content\/uploads\/2023\/08\/LADANZ1-1024x683.webp 1024w, https:\/\/soymigrante.com\/revista\/wp-content\/uploads\/2023\/08\/LADANZ1-768x512.webp 768w, https:\/\/soymigrante.com\/revista\/wp-content\/uploads\/2023\/08\/LADANZ1-1536x1024.webp 1536w, https:\/\/soymigrante.com\/revista\/wp-content\/uploads\/2023\/08\/LADANZ1-750x500.webp 750w, https:\/\/soymigrante.com\/revista\/wp-content\/uploads\/2023\/08\/LADANZ1-1140x760.webp 1140w, https:\/\/soymigrante.com\/revista\/wp-content\/uploads\/2023\/08\/LADANZ1-600x400.webp 600w, https:\/\/soymigrante.com\/revista\/wp-content\/uploads\/2023\/08\/LADANZ1.webp 1600w\" sizes=\"(max-width: 300px) 100vw, 300px\" \/>\n            <\/div>\n        <\/div><div class=\"eael-entry-wrapper\"><header class=\"eael-entry-header\"><h2 class=\"eael-entry-title\"><a class=\"eael-grid-post-link\" href=\"https:\/\/soymigrante.com\/revista\/roldan-jose-es-un-migrante-guatemalteco-orgulloso-de-su-raiz-y-de-ser-un-mico-bailador\/\" title=\"Rold\u00e1n Jos\u00e9 es un  migrante guatemalteco orgulloso de ser mico bailador momosteco en NY\">Rold\u00e1n Jos\u00e9 es un  migrante guatemalteco orgulloso de ser mico bailador momosteco en NY<\/a><\/h2><\/header><div class=\"eael-entry-content\">\n                        <div class=\"eael-grid-post-excerpt\"><p>Roldan Jos\u00e9 Wix deja huella en los corazones de los guatemaltecos migrantes y de las personas que lo rodean, dar a conocer su origen y tradiciones es el...<\/p><a href=\"https:\/\/soymigrante.com\/revista\/roldan-jose-es-un-migrante-guatemalteco-orgulloso-de-su-raiz-y-de-ser-un-mico-bailador\/\" class=\"eael-post-elements-readmore-btn\">Leer m\u00e1s<\/a><\/div>\n                    <\/div><\/div><\/div>\n        <\/div>\n    <\/article><article class=\"eael-grid-post  eael-post-grid-column eael-pg-post-1118 category-exitos\" data-id=\"1118\">\n        <div class=\"eael-grid-post-holder\">\n            <div class=\"eael-grid-post-holder-inner\"><div class=\"eael-entry-media\"><ul class=\"post-carousel-categories\"><li><a href=\"https:\/\/soymigrante.com\/revista\/category\/exitos\/\">\u00c9xitos<\/a><\/li><\/ul><div class=\"eael-entry-overlay fade-in\"><i class=\"fas fa-long-arrow-alt-right\" aria-hidden=\"true\"><\/i><a href=\"https:\/\/soymigrante.com\/revista\/migrante-guatemalteco-julio-cota-es-fotografo-en-nueva-york\/\"><\/a><\/div><div class=\"eael-entry-thumbnail \">\n                <img loading=\"lazy\" decoding=\"async\" width=\"300\" height=\"300\" src=\"https:\/\/soymigrante.com\/revista\/wp-content\/uploads\/2023\/06\/SM_7-300x300.webp\" class=\"attachment-medium size-medium wp-image-1167\" alt=\"Julio Cota fotografo migrante en nueva york\" srcset=\"https:\/\/soymigrante.com\/revista\/wp-content\/uploads\/2023\/06\/SM_7-300x300.webp 300w, https:\/\/soymigrante.com\/revista\/wp-content\/uploads\/2023\/06\/SM_7-150x150.webp 150w, https:\/\/soymigrante.com\/revista\/wp-content\/uploads\/2023\/06\/SM_7-75x75.webp 75w, https:\/\/soymigrante.com\/revista\/wp-content\/uploads\/2023\/06\/SM_7.webp 400w\" sizes=\"(max-width: 300px) 100vw, 300px\" \/>\n            <\/div>\n        <\/div><div class=\"eael-entry-wrapper\"><header class=\"eael-entry-header\"><h2 class=\"eael-entry-title\"><a class=\"eael-grid-post-link\" href=\"https:\/\/soymigrante.com\/revista\/migrante-guatemalteco-julio-cota-es-fotografo-en-nueva-york\/\" title=\"Migrante guatemalteco Julio Cota cuenta historias fotogr\u00e1ficas en Nueva York\">Migrante guatemalteco Julio Cota cuenta historias fotogr\u00e1ficas en Nueva York<\/a><\/h2><\/header><div class=\"eael-entry-content\">\n                        <div class=\"eael-grid-post-excerpt\"><p>Julio Cota Julajuj, oriundo del caser\u00edo Tierra Linda departamento de Solol\u00e1, llego a Estados Unidos hace tres a\u00f1os y medio. Este migrante guatemalteco trabaj\u00f3 en un restaurantes, pero...<\/p><a href=\"https:\/\/soymigrante.com\/revista\/migrante-guatemalteco-julio-cota-es-fotografo-en-nueva-york\/\" class=\"eael-post-elements-readmore-btn\">Leer m\u00e1s<\/a><\/div>\n                    <\/div><\/div><\/div>\n        <\/div>\n    <\/article><\/div>\n            <div class=\"clearfix\"><\/div>\n        <\/div>\t\t\t\t<\/div>\n\t\t\t\t\t<\/div>\n\t\t<\/div>\n\t\t\t\t\t<\/div>\n\t\t<\/section>\n\t\t\t\t<\/div>\n\t\t","protected":false},"excerpt":{"rendered":"<p>Edgar Itzep, \u201cEl Chivito\u201d vive en Momostenango, trabaj\u00f3 como jardinero la mayor parte de los dos a\u00f1os que estuvo en EE.UU. pero tambi\u00e9n ofreci\u00f3 recitales con las poes\u00edas que escribe. La de Edgar es una historia de realismo po\u00e9tico o de po\u00e9tico realismo migrante. En su camino hay una Biblia, jardines y hasta una galer\u00eda [&hellip;]<\/p>\n","protected":false},"author":7,"featured_media":1649,"comment_status":"open","ping_status":"open","sticky":false,"template":"","format":"standard","meta":{"_acf_changed":false,"_eb_attr":"","footnotes":""},"categories":[50],"tags":[],"class_list":["post-1626","post","type-post","status-publish","format-standard","has-post-thumbnail","hentry","category-exitos"],"acf":[],"aioseo_notices":[],"aioseo_head":"\n\t\t<!-- All in One SEO Pro 4.9.6.2 - aioseo.com -->\n\t<meta name=\"description\" content=\"Julio Cota Julajuj, oriundo del caser\u00edo Tierra Linda departamento de Solol\u00e1, llego a Estados Unidos hace tres a\u00f1os y medio. Este migrante guatemalteco trabaj\u00f3 en un restaurantes, pero su pasi\u00f3n y talento es la fotograf\u00eda. Se siente muy orgulloso de ser migrante y guatemalteco. Desde la tierra del paisaje departamento de Solol\u00e1, Julio a la\" \/>\n\t<meta name=\"robots\" content=\"max-snippet:-1, max-image-preview:large, max-video-preview:-1\" \/>\n\t<meta name=\"author\" content=\"Diana Batz\"\/>\n\t<link rel=\"canonical\" href=\"https:\/\/soymigrante.com\/revista\/migrante-guatemalteco-julio-cota-es-fotografo-en-nueva-york\/\" \/>\n\t<meta name=\"generator\" content=\"All in One SEO Pro (AIOSEO) 4.9.6.2\" \/>\n\n\t\t<link rel=\"preconnect\" href=\"https:\/\/fonts.googleapis.com\" crossorigin>\n<link rel=\"preconnect\" href=\"https:\/\/fonts.gstatic.com\" crossorigin>\n\t\t<meta property=\"og:locale\" content=\"es_ES\" \/>\n\t\t<meta property=\"og:site_name\" content=\"SoyMigrante.com REVISTA \u2013 Nuestra misi\u00f3n es reconocer y dignificar al migrante.\" \/>\n\t\t<meta property=\"og:type\" content=\"article\" \/>\n\t\t<meta property=\"og:title\" content=\"Migrante guatemalteco Julio Cota cuenta historias fotogr\u00e1ficas en Nueva York\" \/>\n\t\t<meta property=\"og:description\" content=\"Julio Cota Julajuj, oriundo del caser\u00edo Tierra Linda departamento de Solol\u00e1, llego a Estados Unidos hace tres a\u00f1os y medio. Este migrante guatemalteco trabaj\u00f3 en un restaurantes, pero su pasi\u00f3n y talento es la fotograf\u00eda. Se siente muy orgulloso de ser migrante y guatemalteco. Desde la tierra del paisaje departamento de Solol\u00e1, Julio a la\" \/>\n\t\t<meta property=\"og:url\" content=\"https:\/\/soymigrante.com\/revista\/migrante-guatemalteco-julio-cota-es-fotografo-en-nueva-york\/\" \/>\n\t\t<meta property=\"og:image\" content=\"https:\/\/soymigrante.com\/revista\/wp-content\/uploads\/2023\/06\/SM_7.webp\" \/>\n\t\t<meta property=\"og:image:secure_url\" content=\"https:\/\/soymigrante.com\/revista\/wp-content\/uploads\/2023\/06\/SM_7.webp\" \/>\n\t\t<meta property=\"og:image:width\" content=\"400\" \/>\n\t\t<meta property=\"og:image:height\" content=\"400\" \/>\n\t\t<meta property=\"article:published_time\" content=\"2023-05-31T21:35:39+00:00\" \/>\n\t\t<meta property=\"article:modified_time\" content=\"2024-11-01T12:54:39+00:00\" \/>\n\t\t<meta property=\"article:publisher\" content=\"https:\/\/www.facebook.com\/soymigrantecom\" \/>\n\t\t<meta name=\"twitter:card\" content=\"summary_large_image\" \/>\n\t\t<meta name=\"twitter:site\" content=\"@SoyMigrante_com\" \/>\n\t\t<meta name=\"twitter:title\" content=\"Migrante guatemalteco Julio Cota cuenta historias fotogr\u00e1ficas en Nueva York\" \/>\n\t\t<meta name=\"twitter:description\" content=\"Julio Cota Julajuj, oriundo del caser\u00edo Tierra Linda departamento de Solol\u00e1, llego a Estados Unidos hace tres a\u00f1os y medio. Este migrante guatemalteco trabaj\u00f3 en un restaurantes, pero su pasi\u00f3n y talento es la fotograf\u00eda. Se siente muy orgulloso de ser migrante y guatemalteco. Desde la tierra del paisaje departamento de Solol\u00e1, Julio a la\" \/>\n\t\t<meta name=\"twitter:creator\" content=\"@SoyMigrante_com\" \/>\n\t\t<meta name=\"twitter:image\" content=\"https:\/\/soymigrante.com\/revista\/wp-content\/uploads\/2023\/06\/SM_7.webp\" \/>\n\t\t<!-- All in One SEO Pro -->\r\n\t\t<title>Migrante guatemalteco Julio Cota cuenta historias fotogr\u00e1ficas en Nueva York<\/title>\n\n","aioseo_head_json":{"title":"Migrante guatemalteco Julio Cota cuenta historias fotogr\u00e1ficas en Nueva York","description":"Julio Cota Julajuj, oriundo del caser\u00edo Tierra Linda departamento de Solol\u00e1, llego a Estados Unidos hace tres a\u00f1os y medio. Este migrante guatemalteco trabaj\u00f3 en un restaurantes, pero su pasi\u00f3n y talento es la fotograf\u00eda. Se siente muy orgulloso de ser migrante y guatemalteco. Desde la tierra del paisaje departamento de Solol\u00e1, Julio a la","canonical_url":"https:\/\/soymigrante.com\/revista\/migrante-guatemalteco-julio-cota-es-fotografo-en-nueva-york\/","robots":"max-snippet:-1, max-image-preview:large, max-video-preview:-1","keywords":"","webmasterTools":{"miscellaneous":"&lt;link rel=\"preconnect\" href=\"https:\/\/fonts.googleapis.com\" crossorigin&gt;\n&lt;link rel=\"preconnect\" href=\"https:\/\/fonts.gstatic.com\" crossorigin&gt;"},"schema":null,"og:locale":"es_ES","og:site_name":"SoyMigrante.com REVISTA \u2013 Nuestra misi\u00f3n es reconocer y dignificar al migrante.","og:type":"article","og:title":"Migrante guatemalteco Julio Cota cuenta historias fotogr\u00e1ficas en Nueva York","og:description":"Julio Cota Julajuj, oriundo del caser\u00edo Tierra Linda departamento de Solol\u00e1, llego a Estados Unidos hace tres a\u00f1os y medio. Este migrante guatemalteco trabaj\u00f3 en un restaurantes, pero su pasi\u00f3n y talento es la fotograf\u00eda. Se siente muy orgulloso de ser migrante y guatemalteco. Desde la tierra del paisaje departamento de Solol\u00e1, Julio a la","og:url":"https:\/\/soymigrante.com\/revista\/migrante-guatemalteco-julio-cota-es-fotografo-en-nueva-york\/","og:image":"https:\/\/soymigrante.com\/revista\/wp-content\/uploads\/2023\/06\/SM_7.webp","og:image:secure_url":"https:\/\/soymigrante.com\/revista\/wp-content\/uploads\/2023\/06\/SM_7.webp","og:image:width":400,"og:image:height":400,"article:published_time":"2023-05-31T21:35:39+00:00","article:modified_time":"2024-11-01T12:54:39+00:00","article:publisher":"https:\/\/www.facebook.com\/soymigrantecom","twitter:card":"summary_large_image","twitter:site":"@SoyMigrante_com","twitter:title":"Migrante guatemalteco Julio Cota cuenta historias fotogr\u00e1ficas en Nueva York","twitter:description":"Julio Cota Julajuj, oriundo del caser\u00edo Tierra Linda departamento de Solol\u00e1, llego a Estados Unidos hace tres a\u00f1os y medio. Este migrante guatemalteco trabaj\u00f3 en un restaurantes, pero su pasi\u00f3n y talento es la fotograf\u00eda. Se siente muy orgulloso de ser migrante y guatemalteco. Desde la tierra del paisaje departamento de Solol\u00e1, Julio a la","twitter:creator":"@SoyMigrante_com","twitter:image":"https:\/\/soymigrante.com\/revista\/wp-content\/uploads\/2023\/06\/SM_7.webp"},"aioseo_meta_data":{"post_id":"1626","title":null,"description":"Edgar Itzep, un migrante guatemalteco que, gracias a su pasi\u00f3n por la poes\u00eda, vivi\u00f3 experiencias \u00fanicas en EE.UU. y regres\u00f3 a su tierra natal.","keywords":[],"keyphrases":{"focus":{"keyphrase":"Migrante","score":69,"analysis":{"keyphraseInTitle":{"score":9,"maxScore":9,"error":0},"keyphraseInDescription":{"score":9,"maxScore":9,"error":0},"keyphraseLength":{"score":9,"maxScore":9,"error":0,"length":1},"keyphraseInURL":{"score":5,"maxScore":5,"error":0},"keyphraseInIntroduction":{"score":9,"maxScore":9,"error":0},"keyphraseInSubHeadings":{"score":3,"maxScore":9,"error":1},"keyphraseInImageAlt":{"score":3,"maxScore":9,"error":1},"keywordDensity":{"score":0,"type":"low","maxScore":9,"error":1}}},"additional":[]},"primary_term":null,"canonical_url":null,"og_title":null,"og_description":null,"og_object_type":"default","og_image_type":"default","og_image_url":null,"og_image_width":null,"og_image_height":null,"og_image_custom_url":null,"og_image_custom_fields":null,"og_video":"","og_custom_url":null,"og_article_section":null,"og_article_tags":[],"twitter_use_og":false,"twitter_card":"default","twitter_image_type":"default","twitter_image_url":null,"twitter_image_custom_url":null,"twitter_image_custom_fields":null,"twitter_title":null,"twitter_description":null,"schema":{"blockGraphs":[],"customGraphs":[],"default":{"data":{"Article":[],"Course":[],"Dataset":[],"FAQPage":[],"Movie":[],"Person":[],"Product":[],"ProductReview":[],"Car":[],"Recipe":[],"Service":[],"SoftwareApplication":[],"WebPage":[]},"graphName":"BlogPosting","isEnabled":true},"graphs":[]},"schema_type":"default","schema_type_options":null,"pillar_content":false,"robots_default":true,"robots_noindex":false,"robots_noarchive":false,"robots_nosnippet":false,"robots_nofollow":false,"robots_noimageindex":false,"robots_noodp":false,"robots_notranslate":false,"robots_max_snippet":"-1","robots_max_videopreview":"-1","robots_max_imagepreview":"large","priority":null,"frequency":"default","local_seo":null,"seo_analyzer_scan_date":"2025-10-08 20:00:12","breadcrumb_settings":null,"limit_modified_date":false,"reviewed_by":null,"open_ai":null,"ai":null,"created":"2023-08-18 13:55:37","updated":"2026-02-04 04:42:49"},"aioseo_breadcrumb":"<div class=\"aioseo-breadcrumbs\"><span class=\"aioseo-breadcrumb\">\n\t<a href=\"https:\/\/soymigrante.com\/revista\" title=\"Home\">Home<\/a>\n<\/span><span class=\"aioseo-breadcrumb-separator\">\u00bb<\/span><span class=\"aioseo-breadcrumb\">\n\t<a href=\"https:\/\/soymigrante.com\/revista\/category\/exitos\/\" title=\"\u00c9xitos\">\u00c9xitos<\/a>\n<\/span><span class=\"aioseo-breadcrumb-separator\">\u00bb<\/span><span class=\"aioseo-breadcrumb\">\n\tLa poes\u00eda como pasaporte: aventura migrante de \u201cEl Chivo Poeta\u201d\n<\/span><\/div>","aioseo_breadcrumb_json":[{"label":"Home","link":"https:\/\/soymigrante.com\/revista"},{"label":"\u00c9xitos","link":"https:\/\/soymigrante.com\/revista\/category\/exitos\/"},{"label":"La poes\u00eda como pasaporte: aventura migrante de &#8220;El Chivo Poeta&#8221;","link":"https:\/\/soymigrante.com\/revista\/historia-migrante-guatemalteco-poeta\/"}],"_links":{"self":[{"href":"https:\/\/soymigrante.com\/revista\/wp-json\/wp\/v2\/posts\/1626","targetHints":{"allow":["GET"]}}],"collection":[{"href":"https:\/\/soymigrante.com\/revista\/wp-json\/wp\/v2\/posts"}],"about":[{"href":"https:\/\/soymigrante.com\/revista\/wp-json\/wp\/v2\/types\/post"}],"author":[{"embeddable":true,"href":"https:\/\/soymigrante.com\/revista\/wp-json\/wp\/v2\/users\/7"}],"replies":[{"embeddable":true,"href":"https:\/\/soymigrante.com\/revista\/wp-json\/wp\/v2\/comments?post=1626"}],"version-history":[{"count":0,"href":"https:\/\/soymigrante.com\/revista\/wp-json\/wp\/v2\/posts\/1626\/revisions"}],"wp:featuredmedia":[{"embeddable":true,"href":"https:\/\/soymigrante.com\/revista\/wp-json\/wp\/v2\/media\/1649"}],"wp:attachment":[{"href":"https:\/\/soymigrante.com\/revista\/wp-json\/wp\/v2\/media?parent=1626"}],"wp:term":[{"taxonomy":"category","embeddable":true,"href":"https:\/\/soymigrante.com\/revista\/wp-json\/wp\/v2\/categories?post=1626"},{"taxonomy":"post_tag","embeddable":true,"href":"https:\/\/soymigrante.com\/revista\/wp-json\/wp\/v2\/tags?post=1626"}],"curies":[{"name":"wp","href":"https:\/\/api.w.org\/{rel}","templated":true}]}}