{"id":16234,"date":"2024-12-13T10:58:45","date_gmt":"2024-12-13T16:58:45","guid":{"rendered":"https:\/\/soymigrante.com\/revista\/?p=16234"},"modified":"2024-12-21T20:57:22","modified_gmt":"2024-12-22T02:57:22","slug":"elmer-fernando-moran-vive-el-sueno-de-la-guatemalteca-en-colorado-junto-a-su-hermana","status":"publish","type":"post","link":"https:\/\/soymigrante.com\/revista\/elmer-fernando-moran-vive-el-sueno-de-la-guatemalteca-en-colorado-junto-a-su-hermana\/","title":{"rendered":"Elmer Fernando Mor\u00e1n vive el sue\u00f1o de La Guatemalteca en Colorado junto a su hermana"},"content":{"rendered":"\t\t<div data-elementor-type=\"wp-post\" data-elementor-id=\"16234\" class=\"elementor elementor-16234\" data-elementor-post-type=\"post\">\n\t\t\t\t<div data-particle_enable=\"false\" data-particle-mobile-disabled=\"false\" class=\"elementor-element elementor-element-990f3df e-flex e-con-boxed e-con e-parent\" data-id=\"990f3df\" data-element_type=\"container\" data-e-type=\"container\">\n\t\t\t\t\t<div class=\"e-con-inner\">\n\t\t\t\t<div class=\"elementor-element elementor-element-8470b81 elementor-widget elementor-widget-heading\" data-id=\"8470b81\" data-element_type=\"widget\" data-e-type=\"widget\" data-widget_type=\"heading.default\">\n\t\t\t\t\t<h2 class=\"elementor-heading-title elementor-size-default\">Elmer Fernando Mor\u00e1n dirige, junto con su hermana Dinora, la tienda La Guatemalteca en la ciudad de Aurora, Colorado donde vende productos guatemaltecos de la nostalgia, incluyendo tamales chapines. Esta es su historia.<\/h2>\t\t\t\t<\/div>\n\t\t\t\t\t<\/div>\n\t\t\t\t<\/div>\n\t\t<div data-particle_enable=\"false\" data-particle-mobile-disabled=\"false\" class=\"elementor-element elementor-element-02ba8a3 e-flex e-con-boxed e-con e-parent\" data-id=\"02ba8a3\" data-element_type=\"container\" data-e-type=\"container\">\n\t\t\t\t\t<div class=\"e-con-inner\">\n\t\t\t\t<div class=\"elementor-element elementor-element-0b08551 elementor-widget elementor-widget-text-editor\" data-id=\"0b08551\" data-element_type=\"widget\" data-e-type=\"widget\" data-widget_type=\"text-editor.default\">\n\t\t\t\t\t\t\t\t\t<p>Elmer Fernando Mor\u00e1n\u00a0<a href=\"https:\/\/soymigrante.com\/revista\/category\/exitos\/\" target=\"_blank\" rel=\"noopener\">es un migrante guatemalteco cuya historia refleja la lucha, el sacrificio y la resiliencia<\/a> de muchos que buscan un mejor futuro lejos de su tierra natal. E<span style=\"color: var( --e-global-color-text ); text-align: var(--text-align);\">s originario de Suchitep\u00e9quez, quien lleg\u00f3 a los Estados Unidos a los 10 a\u00f1os y a pesar de haber vivido muchas dificultades, se ha encargado de poner el nombre de Guatemala.\u00a0 Su tienda La Guatemalteca es ya todo un referente en la ciudad de Aurora, Colorado, donde distribuye productos chapines de la nostalgia y en temporadas como Navidad, tambi\u00e9n tamales.<\/span><\/p><p>Sin embargo, detr\u00e1s del \u00e9xito hay una historia de grandes dificultades, que \u00e9l ha sabido convertir en fortalezas. Es as\u00ed como se mantiene orgulloso de sus ra\u00edces y de apoyar a su comunidad. &#8220;Cumplir mis sue\u00f1os no ha sido f\u00e1cil, pero he luchado para demostrar que siempre es posible lograrlos&#8221;, expresa.<\/p>\t\t\t\t\t\t\t\t<\/div>\n\t\t\t\t\t<\/div>\n\t\t\t\t<\/div>\n\t\t<div data-particle_enable=\"false\" data-particle-mobile-disabled=\"false\" class=\"elementor-element elementor-element-7583462 e-flex e-con-boxed e-con e-parent\" data-id=\"7583462\" data-element_type=\"container\" data-e-type=\"container\">\n\t\t\t\t\t<div class=\"e-con-inner\">\n\t\t\t\t<div class=\"elementor-element elementor-element-480a5f5 elementor-widget elementor-widget-image\" data-id=\"480a5f5\" data-element_type=\"widget\" data-e-type=\"widget\" data-widget_type=\"image.default\">\n\t\t\t\t\t\t\t\t\t\t\t\t<figure class=\"wp-caption\">\n\t\t\t\t\t\t\t\t\t\t<img fetchpriority=\"high\" decoding=\"async\" width=\"768\" height=\"545\" src=\"https:\/\/soymigrante.com\/revista\/wp-content\/uploads\/2024\/12\/Elmer-Moran-De-la-adversidad-al-exito27-e1734100768642-1024x727.jpeg\" class=\"attachment-large size-large wp-image-16240\" alt=\"Expresi\u00f3n de celebraci\u00f3n en evento social con diversidad de asistentes en un ambiente moderno y elegante en la revista SoyMigrante.com REVISTA.\" srcset=\"https:\/\/soymigrante.com\/revista\/wp-content\/uploads\/2024\/12\/Elmer-Moran-De-la-adversidad-al-exito27-e1734100768642-1024x727.jpeg 1024w, https:\/\/soymigrante.com\/revista\/wp-content\/uploads\/2024\/12\/Elmer-Moran-De-la-adversidad-al-exito27-e1734100768642-300x213.jpeg 300w, https:\/\/soymigrante.com\/revista\/wp-content\/uploads\/2024\/12\/Elmer-Moran-De-la-adversidad-al-exito27-e1734100768642-768x545.jpeg 768w, https:\/\/soymigrante.com\/revista\/wp-content\/uploads\/2024\/12\/Elmer-Moran-De-la-adversidad-al-exito27-e1734100768642-120x86.webp 120w, https:\/\/soymigrante.com\/revista\/wp-content\/uploads\/2024\/12\/Elmer-Moran-De-la-adversidad-al-exito27-e1734100768642-750x533.webp 750w, https:\/\/soymigrante.com\/revista\/wp-content\/uploads\/2024\/12\/Elmer-Moran-De-la-adversidad-al-exito27-e1734100768642-1140x809.webp 1140w, https:\/\/soymigrante.com\/revista\/wp-content\/uploads\/2024\/12\/Elmer-Moran-De-la-adversidad-al-exito27-e1734100768642.webp 1190w\" sizes=\"(max-width: 768px) 100vw, 768px\" title=\"La historia de Elmer &quot;Fernando&quot; Mor\u00e1n no ha sido f\u00e1cil y junto a su hermana han tenido que vivir dif\u00edciles momentos para llegar al \u00e9xito. \u2013 SoyMigrante.com REVISTA\" \/>\t\t\t\t\t\t\t\t\t\t\t<figcaption class=\"widget-image-caption wp-caption-text\">Celebraci\u00f3n social y diversidad en evento moderno, con asistentes disfrutando en un entorno elegante y vibrante, representando temas de migraci\u00f3n y comunidad en SoyMigrante.com REVISTA.<\/figcaption>\n\t\t\t\t\t\t\t\t\t\t<\/figure>\n\t\t\t\t\t\t\t\t\t<\/div>\n\t\t\t\t\t<\/div>\n\t\t\t\t<\/div>\n\t\t<div data-particle_enable=\"false\" data-particle-mobile-disabled=\"false\" class=\"elementor-element elementor-element-d8620ba e-flex e-con-boxed e-con e-parent\" data-id=\"d8620ba\" data-element_type=\"container\" data-e-type=\"container\">\n\t\t\t\t\t<div class=\"e-con-inner\">\n\t\t\t\t<div class=\"elementor-element elementor-element-907b8c8 elementor-widget elementor-widget-heading\" data-id=\"907b8c8\" data-element_type=\"widget\" data-e-type=\"widget\" data-widget_type=\"heading.default\">\n\t\t\t\t\t<h3 class=\"elementor-heading-title elementor-size-default\">Un inicio marcado por la separaci\u00f3n<\/h3>\t\t\t\t<\/div>\n\t\t\t\t\t<\/div>\n\t\t\t\t<\/div>\n\t\t<div data-particle_enable=\"false\" data-particle-mobile-disabled=\"false\" class=\"elementor-element elementor-element-5fe9fa2 e-flex e-con-boxed e-con e-parent\" data-id=\"5fe9fa2\" data-element_type=\"container\" data-e-type=\"container\">\n\t\t\t\t\t<div class=\"e-con-inner\">\n\t\t\t\t<div class=\"elementor-element elementor-element-7f00d16 elementor-widget elementor-widget-text-editor\" data-id=\"7f00d16\" data-element_type=\"widget\" data-e-type=\"widget\" data-widget_type=\"text-editor.default\">\n\t\t\t\t\t\t\t\t\t<p>La historia de Fernando comenz\u00f3 en Guatemala, donde creci\u00f3 junto a su hermana Dinora Morales. Sus padres emigraron a Estados Unidos cuando \u00e9l era peque\u00f1o, <a href=\"https:\/\/soymigrante.com\/revista\/category\/exitos\/\" target=\"_blank\" rel=\"noopener\">con la esperanza de ofrecerles una mejor calidad de vida<\/a>. A los 10 a\u00f1os, Fernando y Dinora finalmente se reunieron con su mam\u00e1 en Colorado, Estados Unidos.<\/p><p>&#8220;La transici\u00f3n no fue f\u00e1cil. Aprender un nuevo idioma, adaptarse a tradiciones desconocidas y aceptar la distancia de Guatemala, de nuestros amigos y familiares fueron algunos de los retos m\u00e1s grandes&#8221;, cuenta.<\/p>\t\t\t\t\t\t\t\t<\/div>\n\t\t\t\t\t<\/div>\n\t\t\t\t<\/div>\n\t\t<div data-particle_enable=\"false\" data-particle-mobile-disabled=\"false\" class=\"elementor-element elementor-element-1880b3e e-flex e-con-boxed e-con e-parent\" data-id=\"1880b3e\" data-element_type=\"container\" data-e-type=\"container\">\n\t\t\t\t\t<div class=\"e-con-inner\">\n\t\t\t\t<div class=\"elementor-element elementor-element-f4b4387 elementor-arrows-position-inside elementor-pagination-position-outside elementor-widget elementor-widget-image-carousel\" data-id=\"f4b4387\" data-element_type=\"widget\" data-e-type=\"widget\" data-settings=\"{&quot;slides_to_show&quot;:&quot;1&quot;,&quot;navigation&quot;:&quot;both&quot;,&quot;autoplay&quot;:&quot;yes&quot;,&quot;pause_on_hover&quot;:&quot;yes&quot;,&quot;pause_on_interaction&quot;:&quot;yes&quot;,&quot;autoplay_speed&quot;:5000,&quot;infinite&quot;:&quot;yes&quot;,&quot;effect&quot;:&quot;slide&quot;,&quot;speed&quot;:500}\" data-widget_type=\"image-carousel.default\">\n\t\t\t\t\t\t\t<div class=\"elementor-image-carousel-wrapper swiper\" role=\"region\" aria-roledescription=\"carousel\" aria-label=\"Carrusel de im\u00e1genes\" dir=\"ltr\">\n\t\t\t<div class=\"elementor-image-carousel swiper-wrapper\" aria-live=\"off\">\n\t\t\t\t\t\t\t\t<div class=\"swiper-slide\" role=\"group\" aria-roledescription=\"slide\" aria-label=\"1 de 3\"><figure class=\"swiper-slide-inner\"><img decoding=\"async\" class=\"swiper-slide-image\" src=\"https:\/\/soymigrante.com\/revista\/wp-content\/uploads\/2024\/12\/Elmer-Moran-De-la-adversidad-al-exito3-e1734031101593-1024x1024.jpeg\" alt=\"Reconocimiento de galard\u00f3n en evento cultural, premiaci\u00f3n para talentos guatemaltecos, celebraci\u00f3n de logros en Guatemala.\" \/><\/figure><\/div><div class=\"swiper-slide\" role=\"group\" aria-roledescription=\"slide\" aria-label=\"2 de 3\"><figure class=\"swiper-slide-inner\"><img decoding=\"async\" class=\"swiper-slide-image\" src=\"https:\/\/soymigrante.com\/revista\/wp-content\/uploads\/2024\/12\/Elmer-Moran-De-la-adversidad-al-exito4-e1734100543167-1024x789.jpeg\" alt=\"Guatemalteco en evento internacional con banderas de Guatemala y EE.UU. en un acto cultural y diplom\u00e1tico.\" \/><\/figure><\/div><div class=\"swiper-slide\" role=\"group\" aria-roledescription=\"slide\" aria-label=\"3 de 3\"><figure class=\"swiper-slide-inner\"><img decoding=\"async\" class=\"swiper-slide-image\" src=\"https:\/\/soymigrante.com\/revista\/wp-content\/uploads\/2024\/12\/Elmer-Moran-De-la-adversidad-al-exito5-1024x768.jpeg\" alt=\"Personalidades j\u00f3venes en la embajada de Guatemala en EE.UU. durante un evento del Consulado General con banderas guatemaltecas y estadounidenses, promoviendo la cultura y relaciones internacionales.\" \/><\/figure><\/div>\t\t\t<\/div>\n\t\t\t\t\t\t\t\t\t\t\t\t<div class=\"elementor-swiper-button elementor-swiper-button-prev\" role=\"button\" tabindex=\"0\">\n\t\t\t\t\t\t<i aria-hidden=\"true\" class=\"eicon-chevron-left\"><\/i>\t\t\t\t\t<\/div>\n\t\t\t\t\t<div class=\"elementor-swiper-button elementor-swiper-button-next\" role=\"button\" tabindex=\"0\">\n\t\t\t\t\t\t<i aria-hidden=\"true\" class=\"eicon-chevron-right\"><\/i>\t\t\t\t\t<\/div>\n\t\t\t\t\n\t\t\t\t\t\t\t\t\t<div class=\"swiper-pagination\"><\/div>\n\t\t\t\t\t\t\t\t\t<\/div>\n\t\t\t\t\t\t<\/div>\n\t\t\t\t\t<\/div>\n\t\t\t\t<\/div>\n\t\t<div data-particle_enable=\"false\" data-particle-mobile-disabled=\"false\" class=\"elementor-element elementor-element-8d79715 e-flex e-con-boxed e-con e-parent\" data-id=\"8d79715\" data-element_type=\"container\" data-e-type=\"container\">\n\t\t\t\t\t<div class=\"e-con-inner\">\n\t\t\t\t<div class=\"elementor-element elementor-element-f7bd340 elementor-widget elementor-widget-heading\" data-id=\"f7bd340\" data-element_type=\"widget\" data-e-type=\"widget\" data-widget_type=\"heading.default\">\n\t\t\t\t\t<h3 class=\"elementor-heading-title elementor-size-default\">Una dolorosa p\u00e9rdida<\/h3>\t\t\t\t<\/div>\n\t\t\t\t\t<\/div>\n\t\t\t\t<\/div>\n\t\t<div data-particle_enable=\"false\" data-particle-mobile-disabled=\"false\" class=\"elementor-element elementor-element-7ac27a0 e-flex e-con-boxed e-con e-parent\" data-id=\"7ac27a0\" data-element_type=\"container\" data-e-type=\"container\">\n\t\t\t\t\t<div class=\"e-con-inner\">\n\t\t\t\t<div class=\"elementor-element elementor-element-bea1c26 elementor-widget elementor-widget-text-editor\" data-id=\"bea1c26\" data-element_type=\"widget\" data-e-type=\"widget\" data-widget_type=\"text-editor.default\">\n\t\t\t\t\t\t\t\t\t<p>Apenas un a\u00f1o despu\u00e9s de su llegada, Fernando sufri\u00f3 una de las p\u00e9rdidas m\u00e1s devastadoras de su vida: su mam\u00e1 falleci\u00f3 a causa de un derrame cerebral. Con solo 11 a\u00f1os, el tiempo compartido con ella hab\u00eda sido breve. Este evento marc\u00f3 profundamente a Fernando y a su hermana, quienes <a href=\"https:\/\/soymigrante.com\/revista\/category\/exitos\/\" target=\"_blank\" rel=\"noopener\">tuvieron que encontrar fuerzas para seguir adelante<\/a> en un pa\u00eds que a\u00fan les resultaba extra\u00f1o.<\/p><p>Poco despu\u00e9s, la vida les dio otro golpe. Su padre fue deportado a Suchitep\u00e9quez, Guatemala, dejando a Fernando y Dinora solos en Colorado. &#8220;Pese a las adversidades, los hermanos nos apoyamos mutuamente, porque est\u00e1bamos decididos a salir adelante&#8221;, relata.<\/p>\t\t\t\t\t\t\t\t<\/div>\n\t\t\t\t\t<\/div>\n\t\t\t\t<\/div>\n\t\t<div data-particle_enable=\"false\" data-particle-mobile-disabled=\"false\" class=\"elementor-element elementor-element-21c5a5c e-flex e-con-boxed e-con e-parent\" data-id=\"21c5a5c\" data-element_type=\"container\" data-e-type=\"container\">\n\t\t\t\t\t<div class=\"e-con-inner\">\n\t\t\t\t<div class=\"elementor-element elementor-element-d57c80f elementor-invisible elementor-widget elementor-widget-facebook-embed\" data-id=\"d57c80f\" data-element_type=\"widget\" data-e-type=\"widget\" data-settings=\"{&quot;_animation&quot;:&quot;zoomInDown&quot;}\" data-widget_type=\"facebook-embed.default\">\n\t\t\t\t\t<div style=\"min-height: 1px\" class=\"elementor-facebook-widget fb-post\" data-href=\"https:\/\/www.facebook.com\/photo.php?fbid=541813142166089&#038;set=pb.100090122231992.-2207520000&#038;type=3\" data-show-text=\"false\"><\/div>\t\t\t\t<\/div>\n\t\t\t\t\t<\/div>\n\t\t\t\t<\/div>\n\t\t<div data-particle_enable=\"false\" data-particle-mobile-disabled=\"false\" class=\"elementor-element elementor-element-8144b48 e-flex e-con-boxed e-con e-parent\" data-id=\"8144b48\" data-element_type=\"container\" data-e-type=\"container\">\n\t\t\t\t\t<div class=\"e-con-inner\">\n\t\t\t\t<div class=\"elementor-element elementor-element-209561d elementor-widget elementor-widget-heading\" data-id=\"209561d\" data-element_type=\"widget\" data-e-type=\"widget\" data-widget_type=\"heading.default\">\n\t\t\t\t\t<h3 class=\"elementor-heading-title elementor-size-default\">El sue\u00f1o de La Guatemalteca<\/h3>\t\t\t\t<\/div>\n\t\t\t\t\t<\/div>\n\t\t\t\t<\/div>\n\t\t<div data-particle_enable=\"false\" data-particle-mobile-disabled=\"false\" class=\"elementor-element elementor-element-c54efae e-flex e-con-boxed e-con e-parent\" data-id=\"c54efae\" data-element_type=\"container\" data-e-type=\"container\">\n\t\t\t\t\t<div class=\"e-con-inner\">\n\t\t\t\t<div class=\"elementor-element elementor-element-142311e elementor-widget elementor-widget-text-editor\" data-id=\"142311e\" data-element_type=\"widget\" data-e-type=\"widget\" data-widget_type=\"text-editor.default\">\n\t\t\t\t\t\t\t\t\t<p>Con el paso de los a\u00f1os, Dinora comenz\u00f3 a trabajar en la tienda <a href=\"https:\/\/www.facebook.com\/profile.php?id=100090122231992\" target=\"_blank\" rel=\"noopener\">La Guatemalteca<\/a>, un peque\u00f1o negocio que ofrec\u00eda abarrotes chapines y que se convirti\u00f3 en un espacio de conexi\u00f3n para los migrantes guatemaltecos en Colorado. Sin embargo,\u00a0 Dinora dej\u00f3 el trabajo para enfocarse en su hija. Poco tiempo despu\u00e9s, los hermanos se enteraron de que la tienda hab\u00eda cerrado.<\/p><p><a href=\"https:\/\/soymigrante.com\/revista\/category\/exitos\/\" target=\"_blank\" rel=\"noopener\">Fernando y Dinora decidieron recuperar ese espacio que tanto significaba para ellos<\/a> y para la comunidad. Con esfuerzo, lograron comprar el negocio y comenzaron a transformarlo, ampliarlo, darle nuevos horizontes.<\/p>\t\t\t\t\t\t\t\t<\/div>\n\t\t\t\t\t<\/div>\n\t\t\t\t<\/div>\n\t\t<div data-particle_enable=\"false\" data-particle-mobile-disabled=\"false\" class=\"elementor-element elementor-element-a5ec3fe e-flex e-con-boxed e-con e-parent\" data-id=\"a5ec3fe\" data-element_type=\"container\" data-e-type=\"container\">\n\t\t\t\t\t<div class=\"e-con-inner\">\n\t\t\t\t<div class=\"elementor-element elementor-element-ebb9904 elementor-widget elementor-widget-gallery\" data-id=\"ebb9904\" data-element_type=\"widget\" data-e-type=\"widget\" data-settings=\"{&quot;columns&quot;:2,&quot;lazyload&quot;:&quot;yes&quot;,&quot;gallery_layout&quot;:&quot;grid&quot;,&quot;columns_tablet&quot;:2,&quot;columns_mobile&quot;:1,&quot;gap&quot;:{&quot;unit&quot;:&quot;px&quot;,&quot;size&quot;:10,&quot;sizes&quot;:[]},&quot;gap_tablet&quot;:{&quot;unit&quot;:&quot;px&quot;,&quot;size&quot;:10,&quot;sizes&quot;:[]},&quot;gap_mobile&quot;:{&quot;unit&quot;:&quot;px&quot;,&quot;size&quot;:10,&quot;sizes&quot;:[]},&quot;link_to&quot;:&quot;file&quot;,&quot;aspect_ratio&quot;:&quot;3:2&quot;,&quot;overlay_background&quot;:&quot;yes&quot;,&quot;content_hover_animation&quot;:&quot;fade-in&quot;}\" data-widget_type=\"gallery.default\">\n\t\t\t\t\t\t\t<div class=\"elementor-gallery__container\">\n\t\t\t\t\t\t\t<a class=\"e-gallery-item elementor-gallery-item elementor-animated-content\" href=\"https:\/\/soymigrante.com\/revista\/wp-content\/uploads\/2024\/12\/Elmer-Moran-De-la-adversidad-al-exito19.webp\" data-elementor-open-lightbox=\"yes\" data-elementor-lightbox-slideshow=\"ebb9904\" data-elementor-lightbox-description=\"Algunos de los productos guatemaltecos en la tienda.\" data-e-action-hash=\"#elementor-action%3Aaction%3Dlightbox%26settings%3DeyJpZCI6MTYyNTMsInVybCI6Imh0dHBzOlwvXC9zb3ltaWdyYW50ZS5jb21cL3JldmlzdGFcL3dwLWNvbnRlbnRcL3VwbG9hZHNcLzIwMjRcLzEyXC9FbG1lci1Nb3Jhbi1EZS1sYS1hZHZlcnNpZGFkLWFsLWV4aXRvMTkud2VicCIsInNsaWRlc2hvdyI6ImViYjk5MDQifQ%3D%3D\">\n\t\t\t\t\t<div class=\"e-gallery-image elementor-gallery-item__image\" data-thumbnail=\"https:\/\/soymigrante.com\/revista\/wp-content\/uploads\/2024\/12\/Elmer-Moran-De-la-adversidad-al-exito19-225x300.jpeg\" data-width=\"225\" data-height=\"300\" aria-label=\"Palomitas y snacks en supermercados latinoamericanos, variedad de productos en exhibici\u00f3n en tienda de comestibles, cultura de compras en tiendas de barrio.\" role=\"img\" ><\/div>\n\t\t\t\t\t\t\t\t\t\t\t<div class=\"elementor-gallery-item__overlay\"><\/div>\n\t\t\t\t\t\t\t\t\t\t\t\t\t\t<\/a>\n\t\t\t\t\t\t\t<a class=\"e-gallery-item elementor-gallery-item elementor-animated-content\" href=\"https:\/\/soymigrante.com\/revista\/wp-content\/uploads\/2024\/12\/Elmer-Moran-De-la-adversidad-al-exito20.webp\" data-elementor-open-lightbox=\"yes\" data-elementor-lightbox-slideshow=\"ebb9904\" data-elementor-lightbox-description=\"La imagen muestra estanter\u00edas llenas de productos en una tienda de abarrotes mexicana, incluyendo chocolates, snacks, conservas y otros alimentos, con etiquetas de precios y una ventana que deja entrar luz natural.\" data-e-action-hash=\"#elementor-action%3Aaction%3Dlightbox%26settings%3DeyJpZCI6MTYyNTQsInVybCI6Imh0dHBzOlwvXC9zb3ltaWdyYW50ZS5jb21cL3JldmlzdGFcL3dwLWNvbnRlbnRcL3VwbG9hZHNcLzIwMjRcLzEyXC9FbG1lci1Nb3Jhbi1EZS1sYS1hZHZlcnNpZGFkLWFsLWV4aXRvMjAud2VicCIsInNsaWRlc2hvdyI6ImViYjk5MDQifQ%3D%3D\">\n\t\t\t\t\t<div class=\"e-gallery-image elementor-gallery-item__image\" data-thumbnail=\"https:\/\/soymigrante.com\/revista\/wp-content\/uploads\/2024\/12\/Elmer-Moran-De-la-adversidad-al-exito20-225x300.jpeg\" data-width=\"225\" data-height=\"300\" aria-label=\"Variedad de productos de supermercado en estanter\u00edas, incluyendo chocolates, snacks y conservas, en una tienda minorista en M\u00e9xico.\" role=\"img\" ><\/div>\n\t\t\t\t\t\t\t\t\t\t\t<div class=\"elementor-gallery-item__overlay\"><\/div>\n\t\t\t\t\t\t\t\t\t\t\t\t\t\t<\/a>\n\t\t\t\t\t\t\t<a class=\"e-gallery-item elementor-gallery-item elementor-animated-content\" href=\"https:\/\/soymigrante.com\/revista\/wp-content\/uploads\/2024\/12\/Elmer-Moran-De-la-adversidad-al-exito21.webp\" data-elementor-open-lightbox=\"yes\" data-elementor-lightbox-slideshow=\"ebb9904\" data-elementor-lightbox-description=\"Descripci\u00f3n de una tienda especializada en productos para migrantes, ofreciendo panader\u00eda artesanal, dulces t\u00edpicos, souvenirs, ropa y art\u00edculos diversos, promoviendo la cultura y comunidad migrante.\" data-e-action-hash=\"#elementor-action%3Aaction%3Dlightbox%26settings%3DeyJpZCI6MTYyNTUsInVybCI6Imh0dHBzOlwvXC9zb3ltaWdyYW50ZS5jb21cL3JldmlzdGFcL3dwLWNvbnRlbnRcL3VwbG9hZHNcLzIwMjRcLzEyXC9FbG1lci1Nb3Jhbi1EZS1sYS1hZHZlcnNpZGFkLWFsLWV4aXRvMjEud2VicCIsInNsaWRlc2hvdyI6ImViYjk5MDQifQ%3D%3D\">\n\t\t\t\t\t<div class=\"e-gallery-image elementor-gallery-item__image\" data-thumbnail=\"https:\/\/soymigrante.com\/revista\/wp-content\/uploads\/2024\/12\/Elmer-Moran-De-la-adversidad-al-exito21-225x300.jpeg\" data-width=\"225\" data-height=\"300\" aria-label=\"Panader\u00eda y tienda de conveniencia en una comunidad migrante, con productos tradicionales, dulces, ropa y art\u00edculos diversos en un ambiente acogedor.\" role=\"img\" ><\/div>\n\t\t\t\t\t\t\t\t\t\t\t<div class=\"elementor-gallery-item__overlay\"><\/div>\n\t\t\t\t\t\t\t\t\t\t\t\t\t\t<\/a>\n\t\t\t\t\t\t\t<a class=\"e-gallery-item elementor-gallery-item elementor-animated-content\" href=\"https:\/\/soymigrante.com\/revista\/wp-content\/uploads\/2024\/12\/Elmer-Moran-De-la-adversidad-al-exito22.webp\" data-elementor-open-lightbox=\"yes\" data-elementor-lightbox-slideshow=\"ebb9904\" data-elementor-lightbox-description=\"Una vista del interior de un restaurante con decoraci\u00f3n que refleja cultura centroamericana, mesas preparadas para recibir comensales, y un ambiente limpio y ordenado preparado para una experiencia culinaria \u00fanica.\" data-e-action-hash=\"#elementor-action%3Aaction%3Dlightbox%26settings%3DeyJpZCI6MTYyNTYsInVybCI6Imh0dHBzOlwvXC9zb3ltaWdyYW50ZS5jb21cL3JldmlzdGFcL3dwLWNvbnRlbnRcL3VwbG9hZHNcLzIwMjRcLzEyXC9FbG1lci1Nb3Jhbi1EZS1sYS1hZHZlcnNpZGFkLWFsLWV4aXRvMjIud2VicCIsInNsaWRlc2hvdyI6ImViYjk5MDQifQ%3D%3D\">\n\t\t\t\t\t<div class=\"e-gallery-image elementor-gallery-item__image\" data-thumbnail=\"https:\/\/soymigrante.com\/revista\/wp-content\/uploads\/2024\/12\/Elmer-Moran-De-la-adversidad-al-exito22-300x225.jpeg\" data-width=\"300\" data-height=\"225\" aria-label=\"Comedor de restaurante con banderas de Honduras y Nicaragua, mesas vac\u00edas, ambiente interior acogedor y decorado con fotograf\u00edas y premios en las paredes.\" role=\"img\" ><\/div>\n\t\t\t\t\t\t\t\t\t\t\t<div class=\"elementor-gallery-item__overlay\"><\/div>\n\t\t\t\t\t\t\t\t\t\t\t\t\t\t<\/a>\n\t\t\t\t\t\t\t<a class=\"e-gallery-item elementor-gallery-item elementor-animated-content\" href=\"https:\/\/soymigrante.com\/revista\/wp-content\/uploads\/2024\/12\/Elmer-Moran-De-la-adversidad-al-exito23.webp\" data-elementor-open-lightbox=\"yes\" data-elementor-lightbox-slideshow=\"ebb9904\" data-elementor-lightbox-description=\"El restaurante es famoso en Colorado por servir sus manjares\" data-e-action-hash=\"#elementor-action%3Aaction%3Dlightbox%26settings%3DeyJpZCI6MTYyNTcsInVybCI6Imh0dHBzOlwvXC9zb3ltaWdyYW50ZS5jb21cL3JldmlzdGFcL3dwLWNvbnRlbnRcL3VwbG9hZHNcLzIwMjRcLzEyXC9FbG1lci1Nb3Jhbi1EZS1sYS1hZHZlcnNpZGFkLWFsLWV4aXRvMjMud2VicCIsInNsaWRlc2hvdyI6ImViYjk5MDQifQ%3D%3D\">\n\t\t\t\t\t<div class=\"e-gallery-image elementor-gallery-item__image\" data-thumbnail=\"https:\/\/soymigrante.com\/revista\/wp-content\/uploads\/2024\/12\/Elmer-Moran-De-la-adversidad-al-exito23-300x225.jpeg\" data-width=\"300\" data-height=\"225\" aria-label=\"Ambiente acogedor de un restaurante con mesas ordenadas, decoraciones festivas y vista a trav\u00e9s de grandes ventanas, ideal para disfrutar comidas y cultura en un espacio inspirado en la tem\u00e1tica de SoyMigrante.com.\" role=\"img\" ><\/div>\n\t\t\t\t\t\t\t\t\t\t\t<div class=\"elementor-gallery-item__overlay\"><\/div>\n\t\t\t\t\t\t\t\t\t\t\t\t\t\t<\/a>\n\t\t\t\t\t\t\t<a class=\"e-gallery-item elementor-gallery-item elementor-animated-content\" href=\"https:\/\/soymigrante.com\/revista\/wp-content\/uploads\/2024\/12\/Elmer-Moran-De-la-adversidad-al-exito24.webp\" data-elementor-open-lightbox=\"yes\" data-elementor-lightbox-slideshow=\"ebb9904\" data-elementor-lightbox-description=\"Una cafeter\u00eda en una tienda donde se ofrecen alimentos para llevar, con se\u00f1alizaci\u00f3n biling\u00fce, ambiente organizado y variedad de productos, ideal para pedidos r\u00e1pidos en un entorno familiar y acogedor.\" data-e-action-hash=\"#elementor-action%3Aaction%3Dlightbox%26settings%3DeyJpZCI6MTYyNTgsInVybCI6Imh0dHBzOlwvXC9zb3ltaWdyYW50ZS5jb21cL3JldmlzdGFcL3dwLWNvbnRlbnRcL3VwbG9hZHNcLzIwMjRcLzEyXC9FbG1lci1Nb3Jhbi1EZS1sYS1hZHZlcnNpZGFkLWFsLWV4aXRvMjQud2VicCIsInNsaWRlc2hvdyI6ImViYjk5MDQifQ%3D%3D\">\n\t\t\t\t\t<div class=\"e-gallery-image elementor-gallery-item__image\" data-thumbnail=\"https:\/\/soymigrante.com\/revista\/wp-content\/uploads\/2024\/12\/Elmer-Moran-De-la-adversidad-al-exito24-300x225.jpeg\" data-width=\"300\" data-height=\"225\" aria-label=\"Cafeter\u00eda de comida r\u00e1pida en una tienda de conveniencia, con se\u00f1alizaci\u00f3n en espa\u00f1ol e ingl\u00e9s para pedidos y recogida, mostrando un ambiente de restaurante familiar y surtido de productos para llevar.\" role=\"img\" ><\/div>\n\t\t\t\t\t\t\t\t\t\t\t<div class=\"elementor-gallery-item__overlay\"><\/div>\n\t\t\t\t\t\t\t\t\t\t\t\t\t\t<\/a>\n\t\t\t\t\t<\/div>\n\t\t\t\t\t<\/div>\n\t\t\t\t\t<\/div>\n\t\t\t\t<\/div>\n\t\t<div data-particle_enable=\"false\" data-particle-mobile-disabled=\"false\" class=\"elementor-element elementor-element-6505a16 e-flex e-con-boxed e-con e-parent\" data-id=\"6505a16\" data-element_type=\"container\" data-e-type=\"container\">\n\t\t\t\t\t<div class=\"e-con-inner\">\n\t\t\t\t<div class=\"elementor-element elementor-element-2ce0a6b elementor-widget elementor-widget-heading\" data-id=\"2ce0a6b\" data-element_type=\"widget\" data-e-type=\"widget\" data-widget_type=\"heading.default\">\n\t\t\t\t\t<h3 class=\"elementor-heading-title elementor-size-default\">Un espacio de identidad y comunidad<\/h3>\t\t\t\t<\/div>\n\t\t\t\t\t<\/div>\n\t\t\t\t<\/div>\n\t\t<div data-particle_enable=\"false\" data-particle-mobile-disabled=\"false\" class=\"elementor-element elementor-element-d9e5712 e-flex e-con-boxed e-con e-parent\" data-id=\"d9e5712\" data-element_type=\"container\" data-e-type=\"container\">\n\t\t\t\t\t<div class=\"e-con-inner\">\n\t\t\t\t<div class=\"elementor-element elementor-element-ccdcb47 elementor-widget elementor-widget-text-editor\" data-id=\"ccdcb47\" data-element_type=\"widget\" data-e-type=\"widget\" data-widget_type=\"text-editor.default\">\n\t\t\t\t\t\t\t\t\t<p>Hoy, <a href=\"https:\/\/www.facebook.com\/profile.php?id=100090122231992\" target=\"_blank\" rel=\"noopener\">La Guatemalteca<\/a> es m\u00e1s que una tienda. Se ha convertido en un lugar donde los guatemaltecos pueden encontrar no solo productos de su pa\u00eds, sino tambi\u00e9n un pedacito de hogar. La tienda incluye una panader\u00eda, un restaurante y un espacio para la venta de art\u00edculos t\u00edpicos de Guatemala.<\/p><p>Fernando, con el apoyo de su hermana, ha convertido este negocio en un s\u00edmbolo de perseverancia y orgullo. Su historia es un recordatorio de que, a pesar de los desaf\u00edos, los sue\u00f1os pueden cumplirse con determinaci\u00f3n y trabajo duro.<\/p><p>&#8220;<a href=\"https:\/\/www.facebook.com\/profile.php?id=100090122231992\" target=\"_blank\" rel=\"noopener\">La Guatemalteca<\/a> no es solo un negocio; es un homenaje a mis ra\u00edces, a mi madre, y a todos los migrantes que, como nosotros han tenido que construir una nueva vida en un lugar desconocido sin olvidar de d\u00f3nde vienen&#8221;, expresa.<\/p><p><a href=\"https:\/\/www.facebook.com\/profile.php?id=100090122231992\" target=\"_blank\" rel=\"noopener\">La Guatemalteca<\/a> ahora tiene 17 empleados que se esfuerzan a diario por brindar una atenci\u00f3n de calidad y de ofrecer los productos con sabor guatemalteco. Pero el sue\u00f1o de\u00a0<span style=\"color: var( --e-global-color-text ); text-align: var(--text-align);\">Fernando va m\u00e1s all\u00e1, pues se ha esforzado por salir adelante, actualmente es Licenciado en Administraci\u00f3n de Empresas y espera que su situaci\u00f3n migratoria pronto mejore.<\/span><\/p>\t\t\t\t\t\t\t\t<\/div>\n\t\t\t\t\t<\/div>\n\t\t\t\t<\/div>\n\t\t<div data-particle_enable=\"false\" data-particle-mobile-disabled=\"false\" class=\"elementor-element elementor-element-8dde393 e-flex e-con-boxed e-con e-parent\" data-id=\"8dde393\" data-element_type=\"container\" data-e-type=\"container\">\n\t\t\t\t\t<div class=\"e-con-inner\">\n\t\t\t\t<div class=\"elementor-element elementor-element-02f16d0 elementor-invisible elementor-widget elementor-widget-testimonial\" data-id=\"02f16d0\" data-element_type=\"widget\" data-e-type=\"widget\" data-settings=\"{&quot;_animation&quot;:&quot;rotateInUpRight&quot;}\" data-widget_type=\"testimonial.default\">\n\t\t\t\t\t\t\t<div class=\"elementor-testimonial-wrapper\">\n\t\t\t\t\t\t\t<div class=\"elementor-testimonial-content\">\"Me he esforzado por cumplir mis sue\u00f1os. No ha sido f\u00e1cil, pero tener a mi hermana ha significado un apoyo fundamental, porque ha sido madre, hermana, amiga y confidente. Sin ella no habr\u00eda podido cumplir tantas metas\".<\/div>\n\t\t\t\n\t\t\t\t\t\t<div class=\"elementor-testimonial-meta elementor-has-image elementor-testimonial-image-position-aside\">\n\t\t\t\t<div class=\"elementor-testimonial-meta-inner\">\n\t\t\t\t\t\t\t\t\t\t\t<div class=\"elementor-testimonial-image\">\n\t\t\t\t\t\t\t<img decoding=\"async\" width=\"1190\" height=\"845\" src=\"https:\/\/soymigrante.com\/revista\/wp-content\/uploads\/2024\/12\/Elmer-Moran-De-la-adversidad-al-exito27-e1734100768642.webp\" class=\"attachment-full size-full wp-image-16240\" alt=\"Expresi\u00f3n de celebraci\u00f3n en evento social con diversidad de asistentes en un ambiente moderno y elegante en la revista SoyMigrante.com REVISTA.\" title=\"La historia de Elmer &quot;Fernando&quot; Mor\u00e1n no ha sido f\u00e1cil y junto a su hermana han tenido que vivir dif\u00edciles momentos para llegar al \u00e9xito. \u2013 SoyMigrante.com REVISTA\" srcset=\"https:\/\/soymigrante.com\/revista\/wp-content\/uploads\/2024\/12\/Elmer-Moran-De-la-adversidad-al-exito27-e1734100768642.webp 1190w, https:\/\/soymigrante.com\/revista\/wp-content\/uploads\/2024\/12\/Elmer-Moran-De-la-adversidad-al-exito27-e1734100768642-300x213.jpeg 300w, https:\/\/soymigrante.com\/revista\/wp-content\/uploads\/2024\/12\/Elmer-Moran-De-la-adversidad-al-exito27-e1734100768642-1024x727.jpeg 1024w, https:\/\/soymigrante.com\/revista\/wp-content\/uploads\/2024\/12\/Elmer-Moran-De-la-adversidad-al-exito27-e1734100768642-768x545.jpeg 768w, https:\/\/soymigrante.com\/revista\/wp-content\/uploads\/2024\/12\/Elmer-Moran-De-la-adversidad-al-exito27-e1734100768642-120x86.webp 120w, https:\/\/soymigrante.com\/revista\/wp-content\/uploads\/2024\/12\/Elmer-Moran-De-la-adversidad-al-exito27-e1734100768642-350x250.webp 350w, https:\/\/soymigrante.com\/revista\/wp-content\/uploads\/2024\/12\/Elmer-Moran-De-la-adversidad-al-exito27-e1734100768642-750x533.webp 750w, https:\/\/soymigrante.com\/revista\/wp-content\/uploads\/2024\/12\/Elmer-Moran-De-la-adversidad-al-exito27-e1734100768642-1140x809.webp 1140w\" sizes=\"(max-width: 1190px) 100vw, 1190px\" \/>\t\t\t\t\t\t<\/div>\n\t\t\t\t\t\n\t\t\t\t\t\t\t\t\t\t<div class=\"elementor-testimonial-details\">\n\t\t\t\t\t\t\t\t\t\t\t\t\t\t<div class=\"elementor-testimonial-name\">Elmer Fernando Mor\u00e1n<\/div>\n\t\t\t\t\t\t\t\t\t\t\t\t\t\t\t\t\t\t\t\t\t\t<div class=\"elementor-testimonial-job\">Migrante y emprendedor guatemalteco<\/div>\n\t\t\t\t\t\t\t\t\t\t\t\t\t<\/div>\n\t\t\t\t\t\t\t\t\t<\/div>\n\t\t\t<\/div>\n\t\t\t\t\t<\/div>\n\t\t\t\t\t\t<\/div>\n\t\t\t\t\t<\/div>\n\t\t\t\t<\/div>\n\t\t<div data-particle_enable=\"false\" data-particle-mobile-disabled=\"false\" class=\"elementor-element elementor-element-42f526f e-flex e-con-boxed e-con e-parent\" data-id=\"42f526f\" data-element_type=\"container\" data-e-type=\"container\">\n\t\t\t\t\t<div class=\"e-con-inner\">\n\t\t\t\t<div class=\"elementor-element elementor-element-9b99226 elementor-widget elementor-widget-gallery\" data-id=\"9b99226\" data-element_type=\"widget\" data-e-type=\"widget\" data-settings=\"{&quot;columns&quot;:3,&quot;lazyload&quot;:&quot;yes&quot;,&quot;gallery_layout&quot;:&quot;grid&quot;,&quot;columns_tablet&quot;:2,&quot;columns_mobile&quot;:1,&quot;gap&quot;:{&quot;unit&quot;:&quot;px&quot;,&quot;size&quot;:10,&quot;sizes&quot;:[]},&quot;gap_tablet&quot;:{&quot;unit&quot;:&quot;px&quot;,&quot;size&quot;:10,&quot;sizes&quot;:[]},&quot;gap_mobile&quot;:{&quot;unit&quot;:&quot;px&quot;,&quot;size&quot;:10,&quot;sizes&quot;:[]},&quot;link_to&quot;:&quot;file&quot;,&quot;aspect_ratio&quot;:&quot;3:2&quot;,&quot;overlay_background&quot;:&quot;yes&quot;,&quot;content_hover_animation&quot;:&quot;fade-in&quot;}\" data-widget_type=\"gallery.default\">\n\t\t\t\t\t\t\t<div class=\"elementor-gallery__container\">\n\t\t\t\t\t\t\t<a class=\"e-gallery-item elementor-gallery-item elementor-animated-content\" href=\"https:\/\/soymigrante.com\/revista\/wp-content\/uploads\/2024\/12\/Elmer-Moran-De-la-adversidad-al-exito7.webp\" data-elementor-open-lightbox=\"yes\" data-elementor-lightbox-slideshow=\"9b99226\" data-elementor-lightbox-description=\"Plato con tacos con diferentes tipos de salsas, bunuelos, y postres mexicanos tradicionales en una feria cultural.\" data-e-action-hash=\"#elementor-action%3Aaction%3Dlightbox%26settings%3DeyJpZCI6MTYyNDEsInVybCI6Imh0dHBzOlwvXC9zb3ltaWdyYW50ZS5jb21cL3JldmlzdGFcL3dwLWNvbnRlbnRcL3VwbG9hZHNcLzIwMjRcLzEyXC9FbG1lci1Nb3Jhbi1EZS1sYS1hZHZlcnNpZGFkLWFsLWV4aXRvNy53ZWJwIiwic2xpZGVzaG93IjoiOWI5OTIyNiJ9\">\n\t\t\t\t\t<div class=\"e-gallery-image elementor-gallery-item__image\" data-thumbnail=\"https:\/\/soymigrante.com\/revista\/wp-content\/uploads\/2024\/12\/Elmer-Moran-De-la-adversidad-al-exito7-225x300.jpeg\" data-width=\"225\" data-height=\"300\" aria-label=\"Sabores mexicanos con salsas, tacos y postres tradicionales en un puesto de comida callejera en un evento cultural.\" role=\"img\" ><\/div>\n\t\t\t\t\t\t\t\t\t\t\t<div class=\"elementor-gallery-item__overlay\"><\/div>\n\t\t\t\t\t\t\t\t\t\t\t\t\t\t<\/a>\n\t\t\t\t\t\t\t<a class=\"e-gallery-item elementor-gallery-item elementor-animated-content\" href=\"https:\/\/soymigrante.com\/revista\/wp-content\/uploads\/2024\/12\/Elmer-Moran-De-la-adversidad-al-exito8.webp\" data-elementor-open-lightbox=\"yes\" data-elementor-lightbox-slideshow=\"9b99226\" data-elementor-lightbox-description=\"Por su sabor, la tienda es reconocida en todo Colorado. \" data-e-action-hash=\"#elementor-action%3Aaction%3Dlightbox%26settings%3DeyJpZCI6MTYyNDIsInVybCI6Imh0dHBzOlwvXC9zb3ltaWdyYW50ZS5jb21cL3JldmlzdGFcL3dwLWNvbnRlbnRcL3VwbG9hZHNcLzIwMjRcLzEyXC9FbG1lci1Nb3Jhbi1EZS1sYS1hZHZlcnNpZGFkLWFsLWV4aXRvOC53ZWJwIiwic2xpZGVzaG93IjoiOWI5OTIyNiJ9\">\n\t\t\t\t\t<div class=\"e-gallery-image elementor-gallery-item__image\" data-thumbnail=\"https:\/\/soymigrante.com\/revista\/wp-content\/uploads\/2024\/12\/Elmer-Moran-De-la-adversidad-al-exito8-300x225.jpeg\" data-width=\"300\" data-height=\"225\" aria-label=\"Delicias mexicanas en evento cultural con variedad de antojitos tradicionales y souvenirs, resaltando la diversidad gastron\u00f3mica y cultural para migrantes y comunidades latinoamericanas.\" role=\"img\" ><\/div>\n\t\t\t\t\t\t\t\t\t\t\t<div class=\"elementor-gallery-item__overlay\"><\/div>\n\t\t\t\t\t\t\t\t\t\t\t\t\t\t<\/a>\n\t\t\t\t\t\t\t<a class=\"e-gallery-item elementor-gallery-item elementor-animated-content\" href=\"https:\/\/soymigrante.com\/revista\/wp-content\/uploads\/2024\/12\/Elmer-Moran-De-la-adversidad-al-exito9.webp\" data-elementor-open-lightbox=\"yes\" data-elementor-lightbox-slideshow=\"9b99226\" data-elementor-lightbox-description=\"Foto de milhojas de hojaldre y crema en stand de revista SoyMigrante.com REVISTA en evento en M\u00e9xico, resaltando cultura gastron\u00f3mica y migrante.\" data-e-action-hash=\"#elementor-action%3Aaction%3Dlightbox%26settings%3DeyJpZCI6MTYyNDMsInVybCI6Imh0dHBzOlwvXC9zb3ltaWdyYW50ZS5jb21cL3JldmlzdGFcL3dwLWNvbnRlbnRcL3VwbG9hZHNcLzIwMjRcLzEyXC9FbG1lci1Nb3Jhbi1EZS1sYS1hZHZlcnNpZGFkLWFsLWV4aXRvOS53ZWJwIiwic2xpZGVzaG93IjoiOWI5OTIyNiJ9\">\n\t\t\t\t\t<div class=\"e-gallery-image elementor-gallery-item__image\" data-thumbnail=\"https:\/\/soymigrante.com\/revista\/wp-content\/uploads\/2024\/12\/Elmer-Moran-De-la-adversidad-al-exito9-225x300.jpeg\" data-width=\"225\" data-height=\"300\" aria-label=\"Dulces t\u00edpicos mexicanos: milhojas de hojaldre y crema en stand de revista SoyMigrante.com REVISTA, en evento cultural con tem\u00e1tica migrante en M\u00e9xico.\" role=\"img\" ><\/div>\n\t\t\t\t\t\t\t\t\t\t\t<div class=\"elementor-gallery-item__overlay\"><\/div>\n\t\t\t\t\t\t\t\t\t\t\t\t\t\t<\/a>\n\t\t\t\t\t\t\t<a class=\"e-gallery-item elementor-gallery-item elementor-animated-content\" href=\"https:\/\/soymigrante.com\/revista\/wp-content\/uploads\/2024\/12\/Elmer-Moran-De-la-adversidad-al-exito10.webp\" data-elementor-open-lightbox=\"yes\" data-elementor-lightbox-slideshow=\"9b99226\" data-elementor-lightbox-description=\"Fotograf\u00eda de un evento con integrantes de diferentes pa\u00edses latinoamericanos, con banderas en un espacio moderno y luminoso, reflejando la importancia de la comunidad migrante en SoyMigrante.com Revista.\" data-e-action-hash=\"#elementor-action%3Aaction%3Dlightbox%26settings%3DeyJpZCI6MTYyNDQsInVybCI6Imh0dHBzOlwvXC9zb3ltaWdyYW50ZS5jb21cL3JldmlzdGFcL3dwLWNvbnRlbnRcL3VwbG9hZHNcLzIwMjRcLzEyXC9FbG1lci1Nb3Jhbi1EZS1sYS1hZHZlcnNpZGFkLWFsLWV4aXRvMTAud2VicCIsInNsaWRlc2hvdyI6IjliOTkyMjYifQ%3D%3D\">\n\t\t\t\t\t<div class=\"e-gallery-image elementor-gallery-item__image\" data-thumbnail=\"https:\/\/soymigrante.com\/revista\/wp-content\/uploads\/2024\/12\/Elmer-Moran-De-la-adversidad-al-exito10-225x300.jpeg\" data-width=\"225\" data-height=\"300\" aria-label=\"Orgullo y diversidad en SoyMigrante.com Revista, evento multicultural con representantes de diferentes pa\u00edses latinoamericanos. Celebraci\u00f3n de la migraci\u00f3n y cultura en un ambiente festivo.\" role=\"img\" ><\/div>\n\t\t\t\t\t\t\t\t\t\t\t<div class=\"elementor-gallery-item__overlay\"><\/div>\n\t\t\t\t\t\t\t\t\t\t\t\t\t\t<\/a>\n\t\t\t\t\t\t\t<a class=\"e-gallery-item elementor-gallery-item elementor-animated-content\" href=\"https:\/\/soymigrante.com\/revista\/wp-content\/uploads\/2024\/12\/Elmer-Moran-De-la-adversidad-al-exito11.webp\" data-elementor-open-lightbox=\"yes\" data-elementor-lightbox-slideshow=\"9b99226\" data-elementor-lightbox-description=\"Un puesto de dulces tradicionales en Guatemala, con peque\u00f1as banderas del pa\u00eds, en una feria cultural, resaltando sabores t\u00edpicos y la celebraci\u00f3n del patrimonio guatemalteco.\" data-e-action-hash=\"#elementor-action%3Aaction%3Dlightbox%26settings%3DeyJpZCI6MTYyNDUsInVybCI6Imh0dHBzOlwvXC9zb3ltaWdyYW50ZS5jb21cL3JldmlzdGFcL3dwLWNvbnRlbnRcL3VwbG9hZHNcLzIwMjRcLzEyXC9FbG1lci1Nb3Jhbi1EZS1sYS1hZHZlcnNpZGFkLWFsLWV4aXRvMTEud2VicCIsInNsaWRlc2hvdyI6IjliOTkyMjYifQ%3D%3D\">\n\t\t\t\t\t<div class=\"e-gallery-image elementor-gallery-item__image\" data-thumbnail=\"https:\/\/soymigrante.com\/revista\/wp-content\/uploads\/2024\/12\/Elmer-Moran-De-la-adversidad-al-exito11-225x300.jpeg\" data-width=\"225\" data-height=\"300\" aria-label=\"Dulces tradicionales guatemaltecos, rellenos de fruta, en exhibici\u00f3n en la feria La Guatemalteca, decorados con peque\u00f1as banderas de Guatemala.\" role=\"img\" ><\/div>\n\t\t\t\t\t\t\t\t\t\t\t<div class=\"elementor-gallery-item__overlay\"><\/div>\n\t\t\t\t\t\t\t\t\t\t\t\t\t\t<\/a>\n\t\t\t\t\t\t\t<a class=\"e-gallery-item elementor-gallery-item elementor-animated-content\" href=\"https:\/\/soymigrante.com\/revista\/wp-content\/uploads\/2024\/12\/Elmer-Moran-De-la-adversidad-al-exito12.webp\" data-elementor-open-lightbox=\"yes\" data-elementor-lightbox-slideshow=\"9b99226\" data-elementor-lightbox-description=\"Un desayuno t\u00edpico de Guatemala en La Guatemalteca. \" data-e-action-hash=\"#elementor-action%3Aaction%3Dlightbox%26settings%3DeyJpZCI6MTYyNDYsInVybCI6Imh0dHBzOlwvXC9zb3ltaWdyYW50ZS5jb21cL3JldmlzdGFcL3dwLWNvbnRlbnRcL3VwbG9hZHNcLzIwMjRcLzEyXC9FbG1lci1Nb3Jhbi1EZS1sYS1hZHZlcnNpZGFkLWFsLWV4aXRvMTIud2VicCIsInNsaWRlc2hvdyI6IjliOTkyMjYifQ%3D%3D\">\n\t\t\t\t\t<div class=\"e-gallery-image elementor-gallery-item__image\" data-thumbnail=\"https:\/\/soymigrante.com\/revista\/wp-content\/uploads\/2024\/12\/Elmer-Moran-De-la-adversidad-al-exito12-300x200.jpeg\" data-width=\"300\" data-height=\"200\" aria-label=\"Huevos revueltos con pl\u00e1tano, frijoles negros y pan en plato t\u00edpico; desayuno tradicional en Am\u00e9rica Latina, cultura migrante y gastronom\u00eda en revista SoyMigrante.com REVISTA.\" role=\"img\" ><\/div>\n\t\t\t\t\t\t\t\t\t\t\t<div class=\"elementor-gallery-item__overlay\"><\/div>\n\t\t\t\t\t\t\t\t\t\t\t\t\t\t<\/a>\n\t\t\t\t\t\t\t<a class=\"e-gallery-item elementor-gallery-item elementor-animated-content\" href=\"https:\/\/soymigrante.com\/revista\/wp-content\/uploads\/2024\/12\/Elmer-Moran-De-la-adversidad-al-exito13.webp\" data-elementor-open-lightbox=\"yes\" data-elementor-lightbox-slideshow=\"9b99226\" data-elementor-lightbox-description=\"Imagen de un plato de comida mexicana que incluye arroz, frijoles negros y pescado empanizado adornado con vegetales frescos, destacando la gastronom\u00eda en SoyMigrante.com REVISTA.\" data-e-action-hash=\"#elementor-action%3Aaction%3Dlightbox%26settings%3DeyJpZCI6MTYyNDcsInVybCI6Imh0dHBzOlwvXC9zb3ltaWdyYW50ZS5jb21cL3JldmlzdGFcL3dwLWNvbnRlbnRcL3VwbG9hZHNcLzIwMjRcLzEyXC9FbG1lci1Nb3Jhbi1EZS1sYS1hZHZlcnNpZGFkLWFsLWV4aXRvMTMud2VicCIsInNsaWRlc2hvdyI6IjliOTkyMjYifQ%3D%3D\">\n\t\t\t\t\t<div class=\"e-gallery-image elementor-gallery-item__image\" data-thumbnail=\"https:\/\/soymigrante.com\/revista\/wp-content\/uploads\/2024\/12\/Elmer-Moran-De-la-adversidad-al-exito13-300x200.jpeg\" data-width=\"300\" data-height=\"200\" aria-label=\"Deliciosa comida tradicional mexicana en SoyMigrante.com REVISTA, con arroz, frijoles negros y un platillo de pescado empanizado con vegetales frescos.\" role=\"img\" ><\/div>\n\t\t\t\t\t\t\t\t\t\t\t<div class=\"elementor-gallery-item__overlay\"><\/div>\n\t\t\t\t\t\t\t\t\t\t\t\t\t\t<\/a>\n\t\t\t\t\t\t\t<a class=\"e-gallery-item elementor-gallery-item elementor-animated-content\" href=\"https:\/\/soymigrante.com\/revista\/wp-content\/uploads\/2024\/12\/Elmer-Moran-De-la-adversidad-al-exito14.webp\" data-elementor-open-lightbox=\"yes\" data-elementor-lightbox-slideshow=\"9b99226\" data-elementor-lightbox-description=\"Plato t\u00edpico de la gastronom\u00eda mexicana con pollo, arroz, sopa de verduras y lim\u00f3n, ideal para mostrar la riqueza culinaria de la cultura migrante latinoamericana en Estados Unidos y M\u00e9xico.\" data-e-action-hash=\"#elementor-action%3Aaction%3Dlightbox%26settings%3DeyJpZCI6MTYyNDgsInVybCI6Imh0dHBzOlwvXC9zb3ltaWdyYW50ZS5jb21cL3JldmlzdGFcL3dwLWNvbnRlbnRcL3VwbG9hZHNcLzIwMjRcLzEyXC9FbG1lci1Nb3Jhbi1EZS1sYS1hZHZlcnNpZGFkLWFsLWV4aXRvMTQud2VicCIsInNsaWRlc2hvdyI6IjliOTkyMjYifQ%3D%3D\">\n\t\t\t\t\t<div class=\"e-gallery-image elementor-gallery-item__image\" data-thumbnail=\"https:\/\/soymigrante.com\/revista\/wp-content\/uploads\/2024\/12\/Elmer-Moran-De-la-adversidad-al-exito14-300x200.jpeg\" data-width=\"300\" data-height=\"200\" aria-label=\"Sabroso plato de comida tradicional mexicana con pollo, arroz, sopa de verduras y lim\u00f3n, representando la gastronom\u00eda latina y la cultura migrante en Estados Unidos y M\u00e9xico.\" role=\"img\" ><\/div>\n\t\t\t\t\t\t\t\t\t\t\t<div class=\"elementor-gallery-item__overlay\"><\/div>\n\t\t\t\t\t\t\t\t\t\t\t\t\t\t<\/a>\n\t\t\t\t\t\t\t<a class=\"e-gallery-item elementor-gallery-item elementor-animated-content\" href=\"https:\/\/soymigrante.com\/revista\/wp-content\/uploads\/2024\/12\/Elmer-Moran-De-la-adversidad-al-exito15.webp\" data-elementor-open-lightbox=\"yes\" data-elementor-lightbox-slideshow=\"9b99226\" data-elementor-lightbox-description=\"Receta aut\u00e9ntica de ceviche de pescado en SoyMigrante.com, un plato latinoamericano cl\u00e1sico que combina pescado fresco, lim\u00f3n, cebolla y cilantro, perfecto para celebrar la cultura culinaria de la regi\u00f3n.\" data-e-action-hash=\"#elementor-action%3Aaction%3Dlightbox%26settings%3DeyJpZCI6MTYyNDksInVybCI6Imh0dHBzOlwvXC9zb3ltaWdyYW50ZS5jb21cL3JldmlzdGFcL3dwLWNvbnRlbnRcL3VwbG9hZHNcLzIwMjRcLzEyXC9FbG1lci1Nb3Jhbi1EZS1sYS1hZHZlcnNpZGFkLWFsLWV4aXRvMTUud2VicCIsInNsaWRlc2hvdyI6IjliOTkyMjYifQ%3D%3D\">\n\t\t\t\t\t<div class=\"e-gallery-image elementor-gallery-item__image\" data-thumbnail=\"https:\/\/soymigrante.com\/revista\/wp-content\/uploads\/2024\/12\/Elmer-Moran-De-la-adversidad-al-exito15-300x200.jpeg\" data-width=\"300\" data-height=\"200\" aria-label=\"Sabroso ceviche de pescado tradicional preparado con ingredientes frescos y aut\u00e9nticos sabores latinoamericanos en SoyMigrante.com.\" role=\"img\" ><\/div>\n\t\t\t\t\t\t\t\t\t\t\t<div class=\"elementor-gallery-item__overlay\"><\/div>\n\t\t\t\t\t\t\t\t\t\t\t\t\t\t<\/a>\n\t\t\t\t\t\t\t<a class=\"e-gallery-item elementor-gallery-item elementor-animated-content\" href=\"https:\/\/soymigrante.com\/revista\/wp-content\/uploads\/2024\/12\/Elmer-Moran-De-la-adversidad-al-exito16.webp\" data-elementor-open-lightbox=\"yes\" data-elementor-lightbox-slideshow=\"9b99226\" data-elementor-lightbox-description=\"Imagen de una garnacha chilena en hoja de pl\u00e1tano, un plato t\u00edpico de la gastronom\u00eda latinoamericana y cultura migrante.\" data-e-action-hash=\"#elementor-action%3Aaction%3Dlightbox%26settings%3DeyJpZCI6MTYyNTAsInVybCI6Imh0dHBzOlwvXC9zb3ltaWdyYW50ZS5jb21cL3JldmlzdGFcL3dwLWNvbnRlbnRcL3VwbG9hZHNcLzIwMjRcLzEyXC9FbG1lci1Nb3Jhbi1EZS1sYS1hZHZlcnNpZGFkLWFsLWV4aXRvMTYud2VicCIsInNsaWRlc2hvdyI6IjliOTkyMjYifQ%3D%3D\">\n\t\t\t\t\t<div class=\"e-gallery-image elementor-gallery-item__image\" data-thumbnail=\"https:\/\/soymigrante.com\/revista\/wp-content\/uploads\/2024\/12\/Elmer-Moran-De-la-adversidad-al-exito16-300x200.jpeg\" data-width=\"300\" data-height=\"200\" aria-label=\"Sabrosa garnacha chilena envuelta en hoja de pl\u00e1tano, t\u00edpica comida migrante.\" role=\"img\" ><\/div>\n\t\t\t\t\t\t\t\t\t\t\t<div class=\"elementor-gallery-item__overlay\"><\/div>\n\t\t\t\t\t\t\t\t\t\t\t\t\t\t<\/a>\n\t\t\t\t\t\t\t<a class=\"e-gallery-item elementor-gallery-item elementor-animated-content\" href=\"https:\/\/soymigrante.com\/revista\/wp-content\/uploads\/2024\/12\/Elmer-Moran-De-la-adversidad-al-exito17.webp\" data-elementor-open-lightbox=\"yes\" data-elementor-lightbox-slideshow=\"9b99226\" data-elementor-lightbox-description=\"Un bu\u00f1uelo mexicano, postre t\u00edpico en la cultura mexicana, servido en un plato blanco, con az\u00facar espolvoreada, reflejando las tradiciones culinarias y la identidad cultural en la revista SoyMigrante.com.\" data-e-action-hash=\"#elementor-action%3Aaction%3Dlightbox%26settings%3DeyJpZCI6MTYyNTEsInVybCI6Imh0dHBzOlwvXC9zb3ltaWdyYW50ZS5jb21cL3JldmlzdGFcL3dwLWNvbnRlbnRcL3VwbG9hZHNcLzIwMjRcLzEyXC9FbG1lci1Nb3Jhbi1EZS1sYS1hZHZlcnNpZGFkLWFsLWV4aXRvMTcud2VicCIsInNsaWRlc2hvdyI6IjliOTkyMjYifQ%3D%3D\">\n\t\t\t\t\t<div class=\"e-gallery-image elementor-gallery-item__image\" data-thumbnail=\"https:\/\/soymigrante.com\/revista\/wp-content\/uploads\/2024\/12\/Elmer-Moran-De-la-adversidad-al-exito17-300x200.jpeg\" data-width=\"300\" data-height=\"200\" aria-label=\"Sabros\u00f3 bu\u00f1uelo mexicano tradicional con az\u00facar en un plato blanco sobre fondo azul claro.\" role=\"img\" ><\/div>\n\t\t\t\t\t\t\t\t\t\t\t<div class=\"elementor-gallery-item__overlay\"><\/div>\n\t\t\t\t\t\t\t\t\t\t\t\t\t\t<\/a>\n\t\t\t\t\t\t\t<a class=\"e-gallery-item elementor-gallery-item elementor-animated-content\" href=\"https:\/\/soymigrante.com\/revista\/wp-content\/uploads\/2024\/12\/Elmer-Moran-De-la-adversidad-al-exito18.webp\" data-elementor-open-lightbox=\"yes\" data-elementor-lightbox-slideshow=\"9b99226\" data-elementor-lightbox-description=\"La comida guatemalteca es \u00fanica por su sabor y preparaci\u00f3n. \" data-e-action-hash=\"#elementor-action%3Aaction%3Dlightbox%26settings%3DeyJpZCI6MTYyNTIsInVybCI6Imh0dHBzOlwvXC9zb3ltaWdyYW50ZS5jb21cL3JldmlzdGFcL3dwLWNvbnRlbnRcL3VwbG9hZHNcLzIwMjRcLzEyXC9FbG1lci1Nb3Jhbi1EZS1sYS1hZHZlcnNpZGFkLWFsLWV4aXRvMTgud2VicCIsInNsaWRlc2hvdyI6IjliOTkyMjYifQ%3D%3D\">\n\t\t\t\t\t<div class=\"e-gallery-image elementor-gallery-item__image\" data-thumbnail=\"https:\/\/soymigrante.com\/revista\/wp-content\/uploads\/2024\/12\/Elmer-Moran-De-la-adversidad-al-exito18-300x200.jpeg\" data-width=\"300\" data-height=\"200\" aria-label=\"Pollo con pl\u00e1tano y vegetales, comida tradicional en Am\u00e9rica Latina, en plato blanco, imagen de gastronom\u00eda latinoamericana en revista SoyMigrante.com REVISTA.\" role=\"img\" ><\/div>\n\t\t\t\t\t\t\t\t\t\t\t<div class=\"elementor-gallery-item__overlay\"><\/div>\n\t\t\t\t\t\t\t\t\t\t\t\t\t\t<\/a>\n\t\t\t\t\t<\/div>\n\t\t\t\t\t<\/div>\n\t\t\t\t\t<\/div>\n\t\t\t\t<\/div>\n\t\t<div data-particle_enable=\"false\" data-particle-mobile-disabled=\"false\" class=\"elementor-element elementor-element-8b496d3 e-flex e-con-boxed e-con e-parent\" data-id=\"8b496d3\" data-element_type=\"container\" data-e-type=\"container\">\n\t\t\t\t\t<div class=\"e-con-inner\">\n\t\t\t\t<div class=\"elementor-element elementor-element-e663054 elementor-widget elementor-widget-heading\" data-id=\"e663054\" data-element_type=\"widget\" data-e-type=\"widget\" data-widget_type=\"heading.default\">\n\t\t\t\t\t<h3 class=\"elementor-heading-title elementor-size-default\">Un paso m\u00e1s cerca de Guatemala <\/h3>\t\t\t\t<\/div>\n\t\t\t\t\t<\/div>\n\t\t\t\t<\/div>\n\t\t<div data-particle_enable=\"false\" data-particle-mobile-disabled=\"false\" class=\"elementor-element elementor-element-b5a217b e-flex e-con-boxed e-con e-parent\" data-id=\"b5a217b\" data-element_type=\"container\" data-e-type=\"container\">\n\t\t\t\t\t<div class=\"e-con-inner\">\n\t\t\t\t<div class=\"elementor-element elementor-element-1547c08 elementor-widget elementor-widget-text-editor\" data-id=\"1547c08\" data-element_type=\"widget\" data-e-type=\"widget\" data-widget_type=\"text-editor.default\">\n\t\t\t\t\t\t\t\t\t<p>En septiembre de 2023 logro visitar Guatemala por un permiso que le fue otorgado, durante el d\u00eda que llego su tierra natal estaba lloviendo, Fernando recuerda que eso fue lo que despert\u00f3 en \u00e9l, el deseo de regresar, porque pensaba en esas veces que tomaba caf\u00e9 y com\u00eda pan con su familia, esto lo incentivo a querer volver, ahora est\u00e1 pr\u00f3ximo a que se resuelva su situaci\u00f3n.\u00a0<\/p>\t\t\t\t\t\t\t\t<\/div>\n\t\t\t\t\t<\/div>\n\t\t\t\t<\/div>\n\t\t<div data-particle_enable=\"false\" data-particle-mobile-disabled=\"false\" class=\"elementor-element elementor-element-b77d013 e-flex e-con-boxed e-con e-parent\" data-id=\"b77d013\" data-element_type=\"container\" data-e-type=\"container\">\n\t\t\t\t\t<div class=\"e-con-inner\">\n\t\t\t\t<div class=\"elementor-element elementor-element-7d1c776 elementor-widget elementor-widget-gallery\" data-id=\"7d1c776\" data-element_type=\"widget\" data-e-type=\"widget\" data-settings=\"{&quot;columns&quot;:2,&quot;lazyload&quot;:&quot;yes&quot;,&quot;gallery_layout&quot;:&quot;grid&quot;,&quot;columns_tablet&quot;:2,&quot;columns_mobile&quot;:1,&quot;gap&quot;:{&quot;unit&quot;:&quot;px&quot;,&quot;size&quot;:10,&quot;sizes&quot;:[]},&quot;gap_tablet&quot;:{&quot;unit&quot;:&quot;px&quot;,&quot;size&quot;:10,&quot;sizes&quot;:[]},&quot;gap_mobile&quot;:{&quot;unit&quot;:&quot;px&quot;,&quot;size&quot;:10,&quot;sizes&quot;:[]},&quot;link_to&quot;:&quot;file&quot;,&quot;aspect_ratio&quot;:&quot;3:2&quot;,&quot;overlay_background&quot;:&quot;yes&quot;,&quot;content_hover_animation&quot;:&quot;fade-in&quot;}\" data-widget_type=\"gallery.default\">\n\t\t\t\t\t\t\t<div class=\"elementor-gallery__container\">\n\t\t\t\t\t\t\t<a class=\"e-gallery-item elementor-gallery-item elementor-animated-content\" href=\"https:\/\/soymigrante.com\/revista\/wp-content\/uploads\/2024\/12\/Elmer-Moran-De-la-adversidad-al-exito-28.webp\" data-elementor-open-lightbox=\"yes\" data-elementor-lightbox-slideshow=\"7d1c776\" data-elementor-lightbox-description=\"Imagen de un arco hist\u00f3rico en Antigua Guatemala, con turistas disfrutando del ambiente colonial, calles empedradas y arquitectura colorida, reflejando cultura, turismo y patrimonio en Guatemala.\" data-e-action-hash=\"#elementor-action%3Aaction%3Dlightbox%26settings%3DeyJpZCI6MTYyNTksInVybCI6Imh0dHBzOlwvXC9zb3ltaWdyYW50ZS5jb21cL3JldmlzdGFcL3dwLWNvbnRlbnRcL3VwbG9hZHNcLzIwMjRcLzEyXC9FbG1lci1Nb3Jhbi1EZS1sYS1hZHZlcnNpZGFkLWFsLWV4aXRvLTI4LndlYnAiLCJzbGlkZXNob3ciOiI3ZDFjNzc2In0%3D\">\n\t\t\t\t\t<div class=\"e-gallery-image elementor-gallery-item__image\" data-thumbnail=\"https:\/\/soymigrante.com\/revista\/wp-content\/uploads\/2024\/12\/Elmer-Moran-De-la-adversidad-al-exito-28-225x300.jpeg\" data-width=\"225\" data-height=\"300\" aria-label=\"Arco y reloj en el centro hist\u00f3rico de Antigua Guatemala, con turistas paseando y edificios coloridos, mostrando belleza colonial y cultura guatemalteca.\" role=\"img\" ><\/div>\n\t\t\t\t\t\t\t\t\t\t\t<div class=\"elementor-gallery-item__overlay\"><\/div>\n\t\t\t\t\t\t\t\t\t\t\t\t\t\t<\/a>\n\t\t\t\t\t\t\t<a class=\"e-gallery-item elementor-gallery-item elementor-animated-content\" href=\"https:\/\/soymigrante.com\/revista\/wp-content\/uploads\/2024\/12\/Elmer-Moran-De-la-adversidad-al-exito-29.webp\" data-elementor-open-lightbox=\"yes\" data-elementor-lightbox-slideshow=\"7d1c776\" data-elementor-lightbox-description=\"Elmer Mor\u00e1n disfrutando de los paisajes de Guatemala. \" data-e-action-hash=\"#elementor-action%3Aaction%3Dlightbox%26settings%3DeyJpZCI6MTYyNjAsInVybCI6Imh0dHBzOlwvXC9zb3ltaWdyYW50ZS5jb21cL3JldmlzdGFcL3dwLWNvbnRlbnRcL3VwbG9hZHNcLzIwMjRcLzEyXC9FbG1lci1Nb3Jhbi1EZS1sYS1hZHZlcnNpZGFkLWFsLWV4aXRvLTI5LndlYnAiLCJzbGlkZXNob3ciOiI3ZDFjNzc2In0%3D\">\n\t\t\t\t\t<div class=\"e-gallery-image elementor-gallery-item__image\" data-thumbnail=\"https:\/\/soymigrante.com\/revista\/wp-content\/uploads\/2024\/12\/Elmer-Moran-De-la-adversidad-al-exito-29-225x300.jpeg\" data-width=\"225\" data-height=\"300\" aria-label=\"Hermoso paisaje natural en sectores tur\u00edsticos de M\u00e9xico con vista a monta\u00f1as y naturaleza, con joven en paisaje: turismo colombiano, paisaje natural, turismo en M\u00e9xico, vista panor\u00e1mica, naturaleza y viajes.\" role=\"img\" ><\/div>\n\t\t\t\t\t\t\t\t\t\t\t<div class=\"elementor-gallery-item__overlay\"><\/div>\n\t\t\t\t\t\t\t\t\t\t\t\t\t\t<\/a>\n\t\t\t\t\t\t\t<a class=\"e-gallery-item elementor-gallery-item elementor-animated-content\" href=\"https:\/\/soymigrante.com\/revista\/wp-content\/uploads\/2024\/12\/Elmer-Moran-De-la-adversidad-al-exito-30.webp\" data-elementor-open-lightbox=\"yes\" data-elementor-lightbox-slideshow=\"7d1c776\" data-elementor-lightbox-description=\"Fernando se sinti\u00f3 otra vez en su hogar, al estar en Guatemala. \" data-e-action-hash=\"#elementor-action%3Aaction%3Dlightbox%26settings%3DeyJpZCI6MTYyNjEsInVybCI6Imh0dHBzOlwvXC9zb3ltaWdyYW50ZS5jb21cL3JldmlzdGFcL3dwLWNvbnRlbnRcL3VwbG9hZHNcLzIwMjRcLzEyXC9FbG1lci1Nb3Jhbi1EZS1sYS1hZHZlcnNpZGFkLWFsLWV4aXRvLTMwLndlYnAiLCJzbGlkZXNob3ciOiI3ZDFjNzc2In0%3D\">\n\t\t\t\t\t<div class=\"e-gallery-image elementor-gallery-item__image\" data-thumbnail=\"https:\/\/soymigrante.com\/revista\/wp-content\/uploads\/2024\/12\/Elmer-Moran-De-la-adversidad-al-exito-30-225x300.jpeg\" data-width=\"225\" data-height=\"300\" aria-label=\"Joven turista en parque tem\u00e1tico con monumento en fondo, vistiendo ropa c\u00f3moda y casual para disfrutar de un d\u00eda soleado, en un lugar tur\u00edstico y cultural en M\u00e9xico.\" role=\"img\" ><\/div>\n\t\t\t\t\t\t\t\t\t\t\t<div class=\"elementor-gallery-item__overlay\"><\/div>\n\t\t\t\t\t\t\t\t\t\t\t\t\t\t<\/a>\n\t\t\t\t\t\t\t<a class=\"e-gallery-item elementor-gallery-item elementor-animated-content\" href=\"https:\/\/soymigrante.com\/revista\/wp-content\/uploads\/2024\/12\/Elmer-Moran-De-la-adversidad-al-exito-31.webp\" data-elementor-open-lightbox=\"yes\" data-elementor-lightbox-slideshow=\"7d1c776\" data-elementor-lightbox-description=\"Imagen de migrantes preparando comida mexicana en un entorno dom\u00e9stico, mostrando la riqueza cultural y la tradici\u00f3n en la cocina migrante, promoviendo el intercambio cultural y econ\u00f3mico.\" data-e-action-hash=\"#elementor-action%3Aaction%3Dlightbox%26settings%3DeyJpZCI6MTYyNjIsInVybCI6Imh0dHBzOlwvXC9zb3ltaWdyYW50ZS5jb21cL3JldmlzdGFcL3dwLWNvbnRlbnRcL3VwbG9hZHNcLzIwMjRcLzEyXC9FbG1lci1Nb3Jhbi1EZS1sYS1hZHZlcnNpZGFkLWFsLWV4aXRvLTMxLndlYnAiLCJzbGlkZXNob3ciOiI3ZDFjNzc2In0%3D\">\n\t\t\t\t\t<div class=\"e-gallery-image elementor-gallery-item__image\" data-thumbnail=\"https:\/\/soymigrante.com\/revista\/wp-content\/uploads\/2024\/12\/Elmer-Moran-De-la-adversidad-al-exito-31-300x225.jpeg\" data-width=\"300\" data-height=\"225\" aria-label=\"Oportunidad de migrantes en la gastronom\u00eda tradicional mexicana, preparando y compartiendo sabores aut\u00e9nticos en un entorno familiar y cultural.\" role=\"img\" ><\/div>\n\t\t\t\t\t\t\t\t\t\t\t<div class=\"elementor-gallery-item__overlay\"><\/div>\n\t\t\t\t\t\t\t\t\t\t\t\t\t\t<\/a>\n\t\t\t\t\t\t\t<a class=\"e-gallery-item elementor-gallery-item elementor-animated-content\" href=\"https:\/\/soymigrante.com\/revista\/wp-content\/uploads\/2024\/12\/Elmer-Moran-De-la-adversidad-al-exito-32.webp\" data-elementor-open-lightbox=\"yes\" data-elementor-lightbox-slideshow=\"7d1c776\" data-elementor-lightbox-description=\"Imagen de un hombre sonriente en una lancha azul con vistas a monta\u00f1as y cielo despejado, vestido con ropa de verano, sombrero y gafas de sol, representando experiencias de migrantes y viajeros en destinos tur\u00edsticos y culturales del mundo hispanohablante.\" data-e-action-hash=\"#elementor-action%3Aaction%3Dlightbox%26settings%3DeyJpZCI6MTYyNjMsInVybCI6Imh0dHBzOlwvXC9zb3ltaWdyYW50ZS5jb21cL3JldmlzdGFcL3dwLWNvbnRlbnRcL3VwbG9hZHNcLzIwMjRcLzEyXC9FbG1lci1Nb3Jhbi1EZS1sYS1hZHZlcnNpZGFkLWFsLWV4aXRvLTMyLndlYnAiLCJzbGlkZXNob3ciOiI3ZDFjNzc2In0%3D\">\n\t\t\t\t\t<div class=\"e-gallery-image elementor-gallery-item__image\" data-thumbnail=\"https:\/\/soymigrante.com\/revista\/wp-content\/uploads\/2024\/12\/Elmer-Moran-De-la-adversidad-al-exito-32-225x300.jpeg\" data-width=\"225\" data-height=\"300\" aria-label=\"Disfrutando de un paseo en lancha con vistas a paisajes monta\u00f1osos en un d\u00eda soleado, usando ropa de verano y accesorios de viaje, resaltando la experiencia de migrantes y viajeros en destinos tur\u00edsticos.\" role=\"img\" ><\/div>\n\t\t\t\t\t\t\t\t\t\t\t<div class=\"elementor-gallery-item__overlay\"><\/div>\n\t\t\t\t\t\t\t\t\t\t\t\t\t\t<\/a>\n\t\t\t\t\t\t\t<a class=\"e-gallery-item elementor-gallery-item elementor-animated-content\" href=\"https:\/\/soymigrante.com\/revista\/wp-content\/uploads\/2024\/12\/Elmer-Moran-De-la-adversidad-al-exito-33.webp\" data-elementor-open-lightbox=\"yes\" data-elementor-lightbox-slideshow=\"7d1c776\" data-elementor-lightbox-title=\"Elmer Mor\u00e1n De la adversidad al \u00e9xito 33\" data-elementor-lightbox-description=\"Una calle festiva decorada con sombreros y banderas de colores sobre un fondo de paisaje monta\u00f1oso, vibrante ejemplo de cultura local y celebraci\u00f3n en un destino tur\u00edstico, promoviendo diversidad y tradiciones culturales.\" data-e-action-hash=\"#elementor-action%3Aaction%3Dlightbox%26settings%3DeyJpZCI6MTYyNjQsInVybCI6Imh0dHBzOlwvXC9zb3ltaWdyYW50ZS5jb21cL3JldmlzdGFcL3dwLWNvbnRlbnRcL3VwbG9hZHNcLzIwMjRcLzEyXC9FbG1lci1Nb3Jhbi1EZS1sYS1hZHZlcnNpZGFkLWFsLWV4aXRvLTMzLndlYnAiLCJzbGlkZXNob3ciOiI3ZDFjNzc2In0%3D\">\n\t\t\t\t\t<div class=\"e-gallery-image elementor-gallery-item__image\" data-thumbnail=\"https:\/\/soymigrante.com\/revista\/wp-content\/uploads\/2024\/12\/Elmer-Moran-De-la-adversidad-al-exito-33-225x300.jpeg\" data-width=\"225\" data-height=\"300\" aria-label=\"Coloridas sombreros y decoraciones en calles de San Andr\u00e9s mediante el uso de sombreros de fiesta y banderas en un d\u00eda soleado, integrando cultura y festividad en un ambiente tur\u00edstico.\" role=\"img\" ><\/div>\n\t\t\t\t\t\t\t\t\t\t\t<div class=\"elementor-gallery-item__overlay\"><\/div>\n\t\t\t\t\t\t\t\t\t\t\t\t\t\t<\/a>\n\t\t\t\t\t\t\t<a class=\"e-gallery-item elementor-gallery-item elementor-animated-content\" href=\"https:\/\/soymigrante.com\/revista\/wp-content\/uploads\/2024\/12\/Elmer-Moran-De-la-adversidad-al-exito-34.webp\" data-elementor-open-lightbox=\"yes\" data-elementor-lightbox-slideshow=\"7d1c776\" data-elementor-lightbox-description=\"Fernando ha luchado por cumplir sus sue\u00f1os. \" data-e-action-hash=\"#elementor-action%3Aaction%3Dlightbox%26settings%3DeyJpZCI6MTYyNjUsInVybCI6Imh0dHBzOlwvXC9zb3ltaWdyYW50ZS5jb21cL3JldmlzdGFcL3dwLWNvbnRlbnRcL3VwbG9hZHNcLzIwMjRcLzEyXC9FbG1lci1Nb3Jhbi1EZS1sYS1hZHZlcnNpZGFkLWFsLWV4aXRvLTM0LndlYnAiLCJzbGlkZXNob3ciOiI3ZDFjNzc2In0%3D\">\n\t\t\t\t\t<div class=\"e-gallery-image elementor-gallery-item__image\" data-thumbnail=\"https:\/\/soymigrante.com\/revista\/wp-content\/uploads\/2024\/12\/Elmer-Moran-De-la-adversidad-al-exito-34-225x300.jpeg\" data-width=\"225\" data-height=\"300\" aria-label=\"Paisaje con lago y monta\u00f1as en Tolim\u00e1n, se\u00f1alizaci\u00f3n con letras grandes que dice &quot;Yo \u2764\ufe0f Tolim\u00e1n&quot;, con un hombre sonriendo y se\u00f1alando, en un d\u00eda nublado ideal para turismo y cultura en redes sociales.\" role=\"img\" ><\/div>\n\t\t\t\t\t\t\t\t\t\t\t<div class=\"elementor-gallery-item__overlay\"><\/div>\n\t\t\t\t\t\t\t\t\t\t\t\t\t\t<\/a>\n\t\t\t\t\t\t\t<a class=\"e-gallery-item elementor-gallery-item elementor-animated-content\" href=\"https:\/\/soymigrante.com\/revista\/wp-content\/uploads\/2024\/12\/Elmer-Moran-De-la-adversidad-al-exito-35.webp\" data-elementor-open-lightbox=\"yes\" data-elementor-lightbox-slideshow=\"7d1c776\" data-elementor-lightbox-description=\"La fotograf\u00eda muestra a un hombre disfrutando del mar y la naturaleza en la playa, transmitiendo sensaciones de calma, migrante y vida insular.\" data-e-action-hash=\"#elementor-action%3Aaction%3Dlightbox%26settings%3DeyJpZCI6MTYyNjYsInVybCI6Imh0dHBzOlwvXC9zb3ltaWdyYW50ZS5jb21cL3JldmlzdGFcL3dwLWNvbnRlbnRcL3VwbG9hZHNcLzIwMjRcLzEyXC9FbG1lci1Nb3Jhbi1EZS1sYS1hZHZlcnNpZGFkLWFsLWV4aXRvLTM1LndlYnAiLCJzbGlkZXNob3ciOiI3ZDFjNzc2In0%3D\">\n\t\t\t\t\t<div class=\"e-gallery-image elementor-gallery-item__image\" data-thumbnail=\"https:\/\/soymigrante.com\/revista\/wp-content\/uploads\/2024\/12\/Elmer-Moran-De-la-adversidad-al-exito-35-225x300.jpeg\" data-width=\"225\" data-height=\"300\" aria-label=\"Vendedor caminando por la playa con mar y cielo azul en fondo, en una escena que puede representar tranquilidad y libertad.\" role=\"img\" ><\/div>\n\t\t\t\t\t\t\t\t\t\t\t<div class=\"elementor-gallery-item__overlay\"><\/div>\n\t\t\t\t\t\t\t\t\t\t\t\t\t\t<\/a>\n\t\t\t\t\t\t\t<a class=\"e-gallery-item elementor-gallery-item elementor-animated-content\" href=\"https:\/\/soymigrante.com\/revista\/wp-content\/uploads\/2024\/12\/Elmer-Moran-De-la-adversidad-al-exito-36.webp\" data-elementor-open-lightbox=\"yes\" data-elementor-lightbox-slideshow=\"7d1c776\" data-elementor-lightbox-description=\"Imagen de un joven en medio de un bosque de bamb\u00fa con r\u00edo, destacando cultura migrante, vida en el extranjero y naturaleza en revista SoyMigrante.\" data-e-action-hash=\"#elementor-action%3Aaction%3Dlightbox%26settings%3DeyJpZCI6MTYyNjcsInVybCI6Imh0dHBzOlwvXC9zb3ltaWdyYW50ZS5jb21cL3JldmlzdGFcL3dwLWNvbnRlbnRcL3VwbG9hZHNcLzIwMjRcLzEyXC9FbG1lci1Nb3Jhbi1EZS1sYS1hZHZlcnNpZGFkLWFsLWV4aXRvLTM2LndlYnAiLCJzbGlkZXNob3ciOiI3ZDFjNzc2In0%3D\">\n\t\t\t\t\t<div class=\"e-gallery-image elementor-gallery-item__image\" data-thumbnail=\"https:\/\/soymigrante.com\/revista\/wp-content\/uploads\/2024\/12\/Elmer-Moran-De-la-adversidad-al-exito-36-225x300.jpeg\" data-width=\"225\" data-height=\"300\" aria-label=\"Bamb\u00fa y naturaleza en revista SoyMigrante, ambiente natural, cultura migrante, vida en el exterior.\" role=\"img\" ><\/div>\n\t\t\t\t\t\t\t\t\t\t\t<div class=\"elementor-gallery-item__overlay\"><\/div>\n\t\t\t\t\t\t\t\t\t\t\t\t\t\t<\/a>\n\t\t\t\t\t<\/div>\n\t\t\t\t\t<\/div>\n\t\t\t\t\t<\/div>\n\t\t\t\t<\/div>\n\t\t<div data-particle_enable=\"false\" data-particle-mobile-disabled=\"false\" class=\"elementor-element elementor-element-3e7450d e-flex e-con-boxed e-con e-parent\" data-id=\"3e7450d\" data-element_type=\"container\" data-e-type=\"container\">\n\t\t\t\t\t<div class=\"e-con-inner\">\n\t\t\t\t<div class=\"elementor-element elementor-element-af31a7e elementor-widget elementor-widget-heading\" data-id=\"af31a7e\" data-element_type=\"widget\" data-e-type=\"widget\" data-widget_type=\"heading.default\">\n\t\t\t\t\t<h2 class=\"elementor-heading-title elementor-size-default\">Testimonios inspiradores<\/h2>\t\t\t\t<\/div>\n\t\t\t\t\t<\/div>\n\t\t\t\t<\/div>\n\t\t<div data-particle_enable=\"false\" data-particle-mobile-disabled=\"false\" class=\"elementor-element elementor-element-106bac6 e-flex e-con-boxed e-con e-parent\" data-id=\"106bac6\" data-element_type=\"container\" data-e-type=\"container\">\n\t\t\t\t\t<div class=\"e-con-inner\">\n\t\t\t\t<div class=\"elementor-element elementor-element-904a328 elementor-widget elementor-widget-blfe-post-grid\" data-id=\"904a328\" data-element_type=\"widget\" data-e-type=\"widget\" data-settings=\"{&quot;columns&quot;:&quot;3&quot;,&quot;columns_tablet&quot;:&quot;6&quot;,&quot;columns_mobile&quot;:&quot;12&quot;,&quot;hero1_layout_column_gap&quot;:{&quot;unit&quot;:&quot;px&quot;,&quot;size&quot;:30,&quot;sizes&quot;:[]},&quot;hero1_layout_column_gap_tablet&quot;:{&quot;unit&quot;:&quot;px&quot;,&quot;size&quot;:&quot;&quot;,&quot;sizes&quot;:[]},&quot;hero1_layout_column_gap_mobile&quot;:{&quot;unit&quot;:&quot;px&quot;,&quot;size&quot;:&quot;&quot;,&quot;sizes&quot;:[]},&quot;hero1_layout_row_gap&quot;:{&quot;unit&quot;:&quot;px&quot;,&quot;size&quot;:30,&quot;sizes&quot;:[]},&quot;hero1_layout_row_gap_tablet&quot;:{&quot;unit&quot;:&quot;px&quot;,&quot;size&quot;:&quot;&quot;,&quot;sizes&quot;:[]},&quot;hero1_layout_row_gap_mobile&quot;:{&quot;unit&quot;:&quot;px&quot;,&quot;size&quot;:&quot;&quot;,&quot;sizes&quot;:[]}}\" data-widget_type=\"blfe-post-grid.hero1\">\n\t\t\t\t<div class=\"elementor-widget-container\">\n\t\t\t\t\t\n                        <div class=\"blfe-post-grid-container \">\n            \n                <div data-skin=\"hero1\" class=\"blfe-row blfe-posts-inner blfe-hero1 blfe-posts-inner blfe-col-3 blfe-col-tab-6 blfe-col-mob-12     \">\n                            <div class=\"blfe-post-grid-item\">\n            <div class=\"blfe-post-grid-item-inner blfe-modern-zoom\">\n                        <div class=\"blfe-post-grid-bg-image\">\n            <a class=\"blfe-post-grid-image-inner\" href=\"https:\/\/soymigrante.com\/revista\/luis-von-ahn-national-geographic-33-guatemalteco-duolingo\/\" title=\"\u00bfC\u00f3mo lleg\u00f3 el  guatemalteco Luis von Ahn a la lista Global 33 de L\u00edderes Innovadores de National Geographic?\" rel=\"nofollow\" target=\"_blank\"><img decoding=\"async\" src=\"https:\/\/soymigrante.com\/revista\/wp-content\/uploads\/2026\/04\/Luis-von-Ahn-33-changemakers-National-Geographic-guatemalteco-migrante-lista.png\" alt=\"\u00bfC\u00f3mo lleg\u00f3 el  guatemalteco Luis von Ahn a la lista Global 33 de L\u00edderes Innovadores de National Geographic?\"\/><\/a>        <\/div>\n                        <div class=\"blfe-post-grid-details\">\n                    <div class=\"blfe-post-grid-details-inner\">\n                        <span class=\"blfe-post-category\"><a href=\"https:\/\/soymigrante.com\/revista\/category\/exitos\/\">\u00c9xitos<\/a><\/span>                        <h3 class=\"blfe-post-grid-title\">\n            <a href=\"https:\/\/soymigrante.com\/revista\/luis-von-ahn-national-geographic-33-guatemalteco-duolingo\/\" title=\"\u00bfC\u00f3mo lleg\u00f3 el  guatemalteco Luis von Ahn a la lista Global 33 de L\u00edderes Innovadores de National Geographic?\" rel=\"nofollow\" target=\"_blank\">\u00bfC\u00f3mo lleg\u00f3 el  guatemalteco Luis von Ahn a la lista Global 33 de L\u00edderes Innovadores de National Geographic?<\/a>\n            <\/h3>                                                            <div class=\"blfe-post-grid-meta\">\n                <span class=\"blfe-post-grid-time\"><i class=\"fas fa-book-reader\"><\/i>5 Min read<\/span>            <\/div>\n                                                        <\/div>\n                <\/div>\n\n            <\/div>\n        <\/div>\n                <div class=\"blfe-post-grid-item\">\n            <div class=\"blfe-post-grid-item-inner blfe-modern-zoom\">\n                        <div class=\"blfe-post-grid-bg-image\">\n            <a class=\"blfe-post-grid-image-inner\" href=\"https:\/\/soymigrante.com\/revista\/migrante-guatemalteco-trabajador-de-la-construccion-adolfo-mejia\/\" title=\"&#8220;Aqu\u00ed se trabaja duro&#8221;: Adolfo Mej\u00eda, migrante y constructor guatemalteco\" rel=\"nofollow\" target=\"_blank\"><img decoding=\"async\" src=\"https:\/\/soymigrante.com\/revista\/wp-content\/uploads\/2023\/06\/adolfo-mejia.webp\" alt=\"&#8220;Aqu\u00ed se trabaja duro&#8221;: Adolfo Mej\u00eda, migrante y constructor guatemalteco\"\/><\/a>        <\/div>\n                        <div class=\"blfe-post-grid-details\">\n                    <div class=\"blfe-post-grid-details-inner\">\n                        <span class=\"blfe-post-category\"><a href=\"https:\/\/soymigrante.com\/revista\/category\/exitos\/\">\u00c9xitos<\/a><\/span>                        <h3 class=\"blfe-post-grid-title\">\n            <a href=\"https:\/\/soymigrante.com\/revista\/migrante-guatemalteco-trabajador-de-la-construccion-adolfo-mejia\/\" title=\"&#8220;Aqu\u00ed se trabaja duro&#8221;: Adolfo Mej\u00eda, migrante y constructor guatemalteco\" rel=\"nofollow\" target=\"_blank\">&#8220;Aqu\u00ed se trabaja duro&#8221;: Adolfo Mej\u00eda, migrante y constructor guatemalteco<\/a>\n            <\/h3>                                                            <div class=\"blfe-post-grid-meta\">\n                <span class=\"blfe-post-grid-time\"><i class=\"fas fa-book-reader\"><\/i>5 Min read<\/span>            <\/div>\n                                                        <\/div>\n                <\/div>\n\n            <\/div>\n        <\/div>\n                <div class=\"blfe-post-grid-item\">\n            <div class=\"blfe-post-grid-item-inner blfe-modern-zoom\">\n                        <div class=\"blfe-post-grid-bg-image\">\n            <a class=\"blfe-post-grid-image-inner\" href=\"https:\/\/soymigrante.com\/revista\/actor-arturo-castro\/\" title=\"&#8220;Cuando uno tiene un sue\u00f1o, no hay plan B&#8221;: actor Arturo Castro\" rel=\"nofollow\" target=\"_blank\"><img decoding=\"async\" src=\"https:\/\/soymigrante.com\/revista\/wp-content\/uploads\/2023\/02\/artennat.webp\" alt=\"&#8220;Cuando uno tiene un sue\u00f1o, no hay plan B&#8221;: actor Arturo Castro\"\/><\/a>        <\/div>\n                        <div class=\"blfe-post-grid-details\">\n                    <div class=\"blfe-post-grid-details-inner\">\n                        <span class=\"blfe-post-category\"><a href=\"https:\/\/soymigrante.com\/revista\/category\/exitos\/\">\u00c9xitos<\/a><\/span>                        <h3 class=\"blfe-post-grid-title\">\n            <a href=\"https:\/\/soymigrante.com\/revista\/actor-arturo-castro\/\" title=\"&#8220;Cuando uno tiene un sue\u00f1o, no hay plan B&#8221;: actor Arturo Castro\" rel=\"nofollow\" target=\"_blank\">&#8220;Cuando uno tiene un sue\u00f1o, no hay plan B&#8221;: actor Arturo Castro<\/a>\n            <\/h3>                                                            <div class=\"blfe-post-grid-meta\">\n                <span class=\"blfe-post-grid-time\"><i class=\"fas fa-book-reader\"><\/i>8 Min read<\/span>            <\/div>\n                                                        <\/div>\n                <\/div>\n\n            <\/div>\n        <\/div>\n                        <\/div>\n\n                        <\/div>\n            \n                        <div class=\"blfe-post-footer\">\n                        <\/div>\n            \t\t\t\t<\/div>\n\t\t\t\t<\/div>\n\t\t\t\t\t<\/div>\n\t\t\t\t<\/div>\n\t\t\t\t<\/div>\n\t\t","protected":false},"excerpt":{"rendered":"<p>Elmer Fernando Mor\u00e1n dirige, junto con su hermana Dinora, la tienda La Guatemalteca en la ciudad de Aurora, Colorado donde vende productos guatemaltecos de la nostalgia, incluyendo tamales chapines. Esta es su historia. Elmer Fernando Mor\u00e1n\u00a0es un migrante guatemalteco cuya historia refleja la lucha, el sacrificio y la resiliencia de muchos que buscan un mejor [&hellip;]<\/p>\n","protected":false},"author":19,"featured_media":16236,"comment_status":"open","ping_status":"open","sticky":false,"template":"","format":"standard","meta":{"_acf_changed":false,"_eb_attr":"","footnotes":""},"categories":[50],"tags":[],"class_list":["post-16234","post","type-post","status-publish","format-standard","has-post-thumbnail","hentry","category-exitos"],"acf":[],"aioseo_notices":[],"aioseo_head":"\n\t\t<!-- All in One SEO Pro 4.9.6.2 - aioseo.com -->\n\t<meta name=\"description\" content=\"Considera el ser guatemalteco un \u201csuperpoder\u201d y ve en los migrantes hispanos radicados de EE.UU. una hermandad sin fronteras. Se r\u00ede de los estereotipos discriminatorios precisamente para desarmarlos a trav\u00e9s de su participaci\u00f3n en la serie Alternatino.\u200b El actor Arturo Castro figura en el reparto de The Menu, una pel\u00edcula elogiada por la cr\u00edtica y\" \/>\n\t<meta name=\"robots\" content=\"max-snippet:-1, max-image-preview:large, max-video-preview:-1\" \/>\n\t<meta name=\"author\" content=\"Gustavo Montenegro\"\/>\n\t<link rel=\"canonical\" href=\"https:\/\/soymigrante.com\/revista\/actor-arturo-castro\/\" \/>\n\t<meta name=\"generator\" content=\"All in One SEO Pro (AIOSEO) 4.9.6.2\" \/>\n\n\t\t<link rel=\"preconnect\" href=\"https:\/\/fonts.googleapis.com\" crossorigin>\n<link rel=\"preconnect\" href=\"https:\/\/fonts.gstatic.com\" crossorigin>\n\t\t<meta property=\"og:locale\" content=\"es_ES\" \/>\n\t\t<meta property=\"og:site_name\" content=\"SoyMigrante.com REVISTA \u2013 Nuestra misi\u00f3n es reconocer y dignificar al migrante.\" \/>\n\t\t<meta property=\"og:type\" content=\"article\" \/>\n\t\t<meta property=\"og:title\" content=\"\u201cCuando uno tiene un sue\u00f1o, no hay plan B\u201d: actor Arturo Castro\" \/>\n\t\t<meta property=\"og:description\" content=\"Considera el ser guatemalteco un \u201csuperpoder\u201d y ve en los migrantes hispanos radicados de EE.UU. una hermandad sin fronteras. Se r\u00ede de los estereotipos discriminatorios precisamente para desarmarlos a trav\u00e9s de su participaci\u00f3n en la serie Alternatino.\u200b El actor Arturo Castro figura en el reparto de The Menu, una pel\u00edcula elogiada por la cr\u00edtica y\" \/>\n\t\t<meta property=\"og:url\" content=\"https:\/\/soymigrante.com\/revista\/actor-arturo-castro\/\" \/>\n\t\t<meta property=\"og:image\" content=\"https:\/\/soymigrante.com\/revista\/wp-content\/uploads\/2023\/02\/artennat.webp\" \/>\n\t\t<meta property=\"og:image:secure_url\" content=\"https:\/\/soymigrante.com\/revista\/wp-content\/uploads\/2023\/02\/artennat.webp\" \/>\n\t\t<meta property=\"og:image:width\" content=\"1280\" \/>\n\t\t<meta property=\"og:image:height\" content=\"720\" \/>\n\t\t<meta property=\"article:published_time\" content=\"2023-05-26T00:12:51+00:00\" \/>\n\t\t<meta property=\"article:modified_time\" content=\"2026-03-11T20:41:43+00:00\" \/>\n\t\t<meta property=\"article:publisher\" content=\"https:\/\/www.facebook.com\/soymigrantecom\" \/>\n\t\t<meta name=\"twitter:card\" content=\"summary_large_image\" \/>\n\t\t<meta name=\"twitter:site\" content=\"@SoyMigrante_com\" \/>\n\t\t<meta name=\"twitter:title\" content=\"\u201cCuando uno tiene un sue\u00f1o, no hay plan B\u201d: actor Arturo Castro\" \/>\n\t\t<meta name=\"twitter:description\" content=\"Considera el ser guatemalteco un \u201csuperpoder\u201d y ve en los migrantes hispanos radicados de EE.UU. una hermandad sin fronteras. Se r\u00ede de los estereotipos discriminatorios precisamente para desarmarlos a trav\u00e9s de su participaci\u00f3n en la serie Alternatino.\u200b El actor Arturo Castro figura en el reparto de The Menu, una pel\u00edcula elogiada por la cr\u00edtica y\" \/>\n\t\t<meta name=\"twitter:creator\" content=\"@SoyMigrante_com\" \/>\n\t\t<meta name=\"twitter:image\" content=\"https:\/\/soymigrante.com\/revista\/wp-content\/uploads\/2023\/02\/artennat.webp\" \/>\n\t\t<!-- All in One SEO Pro -->\r\n\t\t<title>\u201cCuando uno tiene un sue\u00f1o, no hay plan B\u201d: actor Arturo Castro<\/title>\n\n","aioseo_head_json":{"title":"\u201cCuando uno tiene un sue\u00f1o, no hay plan B\u201d: actor Arturo Castro","description":"Considera el ser guatemalteco un \u201csuperpoder\u201d y ve en los migrantes hispanos radicados de EE.UU. una hermandad sin fronteras. Se r\u00ede de los estereotipos discriminatorios precisamente para desarmarlos a trav\u00e9s de su participaci\u00f3n en la serie Alternatino.\u200b El actor Arturo Castro figura en el reparto de The Menu, una pel\u00edcula elogiada por la cr\u00edtica y","canonical_url":"https:\/\/soymigrante.com\/revista\/actor-arturo-castro\/","robots":"max-snippet:-1, max-image-preview:large, max-video-preview:-1","keywords":"","webmasterTools":{"miscellaneous":"&lt;link rel=\"preconnect\" href=\"https:\/\/fonts.googleapis.com\" crossorigin&gt;\n&lt;link rel=\"preconnect\" href=\"https:\/\/fonts.gstatic.com\" crossorigin&gt;"},"schema":null,"og:locale":"es_ES","og:site_name":"SoyMigrante.com REVISTA \u2013 Nuestra misi\u00f3n es reconocer y dignificar al migrante.","og:type":"article","og:title":"\u201cCuando uno tiene un sue\u00f1o, no hay plan B\u201d: actor Arturo Castro","og:description":"Considera el ser guatemalteco un \u201csuperpoder\u201d y ve en los migrantes hispanos radicados de EE.UU. una hermandad sin fronteras. Se r\u00ede de los estereotipos discriminatorios precisamente para desarmarlos a trav\u00e9s de su participaci\u00f3n en la serie Alternatino.\u200b El actor Arturo Castro figura en el reparto de The Menu, una pel\u00edcula elogiada por la cr\u00edtica y","og:url":"https:\/\/soymigrante.com\/revista\/actor-arturo-castro\/","og:image":"https:\/\/soymigrante.com\/revista\/wp-content\/uploads\/2023\/02\/artennat.webp","og:image:secure_url":"https:\/\/soymigrante.com\/revista\/wp-content\/uploads\/2023\/02\/artennat.webp","og:image:width":1280,"og:image:height":720,"article:published_time":"2023-05-26T00:12:51+00:00","article:modified_time":"2026-03-11T20:41:43+00:00","article:publisher":"https:\/\/www.facebook.com\/soymigrantecom","twitter:card":"summary_large_image","twitter:site":"@SoyMigrante_com","twitter:title":"\u201cCuando uno tiene un sue\u00f1o, no hay plan B\u201d: actor Arturo Castro","twitter:description":"Considera el ser guatemalteco un \u201csuperpoder\u201d y ve en los migrantes hispanos radicados de EE.UU. una hermandad sin fronteras. Se r\u00ede de los estereotipos discriminatorios precisamente para desarmarlos a trav\u00e9s de su participaci\u00f3n en la serie Alternatino.\u200b El actor Arturo Castro figura en el reparto de The Menu, una pel\u00edcula elogiada por la cr\u00edtica y","twitter:creator":"@SoyMigrante_com","twitter:image":"https:\/\/soymigrante.com\/revista\/wp-content\/uploads\/2023\/02\/artennat.webp"},"aioseo_meta_data":{"post_id":"16234","title":"Elmer Mor\u00e1n vive el sue\u00f1o de La Guatemalteca en Colorado","description":"La Tienda la Guatemalteca, en Aurora, Colorado, naci\u00f3 de la b\u00fasqueda de oportunidades de dos hermanos migrantes guatemaltecos. Elmer Mor\u00e1n comparte su historia.","keywords":null,"keyphrases":{"focus":{"keyphrase":"Tienda","score":76,"analysis":{"keyphraseInTitle":{"score":3,"maxScore":9,"error":1},"keyphraseInDescription":{"score":9,"maxScore":9,"error":0},"keyphraseLength":{"score":9,"maxScore":9,"error":0,"length":1},"keyphraseInURL":{"score":1,"maxScore":5,"error":1},"keyphraseInIntroduction":{"score":9,"maxScore":9,"error":0},"keyphraseInSubHeadings":{"score":3,"maxScore":9,"error":1},"keyphraseInImageAlt":{"score":9,"maxScore":9,"error":0},"keywordDensity":{"type":"best","score":9,"maxScore":9,"error":0}}},"additional":[{"keyphrase":"Guatemalteca","score":100,"analysis":{"keyphraseInDescription":{"score":9,"maxScore":9,"error":0},"keyphraseLength":{"score":9,"maxScore":9,"error":0,"length":1},"keyphraseInIntroduction":{"score":9,"maxScore":9,"error":0},"keyphraseInImageAlt":{"score":9,"maxScore":9,"error":0},"keywordDensity":{"type":"best","score":9,"maxScore":9,"error":0}}}]},"primary_term":null,"canonical_url":null,"og_title":null,"og_description":null,"og_object_type":"default","og_image_type":"default","og_image_url":null,"og_image_width":null,"og_image_height":null,"og_image_custom_url":null,"og_image_custom_fields":null,"og_video":"","og_custom_url":null,"og_article_section":null,"og_article_tags":null,"twitter_use_og":false,"twitter_card":"default","twitter_image_type":"default","twitter_image_url":null,"twitter_image_custom_url":null,"twitter_image_custom_fields":null,"twitter_title":null,"twitter_description":null,"schema":{"blockGraphs":[],"customGraphs":[],"default":{"data":{"Article":[],"Course":[],"Dataset":[],"FAQPage":[],"Movie":[],"Person":[],"Product":[],"ProductReview":[],"Car":[],"Recipe":[],"Service":[],"SoftwareApplication":[],"WebPage":[]},"graphName":"Article","isEnabled":true},"graphs":[]},"schema_type":"default","schema_type_options":null,"pillar_content":false,"robots_default":true,"robots_noindex":false,"robots_noarchive":false,"robots_nosnippet":false,"robots_nofollow":false,"robots_noimageindex":false,"robots_noodp":false,"robots_notranslate":false,"robots_max_snippet":"-1","robots_max_videopreview":"-1","robots_max_imagepreview":"large","priority":null,"frequency":"default","local_seo":null,"seo_analyzer_scan_date":"2025-10-09 01:01:55","breadcrumb_settings":null,"limit_modified_date":false,"reviewed_by":null,"open_ai":"{\"title\":{\"suggestions\":[],\"usage\":0},\"description\":{\"suggestions\":[],\"usage\":0}}","ai":null,"created":"2024-12-12 19:17:03","updated":"2026-02-04 18:24:06"},"aioseo_breadcrumb":"<div class=\"aioseo-breadcrumbs\"><span class=\"aioseo-breadcrumb\">\n\t<a href=\"https:\/\/soymigrante.com\/revista\" title=\"Home\">Home<\/a>\n<\/span><span class=\"aioseo-breadcrumb-separator\">\u00bb<\/span><span class=\"aioseo-breadcrumb\">\n\t<a href=\"https:\/\/soymigrante.com\/revista\/category\/exitos\/\" title=\"\u00c9xitos\">\u00c9xitos<\/a>\n<\/span><span class=\"aioseo-breadcrumb-separator\">\u00bb<\/span><span class=\"aioseo-breadcrumb\">\n\tElmer Fernando Mor\u00e1n vive el sue\u00f1o de La Guatemalteca en Colorado junto a su hermana\n<\/span><\/div>","aioseo_breadcrumb_json":[{"label":"Home","link":"https:\/\/soymigrante.com\/revista"},{"label":"\u00c9xitos","link":"https:\/\/soymigrante.com\/revista\/category\/exitos\/"},{"label":"Elmer Fernando Mor\u00e1n vive el sue\u00f1o de La Guatemalteca en Colorado junto a su hermana","link":"https:\/\/soymigrante.com\/revista\/elmer-fernando-moran-vive-el-sueno-de-la-guatemalteca-en-colorado-junto-a-su-hermana\/"}],"_links":{"self":[{"href":"https:\/\/soymigrante.com\/revista\/wp-json\/wp\/v2\/posts\/16234","targetHints":{"allow":["GET"]}}],"collection":[{"href":"https:\/\/soymigrante.com\/revista\/wp-json\/wp\/v2\/posts"}],"about":[{"href":"https:\/\/soymigrante.com\/revista\/wp-json\/wp\/v2\/types\/post"}],"author":[{"embeddable":true,"href":"https:\/\/soymigrante.com\/revista\/wp-json\/wp\/v2\/users\/19"}],"replies":[{"embeddable":true,"href":"https:\/\/soymigrante.com\/revista\/wp-json\/wp\/v2\/comments?post=16234"}],"version-history":[{"count":0,"href":"https:\/\/soymigrante.com\/revista\/wp-json\/wp\/v2\/posts\/16234\/revisions"}],"wp:featuredmedia":[{"embeddable":true,"href":"https:\/\/soymigrante.com\/revista\/wp-json\/wp\/v2\/media\/16236"}],"wp:attachment":[{"href":"https:\/\/soymigrante.com\/revista\/wp-json\/wp\/v2\/media?parent=16234"}],"wp:term":[{"taxonomy":"category","embeddable":true,"href":"https:\/\/soymigrante.com\/revista\/wp-json\/wp\/v2\/categories?post=16234"},{"taxonomy":"post_tag","embeddable":true,"href":"https:\/\/soymigrante.com\/revista\/wp-json\/wp\/v2\/tags?post=16234"}],"curies":[{"name":"wp","href":"https:\/\/api.w.org\/{rel}","templated":true}]}}