{"id":16193,"date":"2025-01-19T14:55:10","date_gmt":"2025-01-19T20:55:10","guid":{"rendered":"https:\/\/soymigrante.com\/revista\/?p=16193"},"modified":"2025-01-19T14:55:14","modified_gmt":"2025-01-19T20:55:14","slug":"santo-toribio-romo-es-el-patrono-protector-de-los-migrantes-conoce-su-historia-y-oracion","status":"publish","type":"post","link":"https:\/\/soymigrante.com\/revista\/santo-toribio-romo-es-el-patrono-protector-de-los-migrantes-conoce-su-historia-y-oracion\/","title":{"rendered":"Oraci\u00f3n e historia de Santo Toribio Romo, protector de los migrantes"},"content":{"rendered":"\t\t<div data-elementor-type=\"wp-post\" data-elementor-id=\"16193\" class=\"elementor elementor-16193\" data-elementor-post-type=\"post\">\n\t\t\t\t<div data-particle_enable=\"false\" data-particle-mobile-disabled=\"false\" class=\"elementor-element elementor-element-5cb98a6 e-flex e-con-boxed e-con e-parent\" data-id=\"5cb98a6\" data-element_type=\"container\" data-e-type=\"container\">\n\t\t\t\t\t<div class=\"e-con-inner\">\n\t\t\t\t<div class=\"elementor-element elementor-element-c09a211 elementor-widget elementor-widget-heading\" data-id=\"c09a211\" data-element_type=\"widget\" data-e-type=\"widget\" data-widget_type=\"heading.default\">\n\t\t\t\t\t<h2 class=\"elementor-heading-title elementor-size-default\">La oraci\u00f3n de Santo Toribio Romo  por los migrantes es un consuelo y fortaleza para muchas personas en M\u00e9xico y Estados Unidos. <\/h2>\t\t\t\t<\/div>\n\t\t\t\t\t<\/div>\n\t\t\t\t<\/div>\n\t\t<div data-particle_enable=\"false\" data-particle-mobile-disabled=\"false\" class=\"elementor-element elementor-element-6ab93ca e-flex e-con-boxed e-con e-parent\" data-id=\"6ab93ca\" data-element_type=\"container\" data-e-type=\"container\">\n\t\t\t\t\t<div class=\"e-con-inner\">\n\t\t\t\t<div class=\"elementor-element elementor-element-9079e8b elementor-widget elementor-widget-text-editor\" data-id=\"9079e8b\" data-element_type=\"widget\" data-e-type=\"widget\" data-widget_type=\"text-editor.default\">\n\t\t\t\t\t\t\t\t\t<p><i>\u00a1Oh Santo Toribio Romo, m\u00e1rtir glorioso y hacedor de milagros.<br \/><span style=\"color: var( --e-global-color-text ); text-align: var(--text-align);\">Eres el gu\u00eda y protector de los migrantes.<br \/><\/span><span style=\"color: var( --e-global-color-text ); text-align: var(--text-align);\">Intercede por todos los que est\u00e1n haciendo un viaje este d\u00eda.<br \/><\/span><span style=\"color: var( --e-global-color-text ); text-align: var(--text-align);\">Defiende a los que escapan de la violencia y la pobreza, y <br \/>especialmente aquellos en peligro. <br \/>Qu\u00e9date con ellos y prot\u00e9gelos de todo mal.<br \/><\/span><span style=\"color: var( --e-global-color-text ); text-align: var(--text-align);\">Acude en ayuda de los m\u00e1s vulnerables y que est\u00e1n sufriendo.<br \/><\/span><span style=\"color: var( --e-global-color-text ); text-align: var(--text-align);\">Te imploramos que obtengas para ellos un feliz final a sus viajes.<br \/><\/span><span style=\"color: var( --e-global-color-text ); text-align: var(--text-align);\">Tranquilidad, tanto para ellos como para sus seres queridos.<br \/><\/span><span style=\"color: var( --e-global-color-text ); text-align: var(--text-align);\">Santo Toribio Romo, Patr\u00f3n de los migrantes, <br \/>testigo fiel de Jes\u00fas<br \/>ruega por nosotros.<\/span><\/i><\/p><p>\u00a0<\/p><p>\u00a0<\/p>\t\t\t\t\t\t\t\t<\/div>\n\t\t\t\t\t<\/div>\n\t\t\t\t<\/div>\n\t\t<div data-particle_enable=\"false\" data-particle-mobile-disabled=\"false\" class=\"elementor-element elementor-element-a860ec6 e-flex e-con-boxed e-con e-parent\" data-id=\"a860ec6\" data-element_type=\"container\" data-e-type=\"container\">\n\t\t\t\t\t<div class=\"e-con-inner\">\n\t\t\t\t<div class=\"elementor-element elementor-element-fcbaaf2 elementor-widget elementor-widget-text-editor\" data-id=\"fcbaaf2\" data-element_type=\"widget\" data-e-type=\"widget\" data-widget_type=\"text-editor.default\">\n\t\t\t\t\t\t\t\t\t<p>Esta es una orac\u00f3n a Santo Toribio Romo por los migrantes, de quienes se ha convertido en patrono y protector. A<span style=\"color: var( --e-global-color-text ); text-align: var(--text-align);\">lgunos migrantes han dado testimonio de haber estado perdidos en el desierto y en peligro de morir de cansancio y sed, pero que al clamar a Dios recibieron ayuda de una persona que les dio agua y tambi\u00e9n \u00e1nimo para continuar. La gran sorpresa de algunos fue reconocer a esa persona al ver un retrato de Santo Toribio Romo, sacerdote mexicano que muri\u00f3 a los 28 a\u00f1os, martirizado por odio a la fe.<\/span><\/p><p>Santo Toribio Gonz\u00e1lez tuvo una vida marcada por la fe y el sacrificio, lo cual le ha convertido en un s\u00edmbolo de<a href=\"https:\/\/soymigrante.com\/revista\/\" target=\"_blank\" rel=\"noopener\"> esperanza y fortaleza espiritual.<\/a>\u00a0Por eso mismo, el santuario donde se veneran sus restos en M\u00e9xico, son un lugar de peregrinaci\u00f3n para muchos migrantes o familiares que piden por seres queridos, para que logren llegar o para que no los deporten.\u00a0<\/p>\t\t\t\t\t\t\t\t<\/div>\n\t\t\t\t\t<\/div>\n\t\t\t\t<\/div>\n\t\t<div data-particle_enable=\"false\" data-particle-mobile-disabled=\"false\" class=\"elementor-element elementor-element-f27c274 e-flex e-con-boxed e-con e-parent\" data-id=\"f27c274\" data-element_type=\"container\" data-e-type=\"container\">\n\t\t\t\t\t<div class=\"e-con-inner\">\n\t\t\t\t<div class=\"elementor-element elementor-element-8a6add0 elementor-widget elementor-widget-heading\" data-id=\"8a6add0\" data-element_type=\"widget\" data-e-type=\"widget\" data-widget_type=\"heading.default\">\n\t\t\t\t\t<h3 class=\"elementor-heading-title elementor-size-default\">\u00bfQui\u00e9n fue Santo Toribio Romo Gonz\u00e1lez?<\/h3>\t\t\t\t<\/div>\n\t\t\t\t\t<\/div>\n\t\t\t\t<\/div>\n\t\t<div data-particle_enable=\"false\" data-particle-mobile-disabled=\"false\" class=\"elementor-element elementor-element-15cc9ad e-flex e-con-boxed e-con e-parent\" data-id=\"15cc9ad\" data-element_type=\"container\" data-e-type=\"container\">\n\t\t\t\t\t<div class=\"e-con-inner\">\n\t\t\t\t<div class=\"elementor-element elementor-element-e1bd54f elementor-widget elementor-widget-text-editor\" data-id=\"e1bd54f\" data-element_type=\"widget\" data-e-type=\"widget\" data-widget_type=\"text-editor.default\">\n\t\t\t\t\t\t\t\t\t<p><strong>Toribio Romo Gonz\u00e1lez<\/strong> naci\u00f3 el 16 de abril de 1900 en Santa Ana de Guadalupe, Jalisco, M\u00e9xico, en el seno de una familia campesina profundamente religiosa. Desde temprana edad mostr\u00f3 inter\u00e9s en el sacerdocio, ingresando al seminario a los 13 a\u00f1os. Fue ordenado sacerdote en 1922, cuando apenas ten\u00eda 22 a\u00f1os.<\/p><p>Durante su ministerio, se destac\u00f3 por su <a href=\"https:\/\/soymigrante.com\/revista\/\" target=\"_blank\" rel=\"noopener\">dedicaci\u00f3n a las comunidades rurales m\u00e1s necesitadas<\/a>, llevando no solo el mensaje del Evangelio, sino tambi\u00e9n consuelo y apoyo a los m\u00e1s vulnerables. Sin embargo, su vida transcurri\u00f3 en un per\u00edodo turbulento de la historia de M\u00e9xico: la persecuci\u00f3n religiosa durante la Guerra Cristera (1926-1929).<\/p>\t\t\t\t\t\t\t\t<\/div>\n\t\t\t\t\t<\/div>\n\t\t\t\t<\/div>\n\t\t<div data-particle_enable=\"false\" data-particle-mobile-disabled=\"false\" class=\"elementor-element elementor-element-34507c3 e-flex e-con-boxed e-con e-parent\" data-id=\"34507c3\" data-element_type=\"container\" data-e-type=\"container\">\n\t\t\t\t\t<div class=\"e-con-inner\">\n\t\t\t\t<div class=\"elementor-element elementor-element-80d18f9 elementor-widget elementor-widget-video\" data-id=\"80d18f9\" data-element_type=\"widget\" data-e-type=\"widget\" data-settings=\"{&quot;youtube_url&quot;:&quot;https:\\\/\\\/www.youtube.com\\\/watch?v=jOexwh2dTFM&quot;,&quot;video_type&quot;:&quot;youtube&quot;,&quot;controls&quot;:&quot;yes&quot;}\" data-widget_type=\"video.default\">\n\t\t\t\t\t\t\t<div class=\"elementor-wrapper elementor-open-inline\">\n\t\t\t<div class=\"elementor-video\"><\/div>\t\t<\/div>\n\t\t\t\t\t\t<\/div>\n\t\t\t\t\t<\/div>\n\t\t\t\t<\/div>\n\t\t<div data-particle_enable=\"false\" data-particle-mobile-disabled=\"false\" class=\"elementor-element elementor-element-69bbd73 e-flex e-con-boxed e-con e-parent\" data-id=\"69bbd73\" data-element_type=\"container\" data-e-type=\"container\">\n\t\t\t\t\t<div class=\"e-con-inner\">\n\t\t\t\t<div class=\"elementor-element elementor-element-3303b57 elementor-widget elementor-widget-heading\" data-id=\"3303b57\" data-element_type=\"widget\" data-e-type=\"widget\" data-widget_type=\"heading.default\">\n\t\t\t\t\t<h3 class=\"elementor-heading-title elementor-size-default\">Su martirio y canonizaci\u00f3n<\/h3>\t\t\t\t<\/div>\n\t\t\t\t\t<\/div>\n\t\t\t\t<\/div>\n\t\t<div data-particle_enable=\"false\" data-particle-mobile-disabled=\"false\" class=\"elementor-element elementor-element-f64f6f5 e-flex e-con-boxed e-con e-parent\" data-id=\"f64f6f5\" data-element_type=\"container\" data-e-type=\"container\">\n\t\t\t\t\t<div class=\"e-con-inner\">\n\t\t\t\t<div class=\"elementor-element elementor-element-99ba2ab elementor-widget elementor-widget-text-editor\" data-id=\"99ba2ab\" data-element_type=\"widget\" data-e-type=\"widget\" data-widget_type=\"text-editor.default\">\n\t\t\t\t\t\t\t\t\t<p>Toribio Romo fue asesinado el 25 de febrero de 1928 en Tequila, Jalisco, cuando un grupo de soldados lo encontr\u00f3 en su refugio. Aunque estaba desarmado y solo se dedicaba a ejercer su fe, fue considerado un enemigo del gobierno por su labor como sacerdote. Su martirio<a href=\"https:\/\/soymigrante.com\/revista\/\" target=\"_blank\" rel=\"noopener\"> lo convirti\u00f3 en un s\u00edmbolo de la resistencia espiritual frente a la opresi\u00f3n<\/a>.<\/p><p>El Papa Juan Pablo II lo beatific\u00f3 en 1992 y lo canoniz\u00f3 el 21 de mayo de 2000, junto con otros m\u00e1rtires cristeros. Desde entonces, Santo Toribio ha ganado una creciente devoci\u00f3n, especialmente entre los migrantes.<\/p>\t\t\t\t\t\t\t\t<\/div>\n\t\t\t\t\t<\/div>\n\t\t\t\t<\/div>\n\t\t<div data-particle_enable=\"false\" data-particle-mobile-disabled=\"false\" class=\"elementor-element elementor-element-4e7e70c e-flex e-con-boxed e-con e-parent\" data-id=\"4e7e70c\" data-element_type=\"container\" data-e-type=\"container\">\n\t\t\t\t\t<div class=\"e-con-inner\">\n\t\t\t\t<div class=\"elementor-element elementor-element-cb952c3 elementor-grid-eael-col-1 elementor-grid-tablet-eael-col-2 elementor-grid-mobile-eael-col-1 elementor-widget elementor-widget-eael-post-grid\" data-id=\"cb952c3\" data-element_type=\"widget\" data-e-type=\"widget\" data-settings=\"{&quot;eael_post_grid_columns&quot;:&quot;eael-col-1&quot;,&quot;eael_post_grid_columns_tablet&quot;:&quot;eael-col-2&quot;,&quot;eael_post_grid_columns_mobile&quot;:&quot;eael-col-1&quot;}\" data-widget_type=\"eael-post-grid.default\">\n\t\t\t\t\t<div id=\"eael-post-grid-cb952c3\" class=\"eael-post-grid-container\">\n            <div class=\"eael-post-grid eael-post-appender eael-post-appender-cb952c3 eael-post-grid-style-one\" data-layout-mode=\"masonry\"><article class=\"eael-grid-post  eael-post-grid-column eael-pg-post-5213 category-bienestar\" data-id=\"5213\">\n        <div class=\"eael-grid-post-holder\">\n            <div class=\"eael-grid-post-holder-inner\"><div class=\"eael-entry-media\"><div class=\"eael-entry-overlay fade-in\"><i class=\"far fa-hand-pointer\" aria-hidden=\"true\"><\/i><a href=\"https:\/\/soymigrante.com\/revista\/oracion-del-migrante-en-ruta-estados-unidos\/\"><\/a><\/div><div class=\"eael-entry-thumbnail \">\n                <img fetchpriority=\"high\" decoding=\"async\" width=\"650\" height=\"613\" src=\"https:\/\/soymigrante.com\/revista\/wp-content\/uploads\/2024\/03\/oracion-a-santo-toribio-romo-por-los-migrantes.webp\" class=\"attachment-large size-large wp-image-16183\" alt=\"Oraci\u00f3n a Santo Toribio Romo y otras plegarias para orar por los migrantes\" srcset=\"https:\/\/soymigrante.com\/revista\/wp-content\/uploads\/2024\/03\/oracion-a-santo-toribio-romo-por-los-migrantes.webp 650w, https:\/\/soymigrante.com\/revista\/wp-content\/uploads\/2024\/03\/oracion-a-santo-toribio-romo-por-los-migrantes-300x283.jpg 300w\" sizes=\"(max-width: 650px) 100vw, 650px\" \/>\n            <\/div>\n        <\/div><div class=\"eael-entry-wrapper\"><header class=\"eael-entry-header\"><h2 class=\"eael-entry-title\"><a class=\"eael-grid-post-link\" href=\"https:\/\/soymigrante.com\/revista\/oracion-del-migrante-en-ruta-estados-unidos\/\" title=\"Oraci\u00f3n a Santo Toribio Romo y otras plegarias para orar por los migrantes\">Oraci\u00f3n a Santo Toribio Romo y otras plegarias para orar por los migrantes<\/a><\/h2><\/header><div class=\"eael-entry-content\">\n                        <div class=\"eael-grid-post-excerpt\"><a href=\"https:\/\/soymigrante.com\/revista\/oracion-del-migrante-en-ruta-estados-unidos\/\" class=\"eael-post-elements-readmore-btn\">CONOCE SU HISTORIA <\/a><\/div>\n                    <\/div><\/div><\/div>\n        <\/div>\n    <\/article><\/div>\n            <div class=\"clearfix\"><\/div>\n        <\/div>\t\t\t\t<\/div>\n\t\t\t\t\t<\/div>\n\t\t\t\t<\/div>\n\t\t<div data-particle_enable=\"false\" data-particle-mobile-disabled=\"false\" class=\"elementor-element elementor-element-6d1d608 e-flex e-con-boxed e-con e-parent\" data-id=\"6d1d608\" data-element_type=\"container\" data-e-type=\"container\">\n\t\t\t\t\t<div class=\"e-con-inner\">\n\t\t\t\t<div class=\"elementor-element elementor-element-b3af252 elementor-widget elementor-widget-heading\" data-id=\"b3af252\" data-element_type=\"widget\" data-e-type=\"widget\" data-widget_type=\"heading.default\">\n\t\t\t\t\t<h3 class=\"elementor-heading-title elementor-size-default\">\u00bfPor qu\u00e9 es el santo de los migrantes?<\/h3>\t\t\t\t<\/div>\n\t\t\t\t\t<\/div>\n\t\t\t\t<\/div>\n\t\t<div data-particle_enable=\"false\" data-particle-mobile-disabled=\"false\" class=\"elementor-element elementor-element-69a9536 e-flex e-con-boxed e-con e-parent\" data-id=\"69a9536\" data-element_type=\"container\" data-e-type=\"container\">\n\t\t\t\t\t<div class=\"e-con-inner\">\n\t\t\t\t<div class=\"elementor-element elementor-element-f5dd485 elementor-widget elementor-widget-text-editor\" data-id=\"f5dd485\" data-element_type=\"widget\" data-e-type=\"widget\" data-widget_type=\"text-editor.default\">\n\t\t\t\t\t\t\t\t\t<p>Santo Toribio Romo es conocido como el santo patrono de los<a href=\"https:\/\/soymigrante.com\/revista\/\" target=\"_blank\" rel=\"noopener\"> migrantes debido a la creencia popular de que protege a quienes emprenden peligrosas traves\u00edas en busca de un futuro mejor.<\/a> Muchas historias relatan encuentros milagrosos con el santo, quien supuestamente se aparece a los migrantes en momentos de peligro para guiarlos y protegerlos.<\/p><p>Una de las narraciones m\u00e1s conocidas es la de un hombre que asegur\u00f3 haber sido ayudado por un desconocido en el desierto mientras intentaba cruzar hacia Estados Unidos.<\/p><p>Al llegar a su destino, vio una imagen de Santo Toribio y reconoci\u00f3 al hombre que lo hab\u00eda socorrido. Este tipo de relatos<a href=\"https:\/\/soymigrante.com\/revista\/\" target=\"_blank\" rel=\"noopener\"> han fortalecido la fe de la comunidad migrante en su intercesi\u00f3n.<\/a><\/p>\t\t\t\t\t\t\t\t<\/div>\n\t\t\t\t\t<\/div>\n\t\t\t\t<\/div>\n\t\t<div data-particle_enable=\"false\" data-particle-mobile-disabled=\"false\" class=\"elementor-element elementor-element-78fdeff e-flex e-con-boxed e-con e-parent\" data-id=\"78fdeff\" data-element_type=\"container\" data-e-type=\"container\">\n\t\t\t\t\t<div class=\"e-con-inner\">\n\t\t\t\t<div class=\"elementor-element elementor-element-83574da elementor-widget elementor-widget-image\" data-id=\"83574da\" data-element_type=\"widget\" data-e-type=\"widget\" data-widget_type=\"image.default\">\n\t\t\t\t\t\t\t\t\t\t\t\t<figure class=\"wp-caption\">\n\t\t\t\t\t\t\t\t\t\t<img decoding=\"async\" width=\"399\" height=\"650\" src=\"https:\/\/soymigrante.com\/revista\/wp-content\/uploads\/2024\/12\/Santo-Toribio-Romo-Gonzalez-el-Santo-de-los-Migrantes3.webp\" class=\"attachment-large size-large wp-image-16196\" alt=\"Fotograf\u00eda en blanco y negro de un joven con vestimenta tradicional, s\u00edmbolo de historia y lucha; historia de la migraci\u00f3n y cultura en la revista SoyMigrante.com REVISTA.\" srcset=\"https:\/\/soymigrante.com\/revista\/wp-content\/uploads\/2024\/12\/Santo-Toribio-Romo-Gonzalez-el-Santo-de-los-Migrantes3.webp 399w, https:\/\/soymigrante.com\/revista\/wp-content\/uploads\/2024\/12\/Santo-Toribio-Romo-Gonzalez-el-Santo-de-los-Migrantes3-184x300.jpeg 184w\" sizes=\"(max-width: 399px) 100vw, 399px\" title=\"Fotograf\u00eda en vida de Santo Toribio Romo Gonz\u00e1lez, el Santo de los Migrantes, quien muri\u00f3 martirizado por odio a la fe en 1928, pero su legado de amor y su testimonio de caridad   siguen inspirando la solidaridad en favor de quienes buscan un mejor futuro para sus familias lejos de su hogar. \u2013 SoyMigrante.com REVISTA\" \/>\t\t\t\t\t\t\t\t\t\t\t<figcaption class=\"widget-image-caption wp-caption-text\">Un joven en una foto hist\u00f3rica, representando la historia de la migraci\u00f3n y la cultura en la comunidad hispana, destacando temas de identidad y memoria en SoyMigrante.com REVISTA.<\/figcaption>\n\t\t\t\t\t\t\t\t\t\t<\/figure>\n\t\t\t\t\t\t\t\t\t<\/div>\n\t\t\t\t\t<\/div>\n\t\t\t\t<\/div>\n\t\t<div data-particle_enable=\"false\" data-particle-mobile-disabled=\"false\" class=\"elementor-element elementor-element-03d39b3 e-flex e-con-boxed e-con e-parent\" data-id=\"03d39b3\" data-element_type=\"container\" data-e-type=\"container\">\n\t\t\t\t\t<div class=\"e-con-inner\">\n\t\t\t\t<div class=\"elementor-element elementor-element-195fdfd elementor-widget elementor-widget-heading\" data-id=\"195fdfd\" data-element_type=\"widget\" data-e-type=\"widget\" data-widget_type=\"heading.default\">\n\t\t\t\t\t<h3 class=\"elementor-heading-title elementor-size-default\">Lugar de peregrinaci\u00f3n<\/h3>\t\t\t\t<\/div>\n\t\t\t\t\t<\/div>\n\t\t\t\t<\/div>\n\t\t<div data-particle_enable=\"false\" data-particle-mobile-disabled=\"false\" class=\"elementor-element elementor-element-dc57638 e-flex e-con-boxed e-con e-parent\" data-id=\"dc57638\" data-element_type=\"container\" data-e-type=\"container\">\n\t\t\t\t\t<div class=\"e-con-inner\">\n\t\t\t\t<div class=\"elementor-element elementor-element-4acf571 elementor-widget elementor-widget-text-editor\" data-id=\"4acf571\" data-element_type=\"widget\" data-e-type=\"widget\" data-widget_type=\"text-editor.default\">\n\t\t\t\t\t\t\t\t\t<p>El santuario de Santo Toribio Romo, ubicado en Santa Ana de Guadalupe, Jalisco, es un importante centro de peregrinaci\u00f3n para quienes buscan su bendici\u00f3n <a href=\"https:\/\/soymigrante.com\/revista\/\" target=\"_blank\" rel=\"noopener\">antes de emprender el camino hacia el norte o para agradecerle por los favores recibidos<\/a>. Cada a\u00f1o, miles de personas visitan este lugar, consolidando su papel como protector de los migrantes.<\/p>\t\t\t\t\t\t\t\t<\/div>\n\t\t\t\t\t<\/div>\n\t\t\t\t<\/div>\n\t\t<div data-particle_enable=\"false\" data-particle-mobile-disabled=\"false\" class=\"elementor-element elementor-element-3365194 e-flex e-con-boxed e-con e-parent\" data-id=\"3365194\" data-element_type=\"container\" data-e-type=\"container\">\n\t\t\t\t\t<div class=\"e-con-inner\">\n\t\t\t\t<div class=\"elementor-element elementor-element-dde5912 elementor-widget elementor-widget-google_maps\" data-id=\"dde5912\" data-element_type=\"widget\" data-e-type=\"widget\" data-widget_type=\"google_maps.default\">\n\t\t\t\t\t\t\t<div class=\"elementor-custom-embed\">\n\t\t\t<iframe loading=\"lazy\"\n\t\t\t\t\tsrc=\"https:\/\/maps.google.com\/maps?q=Santa%20Ana%20de%20Guadalupe%2C%20Jalisco&#038;t=m&#038;z=10&#038;output=embed&#038;iwloc=near\"\n\t\t\t\t\ttitle=\"Santa Ana de Guadalupe, Jalisco\"\n\t\t\t\t\taria-label=\"Santa Ana de Guadalupe, Jalisco\"\n\t\t\t><\/iframe>\n\t\t<\/div>\n\t\t\t\t\t\t<\/div>\n\t\t\t\t\t<\/div>\n\t\t\t\t<\/div>\n\t\t<div data-particle_enable=\"false\" data-particle-mobile-disabled=\"false\" class=\"elementor-element elementor-element-7e7005d e-flex e-con-boxed e-con e-parent\" data-id=\"7e7005d\" data-element_type=\"container\" data-e-type=\"container\">\n\t\t\t\t\t<div class=\"e-con-inner\">\n\t\t\t\t<div class=\"elementor-element elementor-element-1327d84 elementor-widget elementor-widget-heading\" data-id=\"1327d84\" data-element_type=\"widget\" data-e-type=\"widget\" data-widget_type=\"heading.default\">\n\t\t\t\t\t<h3 class=\"elementor-heading-title elementor-size-default\">Un s\u00edmbolo de esperanza<\/h3>\t\t\t\t<\/div>\n\t\t\t\t\t<\/div>\n\t\t\t\t<\/div>\n\t\t<div data-particle_enable=\"false\" data-particle-mobile-disabled=\"false\" class=\"elementor-element elementor-element-24e4f69 e-flex e-con-boxed e-con e-parent\" data-id=\"24e4f69\" data-element_type=\"container\" data-e-type=\"container\">\n\t\t\t\t\t<div class=\"e-con-inner\">\n\t\t\t\t<div class=\"elementor-element elementor-element-ebee2bb elementor-widget elementor-widget-text-editor\" data-id=\"ebee2bb\" data-element_type=\"widget\" data-e-type=\"widget\" data-widget_type=\"text-editor.default\">\n\t\t\t\t\t\t\t\t\t<p>Santo Toribio Romo es m\u00e1s que un santo; es un s\u00edmbolo de lucha,<a href=\"https:\/\/soymigrante.com\/revista\/\" target=\"_blank\" rel=\"noopener\"> esperanza y protecci\u00f3n para quienes enfrentan las dificultades de la migraci\u00f3n<\/a>. Su historia y devoci\u00f3n representan la fe y el anhelo de millones de personas que sue\u00f1an con un mejor porvenir, confiando en que su gu\u00eda celestial los acompa\u00f1ar\u00e1 en el camino.<\/p><p>Esta fe sigue viva, especialmente en comunidades de migrantes, que encuentran en \u00e9l no solo un intercesor espiritual, sino tambi\u00e9n un recordatorio de la importancia de la resiliencia y la solidaridad en los momentos m\u00e1s dif\u00edciles.<\/p><p>Santo Toribio Romo es el patrono de los migrantes hispanos. Se le considera un s\u00edmbolo identitario entre los migrantes. La devoci\u00f3n hacia \u00e9l ha crecido entre los migrantes hispanos, en especial en los jaliscienses.<\/p>\t\t\t\t\t\t\t\t<\/div>\n\t\t\t\t\t<\/div>\n\t\t\t\t<\/div>\n\t\t<div data-particle_enable=\"false\" data-particle-mobile-disabled=\"false\" class=\"elementor-element elementor-element-eb6d7db e-flex e-con-boxed e-con e-parent\" data-id=\"eb6d7db\" data-element_type=\"container\" data-e-type=\"container\">\n\t\t\t\t\t<div class=\"e-con-inner\">\n\t\t\t\t<div class=\"elementor-element elementor-element-7c57882 elementor-widget elementor-widget-video\" data-id=\"7c57882\" data-element_type=\"widget\" data-e-type=\"widget\" data-settings=\"{&quot;youtube_url&quot;:&quot;https:\\\/\\\/www.youtube.com\\\/watch?v=ndvfvkRBrIE&quot;,&quot;video_type&quot;:&quot;youtube&quot;,&quot;controls&quot;:&quot;yes&quot;}\" data-widget_type=\"video.default\">\n\t\t\t\t\t\t\t<div class=\"elementor-wrapper elementor-open-inline\">\n\t\t\t<div class=\"elementor-video\"><\/div>\t\t<\/div>\n\t\t\t\t\t\t<\/div>\n\t\t\t\t\t<\/div>\n\t\t\t\t<\/div>\n\t\t<div data-particle_enable=\"false\" data-particle-mobile-disabled=\"false\" class=\"elementor-element elementor-element-db5ab09 e-flex e-con-boxed e-con e-parent\" data-id=\"db5ab09\" data-element_type=\"container\" data-e-type=\"container\">\n\t\t\t\t\t<div class=\"e-con-inner\">\n\t\t\t\t<div class=\"elementor-element elementor-element-56af7fe elementor-widget elementor-widget-heading\" data-id=\"56af7fe\" data-element_type=\"widget\" data-e-type=\"widget\" data-widget_type=\"heading.default\">\n\t\t\t\t\t<h2 class=\"elementor-heading-title elementor-size-default\">Claves para enfrentar desaf\u00edos de la vida migrante<\/h2>\t\t\t\t<\/div>\n\t\t\t\t\t<\/div>\n\t\t\t\t<\/div>\n\t\t<div data-particle_enable=\"false\" data-particle-mobile-disabled=\"false\" class=\"elementor-element elementor-element-d6ee97b e-flex e-con-boxed e-con e-parent\" data-id=\"d6ee97b\" data-element_type=\"container\" data-e-type=\"container\">\n\t\t\t\t\t<div class=\"e-con-inner\">\n\t\t\t\t<div class=\"elementor-element elementor-element-dd18e1a elementor-grid-eael-col-3 elementor-grid-tablet-eael-col-2 elementor-grid-mobile-eael-col-1 elementor-widget elementor-widget-eael-post-grid\" data-id=\"dd18e1a\" data-element_type=\"widget\" data-e-type=\"widget\" data-settings=\"{&quot;eael_post_grid_columns&quot;:&quot;eael-col-3&quot;,&quot;eael_post_grid_columns_tablet&quot;:&quot;eael-col-2&quot;,&quot;eael_post_grid_columns_mobile&quot;:&quot;eael-col-1&quot;}\" data-widget_type=\"eael-post-grid.default\">\n\t\t\t\t\t<div id=\"eael-post-grid-dd18e1a\" class=\"eael-post-grid-container\">\n            <div class=\"eael-post-grid eael-post-appender eael-post-appender-dd18e1a eael-post-grid-style-one\" data-layout-mode=\"masonry\"><article class=\"eael-grid-post  eael-post-grid-column eael-pg-post-9944 category-bienestar\" data-id=\"9944\">\n        <div class=\"eael-grid-post-holder\">\n            <div class=\"eael-grid-post-holder-inner\"><div class=\"eael-entry-media\"><div class=\"eael-entry-overlay fade-in\"><i class=\"far fa-hand-pointer\" aria-hidden=\"true\"><\/i><a href=\"https:\/\/soymigrante.com\/revista\/espiritualidad-en-la-vida-migrante-una-via-sin-fronteras\/\"><\/a><\/div><div class=\"eael-entry-thumbnail \">\n                <img decoding=\"async\" width=\"837\" height=\"837\" src=\"https:\/\/soymigrante.com\/revista\/wp-content\/uploads\/2024\/11\/familia-ora.webp\" class=\"attachment-large size-large wp-image-14981\" alt=\"Familia cenando en cocina moderna, valores familiares, comida casera, uni\u00f3n familiar, ambiente c\u00e1lido y acogedor, comunidad hispana, tradici\u00f3n cultural, celebraci\u00f3n familiar, estilo de vida saludable, diversidad cultural.\" srcset=\"https:\/\/soymigrante.com\/revista\/wp-content\/uploads\/2024\/11\/familia-ora.webp 837w, https:\/\/soymigrante.com\/revista\/wp-content\/uploads\/2024\/11\/familia-ora-300x300.jpg 300w, https:\/\/soymigrante.com\/revista\/wp-content\/uploads\/2024\/11\/familia-ora-150x150.jpg 150w, https:\/\/soymigrante.com\/revista\/wp-content\/uploads\/2024\/11\/familia-ora-768x768.jpg 768w, https:\/\/soymigrante.com\/revista\/wp-content\/uploads\/2024\/11\/familia-ora-75x75.webp 75w, https:\/\/soymigrante.com\/revista\/wp-content\/uploads\/2024\/11\/familia-ora-750x750.webp 750w\" sizes=\"(max-width: 837px) 100vw, 837px\" \/>\n            <\/div>\n        <\/div><div class=\"eael-entry-wrapper\"><header class=\"eael-entry-header\"><h2 class=\"eael-entry-title\"><a class=\"eael-grid-post-link\" href=\"https:\/\/soymigrante.com\/revista\/espiritualidad-en-la-vida-migrante-una-via-sin-fronteras\/\" title=\"La espiritualidad en la vida migrante: una v\u00eda sin fronteras hacia la paz\">La espiritualidad en la vida migrante: una v\u00eda sin fronteras hacia la paz<\/a><\/h2><\/header><div class=\"eael-entry-content\">\n                        <div class=\"eael-grid-post-excerpt\"><a href=\"https:\/\/soymigrante.com\/revista\/espiritualidad-en-la-vida-migrante-una-via-sin-fronteras\/\" class=\"eael-post-elements-readmore-btn\">CONOCE SU HISTORIA <\/a><\/div>\n                    <\/div><\/div><\/div>\n        <\/div>\n    <\/article><article class=\"eael-grid-post  eael-post-grid-column eael-pg-post-9449 category-bienestar\" data-id=\"9449\">\n        <div class=\"eael-grid-post-holder\">\n            <div class=\"eael-grid-post-holder-inner\"><div class=\"eael-entry-media\"><div class=\"eael-entry-overlay fade-in\"><i class=\"far fa-hand-pointer\" aria-hidden=\"true\"><\/i><a href=\"https:\/\/soymigrante.com\/revista\/networking-puede-marcar-la-mejora-de-tu-vida-laboral\/\"><\/a><\/div><div class=\"eael-entry-thumbnail \">\n                <img loading=\"lazy\" decoding=\"async\" width=\"1024\" height=\"682\" src=\"https:\/\/soymigrante.com\/revista\/wp-content\/uploads\/2024\/09\/Networking-La-clave-para-el-crecimiento-profesional3-1024x682.webp\" class=\"attachment-large size-large wp-image-9450\" alt=\"Trabajadora migrante usando laptop para rebista SoyMigrante.com REVISTA, comunicaci\u00f3n y derechos de migrantes en l\u00ednea.\" \/>\n            <\/div>\n        <\/div><div class=\"eael-entry-wrapper\"><header class=\"eael-entry-header\"><h2 class=\"eael-entry-title\"><a class=\"eael-grid-post-link\" href=\"https:\/\/soymigrante.com\/revista\/networking-puede-marcar-la-mejora-de-tu-vida-laboral\/\" title=\"Networking puede iniciar esa mejora laboral que esperas. Hazlo as\u00ed\">Networking puede iniciar esa mejora laboral que esperas. Hazlo as\u00ed<\/a><\/h2><\/header><div class=\"eael-entry-content\">\n                        <div class=\"eael-grid-post-excerpt\"><a href=\"https:\/\/soymigrante.com\/revista\/networking-puede-marcar-la-mejora-de-tu-vida-laboral\/\" class=\"eael-post-elements-readmore-btn\">CONOCE SU HISTORIA <\/a><\/div>\n                    <\/div><\/div><\/div>\n        <\/div>\n    <\/article><article class=\"eael-grid-post  eael-post-grid-column eael-pg-post-787 category-bienestar\" data-id=\"787\">\n        <div class=\"eael-grid-post-holder\">\n            <div class=\"eael-grid-post-holder-inner\"><div class=\"eael-entry-media\"><div class=\"eael-entry-overlay fade-in\"><i class=\"far fa-hand-pointer\" aria-hidden=\"true\"><\/i><a href=\"https:\/\/soymigrante.com\/revista\/actitud-v8-puede-ser-el-motor-del-exito\/\"><\/a><\/div><div class=\"eael-entry-thumbnail \">\n                <img loading=\"lazy\" decoding=\"async\" width=\"740\" height=\"538\" src=\"https:\/\/soymigrante.com\/revista\/wp-content\/uploads\/2023\/03\/4-MEJOR-ACTITUD-POSITIVA-FORD.webp\" class=\"attachment-large size-large wp-image-789\" alt=\"\" srcset=\"https:\/\/soymigrante.com\/revista\/wp-content\/uploads\/2023\/03\/4-MEJOR-ACTITUD-POSITIVA-FORD.webp 740w, https:\/\/soymigrante.com\/revista\/wp-content\/uploads\/2023\/03\/4-MEJOR-ACTITUD-POSITIVA-FORD-300x218.webp 300w, https:\/\/soymigrante.com\/revista\/wp-content\/uploads\/2023\/03\/4-MEJOR-ACTITUD-POSITIVA-FORD-120x86.webp 120w\" sizes=\"(max-width: 740px) 100vw, 740px\" \/>\n            <\/div>\n        <\/div><div class=\"eael-entry-wrapper\"><header class=\"eael-entry-header\"><h2 class=\"eael-entry-title\"><a class=\"eael-grid-post-link\" href=\"https:\/\/soymigrante.com\/revista\/actitud-v8-puede-ser-el-motor-del-exito\/\" title=\"Actitud V8 puede ser un poderoso motor del \u00e9xito\">Actitud V8 puede ser un poderoso motor del \u00e9xito<\/a><\/h2><\/header><div class=\"eael-entry-content\">\n                        <div class=\"eael-grid-post-excerpt\"><a href=\"https:\/\/soymigrante.com\/revista\/actitud-v8-puede-ser-el-motor-del-exito\/\" class=\"eael-post-elements-readmore-btn\">CONOCE SU HISTORIA <\/a><\/div>\n                    <\/div><\/div><\/div>\n        <\/div>\n    <\/article><\/div>\n            <div class=\"clearfix\"><\/div>\n        <\/div>\t\t\t\t<\/div>\n\t\t\t\t\t<\/div>\n\t\t\t\t<\/div>\n\t\t\t\t<\/div>\n\t\t","protected":false},"excerpt":{"rendered":"<p>La oraci\u00f3n de Santo Toribio Romo por los migrantes es un consuelo y fortaleza para muchas personas en M\u00e9xico y Estados Unidos. \u00a1Oh Santo Toribio Romo, m\u00e1rtir glorioso y hacedor de milagros.Eres el gu\u00eda y protector de los migrantes.Intercede por todos los que est\u00e1n haciendo un viaje este d\u00eda.Defiende a los que escapan de la [&hellip;]<\/p>\n","protected":false},"author":19,"featured_media":16218,"comment_status":"open","ping_status":"open","sticky":false,"template":"","format":"standard","meta":{"_acf_changed":false,"_eb_attr":"","footnotes":""},"categories":[55],"tags":[],"class_list":["post-16193","post","type-post","status-publish","format-standard","has-post-thumbnail","hentry","category-bienestar"],"acf":[],"aioseo_notices":[],"aioseo_head":"\n\t\t<!-- All in One SEO Pro 4.9.6.2 - aioseo.com -->\n\t<meta name=\"description\" content=\"Uno de los maestros del pensamiento positivo relataba la an\u00e9cdota de cuando todav\u00eda no exist\u00edan los motores de 8 cilindros y no hab\u00eda manera, aparente, de lograr su construcci\u00f3n. Por Redacci\u00f3n Un emprendimiento que no funcion\u00f3, una idea que se intent\u00f3 echar adelante pero por alguna raz\u00f3n fracas\u00f3, un proyecto que se qued\u00f3 a medias\" \/>\n\t<meta name=\"robots\" content=\"max-snippet:-1, max-image-preview:large, max-video-preview:-1\" \/>\n\t<meta name=\"author\" content=\"SoyMigrante.com REVISTA\"\/>\n\t<link rel=\"canonical\" href=\"https:\/\/soymigrante.com\/revista\/actitud-v8-puede-ser-el-motor-del-exito\/\" \/>\n\t<meta name=\"generator\" content=\"All in One SEO Pro (AIOSEO) 4.9.6.2\" \/>\n\n\t\t<link rel=\"preconnect\" href=\"https:\/\/fonts.googleapis.com\" crossorigin>\n<link rel=\"preconnect\" href=\"https:\/\/fonts.gstatic.com\" crossorigin>\n\t\t<meta property=\"og:locale\" content=\"es_ES\" \/>\n\t\t<meta property=\"og:site_name\" content=\"SoyMigrante.com REVISTA \u2013 Nuestra misi\u00f3n es reconocer y dignificar al migrante.\" \/>\n\t\t<meta property=\"og:type\" content=\"article\" \/>\n\t\t<meta property=\"og:title\" content=\"Actitud V8 puede ser un poderoso motor del \u00e9xito\" \/>\n\t\t<meta property=\"og:description\" content=\"Uno de los maestros del pensamiento positivo relataba la an\u00e9cdota de cuando todav\u00eda no exist\u00edan los motores de 8 cilindros y no hab\u00eda manera, aparente, de lograr su construcci\u00f3n. Por Redacci\u00f3n Un emprendimiento que no funcion\u00f3, una idea que se intent\u00f3 echar adelante pero por alguna raz\u00f3n fracas\u00f3, un proyecto que se qued\u00f3 a medias\" \/>\n\t\t<meta property=\"og:url\" content=\"https:\/\/soymigrante.com\/revista\/actitud-v8-puede-ser-el-motor-del-exito\/\" \/>\n\t\t<meta property=\"og:image\" content=\"https:\/\/soymigrante.com\/revista\/wp-content\/uploads\/2023\/03\/4-MEJOR-ACTITUD-POSITIVA-FORD.webp\" \/>\n\t\t<meta property=\"og:image:secure_url\" content=\"https:\/\/soymigrante.com\/revista\/wp-content\/uploads\/2023\/03\/4-MEJOR-ACTITUD-POSITIVA-FORD.webp\" \/>\n\t\t<meta property=\"og:image:width\" content=\"740\" \/>\n\t\t<meta property=\"og:image:height\" content=\"538\" \/>\n\t\t<meta property=\"article:published_time\" content=\"2023-05-26T00:14:30+00:00\" \/>\n\t\t<meta property=\"article:modified_time\" content=\"2024-06-25T22:47:12+00:00\" \/>\n\t\t<meta property=\"article:publisher\" content=\"https:\/\/www.facebook.com\/soymigrantecom\" \/>\n\t\t<meta name=\"twitter:card\" content=\"summary_large_image\" \/>\n\t\t<meta name=\"twitter:site\" content=\"@SoyMigrante_com\" \/>\n\t\t<meta name=\"twitter:title\" content=\"Actitud V8 puede ser un poderoso motor del \u00e9xito\" \/>\n\t\t<meta name=\"twitter:description\" content=\"Uno de los maestros del pensamiento positivo relataba la an\u00e9cdota de cuando todav\u00eda no exist\u00edan los motores de 8 cilindros y no hab\u00eda manera, aparente, de lograr su construcci\u00f3n. Por Redacci\u00f3n Un emprendimiento que no funcion\u00f3, una idea que se intent\u00f3 echar adelante pero por alguna raz\u00f3n fracas\u00f3, un proyecto que se qued\u00f3 a medias\" \/>\n\t\t<meta name=\"twitter:creator\" content=\"@SoyMigrante_com\" \/>\n\t\t<meta name=\"twitter:image\" content=\"https:\/\/soymigrante.com\/revista\/wp-content\/uploads\/2023\/03\/4-MEJOR-ACTITUD-POSITIVA-FORD.webp\" \/>\n\t\t<!-- All in One SEO Pro -->\r\n\t\t<title>Actitud V8 puede ser un poderoso motor del \u00e9xito<\/title>\n\n","aioseo_head_json":{"title":"Actitud V8 puede ser un poderoso motor del \u00e9xito","description":"Uno de los maestros del pensamiento positivo relataba la an\u00e9cdota de cuando todav\u00eda no exist\u00edan los motores de 8 cilindros y no hab\u00eda manera, aparente, de lograr su construcci\u00f3n. Por Redacci\u00f3n Un emprendimiento que no funcion\u00f3, una idea que se intent\u00f3 echar adelante pero por alguna raz\u00f3n fracas\u00f3, un proyecto que se qued\u00f3 a medias","canonical_url":"https:\/\/soymigrante.com\/revista\/actitud-v8-puede-ser-el-motor-del-exito\/","robots":"max-snippet:-1, max-image-preview:large, max-video-preview:-1","keywords":"","webmasterTools":{"miscellaneous":"&lt;link rel=\"preconnect\" href=\"https:\/\/fonts.googleapis.com\" crossorigin&gt;\n&lt;link rel=\"preconnect\" href=\"https:\/\/fonts.gstatic.com\" crossorigin&gt;"},"schema":null,"og:locale":"es_ES","og:site_name":"SoyMigrante.com REVISTA \u2013 Nuestra misi\u00f3n es reconocer y dignificar al migrante.","og:type":"article","og:title":"Actitud V8 puede ser un poderoso motor del \u00e9xito","og:description":"Uno de los maestros del pensamiento positivo relataba la an\u00e9cdota de cuando todav\u00eda no exist\u00edan los motores de 8 cilindros y no hab\u00eda manera, aparente, de lograr su construcci\u00f3n. Por Redacci\u00f3n Un emprendimiento que no funcion\u00f3, una idea que se intent\u00f3 echar adelante pero por alguna raz\u00f3n fracas\u00f3, un proyecto que se qued\u00f3 a medias","og:url":"https:\/\/soymigrante.com\/revista\/actitud-v8-puede-ser-el-motor-del-exito\/","og:image":"https:\/\/soymigrante.com\/revista\/wp-content\/uploads\/2023\/03\/4-MEJOR-ACTITUD-POSITIVA-FORD.webp","og:image:secure_url":"https:\/\/soymigrante.com\/revista\/wp-content\/uploads\/2023\/03\/4-MEJOR-ACTITUD-POSITIVA-FORD.webp","og:image:width":740,"og:image:height":538,"article:published_time":"2023-05-26T00:14:30+00:00","article:modified_time":"2024-06-25T22:47:12+00:00","article:publisher":"https:\/\/www.facebook.com\/soymigrantecom","twitter:card":"summary_large_image","twitter:site":"@SoyMigrante_com","twitter:title":"Actitud V8 puede ser un poderoso motor del \u00e9xito","twitter:description":"Uno de los maestros del pensamiento positivo relataba la an\u00e9cdota de cuando todav\u00eda no exist\u00edan los motores de 8 cilindros y no hab\u00eda manera, aparente, de lograr su construcci\u00f3n. Por Redacci\u00f3n Un emprendimiento que no funcion\u00f3, una idea que se intent\u00f3 echar adelante pero por alguna raz\u00f3n fracas\u00f3, un proyecto que se qued\u00f3 a medias","twitter:creator":"@SoyMigrante_com","twitter:image":"https:\/\/soymigrante.com\/revista\/wp-content\/uploads\/2023\/03\/4-MEJOR-ACTITUD-POSITIVA-FORD.webp"},"aioseo_meta_data":{"post_id":"16193","title":null,"description":"Santo Toribio Romo Gonz\u00e1lez (1900-1928) es venerado como patr\u00f3n de los migrantes. Hay capillas a su memoria en M\u00e9xico donde viajeros pasan a pedir protecci\u00f3n.","keywords":null,"keyphrases":{"focus":{"keyphrase":"Santo Toribio","score":91,"analysis":{"keyphraseInTitle":{"score":9,"maxScore":9,"error":0},"keyphraseInDescription":{"score":9,"maxScore":9,"error":0},"keyphraseLength":{"score":9,"maxScore":9,"error":0,"length":2},"keyphraseInURL":{"score":5,"maxScore":5,"error":0},"keyphraseInIntroduction":{"score":9,"maxScore":9,"error":0},"keyphraseInSubHeadings":{"score":3,"maxScore":9,"error":1},"keyphraseInImageAlt":{"score":9,"maxScore":9,"error":0},"keywordDensity":{"type":"best","score":9,"maxScore":9,"error":0}}},"additional":[{"keyphrase":"Santo Toribio","score":100,"analysis":{"keyphraseInDescription":{"score":9,"maxScore":9,"error":0},"keyphraseLength":{"score":9,"maxScore":9,"error":0,"length":2},"keyphraseInIntroduction":{"score":9,"maxScore":9,"error":0},"keyphraseInImageAlt":{"score":9,"maxScore":9,"error":0},"keywordDensity":{"type":"best","score":9,"maxScore":9,"error":0}}},{"keyphrase":"Migrantes","score":100,"analysis":{"keyphraseInDescription":{"score":9,"maxScore":9,"error":0},"keyphraseLength":{"score":9,"maxScore":9,"error":0,"length":1},"keyphraseInIntroduction":{"score":9,"maxScore":9,"error":0},"keyphraseInImageAlt":{"score":9,"maxScore":9,"error":0},"keywordDensity":{"type":"best","score":9,"maxScore":9,"error":0}}}]},"primary_term":null,"canonical_url":null,"og_title":null,"og_description":null,"og_object_type":"default","og_image_type":"default","og_image_url":null,"og_image_width":null,"og_image_height":null,"og_image_custom_url":null,"og_image_custom_fields":null,"og_video":"","og_custom_url":null,"og_article_section":null,"og_article_tags":null,"twitter_use_og":false,"twitter_card":"default","twitter_image_type":"default","twitter_image_url":null,"twitter_image_custom_url":null,"twitter_image_custom_fields":null,"twitter_title":null,"twitter_description":null,"schema":{"blockGraphs":[],"customGraphs":[],"default":{"data":{"Article":[],"Course":[],"Dataset":[],"FAQPage":[],"Movie":[],"Person":[],"Product":[],"ProductReview":[],"Car":[],"Recipe":[],"Service":[],"SoftwareApplication":[],"WebPage":[]},"graphName":"BlogPosting","isEnabled":true},"graphs":[]},"schema_type":"default","schema_type_options":null,"pillar_content":false,"robots_default":true,"robots_noindex":false,"robots_noarchive":false,"robots_nosnippet":false,"robots_nofollow":false,"robots_noimageindex":false,"robots_noodp":false,"robots_notranslate":false,"robots_max_snippet":"-1","robots_max_videopreview":"-1","robots_max_imagepreview":"large","priority":null,"frequency":"default","local_seo":null,"seo_analyzer_scan_date":"2025-10-09 01:55:44","breadcrumb_settings":null,"limit_modified_date":false,"reviewed_by":null,"open_ai":"{\"title\":{\"suggestions\":[],\"usage\":0},\"description\":{\"suggestions\":[],\"usage\":0}}","ai":null,"created":"2024-12-12 16:54:25","updated":"2026-02-04 19:00:36"},"aioseo_breadcrumb":"<div class=\"aioseo-breadcrumbs\"><span class=\"aioseo-breadcrumb\">\n\t<a href=\"https:\/\/soymigrante.com\/revista\" title=\"Home\">Home<\/a>\n<\/span><span class=\"aioseo-breadcrumb-separator\">\u00bb<\/span><span class=\"aioseo-breadcrumb\">\n\t<a href=\"https:\/\/soymigrante.com\/revista\/category\/bienestar\/\" title=\"Bienestar\">Bienestar<\/a>\n<\/span><span class=\"aioseo-breadcrumb-separator\">\u00bb<\/span><span class=\"aioseo-breadcrumb\">\n\tOraci\u00f3n e historia de Santo Toribio Romo, protector de los migrantes\n<\/span><\/div>","aioseo_breadcrumb_json":[{"label":"Home","link":"https:\/\/soymigrante.com\/revista"},{"label":"Bienestar","link":"https:\/\/soymigrante.com\/revista\/category\/bienestar\/"},{"label":"Oraci\u00f3n e historia de Santo Toribio Romo, protector de los migrantes","link":"https:\/\/soymigrante.com\/revista\/santo-toribio-romo-es-el-patrono-protector-de-los-migrantes-conoce-su-historia-y-oracion\/"}],"_links":{"self":[{"href":"https:\/\/soymigrante.com\/revista\/wp-json\/wp\/v2\/posts\/16193","targetHints":{"allow":["GET"]}}],"collection":[{"href":"https:\/\/soymigrante.com\/revista\/wp-json\/wp\/v2\/posts"}],"about":[{"href":"https:\/\/soymigrante.com\/revista\/wp-json\/wp\/v2\/types\/post"}],"author":[{"embeddable":true,"href":"https:\/\/soymigrante.com\/revista\/wp-json\/wp\/v2\/users\/19"}],"replies":[{"embeddable":true,"href":"https:\/\/soymigrante.com\/revista\/wp-json\/wp\/v2\/comments?post=16193"}],"version-history":[{"count":0,"href":"https:\/\/soymigrante.com\/revista\/wp-json\/wp\/v2\/posts\/16193\/revisions"}],"wp:featuredmedia":[{"embeddable":true,"href":"https:\/\/soymigrante.com\/revista\/wp-json\/wp\/v2\/media\/16218"}],"wp:attachment":[{"href":"https:\/\/soymigrante.com\/revista\/wp-json\/wp\/v2\/media?parent=16193"}],"wp:term":[{"taxonomy":"category","embeddable":true,"href":"https:\/\/soymigrante.com\/revista\/wp-json\/wp\/v2\/categories?post=16193"},{"taxonomy":"post_tag","embeddable":true,"href":"https:\/\/soymigrante.com\/revista\/wp-json\/wp\/v2\/tags?post=16193"}],"curies":[{"name":"wp","href":"https:\/\/api.w.org\/{rel}","templated":true}]}}