{"id":1615,"date":"2023-06-27T20:51:12","date_gmt":"2023-06-27T20:51:12","guid":{"rendered":"https:\/\/soymigrante.com\/revista\/?p=1615"},"modified":"2024-07-31T13:30:12","modified_gmt":"2024-07-31T19:30:12","slug":"migrantes-retornados-reactivacion-productiva","status":"publish","type":"post","link":"https:\/\/soymigrante.com\/revista\/migrantes-retornados-reactivacion-productiva\/","title":{"rendered":"Migrantes Retornados: Reactivando Vidas Productivas en Guatemala"},"content":{"rendered":"\t\t<div data-elementor-type=\"wp-post\" data-elementor-id=\"1615\" class=\"elementor elementor-1615\" data-elementor-post-type=\"post\">\n\t\t\t\t\t\t<section data-particle_enable=\"false\" data-particle-mobile-disabled=\"false\" class=\"elementor-section elementor-top-section elementor-element elementor-element-178fa3b elementor-section-boxed elementor-section-height-default elementor-section-height-default\" data-id=\"178fa3b\" data-element_type=\"section\" data-e-type=\"section\">\n\t\t\t\t\t\t<div class=\"elementor-container elementor-column-gap-default\">\n\t\t\t\t\t<div class=\"elementor-column elementor-col-100 elementor-top-column elementor-element elementor-element-a6a1276\" data-id=\"a6a1276\" data-element_type=\"column\" data-e-type=\"column\">\n\t\t\t<div class=\"elementor-widget-wrap elementor-element-populated\">\n\t\t\t\t\t\t<div class=\"elementor-element elementor-element-5619cea elementor-widget elementor-widget-heading\" data-id=\"5619cea\" data-element_type=\"widget\" data-e-type=\"widget\" data-widget_type=\"heading.default\">\n\t\t\t\t\t<h2 class=\"elementor-heading-title elementor-size-default\">Oportunidades de capacitaci\u00f3n y certificaci\u00f3n de habilidades, as\u00ed como asesor\u00eda para emprendimientos en Guatemala ofrece el programa Nuevas Oportunidades\n<\/h2>\t\t\t\t<\/div>\n\t\t\t\t\t<\/div>\n\t\t<\/div>\n\t\t\t\t\t<\/div>\n\t\t<\/section>\n\t\t\t\t<section data-particle_enable=\"false\" data-particle-mobile-disabled=\"false\" class=\"elementor-section elementor-top-section elementor-element elementor-element-ad975b6 elementor-section-boxed elementor-section-height-default elementor-section-height-default\" data-id=\"ad975b6\" data-element_type=\"section\" data-e-type=\"section\">\n\t\t\t\t\t\t<div class=\"elementor-container elementor-column-gap-default\">\n\t\t\t\t\t<div class=\"elementor-column elementor-col-100 elementor-top-column elementor-element elementor-element-b26e5fe\" data-id=\"b26e5fe\" data-element_type=\"column\" data-e-type=\"column\">\n\t\t\t<div class=\"elementor-widget-wrap elementor-element-populated\">\n\t\t\t\t\t\t<div class=\"elementor-element elementor-element-2f71cd5 elementor-widget elementor-widget-image\" data-id=\"2f71cd5\" data-element_type=\"widget\" data-e-type=\"widget\" data-widget_type=\"image.default\">\n\t\t\t\t\t\t\t\t\t\t\t\t<figure class=\"wp-caption\">\n\t\t\t\t\t\t\t\t\t\t<img fetchpriority=\"high\" decoding=\"async\" width=\"768\" height=\"512\" src=\"https:\/\/soymigrante.com\/revista\/wp-content\/uploads\/2023\/06\/Crean-nuevas-oportunidades-y-aprovechan-las-experiencias-1024x683.webp\" class=\"attachment-large size-large wp-image-1616\" alt=\"J\u00f3venes, hombres y mujeres migrantes\" srcset=\"https:\/\/soymigrante.com\/revista\/wp-content\/uploads\/2023\/06\/Crean-nuevas-oportunidades-y-aprovechan-las-experiencias-1024x683.webp 1024w, https:\/\/soymigrante.com\/revista\/wp-content\/uploads\/2023\/06\/Crean-nuevas-oportunidades-y-aprovechan-las-experiencias-300x200.webp 300w, https:\/\/soymigrante.com\/revista\/wp-content\/uploads\/2023\/06\/Crean-nuevas-oportunidades-y-aprovechan-las-experiencias-768x512.webp 768w, https:\/\/soymigrante.com\/revista\/wp-content\/uploads\/2023\/06\/Crean-nuevas-oportunidades-y-aprovechan-las-experiencias-750x500.webp 750w, https:\/\/soymigrante.com\/revista\/wp-content\/uploads\/2023\/06\/Crean-nuevas-oportunidades-y-aprovechan-las-experiencias-600x400.webp 600w, https:\/\/soymigrante.com\/revista\/wp-content\/uploads\/2023\/06\/Crean-nuevas-oportunidades-y-aprovechan-las-experiencias.webp 1080w\" sizes=\"(max-width: 768px) 100vw, 768px\" title=\"J\u00f3venes, hombres y mujeres migrantes \u2013 SoyMigrante.com REVISTA\" \/>\t\t\t\t\t\t\t\t\t\t\t<figcaption class=\"widget-image-caption wp-caption-text\">Crean nuevas oportunidades y aprovechan las experiencias<\/figcaption>\n\t\t\t\t\t\t\t\t\t\t<\/figure>\n\t\t\t\t\t\t\t\t\t<\/div>\n\t\t\t\t\t<\/div>\n\t\t<\/div>\n\t\t\t\t\t<\/div>\n\t\t<\/section>\n\t\t\t\t<section data-particle_enable=\"false\" data-particle-mobile-disabled=\"false\" class=\"elementor-section elementor-top-section elementor-element elementor-element-2eaed5a elementor-section-boxed elementor-section-height-default elementor-section-height-default\" data-id=\"2eaed5a\" data-element_type=\"section\" data-e-type=\"section\">\n\t\t\t\t\t\t<div class=\"elementor-container elementor-column-gap-default\">\n\t\t\t\t\t<div class=\"elementor-column elementor-col-100 elementor-top-column elementor-element elementor-element-ee03391\" data-id=\"ee03391\" data-element_type=\"column\" data-e-type=\"column\">\n\t\t\t<div class=\"elementor-widget-wrap elementor-element-populated\">\n\t\t\t\t\t\t<div class=\"elementor-element elementor-element-d6c4db1 elementor-widget elementor-widget-text-editor\" data-id=\"d6c4db1\" data-element_type=\"widget\" data-e-type=\"widget\" data-widget_type=\"text-editor.default\">\n\t\t\t\t\t\t\t\t\t<p><span style=\"font-weight: 400\"><span style=\"vertical-align: inherit\"><span style=\"vertical-align: inherit\">En 2022, fueron deportados 94,633 migrantes guatemaltecos desde Estados Unidos y M\u00e9xico, por v\u00eda terrestre y a\u00e9rea. <\/span><span style=\"vertical-align: inherit\">Solo de enero a mayo de 2023, se registraron 34 mil 390 migrantes guatemaltecos retornados desde M\u00e9xico y Estados Unidos.<\/span><\/span><\/span><\/p><p><span style=\"font-weight: 400\"><span style=\"vertical-align: inherit\"><span style=\"vertical-align: inherit\">La gran mayor\u00eda de estos migrantes guatemaltecos regresan pr\u00e1cticamente sin nada: sin dinero, sin trabajo ya veces, sus familias est\u00e1n en Estados Unidos, a donde no pueden volver.\u00a0<\/span><\/span><\/span><\/p><p><span style=\"font-weight: 400\"><span style=\"vertical-align: inherit\"><span style=\"vertical-align: inherit\">Algunos son capturados en el trayecto, pero otros son deportados despu\u00e9s de haber permanecido por varios a\u00f1os en Estados Unidos. <\/span><span style=\"vertical-align: inherit\">Volver a comenzar es f\u00e1cil para ellos a pesar de que traen conocimientos, habilidades y experiencias obtenidas durante sus a\u00f1os de trabajo. <\/span><span style=\"vertical-align: inherit\">A ellos se destina principalmente el proyecto Nuevas Oportunidades, que busca tecnificar y certificar sus habilidades.<\/span><\/span><\/span><\/p>\t\t\t\t\t\t\t\t<\/div>\n\t\t\t\t\t<\/div>\n\t\t<\/div>\n\t\t\t\t\t<\/div>\n\t\t<\/section>\n\t\t\t\t<section data-particle_enable=\"false\" data-particle-mobile-disabled=\"false\" class=\"elementor-section elementor-top-section elementor-element elementor-element-5fa0cea elementor-section-boxed elementor-section-height-default elementor-section-height-default\" data-id=\"5fa0cea\" data-element_type=\"section\" data-e-type=\"section\">\n\t\t\t\t\t\t<div class=\"elementor-container elementor-column-gap-default\">\n\t\t\t\t\t<div class=\"elementor-column elementor-col-100 elementor-top-column elementor-element elementor-element-dd323e9\" data-id=\"dd323e9\" data-element_type=\"column\" data-e-type=\"column\">\n\t\t\t<div class=\"elementor-widget-wrap elementor-element-populated\">\n\t\t\t\t\t\t<div class=\"elementor-element elementor-element-0306ca9 elementor-widget elementor-widget-heading\" data-id=\"0306ca9\" data-element_type=\"widget\" data-e-type=\"widget\" data-widget_type=\"heading.default\">\n\t\t\t\t\t<h3 class=\"elementor-heading-title elementor-size-default\">\u00bfQu\u00e9 es el Proyecto Nuevas Oportunidades?<\/h3>\t\t\t\t<\/div>\n\t\t\t\t<div class=\"elementor-element elementor-element-248e14a elementor-widget elementor-widget-text-editor\" data-id=\"248e14a\" data-element_type=\"widget\" data-e-type=\"widget\" data-widget_type=\"text-editor.default\">\n\t\t\t\t\t\t\t\t\t<p><span style=\"font-weight: 400\">Es un proyecto de la Fundaci\u00f3n Suiza para la Cooperaci\u00f3n T\u00e9cnica Swisscontact, busca la reinserci\u00f3n econ\u00f3mica de personas migrantes retornadas en Guatemala a trav\u00e9s de la generaci\u00f3n de un negocio, actualmente ejecutan proyectos a nivel nacional enfocados al desarrollo sostenible y econ\u00f3mico de las personas.<\/span><\/p><p><span style=\"font-weight: 400\">El programa abarca actualmente Alta Verapaz,\u00a0 Pet\u00e9n, Guatemala,\u00a0 Totonicap\u00e1n,\u00a0 Quetzaltenango y San Marco.<\/span><\/p><p><span style=\"font-weight: 400\">B\u00e1sicamente se trabaja en dos procesos: la reintegraci\u00f3n econ\u00f3mica y la vinculaci\u00f3n a una red social para la toma de decisi\u00f3n a nivel local.<\/span><\/p>\t\t\t\t\t\t\t\t<\/div>\n\t\t\t\t\t<\/div>\n\t\t<\/div>\n\t\t\t\t\t<\/div>\n\t\t<\/section>\n\t\t\t\t<section data-particle_enable=\"false\" data-particle-mobile-disabled=\"false\" class=\"elementor-section elementor-top-section elementor-element elementor-element-4795a02 elementor-section-boxed elementor-section-height-default elementor-section-height-default\" data-id=\"4795a02\" data-element_type=\"section\" data-e-type=\"section\">\n\t\t\t\t\t\t<div class=\"elementor-container elementor-column-gap-default\">\n\t\t\t\t\t<div class=\"elementor-column elementor-col-100 elementor-top-column elementor-element elementor-element-70e488e\" data-id=\"70e488e\" data-element_type=\"column\" data-e-type=\"column\">\n\t\t\t<div class=\"elementor-widget-wrap elementor-element-populated\">\n\t\t\t\t\t\t<div class=\"elementor-element elementor-element-e13e7d0 elementor-widget elementor-widget-heading\" data-id=\"e13e7d0\" data-element_type=\"widget\" data-e-type=\"widget\" data-widget_type=\"heading.default\">\n\t\t\t\t\t<h3 class=\"elementor-heading-title elementor-size-default\">Valiosas experiencias laborales en Estados Unidos\n<\/h3>\t\t\t\t<\/div>\n\t\t\t\t<div class=\"elementor-element elementor-element-68b8924 elementor-widget elementor-widget-text-editor\" data-id=\"68b8924\" data-element_type=\"widget\" data-e-type=\"widget\" data-widget_type=\"text-editor.default\">\n\t\t\t\t\t\t\t\t\t<p><span style=\"font-weight: 400\">Nuevas Oportunidades toma en cuenta y respalda la experiencia de los conocimientos adquiridos de las personas retornadas que vivieron en Estados Unidos o M\u00e9xico con el fin de mejorar y certificar las competencias, as\u00ed brindar alternativas a la poblaci\u00f3n migrante retornada e insertarse a un espacio laboral.<\/span><\/p><p><span style=\"font-weight: 400\">Joel Pe\u00f1ate Coordinador del proyecto dice: \u201cAl ser retornado, muchas veces traen las manos vac\u00edas, pero existe muchos conocimientos, entonces tratamos la manera de apoyar a los retornados en ese proceso de certificaci\u00f3n a trav\u00e9s de becas, seguimiento y proporcionando elementos donde se agrupan organizaciones de sociedad civil, instituciones del Estado y entidades educativas\u201d.<\/span><\/p><p><span style=\"font-weight: 400\">Algunos cuentan con un negocio o emprendimiento, a este sector se le brinda asesor\u00eda y preparaci\u00f3n para mejorar el crecimiento de su negocio.<\/span><\/p>\t\t\t\t\t\t\t\t<\/div>\n\t\t\t\t\t<\/div>\n\t\t<\/div>\n\t\t\t\t\t<\/div>\n\t\t<\/section>\n\t\t\t\t<section data-particle_enable=\"false\" data-particle-mobile-disabled=\"false\" class=\"elementor-section elementor-top-section elementor-element elementor-element-1ca3b96 elementor-section-boxed elementor-section-height-default elementor-section-height-default\" data-id=\"1ca3b96\" data-element_type=\"section\" data-e-type=\"section\">\n\t\t\t\t\t\t<div class=\"elementor-container elementor-column-gap-default\">\n\t\t\t\t\t<div class=\"elementor-column elementor-col-100 elementor-top-column elementor-element elementor-element-0f520b5\" data-id=\"0f520b5\" data-element_type=\"column\" data-e-type=\"column\">\n\t\t\t<div class=\"elementor-widget-wrap elementor-element-populated\">\n\t\t\t\t\t\t<div class=\"elementor-element elementor-element-5a8bab2 elementor-widget elementor-widget-image\" data-id=\"5a8bab2\" data-element_type=\"widget\" data-e-type=\"widget\" data-widget_type=\"image.default\">\n\t\t\t\t\t\t\t\t\t\t\t\t<figure class=\"wp-caption\">\n\t\t\t\t\t\t\t\t\t\t<img decoding=\"async\" width=\"768\" height=\"512\" src=\"https:\/\/soymigrante.com\/revista\/wp-content\/uploads\/2023\/06\/Jovenes-y-senoritas-emprendedores-1024x683.webp\" class=\"attachment-large size-large wp-image-1617\" alt=\"Proceso de capacitaci\u00f3n\" srcset=\"https:\/\/soymigrante.com\/revista\/wp-content\/uploads\/2023\/06\/Jovenes-y-senoritas-emprendedores-1024x683.webp 1024w, https:\/\/soymigrante.com\/revista\/wp-content\/uploads\/2023\/06\/Jovenes-y-senoritas-emprendedores-300x200.webp 300w, https:\/\/soymigrante.com\/revista\/wp-content\/uploads\/2023\/06\/Jovenes-y-senoritas-emprendedores-768x512.webp 768w, https:\/\/soymigrante.com\/revista\/wp-content\/uploads\/2023\/06\/Jovenes-y-senoritas-emprendedores-750x500.webp 750w, https:\/\/soymigrante.com\/revista\/wp-content\/uploads\/2023\/06\/Jovenes-y-senoritas-emprendedores-600x400.webp 600w, https:\/\/soymigrante.com\/revista\/wp-content\/uploads\/2023\/06\/Jovenes-y-senoritas-emprendedores.webp 1080w\" sizes=\"(max-width: 768px) 100vw, 768px\" title=\"Proceso de capacitaci\u00f3n \u2013 SoyMigrante.com REVISTA\" \/>\t\t\t\t\t\t\t\t\t\t\t<figcaption class=\"widget-image-caption wp-caption-text\">J\u00f3venes y se\u00f1oritas emprendedores reciben formaci\u00f3n a trav\u00e9s de becas<\/figcaption>\n\t\t\t\t\t\t\t\t\t\t<\/figure>\n\t\t\t\t\t\t\t\t\t<\/div>\n\t\t\t\t\t<\/div>\n\t\t<\/div>\n\t\t\t\t\t<\/div>\n\t\t<\/section>\n\t\t\t\t<section data-particle_enable=\"false\" data-particle-mobile-disabled=\"false\" class=\"elementor-section elementor-top-section elementor-element elementor-element-2eb82c6 elementor-section-boxed elementor-section-height-default elementor-section-height-default\" data-id=\"2eb82c6\" data-element_type=\"section\" data-e-type=\"section\">\n\t\t\t\t\t\t<div class=\"elementor-container elementor-column-gap-default\">\n\t\t\t\t\t<div class=\"elementor-column elementor-col-100 elementor-top-column elementor-element elementor-element-f5a96b8\" data-id=\"f5a96b8\" data-element_type=\"column\" data-e-type=\"column\">\n\t\t\t<div class=\"elementor-widget-wrap elementor-element-populated\">\n\t\t\t\t\t\t<div class=\"elementor-element elementor-element-bcfffae elementor-widget elementor-widget-heading\" data-id=\"bcfffae\" data-element_type=\"widget\" data-e-type=\"widget\" data-widget_type=\"heading.default\">\n\t\t\t\t\t<h3 class=\"elementor-heading-title elementor-size-default\">Las \u00e1reas de trabajo son:<\/h3>\t\t\t\t<\/div>\n\t\t\t\t<div class=\"elementor-element elementor-element-fc0dd14 elementor-widget elementor-widget-text-editor\" data-id=\"fc0dd14\" data-element_type=\"widget\" data-e-type=\"widget\" data-widget_type=\"text-editor.default\">\n\t\t\t\t\t\t\t\t\t<ul><li><strong>\u00a0Nuevas Oportunidades<\/strong><\/li><\/ul><p>Busca la reintegraci\u00f3n de migrantes retornados a trav\u00e9s de procesos de formaci\u00f3n.<\/p><ul><li><strong>INNOVA<\/strong><\/li><\/ul><p>Busca capacitar al personal de las empresas para tecnificar de alguna manera sus procesos de producci\u00f3n.<\/p><ul><li><strong>Servicios expertos de consultor\u00eda <\/strong><\/li><\/ul><p>Brinda la opci\u00f3n a las empresas de cierto nivel contratar o tener a su servicio expertos internacionales que le permitan subsanar algunas debilidades que ellos identifican dentro de sus empresas.<\/p><ul><li><strong>Proyecto empodera (\u00e1rea Cob\u00e1)<\/strong><\/li><\/ul><p>Est\u00e1 enfocado a al desarrollo econ\u00f3mico de las personas en esa \u00e1rea espec\u00edficamente se trabaja con poblaci\u00f3n joven, mujeres y hombres en situaci\u00f3n de vulnerabilidad.<\/p><p>\u201cActualmente estamos en desarrollo de dos proyectos m\u00e1s, uno estar\u00e1 enfocado en ciudad capital; busca generar pol\u00edticas espec\u00edficas para emprendimiento y de alguna manera tiene vinculaci\u00f3n con entidades del gobierno y el otro que se estar\u00e1 desarrollando en el \u00e1rea de Pet\u00e9n va enfocado en el fortalecimiento de \u00e1reas verdes\u201d Dice Joel Pe\u00f1ate, coordinador.<\/p>\t\t\t\t\t\t\t\t<\/div>\n\t\t\t\t\t<\/div>\n\t\t<\/div>\n\t\t\t\t\t<\/div>\n\t\t<\/section>\n\t\t\t\t<section data-particle_enable=\"false\" data-particle-mobile-disabled=\"false\" class=\"elementor-section elementor-top-section elementor-element elementor-element-e799a22 elementor-section-boxed elementor-section-height-default elementor-section-height-default\" data-id=\"e799a22\" data-element_type=\"section\" data-e-type=\"section\">\n\t\t\t\t\t\t<div class=\"elementor-container elementor-column-gap-default\">\n\t\t\t\t\t<div class=\"elementor-column elementor-col-100 elementor-top-column elementor-element elementor-element-5273a27\" data-id=\"5273a27\" data-element_type=\"column\" data-e-type=\"column\">\n\t\t\t<div class=\"elementor-widget-wrap elementor-element-populated\">\n\t\t\t\t\t\t<div class=\"elementor-element elementor-element-92ad4cb elementor-widget elementor-widget-heading\" data-id=\"92ad4cb\" data-element_type=\"widget\" data-e-type=\"widget\" data-widget_type=\"heading.default\">\n\t\t\t\t\t<h3 class=\"elementor-heading-title elementor-size-default\">Beneficiarios <\/h3>\t\t\t\t<\/div>\n\t\t\t\t<div class=\"elementor-element elementor-element-741ee13 elementor-widget elementor-widget-text-editor\" data-id=\"741ee13\" data-element_type=\"widget\" data-e-type=\"widget\" data-widget_type=\"text-editor.default\">\n\t\t\t\t\t\t\t\t\t<p>El proyecto de Nuevas Oportunidades enfoca sus proyectos al desarrollo personal, econ\u00f3mico y motiva el crecimiento dentro de las comunidades<\/p><ul><li>El incremento de ingresos individual y familiar<\/li><li>Materializaci\u00f3n de emprendimiento<\/li><li>Tecnificaci\u00f3n de experiencias en el extranjero<\/li><\/ul><p>Anualmente se capacitan y certifican a 360 migrantes retornados en Guatemala.<\/p>\t\t\t\t\t\t\t\t<\/div>\n\t\t\t\t\t<\/div>\n\t\t<\/div>\n\t\t\t\t\t<\/div>\n\t\t<\/section>\n\t\t\t\t<section data-particle_enable=\"false\" data-particle-mobile-disabled=\"false\" class=\"elementor-section elementor-top-section elementor-element elementor-element-d3c5b92 elementor-section-boxed elementor-section-height-default elementor-section-height-default\" data-id=\"d3c5b92\" data-element_type=\"section\" data-e-type=\"section\">\n\t\t\t\t\t\t<div class=\"elementor-container elementor-column-gap-default\">\n\t\t\t\t\t<div class=\"elementor-column elementor-col-100 elementor-top-column elementor-element elementor-element-96bc7cd\" data-id=\"96bc7cd\" data-element_type=\"column\" data-e-type=\"column\">\n\t\t\t<div class=\"elementor-widget-wrap elementor-element-populated\">\n\t\t\t\t\t\t<div class=\"elementor-element elementor-element-bd55617 elementor-skin-carousel elementor-arrows-yes elementor-pagination-type-bullets elementor-pagination-position-outside elementor-widget elementor-widget-media-carousel\" data-id=\"bd55617\" data-element_type=\"widget\" data-e-type=\"widget\" data-settings=\"{&quot;slides_per_view&quot;:&quot;1&quot;,&quot;skin&quot;:&quot;carousel&quot;,&quot;effect&quot;:&quot;slide&quot;,&quot;show_arrows&quot;:&quot;yes&quot;,&quot;pagination&quot;:&quot;bullets&quot;,&quot;speed&quot;:500,&quot;autoplay&quot;:&quot;yes&quot;,&quot;autoplay_speed&quot;:5000,&quot;loop&quot;:&quot;yes&quot;,&quot;space_between&quot;:{&quot;unit&quot;:&quot;px&quot;,&quot;size&quot;:10,&quot;sizes&quot;:[]},&quot;space_between_tablet&quot;:{&quot;unit&quot;:&quot;px&quot;,&quot;size&quot;:10,&quot;sizes&quot;:[]},&quot;space_between_mobile&quot;:{&quot;unit&quot;:&quot;px&quot;,&quot;size&quot;:10,&quot;sizes&quot;:[]}}\" data-widget_type=\"media-carousel.default\">\n\t\t\t\t\t\t\t\t\t\t<div class=\"elementor-main-swiper swiper\" role=\"region\" aria-roledescription=\"carousel\" aria-label=\"Diapositivas\">\n\t\t\t\t<div class=\"swiper-wrapper\">\n\t\t\t\t\t\t\t\t\t\t\t<div class=\"swiper-slide\" role=\"group\" aria-roledescription=\"slide\">\n\t\t\t\t\t\t\t<a href=\"https:\/\/soymigrante.com\/revista\/wp-content\/uploads\/2023\/06\/migrantes-retornados-reciben-talleres-de-emprendimiento.jpg\" data-elementor-open-lightbox=\"yes\" data-elementor-lightbox-slideshow=\"bd55617\" data-elementor-lightbox-title=\"Nuevas Oportunidades brinda orientaci\u00f3n y formaci\u00f3n para emprendedores\" data-elementor-lightbox-description=\"Migrantes retornados reciben talleres de emprendimiento\" data-e-action-hash=\"#elementor-action%3Aaction%3Dlightbox%26settings%3DeyJpZCI6IjE2MTgiLCJ1cmwiOiJodHRwczpcL1wvc295bWlncmFudGUuY29tXC9yZXZpc3RhXC93cC1jb250ZW50XC91cGxvYWRzXC8yMDIzXC8wNlwvbWlncmFudGVzLXJldG9ybmFkb3MtcmVjaWJlbi10YWxsZXJlcy1kZS1lbXByZW5kaW1pZW50by53ZWJwIiwic2xpZGVzaG93IjoiYmQ1NTYxNyJ9\">\t\t<div class=\"elementor-carousel-image\" role=\"img\" aria-label=\"Nuevas Oportunidades brinda orientaci\u00f3n y formaci\u00f3n para emprendedores\" style=\"background-image: url(&#039;https:\/\/soymigrante.com\/revista\/wp-content\/uploads\/2023\/06\/migrantes-retornados-reciben-talleres-de-emprendimiento.webp&#039;)\">\n\n\t\t\t\n\t\t\t\t\t<\/div>\n\t\t<\/a>\t\t\t\t\t\t<\/div>\n\t\t\t\t\t\t\t\t\t\t\t<div class=\"swiper-slide\" role=\"group\" aria-roledescription=\"slide\">\n\t\t\t\t\t\t\t<a href=\"https:\/\/soymigrante.com\/revista\/wp-content\/uploads\/2023\/06\/migrantes-retornados-reciben-talleres-de-emprendimiento.jpg\" data-elementor-open-lightbox=\"yes\" data-elementor-lightbox-slideshow=\"bd55617\" data-elementor-lightbox-title=\"Nuevas Oportunidades brinda orientaci\u00f3n y formaci\u00f3n para emprendedores\" data-elementor-lightbox-description=\"Migrantes retornados reciben talleres de emprendimiento\" data-e-action-hash=\"#elementor-action%3Aaction%3Dlightbox%26settings%3DeyJpZCI6IjE2MTgiLCJ1cmwiOiJodHRwczpcL1wvc295bWlncmFudGUuY29tXC9yZXZpc3RhXC93cC1jb250ZW50XC91cGxvYWRzXC8yMDIzXC8wNlwvbWlncmFudGVzLXJldG9ybmFkb3MtcmVjaWJlbi10YWxsZXJlcy1kZS1lbXByZW5kaW1pZW50by53ZWJwIiwic2xpZGVzaG93IjoiYmQ1NTYxNyJ9\">\t\t<div class=\"elementor-carousel-image\" role=\"img\" aria-label=\"Nuevas Oportunidades brinda orientaci\u00f3n y formaci\u00f3n para emprendedores\" style=\"background-image: url(&#039;https:\/\/soymigrante.com\/revista\/wp-content\/uploads\/2023\/06\/migrantes-retornados-reciben-talleres-de-emprendimiento.webp&#039;)\">\n\n\t\t\t\n\t\t\t\t\t<\/div>\n\t\t<\/a>\t\t\t\t\t\t<\/div>\n\t\t\t\t\t\t\t\t\t\t\t<div class=\"swiper-slide\" role=\"group\" aria-roledescription=\"slide\">\n\t\t\t\t\t\t\t<a href=\"https:\/\/soymigrante.com\/revista\/wp-content\/uploads\/2023\/06\/migrantes-retornados-reciben-talleres-de-emprendimiento.jpg\" data-elementor-open-lightbox=\"yes\" data-elementor-lightbox-slideshow=\"bd55617\" data-elementor-lightbox-title=\"Nuevas Oportunidades brinda orientaci\u00f3n y formaci\u00f3n para emprendedores\" data-elementor-lightbox-description=\"Migrantes retornados reciben talleres de emprendimiento\" data-e-action-hash=\"#elementor-action%3Aaction%3Dlightbox%26settings%3DeyJpZCI6IjE2MTgiLCJ1cmwiOiJodHRwczpcL1wvc295bWlncmFudGUuY29tXC9yZXZpc3RhXC93cC1jb250ZW50XC91cGxvYWRzXC8yMDIzXC8wNlwvbWlncmFudGVzLXJldG9ybmFkb3MtcmVjaWJlbi10YWxsZXJlcy1kZS1lbXByZW5kaW1pZW50by53ZWJwIiwic2xpZGVzaG93IjoiYmQ1NTYxNyJ9\">\t\t<div class=\"elementor-carousel-image\" role=\"img\" aria-label=\"Nuevas Oportunidades brinda orientaci\u00f3n y formaci\u00f3n para emprendedores\" style=\"background-image: url(&#039;https:\/\/soymigrante.com\/revista\/wp-content\/uploads\/2023\/06\/migrantes-retornados-reciben-talleres-de-emprendimiento.webp&#039;)\">\n\n\t\t\t\n\t\t\t\t\t<\/div>\n\t\t<\/a>\t\t\t\t\t\t<\/div>\n\t\t\t\t\t\t\t\t\t\t\t<div class=\"swiper-slide\" role=\"group\" aria-roledescription=\"slide\">\n\t\t\t\t\t\t\t<a href=\"https:\/\/soymigrante.com\/revista\/wp-content\/uploads\/2023\/06\/migrantes-retornados-reciben-talleres-de-emprendimiento.jpg\" data-elementor-open-lightbox=\"yes\" data-elementor-lightbox-slideshow=\"bd55617\" data-elementor-lightbox-title=\"Nuevas Oportunidades brinda orientaci\u00f3n y formaci\u00f3n para emprendedores\" data-elementor-lightbox-description=\"Migrantes retornados reciben talleres de emprendimiento\" data-e-action-hash=\"#elementor-action%3Aaction%3Dlightbox%26settings%3DeyJpZCI6IjE2MTgiLCJ1cmwiOiJodHRwczpcL1wvc295bWlncmFudGUuY29tXC9yZXZpc3RhXC93cC1jb250ZW50XC91cGxvYWRzXC8yMDIzXC8wNlwvbWlncmFudGVzLXJldG9ybmFkb3MtcmVjaWJlbi10YWxsZXJlcy1kZS1lbXByZW5kaW1pZW50by53ZWJwIiwic2xpZGVzaG93IjoiYmQ1NTYxNyJ9\">\t\t<div class=\"elementor-carousel-image\" role=\"img\" aria-label=\"Nuevas Oportunidades brinda orientaci\u00f3n y formaci\u00f3n para emprendedores\" style=\"background-image: url(&#039;https:\/\/soymigrante.com\/revista\/wp-content\/uploads\/2023\/06\/migrantes-retornados-reciben-talleres-de-emprendimiento.webp&#039;)\">\n\n\t\t\t\n\t\t\t\t\t<\/div>\n\t\t<\/a>\t\t\t\t\t\t<\/div>\n\t\t\t\t\t\t\t\t\t\t\t<div class=\"swiper-slide\" role=\"group\" aria-roledescription=\"slide\">\n\t\t\t\t\t\t\t<a href=\"https:\/\/soymigrante.com\/revista\/wp-content\/uploads\/2023\/06\/La-capacitacion-constante-es-primordial.jpg\" data-elementor-open-lightbox=\"yes\" data-elementor-lightbox-slideshow=\"bd55617\" data-elementor-lightbox-title=\"Procesos de formaci\u00f3n\" data-elementor-lightbox-description=\"La capacitaci\u00f3n constante es primordial\" data-e-action-hash=\"#elementor-action%3Aaction%3Dlightbox%26settings%3DeyJpZCI6IjE2MTkiLCJ1cmwiOiJodHRwczpcL1wvc295bWlncmFudGUuY29tXC9yZXZpc3RhXC93cC1jb250ZW50XC91cGxvYWRzXC8yMDIzXC8wNlwvTGEtY2FwYWNpdGFjaW9uLWNvbnN0YW50ZS1lcy1wcmltb3JkaWFsLndlYnAiLCJzbGlkZXNob3ciOiJiZDU1NjE3In0%3D\">\t\t<div class=\"elementor-carousel-image\" role=\"img\" aria-label=\"Procesos de formaci\u00f3n\" style=\"background-image: url(&#039;https:\/\/soymigrante.com\/revista\/wp-content\/uploads\/2023\/06\/La-capacitacion-constante-es-primordial.webp&#039;)\">\n\n\t\t\t\n\t\t\t\t\t<\/div>\n\t\t<\/a>\t\t\t\t\t\t<\/div>\n\t\t\t\t\t\t\t\t\t\t\t<div class=\"swiper-slide\" role=\"group\" aria-roledescription=\"slide\">\n\t\t\t\t\t\t\t<a href=\"https:\/\/soymigrante.com\/revista\/wp-content\/uploads\/2023\/06\/El-proyecto-nuevas-oportunidades.jpg\" data-elementor-open-lightbox=\"yes\" data-elementor-lightbox-slideshow=\"bd55617\" data-elementor-lightbox-title=\"Alianzas\" data-elementor-lightbox-description=\"El proyecto nuevas oportunidades coordina con varias instancias p\u00fablicas y privadas\" data-e-action-hash=\"#elementor-action%3Aaction%3Dlightbox%26settings%3DeyJpZCI6IjE2MjAiLCJ1cmwiOiJodHRwczpcL1wvc295bWlncmFudGUuY29tXC9yZXZpc3RhXC93cC1jb250ZW50XC91cGxvYWRzXC8yMDIzXC8wNlwvRWwtcHJveWVjdG8tbnVldmFzLW9wb3J0dW5pZGFkZXMud2VicCIsInNsaWRlc2hvdyI6ImJkNTU2MTcifQ%3D%3D\">\t\t<div class=\"elementor-carousel-image\" role=\"img\" aria-label=\"Alianzas\" style=\"background-image: url(&#039;https:\/\/soymigrante.com\/revista\/wp-content\/uploads\/2023\/06\/El-proyecto-nuevas-oportunidades.webp&#039;)\">\n\n\t\t\t\n\t\t\t\t\t<\/div>\n\t\t<\/a>\t\t\t\t\t\t<\/div>\n\t\t\t\t\t\t\t\t\t\t\t<div class=\"swiper-slide\" role=\"group\" aria-roledescription=\"slide\">\n\t\t\t\t\t\t\t\t\t<div class=\"elementor-carousel-image\" role=\"img\" aria-label=\"Migrante retornado\" style=\"background-image: url(&#039;https:\/\/soymigrante.com\/revista\/wp-content\/uploads\/2023\/06\/Se-gestiona-espacios-de-comercializacion-.webp&#039;)\">\n\n\t\t\t\n\t\t\t\t\t<\/div>\n\t\t\t\t\t\t\t\t<\/div>\n\t\t\t\t\t\t\t\t\t\t\t<div class=\"swiper-slide\" role=\"group\" aria-roledescription=\"slide\">\n\t\t\t\t\t\t\t\t\t<div class=\"elementor-carousel-image\" role=\"img\" aria-label=\"INTECAP es un aliado al proceso de formaci\u00f3n\" style=\"background-image: url(&#039;https:\/\/soymigrante.com\/revista\/wp-content\/uploads\/2023\/06\/Reciben-becas-de-formacion-.webp&#039;)\">\n\n\t\t\t\n\t\t\t\t\t<\/div>\n\t\t\t\t\t\t\t\t<\/div>\n\t\t\t\t\t\t\t\t\t<\/div>\n\t\t\t\t\t\t\t\t\t\t\t\t\t\t\t<div class=\"elementor-swiper-button elementor-swiper-button-prev\" role=\"button\" tabindex=\"0\" aria-label=\"Anterior\">\n\t\t\t\t\t\t\t<i aria-hidden=\"true\" class=\"eicon-chevron-left\"><\/i>\t\t\t\t\t\t<\/div>\n\t\t\t\t\t\t<div class=\"elementor-swiper-button elementor-swiper-button-next\" role=\"button\" tabindex=\"0\" aria-label=\"Siguiente\">\n\t\t\t\t\t\t\t<i aria-hidden=\"true\" class=\"eicon-chevron-right\"><\/i>\t\t\t\t\t\t<\/div>\n\t\t\t\t\t\t\t\t\t\t\t\t\t\t\t\t<div class=\"swiper-pagination\"><\/div>\n\t\t\t\t\t\t\t\t\t\t\t\t<\/div>\n\t\t\t\t\t\t\t\t<\/div>\n\t\t\t\t\t<\/div>\n\t\t<\/div>\n\t\t\t\t\t<\/div>\n\t\t<\/section>\n\t\t\t\t<section data-particle_enable=\"false\" data-particle-mobile-disabled=\"false\" class=\"elementor-section elementor-top-section elementor-element elementor-element-67f9adc elementor-section-boxed elementor-section-height-default elementor-section-height-default\" data-id=\"67f9adc\" data-element_type=\"section\" data-e-type=\"section\">\n\t\t\t\t\t\t<div class=\"elementor-container elementor-column-gap-default\">\n\t\t\t\t\t<div class=\"elementor-column elementor-col-100 elementor-top-column elementor-element elementor-element-9f0f07a\" data-id=\"9f0f07a\" data-element_type=\"column\" data-e-type=\"column\">\n\t\t\t<div class=\"elementor-widget-wrap elementor-element-populated\">\n\t\t\t\t\t\t<div class=\"elementor-element elementor-element-f5e6f6c elementor-widget elementor-widget-heading\" data-id=\"f5e6f6c\" data-element_type=\"widget\" data-e-type=\"widget\" data-widget_type=\"heading.default\">\n\t\t\t\t\t<h3 class=\"elementor-heading-title elementor-size-default\">\u00bfC\u00f3mo identifican a los beneficiarios?  \n<\/h3>\t\t\t\t<\/div>\n\t\t\t\t<div class=\"elementor-element elementor-element-917add0 elementor-widget elementor-widget-text-editor\" data-id=\"917add0\" data-element_type=\"widget\" data-e-type=\"widget\" data-widget_type=\"text-editor.default\">\n\t\t\t\t\t\t\t\t\t<p><span style=\"font-weight: 400\">El principal trabajo del proyecto es identificar a los retornados en territorio guatemalteco, a trav\u00e9s de la red de integraci\u00f3n con el Instituto Guatemalteco de Migraci\u00f3n, fuerza guatemalteca, las \u00e1reas fronterizas y otras dependencias, son el enlace directo con las personas retornadas.<\/span><\/p><p><span style=\"font-weight: 400\">Se realiza una evaluaci\u00f3n de primera mano obteniendo datos, aspiraciones y estado actual de los migrantes retornados para brindar el apoyo y asesoramiento a trav\u00e9s de becas de formaci\u00f3n, inserci\u00f3n a un espacio laboral y procesos de emprendimiento local.<\/span><\/p><p><span style=\"font-weight: 400\">\u201cDe las 350 personas, actualmente se encuentran en procesos de formaci\u00f3n 86 que ya han culminado en junio y 33, ya tienen emprendimientos formados que est\u00e1n generando entre 1500 a 2.000 d\u00f3lares, aproximadamente como ingresos mensuales dentro de cada una de sus comunidades\u201d. Agrega Joel Pe\u00f1ate coordinador Nuevas Oportunidades.<\/span><\/p>\t\t\t\t\t\t\t\t<\/div>\n\t\t\t\t\t<\/div>\n\t\t<\/div>\n\t\t\t\t\t<\/div>\n\t\t<\/section>\n\t\t\t\t<section data-particle_enable=\"false\" data-particle-mobile-disabled=\"false\" class=\"elementor-section elementor-top-section elementor-element elementor-element-63e8fd4 elementor-section-boxed elementor-section-height-default elementor-section-height-default\" data-id=\"63e8fd4\" data-element_type=\"section\" data-e-type=\"section\">\n\t\t\t\t\t\t<div class=\"elementor-container elementor-column-gap-default\">\n\t\t\t\t\t<div class=\"elementor-column elementor-col-100 elementor-top-column elementor-element elementor-element-b621521\" data-id=\"b621521\" data-element_type=\"column\" data-e-type=\"column\">\n\t\t\t<div class=\"elementor-widget-wrap elementor-element-populated\">\n\t\t\t\t\t\t<div class=\"elementor-element elementor-element-150c7fb elementor-widget elementor-widget-text-editor\" data-id=\"150c7fb\" data-element_type=\"widget\" data-e-type=\"widget\" data-widget_type=\"text-editor.default\">\n\t\t\t\t\t\t\t\t\t<p><span style=\"font-weight: 400\"><span style=\"vertical-align: inherit\"><span style=\"vertical-align: inherit\">Si usted es un retornado y necesita certificaci\u00f3n o asesor\u00eda, puede escribir un mensaje en el perfil de Nuevas Oportunidades en Facebook<\/span><\/span><\/span><\/p>\t\t\t\t\t\t\t\t<\/div>\n\t\t\t\t\t<\/div>\n\t\t<\/div>\n\t\t\t\t\t<\/div>\n\t\t<\/section>\n\t\t\t\t<section data-particle_enable=\"false\" data-particle-mobile-disabled=\"false\" class=\"elementor-section elementor-top-section elementor-element elementor-element-41b1e6b elementor-section-boxed elementor-section-height-default elementor-section-height-default\" data-id=\"41b1e6b\" data-element_type=\"section\" data-e-type=\"section\">\n\t\t\t\t\t\t<div class=\"elementor-container elementor-column-gap-default\">\n\t\t\t\t\t<div class=\"elementor-column elementor-col-100 elementor-top-column elementor-element elementor-element-38f16f0\" data-id=\"38f16f0\" data-element_type=\"column\" data-e-type=\"column\">\n\t\t\t<div class=\"elementor-widget-wrap elementor-element-populated\">\n\t\t\t\t\t\t<div class=\"elementor-element elementor-element-fcedf20 elementor-widget elementor-widget-facebook-page\" data-id=\"fcedf20\" data-element_type=\"widget\" data-e-type=\"widget\" data-widget_type=\"facebook-page.default\">\n\t\t\t\t\t<div class=\"elementor-facebook-widget fb-page\" data-href=\"https:\/\/www.facebook.com\/nuevasoportunidadesgtm?mibextid=ZbWKwL\" data-tabs=\"timeline\" data-height=\"500px\" data-width=\"500px\" data-small-header=\"false\" data-hide-cover=\"false\" data-show-facepile=\"true\" data-hide-cta=\"false\" style=\"min-height: 1px;height:500px\"><\/div>\t\t\t\t<\/div>\n\t\t\t\t\t<\/div>\n\t\t<\/div>\n\t\t\t\t\t<\/div>\n\t\t<\/section>\n\t\t\t\t<\/div>\n\t\t","protected":false},"excerpt":{"rendered":"<p>Oportunidades de capacitaci\u00f3n y certificaci\u00f3n de habilidades, as\u00ed como asesor\u00eda para emprendimientos en Guatemala ofrece el programa Nuevas Oportunidades Crean nuevas oportunidades y aprovechan las experiencias En 2022, fueron deportados 94,633 migrantes guatemaltecos desde Estados Unidos y M\u00e9xico, por v\u00eda terrestre y a\u00e9rea. Solo de enero a mayo de 2023, se registraron 34 mil 390 [&hellip;]<\/p>\n","protected":false},"author":10,"featured_media":1623,"comment_status":"open","ping_status":"open","sticky":false,"template":"","format":"standard","meta":{"_acf_changed":false,"_eb_attr":"","footnotes":""},"categories":[54],"tags":[],"class_list":["post-1615","post","type-post","status-publish","format-standard","has-post-thumbnail","hentry","category-estamos-unidos"],"acf":[],"aioseo_notices":[],"aioseo_head":"\n\t\t<!-- All in One SEO Pro 4.9.6.2 - aioseo.com -->\n\t<meta name=\"description\" content=\"Migrantes retornados est\u00e1n reactivando su vida productiva al regresar a Guatemala. Historias inspiradoras de resiliencia y \u00e9xito\" \/>\n\t<meta name=\"robots\" content=\"max-snippet:-1, max-image-preview:large, max-video-preview:-1\" \/>\n\t<meta name=\"author\" content=\"Diana Batz\"\/>\n\t<link rel=\"canonical\" href=\"https:\/\/soymigrante.com\/revista\/migrantes-retornados-reactivacion-productiva\/\" \/>\n\t<meta name=\"generator\" content=\"All in One SEO Pro (AIOSEO) 4.9.6.2\" \/>\n\n\t\t<link rel=\"preconnect\" href=\"https:\/\/fonts.googleapis.com\" crossorigin>\n<link rel=\"preconnect\" href=\"https:\/\/fonts.gstatic.com\" crossorigin>\n\t\t<meta property=\"og:locale\" content=\"es_ES\" \/>\n\t\t<meta property=\"og:site_name\" content=\"SoyMigrante.com REVISTA \u2013 Nuestra misi\u00f3n es reconocer y dignificar al migrante.\" \/>\n\t\t<meta property=\"og:type\" content=\"article\" \/>\n\t\t<meta property=\"og:title\" content=\"Migrantes Retornados: Reactivando Vidas Productivas en Guatemala\" \/>\n\t\t<meta property=\"og:description\" content=\"Migrantes retornados est\u00e1n reactivando su vida productiva al regresar a Guatemala. Historias inspiradoras de resiliencia y \u00e9xito\" \/>\n\t\t<meta property=\"og:url\" content=\"https:\/\/soymigrante.com\/revista\/migrantes-retornados-reactivacion-productiva\/\" \/>\n\t\t<meta property=\"og:image\" content=\"https:\/\/soymigrante.com\/revista\/wp-content\/uploads\/2023\/06\/Migrantes-guatemaltecos-retornados-.webp\" \/>\n\t\t<meta property=\"og:image:secure_url\" content=\"https:\/\/soymigrante.com\/revista\/wp-content\/uploads\/2023\/06\/Migrantes-guatemaltecos-retornados-.webp\" \/>\n\t\t<meta property=\"og:image:width\" content=\"1280\" \/>\n\t\t<meta property=\"og:image:height\" content=\"960\" \/>\n\t\t<meta property=\"article:published_time\" content=\"2023-06-27T20:51:12+00:00\" \/>\n\t\t<meta property=\"article:modified_time\" content=\"2024-07-31T19:30:12+00:00\" \/>\n\t\t<meta property=\"article:publisher\" content=\"https:\/\/www.facebook.com\/soymigrantecom\" \/>\n\t\t<meta name=\"twitter:card\" content=\"summary_large_image\" \/>\n\t\t<meta name=\"twitter:site\" content=\"@SoyMigrante_com\" \/>\n\t\t<meta name=\"twitter:title\" content=\"Migrantes Retornados: Reactivando Vidas Productivas en Guatemala\" \/>\n\t\t<meta name=\"twitter:description\" content=\"Migrantes retornados est\u00e1n reactivando su vida productiva al regresar a Guatemala. Historias inspiradoras de resiliencia y \u00e9xito\" \/>\n\t\t<meta name=\"twitter:creator\" content=\"@SoyMigrante_com\" \/>\n\t\t<meta name=\"twitter:image\" content=\"https:\/\/soymigrante.com\/revista\/wp-content\/uploads\/2023\/06\/Migrantes-guatemaltecos-retornados-.webp\" \/>\n\t\t<!-- All in One SEO Pro -->\r\n\t\t<title>Migrantes Retornados: Reactivando Vidas Productivas en Guatemala<\/title>\n\n","aioseo_head_json":{"title":"Migrantes Retornados: Reactivando Vidas Productivas en Guatemala","description":"Migrantes retornados est\u00e1n reactivando su vida productiva al regresar a Guatemala. Historias inspiradoras de resiliencia y \u00e9xito","canonical_url":"https:\/\/soymigrante.com\/revista\/migrantes-retornados-reactivacion-productiva\/","robots":"max-snippet:-1, max-image-preview:large, max-video-preview:-1","keywords":"","webmasterTools":{"miscellaneous":"&lt;link rel=\"preconnect\" href=\"https:\/\/fonts.googleapis.com\" crossorigin&gt;\n&lt;link rel=\"preconnect\" href=\"https:\/\/fonts.gstatic.com\" crossorigin&gt;"},"schema":null,"og:locale":"es_ES","og:site_name":"SoyMigrante.com REVISTA \u2013 Nuestra misi\u00f3n es reconocer y dignificar al migrante.","og:type":"article","og:title":"Migrantes Retornados: Reactivando Vidas Productivas en Guatemala","og:description":"Migrantes retornados est\u00e1n reactivando su vida productiva al regresar a Guatemala. Historias inspiradoras de resiliencia y \u00e9xito","og:url":"https:\/\/soymigrante.com\/revista\/migrantes-retornados-reactivacion-productiva\/","og:image":"https:\/\/soymigrante.com\/revista\/wp-content\/uploads\/2023\/06\/Migrantes-guatemaltecos-retornados-.webp","og:image:secure_url":"https:\/\/soymigrante.com\/revista\/wp-content\/uploads\/2023\/06\/Migrantes-guatemaltecos-retornados-.webp","og:image:width":1280,"og:image:height":960,"article:published_time":"2023-06-27T20:51:12+00:00","article:modified_time":"2024-07-31T19:30:12+00:00","article:publisher":"https:\/\/www.facebook.com\/soymigrantecom","twitter:card":"summary_large_image","twitter:site":"@SoyMigrante_com","twitter:title":"Migrantes Retornados: Reactivando Vidas Productivas en Guatemala","twitter:description":"Migrantes retornados est\u00e1n reactivando su vida productiva al regresar a Guatemala. Historias inspiradoras de resiliencia y \u00e9xito","twitter:creator":"@SoyMigrante_com","twitter:image":"https:\/\/soymigrante.com\/revista\/wp-content\/uploads\/2023\/06\/Migrantes-guatemaltecos-retornados-.webp"},"aioseo_meta_data":{"post_id":"1615","title":null,"description":"Migrantes retornados est\u00e1n reactivando su vida productiva al regresar a Guatemala. Historias inspiradoras de resiliencia y \u00e9xito","keywords":[],"keyphrases":{"focus":{"keyphrase":"Migrantes","score":82,"analysis":{"keyphraseInTitle":{"score":9,"maxScore":9,"error":0},"keyphraseInDescription":{"score":9,"maxScore":9,"error":0},"keyphraseLength":{"score":9,"maxScore":9,"error":0,"length":1},"keyphraseInURL":{"score":5,"maxScore":5,"error":0},"keyphraseInIntroduction":{"score":3,"maxScore":9,"error":1},"keyphraseInSubHeadings":{"score":3,"maxScore":9,"error":1},"keyphraseInImageAlt":{"score":9,"maxScore":9,"error":0},"keywordDensity":{"type":"best","score":9,"maxScore":9,"error":0}}},"additional":[]},"primary_term":null,"canonical_url":null,"og_title":null,"og_description":null,"og_object_type":"default","og_image_type":"default","og_image_url":null,"og_image_width":null,"og_image_height":null,"og_image_custom_url":null,"og_image_custom_fields":null,"og_video":"","og_custom_url":null,"og_article_section":null,"og_article_tags":[],"twitter_use_og":false,"twitter_card":"default","twitter_image_type":"default","twitter_image_url":null,"twitter_image_custom_url":null,"twitter_image_custom_fields":null,"twitter_title":null,"twitter_description":null,"schema":{"blockGraphs":[],"customGraphs":[],"default":{"data":{"Article":[],"Course":[],"Dataset":[],"FAQPage":[],"Movie":[],"Person":[],"Product":[],"ProductReview":[],"Car":[],"Recipe":[],"Service":[],"SoftwareApplication":[],"WebPage":[]},"graphName":"BlogPosting","isEnabled":true},"graphs":[]},"schema_type":"default","schema_type_options":null,"pillar_content":false,"robots_default":true,"robots_noindex":false,"robots_noarchive":false,"robots_nosnippet":false,"robots_nofollow":false,"robots_noimageindex":false,"robots_noodp":false,"robots_notranslate":false,"robots_max_snippet":"-1","robots_max_videopreview":"-1","robots_max_imagepreview":"large","priority":null,"frequency":"default","local_seo":null,"seo_analyzer_scan_date":"2025-10-08 20:00:11","breadcrumb_settings":null,"limit_modified_date":false,"reviewed_by":null,"open_ai":null,"ai":null,"created":"2023-08-18 13:54:16","updated":"2026-02-04 04:42:49"},"aioseo_breadcrumb":"<div class=\"aioseo-breadcrumbs\"><span class=\"aioseo-breadcrumb\">\n\t<a href=\"https:\/\/soymigrante.com\/revista\" title=\"Home\">Home<\/a>\n<\/span><span class=\"aioseo-breadcrumb-separator\">\u00bb<\/span><span class=\"aioseo-breadcrumb\">\n\t<a href=\"https:\/\/soymigrante.com\/revista\/category\/estamos-unidos\/\" title=\"Estamos Unidos\">Estamos Unidos<\/a>\n<\/span><span class=\"aioseo-breadcrumb-separator\">\u00bb<\/span><span class=\"aioseo-breadcrumb\">\n\tMigrantes Retornados: Reactivando Vidas Productivas en Guatemala\n<\/span><\/div>","aioseo_breadcrumb_json":[{"label":"Home","link":"https:\/\/soymigrante.com\/revista"},{"label":"Estamos Unidos","link":"https:\/\/soymigrante.com\/revista\/category\/estamos-unidos\/"},{"label":"Migrantes Retornados: Reactivando Vidas Productivas en Guatemala","link":"https:\/\/soymigrante.com\/revista\/migrantes-retornados-reactivacion-productiva\/"}],"_links":{"self":[{"href":"https:\/\/soymigrante.com\/revista\/wp-json\/wp\/v2\/posts\/1615","targetHints":{"allow":["GET"]}}],"collection":[{"href":"https:\/\/soymigrante.com\/revista\/wp-json\/wp\/v2\/posts"}],"about":[{"href":"https:\/\/soymigrante.com\/revista\/wp-json\/wp\/v2\/types\/post"}],"author":[{"embeddable":true,"href":"https:\/\/soymigrante.com\/revista\/wp-json\/wp\/v2\/users\/10"}],"replies":[{"embeddable":true,"href":"https:\/\/soymigrante.com\/revista\/wp-json\/wp\/v2\/comments?post=1615"}],"version-history":[{"count":0,"href":"https:\/\/soymigrante.com\/revista\/wp-json\/wp\/v2\/posts\/1615\/revisions"}],"wp:featuredmedia":[{"embeddable":true,"href":"https:\/\/soymigrante.com\/revista\/wp-json\/wp\/v2\/media\/1623"}],"wp:attachment":[{"href":"https:\/\/soymigrante.com\/revista\/wp-json\/wp\/v2\/media?parent=1615"}],"wp:term":[{"taxonomy":"category","embeddable":true,"href":"https:\/\/soymigrante.com\/revista\/wp-json\/wp\/v2\/categories?post=1615"},{"taxonomy":"post_tag","embeddable":true,"href":"https:\/\/soymigrante.com\/revista\/wp-json\/wp\/v2\/tags?post=1615"}],"curies":[{"name":"wp","href":"https:\/\/api.w.org\/{rel}","templated":true}]}}