{"id":1603,"date":"2023-06-26T19:37:50","date_gmt":"2023-06-26T19:37:50","guid":{"rendered":"https:\/\/soymigrante.com\/revista\/?p=1603"},"modified":"2024-07-31T13:06:39","modified_gmt":"2024-07-31T19:06:39","slug":"temor-creible-y-cuando-aplica-para-que-un-migrante-pida-asilo","status":"publish","type":"post","link":"https:\/\/soymigrante.com\/revista\/temor-creible-y-cuando-aplica-para-que-un-migrante-pida-asilo\/","title":{"rendered":"\u00bfQu\u00e9 es Temor Cre\u00edble y cu\u00e1ndo aplica para que un migrante pida asilo?"},"content":{"rendered":"\t\t<div data-elementor-type=\"wp-post\" data-elementor-id=\"1603\" class=\"elementor elementor-1603\" data-elementor-post-type=\"post\">\n\t\t\t\t\t\t<section data-particle_enable=\"false\" data-particle-mobile-disabled=\"false\" class=\"elementor-section elementor-top-section elementor-element elementor-element-15972d0 elementor-section-boxed elementor-section-height-default elementor-section-height-default\" data-id=\"15972d0\" data-element_type=\"section\" data-e-type=\"section\">\n\t\t\t\t\t\t<div class=\"elementor-container elementor-column-gap-default\">\n\t\t\t\t\t<div class=\"elementor-column elementor-col-100 elementor-top-column elementor-element elementor-element-bee8c45\" data-id=\"bee8c45\" data-element_type=\"column\" data-e-type=\"column\">\n\t\t\t<div class=\"elementor-widget-wrap elementor-element-populated\">\n\t\t\t\t\t\t<div class=\"elementor-element elementor-element-e241689 elementor-widget elementor-widget-heading\" data-id=\"e241689\" data-element_type=\"widget\" data-e-type=\"widget\" data-widget_type=\"heading.default\">\n\t\t\t\t\t<h2 class=\"elementor-heading-title elementor-size-default\">Solicitar asilo por un \"temor cre\u00edble\" es un recurso migrante que necesita una demostraci\u00f3n con pruebas de tal situaci\u00f3n. Si no se prueba, el pedido es desechado<\/h2>\t\t\t\t<\/div>\n\t\t\t\t\t<\/div>\n\t\t<\/div>\n\t\t\t\t\t<\/div>\n\t\t<\/section>\n\t\t\t\t<section data-particle_enable=\"false\" data-particle-mobile-disabled=\"false\" class=\"elementor-section elementor-top-section elementor-element elementor-element-d9830b0 elementor-section-boxed elementor-section-height-default elementor-section-height-default\" data-id=\"d9830b0\" data-element_type=\"section\" data-e-type=\"section\">\n\t\t\t\t\t\t<div class=\"elementor-container elementor-column-gap-default\">\n\t\t\t\t\t<div class=\"elementor-column elementor-col-100 elementor-top-column elementor-element elementor-element-63986b3\" data-id=\"63986b3\" data-element_type=\"column\" data-e-type=\"column\">\n\t\t\t<div class=\"elementor-widget-wrap elementor-element-populated\">\n\t\t\t\t\t\t<div class=\"elementor-element elementor-element-6a6f395 elementor-widget elementor-widget-text-editor\" data-id=\"6a6f395\" data-element_type=\"widget\" data-e-type=\"widget\" data-widget_type=\"text-editor.default\">\n\t\t\t\t\t\t\t\t\t<p><span style=\"color: #444444; font-family: 'Source Sans Pro', sans-serif; font-size: 12pt; background-color: var(--ak-bg-color);\">\u201cTemor Cre\u00edble\u201d es una situaci\u00f3n que un migrante puede invocar para solicitar asilo en Estados Unidos, en caso de que su integridad f\u00edsica est\u00e9 en peligro en Guatemala. Al usar este argumento es obligatorio demostrar claramente que se encuentra bajo una persecuci\u00f3n en su pa\u00eds por motivos de raza, religi\u00f3n, nacionalidad, pertenencia a un grupo social o posturas pol\u00edticas.<\/span><\/p><p><span style=\"background-color: var(--ak-bg-color);\"><span style=\"color: #444444; font-family: Source Sans Pro, sans-serif;\">Esto quiere decir que en caso de ser deportada esa persona puede enfrentar riesgo de ser encarcelado, torturado o incluso asesinado, seg\u00fan informa el Servicio de Inmigraci\u00f3n y Naturalizaci\u00f3n de Estados Unidos. (USCIS, por sus siglas en ingl\u00e9s). Por lo tanto, se investiga con rigor si la persona tiene un temor real y fundamentado o no.<\/span><\/span><span style=\"color: #444444; font-family: 'Source Sans Pro', sans-serif; font-size: 12pt; background-color: var(--ak-bg-color);\">\u00a0<\/span><\/p><p style=\"margin-bottom: 12pt; line-height: normal; background-image: initial; background-position: initial; background-size: initial; background-repeat: initial; background-attachment: initial; background-origin: initial; background-clip: initial;\">\u00a0<\/p>\t\t\t\t\t\t\t\t<\/div>\n\t\t\t\t\t<\/div>\n\t\t<\/div>\n\t\t\t\t\t<\/div>\n\t\t<\/section>\n\t\t\t\t<section data-particle_enable=\"false\" data-particle-mobile-disabled=\"false\" class=\"elementor-section elementor-top-section elementor-element elementor-element-a85e73a elementor-section-boxed elementor-section-height-default elementor-section-height-default\" data-id=\"a85e73a\" data-element_type=\"section\" data-e-type=\"section\">\n\t\t\t\t\t\t<div class=\"elementor-container elementor-column-gap-default\">\n\t\t\t\t\t<div class=\"elementor-column elementor-col-100 elementor-top-column elementor-element elementor-element-13075b2\" data-id=\"13075b2\" data-element_type=\"column\" data-e-type=\"column\">\n\t\t\t<div class=\"elementor-widget-wrap elementor-element-populated\">\n\t\t\t\t\t\t<div class=\"elementor-element elementor-element-9575edf elementor-widget elementor-widget-image\" data-id=\"9575edf\" data-element_type=\"widget\" data-e-type=\"widget\" data-widget_type=\"image.default\">\n\t\t\t\t\t\t\t\t\t\t\t\t<figure class=\"wp-caption\">\n\t\t\t\t\t\t\t\t\t\t<img fetchpriority=\"high\" decoding=\"async\" width=\"1024\" height=\"768\" src=\"https:\/\/soymigrante.com\/revista\/wp-content\/uploads\/2023\/06\/20230329_112156-1024x768.webp\" class=\"attachment-large size-large wp-image-1604\" alt=\"Pintura de Nan Cuz, artista guatemalteca nacida en Senah\u00fa, Alta Verapaz (1927-2019)\" srcset=\"https:\/\/soymigrante.com\/revista\/wp-content\/uploads\/2023\/06\/20230329_112156-1024x768.webp 1024w, https:\/\/soymigrante.com\/revista\/wp-content\/uploads\/2023\/06\/20230329_112156-300x225.webp 300w, https:\/\/soymigrante.com\/revista\/wp-content\/uploads\/2023\/06\/20230329_112156-768x576.webp 768w, https:\/\/soymigrante.com\/revista\/wp-content\/uploads\/2023\/06\/20230329_112156-1536x1152.webp 1536w, https:\/\/soymigrante.com\/revista\/wp-content\/uploads\/2023\/06\/20230329_112156-scaled.webp 1920w, https:\/\/soymigrante.com\/revista\/wp-content\/uploads\/2023\/06\/20230329_112156-750x563.webp 750w, https:\/\/soymigrante.com\/revista\/wp-content\/uploads\/2023\/06\/20230329_112156-1140x855.webp 1140w\" sizes=\"(max-width: 1024px) 100vw, 1024px\" title=\"Pintura de Nan Cuz, artista guatemalteca nacida en Senah\u00fa, Alta Verapaz (1927-2019) \u2013 SoyMigrante.com REVISTA\" \/>\t\t\t\t\t\t\t\t\t\t\t<figcaption class=\"widget-image-caption wp-caption-text\">Pintura de Nan Cuz, artista guatemalteca nacida en Senah\u00fa, Alta Verapaz (1927-2019)<\/figcaption>\n\t\t\t\t\t\t\t\t\t\t<\/figure>\n\t\t\t\t\t\t\t\t\t<\/div>\n\t\t\t\t\t<\/div>\n\t\t<\/div>\n\t\t\t\t\t<\/div>\n\t\t<\/section>\n\t\t\t\t<section data-particle_enable=\"false\" data-particle-mobile-disabled=\"false\" class=\"elementor-section elementor-top-section elementor-element elementor-element-783cc5b elementor-section-boxed elementor-section-height-default elementor-section-height-default\" data-id=\"783cc5b\" data-element_type=\"section\" data-e-type=\"section\">\n\t\t\t\t\t\t<div class=\"elementor-container elementor-column-gap-default\">\n\t\t\t\t\t<div class=\"elementor-column elementor-col-100 elementor-top-column elementor-element elementor-element-2dba499\" data-id=\"2dba499\" data-element_type=\"column\" data-e-type=\"column\">\n\t\t\t<div class=\"elementor-widget-wrap elementor-element-populated\">\n\t\t\t\t\t\t<div class=\"elementor-element elementor-element-cf35d69 elementor-widget elementor-widget-heading\" data-id=\"cf35d69\" data-element_type=\"widget\" data-e-type=\"widget\" data-widget_type=\"heading.default\">\n\t\t\t\t\t<h2 class=\"elementor-heading-title elementor-size-default\">Petici\u00f3n formal de asilo es clave<\/h2>\t\t\t\t<\/div>\n\t\t\t\t\t<\/div>\n\t\t<\/div>\n\t\t\t\t\t<\/div>\n\t\t<\/section>\n\t\t\t\t<section data-particle_enable=\"false\" data-particle-mobile-disabled=\"false\" class=\"elementor-section elementor-top-section elementor-element elementor-element-cd97e04 elementor-section-boxed elementor-section-height-default elementor-section-height-default\" data-id=\"cd97e04\" data-element_type=\"section\" data-e-type=\"section\">\n\t\t\t\t\t\t<div class=\"elementor-container elementor-column-gap-default\">\n\t\t\t\t\t<div class=\"elementor-column elementor-col-100 elementor-top-column elementor-element elementor-element-c61a11f\" data-id=\"c61a11f\" data-element_type=\"column\" data-e-type=\"column\">\n\t\t\t<div class=\"elementor-widget-wrap elementor-element-populated\">\n\t\t\t\t\t\t<div class=\"elementor-element elementor-element-d5f9c6e elementor-widget elementor-widget-text-editor\" data-id=\"d5f9c6e\" data-element_type=\"widget\" data-e-type=\"widget\" data-widget_type=\"text-editor.default\">\n\t\t\t\t\t\t\t\t\t<p><span style=\"color: var( --e-global-color-text ); background-color: var(--ak-bg-color);\">Si usted est\u00e1 en procesos expeditos de remoci\u00f3n y se determina que usted posee un temor cre\u00edble de persecuci\u00f3n o tortura, deber\u00e1 solicitar asilo ante un juez de inmigraci\u00f3n, un oficial de inmigraci\u00f3n del departamento de Ciudadan\u00eda y Naturalizaci\u00f3n, USCIS o un juez de la Oficina Ejecutiva para Revisi\u00f3n de Casos de Inmigraci\u00f3n (EOIR) del Departamento de Justicia.<\/span><\/p><p>Si el oficial de asilo considera que no aplica su argumento de \u201ctemor cre\u00edble\u201d, se puede pedir que un juez revise dicha resoluci\u00f3n. De no hacerlo, el caso seguir\u00e1 su curso y el Servicio de Inmigraci\u00f3n y control de Aduanas (ICE) puede expulsarlo de EE.UU.\u00a0<\/p><p>Todo migrante indocumentado detenido por oficiales\u00a0 de Aduanas y Protecci\u00f3n Fronteriza (Homeland Security), est\u00e1 sujeto a una remoci\u00f3n o deportaci\u00f3n expedita. Sin embargo, si re\u00fane las caracter\u00edsticas de temor cre\u00edble puede pedir asilo.\u00a0 Debe decirlo claramente al oficial y las razones por las cuales est\u00e1 huyendo.<\/p><p>Debe decir claramente\u00a0 que tiene la intenci\u00f3n de solicitar asilo; que teme persecuci\u00f3n o tortura y que tiene miedo de volver a su pa\u00eds. El Departamento de Homeland Security recibir\u00e1 la informaci\u00f3n sobre el proceso de asilo bajo temor cre\u00edble, pero podr\u00eda detener a la persona en el tiempo que se realice la gesti\u00f3n.<\/p><div>\u00a0<\/div>\t\t\t\t\t\t\t\t<\/div>\n\t\t\t\t\t<\/div>\n\t\t<\/div>\n\t\t\t\t\t<\/div>\n\t\t<\/section>\n\t\t\t\t<section data-particle_enable=\"false\" data-particle-mobile-disabled=\"false\" class=\"elementor-section elementor-top-section elementor-element elementor-element-0d2e77f elementor-section-boxed elementor-section-height-default elementor-section-height-default\" data-id=\"0d2e77f\" data-element_type=\"section\" data-e-type=\"section\">\n\t\t\t\t\t\t<div class=\"elementor-container elementor-column-gap-default\">\n\t\t\t\t\t<div class=\"elementor-column elementor-col-100 elementor-top-column elementor-element elementor-element-33d43c8\" data-id=\"33d43c8\" data-element_type=\"column\" data-e-type=\"column\">\n\t\t\t<div class=\"elementor-widget-wrap elementor-element-populated\">\n\t\t\t\t\t\t<div class=\"elementor-element elementor-element-6033d3f elementor-widget elementor-widget-video\" data-id=\"6033d3f\" data-element_type=\"widget\" data-e-type=\"widget\" data-settings=\"{&quot;youtube_url&quot;:&quot;https:\\\/\\\/www.youtube.com\\\/watch?v=0mlu9vtA-wA&quot;,&quot;video_type&quot;:&quot;youtube&quot;,&quot;controls&quot;:&quot;yes&quot;}\" data-widget_type=\"video.default\">\n\t\t\t\t\t\t\t<div class=\"elementor-wrapper elementor-open-inline\">\n\t\t\t<div class=\"elementor-video\"><\/div>\t\t<\/div>\n\t\t\t\t\t\t<\/div>\n\t\t\t\t\t<\/div>\n\t\t<\/div>\n\t\t\t\t\t<\/div>\n\t\t<\/section>\n\t\t\t\t<section data-particle_enable=\"false\" data-particle-mobile-disabled=\"false\" class=\"elementor-section elementor-top-section elementor-element elementor-element-56ac240 elementor-section-boxed elementor-section-height-default elementor-section-height-default\" data-id=\"56ac240\" data-element_type=\"section\" data-e-type=\"section\">\n\t\t\t\t\t\t<div class=\"elementor-container elementor-column-gap-default\">\n\t\t\t\t\t<div class=\"elementor-column elementor-col-100 elementor-top-column elementor-element elementor-element-0a39fc4\" data-id=\"0a39fc4\" data-element_type=\"column\" data-e-type=\"column\">\n\t\t\t<div class=\"elementor-widget-wrap elementor-element-populated\">\n\t\t\t\t\t\t<div class=\"elementor-element elementor-element-2954095 elementor-widget elementor-widget-heading\" data-id=\"2954095\" data-element_type=\"widget\" data-e-type=\"widget\" data-widget_type=\"heading.default\">\n\t\t\t\t\t<h2 class=\"elementor-heading-title elementor-size-default\">Lo que el migrante puede recibir o no<\/h2>\t\t\t\t<\/div>\n\t\t\t\t\t<\/div>\n\t\t<\/div>\n\t\t\t\t\t<\/div>\n\t\t<\/section>\n\t\t\t\t<section data-particle_enable=\"false\" data-particle-mobile-disabled=\"false\" class=\"elementor-section elementor-top-section elementor-element elementor-element-6c02c7d elementor-section-boxed elementor-section-height-default elementor-section-height-default\" data-id=\"6c02c7d\" data-element_type=\"section\" data-e-type=\"section\">\n\t\t\t\t\t\t<div class=\"elementor-container elementor-column-gap-default\">\n\t\t\t\t\t<div class=\"elementor-column elementor-col-100 elementor-top-column elementor-element elementor-element-dd7dff5\" data-id=\"dd7dff5\" data-element_type=\"column\" data-e-type=\"column\">\n\t\t\t<div class=\"elementor-widget-wrap elementor-element-populated\">\n\t\t\t\t\t\t<div class=\"elementor-element elementor-element-59c3b8d elementor-widget elementor-widget-text-editor\" data-id=\"59c3b8d\" data-element_type=\"widget\" data-e-type=\"widget\" data-widget_type=\"text-editor.default\">\n\t\t\t\t\t\t\t\t\t<ul><li><span style=\"font-size: 12pt; background-color: var(--ak-bg-color);\">Un<\/span><span style=\"background-color: var(--ak-bg-color);\"><span style=\"color: #444444; font-family: Source Sans Pro, sans-serif;\">\u00a0migrante que solicita asilo bajo argumento de temor cre\u00edble\u00a0 puede recibir<\/span><\/span><\/li><li><span style=\"color: #444444; font-family: Source Sans Pro, sans-serif;\">Orientaci\u00f3n acerca del proceso legal a segui<\/span><\/li><li><span style=\"color: #444444; font-family: 'Source Sans Pro', sans-serif; background-color: var(--ak-bg-color);\">Una lista de proveedores de servicios legales a bajo costo o gratuitos.\u00a0<\/span><\/li><li><span style=\"color: #444444; font-family: 'Source Sans Pro', sans-serif; background-color: var(--ak-bg-color);\">Podr\u00eda haber una espera de hasta 48 horas bajo detenci\u00f3n antes de que se realice la entrevista con el oficial de asilo<\/span><\/li><\/ul><p><span style=\"background-color: var(--ak-bg-color); color: #444444; font-family: 'Source Sans Pro', sans-serif;\">Pero tambi\u00e9n se debe tomar en cuenta lo siguiente:<\/span><\/p><ul><li><span style=\"background-color: var(--ak-bg-color); color: #444444; font-family: 'Source Sans Pro', sans-serif;\">No existen prohibiciones fijadas para el asilo y suspensi\u00f3n de deportaci\u00f3n. El oficial de asilo toma la declaraci\u00f3n pero no es quien toma la decisi\u00f3n final, pues esta quedar\u00e1 en manos de un juez de inmigraci\u00f3n, ante el cual se deben repetir la petici\u00f3n y los argumentos de temor cre\u00edble.<\/span><\/li><li>Tampoco se conceder\u00e1 asilo o exenci\u00f3n de deportaci\u00f3n a aquella persona que diga tener miedo, pero que antes ha perseguido a otros por cuesti\u00f3n de raza, religi\u00f3n, nacionalidad, opiniones pol\u00edticas o pertenencia a un grupo social.\u00a0<\/li><li>No se le otorga a quien haya cometidos delitos antes de llegar a Estados Unidos, ni a quienes hayan estado involucrado o hayan incitado o apoyado actos o grupos terroristas.\u00a0<\/li><li>Si el oficial de asilo determina, despu\u00e9s de la entrevista que una persona tiene temor cre\u00edble de persecuci\u00f3n o tortura, referir\u00e1 el caso a otro oficial, quien podr\u00e1 retener o considerar la solicitud para una segunda entrevista. Despu\u00e9s vendr\u00eda una notificaci\u00f3n de audiencia ante un juez, para lo cual deber\u00eda presentar el Formulario I-589, Solicitud de Asilo y Suspensi\u00f3n de Remoci\u00f3n.<\/li><\/ul><ul><li><a href=\"https:\/\/www.uscis.gov\/es\/i-589\">Formulario I-589 e instrucciones del Servicio de Naturalizaci\u00f3n y Ciudadan\u00eda, USCIS<\/a><\/li><\/ul>\t\t\t\t\t\t\t\t<\/div>\n\t\t\t\t\t<\/div>\n\t\t<\/div>\n\t\t\t\t\t<\/div>\n\t\t<\/section>\n\t\t\t\t<section data-particle_enable=\"false\" data-particle-mobile-disabled=\"false\" class=\"elementor-section elementor-top-section elementor-element elementor-element-09771c3 elementor-section-boxed elementor-section-height-default elementor-section-height-default\" data-id=\"09771c3\" data-element_type=\"section\" data-e-type=\"section\">\n\t\t\t\t\t\t<div class=\"elementor-container elementor-column-gap-default\">\n\t\t\t\t\t<div class=\"elementor-column elementor-col-100 elementor-top-column elementor-element elementor-element-ff41eaa\" data-id=\"ff41eaa\" data-element_type=\"column\" data-e-type=\"column\">\n\t\t\t<div class=\"elementor-widget-wrap elementor-element-populated\">\n\t\t\t\t\t\t<div class=\"elementor-element elementor-element-5768be1 elementor-widget elementor-widget-image\" data-id=\"5768be1\" data-element_type=\"widget\" data-e-type=\"widget\" data-widget_type=\"image.default\">\n\t\t\t\t\t\t\t\t\t\t\t\t<figure class=\"wp-caption\">\n\t\t\t\t\t\t\t\t\t\t<img decoding=\"async\" width=\"1024\" height=\"768\" src=\"https:\/\/soymigrante.com\/revista\/wp-content\/uploads\/2023\/06\/WhatsApp-Image-2023-06-26-at-12.56.36-PM-1024x768.webp\" class=\"attachment-large size-large wp-image-1607\" alt=\"Pintura de Nan Cuz, artista guatemalteca originaria de Senah\u00fa, Alta Verapaz (1927-2019)\" srcset=\"https:\/\/soymigrante.com\/revista\/wp-content\/uploads\/2023\/06\/WhatsApp-Image-2023-06-26-at-12.56.36-PM-1024x768.webp 1024w, https:\/\/soymigrante.com\/revista\/wp-content\/uploads\/2023\/06\/WhatsApp-Image-2023-06-26-at-12.56.36-PM-300x225.webp 300w, https:\/\/soymigrante.com\/revista\/wp-content\/uploads\/2023\/06\/WhatsApp-Image-2023-06-26-at-12.56.36-PM-768x576.webp 768w, https:\/\/soymigrante.com\/revista\/wp-content\/uploads\/2023\/06\/WhatsApp-Image-2023-06-26-at-12.56.36-PM-1536x1152.webp 1536w, https:\/\/soymigrante.com\/revista\/wp-content\/uploads\/2023\/06\/WhatsApp-Image-2023-06-26-at-12.56.36-PM-750x563.webp 750w, https:\/\/soymigrante.com\/revista\/wp-content\/uploads\/2023\/06\/WhatsApp-Image-2023-06-26-at-12.56.36-PM-1140x855.webp 1140w, https:\/\/soymigrante.com\/revista\/wp-content\/uploads\/2023\/06\/WhatsApp-Image-2023-06-26-at-12.56.36-PM.webp 1600w\" sizes=\"(max-width: 1024px) 100vw, 1024px\" title=\"Pintura de Nan Cuz, artista guatemalteca originaria de Senah\u00fa, Alta Verapaz (1927-2019) \u2013 SoyMigrante.com REVISTA\" \/>\t\t\t\t\t\t\t\t\t\t\t<figcaption class=\"widget-image-caption wp-caption-text\">Pintura de Nan Cuz, artista guatemalteca originaria de Senah\u00fa, Alta Verapaz (1927-2019)<\/figcaption>\n\t\t\t\t\t\t\t\t\t\t<\/figure>\n\t\t\t\t\t\t\t\t\t<\/div>\n\t\t\t\t\t<\/div>\n\t\t<\/div>\n\t\t\t\t\t<\/div>\n\t\t<\/section>\n\t\t\t\t<section data-particle_enable=\"false\" data-particle-mobile-disabled=\"false\" class=\"elementor-section elementor-top-section elementor-element elementor-element-3f465a1 elementor-section-boxed elementor-section-height-default elementor-section-height-default\" data-id=\"3f465a1\" data-element_type=\"section\" data-e-type=\"section\">\n\t\t\t\t\t\t<div class=\"elementor-container elementor-column-gap-default\">\n\t\t\t\t\t<div class=\"elementor-column elementor-col-100 elementor-top-column elementor-element elementor-element-4fbd49d\" data-id=\"4fbd49d\" data-element_type=\"column\" data-e-type=\"column\">\n\t\t\t<div class=\"elementor-widget-wrap elementor-element-populated\">\n\t\t\t\t\t\t<div class=\"elementor-element elementor-element-531adfe elementor-widget elementor-widget-heading\" data-id=\"531adfe\" data-element_type=\"widget\" data-e-type=\"widget\" data-widget_type=\"heading.default\">\n\t\t\t\t\t<h4 class=\"elementor-heading-title elementor-size-default\">Nota: cada caso de proceso migratorio o de solicitud de asilo en Estados Unidos es \u00fanico: solo un juez puede dar una resoluci\u00f3n final. La informaci\u00f3n proviene del sitio de USCIS y se traslada como un aporte pero no condiciona, asegura ni garantiza una resoluci\u00f3n favorable, pues ello depende de las circunstancias y antecedentes de cada persona y proceso.<br><\/h4>\t\t\t\t<\/div>\n\t\t\t\t\t<\/div>\n\t\t<\/div>\n\t\t\t\t\t<\/div>\n\t\t<\/section>\n\t\t\t\t<\/div>\n\t\t","protected":false},"excerpt":{"rendered":"<p>Solicitar asilo por un &#8220;temor cre\u00edble&#8221; es un recurso migrante que necesita una demostraci\u00f3n con pruebas de tal situaci\u00f3n. Si no se prueba, el pedido es desechado \u201cTemor Cre\u00edble\u201d es una situaci\u00f3n que un migrante puede invocar para solicitar asilo en Estados Unidos, en caso de que su integridad f\u00edsica est\u00e9 en peligro en Guatemala. [&hellip;]<\/p>\n","protected":false},"author":7,"featured_media":1606,"comment_status":"open","ping_status":"open","sticky":false,"template":"","format":"standard","meta":{"_acf_changed":false,"_eb_attr":"","footnotes":""},"categories":[59],"tags":[],"class_list":["post-1603","post","type-post","status-publish","format-standard","has-post-thumbnail","hentry","category-recursos-migratorios"],"acf":[],"aioseo_notices":[],"aioseo_head":"\n\t\t<!-- All in One SEO Pro 4.9.6.2 - aioseo.com -->\n\t<meta name=\"description\" content=\"Solicitar asilo por un &quot;temor cre\u00edble&quot; es un recurso migrante que necesita una demostraci\u00f3n con pruebas de tal situaci\u00f3n. Si no se prueba, el pedido es desechado \u201cTemor Cre\u00edble\u201d es una situaci\u00f3n que un migrante puede invocar para solicitar asilo en Estados Unidos, en caso de que su integridad f\u00edsica est\u00e9 en peligro en Guatemala.\" \/>\n\t<meta name=\"robots\" content=\"max-snippet:-1, max-image-preview:large, max-video-preview:-1\" \/>\n\t<meta name=\"author\" content=\"Gustavo Montenegro\"\/>\n\t<link rel=\"canonical\" href=\"https:\/\/soymigrante.com\/revista\/temor-creible-y-cuando-aplica-para-que-un-migrante-pida-asilo\/\" \/>\n\t<meta name=\"generator\" content=\"All in One SEO Pro (AIOSEO) 4.9.6.2\" \/>\n\n\t\t<link rel=\"preconnect\" href=\"https:\/\/fonts.googleapis.com\" crossorigin>\n<link rel=\"preconnect\" href=\"https:\/\/fonts.gstatic.com\" crossorigin>\n\t\t<meta property=\"og:locale\" content=\"es_ES\" \/>\n\t\t<meta property=\"og:site_name\" content=\"SoyMigrante.com REVISTA \u2013 Nuestra misi\u00f3n es reconocer y dignificar al migrante.\" \/>\n\t\t<meta property=\"og:type\" content=\"article\" \/>\n\t\t<meta property=\"og:title\" content=\"\u00bfQu\u00e9 es Temor Cre\u00edble y cu\u00e1ndo aplica para que un migrante pida asilo?\" \/>\n\t\t<meta property=\"og:description\" content=\"Solicitar asilo por un &quot;temor cre\u00edble&quot; es un recurso migrante que necesita una demostraci\u00f3n con pruebas de tal situaci\u00f3n. Si no se prueba, el pedido es desechado \u201cTemor Cre\u00edble\u201d es una situaci\u00f3n que un migrante puede invocar para solicitar asilo en Estados Unidos, en caso de que su integridad f\u00edsica est\u00e9 en peligro en Guatemala.\" \/>\n\t\t<meta property=\"og:url\" content=\"https:\/\/soymigrante.com\/revista\/temor-creible-y-cuando-aplica-para-que-un-migrante-pida-asilo\/\" \/>\n\t\t<meta property=\"og:image\" content=\"https:\/\/soymigrante.com\/revista\/wp-content\/uploads\/2023\/06\/WhatsApp-Image-2023-06-26-at-12.56.36-PM-1.webp\" \/>\n\t\t<meta property=\"og:image:secure_url\" content=\"https:\/\/soymigrante.com\/revista\/wp-content\/uploads\/2023\/06\/WhatsApp-Image-2023-06-26-at-12.56.36-PM-1.webp\" \/>\n\t\t<meta property=\"og:image:width\" content=\"1600\" \/>\n\t\t<meta property=\"og:image:height\" content=\"1200\" \/>\n\t\t<meta property=\"article:published_time\" content=\"2023-06-26T19:37:50+00:00\" \/>\n\t\t<meta property=\"article:modified_time\" content=\"2024-07-31T19:06:39+00:00\" \/>\n\t\t<meta property=\"article:publisher\" content=\"https:\/\/www.facebook.com\/soymigrantecom\" \/>\n\t\t<meta name=\"twitter:card\" content=\"summary_large_image\" \/>\n\t\t<meta name=\"twitter:site\" content=\"@SoyMigrante_com\" \/>\n\t\t<meta name=\"twitter:title\" content=\"\u00bfQu\u00e9 es Temor Cre\u00edble y cu\u00e1ndo aplica para que un migrante pida asilo?\" \/>\n\t\t<meta name=\"twitter:description\" content=\"Solicitar asilo por un &quot;temor cre\u00edble&quot; es un recurso migrante que necesita una demostraci\u00f3n con pruebas de tal situaci\u00f3n. Si no se prueba, el pedido es desechado \u201cTemor Cre\u00edble\u201d es una situaci\u00f3n que un migrante puede invocar para solicitar asilo en Estados Unidos, en caso de que su integridad f\u00edsica est\u00e9 en peligro en Guatemala.\" \/>\n\t\t<meta name=\"twitter:creator\" content=\"@SoyMigrante_com\" \/>\n\t\t<meta name=\"twitter:image\" content=\"https:\/\/soymigrante.com\/revista\/wp-content\/uploads\/2023\/06\/WhatsApp-Image-2023-06-26-at-12.56.36-PM-1.webp\" \/>\n\t\t<!-- All in One SEO Pro -->\r\n\t\t<title>\u00bfQu\u00e9 es Temor Cre\u00edble y cu\u00e1ndo aplica para que un migrante pida asilo?<\/title>\n\n","aioseo_head_json":{"title":"\u00bfQu\u00e9 es Temor Cre\u00edble y cu\u00e1ndo aplica para que un migrante pida asilo?","description":"Solicitar asilo por un \"temor cre\u00edble\" es un recurso migrante que necesita una demostraci\u00f3n con pruebas de tal situaci\u00f3n. Si no se prueba, el pedido es desechado \u201cTemor Cre\u00edble\u201d es una situaci\u00f3n que un migrante puede invocar para solicitar asilo en Estados Unidos, en caso de que su integridad f\u00edsica est\u00e9 en peligro en Guatemala.","canonical_url":"https:\/\/soymigrante.com\/revista\/temor-creible-y-cuando-aplica-para-que-un-migrante-pida-asilo\/","robots":"max-snippet:-1, max-image-preview:large, max-video-preview:-1","keywords":"","webmasterTools":{"miscellaneous":"&lt;link rel=\"preconnect\" href=\"https:\/\/fonts.googleapis.com\" crossorigin&gt;\n&lt;link rel=\"preconnect\" href=\"https:\/\/fonts.gstatic.com\" crossorigin&gt;"},"schema":null,"og:locale":"es_ES","og:site_name":"SoyMigrante.com REVISTA \u2013 Nuestra misi\u00f3n es reconocer y dignificar al migrante.","og:type":"article","og:title":"\u00bfQu\u00e9 es Temor Cre\u00edble y cu\u00e1ndo aplica para que un migrante pida asilo?","og:description":"Solicitar asilo por un &quot;temor cre\u00edble&quot; es un recurso migrante que necesita una demostraci\u00f3n con pruebas de tal situaci\u00f3n. Si no se prueba, el pedido es desechado \u201cTemor Cre\u00edble\u201d es una situaci\u00f3n que un migrante puede invocar para solicitar asilo en Estados Unidos, en caso de que su integridad f\u00edsica est\u00e9 en peligro en Guatemala.","og:url":"https:\/\/soymigrante.com\/revista\/temor-creible-y-cuando-aplica-para-que-un-migrante-pida-asilo\/","og:image":"https:\/\/soymigrante.com\/revista\/wp-content\/uploads\/2023\/06\/WhatsApp-Image-2023-06-26-at-12.56.36-PM-1.webp","og:image:secure_url":"https:\/\/soymigrante.com\/revista\/wp-content\/uploads\/2023\/06\/WhatsApp-Image-2023-06-26-at-12.56.36-PM-1.webp","og:image:width":1600,"og:image:height":1200,"article:published_time":"2023-06-26T19:37:50+00:00","article:modified_time":"2024-07-31T19:06:39+00:00","article:publisher":"https:\/\/www.facebook.com\/soymigrantecom","twitter:card":"summary_large_image","twitter:site":"@SoyMigrante_com","twitter:title":"\u00bfQu\u00e9 es Temor Cre\u00edble y cu\u00e1ndo aplica para que un migrante pida asilo?","twitter:description":"Solicitar asilo por un &quot;temor cre\u00edble&quot; es un recurso migrante que necesita una demostraci\u00f3n con pruebas de tal situaci\u00f3n. Si no se prueba, el pedido es desechado \u201cTemor Cre\u00edble\u201d es una situaci\u00f3n que un migrante puede invocar para solicitar asilo en Estados Unidos, en caso de que su integridad f\u00edsica est\u00e9 en peligro en Guatemala.","twitter:creator":"@SoyMigrante_com","twitter:image":"https:\/\/soymigrante.com\/revista\/wp-content\/uploads\/2023\/06\/WhatsApp-Image-2023-06-26-at-12.56.36-PM-1.webp"},"aioseo_meta_data":{"post_id":"1603","title":null,"description":null,"keywords":[],"keyphrases":{"focus":{"keyphrase":"Migrante","score":91,"analysis":{"keyphraseInTitle":{"score":9,"maxScore":9,"error":0},"keyphraseInDescription":{"score":9,"maxScore":9,"error":0},"keyphraseLength":{"score":9,"maxScore":9,"error":0,"length":1},"keyphraseInURL":{"score":5,"maxScore":5,"error":0},"keyphraseInIntroduction":{"score":9,"maxScore":9,"error":0},"keyphraseInSubHeadings":{"score":9,"maxScore":9,"error":0},"keyphraseInImageAlt":{"score":3,"maxScore":9,"error":1},"keywordDensity":{"type":"best","score":9,"maxScore":9,"error":0}}},"additional":[]},"primary_term":null,"canonical_url":null,"og_title":null,"og_description":null,"og_object_type":"default","og_image_type":"default","og_image_url":null,"og_image_width":null,"og_image_height":null,"og_image_custom_url":null,"og_image_custom_fields":null,"og_video":"","og_custom_url":null,"og_article_section":null,"og_article_tags":[],"twitter_use_og":false,"twitter_card":"default","twitter_image_type":"default","twitter_image_url":null,"twitter_image_custom_url":null,"twitter_image_custom_fields":null,"twitter_title":null,"twitter_description":null,"schema":{"blockGraphs":[],"customGraphs":[],"default":{"data":{"Article":[],"Course":[],"Dataset":[],"FAQPage":[],"Movie":[],"Person":[],"Product":[],"ProductReview":[],"Car":[],"Recipe":[],"Service":[],"SoftwareApplication":[],"WebPage":[]},"graphName":"BlogPosting","isEnabled":true},"graphs":[]},"schema_type":"default","schema_type_options":null,"pillar_content":false,"robots_default":true,"robots_noindex":false,"robots_noarchive":false,"robots_nosnippet":false,"robots_nofollow":false,"robots_noimageindex":false,"robots_noodp":false,"robots_notranslate":false,"robots_max_snippet":"-1","robots_max_videopreview":"-1","robots_max_imagepreview":"large","priority":null,"frequency":"default","local_seo":null,"seo_analyzer_scan_date":"2025-10-08 20:00:10","breadcrumb_settings":null,"limit_modified_date":false,"reviewed_by":null,"open_ai":null,"ai":null,"created":"2023-08-18 13:52:14","updated":"2026-02-04 04:42:49"},"aioseo_breadcrumb":"<div class=\"aioseo-breadcrumbs\"><span class=\"aioseo-breadcrumb\">\n\t<a href=\"https:\/\/soymigrante.com\/revista\" title=\"Home\">Home<\/a>\n<\/span><span class=\"aioseo-breadcrumb-separator\">\u00bb<\/span><span class=\"aioseo-breadcrumb\">\n\t<a href=\"https:\/\/soymigrante.com\/revista\/category\/recursos-migratorios\/\" title=\"Recursos Migratorios\">Recursos Migratorios<\/a>\n<\/span><span class=\"aioseo-breadcrumb-separator\">\u00bb<\/span><span class=\"aioseo-breadcrumb\">\n\t\u00bfQu\u00e9 es Temor Cre\u00edble y cu\u00e1ndo aplica para que un migrante pida asilo?\n<\/span><\/div>","aioseo_breadcrumb_json":[{"label":"Home","link":"https:\/\/soymigrante.com\/revista"},{"label":"Recursos Migratorios","link":"https:\/\/soymigrante.com\/revista\/category\/recursos-migratorios\/"},{"label":"\u00bfQu\u00e9 es Temor Cre\u00edble y cu\u00e1ndo aplica para que un migrante pida asilo?","link":"https:\/\/soymigrante.com\/revista\/temor-creible-y-cuando-aplica-para-que-un-migrante-pida-asilo\/"}],"_links":{"self":[{"href":"https:\/\/soymigrante.com\/revista\/wp-json\/wp\/v2\/posts\/1603","targetHints":{"allow":["GET"]}}],"collection":[{"href":"https:\/\/soymigrante.com\/revista\/wp-json\/wp\/v2\/posts"}],"about":[{"href":"https:\/\/soymigrante.com\/revista\/wp-json\/wp\/v2\/types\/post"}],"author":[{"embeddable":true,"href":"https:\/\/soymigrante.com\/revista\/wp-json\/wp\/v2\/users\/7"}],"replies":[{"embeddable":true,"href":"https:\/\/soymigrante.com\/revista\/wp-json\/wp\/v2\/comments?post=1603"}],"version-history":[{"count":0,"href":"https:\/\/soymigrante.com\/revista\/wp-json\/wp\/v2\/posts\/1603\/revisions"}],"wp:featuredmedia":[{"embeddable":true,"href":"https:\/\/soymigrante.com\/revista\/wp-json\/wp\/v2\/media\/1606"}],"wp:attachment":[{"href":"https:\/\/soymigrante.com\/revista\/wp-json\/wp\/v2\/media?parent=1603"}],"wp:term":[{"taxonomy":"category","embeddable":true,"href":"https:\/\/soymigrante.com\/revista\/wp-json\/wp\/v2\/categories?post=1603"},{"taxonomy":"post_tag","embeddable":true,"href":"https:\/\/soymigrante.com\/revista\/wp-json\/wp\/v2\/tags?post=1603"}],"curies":[{"name":"wp","href":"https:\/\/api.w.org\/{rel}","templated":true}]}}