{"id":15968,"date":"2024-12-11T05:00:00","date_gmt":"2024-12-11T11:00:00","guid":{"rendered":"https:\/\/soymigrante.com\/revista\/?p=15968"},"modified":"2025-10-07T11:40:52","modified_gmt":"2025-10-07T17:40:52","slug":"cafe-de-guatemala-y-sus-10-regiones-de-cultivo-cada-una-con-sabor-y-aroma-propio","status":"publish","type":"post","link":"https:\/\/soymigrante.com\/revista\/cafe-de-guatemala-y-sus-10-regiones-de-cultivo-cada-una-con-sabor-y-aroma-propio\/","title":{"rendered":"Caf\u00e9 de Guatemala y sus 10 regiones de cultivo, cada una con  sabor y aroma propio"},"content":{"rendered":"\t\t<div data-elementor-type=\"wp-post\" data-elementor-id=\"15968\" class=\"elementor elementor-15968\" data-elementor-post-type=\"post\">\n\t\t\t\t<div data-particle_enable=\"false\" data-particle-mobile-disabled=\"false\" class=\"elementor-element elementor-element-68d4d15 e-flex e-con-boxed e-con e-parent\" data-id=\"68d4d15\" data-element_type=\"container\" data-e-type=\"container\">\n\t\t\t\t\t<div class=\"e-con-inner\">\n\t\t\t\t<div class=\"elementor-element elementor-element-a03fde5 elementor-widget elementor-widget-heading\" data-id=\"a03fde5\" data-element_type=\"widget\" data-e-type=\"widget\" data-widget_type=\"heading.default\">\n\t\t\t\t\t<h2 class=\"elementor-heading-title elementor-size-default\">Los caf\u00e9s de Guatemala son reconocidos por sus sabores, que por la variedad de las regiones hay para todos los gustos.\n<\/h2>\t\t\t\t<\/div>\n\t\t\t\t\t<\/div>\n\t\t\t\t<\/div>\n\t\t<div data-particle_enable=\"false\" data-particle-mobile-disabled=\"false\" class=\"elementor-element elementor-element-ef359c4 e-flex e-con-boxed e-con e-parent\" data-id=\"ef359c4\" data-element_type=\"container\" data-e-type=\"container\">\n\t\t\t\t\t<div class=\"e-con-inner\">\n\t\t\t\t<div class=\"elementor-element elementor-element-61916a5 elementor-widget elementor-widget-text-editor\" data-id=\"61916a5\" data-element_type=\"widget\" data-e-type=\"widget\" data-widget_type=\"text-editor.default\">\n\t\t\t\t\t\t\t\t\t<p>Guatemala es conocida mundialmente por la calidad y diversidad de sus caf\u00e9s. <a href=\"https:\/\/soymigrante.com\/revista\/category\/guate-nuestra\/\" target=\"_blank\" rel=\"noopener\">Cada regi\u00f3n cafetalera del pa\u00eds ofrece perfiles \u00fanicos<\/a> que encantan a los paladares m\u00e1s exigentes.<\/p><p>A continuaci\u00f3n, exploramos <strong>10 regiones cafetaleras y sus caf\u00e9s<\/strong> distintivos, resaltando su acidez, sabor, aroma y color.<\/p>\t\t\t\t\t\t\t\t<\/div>\n\t\t\t\t\t<\/div>\n\t\t\t\t<\/div>\n\t\t<div data-particle_enable=\"false\" data-particle-mobile-disabled=\"false\" class=\"elementor-element elementor-element-bb8940e e-flex e-con-boxed e-con e-parent\" data-id=\"bb8940e\" data-element_type=\"container\" data-e-type=\"container\">\n\t\t\t\t\t<div class=\"e-con-inner\">\n\t\t\t\t<div class=\"elementor-element elementor-element-16dc015 elementor-widget elementor-widget-image\" data-id=\"16dc015\" data-element_type=\"widget\" data-e-type=\"widget\" data-widget_type=\"image.default\">\n\t\t\t\t\t\t\t\t\t\t\t\t<figure class=\"wp-caption\">\n\t\t\t\t\t\t\t\t\t\t<img fetchpriority=\"high\" decoding=\"async\" width=\"1024\" height=\"794\" src=\"https:\/\/soymigrante.com\/revista\/wp-content\/uploads\/2024\/06\/anacafe-regiones-1024x794.webp\" class=\"attachment-large size-large wp-image-6979\" alt=\"Mapa de la Asociaci\u00f3n Nacional del Caf\u00e9 de las 8 regiones de origen de caf\u00e9 de Guatemala. N\u00f3tese que todas, a excepci\u00f3n de Huehuetenango y Cob\u00e1n, se encuentran en la bocacosta. Sin embargo, tambi\u00e9n estan en \u00e1reas monta\u00f1osas.\" srcset=\"https:\/\/soymigrante.com\/revista\/wp-content\/uploads\/2024\/06\/anacafe-regiones-1024x794.webp 1024w, https:\/\/soymigrante.com\/revista\/wp-content\/uploads\/2024\/06\/anacafe-regiones-300x233.webp 300w, https:\/\/soymigrante.com\/revista\/wp-content\/uploads\/2024\/06\/anacafe-regiones-768x596.webp 768w, https:\/\/soymigrante.com\/revista\/wp-content\/uploads\/2024\/06\/anacafe-regiones-750x582.webp 750w, https:\/\/soymigrante.com\/revista\/wp-content\/uploads\/2024\/06\/anacafe-regiones-1140x884.webp 1140w, https:\/\/soymigrante.com\/revista\/wp-content\/uploads\/2024\/06\/anacafe-regiones.webp 1280w\" sizes=\"(max-width: 1024px) 100vw, 1024px\" title=\"Mapa de la Asociaci\u00f3n Nacional del Caf\u00e9 de las 8 regiones de origen de caf\u00e9 de Guatemala. N\u00f3tese que todas, a excepci\u00f3n de Huehuetenango y Cob\u00e1n, se encuentran en la bocacosta. Sin embargo, tambi\u00e9n estan en \u00e1reas monta\u00f1osas. \u2013 SoyMigrante.com REVISTA\" \/>\t\t\t\t\t\t\t\t\t\t\t<figcaption class=\"widget-image-caption wp-caption-text\">Mapa de la Asociaci\u00f3n Nacional del Caf\u00e9 de las 8 regiones de origen de caf\u00e9 de Guatemala. N\u00f3tese que todas, a excepci\u00f3n de Huehuetenango y Cob\u00e1n, se encuentran en la bocacosta. Sin embargo, tambi\u00e9n estan en \u00e1reas monta\u00f1osas.<\/figcaption>\n\t\t\t\t\t\t\t\t\t\t<\/figure>\n\t\t\t\t\t\t\t\t\t<\/div>\n\t\t\t\t\t<\/div>\n\t\t\t\t<\/div>\n\t\t<div data-particle_enable=\"false\" data-particle-mobile-disabled=\"false\" class=\"elementor-element elementor-element-e2d672d e-flex e-con-boxed e-con e-parent\" data-id=\"e2d672d\" data-element_type=\"container\" data-e-type=\"container\">\n\t\t\t\t\t<div class=\"e-con-inner\">\n\t\t\t\t<div class=\"elementor-element elementor-element-c01fdc8 elementor-widget elementor-widget-text-editor\" data-id=\"c01fdc8\" data-element_type=\"widget\" data-e-type=\"widget\" data-widget_type=\"text-editor.default\">\n\t\t\t\t\t\t\t\t\t<h3><strong>1. Antigua Guatemala<\/strong><\/h3>\n<p>Perfil:<br \/>&#8211; Acidez:Brillante y balanceada.<br \/>&#8211; Sabor: Notas de chocolate y frutos secos.<br \/>&#8211; Aroma: Dulce y especiado.<br \/>&#8211; Color: Oscuro y uniforme.<\/p>\n<p><a href=\"https:\/\/soymigrante.com\/revista\/category\/guate-nuestra\/\" target=\"_blank\" rel=\"noopener\">El caf\u00e9 de Antigua es uno de los m\u00e1s famosos del pa\u00eds<\/a>, gracias a su cultivo en suelos <strong>volc\u00e1nicos ricos en nutrientes.<\/strong><\/p>\t\t\t\t\t\t\t\t<\/div>\n\t\t\t\t\t<\/div>\n\t\t\t\t<\/div>\n\t\t<div data-particle_enable=\"false\" data-particle-mobile-disabled=\"false\" class=\"elementor-element elementor-element-326f802 e-flex e-con-boxed e-con e-parent\" data-id=\"326f802\" data-element_type=\"container\" data-e-type=\"container\">\n\t\t\t\t\t<div class=\"e-con-inner\">\n\t\t\t\t<div class=\"elementor-element elementor-element-0e88cbf elementor-widget elementor-widget-text-editor\" data-id=\"0e88cbf\" data-element_type=\"widget\" data-e-type=\"widget\" data-widget_type=\"text-editor.default\">\n\t\t\t\t\t\t\t\t\t<h3><strong>2. Atitl\u00e1n<\/strong><\/h3>\n<p>Perfil:<br \/>&#8211; Acidez: Viva y compleja.<br \/>&#8211; Sabor: Frutal con toques de miel.<br \/>&#8211; Aroma: Floral y fresco.<br \/>&#8211; Color: Medio.<\/p>\n<p>Cultivado cerca del majestuoso Lago de Atitl\u00e1n, <a href=\"https:\/\/soymigrante.com\/revista\/category\/guate-nuestra\/\" target=\"_blank\" rel=\"noopener\">este caf\u00e9 refleja la influencia de su microclima \u00fanico.<\/a><\/p>\t\t\t\t\t\t\t\t<\/div>\n\t\t\t\t\t<\/div>\n\t\t\t\t<\/div>\n\t\t<div data-particle_enable=\"false\" data-particle-mobile-disabled=\"false\" class=\"elementor-element elementor-element-e128f7b e-flex e-con-boxed e-con e-parent\" data-id=\"e128f7b\" data-element_type=\"container\" data-e-type=\"container\">\n\t\t\t\t\t<div class=\"e-con-inner\">\n\t\t\t\t<div class=\"elementor-element elementor-element-3de0f3a elementor-widget elementor-widget-text-editor\" data-id=\"3de0f3a\" data-element_type=\"widget\" data-e-type=\"widget\" data-widget_type=\"text-editor.default\">\n\t\t\t\t\t\t\t\t\t<h3><strong>3. Huehuetenango<\/strong><\/h3>\n<p>Perfil:<br \/>&#8211; Acidez: Intensa y afrutada.<br \/>&#8211; Sabor: Notas de vino, caramelo y frutas.<br \/>&#8211; Aroma: Dulce y afrutado.<br \/>&#8211; Color: Claro y uniforme.<\/p>\n<p>Este caf\u00e9 es cultivado en altitudes superiores a los<a href=\"https:\/\/soymigrante.com\/revista\/category\/guate-nuestra\/\" target=\"_blank\" rel=\"noopener\"> 2,000 metros, lo que le otorga un perfil inigualable<\/a>.<\/p>\t\t\t\t\t\t\t\t<\/div>\n\t\t\t\t\t<\/div>\n\t\t\t\t<\/div>\n\t\t<div data-particle_enable=\"false\" data-particle-mobile-disabled=\"false\" class=\"elementor-element elementor-element-4dbf74e e-flex e-con-boxed e-con e-parent\" data-id=\"4dbf74e\" data-element_type=\"container\" data-e-type=\"container\">\n\t\t\t\t\t<div class=\"e-con-inner\">\n\t\t\t\t<div class=\"elementor-element elementor-element-322e9cb elementor-grid-eael-col-1 elementor-grid-tablet-eael-col-2 elementor-grid-mobile-eael-col-1 elementor-widget elementor-widget-eael-post-grid\" data-id=\"322e9cb\" data-element_type=\"widget\" data-e-type=\"widget\" data-settings=\"{&quot;eael_post_grid_columns&quot;:&quot;eael-col-1&quot;,&quot;eael_post_grid_columns_tablet&quot;:&quot;eael-col-2&quot;,&quot;eael_post_grid_columns_mobile&quot;:&quot;eael-col-1&quot;}\" data-widget_type=\"eael-post-grid.default\">\n\t\t\t\t\t<div id=\"eael-post-grid-322e9cb\" class=\"eael-post-grid-container\">\n            <div class=\"eael-post-grid eael-post-appender eael-post-appender-322e9cb eael-post-grid-style-one\" data-layout-mode=\"masonry\"><article class=\"eael-grid-post  eael-post-grid-column eael-pg-post-5499 category-estamos-unidos\" data-id=\"5499\">\n        <div class=\"eael-grid-post-holder\">\n            <div class=\"eael-grid-post-holder-inner\"><div class=\"eael-entry-media\"><div class=\"eael-entry-overlay fade-in\"><i class=\"far fa-hand-pointer\" aria-hidden=\"true\"><\/i><a href=\"https:\/\/soymigrante.com\/revista\/migrante-retornado-cafe-de-guatemala-campesinos-momostenango\/\"><\/a><\/div><div class=\"eael-entry-thumbnail eael-image-ratio\">\n                <img decoding=\"async\" width=\"1024\" height=\"668\" src=\"https:\/\/soymigrante.com\/revista\/wp-content\/uploads\/2024\/03\/Captura-de-pantalla-2024-03-19-093618-1024x668.webp\" class=\"attachment-large size-large wp-image-5500\" alt=\"Campesinos de Momostenango, Totonicap\u00e1n cultivan y cosechan el grano que llega a convertirse en la marca El alma del caf\u00e9 de Momostenango, distribuida por Momostipan, proyecto del migrante retornado Angel Ambrocio.\" srcset=\"https:\/\/soymigrante.com\/revista\/wp-content\/uploads\/2024\/03\/Captura-de-pantalla-2024-03-19-093618-1024x668.webp 1024w, https:\/\/soymigrante.com\/revista\/wp-content\/uploads\/2024\/03\/Captura-de-pantalla-2024-03-19-093618-300x196.webp 300w, https:\/\/soymigrante.com\/revista\/wp-content\/uploads\/2024\/03\/Captura-de-pantalla-2024-03-19-093618-768x501.webp 768w, https:\/\/soymigrante.com\/revista\/wp-content\/uploads\/2024\/03\/Captura-de-pantalla-2024-03-19-093618-750x489.webp 750w, https:\/\/soymigrante.com\/revista\/wp-content\/uploads\/2024\/03\/Captura-de-pantalla-2024-03-19-093618-1140x743.webp 1140w, https:\/\/soymigrante.com\/revista\/wp-content\/uploads\/2024\/03\/Captura-de-pantalla-2024-03-19-093618.webp 1353w\" sizes=\"(max-width: 1024px) 100vw, 1024px\" \/>\n            <\/div>\n        <\/div><div class=\"eael-entry-wrapper\"><header class=\"eael-entry-header\"><h2 class=\"eael-entry-title\"><a class=\"eael-grid-post-link\" href=\"https:\/\/soymigrante.com\/revista\/migrante-retornado-cafe-de-guatemala-campesinos-momostenango\/\" title=\"Caf\u00e9 de Guatemala: Migrante retornado impulsa a caficultores de Momostenango\">Caf\u00e9 de Guatemala: Migrante retornado impulsa a caficultores de Momostenango<\/a><\/h2><\/header><div class=\"eael-entry-content\">\n                        <div class=\"eael-grid-post-excerpt\"><a href=\"https:\/\/soymigrante.com\/revista\/migrante-retornado-cafe-de-guatemala-campesinos-momostenango\/\" class=\"eael-post-elements-readmore-btn\">CONOCE SU HISTORIA <\/a><\/div>\n                    <\/div><\/div><\/div>\n        <\/div>\n    <\/article><\/div>\n            <div class=\"clearfix\"><\/div>\n        <\/div>\t\t\t\t<\/div>\n\t\t\t\t\t<\/div>\n\t\t\t\t<\/div>\n\t\t<div data-particle_enable=\"false\" data-particle-mobile-disabled=\"false\" class=\"elementor-element elementor-element-581ab30 e-flex e-con-boxed e-con e-parent\" data-id=\"581ab30\" data-element_type=\"container\" data-e-type=\"container\">\n\t\t\t\t\t<div class=\"e-con-inner\">\n\t\t\t\t<div class=\"elementor-element elementor-element-0cbf54d elementor-widget elementor-widget-text-editor\" data-id=\"0cbf54d\" data-element_type=\"widget\" data-e-type=\"widget\" data-widget_type=\"text-editor.default\">\n\t\t\t\t\t\t\t\t\t<h3><strong>4. Cob\u00e1n<\/strong><\/h3>\n<p>Perfil:<br \/>&#8211; Acidez: Delicada y jugosa.<br \/>&#8211; Sabor: Toques de cacao y especias.<br \/>&#8211; Aroma: Terroso y ex\u00f3tico.<br \/>&#8211; Color: Oscuro.<\/p>\n<p>Cob\u00e1n, con su clima h\u00famedo, produce caf\u00e9s con <a href=\"https:\/\/soymigrante.com\/revista\/category\/guate-nuestra\/\" target=\"_blank\" rel=\"noopener\">una textura aterciopelada y un sabor persistente.<\/a><\/p>\t\t\t\t\t\t\t\t<\/div>\n\t\t\t\t\t<\/div>\n\t\t\t\t<\/div>\n\t\t<div data-particle_enable=\"false\" data-particle-mobile-disabled=\"false\" class=\"elementor-element elementor-element-74903a4 e-flex e-con-boxed e-con e-parent\" data-id=\"74903a4\" data-element_type=\"container\" data-e-type=\"container\">\n\t\t\t\t\t<div class=\"e-con-inner\">\n\t\t\t\t<div class=\"elementor-element elementor-element-328da29 elementor-widget elementor-widget-text-editor\" data-id=\"328da29\" data-element_type=\"widget\" data-e-type=\"widget\" data-widget_type=\"text-editor.default\">\n\t\t\t\t\t\t\t\t\t<h3><strong>5. San Marcos<\/strong><\/h3>\n<p>Perfil:<br \/>&#8211; Acidez: Suave y balanceada.<br \/>&#8211; Sabor: Notas tropicales y florales.<br \/>&#8211; Aroma: Vibrante y fresco.<br \/>&#8211; Color: Medio.<\/p>\n<p><a href=\"https:\/\/soymigrante.com\/revista\/category\/guate-nuestra\/\" target=\"_blank\" rel=\"noopener\">San Marcos se caracteriza por su cosecha temprana<\/a> gracias a un clima c\u00e1lido y lluvioso.<\/p>\t\t\t\t\t\t\t\t<\/div>\n\t\t\t\t\t<\/div>\n\t\t\t\t<\/div>\n\t\t<div data-particle_enable=\"false\" data-particle-mobile-disabled=\"false\" class=\"elementor-element elementor-element-e250247 e-flex e-con-boxed e-con e-parent\" data-id=\"e250247\" data-element_type=\"container\" data-e-type=\"container\">\n\t\t\t\t\t<div class=\"e-con-inner\">\n\t\t\t\t<div class=\"elementor-element elementor-element-7e0244e elementor-widget elementor-widget-html\" data-id=\"7e0244e\" data-element_type=\"widget\" data-e-type=\"widget\" data-widget_type=\"html.default\">\n\t\t\t\t\t<iframe width=\"560\" height=\"415\" src=\"https:\/\/www.youtube.com\/embed\/IzOuJYTynz0?si=yqnbGiwE7oJRIkx7\" title=\"YouTube video player\" frameborder=\"0\" allow=\"accelerometer; autoplay; clipboard-write; encrypted-media; gyroscope; picture-in-picture; web-share\" referrerpolicy=\"strict-origin-when-cross-origin\" allowfullscreen><\/iframe>\t\t\t\t<\/div>\n\t\t\t\t\t<\/div>\n\t\t\t\t<\/div>\n\t\t<div data-particle_enable=\"false\" data-particle-mobile-disabled=\"false\" class=\"elementor-element elementor-element-8d223d9 e-flex e-con-boxed e-con e-parent\" data-id=\"8d223d9\" data-element_type=\"container\" data-e-type=\"container\">\n\t\t\t\t\t<div class=\"e-con-inner\">\n\t\t\t\t<div class=\"elementor-element elementor-element-c9414ce elementor-widget elementor-widget-text-editor\" data-id=\"c9414ce\" data-element_type=\"widget\" data-e-type=\"widget\" data-widget_type=\"text-editor.default\">\n\t\t\t\t\t\t\t\t\t<h3><strong>6. Fraijanes<\/strong><\/h3>\n<p>Perfil:<br \/>&#8211; Acidez: Brillante y chispeante.<br \/>&#8211; Sabor: C\u00edtrico con toques de caramelo.<br \/>&#8211; Aroma: Intenso y especiado.<br \/>&#8211; Color: Oscuro y uniforme.<\/p>\n<p>Por su altura, el caf\u00e9 de Fraijanes <a href=\"https:\/\/soymigrante.com\/revista\/category\/guate-nuestra\/\" target=\"_blank\" rel=\"noopener\">tiene una mineralidad distintiva<\/a>.<\/p>\t\t\t\t\t\t\t\t<\/div>\n\t\t\t\t\t<\/div>\n\t\t\t\t<\/div>\n\t\t<div data-particle_enable=\"false\" data-particle-mobile-disabled=\"false\" class=\"elementor-element elementor-element-105c6ea e-flex e-con-boxed e-con e-parent\" data-id=\"105c6ea\" data-element_type=\"container\" data-e-type=\"container\">\n\t\t\t\t\t<div class=\"e-con-inner\">\n\t\t\t\t<div class=\"elementor-element elementor-element-5345811 elementor-widget elementor-widget-text-editor\" data-id=\"5345811\" data-element_type=\"widget\" data-e-type=\"widget\" data-widget_type=\"text-editor.default\">\n\t\t\t\t\t\t\t\t\t<h3><strong>7. Acatenango<\/strong><\/h3>\n<p>Perfil:<br \/>&#8211; Acidez: Balanceada y elegante.<br \/>&#8211; Sabor: Notas de nueces y cacao.<br \/>&#8211; Aroma: Sutilmente dulce.<br \/>&#8211; Color: Claro a medio.<\/p>\n<p>El caf\u00e9 de Acatenango <a href=\"https:\/\/soymigrante.com\/revista\/category\/guate-nuestra\/\" target=\"_blank\" rel=\"noopener\">destaca por su proceso de secado al sol<\/a> y su riqueza en minerales.<\/p>\t\t\t\t\t\t\t\t<\/div>\n\t\t\t\t\t<\/div>\n\t\t\t\t<\/div>\n\t\t<div data-particle_enable=\"false\" data-particle-mobile-disabled=\"false\" class=\"elementor-element elementor-element-d44da58 e-flex e-con-boxed e-con e-parent\" data-id=\"d44da58\" data-element_type=\"container\" data-e-type=\"container\">\n\t\t\t\t\t<div class=\"e-con-inner\">\n\t\t\t\t<div class=\"elementor-element elementor-element-135dd10 elementor-grid-eael-col-1 elementor-grid-tablet-eael-col-2 elementor-grid-mobile-eael-col-1 elementor-widget elementor-widget-eael-post-grid\" data-id=\"135dd10\" data-element_type=\"widget\" data-e-type=\"widget\" data-settings=\"{&quot;eael_post_grid_columns&quot;:&quot;eael-col-1&quot;,&quot;eael_post_grid_columns_tablet&quot;:&quot;eael-col-2&quot;,&quot;eael_post_grid_columns_mobile&quot;:&quot;eael-col-1&quot;}\" data-widget_type=\"eael-post-grid.default\">\n\t\t\t\t\t<div id=\"eael-post-grid-135dd10\" class=\"eael-post-grid-container\">\n            <div class=\"eael-post-grid eael-post-appender eael-post-appender-135dd10 eael-post-grid-style-one\" data-layout-mode=\"masonry\"><article class=\"eael-grid-post  eael-post-grid-column eael-pg-post-42412 category-guate-nuestra tags-mercado-emprendedores\" data-id=\"42412\">\n        <div class=\"eael-grid-post-holder\">\n            <div class=\"eael-grid-post-holder-inner\"><div class=\"eael-entry-media\"><div class=\"eael-entry-overlay fade-in\"><i class=\"far fa-hand-pointer\" aria-hidden=\"true\"><\/i><a href=\"https:\/\/soymigrante.com\/revista\/cafe-pineda-cultivado-en-las-montanas-de-santa-rosa-por-4-generaciones\/\"><\/a><\/div><div class=\"eael-entry-thumbnail eael-image-ratio\">\n                <img decoding=\"async\" width=\"1024\" height=\"1024\" src=\"https:\/\/soymigrante.com\/revista\/wp-content\/uploads\/2025\/08\/cafe-pineda-1024x1024.png\" class=\"attachment-large size-large wp-image-42413\" alt=\"Artesanos con productos de caf\u00e9 en una feria, promoviendo la cultura migrante y el comercio justo en la revista SoyMigrante.com REVISTA.\" srcset=\"https:\/\/soymigrante.com\/revista\/wp-content\/uploads\/2025\/08\/cafe-pineda-1024x1024.png 1024w, https:\/\/soymigrante.com\/revista\/wp-content\/uploads\/2025\/08\/cafe-pineda-300x300.png 300w, https:\/\/soymigrante.com\/revista\/wp-content\/uploads\/2025\/08\/cafe-pineda-150x150.png 150w, https:\/\/soymigrante.com\/revista\/wp-content\/uploads\/2025\/08\/cafe-pineda-768x768.png 768w, https:\/\/soymigrante.com\/revista\/wp-content\/uploads\/2025\/08\/cafe-pineda-75x75.webp 75w, https:\/\/soymigrante.com\/revista\/wp-content\/uploads\/2025\/08\/cafe-pineda-750x750.webp 750w, https:\/\/soymigrante.com\/revista\/wp-content\/uploads\/2025\/08\/cafe-pineda.webp 1075w\" sizes=\"(max-width: 1024px) 100vw, 1024px\" \/>\n            <\/div>\n        <\/div><div class=\"eael-entry-wrapper\"><header class=\"eael-entry-header\"><h2 class=\"eael-entry-title\"><a class=\"eael-grid-post-link\" href=\"https:\/\/soymigrante.com\/revista\/cafe-pineda-cultivado-en-las-montanas-de-santa-rosa-por-4-generaciones\/\" title=\"Caf\u00e9 Pineda, cultivado en las monta\u00f1as de Santa Rosa por 4 generaciones, est\u00e1 en MERCADO\">Caf\u00e9 Pineda, cultivado en las monta\u00f1as de Santa Rosa por 4 generaciones, est\u00e1 en MERCADO<\/a><\/h2><\/header><div class=\"eael-entry-content\">\n                        <div class=\"eael-grid-post-excerpt\"><a href=\"https:\/\/soymigrante.com\/revista\/cafe-pineda-cultivado-en-las-montanas-de-santa-rosa-por-4-generaciones\/\" class=\"eael-post-elements-readmore-btn\">CONOCE SU HISTORIA <\/a><\/div>\n                    <\/div><\/div><\/div>\n        <\/div>\n    <\/article><\/div>\n            <div class=\"clearfix\"><\/div>\n        <\/div>\t\t\t\t<\/div>\n\t\t\t\t\t<\/div>\n\t\t\t\t<\/div>\n\t\t<div data-particle_enable=\"false\" data-particle-mobile-disabled=\"false\" class=\"elementor-element elementor-element-dadf453 e-flex e-con-boxed e-con e-parent\" data-id=\"dadf453\" data-element_type=\"container\" data-e-type=\"container\">\n\t\t\t\t\t<div class=\"e-con-inner\">\n\t\t\t\t<div class=\"elementor-element elementor-element-4bca1b8 elementor-widget elementor-widget-text-editor\" data-id=\"4bca1b8\" data-element_type=\"widget\" data-e-type=\"widget\" data-widget_type=\"text-editor.default\">\n\t\t\t\t\t\t\t\t\t<h3><strong>8. Oriente<\/strong><\/h3>\n<p>Perfil:<br \/>&#8211; Acidez: Suave y baja.<br \/>&#8211; Sabor: Notas de chocolate oscuro y especias.<br \/>&#8211; Aroma: Profundo y terroso.<br \/>&#8211; Color: Oscuro.<\/p>\n<p>Este caf\u00e9 es cultivado en suelos de origen metam\u00f3rfico, lo que<a href=\"https:\/\/soymigrante.com\/revista\/category\/guate-nuestra\/\" target=\"_blank\" rel=\"noopener\"> le da un sabor robusto y consistente.<\/a><\/p>\t\t\t\t\t\t\t\t<\/div>\n\t\t\t\t\t<\/div>\n\t\t\t\t<\/div>\n\t\t<div data-particle_enable=\"false\" data-particle-mobile-disabled=\"false\" class=\"elementor-element elementor-element-f3cc8ec e-flex e-con-boxed e-con e-parent\" data-id=\"f3cc8ec\" data-element_type=\"container\" data-e-type=\"container\">\n\t\t\t\t\t<div class=\"e-con-inner\">\n\t\t\t\t<div class=\"elementor-element elementor-element-e2ea04b elementor-widget elementor-widget-text-editor\" data-id=\"e2ea04b\" data-element_type=\"widget\" data-e-type=\"widget\" data-widget_type=\"text-editor.default\">\n\t\t\t\t\t\t\t\t\t<h3><strong>9. Esquipulas<\/strong><\/h3>\n<p>Perfil:<br \/>&#8211; Acidez: Sutil y redondeada.<br \/>&#8211; Sabor: Toques de vainilla y almendra.<br \/>&#8211; Aroma: Dulce y acogedor.<br \/>&#8211; Color: Medio.<\/p>\n<p>La regi\u00f3n de Esquipulas, aunque menos conocida, <a href=\"https:\/\/soymigrante.com\/revista\/category\/guate-nuestra\/\" target=\"_blank\" rel=\"noopener\">produce caf\u00e9s de gran calidad y cuerpo.<\/a><\/p>\t\t\t\t\t\t\t\t<\/div>\n\t\t\t\t\t<\/div>\n\t\t\t\t<\/div>\n\t\t<div data-particle_enable=\"false\" data-particle-mobile-disabled=\"false\" class=\"elementor-element elementor-element-41357ce e-flex e-con-boxed e-con e-parent\" data-id=\"41357ce\" data-element_type=\"container\" data-e-type=\"container\">\n\t\t\t\t\t<div class=\"e-con-inner\">\n\t\t\t\t<div class=\"elementor-element elementor-element-64b9c2f elementor-widget elementor-widget-html\" data-id=\"64b9c2f\" data-element_type=\"widget\" data-e-type=\"widget\" data-widget_type=\"html.default\">\n\t\t\t\t\t<iframe width=\"560\" height=\"415\" src=\"https:\/\/www.youtube.com\/embed\/7HMInKpLV6U?si=ptpM_HwOfX87Zlc5\" title=\"YouTube video player\" frameborder=\"0\" allow=\"accelerometer; autoplay; clipboard-write; encrypted-media; gyroscope; picture-in-picture; web-share\" referrerpolicy=\"strict-origin-when-cross-origin\" allowfullscreen><\/iframe>\t\t\t\t<\/div>\n\t\t\t\t\t<\/div>\n\t\t\t\t<\/div>\n\t\t<div data-particle_enable=\"false\" data-particle-mobile-disabled=\"false\" class=\"elementor-element elementor-element-d546218 e-flex e-con-boxed e-con e-parent\" data-id=\"d546218\" data-element_type=\"container\" data-e-type=\"container\">\n\t\t\t\t\t<div class=\"e-con-inner\">\n\t\t\t\t<div class=\"elementor-element elementor-element-c6ca63e elementor-widget elementor-widget-text-editor\" data-id=\"c6ca63e\" data-element_type=\"widget\" data-e-type=\"widget\" data-widget_type=\"text-editor.default\">\n\t\t\t\t\t\t\t\t\t<h3><strong>10. Oriente: Jalapa y Santa Rosa<\/strong><\/h3>\n<p>&#8211; Acidez: Moderada.<br \/>&#8211; Sabor: Notas de hierbas y cacao.<br \/>&#8211; Aroma: Fresco y herbal.<br \/>&#8211; Color: Claro a medio.<\/p>\n<p><a href=\"https:\/\/soymigrante.com\/revista\/category\/guate-nuestra\/\" target=\"_blank\" rel=\"noopener\">Jalapa se distingue por caf\u00e9s con un perfil limpio y refrescante<\/a>, perfecto para quienes buscan una experiencia distinta.<\/p>\t\t\t\t\t\t\t\t<\/div>\n\t\t\t\t\t<\/div>\n\t\t\t\t<\/div>\n\t\t<div data-particle_enable=\"false\" data-particle-mobile-disabled=\"false\" class=\"elementor-element elementor-element-70f3a11 e-flex e-con-boxed e-con e-parent\" data-id=\"70f3a11\" data-element_type=\"container\" data-e-type=\"container\">\n\t\t\t\t\t<div class=\"e-con-inner\">\n\t\t\t\t<div class=\"elementor-element elementor-element-69f7122 elementor-grid-eael-col-2 elementor-grid-tablet-eael-col-2 elementor-grid-mobile-eael-col-1 elementor-widget elementor-widget-eael-post-grid\" data-id=\"69f7122\" data-element_type=\"widget\" data-e-type=\"widget\" data-settings=\"{&quot;eael_post_grid_columns&quot;:&quot;eael-col-2&quot;,&quot;eael_post_grid_columns_tablet&quot;:&quot;eael-col-2&quot;,&quot;eael_post_grid_columns_mobile&quot;:&quot;eael-col-1&quot;}\" data-widget_type=\"eael-post-grid.default\">\n\t\t\t\t\t<div id=\"eael-post-grid-69f7122\" class=\"eael-post-grid-container\">\n            <div class=\"eael-post-grid eael-post-appender eael-post-appender-69f7122 eael-post-grid-style-one\" data-layout-mode=\"masonry\"><article class=\"eael-grid-post  eael-post-grid-column eael-pg-post-7098 category-estamos-unidos\" data-id=\"7098\">\n        <div class=\"eael-grid-post-holder\">\n            <div class=\"eael-grid-post-holder-inner\"><div class=\"eael-entry-media\"><div class=\"eael-entry-overlay fade-in\"><i class=\"far fa-hand-pointer\" aria-hidden=\"true\"><\/i><a href=\"https:\/\/soymigrante.com\/revista\/cafe-con-causa-de-guatemala-ya-a-la-venta-en-estados-unidos\/\"><\/a><\/div><div class=\"eael-entry-thumbnail \">\n                <img loading=\"lazy\" decoding=\"async\" width=\"841\" height=\"841\" src=\"https:\/\/soymigrante.com\/revista\/wp-content\/uploads\/2024\/06\/Captura-de-pantalla-2024-06-23-212600.webp\" class=\"attachment-large size-large wp-image-7100\" alt=\"Ni\u00f1as con vestimenta tradicional guatemalteca en un entorno escolar, promoviendo la cultura ind\u00edgena y la educaci\u00f3n en comunidades rurales de Guatemala.\" srcset=\"https:\/\/soymigrante.com\/revista\/wp-content\/uploads\/2024\/06\/Captura-de-pantalla-2024-06-23-212600.webp 841w, https:\/\/soymigrante.com\/revista\/wp-content\/uploads\/2024\/06\/Captura-de-pantalla-2024-06-23-212600-300x300.webp 300w, https:\/\/soymigrante.com\/revista\/wp-content\/uploads\/2024\/06\/Captura-de-pantalla-2024-06-23-212600-150x150.webp 150w, https:\/\/soymigrante.com\/revista\/wp-content\/uploads\/2024\/06\/Captura-de-pantalla-2024-06-23-212600-768x768.webp 768w, https:\/\/soymigrante.com\/revista\/wp-content\/uploads\/2024\/06\/Captura-de-pantalla-2024-06-23-212600-75x75.webp 75w, https:\/\/soymigrante.com\/revista\/wp-content\/uploads\/2024\/06\/Captura-de-pantalla-2024-06-23-212600-750x750.webp 750w\" sizes=\"(max-width: 841px) 100vw, 841px\" \/>\n            <\/div>\n        <\/div><div class=\"eael-entry-wrapper\"><header class=\"eael-entry-header\"><h2 class=\"eael-entry-title\"><a class=\"eael-grid-post-link\" href=\"https:\/\/soymigrante.com\/revista\/cafe-con-causa-de-guatemala-ya-a-la-venta-en-estados-unidos\/\" title=\"Caf\u00e9 con Causa, de Guatemala, ya a la venta en Estados Unidos\">Caf\u00e9 con Causa, de Guatemala, ya a la venta en Estados Unidos<\/a><\/h2><\/header><div class=\"eael-entry-content\">\n                        <div class=\"eael-grid-post-excerpt\"><a href=\"https:\/\/soymigrante.com\/revista\/cafe-con-causa-de-guatemala-ya-a-la-venta-en-estados-unidos\/\" class=\"eael-post-elements-readmore-btn\">CONOCE SU HISTORIA <\/a><\/div>\n                    <\/div><\/div><\/div>\n        <\/div>\n    <\/article><article class=\"eael-grid-post  eael-post-grid-column eael-pg-post-6083 category-exitos\" data-id=\"6083\">\n        <div class=\"eael-grid-post-holder\">\n            <div class=\"eael-grid-post-holder-inner\"><div class=\"eael-entry-media\"><div class=\"eael-entry-overlay fade-in\"><i class=\"far fa-hand-pointer\" aria-hidden=\"true\"><\/i><a href=\"https:\/\/soymigrante.com\/revista\/cafe-zamora-florece-en-oregon-con-grano-migrante-de-santa-rosa-guatemala\/\"><\/a><\/div><div class=\"eael-entry-thumbnail \">\n                <img loading=\"lazy\" decoding=\"async\" width=\"748\" height=\"736\" src=\"https:\/\/soymigrante.com\/revista\/wp-content\/uploads\/2024\/04\/hector-zamora.webp\" class=\"attachment-large size-large wp-image-6114\" alt=\"Retrato de un joven y una mujer en un parque con \u00e1rboles en flor, celebrando la cultura y comunidad migrante en una sensaci\u00f3n de uni\u00f3n y alegr\u00eda.\" srcset=\"https:\/\/soymigrante.com\/revista\/wp-content\/uploads\/2024\/04\/hector-zamora.webp 748w, https:\/\/soymigrante.com\/revista\/wp-content\/uploads\/2024\/04\/hector-zamora-300x295.webp 300w, https:\/\/soymigrante.com\/revista\/wp-content\/uploads\/2024\/04\/hector-zamora-75x75.webp 75w\" sizes=\"(max-width: 748px) 100vw, 748px\" \/>\n            <\/div>\n        <\/div><div class=\"eael-entry-wrapper\"><header class=\"eael-entry-header\"><h2 class=\"eael-entry-title\"><a class=\"eael-grid-post-link\" href=\"https:\/\/soymigrante.com\/revista\/cafe-zamora-florece-en-oregon-con-grano-migrante-de-santa-rosa-guatemala\/\" title=\"Hector Mej\u00eda y caf\u00e9 Zamora llevan el sabor de Santa Rosa a \u00d3regon y m\u00e1s all\u00e1\">Hector Mej\u00eda y caf\u00e9 Zamora llevan el sabor de Santa Rosa a \u00d3regon y m\u00e1s all\u00e1<\/a><\/h2><\/header><div class=\"eael-entry-content\">\n                        <div class=\"eael-grid-post-excerpt\"><a href=\"https:\/\/soymigrante.com\/revista\/cafe-zamora-florece-en-oregon-con-grano-migrante-de-santa-rosa-guatemala\/\" class=\"eael-post-elements-readmore-btn\">CONOCE SU HISTORIA <\/a><\/div>\n                    <\/div><\/div><\/div>\n        <\/div>\n    <\/article><\/div>\n            <div class=\"clearfix\"><\/div>\n        <\/div>\t\t\t\t<\/div>\n\t\t\t\t\t<\/div>\n\t\t\t\t<\/div>\n\t\t<div data-particle_enable=\"false\" data-particle-mobile-disabled=\"false\" class=\"elementor-element elementor-element-90bc9eb e-flex e-con-boxed e-con e-parent\" data-id=\"90bc9eb\" data-element_type=\"container\" data-e-type=\"container\">\n\t\t\t\t\t<div class=\"e-con-inner\">\n\t\t\t\t<div class=\"elementor-element elementor-element-8e96016 elementor-widget elementor-widget-heading\" data-id=\"8e96016\" data-element_type=\"widget\" data-e-type=\"widget\" data-widget_type=\"heading.default\">\n\t\t\t\t\t<h3 class=\"elementor-heading-title elementor-size-default\">Un caf\u00e9 para cada paladar<\/h3>\t\t\t\t<\/div>\n\t\t\t\t\t<\/div>\n\t\t\t\t<\/div>\n\t\t<div data-particle_enable=\"false\" data-particle-mobile-disabled=\"false\" class=\"elementor-element elementor-element-ea198de e-flex e-con-boxed e-con e-parent\" data-id=\"ea198de\" data-element_type=\"container\" data-e-type=\"container\">\n\t\t\t\t\t<div class=\"e-con-inner\">\n\t\t\t\t<div class=\"elementor-element elementor-element-b09dd7a elementor-widget elementor-widget-text-editor\" data-id=\"b09dd7a\" data-element_type=\"widget\" data-e-type=\"widget\" data-widget_type=\"text-editor.default\">\n\t\t\t\t\t\t\t\t\t<p><a href=\"https:\/\/soymigrante.com\/revista\/category\/guate-nuestra\/\" target=\"_blank\" rel=\"noopener\">La diversidad cafetalera de Guatemala es un reflejo de su riqueza natural<\/a> y cultural.<\/p><p>Seg\u00fan Anacaf\u00e9 cada regi\u00f3n ofrece una experiencia \u00fanica que deleita a los amantes del caf\u00e9 en todo el mundo.<\/p><p>Ya sea que prefieras un caf\u00e9 afrutado, especiado o con notas de chocolate, Guatemala tiene una taza perfecta para ti.<\/p>\t\t\t\t\t\t\t\t<\/div>\n\t\t\t\t\t<\/div>\n\t\t\t\t<\/div>\n\t\t<div data-particle_enable=\"false\" data-particle-mobile-disabled=\"false\" class=\"elementor-element elementor-element-a717ee6 e-flex e-con-boxed e-con e-parent\" data-id=\"a717ee6\" data-element_type=\"container\" data-e-type=\"container\">\n\t\t\t\t\t<div class=\"e-con-inner\">\n\t\t\t\t<div class=\"elementor-element elementor-element-f51e572 elementor-widget elementor-widget-heading\" data-id=\"f51e572\" data-element_type=\"widget\" data-e-type=\"widget\" data-widget_type=\"heading.default\">\n\t\t\t\t\t<h2 class=\"elementor-heading-title elementor-size-default\">Talento con sabor guatemalteco<\/h2>\t\t\t\t<\/div>\n\t\t\t\t\t<\/div>\n\t\t\t\t<\/div>\n\t\t<div data-particle_enable=\"false\" data-particle-mobile-disabled=\"false\" class=\"elementor-element elementor-element-25ae5c6 e-flex e-con-boxed e-con e-parent\" data-id=\"25ae5c6\" data-element_type=\"container\" data-e-type=\"container\">\n\t\t\t\t\t<div class=\"e-con-inner\">\n\t\t\t\t<div class=\"elementor-element elementor-element-e0f0312 elementor-grid-eael-col-3 elementor-grid-tablet-eael-col-2 elementor-grid-mobile-eael-col-1 elementor-widget elementor-widget-eael-post-grid\" data-id=\"e0f0312\" data-element_type=\"widget\" data-e-type=\"widget\" data-settings=\"{&quot;eael_post_grid_columns&quot;:&quot;eael-col-3&quot;,&quot;eael_post_grid_columns_tablet&quot;:&quot;eael-col-2&quot;,&quot;eael_post_grid_columns_mobile&quot;:&quot;eael-col-1&quot;}\" data-widget_type=\"eael-post-grid.default\">\n\t\t\t\t\t<div id=\"eael-post-grid-e0f0312\" class=\"eael-post-grid-container\">\n            <div class=\"eael-post-grid eael-post-appender eael-post-appender-e0f0312 eael-post-grid-style-one\" data-layout-mode=\"masonry\"><article class=\"eael-grid-post  eael-post-grid-column eael-pg-post-11060 category-estamos-unidos\" data-id=\"11060\">\n        <div class=\"eael-grid-post-holder\">\n            <div class=\"eael-grid-post-holder-inner\"><div class=\"eael-entry-media\"><div class=\"eael-entry-overlay fade-in\"><i class=\"far fa-hand-pointer\" aria-hidden=\"true\"><\/i><a href=\"https:\/\/soymigrante.com\/revista\/banda-musical-las-hortensias-de-san-martin-chile-verde-se-presenta-en-california\/\"><\/a><\/div><div class=\"eael-entry-thumbnail \">\n                <img loading=\"lazy\" decoding=\"async\" width=\"864\" height=\"864\" src=\"https:\/\/soymigrante.com\/revista\/wp-content\/uploads\/2024\/11\/banda-hortensia-2.webp\" class=\"attachment-large size-large wp-image-12901\" alt=\"Ra\u00edces culturales de los hortensias en Los \u00c1ngeles frente al letrero de Hollywood en una manifestaci\u00f3n folcl\u00f3rica con banderas tradicionales mexicanas.\" srcset=\"https:\/\/soymigrante.com\/revista\/wp-content\/uploads\/2024\/11\/banda-hortensia-2.webp 864w, https:\/\/soymigrante.com\/revista\/wp-content\/uploads\/2024\/11\/banda-hortensia-2-300x300.webp 300w, https:\/\/soymigrante.com\/revista\/wp-content\/uploads\/2024\/11\/banda-hortensia-2-150x150.webp 150w, https:\/\/soymigrante.com\/revista\/wp-content\/uploads\/2024\/11\/banda-hortensia-2-768x768.jpg 768w, https:\/\/soymigrante.com\/revista\/wp-content\/uploads\/2024\/11\/banda-hortensia-2-75x75.webp 75w, https:\/\/soymigrante.com\/revista\/wp-content\/uploads\/2024\/11\/banda-hortensia-2-750x750.webp 750w\" sizes=\"(max-width: 864px) 100vw, 864px\" \/>\n            <\/div>\n        <\/div><div class=\"eael-entry-wrapper\"><header class=\"eael-entry-header\"><h2 class=\"eael-entry-title\"><a class=\"eael-grid-post-link\" href=\"https:\/\/soymigrante.com\/revista\/banda-musical-las-hortensias-de-san-martin-chile-verde-se-presenta-en-california\/\" title=\"Banda Hortensia de San Mart\u00edn Chile Verde deslumbr\u00f3 con su talento e indumentaria en LA\">Banda Hortensia de San Mart\u00edn Chile Verde deslumbr\u00f3 con su talento e indumentaria en LA<\/a><\/h2><\/header><div class=\"eael-entry-content\">\n                        <div class=\"eael-grid-post-excerpt\"><a href=\"https:\/\/soymigrante.com\/revista\/banda-musical-las-hortensias-de-san-martin-chile-verde-se-presenta-en-california\/\" class=\"eael-post-elements-readmore-btn\">CONOCE SU HISTORIA <\/a><\/div>\n                    <\/div><\/div><\/div>\n        <\/div>\n    <\/article><article class=\"eael-grid-post  eael-post-grid-column eael-pg-post-1954 category-exitos tags-oregon\" data-id=\"1954\">\n        <div class=\"eael-grid-post-holder\">\n            <div class=\"eael-grid-post-holder-inner\"><div class=\"eael-entry-media\"><div class=\"eael-entry-overlay fade-in\"><i class=\"far fa-hand-pointer\" aria-hidden=\"true\"><\/i><a href=\"https:\/\/soymigrante.com\/revista\/julio-alvarado-migrante-contador-musico\/\"><\/a><\/div><div class=\"eael-entry-thumbnail \">\n                <img loading=\"lazy\" decoding=\"async\" width=\"902\" height=\"649\" src=\"https:\/\/soymigrante.com\/revista\/wp-content\/uploads\/2023\/07\/julito-julito.webp\" class=\"attachment-large size-large wp-image-1962\" alt=\"Migrante guatemalteco Julio C\u00e9sar Alvarado\" srcset=\"https:\/\/soymigrante.com\/revista\/wp-content\/uploads\/2023\/07\/julito-julito.webp 902w, https:\/\/soymigrante.com\/revista\/wp-content\/uploads\/2023\/07\/julito-julito-300x216.webp 300w, https:\/\/soymigrante.com\/revista\/wp-content\/uploads\/2023\/07\/julito-julito-768x553.webp 768w, https:\/\/soymigrante.com\/revista\/wp-content\/uploads\/2023\/07\/julito-julito-120x86.webp 120w, https:\/\/soymigrante.com\/revista\/wp-content\/uploads\/2023\/07\/julito-julito-750x540.webp 750w\" sizes=\"(max-width: 902px) 100vw, 902px\" \/>\n            <\/div>\n        <\/div><div class=\"eael-entry-wrapper\"><header class=\"eael-entry-header\"><h2 class=\"eael-entry-title\"><a class=\"eael-grid-post-link\" href=\"https:\/\/soymigrante.com\/revista\/julio-alvarado-migrante-contador-musico\/\" title=\"Julio Alvarado: Migrante, m\u00fasico y altruista guatemalteco\">Julio Alvarado: Migrante, m\u00fasico y altruista guatemalteco<\/a><\/h2><\/header><div class=\"eael-entry-content\">\n                        <div class=\"eael-grid-post-excerpt\"><a href=\"https:\/\/soymigrante.com\/revista\/julio-alvarado-migrante-contador-musico\/\" class=\"eael-post-elements-readmore-btn\">CONOCE SU HISTORIA <\/a><\/div>\n                    <\/div><\/div><\/div>\n        <\/div>\n    <\/article><article class=\"eael-grid-post  eael-post-grid-column eael-pg-post-763 category-exitos-guatemala tags-california\" data-id=\"763\">\n        <div class=\"eael-grid-post-holder\">\n            <div class=\"eael-grid-post-holder-inner\"><div class=\"eael-entry-media\"><div class=\"eael-entry-overlay fade-in\"><i class=\"far fa-hand-pointer\" aria-hidden=\"true\"><\/i><a href=\"https:\/\/soymigrante.com\/revista\/biologo-lustra-el-mayor-tesoro-de-guatemala\/\"><\/a><\/div><div class=\"eael-entry-thumbnail \">\n                <img loading=\"lazy\" decoding=\"async\" width=\"1024\" height=\"769\" src=\"https:\/\/soymigrante.com\/revista\/wp-content\/uploads\/2023\/03\/SOY-MIGRANTE-RENE-CORADO-BIOLOGO-4-1024x769.jpg\" class=\"attachment-large size-large wp-image-809\" alt=\"Ren\u00e9 Corado, migrante y biologo director del museo de aves de Oxnard, California\" srcset=\"https:\/\/soymigrante.com\/revista\/wp-content\/uploads\/2023\/03\/SOY-MIGRANTE-RENE-CORADO-BIOLOGO-4-1024x769.jpg 1024w, https:\/\/soymigrante.com\/revista\/wp-content\/uploads\/2023\/03\/SOY-MIGRANTE-RENE-CORADO-BIOLOGO-4-300x225.webp 300w, https:\/\/soymigrante.com\/revista\/wp-content\/uploads\/2023\/03\/SOY-MIGRANTE-RENE-CORADO-BIOLOGO-4-768x577.jpg 768w, https:\/\/soymigrante.com\/revista\/wp-content\/uploads\/2023\/03\/SOY-MIGRANTE-RENE-CORADO-BIOLOGO-4-1536x1154.jpg 1536w, https:\/\/soymigrante.com\/revista\/wp-content\/uploads\/2023\/03\/SOY-MIGRANTE-RENE-CORADO-BIOLOGO-4-2048x1539.jpg 2048w, https:\/\/soymigrante.com\/revista\/wp-content\/uploads\/2023\/03\/SOY-MIGRANTE-RENE-CORADO-BIOLOGO-4-750x563.webp 750w, https:\/\/soymigrante.com\/revista\/wp-content\/uploads\/2023\/03\/SOY-MIGRANTE-RENE-CORADO-BIOLOGO-4-1140x856.jpg 1140w, https:\/\/soymigrante.com\/revista\/wp-content\/uploads\/2023\/03\/SOY-MIGRANTE-RENE-CORADO-BIOLOGO-4-scaled.webp 1920w\" sizes=\"(max-width: 1024px) 100vw, 1024px\" \/>\n            <\/div>\n        <\/div><div class=\"eael-entry-wrapper\"><header class=\"eael-entry-header\"><h2 class=\"eael-entry-title\"><a class=\"eael-grid-post-link\" href=\"https:\/\/soymigrante.com\/revista\/biologo-lustra-el-mayor-tesoro-de-guatemala\/\" title=\"Bi\u00f3logo migrante Ren\u00e9 Corado lustra el mayor tesoro de Guatemala\">Bi\u00f3logo migrante Ren\u00e9 Corado lustra el mayor tesoro de Guatemala<\/a><\/h2><\/header><div class=\"eael-entry-content\">\n                        <div class=\"eael-grid-post-excerpt\"><a href=\"https:\/\/soymigrante.com\/revista\/biologo-lustra-el-mayor-tesoro-de-guatemala\/\" class=\"eael-post-elements-readmore-btn\">CONOCE SU HISTORIA <\/a><\/div>\n                    <\/div><\/div><\/div>\n        <\/div>\n    <\/article><\/div>\n            <div class=\"clearfix\"><\/div>\n        <\/div>\t\t\t\t<\/div>\n\t\t\t\t\t<\/div>\n\t\t\t\t<\/div>\n\t\t\t\t<\/div>\n\t\t","protected":false},"excerpt":{"rendered":"<p>Los caf\u00e9s de Guatemala son reconocidos por sus sabores, que por la variedad de las regiones hay para todos los gustos. Guatemala es conocida mundialmente por la calidad y diversidad de sus caf\u00e9s. Cada regi\u00f3n cafetalera del pa\u00eds ofrece perfiles \u00fanicos que encantan a los paladares m\u00e1s exigentes. A continuaci\u00f3n, exploramos 10 regiones cafetaleras y [&hellip;]<\/p>\n","protected":false},"author":19,"featured_media":15969,"comment_status":"open","ping_status":"open","sticky":false,"template":"","format":"standard","meta":{"_acf_changed":false,"_eb_attr":"","footnotes":""},"categories":[58],"tags":[],"class_list":["post-15968","post","type-post","status-publish","format-standard","has-post-thumbnail","hentry","category-guate-nuestra"],"acf":[],"aioseo_notices":[],"aioseo_head":"\n\t\t<!-- All in One SEO Pro 4.9.6.2 - aioseo.com -->\n\t<meta name=\"description\" content=\"El bi\u00f3logo, escritor y migrante Ren\u00e9 Corado dirige el museo de aves de Camarillo, California; su ni\u00f1ez en Guatemala fue dif\u00edcil y por eso impulsa la educaci\u00f3n en su pa\u00eds. La vida del migrante guatemalteco Ren\u00e9 Corado est\u00e1 hecha de imposibles convertidos en posibilidad. \u00bfC\u00f3mo un ni\u00f1o lustrador llega a ser director de uno de\" \/>\n\t<meta name=\"robots\" content=\"max-snippet:-1, max-image-preview:large, max-video-preview:-1\" \/>\n\t<meta name=\"author\" content=\"Marysabel Aldana\"\/>\n\t<link rel=\"canonical\" href=\"https:\/\/soymigrante.com\/revista\/cafe-de-guatemala-y-sus-10-regiones-de-cultivo-cada-una-con-sabor-y-aroma-propio\/\" \/>\n\t<meta name=\"generator\" content=\"All in One SEO Pro (AIOSEO) 4.9.6.2\" \/>\n\n\t\t<link rel=\"preconnect\" href=\"https:\/\/fonts.googleapis.com\" crossorigin>\n<link rel=\"preconnect\" href=\"https:\/\/fonts.gstatic.com\" crossorigin>\n\t\t<meta property=\"og:locale\" content=\"es_ES\" \/>\n\t\t<meta property=\"og:site_name\" content=\"SoyMigrante.com REVISTA \u2013 Nuestra misi\u00f3n es reconocer y dignificar al migrante.\" \/>\n\t\t<meta property=\"og:type\" content=\"article\" \/>\n\t\t<meta property=\"og:title\" content=\"Las 10 regiones del caf\u00e9 de Guatemala con sabor y aroma propio\" \/>\n\t\t<meta property=\"og:description\" content=\"El caf\u00e9 de Guatemala es un s\u00edmbolo nacional: cada regi\u00f3n produce sabores y aromas propios, debido a altura, tipo de suelo y vegetaci\u00f3n. Con\u00f3ce las 10 regiones.\" \/>\n\t\t<meta property=\"og:url\" content=\"https:\/\/soymigrante.com\/revista\/cafe-de-guatemala-y-sus-10-regiones-de-cultivo-cada-una-con-sabor-y-aroma-propio\/\" \/>\n\t\t<meta property=\"og:image\" content=\"https:\/\/soymigrante.com\/revista\/wp-content\/uploads\/2024\/12\/Cafe\u0301-de-Guatemala-scaled-e1733862410674.webp\" \/>\n\t\t<meta property=\"og:image:secure_url\" content=\"https:\/\/soymigrante.com\/revista\/wp-content\/uploads\/2024\/12\/Cafe\u0301-de-Guatemala-scaled-e1733862410674.webp\" \/>\n\t\t<meta property=\"og:image:width\" content=\"1707\" \/>\n\t\t<meta property=\"og:image:height\" content=\"1707\" \/>\n\t\t<meta property=\"article:published_time\" content=\"2024-12-11T11:00:00+00:00\" \/>\n\t\t<meta property=\"article:modified_time\" content=\"2025-10-07T17:40:52+00:00\" \/>\n\t\t<meta property=\"article:publisher\" content=\"https:\/\/www.facebook.com\/soymigrantecom\" \/>\n\t\t<meta name=\"twitter:card\" content=\"summary_large_image\" \/>\n\t\t<meta name=\"twitter:site\" content=\"@SoyMigrante_com\" \/>\n\t\t<meta name=\"twitter:title\" content=\"Las 10 regiones del caf\u00e9 de Guatemala con sabor y aroma propio\" \/>\n\t\t<meta name=\"twitter:description\" content=\"El caf\u00e9 de Guatemala es un s\u00edmbolo nacional: cada regi\u00f3n produce sabores y aromas propios, debido a altura, tipo de suelo y vegetaci\u00f3n. Con\u00f3ce las 10 regiones.\" \/>\n\t\t<meta name=\"twitter:creator\" content=\"@SoyMigrante_com\" \/>\n\t\t<meta name=\"twitter:image\" content=\"https:\/\/soymigrante.com\/revista\/wp-content\/uploads\/2024\/12\/Cafe\u0301-de-Guatemala-scaled-e1733862410674.webp\" \/>\n\t\t<!-- All in One SEO Pro -->\r\n\t\t<title>Las 10 regiones del caf\u00e9 de Guatemala con sabor y aroma propio<\/title>\n\n","aioseo_head_json":{"title":"Las 10 regiones del caf\u00e9 de Guatemala con sabor y aroma propio","description":"El caf\u00e9 de Guatemala es un s\u00edmbolo nacional: cada regi\u00f3n produce sabores y aromas propios, debido a altura, tipo de suelo y vegetaci\u00f3n. Con\u00f3ce las 10 regiones.","canonical_url":"https:\/\/soymigrante.com\/revista\/cafe-de-guatemala-y-sus-10-regiones-de-cultivo-cada-una-con-sabor-y-aroma-propio\/","robots":"max-snippet:-1, max-image-preview:large, max-video-preview:-1","keywords":"","webmasterTools":{"miscellaneous":"&lt;link rel=\"preconnect\" href=\"https:\/\/fonts.googleapis.com\" crossorigin&gt;\n&lt;link rel=\"preconnect\" href=\"https:\/\/fonts.gstatic.com\" crossorigin&gt;"},"schema":null,"og:locale":"es_ES","og:site_name":"SoyMigrante.com REVISTA \u2013 Nuestra misi\u00f3n es reconocer y dignificar al migrante.","og:type":"article","og:title":"Las 10 regiones del caf\u00e9 de Guatemala con sabor y aroma propio","og:description":"El caf\u00e9 de Guatemala es un s\u00edmbolo nacional: cada regi\u00f3n produce sabores y aromas propios, debido a altura, tipo de suelo y vegetaci\u00f3n. Con\u00f3ce las 10 regiones.","og:url":"https:\/\/soymigrante.com\/revista\/cafe-de-guatemala-y-sus-10-regiones-de-cultivo-cada-una-con-sabor-y-aroma-propio\/","og:image":"https:\/\/soymigrante.com\/revista\/wp-content\/uploads\/2024\/12\/Cafe\u0301-de-Guatemala-scaled-e1733862410674.webp","og:image:secure_url":"https:\/\/soymigrante.com\/revista\/wp-content\/uploads\/2024\/12\/Cafe\u0301-de-Guatemala-scaled-e1733862410674.webp","og:image:width":1707,"og:image:height":1707,"article:published_time":"2024-12-11T11:00:00+00:00","article:modified_time":"2025-10-07T17:40:52+00:00","article:publisher":"https:\/\/www.facebook.com\/soymigrantecom","twitter:card":"summary_large_image","twitter:site":"@SoyMigrante_com","twitter:title":"Las 10 regiones del caf\u00e9 de Guatemala con sabor y aroma propio","twitter:description":"El caf\u00e9 de Guatemala es un s\u00edmbolo nacional: cada regi\u00f3n produce sabores y aromas propios, debido a altura, tipo de suelo y vegetaci\u00f3n. Con\u00f3ce las 10 regiones.","twitter:creator":"@SoyMigrante_com","twitter:image":"https:\/\/soymigrante.com\/revista\/wp-content\/uploads\/2024\/12\/Cafe\u0301-de-Guatemala-scaled-e1733862410674.webp"},"aioseo_meta_data":{"post_id":"15968","title":"Las 10 regiones del caf\u00e9 de Guatemala con sabor y aroma propio","description":"El caf\u00e9 de Guatemala es un s\u00edmbolo nacional: cada regi\u00f3n produce sabores y aromas propios, debido a altura, tipo de suelo y vegetaci\u00f3n. Con\u00f3ce las 10 regiones.","keywords":null,"keyphrases":{"focus":{"keyphrase":"Caf\u00e9s","score":59,"analysis":{"keyphraseInTitle":{"score":3,"maxScore":9,"error":1},"keyphraseInDescription":{"score":3,"maxScore":9,"error":1},"keyphraseLength":{"score":9,"maxScore":9,"error":0,"length":2},"keyphraseInURL":{"score":1,"maxScore":5,"error":1},"keyphraseInIntroduction":{"score":9,"maxScore":9,"error":0},"keyphraseInSubHeadings":{"score":3,"maxScore":9,"error":1},"keyphraseInImageAlt":{"score":3,"maxScore":9,"error":1},"keywordDensity":{"type":"best","score":9,"maxScore":9,"error":0}}},"additional":[{"keyphrase":"Caf\u00e9s","score":73,"analysis":{"keyphraseInDescription":{"score":3,"maxScore":9,"error":1},"keyphraseLength":{"score":9,"maxScore":9,"error":0,"length":2},"keyphraseInIntroduction":{"score":9,"maxScore":9,"error":0},"keyphraseInImageAlt":{"score":3,"maxScore":9,"error":1},"keywordDensity":{"type":"best","score":9,"maxScore":9,"error":0}}},{"keyphrase":"Guatemala","score":100,"analysis":{"keyphraseInDescription":{"score":9,"maxScore":9,"error":0},"keyphraseLength":{"score":9,"maxScore":9,"error":0,"length":1},"keyphraseInIntroduction":{"score":9,"maxScore":9,"error":0},"keyphraseInImageAlt":{"score":9,"maxScore":9,"error":0},"keywordDensity":{"type":"best","score":9,"maxScore":9,"error":0}}}]},"primary_term":null,"canonical_url":null,"og_title":null,"og_description":null,"og_object_type":"default","og_image_type":"default","og_image_url":null,"og_image_width":null,"og_image_height":null,"og_image_custom_url":null,"og_image_custom_fields":null,"og_video":"","og_custom_url":null,"og_article_section":null,"og_article_tags":null,"twitter_use_og":false,"twitter_card":"default","twitter_image_type":"default","twitter_image_url":null,"twitter_image_custom_url":null,"twitter_image_custom_fields":null,"twitter_title":null,"twitter_description":null,"schema":{"blockGraphs":[],"customGraphs":[],"default":{"data":{"Article":[],"Course":[],"Dataset":[],"FAQPage":[],"Movie":[],"Person":[],"Product":[],"ProductReview":[],"Car":[],"Recipe":[],"Service":[],"SoftwareApplication":[],"WebPage":[]},"graphName":"Article","isEnabled":true},"graphs":[]},"schema_type":"default","schema_type_options":null,"pillar_content":false,"robots_default":true,"robots_noindex":false,"robots_noarchive":false,"robots_nosnippet":false,"robots_nofollow":false,"robots_noimageindex":false,"robots_noodp":false,"robots_notranslate":false,"robots_max_snippet":"-1","robots_max_videopreview":"-1","robots_max_imagepreview":"large","priority":null,"frequency":"default","local_seo":null,"seo_analyzer_scan_date":"2025-10-09 00:57:18","breadcrumb_settings":null,"limit_modified_date":false,"reviewed_by":null,"open_ai":"{\"title\":{\"suggestions\":[],\"usage\":0},\"description\":{\"suggestions\":[],\"usage\":0}}","ai":null,"created":"2024-12-10 20:26:42","updated":"2026-02-04 18:20:42"},"aioseo_breadcrumb":"<div class=\"aioseo-breadcrumbs\"><span class=\"aioseo-breadcrumb\">\n\t<a href=\"https:\/\/soymigrante.com\/revista\" title=\"Home\">Home<\/a>\n<\/span><span class=\"aioseo-breadcrumb-separator\">\u00bb<\/span><span class=\"aioseo-breadcrumb\">\n\t<a href=\"https:\/\/soymigrante.com\/revista\/category\/guate-nuestra\/\" title=\"Guate Nuestra\">Guate Nuestra<\/a>\n<\/span><span class=\"aioseo-breadcrumb-separator\">\u00bb<\/span><span class=\"aioseo-breadcrumb\">\n\tCaf\u00e9 de Guatemala y sus 10 regiones de cultivo, cada una con  sabor y aroma propio\n<\/span><\/div>","aioseo_breadcrumb_json":[{"label":"Home","link":"https:\/\/soymigrante.com\/revista"},{"label":"Guate Nuestra","link":"https:\/\/soymigrante.com\/revista\/category\/guate-nuestra\/"},{"label":"Caf\u00e9 de Guatemala y sus 10 regiones de cultivo, cada una con  sabor y aroma propio","link":"https:\/\/soymigrante.com\/revista\/cafe-de-guatemala-y-sus-10-regiones-de-cultivo-cada-una-con-sabor-y-aroma-propio\/"}],"_links":{"self":[{"href":"https:\/\/soymigrante.com\/revista\/wp-json\/wp\/v2\/posts\/15968","targetHints":{"allow":["GET"]}}],"collection":[{"href":"https:\/\/soymigrante.com\/revista\/wp-json\/wp\/v2\/posts"}],"about":[{"href":"https:\/\/soymigrante.com\/revista\/wp-json\/wp\/v2\/types\/post"}],"author":[{"embeddable":true,"href":"https:\/\/soymigrante.com\/revista\/wp-json\/wp\/v2\/users\/19"}],"replies":[{"embeddable":true,"href":"https:\/\/soymigrante.com\/revista\/wp-json\/wp\/v2\/comments?post=15968"}],"version-history":[{"count":3,"href":"https:\/\/soymigrante.com\/revista\/wp-json\/wp\/v2\/posts\/15968\/revisions"}],"predecessor-version":[{"id":46866,"href":"https:\/\/soymigrante.com\/revista\/wp-json\/wp\/v2\/posts\/15968\/revisions\/46866"}],"wp:featuredmedia":[{"embeddable":true,"href":"https:\/\/soymigrante.com\/revista\/wp-json\/wp\/v2\/media\/15969"}],"wp:attachment":[{"href":"https:\/\/soymigrante.com\/revista\/wp-json\/wp\/v2\/media?parent=15968"}],"wp:term":[{"taxonomy":"category","embeddable":true,"href":"https:\/\/soymigrante.com\/revista\/wp-json\/wp\/v2\/categories?post=15968"},{"taxonomy":"post_tag","embeddable":true,"href":"https:\/\/soymigrante.com\/revista\/wp-json\/wp\/v2\/tags?post=15968"}],"curies":[{"name":"wp","href":"https:\/\/api.w.org\/{rel}","templated":true}]}}