{"id":15906,"date":"2024-12-25T09:00:00","date_gmt":"2024-12-25T15:00:00","guid":{"rendered":"https:\/\/soymigrante.com\/revista\/?p=15906"},"modified":"2025-01-06T16:56:47","modified_gmt":"2025-01-06T22:56:47","slug":"el-robo-del-nino-dios-una-tradicion-peculiar-de-guatemala","status":"publish","type":"post","link":"https:\/\/soymigrante.com\/revista\/el-robo-del-nino-dios-una-tradicion-peculiar-de-guatemala\/","title":{"rendered":"El robo del Ni\u00f1o Dios: Preguntas y respuestas de una tradici\u00f3n peculiar de Guatemala"},"content":{"rendered":"\t\t<div data-elementor-type=\"wp-post\" data-elementor-id=\"15906\" class=\"elementor elementor-15906\" data-elementor-post-type=\"post\">\n\t\t\t\t<div data-particle_enable=\"false\" data-particle-mobile-disabled=\"false\" class=\"elementor-element elementor-element-815b77f e-flex e-con-boxed e-con e-parent\" data-id=\"815b77f\" data-element_type=\"container\" data-e-type=\"container\">\n\t\t\t\t\t<div class=\"e-con-inner\">\n\t\t\t\t<div class=\"elementor-element elementor-element-ea5f217 elementor-widget elementor-widget-heading\" data-id=\"ea5f217\" data-element_type=\"widget\" data-e-type=\"widget\" data-widget_type=\"heading.default\">\n\t\t\t\t\t<h2 class=\"elementor-heading-title elementor-size-default\">\u00bfPor qu\u00e9 robarse a un Ni\u00f1o Dios del Nacimiento? \u00bfQu\u00e9 significa esta tradici\u00f3n? Estas y otras preguntas y respuestas te las respondemos aqu\u00ed.<\/h2>\t\t\t\t<\/div>\n\t\t\t\t\t<\/div>\n\t\t\t\t<\/div>\n\t\t<div data-particle_enable=\"false\" data-particle-mobile-disabled=\"false\" class=\"elementor-element elementor-element-a4824a8 e-flex e-con-boxed e-con e-parent\" data-id=\"a4824a8\" data-element_type=\"container\" data-e-type=\"container\">\n\t\t\t\t\t<div class=\"e-con-inner\">\n\t\t\t\t<div class=\"elementor-element elementor-element-3a09bb2 elementor-widget elementor-widget-text-editor\" data-id=\"3a09bb2\" data-element_type=\"widget\" data-e-type=\"widget\" data-widget_type=\"text-editor.default\">\n\t\t\t\t\t\t\t\t\t<p>Hay muchas tradiciones guatemaltecas de fin y principio de a\u00f1o. Una de ellas es el &#8220;Robo del Ni\u00f1o Dios&#8221;.\u00a0 Actualmente es menos com\u00fan que anta\u00f1o, pero todav\u00eda hay quienes lo practican. Estas son algunas preguntas y respuestas sobre esta acci\u00f3n.<\/p>\t\t\t\t\t\t\t\t<\/div>\n\t\t\t\t\t<\/div>\n\t\t\t\t<\/div>\n\t\t<div data-particle_enable=\"false\" data-particle-mobile-disabled=\"false\" class=\"elementor-element elementor-element-ce18b7c e-flex e-con-boxed e-con e-parent\" data-id=\"ce18b7c\" data-element_type=\"container\" data-e-type=\"container\">\n\t\t\t\t\t<div class=\"e-con-inner\">\n\t\t\t\t<div class=\"elementor-element elementor-element-e4e8d79 elementor-widget elementor-widget-heading\" data-id=\"e4e8d79\" data-element_type=\"widget\" data-e-type=\"widget\" data-widget_type=\"heading.default\">\n\t\t\t\t\t<h3 class=\"elementor-heading-title elementor-size-default\">\u00bfPor qu\u00e9 se roban al Ni\u00f1o Dios?<\/h3>\t\t\t\t<\/div>\n\t\t\t\t\t<\/div>\n\t\t\t\t<\/div>\n\t\t<div data-particle_enable=\"false\" data-particle-mobile-disabled=\"false\" class=\"elementor-element elementor-element-8ef282e e-flex e-con-boxed e-con e-parent\" data-id=\"8ef282e\" data-element_type=\"container\" data-e-type=\"container\">\n\t\t\t\t\t<div class=\"e-con-inner\">\n\t\t\t\t<div class=\"elementor-element elementor-element-ccd9640 elementor-widget elementor-widget-text-editor\" data-id=\"ccd9640\" data-element_type=\"widget\" data-e-type=\"widget\" data-widget_type=\"text-editor.default\">\n\t\t\t\t\t\t\t\t\t<p>En la \u00e9poca posterior a la Navidad, cuando el nacimiento est\u00e1 completo, con todo y el Ni\u00f1o Jes\u00fas nacido el 25 de diciembre, suele haber muchas visitas de familiares, vecinos o amigos que llegan a admirar esta escenificaci\u00f3n de Bel\u00e9n.<\/p><p>Sin que nadie se de cuenta, una persona, a t\u00edtulo individual o en nombre de su familia, agarra\u00a0<span style=\"color: var( --e-global-color-text ); text-align: var(--text-align);\">la figura del Ni\u00f1o Jes\u00fas del Nacimiento. Esto puede ocurrir desde el mismo 25 de diciembre y d\u00edas siguientes. El ciclo Navide\u00f1o tradicional finaliza el 2 de febrero, D\u00eda de Candelaria. Quien se roba al Ni\u00f1o tiene una buena intenci\u00f3n: nadie sabe su identidad, pero al robarse la imagen est\u00e1 comprometido a devolverla,<\/span><span style=\"color: var( --e-global-color-text ); text-align: var(--text-align);\">posteriormente, organizando una fiesta en su honor.\u00a0<\/span><\/p><p><span style=\"color: var( --e-global-color-text ); text-align: var(--text-align);\">Este evento incluye m\u00fasica, comidas t\u00edpicas como <a href=\"https:\/\/soymigrante.com\/revista\/tamales-de-guatemala-variedad-y-recetas-de-una-tradicion-de-sabor\/\">tamales<\/a> y atol, y, en ocasiones, procesiones que simbolizan el retorno de la figura a su hogar.<\/span><\/p>\t\t\t\t\t\t\t\t<\/div>\n\t\t\t\t\t<\/div>\n\t\t\t\t<\/div>\n\t\t<div data-particle_enable=\"false\" data-particle-mobile-disabled=\"false\" class=\"elementor-element elementor-element-508f54f e-flex e-con-boxed e-con e-parent\" data-id=\"508f54f\" data-element_type=\"container\" data-e-type=\"container\">\n\t\t\t\t\t<div class=\"e-con-inner\">\n\t\t\t\t<div class=\"elementor-element elementor-element-a574f12 elementor-widget elementor-widget-heading\" data-id=\"a574f12\" data-element_type=\"widget\" data-e-type=\"widget\" data-widget_type=\"heading.default\">\n\t\t\t\t\t<h3 class=\"elementor-heading-title elementor-size-default\">\u00bfCu\u00e1ndo surgi\u00f3 esta tradici\u00f3n?<\/h3>\t\t\t\t<\/div>\n\t\t\t\t\t<\/div>\n\t\t\t\t<\/div>\n\t\t<div data-particle_enable=\"false\" data-particle-mobile-disabled=\"false\" class=\"elementor-element elementor-element-06de2ae e-flex e-con-boxed e-con e-parent\" data-id=\"06de2ae\" data-element_type=\"container\" data-e-type=\"container\">\n\t\t\t\t\t<div class=\"e-con-inner\">\n\t\t\t\t<div class=\"elementor-element elementor-element-a101aa5 elementor-widget elementor-widget-text-editor\" data-id=\"a101aa5\" data-element_type=\"widget\" data-e-type=\"widget\" data-widget_type=\"text-editor.default\">\n\t\t\t\t\t\t\t\t\t<p>La devoci\u00f3n de los Belenes o Nacimientos fue creada por San Francisco de As\u00eds en el siglo XII y se extendi\u00f3 por toda Europa. Cuando ocurre la Evangelizaci\u00f3n de Am\u00e9rica, llega tambi\u00e9n esta tradici\u00f3n, que en Guatemala <a href=\"https:\/\/soymigrante.com\/revista\/nacimiento-guatemalteco-es-una-tradicion-de-fe-artesania-y-union\/\">fue impulsada especialmente por el Santo Hermano Pedro de Betancur.<\/a><\/p><p>No existen datos certeros sobre el momento en que se empez\u00f3 a &#8220;robar&#8221; al Ni\u00f1o Dios, pero la tradici\u00f3n es propia de Guatemala, tambi\u00e9n de Honduras y Venezuela. Se supone que floreci\u00f3 en la \u00e9poca colonial, posiblemente para aludir la Huida de la Sagrada Familia a Egipto para escapar de la Matanza de los Inocentes ordenada por Herodes.\u00a0<\/p><p>Otras versiones apuntan a que representa tambi\u00e9n el momento en que Jes\u00fas, a los 12 a\u00f1os, se queda en Jerusal\u00e9n y sus padres creen que est\u00e1 perdido, lo buscan con desesperaci\u00f3n y lo encuentran entre los maestros de la ley, ense\u00f1\u00e1ndoles y haci\u00e9ndoles preguntas.\u00a0\u00a0<\/p><p><span style=\"font-family: Roboto, sans-serif; font-size: 16px; font-style: normal; font-variant-ligatures: normal; font-variant-caps: normal; font-weight: 400;\">Algunos historiadores ndican que la pr\u00e1ctica gan\u00f3 popularidad tras la Reforma Liberal de 1871, cuando la religi\u00f3n popular tom\u00f3 m\u00e1s protagonismo en ausencia de \u00f3rdenes religiosas. Las im\u00e1genes de devoci\u00f3n eran resguardadas en hogares, incluyendo Misterios, es decir Sagradas Familias talladas en la \u00e9poca colonial y cuyo valor era incalculable.<\/span><\/p>\t\t\t\t\t\t\t\t<\/div>\n\t\t\t\t\t<\/div>\n\t\t\t\t<\/div>\n\t\t<div data-particle_enable=\"false\" data-particle-mobile-disabled=\"false\" class=\"elementor-element elementor-element-da61b4c e-flex e-con-boxed e-con e-parent\" data-id=\"da61b4c\" data-element_type=\"container\" data-e-type=\"container\">\n\t\t\t\t\t<div class=\"e-con-inner\">\n\t\t\t\t<div class=\"elementor-element elementor-element-68f20b9 elementor-widget elementor-widget-image\" data-id=\"68f20b9\" data-element_type=\"widget\" data-e-type=\"widget\" data-widget_type=\"image.default\">\n\t\t\t\t\t\t\t\t\t\t\t\t\t\t\t<img fetchpriority=\"high\" decoding=\"async\" width=\"768\" height=\"576\" src=\"https:\/\/soymigrante.com\/revista\/wp-content\/uploads\/2024\/12\/pesebre-1024x768.jpg\" class=\"attachment-large size-large wp-image-15914\" alt=\"Nacimiento de Jes\u00fas en pesebre con figuras de cer\u00e1mica y vegetaci\u00f3n seca, ideal para decoraci\u00f3n navide\u00f1a, reflejando la tradici\u00f3n cristiana en la celebraci\u00f3n de la Navidad.\" srcset=\"https:\/\/soymigrante.com\/revista\/wp-content\/uploads\/2024\/12\/pesebre-1024x768.jpg 1024w, https:\/\/soymigrante.com\/revista\/wp-content\/uploads\/2024\/12\/pesebre-300x225.jpg 300w, https:\/\/soymigrante.com\/revista\/wp-content\/uploads\/2024\/12\/pesebre-768x576.jpg 768w, https:\/\/soymigrante.com\/revista\/wp-content\/uploads\/2024\/12\/pesebre-1536x1152.jpg 1536w, https:\/\/soymigrante.com\/revista\/wp-content\/uploads\/2024\/12\/pesebre-2048x1536.jpg 2048w, https:\/\/soymigrante.com\/revista\/wp-content\/uploads\/2024\/12\/pesebre-750x563.webp 750w, https:\/\/soymigrante.com\/revista\/wp-content\/uploads\/2024\/12\/pesebre-1140x855.webp 1140w, https:\/\/soymigrante.com\/revista\/wp-content\/uploads\/2024\/12\/pesebre-scaled.webp 1920w\" sizes=\"(max-width: 768px) 100vw, 768px\" title=\"pesebre \u2013 SoyMigrante.com REVISTA\" \/>\t\t\t\t\t\t\t\t\t\t\t\t\t\t\t<\/div>\n\t\t\t\t\t<\/div>\n\t\t\t\t<\/div>\n\t\t<div data-particle_enable=\"false\" data-particle-mobile-disabled=\"false\" class=\"elementor-element elementor-element-09fb7dc e-flex e-con-boxed e-con e-parent\" data-id=\"09fb7dc\" data-element_type=\"container\" data-e-type=\"container\">\n\t\t\t\t\t<div class=\"e-con-inner\">\n\t\t\t\t<div class=\"elementor-element elementor-element-7891c07 elementor-widget elementor-widget-heading\" data-id=\"7891c07\" data-element_type=\"widget\" data-e-type=\"widget\" data-widget_type=\"heading.default\">\n\t\t\t\t\t<h3 class=\"elementor-heading-title elementor-size-default\">\u00bfCu\u00e1ndo se produce la devoluci\u00f3n del Ni\u00f1o Dios? <\/h3>\t\t\t\t<\/div>\n\t\t\t\t\t<\/div>\n\t\t\t\t<\/div>\n\t\t<div data-particle_enable=\"false\" data-particle-mobile-disabled=\"false\" class=\"elementor-element elementor-element-11ee8b0 e-flex e-con-boxed e-con e-parent\" data-id=\"11ee8b0\" data-element_type=\"container\" data-e-type=\"container\">\n\t\t\t\t\t<div class=\"e-con-inner\">\n\t\t\t\t<div class=\"elementor-element elementor-element-4d70cbe elementor-widget elementor-widget-text-editor\" data-id=\"4d70cbe\" data-element_type=\"widget\" data-e-type=\"widget\" data-widget_type=\"text-editor.default\">\n\t\t\t\t\t\t\t\t\t<p>La entrega suele realizarse en d\u00edas espec\u00edficos como el 6 de enero, D\u00eda de Reyes, o al final de los rezados de Novena al Ni\u00f1o Jes\u00fas, que suelen terminar en un s\u00e1bado de enero. Tambi\u00e9n hay fiestas de devoluci\u00f3n el 2 de Febrero, o 2 de Candelaria.\u00a0<\/p><p>En los per\u00edodos m\u00e1s prolongados puede llegar hasta el Domingo anterior al inicio de la <a href=\"https:\/\/soymigrante.com\/revista\/semana-santa-guatemalteca-sin-fronteras-cruza-el-mar\/\">Cuaresma<\/a>.<span style=\"color: var( --e-global-color-text ); text-align: var(--text-align);\">\u00a0 Sin embargo tambi\u00e9n se reportan casos algunos casos en que la devoluci\u00f3n ocurr\u00eda hasta un a\u00f1o despu\u00e9s, en la Nochebuena siguiente, transformando la actividad en un evento de comunidad y celebraci\u00f3n extendida.<\/span><\/p><p>Aunque no existe un registro claro sobre el inicio del robo del Ni\u00f1o Dios, se sugiere que pudo haber surgido durante la \u00e9poca colonial. Algunos relacionan la tradici\u00f3n con el pasaje b\u00edblico en el que Jes\u00fas es encontrado en el templo despu\u00e9s de haber estado &#8220;perdido&#8221; por tres d\u00edas seg\u00fan pasaje b\u00edblico de San Lucas.<\/p>\t\t\t\t\t\t\t\t<\/div>\n\t\t\t\t\t<\/div>\n\t\t\t\t<\/div>\n\t\t<div data-particle_enable=\"false\" data-particle-mobile-disabled=\"false\" class=\"elementor-element elementor-element-dbda782 e-flex e-con-boxed e-con e-parent\" data-id=\"dbda782\" data-element_type=\"container\" data-e-type=\"container\">\n\t\t\t\t\t<div class=\"e-con-inner\">\n\t\t\t\t<div class=\"elementor-element elementor-element-e68f6bc elementor-widget elementor-widget-video\" data-id=\"e68f6bc\" data-element_type=\"widget\" data-e-type=\"widget\" data-settings=\"{&quot;youtube_url&quot;:&quot;https:\\\/\\\/www.youtube.com\\\/watch?v=5ot05FbH1Y8&quot;,&quot;video_type&quot;:&quot;youtube&quot;,&quot;controls&quot;:&quot;yes&quot;}\" data-widget_type=\"video.default\">\n\t\t\t\t\t\t\t<div class=\"elementor-wrapper elementor-open-inline\">\n\t\t\t<div class=\"elementor-video\"><\/div>\t\t<\/div>\n\t\t\t\t\t\t<\/div>\n\t\t\t\t\t<\/div>\n\t\t\t\t<\/div>\n\t\t<div data-particle_enable=\"false\" data-particle-mobile-disabled=\"false\" class=\"elementor-element elementor-element-f8c5dba e-flex e-con-boxed e-con e-parent\" data-id=\"f8c5dba\" data-element_type=\"container\" data-e-type=\"container\">\n\t\t\t\t\t<div class=\"e-con-inner\">\n\t\t\t\t<div class=\"elementor-element elementor-element-569fd14 elementor-widget elementor-widget-heading\" data-id=\"569fd14\" data-element_type=\"widget\" data-e-type=\"widget\" data-widget_type=\"heading.default\">\n\t\t\t\t\t<h3 class=\"elementor-heading-title elementor-size-default\">\u00bfEn qu\u00e9 lugares de Guatemala a\u00fan permanece esta tradici\u00f3n del Robo del Ni\u00f1o Dios?<\/h3>\t\t\t\t<\/div>\n\t\t\t\t\t<\/div>\n\t\t\t\t<\/div>\n\t\t<div data-particle_enable=\"false\" data-particle-mobile-disabled=\"false\" class=\"elementor-element elementor-element-8d325a4 e-flex e-con-boxed e-con e-parent\" data-id=\"8d325a4\" data-element_type=\"container\" data-e-type=\"container\">\n\t\t\t\t\t<div class=\"e-con-inner\">\n\t\t\t\t<div class=\"elementor-element elementor-element-ac97fdb elementor-widget elementor-widget-text-editor\" data-id=\"ac97fdb\" data-element_type=\"widget\" data-e-type=\"widget\" data-widget_type=\"text-editor.default\">\n\t\t\t\t\t\t\t\t\t<p>Dentro de las comunidades donde a\u00fan se festeja el Robo y Devoluci\u00f3n del Ni\u00f1o Jes\u00fas est\u00e1 San Juan Sacatep\u00e9quez, Guatemala y San Juan Comalapa, Chimaltenango. Quien se lo lleva lo resguarda en un lugar especial, honroso de su casa, mientras prepara la entrega a sus leg\u00edtimos due\u00f1os, por supuesto con una comida y una reuni\u00f3n especial. El Ni\u00f1o es trasladado de manera destacada, con un altar m\u00f3vil.<\/p><p>En algunos barrios de Totonicap\u00e1n tambi\u00e9n se acostumbra llevarse al Ni\u00f1o, pero en algunas ocasiones lo devuelven hasta el a\u00f1o siguiente. En este caso, suele haber &#8220;testigos&#8221; de qui\u00e9n lo tom\u00f3, para que exista constancia de que no hay intenci\u00f3n maliciosa sino al contrario, es una forma de expresar admiraci\u00f3n por el Nacimiento visitado y aprecio por la familia propietaria. La fiesta de devoluci\u00f3n suele ser entre el 10 y el 23 de Diciembre, para que en Nochebuena, Jes\u00fas vuelva a estar en casa. Tambi\u00e9n hay comida tradicional con tamales, atol de maiz y tambi\u00e9n marimba.<\/p><p>Tambi\u00e9n existen &#8220;robos de Ni\u00f1o Dios&#8221; en Quetzaltenango y Solol\u00e1, aunque cada vez\u00a0 se trata de una actividad m\u00e1s inusual.<\/p>\t\t\t\t\t\t\t\t<\/div>\n\t\t\t\t\t<\/div>\n\t\t\t\t<\/div>\n\t\t<div data-particle_enable=\"false\" data-particle-mobile-disabled=\"false\" class=\"elementor-element elementor-element-9e16b19 e-flex e-con-boxed e-con e-parent\" data-id=\"9e16b19\" data-element_type=\"container\" data-e-type=\"container\">\n\t\t\t\t\t<div class=\"e-con-inner\">\n\t\t\t\t<div class=\"elementor-element elementor-element-5423778 elementor-invisible elementor-widget elementor-widget-facebook-embed\" data-id=\"5423778\" data-element_type=\"widget\" data-e-type=\"widget\" data-settings=\"{&quot;_animation&quot;:&quot;zoomInDown&quot;}\" data-widget_type=\"facebook-embed.default\">\n\t\t\t\t\t<div style=\"min-height: 1px\" class=\"elementor-facebook-widget fb-video\" data-href=\"https:\/\/www.facebook.com\/100070202508072\/videos\/entrega-del-ni%C3%B1o-dios-robado-en-el-barrio-el-gallito-zona-3-san-juan-sacatep%C3%A9que\/412684224613979\/\" data-show-text=\"false\" data-allowfullscreen=\"false\" data-autoplay=\"false\" data-show-captions=\"false\"><\/div>\t\t\t\t<\/div>\n\t\t\t\t\t<\/div>\n\t\t\t\t<\/div>\n\t\t<div data-particle_enable=\"false\" data-particle-mobile-disabled=\"false\" class=\"elementor-element elementor-element-70c735b e-flex e-con-boxed e-con e-parent\" data-id=\"70c735b\" data-element_type=\"container\" data-e-type=\"container\">\n\t\t\t\t\t<div class=\"e-con-inner\">\n\t\t\t\t<div class=\"elementor-element elementor-element-9c33627 elementor-widget elementor-widget-heading\" data-id=\"9c33627\" data-element_type=\"widget\" data-e-type=\"widget\" data-widget_type=\"heading.default\">\n\t\t\t\t\t<h3 class=\"elementor-heading-title elementor-size-default\">\u00bfPor qu\u00e9 ha ido desapareciendo esta tradici\u00f3n?<\/h3>\t\t\t\t<\/div>\n\t\t\t\t\t<\/div>\n\t\t\t\t<\/div>\n\t\t<div data-particle_enable=\"false\" data-particle-mobile-disabled=\"false\" class=\"elementor-element elementor-element-eb42dc3 e-flex e-con-boxed e-con e-parent\" data-id=\"eb42dc3\" data-element_type=\"container\" data-e-type=\"container\">\n\t\t\t\t\t<div class=\"e-con-inner\">\n\t\t\t\t<div class=\"elementor-element elementor-element-100b2f3 elementor-widget elementor-widget-text-editor\" data-id=\"100b2f3\" data-element_type=\"widget\" data-e-type=\"widget\" data-widget_type=\"text-editor.default\">\n\t\t\t\t\t\t\t\t\t<p>Esta tradici\u00f3n ha ido desapareciendo con el tiempo debido a varios factores, como el cambio en las costumbres religiosas, la influencia de otras culturas y, lamentablemente, el aumento de la delincuencia que ha generado desconfianza.\u00a0<\/p><p>En la actualidad, el &#8220;robo&#8221; se realiza entre amigos y familiares de confianza, manteniendo el esp\u00edritu festivo pero en menor escala. El cambio de creencias religiosas lleva a las personas a vender o regalar sus im\u00e1genes de Natividad, con lo cual se reducen las posibilidades y el inter\u00e9s de efectuar la tradici\u00f3n.<\/p><p>Aunque ya no es tan com\u00fan, esta tradici\u00f3n sigue viva en algunas comunidades y contin\u00faa siendo un ejemplo fascinante\u00a0<a style=\"text-align: var(--text-align);\" href=\"https:\/\/soymigrante.com\/revista\/pensando-ya-en-regalos-articulos-muy-guatemaltecos-pueden-ser-una-buena-opcion\/\" target=\"_blank\" rel=\"noopener\">de las expresiones culturales de Guatemala.<\/a><\/p>\t\t\t\t\t\t\t\t<\/div>\n\t\t\t\t\t<\/div>\n\t\t\t\t<\/div>\n\t\t<div data-particle_enable=\"false\" data-particle-mobile-disabled=\"false\" class=\"elementor-element elementor-element-ec2ce8c e-flex e-con-boxed e-con e-parent\" data-id=\"ec2ce8c\" data-element_type=\"container\" data-e-type=\"container\">\n\t\t\t\t\t<div class=\"e-con-inner\">\n\t\t\t\t<div class=\"elementor-element elementor-element-b823d23 elementor-widget elementor-widget-video\" data-id=\"b823d23\" data-element_type=\"widget\" data-e-type=\"widget\" data-settings=\"{&quot;youtube_url&quot;:&quot;https:\\\/\\\/www.youtube.com\\\/watch?v=HQ64nG93eb8&quot;,&quot;video_type&quot;:&quot;youtube&quot;,&quot;controls&quot;:&quot;yes&quot;}\" data-widget_type=\"video.default\">\n\t\t\t\t\t\t\t<div class=\"elementor-wrapper elementor-open-inline\">\n\t\t\t<div class=\"elementor-video\"><\/div>\t\t<\/div>\n\t\t\t\t\t\t<\/div>\n\t\t\t\t\t<\/div>\n\t\t\t\t<\/div>\n\t\t<div data-particle_enable=\"false\" data-particle-mobile-disabled=\"false\" class=\"elementor-element elementor-element-dbc7f4c e-flex e-con-boxed e-con e-parent\" data-id=\"dbc7f4c\" data-element_type=\"container\" data-e-type=\"container\">\n\t\t\t\t\t<div class=\"e-con-inner\">\n\t\t\t\t<div class=\"elementor-element elementor-element-931eeb4 elementor-widget elementor-widget-heading\" data-id=\"931eeb4\" data-element_type=\"widget\" data-e-type=\"widget\" data-widget_type=\"heading.default\">\n\t\t\t\t\t<h2 class=\"elementor-heading-title elementor-size-default\">M\u00e1s de la cultura guatemalteca<\/h2>\t\t\t\t<\/div>\n\t\t\t\t\t<\/div>\n\t\t\t\t<\/div>\n\t\t<div data-particle_enable=\"false\" data-particle-mobile-disabled=\"false\" class=\"elementor-element elementor-element-c421ebc e-flex e-con-boxed e-con e-parent\" data-id=\"c421ebc\" data-element_type=\"container\" data-e-type=\"container\">\n\t\t\t\t\t<div class=\"e-con-inner\">\n\t\t\t\t<div class=\"elementor-element elementor-element-e66f527 elementor-grid-eael-col-3 elementor-grid-tablet-eael-col-2 elementor-grid-mobile-eael-col-1 elementor-widget elementor-widget-eael-post-grid\" data-id=\"e66f527\" data-element_type=\"widget\" data-e-type=\"widget\" data-settings=\"{&quot;eael_post_grid_columns&quot;:&quot;eael-col-3&quot;,&quot;eael_post_grid_columns_tablet&quot;:&quot;eael-col-2&quot;,&quot;eael_post_grid_columns_mobile&quot;:&quot;eael-col-1&quot;}\" data-widget_type=\"eael-post-grid.default\">\n\t\t\t\t\t<div id=\"eael-post-grid-e66f527\" class=\"eael-post-grid-container\">\n            <div class=\"eael-post-grid eael-post-appender eael-post-appender-e66f527 eael-post-grid-style-one\" data-layout-mode=\"masonry\"><article class=\"eael-grid-post  eael-post-grid-column eael-pg-post-15581 category-guate-nuestra\" data-id=\"15581\">\n        <div class=\"eael-grid-post-holder\">\n            <div class=\"eael-grid-post-holder-inner\"><div class=\"eael-entry-media\"><div class=\"eael-entry-overlay fade-in\"><i class=\"far fa-hand-pointer\" aria-hidden=\"true\"><\/i><a href=\"https:\/\/soymigrante.com\/revista\/nacimiento-guatemalteco-es-una-tradicion-de-fe-artesania-y-union\/\"><\/a><\/div><div class=\"eael-entry-thumbnail \">\n                <img decoding=\"async\" width=\"888\" height=\"888\" src=\"https:\/\/soymigrante.com\/revista\/wp-content\/uploads\/2024\/12\/nacimiento-guatemalteco-1.webp\" class=\"attachment-large size-large wp-image-15700\" alt=\"Pastor o figura religiosa en un nacimiento navide\u00f1o artesanal, con ovejas y detalles naturales en el entorno, representando la tradici\u00f3n cultural y religiosa en la celebraci\u00f3n navide\u00f1a en M\u00e9xico.\" srcset=\"https:\/\/soymigrante.com\/revista\/wp-content\/uploads\/2024\/12\/nacimiento-guatemalteco-1.webp 888w, https:\/\/soymigrante.com\/revista\/wp-content\/uploads\/2024\/12\/nacimiento-guatemalteco-1-300x300.jpg 300w, https:\/\/soymigrante.com\/revista\/wp-content\/uploads\/2024\/12\/nacimiento-guatemalteco-1-150x150.jpg 150w, https:\/\/soymigrante.com\/revista\/wp-content\/uploads\/2024\/12\/nacimiento-guatemalteco-1-768x768.jpg 768w, https:\/\/soymigrante.com\/revista\/wp-content\/uploads\/2024\/12\/nacimiento-guatemalteco-1-75x75.webp 75w, https:\/\/soymigrante.com\/revista\/wp-content\/uploads\/2024\/12\/nacimiento-guatemalteco-1-750x750.webp 750w\" sizes=\"(max-width: 888px) 100vw, 888px\" \/>\n            <\/div>\n        <\/div><div class=\"eael-entry-wrapper\"><header class=\"eael-entry-header\"><h2 class=\"eael-entry-title\"><a class=\"eael-grid-post-link\" href=\"https:\/\/soymigrante.com\/revista\/nacimiento-guatemalteco-es-una-tradicion-de-fe-artesania-y-union\/\" title=\"Nacimiento guatemalteco es una tradici\u00f3n de fe cultivada desde el siglo XVII por el Santo Hermano Pedro\">Nacimiento guatemalteco es una tradici\u00f3n de fe cultivada desde el siglo XVII por el Santo Hermano Pedro<\/a><\/h2><\/header><div class=\"eael-entry-content\">\n                        <div class=\"eael-grid-post-excerpt\"><a href=\"https:\/\/soymigrante.com\/revista\/nacimiento-guatemalteco-es-una-tradicion-de-fe-artesania-y-union\/\" class=\"eael-post-elements-readmore-btn\">CONOCE SU HISTORIA <\/a><\/div>\n                    <\/div><\/div><\/div>\n        <\/div>\n    <\/article><article class=\"eael-grid-post  eael-post-grid-column eael-pg-post-9526 category-pueblos-de-guatemala\" data-id=\"9526\">\n        <div class=\"eael-grid-post-holder\">\n            <div class=\"eael-grid-post-holder-inner\"><div class=\"eael-entry-media\"><div class=\"eael-entry-overlay fade-in\"><i class=\"far fa-hand-pointer\" aria-hidden=\"true\"><\/i><a href=\"https:\/\/soymigrante.com\/revista\/pueblo-ladino-integra-raices-y-mestizajes-de-guatemala\/\"><\/a><\/div><div class=\"eael-entry-thumbnail \">\n                <img decoding=\"async\" width=\"968\" height=\"968\" src=\"https:\/\/soymigrante.com\/revista\/wp-content\/uploads\/2024\/09\/mestizos.webp\" class=\"attachment-large size-large wp-image-9531\" alt=\"Pueblo ladino integra ra\u00edces, identidades y mestizajes culturales de Guatemala\" srcset=\"https:\/\/soymigrante.com\/revista\/wp-content\/uploads\/2024\/09\/mestizos.webp 968w, https:\/\/soymigrante.com\/revista\/wp-content\/uploads\/2024\/09\/mestizos-300x300.webp 300w, https:\/\/soymigrante.com\/revista\/wp-content\/uploads\/2024\/09\/mestizos-150x150.webp 150w, https:\/\/soymigrante.com\/revista\/wp-content\/uploads\/2024\/09\/mestizos-768x768.webp 768w, https:\/\/soymigrante.com\/revista\/wp-content\/uploads\/2024\/09\/mestizos-75x75.webp 75w, https:\/\/soymigrante.com\/revista\/wp-content\/uploads\/2024\/09\/mestizos-750x750.webp 750w\" sizes=\"(max-width: 968px) 100vw, 968px\" \/>\n            <\/div>\n        <\/div><div class=\"eael-entry-wrapper\"><header class=\"eael-entry-header\"><h2 class=\"eael-entry-title\"><a class=\"eael-grid-post-link\" href=\"https:\/\/soymigrante.com\/revista\/pueblo-ladino-integra-raices-y-mestizajes-de-guatemala\/\" title=\"Pueblo ladino integra ra\u00edces, identidades y mestizajes culturales de Guatemala\">Pueblo ladino integra ra\u00edces, identidades y mestizajes culturales de Guatemala<\/a><\/h2><\/header><div class=\"eael-entry-content\">\n                        <div class=\"eael-grid-post-excerpt\"><a href=\"https:\/\/soymigrante.com\/revista\/pueblo-ladino-integra-raices-y-mestizajes-de-guatemala\/\" class=\"eael-post-elements-readmore-btn\">CONOCE SU HISTORIA <\/a><\/div>\n                    <\/div><\/div><\/div>\n        <\/div>\n    <\/article><article class=\"eael-grid-post  eael-post-grid-column eael-pg-post-334 category-lugar-de-voces\" data-id=\"334\">\n        <div class=\"eael-grid-post-holder\">\n            <div class=\"eael-grid-post-holder-inner\"><div class=\"eael-entry-media\"><div class=\"eael-entry-overlay fade-in\"><i class=\"far fa-hand-pointer\" aria-hidden=\"true\"><\/i><a href=\"https:\/\/soymigrante.com\/revista\/a-guatemala-poema-del-nobel-de-literatura-miguel-angel-asturias\/\"><\/a><\/div><div class=\"eael-entry-thumbnail \">\n                <img loading=\"lazy\" decoding=\"async\" width=\"1024\" height=\"1024\" src=\"https:\/\/soymigrante.com\/revista\/wp-content\/uploads\/2023\/02\/mural-mariposa-scaled-e1728581437924-1024x1024.jpg\" class=\"attachment-large size-large wp-image-701\" alt=\"Mural en Momostenango\" srcset=\"https:\/\/soymigrante.com\/revista\/wp-content\/uploads\/2023\/02\/mural-mariposa-scaled-e1728581437924-1024x1024.jpg 1024w, https:\/\/soymigrante.com\/revista\/wp-content\/uploads\/2023\/02\/mural-mariposa-scaled-e1728581437924-300x300.webp 300w, https:\/\/soymigrante.com\/revista\/wp-content\/uploads\/2023\/02\/mural-mariposa-scaled-e1728581437924-150x150.webp 150w, https:\/\/soymigrante.com\/revista\/wp-content\/uploads\/2023\/02\/mural-mariposa-scaled-e1728581437924-768x768.jpg 768w, https:\/\/soymigrante.com\/revista\/wp-content\/uploads\/2023\/02\/mural-mariposa-scaled-e1728581437924-75x75.webp 75w, https:\/\/soymigrante.com\/revista\/wp-content\/uploads\/2023\/02\/mural-mariposa-scaled-e1728581437924-750x750.webp 750w, https:\/\/soymigrante.com\/revista\/wp-content\/uploads\/2023\/02\/mural-mariposa-scaled-e1728581437924-1140x1140.jpg 1140w, https:\/\/soymigrante.com\/revista\/wp-content\/uploads\/2023\/02\/mural-mariposa-scaled-e1728581437924.webp 1160w\" sizes=\"(max-width: 1024px) 100vw, 1024px\" \/>\n            <\/div>\n        <\/div><div class=\"eael-entry-wrapper\"><header class=\"eael-entry-header\"><h2 class=\"eael-entry-title\"><a class=\"eael-grid-post-link\" href=\"https:\/\/soymigrante.com\/revista\/a-guatemala-poema-del-nobel-de-literatura-miguel-angel-asturias\/\" title=\"A Guatemala, poema de Miguel \u00c1ngel Asturias\">A Guatemala, poema de Miguel \u00c1ngel Asturias<\/a><\/h2><\/header><div class=\"eael-entry-content\">\n                        <div class=\"eael-grid-post-excerpt\"><a href=\"https:\/\/soymigrante.com\/revista\/a-guatemala-poema-del-nobel-de-literatura-miguel-angel-asturias\/\" class=\"eael-post-elements-readmore-btn\">CONOCE SU HISTORIA <\/a><\/div>\n                    <\/div><\/div><\/div>\n        <\/div>\n    <\/article><\/div>\n            <div class=\"clearfix\"><\/div>\n        <\/div>\t\t\t\t<\/div>\n\t\t\t\t\t<\/div>\n\t\t\t\t<\/div>\n\t\t\t\t<\/div>\n\t\t","protected":false},"excerpt":{"rendered":"<p>\u00bfPor qu\u00e9 robarse a un Ni\u00f1o Dios del Nacimiento? \u00bfQu\u00e9 significa esta tradici\u00f3n? Estas y otras preguntas y respuestas te las respondemos aqu\u00ed. Hay muchas tradiciones guatemaltecas de fin y principio de a\u00f1o. Una de ellas es el &#8220;Robo del Ni\u00f1o Dios&#8221;.\u00a0 Actualmente es menos com\u00fan que anta\u00f1o, pero todav\u00eda hay quienes lo practican. Estas [&hellip;]<\/p>\n","protected":false},"author":23,"featured_media":15594,"comment_status":"open","ping_status":"open","sticky":false,"template":"","format":"standard","meta":{"_acf_changed":false,"_eb_attr":"","footnotes":""},"categories":[58],"tags":[],"class_list":["post-15906","post","type-post","status-publish","format-standard","has-post-thumbnail","hentry","category-guate-nuestra"],"acf":[],"aioseo_notices":[],"aioseo_head":"\n\t\t<!-- All in One SEO Pro 4.9.6.2 - aioseo.com -->\n\t<meta name=\"description\" content=\"A Guatemala, poema de Miguel \u00c1ngel Asturias\" \/>\n\t<meta name=\"robots\" content=\"max-snippet:-1, max-image-preview:large, max-video-preview:-1\" \/>\n\t<meta name=\"author\" content=\"SoyMigrante.com REVISTA\"\/>\n\t<link rel=\"canonical\" href=\"https:\/\/soymigrante.com\/revista\/a-guatemala-poema-del-nobel-de-literatura-miguel-angel-asturias\/\" \/>\n\t<meta name=\"generator\" content=\"All in One SEO Pro (AIOSEO) 4.9.6.2\" \/>\n\n\t\t<link rel=\"preconnect\" href=\"https:\/\/fonts.googleapis.com\" crossorigin>\n<link rel=\"preconnect\" href=\"https:\/\/fonts.gstatic.com\" crossorigin>\n\t\t<meta property=\"og:locale\" content=\"es_ES\" \/>\n\t\t<meta property=\"og:site_name\" content=\"SoyMigrante.com REVISTA \u2013 Nuestra misi\u00f3n es reconocer y dignificar al migrante.\" \/>\n\t\t<meta property=\"og:type\" content=\"article\" \/>\n\t\t<meta property=\"og:title\" content=\"A Guatemala, poema de Miguel \u00c1ngel Asturias\" \/>\n\t\t<meta property=\"og:description\" content=\"A Guatemala, poema de Miguel \u00c1ngel Asturias\" \/>\n\t\t<meta property=\"og:url\" content=\"https:\/\/soymigrante.com\/revista\/a-guatemala-poema-del-nobel-de-literatura-miguel-angel-asturias\/\" \/>\n\t\t<meta property=\"og:image\" content=\"https:\/\/soymigrante.com\/revista\/wp-content\/uploads\/2023\/02\/mural-mariposa-scaled-e1728581437924.webp\" \/>\n\t\t<meta property=\"og:image:secure_url\" content=\"https:\/\/soymigrante.com\/revista\/wp-content\/uploads\/2023\/02\/mural-mariposa-scaled-e1728581437924.webp\" \/>\n\t\t<meta property=\"og:image:width\" content=\"1160\" \/>\n\t\t<meta property=\"og:image:height\" content=\"1160\" \/>\n\t\t<meta property=\"article:published_time\" content=\"2023-05-26T00:33:23+00:00\" \/>\n\t\t<meta property=\"article:modified_time\" content=\"2025-09-16T13:18:14+00:00\" \/>\n\t\t<meta property=\"article:publisher\" content=\"https:\/\/www.facebook.com\/soymigrantecom\" \/>\n\t\t<meta name=\"twitter:card\" content=\"summary_large_image\" \/>\n\t\t<meta name=\"twitter:site\" content=\"@SoyMigrante_com\" \/>\n\t\t<meta name=\"twitter:title\" content=\"A Guatemala, poema de Miguel \u00c1ngel Asturias\" \/>\n\t\t<meta name=\"twitter:description\" content=\"A Guatemala, poema de Miguel \u00c1ngel Asturias\" \/>\n\t\t<meta name=\"twitter:creator\" content=\"@SoyMigrante_com\" \/>\n\t\t<meta name=\"twitter:image\" content=\"https:\/\/soymigrante.com\/revista\/wp-content\/uploads\/2023\/02\/mural-mariposa-scaled-e1728581437924.webp\" \/>\n\t\t<!-- All in One SEO Pro -->\r\n\t\t<title>A Guatemala, poema de Miguel \u00c1ngel Asturias<\/title>\n\n","aioseo_head_json":{"title":"A Guatemala, poema de Miguel \u00c1ngel Asturias","description":"A Guatemala, poema de Miguel \u00c1ngel Asturias","canonical_url":"https:\/\/soymigrante.com\/revista\/a-guatemala-poema-del-nobel-de-literatura-miguel-angel-asturias\/","robots":"max-snippet:-1, max-image-preview:large, max-video-preview:-1","keywords":"","webmasterTools":{"miscellaneous":"&lt;link rel=\"preconnect\" href=\"https:\/\/fonts.googleapis.com\" crossorigin&gt;\n&lt;link rel=\"preconnect\" href=\"https:\/\/fonts.gstatic.com\" crossorigin&gt;"},"schema":null,"og:locale":"es_ES","og:site_name":"SoyMigrante.com REVISTA \u2013 Nuestra misi\u00f3n es reconocer y dignificar al migrante.","og:type":"article","og:title":"A Guatemala, poema de Miguel \u00c1ngel Asturias","og:description":"A Guatemala, poema de Miguel \u00c1ngel Asturias","og:url":"https:\/\/soymigrante.com\/revista\/a-guatemala-poema-del-nobel-de-literatura-miguel-angel-asturias\/","og:image":"https:\/\/soymigrante.com\/revista\/wp-content\/uploads\/2023\/02\/mural-mariposa-scaled-e1728581437924.webp","og:image:secure_url":"https:\/\/soymigrante.com\/revista\/wp-content\/uploads\/2023\/02\/mural-mariposa-scaled-e1728581437924.webp","og:image:width":1160,"og:image:height":1160,"article:published_time":"2023-05-26T00:33:23+00:00","article:modified_time":"2025-09-16T13:18:14+00:00","article:publisher":"https:\/\/www.facebook.com\/soymigrantecom","twitter:card":"summary_large_image","twitter:site":"@SoyMigrante_com","twitter:title":"A Guatemala, poema de Miguel \u00c1ngel Asturias","twitter:description":"A Guatemala, poema de Miguel \u00c1ngel Asturias","twitter:creator":"@SoyMigrante_com","twitter:image":"https:\/\/soymigrante.com\/revista\/wp-content\/uploads\/2023\/02\/mural-mariposa-scaled-e1728581437924.webp"},"aioseo_meta_data":{"post_id":"15906","title":"Robo del Ni\u00f1o Dios: preguntas y respuestas de una tradici\u00f3n guatemalteca","description":"\u00bfPor qu\u00e9 se lo \"roban\"? \u00bfEs cierto que hay fiesta cuando lo devuelven? Estas y otras interrogantes sobre esta tradici\u00f3n guatemalteca, las encuentras aqu\u00ed.","keywords":null,"keyphrases":{"focus":{"keyphrase":"robo del Ni\u00f1o Dios","score":56,"analysis":{"keyphraseInTitle":{"score":9,"maxScore":9,"error":0},"keyphraseInDescription":{"score":3,"maxScore":9,"error":1},"keyphraseLength":{"score":6,"maxScore":9,"error":1,"length":5},"keyphraseInURL":{"score":5,"maxScore":5,"error":0},"keyphraseInIntroduction":{"score":9,"maxScore":9,"error":0},"keyphraseInSubHeadings":{"score":3,"maxScore":9,"error":1},"keyphraseInImageAlt":{"score":3,"maxScore":9,"error":1},"keywordDensity":{"score":0,"type":"low","maxScore":9,"error":1}}},"additional":[{"keyphrase":"tradici\u00f3n","score":73,"analysis":{"keyphraseInDescription":{"score":9,"maxScore":9,"error":0},"keyphraseLength":{"score":9,"maxScore":9,"error":0,"length":2},"keyphraseInIntroduction":{"score":3,"maxScore":9,"error":1},"keyphraseInImageAlt":{"score":3,"maxScore":9,"error":1},"keywordDensity":{"type":"best","score":9,"maxScore":9,"error":0}}},{"keyphrase":"Guatemala","score":60,"analysis":{"keyphraseInDescription":{"score":3,"maxScore":9,"error":1},"keyphraseLength":{"score":9,"maxScore":9,"error":0,"length":1},"keyphraseInIntroduction":{"score":3,"maxScore":9,"error":1},"keyphraseInImageAlt":{"score":3,"maxScore":9,"error":1},"keywordDensity":{"type":"best","score":9,"maxScore":9,"error":0}}},{"keyphrase":"Ni\u00f1o Dios","score":73,"analysis":{"keyphraseInDescription":{"score":3,"maxScore":9,"error":1},"keyphraseLength":{"score":9,"maxScore":9,"error":0,"length":3},"keyphraseInIntroduction":{"score":9,"maxScore":9,"error":0},"keyphraseInImageAlt":{"score":3,"maxScore":9,"error":1},"keywordDensity":{"type":"best","score":9,"maxScore":9,"error":0}}},{"keyphrase":"soy migrante","score":40,"analysis":{"keyphraseInDescription":{"score":3,"maxScore":9,"error":1},"keyphraseLength":{"score":9,"maxScore":9,"error":0,"length":2},"keyphraseInIntroduction":{"score":3,"maxScore":9,"error":1},"keyphraseInImageAlt":{"score":3,"maxScore":9,"error":1},"keywordDensity":{"score":0,"type":"low","maxScore":9,"error":1}}},{"keyphrase":"tradiciones guatemaltecas","score":53,"analysis":{"keyphraseInDescription":{"score":3,"maxScore":9,"error":1},"keyphraseLength":{"score":9,"maxScore":9,"error":0,"length":2},"keyphraseInIntroduction":{"score":9,"maxScore":9,"error":0},"keyphraseInImageAlt":{"score":3,"maxScore":9,"error":1},"keywordDensity":{"score":0,"type":"low","maxScore":9,"error":1}}},{"keyphrase":"Q&A","score":40,"analysis":{"keyphraseInDescription":{"score":3,"maxScore":9,"error":1},"keyphraseLength":{"score":9,"maxScore":9,"error":0,"length":1},"keyphraseInIntroduction":{"score":3,"maxScore":9,"error":1},"keyphraseInImageAlt":{"score":3,"maxScore":9,"error":1},"keywordDensity":{"score":0,"type":"low","maxScore":9,"error":1}}},{"keyphrase":"Preguntas y respuestas","score":53,"analysis":{"keyphraseInDescription":{"score":3,"maxScore":9,"error":1},"keyphraseLength":{"score":9,"maxScore":9,"error":0,"length":3},"keyphraseInIntroduction":{"score":9,"maxScore":9,"error":0},"keyphraseInImageAlt":{"score":3,"maxScore":9,"error":1},"keywordDensity":{"score":0,"type":"low","maxScore":9,"error":1}}}]},"primary_term":null,"canonical_url":null,"og_title":null,"og_description":null,"og_object_type":"default","og_image_type":"default","og_image_url":null,"og_image_width":null,"og_image_height":null,"og_image_custom_url":null,"og_image_custom_fields":null,"og_video":"","og_custom_url":null,"og_article_section":null,"og_article_tags":null,"twitter_use_og":false,"twitter_card":"default","twitter_image_type":"default","twitter_image_url":null,"twitter_image_custom_url":null,"twitter_image_custom_fields":null,"twitter_title":null,"twitter_description":null,"schema":{"blockGraphs":[],"customGraphs":[],"default":{"data":{"Article":[],"Course":[],"Dataset":[],"FAQPage":[],"Movie":[],"Person":[],"Product":[],"ProductReview":[],"Car":[],"Recipe":[],"Service":[],"SoftwareApplication":[],"WebPage":[]},"graphName":"BlogPosting","isEnabled":true},"graphs":[]},"schema_type":"default","schema_type_options":null,"pillar_content":false,"robots_default":true,"robots_noindex":false,"robots_noarchive":false,"robots_nosnippet":false,"robots_nofollow":false,"robots_noimageindex":false,"robots_noodp":false,"robots_notranslate":false,"robots_max_snippet":"-1","robots_max_videopreview":"-1","robots_max_imagepreview":"large","priority":null,"frequency":"default","local_seo":null,"seo_analyzer_scan_date":"2025-10-09 01:17:22","breadcrumb_settings":null,"limit_modified_date":false,"reviewed_by":null,"open_ai":"{\"title\":{\"suggestions\":[],\"usage\":0},\"description\":{\"suggestions\":[],\"usage\":0}}","ai":null,"created":"2024-12-10 13:49:41","updated":"2026-02-04 18:36:20"},"aioseo_breadcrumb":"<div class=\"aioseo-breadcrumbs\"><span class=\"aioseo-breadcrumb\">\n\t<a href=\"https:\/\/soymigrante.com\/revista\" title=\"Home\">Home<\/a>\n<\/span><span class=\"aioseo-breadcrumb-separator\">\u00bb<\/span><span class=\"aioseo-breadcrumb\">\n\t<a href=\"https:\/\/soymigrante.com\/revista\/category\/guate-nuestra\/\" title=\"Guate Nuestra\">Guate Nuestra<\/a>\n<\/span><span class=\"aioseo-breadcrumb-separator\">\u00bb<\/span><span class=\"aioseo-breadcrumb\">\n\tEl robo del Ni\u00f1o Dios: Preguntas y respuestas de una tradici\u00f3n peculiar de Guatemala\n<\/span><\/div>","aioseo_breadcrumb_json":[{"label":"Home","link":"https:\/\/soymigrante.com\/revista"},{"label":"Guate Nuestra","link":"https:\/\/soymigrante.com\/revista\/category\/guate-nuestra\/"},{"label":"El robo del Ni\u00f1o Dios: Preguntas y respuestas de una tradici\u00f3n peculiar de Guatemala","link":"https:\/\/soymigrante.com\/revista\/el-robo-del-nino-dios-una-tradicion-peculiar-de-guatemala\/"}],"_links":{"self":[{"href":"https:\/\/soymigrante.com\/revista\/wp-json\/wp\/v2\/posts\/15906","targetHints":{"allow":["GET"]}}],"collection":[{"href":"https:\/\/soymigrante.com\/revista\/wp-json\/wp\/v2\/posts"}],"about":[{"href":"https:\/\/soymigrante.com\/revista\/wp-json\/wp\/v2\/types\/post"}],"author":[{"embeddable":true,"href":"https:\/\/soymigrante.com\/revista\/wp-json\/wp\/v2\/users\/23"}],"replies":[{"embeddable":true,"href":"https:\/\/soymigrante.com\/revista\/wp-json\/wp\/v2\/comments?post=15906"}],"version-history":[{"count":0,"href":"https:\/\/soymigrante.com\/revista\/wp-json\/wp\/v2\/posts\/15906\/revisions"}],"wp:featuredmedia":[{"embeddable":true,"href":"https:\/\/soymigrante.com\/revista\/wp-json\/wp\/v2\/media\/15594"}],"wp:attachment":[{"href":"https:\/\/soymigrante.com\/revista\/wp-json\/wp\/v2\/media?parent=15906"}],"wp:term":[{"taxonomy":"category","embeddable":true,"href":"https:\/\/soymigrante.com\/revista\/wp-json\/wp\/v2\/categories?post=15906"},{"taxonomy":"post_tag","embeddable":true,"href":"https:\/\/soymigrante.com\/revista\/wp-json\/wp\/v2\/tags?post=15906"}],"curies":[{"name":"wp","href":"https:\/\/api.w.org\/{rel}","templated":true}]}}