{"id":15905,"date":"2025-12-13T08:23:19","date_gmt":"2025-12-13T14:23:19","guid":{"rendered":"https:\/\/soymigrante.com\/revista\/?p=15905"},"modified":"2025-12-13T08:23:26","modified_gmt":"2025-12-13T14:23:26","slug":"el-espiritu-de-alguna-navidad-pasada-se-refleja-en-etiquetas-de-cohetillos-cual-recuerdas","status":"publish","type":"post","link":"https:\/\/soymigrante.com\/revista\/el-espiritu-de-alguna-navidad-pasada-se-refleja-en-etiquetas-de-cohetillos-cual-recuerdas\/","title":{"rendered":"Etiquetas de cohetillos  guatemaltecos hacen estallar recuerdos de diciembres de ni\u00f1ez y juventud \u00bfCu\u00e1les recuerdas?"},"content":{"rendered":"\t\t<div data-elementor-type=\"wp-post\" data-elementor-id=\"15905\" class=\"elementor elementor-15905\" data-elementor-post-type=\"post\">\n\t\t\t\t<div data-particle_enable=\"false\" data-particle-mobile-disabled=\"false\" class=\"elementor-element elementor-element-54f6138 e-flex e-con-boxed e-con e-parent\" data-id=\"54f6138\" data-element_type=\"container\" data-e-type=\"container\">\n\t\t\t\t\t<div class=\"e-con-inner\">\n\t\t\t\t<div class=\"elementor-element elementor-element-20c1eaf elementor-widget elementor-widget-heading\" data-id=\"20c1eaf\" data-element_type=\"widget\" data-e-type=\"widget\" data-widget_type=\"heading.default\">\n\t\t\t\t\t<h2 class=\"elementor-heading-title elementor-size-default\">Los cohetillos son un juego pirot\u00e9cnico tradicional de Guatemala y sobre todo en la \u00e9poca de fin de a\u00f1o. En EE.UU. su uso suele estar restringido o prohibido seg\u00fan el Estado. Sin embargo, muchos migrantes quiz\u00e1 a\u00fan recuerdan algunas etiquetas de paquetes que son una explosi\u00f3n de alegr\u00eda.<\/h2>\t\t\t\t<\/div>\n\t\t\t\t\t<\/div>\n\t\t\t\t<\/div>\n\t\t<div data-particle_enable=\"false\" data-particle-mobile-disabled=\"false\" class=\"elementor-element elementor-element-aae7f19 e-flex e-con-boxed e-con e-parent\" data-id=\"aae7f19\" data-element_type=\"container\" data-e-type=\"container\">\n\t\t\t\t\t<div class=\"e-con-inner\">\n\t\t\t\t<div class=\"elementor-element elementor-element-5487917 elementor-widget elementor-widget-text-editor\" data-id=\"5487917\" data-element_type=\"widget\" data-e-type=\"widget\" data-widget_type=\"text-editor.default\">\n\t\t\t\t\t\t\t\t\t<p>La elaboraci\u00f3n de juegos pirot\u00e9cnicos en Guatemala es una industria artesanal desde tiempos de la colonia. A pesar del paso de los siglos, las temporadas tradicionales de fin de a\u00f1o constituyen la \u00e9poca de mayor uso de este tipo de artefactos, tanto lum\u00ednicos como explosivos.<\/p>\n<p>Aunque muchos productos de p\u00f3lvora actualmente provienen de China, la industria local de la coheter\u00eda se mantiene en municipios como San Juan Sacatep\u00e9quez, San Pedro Sacatep\u00e9quez, San Raimundo y Chuarrancho, en el departamento de Guatemala.&nbsp; Cada f\u00e1brica tiene su etiqueta, cuyo arte tiene un poco de surrealismo en busca de distinguirse de las otras pra paoder distinguirse, competir y ganar preferencia.<\/p><p>El perfil&nbsp;<a href=\"https:\/\/www.facebook.com\/MarcasDeCohetes\">Marcas Guatemaltecas de Cohetes<\/a> en Facebook re\u00fane una interesante colecci\u00f3n de etiquetas, recopila algunas y recibe aportes de lectores que expresan recuerdos y nostalgia por sus navidades pasadas.<\/p>\n<p>Estas son algunas de esas etiquetas. Quiz\u00e1 recuerdas alguna de la ni\u00f1ez o juventud.&nbsp;<\/p>\t\t\t\t\t\t\t\t<\/div>\n\t\t\t\t\t<\/div>\n\t\t\t\t<\/div>\n\t\t<div data-particle_enable=\"false\" data-particle-mobile-disabled=\"false\" class=\"elementor-element elementor-element-1d52079 e-flex e-con-boxed e-con e-parent\" data-id=\"1d52079\" data-element_type=\"container\" data-e-type=\"container\">\n\t\t\t\t\t<div class=\"e-con-inner\">\n\t\t\t\t<div class=\"elementor-element elementor-element-3129625 gallery-spacing-custom elementor-invisible elementor-widget elementor-widget-image-gallery\" data-id=\"3129625\" data-element_type=\"widget\" data-e-type=\"widget\" data-settings=\"{&quot;_animation&quot;:&quot;fadeInDown&quot;}\" data-widget_type=\"image-gallery.default\">\n\t\t\t\t\t\t\t<div class=\"elementor-image-gallery\">\n\t\t\t<div id='gallery-1' class='gallery galleryid-15905 gallery-columns-1 gallery-size-large'><figure class='gallery-item'>\n\t\t\t<div class='gallery-icon portrait'>\n\t\t\t\t<a data-elementor-open-lightbox=\"yes\" data-elementor-lightbox-slideshow=\"3129625\" data-elementor-lightbox-title=\"Rambo y su ametralladora\" data-elementor-lightbox-description=\"Imagen de un cartel vintage de cohetes y ametralladoras, resaltando la historia de armas caseras en Guatemala y su impacto en la cultura popular.\" data-e-action-hash=\"#elementor-action%3Aaction%3Dlightbox%26settings%3DeyJpZCI6MTU5MzUsInVybCI6Imh0dHBzOlwvXC9zb3ltaWdyYW50ZS5jb21cL3JldmlzdGFcL3dwLWNvbnRlbnRcL3VwbG9hZHNcLzIwMjRcLzEyXC9ldGlxdWV0YXMtZGUtY29oZXRpbGxvcy00LndlYnAiLCJzbGlkZXNob3ciOiIzMTI5NjI1In0%3D\" href='https:\/\/soymigrante.com\/revista\/wp-content\/uploads\/2024\/12\/etiquetas-de-cohetillos-4.webp'><img fetchpriority=\"high\" decoding=\"async\" width=\"765\" height=\"1024\" src=\"https:\/\/soymigrante.com\/revista\/wp-content\/uploads\/2024\/12\/etiquetas-de-cohetillos-4-765x1024.jpg\" class=\"attachment-large size-large\" alt=\"Caza de cohetes y ametralladoras con imagen de un hombre armado en un campo en explosi\u00f3n.\" aria-describedby=\"gallery-1-15935\" srcset=\"https:\/\/soymigrante.com\/revista\/wp-content\/uploads\/2024\/12\/etiquetas-de-cohetillos-4-765x1024.jpg 765w, https:\/\/soymigrante.com\/revista\/wp-content\/uploads\/2024\/12\/etiquetas-de-cohetillos-4-224x300.jpg 224w, https:\/\/soymigrante.com\/revista\/wp-content\/uploads\/2024\/12\/etiquetas-de-cohetillos-4-750x1004.webp 750w, https:\/\/soymigrante.com\/revista\/wp-content\/uploads\/2024\/12\/etiquetas-de-cohetillos-4.webp 768w\" sizes=\"(max-width: 765px) 100vw, 765px\" title=\"Rambo y su ametralladora \u2013 SoyMigrante.com REVISTA\" \/><\/a>\n\t\t\t<\/div>\n\t\t\t\t<figcaption class='wp-caption-text gallery-caption' id='gallery-1-15935'>\n\t\t\t\tRevista SoyMigrante.com con contenido sobre migraci\u00f3n, cultura y comunidades latinoamericanas.\n\t\t\t\t<\/figcaption><\/figure><figure class='gallery-item'>\n\t\t\t<div class='gallery-icon portrait'>\n\t\t\t\t<a data-elementor-open-lightbox=\"yes\" data-elementor-lightbox-slideshow=\"3129625\" data-elementor-lightbox-title=\"\u00bfAsustado o bravo?\" data-elementor-lightbox-description=\"Las explosiones de los cohetillos en un campo de noche parecen asustar al caballo negro. \u00bfO en realidad est\u00e1 disfrutando de la festividad?\" data-e-action-hash=\"#elementor-action%3Aaction%3Dlightbox%26settings%3DeyJpZCI6MTU5MzcsInVybCI6Imh0dHBzOlwvXC9zb3ltaWdyYW50ZS5jb21cL3JldmlzdGFcL3dwLWNvbnRlbnRcL3VwbG9hZHNcLzIwMjRcLzEyXC9ldGlxdWV0YXMtZGUtY29oZXRpbGxvcy03LndlYnAiLCJzbGlkZXNob3ciOiIzMTI5NjI1In0%3D\" href='https:\/\/soymigrante.com\/revista\/wp-content\/uploads\/2024\/12\/etiquetas-de-cohetillos-7.webp'><img decoding=\"async\" width=\"773\" height=\"960\" src=\"https:\/\/soymigrante.com\/revista\/wp-content\/uploads\/2024\/12\/etiquetas-de-cohetillos-7.webp\" class=\"attachment-large size-large\" alt=\"Cohetes, bombas, morteros y paquetes, juguetes pirot\u00e9cnicos, seguridad, riesgos, celebraci\u00f3n segura, fiesta, explosivos, prevenci\u00f3n, productos pirot\u00e9cnicos seguros.\" aria-describedby=\"gallery-1-15937\" srcset=\"https:\/\/soymigrante.com\/revista\/wp-content\/uploads\/2024\/12\/etiquetas-de-cohetillos-7.webp 773w, https:\/\/soymigrante.com\/revista\/wp-content\/uploads\/2024\/12\/etiquetas-de-cohetillos-7-242x300.jpg 242w, https:\/\/soymigrante.com\/revista\/wp-content\/uploads\/2024\/12\/etiquetas-de-cohetillos-7-768x954.jpg 768w, https:\/\/soymigrante.com\/revista\/wp-content\/uploads\/2024\/12\/etiquetas-de-cohetillos-7-750x931.webp 750w\" sizes=\"(max-width: 773px) 100vw, 773px\" title=\"\u00bfAsustado o bravo? \u2013 SoyMigrante.com REVISTA\" \/><\/a>\n\t\t\t<\/div>\n\t\t\t\t<figcaption class='wp-caption-text gallery-caption' id='gallery-1-15937'>\n\t\t\t\tFuego artificial y cohetes en empaque artesanal de Super Trueno para celebraciones, con dise\u00f1o colorido y tem\u00e1tica de caballos y flores.\n\t\t\t\t<\/figcaption><\/figure><figure class='gallery-item'>\n\t\t\t<div class='gallery-icon portrait'>\n\t\t\t\t<a data-elementor-open-lightbox=\"yes\" data-elementor-lightbox-slideshow=\"3129625\" data-elementor-lightbox-title=\"Color negro es recurrente\" data-elementor-lightbox-description=\"Por alguna raz\u00f3n, varios de los animalitos que ilustran las etiquetas de cohetes son negros, como este perro que transporta la ametralladora con paso juguet\u00f3n frente al Lago de Atitl\u00e1n.\" data-e-action-hash=\"#elementor-action%3Aaction%3Dlightbox%26settings%3DeyJpZCI6MTU5MzQsInVybCI6Imh0dHBzOlwvXC9zb3ltaWdyYW50ZS5jb21cL3JldmlzdGFcL3dwLWNvbnRlbnRcL3VwbG9hZHNcLzIwMjRcLzEyXC9ldGlxdWV0YXMtZGUtY29oZXRpbGxvcy0zLndlYnAiLCJzbGlkZXNob3ciOiIzMTI5NjI1In0%3D\" href='https:\/\/soymigrante.com\/revista\/wp-content\/uploads\/2024\/12\/etiquetas-de-cohetillos-3.webp'><img decoding=\"async\" width=\"772\" height=\"960\" src=\"https:\/\/soymigrante.com\/revista\/wp-content\/uploads\/2024\/12\/etiquetas-de-cohetillos-3.webp\" class=\"attachment-large size-large\" alt=\"Perro Negro, historia y leyendas del famoso perro de Guatemala, protagonista en revistasonline, cultura guatemalteca, animales tradicionales y folclore en Nachrichtenmagazin.\" aria-describedby=\"gallery-1-15934\" srcset=\"https:\/\/soymigrante.com\/revista\/wp-content\/uploads\/2024\/12\/etiquetas-de-cohetillos-3.webp 772w, https:\/\/soymigrante.com\/revista\/wp-content\/uploads\/2024\/12\/etiquetas-de-cohetillos-3-241x300.jpg 241w, https:\/\/soymigrante.com\/revista\/wp-content\/uploads\/2024\/12\/etiquetas-de-cohetillos-3-768x955.jpg 768w, https:\/\/soymigrante.com\/revista\/wp-content\/uploads\/2024\/12\/etiquetas-de-cohetillos-3-750x933.webp 750w\" sizes=\"(max-width: 772px) 100vw, 772px\" title=\"Color negro es recurrente \u2013 SoyMigrante.com REVISTA\" \/><\/a>\n\t\t\t<\/div>\n\t\t\t\t<figcaption class='wp-caption-text gallery-caption' id='gallery-1-15934'>\n\t\t\t\tRevista SoyMigrante.com con contenido sobre migraci\u00f3n y cultura, destacando historias y animales en Guatemala.\n\t\t\t\t<\/figcaption><\/figure><figure class='gallery-item'>\n\t\t\t<div class='gallery-icon portrait'>\n\t\t\t\t<a data-elementor-open-lightbox=\"yes\" data-elementor-lightbox-slideshow=\"3129625\" data-elementor-lightbox-title=\"\u00bfEs un puma?\" data-elementor-lightbox-description=\"#image_title #separator_sa #blog_title\" data-e-action-hash=\"#elementor-action%3Aaction%3Dlightbox%26settings%3DeyJpZCI6MTU5MzYsInVybCI6Imh0dHBzOlwvXC9zb3ltaWdyYW50ZS5jb21cL3JldmlzdGFcL3dwLWNvbnRlbnRcL3VwbG9hZHNcLzIwMjRcLzEyXC9ldGlxdWV0YXMtZGUtY29oZXRpbGxvcy02LndlYnAiLCJzbGlkZXNob3ciOiIzMTI5NjI1In0%3D\" href='https:\/\/soymigrante.com\/revista\/wp-content\/uploads\/2024\/12\/etiquetas-de-cohetillos-6.webp'><img loading=\"lazy\" decoding=\"async\" width=\"681\" height=\"960\" src=\"https:\/\/soymigrante.com\/revista\/wp-content\/uploads\/2024\/12\/etiquetas-de-cohetillos-6.webp\" class=\"attachment-large size-large\" alt=\"El Horizonte, marca de paquetes especiales de productos centroamericanos hechos en Guatemala con logo de un puma y paisaje monta\u00f1oso, dirigida por Lauro Coc Quiran en San Raymundo.\" aria-describedby=\"gallery-1-15936\" srcset=\"https:\/\/soymigrante.com\/revista\/wp-content\/uploads\/2024\/12\/etiquetas-de-cohetillos-6.webp 681w, https:\/\/soymigrante.com\/revista\/wp-content\/uploads\/2024\/12\/etiquetas-de-cohetillos-6-213x300.jpg 213w\" sizes=\"(max-width: 681px) 100vw, 681px\" title=\"\u00bfEs un puma? \u2013 SoyMigrante.com REVISTA\" \/><\/a>\n\t\t\t<\/div>\n\t\t\t\t<figcaption class='wp-caption-text gallery-caption' id='gallery-1-15936'>\n\t\t\t\tPaquete de papel El Horizonte con dise\u00f1o natural y animales en Guatemala, ideal para env\u00edos especiales y paquetes de alto valor, con registro 63611, propiedad de Lauro Coc Quiran.\n\t\t\t\t<\/figcaption><\/figure><figure class='gallery-item'>\n\t\t\t<div class='gallery-icon portrait'>\n\t\t\t\t<a data-elementor-open-lightbox=\"yes\" data-elementor-lightbox-slideshow=\"3129625\" data-elementor-lightbox-title=\"M\u00e1s surrealismo detonando\" data-elementor-lightbox-description=\"L\u00e1mina publicitaria de cohetes Tikal, marca guatemalteca, que destaca por su arte vibrante con ilustraciones de una ballena y un tigre en un escenario prehisp\u00e1nico, promoviendo la cultura y tradici\u00f3n guatemalteca.\" data-e-action-hash=\"#elementor-action%3Aaction%3Dlightbox%26settings%3DeyJpZCI6MTU5MzgsInVybCI6Imh0dHBzOlwvXC9zb3ltaWdyYW50ZS5jb21cL3JldmlzdGFcL3dwLWNvbnRlbnRcL3VwbG9hZHNcLzIwMjRcLzEyXC9ldGlxdWV0YXMtZGUtY29oZXRpbGxvcy04LmpwZyIsInNsaWRlc2hvdyI6IjMxMjk2MjUifQ%3D%3D\" href='https:\/\/soymigrante.com\/revista\/wp-content\/uploads\/2024\/12\/etiquetas-de-cohetillos-8.jpg'><img loading=\"lazy\" decoding=\"async\" width=\"789\" height=\"1024\" src=\"https:\/\/soymigrante.com\/revista\/wp-content\/uploads\/2024\/12\/etiquetas-de-cohetillos-8-789x1024.jpg\" class=\"attachment-large size-large\" alt=\"Tikal, Guatemala, juego de cohetes pirot\u00e9cnicos con imagen de una ballena y un tigre en un entorno selv\u00e1tico con pir\u00e1mides mayas en el fondo.\" aria-describedby=\"gallery-1-15938\" srcset=\"https:\/\/soymigrante.com\/revista\/wp-content\/uploads\/2024\/12\/etiquetas-de-cohetillos-8-789x1024.jpg 789w, https:\/\/soymigrante.com\/revista\/wp-content\/uploads\/2024\/12\/etiquetas-de-cohetillos-8-231x300.jpg 231w, https:\/\/soymigrante.com\/revista\/wp-content\/uploads\/2024\/12\/etiquetas-de-cohetillos-8-768x997.jpg 768w, https:\/\/soymigrante.com\/revista\/wp-content\/uploads\/2024\/12\/etiquetas-de-cohetillos-8-750x974.webp 750w, https:\/\/soymigrante.com\/revista\/wp-content\/uploads\/2024\/12\/etiquetas-de-cohetillos-8.jpg 864w\" sizes=\"(max-width: 789px) 100vw, 789px\" title=\"M\u00e1s surrealismo detonando \u2013 SoyMigrante.com REVISTA\" \/><\/a>\n\t\t\t<\/div>\n\t\t\t\t<figcaption class='wp-caption-text gallery-caption' id='gallery-1-15938'>\n\t\t\t\tCohetes pirot\u00e9cnicos Tikal de Guatemala con ilustraci\u00f3n de animales y pir\u00e1mides mayas en un dise\u00f1o colorido y tradicional.\n\t\t\t\t<\/figcaption><\/figure><figure class='gallery-item'>\n\t\t\t<div class='gallery-icon portrait'>\n\t\t\t\t<a data-elementor-open-lightbox=\"yes\" data-elementor-lightbox-slideshow=\"3129625\" data-elementor-lightbox-title=\"Invencible inventiva\" data-elementor-lightbox-description=\"Revista SoyMigrante presenta cohetes y fuegos artificiales de excelente calidad, ideales para festivales y celebraciones en Guatemala, con informaci\u00f3n sobre productos y distribuidores especializados en pirotecnia.\" data-e-action-hash=\"#elementor-action%3Aaction%3Dlightbox%26settings%3DeyJpZCI6MTU5MzksInVybCI6Imh0dHBzOlwvXC9zb3ltaWdyYW50ZS5jb21cL3JldmlzdGFcL3dwLWNvbnRlbnRcL3VwbG9hZHNcLzIwMjRcLzEyXC9ldGlxdWV0YXMtZGUtY29oZXRpbGxvcy05LmpwZyIsInNsaWRlc2hvdyI6IjMxMjk2MjUifQ%3D%3D\" href='https:\/\/soymigrante.com\/revista\/wp-content\/uploads\/2024\/12\/etiquetas-de-cohetillos-9.jpg'><img loading=\"lazy\" decoding=\"async\" width=\"797\" height=\"978\" src=\"https:\/\/soymigrante.com\/revista\/wp-content\/uploads\/2024\/12\/etiquetas-de-cohetillos-9.jpg\" class=\"attachment-large size-large\" alt=\"Cohetes especiales y fuegos artificiales de alta calidad de Victorino Siquej Tepeu en Guatemala para eventos y celebraciones.\" aria-describedby=\"gallery-1-15939\" srcset=\"https:\/\/soymigrante.com\/revista\/wp-content\/uploads\/2024\/12\/etiquetas-de-cohetillos-9.jpg 797w, https:\/\/soymigrante.com\/revista\/wp-content\/uploads\/2024\/12\/etiquetas-de-cohetillos-9-244x300.jpg 244w, https:\/\/soymigrante.com\/revista\/wp-content\/uploads\/2024\/12\/etiquetas-de-cohetillos-9-768x942.jpg 768w, https:\/\/soymigrante.com\/revista\/wp-content\/uploads\/2024\/12\/etiquetas-de-cohetillos-9-750x920.webp 750w\" sizes=\"(max-width: 797px) 100vw, 797px\" title=\"Invencible inventiva \u2013 SoyMigrante.com REVISTA\" \/><\/a>\n\t\t\t<\/div>\n\t\t\t\t<figcaption class='wp-caption-text gallery-caption' id='gallery-1-15939'>\n\t\t\t\tEspectacular portada de revista SoyMigrante.com con cohetes profesionales y de gran impacto visual, perfectos para ferias, fiestas y eventos culturales en Guatemala y la regi\u00f3n.\n\t\t\t\t<\/figcaption><\/figure><figure class='gallery-item'>\n\t\t\t<div class='gallery-icon portrait'>\n\t\t\t\t<a data-elementor-open-lightbox=\"yes\" data-elementor-lightbox-slideshow=\"3129625\" data-elementor-lightbox-title=\"Inmutable pavo\" data-elementor-lightbox-description=\"Cartel vintage de &quot;El Pavo Real&quot; con un pavo real decorativo y llamativo, promoviendo cohetes artesanales en Guatemala, destacando la calidad y tradici\u00f3n en la fabricaci\u00f3n de fuegos artificiales, t\u00edpico en ferias y celebraciones.\" data-e-action-hash=\"#elementor-action%3Aaction%3Dlightbox%26settings%3DeyJpZCI6MTU5NDAsInVybCI6Imh0dHBzOlwvXC9zb3ltaWdyYW50ZS5jb21cL3JldmlzdGFcL3dwLWNvbnRlbnRcL3VwbG9hZHNcLzIwMjRcLzEyXC9ldGlxdWV0YXMtZGUtY29oZXRpbGxvcy0xMC5qcGciLCJzbGlkZXNob3ciOiIzMTI5NjI1In0%3D\" href='https:\/\/soymigrante.com\/revista\/wp-content\/uploads\/2024\/12\/etiquetas-de-cohetillos-10.jpg'><img loading=\"lazy\" decoding=\"async\" width=\"786\" height=\"1001\" src=\"https:\/\/soymigrante.com\/revista\/wp-content\/uploads\/2024\/12\/etiquetas-de-cohetillos-10.jpg\" class=\"attachment-large size-large\" alt=\"El pavo real colorido con plumas vibrantes y un dise\u00f1o art\u00edstico en el cartel de &quot;El Pavo Real&quot;.\" aria-describedby=\"gallery-1-15940\" srcset=\"https:\/\/soymigrante.com\/revista\/wp-content\/uploads\/2024\/12\/etiquetas-de-cohetillos-10.jpg 786w, https:\/\/soymigrante.com\/revista\/wp-content\/uploads\/2024\/12\/etiquetas-de-cohetillos-10-236x300.jpg 236w, https:\/\/soymigrante.com\/revista\/wp-content\/uploads\/2024\/12\/etiquetas-de-cohetillos-10-768x978.jpg 768w, https:\/\/soymigrante.com\/revista\/wp-content\/uploads\/2024\/12\/etiquetas-de-cohetillos-10-750x955.webp 750w\" sizes=\"(max-width: 786px) 100vw, 786px\" title=\"Inmutable pavo \u2013 SoyMigrante.com REVISTA\" \/><\/a>\n\t\t\t<\/div>\n\t\t\t\t<figcaption class='wp-caption-text gallery-caption' id='gallery-1-15940'>\n\t\t\t\tCartel de &#8220;El Pavo Real&#8221; para una marca de cohetes de calidad, propiedad de Ezequiel Tepeu Loc\u00f3n, fabricados en Guatemala, resaltando tradici\u00f3n y elaboraci\u00f3n artesanal.\n\t\t\t\t<\/figcaption><\/figure><figure class='gallery-item'>\n\t\t\t<div class='gallery-icon portrait'>\n\t\t\t\t<a data-elementor-open-lightbox=\"yes\" data-elementor-lightbox-slideshow=\"3129625\" data-elementor-lightbox-title=\"En un campo de flores\" data-elementor-lightbox-description=\"No se ve nada contento este Pastor Alem\u00e1n. El hombre trata de ahuyentarlo agitando la ametralladora encendida. Las flores y la iglesia al fondo le dan un toque de serenidad a la agitada escena.\" data-e-action-hash=\"#elementor-action%3Aaction%3Dlightbox%26settings%3DeyJpZCI6MTU5NDIsInVybCI6Imh0dHBzOlwvXC9zb3ltaWdyYW50ZS5jb21cL3JldmlzdGFcL3dwLWNvbnRlbnRcL3VwbG9hZHNcLzIwMjRcLzEyXC9ldGlxdWV0YXMtZGUtY29oZXRpbGxvcy0xMi53ZWJwIiwic2xpZGVzaG93IjoiMzEyOTYyNSJ9\" href='https:\/\/soymigrante.com\/revista\/wp-content\/uploads\/2024\/12\/etiquetas-de-cohetillos-12.webp'><img loading=\"lazy\" decoding=\"async\" width=\"706\" height=\"960\" src=\"https:\/\/soymigrante.com\/revista\/wp-content\/uploads\/2024\/12\/etiquetas-de-cohetillos-12.webp\" class=\"attachment-large size-large\" alt=\"Perro Bravo, cohetes especiales, f\u00e1brica tradicional, perro de mascotas, cultura popular guatemalteca, feria taurina, legado artesanal, historia folcl\u00f3rica, celebraci\u00f3n popular, producto de Guatemala, cultura tradicional, artesan\u00eda local, fiesta regional, historia folcl\u00f3rica, festividades tradicionales.\" aria-describedby=\"gallery-1-15942\" srcset=\"https:\/\/soymigrante.com\/revista\/wp-content\/uploads\/2024\/12\/etiquetas-de-cohetillos-12.webp 706w, https:\/\/soymigrante.com\/revista\/wp-content\/uploads\/2024\/12\/etiquetas-de-cohetillos-12-221x300.jpg 221w\" sizes=\"(max-width: 706px) 100vw, 706px\" title=\"En un campo de flores \u2013 SoyMigrante.com REVISTA\" \/><\/a>\n\t\t\t<\/div>\n\t\t\t\t<figcaption class='wp-caption-text gallery-caption' id='gallery-1-15942'>\n\t\t\t\tNo se ve nada contento este Pastor Alem\u00e1n. El hombre trata de ahuyentarlo agitando la ametralladora encendida. Las flores y la iglesia al fondo le dan un toque de serenidad a la agitada escena.\n\t\t\t\t<\/figcaption><\/figure><figure class='gallery-item'>\n\t\t\t<div class='gallery-icon portrait'>\n\t\t\t\t<a data-elementor-open-lightbox=\"yes\" data-elementor-lightbox-slideshow=\"3129625\" data-elementor-lightbox-title=\"Un c\u00f3digo de explosiones\" data-elementor-lightbox-description=\"Los cohetes explotan en las ramas del \u00e1rbol tras ser encendidos por un rel\u00e1mpago; mientras una golondrina le trae un aviso al caballo negro debajo de una estrella. Las rosas crecen serenas a pesar de tan ins\u00f3lito suceso.\" data-e-action-hash=\"#elementor-action%3Aaction%3Dlightbox%26settings%3DeyJpZCI6MTU5NDQsInVybCI6Imh0dHBzOlwvXC9zb3ltaWdyYW50ZS5jb21cL3JldmlzdGFcL3dwLWNvbnRlbnRcL3VwbG9hZHNcLzIwMjRcLzEyXC9ldGlxdWV0YXMtZGUtY29oZXRpbGxvcy0xNC5qcGciLCJzbGlkZXNob3ciOiIzMTI5NjI1In0%3D\" href='https:\/\/soymigrante.com\/revista\/wp-content\/uploads\/2024\/12\/etiquetas-de-cohetillos-14.jpg'><img loading=\"lazy\" decoding=\"async\" width=\"792\" height=\"894\" src=\"https:\/\/soymigrante.com\/revista\/wp-content\/uploads\/2024\/12\/etiquetas-de-cohetillos-14.jpg\" class=\"attachment-large size-large\" alt=\"Cohete y morteros vintage cartel de publicidad, arte retro, explosiones y fen\u00f3menos del cielo en Guatemala alt text rel\u00e1mpago y cultura popular, cartel vintage de publicidad, arte revolucionario y explosiones mexicanas caption cartel de publicidad de rel\u00e1mpago y cohete, reflejando cultura popular y arte retro mexicano descripci\u00f3n del cartel antiguo de rel\u00e1mpago, mostrando un caballo en\u00e9rgico, un rel\u00e1mpago y detalles florales, promoviendo cohetes y morteros en Guatemala, estilo vintage y cultural relevancia cartel vintage de rel\u00e1mpago y cohete en Guatemala, con tem\u00e1tica de explosiones, cultura popular y arte retro.\" aria-describedby=\"gallery-1-15944\" srcset=\"https:\/\/soymigrante.com\/revista\/wp-content\/uploads\/2024\/12\/etiquetas-de-cohetillos-14.jpg 792w, https:\/\/soymigrante.com\/revista\/wp-content\/uploads\/2024\/12\/etiquetas-de-cohetillos-14-266x300.jpg 266w, https:\/\/soymigrante.com\/revista\/wp-content\/uploads\/2024\/12\/etiquetas-de-cohetillos-14-768x867.jpg 768w, https:\/\/soymigrante.com\/revista\/wp-content\/uploads\/2024\/12\/etiquetas-de-cohetillos-14-750x847.webp 750w\" sizes=\"(max-width: 792px) 100vw, 792px\" title=\"Un c\u00f3digo de explosiones \u2013 SoyMigrante.com REVISTA\" \/><\/a>\n\t\t\t<\/div>\n\t\t\t\t<figcaption class='wp-caption-text gallery-caption' id='gallery-1-15944'>\n\t\t\t\tCaballo negro en un campo verde con flores y \u00e1rbol con estrellas amarillas, arte colorido y vibrante, publicidad de cohetes y morteros, estilo de l\u00e1mina vintage, Revista SoyMigrante.com REVISTA.\n\t\t\t\t<\/figcaption><\/figure><figure class='gallery-item'>\n\t\t\t<div class='gallery-icon portrait'>\n\t\t\t\t<a data-elementor-open-lightbox=\"yes\" data-elementor-lightbox-slideshow=\"3129625\" data-elementor-lightbox-title=\"No le asustan los &quot;cuetes&quot;\" data-elementor-lightbox-description=\"Portada de la revista SoyMigrante.com REVISTA, con ilustraci\u00f3n art\u00edstica de un bisonte en un entorno natural con flores, \u00e1rboles y fuegos artificiales, reflejando tradiciones culturales centroamericanas y folcl\u00f3ricas.\" data-e-action-hash=\"#elementor-action%3Aaction%3Dlightbox%26settings%3DeyJpZCI6MTU5NDUsInVybCI6Imh0dHBzOlwvXC9zb3ltaWdyYW50ZS5jb21cL3JldmlzdGFcL3dwLWNvbnRlbnRcL3VwbG9hZHNcLzIwMjRcLzEyXC9ldGlxdWV0YXMtZGUtY29oZXRpbGxvcy0xNS53ZWJwIiwic2xpZGVzaG93IjoiMzEyOTYyNSJ9\" href='https:\/\/soymigrante.com\/revista\/wp-content\/uploads\/2024\/12\/etiquetas-de-cohetillos-15.webp'><img loading=\"lazy\" decoding=\"async\" width=\"762\" height=\"960\" src=\"https:\/\/soymigrante.com\/revista\/wp-content\/uploads\/2024\/12\/etiquetas-de-cohetillos-15.webp\" class=\"attachment-large size-large\" alt=\"El bisonte en la portada de la revista SoyMigrante.com REVISTA presenta un cartel de fuegos artificiales en su boca que simula un ataque de cohetes, rodeado de elementos naturales y flora tropical.\" aria-describedby=\"gallery-1-15945\" srcset=\"https:\/\/soymigrante.com\/revista\/wp-content\/uploads\/2024\/12\/etiquetas-de-cohetillos-15.webp 762w, https:\/\/soymigrante.com\/revista\/wp-content\/uploads\/2024\/12\/etiquetas-de-cohetillos-15-238x300.jpg 238w, https:\/\/soymigrante.com\/revista\/wp-content\/uploads\/2024\/12\/etiquetas-de-cohetillos-15-750x945.webp 750w\" sizes=\"(max-width: 762px) 100vw, 762px\" title=\"No le asustan los &quot;cuetes&quot; \u2013 SoyMigrante.com REVISTA\" \/><\/a>\n\t\t\t<\/div>\n\t\t\t\t<figcaption class='wp-caption-text gallery-caption' id='gallery-1-15945'>\n\t\t\t\tRevista SoyMigrante.com presenta la portada con ilustraci\u00f3n de un bisonte en un entorno natural, destacando aspectos culturales y tradicionales relacionados con cohetes y cultura centroamericana.\n\t\t\t\t<\/figcaption><\/figure><figure class='gallery-item'>\n\t\t\t<div class='gallery-icon portrait'>\n\t\t\t\t<a data-elementor-open-lightbox=\"yes\" data-elementor-lightbox-slideshow=\"3129625\" data-elementor-lightbox-title=\"As\u00ed no se vale: 2 contra uno\" data-elementor-lightbox-description=\"Imagen de un cartel antiguo de &quot;Cohetes El Vencedor&quot; con un ni\u00f1o y una criatura fant\u00e1stica, en colores vibrantes y estilo vintage, promoviendo juguetes y productos retro hechos en Guatemala.\" data-e-action-hash=\"#elementor-action%3Aaction%3Dlightbox%26settings%3DeyJpZCI6MTU5NDYsInVybCI6Imh0dHBzOlwvXC9zb3ltaWdyYW50ZS5jb21cL3JldmlzdGFcL3dwLWNvbnRlbnRcL3VwbG9hZHNcLzIwMjRcLzEyXC9ldGlxdWV0YXMtZGUtY29oZXRpbGxvcy0xNi53ZWJwIiwic2xpZGVzaG93IjoiMzEyOTYyNSJ9\" href='https:\/\/soymigrante.com\/revista\/wp-content\/uploads\/2024\/12\/etiquetas-de-cohetillos-16.webp'><img loading=\"lazy\" decoding=\"async\" width=\"676\" height=\"960\" src=\"https:\/\/soymigrante.com\/revista\/wp-content\/uploads\/2024\/12\/etiquetas-de-cohetillos-16.webp\" class=\"attachment-large size-large\" alt=\"Cohetes el vencedor cartel vintage de juguete en Guatemala para colecci\u00f3n de juguetes antiguos y propaganda retro.\" aria-describedby=\"gallery-1-15946\" srcset=\"https:\/\/soymigrante.com\/revista\/wp-content\/uploads\/2024\/12\/etiquetas-de-cohetillos-16.webp 676w, https:\/\/soymigrante.com\/revista\/wp-content\/uploads\/2024\/12\/etiquetas-de-cohetillos-16-211x300.jpg 211w\" sizes=\"(max-width: 676px) 100vw, 676px\" title=\"As\u00ed no se vale: 2 contra uno \u2013 SoyMigrante.com REVISTA\" \/><\/a>\n\t\t\t<\/div>\n\t\t\t\t<figcaption class='wp-caption-text gallery-caption' id='gallery-1-15946'>\n\t\t\t\tJuguete vintage de cohetes y animales en estilo retro, con colores brillantes y una est\u00e9tica cl\u00e1sica que evoca la nostalgia de juguetes tradicionales y \u00e9pocas pasadas en Guatemala.\n\t\t\t\t<\/figcaption><\/figure><figure class='gallery-item'>\n\t\t\t<div class='gallery-icon portrait'>\n\t\t\t\t<a data-elementor-open-lightbox=\"yes\" data-elementor-lightbox-slideshow=\"3129625\" data-elementor-lightbox-title=\"Festejo por lo alto\" data-elementor-lightbox-description=\"El tuc\u00e1n se eleva sobre campos, r\u00edos y \u00e1rboles con la tronaz\u00f3n en sus garras. Las monta\u00f1as parecen el otro lado de las de El Invencible.\" data-e-action-hash=\"#elementor-action%3Aaction%3Dlightbox%26settings%3DeyJpZCI6MTU5NDcsInVybCI6Imh0dHBzOlwvXC9zb3ltaWdyYW50ZS5jb21cL3JldmlzdGFcL3dwLWNvbnRlbnRcL3VwbG9hZHNcLzIwMjRcLzEyXC9ldGlxdWV0YXMtZGUtY29oZXRpbGxvcy0xNy53ZWJwIiwic2xpZGVzaG93IjoiMzEyOTYyNSJ9\" href='https:\/\/soymigrante.com\/revista\/wp-content\/uploads\/2024\/12\/etiquetas-de-cohetillos-17.webp'><img loading=\"lazy\" decoding=\"async\" width=\"718\" height=\"960\" src=\"https:\/\/soymigrante.com\/revista\/wp-content\/uploads\/2024\/12\/etiquetas-de-cohetillos-17.webp\" class=\"attachment-large size-large\" alt=\"Cometa y fuegos artificiales en Guatemala, El Tucancito: Cohetes y morteros especiales en una colorida ilustraci\u00f3n de un tuc\u00e1n lanzando un cohete, rodeado de naturaleza y personajes en un entorno guatemalteco.\" aria-describedby=\"gallery-1-15947\" srcset=\"https:\/\/soymigrante.com\/revista\/wp-content\/uploads\/2024\/12\/etiquetas-de-cohetillos-17.webp 718w, https:\/\/soymigrante.com\/revista\/wp-content\/uploads\/2024\/12\/etiquetas-de-cohetillos-17-224x300.jpg 224w\" sizes=\"(max-width: 718px) 100vw, 718px\" title=\"Festejo por lo alto \u2013 SoyMigrante.com REVISTA\" \/><\/a>\n\t\t\t<\/div>\n\t\t\t\t<figcaption class='wp-caption-text gallery-caption' id='gallery-1-15947'>\n\t\t\t\tExplora la historia de El Tucancito y su innovaci\u00f3n en fuegos artificiales en Guatemala, presentado en SoyMigrante.com REVISTA, destacando tradiciones y cultura con im\u00e1genes vibrantes.\n\t\t\t\t<\/figcaption><\/figure><figure class='gallery-item'>\n\t\t\t<div class='gallery-icon portrait'>\n\t\t\t\t<a data-elementor-open-lightbox=\"yes\" data-elementor-lightbox-slideshow=\"3129625\" data-elementor-lightbox-title=\"Paisaje m\u00e1gico\" data-elementor-lightbox-description=\"#image_title #separator_sa #blog_title\" data-e-action-hash=\"#elementor-action%3Aaction%3Dlightbox%26settings%3DeyJpZCI6MTU5NDgsInVybCI6Imh0dHBzOlwvXC9zb3ltaWdyYW50ZS5jb21cL3JldmlzdGFcL3dwLWNvbnRlbnRcL3VwbG9hZHNcLzIwMjRcLzEyXC9ldGlxdWV0YXMtZGUtY29oZXRpbGxvcy0xOC53ZWJwIiwic2xpZGVzaG93IjoiMzEyOTYyNSJ9\" href='https:\/\/soymigrante.com\/revista\/wp-content\/uploads\/2024\/12\/etiquetas-de-cohetillos-18.webp'><img loading=\"lazy\" decoding=\"async\" width=\"804\" height=\"1024\" src=\"https:\/\/soymigrante.com\/revista\/wp-content\/uploads\/2024\/12\/etiquetas-de-cohetillos-18-804x1024.jpg\" class=\"attachment-large size-large\" alt=\"Cohete especial garra veloz, lanzamiento de cohetes artesanales, actividad infantil en Guatemala, revista SoyMigrante, cultura tradicional, diversi\u00f3n familiar, artesan\u00eda y juegos tradicionales.\" aria-describedby=\"gallery-1-15948\" srcset=\"https:\/\/soymigrante.com\/revista\/wp-content\/uploads\/2024\/12\/etiquetas-de-cohetillos-18-804x1024.jpg 804w, https:\/\/soymigrante.com\/revista\/wp-content\/uploads\/2024\/12\/etiquetas-de-cohetillos-18-236x300.jpg 236w, https:\/\/soymigrante.com\/revista\/wp-content\/uploads\/2024\/12\/etiquetas-de-cohetillos-18-768x978.jpg 768w, https:\/\/soymigrante.com\/revista\/wp-content\/uploads\/2024\/12\/etiquetas-de-cohetillos-18-750x955.webp 750w, https:\/\/soymigrante.com\/revista\/wp-content\/uploads\/2024\/12\/etiquetas-de-cohetillos-18.webp 838w\" sizes=\"(max-width: 804px) 100vw, 804px\" title=\"Paisaje m\u00e1gico \u2013 SoyMigrante.com REVISTA\" \/><\/a>\n\t\t\t<\/div>\n\t\t\t\t<figcaption class='wp-caption-text gallery-caption' id='gallery-1-15948'>\n\t\t\t\tCohetes especiales Garra Veloz, historia vintage de cohetes y aventuras, ilustraci\u00f3n colorida de personaje y ave en paisaje natural, en revista SoyMigrante.com REVISTA para lectores interesados en historias cl\u00e1sicas y cultura migra.\n\t\t\t\t<\/figcaption><\/figure><figure class='gallery-item'>\n\t\t\t<div class='gallery-icon portrait'>\n\t\t\t\t<a data-elementor-open-lightbox=\"yes\" data-elementor-lightbox-slideshow=\"3129625\" data-elementor-lightbox-title=\"Famosa y sin cohetes\" data-elementor-lightbox-description=\"Imagen de una caja de cohetes y morteros llamada &quot;La Cebra&quot;, con un dise\u00f1o art\u00edstico que refleja tradiciones mexicanas, cultura popular y celebraci\u00f3n en un entorno natural y festivo.\" data-e-action-hash=\"#elementor-action%3Aaction%3Dlightbox%26settings%3DeyJpZCI6MTU5NDksInVybCI6Imh0dHBzOlwvXC9zb3ltaWdyYW50ZS5jb21cL3JldmlzdGFcL3dwLWNvbnRlbnRcL3VwbG9hZHNcLzIwMjRcLzEyXC9ldGlxdWV0YXMtZGUtY29oZXRpbGxvcy0xOS53ZWJwIiwic2xpZGVzaG93IjoiMzEyOTYyNSJ9\" href='https:\/\/soymigrante.com\/revista\/wp-content\/uploads\/2024\/12\/etiquetas-de-cohetillos-19.webp'><img loading=\"lazy\" decoding=\"async\" width=\"807\" height=\"1024\" src=\"https:\/\/soymigrante.com\/revista\/wp-content\/uploads\/2024\/12\/etiquetas-de-cohetillos-19-807x1024.jpg\" class=\"attachment-large size-large\" alt=\"Zebra ilustraci\u00f3n de una caja de cohetes y morteros en un entorno natural con \u00e1rboles y flores, t\u00edtulo &quot;La Cebra&quot;. Enfoque en cultura, historia y tradiciones mexicanas.\" aria-describedby=\"gallery-1-15949\" srcset=\"https:\/\/soymigrante.com\/revista\/wp-content\/uploads\/2024\/12\/etiquetas-de-cohetillos-19-807x1024.jpg 807w, https:\/\/soymigrante.com\/revista\/wp-content\/uploads\/2024\/12\/etiquetas-de-cohetillos-19-236x300.jpg 236w, https:\/\/soymigrante.com\/revista\/wp-content\/uploads\/2024\/12\/etiquetas-de-cohetillos-19-768x975.jpg 768w, https:\/\/soymigrante.com\/revista\/wp-content\/uploads\/2024\/12\/etiquetas-de-cohetillos-19-750x952.webp 750w, https:\/\/soymigrante.com\/revista\/wp-content\/uploads\/2024\/12\/etiquetas-de-cohetillos-19.webp 844w\" sizes=\"(max-width: 807px) 100vw, 807px\" title=\"Famosa y sin cohetes \u2013 SoyMigrante.com REVISTA\" \/><\/a>\n\t\t\t<\/div>\n\t\t\t\t<figcaption class='wp-caption-text gallery-caption' id='gallery-1-15949'>\n\t\t\t\tUna ilustraci\u00f3n colorida de una caja de cohetes y morteros llamada &#8220;La Cebra&#8221;, mostrando detalles culturales mexicanos con un fondo de naturaleza y arte popular.\n\t\t\t\t<\/figcaption><\/figure><figure class='gallery-item'>\n\t\t\t<div class='gallery-icon portrait'>\n\t\t\t\t<a data-elementor-open-lightbox=\"yes\" data-elementor-lightbox-slideshow=\"3129625\" data-elementor-lightbox-title=\"Fuego desde el aire\" data-elementor-lightbox-description=\"Existi\u00f3 una marca de cohetes \u00c1guila Negra y seguro esta es una prima. Desde el aire infunde terror con sus cohetes encendidos mientras el venado observa at\u00f3nito\" data-e-action-hash=\"#elementor-action%3Aaction%3Dlightbox%26settings%3DeyJpZCI6MTU5NTAsInVybCI6Imh0dHBzOlwvXC9zb3ltaWdyYW50ZS5jb21cL3JldmlzdGFcL3dwLWNvbnRlbnRcL3VwbG9hZHNcLzIwMjRcLzEyXC9ldGlxdWV0YXMtZGUtY29oZXRpbGxvcy0yMC53ZWJwIiwic2xpZGVzaG93IjoiMzEyOTYyNSJ9\" href='https:\/\/soymigrante.com\/revista\/wp-content\/uploads\/2024\/12\/etiquetas-de-cohetillos-20.webp'><img loading=\"lazy\" decoding=\"async\" width=\"793\" height=\"1024\" src=\"https:\/\/soymigrante.com\/revista\/wp-content\/uploads\/2024\/12\/etiquetas-de-cohetillos-20-793x1024.jpg\" class=\"attachment-large size-large\" alt=\"Pluma negra, explosivos pirot\u00e9cnicos, fuegos artificiales, productos pirot\u00e9cnicos especiales para celebraciones, industria pirot\u00e9cnica en Guatemala, productos seguros y de alta calidad.\" aria-describedby=\"gallery-1-15950\" srcset=\"https:\/\/soymigrante.com\/revista\/wp-content\/uploads\/2024\/12\/etiquetas-de-cohetillos-20-793x1024.jpg 793w, https:\/\/soymigrante.com\/revista\/wp-content\/uploads\/2024\/12\/etiquetas-de-cohetillos-20-232x300.jpg 232w, https:\/\/soymigrante.com\/revista\/wp-content\/uploads\/2024\/12\/etiquetas-de-cohetillos-20-768x992.jpg 768w, https:\/\/soymigrante.com\/revista\/wp-content\/uploads\/2024\/12\/etiquetas-de-cohetillos-20-750x968.webp 750w, https:\/\/soymigrante.com\/revista\/wp-content\/uploads\/2024\/12\/etiquetas-de-cohetillos-20.webp 814w\" sizes=\"(max-width: 793px) 100vw, 793px\" title=\"Fuego desde el aire \u2013 SoyMigrante.com REVISTA\" \/><\/a>\n\t\t\t<\/div>\n\t\t\t\t<figcaption class='wp-caption-text gallery-caption' id='gallery-1-15950'>\n\t\t\t\tEsquina del producto pirot\u00e9cnico Pluma Negra con paisaje de monta\u00f1as, animales y fuego, ideal para fuegos art\u00edsticos y celebraciones en Guatemala, con instrucciones de uso y advertencias para adultos, en envase colorido.\n\t\t\t\t<\/figcaption><\/figure><figure class='gallery-item'>\n\t\t\t<div class='gallery-icon portrait'>\n\t\t\t\t<a data-elementor-open-lightbox=\"yes\" data-elementor-lightbox-slideshow=\"3129625\" data-elementor-lightbox-title=\"El famoso Toro Negro\" data-elementor-lightbox-description=\"Sonriente, tranquilo, con la cordillera volc\u00e1nica de fondo, el Toro Negro es una de esas marcas que m\u00e1s de un migrante recuerda de sus a\u00f1os de infancia o juventud.\" data-e-action-hash=\"#elementor-action%3Aaction%3Dlightbox%26settings%3DeyJpZCI6MTU5NTIsInVybCI6Imh0dHBzOlwvXC9zb3ltaWdyYW50ZS5jb21cL3JldmlzdGFcL3dwLWNvbnRlbnRcL3VwbG9hZHNcLzIwMjRcLzEyXC9ldGlxdWV0YXMtZGUtY29oZXRpbGxvcy0yLndlYnAiLCJzbGlkZXNob3ciOiIzMTI5NjI1In0%3D\" href='https:\/\/soymigrante.com\/revista\/wp-content\/uploads\/2024\/12\/etiquetas-de-cohetillos-2.webp'><img loading=\"lazy\" decoding=\"async\" width=\"635\" height=\"782\" src=\"https:\/\/soymigrante.com\/revista\/wp-content\/uploads\/2024\/12\/etiquetas-de-cohetillos-2.webp\" class=\"attachment-large size-large\" alt=\"Toro negro en escena con fuegos artificiales y paisaje de monta\u00f1a, promocionando cohetes EL TORO NEGRO, f\u00e1brica de fuegos artificiales en Guatemala, con \u00e9nfasis en productos pirot\u00e9cnicos centroamericanos.\" aria-describedby=\"gallery-1-15952\" srcset=\"https:\/\/soymigrante.com\/revista\/wp-content\/uploads\/2024\/12\/etiquetas-de-cohetillos-2.webp 635w, https:\/\/soymigrante.com\/revista\/wp-content\/uploads\/2024\/12\/etiquetas-de-cohetillos-2-244x300.jpg 244w\" sizes=\"(max-width: 635px) 100vw, 635px\" title=\"El famoso Toro Negro \u2013 SoyMigrante.com REVISTA\" \/><\/a>\n\t\t\t<\/div>\n\t\t\t\t<figcaption class='wp-caption-text gallery-caption' id='gallery-1-15952'>\n\t\t\t\tSonriente, tranquilo, con la cordillera volc\u00e1nica de fondo, el Toro Negro es una de esas marcas que m\u00e1s de un migrante recuerda de sus a\u00f1os de infancia o juventud.\n\t\t\t\t<\/figcaption><\/figure>\n\t\t<\/div>\n\t\t<\/div>\n\t\t\t\t\t\t<\/div>\n\t\t\t\t\t<\/div>\n\t\t\t\t<\/div>\n\t\t<div data-particle_enable=\"false\" data-particle-mobile-disabled=\"false\" class=\"elementor-element elementor-element-07e7302 e-flex e-con-boxed e-con e-parent\" data-id=\"07e7302\" data-element_type=\"container\" data-e-type=\"container\">\n\t\t\t\t\t<div class=\"e-con-inner\">\n\t\t\t\t<div class=\"elementor-element elementor-element-062dc21 elementor-widget elementor-widget-spacer\" data-id=\"062dc21\" data-element_type=\"widget\" data-e-type=\"widget\" data-widget_type=\"spacer.default\">\n\t\t\t\t\t\t\t<div class=\"elementor-spacer\">\n\t\t\t<div class=\"elementor-spacer-inner\"><\/div>\n\t\t<\/div>\n\t\t\t\t\t\t<\/div>\n\t\t\t\t\t<\/div>\n\t\t\t\t<\/div>\n\t\t<div data-particle_enable=\"false\" data-particle-mobile-disabled=\"false\" class=\"elementor-element elementor-element-1486f5f e-flex e-con-boxed e-con e-parent\" data-id=\"1486f5f\" data-element_type=\"container\" data-e-type=\"container\">\n\t\t\t\t\t<div class=\"e-con-inner\">\n\t\t\t\t<div class=\"elementor-element elementor-element-d80b538 elementor-widget elementor-widget-facebook-page\" data-id=\"d80b538\" data-element_type=\"widget\" data-e-type=\"widget\" data-widget_type=\"facebook-page.default\">\n\t\t\t\t\t<div class=\"elementor-facebook-widget fb-page\" data-href=\"https:\/\/www.facebook.com\/MarcasDeCohetes\" data-tabs=\"timeline\" data-height=\"500px\" data-width=\"500px\" data-small-header=\"false\" data-hide-cover=\"false\" data-show-facepile=\"true\" data-hide-cta=\"false\" style=\"min-height: 1px;height:500px\"><\/div>\t\t\t\t<\/div>\n\t\t\t\t\t<\/div>\n\t\t\t\t<\/div>\n\t\t<div data-particle_enable=\"false\" data-particle-mobile-disabled=\"false\" class=\"elementor-element elementor-element-014b1b3 e-flex e-con-boxed e-con e-parent\" data-id=\"014b1b3\" data-element_type=\"container\" data-e-type=\"container\">\n\t\t\t\t\t<div class=\"e-con-inner\">\n\t\t\t\t<div class=\"elementor-element elementor-element-8c18c5b elementor-widget elementor-widget-heading\" data-id=\"8c18c5b\" data-element_type=\"widget\" data-e-type=\"widget\" data-widget_type=\"heading.default\">\n\t\t\t\t\t<h2 class=\"elementor-heading-title elementor-size-default\">Navidad y fin de a\u00f1o en Guatemala siempre traen entra\u00f1ables recuerdos<\/h2>\t\t\t\t<\/div>\n\t\t\t\t\t<\/div>\n\t\t\t\t<\/div>\n\t\t<div data-particle_enable=\"false\" data-particle-mobile-disabled=\"false\" class=\"elementor-element elementor-element-04044f7 e-flex e-con-boxed e-con e-parent\" data-id=\"04044f7\" data-element_type=\"container\" data-e-type=\"container\">\n\t\t\t\t\t<div class=\"e-con-inner\">\n\t\t\t\t<div class=\"elementor-element elementor-element-b3464f0 elementor-grid-eael-col-3 elementor-grid-tablet-eael-col-2 elementor-grid-mobile-eael-col-1 elementor-widget elementor-widget-eael-post-grid\" data-id=\"b3464f0\" data-element_type=\"widget\" data-e-type=\"widget\" data-settings=\"{&quot;eael_post_grid_columns&quot;:&quot;eael-col-3&quot;,&quot;eael_post_grid_columns_tablet&quot;:&quot;eael-col-2&quot;,&quot;eael_post_grid_columns_mobile&quot;:&quot;eael-col-1&quot;}\" data-widget_type=\"eael-post-grid.default\">\n\t\t\t\t\t<div id=\"eael-post-grid-b3464f0\" class=\"eael-post-grid-container\">\n            <div class=\"eael-post-grid eael-post-appender eael-post-appender-b3464f0 eael-post-grid-style-one\" data-layout-mode=\"masonry\"><article class=\"eael-grid-post  eael-post-grid-column eael-pg-post-14362 category-guate-nuestra\" data-id=\"14362\">\n        <div class=\"eael-grid-post-holder\">\n            <div class=\"eael-grid-post-holder-inner\"><div class=\"eael-entry-media\"><div class=\"eael-entry-overlay fade-in\"><i class=\"far fa-hand-pointer\" aria-hidden=\"true\"><\/i><a href=\"https:\/\/soymigrante.com\/revista\/regalos-unicos-para-navidad-hechos-a-mano-en-guatemala\/\"><\/a><\/div><div class=\"eael-entry-thumbnail \">\n                <img loading=\"lazy\" decoding=\"async\" width=\"421\" height=\"416\" src=\"https:\/\/soymigrante.com\/revista\/wp-content\/uploads\/2024\/11\/obsequios-navidad-soymigrante-mercado.png\" class=\"attachment-large size-large wp-image-50005\" alt=\"obsequios navidad soymigrante mercado\" srcset=\"https:\/\/soymigrante.com\/revista\/wp-content\/uploads\/2024\/11\/obsequios-navidad-soymigrante-mercado.png 421w, https:\/\/soymigrante.com\/revista\/wp-content\/uploads\/2024\/11\/obsequios-navidad-soymigrante-mercado-300x296.png 300w, https:\/\/soymigrante.com\/revista\/wp-content\/uploads\/2024\/11\/obsequios-navidad-soymigrante-mercado-75x75.png 75w\" sizes=\"(max-width: 421px) 100vw, 421px\" \/>\n            <\/div>\n        <\/div><div class=\"eael-entry-wrapper\"><header class=\"eael-entry-header\"><h2 class=\"eael-entry-title\"><a class=\"eael-grid-post-link\" href=\"https:\/\/soymigrante.com\/revista\/regalos-unicos-para-navidad-hechos-a-mano-en-guatemala\/\" title=\"11 regalos \u00fanicos, hechos por manos guatemaltecas, para obsequiar en Navidad\">11 regalos \u00fanicos, hechos por manos guatemaltecas, para obsequiar en Navidad<\/a><\/h2><\/header><div class=\"eael-entry-content\">\n                        <div class=\"eael-grid-post-excerpt\"><a href=\"https:\/\/soymigrante.com\/revista\/regalos-unicos-para-navidad-hechos-a-mano-en-guatemala\/\" class=\"eael-post-elements-readmore-btn\">CONOCE SU HISTORIA <\/a><\/div>\n                    <\/div><\/div><\/div>\n        <\/div>\n    <\/article><article class=\"eael-grid-post  eael-post-grid-column eael-pg-post-3975 category-guate-nuestra\" data-id=\"3975\">\n        <div class=\"eael-grid-post-holder\">\n            <div class=\"eael-grid-post-holder-inner\"><div class=\"eael-entry-media\"><div class=\"eael-entry-overlay fade-in\"><i class=\"far fa-hand-pointer\" aria-hidden=\"true\"><\/i><a href=\"https:\/\/soymigrante.com\/revista\/tamal-guatemalteco-sabor-dentro-guatemala-migrante-estados-unidos\/\"><\/a><\/div><div class=\"eael-entry-thumbnail \">\n                <img loading=\"lazy\" decoding=\"async\" width=\"768\" height=\"1024\" src=\"https:\/\/soymigrante.com\/revista\/wp-content\/uploads\/2023\/12\/WhatsApp-Image-2023-12-23-at-4.20.00-PM-768x1024.webp\" class=\"attachment-large size-large wp-image-3977\" alt=\"\" srcset=\"https:\/\/soymigrante.com\/revista\/wp-content\/uploads\/2023\/12\/WhatsApp-Image-2023-12-23-at-4.20.00-PM-768x1024.webp 768w, https:\/\/soymigrante.com\/revista\/wp-content\/uploads\/2023\/12\/WhatsApp-Image-2023-12-23-at-4.20.00-PM-225x300.webp 225w, https:\/\/soymigrante.com\/revista\/wp-content\/uploads\/2023\/12\/WhatsApp-Image-2023-12-23-at-4.20.00-PM-1152x1536.webp 1152w, https:\/\/soymigrante.com\/revista\/wp-content\/uploads\/2023\/12\/WhatsApp-Image-2023-12-23-at-4.20.00-PM-750x1000.webp 750w, https:\/\/soymigrante.com\/revista\/wp-content\/uploads\/2023\/12\/WhatsApp-Image-2023-12-23-at-4.20.00-PM-1140x1520.webp 1140w, https:\/\/soymigrante.com\/revista\/wp-content\/uploads\/2023\/12\/WhatsApp-Image-2023-12-23-at-4.20.00-PM.webp 1200w\" sizes=\"(max-width: 768px) 100vw, 768px\" \/>\n            <\/div>\n        <\/div><div class=\"eael-entry-wrapper\"><header class=\"eael-entry-header\"><h2 class=\"eael-entry-title\"><a class=\"eael-grid-post-link\" href=\"https:\/\/soymigrante.com\/revista\/tamal-guatemalteco-sabor-dentro-guatemala-migrante-estados-unidos\/\" title=\"El tamal: sabor migrante que acompa\u00f1a la Navidad lejos de Guatemala\">El tamal: sabor migrante que acompa\u00f1a la Navidad lejos de Guatemala<\/a><\/h2><\/header><div class=\"eael-entry-content\">\n                        <div class=\"eael-grid-post-excerpt\"><a href=\"https:\/\/soymigrante.com\/revista\/tamal-guatemalteco-sabor-dentro-guatemala-migrante-estados-unidos\/\" class=\"eael-post-elements-readmore-btn\">CONOCE SU HISTORIA <\/a><\/div>\n                    <\/div><\/div><\/div>\n        <\/div>\n    <\/article><article class=\"eael-grid-post  eael-post-grid-column eael-pg-post-3842 category-estamos-unidos\" data-id=\"3842\">\n        <div class=\"eael-grid-post-holder\">\n            <div class=\"eael-grid-post-holder-inner\"><div class=\"eael-entry-media\"><div class=\"eael-entry-overlay fade-in\"><i class=\"far fa-hand-pointer\" aria-hidden=\"true\"><\/i><a href=\"https:\/\/soymigrante.com\/revista\/migrantes-guatemaltecos-recuerdan-navidad-ano-nuevo-guatemala\/\"><\/a><\/div><div class=\"eael-entry-thumbnail \">\n                <img loading=\"lazy\" decoding=\"async\" width=\"1001\" height=\"726\" src=\"https:\/\/soymigrante.com\/revista\/wp-content\/uploads\/2023\/12\/Captura-de-pantalla-2023-12-13-082616.webp\" class=\"attachment-large size-large wp-image-3846\" alt=\"\" srcset=\"https:\/\/soymigrante.com\/revista\/wp-content\/uploads\/2023\/12\/Captura-de-pantalla-2023-12-13-082616.webp 1001w, https:\/\/soymigrante.com\/revista\/wp-content\/uploads\/2023\/12\/Captura-de-pantalla-2023-12-13-082616-300x218.webp 300w, https:\/\/soymigrante.com\/revista\/wp-content\/uploads\/2023\/12\/Captura-de-pantalla-2023-12-13-082616-768x557.webp 768w, https:\/\/soymigrante.com\/revista\/wp-content\/uploads\/2023\/12\/Captura-de-pantalla-2023-12-13-082616-120x86.webp 120w, https:\/\/soymigrante.com\/revista\/wp-content\/uploads\/2023\/12\/Captura-de-pantalla-2023-12-13-082616-750x544.webp 750w\" sizes=\"(max-width: 1001px) 100vw, 1001px\" \/>\n            <\/div>\n        <\/div><div class=\"eael-entry-wrapper\"><header class=\"eael-entry-header\"><h2 class=\"eael-entry-title\"><a class=\"eael-grid-post-link\" href=\"https:\/\/soymigrante.com\/revista\/migrantes-guatemaltecos-recuerdan-navidad-ano-nuevo-guatemala\/\" title=\"Migrantes recuerdan con cari\u00f1o y nostalgia la Navidad en Guatemala\">Migrantes recuerdan con cari\u00f1o y nostalgia la Navidad en Guatemala<\/a><\/h2><\/header><div class=\"eael-entry-content\">\n                        <div class=\"eael-grid-post-excerpt\"><a href=\"https:\/\/soymigrante.com\/revista\/migrantes-guatemaltecos-recuerdan-navidad-ano-nuevo-guatemala\/\" class=\"eael-post-elements-readmore-btn\">CONOCE SU HISTORIA <\/a><\/div>\n                    <\/div><\/div><\/div>\n        <\/div>\n    <\/article><\/div>\n            <div class=\"clearfix\"><\/div>\n        <\/div>\t\t\t\t<\/div>\n\t\t\t\t\t<\/div>\n\t\t\t\t<\/div>\n\t\t\t\t<\/div>\n\t\t","protected":false},"excerpt":{"rendered":"<p>Los cohetillos son un juego pirot\u00e9cnico tradicional de Guatemala y sobre todo en la \u00e9poca de fin de a\u00f1o. En EE.UU. su uso suele estar restringido o prohibido seg\u00fan el Estado. Sin embargo, muchos migrantes quiz\u00e1 a\u00fan recuerdan algunas etiquetas de paquetes que son una explosi\u00f3n de alegr\u00eda. La elaboraci\u00f3n de juegos pirot\u00e9cnicos en Guatemala [&hellip;]<\/p>\n","protected":false},"author":1,"featured_media":15908,"comment_status":"open","ping_status":"open","sticky":false,"template":"","format":"standard","meta":{"_acf_changed":false,"_eb_attr":"","footnotes":""},"categories":[58],"tags":[],"class_list":["post-15905","post","type-post","status-publish","format-standard","has-post-thumbnail","hentry","category-guate-nuestra"],"acf":[],"aioseo_notices":[],"aioseo_head":"\n\t\t<!-- All in One SEO Pro 4.9.6.2 - aioseo.com -->\n\t<meta name=\"description\" content=\"\u00bfQu\u00e9 es lo que m\u00e1s extra\u00f1an los guatemaltecos migrantes en Estados Unidos durante las fiestas de Navidad y A\u00f1o Nuevo? Sabores, aromas, recuerdos, vivencias: connacionales comparten memorias y emociones. La conmemoraci\u00f3n de la Navidad es una de las ocasiones que m\u00e1s nostalgia despierta en los migrantes y cuya vivencia en Estados Unidos suele ser distinta,\" \/>\n\t<meta name=\"robots\" content=\"max-snippet:-1, max-image-preview:large, max-video-preview:-1\" \/>\n\t<meta name=\"author\" content=\"SoyMigrante.com REVISTA\"\/>\n\t<link rel=\"canonical\" href=\"https:\/\/soymigrante.com\/revista\/el-espiritu-de-alguna-navidad-pasada-se-refleja-en-etiquetas-de-cohetillos-cual-recuerdas\/\" \/>\n\t<meta name=\"generator\" content=\"All in One SEO Pro (AIOSEO) 4.9.6.2\" \/>\n\n\t\t<link rel=\"preconnect\" href=\"https:\/\/fonts.googleapis.com\" crossorigin>\n<link rel=\"preconnect\" href=\"https:\/\/fonts.gstatic.com\" crossorigin>\n\t\t<meta property=\"og:locale\" content=\"es_ES\" \/>\n\t\t<meta property=\"og:site_name\" content=\"SoyMigrante.com REVISTA \u2013 Nuestra misi\u00f3n es reconocer y dignificar al migrante.\" \/>\n\t\t<meta property=\"og:type\" content=\"article\" \/>\n\t\t<meta property=\"og:title\" content=\"Etiquetas de cohetillos reflejan una explosi\u00f3n de alegr\u00eda\" \/>\n\t\t<meta property=\"og:description\" content=\"Las etiquetas de cohetillos y ametralladoras tienen escenas m\u00e1gicas. Un toro negro, un Rambo navide\u00f1o y mas en estos paisajes explosivos de la memoria chapina.\" \/>\n\t\t<meta property=\"og:url\" content=\"https:\/\/soymigrante.com\/revista\/el-espiritu-de-alguna-navidad-pasada-se-refleja-en-etiquetas-de-cohetillos-cual-recuerdas\/\" \/>\n\t\t<meta property=\"og:image\" content=\"https:\/\/soymigrante.com\/revista\/wp-content\/uploads\/2024\/12\/toro-negro.webp\" \/>\n\t\t<meta property=\"og:image:secure_url\" content=\"https:\/\/soymigrante.com\/revista\/wp-content\/uploads\/2024\/12\/toro-negro.webp\" \/>\n\t\t<meta property=\"og:image:width\" content=\"635\" \/>\n\t\t<meta property=\"og:image:height\" content=\"635\" \/>\n\t\t<meta property=\"article:published_time\" content=\"2025-12-13T14:23:19+00:00\" \/>\n\t\t<meta property=\"article:modified_time\" content=\"2025-12-13T14:23:26+00:00\" \/>\n\t\t<meta property=\"article:publisher\" content=\"https:\/\/www.facebook.com\/soymigrantecom\" \/>\n\t\t<meta name=\"twitter:card\" content=\"summary_large_image\" \/>\n\t\t<meta name=\"twitter:site\" content=\"@SoyMigrante_com\" \/>\n\t\t<meta name=\"twitter:title\" content=\"Etiquetas de cohetillos reflejan una explosi\u00f3n de alegr\u00eda\" \/>\n\t\t<meta name=\"twitter:description\" content=\"Las etiquetas de cohetillos y ametralladoras tienen escenas m\u00e1gicas. Un toro negro, un Rambo navide\u00f1o y mas en estos paisajes explosivos de la memoria chapina.\" \/>\n\t\t<meta name=\"twitter:creator\" content=\"@SoyMigrante_com\" \/>\n\t\t<meta name=\"twitter:image\" content=\"https:\/\/soymigrante.com\/revista\/wp-content\/uploads\/2024\/12\/toro-negro.webp\" \/>\n\t\t<!-- All in One SEO Pro -->\r\n\t\t<title>Etiquetas de cohetillos reflejan una explosi\u00f3n de alegr\u00eda<\/title>\n\n","aioseo_head_json":{"title":"Etiquetas de cohetillos reflejan una explosi\u00f3n de alegr\u00eda","description":"Las etiquetas de cohetillos y ametralladoras tienen escenas m\u00e1gicas. Un toro negro, un Rambo navide\u00f1o y mas en estos paisajes explosivos de la memoria chapina.","canonical_url":"https:\/\/soymigrante.com\/revista\/el-espiritu-de-alguna-navidad-pasada-se-refleja-en-etiquetas-de-cohetillos-cual-recuerdas\/","robots":"max-snippet:-1, max-image-preview:large, max-video-preview:-1","keywords":"","webmasterTools":{"miscellaneous":"&lt;link rel=\"preconnect\" href=\"https:\/\/fonts.googleapis.com\" crossorigin&gt;\n&lt;link rel=\"preconnect\" href=\"https:\/\/fonts.gstatic.com\" crossorigin&gt;"},"schema":null,"og:locale":"es_ES","og:site_name":"SoyMigrante.com REVISTA \u2013 Nuestra misi\u00f3n es reconocer y dignificar al migrante.","og:type":"article","og:title":"Etiquetas de cohetillos reflejan una explosi\u00f3n de alegr\u00eda","og:description":"Las etiquetas de cohetillos y ametralladoras tienen escenas m\u00e1gicas. Un toro negro, un Rambo navide\u00f1o y mas en estos paisajes explosivos de la memoria chapina.","og:url":"https:\/\/soymigrante.com\/revista\/el-espiritu-de-alguna-navidad-pasada-se-refleja-en-etiquetas-de-cohetillos-cual-recuerdas\/","og:image":"https:\/\/soymigrante.com\/revista\/wp-content\/uploads\/2024\/12\/toro-negro.webp","og:image:secure_url":"https:\/\/soymigrante.com\/revista\/wp-content\/uploads\/2024\/12\/toro-negro.webp","og:image:width":635,"og:image:height":635,"article:published_time":"2025-12-13T14:23:19+00:00","article:modified_time":"2025-12-13T14:23:26+00:00","article:publisher":"https:\/\/www.facebook.com\/soymigrantecom","twitter:card":"summary_large_image","twitter:site":"@SoyMigrante_com","twitter:title":"Etiquetas de cohetillos reflejan una explosi\u00f3n de alegr\u00eda","twitter:description":"Las etiquetas de cohetillos y ametralladoras tienen escenas m\u00e1gicas. Un toro negro, un Rambo navide\u00f1o y mas en estos paisajes explosivos de la memoria chapina.","twitter:creator":"@SoyMigrante_com","twitter:image":"https:\/\/soymigrante.com\/revista\/wp-content\/uploads\/2024\/12\/toro-negro.webp"},"aioseo_meta_data":{"post_id":"15905","title":"Etiquetas de cohetillos reflejan una explosi\u00f3n de alegr\u00eda","description":"Las etiquetas de cohetillos y ametralladoras tienen escenas m\u00e1gicas. Un toro negro, un Rambo navide\u00f1o y mas en estos paisajes explosivos de la memoria chapina.","keywords":null,"keyphrases":{"focus":{"keyphrase":"Cohetillos","score":69,"analysis":{"keyphraseInTitle":{"score":9,"maxScore":9,"error":0},"keyphraseInDescription":{"score":9,"maxScore":9,"error":0},"keyphraseLength":{"score":9,"maxScore":9,"error":0,"length":1},"keyphraseInURL":{"score":5,"maxScore":5,"error":0},"keyphraseInIntroduction":{"score":3,"maxScore":9,"error":1},"keyphraseInSubHeadings":{"score":3,"maxScore":9,"error":1},"keyphraseInImageAlt":{"score":9,"maxScore":9,"error":0},"keywordDensity":{"score":0,"type":"low","maxScore":9,"error":1}}},"additional":[{"keyphrase":"Navidad en Guatemala","score":40,"analysis":{"keyphraseInDescription":{"score":3,"maxScore":9,"error":1},"keyphraseLength":{"score":9,"maxScore":9,"error":0,"length":3},"keyphraseInIntroduction":{"score":3,"maxScore":9,"error":1},"keyphraseInImageAlt":{"score":3,"maxScore":9,"error":1},"keywordDensity":{"score":0,"type":"low","maxScore":9,"error":1}}},{"keyphrase":"Juegos pirot\u00e9cnicos","score":53,"analysis":{"keyphraseInDescription":{"score":3,"maxScore":9,"error":1},"keyphraseLength":{"score":9,"maxScore":9,"error":0,"length":3},"keyphraseInIntroduction":{"score":9,"maxScore":9,"error":0},"keyphraseInImageAlt":{"score":3,"maxScore":9,"error":1},"keywordDensity":{"score":0,"type":"low","maxScore":9,"error":1}}}]},"primary_term":null,"canonical_url":null,"og_title":null,"og_description":null,"og_object_type":"default","og_image_type":"default","og_image_url":null,"og_image_width":null,"og_image_height":null,"og_image_custom_url":null,"og_image_custom_fields":null,"og_video":"","og_custom_url":null,"og_article_section":null,"og_article_tags":null,"twitter_use_og":false,"twitter_card":"default","twitter_image_type":"default","twitter_image_url":null,"twitter_image_custom_url":null,"twitter_image_custom_fields":null,"twitter_title":null,"twitter_description":null,"schema":{"blockGraphs":[],"customGraphs":[],"default":{"data":{"Article":[],"Course":[],"Dataset":[],"FAQPage":[],"Movie":[],"Person":[],"Product":[],"ProductReview":[],"Car":[],"Recipe":[],"Service":[],"SoftwareApplication":[],"WebPage":[]},"graphName":"NewsArticle","isEnabled":true},"graphs":[]},"schema_type":"default","schema_type_options":null,"pillar_content":false,"robots_default":true,"robots_noindex":false,"robots_noarchive":false,"robots_nosnippet":false,"robots_nofollow":false,"robots_noimageindex":false,"robots_noodp":false,"robots_notranslate":false,"robots_max_snippet":"-1","robots_max_videopreview":"-1","robots_max_imagepreview":"large","priority":null,"frequency":"default","local_seo":null,"seo_analyzer_scan_date":"2025-12-13 14:23:49","breadcrumb_settings":null,"limit_modified_date":false,"reviewed_by":"0","open_ai":"{\"title\":{\"suggestions\":[],\"usage\":0},\"description\":{\"suggestions\":[],\"usage\":0}}","ai":{"faqs":[],"keyPoints":[],"titles":[],"descriptions":[],"socialPosts":{"email":[],"linkedin":[],"twitter":[],"facebook":[],"instagram":[]}},"created":"2024-12-10 13:45:33","updated":"2026-02-05 07:45:36"},"aioseo_breadcrumb":"<div class=\"aioseo-breadcrumbs\"><span class=\"aioseo-breadcrumb\">\n\t<a href=\"https:\/\/soymigrante.com\/revista\" title=\"Home\">Home<\/a>\n<\/span><span class=\"aioseo-breadcrumb-separator\">\u00bb<\/span><span class=\"aioseo-breadcrumb\">\n\t<a href=\"https:\/\/soymigrante.com\/revista\/category\/guate-nuestra\/\" title=\"Guate Nuestra\">Guate Nuestra<\/a>\n<\/span><span class=\"aioseo-breadcrumb-separator\">\u00bb<\/span><span class=\"aioseo-breadcrumb\">\n\tEtiquetas de cohetillos  guatemaltecos hacen estallar recuerdos de diciembres de ni\u00f1ez y juventud \u00bfCu\u00e1les recuerdas?\n<\/span><\/div>","aioseo_breadcrumb_json":[{"label":"Home","link":"https:\/\/soymigrante.com\/revista"},{"label":"Guate Nuestra","link":"https:\/\/soymigrante.com\/revista\/category\/guate-nuestra\/"},{"label":"Etiquetas de cohetillos  guatemaltecos hacen estallar recuerdos de diciembres de ni\u00f1ez y juventud \u00bfCu\u00e1les recuerdas?","link":"https:\/\/soymigrante.com\/revista\/el-espiritu-de-alguna-navidad-pasada-se-refleja-en-etiquetas-de-cohetillos-cual-recuerdas\/"}],"_links":{"self":[{"href":"https:\/\/soymigrante.com\/revista\/wp-json\/wp\/v2\/posts\/15905","targetHints":{"allow":["GET"]}}],"collection":[{"href":"https:\/\/soymigrante.com\/revista\/wp-json\/wp\/v2\/posts"}],"about":[{"href":"https:\/\/soymigrante.com\/revista\/wp-json\/wp\/v2\/types\/post"}],"author":[{"embeddable":true,"href":"https:\/\/soymigrante.com\/revista\/wp-json\/wp\/v2\/users\/1"}],"replies":[{"embeddable":true,"href":"https:\/\/soymigrante.com\/revista\/wp-json\/wp\/v2\/comments?post=15905"}],"version-history":[{"count":2,"href":"https:\/\/soymigrante.com\/revista\/wp-json\/wp\/v2\/posts\/15905\/revisions"}],"predecessor-version":[{"id":49732,"href":"https:\/\/soymigrante.com\/revista\/wp-json\/wp\/v2\/posts\/15905\/revisions\/49732"}],"wp:featuredmedia":[{"embeddable":true,"href":"https:\/\/soymigrante.com\/revista\/wp-json\/wp\/v2\/media\/15908"}],"wp:attachment":[{"href":"https:\/\/soymigrante.com\/revista\/wp-json\/wp\/v2\/media?parent=15905"}],"wp:term":[{"taxonomy":"category","embeddable":true,"href":"https:\/\/soymigrante.com\/revista\/wp-json\/wp\/v2\/categories?post=15905"},{"taxonomy":"post_tag","embeddable":true,"href":"https:\/\/soymigrante.com\/revista\/wp-json\/wp\/v2\/tags?post=15905"}],"curies":[{"name":"wp","href":"https:\/\/api.w.org\/{rel}","templated":true}]}}