{"id":15789,"date":"2024-12-09T11:08:30","date_gmt":"2024-12-09T17:08:30","guid":{"rendered":"https:\/\/soymigrante.com\/revista\/?p=15789"},"modified":"2025-05-14T17:07:17","modified_gmt":"2025-05-14T23:07:17","slug":"joyas-mayas-migrantes-guatemaltecos-pueden-admirar-vaso-de-los-11-dioses-en-los-angeles","status":"publish","type":"post","link":"https:\/\/soymigrante.com\/revista\/joyas-mayas-migrantes-guatemaltecos-pueden-admirar-vaso-de-los-11-dioses-en-los-angeles\/","title":{"rendered":"Joyas mayas migrantes: Guatemaltecos en Los Angeles pueden admirar el Vaso de los 11 Dioses"},"content":{"rendered":"\t\t<div data-elementor-type=\"wp-post\" data-elementor-id=\"15789\" class=\"elementor elementor-15789\" data-elementor-post-type=\"post\">\n\t\t\t\t<div data-particle_enable=\"false\" data-particle-mobile-disabled=\"false\" class=\"elementor-element elementor-element-8f6b17e e-flex e-con-boxed e-con e-parent\" data-id=\"8f6b17e\" data-element_type=\"container\" data-e-type=\"container\">\n\t\t\t\t\t<div class=\"e-con-inner\">\n\t\t\t\t<div class=\"elementor-element elementor-element-6cbb419 elementor-widget elementor-widget-heading\" data-id=\"6cbb419\" data-element_type=\"widget\" data-e-type=\"widget\" data-widget_type=\"heading.default\">\n\t\t\t\t\t<h2 class=\"elementor-heading-title elementor-size-default\"><span style=\"font-size: 31.2px\">Este raro vaso cuadrado del siglo VIII, posiblemente proveniente del sitio Naranjo, Pet\u00e9n, tiene una escena deslumbrante: el encuentro m\u00edstico de un gobernante y diez dioses. Puede ser admirado en el Museo del Condado de Los Angeles donde es conservado cuidadosamente.\n<\/span><div><br><\/div><\/h2>\t\t\t\t<\/div>\n\t\t\t\t<div class=\"elementor-element elementor-element-257f814 elementor-widget elementor-widget-html\" data-id=\"257f814\" data-element_type=\"widget\" data-e-type=\"widget\" data-widget_type=\"html.default\">\n\t\t\t\t\t<div id=\"buzzsprout-player-17164269\"><\/div><script src=\"https:\/\/www.buzzsprout.com\/2444168\/episodes\/17164269-el-vaso-cuadrado-de-los-11-dioses-mayas-en-museo-lacma.js?container_id=buzzsprout-player-17164269&player=small\" type=\"text\/javascript\" charset=\"utf-8\"><\/script>\t\t\t\t<\/div>\n\t\t\t\t\t<\/div>\n\t\t\t\t<\/div>\n\t\t<div data-particle_enable=\"false\" data-particle-mobile-disabled=\"false\" class=\"elementor-element elementor-element-696e55c e-flex e-con-boxed e-con e-parent\" data-id=\"696e55c\" data-element_type=\"container\" data-e-type=\"container\">\n\t\t\t\t\t<div class=\"e-con-inner\">\n\t\t\t\t<div class=\"elementor-element elementor-element-f4ae3af elementor-widget elementor-widget-text-editor\" data-id=\"f4ae3af\" data-element_type=\"widget\" data-e-type=\"widget\" data-widget_type=\"text-editor.default\">\n\t\t\t\t\t\t\t\t\t<p>Son usuales y muy conocidos los vasos cil\u00edndricos mayas prehisp\u00e1nicos. Por ello, un vaso cuadrado resulta una exquisita excepci\u00f3n. Este vaso, conocido como &#8220;De los 11 dioses&#8221;, se encuentra actualmente expuesto en el<a href=\"https:\/\/collections.lacma.org\/node\/1903409\"> pabell\u00f3n Resnick, primer nivel del Museo del condado de Los Angeles<\/a>, en donde se le conserva con gran cuidado y dedicaci\u00f3n.\u00a0<\/p><p>Para migrantes guatemaltecos residentes en el \u00e1rea de Los Angeles es una oportunidad de admirar <a href=\"https:\/\/soymigrante.com\/revista\/joyas-mayas-migrantes-hombre-de-piedra-de-mas-de-2-mil-anos-se-conserva-en-new-jersey\/\">una joya milenaria, tambi\u00e9n migrante<\/a>, que demuestra la grandeza de la civilizaci\u00f3n maya y la magnificencia de sus expresiones art\u00edsticas. Adem\u00e1s tiene una fecha emblem\u00e1tica inscrita.<\/p><p><a href=\"https:\/\/soymigrante.com\/revista\/codice-joyas-mayas-migrantes-textiles-washington\/\">Cada pieza maya guatemalteca ,migrante<\/a> es \u00fanica e irrepetivoe, pero este vaso cuadrado en especial tiene 4 caracter\u00edsticas distintivas admirables. Aqu\u00ed las presentamos.\u00a0<\/p>\t\t\t\t\t\t\t\t<\/div>\n\t\t\t\t\t<\/div>\n\t\t\t\t<\/div>\n\t\t<div data-particle_enable=\"false\" data-particle-mobile-disabled=\"false\" class=\"elementor-element elementor-element-97501fa e-flex e-con-boxed e-con e-parent\" data-id=\"97501fa\" data-element_type=\"container\" data-e-type=\"container\">\n\t\t\t\t\t<div class=\"e-con-inner\">\n\t\t\t\t<div class=\"elementor-element elementor-element-1ae60a7 elementor-arrows-position-inside elementor-pagination-position-outside elementor-widget elementor-widget-image-carousel\" data-id=\"1ae60a7\" data-element_type=\"widget\" data-e-type=\"widget\" data-settings=\"{&quot;slides_to_show&quot;:&quot;1&quot;,&quot;navigation&quot;:&quot;both&quot;,&quot;autoplay&quot;:&quot;yes&quot;,&quot;pause_on_hover&quot;:&quot;yes&quot;,&quot;pause_on_interaction&quot;:&quot;yes&quot;,&quot;autoplay_speed&quot;:5000,&quot;infinite&quot;:&quot;yes&quot;,&quot;effect&quot;:&quot;slide&quot;,&quot;speed&quot;:500}\" data-widget_type=\"image-carousel.default\">\n\t\t\t\t\t\t\t<div class=\"elementor-image-carousel-wrapper swiper\" role=\"region\" aria-roledescription=\"carousel\" aria-label=\"Carrusel de im\u00e1genes\" dir=\"ltr\">\n\t\t\t<div class=\"elementor-image-carousel swiper-wrapper\" aria-live=\"off\">\n\t\t\t\t\t\t\t\t<div class=\"swiper-slide\" role=\"group\" aria-roledescription=\"slide\" aria-label=\"1 de 4\"><figure class=\"swiper-slide-inner\"><img decoding=\"async\" class=\"swiper-slide-image\" src=\"https:\/\/soymigrante.com\/revista\/wp-content\/uploads\/2024\/12\/vaso-cuadrado-2-819x1024.jpg\" alt=\"Anc\u00f3n de cer\u00e1mica olmeca con figuras y s\u00edmbolos prehisp\u00e1nicos de M\u00e9xico, resaltando la cultura ancestral y arte mesoamericano.\" \/><figcaption class=\"elementor-image-carousel-caption\">Cer\u00e1mica olmeca decorada con escenas y s\u00edmbolos hist\u00f3ricos, reflejando la civilizaci\u00f3n olmeca y su influencia en la cultura mexicana precolombina.<\/figcaption><\/figure><\/div><div class=\"swiper-slide\" role=\"group\" aria-roledescription=\"slide\" aria-label=\"2 de 4\"><figure class=\"swiper-slide-inner\"><img decoding=\"async\" class=\"swiper-slide-image\" src=\"https:\/\/soymigrante.com\/revista\/wp-content\/uploads\/2024\/12\/vaso-cuadrado-4-819x1024.jpg\" alt=\"Antiguo arte mexica\u0301n en cer\u00e1mica con di\u0301as y guerreros en tonos rojos y beige.\" \/><figcaption class=\"elementor-image-carousel-caption\">La imagen muestra un fragmento de cer\u00e1mica decorada con escenas mitol\u00f3gicas y militares de la cultura mexica, destacando detalles pict\u00f3ricos en colores rojo, beige y negro, valorando el patrimonio cultural de M\u00e9xico.<\/figcaption><\/figure><\/div><div class=\"swiper-slide\" role=\"group\" aria-roledescription=\"slide\" aria-label=\"3 de 4\"><figure class=\"swiper-slide-inner\"><img decoding=\"async\" class=\"swiper-slide-image\" src=\"https:\/\/soymigrante.com\/revista\/wp-content\/uploads\/2024\/12\/vaso-cuadrado-1-737x1024.jpg\" alt=\"Antigua piedra tallada con jerogl\u00edficos mayas y deidades, destacando la iconograf\u00eda y s\u00edmbolos de la cultura mesoamericana en tonos rojos y ocres.\" \/><figcaption class=\"elementor-image-carousel-caption\">La imagen muestra una piedra de origen maya con inscripciones jerogl\u00edficas y escenas de dioses y sacerdotes, representando la historia y mitolog\u00eda precolombina en un estilo art\u00edstico tradicional.<\/figcaption><\/figure><\/div><div class=\"swiper-slide\" role=\"group\" aria-roledescription=\"slide\" aria-label=\"4 de 4\"><figure class=\"swiper-slide-inner\"><img decoding=\"async\" class=\"swiper-slide-image\" src=\"https:\/\/soymigrante.com\/revista\/wp-content\/uploads\/2024\/12\/vaso-cuadrado-3-819x1024.jpg\" alt=\"Antigua pieza de cer\u00e1mica mexica con escenas guerreras y s\u00edmbolos prehisp\u00e1nicos, ejemplificando la historia y cultura en el arte ta\u00edno y Mesoam\u00e9rica.\" \/><figcaption class=\"elementor-image-carousel-caption\">Descripci\u00f3n de cer\u00e1mica prehisp\u00e1nica con escenas guerreras y s\u00edmbolos culturales, reflejando la riqueza hist\u00f3rica y art\u00edstica de la civilizaci\u00f3n mexica y su tradici\u00f3n en la cer\u00e1mica.<\/figcaption><\/figure><\/div>\t\t\t<\/div>\n\t\t\t\t\t\t\t\t\t\t\t\t<div class=\"elementor-swiper-button elementor-swiper-button-prev\" role=\"button\" tabindex=\"0\">\n\t\t\t\t\t\t<i aria-hidden=\"true\" class=\"eicon-chevron-left\"><\/i>\t\t\t\t\t<\/div>\n\t\t\t\t\t<div class=\"elementor-swiper-button elementor-swiper-button-next\" role=\"button\" tabindex=\"0\">\n\t\t\t\t\t\t<i aria-hidden=\"true\" class=\"eicon-chevron-right\"><\/i>\t\t\t\t\t<\/div>\n\t\t\t\t\n\t\t\t\t\t\t\t\t\t<div class=\"swiper-pagination\"><\/div>\n\t\t\t\t\t\t\t\t\t<\/div>\n\t\t\t\t\t\t<\/div>\n\t\t\t\t\t<\/div>\n\t\t\t\t<\/div>\n\t\t<div data-particle_enable=\"false\" data-particle-mobile-disabled=\"false\" class=\"elementor-element elementor-element-e8a1d3c e-flex e-con-boxed e-con e-parent\" data-id=\"e8a1d3c\" data-element_type=\"container\" data-e-type=\"container\">\n\t\t\t\t\t<div class=\"e-con-inner\">\n\t\t\t\t<div class=\"elementor-element elementor-element-a73b800 elementor-widget elementor-widget-heading\" data-id=\"a73b800\" data-element_type=\"widget\" data-e-type=\"widget\" data-widget_type=\"heading.default\">\n\t\t\t\t\t<h2 class=\"elementor-heading-title elementor-size-default\">1. Inusual vaso cuadrado<\/h2>\t\t\t\t<\/div>\n\t\t\t\t\t<\/div>\n\t\t\t\t<\/div>\n\t\t<div data-particle_enable=\"false\" data-particle-mobile-disabled=\"false\" class=\"elementor-element elementor-element-36a4134 e-flex e-con-boxed e-con e-parent\" data-id=\"36a4134\" data-element_type=\"container\" data-e-type=\"container\">\n\t\t\t\t\t<div class=\"e-con-inner\">\n\t\t\t\t<div class=\"elementor-element elementor-element-f5be41b elementor-widget elementor-widget-text-editor\" data-id=\"f5be41b\" data-element_type=\"widget\" data-e-type=\"widget\" data-widget_type=\"text-editor.default\">\n\t\t\t\t\t\t\t\t\t<p><span style=\"color: var( --e-global-color-text ); text-align: var(--text-align);\">Esta t\u00e9cnica de elaboraci\u00f3n de vasijas apunta a un uso predominantemente ceremonial. Los vasos cil\u00edndricos, si bien tienen vistosos detalles, pod\u00edan tener usos m\u00e1s utilitarios, como beber chocolate u otras bebidas sagradas. En los vasos cuadrados, se elaboraban tablillas de cer\u00e1mica posteriormente unidas.<\/span><\/p>\t\t\t\t\t\t\t\t<\/div>\n\t\t\t\t\t<\/div>\n\t\t\t\t<\/div>\n\t\t<div data-particle_enable=\"false\" data-particle-mobile-disabled=\"false\" class=\"elementor-element elementor-element-0785b1c e-flex e-con-boxed e-con e-parent\" data-id=\"0785b1c\" data-element_type=\"container\" data-e-type=\"container\">\n\t\t\t\t\t<div class=\"e-con-inner\">\n\t\t\t\t<div class=\"elementor-element elementor-element-0eab1ab elementor-widget elementor-widget-image\" data-id=\"0eab1ab\" data-element_type=\"widget\" data-e-type=\"widget\" data-widget_type=\"image.default\">\n\t\t\t\t\t\t\t\t\t\t\t\t<figure class=\"wp-caption\">\n\t\t\t\t\t\t\t\t\t\t\t<a href=\"https:\/\/www.lacma.org\/tickets\">\n\t\t\t\t\t\t\t<img fetchpriority=\"high\" decoding=\"async\" width=\"560\" height=\"728\" src=\"https:\/\/soymigrante.com\/revista\/wp-content\/uploads\/2024\/12\/ma-13657-WEB.webp\" class=\"attachment-large size-large wp-image-15794\" alt=\"Cer\u00e1mica prehisp\u00e1nica mayas con representaciones de dioses guerreros y escenas rituales, destacada por su arte y cultura ancestral.\" srcset=\"https:\/\/soymigrante.com\/revista\/wp-content\/uploads\/2024\/12\/ma-13657-WEB.webp 560w, https:\/\/soymigrante.com\/revista\/wp-content\/uploads\/2024\/12\/ma-13657-WEB-231x300.jpg 231w\" sizes=\"(max-width: 560px) 100vw, 560px\" title=\"Los cuatro lados de la vasija exponen una misma escena de manera deslumbrante. (Fotograf\u00eda del Museo del condado de Los Angeles, utilizada bajo licencia Creative Commons para prop\u00f3sitos de difusi\u00f3n educativa y cultural) \u2013 SoyMigrante.com REVISTA\" \/>\t\t\t\t\t\t\t\t<\/a>\n\t\t\t\t\t\t\t\t\t\t\t<figcaption class=\"widget-image-caption wp-caption-text\">Vasija mayas antigua con ilustraciones de deidades guerreras y escenas rituales, evidencia la riqueza del arte prehisp\u00e1nico y la cosmovisi\u00f3n maya en cer\u00e1mica.<\/figcaption>\n\t\t\t\t\t\t\t\t\t\t<\/figure>\n\t\t\t\t\t\t\t\t\t<\/div>\n\t\t\t\t\t<\/div>\n\t\t\t\t<\/div>\n\t\t<div data-particle_enable=\"false\" data-particle-mobile-disabled=\"false\" class=\"elementor-element elementor-element-37a40a8 e-flex e-con-boxed e-con e-parent\" data-id=\"37a40a8\" data-element_type=\"container\" data-e-type=\"container\">\n\t\t\t\t\t<div class=\"e-con-inner\">\n\t\t\t\t<div class=\"elementor-element elementor-element-bbe986b elementor-widget elementor-widget-heading\" data-id=\"bbe986b\" data-element_type=\"widget\" data-e-type=\"widget\" data-widget_type=\"heading.default\">\n\t\t\t\t\t<h2 class=\"elementor-heading-title elementor-size-default\">2. Se tiene el nombre del autor<\/h2>\t\t\t\t<\/div>\n\t\t\t\t\t<\/div>\n\t\t\t\t<\/div>\n\t\t<div data-particle_enable=\"false\" data-particle-mobile-disabled=\"false\" class=\"elementor-element elementor-element-ef74d25 e-flex e-con-boxed e-con e-parent\" data-id=\"ef74d25\" data-element_type=\"container\" data-e-type=\"container\">\n\t\t\t\t\t<div class=\"e-con-inner\">\n\t\t\t\t<div class=\"elementor-element elementor-element-a9beea1 elementor-widget elementor-widget-text-editor\" data-id=\"a9beea1\" data-element_type=\"widget\" data-e-type=\"widget\" data-widget_type=\"text-editor.default\">\n\t\t\t\t\t\t\t\t\t<p><span style=\"color: var( --e-global-color-text ); text-align: var(--text-align);\">De muchas piezas mayas se desconoce la autor\u00eda. Se sabe que hab\u00eda muchos artistas dedicados a la cer\u00e1mica y la pintura, pero sus nombres se han perdido por el tiempo y los saqueos de piezas que eliminan la informaci\u00f3n de tumbas y yacimientos.<\/span><\/p><p>Pero en este caso, s\u00ed se tiene el dato: el autor se llamaba\u00a0<\/p><p>Lo\u2019 Took\u2019 Akan Xok, ceramista maya del siglo 8.<\/p>\t\t\t\t\t\t\t\t<\/div>\n\t\t\t\t\t<\/div>\n\t\t\t\t<\/div>\n\t\t<div data-particle_enable=\"false\" data-particle-mobile-disabled=\"false\" class=\"elementor-element elementor-element-e589a95 e-flex e-con-boxed e-con e-parent\" data-id=\"e589a95\" data-element_type=\"container\" data-e-type=\"container\">\n\t\t\t\t\t<div class=\"e-con-inner\">\n\t\t\t\t<div class=\"elementor-element elementor-element-d0783b6 elementor-widget elementor-widget-image\" data-id=\"d0783b6\" data-element_type=\"widget\" data-e-type=\"widget\" data-widget_type=\"image.default\">\n\t\t\t\t\t\t\t\t\t\t\t\t<figure class=\"wp-caption\">\n\t\t\t\t\t\t\t\t\t\t<img decoding=\"async\" width=\"768\" height=\"720\" src=\"https:\/\/soymigrante.com\/revista\/wp-content\/uploads\/2024\/12\/gobernante-jaguar.webp\" class=\"attachment-large size-large wp-image-15799\" alt=\"Manifestaciones culturales mexicanas, arte ancestral, mural prehisp\u00e1nico, historia de M\u00e9xico, cultura ind\u00edgena mexicana.\" srcset=\"https:\/\/soymigrante.com\/revista\/wp-content\/uploads\/2024\/12\/gobernante-jaguar.webp 792w, https:\/\/soymigrante.com\/revista\/wp-content\/uploads\/2024\/12\/gobernante-jaguar-300x281.jpg 300w, https:\/\/soymigrante.com\/revista\/wp-content\/uploads\/2024\/12\/gobernante-jaguar-768x720.jpg 768w, https:\/\/soymigrante.com\/revista\/wp-content\/uploads\/2024\/12\/gobernante-jaguar-750x704.webp 750w\" sizes=\"(max-width: 768px) 100vw, 768px\" title=\"El personaje principal de la escena parece ser un gobernante, ataviado con m\u00e1scara de jaguar. Est\u00e1 fumando sobre un trono cubierto con piel de jagua, un animal sagrado para los mayas. Detalle de foto del museo del Condado de los Angeles, utilizada bajo licencia Creative Commons para prop\u00f3sitos educativos y de difusi\u00f3n cultural. \u2013 SoyMigrante.com REVISTA\" \/>\t\t\t\t\t\t\t\t\t\t\t<figcaption class=\"widget-image-caption wp-caption-text\">Vibrante mural prehisp\u00e1nico de arte ind\u00edgena en la revista SoyMigrante.com, que refleja la riqueza cultural y las tradiciones ancestrales de M\u00e9xico.<\/figcaption>\n\t\t\t\t\t\t\t\t\t\t<\/figure>\n\t\t\t\t\t\t\t\t\t<\/div>\n\t\t\t\t\t<\/div>\n\t\t\t\t<\/div>\n\t\t<div data-particle_enable=\"false\" data-particle-mobile-disabled=\"false\" class=\"elementor-element elementor-element-7fe6b9d e-flex e-con-boxed e-con e-parent\" data-id=\"7fe6b9d\" data-element_type=\"container\" data-e-type=\"container\">\n\t\t\t\t\t<div class=\"e-con-inner\">\n\t\t\t\t<div class=\"elementor-element elementor-element-0c66149 elementor-widget elementor-widget-heading\" data-id=\"0c66149\" data-element_type=\"widget\" data-e-type=\"widget\" data-widget_type=\"heading.default\">\n\t\t\t\t\t<h2 class=\"elementor-heading-title elementor-size-default\">3. Una visi\u00f3n entre dos dimensiones<\/h2>\t\t\t\t<\/div>\n\t\t\t\t\t<\/div>\n\t\t\t\t<\/div>\n\t\t<div data-particle_enable=\"false\" data-particle-mobile-disabled=\"false\" class=\"elementor-element elementor-element-010dffc e-flex e-con-boxed e-con e-parent\" data-id=\"010dffc\" data-element_type=\"container\" data-e-type=\"container\">\n\t\t\t\t\t<div class=\"e-con-inner\">\n\t\t\t\t<div class=\"elementor-element elementor-element-b24ef1c elementor-widget elementor-widget-text-editor\" data-id=\"b24ef1c\" data-element_type=\"widget\" data-e-type=\"widget\" data-widget_type=\"text-editor.default\">\n\t\t\t\t\t\t\t\t\t<p><span style=\"color: var( --e-global-color-text ); text-align: var(--text-align);\">Un dios anciano con orejas felinas y fumando puro, sentado en un trono cubierto con piel de jaguar, preside una reuni\u00f3n de diez deidades. Esto pod\u00eda representar una visi\u00f3n o un momento m\u00edstico de un gobernante poderoso, en el cual trascend\u00eda a una esfera espiritual ya sea por haber muerto o por eestar en un trance ritual.<\/span><\/p>\t\t\t\t\t\t\t\t<\/div>\n\t\t\t\t\t<\/div>\n\t\t\t\t<\/div>\n\t\t<div data-particle_enable=\"false\" data-particle-mobile-disabled=\"false\" class=\"elementor-element elementor-element-92689f9 e-flex e-con-boxed e-con e-parent\" data-id=\"92689f9\" data-element_type=\"container\" data-e-type=\"container\">\n\t\t\t\t\t<div class=\"e-con-inner\">\n\t\t\t\t<div class=\"elementor-element elementor-element-0d1f18d elementor-widget elementor-widget-image\" data-id=\"0d1f18d\" data-element_type=\"widget\" data-e-type=\"widget\" data-widget_type=\"image.default\">\n\t\t\t\t\t\t\t\t\t\t\t\t<figure class=\"wp-caption\">\n\t\t\t\t\t\t\t\t\t\t<img decoding=\"async\" width=\"567\" height=\"585\" src=\"https:\/\/soymigrante.com\/revista\/wp-content\/uploads\/2024\/12\/vaso-maya.webp\" class=\"attachment-large size-large wp-image-15800\" alt=\"Antiguo mural prehisp\u00e1nico mexicano con imagen de un dios o figura mitol\u00f3gica, resaltando arte y cultura ind\u00edgena, ideal para contenido sobre historia y tradiciones en M\u00e9xico.\" srcset=\"https:\/\/soymigrante.com\/revista\/wp-content\/uploads\/2024\/12\/vaso-maya.webp 567w, https:\/\/soymigrante.com\/revista\/wp-content\/uploads\/2024\/12\/vaso-maya-291x300.jpg 291w\" sizes=\"(max-width: 567px) 100vw, 567px\" title=\"Detal\u00f1e de uno de los 11 Dioses. El gobernante podr\u00eda ser uin personaje que muri\u00f3 y est\u00e1 llegando a la dimensi\u00f3n espiritual o bien ser una visi\u00f3n m\u00edstica ritual. En ambos casos, el gobernante se eleva a una categor\u00eda de deidad. Detalle de fotograf\u00eda del Museo del Condado de Los Angeles utilizada bajo licencia creative commons, para fines educativos y de difusi\u00f3n cultural de un patrimonio originario de Guatemala. \u2013 SoyMigrante.com REVISTA\" \/>\t\t\t\t\t\t\t\t\t\t\t<figcaption class=\"widget-image-caption wp-caption-text\">Un mural prehisp\u00e1nico mexicano que representa una figura mitol\u00f3gica con detalles tradicionales, destacando la riqueza cultural ind\u00edgena y el arte antiguo.<\/figcaption>\n\t\t\t\t\t\t\t\t\t\t<\/figure>\n\t\t\t\t\t\t\t\t\t<\/div>\n\t\t\t\t\t<\/div>\n\t\t\t\t<\/div>\n\t\t<div data-particle_enable=\"false\" data-particle-mobile-disabled=\"false\" class=\"elementor-element elementor-element-d0821a9 e-flex e-con-boxed e-con e-parent\" data-id=\"d0821a9\" data-element_type=\"container\" data-e-type=\"container\">\n\t\t\t\t\t<div class=\"e-con-inner\">\n\t\t\t\t<div class=\"elementor-element elementor-element-b2c65fe elementor-widget elementor-widget-heading\" data-id=\"b2c65fe\" data-element_type=\"widget\" data-e-type=\"widget\" data-widget_type=\"heading.default\">\n\t\t\t\t\t<h2 class=\"elementor-heading-title elementor-size-default\">4. Alusi\u00f3n a una antigua fecha<\/h2>\t\t\t\t<\/div>\n\t\t\t\t\t<\/div>\n\t\t\t\t<\/div>\n\t\t<div data-particle_enable=\"false\" data-particle-mobile-disabled=\"false\" class=\"elementor-element elementor-element-53fe796 e-flex e-con-boxed e-con e-parent\" data-id=\"53fe796\" data-element_type=\"container\" data-e-type=\"container\">\n\t\t\t\t\t<div class=\"e-con-inner\">\n\t\t\t\t<div class=\"elementor-element elementor-element-45dac5c elementor-widget elementor-widget-text-editor\" data-id=\"45dac5c\" data-element_type=\"widget\" data-e-type=\"widget\" data-widget_type=\"text-editor.default\">\n\t\t\t\t\t\t\t\t\t<p><span style=\"color: var( --e-global-color-text ); text-align: var(--text-align);\">La inscripci\u00f3n jerogl\u00edfica contenida en este vaso es breve: los dioses nombrados se formaron en K\u2019inchil, o &#8220;el gran lugar del sol&#8221;, el 11 de agosto de 3114 a. C.\u00a0<\/span><\/p><p>La fecha maya escrita m\u00e1s antigua y famosa es el a\u00f1o 3113 (inici\u00f3 del per\u00edodo Bakt\u00fan 12 que termin\u00f3 en 2021), pero esta inscripci\u00f3n del vaso es un a\u00f1o anterior. No es que en ese tiempo se haya creado, sino se registra que en ese momento ocurri\u00f3 un acontecimiento m\u00edstico que dio origen al pueblo maya.\u00a0<\/p>\t\t\t\t\t\t\t\t<\/div>\n\t\t\t\t\t<\/div>\n\t\t\t\t<\/div>\n\t\t<div data-particle_enable=\"false\" data-particle-mobile-disabled=\"false\" class=\"elementor-element elementor-element-d2c2a10 e-flex e-con-boxed e-con e-parent\" data-id=\"d2c2a10\" data-element_type=\"container\" data-e-type=\"container\">\n\t\t\t\t\t<div class=\"e-con-inner\">\n\t\t\t\t<div class=\"elementor-element elementor-element-5dd2c55 elementor-widget elementor-widget-google_maps\" data-id=\"5dd2c55\" data-element_type=\"widget\" data-e-type=\"widget\" data-widget_type=\"google_maps.default\">\n\t\t\t\t\t\t\t<div class=\"elementor-custom-embed\">\n\t\t\t<iframe loading=\"lazy\"\n\t\t\t\t\tsrc=\"https:\/\/maps.google.com\/maps?q=Lacma%20county%20museum&#038;t=m&#038;z=10&#038;output=embed&#038;iwloc=near\"\n\t\t\t\t\ttitle=\"Lacma county museum\"\n\t\t\t\t\taria-label=\"Lacma county museum\"\n\t\t\t><\/iframe>\n\t\t<\/div>\n\t\t\t\t\t\t<\/div>\n\t\t\t\t\t<\/div>\n\t\t\t\t<\/div>\n\t\t<div data-particle_enable=\"false\" data-particle-mobile-disabled=\"false\" class=\"elementor-element elementor-element-4ac49d0 e-flex e-con-boxed e-con e-parent\" data-id=\"4ac49d0\" data-element_type=\"container\" data-e-type=\"container\">\n\t\t\t\t\t<div class=\"e-con-inner\">\n\t\t\t\t<div class=\"elementor-element elementor-element-56cd198 elementor-widget elementor-widget-heading\" data-id=\"56cd198\" data-element_type=\"widget\" data-e-type=\"widget\" data-widget_type=\"heading.default\">\n\t\t\t\t\t<h2 class=\"elementor-heading-title elementor-size-default\">Esta y otras joyas pueden ser visitadas<\/h2>\t\t\t\t<\/div>\n\t\t\t\t\t<\/div>\n\t\t\t\t<\/div>\n\t\t<div data-particle_enable=\"false\" data-particle-mobile-disabled=\"false\" class=\"elementor-element elementor-element-52a0276 e-flex e-con-boxed e-con e-parent\" data-id=\"52a0276\" data-element_type=\"container\" data-e-type=\"container\">\n\t\t\t\t\t<div class=\"e-con-inner\">\n\t\t\t\t<div class=\"elementor-element elementor-element-77c82a6 elementor-widget elementor-widget-text-editor\" data-id=\"77c82a6\" data-element_type=\"widget\" data-e-type=\"widget\" data-widget_type=\"text-editor.default\">\n\t\t\t\t\t\t\t\t\t<p><a href=\"https:\/\/www.lacma.org\/tickets\">El Museo de Arte del condado de Los Angeles <\/a>est\u00e1 abierto a todo el p\u00fablico. Es el m\u00e1s grande de la zona este de EE.UU. y contiene una rica colecci\u00f3n de historia de m\u00fachas culturas, incluyendo la maya guatemalteca prehisp\u00e1nica.<\/p><p>Puede ser visitado de jueves a martes. El mi\u00e9rcoles est\u00e1 cerrado. Los horarios son\u00a0 Lunes, martes y jueves, de 11 a 18 horas. El viernes, de 11 a 20 horas. El s\u00e1bado y domingo, de 10 a 19 horas.<\/p><p>La entrada para ni\u00f1os y j\u00f3venes de 12 a 17 a\u00f1os residentes en el Condado de Los Angeles es gratuita. Para adultos residentes del \u00e1rea la entrada cuesta US$23 y si no residen en el \u00e1rea U$28.\u00a0<br \/>Mayores de 65 a\u00f1os pagan US$24. Estudiantes con carn\u00e9 US$19 residentes, y US$24 de otros condados.}<\/p>\t\t\t\t\t\t\t\t<\/div>\n\t\t\t\t\t<\/div>\n\t\t\t\t<\/div>\n\t\t<div data-particle_enable=\"false\" data-particle-mobile-disabled=\"false\" class=\"elementor-element elementor-element-3b1b596 e-flex e-con-boxed e-con e-parent\" data-id=\"3b1b596\" data-element_type=\"container\" data-e-type=\"container\">\n\t\t\t\t\t<div class=\"e-con-inner\">\n\t\t\t\t<div class=\"elementor-element elementor-element-563107b elementor-widget elementor-widget-image\" data-id=\"563107b\" data-element_type=\"widget\" data-e-type=\"widget\" data-widget_type=\"image.default\">\n\t\t\t\t\t\t\t\t\t\t\t\t\t\t\t\t<a href=\"https:\/\/collections.lacma.org\/node\/1903409\">\n\t\t\t\t\t\t\t<img loading=\"lazy\" decoding=\"async\" width=\"600\" height=\"376\" src=\"https:\/\/soymigrante.com\/revista\/wp-content\/uploads\/2024\/12\/resnick.webp\" class=\"attachment-large size-large wp-image-15801\" alt=\"Maqueta del edificio principal de SoyMigrante.com Revista al atardecer, destacando su arquitectura moderna y distintivos colores rojos, en un entorno que combina urbanismo y naturaleza en un paisaje urbano.\" srcset=\"https:\/\/soymigrante.com\/revista\/wp-content\/uploads\/2024\/12\/resnick.webp 600w, https:\/\/soymigrante.com\/revista\/wp-content\/uploads\/2024\/12\/resnick-300x188.jpg 300w\" sizes=\"(max-width: 600px) 100vw, 600px\" title=\"Este 9 de diciembre de 2024 cumple un a\u00f1o de inaugurado el Pabell\u00f3n Resnick. El pabell\u00f3n Resnick es una de las \u00e1reas m\u00e1s recientes del Museo de Arte de Los Angeles. Es all\u00ed donde se expone el Vaso de los 11 Dioses, de la cultura maya prehisp\u00e1nica guatemalteca, adem\u00e1s de joyas de otras culturas. (Foto comunicado del Museo LACMA) \u2013 SoyMigrante.com REVISTA\" \/>\t\t\t\t\t\t\t\t<\/a>\n\t\t\t\t\t\t\t\t\t\t\t\t\t\t\t<\/div>\n\t\t\t\t\t<\/div>\n\t\t\t\t<\/div>\n\t\t<div data-particle_enable=\"false\" data-particle-mobile-disabled=\"false\" class=\"elementor-element elementor-element-4175686 e-flex e-con-boxed e-con e-parent\" data-id=\"4175686\" data-element_type=\"container\" data-e-type=\"container\">\n\t\t\t\t\t<div class=\"e-con-inner\">\n\t\t\t\t<div class=\"elementor-element elementor-element-893fb82 elementor-widget elementor-widget-heading\" data-id=\"893fb82\" data-element_type=\"widget\" data-e-type=\"widget\" data-widget_type=\"heading.default\">\n\t\t\t\t\t<h2 class=\"elementor-heading-title elementor-size-default\">Grandeza maya nunca deja de deslumbrar<\/h2>\t\t\t\t<\/div>\n\t\t\t\t\t<\/div>\n\t\t\t\t<\/div>\n\t\t<div data-particle_enable=\"false\" data-particle-mobile-disabled=\"false\" class=\"elementor-element elementor-element-69414a0 e-flex e-con-boxed e-con e-parent\" data-id=\"69414a0\" data-element_type=\"container\" data-e-type=\"container\">\n\t\t\t\t\t<div class=\"e-con-inner\">\n\t\t\t\t<div class=\"elementor-element elementor-element-707598a elementor-grid-eael-col-3 elementor-grid-tablet-eael-col-2 elementor-grid-mobile-eael-col-1 elementor-widget elementor-widget-eael-post-grid\" data-id=\"707598a\" data-element_type=\"widget\" data-e-type=\"widget\" data-settings=\"{&quot;eael_post_grid_columns&quot;:&quot;eael-col-3&quot;,&quot;eael_post_grid_columns_tablet&quot;:&quot;eael-col-2&quot;,&quot;eael_post_grid_columns_mobile&quot;:&quot;eael-col-1&quot;}\" data-widget_type=\"eael-post-grid.default\">\n\t\t\t\t\t<div id=\"eael-post-grid-707598a\" class=\"eael-post-grid-container\">\n            <div class=\"eael-post-grid eael-post-appender eael-post-appender-707598a eael-post-grid-style-one\" data-layout-mode=\"masonry\"><article class=\"eael-grid-post  eael-post-grid-column eael-pg-post-10625 category-guate-nuestra\" data-id=\"10625\">\n        <div class=\"eael-grid-post-holder\">\n            <div class=\"eael-grid-post-holder-inner\"><div class=\"eael-entry-media\"><div class=\"eael-entry-overlay fade-in\"><i class=\"far fa-hand-pointer\" aria-hidden=\"true\"><\/i><a href=\"https:\/\/soymigrante.com\/revista\/aguateca-una-ciudad-maya-prehispanica-fortificada\/\"><\/a><\/div><div class=\"eael-entry-thumbnail \">\n                <img loading=\"lazy\" decoding=\"async\" width=\"1024\" height=\"1024\" src=\"https:\/\/soymigrante.com\/revista\/wp-content\/uploads\/2024\/10\/Aguateca-La-ciudad-maya-fortificada-en-el-corazon-de-Peten-1-1-e1729630120727-1024x1024.webp\" class=\"attachment-large size-large wp-image-10627\" alt=\"Restauraci\u00f3n de ruinas mayas en un entorno selv\u00e1tico, destacando la historia y cultura antigua de M\u00e9xico y Centroam\u00e9rica.\" srcset=\"https:\/\/soymigrante.com\/revista\/wp-content\/uploads\/2024\/10\/Aguateca-La-ciudad-maya-fortificada-en-el-corazon-de-Peten-1-1-e1729630120727-1024x1024.webp 1024w, https:\/\/soymigrante.com\/revista\/wp-content\/uploads\/2024\/10\/Aguateca-La-ciudad-maya-fortificada-en-el-corazon-de-Peten-1-1-e1729630120727-300x300.webp 300w, https:\/\/soymigrante.com\/revista\/wp-content\/uploads\/2024\/10\/Aguateca-La-ciudad-maya-fortificada-en-el-corazon-de-Peten-1-1-e1729630120727-150x150.webp 150w, https:\/\/soymigrante.com\/revista\/wp-content\/uploads\/2024\/10\/Aguateca-La-ciudad-maya-fortificada-en-el-corazon-de-Peten-1-1-e1729630120727-768x768.webp 768w, https:\/\/soymigrante.com\/revista\/wp-content\/uploads\/2024\/10\/Aguateca-La-ciudad-maya-fortificada-en-el-corazon-de-Peten-1-1-e1729630120727-75x75.webp 75w, https:\/\/soymigrante.com\/revista\/wp-content\/uploads\/2024\/10\/Aguateca-La-ciudad-maya-fortificada-en-el-corazon-de-Peten-1-1-e1729630120727-750x750.webp 750w, https:\/\/soymigrante.com\/revista\/wp-content\/uploads\/2024\/10\/Aguateca-La-ciudad-maya-fortificada-en-el-corazon-de-Peten-1-1-e1729630120727-1140x1140.webp 1140w, https:\/\/soymigrante.com\/revista\/wp-content\/uploads\/2024\/10\/Aguateca-La-ciudad-maya-fortificada-en-el-corazon-de-Peten-1-1-e1729630120727.webp 1440w\" sizes=\"(max-width: 1024px) 100vw, 1024px\" \/>\n            <\/div>\n        <\/div><div class=\"eael-entry-wrapper\"><header class=\"eael-entry-header\"><h2 class=\"eael-entry-title\"><a class=\"eael-grid-post-link\" href=\"https:\/\/soymigrante.com\/revista\/aguateca-una-ciudad-maya-prehispanica-fortificada\/\" title=\"Aguateca, la impresionante ciudad maya fortificada en Pet\u00e9n\">Aguateca, la impresionante ciudad maya fortificada en Pet\u00e9n<\/a><\/h2><\/header><div class=\"eael-entry-content\">\n                        <div class=\"eael-grid-post-excerpt\"><a href=\"https:\/\/soymigrante.com\/revista\/aguateca-una-ciudad-maya-prehispanica-fortificada\/\" class=\"eael-post-elements-readmore-btn\">CONOCE SU HISTORIA <\/a><\/div>\n                    <\/div><\/div><\/div>\n        <\/div>\n    <\/article><article class=\"eael-grid-post  eael-post-grid-column eael-pg-post-7795 category-guate-nuestra tags-joyas-mayas-migrantes\" data-id=\"7795\">\n        <div class=\"eael-grid-post-holder\">\n            <div class=\"eael-grid-post-holder-inner\"><div class=\"eael-entry-media\"><div class=\"eael-entry-overlay fade-in\"><i class=\"far fa-hand-pointer\" aria-hidden=\"true\"><\/i><a href=\"https:\/\/soymigrante.com\/revista\/joyas-mayas-migrantes-el-misterioso-trozo-de-dintel-de-tikal-en-washington\/\"><\/a><\/div><div class=\"eael-entry-thumbnail \">\n                <img loading=\"lazy\" decoding=\"async\" width=\"605\" height=\"605\" src=\"https:\/\/soymigrante.com\/revista\/wp-content\/uploads\/2024\/08\/dintel-maya-tikal.webp\" class=\"attachment-large size-large wp-image-7797\" alt=\"Rostro de piedra y dibujo esquem\u00e1tico, representaci\u00f3n art\u00edstica en la revista SoyMigrante.com sobre cultura y patrimonio.\" srcset=\"https:\/\/soymigrante.com\/revista\/wp-content\/uploads\/2024\/08\/dintel-maya-tikal.webp 605w, https:\/\/soymigrante.com\/revista\/wp-content\/uploads\/2024\/08\/dintel-maya-tikal-300x300.webp 300w, https:\/\/soymigrante.com\/revista\/wp-content\/uploads\/2024\/08\/dintel-maya-tikal-150x150.webp 150w, https:\/\/soymigrante.com\/revista\/wp-content\/uploads\/2024\/08\/dintel-maya-tikal-75x75.webp 75w\" sizes=\"(max-width: 605px) 100vw, 605px\" \/>\n            <\/div>\n        <\/div><div class=\"eael-entry-wrapper\"><header class=\"eael-entry-header\"><h2 class=\"eael-entry-title\"><a class=\"eael-grid-post-link\" href=\"https:\/\/soymigrante.com\/revista\/joyas-mayas-migrantes-el-misterioso-trozo-de-dintel-de-tikal-en-washington\/\" title=\"Joyas mayas migrantes: El misterioso trozo de dintel de Tikal en Washington\">Joyas mayas migrantes: El misterioso trozo de dintel de Tikal en Washington<\/a><\/h2><\/header><div class=\"eael-entry-content\">\n                        <div class=\"eael-grid-post-excerpt\"><a href=\"https:\/\/soymigrante.com\/revista\/joyas-mayas-migrantes-el-misterioso-trozo-de-dintel-de-tikal-en-washington\/\" class=\"eael-post-elements-readmore-btn\">CONOCE SU HISTORIA <\/a><\/div>\n                    <\/div><\/div><\/div>\n        <\/div>\n    <\/article><article class=\"eael-grid-post  eael-post-grid-column eael-pg-post-6808 category-guate-nuestra\" data-id=\"6808\">\n        <div class=\"eael-grid-post-holder\">\n            <div class=\"eael-grid-post-holder-inner\"><div class=\"eael-entry-media\"><div class=\"eael-entry-overlay fade-in\"><i class=\"far fa-hand-pointer\" aria-hidden=\"true\"><\/i><a href=\"https:\/\/soymigrante.com\/revista\/la-danta-de-el-mirador-la-mayor-piramide-del-mundo-7-datos\/\"><\/a><\/div><div class=\"eael-entry-thumbnail \">\n                <img loading=\"lazy\" decoding=\"async\" width=\"466\" height=\"466\" src=\"https:\/\/soymigrante.com\/revista\/wp-content\/uploads\/2024\/06\/la-danta.webp\" class=\"attachment-large size-large wp-image-6810\" alt=\"Formaci\u00f3n geol\u00f3gica con formaciones destacadas en un paisaje \u00e1rido, resaltando la belleza natural y la importancia del medio ambiente en el contexto de la migraci\u00f3n y la cultura.\" srcset=\"https:\/\/soymigrante.com\/revista\/wp-content\/uploads\/2024\/06\/la-danta.webp 466w, https:\/\/soymigrante.com\/revista\/wp-content\/uploads\/2024\/06\/la-danta-300x300.webp 300w, https:\/\/soymigrante.com\/revista\/wp-content\/uploads\/2024\/06\/la-danta-150x150.webp 150w, https:\/\/soymigrante.com\/revista\/wp-content\/uploads\/2024\/06\/la-danta-75x75.webp 75w\" sizes=\"(max-width: 466px) 100vw, 466px\" \/>\n            <\/div>\n        <\/div><div class=\"eael-entry-wrapper\"><header class=\"eael-entry-header\"><h2 class=\"eael-entry-title\"><a class=\"eael-grid-post-link\" href=\"https:\/\/soymigrante.com\/revista\/la-danta-de-el-mirador-la-mayor-piramide-del-mundo-7-datos\/\" title=\"La Danta de El Mirador, la mayor pir\u00e1mide del mundo: 7 datos\">La Danta de El Mirador, la mayor pir\u00e1mide del mundo: 7 datos<\/a><\/h2><\/header><div class=\"eael-entry-content\">\n                        <div class=\"eael-grid-post-excerpt\"><a href=\"https:\/\/soymigrante.com\/revista\/la-danta-de-el-mirador-la-mayor-piramide-del-mundo-7-datos\/\" class=\"eael-post-elements-readmore-btn\">CONOCE SU HISTORIA <\/a><\/div>\n                    <\/div><\/div><\/div>\n        <\/div>\n    <\/article><\/div>\n            <div class=\"clearfix\"><\/div>\n        <\/div>\t\t\t\t<\/div>\n\t\t\t\t\t<\/div>\n\t\t\t\t<\/div>\n\t\t\t\t<\/div>\n\t\t","protected":false},"excerpt":{"rendered":"<p>Este raro vaso cuadrado del siglo VIII, posiblemente proveniente del sitio Naranjo, Pet\u00e9n, tiene una escena deslumbrante: el encuentro m\u00edstico de un gobernante y diez dioses. Puede ser admirado en el Museo del Condado de Los Angeles donde es conservado cuidadosamente. Son usuales y muy conocidos los vasos cil\u00edndricos mayas prehisp\u00e1nicos. Por ello, un vaso [&hellip;]<\/p>\n","protected":false},"author":7,"featured_media":15791,"comment_status":"open","ping_status":"open","sticky":false,"template":"","format":"standard","meta":{"_acf_changed":false,"_eb_attr":"","footnotes":""},"categories":[58],"tags":[134],"class_list":["post-15789","post","type-post","status-publish","format-standard","has-post-thumbnail","hentry","category-guate-nuestra","tag-joyas-mayas-migrantes"],"acf":[],"aioseo_notices":[],"aioseo_head":"\n\t\t<!-- All in One SEO Pro 4.9.6.2 - aioseo.com -->\n\t<meta name=\"description\" content=\"La gigantesca pir\u00e1mide La Danta y la antigua ciudad maya de El Mirador en Pet\u00e9n, Guatemala, son s\u00edmbolos de la magnificencia prehisp\u00e1nica: un tesoro cultural, arqueol\u00f3gico y natural que debe ser protegido y conservado. El sitio El Mirador, en el norte de Pet\u00e9n, Guatemala, se encuentra dentro de una cuenca considerada como la Cuna de Es un s\u00edmbolo de la magnificencia maya preshisp\u00e1nica. La Danta es considerada la pir\u00e1mite m\u00e1s grande del mundo, pero en El Mirador hay mucho m\u00e1s. Conoce m\u00e1s.\" \/>\n\t<meta name=\"robots\" content=\"max-snippet:-1, max-image-preview:large, max-video-preview:-1\" \/>\n\t<meta name=\"author\" content=\"Gustavo Montenegro\"\/>\n\t<link rel=\"canonical\" href=\"https:\/\/soymigrante.com\/revista\/joyas-mayas-migrantes-guatemaltecos-pueden-admirar-vaso-de-los-11-dioses-en-los-angeles\/\" \/>\n\t<meta name=\"generator\" content=\"All in One SEO Pro (AIOSEO) 4.9.6.2\" \/>\n\n\t\t<link rel=\"preconnect\" href=\"https:\/\/fonts.googleapis.com\" crossorigin>\n<link rel=\"preconnect\" href=\"https:\/\/fonts.gstatic.com\" crossorigin>\n\t\t<meta property=\"og:locale\" content=\"es_ES\" \/>\n\t\t<meta property=\"og:site_name\" content=\"SoyMigrante.com REVISTA \u2013 Nuestra misi\u00f3n es reconocer y dignificar al migrante.\" \/>\n\t\t<meta property=\"og:type\" content=\"article\" \/>\n\t\t<meta property=\"og:title\" content=\"Joyas mayas migrante: vaso cuadrado se exhibe en Los Angeles\" \/>\n\t\t<meta property=\"og:description\" content=\"Migrantes guatemaltecos pueden admirar una valiosa joya maya en el Museo del Condado de Los Angeles: el vaso cuadrado denominado &quot;De los 11 dioses&quot;. Conoce m\u00e1s de \u00e9l\" \/>\n\t\t<meta property=\"og:url\" content=\"https:\/\/soymigrante.com\/revista\/joyas-mayas-migrantes-guatemaltecos-pueden-admirar-vaso-de-los-11-dioses-en-los-angeles\/\" \/>\n\t\t<meta property=\"og:image\" content=\"https:\/\/soymigrante.com\/revista\/wp-content\/uploads\/2024\/12\/vaso-maya-imagen-del-museo-Lacma-de-Los-Angeles.webp\" \/>\n\t\t<meta property=\"og:image:secure_url\" content=\"https:\/\/soymigrante.com\/revista\/wp-content\/uploads\/2024\/12\/vaso-maya-imagen-del-museo-Lacma-de-Los-Angeles.webp\" \/>\n\t\t<meta property=\"og:image:width\" content=\"560\" \/>\n\t\t<meta property=\"og:image:height\" content=\"594\" \/>\n\t\t<meta property=\"article:published_time\" content=\"2024-12-09T17:08:30+00:00\" \/>\n\t\t<meta property=\"article:modified_time\" content=\"2025-05-14T23:07:17+00:00\" \/>\n\t\t<meta property=\"article:publisher\" content=\"https:\/\/www.facebook.com\/soymigrantecom\" \/>\n\t\t<meta name=\"twitter:card\" content=\"summary_large_image\" \/>\n\t\t<meta name=\"twitter:site\" content=\"@SoyMigrante_com\" \/>\n\t\t<meta name=\"twitter:title\" content=\"Joyas mayas migrante: vaso cuadrado se exhibe en Los Angeles\" \/>\n\t\t<meta name=\"twitter:description\" content=\"Migrantes guatemaltecos pueden admirar una valiosa joya maya en el Museo del Condado de Los Angeles: el vaso cuadrado denominado &quot;De los 11 dioses&quot;. Conoce m\u00e1s de \u00e9l\" \/>\n\t\t<meta name=\"twitter:creator\" content=\"@SoyMigrante_com\" \/>\n\t\t<meta name=\"twitter:image\" content=\"https:\/\/soymigrante.com\/revista\/wp-content\/uploads\/2024\/12\/vaso-maya-imagen-del-museo-Lacma-de-Los-Angeles.webp\" \/>\n\t\t<!-- All in One SEO Pro -->\r\n\t\t<title>Joyas mayas migrante: vaso cuadrado se exhibe en Los Angeles<\/title>\n\n","aioseo_head_json":{"title":"Joyas mayas migrante: vaso cuadrado se exhibe en Los Angeles","description":"Migrantes guatemaltecos pueden admirar una valiosa joya maya en el Museo del Condado de Los Angeles: el vaso cuadrado denominado \"De los 11 dioses\". Conoce m\u00e1s de \u00e9l","canonical_url":"https:\/\/soymigrante.com\/revista\/joyas-mayas-migrantes-guatemaltecos-pueden-admirar-vaso-de-los-11-dioses-en-los-angeles\/","robots":"max-snippet:-1, max-image-preview:large, max-video-preview:-1","keywords":"","webmasterTools":{"miscellaneous":"&lt;link rel=\"preconnect\" href=\"https:\/\/fonts.googleapis.com\" crossorigin&gt;\n&lt;link rel=\"preconnect\" href=\"https:\/\/fonts.gstatic.com\" crossorigin&gt;"},"schema":null,"og:locale":"es_ES","og:site_name":"SoyMigrante.com REVISTA \u2013 Nuestra misi\u00f3n es reconocer y dignificar al migrante.","og:type":"article","og:title":"Joyas mayas migrante: vaso cuadrado se exhibe en Los Angeles","og:description":"Migrantes guatemaltecos pueden admirar una valiosa joya maya en el Museo del Condado de Los Angeles: el vaso cuadrado denominado &quot;De los 11 dioses&quot;. Conoce m\u00e1s de \u00e9l","og:url":"https:\/\/soymigrante.com\/revista\/joyas-mayas-migrantes-guatemaltecos-pueden-admirar-vaso-de-los-11-dioses-en-los-angeles\/","og:image":"https:\/\/soymigrante.com\/revista\/wp-content\/uploads\/2024\/12\/vaso-maya-imagen-del-museo-Lacma-de-Los-Angeles.webp","og:image:secure_url":"https:\/\/soymigrante.com\/revista\/wp-content\/uploads\/2024\/12\/vaso-maya-imagen-del-museo-Lacma-de-Los-Angeles.webp","og:image:width":560,"og:image:height":594,"article:published_time":"2024-12-09T17:08:30+00:00","article:modified_time":"2025-05-14T23:07:17+00:00","article:publisher":"https:\/\/www.facebook.com\/soymigrantecom","twitter:card":"summary_large_image","twitter:site":"@SoyMigrante_com","twitter:title":"Joyas mayas migrante: vaso cuadrado se exhibe en Los Angeles","twitter:description":"Migrantes guatemaltecos pueden admirar una valiosa joya maya en el Museo del Condado de Los Angeles: el vaso cuadrado denominado &quot;De los 11 dioses&quot;. Conoce m\u00e1s de \u00e9l","twitter:creator":"@SoyMigrante_com","twitter:image":"https:\/\/soymigrante.com\/revista\/wp-content\/uploads\/2024\/12\/vaso-maya-imagen-del-museo-Lacma-de-Los-Angeles.webp"},"aioseo_meta_data":{"post_id":"15789","title":"Joyas mayas migrante: vaso cuadrado se exhibe en Los Angeles","description":"Migrantes guatemaltecos pueden admirar una valiosa joya maya en el Museo del Condado de Los Angeles: el vaso cuadrado denominado \"De los 11 dioses\". Conoce m\u00e1s de \u00e9l","keywords":null,"keyphrases":{"focus":{"keyphrase":"Joyas Mayas","score":51,"analysis":{"keyphraseInTitle":{"score":9,"maxScore":9,"error":0},"keyphraseInDescription":{"score":3,"maxScore":9,"error":1},"keyphraseLength":{"score":9,"maxScore":9,"error":0,"length":2},"keyphraseInURL":{"score":5,"maxScore":5,"error":0},"keyphraseInIntroduction":{"score":3,"maxScore":9,"error":1},"keyphraseInSubHeadings":{"score":3,"maxScore":9,"error":1},"keyphraseInImageAlt":{"score":3,"maxScore":9,"error":1},"keywordDensity":{"score":0,"type":"low","maxScore":9,"error":1}}},"additional":[{"keyphrase":"Migrantes","score":53,"analysis":{"keyphraseInDescription":{"score":9,"maxScore":9,"error":0},"keyphraseLength":{"score":9,"maxScore":9,"error":0,"length":1},"keyphraseInIntroduction":{"score":3,"maxScore":9,"error":1},"keyphraseInImageAlt":{"score":3,"maxScore":9,"error":1},"keywordDensity":{"score":0,"type":"low","maxScore":9,"error":1}}},{"keyphrase":"Guatemala","score":53,"analysis":{"keyphraseInDescription":{"score":3,"maxScore":9,"error":1},"keyphraseLength":{"score":9,"maxScore":9,"error":0,"length":1},"keyphraseInIntroduction":{"score":3,"maxScore":9,"error":1},"keyphraseInImageAlt":{"score":9,"maxScore":9,"error":0},"keywordDensity":{"score":0,"type":"low","maxScore":9,"error":1}}},{"keyphrase":"Patrimonio","score":53,"analysis":{"keyphraseInDescription":{"score":3,"maxScore":9,"error":1},"keyphraseLength":{"score":9,"maxScore":9,"error":0,"length":1},"keyphraseInIntroduction":{"score":3,"maxScore":9,"error":1},"keyphraseInImageAlt":{"score":9,"maxScore":9,"error":0},"keywordDensity":{"score":0,"type":"low","maxScore":9,"error":1}}}]},"primary_term":null,"canonical_url":null,"og_title":null,"og_description":null,"og_object_type":"default","og_image_type":"default","og_image_url":null,"og_image_width":null,"og_image_height":null,"og_image_custom_url":null,"og_image_custom_fields":null,"og_video":"","og_custom_url":null,"og_article_section":null,"og_article_tags":null,"twitter_use_og":false,"twitter_card":"default","twitter_image_type":"default","twitter_image_url":null,"twitter_image_custom_url":null,"twitter_image_custom_fields":null,"twitter_title":null,"twitter_description":null,"schema":{"blockGraphs":[],"customGraphs":[],"default":{"data":{"Article":[],"Course":[],"Dataset":[],"FAQPage":[],"Movie":[],"Person":[],"Product":[],"ProductReview":[],"Car":[],"Recipe":[],"Service":[],"SoftwareApplication":[],"WebPage":[]},"graphName":"Article","isEnabled":true},"graphs":[]},"schema_type":"default","schema_type_options":null,"pillar_content":false,"robots_default":true,"robots_noindex":false,"robots_noarchive":false,"robots_nosnippet":false,"robots_nofollow":false,"robots_noimageindex":false,"robots_noodp":false,"robots_notranslate":false,"robots_max_snippet":"-1","robots_max_videopreview":"-1","robots_max_imagepreview":"large","priority":null,"frequency":"default","local_seo":null,"seo_analyzer_scan_date":"2025-10-09 00:53:40","breadcrumb_settings":null,"limit_modified_date":false,"reviewed_by":null,"open_ai":"{\"title\":{\"suggestions\":[],\"usage\":0},\"description\":{\"suggestions\":[],\"usage\":0}}","ai":null,"created":"2024-12-09 16:18:35","updated":"2026-02-04 18:20:41"},"aioseo_breadcrumb":"<div class=\"aioseo-breadcrumbs\"><span class=\"aioseo-breadcrumb\">\n\t<a href=\"https:\/\/soymigrante.com\/revista\" title=\"Home\">Home<\/a>\n<\/span><span class=\"aioseo-breadcrumb-separator\">\u00bb<\/span><span class=\"aioseo-breadcrumb\">\n\t<a href=\"https:\/\/soymigrante.com\/revista\/category\/guate-nuestra\/\" title=\"Guate Nuestra\">Guate Nuestra<\/a>\n<\/span><span class=\"aioseo-breadcrumb-separator\">\u00bb<\/span><span class=\"aioseo-breadcrumb\">\n\tJoyas mayas migrantes: Guatemaltecos en Los Angeles pueden admirar el Vaso de los 11 Dioses\n<\/span><\/div>","aioseo_breadcrumb_json":[{"label":"Home","link":"https:\/\/soymigrante.com\/revista"},{"label":"Guate Nuestra","link":"https:\/\/soymigrante.com\/revista\/category\/guate-nuestra\/"},{"label":"Joyas mayas migrantes: Guatemaltecos en Los Angeles pueden admirar el Vaso de los 11 Dioses","link":"https:\/\/soymigrante.com\/revista\/joyas-mayas-migrantes-guatemaltecos-pueden-admirar-vaso-de-los-11-dioses-en-los-angeles\/"}],"_links":{"self":[{"href":"https:\/\/soymigrante.com\/revista\/wp-json\/wp\/v2\/posts\/15789","targetHints":{"allow":["GET"]}}],"collection":[{"href":"https:\/\/soymigrante.com\/revista\/wp-json\/wp\/v2\/posts"}],"about":[{"href":"https:\/\/soymigrante.com\/revista\/wp-json\/wp\/v2\/types\/post"}],"author":[{"embeddable":true,"href":"https:\/\/soymigrante.com\/revista\/wp-json\/wp\/v2\/users\/7"}],"replies":[{"embeddable":true,"href":"https:\/\/soymigrante.com\/revista\/wp-json\/wp\/v2\/comments?post=15789"}],"version-history":[{"count":3,"href":"https:\/\/soymigrante.com\/revista\/wp-json\/wp\/v2\/posts\/15789\/revisions"}],"predecessor-version":[{"id":33603,"href":"https:\/\/soymigrante.com\/revista\/wp-json\/wp\/v2\/posts\/15789\/revisions\/33603"}],"wp:featuredmedia":[{"embeddable":true,"href":"https:\/\/soymigrante.com\/revista\/wp-json\/wp\/v2\/media\/15791"}],"wp:attachment":[{"href":"https:\/\/soymigrante.com\/revista\/wp-json\/wp\/v2\/media?parent=15789"}],"wp:term":[{"taxonomy":"category","embeddable":true,"href":"https:\/\/soymigrante.com\/revista\/wp-json\/wp\/v2\/categories?post=15789"},{"taxonomy":"post_tag","embeddable":true,"href":"https:\/\/soymigrante.com\/revista\/wp-json\/wp\/v2\/tags?post=15789"}],"curies":[{"name":"wp","href":"https:\/\/api.w.org\/{rel}","templated":true}]}}