{"id":1571,"date":"2023-06-23T15:09:23","date_gmt":"2023-06-23T15:09:23","guid":{"rendered":"https:\/\/soymigrante.com\/revista\/?p=1571"},"modified":"2026-03-11T16:42:39","modified_gmt":"2026-03-11T22:42:39","slug":"esposos-migrantes-luchan-por-un-sueno-en-nueva-york","status":"publish","type":"post","link":"https:\/\/soymigrante.com\/revista\/esposos-migrantes-luchan-por-un-sueno-en-nueva-york\/","title":{"rendered":"Esposos migrantes luchan por un sue\u00f1o guatemalteco en Nueva York"},"content":{"rendered":"\t\t<div data-elementor-type=\"wp-post\" data-elementor-id=\"1571\" class=\"elementor elementor-1571\" data-elementor-post-type=\"post\">\n\t\t\t\t\t\t<section data-particle_enable=\"false\" data-particle-mobile-disabled=\"false\" class=\"elementor-section elementor-top-section elementor-element elementor-element-73cde7be elementor-section-boxed elementor-section-height-default elementor-section-height-default\" data-id=\"73cde7be\" data-element_type=\"section\" data-e-type=\"section\">\n\t\t\t\t\t\t<div class=\"elementor-container elementor-column-gap-default\">\n\t\t\t\t\t<div class=\"elementor-column elementor-col-100 elementor-top-column elementor-element elementor-element-3c0ab5b5\" data-id=\"3c0ab5b5\" data-element_type=\"column\" data-e-type=\"column\">\n\t\t\t<div class=\"elementor-widget-wrap elementor-element-populated\">\n\t\t\t\t\t\t<div class=\"elementor-element elementor-element-18a56f2 elementor-widget elementor-widget-text-editor\" data-id=\"18a56f2\" data-element_type=\"widget\" data-e-type=\"widget\" data-widget_type=\"text-editor.default\">\n\t\t\t\t\t\t\t\t\t\n<p> <\/p>\n\t\t\t\t\t\t\t\t<\/div>\n\t\t\t\t\t<\/div>\n\t\t<\/div>\n\t\t\t\t\t<\/div>\n\t\t<\/section>\n\t\t\t\t<section data-particle_enable=\"false\" data-particle-mobile-disabled=\"false\" class=\"elementor-section elementor-top-section elementor-element elementor-element-1c664cd elementor-section-boxed elementor-section-height-default elementor-section-height-default\" data-id=\"1c664cd\" data-element_type=\"section\" data-e-type=\"section\">\n\t\t\t\t\t\t<div class=\"elementor-container elementor-column-gap-default\">\n\t\t\t\t\t<div class=\"elementor-column elementor-col-100 elementor-top-column elementor-element elementor-element-485e96a\" data-id=\"485e96a\" data-element_type=\"column\" data-e-type=\"column\">\n\t\t\t<div class=\"elementor-widget-wrap elementor-element-populated\">\n\t\t\t\t\t\t<div class=\"elementor-element elementor-element-a6b0f17 elementor-widget elementor-widget-heading\" data-id=\"a6b0f17\" data-element_type=\"widget\" data-e-type=\"widget\" data-widget_type=\"heading.default\">\n\t\t\t\t\t<h2 class=\"elementor-heading-title elementor-size-default\">Un matrimonio migrante guatemalteco que se vio forzado a dejar su tierra por la crisis de la pandemia. Ella y \u00e9l relatan vivencias y sue\u00f1os. <\/h2>\t\t\t\t<\/div>\n\t\t\t\t\t<\/div>\n\t\t<\/div>\n\t\t\t\t\t<\/div>\n\t\t<\/section>\n\t\t\t\t<section data-particle_enable=\"false\" data-particle-mobile-disabled=\"false\" class=\"elementor-section elementor-top-section elementor-element elementor-element-d1e71a2 elementor-section-boxed elementor-section-height-default elementor-section-height-default\" data-id=\"d1e71a2\" data-element_type=\"section\" data-e-type=\"section\">\n\t\t\t\t\t\t<div class=\"elementor-container elementor-column-gap-default\">\n\t\t\t\t\t<div class=\"elementor-column elementor-col-100 elementor-top-column elementor-element elementor-element-13a8de0\" data-id=\"13a8de0\" data-element_type=\"column\" data-e-type=\"column\">\n\t\t\t<div class=\"elementor-widget-wrap elementor-element-populated\">\n\t\t\t\t\t\t<div class=\"elementor-element elementor-element-80f092d elementor-widget elementor-widget-image\" data-id=\"80f092d\" data-element_type=\"widget\" data-e-type=\"widget\" data-widget_type=\"image.default\">\n\t\t\t\t\t\t\t\t\t\t\t\t\t\t\t<img fetchpriority=\"high\" decoding=\"async\" width=\"1024\" height=\"746\" src=\"https:\/\/soymigrante.com\/revista\/wp-content\/uploads\/2023\/06\/JUAN-E-IRIS-YOJCOM-REDES-1024x746.webp\" class=\"attachment-large size-large wp-image-1573\" alt=\"Juan e Iris Yojcom, esposos migrantes guatemaltecos en Nueva York.\" srcset=\"https:\/\/soymigrante.com\/revista\/wp-content\/uploads\/2023\/06\/JUAN-E-IRIS-YOJCOM-REDES-1024x746.webp 1024w, https:\/\/soymigrante.com\/revista\/wp-content\/uploads\/2023\/06\/JUAN-E-IRIS-YOJCOM-REDES-300x219.webp 300w, https:\/\/soymigrante.com\/revista\/wp-content\/uploads\/2023\/06\/JUAN-E-IRIS-YOJCOM-REDES-768x560.webp 768w, https:\/\/soymigrante.com\/revista\/wp-content\/uploads\/2023\/06\/JUAN-E-IRIS-YOJCOM-REDES-120x86.webp 120w, https:\/\/soymigrante.com\/revista\/wp-content\/uploads\/2023\/06\/JUAN-E-IRIS-YOJCOM-REDES-750x547.webp 750w, https:\/\/soymigrante.com\/revista\/wp-content\/uploads\/2023\/06\/JUAN-E-IRIS-YOJCOM-REDES.webp 1095w\" sizes=\"(max-width: 1024px) 100vw, 1024px\" title=\"Juan e Iris Yojcom, esposos migrantes guatemaltecos en Nueva York. \u2013 SoyMigrante.com REVISTA\" \/>\t\t\t\t\t\t\t\t\t\t\t\t\t\t\t<\/div>\n\t\t\t\t\t<\/div>\n\t\t<\/div>\n\t\t\t\t\t<\/div>\n\t\t<\/section>\n\t\t\t\t<section data-particle_enable=\"false\" data-particle-mobile-disabled=\"false\" class=\"elementor-section elementor-top-section elementor-element elementor-element-06fae37 elementor-section-boxed elementor-section-height-default elementor-section-height-default\" data-id=\"06fae37\" data-element_type=\"section\" data-e-type=\"section\">\n\t\t\t\t\t\t<div class=\"elementor-container elementor-column-gap-default\">\n\t\t\t\t\t<div class=\"elementor-column elementor-col-100 elementor-top-column elementor-element elementor-element-4de7366\" data-id=\"4de7366\" data-element_type=\"column\" data-e-type=\"column\">\n\t\t\t<div class=\"elementor-widget-wrap elementor-element-populated\">\n\t\t\t\t\t\t<div class=\"elementor-element elementor-element-068621b elementor-widget elementor-widget-text-editor\" data-id=\"068621b\" data-element_type=\"widget\" data-e-type=\"widget\" data-widget_type=\"text-editor.default\">\n\t\t\t\t\t\t\t\t\t<p><span style=\"color: var( --e-global-color-text ); background-color: var(--ak-bg-color);\">Juan e Iris est\u00e1n a 4 mil kil\u00f3metros de su mayor tesoro: sus hijas. Su mayor fortaleza es compartir juntos el esfuerzo migrante. Trabajan en limpieza y mantenimiento de un complejo de 7 edificios en Nueva York. \u00c9s el originario de Totonicap\u00e1n. Ella, de San Pedro La Laguna Atitl\u00e1n. Se conocieron estudiando la carrera de Derecho en Quetzaltenango, se enamoraron, iniciaron una vida juntos.<\/span><\/p>\n<p>Pese a tener p\u00e9nsum universitario cerrado se les dificult\u00f3 encontrar<br \/>trabajo. Lograron colocarse en un par de empleos. Decidieron emprender un<br \/>peque\u00f1o negocio en 2019. Luego vino la pandemia, el cierre y no hubo ventas,<br \/>perdieron el alquiler de local, la inversi\u00f3n. Siguieron luchando pero..<\/p>\n<p><span style=\"color: var( --e-global-color-text ); background-color: var(--ak-bg-color);\">Finalmentre decidieron migrar a mediados de 2021 en busca de oportunidades. El 18 de junio \u00e9l lleg\u00f3 a Nueva York. El 18 de\u00a0julio, ella tambi\u00e9n.<\/span><\/p>\n<p>\u00a0<\/p>\t\t\t\t\t\t\t\t<\/div>\n\t\t\t\t\t<\/div>\n\t\t<\/div>\n\t\t\t\t\t<\/div>\n\t\t<\/section>\n\t\t\t\t<section data-particle_enable=\"false\" data-particle-mobile-disabled=\"false\" class=\"elementor-section elementor-top-section elementor-element elementor-element-0287ef9 elementor-section-boxed elementor-section-height-default elementor-section-height-default\" data-id=\"0287ef9\" data-element_type=\"section\" data-e-type=\"section\">\n\t\t\t\t\t\t<div class=\"elementor-container elementor-column-gap-default\">\n\t\t\t\t\t<div class=\"elementor-column elementor-col-100 elementor-top-column elementor-element elementor-element-9838dae\" data-id=\"9838dae\" data-element_type=\"column\" data-e-type=\"column\">\n\t\t\t<div class=\"elementor-widget-wrap elementor-element-populated\">\n\t\t\t\t\t\t<div class=\"elementor-element elementor-element-1f239a5 elementor-widget elementor-widget-image\" data-id=\"1f239a5\" data-element_type=\"widget\" data-e-type=\"widget\" data-widget_type=\"image.default\">\n\t\t\t\t\t\t\t\t\t\t\t\t<figure class=\"wp-caption\">\n\t\t\t\t\t\t\t\t\t\t<img decoding=\"async\" width=\"1024\" height=\"768\" src=\"https:\/\/soymigrante.com\/revista\/wp-content\/uploads\/2023\/06\/Esposos-Juan-e-Iris-Yojcom-migrantes-guatemaltecos-en-Nueva-York-4-1024x768.webp\" class=\"attachment-large size-large wp-image-1577\" alt=\"\" srcset=\"https:\/\/soymigrante.com\/revista\/wp-content\/uploads\/2023\/06\/Esposos-Juan-e-Iris-Yojcom-migrantes-guatemaltecos-en-Nueva-York-4-1024x768.webp 1024w, https:\/\/soymigrante.com\/revista\/wp-content\/uploads\/2023\/06\/Esposos-Juan-e-Iris-Yojcom-migrantes-guatemaltecos-en-Nueva-York-4-300x225.webp 300w, https:\/\/soymigrante.com\/revista\/wp-content\/uploads\/2023\/06\/Esposos-Juan-e-Iris-Yojcom-migrantes-guatemaltecos-en-Nueva-York-4-768x576.webp 768w, https:\/\/soymigrante.com\/revista\/wp-content\/uploads\/2023\/06\/Esposos-Juan-e-Iris-Yojcom-migrantes-guatemaltecos-en-Nueva-York-4-1536x1152.webp 1536w, https:\/\/soymigrante.com\/revista\/wp-content\/uploads\/2023\/06\/Esposos-Juan-e-Iris-Yojcom-migrantes-guatemaltecos-en-Nueva-York-4-750x563.webp 750w, https:\/\/soymigrante.com\/revista\/wp-content\/uploads\/2023\/06\/Esposos-Juan-e-Iris-Yojcom-migrantes-guatemaltecos-en-Nueva-York-4-1140x855.webp 1140w, https:\/\/soymigrante.com\/revista\/wp-content\/uploads\/2023\/06\/Esposos-Juan-e-Iris-Yojcom-migrantes-guatemaltecos-en-Nueva-York-4.webp 1920w\" sizes=\"(max-width: 1024px) 100vw, 1024px\" title=\"Esposos Juan e Iris Yojcom, migrantes guatemaltecos en Nueva York (4) \u2013 SoyMigrante.com REVISTA\" \/>\t\t\t\t\t\t\t\t\t\t\t<figcaption class=\"widget-image-caption wp-caption-text\">Juan e Iris est\u00e1n convencidos de que su amor y la misi\u00f3n de sacar adelante a sus hijas son su mayor fortaleza<\/figcaption>\n\t\t\t\t\t\t\t\t\t\t<\/figure>\n\t\t\t\t\t\t\t\t\t<\/div>\n\t\t\t\t\t<\/div>\n\t\t<\/div>\n\t\t\t\t\t<\/div>\n\t\t<\/section>\n\t\t\t\t<section data-particle_enable=\"false\" data-particle-mobile-disabled=\"false\" class=\"elementor-section elementor-top-section elementor-element elementor-element-5a545b1 elementor-section-boxed elementor-section-height-default elementor-section-height-default\" data-id=\"5a545b1\" data-element_type=\"section\" data-e-type=\"section\">\n\t\t\t\t\t\t<div class=\"elementor-container elementor-column-gap-default\">\n\t\t\t\t\t<div class=\"elementor-column elementor-col-100 elementor-top-column elementor-element elementor-element-f9d3605\" data-id=\"f9d3605\" data-element_type=\"column\" data-e-type=\"column\">\n\t\t\t<div class=\"elementor-widget-wrap elementor-element-populated\">\n\t\t\t\t\t\t<div class=\"elementor-element elementor-element-5503e2c elementor-widget elementor-widget-heading\" data-id=\"5503e2c\" data-element_type=\"widget\" data-e-type=\"widget\" data-widget_type=\"heading.default\">\n\t\t\t\t\t<h2 class=\"elementor-heading-title elementor-size-default\">Un relato en las voces de Iris y Juan<\/h2>\t\t\t\t<\/div>\n\t\t\t\t\t<\/div>\n\t\t<\/div>\n\t\t\t\t\t<\/div>\n\t\t<\/section>\n\t\t\t\t<section data-particle_enable=\"false\" data-particle-mobile-disabled=\"false\" class=\"elementor-section elementor-top-section elementor-element elementor-element-e6a11e1 elementor-section-boxed elementor-section-height-default elementor-section-height-default\" data-id=\"e6a11e1\" data-element_type=\"section\" data-e-type=\"section\">\n\t\t\t\t\t\t<div class=\"elementor-container elementor-column-gap-default\">\n\t\t\t\t\t<div class=\"elementor-column elementor-col-100 elementor-top-column elementor-element elementor-element-d20c211\" data-id=\"d20c211\" data-element_type=\"column\" data-e-type=\"column\">\n\t\t\t<div class=\"elementor-widget-wrap elementor-element-populated\">\n\t\t\t\t\t\t<div class=\"elementor-element elementor-element-14c1abe elementor-widget elementor-widget-text-editor\" data-id=\"14c1abe\" data-element_type=\"widget\" data-e-type=\"widget\" data-widget_type=\"text-editor.default\">\n\t\t\t\t\t\t\t\t\t<p><span style=\"color: var( --e-global-color-text ); background-color: var(--ak-bg-color);\">Juan e Iris relatan a <a href=\"https:\/\/soymigrante.com\/revista\">SoyMigrante.com<\/a>\u00a0algo de lo vivido en dos a\u00f1os.<br \/><br \/><b>Juan:<\/b> \u201cA los dos d\u00edas de haber llegado empec\u00e9 a trabajar en construcci\u00f3n. No ten\u00eda absolutamente ninguna experiencia. Vine a aprender de todo. El primer d\u00eda me toc\u00f3 sacar tierra de unas zanjas. Ni siquiera me hab\u00eda repuesto del cansancio del camino. Hac\u00eda un calor insoportable. Pero as\u00ed tuve que comenzar\u201d.<\/span><\/p>\n<p>\u00a0<\/p>\n<p><strong>Iris<\/strong>: \u201cEn el camino nos tuvimos que separar. A m\u00ed me capturaron. Estuvimos detenidos 15 d\u00edas en M\u00e9xico. La verdad nos trataron bien, no me quejo. Nos daban comida, entre todos los guatemaltecos nos d\u00e1bamos \u00e1nimo y nos daban 5 minutos para llamar a nuestras familias. As\u00ed me enter\u00e9 que Juan ya hab\u00eda llegado.<\/p>\n<p><strong>Juan:<\/strong> \u201cCuando llegu\u00e9 aquel 18 de junio, no sab\u00eda nada de Iris. Llam\u00e9 a Guatemala para ver si sab\u00edan algo. Recuerdo que era al d\u00eda siguiente del d\u00eda del Padre. Felicit\u00e9 a mi pap\u00e1 desde lejos. Es triste\u201d.<\/p>\n<p><strong>Iris:<\/strong> \u201cNos regresaron hasta Guatemala. Pero para salir adelante ten\u00edamos que trabajar los dos. As\u00ed que lo intent\u00e9 de nuevo. Logr\u00e9 llegar el 18 de julio\u201d.<\/p>\t\t\t\t\t\t\t\t<\/div>\n\t\t\t\t\t<\/div>\n\t\t<\/div>\n\t\t\t\t\t<\/div>\n\t\t<\/section>\n\t\t\t\t<section data-particle_enable=\"false\" data-particle-mobile-disabled=\"false\" class=\"elementor-section elementor-top-section elementor-element elementor-element-5108a79 elementor-section-boxed elementor-section-height-default elementor-section-height-default\" data-id=\"5108a79\" data-element_type=\"section\" data-e-type=\"section\">\n\t\t\t\t\t\t<div class=\"elementor-container elementor-column-gap-default\">\n\t\t\t\t\t<div class=\"elementor-column elementor-col-100 elementor-top-column elementor-element elementor-element-8ec550b\" data-id=\"8ec550b\" data-element_type=\"column\" data-e-type=\"column\">\n\t\t\t<div class=\"elementor-widget-wrap elementor-element-populated\">\n\t\t\t\t\t\t<div class=\"elementor-element elementor-element-2815bc9 elementor-arrows-position-inside elementor-pagination-position-outside elementor-widget elementor-widget-image-carousel\" data-id=\"2815bc9\" data-element_type=\"widget\" data-e-type=\"widget\" data-settings=\"{&quot;slides_to_show&quot;:&quot;1&quot;,&quot;navigation&quot;:&quot;both&quot;,&quot;autoplay&quot;:&quot;yes&quot;,&quot;pause_on_hover&quot;:&quot;yes&quot;,&quot;pause_on_interaction&quot;:&quot;yes&quot;,&quot;autoplay_speed&quot;:5000,&quot;infinite&quot;:&quot;yes&quot;,&quot;effect&quot;:&quot;slide&quot;,&quot;speed&quot;:500}\" data-widget_type=\"image-carousel.default\">\n\t\t\t\t\t\t\t<div class=\"elementor-image-carousel-wrapper swiper\" role=\"region\" aria-roledescription=\"carousel\" aria-label=\"Carrusel de im\u00e1genes\" dir=\"ltr\">\n\t\t\t<div class=\"elementor-image-carousel swiper-wrapper\" aria-live=\"off\">\n\t\t\t\t\t\t\t\t<div class=\"swiper-slide\" role=\"group\" aria-roledescription=\"slide\" aria-label=\"1 de 7\"><figure class=\"swiper-slide-inner\"><img decoding=\"async\" class=\"swiper-slide-image\" src=\"https:\/\/soymigrante.com\/revista\/wp-content\/uploads\/2023\/06\/Esposos-Juan-e-Iris-Yojcom-migrantes-guatemaltecos-en-Nueva-York-6-1-e1687533396555-768x576.webp\" alt=\"Esposos Juan e Iris Yojcom, migrantes guatemaltecos en Nueva York (6)\" \/><figcaption class=\"elementor-image-carousel-caption\">\u00bfAceptas casarte conmigo?<\/figcaption><\/figure><\/div><div class=\"swiper-slide\" role=\"group\" aria-roledescription=\"slide\" aria-label=\"2 de 7\"><figure class=\"swiper-slide-inner\"><img decoding=\"async\" class=\"swiper-slide-image\" src=\"https:\/\/soymigrante.com\/revista\/wp-content\/uploads\/2023\/06\/353356989_264632092781392_6247175198821658462_n-e1687533764588-768x641.webp\" alt=\"La sorpresa del d\u00eda\" \/><figcaption class=\"elementor-image-carousel-caption\">La sorpresa del d\u00eda<\/figcaption><\/figure><\/div><div class=\"swiper-slide\" role=\"group\" aria-roledescription=\"slide\" aria-label=\"3 de 7\"><figure class=\"swiper-slide-inner\"><img decoding=\"async\" class=\"swiper-slide-image\" src=\"https:\/\/soymigrante.com\/revista\/wp-content\/uploads\/2023\/06\/353022125_264631862781415_5125546816244323765_n-e1687533503991-768x577.webp\" alt=\"10 de junio de 2023 en Central Park, NY\" \/><figcaption class=\"elementor-image-carousel-caption\">10 de junio de 2023 en Central Park, NY<\/figcaption><\/figure><\/div><div class=\"swiper-slide\" role=\"group\" aria-roledescription=\"slide\" aria-label=\"4 de 7\"><figure class=\"swiper-slide-inner\"><img decoding=\"async\" class=\"swiper-slide-image\" src=\"https:\/\/soymigrante.com\/revista\/wp-content\/uploads\/2023\/06\/351548887_264640579447210_2249080650708678922_n-e1687533540154-768x549.webp\" alt=\"Un amor que fortalece y alimenta un sue\u00f1o\" \/><figcaption class=\"elementor-image-carousel-caption\">Un amor que fortalece y alimenta un sue\u00f1o<\/figcaption><\/figure><\/div><div class=\"swiper-slide\" role=\"group\" aria-roledescription=\"slide\" aria-label=\"5 de 7\"><figure class=\"swiper-slide-inner\"><img decoding=\"async\" class=\"swiper-slide-image\" src=\"https:\/\/soymigrante.com\/revista\/wp-content\/uploads\/2023\/06\/353044664_264631812781420_4679172105842407903_n-e1687533586761-768x1024.webp\" alt=\"Alegr\u00eda total con la esperanza de volver a la tierra natal\" \/><figcaption class=\"elementor-image-carousel-caption\">Alegr\u00eda total con la esperanza de volver a la tierra natal<\/figcaption><\/figure><\/div><div class=\"swiper-slide\" role=\"group\" aria-roledescription=\"slide\" aria-label=\"6 de 7\"><figure class=\"swiper-slide-inner\"><img decoding=\"async\" class=\"swiper-slide-image\" src=\"https:\/\/soymigrante.com\/revista\/wp-content\/uploads\/2023\/06\/353058097_6481485698564676_2573546990269042889_n-e1687533623871-768x768.webp\" alt=\"Juan e Iris siguen adelante\" \/><figcaption class=\"elementor-image-carousel-caption\">Juan e Iris siguen adelante<\/figcaption><\/figure><\/div><div class=\"swiper-slide\" role=\"group\" aria-roledescription=\"slide\" aria-label=\"7 de 7\"><figure class=\"swiper-slide-inner\"><img decoding=\"async\" class=\"swiper-slide-image\" src=\"https:\/\/soymigrante.com\/revista\/wp-content\/uploads\/2023\/06\/353045503_264632106114724_3034753079012017520_n-e1687533685420-768x577.webp\" alt=\"Un recuerdo imborrable y un amor a prueba de adversidades\" \/><figcaption class=\"elementor-image-carousel-caption\">Un recuerdo imborrable y un amor a prueba de adversidades<\/figcaption><\/figure><\/div>\t\t\t<\/div>\n\t\t\t\t\t\t\t\t\t\t\t\t<div class=\"elementor-swiper-button elementor-swiper-button-prev\" role=\"button\" tabindex=\"0\">\n\t\t\t\t\t\t<i aria-hidden=\"true\" class=\"eicon-chevron-left\"><\/i>\t\t\t\t\t<\/div>\n\t\t\t\t\t<div class=\"elementor-swiper-button elementor-swiper-button-next\" role=\"button\" tabindex=\"0\">\n\t\t\t\t\t\t<i aria-hidden=\"true\" class=\"eicon-chevron-right\"><\/i>\t\t\t\t\t<\/div>\n\t\t\t\t\n\t\t\t\t\t\t\t\t\t<div class=\"swiper-pagination\"><\/div>\n\t\t\t\t\t\t\t\t\t<\/div>\n\t\t\t\t\t\t<\/div>\n\t\t\t\t\t<\/div>\n\t\t<\/div>\n\t\t\t\t\t<\/div>\n\t\t<\/section>\n\t\t\t\t<section data-particle_enable=\"false\" data-particle-mobile-disabled=\"false\" class=\"elementor-section elementor-top-section elementor-element elementor-element-6f32847 elementor-section-boxed elementor-section-height-default elementor-section-height-default\" data-id=\"6f32847\" data-element_type=\"section\" data-e-type=\"section\">\n\t\t\t\t\t\t<div class=\"elementor-container elementor-column-gap-default\">\n\t\t\t\t\t<div class=\"elementor-column elementor-col-100 elementor-top-column elementor-element elementor-element-69ffb49\" data-id=\"69ffb49\" data-element_type=\"column\" data-e-type=\"column\">\n\t\t\t<div class=\"elementor-widget-wrap elementor-element-populated\">\n\t\t\t\t\t\t<div class=\"elementor-element elementor-element-70ad330 elementor-widget elementor-widget-text-editor\" data-id=\"70ad330\" data-element_type=\"widget\" data-e-type=\"widget\" data-widget_type=\"text-editor.default\">\n\t\t\t\t\t\t\t\t\t<p><span style=\"color: var( --e-global-color-text ); background-color: var(--ak-bg-color);\"><strong>\u00c9l<\/strong>: \u201cLo mas duro es esa distancia, esa separaci\u00f3n de nuestras ni\u00f1as, nuestras hijas\u201d.<\/span><\/p>\n<p><strong>Ella<\/strong>: \u201cLas llamamos todos los d\u00edas, les decimos que obedezcan a sus abuelos, que estudien, que aprovechen la oportunidad que estamos trabajando para ellas. Saber que ellas est\u00e1n a buen cuidado con nuestras familias nos da algo de tranquilidad\u201d.<\/p>\n<p><strong>\u00c9l<\/strong>: \u201cNuestro plan es estar aqu\u00ed 10 a\u00f1os, para lograr hacer un patrimonio, quiz\u00e1 un par de inmuebles para rentar. No nos queremos quedar aqu\u00ed siempre\u201d.<\/p>\n<p><strong style=\"color: var( --e-global-color-text ); background-color: var(--ak-bg-color);\">Ella:<\/strong><span style=\"color: var( --e-global-color-text ); background-color: var(--ak-bg-color);\"> \u201cYo prefiero que mis hijas crezcan y estudien en Guatemala. Aqu\u00ed en Estados Unidos veo un ambiente no siempre agradable. Aqu\u00ed los ni\u00f1os se pasan encerrados mientras uno trabaja, viendo el tel\u00e9fono o la TV todo el tiempo. No hay oportunidad de que salgan a jugar al aire libre. All\u00e1 en Guatemala tienen la bendici\u00f3n de ir a la iglesia, reciben cursos de m\u00fasica y deporte. Para eso trabajamos, para ellas\u201d.<\/span><\/p>\n<p>\u00a0<\/p>\t\t\t\t\t\t\t\t<\/div>\n\t\t\t\t\t<\/div>\n\t\t<\/div>\n\t\t\t\t\t<\/div>\n\t\t<\/section>\n\t\t\t\t<section data-particle_enable=\"false\" data-particle-mobile-disabled=\"false\" class=\"elementor-section elementor-top-section elementor-element elementor-element-67004a1 elementor-section-boxed elementor-section-height-default elementor-section-height-default\" data-id=\"67004a1\" data-element_type=\"section\" data-e-type=\"section\">\n\t\t\t\t\t\t<div class=\"elementor-container elementor-column-gap-default\">\n\t\t\t\t\t<div class=\"elementor-column elementor-col-100 elementor-top-column elementor-element elementor-element-25c02ec\" data-id=\"25c02ec\" data-element_type=\"column\" data-e-type=\"column\">\n\t\t\t<div class=\"elementor-widget-wrap elementor-element-populated\">\n\t\t\t\t\t\t<div class=\"elementor-element elementor-element-72c45af elementor-widget elementor-widget-image\" data-id=\"72c45af\" data-element_type=\"widget\" data-e-type=\"widget\" data-widget_type=\"image.default\">\n\t\t\t\t\t\t\t\t\t\t\t\t<figure class=\"wp-caption\">\n\t\t\t\t\t\t\t\t\t\t<img decoding=\"async\" width=\"819\" height=\"1024\" src=\"https:\/\/soymigrante.com\/revista\/wp-content\/uploads\/2023\/06\/Esposos-Juan-e-Iris-Yojcom-migrantes-guatemaltecos-en-Nueva-York-1-819x1024.webp\" class=\"attachment-large size-large wp-image-1580\" alt=\"\" srcset=\"https:\/\/soymigrante.com\/revista\/wp-content\/uploads\/2023\/06\/Esposos-Juan-e-Iris-Yojcom-migrantes-guatemaltecos-en-Nueva-York-1-819x1024.webp 819w, https:\/\/soymigrante.com\/revista\/wp-content\/uploads\/2023\/06\/Esposos-Juan-e-Iris-Yojcom-migrantes-guatemaltecos-en-Nueva-York-1-240x300.webp 240w, https:\/\/soymigrante.com\/revista\/wp-content\/uploads\/2023\/06\/Esposos-Juan-e-Iris-Yojcom-migrantes-guatemaltecos-en-Nueva-York-1-768x960.webp 768w, https:\/\/soymigrante.com\/revista\/wp-content\/uploads\/2023\/06\/Esposos-Juan-e-Iris-Yojcom-migrantes-guatemaltecos-en-Nueva-York-1-1229x1536.webp 1229w, https:\/\/soymigrante.com\/revista\/wp-content\/uploads\/2023\/06\/Esposos-Juan-e-Iris-Yojcom-migrantes-guatemaltecos-en-Nueva-York-1-750x938.webp 750w, https:\/\/soymigrante.com\/revista\/wp-content\/uploads\/2023\/06\/Esposos-Juan-e-Iris-Yojcom-migrantes-guatemaltecos-en-Nueva-York-1-1140x1425.webp 1140w, https:\/\/soymigrante.com\/revista\/wp-content\/uploads\/2023\/06\/Esposos-Juan-e-Iris-Yojcom-migrantes-guatemaltecos-en-Nueva-York-1.webp 1440w\" sizes=\"(max-width: 819px) 100vw, 819px\" title=\"Esposos Juan e Iris Yojcom, migrantes guatemaltecos en Nueva York (1) \u2013 SoyMigrante.com REVISTA\" \/>\t\t\t\t\t\t\t\t\t\t\t<figcaption class=\"widget-image-caption wp-caption-text\">El sue\u00f1o sigue vivo. El amor familiar es el motivo m\u00e1s fuerte para soportar la distancia y mantener la esperanza de volver a Guatemala para seguir adelante.<\/figcaption>\n\t\t\t\t\t\t\t\t\t\t<\/figure>\n\t\t\t\t\t\t\t\t\t<\/div>\n\t\t\t\t\t<\/div>\n\t\t<\/div>\n\t\t\t\t\t<\/div>\n\t\t<\/section>\n\t\t\t\t<section data-particle_enable=\"false\" data-particle-mobile-disabled=\"false\" class=\"elementor-section elementor-top-section elementor-element elementor-element-8fbf86b elementor-section-boxed elementor-section-height-default elementor-section-height-default\" data-id=\"8fbf86b\" data-element_type=\"section\" data-e-type=\"section\">\n\t\t\t\t\t\t<div class=\"elementor-container elementor-column-gap-default\">\n\t\t\t\t\t<div class=\"elementor-column elementor-col-100 elementor-top-column elementor-element elementor-element-717e305\" data-id=\"717e305\" data-element_type=\"column\" data-e-type=\"column\">\n\t\t\t<div class=\"elementor-widget-wrap elementor-element-populated\">\n\t\t\t\t\t\t<div class=\"elementor-element elementor-element-0ebadbd elementor-widget elementor-widget-heading\" data-id=\"0ebadbd\" data-element_type=\"widget\" data-e-type=\"widget\" data-widget_type=\"heading.default\">\n\t\t\t\t\t<h2 class=\"elementor-heading-title elementor-size-default\">\"Queremos lo mejor para nuestras hijas\"<\/h2>\t\t\t\t<\/div>\n\t\t\t\t\t<\/div>\n\t\t<\/div>\n\t\t\t\t\t<\/div>\n\t\t<\/section>\n\t\t\t\t<section data-particle_enable=\"false\" data-particle-mobile-disabled=\"false\" class=\"elementor-section elementor-top-section elementor-element elementor-element-b368a4b elementor-section-boxed elementor-section-height-default elementor-section-height-default\" data-id=\"b368a4b\" data-element_type=\"section\" data-e-type=\"section\">\n\t\t\t\t\t\t<div class=\"elementor-container elementor-column-gap-default\">\n\t\t\t\t\t<div class=\"elementor-column elementor-col-100 elementor-top-column elementor-element elementor-element-504f74f\" data-id=\"504f74f\" data-element_type=\"column\" data-e-type=\"column\">\n\t\t\t<div class=\"elementor-widget-wrap elementor-element-populated\">\n\t\t\t\t\t\t<div class=\"elementor-element elementor-element-fc7f0af elementor-widget elementor-widget-text-editor\" data-id=\"fc7f0af\" data-element_type=\"widget\" data-e-type=\"widget\" data-widget_type=\"text-editor.default\">\n\t\t\t\t\t\t\t\t\t<p><span style=\"color: var( --e-global-color-text ); background-color: var(--ak-bg-color);\"><strong>El<\/strong>: \u201cTambi\u00e9n tenemos la gran bendici\u00f3n de trabajar juntos. Salimos juntos de casa, nos ponemos de acuerdo para encontrarnos en alguno de los siete edificios para compartir el almuerzo r\u00e1pidamente. No siempre fue as\u00ed, al inicio trabajamos separados\u201d<\/span><\/p>\n<p><strong>Ella:<\/strong> \u201cMi primer trabajo fue en en un restaurante. Ten\u00eda que hacer ensaladas y jugos naturales, pero se hac\u00eda contra reloj. Cada platillo tiene un tiempo de preparaci\u00f3n. Si me pasaba, ven\u00edan los rega\u00f1os. Si no quedaba bien, rega\u00f1os. Fue un tiempo muy estresante. Sobre todo porque nosotros quer\u00edamos un futuro profesional en Guatemala\u201d.<\/p>\n<p><strong>Juan<\/strong>: \u201cNos conocimos estudiando Derecho en Quetzaltenango. Lamentablemente ya no pudimos graduarnos. Los dos tenemos p\u00e9nsum cerrado.<\/p>\n<p><strong>Iris<\/strong>: \u201cQuiz\u00e1 lo logremos concretar cuando regresemos un d\u00eda. Por ahora nuestra prioridad es darle lo mejor a nuestras dos hijas, que puedan estudiar en un buen colegio, que tengan todo lo que necesiten. Aunque estar lejos de ellas, ya tres a\u00f1os\u2026 no es f\u00e1cil\u201d.<\/p>\t\t\t\t\t\t\t\t<\/div>\n\t\t\t\t\t<\/div>\n\t\t<\/div>\n\t\t\t\t\t<\/div>\n\t\t<\/section>\n\t\t\t\t<section data-particle_enable=\"false\" data-particle-mobile-disabled=\"false\" class=\"elementor-section elementor-top-section elementor-element elementor-element-62cf4a2 elementor-section-boxed elementor-section-height-default elementor-section-height-default\" data-id=\"62cf4a2\" data-element_type=\"section\" data-e-type=\"section\">\n\t\t\t\t\t\t<div class=\"elementor-container elementor-column-gap-default\">\n\t\t\t\t\t<div class=\"elementor-column elementor-col-100 elementor-top-column elementor-element elementor-element-baa9bd2\" data-id=\"baa9bd2\" data-element_type=\"column\" data-e-type=\"column\">\n\t\t\t<div class=\"elementor-widget-wrap elementor-element-populated\">\n\t\t\t\t\t\t<div class=\"elementor-element elementor-element-e4cd4aa elementor-widget elementor-widget-image\" data-id=\"e4cd4aa\" data-element_type=\"widget\" data-e-type=\"widget\" data-widget_type=\"image.default\">\n\t\t\t\t\t\t\t\t\t\t\t\t<figure class=\"wp-caption\">\n\t\t\t\t\t\t\t\t\t\t<img loading=\"lazy\" decoding=\"async\" width=\"1024\" height=\"768\" src=\"https:\/\/soymigrante.com\/revista\/wp-content\/uploads\/2023\/06\/Esposos-Juan-e-Iris-Yojcom-migrantes-guatemaltecos-en-Nueva-York-3-1024x768.webp\" class=\"attachment-large size-large wp-image-1576\" alt=\"\" srcset=\"https:\/\/soymigrante.com\/revista\/wp-content\/uploads\/2023\/06\/Esposos-Juan-e-Iris-Yojcom-migrantes-guatemaltecos-en-Nueva-York-3-1024x768.webp 1024w, https:\/\/soymigrante.com\/revista\/wp-content\/uploads\/2023\/06\/Esposos-Juan-e-Iris-Yojcom-migrantes-guatemaltecos-en-Nueva-York-3-300x225.webp 300w, https:\/\/soymigrante.com\/revista\/wp-content\/uploads\/2023\/06\/Esposos-Juan-e-Iris-Yojcom-migrantes-guatemaltecos-en-Nueva-York-3-768x576.webp 768w, https:\/\/soymigrante.com\/revista\/wp-content\/uploads\/2023\/06\/Esposos-Juan-e-Iris-Yojcom-migrantes-guatemaltecos-en-Nueva-York-3-750x563.webp 750w, https:\/\/soymigrante.com\/revista\/wp-content\/uploads\/2023\/06\/Esposos-Juan-e-Iris-Yojcom-migrantes-guatemaltecos-en-Nueva-York-3-1140x855.webp 1140w, https:\/\/soymigrante.com\/revista\/wp-content\/uploads\/2023\/06\/Esposos-Juan-e-Iris-Yojcom-migrantes-guatemaltecos-en-Nueva-York-3.webp 1280w\" sizes=\"(max-width: 1024px) 100vw, 1024px\" title=\"Esposos Juan e Iris Yojcom, migrantes guatemaltecos en Nueva York (3) \u2013 SoyMigrante.com REVISTA\" \/>\t\t\t\t\t\t\t\t\t\t\t<figcaption class=\"widget-image-caption wp-caption-text\">Fotograf\u00eda de Juan Yojcom durante sus d\u00edas en Guatemala. Anhela el regreso a su tierra para abrazar a sus hijas y volver a admirar la belleza del Lago de Atitl\u00e1n, el paisaje en donde naci\u00f3 y creci\u00f3 su amada Iris.<\/figcaption>\n\t\t\t\t\t\t\t\t\t\t<\/figure>\n\t\t\t\t\t\t\t\t\t<\/div>\n\t\t\t\t\t<\/div>\n\t\t<\/div>\n\t\t\t\t\t<\/div>\n\t\t<\/section>\n\t\t\t\t<\/div>\n\t\t","protected":false},"excerpt":{"rendered":"<p>Un matrimonio migrante guatemalteco que se vio forzado a dejar su tierra por la crisis de la pandemia. Ella y \u00e9l relatan vivencias y sue\u00f1os. Juan e Iris est\u00e1n a 4 mil kil\u00f3metros de su mayor tesoro: sus hijas. Su mayor fortaleza es compartir juntos el esfuerzo migrante. Trabajan en limpieza y mantenimiento de un [&hellip;]<\/p>\n","protected":false},"author":7,"featured_media":1573,"comment_status":"open","ping_status":"open","sticky":false,"template":"","format":"standard","meta":{"_acf_changed":false,"_eb_attr":"","footnotes":""},"categories":[50],"tags":[293],"class_list":["post-1571","post","type-post","status-publish","format-standard","has-post-thumbnail","hentry","category-exitos","tag-nueva-york"],"acf":[],"aioseo_notices":[],"aioseo_head":"\n\t\t<!-- All in One SEO Pro 4.9.6.2 - aioseo.com -->\n\t<meta name=\"description\" content=\"Un matrimonio migrante guatemalteco que se vio forzado a dejar su tierra por la crisis de la pandemia. Ella y \u00e9l relatan vivencias y sue\u00f1os. Juan e Iris est\u00e1n a 4 mil kil\u00f3metros de su mayor tesoro: sus hijas. Su mayor fortaleza es compartir juntos el esfuerzo migrante. Trabajan en limpieza y mantenimiento de un\" \/>\n\t<meta name=\"robots\" content=\"max-snippet:-1, max-image-preview:large, max-video-preview:-1\" \/>\n\t<meta name=\"author\" content=\"Gustavo Montenegro\"\/>\n\t<link rel=\"canonical\" href=\"https:\/\/soymigrante.com\/revista\/esposos-migrantes-luchan-por-un-sueno-en-nueva-york\/\" \/>\n\t<meta name=\"generator\" content=\"All in One SEO Pro (AIOSEO) 4.9.6.2\" \/>\n\n\t\t<link rel=\"preconnect\" href=\"https:\/\/fonts.googleapis.com\" crossorigin>\n<link rel=\"preconnect\" href=\"https:\/\/fonts.gstatic.com\" crossorigin>\n\t\t<meta property=\"og:locale\" content=\"es_ES\" \/>\n\t\t<meta property=\"og:site_name\" content=\"SoyMigrante.com REVISTA \u2013 Nuestra misi\u00f3n es reconocer y dignificar al migrante.\" \/>\n\t\t<meta property=\"og:type\" content=\"article\" \/>\n\t\t<meta property=\"og:title\" content=\"Esposos migrantes luchan por un sue\u00f1o guatemalteco en Nueva York\" \/>\n\t\t<meta property=\"og:description\" content=\"Un matrimonio migrante guatemalteco que se vio forzado a dejar su tierra por la crisis de la pandemia. Ella y \u00e9l relatan vivencias y sue\u00f1os. Juan e Iris est\u00e1n a 4 mil kil\u00f3metros de su mayor tesoro: sus hijas. Su mayor fortaleza es compartir juntos el esfuerzo migrante. Trabajan en limpieza y mantenimiento de un\" \/>\n\t\t<meta property=\"og:url\" content=\"https:\/\/soymigrante.com\/revista\/esposos-migrantes-luchan-por-un-sueno-en-nueva-york\/\" \/>\n\t\t<meta property=\"og:image\" content=\"https:\/\/soymigrante.com\/revista\/wp-content\/uploads\/2023\/06\/JUAN-E-IRIS-YOJCOM-REDES.webp\" \/>\n\t\t<meta property=\"og:image:secure_url\" content=\"https:\/\/soymigrante.com\/revista\/wp-content\/uploads\/2023\/06\/JUAN-E-IRIS-YOJCOM-REDES.webp\" \/>\n\t\t<meta property=\"og:image:width\" content=\"1095\" \/>\n\t\t<meta property=\"og:image:height\" content=\"798\" \/>\n\t\t<meta property=\"article:published_time\" content=\"2023-06-23T15:09:23+00:00\" \/>\n\t\t<meta property=\"article:modified_time\" content=\"2026-03-11T22:42:39+00:00\" \/>\n\t\t<meta property=\"article:publisher\" content=\"https:\/\/www.facebook.com\/soymigrantecom\" \/>\n\t\t<meta name=\"twitter:card\" content=\"summary_large_image\" \/>\n\t\t<meta name=\"twitter:site\" content=\"@SoyMigrante_com\" \/>\n\t\t<meta name=\"twitter:title\" content=\"Esposos migrantes luchan por un sue\u00f1o guatemalteco en Nueva York\" \/>\n\t\t<meta name=\"twitter:description\" content=\"Un matrimonio migrante guatemalteco que se vio forzado a dejar su tierra por la crisis de la pandemia. Ella y \u00e9l relatan vivencias y sue\u00f1os. Juan e Iris est\u00e1n a 4 mil kil\u00f3metros de su mayor tesoro: sus hijas. Su mayor fortaleza es compartir juntos el esfuerzo migrante. Trabajan en limpieza y mantenimiento de un\" \/>\n\t\t<meta name=\"twitter:creator\" content=\"@SoyMigrante_com\" \/>\n\t\t<meta name=\"twitter:image\" content=\"https:\/\/soymigrante.com\/revista\/wp-content\/uploads\/2023\/06\/JUAN-E-IRIS-YOJCOM-REDES.webp\" \/>\n\t\t<!-- All in One SEO Pro -->\r\n\t\t<title>Esposos migrantes luchan por un sue\u00f1o guatemalteco en Nueva York<\/title>\n\n","aioseo_head_json":{"title":"Esposos migrantes luchan por un sue\u00f1o guatemalteco en Nueva York","description":"Un matrimonio migrante guatemalteco que se vio forzado a dejar su tierra por la crisis de la pandemia. Ella y \u00e9l relatan vivencias y sue\u00f1os. Juan e Iris est\u00e1n a 4 mil kil\u00f3metros de su mayor tesoro: sus hijas. Su mayor fortaleza es compartir juntos el esfuerzo migrante. Trabajan en limpieza y mantenimiento de un","canonical_url":"https:\/\/soymigrante.com\/revista\/esposos-migrantes-luchan-por-un-sueno-en-nueva-york\/","robots":"max-snippet:-1, max-image-preview:large, max-video-preview:-1","keywords":"","webmasterTools":{"miscellaneous":"&lt;link rel=\"preconnect\" href=\"https:\/\/fonts.googleapis.com\" crossorigin&gt;\n&lt;link rel=\"preconnect\" href=\"https:\/\/fonts.gstatic.com\" crossorigin&gt;"},"schema":null,"og:locale":"es_ES","og:site_name":"SoyMigrante.com REVISTA \u2013 Nuestra misi\u00f3n es reconocer y dignificar al migrante.","og:type":"article","og:title":"Esposos migrantes luchan por un sue\u00f1o guatemalteco en Nueva York","og:description":"Un matrimonio migrante guatemalteco que se vio forzado a dejar su tierra por la crisis de la pandemia. Ella y \u00e9l relatan vivencias y sue\u00f1os. Juan e Iris est\u00e1n a 4 mil kil\u00f3metros de su mayor tesoro: sus hijas. Su mayor fortaleza es compartir juntos el esfuerzo migrante. Trabajan en limpieza y mantenimiento de un","og:url":"https:\/\/soymigrante.com\/revista\/esposos-migrantes-luchan-por-un-sueno-en-nueva-york\/","og:image":"https:\/\/soymigrante.com\/revista\/wp-content\/uploads\/2023\/06\/JUAN-E-IRIS-YOJCOM-REDES.webp","og:image:secure_url":"https:\/\/soymigrante.com\/revista\/wp-content\/uploads\/2023\/06\/JUAN-E-IRIS-YOJCOM-REDES.webp","og:image:width":1095,"og:image:height":798,"article:published_time":"2023-06-23T15:09:23+00:00","article:modified_time":"2026-03-11T22:42:39+00:00","article:publisher":"https:\/\/www.facebook.com\/soymigrantecom","twitter:card":"summary_large_image","twitter:site":"@SoyMigrante_com","twitter:title":"Esposos migrantes luchan por un sue\u00f1o guatemalteco en Nueva York","twitter:description":"Un matrimonio migrante guatemalteco que se vio forzado a dejar su tierra por la crisis de la pandemia. Ella y \u00e9l relatan vivencias y sue\u00f1os. Juan e Iris est\u00e1n a 4 mil kil\u00f3metros de su mayor tesoro: sus hijas. Su mayor fortaleza es compartir juntos el esfuerzo migrante. Trabajan en limpieza y mantenimiento de un","twitter:creator":"@SoyMigrante_com","twitter:image":"https:\/\/soymigrante.com\/revista\/wp-content\/uploads\/2023\/06\/JUAN-E-IRIS-YOJCOM-REDES.webp"},"aioseo_meta_data":{"post_id":"1571","title":"#post_title","description":"#post_excerpt","keywords":[],"keyphrases":{"focus":{"keyphrase":"Migrantes","score":60,"analysis":{"keyphraseInTitle":{"score":9,"maxScore":9,"error":0},"keyphraseInDescription":{"score":3,"maxScore":9,"error":1},"keyphraseLength":{"score":9,"maxScore":9,"error":0,"length":1},"keyphraseInURL":{"score":5,"maxScore":5,"error":0},"keyphraseInIntroduction":{"score":3,"maxScore":9,"error":1},"keyphraseInSubHeadings":{"score":3,"maxScore":9,"error":1},"keyphraseInImageAlt":{"score":9,"maxScore":9,"error":0},"keywordDensity":{"score":0,"type":"low","maxScore":9,"error":1}}},"additional":[]},"primary_term":null,"canonical_url":null,"og_title":null,"og_description":null,"og_object_type":"default","og_image_type":"default","og_image_url":null,"og_image_width":null,"og_image_height":null,"og_image_custom_url":null,"og_image_custom_fields":null,"og_video":"","og_custom_url":null,"og_article_section":null,"og_article_tags":[],"twitter_use_og":false,"twitter_card":"default","twitter_image_type":"default","twitter_image_url":null,"twitter_image_custom_url":null,"twitter_image_custom_fields":null,"twitter_title":null,"twitter_description":null,"schema":{"blockGraphs":[],"customGraphs":[],"default":{"data":{"Article":[],"Course":[],"Dataset":[],"FAQPage":[],"Movie":[],"Person":[],"Product":[],"ProductReview":[],"Car":[],"Recipe":[],"Service":[],"SoftwareApplication":[],"WebPage":[]},"graphName":"BlogPosting","isEnabled":true},"graphs":[]},"schema_type":"default","schema_type_options":null,"pillar_content":false,"robots_default":true,"robots_noindex":false,"robots_noarchive":false,"robots_nosnippet":false,"robots_nofollow":false,"robots_noimageindex":false,"robots_noodp":false,"robots_notranslate":false,"robots_max_snippet":"-1","robots_max_videopreview":"-1","robots_max_imagepreview":"large","priority":null,"frequency":"default","local_seo":null,"seo_analyzer_scan_date":"2026-03-23 21:56:07","breadcrumb_settings":null,"limit_modified_date":false,"reviewed_by":null,"open_ai":null,"ai":null,"created":"2023-08-18 13:47:45","updated":"2026-03-23 21:56:07"},"aioseo_breadcrumb":"<div class=\"aioseo-breadcrumbs\"><span class=\"aioseo-breadcrumb\">\n\t<a href=\"https:\/\/soymigrante.com\/revista\" title=\"Home\">Home<\/a>\n<\/span><span class=\"aioseo-breadcrumb-separator\">\u00bb<\/span><span class=\"aioseo-breadcrumb\">\n\t<a href=\"https:\/\/soymigrante.com\/revista\/category\/exitos\/\" title=\"\u00c9xitos\">\u00c9xitos<\/a>\n<\/span><span class=\"aioseo-breadcrumb-separator\">\u00bb<\/span><span class=\"aioseo-breadcrumb\">\n\tEsposos migrantes luchan por un sue\u00f1o guatemalteco en Nueva York\n<\/span><\/div>","aioseo_breadcrumb_json":[{"label":"Home","link":"https:\/\/soymigrante.com\/revista"},{"label":"\u00c9xitos","link":"https:\/\/soymigrante.com\/revista\/category\/exitos\/"},{"label":"Esposos migrantes luchan por un sue\u00f1o guatemalteco en Nueva York","link":"https:\/\/soymigrante.com\/revista\/esposos-migrantes-luchan-por-un-sueno-en-nueva-york\/"}],"_links":{"self":[{"href":"https:\/\/soymigrante.com\/revista\/wp-json\/wp\/v2\/posts\/1571","targetHints":{"allow":["GET"]}}],"collection":[{"href":"https:\/\/soymigrante.com\/revista\/wp-json\/wp\/v2\/posts"}],"about":[{"href":"https:\/\/soymigrante.com\/revista\/wp-json\/wp\/v2\/types\/post"}],"author":[{"embeddable":true,"href":"https:\/\/soymigrante.com\/revista\/wp-json\/wp\/v2\/users\/7"}],"replies":[{"embeddable":true,"href":"https:\/\/soymigrante.com\/revista\/wp-json\/wp\/v2\/comments?post=1571"}],"version-history":[{"count":1,"href":"https:\/\/soymigrante.com\/revista\/wp-json\/wp\/v2\/posts\/1571\/revisions"}],"predecessor-version":[{"id":53584,"href":"https:\/\/soymigrante.com\/revista\/wp-json\/wp\/v2\/posts\/1571\/revisions\/53584"}],"wp:featuredmedia":[{"embeddable":true,"href":"https:\/\/soymigrante.com\/revista\/wp-json\/wp\/v2\/media\/1573"}],"wp:attachment":[{"href":"https:\/\/soymigrante.com\/revista\/wp-json\/wp\/v2\/media?parent=1571"}],"wp:term":[{"taxonomy":"category","embeddable":true,"href":"https:\/\/soymigrante.com\/revista\/wp-json\/wp\/v2\/categories?post=1571"},{"taxonomy":"post_tag","embeddable":true,"href":"https:\/\/soymigrante.com\/revista\/wp-json\/wp\/v2\/tags?post=1571"}],"curies":[{"name":"wp","href":"https:\/\/api.w.org\/{rel}","templated":true}]}}