{"id":15681,"date":"2024-12-11T06:00:00","date_gmt":"2024-12-11T12:00:00","guid":{"rendered":"https:\/\/soymigrante.com\/revista\/?p=15681"},"modified":"2025-04-15T10:05:05","modified_gmt":"2025-04-15T16:05:05","slug":"desafio-de-emprendedores-el-empaque-adecuado-de-productos-para-envio","status":"publish","type":"post","link":"https:\/\/soymigrante.com\/revista\/desafio-de-emprendedores-el-empaque-adecuado-de-productos-para-envio\/","title":{"rendered":"Lo que el emprendedor debe saber: el empaque adecuado de productos para env\u00edo"},"content":{"rendered":"\t\t<div data-elementor-type=\"wp-post\" data-elementor-id=\"15681\" class=\"elementor elementor-15681\" data-elementor-post-type=\"post\">\n\t\t\t\t<div data-particle_enable=\"false\" data-particle-mobile-disabled=\"false\" class=\"elementor-element elementor-element-347da3c e-flex e-con-boxed e-con e-parent\" data-id=\"347da3c\" data-element_type=\"container\" data-e-type=\"container\">\n\t\t\t\t\t<div class=\"e-con-inner\">\n\t\t\t\t<div class=\"elementor-element elementor-element-1bd6bb4 elementor-widget elementor-widget-heading\" data-id=\"1bd6bb4\" data-element_type=\"widget\" data-e-type=\"widget\" data-widget_type=\"heading.default\">\n\t\t\t\t\t<h2 class=\"elementor-heading-title elementor-size-default\">El empaque es m\u00e1s que una protecci\u00f3n: es una extensi\u00f3n de tu marca y los emprendedores pueden plasmar all\u00ed su sello. <\/h2>\t\t\t\t<\/div>\n\t\t\t\t\t<\/div>\n\t\t\t\t<\/div>\n\t\t<div data-particle_enable=\"false\" data-particle-mobile-disabled=\"false\" class=\"elementor-element elementor-element-e4a1439 e-flex e-con-boxed e-con e-parent\" data-id=\"e4a1439\" data-element_type=\"container\" data-e-type=\"container\">\n\t\t\t\t\t<div class=\"e-con-inner\">\n\t\t\t\t<div class=\"elementor-element elementor-element-e088d63 elementor-widget elementor-widget-text-editor\" data-id=\"e088d63\" data-element_type=\"widget\" data-e-type=\"widget\" data-widget_type=\"text-editor.default\">\n\t\t\t\t\t\t\t\t\t<p>En el mundo del emprendimiento, el empaque no solo protege los productos,<a href=\"https:\/\/soymigrante.com\/revista\/category\/mejor\/\" target=\"_blank\" rel=\"noopener\"> sino que tambi\u00e9n comunica profesionalismo y refuerza la marca.<\/a><\/p><p>Saber c\u00f3mo elegir y preparar empaques adecuados para env\u00edos es crucial para garantizar la satisfacci\u00f3n del cliente y evitar p\u00e9rdidas econ\u00f3micas por da\u00f1os en el trayecto. Aqu\u00ed te contamos c\u00f3mo hacerlo de manera eficiente y atractiva.<\/p>\t\t\t\t\t\t\t\t<\/div>\n\t\t\t\t\t<\/div>\n\t\t\t\t<\/div>\n\t\t<div data-particle_enable=\"false\" data-particle-mobile-disabled=\"false\" class=\"elementor-element elementor-element-d20df1a e-flex e-con-boxed e-con e-parent\" data-id=\"d20df1a\" data-element_type=\"container\" data-e-type=\"container\">\n\t\t\t\t\t<div class=\"e-con-inner\">\n\t\t\t\t<div class=\"elementor-element elementor-element-48754ef elementor-widget elementor-widget-heading\" data-id=\"48754ef\" data-element_type=\"widget\" data-e-type=\"widget\" data-widget_type=\"heading.default\">\n\t\t\t\t\t<h3 class=\"elementor-heading-title elementor-size-default\">1. Elegir el tipo de empaque adecuado<\/h3>\t\t\t\t<\/div>\n\t\t\t\t\t<\/div>\n\t\t\t\t<\/div>\n\t\t<div data-particle_enable=\"false\" data-particle-mobile-disabled=\"false\" class=\"elementor-element elementor-element-abc8906 e-flex e-con-boxed e-con e-parent\" data-id=\"abc8906\" data-element_type=\"container\" data-e-type=\"container\">\n\t\t\t\t\t<div class=\"e-con-inner\">\n\t\t\t\t<div class=\"elementor-element elementor-element-021c77c elementor-widget elementor-widget-text-editor\" data-id=\"021c77c\" data-element_type=\"widget\" data-e-type=\"widget\" data-widget_type=\"text-editor.default\">\n\t\t\t\t\t\t\t\t\t<div>La elecci\u00f3n del empaque depende del tipo de producto que env\u00edas. <a href=\"https:\/\/soymigrante.com\/revista\/category\/mejor\/\" target=\"_blank\" rel=\"noopener\">Estas son algunas opciones comunes:\u00a0<\/a><\/div><div>\u00a0<\/div><div><strong>\u2022Bolsas:<\/strong> Ideales para ropa o productos ligeros. Opta por bolsas de material resistente, preferiblemente con cierre adhesivo o herm\u00e9tico para evitar aperturas durante el env\u00edo.<\/div><div>\u00a0<\/div><div><strong>\u2022Cajas:<\/strong> Son esenciales para productos fr\u00e1giles, electr\u00f3nicos o de mayor tama\u00f1o. Busca cajas de cart\u00f3n corrugado que soporten el peso del producto.<\/div><div>\u00a0<\/div><div><strong>\u2022Pl\u00e1stico con burbujas:<\/strong> Perfecto para envolver art\u00edculos fr\u00e1giles como cer\u00e1mica, vidrio o electr\u00f3nicos. Este material amortigua los impactos durante el transporte.<\/div><div>\u00a0<\/div><div>\u2022<strong>Papel Kraft:<\/strong> \u00dasalo como envoltorio interno o externo para dar un toque r\u00fastico y ecol\u00f3gico. Tambi\u00e9n sirve como relleno para evitar movimientos dentro de la caja.<\/div>\t\t\t\t\t\t\t\t<\/div>\n\t\t\t\t\t<\/div>\n\t\t\t\t<\/div>\n\t\t<div data-particle_enable=\"false\" data-particle-mobile-disabled=\"false\" class=\"elementor-element elementor-element-c1e43ab e-flex e-con-boxed e-con e-parent\" data-id=\"c1e43ab\" data-element_type=\"container\" data-e-type=\"container\">\n\t\t\t\t\t<div class=\"e-con-inner\">\n\t\t\t\t<div class=\"elementor-element elementor-element-375609e elementor-widget elementor-widget-video\" data-id=\"375609e\" data-element_type=\"widget\" data-e-type=\"widget\" data-settings=\"{&quot;youtube_url&quot;:&quot;https:\\\/\\\/www.youtube.com\\\/watch?v=jIDAVsIEmW0&quot;,&quot;video_type&quot;:&quot;youtube&quot;,&quot;controls&quot;:&quot;yes&quot;}\" data-widget_type=\"video.default\">\n\t\t\t\t\t\t\t<div class=\"elementor-wrapper elementor-open-inline\">\n\t\t\t<div class=\"elementor-video\"><\/div>\t\t<\/div>\n\t\t\t\t\t\t<\/div>\n\t\t\t\t\t<\/div>\n\t\t\t\t<\/div>\n\t\t<div data-particle_enable=\"false\" data-particle-mobile-disabled=\"false\" class=\"elementor-element elementor-element-758295b e-flex e-con-boxed e-con e-parent\" data-id=\"758295b\" data-element_type=\"container\" data-e-type=\"container\">\n\t\t\t\t\t<div class=\"e-con-inner\">\n\t\t\t\t<div class=\"elementor-element elementor-element-ed4f9f3 elementor-widget elementor-widget-heading\" data-id=\"ed4f9f3\" data-element_type=\"widget\" data-e-type=\"widget\" data-widget_type=\"heading.default\">\n\t\t\t\t\t<h3 class=\"elementor-heading-title elementor-size-default\">2. Priorizar la seguridad del producto<\/h3>\t\t\t\t<\/div>\n\t\t\t\t\t<\/div>\n\t\t\t\t<\/div>\n\t\t<div data-particle_enable=\"false\" data-particle-mobile-disabled=\"false\" class=\"elementor-element elementor-element-2b29e16 e-flex e-con-boxed e-con e-parent\" data-id=\"2b29e16\" data-element_type=\"container\" data-e-type=\"container\">\n\t\t\t\t\t<div class=\"e-con-inner\">\n\t\t\t\t<div class=\"elementor-element elementor-element-8597da8 elementor-widget elementor-widget-text-editor\" data-id=\"8597da8\" data-element_type=\"widget\" data-e-type=\"widget\" data-widget_type=\"text-editor.default\">\n\t\t\t\t\t\t\t\t\t<div>La presentaci\u00f3n es importante, pero la seguridad es clave. <a href=\"https:\/\/soymigrante.com\/revista\/category\/mejor\/\" target=\"_blank\" rel=\"noopener\">Sigue estas recomendaciones:<\/a><\/div><div>\u00a0<\/div><div><strong>\u2022Relleno:<\/strong> Usa material como papel triturado, espuma o pl\u00e1stico con burbujas para llenar los espacios vac\u00edos dentro de la caja y evitar que el producto se mueva.<\/div><div>\u00a0<\/div><div><strong>\u2022Cintas adhesivas resistentes:<\/strong> Sella las cajas con cintas anchas y fuertes, preferiblemente reforzadas, para asegurar que no se abran durante el traslado.<\/div><div>\u00a0<\/div><div><strong>\u2022Sellos de seguridad:<\/strong> Si el producto es costoso, considera agregar sellos o etiquetas que indiquen si el paquete fue manipulado.<\/div>\t\t\t\t\t\t\t\t<\/div>\n\t\t\t\t\t<\/div>\n\t\t\t\t<\/div>\n\t\t<div data-particle_enable=\"false\" data-particle-mobile-disabled=\"false\" class=\"elementor-element elementor-element-0ccc92b e-flex e-con-boxed e-con e-parent\" data-id=\"0ccc92b\" data-element_type=\"container\" data-e-type=\"container\">\n\t\t\t\t\t<div class=\"e-con-inner\">\n\t\t\t\t<div class=\"elementor-element elementor-element-575af86 elementor-widget elementor-widget-video\" data-id=\"575af86\" data-element_type=\"widget\" data-e-type=\"widget\" data-settings=\"{&quot;youtube_url&quot;:&quot;https:\\\/\\\/www.youtube.com\\\/watch?v=nLx9x89zUxw&quot;,&quot;video_type&quot;:&quot;youtube&quot;,&quot;controls&quot;:&quot;yes&quot;}\" data-widget_type=\"video.default\">\n\t\t\t\t\t\t\t<div class=\"elementor-wrapper elementor-open-inline\">\n\t\t\t<div class=\"elementor-video\"><\/div>\t\t<\/div>\n\t\t\t\t\t\t<\/div>\n\t\t\t\t\t<\/div>\n\t\t\t\t<\/div>\n\t\t<div data-particle_enable=\"false\" data-particle-mobile-disabled=\"false\" class=\"elementor-element elementor-element-ab6e100 e-flex e-con-boxed e-con e-parent\" data-id=\"ab6e100\" data-element_type=\"container\" data-e-type=\"container\">\n\t\t\t\t\t<div class=\"e-con-inner\">\n\t\t\t\t<div class=\"elementor-element elementor-element-3171923 elementor-widget elementor-widget-heading\" data-id=\"3171923\" data-element_type=\"widget\" data-e-type=\"widget\" data-widget_type=\"heading.default\">\n\t\t\t\t\t<h3 class=\"elementor-heading-title elementor-size-default\">3. Incluir un toque de marca en la presentaci\u00f3n<\/h3>\t\t\t\t<\/div>\n\t\t\t\t\t<\/div>\n\t\t\t\t<\/div>\n\t\t<div data-particle_enable=\"false\" data-particle-mobile-disabled=\"false\" class=\"elementor-element elementor-element-7b4783c e-flex e-con-boxed e-con e-parent\" data-id=\"7b4783c\" data-element_type=\"container\" data-e-type=\"container\">\n\t\t\t\t\t<div class=\"e-con-inner\">\n\t\t\t\t<div class=\"elementor-element elementor-element-8f35798 elementor-widget elementor-widget-text-editor\" data-id=\"8f35798\" data-element_type=\"widget\" data-e-type=\"widget\" data-widget_type=\"text-editor.default\">\n\t\t\t\t\t\t\t\t\t<div>El empaque es una oportunidad para destacar tu emprendimiento. Personaliza el empaque para mejorar la experiencia del cliente:<\/div><div>\u00a0<\/div><div><strong>\u2022Etiquetas y logotipos:<\/strong> Agrega tu logotipo en las cajas, bolsas o papel de envoltura para reforzar la identidad de tu marca.<\/div><div><strong>\u2022Tarjetas personalizadas:<\/strong> Incluye una nota de agradecimiento o instrucciones para el uso del producto. Esto crea una conexi\u00f3n emocional con el cliente.<\/div><div>\u00a0<\/div><div><strong>\u2022Colores y dise\u00f1os:<\/strong> Usa colores que reflejen la esencia de tu marca. Un dise\u00f1o atractivo puede convertir un cliente ocasional en un cliente frecuente.<\/div>\t\t\t\t\t\t\t\t<\/div>\n\t\t\t\t\t<\/div>\n\t\t\t\t<\/div>\n\t\t<div data-particle_enable=\"false\" data-particle-mobile-disabled=\"false\" class=\"elementor-element elementor-element-0d0914f e-flex e-con-boxed e-con e-parent\" data-id=\"0d0914f\" data-element_type=\"container\" data-e-type=\"container\">\n\t\t\t\t\t<div class=\"e-con-inner\">\n\t\t\t\t<div class=\"elementor-element elementor-element-294fad7 elementor-widget elementor-widget-video\" data-id=\"294fad7\" data-element_type=\"widget\" data-e-type=\"widget\" data-settings=\"{&quot;youtube_url&quot;:&quot;https:\\\/\\\/www.youtube.com\\\/watch?v=e2jZAb9VDm4&quot;,&quot;video_type&quot;:&quot;youtube&quot;,&quot;controls&quot;:&quot;yes&quot;}\" data-widget_type=\"video.default\">\n\t\t\t\t\t\t\t<div class=\"elementor-wrapper elementor-open-inline\">\n\t\t\t<div class=\"elementor-video\"><\/div>\t\t<\/div>\n\t\t\t\t\t\t<\/div>\n\t\t\t\t\t<\/div>\n\t\t\t\t<\/div>\n\t\t<div data-particle_enable=\"false\" data-particle-mobile-disabled=\"false\" class=\"elementor-element elementor-element-b2e7b05 e-flex e-con-boxed e-con e-parent\" data-id=\"b2e7b05\" data-element_type=\"container\" data-e-type=\"container\">\n\t\t\t\t\t<div class=\"e-con-inner\">\n\t\t\t\t<div class=\"elementor-element elementor-element-117cf28 elementor-widget elementor-widget-heading\" data-id=\"117cf28\" data-element_type=\"widget\" data-e-type=\"widget\" data-widget_type=\"heading.default\">\n\t\t\t\t\t<h3 class=\"elementor-heading-title elementor-size-default\">4. Considerar la sostenibilidad<\/h3>\t\t\t\t<\/div>\n\t\t\t\t\t<\/div>\n\t\t\t\t<\/div>\n\t\t<div data-particle_enable=\"false\" data-particle-mobile-disabled=\"false\" class=\"elementor-element elementor-element-e987129 e-flex e-con-boxed e-con e-parent\" data-id=\"e987129\" data-element_type=\"container\" data-e-type=\"container\">\n\t\t\t\t\t<div class=\"e-con-inner\">\n\t\t\t\t<div class=\"elementor-element elementor-element-3472d79 elementor-widget elementor-widget-text-editor\" data-id=\"3472d79\" data-element_type=\"widget\" data-e-type=\"widget\" data-widget_type=\"text-editor.default\">\n\t\t\t\t\t\t\t\t\t<div>Los clientes valoran cada vez m\u00e1s los empaques ecol\u00f3gicos. Aqu\u00ed algunas alternativas:<\/div><div>\u00a0<\/div><div><strong>\u2022Material reciclado:<\/strong> Opta por cajas y bolsas hechas con materiales reciclados.<\/div><div>\u00a0<\/div><div><strong>\u2022Relleno biodegradable:<\/strong> En lugar de pl\u00e1stico, usa papel reciclado, cart\u00f3n o viruta de madera.<\/div><div>\u00a0<\/div><div><strong>\u2022Etiquetas sostenibles:<\/strong> Elige etiquetas impresas en papel reciclado con tintas ecol\u00f3gicas.<\/div>\t\t\t\t\t\t\t\t<\/div>\n\t\t\t\t\t<\/div>\n\t\t\t\t<\/div>\n\t\t<div data-particle_enable=\"false\" data-particle-mobile-disabled=\"false\" class=\"elementor-element elementor-element-25bf05f e-flex e-con-boxed e-con e-parent\" data-id=\"25bf05f\" data-element_type=\"container\" data-e-type=\"container\">\n\t\t\t\t\t<div class=\"e-con-inner\">\n\t\t\t\t<div class=\"elementor-element elementor-element-291a7e7 elementor-widget elementor-widget-heading\" data-id=\"291a7e7\" data-element_type=\"widget\" data-e-type=\"widget\" data-widget_type=\"heading.default\">\n\t\t\t\t\t<h3 class=\"elementor-heading-title elementor-size-default\">5. Verificar las normativas de env\u00edo<\/h3>\t\t\t\t<\/div>\n\t\t\t\t\t<\/div>\n\t\t\t\t<\/div>\n\t\t<div data-particle_enable=\"false\" data-particle-mobile-disabled=\"false\" class=\"elementor-element elementor-element-ff9bb3d e-flex e-con-boxed e-con e-parent\" data-id=\"ff9bb3d\" data-element_type=\"container\" data-e-type=\"container\">\n\t\t\t\t\t<div class=\"e-con-inner\">\n\t\t\t\t<div class=\"elementor-element elementor-element-a674a72 elementor-widget elementor-widget-text-editor\" data-id=\"a674a72\" data-element_type=\"widget\" data-e-type=\"widget\" data-widget_type=\"text-editor.default\">\n\t\t\t\t\t\t\t\t\t<p>Si env\u00edas productos a nivel internacional, <a href=\"https:\/\/soymigrante.com\/revista\/category\/mejor\/\" target=\"_blank\" rel=\"noopener\">aseg\u00farate de cumplir con las regulaciones del pa\u00eds de destino<\/a>, incluyendo restricciones sobre materiales de empaque, etiquetas y declaraciones aduaneras.<\/p>\t\t\t\t\t\t\t\t<\/div>\n\t\t\t\t\t<\/div>\n\t\t\t\t<\/div>\n\t\t<div data-particle_enable=\"false\" data-particle-mobile-disabled=\"false\" class=\"elementor-element elementor-element-6b68f9c e-flex e-con-boxed e-con e-parent\" data-id=\"6b68f9c\" data-element_type=\"container\" data-e-type=\"container\">\n\t\t\t\t\t<div class=\"e-con-inner\">\n\t\t\t\t<div class=\"elementor-element elementor-element-3b9577e elementor-widget elementor-widget-video\" data-id=\"3b9577e\" data-element_type=\"widget\" data-e-type=\"widget\" data-settings=\"{&quot;youtube_url&quot;:&quot;https:\\\/\\\/www.youtube.com\\\/watch?v=jwjWROgKrp0&quot;,&quot;video_type&quot;:&quot;youtube&quot;,&quot;controls&quot;:&quot;yes&quot;}\" data-widget_type=\"video.default\">\n\t\t\t\t\t\t\t<div class=\"elementor-wrapper elementor-open-inline\">\n\t\t\t<div class=\"elementor-video\"><\/div>\t\t<\/div>\n\t\t\t\t\t\t<\/div>\n\t\t\t\t\t<\/div>\n\t\t\t\t<\/div>\n\t\t<div data-particle_enable=\"false\" data-particle-mobile-disabled=\"false\" class=\"elementor-element elementor-element-44feb23 e-flex e-con-boxed e-con e-parent\" data-id=\"44feb23\" data-element_type=\"container\" data-e-type=\"container\">\n\t\t\t\t\t<div class=\"e-con-inner\">\n\t\t\t\t<div class=\"elementor-element elementor-element-00ba9dc elementor-widget elementor-widget-heading\" data-id=\"00ba9dc\" data-element_type=\"widget\" data-e-type=\"widget\" data-widget_type=\"heading.default\">\n\t\t\t\t\t<h3 class=\"elementor-heading-title elementor-size-default\">6. Pruebas de empaque<\/h3>\t\t\t\t<\/div>\n\t\t\t\t\t<\/div>\n\t\t\t\t<\/div>\n\t\t<div data-particle_enable=\"false\" data-particle-mobile-disabled=\"false\" class=\"elementor-element elementor-element-375b1ae e-flex e-con-boxed e-con e-parent\" data-id=\"375b1ae\" data-element_type=\"container\" data-e-type=\"container\">\n\t\t\t\t\t<div class=\"e-con-inner\">\n\t\t\t\t<div class=\"elementor-element elementor-element-41d466e elementor-widget elementor-widget-text-editor\" data-id=\"41d466e\" data-element_type=\"widget\" data-e-type=\"widget\" data-widget_type=\"text-editor.default\">\n\t\t\t\t\t\t\t\t\t<p>Antes de enviar productos en grandes cantidades, <a href=\"https:\/\/soymigrante.com\/revista\/category\/mejor\/\" target=\"_blank\" rel=\"noopener\">realiza pruebas para asegurarte de que el empaque es funcional<\/a> y soporta las condiciones de transporte.<\/p><p>Invertir en materiales adecuados y una buena presentaci\u00f3n puede marcar la diferencia entre un cliente satisfecho y uno decepcionado.<\/p>\t\t\t\t\t\t\t\t<\/div>\n\t\t\t\t\t<\/div>\n\t\t\t\t<\/div>\n\t\t<div data-particle_enable=\"false\" data-particle-mobile-disabled=\"false\" class=\"elementor-element elementor-element-8259f1e e-flex e-con-boxed e-con e-parent\" data-id=\"8259f1e\" data-element_type=\"container\" data-e-type=\"container\">\n\t\t\t\t\t<div class=\"e-con-inner\">\n\t\t\t\t<div class=\"elementor-element elementor-element-9a313cb elementor-widget elementor-widget-text-editor\" data-id=\"9a313cb\" data-element_type=\"widget\" data-e-type=\"widget\" data-widget_type=\"text-editor.default\">\n\t\t\t\t\t\t\t\t\t<p>Dise\u00f1ar empaques seguros y personalizados no solo reduce riesgos, sino que tambi\u00e9n mejora la percepci\u00f3n de tu emprendimiento y crea una experiencia memorable para tus clientes.<\/p>\t\t\t\t\t\t\t\t<\/div>\n\t\t\t\t\t<\/div>\n\t\t\t\t<\/div>\n\t\t<div data-particle_enable=\"false\" data-particle-mobile-disabled=\"false\" class=\"elementor-element elementor-element-aa8d0de e-flex e-con-boxed e-con e-parent\" data-id=\"aa8d0de\" data-element_type=\"container\" data-e-type=\"container\">\n\t\t\t\t\t<div class=\"e-con-inner\">\n\t\t\t\t<div class=\"elementor-element elementor-element-1a7f0fc elementor-widget elementor-widget-heading\" data-id=\"1a7f0fc\" data-element_type=\"widget\" data-e-type=\"widget\" data-widget_type=\"heading.default\">\n\t\t\t\t\t<h3 class=\"elementor-heading-title elementor-size-default\">Ingenio y voluntad de salir adelante<\/h3>\t\t\t\t<\/div>\n\t\t\t\t\t<\/div>\n\t\t\t\t<\/div>\n\t\t<div data-particle_enable=\"false\" data-particle-mobile-disabled=\"false\" class=\"elementor-element elementor-element-0f9da17 e-flex e-con-boxed e-con e-parent\" data-id=\"0f9da17\" data-element_type=\"container\" data-e-type=\"container\">\n\t\t\t\t\t<div class=\"e-con-inner\">\n\t\t\t\t<div class=\"elementor-element elementor-element-9011ff0 elementor-widget elementor-widget-blfe-post-grid\" data-id=\"9011ff0\" data-element_type=\"widget\" data-e-type=\"widget\" data-settings=\"{&quot;columns&quot;:&quot;3&quot;,&quot;columns_tablet&quot;:&quot;6&quot;,&quot;columns_mobile&quot;:&quot;12&quot;,&quot;hero1_layout_column_gap&quot;:{&quot;unit&quot;:&quot;px&quot;,&quot;size&quot;:30,&quot;sizes&quot;:[]},&quot;hero1_layout_column_gap_tablet&quot;:{&quot;unit&quot;:&quot;px&quot;,&quot;size&quot;:&quot;&quot;,&quot;sizes&quot;:[]},&quot;hero1_layout_column_gap_mobile&quot;:{&quot;unit&quot;:&quot;px&quot;,&quot;size&quot;:&quot;&quot;,&quot;sizes&quot;:[]},&quot;hero1_layout_row_gap&quot;:{&quot;unit&quot;:&quot;px&quot;,&quot;size&quot;:30,&quot;sizes&quot;:[]},&quot;hero1_layout_row_gap_tablet&quot;:{&quot;unit&quot;:&quot;px&quot;,&quot;size&quot;:&quot;&quot;,&quot;sizes&quot;:[]},&quot;hero1_layout_row_gap_mobile&quot;:{&quot;unit&quot;:&quot;px&quot;,&quot;size&quot;:&quot;&quot;,&quot;sizes&quot;:[]}}\" data-widget_type=\"blfe-post-grid.hero1\">\n\t\t\t\t<div class=\"elementor-widget-container\">\n\t\t\t\t\t\n                        <div class=\"blfe-post-grid-container \">\n            \n                <div data-skin=\"hero1\" class=\"blfe-row blfe-posts-inner blfe-hero1 blfe-posts-inner blfe-col-3 blfe-col-tab-6 blfe-col-mob-12     \">\n                            <div class=\"blfe-post-grid-item\">\n            <div class=\"blfe-post-grid-item-inner blfe-modern-zoom\">\n                        <div class=\"blfe-post-grid-bg-image\">\n            <a class=\"blfe-post-grid-image-inner\" href=\"https:\/\/soymigrante.com\/revista\/comercio-electronico-en-guatemala-sigue-creciendo-en-oportunidades-para-los-emprendedores\/\" title=\"Comercio electr\u00f3nico en Guatemala sigue creciendo en oportunidades para los emprendedores\" rel=\"nofollow\" target=\"_blank\"><img decoding=\"async\" src=\"https:\/\/soymigrante.com\/revista\/wp-content\/uploads\/2025\/05\/soy-migrante-mercado-IA.webp\" alt=\"Comercio electr\u00f3nico en Guatemala sigue creciendo en oportunidades para los emprendedores\"\/><\/a>        <\/div>\n                        <div class=\"blfe-post-grid-details\">\n                    <div class=\"blfe-post-grid-details-inner\">\n                        <span class=\"blfe-post-category\"><a href=\"https:\/\/soymigrante.com\/revista\/category\/estamos-unidos\/\">Estamos Unidos<\/a><\/span>                        <h3 class=\"blfe-post-grid-title\">\n            <a href=\"https:\/\/soymigrante.com\/revista\/comercio-electronico-en-guatemala-sigue-creciendo-en-oportunidades-para-los-emprendedores\/\" title=\"Comercio electr\u00f3nico en Guatemala sigue creciendo en oportunidades para los emprendedores\" rel=\"nofollow\" target=\"_blank\">Comercio electr\u00f3nico en Guatemala sigue creciendo en oportunidades para los emprendedores<\/a>\n            <\/h3>                                                            <div class=\"blfe-post-grid-meta\">\n                <span class=\"blfe-post-grid-time\"><i class=\"fas fa-book-reader\"><\/i>5 Min read<\/span>            <\/div>\n                                                        <\/div>\n                <\/div>\n\n            <\/div>\n        <\/div>\n                <div class=\"blfe-post-grid-item\">\n            <div class=\"blfe-post-grid-item-inner blfe-modern-zoom\">\n                        <div class=\"blfe-post-grid-bg-image\">\n            <a class=\"blfe-post-grid-image-inner\" href=\"https:\/\/soymigrante.com\/revista\/los-libros-de-carmen-alicia-tienen-alma-de-pueblo-guatemalteco-y-estan-en-mercado\/\" title=\"Los libros de Carmen Alicia tienen alma de pueblo guatemalteco y est\u00e1n en MERCADO\" rel=\"nofollow\" target=\"_blank\"><img decoding=\"async\" src=\"https:\/\/soymigrante.com\/revista\/wp-content\/uploads\/2025\/07\/mercado-emprendedora-escritora-carmen-alicia-arevalo-libros-2.webp\" alt=\"Los libros de Carmen Alicia tienen alma de pueblo guatemalteco y est\u00e1n en MERCADO\"\/><\/a>        <\/div>\n                        <div class=\"blfe-post-grid-details\">\n                    <div class=\"blfe-post-grid-details-inner\">\n                        <span class=\"blfe-post-category\"><a href=\"https:\/\/soymigrante.com\/revista\/category\/guate-nuestra\/\">Guate Nuestra<\/a><\/span>                        <h3 class=\"blfe-post-grid-title\">\n            <a href=\"https:\/\/soymigrante.com\/revista\/los-libros-de-carmen-alicia-tienen-alma-de-pueblo-guatemalteco-y-estan-en-mercado\/\" title=\"Los libros de Carmen Alicia tienen alma de pueblo guatemalteco y est\u00e1n en MERCADO\" rel=\"nofollow\" target=\"_blank\">Los libros de Carmen Alicia tienen alma de pueblo guatemalteco y est\u00e1n en MERCADO<\/a>\n            <\/h3>                                                            <div class=\"blfe-post-grid-meta\">\n                <span class=\"blfe-post-grid-time\"><i class=\"fas fa-book-reader\"><\/i>7 Min read<\/span>            <\/div>\n                                                        <\/div>\n                <\/div>\n\n            <\/div>\n        <\/div>\n                <div class=\"blfe-post-grid-item\">\n            <div class=\"blfe-post-grid-item-inner blfe-modern-zoom\">\n                        <div class=\"blfe-post-grid-bg-image\">\n            <a class=\"blfe-post-grid-image-inner\" href=\"https:\/\/soymigrante.com\/revista\/prueba-video-post\/\" title=\"Bayit: Crochet con amor, emprendimiento de Luz Vel\u00e1squez\" rel=\"nofollow\" target=\"_blank\"><img decoding=\"async\" src=\"https:\/\/soymigrante.com\/revista\/wp-content\/uploads\/2025\/09\/prueba-video-post.jpg\" alt=\"Bayit: Crochet con amor, emprendimiento de Luz Vel\u00e1squez\"\/><\/a>        <\/div>\n                        <div class=\"blfe-post-grid-details\">\n                    <div class=\"blfe-post-grid-details-inner\">\n                        <span class=\"blfe-post-category\"><a href=\"https:\/\/soymigrante.com\/revista\/category\/guate-nuestra\/\">Guate Nuestra<\/a><\/span>                        <h3 class=\"blfe-post-grid-title\">\n            <a href=\"https:\/\/soymigrante.com\/revista\/prueba-video-post\/\" title=\"Bayit: Crochet con amor, emprendimiento de Luz Vel\u00e1squez\" rel=\"nofollow\" target=\"_blank\">Bayit: Crochet con amor, emprendimiento de Luz Vel\u00e1squez<\/a>\n            <\/h3>                                                            <div class=\"blfe-post-grid-meta\">\n                <span class=\"blfe-post-grid-time\"><i class=\"fas fa-book-reader\"><\/i>1 Min read<\/span>            <\/div>\n                                                        <\/div>\n                <\/div>\n\n            <\/div>\n        <\/div>\n                        <\/div>\n\n                        <\/div>\n            \n                        <div class=\"blfe-post-footer\">\n                        <\/div>\n            \t\t\t\t<\/div>\n\t\t\t\t<\/div>\n\t\t\t\t\t<\/div>\n\t\t\t\t<\/div>\n\t\t\t\t<\/div>\n\t\t","protected":false},"excerpt":{"rendered":"<p>El empaque es m\u00e1s que una protecci\u00f3n: es una extensi\u00f3n de tu marca y los emprendedores pueden plasmar all\u00ed su sello. En el mundo del emprendimiento, el empaque no solo protege los productos, sino que tambi\u00e9n comunica profesionalismo y refuerza la marca. Saber c\u00f3mo elegir y preparar empaques adecuados para env\u00edos es crucial para garantizar [&hellip;]<\/p>\n","protected":false},"author":19,"featured_media":15683,"comment_status":"open","ping_status":"open","sticky":false,"template":"","format":"standard","meta":{"_acf_changed":false,"_eb_attr":"","footnotes":""},"categories":[55],"tags":[],"class_list":["post-15681","post","type-post","status-publish","format-standard","has-post-thumbnail","hentry","category-bienestar"],"acf":[],"aioseo_notices":[],"aioseo_head":"\n\t\t<!-- All in One SEO Pro 4.9.6.2 - aioseo.com -->\n\t<meta name=\"description\" content=\"Desde San Pedro Soloma, Huehuetenango, Guatemala, Luz Vel\u00e1squez teje sue\u00f1os con crochet. Cada puntada nace del amor de madre y la fuerza de salir adelante.\" \/>\n\t<meta name=\"robots\" content=\"max-snippet:-1, max-image-preview:large, max-video-preview:-1\" \/>\n\t<meta name=\"author\" content=\"SoyMigrante.com REVISTA\"\/>\n\t<link rel=\"canonical\" href=\"https:\/\/soymigrante.com\/revista\/prueba-video-post\/\" \/>\n\t<meta name=\"generator\" content=\"All in One SEO Pro (AIOSEO) 4.9.6.2\" \/>\n\n\t\t<link rel=\"preconnect\" href=\"https:\/\/fonts.googleapis.com\" crossorigin>\n<link rel=\"preconnect\" href=\"https:\/\/fonts.gstatic.com\" crossorigin>\n\t\t<meta property=\"og:locale\" content=\"es_ES\" \/>\n\t\t<meta property=\"og:site_name\" content=\"SoyMigrante.com REVISTA \u2013 Nuestra misi\u00f3n es reconocer y dignificar al migrante.\" \/>\n\t\t<meta property=\"og:type\" content=\"article\" \/>\n\t\t<meta property=\"og:title\" content=\"Bayit: Crochet con amor, emprendimiento de Luz Vel\u00e1squez\" \/>\n\t\t<meta property=\"og:description\" content=\"Desde San Pedro Soloma, Huehuetenango, Guatemala, Luz Vel\u00e1squez teje sue\u00f1os con crochet. Cada puntada nace del amor de madre y la fuerza de salir adelante.\" \/>\n\t\t<meta property=\"og:url\" content=\"https:\/\/soymigrante.com\/revista\/prueba-video-post\/\" \/>\n\t\t<meta property=\"og:image\" content=\"https:\/\/soymigrante.com\/revista\/wp-content\/uploads\/2025\/09\/prueba-video-post.jpg\" \/>\n\t\t<meta property=\"og:image:secure_url\" content=\"https:\/\/soymigrante.com\/revista\/wp-content\/uploads\/2025\/09\/prueba-video-post.jpg\" \/>\n\t\t<meta property=\"og:image:width\" content=\"480\" \/>\n\t\t<meta property=\"og:image:height\" content=\"360\" \/>\n\t\t<meta property=\"article:published_time\" content=\"2025-09-19T02:12:00+00:00\" \/>\n\t\t<meta property=\"article:modified_time\" content=\"2025-09-18T21:02:28+00:00\" \/>\n\t\t<meta property=\"article:publisher\" content=\"https:\/\/www.facebook.com\/soymigrantecom\" \/>\n\t\t<meta name=\"twitter:card\" content=\"summary_large_image\" \/>\n\t\t<meta name=\"twitter:site\" content=\"@SoyMigrante_com\" \/>\n\t\t<meta name=\"twitter:title\" content=\"Bayit: Crochet con amor, emprendimiento de Luz Vel\u00e1squez\" \/>\n\t\t<meta name=\"twitter:description\" content=\"Desde San Pedro Soloma, Huehuetenango, Guatemala, Luz Vel\u00e1squez teje sue\u00f1os con crochet. Cada puntada nace del amor de madre y la fuerza de salir adelante.\" \/>\n\t\t<meta name=\"twitter:creator\" content=\"@SoyMigrante_com\" \/>\n\t\t<meta name=\"twitter:image\" content=\"https:\/\/soymigrante.com\/revista\/wp-content\/uploads\/2025\/09\/prueba-video-post.jpg\" \/>\n\t\t<!-- All in One SEO Pro -->\r\n\t\t<title>Bayit: Crochet con amor, emprendimiento de Luz Vel\u00e1squez<\/title>\n\n","aioseo_head_json":{"title":"Bayit: Crochet con amor, emprendimiento de Luz Vel\u00e1squez","description":"Desde San Pedro Soloma, Huehuetenango, Guatemala, Luz Vel\u00e1squez teje sue\u00f1os con crochet. Cada puntada nace del amor de madre y la fuerza de salir adelante.","canonical_url":"https:\/\/soymigrante.com\/revista\/prueba-video-post\/","robots":"max-snippet:-1, max-image-preview:large, max-video-preview:-1","keywords":"","webmasterTools":{"miscellaneous":"&lt;link rel=\"preconnect\" href=\"https:\/\/fonts.googleapis.com\" crossorigin&gt;\n&lt;link rel=\"preconnect\" href=\"https:\/\/fonts.gstatic.com\" crossorigin&gt;"},"schema":null,"og:locale":"es_ES","og:site_name":"SoyMigrante.com REVISTA \u2013 Nuestra misi\u00f3n es reconocer y dignificar al migrante.","og:type":"article","og:title":"Bayit: Crochet con amor, emprendimiento de Luz Vel\u00e1squez","og:description":"Desde San Pedro Soloma, Huehuetenango, Guatemala, Luz Vel\u00e1squez teje sue\u00f1os con crochet. Cada puntada nace del amor de madre y la fuerza de salir adelante.","og:url":"https:\/\/soymigrante.com\/revista\/prueba-video-post\/","og:image":"https:\/\/soymigrante.com\/revista\/wp-content\/uploads\/2025\/09\/prueba-video-post.jpg","og:image:secure_url":"https:\/\/soymigrante.com\/revista\/wp-content\/uploads\/2025\/09\/prueba-video-post.jpg","og:image:width":480,"og:image:height":360,"article:published_time":"2025-09-19T02:12:00+00:00","article:modified_time":"2025-09-18T21:02:28+00:00","article:publisher":"https:\/\/www.facebook.com\/soymigrantecom","twitter:card":"summary_large_image","twitter:site":"@SoyMigrante_com","twitter:title":"Bayit: Crochet con amor, emprendimiento de Luz Vel\u00e1squez","twitter:description":"Desde San Pedro Soloma, Huehuetenango, Guatemala, Luz Vel\u00e1squez teje sue\u00f1os con crochet. Cada puntada nace del amor de madre y la fuerza de salir adelante.","twitter:creator":"@SoyMigrante_com","twitter:image":"https:\/\/soymigrante.com\/revista\/wp-content\/uploads\/2025\/09\/prueba-video-post.jpg"},"aioseo_meta_data":{"post_id":"15681","title":null,"description":"Los empaques son m\u00e1s que una protecci\u00f3n: son una extensi\u00f3n de tu marca y los emprendedores pueden plasmar all\u00ed su sello, para tener mejor imagen y vender m\u00e1s.","keywords":null,"keyphrases":{"focus":{"keyphrase":"empaques","score":46,"analysis":{"keyphraseInTitle":{"score":3,"maxScore":9,"error":1},"keyphraseInDescription":{"score":9,"maxScore":9,"error":0},"keyphraseLength":{"score":9,"maxScore":9,"error":0,"length":1},"keyphraseInURL":{"score":1,"maxScore":5,"error":1},"keyphraseInIntroduction":{"score":3,"maxScore":9,"error":1},"keyphraseInSubHeadings":{"score":3,"maxScore":9,"error":1},"keyphraseInImageAlt":{"score":3,"maxScore":9,"error":1},"keywordDensity":{"score":0,"type":"low","maxScore":9,"error":1}}},"additional":[{"keyphrase":"empaques","score":53,"analysis":{"keyphraseInDescription":{"score":9,"maxScore":9,"error":0},"keyphraseLength":{"score":9,"maxScore":9,"error":0,"length":1},"keyphraseInIntroduction":{"score":3,"maxScore":9,"error":1},"keyphraseInImageAlt":{"score":3,"maxScore":9,"error":1},"keywordDensity":{"score":0,"type":"low","maxScore":9,"error":1}}},{"keyphrase":"emprendedores","score":53,"analysis":{"keyphraseInDescription":{"score":9,"maxScore":9,"error":0},"keyphraseLength":{"score":9,"maxScore":9,"error":0,"length":1},"keyphraseInIntroduction":{"score":3,"maxScore":9,"error":1},"keyphraseInImageAlt":{"score":3,"maxScore":9,"error":1},"keywordDensity":{"score":0,"type":"low","maxScore":9,"error":1}}}]},"primary_term":null,"canonical_url":null,"og_title":null,"og_description":null,"og_object_type":"default","og_image_type":"default","og_image_url":null,"og_image_width":null,"og_image_height":null,"og_image_custom_url":null,"og_image_custom_fields":null,"og_video":"","og_custom_url":null,"og_article_section":null,"og_article_tags":null,"twitter_use_og":false,"twitter_card":"default","twitter_image_type":"default","twitter_image_url":null,"twitter_image_custom_url":null,"twitter_image_custom_fields":null,"twitter_title":null,"twitter_description":null,"schema":{"blockGraphs":[],"customGraphs":[],"default":{"data":{"Article":[],"Course":[],"Dataset":[],"FAQPage":[],"Movie":[],"Person":[],"Product":[],"ProductReview":[],"Car":[],"Recipe":[],"Service":[],"SoftwareApplication":[],"WebPage":[]},"graphName":"none","isEnabled":true},"graphs":[]},"schema_type":"default","schema_type_options":null,"pillar_content":false,"robots_default":true,"robots_noindex":false,"robots_noarchive":false,"robots_nosnippet":false,"robots_nofollow":false,"robots_noimageindex":false,"robots_noodp":false,"robots_notranslate":false,"robots_max_snippet":"-1","robots_max_videopreview":"-1","robots_max_imagepreview":"large","priority":null,"frequency":"default","local_seo":null,"seo_analyzer_scan_date":"2025-10-09 00:57:18","breadcrumb_settings":null,"limit_modified_date":false,"reviewed_by":null,"open_ai":"{\"title\":{\"suggestions\":[],\"usage\":0},\"description\":{\"suggestions\":[],\"usage\":0}}","ai":null,"created":"2024-12-06 16:59:56","updated":"2026-02-04 18:20:42"},"aioseo_breadcrumb":"<div class=\"aioseo-breadcrumbs\"><span class=\"aioseo-breadcrumb\">\n\t<a href=\"https:\/\/soymigrante.com\/revista\" title=\"Home\">Home<\/a>\n<\/span><span class=\"aioseo-breadcrumb-separator\">\u00bb<\/span><span class=\"aioseo-breadcrumb\">\n\t<a href=\"https:\/\/soymigrante.com\/revista\/category\/bienestar\/\" title=\"Bienestar\">Bienestar<\/a>\n<\/span><span class=\"aioseo-breadcrumb-separator\">\u00bb<\/span><span class=\"aioseo-breadcrumb\">\n\tLo que el emprendedor debe saber: el empaque adecuado de productos para env\u00edo\n<\/span><\/div>","aioseo_breadcrumb_json":[{"label":"Home","link":"https:\/\/soymigrante.com\/revista"},{"label":"Bienestar","link":"https:\/\/soymigrante.com\/revista\/category\/bienestar\/"},{"label":"Lo que el emprendedor debe saber: el empaque adecuado de productos para env\u00edo","link":"https:\/\/soymigrante.com\/revista\/desafio-de-emprendedores-el-empaque-adecuado-de-productos-para-envio\/"}],"_links":{"self":[{"href":"https:\/\/soymigrante.com\/revista\/wp-json\/wp\/v2\/posts\/15681","targetHints":{"allow":["GET"]}}],"collection":[{"href":"https:\/\/soymigrante.com\/revista\/wp-json\/wp\/v2\/posts"}],"about":[{"href":"https:\/\/soymigrante.com\/revista\/wp-json\/wp\/v2\/types\/post"}],"author":[{"embeddable":true,"href":"https:\/\/soymigrante.com\/revista\/wp-json\/wp\/v2\/users\/19"}],"replies":[{"embeddable":true,"href":"https:\/\/soymigrante.com\/revista\/wp-json\/wp\/v2\/comments?post=15681"}],"version-history":[{"count":3,"href":"https:\/\/soymigrante.com\/revista\/wp-json\/wp\/v2\/posts\/15681\/revisions"}],"predecessor-version":[{"id":31088,"href":"https:\/\/soymigrante.com\/revista\/wp-json\/wp\/v2\/posts\/15681\/revisions\/31088"}],"wp:featuredmedia":[{"embeddable":true,"href":"https:\/\/soymigrante.com\/revista\/wp-json\/wp\/v2\/media\/15683"}],"wp:attachment":[{"href":"https:\/\/soymigrante.com\/revista\/wp-json\/wp\/v2\/media?parent=15681"}],"wp:term":[{"taxonomy":"category","embeddable":true,"href":"https:\/\/soymigrante.com\/revista\/wp-json\/wp\/v2\/categories?post=15681"},{"taxonomy":"post_tag","embeddable":true,"href":"https:\/\/soymigrante.com\/revista\/wp-json\/wp\/v2\/tags?post=15681"}],"curies":[{"name":"wp","href":"https:\/\/api.w.org\/{rel}","templated":true}]}}