{"id":15581,"date":"2024-12-06T13:33:33","date_gmt":"2024-12-06T19:33:33","guid":{"rendered":"https:\/\/soymigrante.com\/revista\/?p=15581"},"modified":"2025-12-03T16:13:16","modified_gmt":"2025-12-03T22:13:16","slug":"nacimiento-guatemalteco-es-una-tradicion-de-fe-artesania-y-union","status":"publish","type":"post","link":"https:\/\/soymigrante.com\/revista\/nacimiento-guatemalteco-es-una-tradicion-de-fe-artesania-y-union\/","title":{"rendered":"Nacimiento guatemalteco es una tradici\u00f3n de fe cultivada desde el siglo XVII por el Santo Hermano Pedro"},"content":{"rendered":"\t\t<div data-elementor-type=\"wp-post\" data-elementor-id=\"15581\" class=\"elementor elementor-15581\" data-elementor-post-type=\"post\">\n\t\t\t\t<div data-particle_enable=\"false\" data-particle-mobile-disabled=\"false\" class=\"elementor-element elementor-element-ec38506 e-flex e-con-boxed e-con e-parent\" data-id=\"ec38506\" data-element_type=\"container\" data-e-type=\"container\">\n\t\t\t\t\t<div class=\"e-con-inner\">\n\t\t\t\t<div class=\"elementor-element elementor-element-6b5db09 elementor-widget elementor-widget-heading\" data-id=\"6b5db09\" data-element_type=\"widget\" data-e-type=\"widget\" data-widget_type=\"heading.default\">\n\t\t\t\t\t<h2 class=\"elementor-heading-title elementor-size-default\">El nacimiento guatemalteco, una representaci\u00f3n art\u00edstica y simb\u00f3lica del nacimiento de Jes\u00fas, tiene profundas ra\u00edces culturales y religiosas en Guatemala, y su desarrollo est\u00e1 vinculado con la devoci\u00f3n de Santo Hermano Pedro de San Jos\u00e9 de Betancur en el siglo XVII.<\/h2>\t\t\t\t<\/div>\n\t\t\t\t\t<\/div>\n\t\t\t\t<\/div>\n\t\t<div data-particle_enable=\"false\" data-particle-mobile-disabled=\"false\" class=\"elementor-element elementor-element-e0ab389 e-flex e-con-boxed e-con e-parent\" data-id=\"e0ab389\" data-element_type=\"container\" data-e-type=\"container\">\n\t\t\t\t\t<div class=\"e-con-inner\">\n\t\t\t\t<div class=\"elementor-element elementor-element-e624598 elementor-widget elementor-widget-text-editor\" data-id=\"e624598\" data-element_type=\"widget\" data-e-type=\"widget\" data-widget_type=\"text-editor.default\">\n\t\t\t\t\t\t\t\t\t<p>El Hermano Pedro, nacido en Tenerife, Espa\u00f1a, lleg\u00f3 a Guatemala en el siglo XVII como misionero franciscano. Durante su tiempo en la regi\u00f3n, tuvo un papel crucial en la promoci\u00f3n de tradiciones religiosas que conectaban la espiritualidad con expresiones culturales, entre ellas, la pr\u00e1ctica de los nacimientos.<\/p><p>El fray introdujo la costumbre de representar el nacimiento de Jes\u00fas como una forma de ense\u00f1anza religiosa y devoci\u00f3n. \u00c9l entend\u00eda que los nacimientos pod\u00edan ser un medio visual poderoso para ense\u00f1ar a las comunidades ind\u00edgenas y mestizas los episodios b\u00edblicos relacionados con la Navidad, especialmente en un contexto donde la mayor\u00eda de la poblaci\u00f3n no sab\u00eda leer. Su enfoque combin\u00f3 elementos cristianos con el simbolismo de<a href=\"https:\/\/soymigrante.com\/revista\/danzas-de-guatemala-los-24-diablos-es-tradicion-del-8-de-diciembre-en-ciudad-vieja\/\" target=\"_blank\" rel=\"noopener\"> las tradiciones ind\u00edgenas locales<\/a>, facilitando un sincretismo cultural.<\/p>\t\t\t\t\t\t\t\t<\/div>\n\t\t\t\t\t<\/div>\n\t\t\t\t<\/div>\n\t\t<div data-particle_enable=\"false\" data-particle-mobile-disabled=\"false\" class=\"elementor-element elementor-element-dff95fb e-flex e-con-boxed e-con e-parent\" data-id=\"dff95fb\" data-element_type=\"container\" data-e-type=\"container\">\n\t\t\t\t\t<div class=\"e-con-inner\">\n\t\t\t\t<div class=\"elementor-element elementor-element-342f0ee elementor-widget elementor-widget-image\" data-id=\"342f0ee\" data-element_type=\"widget\" data-e-type=\"widget\" data-widget_type=\"image.default\">\n\t\t\t\t\t\t\t\t\t\t\t\t\t\t\t<img fetchpriority=\"high\" decoding=\"async\" width=\"1024\" height=\"681\" src=\"https:\/\/soymigrante.com\/revista\/wp-content\/uploads\/2024\/12\/nacimiento-guatemalteco-1024x681.jpg\" class=\"attachment-large size-large wp-image-15597\" alt=\"Ni\u00f1a en pesebre con figura de Jes\u00fas en nacimientos tradicionales, representando la celebraci\u00f3n navide\u00f1a y el esp\u00edritu familiar en las comunidades migrantes.\" srcset=\"https:\/\/soymigrante.com\/revista\/wp-content\/uploads\/2024\/12\/nacimiento-guatemalteco-1024x681.jpg 1024w, https:\/\/soymigrante.com\/revista\/wp-content\/uploads\/2024\/12\/nacimiento-guatemalteco-300x200.jpg 300w, https:\/\/soymigrante.com\/revista\/wp-content\/uploads\/2024\/12\/nacimiento-guatemalteco-768x511.jpg 768w, https:\/\/soymigrante.com\/revista\/wp-content\/uploads\/2024\/12\/nacimiento-guatemalteco-1536x1022.jpg 1536w, https:\/\/soymigrante.com\/revista\/wp-content\/uploads\/2024\/12\/nacimiento-guatemalteco-2048x1363.jpg 2048w, https:\/\/soymigrante.com\/revista\/wp-content\/uploads\/2024\/12\/nacimiento-guatemalteco-750x499.webp 750w, https:\/\/soymigrante.com\/revista\/wp-content\/uploads\/2024\/12\/nacimiento-guatemalteco-1140x759.webp 1140w, https:\/\/soymigrante.com\/revista\/wp-content\/uploads\/2024\/12\/nacimiento-guatemalteco-scaled.webp 1920w\" sizes=\"(max-width: 1024px) 100vw, 1024px\" title=\"nacimiento guatemalteco \u2013 SoyMigrante.com REVISTA\" \/>\t\t\t\t\t\t\t\t\t\t\t\t\t\t\t<\/div>\n\t\t\t\t\t<\/div>\n\t\t\t\t<\/div>\n\t\t<div data-particle_enable=\"false\" data-particle-mobile-disabled=\"false\" class=\"elementor-element elementor-element-00352a5 e-flex e-con-boxed e-con e-parent\" data-id=\"00352a5\" data-element_type=\"container\" data-e-type=\"container\">\n\t\t\t\t\t<div class=\"e-con-inner\">\n\t\t\t\t<div class=\"elementor-element elementor-element-f8e7444 elementor-widget elementor-widget-heading\" data-id=\"f8e7444\" data-element_type=\"widget\" data-e-type=\"widget\" data-widget_type=\"heading.default\">\n\t\t\t\t\t<h3 class=\"elementor-heading-title elementor-size-default\">Significados y valores del nacimiento guatemalteco\n<\/h3>\t\t\t\t<\/div>\n\t\t\t\t\t<\/div>\n\t\t\t\t<\/div>\n\t\t<div data-particle_enable=\"false\" data-particle-mobile-disabled=\"false\" class=\"elementor-element elementor-element-449b0bc e-flex e-con-boxed e-con e-parent\" data-id=\"449b0bc\" data-element_type=\"container\" data-e-type=\"container\">\n\t\t\t\t\t<div class=\"e-con-inner\">\n\t\t\t\t<div class=\"elementor-element elementor-element-f2c8ffe elementor-widget elementor-widget-text-editor\" data-id=\"f2c8ffe\" data-element_type=\"widget\" data-e-type=\"widget\" data-widget_type=\"text-editor.default\">\n\t\t\t\t\t\t\t\t\t<p>El nacimiento no solo es un adorno navide\u00f1o en Guatemala; es una representaci\u00f3n llena de simbolismo espiritual, cultural y comunitario:<\/p><p><strong>Espiritualidad y fe:<\/strong> Los nacimientos guatemaltecos celebran la encarnaci\u00f3n de Jes\u00fas y el mensaje de amor, humildad y redenci\u00f3n. Cada figura tiene un significado, desde la Sagrada Familia hasta los pastores y los Reyes Magos, que simbolizan la diversidad y unidad de los pueblos.<\/p><p><b>Uni\u00f3n familiar:<\/b> Muchas familias guatemaltecas planifican con semanas de anticipaci\u00f3n el concepto y los adornos del nacimiento. Se re\u00fanen para construirlo en equipo, no solo para elaborarlo m\u00e1s r\u00e1pido sino con m\u00e1s detalles y sobre todo, con un fuerte sentido de integraci\u00f3n. Este valor es el que le da sentido a esta devoci\u00f3n.<\/p>\t\t\t\t\t\t\t\t<\/div>\n\t\t\t\t\t<\/div>\n\t\t\t\t<\/div>\n\t\t<div data-particle_enable=\"false\" data-particle-mobile-disabled=\"false\" class=\"elementor-element elementor-element-5da6792 e-flex e-con-boxed e-con e-parent\" data-id=\"5da6792\" data-element_type=\"container\" data-e-type=\"container\">\n\t\t\t\t\t<div class=\"e-con-inner\">\n\t\t\t\t<div class=\"elementor-element elementor-element-eab9ce7 elementor-widget elementor-widget-video\" data-id=\"eab9ce7\" data-element_type=\"widget\" data-e-type=\"widget\" data-settings=\"{&quot;youtube_url&quot;:&quot;https:\\\/\\\/www.youtube.com\\\/watch?v=yRoRx_RsixU&quot;,&quot;start&quot;:44,&quot;end&quot;:104,&quot;video_type&quot;:&quot;youtube&quot;,&quot;controls&quot;:&quot;yes&quot;}\" data-widget_type=\"video.default\">\n\t\t\t\t\t\t\t<div class=\"elementor-wrapper elementor-open-inline\">\n\t\t\t<div class=\"elementor-video\"><\/div>\t\t<\/div>\n\t\t\t\t\t\t<\/div>\n\t\t\t\t\t<\/div>\n\t\t\t\t<\/div>\n\t\t<div data-particle_enable=\"false\" data-particle-mobile-disabled=\"false\" class=\"elementor-element elementor-element-7fcb107 e-flex e-con-boxed e-con e-parent\" data-id=\"7fcb107\" data-element_type=\"container\" data-e-type=\"container\">\n\t\t\t\t\t<div class=\"e-con-inner\">\n\t\t\t\t<div class=\"elementor-element elementor-element-04ac00b elementor-widget elementor-widget-text-editor\" data-id=\"04ac00b\" data-element_type=\"widget\" data-e-type=\"widget\" data-widget_type=\"text-editor.default\">\n\t\t\t\t\t\t\t\t\t<p><strong style=\"color: var( --e-global-color-text ); text-align: var(--text-align);\">Sincretismo cultural:<\/strong><span style=\"color: var( --e-global-color-text ); text-align: var(--text-align);\"> Bajo la influencia del Hermano Pedro, los nacimientos\u00a0<\/span><a style=\"text-align: var(--text-align);\" href=\"https:\/\/soymigrante.com\/revista\/sucedio-en-guatemala-en-un-diciembre-quiza-lo-recuerdas-quiza-no\/\" target=\"_blank\" rel=\"noopener\">en Guatemala<\/a><span style=\"color: var( --e-global-color-text ); text-align: var(--text-align);\">\u00a0adoptaron elementos locales. Los paisajes, materiales y adornos suelen incorporar detalles propios de la regi\u00f3n, como volcanes, r\u00edos y animales aut\u00f3ctonos, uniendo la fe cristiana con el entorno guatemalteco.<\/span><\/p><p><strong>Educaci\u00f3n y evangelizaci\u00f3n:<\/strong> El Hermano Pedro utilizaba los nacimientos como herramientas catequ\u00e9ticas para ense\u00f1ar el Evangelio. Este enfoque permiti\u00f3 que la poblaci\u00f3n local comprendiera mejor los misterios de la Navidad.<\/p><p><strong>Conexi\u00f3n comunitaria:<\/strong> En la Guatemala contempor\u00e1nea, los nacimientos son un s\u00edmbolo de unidad familiar y comunitaria. Las familias se re\u00fanen para construir nacimientos en sus hogares, y muchas iglesias organizan nacimientos monumentales\u00a0<a style=\"text-align: var(--text-align);\" href=\"https:\/\/soymigrante.com\/revista\/diciembre-trae-rezados-danzas-y-tradiciones-guatemaltecas-que-encienden-nostalgia-migrante\/\" target=\"_blank\" rel=\"noopener\">que se convierten en espacios de peregrinaci\u00f3n y celebraci\u00f3n.<\/a><\/p>\t\t\t\t\t\t\t\t<\/div>\n\t\t\t\t\t<\/div>\n\t\t\t\t<\/div>\n\t\t<div data-particle_enable=\"false\" data-particle-mobile-disabled=\"false\" class=\"elementor-element elementor-element-1576217 e-flex e-con-boxed e-con e-parent\" data-id=\"1576217\" data-element_type=\"container\" data-e-type=\"container\">\n\t\t\t\t\t<div class=\"e-con-inner\">\n\t\t\t\t<div class=\"elementor-element elementor-element-cb1de2b elementor-widget elementor-widget-video\" data-id=\"cb1de2b\" data-element_type=\"widget\" data-e-type=\"widget\" data-settings=\"{&quot;youtube_url&quot;:&quot;https:\\\/\\\/www.youtube.com\\\/watch?v=oqb2HYtQFpM&quot;,&quot;video_type&quot;:&quot;youtube&quot;,&quot;controls&quot;:&quot;yes&quot;}\" data-widget_type=\"video.default\">\n\t\t\t\t\t\t\t<div class=\"elementor-wrapper elementor-open-inline\">\n\t\t\t<div class=\"elementor-video\"><\/div>\t\t<\/div>\n\t\t\t\t\t\t<\/div>\n\t\t\t\t\t<\/div>\n\t\t\t\t<\/div>\n\t\t<div data-particle_enable=\"false\" data-particle-mobile-disabled=\"false\" class=\"elementor-element elementor-element-87fe92d e-flex e-con-boxed e-con e-parent\" data-id=\"87fe92d\" data-element_type=\"container\" data-e-type=\"container\">\n\t\t\t\t\t<div class=\"e-con-inner\">\n\t\t\t\t<div class=\"elementor-element elementor-element-4726416 elementor-widget elementor-widget-heading\" data-id=\"4726416\" data-element_type=\"widget\" data-e-type=\"widget\" data-widget_type=\"heading.default\">\n\t\t\t\t\t<h2 class=\"elementor-heading-title elementor-size-default\">El legado del Hermano Pedro<\/h2>\t\t\t\t<\/div>\n\t\t\t\t\t<\/div>\n\t\t\t\t<\/div>\n\t\t<div data-particle_enable=\"false\" data-particle-mobile-disabled=\"false\" class=\"elementor-element elementor-element-e027b34 e-flex e-con-boxed e-con e-parent\" data-id=\"e027b34\" data-element_type=\"container\" data-e-type=\"container\">\n\t\t\t\t\t<div class=\"e-con-inner\">\n\t\t\t\t<div class=\"elementor-element elementor-element-9e358c5 elementor-widget elementor-widget-text-editor\" data-id=\"9e358c5\" data-element_type=\"widget\" data-e-type=\"widget\" data-widget_type=\"text-editor.default\">\n\t\t\t\t\t\t\t\t\t<p>El Hermano Pedro no solo introdujo esta tradici\u00f3n en el siglo XVI sino que tambi\u00e9n la elev\u00f3 a un acto de caridad y hospitalidad. Se sabe que en sus nacimientos, adem\u00e1s de ense\u00f1ar, organizaba actividades para los m\u00e1s pobres, promoviendo el esp\u00edritu navide\u00f1o de compartir.\u00a0<\/p><p><span style=\"color: var( --e-global-color-text ); text-align: var(--text-align);\">Esta tradici\u00f3n ha perdurado en\u00a0<\/span><a style=\"text-align: var(--text-align);\" href=\"https:\/\/soymigrante.com\/revista\/lideres-de-red-migrante-son-recibidos-en-casa-blanca-y-reiteran-la-esperanza-de-un-tps-para-guatemala\/\" target=\"_blank\" rel=\"noopener\">Guatemala<\/a><span style=\"color: var( --e-global-color-text ); text-align: var(--text-align);\">, donde el nacimiento no solo decora los hogares, sino que tambi\u00e9n promueve valores de solidaridad y fe.<\/span><\/p><p>El nacimiento guatemalteco, con su riqueza cultural y espiritual, sigue siendo una expresi\u00f3n viva del legado del Hermano Pedro y su amor por la fe y la humanidad.<\/p>\t\t\t\t\t\t\t\t<\/div>\n\t\t\t\t\t<\/div>\n\t\t\t\t<\/div>\n\t\t<div data-particle_enable=\"false\" data-particle-mobile-disabled=\"false\" class=\"elementor-element elementor-element-fa5d02d e-flex e-con-boxed e-con e-parent\" data-id=\"fa5d02d\" data-element_type=\"container\" data-e-type=\"container\">\n\t\t\t\t\t<div class=\"e-con-inner\">\n\t\t\t\t<div class=\"elementor-element elementor-element-a2e84c1 elementor-widget elementor-widget-image\" data-id=\"a2e84c1\" data-element_type=\"widget\" data-e-type=\"widget\" data-widget_type=\"image.default\">\n\t\t\t\t\t\t\t\t\t\t\t\t<figure class=\"wp-caption\">\n\t\t\t\t\t\t\t\t\t\t<img decoding=\"async\" width=\"272\" height=\"300\" src=\"https:\/\/soymigrante.com\/revista\/wp-content\/uploads\/2024\/12\/hermano-pedro-navidad-272x300.jpg\" class=\"attachment-medium size-medium wp-image-15709\" alt=\"Revista SoyMigrante.com, ilustraci\u00f3n de una iglesia con figuras religiosas, resaltando la importancia de la cultura y la fe en la comunidad migrante. Ideal para art\u00edculos sobre religiosidad y cultura migrante.\" srcset=\"https:\/\/soymigrante.com\/revista\/wp-content\/uploads\/2024\/12\/hermano-pedro-navidad-272x300.jpg 272w, https:\/\/soymigrante.com\/revista\/wp-content\/uploads\/2024\/12\/hermano-pedro-navidad.webp 692w\" sizes=\"(max-width: 272px) 100vw, 272px\" title=\"El Santo Hermano Pedro de Betancur promovi\u00f3 en el siglo XVII la elaboraci\u00f3n del Nacimiento del Ni\u00f1o Jes\u00fas. (Imagen de la exposici\u00f3n en la casa del Santo, capilla del Calvario, Antigua Guatemala) \u2013 SoyMigrante.com REVISTA\" \/>\t\t\t\t\t\t\t\t\t\t\t<figcaption class=\"widget-image-caption wp-caption-text\">El Santo Hermano Pedro de Betancur promovi\u00f3 en el siglo XVII la elaboraci\u00f3n del Nacimiento del Ni\u00f1o Jes\u00fas. (Imagen de la exposici\u00f3n en la casa del Santo, capilla del Calvario, Antigua Guatemala)<\/figcaption>\n\t\t\t\t\t\t\t\t\t\t<\/figure>\n\t\t\t\t\t\t\t\t\t<\/div>\n\t\t\t\t\t<\/div>\n\t\t\t\t<\/div>\n\t\t<div data-particle_enable=\"false\" data-particle-mobile-disabled=\"false\" class=\"elementor-element elementor-element-af5958c e-flex e-con-boxed e-con e-parent\" data-id=\"af5958c\" data-element_type=\"container\" data-e-type=\"container\">\n\t\t\t\t\t<div class=\"e-con-inner\">\n\t\t\t\t<div class=\"elementor-element elementor-element-48db31c elementor-widget elementor-widget-heading\" data-id=\"48db31c\" data-element_type=\"widget\" data-e-type=\"widget\" data-widget_type=\"heading.default\">\n\t\t\t\t\t<h2 class=\"elementor-heading-title elementor-size-default\">Datos que tal vez no sab\u00edas...<\/h2>\t\t\t\t<\/div>\n\t\t\t\t\t<\/div>\n\t\t\t\t<\/div>\n\t\t<div data-particle_enable=\"false\" data-particle-mobile-disabled=\"false\" class=\"elementor-element elementor-element-04498de e-flex e-con-boxed e-con e-parent\" data-id=\"04498de\" data-element_type=\"container\" data-e-type=\"container\">\n\t\t\t\t\t<div class=\"e-con-inner\">\n\t\t\t\t<div class=\"elementor-element elementor-element-ef0332a elementor-grid-eael-col-3 elementor-grid-tablet-eael-col-2 elementor-grid-mobile-eael-col-1 elementor-widget elementor-widget-eael-post-grid\" data-id=\"ef0332a\" data-element_type=\"widget\" data-e-type=\"widget\" data-settings=\"{&quot;eael_post_grid_columns&quot;:&quot;eael-col-3&quot;,&quot;eael_post_grid_columns_tablet&quot;:&quot;eael-col-2&quot;,&quot;eael_post_grid_columns_mobile&quot;:&quot;eael-col-1&quot;}\" data-widget_type=\"eael-post-grid.default\">\n\t\t\t\t\t<div id=\"eael-post-grid-ef0332a\" class=\"eael-post-grid-container\">\n            <div class=\"eael-post-grid eael-post-appender eael-post-appender-ef0332a eael-post-grid-style-one\" data-layout-mode=\"masonry\"><article class=\"eael-grid-post  eael-post-grid-column eael-pg-post-6774 category-arte-cultura-guate-nuestra\" data-id=\"6774\">\n        <div class=\"eael-grid-post-holder\">\n            <div class=\"eael-grid-post-holder-inner\"><div class=\"eael-entry-media\"><div class=\"eael-entry-overlay fade-in\"><i class=\"far fa-hand-pointer\" aria-hidden=\"true\"><\/i><a href=\"https:\/\/soymigrante.com\/revista\/cuando-llego-la-primera-marimba-guatemalteca-migrante-a-usa\/\"><\/a><\/div><div class=\"eael-entry-thumbnail \">\n                <img decoding=\"async\" width=\"622\" height=\"617\" src=\"https:\/\/soymigrante.com\/revista\/wp-content\/uploads\/2024\/05\/Captura-de-pantalla-2024-05-31-173324.webp\" class=\"attachment-large size-large wp-image-6775\" alt=\"Retrato de m\u00fasicos mexicanos en uniforme formal tocando instrumentos tradicionales en un evento hist\u00f3rico, representando la cultura y el talento art\u00edstico en M\u00e9xico.\" srcset=\"https:\/\/soymigrante.com\/revista\/wp-content\/uploads\/2024\/05\/Captura-de-pantalla-2024-05-31-173324.webp 622w, https:\/\/soymigrante.com\/revista\/wp-content\/uploads\/2024\/05\/Captura-de-pantalla-2024-05-31-173324-300x298.webp 300w, https:\/\/soymigrante.com\/revista\/wp-content\/uploads\/2024\/05\/Captura-de-pantalla-2024-05-31-173324-150x150.webp 150w, https:\/\/soymigrante.com\/revista\/wp-content\/uploads\/2024\/05\/Captura-de-pantalla-2024-05-31-173324-75x75.webp 75w\" sizes=\"(max-width: 622px) 100vw, 622px\" \/>\n            <\/div>\n        <\/div><div class=\"eael-entry-wrapper\"><header class=\"eael-entry-header\"><h2 class=\"eael-entry-title\"><a class=\"eael-grid-post-link\" href=\"https:\/\/soymigrante.com\/revista\/cuando-llego-la-primera-marimba-guatemalteca-migrante-a-usa\/\" title=\"\u00bfCu\u00e1ndo lleg\u00f3 la primera marimba guatemalteca migrante a Estados Unidos?\">\u00bfCu\u00e1ndo lleg\u00f3 la primera marimba guatemalteca migrante a Estados Unidos?<\/a><\/h2><\/header><div class=\"eael-entry-content\">\n                        <div class=\"eael-grid-post-excerpt\"><a href=\"https:\/\/soymigrante.com\/revista\/cuando-llego-la-primera-marimba-guatemalteca-migrante-a-usa\/\" class=\"eael-post-elements-readmore-btn\">CONOCE SU HISTORIA <\/a><\/div>\n                    <\/div><\/div><\/div>\n        <\/div>\n    <\/article><article class=\"eael-grid-post  eael-post-grid-column eael-pg-post-11861 category-bienestar\" data-id=\"11861\">\n        <div class=\"eael-grid-post-holder\">\n            <div class=\"eael-grid-post-holder-inner\"><div class=\"eael-entry-media\"><div class=\"eael-entry-overlay fade-in\"><i class=\"far fa-hand-pointer\" aria-hidden=\"true\"><\/i><a href=\"https:\/\/soymigrante.com\/revista\/evita-llevar-estas-frutas-si-viajas-a-usa-hay-restricciones\/\"><\/a><\/div><div class=\"eael-entry-thumbnail \">\n                <img loading=\"lazy\" decoding=\"async\" width=\"1024\" height=\"1024\" src=\"https:\/\/soymigrante.com\/revista\/wp-content\/uploads\/2024\/11\/Frutas-prohibidas-de-entrar-a-USA-1024x1024.jpg\" class=\"attachment-large size-large wp-image-11885\" alt=\"Maletas de viaje, sombrero de paja, pi\u00f1a, sand\u00eda inflable y equipo de snorkel en color pastel, lista para vacaciones y verano.\" srcset=\"https:\/\/soymigrante.com\/revista\/wp-content\/uploads\/2024\/11\/Frutas-prohibidas-de-entrar-a-USA-1024x1024.jpg 1024w, https:\/\/soymigrante.com\/revista\/wp-content\/uploads\/2024\/11\/Frutas-prohibidas-de-entrar-a-USA-300x300.webp 300w, https:\/\/soymigrante.com\/revista\/wp-content\/uploads\/2024\/11\/Frutas-prohibidas-de-entrar-a-USA-150x150.webp 150w, https:\/\/soymigrante.com\/revista\/wp-content\/uploads\/2024\/11\/Frutas-prohibidas-de-entrar-a-USA-768x768.jpg 768w, https:\/\/soymigrante.com\/revista\/wp-content\/uploads\/2024\/11\/Frutas-prohibidas-de-entrar-a-USA-1536x1536.jpg 1536w, https:\/\/soymigrante.com\/revista\/wp-content\/uploads\/2024\/11\/Frutas-prohibidas-de-entrar-a-USA-2048x2048.jpg 2048w, https:\/\/soymigrante.com\/revista\/wp-content\/uploads\/2024\/11\/Frutas-prohibidas-de-entrar-a-USA-75x75.webp 75w, https:\/\/soymigrante.com\/revista\/wp-content\/uploads\/2024\/11\/Frutas-prohibidas-de-entrar-a-USA-750x750.webp 750w, https:\/\/soymigrante.com\/revista\/wp-content\/uploads\/2024\/11\/Frutas-prohibidas-de-entrar-a-USA-1140x1140.jpg 1140w, https:\/\/soymigrante.com\/revista\/wp-content\/uploads\/2024\/11\/Frutas-prohibidas-de-entrar-a-USA-scaled.webp 1920w\" sizes=\"(max-width: 1024px) 100vw, 1024px\" \/>\n            <\/div>\n        <\/div><div class=\"eael-entry-wrapper\"><header class=\"eael-entry-header\"><h2 class=\"eael-entry-title\"><a class=\"eael-grid-post-link\" href=\"https:\/\/soymigrante.com\/revista\/evita-llevar-estas-frutas-si-viajas-a-usa-hay-restricciones\/\" title=\"Evita llevar estas frutas si viajas a USA. Hay restricciones\">Evita llevar estas frutas si viajas a USA. Hay restricciones<\/a><\/h2><\/header><div class=\"eael-entry-content\">\n                        <div class=\"eael-grid-post-excerpt\"><a href=\"https:\/\/soymigrante.com\/revista\/evita-llevar-estas-frutas-si-viajas-a-usa-hay-restricciones\/\" class=\"eael-post-elements-readmore-btn\">CONOCE SU HISTORIA <\/a><\/div>\n                    <\/div><\/div><\/div>\n        <\/div>\n    <\/article><article class=\"eael-grid-post  eael-post-grid-column eael-pg-post-8058 category-bienestar\" data-id=\"8058\">\n        <div class=\"eael-grid-post-holder\">\n            <div class=\"eael-grid-post-holder-inner\"><div class=\"eael-entry-media\"><div class=\"eael-entry-overlay fade-in\"><i class=\"far fa-hand-pointer\" aria-hidden=\"true\"><\/i><a href=\"https:\/\/soymigrante.com\/revista\/datos-que-quiza-ya-sabias-o-tal-vez-no-de-las-autopistas-estatales-en-usa\/\"><\/a><\/div><div class=\"eael-entry-thumbnail \">\n                <img loading=\"lazy\" decoding=\"async\" width=\"1024\" height=\"1024\" src=\"https:\/\/soymigrante.com\/revista\/wp-content\/uploads\/2024\/08\/carreteras-americanas-soy-migrante-1024x1024.webp\" class=\"attachment-large size-large wp-image-8059\" alt=\"Bandera de EE.UU. ondeando en una autopista con ciudad en el fondo, s\u00edmbolo de migraci\u00f3n y cultura estadounidense, imagen representativa para la revista SoyMigrante.com REVISTA.\" srcset=\"https:\/\/soymigrante.com\/revista\/wp-content\/uploads\/2024\/08\/carreteras-americanas-soy-migrante-1024x1024.webp 1024w, https:\/\/soymigrante.com\/revista\/wp-content\/uploads\/2024\/08\/carreteras-americanas-soy-migrante-300x300.webp 300w, https:\/\/soymigrante.com\/revista\/wp-content\/uploads\/2024\/08\/carreteras-americanas-soy-migrante-150x150.webp 150w, https:\/\/soymigrante.com\/revista\/wp-content\/uploads\/2024\/08\/carreteras-americanas-soy-migrante-768x768.webp 768w, https:\/\/soymigrante.com\/revista\/wp-content\/uploads\/2024\/08\/carreteras-americanas-soy-migrante-1536x1536.webp 1536w, https:\/\/soymigrante.com\/revista\/wp-content\/uploads\/2024\/08\/carreteras-americanas-soy-migrante-scaled.webp 1920w, https:\/\/soymigrante.com\/revista\/wp-content\/uploads\/2024\/08\/carreteras-americanas-soy-migrante-75x75.webp 75w, https:\/\/soymigrante.com\/revista\/wp-content\/uploads\/2024\/08\/carreteras-americanas-soy-migrante-750x750.webp 750w, https:\/\/soymigrante.com\/revista\/wp-content\/uploads\/2024\/08\/carreteras-americanas-soy-migrante-1140x1140.webp 1140w\" sizes=\"(max-width: 1024px) 100vw, 1024px\" \/>\n            <\/div>\n        <\/div><div class=\"eael-entry-wrapper\"><header class=\"eael-entry-header\"><h2 class=\"eael-entry-title\"><a class=\"eael-grid-post-link\" href=\"https:\/\/soymigrante.com\/revista\/datos-que-quiza-ya-sabias-o-tal-vez-no-de-las-autopistas-estatales-en-usa\/\" title=\"Datos que quiz\u00e1 ya sab\u00edas (o tal vez no) de las autopistas estatales en USA\">Datos que quiz\u00e1 ya sab\u00edas (o tal vez no) de las autopistas estatales en USA<\/a><\/h2><\/header><div class=\"eael-entry-content\">\n                        <div class=\"eael-grid-post-excerpt\"><a href=\"https:\/\/soymigrante.com\/revista\/datos-que-quiza-ya-sabias-o-tal-vez-no-de-las-autopistas-estatales-en-usa\/\" class=\"eael-post-elements-readmore-btn\">CONOCE SU HISTORIA <\/a><\/div>\n                    <\/div><\/div><\/div>\n        <\/div>\n    <\/article><\/div>\n            <div class=\"clearfix\"><\/div>\n        <\/div>\t\t\t\t<\/div>\n\t\t\t\t\t<\/div>\n\t\t\t\t<\/div>\n\t\t\t\t<\/div>\n\t\t","protected":false},"excerpt":{"rendered":"<p>El nacimiento guatemalteco, una representaci\u00f3n art\u00edstica y simb\u00f3lica del nacimiento de Jes\u00fas, tiene profundas ra\u00edces culturales y religiosas en Guatemala, y su desarrollo est\u00e1 vinculado con la devoci\u00f3n de Santo Hermano Pedro de San Jos\u00e9 de Betancur en el siglo XVII. El Hermano Pedro, nacido en Tenerife, Espa\u00f1a, lleg\u00f3 a Guatemala en el siglo XVII [&hellip;]<\/p>\n","protected":false},"author":23,"featured_media":15700,"comment_status":"open","ping_status":"open","sticky":false,"template":"","format":"standard","meta":{"_acf_changed":false,"_eb_attr":"","footnotes":""},"categories":[58],"tags":[],"class_list":["post-15581","post","type-post","status-publish","format-standard","has-post-thumbnail","hentry","category-guate-nuestra"],"acf":[],"aioseo_notices":[],"aioseo_head":"\n\t\t<!-- All in One SEO Pro 4.9.6.2 - aioseo.com -->\n\t<meta name=\"description\" content=\"Muchos migrantes guatemaltecos deben desplazarse entre ciudades o Estados para cumplir con sus trabajos y compromisos. Conocer rutas es literalmente vital\" \/>\n\t<meta name=\"robots\" content=\"max-snippet:-1, max-image-preview:large, max-video-preview:-1\" \/>\n\t<meta name=\"author\" content=\"Beatriz Tercero\"\/>\n\t<link rel=\"canonical\" href=\"https:\/\/soymigrante.com\/revista\/datos-que-quiza-ya-sabias-o-tal-vez-no-de-las-autopistas-estatales-en-usa\/\" \/>\n\t<meta name=\"generator\" content=\"All in One SEO Pro (AIOSEO) 4.9.6.2\" \/>\n\n\t\t<link rel=\"preconnect\" href=\"https:\/\/fonts.googleapis.com\" crossorigin>\n<link rel=\"preconnect\" href=\"https:\/\/fonts.gstatic.com\" crossorigin>\n\t\t<meta property=\"og:locale\" content=\"es_ES\" \/>\n\t\t<meta property=\"og:site_name\" content=\"SoyMigrante.com REVISTA \u2013 Nuestra misi\u00f3n es reconocer y dignificar al migrante.\" \/>\n\t\t<meta property=\"og:type\" content=\"article\" \/>\n\t\t<meta property=\"og:title\" content=\"As\u00ed funcionan las autopistas estatales americanas\" \/>\n\t\t<meta property=\"og:description\" content=\"Muchos migrantes guatemaltecos deben desplazarse entre ciudades o Estados para cumplir con sus trabajos y compromisos. Conocer rutas es literalmente vital\" \/>\n\t\t<meta property=\"og:url\" content=\"https:\/\/soymigrante.com\/revista\/datos-que-quiza-ya-sabias-o-tal-vez-no-de-las-autopistas-estatales-en-usa\/\" \/>\n\t\t<meta property=\"og:image\" content=\"https:\/\/soymigrante.com\/revista\/wp-content\/uploads\/2024\/08\/carreteras-americanas-soy-migrante-scaled.webp\" \/>\n\t\t<meta property=\"og:image:secure_url\" content=\"https:\/\/soymigrante.com\/revista\/wp-content\/uploads\/2024\/08\/carreteras-americanas-soy-migrante-scaled.webp\" \/>\n\t\t<meta property=\"og:image:width\" content=\"1920\" \/>\n\t\t<meta property=\"og:image:height\" content=\"1920\" \/>\n\t\t<meta property=\"article:published_time\" content=\"2024-08-23T16:43:44+00:00\" \/>\n\t\t<meta property=\"article:modified_time\" content=\"2024-08-23T16:43:45+00:00\" \/>\n\t\t<meta property=\"article:publisher\" content=\"https:\/\/www.facebook.com\/soymigrantecom\" \/>\n\t\t<meta name=\"twitter:card\" content=\"summary_large_image\" \/>\n\t\t<meta name=\"twitter:site\" content=\"@SoyMigrante_com\" \/>\n\t\t<meta name=\"twitter:title\" content=\"As\u00ed funcionan las autopistas estatales americanas\" \/>\n\t\t<meta name=\"twitter:description\" content=\"Muchos migrantes guatemaltecos deben desplazarse entre ciudades o Estados para cumplir con sus trabajos y compromisos. Conocer rutas es literalmente vital\" \/>\n\t\t<meta name=\"twitter:creator\" content=\"@SoyMigrante_com\" \/>\n\t\t<meta name=\"twitter:image\" content=\"https:\/\/soymigrante.com\/revista\/wp-content\/uploads\/2024\/08\/carreteras-americanas-soy-migrante-scaled.webp\" \/>\n\t\t<!-- All in One SEO Pro -->\r\n\t\t<title>As\u00ed funcionan las autopistas estatales americanas<\/title>\n\n","aioseo_head_json":{"title":"As\u00ed funcionan las autopistas estatales americanas","description":"Muchos migrantes guatemaltecos deben desplazarse entre ciudades o Estados para cumplir con sus trabajos y compromisos. Conocer rutas es literalmente vital","canonical_url":"https:\/\/soymigrante.com\/revista\/datos-que-quiza-ya-sabias-o-tal-vez-no-de-las-autopistas-estatales-en-usa\/","robots":"max-snippet:-1, max-image-preview:large, max-video-preview:-1","keywords":"","webmasterTools":{"miscellaneous":"&lt;link rel=\"preconnect\" href=\"https:\/\/fonts.googleapis.com\" crossorigin&gt;\n&lt;link rel=\"preconnect\" href=\"https:\/\/fonts.gstatic.com\" crossorigin&gt;"},"schema":null,"og:locale":"es_ES","og:site_name":"SoyMigrante.com REVISTA \u2013 Nuestra misi\u00f3n es reconocer y dignificar al migrante.","og:type":"article","og:title":"As\u00ed funcionan las autopistas estatales americanas","og:description":"Muchos migrantes guatemaltecos deben desplazarse entre ciudades o Estados para cumplir con sus trabajos y compromisos. Conocer rutas es literalmente vital","og:url":"https:\/\/soymigrante.com\/revista\/datos-que-quiza-ya-sabias-o-tal-vez-no-de-las-autopistas-estatales-en-usa\/","og:image":"https:\/\/soymigrante.com\/revista\/wp-content\/uploads\/2024\/08\/carreteras-americanas-soy-migrante-scaled.webp","og:image:secure_url":"https:\/\/soymigrante.com\/revista\/wp-content\/uploads\/2024\/08\/carreteras-americanas-soy-migrante-scaled.webp","og:image:width":1920,"og:image:height":1920,"article:published_time":"2024-08-23T16:43:44+00:00","article:modified_time":"2024-08-23T16:43:45+00:00","article:publisher":"https:\/\/www.facebook.com\/soymigrantecom","twitter:card":"summary_large_image","twitter:site":"@SoyMigrante_com","twitter:title":"As\u00ed funcionan las autopistas estatales americanas","twitter:description":"Muchos migrantes guatemaltecos deben desplazarse entre ciudades o Estados para cumplir con sus trabajos y compromisos. Conocer rutas es literalmente vital","twitter:creator":"@SoyMigrante_com","twitter:image":"https:\/\/soymigrante.com\/revista\/wp-content\/uploads\/2024\/08\/carreteras-americanas-soy-migrante-scaled.webp"},"aioseo_meta_data":{"post_id":"15581","title":"Nacimiento guatemalteco es muestra de fe, artesan\u00eda y uni\u00f3n","description":"La representaci\u00f3n del Nacimiento de Jes\u00fas en casas e iglesias es una tradici\u00f3n que fue impulsada por el Santo Hermano Pedro, que en marzo 2026 cumplir\u00e1 400 a\u00f1os","keywords":null,"keyphrases":{"focus":{"keyphrase":"Nacimiento guatemalteco","score":51,"analysis":{"keyphraseInTitle":{"score":9,"maxScore":9,"error":0},"keyphraseInDescription":{"score":3,"maxScore":9,"error":1},"keyphraseLength":{"score":9,"maxScore":9,"error":0,"length":2},"keyphraseInURL":{"score":5,"maxScore":5,"error":0},"keyphraseInIntroduction":{"score":3,"maxScore":9,"error":1},"keyphraseInSubHeadings":{"score":3,"maxScore":9,"error":1},"keyphraseInImageAlt":{"score":3,"maxScore":9,"error":1},"keywordDensity":{"score":0,"type":"low","maxScore":9,"error":1}}},"additional":[{"keyphrase":"tradici\u00f3n de fe","score":40,"analysis":{"keyphraseInDescription":{"score":3,"maxScore":9,"error":1},"keyphraseLength":{"score":9,"maxScore":9,"error":0,"length":4},"keyphraseInIntroduction":{"score":3,"maxScore":9,"error":1},"keyphraseInImageAlt":{"score":3,"maxScore":9,"error":1},"keywordDensity":{"score":0,"type":"low","maxScore":9,"error":1}}},{"keyphrase":"Hermano Pedro","score":100,"analysis":{"keyphraseInDescription":{"score":9,"maxScore":9,"error":0},"keyphraseLength":{"score":9,"maxScore":9,"error":0,"length":2},"keyphraseInIntroduction":{"score":9,"maxScore":9,"error":0},"keyphraseInImageAlt":{"score":9,"maxScore":9,"error":0},"keywordDensity":{"type":"best","score":9,"maxScore":9,"error":0}}},{"keyphrase":"Navidad","score":40,"analysis":{"keyphraseInDescription":{"score":3,"maxScore":9,"error":1},"keyphraseLength":{"score":9,"maxScore":9,"error":0,"length":1},"keyphraseInIntroduction":{"score":3,"maxScore":9,"error":1},"keyphraseInImageAlt":{"score":3,"maxScore":9,"error":1},"keywordDensity":{"score":0,"type":"low","maxScore":9,"error":1}}},{"keyphrase":"Guatemala","score":87,"analysis":{"keyphraseInDescription":{"score":3,"maxScore":9,"error":1},"keyphraseLength":{"score":9,"maxScore":9,"error":0,"length":1},"keyphraseInIntroduction":{"score":9,"maxScore":9,"error":0},"keyphraseInImageAlt":{"score":9,"maxScore":9,"error":0},"keywordDensity":{"type":"best","score":9,"maxScore":9,"error":0}}}]},"primary_term":null,"canonical_url":null,"og_title":null,"og_description":null,"og_object_type":"default","og_image_type":"default","og_image_url":null,"og_image_width":null,"og_image_height":null,"og_image_custom_url":null,"og_image_custom_fields":null,"og_video":"","og_custom_url":null,"og_article_section":null,"og_article_tags":null,"twitter_use_og":false,"twitter_card":"default","twitter_image_type":"default","twitter_image_url":null,"twitter_image_custom_url":null,"twitter_image_custom_fields":null,"twitter_title":null,"twitter_description":null,"schema":{"blockGraphs":[],"customGraphs":[],"default":{"data":{"Article":[],"Course":[],"Dataset":[],"FAQPage":[],"Movie":[],"Person":[],"Product":[],"ProductReview":[],"Car":[],"Recipe":[],"Service":[],"SoftwareApplication":[],"WebPage":[]},"graphName":"NewsArticle","isEnabled":true},"graphs":[]},"schema_type":"default","schema_type_options":null,"pillar_content":false,"robots_default":true,"robots_noindex":false,"robots_noarchive":false,"robots_nosnippet":false,"robots_nofollow":false,"robots_noimageindex":false,"robots_noodp":false,"robots_notranslate":false,"robots_max_snippet":"-1","robots_max_videopreview":"-1","robots_max_imagepreview":"large","priority":null,"frequency":"default","local_seo":null,"seo_analyzer_scan_date":"2025-12-03 22:18:51","breadcrumb_settings":null,"limit_modified_date":false,"reviewed_by":"0","open_ai":"{\"title\":{\"suggestions\":[],\"usage\":0},\"description\":{\"suggestions\":[],\"usage\":0}}","ai":{"faqs":[],"keyPoints":[],"titles":[],"descriptions":[],"socialPosts":{"email":[],"linkedin":[],"twitter":[],"facebook":[],"instagram":[]}},"created":"2024-12-05 21:17:37","updated":"2026-02-04 18:18:22"},"aioseo_breadcrumb":"<div class=\"aioseo-breadcrumbs\"><span class=\"aioseo-breadcrumb\">\n\t<a href=\"https:\/\/soymigrante.com\/revista\" title=\"Home\">Home<\/a>\n<\/span><span class=\"aioseo-breadcrumb-separator\">\u00bb<\/span><span class=\"aioseo-breadcrumb\">\n\t<a href=\"https:\/\/soymigrante.com\/revista\/category\/guate-nuestra\/\" title=\"Guate Nuestra\">Guate Nuestra<\/a>\n<\/span><span class=\"aioseo-breadcrumb-separator\">\u00bb<\/span><span class=\"aioseo-breadcrumb\">\n\tNacimiento guatemalteco es una tradici\u00f3n de fe cultivada desde el siglo XVII por el Santo Hermano Pedro\n<\/span><\/div>","aioseo_breadcrumb_json":[{"label":"Home","link":"https:\/\/soymigrante.com\/revista"},{"label":"Guate Nuestra","link":"https:\/\/soymigrante.com\/revista\/category\/guate-nuestra\/"},{"label":"Nacimiento guatemalteco es una tradici\u00f3n de fe cultivada desde el siglo XVII por el Santo Hermano Pedro","link":"https:\/\/soymigrante.com\/revista\/nacimiento-guatemalteco-es-una-tradicion-de-fe-artesania-y-union\/"}],"_links":{"self":[{"href":"https:\/\/soymigrante.com\/revista\/wp-json\/wp\/v2\/posts\/15581","targetHints":{"allow":["GET"]}}],"collection":[{"href":"https:\/\/soymigrante.com\/revista\/wp-json\/wp\/v2\/posts"}],"about":[{"href":"https:\/\/soymigrante.com\/revista\/wp-json\/wp\/v2\/types\/post"}],"author":[{"embeddable":true,"href":"https:\/\/soymigrante.com\/revista\/wp-json\/wp\/v2\/users\/23"}],"replies":[{"embeddable":true,"href":"https:\/\/soymigrante.com\/revista\/wp-json\/wp\/v2\/comments?post=15581"}],"version-history":[{"count":1,"href":"https:\/\/soymigrante.com\/revista\/wp-json\/wp\/v2\/posts\/15581\/revisions"}],"predecessor-version":[{"id":49259,"href":"https:\/\/soymigrante.com\/revista\/wp-json\/wp\/v2\/posts\/15581\/revisions\/49259"}],"wp:featuredmedia":[{"embeddable":true,"href":"https:\/\/soymigrante.com\/revista\/wp-json\/wp\/v2\/media\/15700"}],"wp:attachment":[{"href":"https:\/\/soymigrante.com\/revista\/wp-json\/wp\/v2\/media?parent=15581"}],"wp:term":[{"taxonomy":"category","embeddable":true,"href":"https:\/\/soymigrante.com\/revista\/wp-json\/wp\/v2\/categories?post=15581"},{"taxonomy":"post_tag","embeddable":true,"href":"https:\/\/soymigrante.com\/revista\/wp-json\/wp\/v2\/tags?post=15581"}],"curies":[{"name":"wp","href":"https:\/\/api.w.org\/{rel}","templated":true}]}}