{"id":15564,"date":"2024-12-06T05:00:00","date_gmt":"2024-12-06T11:00:00","guid":{"rendered":"https:\/\/soymigrante.com\/revista\/?p=15564"},"modified":"2024-12-05T21:54:12","modified_gmt":"2024-12-06T03:54:12","slug":"barriletes-gigantes-de-guatemala-son-incluidos-en-lista-del-patrimonio-cultural-de-la-humanidad","status":"publish","type":"post","link":"https:\/\/soymigrante.com\/revista\/barriletes-gigantes-de-guatemala-son-incluidos-en-lista-del-patrimonio-cultural-de-la-humanidad\/","title":{"rendered":"Barriletes Gigantes de Guatemala son incluidos en lista del Patrimonio Cultural de la Humanidad"},"content":{"rendered":"\t\t<div data-elementor-type=\"wp-post\" data-elementor-id=\"15564\" class=\"elementor elementor-15564\" data-elementor-post-type=\"post\">\n\t\t\t\t<div data-particle_enable=\"false\" data-particle-mobile-disabled=\"false\" class=\"elementor-element elementor-element-bb87845 e-flex e-con-boxed e-con e-parent\" data-id=\"bb87845\" data-element_type=\"container\" data-e-type=\"container\">\n\t\t\t\t\t<div class=\"e-con-inner\">\n\t\t\t\t<div class=\"elementor-element elementor-element-f90a755 elementor-widget elementor-widget-heading\" data-id=\"f90a755\" data-element_type=\"widget\" data-e-type=\"widget\" data-widget_type=\"heading.default\">\n\t\t\t\t\t<h2 class=\"elementor-heading-title elementor-size-default\">La tradici\u00f3n ancestral de los barriletes gigantes de Santiago Sacatep\u00e9quez y Sumpango, en Guatemala, ha sido oficialmente inscrita como Patrimonio Cultural Inmaterial de la Humanidad por la Unesco. <\/h2>\t\t\t\t<\/div>\n\t\t\t\t\t<\/div>\n\t\t\t\t<\/div>\n\t\t<div data-particle_enable=\"false\" data-particle-mobile-disabled=\"false\" class=\"elementor-element elementor-element-dcbd696 e-flex e-con-boxed e-con e-parent\" data-id=\"dcbd696\" data-element_type=\"container\" data-e-type=\"container\">\n\t\t\t\t\t<div class=\"e-con-inner\">\n\t\t\t\t<div class=\"elementor-element elementor-element-8e23b78 elementor-widget elementor-widget-text-editor\" data-id=\"8e23b78\" data-element_type=\"widget\" data-e-type=\"widget\" data-widget_type=\"text-editor.default\">\n\t\t\t\t\t\t\t\t\t<p>Los emblem\u00e1ticos<a href=\"https:\/\/soymigrante.com\/revista\/cronica-en-imagenes-asi-se-vivio-con-alegria-y-tradicion-la-fiesta-de-barriletes-gigantes-de-sumpango\/\" target=\"_blank\" rel=\"noopener\"> barriletes gigantes de Santiago Sacatep\u00e9quez y Sumpango,<\/a>\u00a0una tradici\u00f3n ancestral que combina arte, espiritualidad y cultura, han sido declarados Patrimonio Cultural Inmaterial de la Humanidad por la Unesco, destacando su importancia como s\u00edmbolo de identidad y v\u00ednculo comunitario en Guatemala.<\/p><p>Este reconocimiento fue anunciado el 4 de diciembre de 2024 durante la 19 reuni\u00f3n del Comit\u00e9 Intergubernamental para la Salvaguardia del Patrimonio Cultural Inmaterial, llevada a cabo en Asunci\u00f3n, Paraguay.<\/p>\t\t\t\t\t\t\t\t<\/div>\n\t\t\t\t\t<\/div>\n\t\t\t\t<\/div>\n\t\t<div data-particle_enable=\"false\" data-particle-mobile-disabled=\"false\" class=\"elementor-element elementor-element-697eaac e-flex e-con-boxed e-con e-parent\" data-id=\"697eaac\" data-element_type=\"container\" data-e-type=\"container\">\n\t\t\t\t\t<div class=\"e-con-inner\">\n\t\t\t\t<div class=\"elementor-element elementor-element-f1a3ca6 elementor-invisible elementor-widget elementor-widget-facebook-embed\" data-id=\"f1a3ca6\" data-element_type=\"widget\" data-e-type=\"widget\" data-settings=\"{&quot;_animation&quot;:&quot;zoomInDown&quot;}\" data-widget_type=\"facebook-embed.default\">\n\t\t\t\t\t<div style=\"min-height: 1px\" class=\"elementor-facebook-widget fb-video\" data-href=\"https:\/\/www.facebook.com\/UNESCO.gt\/videos\/1227064218589969\" data-show-text=\"false\" data-allowfullscreen=\"false\" data-autoplay=\"false\" data-show-captions=\"false\"><\/div>\t\t\t\t<\/div>\n\t\t\t\t\t<\/div>\n\t\t\t\t<\/div>\n\t\t<div data-particle_enable=\"false\" data-particle-mobile-disabled=\"false\" class=\"elementor-element elementor-element-5aea04c e-flex e-con-boxed e-con e-parent\" data-id=\"5aea04c\" data-element_type=\"container\" data-e-type=\"container\">\n\t\t\t\t\t<div class=\"e-con-inner\">\n\t\t\t\t<div class=\"elementor-element elementor-element-4791c55 elementor-widget elementor-widget-heading\" data-id=\"4791c55\" data-element_type=\"widget\" data-e-type=\"widget\" data-widget_type=\"heading.default\">\n\t\t\t\t\t<h3 class=\"elementor-heading-title elementor-size-default\">Una pr\u00e1ctica de significado espiritual y comunitario\n<\/h3>\t\t\t\t<\/div>\n\t\t\t\t\t<\/div>\n\t\t\t\t<\/div>\n\t\t<div data-particle_enable=\"false\" data-particle-mobile-disabled=\"false\" class=\"elementor-element elementor-element-f2b7999 e-flex e-con-boxed e-con e-parent\" data-id=\"f2b7999\" data-element_type=\"container\" data-e-type=\"container\">\n\t\t\t\t\t<div class=\"e-con-inner\">\n\t\t\t\t<div class=\"elementor-element elementor-element-8974420 elementor-widget elementor-widget-text-editor\" data-id=\"8974420\" data-element_type=\"widget\" data-e-type=\"widget\" data-widget_type=\"text-editor.default\">\n\t\t\t\t\t\t\t\t\t<p>La elaboraci\u00f3n y el vuelo de estos coloridos barriletes representan mucho m\u00e1s que una actividad festiva; son un s\u00edmbolo de la identidad cultural guatemalteca, uniendo arte, espiritualidad y reflexi\u00f3n social. Seg\u00fan el Ministerio de Cultura y Deportes (MCD), esta tradici\u00f3n, transmitida de generaci\u00f3n en generaci\u00f3n,\u00a0<a href=\"https:\/\/soymigrante.com\/revista\/colectivo-maya-awal-organiza-festival-de-barriletes-en-maryland\/\" target=\"_blank\" rel=\"noopener\">fortalece los lazos comunitarios<\/a>\u00a0y promueve una conexi\u00f3n espiritual con los ancestros.<\/p><p>El Gobierno de Guatemala destac\u00f3 que los barriletes son &#8220;mensajeros del cielo&#8221; y un homenaje a la creatividad y cosmovisi\u00f3n de los pueblos ind\u00edgenas. Por su parte, Patricio Zambrano Restrepo, representante de la Unesco en Guatemala, felicit\u00f3 al pa\u00eds por esta destacada labor de preservaci\u00f3n cultural.<\/p><p>Los barriletes gigantes tienen ra\u00edces profundas en las creencias y pr\u00e1cticas de los ancestros de Santiago y Sumpango. Seg\u00fan relatos tradicionales, estas comunidades comenzaron a fabricarlos como una forma de alejar a los malos esp\u00edritus que acompa\u00f1aban a las almas de los difuntos durante el D\u00eda de Todos los Santos. El sonido producido por el viento al chocar con el papel de los barriletes era visto como un medio eficaz para purificar el entorno.<\/p>\t\t\t\t\t\t\t\t<\/div>\n\t\t\t\t\t<\/div>\n\t\t\t\t<\/div>\n\t\t<div data-particle_enable=\"false\" data-particle-mobile-disabled=\"false\" class=\"elementor-element elementor-element-30227a5 e-flex e-con-boxed e-con e-parent\" data-id=\"30227a5\" data-element_type=\"container\" data-e-type=\"container\">\n\t\t\t\t\t<div class=\"e-con-inner\">\n\t\t\t\t<div class=\"elementor-element elementor-element-249603b elementor-invisible elementor-widget elementor-widget-facebook-embed\" data-id=\"249603b\" data-element_type=\"widget\" data-e-type=\"widget\" data-settings=\"{&quot;_animation&quot;:&quot;zoomInDown&quot;}\" data-widget_type=\"facebook-embed.default\">\n\t\t\t\t\t<div style=\"min-height: 1px\" class=\"elementor-facebook-widget fb-post\" data-href=\"https:\/\/www.facebook.com\/inguatoficial\/posts\/pfbid02shWGxabiKPrQ9FTdnTK45FsxLhSd2QdfoT4HfakM3BzMAbzkMMSqDy4daddisF9l?rdid=Uwh4ZmpyCq7InOIY\" data-show-text=\"false\"><\/div>\t\t\t\t<\/div>\n\t\t\t\t\t<\/div>\n\t\t\t\t<\/div>\n\t\t<div data-particle_enable=\"false\" data-particle-mobile-disabled=\"false\" class=\"elementor-element elementor-element-db6b63f e-flex e-con-boxed e-con e-parent\" data-id=\"db6b63f\" data-element_type=\"container\" data-e-type=\"container\">\n\t\t\t\t\t<div class=\"e-con-inner\">\n\t\t\t\t<div class=\"elementor-element elementor-element-58a64df elementor-widget elementor-widget-heading\" data-id=\"58a64df\" data-element_type=\"widget\" data-e-type=\"widget\" data-widget_type=\"heading.default\">\n\t\t\t\t\t<h2 class=\"elementor-heading-title elementor-size-default\">Un proceso creativo y colaborativo\n<\/h2>\t\t\t\t<\/div>\n\t\t\t\t\t<\/div>\n\t\t\t\t<\/div>\n\t\t<div data-particle_enable=\"false\" data-particle-mobile-disabled=\"false\" class=\"elementor-element elementor-element-2b4317d e-flex e-con-boxed e-con e-parent\" data-id=\"2b4317d\" data-element_type=\"container\" data-e-type=\"container\">\n\t\t\t\t\t<div class=\"e-con-inner\">\n\t\t\t\t<div class=\"elementor-element elementor-element-5df5b67 elementor-widget elementor-widget-text-editor\" data-id=\"5df5b67\" data-element_type=\"widget\" data-e-type=\"widget\" data-widget_type=\"text-editor.default\">\n\t\t\t\t\t\t\t\t\t<p>La creaci\u00f3n de un barrilete gigante es una tarea que puede tomar meses. El proceso comienza con la selecci\u00f3n de una tem\u00e1tica espec\u00edfica que guiar\u00e1 el dise\u00f1o. Posteriormente, los artistas trazan bocetos detallados y trabajan en equipo para ensamblar estas imponentes estructuras utilizando materiales como papel de colores, bamb\u00fa y otros recursos naturales.\u00a0<\/p><p>La culminaci\u00f3n del trabajo ocurre\u00a0<a href=\"https:\/\/soymigrante.com\/revista\/estas-son-las-tradiciones-del-dia-de-difuntos-en-guatemala\/\" target=\"_blank\" rel=\"noopener\">en la v\u00edspera del D\u00eda de Todos los Santos,<\/a>\u00a0cuando los barriletes son elevados en el Festival de Barriletes Gigantes.<\/p><p>Cada 1 de noviembre, Santiago Sacatep\u00e9quez y Sumpango se convierten en el escenario de un espect\u00e1culo \u00fanico, donde barriletes de dimensiones sorprendentes compiten en diferentes categor\u00edas. Aunque hay premios para los mejores dise\u00f1os, el verdadero objetivo de los participantes es preservar esta tradici\u00f3n, celebrar la vida y rendir homenaje a sus ra\u00edces culturales.<\/p>\t\t\t\t\t\t\t\t<\/div>\n\t\t\t\t\t<\/div>\n\t\t\t\t<\/div>\n\t\t<div data-particle_enable=\"false\" data-particle-mobile-disabled=\"false\" class=\"elementor-element elementor-element-9ccfb55 e-flex e-con-boxed e-con e-parent\" data-id=\"9ccfb55\" data-element_type=\"container\" data-e-type=\"container\">\n\t\t\t\t\t<div class=\"e-con-inner\">\n\t\t\t\t<div class=\"elementor-element elementor-element-90f67c4 elementor-invisible elementor-widget elementor-widget-facebook-embed\" data-id=\"90f67c4\" data-element_type=\"widget\" data-e-type=\"widget\" data-settings=\"{&quot;_animation&quot;:&quot;zoomInDown&quot;}\" data-widget_type=\"facebook-embed.default\">\n\t\t\t\t\t<div style=\"min-height: 1px\" class=\"elementor-facebook-widget fb-post\" data-href=\"https:\/\/www.facebook.com\/anolucrativo.debarrileteros\/posts\/pfbid026knECfq3VDVPpErcBfLxfWw1ENv6AVFEwGyEkkgVWEsRPcMr9Mu9fszXXsKAj2YYl?rdid=Axmxx9N9OzD29Znn\" data-show-text=\"false\"><\/div>\t\t\t\t<\/div>\n\t\t\t\t\t<\/div>\n\t\t\t\t<\/div>\n\t\t<div data-particle_enable=\"false\" data-particle-mobile-disabled=\"false\" class=\"elementor-element elementor-element-f2fee67 e-flex e-con-boxed e-con e-parent\" data-id=\"f2fee67\" data-element_type=\"container\" data-e-type=\"container\">\n\t\t\t\t\t<div class=\"e-con-inner\">\n\t\t\t\t<div class=\"elementor-element elementor-element-802a2dc elementor-widget elementor-widget-text-editor\" data-id=\"802a2dc\" data-element_type=\"widget\" data-e-type=\"widget\" data-widget_type=\"text-editor.default\">\n\t\t\t\t\t\t\t\t\t<p>La inscripci\u00f3n de esta pr\u00e1ctica en la lista de Patrimonio Cultural Inmaterial de la Humanidad no solo destaca la riqueza cultural de Guatemala, sino que tambi\u00e9n asegura que esta tradici\u00f3n seguir\u00e1 siendo valorada y protegida. Este logro reafirma la importancia de preservar las costumbres que definen la identidad de un pueblo y fortalecer el v\u00ednculo entre generaciones.<\/p><p><a style=\"text-align: var(--text-align)\" href=\"https:\/\/soymigrante.com\/revista\/festival-de-barriletes-de-santiago-sacatepequez-lleva-125-anos-de-tradicion\/\" target=\"_blank\" rel=\"noopener\">Los barriletes gigantes de Santiago Sacatep\u00e9quez y Sumpango,<\/a>\u00a0ahora reconocidos a nivel mundial, seguir\u00e1n siendo un testimonio vivo de la creatividad, la espiritualidad y la resiliencia de los guatemaltecos.<\/p>\t\t\t\t\t\t\t\t<\/div>\n\t\t\t\t\t<\/div>\n\t\t\t\t<\/div>\n\t\t<div data-particle_enable=\"false\" data-particle-mobile-disabled=\"false\" class=\"elementor-element elementor-element-428b2e2 e-flex e-con-boxed e-con e-parent\" data-id=\"428b2e2\" data-element_type=\"container\" data-e-type=\"container\">\n\t\t\t\t\t<div class=\"e-con-inner\">\n\t\t\t\t<div class=\"elementor-element elementor-element-e0f1840 elementor-widget elementor-widget-video\" data-id=\"e0f1840\" data-element_type=\"widget\" data-e-type=\"widget\" data-settings=\"{&quot;youtube_url&quot;:&quot;https:\\\/\\\/www.youtube.com\\\/watch?v=qH9lOX8AV_U&quot;,&quot;video_type&quot;:&quot;youtube&quot;,&quot;controls&quot;:&quot;yes&quot;}\" data-widget_type=\"video.default\">\n\t\t\t\t\t\t\t<div class=\"elementor-wrapper elementor-open-inline\">\n\t\t\t<div class=\"elementor-video\"><\/div>\t\t<\/div>\n\t\t\t\t\t\t<\/div>\n\t\t\t\t\t<\/div>\n\t\t\t\t<\/div>\n\t\t<div data-particle_enable=\"false\" data-particle-mobile-disabled=\"false\" class=\"elementor-element elementor-element-0876e51 e-flex e-con-boxed e-con e-parent\" data-id=\"0876e51\" data-element_type=\"container\" data-e-type=\"container\">\n\t\t\t\t\t<div class=\"e-con-inner\">\n\t\t\t\t<div class=\"elementor-element elementor-element-4afee84 elementor-widget elementor-widget-heading\" data-id=\"4afee84\" data-element_type=\"widget\" data-e-type=\"widget\" data-widget_type=\"heading.default\">\n\t\t\t\t\t<h3 class=\"elementor-heading-title elementor-size-default\">Descubre Guatemala <\/h3>\t\t\t\t<\/div>\n\t\t\t\t\t<\/div>\n\t\t\t\t<\/div>\n\t\t<div data-particle_enable=\"false\" data-particle-mobile-disabled=\"false\" class=\"elementor-element elementor-element-2ff7cf0 e-flex e-con-boxed e-con e-parent\" data-id=\"2ff7cf0\" data-element_type=\"container\" data-e-type=\"container\">\n\t\t\t\t\t<div class=\"e-con-inner\">\n\t\t\t\t<div class=\"elementor-element elementor-element-e79d4e5 elementor-grid-eael-col-3 elementor-grid-tablet-eael-col-2 elementor-grid-mobile-eael-col-1 elementor-widget elementor-widget-eael-post-grid\" data-id=\"e79d4e5\" data-element_type=\"widget\" data-e-type=\"widget\" data-settings=\"{&quot;eael_post_grid_columns&quot;:&quot;eael-col-3&quot;,&quot;eael_post_grid_columns_tablet&quot;:&quot;eael-col-2&quot;,&quot;eael_post_grid_columns_mobile&quot;:&quot;eael-col-1&quot;}\" data-widget_type=\"eael-post-grid.default\">\n\t\t\t\t\t<div id=\"eael-post-grid-e79d4e5\" class=\"eael-post-grid-container\">\n            <div class=\"eael-post-grid eael-post-appender eael-post-appender-e79d4e5 eael-post-grid-style-one\" data-layout-mode=\"masonry\"><article class=\"eael-grid-post  eael-post-grid-column eael-pg-post-11681 category-guate-nuestra\" data-id=\"11681\">\n        <div class=\"eael-grid-post-holder\">\n            <div class=\"eael-grid-post-holder-inner\"><div class=\"eael-entry-media\"><div class=\"eael-entry-overlay fade-in\"><i class=\"far fa-hand-pointer\" aria-hidden=\"true\"><\/i><a href=\"https:\/\/soymigrante.com\/revista\/cronica-en-imagenes-asi-se-vivio-con-alegria-y-tradicion-la-fiesta-de-barriletes-gigantes-de-sumpango\/\"><\/a><\/div><div class=\"eael-entry-thumbnail \">\n                <img fetchpriority=\"high\" decoding=\"async\" width=\"1024\" height=\"1024\" src=\"https:\/\/soymigrante.com\/revista\/wp-content\/uploads\/2024\/11\/Festival-de-Barriletes-de-Sumpango-c-1024x1024.jpg\" class=\"attachment-large size-large wp-image-11697\" alt=\"Colores vivos y festivales tradicionales con grandes pi\u00f1atas en celebraci\u00f3n mexicana, mostrando cultura, comunidad y orgullo cultural en un evento popular del pa\u00eds.\" srcset=\"https:\/\/soymigrante.com\/revista\/wp-content\/uploads\/2024\/11\/Festival-de-Barriletes-de-Sumpango-c-1024x1024.jpg 1024w, https:\/\/soymigrante.com\/revista\/wp-content\/uploads\/2024\/11\/Festival-de-Barriletes-de-Sumpango-c-300x300.webp 300w, https:\/\/soymigrante.com\/revista\/wp-content\/uploads\/2024\/11\/Festival-de-Barriletes-de-Sumpango-c-150x150.webp 150w, https:\/\/soymigrante.com\/revista\/wp-content\/uploads\/2024\/11\/Festival-de-Barriletes-de-Sumpango-c-768x768.jpg 768w, https:\/\/soymigrante.com\/revista\/wp-content\/uploads\/2024\/11\/Festival-de-Barriletes-de-Sumpango-c-75x75.webp 75w, https:\/\/soymigrante.com\/revista\/wp-content\/uploads\/2024\/11\/Festival-de-Barriletes-de-Sumpango-c-750x750.webp 750w, https:\/\/soymigrante.com\/revista\/wp-content\/uploads\/2024\/11\/Festival-de-Barriletes-de-Sumpango-c-1140x1140.jpg 1140w, https:\/\/soymigrante.com\/revista\/wp-content\/uploads\/2024\/11\/Festival-de-Barriletes-de-Sumpango-c.webp 1301w\" sizes=\"(max-width: 1024px) 100vw, 1024px\" \/>\n            <\/div>\n        <\/div><div class=\"eael-entry-wrapper\"><header class=\"eael-entry-header\"><h2 class=\"eael-entry-title\"><a class=\"eael-grid-post-link\" href=\"https:\/\/soymigrante.com\/revista\/cronica-en-imagenes-asi-se-vivio-con-alegria-y-tradicion-la-fiesta-de-barriletes-gigantes-de-sumpango\/\" title=\"Cr\u00f3nica con im\u00e1genes: as\u00ed se vivi\u00f3 con alegr\u00eda y tradici\u00f3n la fiesta de Barriletes Gigantes de Sumpango\">Cr\u00f3nica con im\u00e1genes: as\u00ed se vivi\u00f3 con alegr\u00eda y tradici\u00f3n la fiesta de Barriletes Gigantes de Sumpango<\/a><\/h2><\/header><div class=\"eael-entry-content\">\n                        <div class=\"eael-grid-post-excerpt\"><a href=\"https:\/\/soymigrante.com\/revista\/cronica-en-imagenes-asi-se-vivio-con-alegria-y-tradicion-la-fiesta-de-barriletes-gigantes-de-sumpango\/\" class=\"eael-post-elements-readmore-btn\">CONOCE SU HISTORIA <\/a><\/div>\n                    <\/div><\/div><\/div>\n        <\/div>\n    <\/article><article class=\"eael-grid-post  eael-post-grid-column eael-pg-post-7878 category-guate-nuestra tags-agosto-9-dia-de-los-pueblos-indigenas\" data-id=\"7878\">\n        <div class=\"eael-grid-post-holder\">\n            <div class=\"eael-grid-post-holder-inner\"><div class=\"eael-entry-media\"><div class=\"eael-entry-overlay fade-in\"><i class=\"far fa-hand-pointer\" aria-hidden=\"true\"><\/i><a href=\"https:\/\/soymigrante.com\/revista\/indumentaria-maya-de-guatemala-simbolo-nacional-multicultural\/\"><\/a><\/div><div class=\"eael-entry-thumbnail \">\n                <img decoding=\"async\" width=\"1024\" height=\"731\" src=\"https:\/\/soymigrante.com\/revista\/wp-content\/uploads\/2024\/08\/Santa-Eulalia-1024x731.webp\" class=\"attachment-large size-large wp-image-7879\" alt=\"Indumentaria maya de Santa Eulalia\" \/>\n            <\/div>\n        <\/div><div class=\"eael-entry-wrapper\"><header class=\"eael-entry-header\"><h2 class=\"eael-entry-title\"><a class=\"eael-grid-post-link\" href=\"https:\/\/soymigrante.com\/revista\/indumentaria-maya-de-guatemala-simbolo-nacional-multicultural\/\" title=\"Indumentaria maya de Guatemala: s\u00edmbolo nacional multicultural\">Indumentaria maya de Guatemala: s\u00edmbolo nacional multicultural<\/a><\/h2><\/header><div class=\"eael-entry-content\">\n                        <div class=\"eael-grid-post-excerpt\"><a href=\"https:\/\/soymigrante.com\/revista\/indumentaria-maya-de-guatemala-simbolo-nacional-multicultural\/\" class=\"eael-post-elements-readmore-btn\">CONOCE SU HISTORIA <\/a><\/div>\n                    <\/div><\/div><\/div>\n        <\/div>\n    <\/article><article class=\"eael-grid-post  eael-post-grid-column eael-pg-post-1716 category-guate-nuestra\" data-id=\"1716\">\n        <div class=\"eael-grid-post-holder\">\n            <div class=\"eael-grid-post-holder-inner\"><div class=\"eael-entry-media\"><div class=\"eael-entry-overlay fade-in\"><i class=\"far fa-hand-pointer\" aria-hidden=\"true\"><\/i><a href=\"https:\/\/soymigrante.com\/revista\/cultura-migrante-tigre-lazo-baile\/\"><\/a><\/div><div class=\"eael-entry-thumbnail \">\n                <img decoding=\"async\" width=\"1024\" height=\"731\" src=\"https:\/\/soymigrante.com\/revista\/wp-content\/uploads\/2023\/07\/seuimiento-monos-y-tigres-1024x731.webp\" class=\"attachment-large size-large wp-image-1735\" alt=\"\" srcset=\"https:\/\/soymigrante.com\/revista\/wp-content\/uploads\/2023\/07\/seuimiento-monos-y-tigres-1024x731.webp 1024w, https:\/\/soymigrante.com\/revista\/wp-content\/uploads\/2023\/07\/seuimiento-monos-y-tigres-300x214.webp 300w, https:\/\/soymigrante.com\/revista\/wp-content\/uploads\/2023\/07\/seuimiento-monos-y-tigres-768x549.webp 768w, https:\/\/soymigrante.com\/revista\/wp-content\/uploads\/2023\/07\/seuimiento-monos-y-tigres-120x86.webp 120w, https:\/\/soymigrante.com\/revista\/wp-content\/uploads\/2023\/07\/seuimiento-monos-y-tigres-350x250.webp 350w, https:\/\/soymigrante.com\/revista\/wp-content\/uploads\/2023\/07\/seuimiento-monos-y-tigres-750x536.webp 750w, https:\/\/soymigrante.com\/revista\/wp-content\/uploads\/2023\/07\/seuimiento-monos-y-tigres-1140x814.webp 1140w, https:\/\/soymigrante.com\/revista\/wp-content\/uploads\/2023\/07\/seuimiento-monos-y-tigres.webp 1512w\" sizes=\"(max-width: 1024px) 100vw, 1024px\" \/>\n            <\/div>\n        <\/div><div class=\"eael-entry-wrapper\"><header class=\"eael-entry-header\"><h2 class=\"eael-entry-title\"><a class=\"eael-grid-post-link\" href=\"https:\/\/soymigrante.com\/revista\/cultura-migrante-tigre-lazo-baile\/\" title=\"Recordando el Tigre, Lazo y Baile: Tradiciones Migrantes\">Recordando el Tigre, Lazo y Baile: Tradiciones Migrantes<\/a><\/h2><\/header><div class=\"eael-entry-content\">\n                        <div class=\"eael-grid-post-excerpt\"><a href=\"https:\/\/soymigrante.com\/revista\/cultura-migrante-tigre-lazo-baile\/\" class=\"eael-post-elements-readmore-btn\">CONOCE SU HISTORIA <\/a><\/div>\n                    <\/div><\/div><\/div>\n        <\/div>\n    <\/article><\/div>\n            <div class=\"clearfix\"><\/div>\n        <\/div>\t\t\t\t<\/div>\n\t\t\t\t\t<\/div>\n\t\t\t\t<\/div>\n\t\t\t\t<\/div>\n\t\t","protected":false},"excerpt":{"rendered":"<p>La tradici\u00f3n ancestral de los barriletes gigantes de Santiago Sacatep\u00e9quez y Sumpango, en Guatemala, ha sido oficialmente inscrita como Patrimonio Cultural Inmaterial de la Humanidad por la Unesco. Los emblem\u00e1ticos barriletes gigantes de Santiago Sacatep\u00e9quez y Sumpango,\u00a0una tradici\u00f3n ancestral que combina arte, espiritualidad y cultura, han sido declarados Patrimonio Cultural Inmaterial de la Humanidad por [&hellip;]<\/p>\n","protected":false},"author":23,"featured_media":15638,"comment_status":"open","ping_status":"open","sticky":false,"template":"","format":"standard","meta":{"_acf_changed":false,"_eb_attr":"","footnotes":""},"categories":[58],"tags":[],"class_list":["post-15564","post","type-post","status-publish","format-standard","has-post-thumbnail","hentry","category-guate-nuestra"],"acf":[],"aioseo_notices":[],"aioseo_head":"\n\t\t<!-- All in One SEO Pro 4.9.6.2 - aioseo.com -->\n\t<meta name=\"description\" content=\"La memoria de migrantes guarda tradiciones como el Tigre, Lazo y Baile Ancestral. Descubre la riqueza cultural que llevan consigo\" \/>\n\t<meta name=\"robots\" content=\"max-snippet:-1, max-image-preview:large, max-video-preview:-1\" \/>\n\t<meta name=\"author\" content=\"Diana Batz\"\/>\n\t<link rel=\"canonical\" href=\"https:\/\/soymigrante.com\/revista\/cultura-migrante-tigre-lazo-baile\/\" \/>\n\t<meta name=\"generator\" content=\"All in One SEO Pro (AIOSEO) 4.9.6.2\" \/>\n\n\t\t<link rel=\"preconnect\" href=\"https:\/\/fonts.googleapis.com\" crossorigin>\n<link rel=\"preconnect\" href=\"https:\/\/fonts.gstatic.com\" crossorigin>\n\t\t<meta property=\"og:locale\" content=\"es_ES\" \/>\n\t\t<meta property=\"og:site_name\" content=\"SoyMigrante.com REVISTA \u2013 Nuestra misi\u00f3n es reconocer y dignificar al migrante.\" \/>\n\t\t<meta property=\"og:type\" content=\"article\" \/>\n\t\t<meta property=\"og:title\" content=\"Recordando el Tigre, Lazo y Baile: Tradiciones Migrantes\" \/>\n\t\t<meta property=\"og:description\" content=\"La memoria de migrantes guarda tradiciones como el Tigre, Lazo y Baile Ancestral. Descubre la riqueza cultural que llevan consigo\" \/>\n\t\t<meta property=\"og:url\" content=\"https:\/\/soymigrante.com\/revista\/cultura-migrante-tigre-lazo-baile\/\" \/>\n\t\t<meta property=\"og:image\" content=\"https:\/\/soymigrante.com\/revista\/wp-content\/uploads\/2023\/07\/seuimiento-monos-y-tigres.webp\" \/>\n\t\t<meta property=\"og:image:secure_url\" content=\"https:\/\/soymigrante.com\/revista\/wp-content\/uploads\/2023\/07\/seuimiento-monos-y-tigres.webp\" \/>\n\t\t<meta property=\"og:image:width\" content=\"1512\" \/>\n\t\t<meta property=\"og:image:height\" content=\"1080\" \/>\n\t\t<meta property=\"article:published_time\" content=\"2023-07-25T18:29:43+00:00\" \/>\n\t\t<meta property=\"article:modified_time\" content=\"2024-07-31T17:11:54+00:00\" \/>\n\t\t<meta property=\"article:publisher\" content=\"https:\/\/www.facebook.com\/soymigrantecom\" \/>\n\t\t<meta name=\"twitter:card\" content=\"summary_large_image\" \/>\n\t\t<meta name=\"twitter:site\" content=\"@SoyMigrante_com\" \/>\n\t\t<meta name=\"twitter:title\" content=\"Recordando el Tigre, Lazo y Baile: Tradiciones Migrantes\" \/>\n\t\t<meta name=\"twitter:description\" content=\"La memoria de migrantes guarda tradiciones como el Tigre, Lazo y Baile Ancestral. Descubre la riqueza cultural que llevan consigo\" \/>\n\t\t<meta name=\"twitter:creator\" content=\"@SoyMigrante_com\" \/>\n\t\t<meta name=\"twitter:image\" content=\"https:\/\/soymigrante.com\/revista\/wp-content\/uploads\/2023\/07\/seuimiento-monos-y-tigres.webp\" \/>\n\t\t<!-- All in One SEO Pro -->\r\n\t\t<title>Recordando el Tigre, Lazo y Baile: Tradiciones Migrantes<\/title>\n\n","aioseo_head_json":{"title":"Recordando el Tigre, Lazo y Baile: Tradiciones Migrantes","description":"La memoria de migrantes guarda tradiciones como el Tigre, Lazo y Baile Ancestral. Descubre la riqueza cultural que llevan consigo","canonical_url":"https:\/\/soymigrante.com\/revista\/cultura-migrante-tigre-lazo-baile\/","robots":"max-snippet:-1, max-image-preview:large, max-video-preview:-1","keywords":"","webmasterTools":{"miscellaneous":"&lt;link rel=\"preconnect\" href=\"https:\/\/fonts.googleapis.com\" crossorigin&gt;\n&lt;link rel=\"preconnect\" href=\"https:\/\/fonts.gstatic.com\" crossorigin&gt;"},"schema":null,"og:locale":"es_ES","og:site_name":"SoyMigrante.com REVISTA \u2013 Nuestra misi\u00f3n es reconocer y dignificar al migrante.","og:type":"article","og:title":"Recordando el Tigre, Lazo y Baile: Tradiciones Migrantes","og:description":"La memoria de migrantes guarda tradiciones como el Tigre, Lazo y Baile Ancestral. Descubre la riqueza cultural que llevan consigo","og:url":"https:\/\/soymigrante.com\/revista\/cultura-migrante-tigre-lazo-baile\/","og:image":"https:\/\/soymigrante.com\/revista\/wp-content\/uploads\/2023\/07\/seuimiento-monos-y-tigres.webp","og:image:secure_url":"https:\/\/soymigrante.com\/revista\/wp-content\/uploads\/2023\/07\/seuimiento-monos-y-tigres.webp","og:image:width":1512,"og:image:height":1080,"article:published_time":"2023-07-25T18:29:43+00:00","article:modified_time":"2024-07-31T17:11:54+00:00","article:publisher":"https:\/\/www.facebook.com\/soymigrantecom","twitter:card":"summary_large_image","twitter:site":"@SoyMigrante_com","twitter:title":"Recordando el Tigre, Lazo y Baile: Tradiciones Migrantes","twitter:description":"La memoria de migrantes guarda tradiciones como el Tigre, Lazo y Baile Ancestral. Descubre la riqueza cultural que llevan consigo","twitter:creator":"@SoyMigrante_com","twitter:image":"https:\/\/soymigrante.com\/revista\/wp-content\/uploads\/2023\/07\/seuimiento-monos-y-tigres.webp"},"aioseo_meta_data":{"post_id":"15564","title":"Barriletes gigantes son ahora Patrimonio de la Humanidad","description":"La elaboraci\u00f3n de barriletes gigantes de Santiago Sacatep\u00e9quez y Sumpango ha sido oficialmente inscrita como Patrimonio Cultural de la Humanidad por la Unesco.","keywords":null,"keyphrases":{"focus":{"keyphrase":"Barriletes gigantes","score":91,"analysis":{"keyphraseInTitle":{"score":9,"maxScore":9,"error":0},"keyphraseInDescription":{"score":9,"maxScore":9,"error":0},"keyphraseLength":{"score":9,"maxScore":9,"error":0,"length":2},"keyphraseInURL":{"score":5,"maxScore":5,"error":0},"keyphraseInIntroduction":{"score":9,"maxScore":9,"error":0},"keyphraseInSubHeadings":{"score":9,"maxScore":9,"error":0},"keyphraseInImageAlt":{"score":3,"maxScore":9,"error":1},"keywordDensity":{"type":"best","score":9,"maxScore":9,"error":0}}},"additional":[{"keyphrase":"Guatemala","score":87,"analysis":{"keyphraseInDescription":{"score":3,"maxScore":9,"error":1},"keyphraseLength":{"score":9,"maxScore":9,"error":0,"length":1},"keyphraseInIntroduction":{"score":9,"maxScore":9,"error":0},"keyphraseInImageAlt":{"score":9,"maxScore":9,"error":0},"keywordDensity":{"type":"best","score":9,"maxScore":9,"error":0}}},{"keyphrase":"Patrimonio de la Humanidad","score":40,"analysis":{"keyphraseInDescription":{"score":3,"maxScore":9,"error":1},"keyphraseLength":{"score":9,"maxScore":9,"error":0,"length":4},"keyphraseInIntroduction":{"score":3,"maxScore":9,"error":1},"keyphraseInImageAlt":{"score":3,"maxScore":9,"error":1},"keywordDensity":{"score":0,"type":"low","maxScore":9,"error":1}}},{"keyphrase":"Unesco","score":87,"analysis":{"keyphraseInDescription":{"score":9,"maxScore":9,"error":0},"keyphraseLength":{"score":9,"maxScore":9,"error":0,"length":1},"keyphraseInIntroduction":{"score":9,"maxScore":9,"error":0},"keyphraseInImageAlt":{"score":3,"maxScore":9,"error":1},"keywordDensity":{"type":"best","score":9,"maxScore":9,"error":0}}}]},"primary_term":null,"canonical_url":null,"og_title":null,"og_description":null,"og_object_type":"default","og_image_type":"default","og_image_url":null,"og_image_width":null,"og_image_height":null,"og_image_custom_url":null,"og_image_custom_fields":null,"og_video":"","og_custom_url":null,"og_article_section":null,"og_article_tags":null,"twitter_use_og":false,"twitter_card":"default","twitter_image_type":"default","twitter_image_url":null,"twitter_image_custom_url":null,"twitter_image_custom_fields":null,"twitter_title":null,"twitter_description":null,"schema":{"blockGraphs":[],"customGraphs":[],"default":{"data":{"Article":[],"Course":[],"Dataset":[],"FAQPage":[],"Movie":[],"Person":[],"Product":[],"ProductReview":[],"Car":[],"Recipe":[],"Service":[],"SoftwareApplication":[],"WebPage":[]},"graphName":"Article","isEnabled":true},"graphs":[]},"schema_type":"default","schema_type_options":null,"pillar_content":false,"robots_default":true,"robots_noindex":false,"robots_noarchive":false,"robots_nosnippet":false,"robots_nofollow":false,"robots_noimageindex":false,"robots_noodp":false,"robots_notranslate":false,"robots_max_snippet":"-1","robots_max_videopreview":"-1","robots_max_imagepreview":"large","priority":null,"frequency":"default","local_seo":null,"seo_analyzer_scan_date":"2025-10-09 00:49:13","breadcrumb_settings":null,"limit_modified_date":false,"reviewed_by":null,"open_ai":"{\"title\":{\"suggestions\":[],\"usage\":0},\"description\":{\"suggestions\":[],\"usage\":0}}","ai":null,"created":"2024-12-05 20:44:21","updated":"2026-02-04 18:18:22"},"aioseo_breadcrumb":"<div class=\"aioseo-breadcrumbs\"><span class=\"aioseo-breadcrumb\">\n\t<a href=\"https:\/\/soymigrante.com\/revista\" title=\"Home\">Home<\/a>\n<\/span><span class=\"aioseo-breadcrumb-separator\">\u00bb<\/span><span class=\"aioseo-breadcrumb\">\n\t<a href=\"https:\/\/soymigrante.com\/revista\/category\/guate-nuestra\/\" title=\"Guate Nuestra\">Guate Nuestra<\/a>\n<\/span><span class=\"aioseo-breadcrumb-separator\">\u00bb<\/span><span class=\"aioseo-breadcrumb\">\n\tBarriletes Gigantes de Guatemala son incluidos en lista del Patrimonio Cultural de la Humanidad\n<\/span><\/div>","aioseo_breadcrumb_json":[{"label":"Home","link":"https:\/\/soymigrante.com\/revista"},{"label":"Guate Nuestra","link":"https:\/\/soymigrante.com\/revista\/category\/guate-nuestra\/"},{"label":"Barriletes Gigantes de Guatemala son incluidos en lista del Patrimonio Cultural de la Humanidad","link":"https:\/\/soymigrante.com\/revista\/barriletes-gigantes-de-guatemala-son-incluidos-en-lista-del-patrimonio-cultural-de-la-humanidad\/"}],"_links":{"self":[{"href":"https:\/\/soymigrante.com\/revista\/wp-json\/wp\/v2\/posts\/15564","targetHints":{"allow":["GET"]}}],"collection":[{"href":"https:\/\/soymigrante.com\/revista\/wp-json\/wp\/v2\/posts"}],"about":[{"href":"https:\/\/soymigrante.com\/revista\/wp-json\/wp\/v2\/types\/post"}],"author":[{"embeddable":true,"href":"https:\/\/soymigrante.com\/revista\/wp-json\/wp\/v2\/users\/23"}],"replies":[{"embeddable":true,"href":"https:\/\/soymigrante.com\/revista\/wp-json\/wp\/v2\/comments?post=15564"}],"version-history":[{"count":0,"href":"https:\/\/soymigrante.com\/revista\/wp-json\/wp\/v2\/posts\/15564\/revisions"}],"wp:featuredmedia":[{"embeddable":true,"href":"https:\/\/soymigrante.com\/revista\/wp-json\/wp\/v2\/media\/15638"}],"wp:attachment":[{"href":"https:\/\/soymigrante.com\/revista\/wp-json\/wp\/v2\/media?parent=15564"}],"wp:term":[{"taxonomy":"category","embeddable":true,"href":"https:\/\/soymigrante.com\/revista\/wp-json\/wp\/v2\/categories?post=15564"},{"taxonomy":"post_tag","embeddable":true,"href":"https:\/\/soymigrante.com\/revista\/wp-json\/wp\/v2\/tags?post=15564"}],"curies":[{"name":"wp","href":"https:\/\/api.w.org\/{rel}","templated":true}]}}