{"id":15524,"date":"2024-12-05T10:14:15","date_gmt":"2024-12-05T16:14:15","guid":{"rendered":"https:\/\/soymigrante.com\/revista\/?p=15524"},"modified":"2024-12-21T23:11:59","modified_gmt":"2024-12-22T05:11:59","slug":"bienes-raices-son-la-realidad-y-el-sueno-de-la-guatemalteca-christtag-vasquez-cortez","status":"publish","type":"post","link":"https:\/\/soymigrante.com\/revista\/bienes-raices-son-la-realidad-y-el-sueno-de-la-guatemalteca-christtag-vasquez-cortez\/","title":{"rendered":"Bienes ra\u00edces son la realidad y el sue\u00f1o de la guatemalteca Christtag V\u00e1squez Cortez"},"content":{"rendered":"\t\t<div data-elementor-type=\"wp-post\" data-elementor-id=\"15524\" class=\"elementor elementor-15524\" data-elementor-post-type=\"post\">\n\t\t\t\t<div data-particle_enable=\"false\" data-particle-mobile-disabled=\"false\" class=\"elementor-element elementor-element-9a04711 e-flex e-con-boxed e-con e-parent\" data-id=\"9a04711\" data-element_type=\"container\" data-e-type=\"container\">\n\t\t\t\t\t<div class=\"e-con-inner\">\n\t\t\t\t<div class=\"elementor-element elementor-element-42d0179 elementor-widget elementor-widget-heading\" data-id=\"42d0179\" data-element_type=\"widget\" data-e-type=\"widget\" data-widget_type=\"heading.default\">\n\t\t\t\t\t<h2 class=\"elementor-heading-title elementor-size-default\"><span style=\"font-size: 31.2px;font-weight: 400\">Christtag Cortez reside en Los Angeles, California, en donde labora en la venta de casas y propiedades, un sector al que lleg\u00f3 gracias a Youtube. Ahora su aspiraci\u00f3n es llegar a tener su propia compa\u00f1\u00eda. Lleg\u00f3 hace 13 a\u00f1os a EE.UU. cuando ella ten\u00eda 13 a\u00f1os. Esta es la historia.<\/span><\/h2>\t\t\t\t<\/div>\n\t\t\t\t\t<\/div>\n\t\t\t\t<\/div>\n\t\t<div data-particle_enable=\"false\" data-particle-mobile-disabled=\"false\" class=\"elementor-element elementor-element-9d420dd e-flex e-con-boxed e-con e-parent\" data-id=\"9d420dd\" data-element_type=\"container\" data-e-type=\"container\">\n\t\t\t\t\t<div class=\"e-con-inner\">\n\t\t\t\t<div class=\"elementor-element elementor-element-5934b5e elementor-widget elementor-widget-text-editor\" data-id=\"5934b5e\" data-element_type=\"widget\" data-e-type=\"widget\" data-widget_type=\"text-editor.default\">\n\t\t\t\t\t\t\t\t\t<p>Cuando estaba en High School, en Los Angeles, Christtag particip\u00f3 en una recaudaci\u00f3n de fondos para la construcci\u00f3n de una escuela\u00a0 en un \u00e1rea rural de Guatemala\u00a0 &#8220;Yo no fui con el grupo que fue ayudar por mi edad y porque ten\u00eda otras actividades de verano. Pero quienes se fueron en la misi\u00f3n usaron el dinero para construir una escuela en Guatemala&#8221;, cuenta Christtag V\u00e1squez Cortez, quien en aquellos a\u00f1os deseaba seguir la carrera de Derecho, sin saber que el mundo de los <a href=\"https:\/\/soymigrante.com\/revista\/migrante-guatemalteca-emilia-cifuentes-ingeniera-empresaria-supera-dificultades\/\">bienes ra\u00edces<\/a> se convertir\u00eda en su gran pasi\u00f3n.<\/p><p>&#8220;Al comenzar la universidad trabaj\u00e9 en una firma de abogados y el plan original era ir a la escuela de leyes para ser abogada. Pero ya estando ah\u00ed, no me gust\u00f3 tanto: estar en la oficina todos los d\u00edas haciendo lo mismo y lo mismo no era para m\u00ed. Fue entonces que desubr\u00ed la idea de bienes ra\u00edces. Me gust\u00f3 porque cada d\u00eda es diferente&#8221;, relata.<\/p><p>En YouTube fue donde Christtag hall\u00f3 direcci\u00f3n: &#8220;La verdad, idea de Bienes Ra\u00edces lo encontr\u00e9 en YouTube porque yo miro muchos videos de finanzas y en uno de ellos estaba el tema de propiedades y casas. All\u00ed me enter\u00e9 que era tan dif\u00edcil de entrar, solo ten\u00eda que sacar mi licencia. Durante la pandemia no hab\u00eda trabajo, estaba aburrida en casa y dije: este es el tiempo perfecto para estudiar, sacar el curso de realtor sales&#8221;.<\/p>\t\t\t\t\t\t\t\t<\/div>\n\t\t\t\t\t<\/div>\n\t\t\t\t<\/div>\n\t\t<div data-particle_enable=\"false\" data-particle-mobile-disabled=\"false\" class=\"elementor-element elementor-element-29511e9 e-flex e-con-boxed e-con e-parent\" data-id=\"29511e9\" data-element_type=\"container\" data-e-type=\"container\">\n\t\t\t\t\t<div class=\"e-con-inner\">\n\t\t\t\t<div class=\"elementor-element elementor-element-3a70787 elementor-widget elementor-widget-image\" data-id=\"3a70787\" data-element_type=\"widget\" data-e-type=\"widget\" data-widget_type=\"image.default\">\n\t\t\t\t\t\t\t\t\t\t\t\t<figure class=\"wp-caption\">\n\t\t\t\t\t\t\t\t\t\t<img fetchpriority=\"high\" decoding=\"async\" width=\"768\" height=\"519\" src=\"https:\/\/soymigrante.com\/revista\/wp-content\/uploads\/2024\/12\/christtag-barrios-migrante-guatemalteca-2-1024x692.jpg\" class=\"attachment-large size-large wp-image-15530\" alt=\"Nieve, naturaleza y esqu\u00ed en un paisaje invernal con \u00e1rboles y monta\u00f1as al fondo en un d\u00eda soleado.\" srcset=\"https:\/\/soymigrante.com\/revista\/wp-content\/uploads\/2024\/12\/christtag-barrios-migrante-guatemalteca-2-1024x692.jpg 1024w, https:\/\/soymigrante.com\/revista\/wp-content\/uploads\/2024\/12\/christtag-barrios-migrante-guatemalteca-2-300x203.jpg 300w, https:\/\/soymigrante.com\/revista\/wp-content\/uploads\/2024\/12\/christtag-barrios-migrante-guatemalteca-2-768x519.jpg 768w, https:\/\/soymigrante.com\/revista\/wp-content\/uploads\/2024\/12\/christtag-barrios-migrante-guatemalteca-2-750x507.webp 750w, https:\/\/soymigrante.com\/revista\/wp-content\/uploads\/2024\/12\/christtag-barrios-migrante-guatemalteca-2.webp 1065w\" sizes=\"(max-width: 768px) 100vw, 768px\" title=\"Christtag Vasquez Cortez se traza altas metas pero a la vez nunca se olvida de sus ra\u00edces, por ello aspira a poder asesorar a familias hispanas o guatemaltecas en la adquisici\u00f3n de una vivienda en el \u00e1rea de Los Angeles. (Fotograf\u00eda instagram) \u2013 SoyMigrante.com REVISTA\" \/>\t\t\t\t\t\t\t\t\t\t\t<figcaption class=\"widget-image-caption wp-caption-text\">Una mujer disfrutando de esquiar en un bosque nevado con vistas a las monta\u00f1as y un cielo claro, capturando la belleza del invierno.<\/figcaption>\n\t\t\t\t\t\t\t\t\t\t<\/figure>\n\t\t\t\t\t\t\t\t\t<\/div>\n\t\t\t\t\t<\/div>\n\t\t\t\t<\/div>\n\t\t<div data-particle_enable=\"false\" data-particle-mobile-disabled=\"false\" class=\"elementor-element elementor-element-ed78af4 e-flex e-con-boxed e-con e-parent\" data-id=\"ed78af4\" data-element_type=\"container\" data-e-type=\"container\">\n\t\t\t\t\t<div class=\"e-con-inner\">\n\t\t\t\t<div class=\"elementor-element elementor-element-7fe3fab elementor-widget elementor-widget-heading\" data-id=\"7fe3fab\" data-element_type=\"widget\" data-e-type=\"widget\" data-widget_type=\"heading.default\">\n\t\t\t\t\t<h3 class=\"elementor-heading-title elementor-size-default\">Bienes ra\u00edces son ahora la ra\u00edz de sus metas<\/h3>\t\t\t\t<\/div>\n\t\t\t\t\t<\/div>\n\t\t\t\t<\/div>\n\t\t<div data-particle_enable=\"false\" data-particle-mobile-disabled=\"false\" class=\"elementor-element elementor-element-00a9878 e-flex e-con-boxed e-con e-parent\" data-id=\"00a9878\" data-element_type=\"container\" data-e-type=\"container\">\n\t\t\t\t\t<div class=\"e-con-inner\">\n\t\t\t\t<div class=\"elementor-element elementor-element-cab7e67 elementor-widget elementor-widget-text-editor\" data-id=\"cab7e67\" data-element_type=\"widget\" data-e-type=\"widget\" data-widget_type=\"text-editor.default\">\n\t\t\t\t\t\t\t\t\t<p><span style=\"color: var( --e-global-color-text ); text-align: var(--text-align);\">Actualmente trabaja con la firma Keller Williams. Reconoce que el mercado est\u00e1 un poco lento, por los altos intereses. &#8220;Mucha gente est\u00e1 esperando a que bajen las tasas de inter\u00e9s. pero depende del \u00e1rea tambi\u00e9n. Hay algunas zonas de Los Angeles donde la gente est\u00e1 comprando m\u00e1s&#8221;.<\/span><\/p><p>&#8220;Ahora que el inter\u00e9s est\u00e1 alto, mucha gente se detiene y espera. Pero cuando bajan los intereses todos quieren comprar y a veces por una casa hay hasta 10 personas que la quieren y el precio se hace como una subasta, para ver qui\u00e9n se queda con ella&#8221;, es algo que ha aprendido con la experiencia.\u00a0<\/p><p>Tales conocimientos no necesariamente se aprenden en el curso de realtor o vendedor de bienes ra\u00edces. &#8220;En cada transacci\u00f3n y hablando con cada cliente es all\u00ed donde se aprende a vender mejor&#8221;, comparte acerca de su labor en <a href=\"https:\/\/soymigrante.com\/revista\/migrante-guatemalteca-alejandra-cifuentes-asesoria-legal-fiscal-oklahoma\/\">bienes ra\u00edces<\/a>.<\/p>\t\t\t\t\t\t\t\t<\/div>\n\t\t\t\t\t<\/div>\n\t\t\t\t<\/div>\n\t\t<div data-particle_enable=\"false\" data-particle-mobile-disabled=\"false\" class=\"elementor-element elementor-element-21080a1 e-flex e-con-boxed e-con e-parent\" data-id=\"21080a1\" data-element_type=\"container\" data-e-type=\"container\">\n\t\t\t\t\t<div class=\"e-con-inner\">\n\t\t\t\t<div class=\"elementor-element elementor-element-7db52f4 elementor-widget elementor-widget-image\" data-id=\"7db52f4\" data-element_type=\"widget\" data-e-type=\"widget\" data-widget_type=\"image.default\">\n\t\t\t\t\t\t\t\t\t\t\t\t\t\t\t<img decoding=\"async\" width=\"768\" height=\"344\" src=\"https:\/\/soymigrante.com\/revista\/wp-content\/uploads\/2024\/12\/Captura-de-pantalla-2024-12-04-103242-1-1024x458.jpg\" class=\"attachment-large size-large wp-image-15529\" alt=\"Innovadora revista digital SoyMigrante.com con contenido para migrantes, derechos, cultura y noticias sobre comunidad migrante en espa\u00f1ol, ingl\u00e9s e italiano.\" srcset=\"https:\/\/soymigrante.com\/revista\/wp-content\/uploads\/2024\/12\/Captura-de-pantalla-2024-12-04-103242-1-1024x458.jpg 1024w, https:\/\/soymigrante.com\/revista\/wp-content\/uploads\/2024\/12\/Captura-de-pantalla-2024-12-04-103242-1-300x134.jpg 300w, https:\/\/soymigrante.com\/revista\/wp-content\/uploads\/2024\/12\/Captura-de-pantalla-2024-12-04-103242-1-768x344.jpg 768w, https:\/\/soymigrante.com\/revista\/wp-content\/uploads\/2024\/12\/Captura-de-pantalla-2024-12-04-103242-1-1536x687.jpg 1536w, https:\/\/soymigrante.com\/revista\/wp-content\/uploads\/2024\/12\/Captura-de-pantalla-2024-12-04-103242-1-750x336.webp 750w, https:\/\/soymigrante.com\/revista\/wp-content\/uploads\/2024\/12\/Captura-de-pantalla-2024-12-04-103242-1-1140x510.webp 1140w, https:\/\/soymigrante.com\/revista\/wp-content\/uploads\/2024\/12\/Captura-de-pantalla-2024-12-04-103242-1.webp 1732w\" sizes=\"(max-width: 768px) 100vw, 768px\" title=\"Christtag V\u00e1squez Cortez trabaja actualmente con la prestigiosa firma de bienes ra\u00edces Keller Williams, en el \u00e1rea de Los Angeles. \u2013 SoyMigrante.com REVISTA\" \/>\t\t\t\t\t\t\t\t\t\t\t\t\t\t\t<\/div>\n\t\t\t\t\t<\/div>\n\t\t\t\t<\/div>\n\t\t<div data-particle_enable=\"false\" data-particle-mobile-disabled=\"false\" class=\"elementor-element elementor-element-1dec88a e-flex e-con-boxed e-con e-parent\" data-id=\"1dec88a\" data-element_type=\"container\" data-e-type=\"container\">\n\t\t\t\t\t<div class=\"e-con-inner\">\n\t\t\t\t<div class=\"elementor-element elementor-element-82c3412 elementor-widget elementor-widget-heading\" data-id=\"82c3412\" data-element_type=\"widget\" data-e-type=\"widget\" data-widget_type=\"heading.default\">\n\t\t\t\t\t<h3 class=\"elementor-heading-title elementor-size-default\">Lleg\u00f3 a California a los 13 a\u00f1os, hace 13 a\u00f1os<\/h3>\t\t\t\t<\/div>\n\t\t\t\t\t<\/div>\n\t\t\t\t<\/div>\n\t\t<div data-particle_enable=\"false\" data-particle-mobile-disabled=\"false\" class=\"elementor-element elementor-element-0ee5c26 e-flex e-con-boxed e-con e-parent\" data-id=\"0ee5c26\" data-element_type=\"container\" data-e-type=\"container\">\n\t\t\t\t\t<div class=\"e-con-inner\">\n\t\t\t\t<div class=\"elementor-element elementor-element-aaf3e9d elementor-widget elementor-widget-text-editor\" data-id=\"aaf3e9d\" data-element_type=\"widget\" data-e-type=\"widget\" data-widget_type=\"text-editor.default\">\n\t\t\t\t\t\t\t\t\t<p><span style=\"color: var( --e-global-color-text ); text-align: var(--text-align);\">Christtag naci\u00f3 en la ciudad de Guatemala, creci\u00f3 en la colonia Monte Mar\u00eda, zona 12. Y a los 13 a\u00f1os migr\u00f3 a EE.UU. junto a su mam\u00e1.<\/span><\/p><p>&#8220;Me ayud\u00f3 a adaptarme que yo ya sab\u00eda ingl\u00e9s. Estudi\u00e9 en el colegio Biling\u00fce El Prado, ah\u00ed por la Aguilar Batres. Pero yo no quer\u00eda mudarme a Estados Unidos. Fue dif\u00edcil porque tuve que dejar a mis amigas, mi escuela. fue empezar de nuevo&#8221;, relata.<\/p><p>&#8220;Mis padres se separaron cuando yo ten\u00eda nueve a\u00f1os. Mi mam\u00e1 ya era residente y decidi\u00f3 que nos mud\u00e1ramos a California&#8221;. En fin, Christtag tuvo que adaptarse, avanz\u00f3 en sus clases de High School, se gradu\u00f3 y decidi\u00f3 estudiar Mercadeo de Modas, con un grado minor en Negocios. &#8220;Siempre me atrajo hacer negocios. El plan era tener mi propia empresa. No estudi\u00e9 Moda por el dise\u00f1o sino por las ventas&#8221;.<\/p><p>Luego vino el paso por el Derecho y el hallazgo de los bienes ra\u00edces. Ahora su gran sue\u00f1o ees tener su propia empresa. &#8220;Son cinco a\u00f1os que se requieren de estar como vendedor, como corredor de bienes ra\u00edces y despu\u00e9s se tiene que sacar otro examen que es el de brokers. Es decir, ahora tengo una licencia de ventas, pero para ser br\u00f3ker, es decir negociante con tu propia empresa, necesito m\u00e1s tiempo. Pero el objetivo est\u00e1 all\u00ed&#8221;, relata.\u00a0\u00a0<\/p>\t\t\t\t\t\t\t\t<\/div>\n\t\t\t\t\t<\/div>\n\t\t\t\t<\/div>\n\t\t<div data-particle_enable=\"false\" data-particle-mobile-disabled=\"false\" class=\"elementor-element elementor-element-fc26277 e-flex e-con-boxed e-con e-parent\" data-id=\"fc26277\" data-element_type=\"container\" data-e-type=\"container\">\n\t\t\t\t\t<div class=\"e-con-inner\">\n\t\t\t\t<div class=\"elementor-element elementor-element-d9a889f elementor-invisible elementor-widget elementor-widget-testimonial\" data-id=\"d9a889f\" data-element_type=\"widget\" data-e-type=\"widget\" data-settings=\"{&quot;_animation&quot;:&quot;rotateInUpRight&quot;}\" data-widget_type=\"testimonial.default\">\n\t\t\t\t\t\t\t<div class=\"elementor-testimonial-wrapper\">\n\t\t\t\t\t\t\t<div class=\"elementor-testimonial-content\">\"La primera clave para poder aspirar a adquirir una casa en Estados Unidos es cuidar el cr\u00e9dito. Pagar la tarjeta a tiempo, completa, por ejemplo es una forma de construir un buen cr\u00e9dito\".<\/div>\n\t\t\t\n\t\t\t\t\t\t<div class=\"elementor-testimonial-meta elementor-has-image elementor-testimonial-image-position-aside\">\n\t\t\t\t<div class=\"elementor-testimonial-meta-inner\">\n\t\t\t\t\t\t\t\t\t\t\t<div class=\"elementor-testimonial-image\">\n\t\t\t\t\t\t\t<img decoding=\"async\" width=\"657\" height=\"758\" src=\"https:\/\/soymigrante.com\/revista\/wp-content\/uploads\/2024\/12\/christtag-barrios-migrante-guatemalteca-4.webp\" class=\"attachment-full size-full wp-image-15531\" alt=\"Caballo y mujer con sombrero, sonrisa, naturaleza, aventura, vida al aire libre.\" title=\"Christtag Vasquez Cortez se traza altas metas pero a la vez nunca se olvida de sus ra\u00edces, por ello aspira a poder asesorar a familias hispanas o guatemaltecas en la adquisici\u00f3n de una vivienda en el \u00e1rea de Los Angeles. (Fotograf\u00eda instagram) \u2013 SoyMigrante.com REVISTA\" srcset=\"https:\/\/soymigrante.com\/revista\/wp-content\/uploads\/2024\/12\/christtag-barrios-migrante-guatemalteca-4.webp 657w, https:\/\/soymigrante.com\/revista\/wp-content\/uploads\/2024\/12\/christtag-barrios-migrante-guatemalteca-4-260x300.jpg 260w\" sizes=\"(max-width: 657px) 100vw, 657px\" \/>\t\t\t\t\t\t<\/div>\n\t\t\t\t\t\n\t\t\t\t\t\t\t\t\t\t<div class=\"elementor-testimonial-details\">\n\t\t\t\t\t\t\t\t\t\t\t\t\t\t<div class=\"elementor-testimonial-name\">Christtag V. Cortez<\/div>\n\t\t\t\t\t\t\t\t\t\t\t\t\t\t\t\t\t\t\t\t\t\t<div class=\"elementor-testimonial-job\">Guatemalteca, experta en bienes ra\u00edces,\nradicada en Los Angeles.<\/div>\n\t\t\t\t\t\t\t\t\t\t\t\t\t<\/div>\n\t\t\t\t\t\t\t\t\t<\/div>\n\t\t\t<\/div>\n\t\t\t\t\t<\/div>\n\t\t\t\t\t\t<\/div>\n\t\t\t\t\t<\/div>\n\t\t\t\t<\/div>\n\t\t<div data-particle_enable=\"false\" data-particle-mobile-disabled=\"false\" class=\"elementor-element elementor-element-203cefb e-flex e-con-boxed e-con e-parent\" data-id=\"203cefb\" data-element_type=\"container\" data-e-type=\"container\">\n\t\t\t\t\t<div class=\"e-con-inner\">\n\t\t\t\t<div class=\"elementor-element elementor-element-4427c9d elementor-widget elementor-widget-heading\" data-id=\"4427c9d\" data-element_type=\"widget\" data-e-type=\"widget\" data-widget_type=\"heading.default\">\n\t\t\t\t\t<h3 class=\"elementor-heading-title elementor-size-default\">Objetivos y claves de experta<\/h3>\t\t\t\t<\/div>\n\t\t\t\t\t<\/div>\n\t\t\t\t<\/div>\n\t\t<div data-particle_enable=\"false\" data-particle-mobile-disabled=\"false\" class=\"elementor-element elementor-element-f615562 e-flex e-con-boxed e-con e-parent\" data-id=\"f615562\" data-element_type=\"container\" data-e-type=\"container\">\n\t\t\t\t\t<div class=\"e-con-inner\">\n\t\t\t\t<div class=\"elementor-element elementor-element-2e8acdc elementor-widget elementor-widget-text-editor\" data-id=\"2e8acdc\" data-element_type=\"widget\" data-e-type=\"widget\" data-widget_type=\"text-editor.default\">\n\t\t\t\t\t\t\t\t\t<p><span style=\"color: var( --e-global-color-text ); text-align: var(--text-align);\">&#8220;Me encantar\u00eda poder ayudar m\u00e1s a familias que compran por primera vez una casa, para saber elegirla y asesorarlos. Lograr un buen trato depende si se va a comprar en efectivo o a financiar. Si se va a financiar necesitamos su historial de trabajo y su registro de cr\u00e9dito&#8221;.<\/span><\/p><p>Y la pregunta se hace inevitable: <a href=\"https:\/\/soymigrante.com\/revista\/consejos-de-experto-a-migrantes-para-mejorar-ingresos\/\">\u00bfQu\u00e9 consejo da para tener un buen &#8220;cr\u00e9dito&#8221;?<\/a><\/p><p>&#8220;S\u00ed, la principal ser\u00eda si tienen tarjetas de cr\u00e9dito que las paguen en total cada mes. Porque a veces la gente cree que porque hago mis pagos cada mes, pero siguen dejando saldo. Eso no ayuda. Paguen completo y la vuelven a usar. As\u00ed construye un buen cr\u00e9dito&#8221;<\/p><p>&#8220;Otro consejo: Antes de que quieran comprar una casa, qno agarren carro, ni hagan ning\u00fan pr\u00e9stamo demasiado grande&#8221;\u00a0<\/p>\t\t\t\t\t\t\t\t<\/div>\n\t\t\t\t\t<\/div>\n\t\t\t\t<\/div>\n\t\t<div data-particle_enable=\"false\" data-particle-mobile-disabled=\"false\" class=\"elementor-element elementor-element-eb504d1 e-flex e-con-boxed e-con e-parent\" data-id=\"eb504d1\" data-element_type=\"container\" data-e-type=\"container\">\n\t\t\t\t\t<div class=\"e-con-inner\">\n\t\t\t\t<div class=\"elementor-element elementor-element-dc1cdaa elementor-widget elementor-widget-image\" data-id=\"dc1cdaa\" data-element_type=\"widget\" data-e-type=\"widget\" data-widget_type=\"image.default\">\n\t\t\t\t\t\t\t\t\t\t\t\t<figure class=\"wp-caption\">\n\t\t\t\t\t\t\t\t\t\t<img loading=\"lazy\" decoding=\"async\" width=\"768\" height=\"768\" src=\"https:\/\/soymigrante.com\/revista\/wp-content\/uploads\/2024\/12\/christtag-barrios-migrante-guatemalteca-1.webp\" class=\"attachment-large size-large wp-image-15525\" alt=\"Campesina en la cima de un volc\u00e1n con bandera de Guatemala, s\u00edmbolo de lucha y orgullo ind\u00edgena, en un paisaje volc\u00e1nico y monta\u00f1oso, en el contexto de la Revista SoyMigrante.com.\" srcset=\"https:\/\/soymigrante.com\/revista\/wp-content\/uploads\/2024\/12\/christtag-barrios-migrante-guatemalteca-1.webp 905w, https:\/\/soymigrante.com\/revista\/wp-content\/uploads\/2024\/12\/christtag-barrios-migrante-guatemalteca-1-300x300.jpg 300w, https:\/\/soymigrante.com\/revista\/wp-content\/uploads\/2024\/12\/christtag-barrios-migrante-guatemalteca-1-150x150.jpg 150w, https:\/\/soymigrante.com\/revista\/wp-content\/uploads\/2024\/12\/christtag-barrios-migrante-guatemalteca-1-768x768.jpg 768w, https:\/\/soymigrante.com\/revista\/wp-content\/uploads\/2024\/12\/christtag-barrios-migrante-guatemalteca-1-75x75.webp 75w, https:\/\/soymigrante.com\/revista\/wp-content\/uploads\/2024\/12\/christtag-barrios-migrante-guatemalteca-1-750x750.webp 750w\" sizes=\"(max-width: 768px) 100vw, 768px\" title=\"Cada a\u00f1o, Christtag pasa d\u00edas de descanso en Guatemala, pa\u00eds que ama y extra\u00f1a, sobre todo por sus paisajes y tambi\u00e9n por los sabores de su comida. (Foto Instagram) \u2013 SoyMigrante.com REVISTA\" \/>\t\t\t\t\t\t\t\t\t\t\t<figcaption class=\"widget-image-caption wp-caption-text\">Mujer ind\u00edgena en la cumbre de un volc\u00e1n con bandera guatemalteca, representando la identidad y resistencia de las comunidades originarias en Guatemala, en un escenario natural volc\u00e1nico, en la Revista SoyMigrante.com.<\/figcaption>\n\t\t\t\t\t\t\t\t\t\t<\/figure>\n\t\t\t\t\t\t\t\t\t<\/div>\n\t\t\t\t\t<\/div>\n\t\t\t\t<\/div>\n\t\t<div data-particle_enable=\"false\" data-particle-mobile-disabled=\"false\" class=\"elementor-element elementor-element-fd2c8c8 e-flex e-con-boxed e-con e-parent\" data-id=\"fd2c8c8\" data-element_type=\"container\" data-e-type=\"container\">\n\t\t\t\t\t<div class=\"e-con-inner\">\n\t\t\t\t<div class=\"elementor-element elementor-element-72de914 elementor-widget elementor-widget-heading\" data-id=\"72de914\" data-element_type=\"widget\" data-e-type=\"widget\" data-widget_type=\"heading.default\">\n\t\t\t\t\t<h3 class=\"elementor-heading-title elementor-size-default\">\u00bfExtra\u00f1a a Guatemala?<\/h3>\t\t\t\t<\/div>\n\t\t\t\t\t<\/div>\n\t\t\t\t<\/div>\n\t\t<div data-particle_enable=\"false\" data-particle-mobile-disabled=\"false\" class=\"elementor-element elementor-element-0d17aa8 e-flex e-con-boxed e-con e-parent\" data-id=\"0d17aa8\" data-element_type=\"container\" data-e-type=\"container\">\n\t\t\t\t\t<div class=\"e-con-inner\">\n\t\t\t\t<div class=\"elementor-element elementor-element-f4b1c01 elementor-widget elementor-widget-text-editor\" data-id=\"f4b1c01\" data-element_type=\"widget\" data-e-type=\"widget\" data-widget_type=\"text-editor.default\">\n\t\t\t\t\t\t\t\t\t<p><span style=\"color: var( --e-global-color-text ); text-align: var(--text-align);\">\u00a0&#8220;Trato de regresar dos veces al a\u00f1o. Me he adaptado a USA, pero a\u00fan extra\u00f1o los desayunos guatemaltecos, con su sabor&#8221;. Y esto mismo la conduce a otro anhelo: &#8220;Me gustar\u00eda poder llevar mi negocio a Guatemala. Ser la ayuda para que migrantes guatemaltecos puedan comprar una buena propiedad en nuestro pa\u00eds&#8221;.<\/span><\/p>\t\t\t\t\t\t\t\t<\/div>\n\t\t\t\t\t<\/div>\n\t\t\t\t<\/div>\n\t\t<div data-particle_enable=\"false\" data-particle-mobile-disabled=\"false\" class=\"elementor-element elementor-element-8002421 e-flex e-con-boxed e-con e-parent\" data-id=\"8002421\" data-element_type=\"container\" data-e-type=\"container\">\n\t\t\t\t\t<div class=\"e-con-inner\">\n\t\t\t\t<div class=\"elementor-element elementor-element-cc812d4 elementor-widget elementor-widget-heading\" data-id=\"cc812d4\" data-element_type=\"widget\" data-e-type=\"widget\" data-widget_type=\"heading.default\">\n\t\t\t\t\t<h2 class=\"elementor-heading-title elementor-size-default\">Migrantes guatemaltecas de \u00e9xito<\/h2>\t\t\t\t<\/div>\n\t\t\t\t\t<\/div>\n\t\t\t\t<\/div>\n\t\t<div data-particle_enable=\"false\" data-particle-mobile-disabled=\"false\" class=\"elementor-element elementor-element-04dd990 e-flex e-con-boxed e-con e-parent\" data-id=\"04dd990\" data-element_type=\"container\" data-e-type=\"container\">\n\t\t\t\t\t<div class=\"e-con-inner\">\n\t\t\t\t<div class=\"elementor-element elementor-element-f9652f2 elementor-grid-eael-col-3 elementor-grid-tablet-eael-col-2 elementor-grid-mobile-eael-col-1 elementor-widget elementor-widget-eael-post-grid\" data-id=\"f9652f2\" data-element_type=\"widget\" data-e-type=\"widget\" data-settings=\"{&quot;eael_post_grid_columns&quot;:&quot;eael-col-3&quot;,&quot;eael_post_grid_columns_tablet&quot;:&quot;eael-col-2&quot;,&quot;eael_post_grid_columns_mobile&quot;:&quot;eael-col-1&quot;}\" data-widget_type=\"eael-post-grid.default\">\n\t\t\t\t\t<div id=\"eael-post-grid-f9652f2\" class=\"eael-post-grid-container\">\n            <div class=\"eael-post-grid eael-post-appender eael-post-appender-f9652f2 eael-post-grid-style-one\" data-layout-mode=\"masonry\"><article class=\"eael-grid-post  eael-post-grid-column eael-pg-post-4835 category-exitos\" data-id=\"4835\">\n        <div class=\"eael-grid-post-holder\">\n            <div class=\"eael-grid-post-holder-inner\"><div class=\"eael-entry-media\"><div class=\"eael-entry-overlay fade-in\"><i class=\"far fa-hand-pointer\" aria-hidden=\"true\"><\/i><a href=\"https:\/\/soymigrante.com\/revista\/migrante-guatemalteca-alejandra-cifuentes-asesoria-legal-fiscal-oklahoma\/\"><\/a><\/div><div class=\"eael-entry-thumbnail \">\n                <img loading=\"lazy\" decoding=\"async\" width=\"308\" height=\"319\" src=\"https:\/\/soymigrante.com\/revista\/wp-content\/uploads\/2024\/02\/WhatsApp-Image-2024-02-15-at-5.45.02-PM.webp\" class=\"attachment-large size-large wp-image-4926\" alt=\"Alejandra es la mayor de los cuatro hermanos migrantes Cifuentes.\" srcset=\"https:\/\/soymigrante.com\/revista\/wp-content\/uploads\/2024\/02\/WhatsApp-Image-2024-02-15-at-5.45.02-PM.webp 308w, https:\/\/soymigrante.com\/revista\/wp-content\/uploads\/2024\/02\/WhatsApp-Image-2024-02-15-at-5.45.02-PM-290x300.webp 290w\" sizes=\"(max-width: 308px) 100vw, 308px\" \/>\n            <\/div>\n        <\/div><div class=\"eael-entry-wrapper\"><header class=\"eael-entry-header\"><h2 class=\"eael-entry-title\"><a class=\"eael-grid-post-link\" href=\"https:\/\/soymigrante.com\/revista\/migrante-guatemalteca-alejandra-cifuentes-asesoria-legal-fiscal-oklahoma\/\" title=\"Hermanos migrantes: Alejandra Cifuentes, asesora fiscal, migratoria y de bienes ra\u00edces\">Hermanos migrantes: Alejandra Cifuentes, asesora fiscal, migratoria y de bienes ra\u00edces<\/a><\/h2><\/header><div class=\"eael-entry-content\">\n                        <div class=\"eael-grid-post-excerpt\"><a href=\"https:\/\/soymigrante.com\/revista\/migrante-guatemalteca-alejandra-cifuentes-asesoria-legal-fiscal-oklahoma\/\" class=\"eael-post-elements-readmore-btn\">CONOCE SU HISTORIA <\/a><\/div>\n                    <\/div><\/div><\/div>\n        <\/div>\n    <\/article><article class=\"eael-grid-post  eael-post-grid-column eael-pg-post-2709 category-exitos\" data-id=\"2709\">\n        <div class=\"eael-grid-post-holder\">\n            <div class=\"eael-grid-post-holder-inner\"><div class=\"eael-entry-media\"><div class=\"eael-entry-overlay fade-in\"><i class=\"far fa-hand-pointer\" aria-hidden=\"true\"><\/i><a href=\"https:\/\/soymigrante.com\/revista\/migrante-guatemalteca-claudia-hernandez-dignifica-a-la-mujer\/\"><\/a><\/div><div class=\"eael-entry-thumbnail \">\n                <img loading=\"lazy\" decoding=\"async\" width=\"1024\" height=\"660\" src=\"https:\/\/soymigrante.com\/revista\/wp-content\/uploads\/2023\/09\/clau-hern-1024x660.webp\" class=\"attachment-large size-large wp-image-2886\" alt=\"Claudia D. Hern\u00e1ndez, migrante y escritora guatemalteca.\" srcset=\"https:\/\/soymigrante.com\/revista\/wp-content\/uploads\/2023\/09\/clau-hern-1024x660.webp 1024w, https:\/\/soymigrante.com\/revista\/wp-content\/uploads\/2023\/09\/clau-hern-300x193.webp 300w, https:\/\/soymigrante.com\/revista\/wp-content\/uploads\/2023\/09\/clau-hern-768x495.webp 768w, https:\/\/soymigrante.com\/revista\/wp-content\/uploads\/2023\/09\/clau-hern-750x483.webp 750w, https:\/\/soymigrante.com\/revista\/wp-content\/uploads\/2023\/09\/clau-hern-1140x735.webp 1140w, https:\/\/soymigrante.com\/revista\/wp-content\/uploads\/2023\/09\/clau-hern.webp 1187w\" sizes=\"(max-width: 1024px) 100vw, 1024px\" \/>\n            <\/div>\n        <\/div><div class=\"eael-entry-wrapper\"><header class=\"eael-entry-header\"><h2 class=\"eael-entry-title\"><a class=\"eael-grid-post-link\" href=\"https:\/\/soymigrante.com\/revista\/migrante-guatemalteca-claudia-hernandez-dignifica-a-la-mujer\/\" title=\"Migrante guatemalteca Claudia D. Hern\u00e1ndez  dignifica a las mujeres con arte y poes\u00eda\">Migrante guatemalteca Claudia D. Hern\u00e1ndez  dignifica a las mujeres con arte y poes\u00eda<\/a><\/h2><\/header><div class=\"eael-entry-content\">\n                        <div class=\"eael-grid-post-excerpt\"><a href=\"https:\/\/soymigrante.com\/revista\/migrante-guatemalteca-claudia-hernandez-dignifica-a-la-mujer\/\" class=\"eael-post-elements-readmore-btn\">CONOCE SU HISTORIA <\/a><\/div>\n                    <\/div><\/div><\/div>\n        <\/div>\n    <\/article><article class=\"eael-grid-post  eael-post-grid-column eael-pg-post-2511 category-exitos\" data-id=\"2511\">\n        <div class=\"eael-grid-post-holder\">\n            <div class=\"eael-grid-post-holder-inner\"><div class=\"eael-entry-media\"><div class=\"eael-entry-overlay fade-in\"><i class=\"far fa-hand-pointer\" aria-hidden=\"true\"><\/i><a href=\"https:\/\/soymigrante.com\/revista\/migrante-guatemalteca-cory-tzul-emprendio-su-negocio-en-alabama-y-crea-empleo-en-toto\/\"><\/a><\/div><div class=\"eael-entry-thumbnail \">\n                <img loading=\"lazy\" decoding=\"async\" width=\"508\" height=\"416\" src=\"https:\/\/soymigrante.com\/revista\/wp-content\/uploads\/2023\/09\/Captura-de-pantalla-2023-09-09-131440.webp\" class=\"attachment-large size-large wp-image-2531\" alt=\"\" srcset=\"https:\/\/soymigrante.com\/revista\/wp-content\/uploads\/2023\/09\/Captura-de-pantalla-2023-09-09-131440.webp 508w, https:\/\/soymigrante.com\/revista\/wp-content\/uploads\/2023\/09\/Captura-de-pantalla-2023-09-09-131440-300x246.webp 300w\" sizes=\"(max-width: 508px) 100vw, 508px\" \/>\n            <\/div>\n        <\/div><div class=\"eael-entry-wrapper\"><header class=\"eael-entry-header\"><h2 class=\"eael-entry-title\"><a class=\"eael-grid-post-link\" href=\"https:\/\/soymigrante.com\/revista\/migrante-guatemalteca-cory-tzul-emprendio-su-negocio-en-alabama-y-crea-empleo-en-toto\/\" title=\"Migrante guatemalteca Cori Tzul emprendi\u00f3  negocio en Alabama y genera empleo en su natal  Totonicap\u00e1n\">Migrante guatemalteca Cori Tzul emprendi\u00f3  negocio en Alabama y genera empleo en su natal  Totonicap\u00e1n<\/a><\/h2><\/header><div class=\"eael-entry-content\">\n                        <div class=\"eael-grid-post-excerpt\"><a href=\"https:\/\/soymigrante.com\/revista\/migrante-guatemalteca-cory-tzul-emprendio-su-negocio-en-alabama-y-crea-empleo-en-toto\/\" class=\"eael-post-elements-readmore-btn\">CONOCE SU HISTORIA <\/a><\/div>\n                    <\/div><\/div><\/div>\n        <\/div>\n    <\/article><\/div>\n            <div class=\"clearfix\"><\/div>\n        <\/div>\t\t\t\t<\/div>\n\t\t\t\t\t<\/div>\n\t\t\t\t<\/div>\n\t\t\t\t<\/div>\n\t\t","protected":false},"excerpt":{"rendered":"<p>Christtag Cortez reside en Los Angeles, California, en donde labora en la venta de casas y propiedades, un sector al que lleg\u00f3 gracias a Youtube. Ahora su aspiraci\u00f3n es llegar a tener su propia compa\u00f1\u00eda. Lleg\u00f3 hace 13 a\u00f1os a EE.UU. cuando ella ten\u00eda 13 a\u00f1os. Esta es la historia. Cuando estaba en High School, [&hellip;]<\/p>\n","protected":false},"author":7,"featured_media":15525,"comment_status":"open","ping_status":"open","sticky":false,"template":"","format":"standard","meta":{"_acf_changed":false,"_eb_attr":"","footnotes":""},"categories":[50],"tags":[],"class_list":["post-15524","post","type-post","status-publish","format-standard","has-post-thumbnail","hentry","category-exitos"],"acf":[],"aioseo_notices":[],"aioseo_head":"\n\t\t<!-- All in One SEO Pro 4.9.6.2 - aioseo.com -->\n\t<meta name=\"description\" content=\"Madre, hija, migrante emprendedora, Cori Tzul lleg\u00f3 a Estados Unidos hace 25 a\u00f1os, trabaj\u00f3 en restaurantes pero hace 10 a\u00f1os sigui\u00f3 el consejo de su mam\u00e1: &quot;Inicia tu negocio propio en el pa\u00eds de la oportunidad&quot;. Y avanza... Cori se puso muy nerviosa para la entrevista. Pero lo hizo muy bien. Es originaria de la Hace una d\u00e9cada la migrante guatemalteca Cory Tzul empez\u00f3 a vender textiles mayas en Alabama, los cuales son elaborados en un taller familiar en Totonicap\u00e1n.\" \/>\n\t<meta name=\"robots\" content=\"max-snippet:-1, max-image-preview:large, max-video-preview:-1\" \/>\n\t<meta name=\"author\" content=\"Gustavo Montenegro\"\/>\n\t<link rel=\"canonical\" href=\"https:\/\/soymigrante.com\/revista\/migrante-guatemalteca-cory-tzul-emprendio-su-negocio-en-alabama-y-crea-empleo-en-toto\/\" \/>\n\t<meta name=\"generator\" content=\"All in One SEO Pro (AIOSEO) 4.9.6.2\" \/>\n\n\t\t<link rel=\"preconnect\" href=\"https:\/\/fonts.googleapis.com\" crossorigin>\n<link rel=\"preconnect\" href=\"https:\/\/fonts.gstatic.com\" crossorigin>\n\t\t<meta property=\"og:locale\" content=\"es_ES\" \/>\n\t\t<meta property=\"og:site_name\" content=\"SoyMigrante.com REVISTA \u2013 Nuestra misi\u00f3n es reconocer y dignificar al migrante.\" \/>\n\t\t<meta property=\"og:type\" content=\"article\" \/>\n\t\t<meta property=\"og:title\" content=\"Migrante guatemalteca Cori Tzul emprendi\u00f3 negocio en Alabama y genera empleo en su natal Totonicap\u00e1n\" \/>\n\t\t<meta property=\"og:description\" content=\"Madre, hija, migrante emprendedora, Cori Tzul lleg\u00f3 a Estados Unidos hace 25 a\u00f1os, trabaj\u00f3 en restaurantes pero hace 10 a\u00f1os sigui\u00f3 el consejo de su mam\u00e1: &quot;Inicia tu negocio propio en el pa\u00eds de la oportunidad&quot;. Y avanza... Cori se puso muy nerviosa para la entrevista. Pero lo hizo muy bien. Es originaria de la Hace una d\u00e9cada la migrante guatemalteca Cory Tzul empez\u00f3 a vender textiles mayas en Alabama, los cuales son elaborados en un taller familiar en Totonicap\u00e1n.\" \/>\n\t\t<meta property=\"og:url\" content=\"https:\/\/soymigrante.com\/revista\/migrante-guatemalteca-cory-tzul-emprendio-su-negocio-en-alabama-y-crea-empleo-en-toto\/\" \/>\n\t\t<meta property=\"og:image\" content=\"https:\/\/soymigrante.com\/revista\/wp-content\/uploads\/2023\/09\/Captura-de-pantalla-2023-09-09-131440.webp\" \/>\n\t\t<meta property=\"og:image:secure_url\" content=\"https:\/\/soymigrante.com\/revista\/wp-content\/uploads\/2023\/09\/Captura-de-pantalla-2023-09-09-131440.webp\" \/>\n\t\t<meta property=\"og:image:width\" content=\"508\" \/>\n\t\t<meta property=\"og:image:height\" content=\"416\" \/>\n\t\t<meta property=\"article:published_time\" content=\"2023-09-09T19:02:31+00:00\" \/>\n\t\t<meta property=\"article:modified_time\" content=\"2024-07-30T19:25:00+00:00\" \/>\n\t\t<meta property=\"article:publisher\" content=\"https:\/\/www.facebook.com\/soymigrantecom\" \/>\n\t\t<meta name=\"twitter:card\" content=\"summary_large_image\" \/>\n\t\t<meta name=\"twitter:site\" content=\"@SoyMigrante_com\" \/>\n\t\t<meta name=\"twitter:title\" content=\"Migrante guatemalteca Cori Tzul emprendi\u00f3 negocio en Alabama y genera empleo en su natal Totonicap\u00e1n\" \/>\n\t\t<meta name=\"twitter:description\" content=\"Madre, hija, migrante emprendedora, Cori Tzul lleg\u00f3 a Estados Unidos hace 25 a\u00f1os, trabaj\u00f3 en restaurantes pero hace 10 a\u00f1os sigui\u00f3 el consejo de su mam\u00e1: &quot;Inicia tu negocio propio en el pa\u00eds de la oportunidad&quot;. Y avanza... Cori se puso muy nerviosa para la entrevista. Pero lo hizo muy bien. Es originaria de la Hace una d\u00e9cada la migrante guatemalteca Cory Tzul empez\u00f3 a vender textiles mayas en Alabama, los cuales son elaborados en un taller familiar en Totonicap\u00e1n.\" \/>\n\t\t<meta name=\"twitter:creator\" content=\"@SoyMigrante_com\" \/>\n\t\t<meta name=\"twitter:image\" content=\"https:\/\/soymigrante.com\/revista\/wp-content\/uploads\/2023\/09\/Captura-de-pantalla-2023-09-09-131440.webp\" \/>\n\t\t<!-- All in One SEO Pro -->\r\n\t\t<title>Migrante guatemalteca Cori Tzul emprendi\u00f3 negocio en Alabama y genera empleo en su natal Totonicap\u00e1n<\/title>\n\n","aioseo_head_json":{"title":"Migrante guatemalteca Cori Tzul emprendi\u00f3 negocio en Alabama y genera empleo en su natal Totonicap\u00e1n","description":"Madre, hija, migrante emprendedora, Cori Tzul lleg\u00f3 a Estados Unidos hace 25 a\u00f1os, trabaj\u00f3 en restaurantes pero hace 10 a\u00f1os sigui\u00f3 el consejo de su mam\u00e1: \"Inicia tu negocio propio en el pa\u00eds de la oportunidad\". Y avanza... Cori se puso muy nerviosa para la entrevista. Pero lo hizo muy bien. Es originaria de la Hace una d\u00e9cada la migrante guatemalteca Cory Tzul empez\u00f3 a vender textiles mayas en Alabama, los cuales son elaborados en un taller familiar en Totonicap\u00e1n.","canonical_url":"https:\/\/soymigrante.com\/revista\/migrante-guatemalteca-cory-tzul-emprendio-su-negocio-en-alabama-y-crea-empleo-en-toto\/","robots":"max-snippet:-1, max-image-preview:large, max-video-preview:-1","keywords":"","webmasterTools":{"miscellaneous":"&lt;link rel=\"preconnect\" href=\"https:\/\/fonts.googleapis.com\" crossorigin&gt;\n&lt;link rel=\"preconnect\" href=\"https:\/\/fonts.gstatic.com\" crossorigin&gt;"},"schema":null,"og:locale":"es_ES","og:site_name":"SoyMigrante.com REVISTA \u2013 Nuestra misi\u00f3n es reconocer y dignificar al migrante.","og:type":"article","og:title":"Migrante guatemalteca Cori Tzul emprendi\u00f3 negocio en Alabama y genera empleo en su natal Totonicap\u00e1n","og:description":"Madre, hija, migrante emprendedora, Cori Tzul lleg\u00f3 a Estados Unidos hace 25 a\u00f1os, trabaj\u00f3 en restaurantes pero hace 10 a\u00f1os sigui\u00f3 el consejo de su mam\u00e1: &quot;Inicia tu negocio propio en el pa\u00eds de la oportunidad&quot;. Y avanza... Cori se puso muy nerviosa para la entrevista. Pero lo hizo muy bien. Es originaria de la Hace una d\u00e9cada la migrante guatemalteca Cory Tzul empez\u00f3 a vender textiles mayas en Alabama, los cuales son elaborados en un taller familiar en Totonicap\u00e1n.","og:url":"https:\/\/soymigrante.com\/revista\/migrante-guatemalteca-cory-tzul-emprendio-su-negocio-en-alabama-y-crea-empleo-en-toto\/","og:image":"https:\/\/soymigrante.com\/revista\/wp-content\/uploads\/2023\/09\/Captura-de-pantalla-2023-09-09-131440.webp","og:image:secure_url":"https:\/\/soymigrante.com\/revista\/wp-content\/uploads\/2023\/09\/Captura-de-pantalla-2023-09-09-131440.webp","og:image:width":508,"og:image:height":416,"article:published_time":"2023-09-09T19:02:31+00:00","article:modified_time":"2024-07-30T19:25:00+00:00","article:publisher":"https:\/\/www.facebook.com\/soymigrantecom","twitter:card":"summary_large_image","twitter:site":"@SoyMigrante_com","twitter:title":"Migrante guatemalteca Cori Tzul emprendi\u00f3 negocio en Alabama y genera empleo en su natal Totonicap\u00e1n","twitter:description":"Madre, hija, migrante emprendedora, Cori Tzul lleg\u00f3 a Estados Unidos hace 25 a\u00f1os, trabaj\u00f3 en restaurantes pero hace 10 a\u00f1os sigui\u00f3 el consejo de su mam\u00e1: &quot;Inicia tu negocio propio en el pa\u00eds de la oportunidad&quot;. Y avanza... Cori se puso muy nerviosa para la entrevista. Pero lo hizo muy bien. Es originaria de la Hace una d\u00e9cada la migrante guatemalteca Cory Tzul empez\u00f3 a vender textiles mayas en Alabama, los cuales son elaborados en un taller familiar en Totonicap\u00e1n.","twitter:creator":"@SoyMigrante_com","twitter:image":"https:\/\/soymigrante.com\/revista\/wp-content\/uploads\/2023\/09\/Captura-de-pantalla-2023-09-09-131440.webp"},"aioseo_meta_data":{"post_id":"15524","title":"Guatemalteca Christtag Cortez se abre paso en Bienes Ra\u00edces en LA","description":"Migrante guatemalteca Christtag V\u00e1squez vive en Los Angeles, vende casas para una prestigiosa firma de bienes ra\u00edces. Aqu\u00ed la historia como lleg\u00f3 a este negocio","keywords":null,"keyphrases":{"focus":{"keyphrase":"Guatemalteca","score":88,"analysis":{"keyphraseInTitle":{"score":9,"maxScore":9,"error":0},"keyphraseInDescription":{"score":9,"maxScore":9,"error":0},"keyphraseLength":{"score":9,"maxScore":9,"error":0,"length":1},"keyphraseInURL":{"score":1,"maxScore":5,"error":1}}},"additional":[{"keyphrase":"Migrante","score":100,"analysis":{"keyphraseInDescription":{"score":9,"maxScore":9,"error":0},"keyphraseLength":{"score":9,"maxScore":9,"error":0,"length":1}}},{"keyphrase":"Historia","score":100,"analysis":{"keyphraseInDescription":{"score":9,"maxScore":9,"error":0},"keyphraseLength":{"score":9,"maxScore":9,"error":0,"length":1}}},{"keyphrase":"Bienes ra\u00edces","score":100,"analysis":{"keyphraseInDescription":{"score":9,"maxScore":9,"error":0},"keyphraseLength":{"score":9,"maxScore":9,"error":0,"length":3}}}]},"primary_term":null,"canonical_url":null,"og_title":null,"og_description":null,"og_object_type":"default","og_image_type":"default","og_image_url":null,"og_image_width":null,"og_image_height":null,"og_image_custom_url":null,"og_image_custom_fields":null,"og_video":"","og_custom_url":null,"og_article_section":null,"og_article_tags":null,"twitter_use_og":false,"twitter_card":"default","twitter_image_type":"default","twitter_image_url":null,"twitter_image_custom_url":null,"twitter_image_custom_fields":null,"twitter_title":null,"twitter_description":null,"schema":{"blockGraphs":[],"customGraphs":[],"default":{"data":{"Article":[],"Course":[],"Dataset":[],"FAQPage":[],"Movie":[],"Person":[],"Product":[],"ProductReview":[],"Car":[],"Recipe":[],"Service":[],"SoftwareApplication":[],"WebPage":[]},"graphName":"Article","isEnabled":true},"graphs":[]},"schema_type":"default","schema_type_options":null,"pillar_content":false,"robots_default":true,"robots_noindex":false,"robots_noarchive":false,"robots_nosnippet":false,"robots_nofollow":false,"robots_noimageindex":false,"robots_noodp":false,"robots_notranslate":false,"robots_max_snippet":"-1","robots_max_videopreview":"-1","robots_max_imagepreview":"large","priority":null,"frequency":"default","local_seo":null,"seo_analyzer_scan_date":"2025-10-09 00:48:02","breadcrumb_settings":null,"limit_modified_date":false,"reviewed_by":null,"open_ai":"{\"title\":{\"suggestions\":[],\"usage\":0},\"description\":{\"suggestions\":[],\"usage\":0}}","ai":null,"created":"2024-12-05 15:46:36","updated":"2026-02-04 18:14:59"},"aioseo_breadcrumb":"<div class=\"aioseo-breadcrumbs\"><span class=\"aioseo-breadcrumb\">\n\t<a href=\"https:\/\/soymigrante.com\/revista\" title=\"Home\">Home<\/a>\n<\/span><span class=\"aioseo-breadcrumb-separator\">\u00bb<\/span><span class=\"aioseo-breadcrumb\">\n\t<a href=\"https:\/\/soymigrante.com\/revista\/category\/exitos\/\" title=\"\u00c9xitos\">\u00c9xitos<\/a>\n<\/span><span class=\"aioseo-breadcrumb-separator\">\u00bb<\/span><span class=\"aioseo-breadcrumb\">\n\tBienes ra\u00edces son la realidad y el sue\u00f1o de la guatemalteca Christtag V\u00e1squez Cortez\n<\/span><\/div>","aioseo_breadcrumb_json":[{"label":"Home","link":"https:\/\/soymigrante.com\/revista"},{"label":"\u00c9xitos","link":"https:\/\/soymigrante.com\/revista\/category\/exitos\/"},{"label":"Bienes ra\u00edces son la realidad y el sue\u00f1o de la guatemalteca Christtag V\u00e1squez Cortez","link":"https:\/\/soymigrante.com\/revista\/bienes-raices-son-la-realidad-y-el-sueno-de-la-guatemalteca-christtag-vasquez-cortez\/"}],"_links":{"self":[{"href":"https:\/\/soymigrante.com\/revista\/wp-json\/wp\/v2\/posts\/15524","targetHints":{"allow":["GET"]}}],"collection":[{"href":"https:\/\/soymigrante.com\/revista\/wp-json\/wp\/v2\/posts"}],"about":[{"href":"https:\/\/soymigrante.com\/revista\/wp-json\/wp\/v2\/types\/post"}],"author":[{"embeddable":true,"href":"https:\/\/soymigrante.com\/revista\/wp-json\/wp\/v2\/users\/7"}],"replies":[{"embeddable":true,"href":"https:\/\/soymigrante.com\/revista\/wp-json\/wp\/v2\/comments?post=15524"}],"version-history":[{"count":0,"href":"https:\/\/soymigrante.com\/revista\/wp-json\/wp\/v2\/posts\/15524\/revisions"}],"wp:featuredmedia":[{"embeddable":true,"href":"https:\/\/soymigrante.com\/revista\/wp-json\/wp\/v2\/media\/15525"}],"wp:attachment":[{"href":"https:\/\/soymigrante.com\/revista\/wp-json\/wp\/v2\/media?parent=15524"}],"wp:term":[{"taxonomy":"category","embeddable":true,"href":"https:\/\/soymigrante.com\/revista\/wp-json\/wp\/v2\/categories?post=15524"},{"taxonomy":"post_tag","embeddable":true,"href":"https:\/\/soymigrante.com\/revista\/wp-json\/wp\/v2\/tags?post=15524"}],"curies":[{"name":"wp","href":"https:\/\/api.w.org\/{rel}","templated":true}]}}