{"id":15454,"date":"2024-12-06T07:00:00","date_gmt":"2024-12-06T13:00:00","guid":{"rendered":"https:\/\/soymigrante.com\/revista\/?p=15454"},"modified":"2024-12-05T20:53:38","modified_gmt":"2024-12-06T02:53:38","slug":"la-flor-de-izote-es-un-exquisito-tesoro-gastronomico-de-guatemala","status":"publish","type":"post","link":"https:\/\/soymigrante.com\/revista\/la-flor-de-izote-es-un-exquisito-tesoro-gastronomico-de-guatemala\/","title":{"rendered":"La Flor de Izote es un exquisito tesoro gastron\u00f3mico de Guatemala"},"content":{"rendered":"\t\t<div data-elementor-type=\"wp-post\" data-elementor-id=\"15454\" class=\"elementor elementor-15454\" data-elementor-post-type=\"post\">\n\t\t\t\t<div data-particle_enable=\"false\" data-particle-mobile-disabled=\"false\" class=\"elementor-element elementor-element-dc293c9 e-flex e-con-boxed e-con e-parent\" data-id=\"dc293c9\" data-element_type=\"container\" data-e-type=\"container\">\n\t\t\t\t\t<div class=\"e-con-inner\">\n\t\t\t\t<div class=\"elementor-element elementor-element-d61e4b0 elementor-widget elementor-widget-heading\" data-id=\"d61e4b0\" data-element_type=\"widget\" data-e-type=\"widget\" data-widget_type=\"heading.default\">\n\t\t\t\t\t<h2 class=\"elementor-heading-title elementor-size-default\">La flor de izote, con su distintivo aroma y sabor, es mucho m\u00e1s que un ingrediente en Guatemala. A\u00f1ade aqu\u00ed tu texto de cabecera<\/h2>\t\t\t\t<\/div>\n\t\t\t\t\t<\/div>\n\t\t\t\t<\/div>\n\t\t<div data-particle_enable=\"false\" data-particle-mobile-disabled=\"false\" class=\"elementor-element elementor-element-70ca3cf e-flex e-con-boxed e-con e-parent\" data-id=\"70ca3cf\" data-element_type=\"container\" data-e-type=\"container\">\n\t\t\t\t\t<div class=\"e-con-inner\">\n\t\t\t\t<div class=\"elementor-element elementor-element-18c7c77 elementor-widget elementor-widget-text-editor\" data-id=\"18c7c77\" data-element_type=\"widget\" data-e-type=\"widget\" data-widget_type=\"text-editor.default\">\n\t\t\t\t\t\t\t\t\t<p>Esta flor, que florece en \u00e1rboles de la familia de las yucas, es s\u00edmbolo de tradiciones, creatividad culinaria y conexi\u00f3n con la tierra. Su relevancia va desde la cocina cotidiana hasta celebraciones especiales, convirti\u00e9ndola en <a href=\"https:\/\/soymigrante.com\/revista\/category\/guate-nuestra\/\" target=\"_blank\" rel=\"noopener\">un verdadero tesoro de la gastronom\u00eda guatemalteca.<\/a><\/p>\t\t\t\t\t\t\t\t<\/div>\n\t\t\t\t\t<\/div>\n\t\t\t\t<\/div>\n\t\t<div data-particle_enable=\"false\" data-particle-mobile-disabled=\"false\" class=\"elementor-element elementor-element-7bb4f3e e-flex e-con-boxed e-con e-parent\" data-id=\"7bb4f3e\" data-element_type=\"container\" data-e-type=\"container\">\n\t\t\t\t\t<div class=\"e-con-inner\">\n\t\t\t\t<div class=\"elementor-element elementor-element-7c84f95 elementor-widget elementor-widget-heading\" data-id=\"7c84f95\" data-element_type=\"widget\" data-e-type=\"widget\" data-widget_type=\"heading.default\">\n\t\t\t\t\t<h3 class=\"elementor-heading-title elementor-size-default\">Un ingrediente ancestral<\/h3>\t\t\t\t<\/div>\n\t\t\t\t\t<\/div>\n\t\t\t\t<\/div>\n\t\t<div data-particle_enable=\"false\" data-particle-mobile-disabled=\"false\" class=\"elementor-element elementor-element-dfce75b e-flex e-con-boxed e-con e-parent\" data-id=\"dfce75b\" data-element_type=\"container\" data-e-type=\"container\">\n\t\t\t\t\t<div class=\"e-con-inner\">\n\t\t\t\t<div class=\"elementor-element elementor-element-883b7c5 elementor-widget elementor-widget-text-editor\" data-id=\"883b7c5\" data-element_type=\"widget\" data-e-type=\"widget\" data-widget_type=\"text-editor.default\">\n\t\t\t\t\t\t\t\t\t<p>La flor de izote ha sido utilizada por generaciones como un alimento vers\u00e1til y nutritivo. Rica en prote\u00ednas, vitaminas y antioxidantes, su consumo tiene ra\u00edces en las culturas ind\u00edgenas, que reconoc\u00edan su valor como parte de una dieta balanceada. Adem\u00e1s, la flor se ha adaptado a diferentes platillos, <a href=\"https:\/\/soymigrante.com\/revista\/category\/guate-nuestra\/\" target=\"_blank\" rel=\"noopener\">mostrando c\u00f3mo la tradici\u00f3n y la innovaci\u00f3n pueden coexistir en la cocina guatemalteca.<\/a><\/p>\t\t\t\t\t\t\t\t<\/div>\n\t\t\t\t\t<\/div>\n\t\t\t\t<\/div>\n\t\t<div data-particle_enable=\"false\" data-particle-mobile-disabled=\"false\" class=\"elementor-element elementor-element-45b232e e-flex e-con-boxed e-con e-parent\" data-id=\"45b232e\" data-element_type=\"container\" data-e-type=\"container\">\n\t\t\t\t\t<div class=\"e-con-inner\">\n\t\t\t\t<div class=\"elementor-element elementor-element-006bc2b elementor-widget elementor-widget-video\" data-id=\"006bc2b\" data-element_type=\"widget\" data-e-type=\"widget\" data-settings=\"{&quot;youtube_url&quot;:&quot;https:\\\/\\\/www.youtube.com\\\/watch?v=OAVOOVskKAw&quot;,&quot;video_type&quot;:&quot;youtube&quot;,&quot;controls&quot;:&quot;yes&quot;}\" data-widget_type=\"video.default\">\n\t\t\t\t\t\t\t<div class=\"elementor-wrapper elementor-open-inline\">\n\t\t\t<div class=\"elementor-video\"><\/div>\t\t<\/div>\n\t\t\t\t\t\t<\/div>\n\t\t\t\t\t<\/div>\n\t\t\t\t<\/div>\n\t\t<div data-particle_enable=\"false\" data-particle-mobile-disabled=\"false\" class=\"elementor-element elementor-element-af88dff e-flex e-con-boxed e-con e-parent\" data-id=\"af88dff\" data-element_type=\"container\" data-e-type=\"container\">\n\t\t\t\t\t<div class=\"e-con-inner\">\n\t\t\t\t<div class=\"elementor-element elementor-element-0346224 elementor-widget elementor-widget-heading\" data-id=\"0346224\" data-element_type=\"widget\" data-e-type=\"widget\" data-widget_type=\"heading.default\">\n\t\t\t\t\t<h3 class=\"elementor-heading-title elementor-size-default\">Recetas tradicionales con flor de izote<\/h3>\t\t\t\t<\/div>\n\t\t\t\t\t<\/div>\n\t\t\t\t<\/div>\n\t\t<div data-particle_enable=\"false\" data-particle-mobile-disabled=\"false\" class=\"elementor-element elementor-element-5cd477e e-flex e-con-boxed e-con e-parent\" data-id=\"5cd477e\" data-element_type=\"container\" data-e-type=\"container\">\n\t\t\t\t\t<div class=\"e-con-inner\">\n\t\t\t\t<div class=\"elementor-element elementor-element-f119675 elementor-widget elementor-widget-text-editor\" data-id=\"f119675\" data-element_type=\"widget\" data-e-type=\"widget\" data-widget_type=\"text-editor.default\">\n\t\t\t\t\t\t\t\t\t<div><strong>Algunas de las recetas m\u00e1s queridas en Guatemala incluyen:<\/strong><\/div><div>\u00a0<\/div><div><strong>\u2022Flor de izote con huevo:<\/strong> Una preparaci\u00f3n sencilla y nutritiva. La flor se limpia cuidadosamente, se hierve para quitarle su amargor natural y luego se sofr\u00ede con huevo batido. <a href=\"https:\/\/soymigrante.com\/revista\/category\/guate-nuestra\/\" target=\"_blank\" rel=\"noopener\">Este platillo es un desayuno t\u00edpico en muchas regiones del pa\u00eds.<\/a><\/div><div>\u00a0<\/div><div><strong>\u2022Flor de izote en caldo:<\/strong> Se utiliza como ingrediente principal en sopas ligeras que destacan su sabor natural. En este platillo, se combina con hierbas arom\u00e1ticas como el cilantro y se sirve con tortillas reci\u00e9n hechas.<\/div><div>\u00a0<\/div><div><strong>\u2022Flor de izote rellena:<\/strong> Una receta m\u00e1s elaborada donde la flor se rellena con carne molida o queso, se empaniza y se fr\u00ede. Esta versi\u00f3n se disfruta en ocasiones especiales y refleja la creatividad de la cocina guatemalteca.<\/div><div>\u00a0<\/div><div><strong>\u2022Flor de izote en tamales:<\/strong> En algunas regiones, la flor de izote se incorpora a tamales de masa de ma\u00edz, agregando una textura suave y un sabor distintivo.<\/div>\t\t\t\t\t\t\t\t<\/div>\n\t\t\t\t\t<\/div>\n\t\t\t\t<\/div>\n\t\t<div data-particle_enable=\"false\" data-particle-mobile-disabled=\"false\" class=\"elementor-element elementor-element-fea8fea e-flex e-con-boxed e-con e-parent\" data-id=\"fea8fea\" data-element_type=\"container\" data-e-type=\"container\">\n\t\t\t\t\t<div class=\"e-con-inner\">\n\t\t\t\t<div class=\"elementor-element elementor-element-e298bb6 elementor-widget elementor-widget-video\" data-id=\"e298bb6\" data-element_type=\"widget\" data-e-type=\"widget\" data-settings=\"{&quot;youtube_url&quot;:&quot;https:\\\/\\\/www.youtube.com\\\/watch?v=0HIZxtxq8GY&quot;,&quot;video_type&quot;:&quot;youtube&quot;,&quot;controls&quot;:&quot;yes&quot;}\" data-widget_type=\"video.default\">\n\t\t\t\t\t\t\t<div class=\"elementor-wrapper elementor-open-inline\">\n\t\t\t<div class=\"elementor-video\"><\/div>\t\t<\/div>\n\t\t\t\t\t\t<\/div>\n\t\t\t\t\t<\/div>\n\t\t\t\t<\/div>\n\t\t<div data-particle_enable=\"false\" data-particle-mobile-disabled=\"false\" class=\"elementor-element elementor-element-9912b26 e-flex e-con-boxed e-con e-parent\" data-id=\"9912b26\" data-element_type=\"container\" data-e-type=\"container\">\n\t\t\t\t\t<div class=\"e-con-inner\">\n\t\t\t\t<div class=\"elementor-element elementor-element-b4fc9bb elementor-widget elementor-widget-heading\" data-id=\"b4fc9bb\" data-element_type=\"widget\" data-e-type=\"widget\" data-widget_type=\"heading.default\">\n\t\t\t\t\t<h3 class=\"elementor-heading-title elementor-size-default\">Un s\u00edmbolo de tradici\u00f3n y conexi\u00f3n con la tierra<\/h3>\t\t\t\t<\/div>\n\t\t\t\t\t<\/div>\n\t\t\t\t<\/div>\n\t\t<div data-particle_enable=\"false\" data-particle-mobile-disabled=\"false\" class=\"elementor-element elementor-element-0d3ae04 e-flex e-con-boxed e-con e-parent\" data-id=\"0d3ae04\" data-element_type=\"container\" data-e-type=\"container\">\n\t\t\t\t\t<div class=\"e-con-inner\">\n\t\t\t\t<div class=\"elementor-element elementor-element-2b4bd03 elementor-widget elementor-widget-text-editor\" data-id=\"2b4bd03\" data-element_type=\"widget\" data-e-type=\"widget\" data-widget_type=\"text-editor.default\">\n\t\t\t\t\t\t\t\t\t<p><a href=\"https:\/\/soymigrante.com\/revista\/category\/guate-nuestra\/\" target=\"_blank\" rel=\"noopener\">La recolecci\u00f3n de la flor de izote se convierte en una actividad familiar en muchas comunidades.<\/a> <br \/>Durante la temporada de cosecha, familias enteras se organizan para recoger las flores en los campos y bosques, manteniendo viva una tradici\u00f3n que no solo alimenta, sino que tambi\u00e9n une a las personas.<\/p><p>En algunas comunidades, la flor de izote tiene un significado espiritual. Se relaciona con el ciclo de la vida, ya que su cosecha marca el cambio de estaciones.<\/p><p>Tambi\u00e9n es un recordatorio de la importancia de cuidar los recursos naturales, ya que la planta de izote tiene un rol fundamental en la preservaci\u00f3n del suelo y el ecosistema local.<\/p>\t\t\t\t\t\t\t\t<\/div>\n\t\t\t\t\t<\/div>\n\t\t\t\t<\/div>\n\t\t<div data-particle_enable=\"false\" data-particle-mobile-disabled=\"false\" class=\"elementor-element elementor-element-4df2681 e-flex e-con-boxed e-con e-parent\" data-id=\"4df2681\" data-element_type=\"container\" data-e-type=\"container\">\n\t\t\t\t\t<div class=\"e-con-inner\">\n\t\t\t\t<div class=\"elementor-element elementor-element-232bf59 elementor-widget elementor-widget-video\" data-id=\"232bf59\" data-element_type=\"widget\" data-e-type=\"widget\" data-settings=\"{&quot;youtube_url&quot;:&quot;https:\\\/\\\/www.youtube.com\\\/watch?v=fxYpIhqPjwM&quot;,&quot;video_type&quot;:&quot;youtube&quot;,&quot;controls&quot;:&quot;yes&quot;}\" data-widget_type=\"video.default\">\n\t\t\t\t\t\t\t<div class=\"elementor-wrapper elementor-open-inline\">\n\t\t\t<div class=\"elementor-video\"><\/div>\t\t<\/div>\n\t\t\t\t\t\t<\/div>\n\t\t\t\t\t<\/div>\n\t\t\t\t<\/div>\n\t\t<div data-particle_enable=\"false\" data-particle-mobile-disabled=\"false\" class=\"elementor-element elementor-element-4eb7c38 e-flex e-con-boxed e-con e-parent\" data-id=\"4eb7c38\" data-element_type=\"container\" data-e-type=\"container\">\n\t\t\t\t\t<div class=\"e-con-inner\">\n\t\t\t\t<div class=\"elementor-element elementor-element-7b63aa3 elementor-widget elementor-widget-heading\" data-id=\"7b63aa3\" data-element_type=\"widget\" data-e-type=\"widget\" data-widget_type=\"heading.default\">\n\t\t\t\t\t<h3 class=\"elementor-heading-title elementor-size-default\">La flor de izote como identidad guatemalteca<\/h3>\t\t\t\t<\/div>\n\t\t\t\t\t<\/div>\n\t\t\t\t<\/div>\n\t\t<div data-particle_enable=\"false\" data-particle-mobile-disabled=\"false\" class=\"elementor-element elementor-element-70d9d08 e-flex e-con-boxed e-con e-parent\" data-id=\"70d9d08\" data-element_type=\"container\" data-e-type=\"container\">\n\t\t\t\t\t<div class=\"e-con-inner\">\n\t\t\t\t<div class=\"elementor-element elementor-element-2d93304 elementor-widget elementor-widget-text-editor\" data-id=\"2d93304\" data-element_type=\"widget\" data-e-type=\"widget\" data-widget_type=\"text-editor.default\">\n\t\t\t\t\t\t\t\t\t<p><a href=\"https:\/\/soymigrante.com\/revista\/category\/guate-nuestra\/\" target=\"_blank\" rel=\"noopener\">En el coraz\u00f3n de la gastronom\u00eda guatemalteca<\/a>, la flor de izote no solo satisface el paladar, sino que tambi\u00e9n cuenta historias. Desde su preparaci\u00f3n en la cocina de las abuelas hasta su presencia en los mercados locales, esta flor es una muestra de c\u00f3mo la comida puede ser un puente entre el pasado y el presente.<\/p><p>En un mundo donde las tradiciones culinarias a menudo se ven amenazadas por la modernidad, la flor de izote sigue floreciendo, record\u00e1ndonos la riqueza de nuestra herencia y la importancia de mantenerla viva.<\/p>\t\t\t\t\t\t\t\t<\/div>\n\t\t\t\t\t<\/div>\n\t\t\t\t<\/div>\n\t\t<div data-particle_enable=\"false\" data-particle-mobile-disabled=\"false\" class=\"elementor-element elementor-element-14eaf4f e-flex e-con-boxed e-con e-parent\" data-id=\"14eaf4f\" data-element_type=\"container\" data-e-type=\"container\">\n\t\t\t\t\t<div class=\"e-con-inner\">\n\t\t\t\t<div class=\"elementor-element elementor-element-b3d1710 elementor-widget elementor-widget-heading\" data-id=\"b3d1710\" data-element_type=\"widget\" data-e-type=\"widget\" data-widget_type=\"heading.default\">\n\t\t\t\t\t<h2 class=\"elementor-heading-title elementor-size-default\">Te puede interesar...<\/h2>\t\t\t\t<\/div>\n\t\t\t\t\t<\/div>\n\t\t\t\t<\/div>\n\t\t<div data-particle_enable=\"false\" data-particle-mobile-disabled=\"false\" class=\"elementor-element elementor-element-f3675ea e-flex e-con-boxed e-con e-parent\" data-id=\"f3675ea\" data-element_type=\"container\" data-e-type=\"container\">\n\t\t\t\t\t<div class=\"e-con-inner\">\n\t\t\t\t<div class=\"elementor-element elementor-element-134fb6a elementor-widget elementor-widget-blfe-post-grid\" data-id=\"134fb6a\" data-element_type=\"widget\" data-e-type=\"widget\" data-settings=\"{&quot;columns&quot;:&quot;3&quot;,&quot;columns_tablet&quot;:&quot;6&quot;,&quot;columns_mobile&quot;:&quot;12&quot;,&quot;hero1_layout_column_gap&quot;:{&quot;unit&quot;:&quot;px&quot;,&quot;size&quot;:30,&quot;sizes&quot;:[]},&quot;hero1_layout_column_gap_tablet&quot;:{&quot;unit&quot;:&quot;px&quot;,&quot;size&quot;:&quot;&quot;,&quot;sizes&quot;:[]},&quot;hero1_layout_column_gap_mobile&quot;:{&quot;unit&quot;:&quot;px&quot;,&quot;size&quot;:&quot;&quot;,&quot;sizes&quot;:[]},&quot;hero1_layout_row_gap&quot;:{&quot;unit&quot;:&quot;px&quot;,&quot;size&quot;:30,&quot;sizes&quot;:[]},&quot;hero1_layout_row_gap_tablet&quot;:{&quot;unit&quot;:&quot;px&quot;,&quot;size&quot;:&quot;&quot;,&quot;sizes&quot;:[]},&quot;hero1_layout_row_gap_mobile&quot;:{&quot;unit&quot;:&quot;px&quot;,&quot;size&quot;:&quot;&quot;,&quot;sizes&quot;:[]}}\" data-widget_type=\"blfe-post-grid.hero1\">\n\t\t\t\t<div class=\"elementor-widget-container\">\n\t\t\t\t\t\n                        <div class=\"blfe-post-grid-container \">\n            \n                <div data-skin=\"hero1\" class=\"blfe-row blfe-posts-inner blfe-hero1 blfe-posts-inner blfe-col-3 blfe-col-tab-6 blfe-col-mob-12     \">\n                            <div class=\"blfe-post-grid-item\">\n            <div class=\"blfe-post-grid-item-inner blfe-modern-zoom\">\n                        <div class=\"blfe-post-grid-bg-image\">\n            <a class=\"blfe-post-grid-image-inner\" href=\"https:\/\/soymigrante.com\/revista\/actitud-v8-puede-ser-el-motor-del-exito\/\" title=\"Actitud V8 puede ser un poderoso motor del \u00e9xito\" rel=\"nofollow\" target=\"_blank\"><img decoding=\"async\" src=\"https:\/\/soymigrante.com\/revista\/wp-content\/uploads\/2023\/03\/4-MEJOR-ACTITUD-POSITIVA-FORD.webp\" alt=\"Actitud V8 puede ser un poderoso motor del \u00e9xito\"\/><\/a>        <\/div>\n                        <div class=\"blfe-post-grid-details\">\n                    <div class=\"blfe-post-grid-details-inner\">\n                        <span class=\"blfe-post-category\"><a href=\"https:\/\/soymigrante.com\/revista\/category\/bienestar\/\">Bienestar<\/a><\/span>                        <h3 class=\"blfe-post-grid-title\">\n            <a href=\"https:\/\/soymigrante.com\/revista\/actitud-v8-puede-ser-el-motor-del-exito\/\" title=\"Actitud V8 puede ser un poderoso motor del \u00e9xito\" rel=\"nofollow\" target=\"_blank\">Actitud V8 puede ser un poderoso motor del \u00e9xito<\/a>\n            <\/h3>                                                            <div class=\"blfe-post-grid-meta\">\n                <span class=\"blfe-post-grid-time\"><i class=\"fas fa-book-reader\"><\/i>3 Min read<\/span>            <\/div>\n                                                        <\/div>\n                <\/div>\n\n            <\/div>\n        <\/div>\n                <div class=\"blfe-post-grid-item\">\n            <div class=\"blfe-post-grid-item-inner blfe-modern-zoom\">\n                        <div class=\"blfe-post-grid-bg-image\">\n            <a class=\"blfe-post-grid-image-inner\" href=\"https:\/\/soymigrante.com\/revista\/con-amor\/\" title=\"Claves para superar la nostalgia migrante\" rel=\"nofollow\" target=\"_blank\"><img decoding=\"async\" src=\"https:\/\/soymigrante.com\/revista\/wp-content\/uploads\/2024\/01\/Claves-para-superar-la-nostalgia.webp\" alt=\"Claves para superar la nostalgia migrante\"\/><\/a>        <\/div>\n                        <div class=\"blfe-post-grid-details\">\n                    <div class=\"blfe-post-grid-details-inner\">\n                        <span class=\"blfe-post-category\"><a href=\"https:\/\/soymigrante.com\/revista\/category\/bienestar\/\">Bienestar<\/a><\/span>                        <h3 class=\"blfe-post-grid-title\">\n            <a href=\"https:\/\/soymigrante.com\/revista\/con-amor\/\" title=\"Claves para superar la nostalgia migrante\" rel=\"nofollow\" target=\"_blank\">Claves para superar la nostalgia migrante<\/a>\n            <\/h3>                                                            <div class=\"blfe-post-grid-meta\">\n                <span class=\"blfe-post-grid-time\"><i class=\"fas fa-book-reader\"><\/i>4 Min read<\/span>            <\/div>\n                                                        <\/div>\n                <\/div>\n\n            <\/div>\n        <\/div>\n                <div class=\"blfe-post-grid-item\">\n            <div class=\"blfe-post-grid-item-inner blfe-modern-zoom\">\n                        <div class=\"blfe-post-grid-bg-image\">\n            <a class=\"blfe-post-grid-image-inner\" href=\"https:\/\/soymigrante.com\/revista\/el-duelo-migratorio-existe-y-no-solo-es-uno-son-siete-los-duelos-del-migrante\/\" title=\"Duelo de distancia  es real pero se puede y se debe superar\" rel=\"nofollow\" target=\"_blank\"><img decoding=\"async\" src=\"https:\/\/soymigrante.com\/revista\/wp-content\/uploads\/2024\/01\/Duelo-de-distancia-es-real.webp\" alt=\"Duelo de distancia  es real pero se puede y se debe superar\"\/><\/a>        <\/div>\n                        <div class=\"blfe-post-grid-details\">\n                    <div class=\"blfe-post-grid-details-inner\">\n                        <span class=\"blfe-post-category\"><a href=\"https:\/\/soymigrante.com\/revista\/category\/bienestar\/\">Bienestar<\/a><\/span>                        <h3 class=\"blfe-post-grid-title\">\n            <a href=\"https:\/\/soymigrante.com\/revista\/el-duelo-migratorio-existe-y-no-solo-es-uno-son-siete-los-duelos-del-migrante\/\" title=\"Duelo de distancia  es real pero se puede y se debe superar\" rel=\"nofollow\" target=\"_blank\">Duelo de distancia  es real pero se puede y se debe superar<\/a>\n            <\/h3>                                                            <div class=\"blfe-post-grid-meta\">\n                <span class=\"blfe-post-grid-time\"><i class=\"fas fa-book-reader\"><\/i>4 Min read<\/span>            <\/div>\n                                                        <\/div>\n                <\/div>\n\n            <\/div>\n        <\/div>\n                        <\/div>\n\n                        <\/div>\n            \n                        <div class=\"blfe-post-footer\">\n                        <\/div>\n            \t\t\t\t<\/div>\n\t\t\t\t<\/div>\n\t\t\t\t\t<\/div>\n\t\t\t\t<\/div>\n\t\t\t\t<\/div>\n\t\t","protected":false},"excerpt":{"rendered":"<p>La flor de izote, con su distintivo aroma y sabor, es mucho m\u00e1s que un ingrediente en Guatemala. A\u00f1ade aqu\u00ed tu texto de cabecera Esta flor, que florece en \u00e1rboles de la familia de las yucas, es s\u00edmbolo de tradiciones, creatividad culinaria y conexi\u00f3n con la tierra. Su relevancia va desde la cocina cotidiana hasta [&hellip;]<\/p>\n","protected":false},"author":19,"featured_media":15456,"comment_status":"open","ping_status":"open","sticky":false,"template":"","format":"standard","meta":{"_acf_changed":false,"_eb_attr":"","footnotes":""},"categories":[58],"tags":[],"class_list":["post-15454","post","type-post","status-publish","format-standard","has-post-thumbnail","hentry","category-guate-nuestra"],"acf":[],"aioseo_notices":[],"aioseo_head":"\n\t\t<!-- All in One SEO Pro 4.9.6.2 - aioseo.com -->\n\t<meta name=\"description\" content=\"Toda persona que se traslada a vivir a una localidad distante de su lugar de origen o de habitual residencia...\" \/>\n\t<meta name=\"robots\" content=\"max-snippet:-1, max-image-preview:large, max-video-preview:-1\" \/>\n\t<meta name=\"author\" content=\"SoyMigrante.com REVISTA\"\/>\n\t<link rel=\"canonical\" href=\"https:\/\/soymigrante.com\/revista\/el-duelo-migratorio-existe-y-no-solo-es-uno-son-siete-los-duelos-del-migrante\/\" \/>\n\t<meta name=\"generator\" content=\"All in One SEO Pro (AIOSEO) 4.9.6.2\" \/>\n\n\t\t<link rel=\"preconnect\" href=\"https:\/\/fonts.googleapis.com\" crossorigin>\n<link rel=\"preconnect\" href=\"https:\/\/fonts.gstatic.com\" crossorigin>\n\t\t<meta property=\"og:locale\" content=\"es_ES\" \/>\n\t\t<meta property=\"og:site_name\" content=\"SoyMigrante.com REVISTA \u2013 Nuestra misi\u00f3n es reconocer y dignificar al migrante.\" \/>\n\t\t<meta property=\"og:type\" content=\"article\" \/>\n\t\t<meta property=\"og:title\" content=\"Duelo de distancia es real pero se puede y se debe superar\" \/>\n\t\t<meta property=\"og:description\" content=\"Toda persona que se traslada a vivir a una localidad distante de su lugar de origen o de habitual residencia...\" \/>\n\t\t<meta property=\"og:url\" content=\"https:\/\/soymigrante.com\/revista\/el-duelo-migratorio-existe-y-no-solo-es-uno-son-siete-los-duelos-del-migrante\/\" \/>\n\t\t<meta property=\"og:image\" content=\"https:\/\/soymigrante.com\/revista\/wp-content\/uploads\/2024\/01\/Duelo-de-distancia-es-real.webp\" \/>\n\t\t<meta property=\"og:image:secure_url\" content=\"https:\/\/soymigrante.com\/revista\/wp-content\/uploads\/2024\/01\/Duelo-de-distancia-es-real.webp\" \/>\n\t\t<meta property=\"og:image:width\" content=\"1024\" \/>\n\t\t<meta property=\"og:image:height\" content=\"1024\" \/>\n\t\t<meta property=\"article:published_time\" content=\"2023-05-26T00:42:37+00:00\" \/>\n\t\t<meta property=\"article:modified_time\" content=\"2024-06-25T22:34:59+00:00\" \/>\n\t\t<meta property=\"article:publisher\" content=\"https:\/\/www.facebook.com\/soymigrantecom\" \/>\n\t\t<meta name=\"twitter:card\" content=\"summary_large_image\" \/>\n\t\t<meta name=\"twitter:site\" content=\"@SoyMigrante_com\" \/>\n\t\t<meta name=\"twitter:title\" content=\"Duelo de distancia es real pero se puede y se debe superar\" \/>\n\t\t<meta name=\"twitter:description\" content=\"Toda persona que se traslada a vivir a una localidad distante de su lugar de origen o de habitual residencia...\" \/>\n\t\t<meta name=\"twitter:creator\" content=\"@SoyMigrante_com\" \/>\n\t\t<meta name=\"twitter:image\" content=\"https:\/\/soymigrante.com\/revista\/wp-content\/uploads\/2024\/01\/Duelo-de-distancia-es-real.webp\" \/>\n\t\t<!-- All in One SEO Pro -->\r\n\t\t<title>Duelo de distancia es real pero se puede y se debe superar<\/title>\n\n","aioseo_head_json":{"title":"Duelo de distancia es real pero se puede y se debe superar","description":"Toda persona que se traslada a vivir a una localidad distante de su lugar de origen o de habitual residencia...","canonical_url":"https:\/\/soymigrante.com\/revista\/el-duelo-migratorio-existe-y-no-solo-es-uno-son-siete-los-duelos-del-migrante\/","robots":"max-snippet:-1, max-image-preview:large, max-video-preview:-1","keywords":"","webmasterTools":{"miscellaneous":"&lt;link rel=\"preconnect\" href=\"https:\/\/fonts.googleapis.com\" crossorigin&gt;\n&lt;link rel=\"preconnect\" href=\"https:\/\/fonts.gstatic.com\" crossorigin&gt;"},"schema":null,"og:locale":"es_ES","og:site_name":"SoyMigrante.com REVISTA \u2013 Nuestra misi\u00f3n es reconocer y dignificar al migrante.","og:type":"article","og:title":"Duelo de distancia es real pero se puede y se debe superar","og:description":"Toda persona que se traslada a vivir a una localidad distante de su lugar de origen o de habitual residencia...","og:url":"https:\/\/soymigrante.com\/revista\/el-duelo-migratorio-existe-y-no-solo-es-uno-son-siete-los-duelos-del-migrante\/","og:image":"https:\/\/soymigrante.com\/revista\/wp-content\/uploads\/2024\/01\/Duelo-de-distancia-es-real.webp","og:image:secure_url":"https:\/\/soymigrante.com\/revista\/wp-content\/uploads\/2024\/01\/Duelo-de-distancia-es-real.webp","og:image:width":1024,"og:image:height":1024,"article:published_time":"2023-05-26T00:42:37+00:00","article:modified_time":"2024-06-25T22:34:59+00:00","article:publisher":"https:\/\/www.facebook.com\/soymigrantecom","twitter:card":"summary_large_image","twitter:site":"@SoyMigrante_com","twitter:title":"Duelo de distancia es real pero se puede y se debe superar","twitter:description":"Toda persona que se traslada a vivir a una localidad distante de su lugar de origen o de habitual residencia...","twitter:creator":"@SoyMigrante_com","twitter:image":"https:\/\/soymigrante.com\/revista\/wp-content\/uploads\/2024\/01\/Duelo-de-distancia-es-real.webp"},"aioseo_meta_data":{"post_id":"15454","title":"Flor de Izote es ingrediente de la gastronom\u00eda guatemalteca","description":"La flor de izote, con su distintivo aroma y sabor, constituye un aut\u00e9ntico tesoro de sabor y nutrici\u00f3n. A menudo es posible verla en campos y pueblos del pa\u00eds.","keywords":null,"keyphrases":{"focus":{"keyphrase":"Guatemala","score":43,"analysis":{"keyphraseInTitle":{"score":3,"maxScore":9,"error":1},"keyphraseInDescription":{"score":3,"maxScore":9,"error":1},"keyphraseLength":{"score":9,"maxScore":9,"error":0,"length":1},"keyphraseInURL":{"score":5,"maxScore":5,"error":0},"keyphraseInIntroduction":{"score":3,"maxScore":9,"error":1},"keyphraseInSubHeadings":{"score":3,"maxScore":9,"error":1},"keyphraseInImageAlt":{"score":3,"maxScore":9,"error":1},"keywordDensity":{"score":0,"type":"low","maxScore":9,"error":1}}},"additional":[{"keyphrase":"Flor","score":67,"analysis":{"keyphraseInDescription":{"score":9,"maxScore":9,"error":0},"keyphraseLength":{"score":9,"maxScore":9,"error":0,"length":1},"keyphraseInIntroduction":{"score":9,"maxScore":9,"error":0},"keyphraseInImageAlt":{"score":3,"maxScore":9,"error":1},"keywordDensity":{"type":"high","score":0,"maxScore":9,"error":1}}},{"keyphrase":"izote","score":73,"analysis":{"keyphraseInDescription":{"score":9,"maxScore":9,"error":0},"keyphraseLength":{"score":9,"maxScore":9,"error":0,"length":1},"keyphraseInIntroduction":{"score":3,"maxScore":9,"error":1},"keyphraseInImageAlt":{"score":3,"maxScore":9,"error":1},"keywordDensity":{"type":"best","score":9,"maxScore":9,"error":0}}}]},"primary_term":null,"canonical_url":null,"og_title":null,"og_description":null,"og_object_type":"default","og_image_type":"default","og_image_url":null,"og_image_width":null,"og_image_height":null,"og_image_custom_url":null,"og_image_custom_fields":null,"og_video":"","og_custom_url":null,"og_article_section":null,"og_article_tags":null,"twitter_use_og":false,"twitter_card":"default","twitter_image_type":"default","twitter_image_url":null,"twitter_image_custom_url":null,"twitter_image_custom_fields":null,"twitter_title":null,"twitter_description":null,"schema":{"blockGraphs":[],"customGraphs":[],"default":{"data":{"Article":[],"Course":[],"Dataset":[],"FAQPage":[],"Movie":[],"Person":[],"Product":[],"ProductReview":[],"Car":[],"Recipe":[],"Service":[],"SoftwareApplication":[],"WebPage":[]},"graphName":"Article","isEnabled":true},"graphs":[]},"schema_type":"default","schema_type_options":null,"pillar_content":false,"robots_default":true,"robots_noindex":false,"robots_noarchive":false,"robots_nosnippet":false,"robots_nofollow":false,"robots_noimageindex":false,"robots_noodp":false,"robots_notranslate":false,"robots_max_snippet":"-1","robots_max_videopreview":"-1","robots_max_imagepreview":"large","priority":null,"frequency":"default","local_seo":null,"seo_analyzer_scan_date":"2025-10-09 00:49:14","breadcrumb_settings":null,"limit_modified_date":false,"reviewed_by":null,"open_ai":"{\"title\":{\"suggestions\":[],\"usage\":0},\"description\":{\"suggestions\":[],\"usage\":0}}","ai":null,"created":"2024-12-04 18:40:14","updated":"2026-02-04 18:18:22"},"aioseo_breadcrumb":"<div class=\"aioseo-breadcrumbs\"><span class=\"aioseo-breadcrumb\">\n\t<a href=\"https:\/\/soymigrante.com\/revista\" title=\"Home\">Home<\/a>\n<\/span><span class=\"aioseo-breadcrumb-separator\">\u00bb<\/span><span class=\"aioseo-breadcrumb\">\n\t<a href=\"https:\/\/soymigrante.com\/revista\/category\/guate-nuestra\/\" title=\"Guate Nuestra\">Guate Nuestra<\/a>\n<\/span><span class=\"aioseo-breadcrumb-separator\">\u00bb<\/span><span class=\"aioseo-breadcrumb\">\n\tLa Flor de Izote es un exquisito tesoro gastron\u00f3mico de Guatemala\n<\/span><\/div>","aioseo_breadcrumb_json":[{"label":"Home","link":"https:\/\/soymigrante.com\/revista"},{"label":"Guate Nuestra","link":"https:\/\/soymigrante.com\/revista\/category\/guate-nuestra\/"},{"label":"La Flor de Izote es un exquisito tesoro gastron\u00f3mico de Guatemala","link":"https:\/\/soymigrante.com\/revista\/la-flor-de-izote-es-un-exquisito-tesoro-gastronomico-de-guatemala\/"}],"_links":{"self":[{"href":"https:\/\/soymigrante.com\/revista\/wp-json\/wp\/v2\/posts\/15454","targetHints":{"allow":["GET"]}}],"collection":[{"href":"https:\/\/soymigrante.com\/revista\/wp-json\/wp\/v2\/posts"}],"about":[{"href":"https:\/\/soymigrante.com\/revista\/wp-json\/wp\/v2\/types\/post"}],"author":[{"embeddable":true,"href":"https:\/\/soymigrante.com\/revista\/wp-json\/wp\/v2\/users\/19"}],"replies":[{"embeddable":true,"href":"https:\/\/soymigrante.com\/revista\/wp-json\/wp\/v2\/comments?post=15454"}],"version-history":[{"count":0,"href":"https:\/\/soymigrante.com\/revista\/wp-json\/wp\/v2\/posts\/15454\/revisions"}],"wp:featuredmedia":[{"embeddable":true,"href":"https:\/\/soymigrante.com\/revista\/wp-json\/wp\/v2\/media\/15456"}],"wp:attachment":[{"href":"https:\/\/soymigrante.com\/revista\/wp-json\/wp\/v2\/media?parent=15454"}],"wp:term":[{"taxonomy":"category","embeddable":true,"href":"https:\/\/soymigrante.com\/revista\/wp-json\/wp\/v2\/categories?post=15454"},{"taxonomy":"post_tag","embeddable":true,"href":"https:\/\/soymigrante.com\/revista\/wp-json\/wp\/v2\/tags?post=15454"}],"curies":[{"name":"wp","href":"https:\/\/api.w.org\/{rel}","templated":true}]}}