{"id":15424,"date":"2024-12-11T07:30:00","date_gmt":"2024-12-11T13:30:00","guid":{"rendered":"https:\/\/soymigrante.com\/revista\/?p=15424"},"modified":"2025-05-12T18:18:47","modified_gmt":"2025-05-13T00:18:47","slug":"un-gran-sueno-en-coban-lleno-de-imaginacion-munecas-y-amor-por-la-cultura-maya-qeqchi","status":"publish","type":"post","link":"https:\/\/soymigrante.com\/revista\/un-gran-sueno-en-coban-lleno-de-imaginacion-munecas-y-amor-por-la-cultura-maya-qeqchi\/","title":{"rendered":"Un gran sue\u00f1o lleno de mu\u00f1ecas, creatividad y amor por la cultura q&#8217;eqchi&#8217; llega a MERCADO"},"content":{"rendered":"\t\t<div data-elementor-type=\"wp-post\" data-elementor-id=\"15424\" class=\"elementor elementor-15424\" data-elementor-post-type=\"post\">\n\t\t\t\t<div data-particle_enable=\"false\" data-particle-mobile-disabled=\"false\" class=\"elementor-element elementor-element-eb59f15 e-flex e-con-boxed e-con e-parent\" data-id=\"eb59f15\" data-element_type=\"container\" data-e-type=\"container\">\n\t\t\t\t\t<div class=\"e-con-inner\">\n\t\t\t\t<div class=\"elementor-element elementor-element-64f5fca elementor-widget elementor-widget-heading\" data-id=\"64f5fca\" data-element_type=\"widget\" data-e-type=\"widget\" data-widget_type=\"heading.default\">\n\t\t\t\t\t<h2 class=\"elementor-heading-title elementor-size-default\">Desde el coraz\u00f3n de Alta Verapaz, S\u00e9fora Dalila Putul Puac, una emprendedora maya q\u2019eqch\u00ed, transforma mu\u00f1ecas t\u00edpicas en embajadoras culturales. Conoce la historia de Mu\u00f1ecas y T\u00edpicos de Guatemala.<\/h2>\t\t\t\t<\/div>\n\t\t\t\t<div class=\"elementor-element elementor-element-330bd57 elementor-widget elementor-widget-text-editor\" data-id=\"330bd57\" data-element_type=\"widget\" data-e-type=\"widget\" data-widget_type=\"text-editor.default\">\n\t\t\t\t\t\t\t\t\t<p>En el coraz\u00f3n de Alta Verapaz, S\u00e9fora Dalila Putul Puac, una emprendedora maya q\u2019eqch\u00ed, ha encontrado en las mu\u00f1ecas t\u00edpicas una manera de representar su cultura, generar ingresos y compartir un pedacito de Guatemala con el mundo. Su proyecto, Mu\u00f1ecas y T\u00edpicos de Guatemala, naci\u00f3 hace seis a\u00f1os a partir de un pedido especial: alguien buscaba mu\u00f1ecas que representaran la indumentaria de Alta Verapaz.<\/p><p><a style=\"text-align: var(--text-align)\" href=\"https:\/\/soymigrante.com\/mercado\/marketplace\/seller\/profile\/munecasytipicosdeguatemala\" target=\"_blank\" rel=\"noopener\">Su tienda digital Mu\u00f1ecas y T\u00edpicos de Guatmala ya est\u00e1 abierta en SoyMigrante.com MERCADO<\/a>, la comunidad en l\u00ednea creada para que emprendedores y compradores guatemaltecos se encuentren: un proyecto activo, proactivo e innovador para peque\u00f1os negocios y creadores de productos elaborados a mano, detr\u00e1s de los cuales siempre hay una historia. Y esta es la historia de c\u00f3mo naci\u00f3 este emprendimiento de\u00a0<span style=\"font-family: Roboto, sans-serif;font-size: 16px;font-style: normal;font-weight: 400;color: var( --e-global-color-text );text-align: var(--text-align)\">S\u00e9fora Dalila Putul Puac.<\/span><\/p>\t\t\t\t\t\t\t\t<\/div>\n\t\t\t\t\t<\/div>\n\t\t\t\t<\/div>\n\t\t<div data-particle_enable=\"false\" data-particle-mobile-disabled=\"false\" class=\"elementor-element elementor-element-e52e655 e-flex e-con-boxed e-con e-parent\" data-id=\"e52e655\" data-element_type=\"container\" data-e-type=\"container\">\n\t\t\t\t\t<div class=\"e-con-inner\">\n\t\t\t\t<div class=\"elementor-element elementor-element-1586647 elementor-widget elementor-widget-image\" data-id=\"1586647\" data-element_type=\"widget\" data-e-type=\"widget\" data-widget_type=\"image.default\">\n\t\t\t\t\t\t\t\t\t\t\t\t\t\t\t\t<a href=\"https:\/\/soymigrante.com\/mercado\/marketplace\/seller\/profile\/munecasytipicosdeguatemala\">\n\t\t\t\t\t\t\t<img fetchpriority=\"high\" decoding=\"async\" width=\"768\" height=\"1024\" src=\"https:\/\/soymigrante.com\/revista\/wp-content\/uploads\/2024\/12\/sefora-768x1024.jpg\" class=\"attachment-large size-large wp-image-15459\" alt=\"Artesan\u00edas y cultura mexicana en feria con mujeres ind\u00edgenas vestidas con ropa tradicional y accesorios coloridos en evento cultural.\" srcset=\"https:\/\/soymigrante.com\/revista\/wp-content\/uploads\/2024\/12\/sefora-768x1024.jpg 768w, https:\/\/soymigrante.com\/revista\/wp-content\/uploads\/2024\/12\/sefora-225x300.jpg 225w, https:\/\/soymigrante.com\/revista\/wp-content\/uploads\/2024\/12\/sefora-1152x1536.jpg 1152w, https:\/\/soymigrante.com\/revista\/wp-content\/uploads\/2024\/12\/sefora-750x1000.webp 750w, https:\/\/soymigrante.com\/revista\/wp-content\/uploads\/2024\/12\/sefora-1140x1520.webp 1140w, https:\/\/soymigrante.com\/revista\/wp-content\/uploads\/2024\/12\/sefora.webp 1200w\" sizes=\"(max-width: 768px) 100vw, 768px\" title=\"sefora \u2013 SoyMigrante.com REVISTA\" \/>\t\t\t\t\t\t\t\t<\/a>\n\t\t\t\t\t\t\t\t\t\t\t\t\t\t\t<\/div>\n\t\t\t\t\t<\/div>\n\t\t\t\t<\/div>\n\t\t<div data-particle_enable=\"false\" data-particle-mobile-disabled=\"false\" class=\"elementor-element elementor-element-bd3b622 e-flex e-con-boxed e-con e-parent\" data-id=\"bd3b622\" data-element_type=\"container\" data-e-type=\"container\">\n\t\t\t\t\t<div class=\"e-con-inner\">\n\t\t\t\t<div class=\"elementor-element elementor-element-f247079 elementor-widget elementor-widget-heading\" data-id=\"f247079\" data-element_type=\"widget\" data-e-type=\"widget\" data-widget_type=\"heading.default\">\n\t\t\t\t\t<h3 class=\"elementor-heading-title elementor-size-default\">Un sue\u00f1o que naci\u00f3 de la necesidad\n<\/h3>\t\t\t\t<\/div>\n\t\t\t\t\t<\/div>\n\t\t\t\t<\/div>\n\t\t<div data-particle_enable=\"false\" data-particle-mobile-disabled=\"false\" class=\"elementor-element elementor-element-2c63f00 e-flex e-con-boxed e-con e-parent\" data-id=\"2c63f00\" data-element_type=\"container\" data-e-type=\"container\">\n\t\t\t\t\t<div class=\"e-con-inner\">\n\t\t\t\t<div class=\"elementor-element elementor-element-6097e12 elementor-widget elementor-widget-text-editor\" data-id=\"6097e12\" data-element_type=\"widget\" data-e-type=\"widget\" data-widget_type=\"text-editor.default\">\n\t\t\t\t\t\t\t\t\t<p>S\u00e9fora, madre soltera, vio en este pedido una oportunidad para sustentar a su hijo. \u201cMi hijo requer\u00eda mayor inversi\u00f3n, as\u00ed que me aventur\u00e9. Us\u00e9 la ropa de mi mam\u00e1 para las primeras mu\u00f1ecas y comenc\u00e9 a dise\u00f1arlas con materiales sencillos\u201d, recuerda.<\/p><p>A medida que crec\u00eda su inter\u00e9s, conoci\u00f3 personas que la guiaron y la animaron a participar en eventos\u00a0<a href=\"https:\/\/soymigrante.com\/revista\/rabin-ajau-2024-es-maya-tzutuil-de-san-juan-la-laguna-y-esto-dijo\/\" target=\"_blank\" rel=\"noopener\">folcl\u00f3ricos como el Rabin Ajaw<\/a>, lo que ampli\u00f3 su visi\u00f3n y conocimiento sobre las indumentarias mayas. Hoy, S\u00e9fora combina creatividad y tradici\u00f3n para dar vida a mu\u00f1ecas que no solo son productos decorativos, sino tambi\u00e9n s\u00edmbolos de identidad cultural.<\/p>\t\t\t\t\t\t\t\t<\/div>\n\t\t\t\t\t<\/div>\n\t\t\t\t<\/div>\n\t\t<div data-particle_enable=\"false\" data-particle-mobile-disabled=\"false\" class=\"elementor-element elementor-element-809787d e-flex e-con-boxed e-con e-parent\" data-id=\"809787d\" data-element_type=\"container\" data-e-type=\"container\">\n\t\t\t\t\t<div class=\"e-con-inner\">\n\t\t\t\t<div class=\"elementor-element elementor-element-8f4e861 elementor-widget elementor-widget-image\" data-id=\"8f4e861\" data-element_type=\"widget\" data-e-type=\"widget\" data-widget_type=\"image.default\">\n\t\t\t\t\t\t\t\t\t\t\t\t\t\t\t\t<a href=\"https:\/\/soymigrante.com\/mercado\/marketplace\/seller\/profile\/munecasytipicosdeguatemala\">\n\t\t\t\t\t\t\t<img decoding=\"async\" width=\"768\" height=\"382\" src=\"https:\/\/soymigrante.com\/revista\/wp-content\/uploads\/2024\/12\/Munecas-y-Tipicos-de-Guatemala-1024x509.jpg\" class=\"attachment-large size-large wp-image-15429\" alt=\"Artesan\u00edas tradicionales de Guatemala, incluyendo mu\u00f1ecas y t\u00edpicos, en alta calidad, ideales para regalar o decorar.\" srcset=\"https:\/\/soymigrante.com\/revista\/wp-content\/uploads\/2024\/12\/Munecas-y-Tipicos-de-Guatemala-1024x509.jpg 1024w, https:\/\/soymigrante.com\/revista\/wp-content\/uploads\/2024\/12\/Munecas-y-Tipicos-de-Guatemala-300x149.jpg 300w, https:\/\/soymigrante.com\/revista\/wp-content\/uploads\/2024\/12\/Munecas-y-Tipicos-de-Guatemala-768x382.jpg 768w, https:\/\/soymigrante.com\/revista\/wp-content\/uploads\/2024\/12\/Munecas-y-Tipicos-de-Guatemala-360x180.webp 360w, https:\/\/soymigrante.com\/revista\/wp-content\/uploads\/2024\/12\/Munecas-y-Tipicos-de-Guatemala-750x373.webp 750w, https:\/\/soymigrante.com\/revista\/wp-content\/uploads\/2024\/12\/Munecas-y-Tipicos-de-Guatemala-1140x566.webp 1140w, https:\/\/soymigrante.com\/revista\/wp-content\/uploads\/2024\/12\/Munecas-y-Tipicos-de-Guatemala.webp 1252w\" sizes=\"(max-width: 768px) 100vw, 768px\" title=\"Mu\u00f1ecas y Tipicos de Guatemala \u2013 SoyMigrante.com REVISTA\" \/>\t\t\t\t\t\t\t\t<\/a>\n\t\t\t\t\t\t\t\t\t\t\t\t\t\t\t<\/div>\n\t\t\t\t\t<\/div>\n\t\t\t\t<\/div>\n\t\t<div data-particle_enable=\"false\" data-particle-mobile-disabled=\"false\" class=\"elementor-element elementor-element-c477931 e-flex e-con-boxed e-con e-parent\" data-id=\"c477931\" data-element_type=\"container\" data-e-type=\"container\">\n\t\t\t\t\t<div class=\"e-con-inner\">\n\t\t\t\t<div class=\"elementor-element elementor-element-93e317e elementor-widget elementor-widget-heading\" data-id=\"93e317e\" data-element_type=\"widget\" data-e-type=\"widget\" data-widget_type=\"heading.default\">\n\t\t\t\t\t<h3 class=\"elementor-heading-title elementor-size-default\">El arte de vestir a las mu\u00f1ecas<\/h3>\t\t\t\t<\/div>\n\t\t\t\t\t<\/div>\n\t\t\t\t<\/div>\n\t\t<div data-particle_enable=\"false\" data-particle-mobile-disabled=\"false\" class=\"elementor-element elementor-element-1fd8ea5 e-flex e-con-boxed e-con e-parent\" data-id=\"1fd8ea5\" data-element_type=\"container\" data-e-type=\"container\">\n\t\t\t\t\t<div class=\"e-con-inner\">\n\t\t\t\t<div class=\"elementor-element elementor-element-b097bf7 elementor-widget elementor-widget-text-editor\" data-id=\"b097bf7\" data-element_type=\"widget\" data-e-type=\"widget\" data-widget_type=\"text-editor.default\">\n\t\t\t\t\t\t\t\t\t<p>Cada mu\u00f1eca es un homenaje a\u00a0<a href=\"https:\/\/soymigrante.com\/revista\/joyas-mayas-migrantes-ocarina-del-siglo-8-de-alta-verapaz-en-el-museo-de-arte-de-denver\/\" target=\"_blank\" rel=\"noopener\">la riqueza cultural de Alta Verapaz.<\/a>\u00a0S\u00e9fora confecciona las indumentarias con materiales originales, calculando con precisi\u00f3n la cantidad de tela que necesita para cada pieza. Entre sus procesos destacan el bordado a mano, la elaboraci\u00f3n del tocado para el cabello y la adaptaci\u00f3n cuidadosa de los trajes. \u201cVestir una mu\u00f1eca puede tomar entre dos y tres horas. Es un trabajo hecho al pulso, cosido y pegado con dedicaci\u00f3n\u201d, explica.<\/p><p>Adem\u00e1s de las mu\u00f1ecas, su emprendimiento ha evolucionado, integrando otros productos que reflejan la esencia de su cultura maya q\u2019eqch\u00ed.<\/p>\t\t\t\t\t\t\t\t<\/div>\n\t\t\t\t\t<\/div>\n\t\t\t\t<\/div>\n\t\t<div data-particle_enable=\"false\" data-particle-mobile-disabled=\"false\" class=\"elementor-element elementor-element-7e9e72a e-flex e-con-boxed e-con e-parent\" data-id=\"7e9e72a\" data-element_type=\"container\" data-e-type=\"container\">\n\t\t\t\t\t<div class=\"e-con-inner\">\n\t\t\t\t<div class=\"elementor-element elementor-element-be22bd5 elementor-arrows-position-inside elementor-pagination-position-outside elementor-widget elementor-widget-image-carousel\" data-id=\"be22bd5\" data-element_type=\"widget\" data-e-type=\"widget\" data-settings=\"{&quot;slides_to_show&quot;:&quot;1&quot;,&quot;navigation&quot;:&quot;both&quot;,&quot;autoplay&quot;:&quot;yes&quot;,&quot;pause_on_hover&quot;:&quot;yes&quot;,&quot;pause_on_interaction&quot;:&quot;yes&quot;,&quot;autoplay_speed&quot;:5000,&quot;infinite&quot;:&quot;yes&quot;,&quot;effect&quot;:&quot;slide&quot;,&quot;speed&quot;:500}\" data-widget_type=\"image-carousel.default\">\n\t\t\t\t\t\t\t<div class=\"elementor-image-carousel-wrapper swiper\" role=\"region\" aria-roledescription=\"carousel\" aria-label=\"Carrusel de im\u00e1genes\" dir=\"ltr\">\n\t\t\t<div class=\"elementor-image-carousel swiper-wrapper\" aria-live=\"off\">\n\t\t\t\t\t\t\t\t<div class=\"swiper-slide\" role=\"group\" aria-roledescription=\"slide\" aria-label=\"1 de 7\"><figure class=\"swiper-slide-inner\"><img decoding=\"async\" class=\"swiper-slide-image\" src=\"https:\/\/soymigrante.com\/revista\/wp-content\/uploads\/2024\/12\/munecas8-1024x966.jpg\" alt=\"Mu\u00f1eca artesanal con vestimenta tradicional, s\u00edmbolo de cultura y migraci\u00f3n en Am\u00e9rica Latina, destacando la identidad latina y temas de migrantes en la revista SoyMigrante.com REVISTA.\" \/><\/figure><\/div><div class=\"swiper-slide\" role=\"group\" aria-roledescription=\"slide\" aria-label=\"2 de 7\"><figure class=\"swiper-slide-inner\"><img decoding=\"async\" class=\"swiper-slide-image\" src=\"https:\/\/soymigrante.com\/revista\/wp-content\/uploads\/2024\/12\/munecas6-1024x1024.jpg\" alt=\"Barbie de inmigrantes con ropa tradicional guatemalteca, en exposici\u00f3n cultural, s\u00edmbolo de diversidad y comunidad en la revista SoyMigrante.com REVISTA.\" \/><\/figure><\/div><div class=\"swiper-slide\" role=\"group\" aria-roledescription=\"slide\" aria-label=\"3 de 7\"><figure class=\"swiper-slide-inner\"><img decoding=\"async\" class=\"swiper-slide-image\" src=\"https:\/\/soymigrante.com\/revista\/wp-content\/uploads\/2024\/12\/munecas5-940x1024.jpg\" alt=\"Mu\u00f1eca t\u00edpica de Guatemala con traje tradicional y accesorios culturales, representando la riqueza folcl\u00f3rica y la identidad de Guatemala.\" \/><\/figure><\/div><div class=\"swiper-slide\" role=\"group\" aria-roledescription=\"slide\" aria-label=\"4 de 7\"><figure class=\"swiper-slide-inner\"><img decoding=\"async\" class=\"swiper-slide-image\" src=\"https:\/\/soymigrante.com\/revista\/wp-content\/uploads\/2024\/12\/munecas7.webp\" alt=\"Artesan\u00edas y textiles tradicionales en puesto de mercado en la revista SoyMigrante.com REVISTA, resaltando cultura y comercio local en M\u00e9xico.\" \/><\/figure><\/div><div class=\"swiper-slide\" role=\"group\" aria-roledescription=\"slide\" aria-label=\"5 de 7\"><figure class=\"swiper-slide-inner\"><img decoding=\"async\" class=\"swiper-slide-image\" src=\"https:\/\/soymigrante.com\/revista\/wp-content\/uploads\/2024\/12\/munecas4-831x1024.jpg\" alt=\"Mu\u00f1eca tradicional guatemalteca vestida con ropa t\u00edpica, con accesorios de color rojo y multicolor, representando la cultura y tradiciones de Guatemala en la revista SoyMigrante.com.\" \/><\/figure><\/div><div class=\"swiper-slide\" role=\"group\" aria-roledescription=\"slide\" aria-label=\"6 de 7\"><figure class=\"swiper-slide-inner\"><img decoding=\"async\" class=\"swiper-slide-image\" src=\"https:\/\/soymigrante.com\/revista\/wp-content\/uploads\/2024\/12\/munecas3-771x1024.jpg\" alt=\"Colorful traditional Guatemalan doll wearing vibrant clothing and accessories, representing Guatemalan culture and crafts.\" \/><\/figure><\/div><div class=\"swiper-slide\" role=\"group\" aria-roledescription=\"slide\" aria-label=\"7 de 7\"><figure class=\"swiper-slide-inner\"><img decoding=\"async\" class=\"swiper-slide-image\" src=\"https:\/\/soymigrante.com\/revista\/wp-content\/uploads\/2024\/12\/munecas2-895x1024.jpg\" alt=\"Mu\u00f1eca Guatemalteca con vestimenta tradicional y accesorios t\u00edpicos, representativa de la cultura y la artesan\u00eda de Guatemala.\" \/><\/figure><\/div>\t\t\t<\/div>\n\t\t\t\t\t\t\t\t\t\t\t\t<div class=\"elementor-swiper-button elementor-swiper-button-prev\" role=\"button\" tabindex=\"0\">\n\t\t\t\t\t\t<i aria-hidden=\"true\" class=\"eicon-chevron-left\"><\/i>\t\t\t\t\t<\/div>\n\t\t\t\t\t<div class=\"elementor-swiper-button elementor-swiper-button-next\" role=\"button\" tabindex=\"0\">\n\t\t\t\t\t\t<i aria-hidden=\"true\" class=\"eicon-chevron-right\"><\/i>\t\t\t\t\t<\/div>\n\t\t\t\t\n\t\t\t\t\t\t\t\t\t<div class=\"swiper-pagination\"><\/div>\n\t\t\t\t\t\t\t\t\t<\/div>\n\t\t\t\t\t\t<\/div>\n\t\t\t\t\t<\/div>\n\t\t\t\t<\/div>\n\t\t<div data-particle_enable=\"false\" data-particle-mobile-disabled=\"false\" class=\"elementor-element elementor-element-aa50761 e-flex e-con-boxed e-con e-parent\" data-id=\"aa50761\" data-element_type=\"container\" data-e-type=\"container\">\n\t\t\t\t\t<div class=\"e-con-inner\">\n\t\t\t\t<div class=\"elementor-element elementor-element-60ba681 elementor-widget elementor-widget-heading\" data-id=\"60ba681\" data-element_type=\"widget\" data-e-type=\"widget\" data-widget_type=\"heading.default\">\n\t\t\t\t\t<h3 class=\"elementor-heading-title elementor-size-default\">Un pedacito de Alta Verapaz para el mundo<\/h3>\t\t\t\t<\/div>\n\t\t\t\t\t<\/div>\n\t\t\t\t<\/div>\n\t\t<div data-particle_enable=\"false\" data-particle-mobile-disabled=\"false\" class=\"elementor-element elementor-element-f365cca e-flex e-con-boxed e-con e-parent\" data-id=\"f365cca\" data-element_type=\"container\" data-e-type=\"container\">\n\t\t\t\t\t<div class=\"e-con-inner\">\n\t\t\t\t<div class=\"elementor-element elementor-element-63674d4 elementor-widget elementor-widget-text-editor\" data-id=\"63674d4\" data-element_type=\"widget\" data-e-type=\"widget\" data-widget_type=\"text-editor.default\">\n\t\t\t\t\t\t\t\t\t<p>\u201cQueremos que quienes\u00a0<a href=\"https:\/\/soymigrante.com\/revista\/diciembre-trae-rezados-danzas-y-tradiciones-guatemaltecas-que-encienden-nostalgia-migrante\/\" target=\"_blank\" rel=\"noopener\">visiten Guatemala\u00a0<\/a>se lleven algo que los conecte con Alta Verapaz. Al ver nuestras mu\u00f1ecas, muchos se identifican con la indumentaria y sienten que llevan consigo recuerdos y un pedacito de nuestra tierra\u201d, comparte S\u00e9fora.<\/p><p>Este proyecto no solo busca compartir la belleza de las indumentarias mayas, sino tambi\u00e9n contribuir a su preservaci\u00f3n y valoraci\u00f3n. Al adquirir una mu\u00f1eca, las personas apoyan el fortalecimiento de una tradici\u00f3n cultural \u00fanica y ayudan a S\u00e9fora a cumplir su sue\u00f1o de transmitir el legado de sus ra\u00edces.<\/p>\t\t\t\t\t\t\t\t<\/div>\n\t\t\t\t\t<\/div>\n\t\t\t\t<\/div>\n\t\t<div data-particle_enable=\"false\" data-particle-mobile-disabled=\"false\" class=\"elementor-element elementor-element-8971d6d e-flex e-con-boxed e-con e-parent\" data-id=\"8971d6d\" data-element_type=\"container\" data-e-type=\"container\">\n\t\t\t\t\t<div class=\"e-con-inner\">\n\t\t\t\t<div class=\"elementor-element elementor-element-0e5d457 elementor-widget elementor-widget-video\" data-id=\"0e5d457\" data-element_type=\"widget\" data-e-type=\"widget\" data-settings=\"{&quot;youtube_url&quot;:&quot;https:\\\/\\\/www.youtube.com\\\/watch?v=Hm0y9XMZU3I&quot;,&quot;video_type&quot;:&quot;youtube&quot;,&quot;controls&quot;:&quot;yes&quot;}\" data-widget_type=\"video.default\">\n\t\t\t\t\t\t\t<div class=\"elementor-wrapper elementor-open-inline\">\n\t\t\t<div class=\"elementor-video\"><\/div>\t\t<\/div>\n\t\t\t\t\t\t<\/div>\n\t\t\t\t\t<\/div>\n\t\t\t\t<\/div>\n\t\t<div data-particle_enable=\"false\" data-particle-mobile-disabled=\"false\" class=\"elementor-element elementor-element-bf14cdd e-flex e-con-boxed e-con e-parent\" data-id=\"bf14cdd\" data-element_type=\"container\" data-e-type=\"container\">\n\t\t\t\t\t<div class=\"e-con-inner\">\n\t\t\t\t<div class=\"elementor-element elementor-element-696c59f elementor-widget elementor-widget-heading\" data-id=\"696c59f\" data-element_type=\"widget\" data-e-type=\"widget\" data-widget_type=\"heading.default\">\n\t\t\t\t\t<h3 class=\"elementor-heading-title elementor-size-default\">Un sue\u00f1o transformado<\/h3>\t\t\t\t<\/div>\n\t\t\t\t\t<\/div>\n\t\t\t\t<\/div>\n\t\t<div data-particle_enable=\"false\" data-particle-mobile-disabled=\"false\" class=\"elementor-element elementor-element-5ba95c3 e-flex e-con-boxed e-con e-parent\" data-id=\"5ba95c3\" data-element_type=\"container\" data-e-type=\"container\">\n\t\t\t\t\t<div class=\"e-con-inner\">\n\t\t\t\t<div class=\"elementor-element elementor-element-37d51e0 elementor-widget elementor-widget-text-editor\" data-id=\"37d51e0\" data-element_type=\"widget\" data-e-type=\"widget\" data-widget_type=\"text-editor.default\">\n\t\t\t\t\t\t\t\t\t<p>Aunque S\u00e9fora originalmente so\u00f1aba con ser maestra, la falta de oportunidades en su natal Cahab\u00f3n la llev\u00f3 a vivir\u00a0<a href=\"https:\/\/soymigrante.com\/revista\/maderas-grissell-de-la-familia-oxom-crea-muebles-y-piezas-decorativas-en-coban\/\" target=\"_blank\" rel=\"noopener\">en Cob\u00e1n\u00a0<\/a>y a emprender este camino art\u00edstico. Hoy, su meta es que Mu\u00f1ecas y T\u00edpicos de Guatemala sea un referente de la identidad maya q\u2019eqch\u00ed y una fuente de inspiraci\u00f3n para valorar la cultura ancestral guatemalteca.<\/p><p>\u201cCon cada mu\u00f1eca buscamos celebrar nuestra identidad. Este trabajo no solo es un ingreso econ\u00f3mico, sino una forma de enaltecer nuestras ra\u00edces y compartirlas con quienes aprecian nuestra historia\u201d, concluye S\u00e9fora, quien sigue creando con pasi\u00f3n y esperanza.<\/p><p>Mu\u00f1ecas y T\u00edpicos de Guatemala es m\u00e1s que\u00a0<a href=\"https:\/\/soymigrante.com\/revista\/la-negociacion-es-la-mejor-via-para-enfrentar-un-problema-algunas-claves-para-negociar\/\" target=\"_blank\" rel=\"noopener\">un negocio<\/a>; es un puente entre generaciones, un tributo a la cultura maya y una oportunidad para que el mundo conozca la riqueza de Alta Verapaz.<\/p>\t\t\t\t\t\t\t\t<\/div>\n\t\t\t\t\t<\/div>\n\t\t\t\t<\/div>\n\t\t<div data-particle_enable=\"false\" data-particle-mobile-disabled=\"false\" class=\"elementor-element elementor-element-25ed55b e-flex e-con-boxed e-con e-parent\" data-id=\"25ed55b\" data-element_type=\"container\" data-e-type=\"container\">\n\t\t\t\t\t<div class=\"e-con-inner\">\n\t\t\t\t<div class=\"elementor-element elementor-element-7691f13 elementor-widget elementor-widget-heading\" data-id=\"7691f13\" data-element_type=\"widget\" data-e-type=\"widget\" data-widget_type=\"heading.default\">\n\t\t\t\t\t<h2 class=\"elementor-heading-title elementor-size-default\">Descubre m\u00e1s sobre MERCADO<\/h2>\t\t\t\t<\/div>\n\t\t\t\t\t<\/div>\n\t\t\t\t<\/div>\n\t\t<div data-particle_enable=\"false\" data-particle-mobile-disabled=\"false\" class=\"elementor-element elementor-element-e089dcc e-flex e-con-boxed e-con e-parent\" data-id=\"e089dcc\" data-element_type=\"container\" data-e-type=\"container\">\n\t\t\t\t\t<div class=\"e-con-inner\">\n\t\t\t\t<div class=\"elementor-element elementor-element-12b2a60 elementor-grid-eael-col-3 elementor-grid-tablet-eael-col-2 elementor-grid-mobile-eael-col-1 elementor-widget elementor-widget-eael-post-grid\" data-id=\"12b2a60\" data-element_type=\"widget\" data-e-type=\"widget\" data-settings=\"{&quot;eael_post_grid_columns&quot;:&quot;eael-col-3&quot;,&quot;eael_post_grid_columns_tablet&quot;:&quot;eael-col-2&quot;,&quot;eael_post_grid_columns_mobile&quot;:&quot;eael-col-1&quot;}\" data-widget_type=\"eael-post-grid.default\">\n\t\t\t\t\t<div id=\"eael-post-grid-12b2a60\" class=\"eael-post-grid-container\">\n            <div class=\"eael-post-grid eael-post-appender eael-post-appender-12b2a60 eael-post-grid-style-one\" data-layout-mode=\"masonry\"><article class=\"eael-grid-post  eael-post-grid-column eael-pg-post-13878 category-guate-nuestra tags-mercado-emprendedores\" data-id=\"13878\">\n        <div class=\"eael-grid-post-holder\">\n            <div class=\"eael-grid-post-holder-inner\"><div class=\"eael-entry-media\"><div class=\"eael-entry-overlay fade-in\"><i class=\"far fa-hand-pointer\" aria-hidden=\"true\"><\/i><a href=\"https:\/\/soymigrante.com\/revista\/torrons-cafe-y-chocolate-sabores-unicos-de-un-sueno-emprendedor\/\"><\/a><\/div><div class=\"eael-entry-thumbnail \">\n                <img decoding=\"async\" width=\"586\" height=\"586\" src=\"https:\/\/soymigrante.com\/revista\/wp-content\/uploads\/2024\/11\/torrons2.webp\" class=\"attachment-large size-large wp-image-13902\" alt=\"Sabores tradicionales, chocolate mexicano con az\u00facar y canela, producto artesanal, dulce y delicioso, ideal para regalar o disfrutar en familia.\" srcset=\"https:\/\/soymigrante.com\/revista\/wp-content\/uploads\/2024\/11\/torrons2.webp 586w, https:\/\/soymigrante.com\/revista\/wp-content\/uploads\/2024\/11\/torrons2-300x300.jpg 300w, https:\/\/soymigrante.com\/revista\/wp-content\/uploads\/2024\/11\/torrons2-150x150.jpg 150w, https:\/\/soymigrante.com\/revista\/wp-content\/uploads\/2024\/11\/torrons2-75x75.webp 75w\" sizes=\"(max-width: 586px) 100vw, 586px\" \/>\n            <\/div>\n        <\/div><div class=\"eael-entry-wrapper\"><header class=\"eael-entry-header\"><h2 class=\"eael-entry-title\"><a class=\"eael-grid-post-link\" href=\"https:\/\/soymigrante.com\/revista\/torrons-cafe-y-chocolate-sabores-unicos-de-un-sueno-emprendedor\/\" title=\"Torrons Caf\u00e9 y Chocolate: sabores muy originales de un sue\u00f1o emprendedor\">Torrons Caf\u00e9 y Chocolate: sabores muy originales de un sue\u00f1o emprendedor<\/a><\/h2><\/header><div class=\"eael-entry-content\">\n                        <div class=\"eael-grid-post-excerpt\"><a href=\"https:\/\/soymigrante.com\/revista\/torrons-cafe-y-chocolate-sabores-unicos-de-un-sueno-emprendedor\/\" class=\"eael-post-elements-readmore-btn\">CONOCE SU HISTORIA <\/a><\/div>\n                    <\/div><\/div><\/div>\n        <\/div>\n    <\/article><article class=\"eael-grid-post  eael-post-grid-column eael-pg-post-13619 category-guate-nuestra tags-mercado-emprendedores\" data-id=\"13619\">\n        <div class=\"eael-grid-post-holder\">\n            <div class=\"eael-grid-post-holder-inner\"><div class=\"eael-entry-media\"><div class=\"eael-entry-overlay fade-in\"><i class=\"far fa-hand-pointer\" aria-hidden=\"true\"><\/i><a href=\"https:\/\/soymigrante.com\/revista\/verdelimon-un-emprendimiento-dulce-y-saludable-lleno-de-arte\/\"><\/a><\/div><div class=\"eael-entry-thumbnail \">\n                <img loading=\"lazy\" decoding=\"async\" width=\"428\" height=\"428\" src=\"https:\/\/soymigrante.com\/revista\/wp-content\/uploads\/2024\/11\/Verde-y-limon-Carolina-Alvarado-Argueta.webp\" class=\"attachment-large size-large wp-image-13645\" alt=\"Pintora muralista adolescente creando arte en la pared con aer\u00f3grafo en un mural colorido con nubes y globo aerost\u00e1tico, promoviendo cultura y arte en la comunidad.\" srcset=\"https:\/\/soymigrante.com\/revista\/wp-content\/uploads\/2024\/11\/Verde-y-limon-Carolina-Alvarado-Argueta.webp 428w, https:\/\/soymigrante.com\/revista\/wp-content\/uploads\/2024\/11\/Verde-y-limon-Carolina-Alvarado-Argueta-300x300.jpeg 300w, https:\/\/soymigrante.com\/revista\/wp-content\/uploads\/2024\/11\/Verde-y-limon-Carolina-Alvarado-Argueta-150x150.jpeg 150w, https:\/\/soymigrante.com\/revista\/wp-content\/uploads\/2024\/11\/Verde-y-limon-Carolina-Alvarado-Argueta-75x75.webp 75w\" sizes=\"(max-width: 428px) 100vw, 428px\" \/>\n            <\/div>\n        <\/div><div class=\"eael-entry-wrapper\"><header class=\"eael-entry-header\"><h2 class=\"eael-entry-title\"><a class=\"eael-grid-post-link\" href=\"https:\/\/soymigrante.com\/revista\/verdelimon-un-emprendimiento-dulce-y-saludable-lleno-de-arte\/\" title=\"Verde&amp;Lim\u00f3n: un emprendimiento dulce y saludable lleno de arte est\u00e1 ahora en MERCADO\">Verde&amp;Lim\u00f3n: un emprendimiento dulce y saludable lleno de arte est\u00e1 ahora en MERCADO<\/a><\/h2><\/header><div class=\"eael-entry-content\">\n                        <div class=\"eael-grid-post-excerpt\"><a href=\"https:\/\/soymigrante.com\/revista\/verdelimon-un-emprendimiento-dulce-y-saludable-lleno-de-arte\/\" class=\"eael-post-elements-readmore-btn\">CONOCE SU HISTORIA <\/a><\/div>\n                    <\/div><\/div><\/div>\n        <\/div>\n    <\/article><article class=\"eael-grid-post  eael-post-grid-column eael-pg-post-8867 category-estamos-unidos\" data-id=\"8867\">\n        <div class=\"eael-grid-post-holder\">\n            <div class=\"eael-grid-post-holder-inner\"><div class=\"eael-entry-media\"><div class=\"eael-entry-overlay fade-in\"><i class=\"far fa-hand-pointer\" aria-hidden=\"true\"><\/i><a href=\"https:\/\/soymigrante.com\/revista\/soymigrante-com-mercado-viene-plataforma-digital-para-emprendedores-guatemaltecos\/\"><\/a><\/div><div class=\"eael-entry-thumbnail \">\n                <img loading=\"lazy\" decoding=\"async\" width=\"633\" height=\"621\" src=\"https:\/\/soymigrante.com\/revista\/wp-content\/uploads\/2024\/09\/Captura-de-pantalla-2024-09-05-120913.webp\" class=\"attachment-large size-large wp-image-8877\" alt=\"Tejedora ind\u00edgena con textiles coloridos y tradicionales, mostrando su cultura y arte en un fondo vibrante en la revista SoyMigrante.com.\" srcset=\"https:\/\/soymigrante.com\/revista\/wp-content\/uploads\/2024\/09\/Captura-de-pantalla-2024-09-05-120913.webp 633w, https:\/\/soymigrante.com\/revista\/wp-content\/uploads\/2024\/09\/Captura-de-pantalla-2024-09-05-120913-300x294.webp 300w, https:\/\/soymigrante.com\/revista\/wp-content\/uploads\/2024\/09\/Captura-de-pantalla-2024-09-05-120913-75x75.webp 75w\" sizes=\"(max-width: 633px) 100vw, 633px\" \/>\n            <\/div>\n        <\/div><div class=\"eael-entry-wrapper\"><header class=\"eael-entry-header\"><h2 class=\"eael-entry-title\"><a class=\"eael-grid-post-link\" href=\"https:\/\/soymigrante.com\/revista\/soymigrante-com-mercado-viene-plataforma-digital-para-emprendedores-guatemaltecos\/\" title=\"SoyMigrante.com\/Mercado es una  plataforma  digital para emprendedores guatemaltecos\">SoyMigrante.com\/Mercado es una  plataforma  digital para emprendedores guatemaltecos<\/a><\/h2><\/header><div class=\"eael-entry-content\">\n                        <div class=\"eael-grid-post-excerpt\"><a href=\"https:\/\/soymigrante.com\/revista\/soymigrante-com-mercado-viene-plataforma-digital-para-emprendedores-guatemaltecos\/\" class=\"eael-post-elements-readmore-btn\">CONOCE SU HISTORIA <\/a><\/div>\n                    <\/div><\/div><\/div>\n        <\/div>\n    <\/article><\/div>\n            <div class=\"clearfix\"><\/div>\n        <\/div>\t\t\t\t<\/div>\n\t\t\t\t\t<\/div>\n\t\t\t\t<\/div>\n\t\t\t\t<\/div>\n\t\t","protected":false},"excerpt":{"rendered":"<p>Desde el coraz\u00f3n de Alta Verapaz, S\u00e9fora Dalila Putul Puac, una emprendedora maya q\u2019eqch\u00ed, transforma mu\u00f1ecas t\u00edpicas en embajadoras culturales. Conoce la historia de Mu\u00f1ecas y T\u00edpicos de Guatemala. En el coraz\u00f3n de Alta Verapaz, S\u00e9fora Dalila Putul Puac, una emprendedora maya q\u2019eqch\u00ed, ha encontrado en las mu\u00f1ecas t\u00edpicas una manera de representar su cultura, [&hellip;]<\/p>\n","protected":false},"author":23,"featured_media":16055,"comment_status":"open","ping_status":"open","sticky":false,"template":"","format":"standard","meta":{"_acf_changed":false,"_eb_attr":"","footnotes":""},"categories":[58],"tags":[130],"class_list":["post-15424","post","type-post","status-publish","format-standard","has-post-thumbnail","hentry","category-guate-nuestra","tag-mercado-emprendedores"],"acf":[],"aioseo_notices":[],"aioseo_head":"\n\t\t<!-- All in One SEO Pro 4.9.6.2 - aioseo.com -->\n\t<meta name=\"description\" content=\"Una plaza de mercado sin fronteras es SoyMigrante.com\/Mercado, una plataforma de comercio digital para migrantes y emprendedores guatemaltecos. As\u00ed funciiona\" \/>\n\t<meta name=\"robots\" content=\"max-snippet:-1, max-image-preview:large, max-video-preview:-1\" \/>\n\t<meta name=\"author\" content=\"Marysabel Aldana\"\/>\n\t<link rel=\"canonical\" href=\"https:\/\/soymigrante.com\/revista\/soymigrante-com-mercado-viene-plataforma-digital-para-emprendedores-guatemaltecos\/\" \/>\n\t<meta name=\"generator\" content=\"All in One SEO Pro (AIOSEO) 4.9.6.2\" \/>\n\n\t\t<link rel=\"preconnect\" href=\"https:\/\/fonts.googleapis.com\" crossorigin>\n<link rel=\"preconnect\" href=\"https:\/\/fonts.gstatic.com\" crossorigin>\n\t\t<meta property=\"og:locale\" content=\"es_ES\" \/>\n\t\t<meta property=\"og:site_name\" content=\"SoyMigrante.com REVISTA \u2013 Nuestra misi\u00f3n es reconocer y dignificar al migrante.\" \/>\n\t\t<meta property=\"og:type\" content=\"article\" \/>\n\t\t<meta property=\"og:title\" content=\"SoyMigrante.com Mercado es e-commerce para emprendedores\" \/>\n\t\t<meta property=\"og:description\" content=\"Una plaza de mercado sin fronteras es SoyMigrante.com\/Mercado, una plataforma de comercio digital para migrantes y emprendedores guatemaltecos. As\u00ed funciiona\" \/>\n\t\t<meta property=\"og:url\" content=\"https:\/\/soymigrante.com\/revista\/soymigrante-com-mercado-viene-plataforma-digital-para-emprendedores-guatemaltecos\/\" \/>\n\t\t<meta property=\"og:image\" content=\"https:\/\/soymigrante.com\/revista\/wp-content\/uploads\/2024\/09\/Captura-de-pantalla-2024-09-05-120913.webp\" \/>\n\t\t<meta property=\"og:image:secure_url\" content=\"https:\/\/soymigrante.com\/revista\/wp-content\/uploads\/2024\/09\/Captura-de-pantalla-2024-09-05-120913.webp\" \/>\n\t\t<meta property=\"og:image:width\" content=\"633\" \/>\n\t\t<meta property=\"og:image:height\" content=\"621\" \/>\n\t\t<meta property=\"article:published_time\" content=\"2024-09-06T17:19:42+00:00\" \/>\n\t\t<meta property=\"article:modified_time\" content=\"2024-09-06T18:08:04+00:00\" \/>\n\t\t<meta property=\"article:publisher\" content=\"https:\/\/www.facebook.com\/soymigrantecom\" \/>\n\t\t<meta name=\"twitter:card\" content=\"summary_large_image\" \/>\n\t\t<meta name=\"twitter:site\" content=\"@SoyMigrante_com\" \/>\n\t\t<meta name=\"twitter:title\" content=\"SoyMigrante.com Mercado es e-commerce para emprendedores\" \/>\n\t\t<meta name=\"twitter:description\" content=\"Una plaza de mercado sin fronteras es SoyMigrante.com\/Mercado, una plataforma de comercio digital para migrantes y emprendedores guatemaltecos. As\u00ed funciiona\" \/>\n\t\t<meta name=\"twitter:creator\" content=\"@SoyMigrante_com\" \/>\n\t\t<meta name=\"twitter:image\" content=\"https:\/\/soymigrante.com\/revista\/wp-content\/uploads\/2024\/09\/Captura-de-pantalla-2024-09-05-120913.webp\" \/>\n\t\t<!-- All in One SEO Pro -->\r\n\t\t<title>SoyMigrante.com Mercado es e-commerce para emprendedores<\/title>\n\n","aioseo_head_json":{"title":"SoyMigrante.com Mercado es e-commerce para emprendedores","description":"Una plaza de mercado sin fronteras es SoyMigrante.com\/Mercado, una plataforma de comercio digital para migrantes y emprendedores guatemaltecos. As\u00ed funciiona","canonical_url":"https:\/\/soymigrante.com\/revista\/soymigrante-com-mercado-viene-plataforma-digital-para-emprendedores-guatemaltecos\/","robots":"max-snippet:-1, max-image-preview:large, max-video-preview:-1","keywords":"","webmasterTools":{"miscellaneous":"&lt;link rel=\"preconnect\" href=\"https:\/\/fonts.googleapis.com\" crossorigin&gt;\n&lt;link rel=\"preconnect\" href=\"https:\/\/fonts.gstatic.com\" crossorigin&gt;"},"schema":null,"og:locale":"es_ES","og:site_name":"SoyMigrante.com REVISTA \u2013 Nuestra misi\u00f3n es reconocer y dignificar al migrante.","og:type":"article","og:title":"SoyMigrante.com Mercado es e-commerce para emprendedores","og:description":"Una plaza de mercado sin fronteras es SoyMigrante.com\/Mercado, una plataforma de comercio digital para migrantes y emprendedores guatemaltecos. As\u00ed funciiona","og:url":"https:\/\/soymigrante.com\/revista\/soymigrante-com-mercado-viene-plataforma-digital-para-emprendedores-guatemaltecos\/","og:image":"https:\/\/soymigrante.com\/revista\/wp-content\/uploads\/2024\/09\/Captura-de-pantalla-2024-09-05-120913.webp","og:image:secure_url":"https:\/\/soymigrante.com\/revista\/wp-content\/uploads\/2024\/09\/Captura-de-pantalla-2024-09-05-120913.webp","og:image:width":633,"og:image:height":621,"article:published_time":"2024-09-06T17:19:42+00:00","article:modified_time":"2024-09-06T18:08:04+00:00","article:publisher":"https:\/\/www.facebook.com\/soymigrantecom","twitter:card":"summary_large_image","twitter:site":"@SoyMigrante_com","twitter:title":"SoyMigrante.com Mercado es e-commerce para emprendedores","twitter:description":"Una plaza de mercado sin fronteras es SoyMigrante.com\/Mercado, una plataforma de comercio digital para migrantes y emprendedores guatemaltecos. As\u00ed funciiona","twitter:creator":"@SoyMigrante_com","twitter:image":"https:\/\/soymigrante.com\/revista\/wp-content\/uploads\/2024\/09\/Captura-de-pantalla-2024-09-05-120913.webp"},"aioseo_meta_data":{"post_id":"15424","title":"Mu\u00f1ecas y T\u00edpicos de Guatemala: Un sue\u00f1o q\u00b4eqch\u00ed lleno de mu\u00f1ecas","description":"En el coraz\u00f3n de Alta Verapaz, S\u00e9fora Dalila Putul Puac, una emprendedora maya q\u2019eqch\u00ed, ha encontrado en las mu\u00f1ecas t\u00edpicas una manera de representar su cultura.","keywords":null,"keyphrases":{"focus":{"keyphrase":"Mu\u00f1ecas y T\u00edpicos de Guatemala","score":72,"analysis":{"keyphraseInTitle":{"score":9,"maxScore":9,"error":0},"keyphraseInDescription":{"score":3,"maxScore":9,"error":1},"keyphraseLength":{"score":6,"maxScore":9,"error":1,"length":7},"keyphraseInURL":{"score":1,"maxScore":5,"error":1},"keyphraseInIntroduction":{"score":9,"maxScore":9,"error":0},"keyphraseInSubHeadings":{"score":3,"maxScore":9,"error":1},"keyphraseInImageAlt":{"score":9,"maxScore":9,"error":0},"keywordDensity":{"type":"best","score":9,"maxScore":9,"error":0}}},"additional":[{"keyphrase":"maya q\u00b4eqhi","score":40,"analysis":{"keyphraseInDescription":{"score":3,"maxScore":9,"error":1},"keyphraseLength":{"score":9,"maxScore":9,"error":0,"length":2},"keyphraseInIntroduction":{"score":3,"maxScore":9,"error":1},"keyphraseInImageAlt":{"score":3,"maxScore":9,"error":1},"keywordDensity":{"score":0,"type":"low","maxScore":9,"error":1}}},{"keyphrase":"mu\u00f1ecas","score":100,"analysis":{"keyphraseInDescription":{"score":9,"maxScore":9,"error":0},"keyphraseLength":{"score":9,"maxScore":9,"error":0,"length":2},"keyphraseInIntroduction":{"score":9,"maxScore":9,"error":0},"keyphraseInImageAlt":{"score":9,"maxScore":9,"error":0},"keywordDensity":{"type":"best","score":9,"maxScore":9,"error":0}}},{"keyphrase":"cultura","score":100,"analysis":{"keyphraseInDescription":{"score":9,"maxScore":9,"error":0},"keyphraseLength":{"score":9,"maxScore":9,"error":0,"length":1},"keyphraseInIntroduction":{"score":9,"maxScore":9,"error":0},"keyphraseInImageAlt":{"score":9,"maxScore":9,"error":0},"keywordDensity":{"type":"best","score":9,"maxScore":9,"error":0}}},{"keyphrase":"Guatemala","score":87,"analysis":{"keyphraseInDescription":{"score":3,"maxScore":9,"error":1},"keyphraseLength":{"score":9,"maxScore":9,"error":0,"length":1},"keyphraseInIntroduction":{"score":9,"maxScore":9,"error":0},"keyphraseInImageAlt":{"score":9,"maxScore":9,"error":0},"keywordDensity":{"type":"best","score":9,"maxScore":9,"error":0}}},{"keyphrase":"maya","score":100,"analysis":{"keyphraseInDescription":{"score":9,"maxScore":9,"error":0},"keyphraseLength":{"score":9,"maxScore":9,"error":0,"length":1},"keyphraseInIntroduction":{"score":9,"maxScore":9,"error":0},"keyphraseInImageAlt":{"score":9,"maxScore":9,"error":0},"keywordDensity":{"type":"best","score":9,"maxScore":9,"error":0}}},{"keyphrase":"MERCADO","score":60,"analysis":{"keyphraseInDescription":{"score":3,"maxScore":9,"error":1},"keyphraseLength":{"score":9,"maxScore":9,"error":0,"length":1},"keyphraseInIntroduction":{"score":3,"maxScore":9,"error":1},"keyphraseInImageAlt":{"score":3,"maxScore":9,"error":1},"keywordDensity":{"type":"best","score":9,"maxScore":9,"error":0}}},{"keyphrase":"soy migrante","score":40,"analysis":{"keyphraseInDescription":{"score":3,"maxScore":9,"error":1},"keyphraseLength":{"score":9,"maxScore":9,"error":0,"length":2},"keyphraseInIntroduction":{"score":3,"maxScore":9,"error":1},"keyphraseInImageAlt":{"score":3,"maxScore":9,"error":1},"keywordDensity":{"score":0,"type":"low","maxScore":9,"error":1}}}]},"primary_term":null,"canonical_url":null,"og_title":null,"og_description":null,"og_object_type":"default","og_image_type":"default","og_image_url":null,"og_image_width":null,"og_image_height":null,"og_image_custom_url":null,"og_image_custom_fields":null,"og_video":"","og_custom_url":null,"og_article_section":null,"og_article_tags":null,"twitter_use_og":false,"twitter_card":"default","twitter_image_type":"default","twitter_image_url":null,"twitter_image_custom_url":null,"twitter_image_custom_fields":null,"twitter_title":null,"twitter_description":null,"schema":{"blockGraphs":[],"customGraphs":[],"default":{"data":{"Article":[],"Course":[],"Dataset":[],"FAQPage":[],"Movie":[],"Person":[],"Product":[],"ProductReview":[],"Car":[],"Recipe":[],"Service":[],"SoftwareApplication":[],"WebPage":[]},"graphName":"Article","isEnabled":true},"graphs":[]},"schema_type":"default","schema_type_options":null,"pillar_content":false,"robots_default":true,"robots_noindex":false,"robots_noarchive":false,"robots_nosnippet":false,"robots_nofollow":false,"robots_noimageindex":false,"robots_noodp":false,"robots_notranslate":false,"robots_max_snippet":"-1","robots_max_videopreview":"-1","robots_max_imagepreview":"large","priority":null,"frequency":"default","local_seo":null,"seo_analyzer_scan_date":"2025-10-09 00:57:19","breadcrumb_settings":null,"limit_modified_date":false,"reviewed_by":null,"open_ai":"{\"title\":{\"suggestions\":[],\"usage\":0},\"description\":{\"suggestions\":[],\"usage\":0}}","ai":null,"created":"2024-12-04 03:25:56","updated":"2026-02-04 18:20:43"},"aioseo_breadcrumb":"<div class=\"aioseo-breadcrumbs\"><span class=\"aioseo-breadcrumb\">\n\t<a href=\"https:\/\/soymigrante.com\/revista\" title=\"Home\">Home<\/a>\n<\/span><span class=\"aioseo-breadcrumb-separator\">\u00bb<\/span><span class=\"aioseo-breadcrumb\">\n\t<a href=\"https:\/\/soymigrante.com\/revista\/category\/guate-nuestra\/\" title=\"Guate Nuestra\">Guate Nuestra<\/a>\n<\/span><span class=\"aioseo-breadcrumb-separator\">\u00bb<\/span><span class=\"aioseo-breadcrumb\">\n\tUn gran sue\u00f1o lleno de mu\u00f1ecas, creatividad y amor por la cultura q\u2019eqchi\u2019 llega a MERCADO\n<\/span><\/div>","aioseo_breadcrumb_json":[{"label":"Home","link":"https:\/\/soymigrante.com\/revista"},{"label":"Guate Nuestra","link":"https:\/\/soymigrante.com\/revista\/category\/guate-nuestra\/"},{"label":"Un gran sue\u00f1o lleno de mu\u00f1ecas, creatividad y amor por la cultura q&#8217;eqchi&#8217; llega a MERCADO","link":"https:\/\/soymigrante.com\/revista\/un-gran-sueno-en-coban-lleno-de-imaginacion-munecas-y-amor-por-la-cultura-maya-qeqchi\/"}],"_links":{"self":[{"href":"https:\/\/soymigrante.com\/revista\/wp-json\/wp\/v2\/posts\/15424","targetHints":{"allow":["GET"]}}],"collection":[{"href":"https:\/\/soymigrante.com\/revista\/wp-json\/wp\/v2\/posts"}],"about":[{"href":"https:\/\/soymigrante.com\/revista\/wp-json\/wp\/v2\/types\/post"}],"author":[{"embeddable":true,"href":"https:\/\/soymigrante.com\/revista\/wp-json\/wp\/v2\/users\/23"}],"replies":[{"embeddable":true,"href":"https:\/\/soymigrante.com\/revista\/wp-json\/wp\/v2\/comments?post=15424"}],"version-history":[{"count":3,"href":"https:\/\/soymigrante.com\/revista\/wp-json\/wp\/v2\/posts\/15424\/revisions"}],"predecessor-version":[{"id":33374,"href":"https:\/\/soymigrante.com\/revista\/wp-json\/wp\/v2\/posts\/15424\/revisions\/33374"}],"wp:featuredmedia":[{"embeddable":true,"href":"https:\/\/soymigrante.com\/revista\/wp-json\/wp\/v2\/media\/16055"}],"wp:attachment":[{"href":"https:\/\/soymigrante.com\/revista\/wp-json\/wp\/v2\/media?parent=15424"}],"wp:term":[{"taxonomy":"category","embeddable":true,"href":"https:\/\/soymigrante.com\/revista\/wp-json\/wp\/v2\/categories?post=15424"},{"taxonomy":"post_tag","embeddable":true,"href":"https:\/\/soymigrante.com\/revista\/wp-json\/wp\/v2\/tags?post=15424"}],"curies":[{"name":"wp","href":"https:\/\/api.w.org\/{rel}","templated":true}]}}