{"id":1536,"date":"2023-06-22T20:28:51","date_gmt":"2023-06-22T20:28:51","guid":{"rendered":"https:\/\/soymigrante.com\/revista\/?p=1536"},"modified":"2025-09-15T17:22:23","modified_gmt":"2025-09-15T23:22:23","slug":"7-datos-que-ya-sabias-o-quiza-no-sobre-el-gran-jaguar-y-tikal","status":"publish","type":"post","link":"https:\/\/soymigrante.com\/revista\/7-datos-que-ya-sabias-o-quiza-no-sobre-el-gran-jaguar-y-tikal\/","title":{"rendered":"Tikal: 7 datos que ya sab\u00edas (o quiz\u00e1 no) sobre el Templo I o Gran Jaguar"},"content":{"rendered":"\t\t<div data-elementor-type=\"wp-post\" data-elementor-id=\"1536\" class=\"elementor elementor-1536\" data-elementor-post-type=\"post\">\n\t\t\t\t\t\t<section data-particle_enable=\"false\" data-particle-mobile-disabled=\"false\" class=\"elementor-section elementor-top-section elementor-element elementor-element-a5b7155 elementor-section-boxed elementor-section-height-default elementor-section-height-default\" data-id=\"a5b7155\" data-element_type=\"section\" data-e-type=\"section\">\n\t\t\t\t\t\t<div class=\"elementor-container elementor-column-gap-default\">\n\t\t\t\t\t<div class=\"elementor-column elementor-col-100 elementor-top-column elementor-element elementor-element-77f4f37\" data-id=\"77f4f37\" data-element_type=\"column\" data-e-type=\"column\">\n\t\t\t<div class=\"elementor-widget-wrap elementor-element-populated\">\n\t\t\t\t\t\t<div class=\"elementor-element elementor-element-37b33ab elementor-widget elementor-widget-heading\" data-id=\"37b33ab\" data-element_type=\"widget\" data-e-type=\"widget\" data-widget_type=\"heading.default\">\n\t\t\t\t\t<h2 class=\"elementor-heading-title elementor-size-default\">\u00cdcono mundial, Patrimonio Cultural de la Humanidad de la Humanidad desde 1979, Tikal a\u00fan refleja la magnificencia maya prehisp\u00e1nica e inspira recuerdos en muchos migrantes guatemaltecos.<\/h2>\t\t\t\t<\/div>\n\t\t\t\t\t<\/div>\n\t\t<\/div>\n\t\t\t\t\t<\/div>\n\t\t<\/section>\n\t\t\t\t<section data-particle_enable=\"false\" data-particle-mobile-disabled=\"false\" class=\"elementor-section elementor-top-section elementor-element elementor-element-501e1ad elementor-section-boxed elementor-section-height-default elementor-section-height-default\" data-id=\"501e1ad\" data-element_type=\"section\" data-e-type=\"section\">\n\t\t\t\t\t\t<div class=\"elementor-container elementor-column-gap-default\">\n\t\t\t\t\t<div class=\"elementor-column elementor-col-100 elementor-top-column elementor-element elementor-element-68d2142\" data-id=\"68d2142\" data-element_type=\"column\" data-e-type=\"column\">\n\t\t\t<div class=\"elementor-widget-wrap elementor-element-populated\">\n\t\t\t\t\t\t<div class=\"elementor-element elementor-element-2604a4c elementor-widget elementor-widget-image\" data-id=\"2604a4c\" data-element_type=\"widget\" data-e-type=\"widget\" data-widget_type=\"image.default\">\n\t\t\t\t\t\t\t\t\t\t\t\t\t\t\t<img fetchpriority=\"high\" decoding=\"async\" width=\"1024\" height=\"366\" src=\"https:\/\/soymigrante.com\/revista\/wp-content\/uploads\/2023\/06\/Captura-de-pantalla-2023-06-21-143435-1024x366.webp\" class=\"attachment-large size-large wp-image-1537\" alt=\"Tikal: 7 datos que ya sab\u00edas (o quiz\u00e1 no) sobre el Templo I o Gran Jaguar\" srcset=\"https:\/\/soymigrante.com\/revista\/wp-content\/uploads\/2023\/06\/Captura-de-pantalla-2023-06-21-143435-1024x366.webp 1024w, https:\/\/soymigrante.com\/revista\/wp-content\/uploads\/2023\/06\/Captura-de-pantalla-2023-06-21-143435-300x107.webp 300w, https:\/\/soymigrante.com\/revista\/wp-content\/uploads\/2023\/06\/Captura-de-pantalla-2023-06-21-143435-768x275.webp 768w, https:\/\/soymigrante.com\/revista\/wp-content\/uploads\/2023\/06\/Captura-de-pantalla-2023-06-21-143435-1536x549.webp 1536w, https:\/\/soymigrante.com\/revista\/wp-content\/uploads\/2023\/06\/Captura-de-pantalla-2023-06-21-143435-750x268.webp 750w, https:\/\/soymigrante.com\/revista\/wp-content\/uploads\/2023\/06\/Captura-de-pantalla-2023-06-21-143435-1140x408.webp 1140w, https:\/\/soymigrante.com\/revista\/wp-content\/uploads\/2023\/06\/Captura-de-pantalla-2023-06-21-143435.webp 1863w\" sizes=\"(max-width: 1024px) 100vw, 1024px\" title=\"Tikal: 7 datos que ya sab\u00edas (o quiz\u00e1 no) sobre el Templo I o Gran Jaguar \u2013 SoyMigrante.com REVISTA\" \/>\t\t\t\t\t\t\t\t\t\t\t\t\t\t\t<\/div>\n\t\t\t\t\t<\/div>\n\t\t<\/div>\n\t\t\t\t\t<\/div>\n\t\t<\/section>\n\t\t\t\t<section data-particle_enable=\"false\" data-particle-mobile-disabled=\"false\" class=\"elementor-section elementor-top-section elementor-element elementor-element-4890fa2 elementor-section-boxed elementor-section-height-default elementor-section-height-default\" data-id=\"4890fa2\" data-element_type=\"section\" data-e-type=\"section\">\n\t\t\t\t\t\t<div class=\"elementor-container elementor-column-gap-default\">\n\t\t\t\t\t<div class=\"elementor-column elementor-col-100 elementor-top-column elementor-element elementor-element-8717894\" data-id=\"8717894\" data-element_type=\"column\" data-e-type=\"column\">\n\t\t\t<div class=\"elementor-widget-wrap elementor-element-populated\">\n\t\t\t\t\t\t<div class=\"elementor-element elementor-element-6c93806 elementor-widget elementor-widget-text-editor\" data-id=\"6c93806\" data-element_type=\"widget\" data-e-type=\"widget\" data-widget_type=\"text-editor.default\">\n\t\t\t\t\t\t\t\t\t<p><span style=\"background-color: var(--ak-bg-color);\">El Templo I de Tikal, m\u00e1s conocido como El Gran Jaguar, es uno de los \u00edconos mundiales de Guatemala y de la legendaria ciudad maya, enclavada en el centro de Pet\u00e9n. Decenas de miles de visitantes de Guatemala y de todo el mundo llegan cada a\u00f1o para admirar sus pir\u00e1mides, plazas y estructuras rodeadas de la selva tropical.<\/span><\/p><p><span style=\"color: var( --e-global-color-text ); background-color: var(--ak-bg-color);\">Estos son 7 datos que quiz\u00e1 ya conoc\u00edas (o tal vez no) sobre esta emblem\u00e1tica pir\u00e1mide y la ciudad en la cual se localiza.<\/span><\/p>\t\t\t\t\t\t\t\t<\/div>\n\t\t\t\t\t<\/div>\n\t\t<\/div>\n\t\t\t\t\t<\/div>\n\t\t<\/section>\n\t\t\t\t<section data-particle_enable=\"false\" data-particle-mobile-disabled=\"false\" class=\"elementor-section elementor-top-section elementor-element elementor-element-5f95966 elementor-section-boxed elementor-section-height-default elementor-section-height-default\" data-id=\"5f95966\" data-element_type=\"section\" data-e-type=\"section\">\n\t\t\t\t\t\t<div class=\"elementor-container elementor-column-gap-default\">\n\t\t\t\t\t<div class=\"elementor-column elementor-col-100 elementor-top-column elementor-element elementor-element-9507265\" data-id=\"9507265\" data-element_type=\"column\" data-e-type=\"column\">\n\t\t\t<div class=\"elementor-widget-wrap elementor-element-populated\">\n\t\t\t\t\t\t<div class=\"elementor-element elementor-element-a2c2b92 elementor-widget elementor-widget-heading\" data-id=\"a2c2b92\" data-element_type=\"widget\" data-e-type=\"widget\" data-widget_type=\"heading.default\">\n\t\t\t\t\t<h2 class=\"elementor-heading-title elementor-size-default\"><span style=\"font-size: 31.2px\">1. Es una tumba: se hall\u00f3 una osamenta y la efigie de El Gran Jaguar.\n<\/span> <\/h2>\t\t\t\t<\/div>\n\t\t\t\t\t<\/div>\n\t\t<\/div>\n\t\t\t\t\t<\/div>\n\t\t<\/section>\n\t\t\t\t<section data-particle_enable=\"false\" data-particle-mobile-disabled=\"false\" class=\"elementor-section elementor-top-section elementor-element elementor-element-de31988 elementor-section-boxed elementor-section-height-default elementor-section-height-default\" data-id=\"de31988\" data-element_type=\"section\" data-e-type=\"section\">\n\t\t\t\t\t\t<div class=\"elementor-container elementor-column-gap-default\">\n\t\t\t\t\t<div class=\"elementor-column elementor-col-100 elementor-top-column elementor-element elementor-element-d638c33\" data-id=\"d638c33\" data-element_type=\"column\" data-e-type=\"column\">\n\t\t\t<div class=\"elementor-widget-wrap elementor-element-populated\">\n\t\t\t\t\t\t<div class=\"elementor-element elementor-element-aa9674d elementor-widget elementor-widget-image\" data-id=\"aa9674d\" data-element_type=\"widget\" data-e-type=\"widget\" data-widget_type=\"image.default\">\n\t\t\t\t\t\t\t\t\t\t\t\t<figure class=\"wp-caption\">\n\t\t\t\t\t\t\t\t\t\t<img decoding=\"async\" width=\"1024\" height=\"549\" src=\"https:\/\/soymigrante.com\/revista\/wp-content\/uploads\/2023\/06\/entierro-1024x549.webp\" class=\"attachment-large size-large wp-image-1562\" alt=\"Los remeros, grabado sobre hueso humano: uno de m\u00faltiples objetos hallados en la tumba del Gran Jaguar\" srcset=\"https:\/\/soymigrante.com\/revista\/wp-content\/uploads\/2023\/06\/entierro-1024x549.webp 1024w, https:\/\/soymigrante.com\/revista\/wp-content\/uploads\/2023\/06\/entierro-300x161.webp 300w, https:\/\/soymigrante.com\/revista\/wp-content\/uploads\/2023\/06\/entierro-768x412.webp 768w, https:\/\/soymigrante.com\/revista\/wp-content\/uploads\/2023\/06\/entierro-750x402.webp 750w, https:\/\/soymigrante.com\/revista\/wp-content\/uploads\/2023\/06\/entierro-1140x611.webp 1140w, https:\/\/soymigrante.com\/revista\/wp-content\/uploads\/2023\/06\/entierro.webp 1280w\" sizes=\"(max-width: 1024px) 100vw, 1024px\" title=\"Los remeros,  grabado sobre hueso humano: uno de m\u00faltiples objetos hallados en la tumba del Gran Jaguar \u2013 SoyMigrante.com REVISTA\" \/>\t\t\t\t\t\t\t\t\t\t\t<figcaption class=\"widget-image-caption wp-caption-text\">Los remeros,  grabado sobre hueso humano: uno de m\u00faltiples objetos hallados en la tumba del Gran Jaguar<\/figcaption>\n\t\t\t\t\t\t\t\t\t\t<\/figure>\n\t\t\t\t\t\t\t\t\t<\/div>\n\t\t\t\t\t<\/div>\n\t\t<\/div>\n\t\t\t\t\t<\/div>\n\t\t<\/section>\n\t\t\t\t<section data-particle_enable=\"false\" data-particle-mobile-disabled=\"false\" class=\"elementor-section elementor-top-section elementor-element elementor-element-ddf15fb elementor-section-boxed elementor-section-height-default elementor-section-height-default\" data-id=\"ddf15fb\" data-element_type=\"section\" data-e-type=\"section\">\n\t\t\t\t\t\t<div class=\"elementor-container elementor-column-gap-default\">\n\t\t\t\t\t<div class=\"elementor-column elementor-col-100 elementor-top-column elementor-element elementor-element-f181231\" data-id=\"f181231\" data-element_type=\"column\" data-e-type=\"column\">\n\t\t\t<div class=\"elementor-widget-wrap elementor-element-populated\">\n\t\t\t\t\t\t<div class=\"elementor-element elementor-element-4510ad6 elementor-widget elementor-widget-text-editor\" data-id=\"4510ad6\" data-element_type=\"widget\" data-e-type=\"widget\" data-widget_type=\"text-editor.default\">\n\t\t\t\t\t\t\t\t\t<p><span style=\"color: var( --e-global-color-text ); background-color: var(--ak-bg-color);\">La pir\u00e1mide del Gran Jaguar (tambi\u00e9n llamado Tempo A o Templo I por los arque\u00f3logos) debe su nombre al gobernante Jasaw Chan Kawii\u2019l, que fue sepultado all\u00ed en el a\u00f1o 734.<\/span><span style=\"color: var( --e-global-color-text ); background-color: var(--ak-bg-color);\">\u00a0 <\/span><span style=\"color: var( --e-global-color-text ); background-color: var(--ak-bg-color);\">Al momento de su muerte el edificio todav\u00eda no estaba terminado, aunque se comenz\u00f3 su construcci\u00f3n hacia el 720. Lo concluy\u00f3 su hijo Jas&#8217;aw Ch&#8217;aan Kawiil\u00a0 Mide 47 metros de altura. Se hipotetiza que en su crester\u00eda existi\u00f3 una efigie enorme del gobernante.<\/span><\/p><p><span style=\"color: var( --e-global-color-text ); background-color: var(--ak-bg-color);\">La tumba se encontr\u00f3 en la base de la pir\u00e1mide. Adentro se encontraron ofrendas de huesos labrados con figuras del inframundo maya, objetos de jade y cer\u00e1mica.\u00a0<\/span><\/p>\t\t\t\t\t\t\t\t<\/div>\n\t\t\t\t\t<\/div>\n\t\t<\/div>\n\t\t\t\t\t<\/div>\n\t\t<\/section>\n\t\t\t\t<section data-particle_enable=\"false\" data-particle-mobile-disabled=\"false\" class=\"elementor-section elementor-top-section elementor-element elementor-element-2ce7eb5 elementor-section-boxed elementor-section-height-default elementor-section-height-default\" data-id=\"2ce7eb5\" data-element_type=\"section\" data-e-type=\"section\">\n\t\t\t\t\t\t<div class=\"elementor-container elementor-column-gap-default\">\n\t\t\t\t\t<div class=\"elementor-column elementor-col-100 elementor-top-column elementor-element elementor-element-2aa8fdd\" data-id=\"2aa8fdd\" data-element_type=\"column\" data-e-type=\"column\">\n\t\t\t<div class=\"elementor-widget-wrap elementor-element-populated\">\n\t\t\t\t\t\t<div class=\"elementor-element elementor-element-a84d044 elementor-widget elementor-widget-heading\" data-id=\"a84d044\" data-element_type=\"widget\" data-e-type=\"widget\" data-widget_type=\"heading.default\">\n\t\t\t\t\t<h2 class=\"elementor-heading-title elementor-size-default\">2. Gobernante ataviado como Gran Jaguar  le da su legendario nombre<\/h2>\t\t\t\t<\/div>\n\t\t\t\t\t<\/div>\n\t\t<\/div>\n\t\t\t\t\t<\/div>\n\t\t<\/section>\n\t\t\t\t<section data-particle_enable=\"false\" data-particle-mobile-disabled=\"false\" class=\"elementor-section elementor-top-section elementor-element elementor-element-2113d1d elementor-section-boxed elementor-section-height-default elementor-section-height-default\" data-id=\"2113d1d\" data-element_type=\"section\" data-e-type=\"section\">\n\t\t\t\t\t\t<div class=\"elementor-container elementor-column-gap-default\">\n\t\t\t\t\t<div class=\"elementor-column elementor-col-100 elementor-top-column elementor-element elementor-element-89545cd\" data-id=\"89545cd\" data-element_type=\"column\" data-e-type=\"column\">\n\t\t\t<div class=\"elementor-widget-wrap elementor-element-populated\">\n\t\t\t\t\t\t<div class=\"elementor-element elementor-element-2c3e82b elementor-widget elementor-widget-image\" data-id=\"2c3e82b\" data-element_type=\"widget\" data-e-type=\"widget\" data-widget_type=\"image.default\">\n\t\t\t\t\t\t\t\t\t\t\t\t<figure class=\"wp-caption\">\n\t\t\t\t\t\t\t\t\t\t<img decoding=\"async\" width=\"649\" height=\"1024\" src=\"https:\/\/soymigrante.com\/revista\/wp-content\/uploads\/2023\/06\/Doyle_Houston_Figure4-GRAN-JAGUAR-DINTEL-649x1024.webp\" class=\"attachment-large size-large wp-image-1540\" alt=\"Efigie del gobernante dibujada a partir del dintel que estaba en el templo I. N\u00f3tese la armadura de jaguar. Dibujos de Montgomery.\" srcset=\"https:\/\/soymigrante.com\/revista\/wp-content\/uploads\/2023\/06\/Doyle_Houston_Figure4-GRAN-JAGUAR-DINTEL-649x1024.webp 649w, https:\/\/soymigrante.com\/revista\/wp-content\/uploads\/2023\/06\/Doyle_Houston_Figure4-GRAN-JAGUAR-DINTEL-190x300.webp 190w, https:\/\/soymigrante.com\/revista\/wp-content\/uploads\/2023\/06\/Doyle_Houston_Figure4-GRAN-JAGUAR-DINTEL-768x1213.webp 768w, https:\/\/soymigrante.com\/revista\/wp-content\/uploads\/2023\/06\/Doyle_Houston_Figure4-GRAN-JAGUAR-DINTEL-750x1184.webp 750w, https:\/\/soymigrante.com\/revista\/wp-content\/uploads\/2023\/06\/Doyle_Houston_Figure4-GRAN-JAGUAR-DINTEL.webp 950w\" sizes=\"(max-width: 649px) 100vw, 649px\" title=\"Doyle_Houston_Figure4 GRAN JAGUAR DINTEL \u2013 SoyMigrante.com REVISTA\" \/>\t\t\t\t\t\t\t\t\t\t\t<figcaption class=\"widget-image-caption wp-caption-text\">Efigie del gobernante dibujada a partir del dintel que estaba en el templo I. N\u00f3tese la armadura de jaguar. Dibujos de Montgomery.<\/figcaption>\n\t\t\t\t\t\t\t\t\t\t<\/figure>\n\t\t\t\t\t\t\t\t\t<\/div>\n\t\t\t\t\t<\/div>\n\t\t<\/div>\n\t\t\t\t\t<\/div>\n\t\t<\/section>\n\t\t\t\t<section data-particle_enable=\"false\" data-particle-mobile-disabled=\"false\" class=\"elementor-section elementor-top-section elementor-element elementor-element-c1e4fa3 elementor-section-boxed elementor-section-height-default elementor-section-height-default\" data-id=\"c1e4fa3\" data-element_type=\"section\" data-e-type=\"section\">\n\t\t\t\t\t\t<div class=\"elementor-container elementor-column-gap-default\">\n\t\t\t\t\t<div class=\"elementor-column elementor-col-100 elementor-top-column elementor-element elementor-element-c53a4e0\" data-id=\"c53a4e0\" data-element_type=\"column\" data-e-type=\"column\">\n\t\t\t<div class=\"elementor-widget-wrap elementor-element-populated\">\n\t\t\t\t\t\t<div class=\"elementor-element elementor-element-8f16a9b elementor-widget elementor-widget-text-editor\" data-id=\"8f16a9b\" data-element_type=\"widget\" data-e-type=\"widget\" data-widget_type=\"text-editor.default\">\n\t\t\t\t\t\t\t\t\t<p><span style=\"color: var( --e-global-color-text ); background-color: var(--ak-bg-color);\">En el interior del templo hab\u00eda dinteles esculpidos en madera de chicozapote. En ellos estaba grabada la efigie del gobernante, tambi\u00e9n conocido como Gobernante A o Ah Cacaw. Dicha figura est\u00e1 ataviada con un traje en el cual sobresale una enorme cabeza de Jaguar. Dichos dinteles fueron extra\u00eddos del pa\u00eds en 1877. \u00a0Parte de ellos est\u00e1 en el Museo Antropol\u00f3gico de Berl\u00edn y otras partes est\u00e1n en el Museo Brit\u00e1nico y en el Smithsonian Institute de EE.UU.<\/span><\/p>\t\t\t\t\t\t\t\t<\/div>\n\t\t\t\t\t<\/div>\n\t\t<\/div>\n\t\t\t\t\t<\/div>\n\t\t<\/section>\n\t\t\t\t<section data-particle_enable=\"false\" data-particle-mobile-disabled=\"false\" class=\"elementor-section elementor-top-section elementor-element elementor-element-6ac4f41 elementor-section-boxed elementor-section-height-default elementor-section-height-default\" data-id=\"6ac4f41\" data-element_type=\"section\" data-e-type=\"section\">\n\t\t\t\t\t\t<div class=\"elementor-container elementor-column-gap-default\">\n\t\t\t\t\t<div class=\"elementor-column elementor-col-100 elementor-top-column elementor-element elementor-element-8c95fcc\" data-id=\"8c95fcc\" data-element_type=\"column\" data-e-type=\"column\">\n\t\t\t<div class=\"elementor-widget-wrap elementor-element-populated\">\n\t\t\t\t\t\t<div class=\"elementor-element elementor-element-5e376ba elementor-widget elementor-widget-heading\" data-id=\"5e376ba\" data-element_type=\"widget\" data-e-type=\"widget\" data-widget_type=\"heading.default\">\n\t\t\t\t\t<h2 class=\"elementor-heading-title elementor-size-default\">3. Yax Mutal es su nombre prehisp\u00e1nico<\/h2>\t\t\t\t<\/div>\n\t\t\t\t\t<\/div>\n\t\t<\/div>\n\t\t\t\t\t<\/div>\n\t\t<\/section>\n\t\t\t\t<section data-particle_enable=\"false\" data-particle-mobile-disabled=\"false\" class=\"elementor-section elementor-top-section elementor-element elementor-element-20dac2c elementor-section-boxed elementor-section-height-default elementor-section-height-default\" data-id=\"20dac2c\" data-element_type=\"section\" data-e-type=\"section\">\n\t\t\t\t\t\t<div class=\"elementor-container elementor-column-gap-default\">\n\t\t\t\t\t<div class=\"elementor-column elementor-col-100 elementor-top-column elementor-element elementor-element-17864ef\" data-id=\"17864ef\" data-element_type=\"column\" data-e-type=\"column\">\n\t\t\t<div class=\"elementor-widget-wrap elementor-element-populated\">\n\t\t\t\t\t\t<div class=\"elementor-element elementor-element-f653bb8 elementor-widget elementor-widget-image\" data-id=\"f653bb8\" data-element_type=\"widget\" data-e-type=\"widget\" data-widget_type=\"image.default\">\n\t\t\t\t\t\t\t\t\t\t\t\t<figure class=\"wp-caption\">\n\t\t\t\t\t\t\t\t\t\t<img loading=\"lazy\" decoding=\"async\" width=\"1024\" height=\"705\" src=\"https:\/\/soymigrante.com\/revista\/wp-content\/uploads\/2023\/06\/Captura-de-pantalla-2023-06-22-123142-1024x705.webp\" class=\"attachment-large size-large wp-image-1550\" alt=\"Tikal fue descubierta en 1858 y entre las primeras fotograf\u00edas de sus pir\u00e1mides est\u00e1n las de Alfred Percival Maudslay, en 1882.\" srcset=\"https:\/\/soymigrante.com\/revista\/wp-content\/uploads\/2023\/06\/Captura-de-pantalla-2023-06-22-123142-1024x705.webp 1024w, https:\/\/soymigrante.com\/revista\/wp-content\/uploads\/2023\/06\/Captura-de-pantalla-2023-06-22-123142-300x207.webp 300w, https:\/\/soymigrante.com\/revista\/wp-content\/uploads\/2023\/06\/Captura-de-pantalla-2023-06-22-123142-768x529.webp 768w, https:\/\/soymigrante.com\/revista\/wp-content\/uploads\/2023\/06\/Captura-de-pantalla-2023-06-22-123142-750x516.webp 750w, https:\/\/soymigrante.com\/revista\/wp-content\/uploads\/2023\/06\/Captura-de-pantalla-2023-06-22-123142-1140x785.webp 1140w, https:\/\/soymigrante.com\/revista\/wp-content\/uploads\/2023\/06\/Captura-de-pantalla-2023-06-22-123142.webp 1236w\" sizes=\"(max-width: 1024px) 100vw, 1024px\" title=\"Tikal fue descubierta en 1858 y entre las primeras fotograf\u00edas de sus pir\u00e1mides est\u00e1n las de Alfred Percival Maudslay, en 1882. \u2013 SoyMigrante.com REVISTA\" \/>\t\t\t\t\t\t\t\t\t\t\t<figcaption class=\"widget-image-caption wp-caption-text\">Tikal fue descubierta en 1858 y entre las primeras fotograf\u00edas de sus pir\u00e1mides est\u00e1n las de Alfred Percival Maudslay, entre 1881 y 1882.<\/figcaption>\n\t\t\t\t\t\t\t\t\t\t<\/figure>\n\t\t\t\t\t\t\t\t\t<\/div>\n\t\t\t\t\t<\/div>\n\t\t<\/div>\n\t\t\t\t\t<\/div>\n\t\t<\/section>\n\t\t\t\t<section data-particle_enable=\"false\" data-particle-mobile-disabled=\"false\" class=\"elementor-section elementor-top-section elementor-element elementor-element-a68e5fa elementor-section-boxed elementor-section-height-default elementor-section-height-default\" data-id=\"a68e5fa\" data-element_type=\"section\" data-e-type=\"section\">\n\t\t\t\t\t\t<div class=\"elementor-container elementor-column-gap-default\">\n\t\t\t\t\t<div class=\"elementor-column elementor-col-100 elementor-top-column elementor-element elementor-element-3020823\" data-id=\"3020823\" data-element_type=\"column\" data-e-type=\"column\">\n\t\t\t<div class=\"elementor-widget-wrap elementor-element-populated\">\n\t\t\t\t\t\t<div class=\"elementor-element elementor-element-bd62357 elementor-widget elementor-widget-text-editor\" data-id=\"bd62357\" data-element_type=\"widget\" data-e-type=\"widget\" data-widget_type=\"text-editor.default\">\n\t\t\t\t\t\t\t\t\t<p><span style=\"color: var( --e-global-color-text ); background-color: var(--ak-bg-color);\">El sitio fue encontrado en febrero de 1848 en una expedici\u00f3n conducida por el gobernador de Pet\u00e9n Modesto M\u00e9ndez y el corregidor Ambrocio Tut, siguiendo los reportes de chicleros, cazadores y lugare\u00f1os que hablaban de una antigua ciudad en ruinas. Le llamaban \u201cTikal\u201d, que significa Lugar de Voces. Sin embargo, arque\u00f3logos lograron identificar un glifo emblema consistente en un \u201cmo\u00f1o\u201d de cabello amarrado, que se lee como Mutal. De ah\u00ed se deriva que Yax Mutal o primer Mutal, es la identificaci\u00f3n prehisp\u00e1nica de esta ciudad.<\/span><\/p>\t\t\t\t\t\t\t\t<\/div>\n\t\t\t\t\t<\/div>\n\t\t<\/div>\n\t\t\t\t\t<\/div>\n\t\t<\/section>\n\t\t\t\t<section data-particle_enable=\"false\" data-particle-mobile-disabled=\"false\" class=\"elementor-section elementor-top-section elementor-element elementor-element-a743bc9 elementor-section-boxed elementor-section-height-default elementor-section-height-default\" data-id=\"a743bc9\" data-element_type=\"section\" data-e-type=\"section\">\n\t\t\t\t\t\t<div class=\"elementor-container elementor-column-gap-default\">\n\t\t\t\t\t<div class=\"elementor-column elementor-col-100 elementor-top-column elementor-element elementor-element-97ee495\" data-id=\"97ee495\" data-element_type=\"column\" data-e-type=\"column\">\n\t\t\t<div class=\"elementor-widget-wrap elementor-element-populated\">\n\t\t\t\t\t\t<div class=\"elementor-element elementor-element-3f2b39f elementor-widget elementor-widget-heading\" data-id=\"3f2b39f\" data-element_type=\"widget\" data-e-type=\"widget\" data-widget_type=\"heading.default\">\n\t\t\t\t\t<h2 class=\"elementor-heading-title elementor-size-default\">Galer\u00eda: Maqueta del Templo I impresion\u00f3 a migrantes guatemaltecos en II Feria Cultural de Los Angeles<\/h2>\t\t\t\t<\/div>\n\t\t\t\t\t<\/div>\n\t\t<\/div>\n\t\t\t\t\t<\/div>\n\t\t<\/section>\n\t\t\t\t<section data-particle_enable=\"false\" data-particle-mobile-disabled=\"false\" class=\"elementor-section elementor-top-section elementor-element elementor-element-909d0fb elementor-section-boxed elementor-section-height-default elementor-section-height-default\" data-id=\"909d0fb\" data-element_type=\"section\" data-e-type=\"section\">\n\t\t\t\t\t\t<div class=\"elementor-container elementor-column-gap-default\">\n\t\t\t\t\t<div class=\"elementor-column elementor-col-100 elementor-top-column elementor-element elementor-element-4e240ea\" data-id=\"4e240ea\" data-element_type=\"column\" data-e-type=\"column\">\n\t\t\t<div class=\"elementor-widget-wrap elementor-element-populated\">\n\t\t\t\t\t\t<div class=\"elementor-element elementor-element-2cafa12 elementor-widget elementor-widget-gallery\" data-id=\"2cafa12\" data-element_type=\"widget\" data-e-type=\"widget\" data-settings=\"{&quot;lazyload&quot;:&quot;yes&quot;,&quot;gallery_layout&quot;:&quot;grid&quot;,&quot;columns&quot;:4,&quot;columns_tablet&quot;:2,&quot;columns_mobile&quot;:1,&quot;gap&quot;:{&quot;unit&quot;:&quot;px&quot;,&quot;size&quot;:10,&quot;sizes&quot;:[]},&quot;gap_tablet&quot;:{&quot;unit&quot;:&quot;px&quot;,&quot;size&quot;:10,&quot;sizes&quot;:[]},&quot;gap_mobile&quot;:{&quot;unit&quot;:&quot;px&quot;,&quot;size&quot;:10,&quot;sizes&quot;:[]},&quot;link_to&quot;:&quot;file&quot;,&quot;aspect_ratio&quot;:&quot;3:2&quot;,&quot;overlay_background&quot;:&quot;yes&quot;,&quot;content_hover_animation&quot;:&quot;fade-in&quot;}\" data-widget_type=\"gallery.default\">\n\t\t\t\t\t\t\t<div class=\"elementor-gallery__container\">\n\t\t\t\t\t\t\t<a class=\"e-gallery-item elementor-gallery-item elementor-animated-content\" href=\"https:\/\/soymigrante.com\/revista\/wp-content\/uploads\/2023\/06\/355312329_2454759304681553_1198255576023309642_n.webp\" data-elementor-open-lightbox=\"yes\" data-elementor-lightbox-slideshow=\"2cafa12\" data-elementor-lightbox-title=\"La maqueta del Templo I o Gran Jaguar, despert\u00f3 emoci\u00f3n y admiraci\u00f3n entre los asistentes a la Feria Cultural Guatemalteca de Los Angeles, el 17 y 18 de junio de 2023.\" data-elementor-lightbox-description=\"La maqueta del Templo I o Gran Jaguar, despert\u00f3 emoci\u00f3n y admiraci\u00f3n entre los asistentes a la Feria Cultural Guatemalteca de Los Angeles, el 17 y 18 de junio de 2023.\" data-e-action-hash=\"#elementor-action%3Aaction%3Dlightbox%26settings%3DeyJpZCI6MTU1NywidXJsIjoiaHR0cHM6XC9cL3NveW1pZ3JhbnRlLmNvbVwvcmV2aXN0YVwvd3AtY29udGVudFwvdXBsb2Fkc1wvMjAyM1wvMDZcLzM1NTMxMjMyOV8yNDU0NzU5MzA0NjgxNTUzXzExOTgyNTU1NzYwMjMzMDk2NDJfbi53ZWJwIiwic2xpZGVzaG93IjoiMmNhZmExMiJ9\">\n\t\t\t\t\t<div class=\"e-gallery-image elementor-gallery-item__image\" data-thumbnail=\"https:\/\/soymigrante.com\/revista\/wp-content\/uploads\/2023\/06\/355312329_2454759304681553_1198255576023309642_n-225x300.webp\" data-width=\"225\" data-height=\"300\" aria-label=\"La maqueta del Templo I o Gran Jaguar, despert\u00f3 emoci\u00f3n y admiraci\u00f3n entre los asistentes a la Feria Cultural Guatemalteca de Los Angeles, el 17 y 18 de junio de 2023.\" role=\"img\" ><\/div>\n\t\t\t\t\t\t\t\t\t\t\t<div class=\"elementor-gallery-item__overlay\"><\/div>\n\t\t\t\t\t\t\t\t\t\t\t\t\t\t<\/a>\n\t\t\t\t\t\t\t<a class=\"e-gallery-item elementor-gallery-item elementor-animated-content\" href=\"https:\/\/soymigrante.com\/revista\/wp-content\/uploads\/2023\/06\/355223352_2454759181348232_328630652729580705_n.jpg\" data-elementor-open-lightbox=\"yes\" data-elementor-lightbox-slideshow=\"2cafa12\" data-elementor-lightbox-title=\"El escultor Ra\u00fal Monterroso posa tras terminar de instalar la r\u00e9plica en la calle Lafayette de Los Angeles,\" data-elementor-lightbox-description=\"El escultor Ra\u00fal Monterroso posa tras terminar de instalar la r\u00e9plica en la calle Lafayette de Los Angeles,\" data-e-action-hash=\"#elementor-action%3Aaction%3Dlightbox%26settings%3DeyJpZCI6MTU1NiwidXJsIjoiaHR0cHM6XC9cL3NveW1pZ3JhbnRlLmNvbVwvcmV2aXN0YVwvd3AtY29udGVudFwvdXBsb2Fkc1wvMjAyM1wvMDZcLzM1NTIyMzM1Ml8yNDU0NzU5MTgxMzQ4MjMyXzMyODYzMDY1MjcyOTU4MDcwNV9uLmpwZyIsInNsaWRlc2hvdyI6IjJjYWZhMTIifQ%3D%3D\">\n\t\t\t\t\t<div class=\"e-gallery-image elementor-gallery-item__image\" data-thumbnail=\"https:\/\/soymigrante.com\/revista\/wp-content\/uploads\/2023\/06\/355223352_2454759181348232_328630652729580705_n-225x300.webp\" data-width=\"225\" data-height=\"300\" aria-label=\"El escultor Ra\u00fal Monterroso posa tras terminar de instalar la r\u00e9plica en la calle Lafayette de Los Angeles,\" role=\"img\" ><\/div>\n\t\t\t\t\t\t\t\t\t\t\t<div class=\"elementor-gallery-item__overlay\"><\/div>\n\t\t\t\t\t\t\t\t\t\t\t\t\t\t<\/a>\n\t\t\t\t\t\t\t<a class=\"e-gallery-item elementor-gallery-item elementor-animated-content\" href=\"https:\/\/soymigrante.com\/revista\/wp-content\/uploads\/2023\/06\/355515029_2455588044598679_9018827705957371338_n.webp\" data-elementor-open-lightbox=\"yes\" data-elementor-lightbox-slideshow=\"2cafa12\" data-elementor-lightbox-title=\"El artista guatemalteco Ra\u00fal Monterroso construy\u00f3 una maqueta del Templo I de Tikal para la II Feria Cultural Guatemalteca, efectuada el 17 y 18 de junio de 2023.\" data-elementor-lightbox-description=\"El artista guatemalteco Ra\u00fal Monterroso construy\u00f3 una maqueta del Templo I de Tikal para la II Feria Cultural Guatemalteca, efectuada el 17 y 18 de junio de 2023.\" data-e-action-hash=\"#elementor-action%3Aaction%3Dlightbox%26settings%3DeyJpZCI6MTU1OCwidXJsIjoiaHR0cHM6XC9cL3NveW1pZ3JhbnRlLmNvbVwvcmV2aXN0YVwvd3AtY29udGVudFwvdXBsb2Fkc1wvMjAyM1wvMDZcLzM1NTUxNTAyOV8yNDU1NTg4MDQ0NTk4Njc5XzkwMTg4Mjc3MDU5NTczNzEzMzhfbi53ZWJwIiwic2xpZGVzaG93IjoiMmNhZmExMiJ9\">\n\t\t\t\t\t<div class=\"e-gallery-image elementor-gallery-item__image\" data-thumbnail=\"https:\/\/soymigrante.com\/revista\/wp-content\/uploads\/2023\/06\/355515029_2455588044598679_9018827705957371338_n-230x300.webp\" data-width=\"230\" data-height=\"300\" aria-label=\"El artista guatemalteco Ra\u00fal Monterroso construy\u00f3 una maqueta del Templo I de Tikal para la II Feria Cultural Guatemalteca, efectuada el 17 y 18 de junio de 2023.\" role=\"img\" ><\/div>\n\t\t\t\t\t\t\t\t\t\t\t<div class=\"elementor-gallery-item__overlay\"><\/div>\n\t\t\t\t\t\t\t\t\t\t\t\t\t\t<\/a>\n\t\t\t\t\t\t\t<a class=\"e-gallery-item elementor-gallery-item elementor-animated-content\" href=\"https:\/\/soymigrante.com\/revista\/wp-content\/uploads\/2023\/06\/355115942_2454256264731857_4579561297929663307_n.jpg\" data-elementor-open-lightbox=\"yes\" data-elementor-lightbox-slideshow=\"2cafa12\" data-elementor-lightbox-title=\"Muchos migrantes guatemaltecos se acercaron a la r\u00e9plica del Templo I o Gran Jaguar para tomarse la fotograf\u00eda del recuerdo.\" data-elementor-lightbox-description=\"Muchos migrantes guatemaltecos se acercaron a la r\u00e9plica del Templo I o Gran Jaguar para tomarse la fotograf\u00eda del recuerdo.\" data-e-action-hash=\"#elementor-action%3Aaction%3Dlightbox%26settings%3DeyJpZCI6MTU1NSwidXJsIjoiaHR0cHM6XC9cL3NveW1pZ3JhbnRlLmNvbVwvcmV2aXN0YVwvd3AtY29udGVudFwvdXBsb2Fkc1wvMjAyM1wvMDZcLzM1NTExNTk0Ml8yNDU0MjU2MjY0NzMxODU3XzQ1Nzk1NjEyOTc5Mjk2NjMzMDdfbi5qcGciLCJzbGlkZXNob3ciOiIyY2FmYTEyIn0%3D\">\n\t\t\t\t\t<div class=\"e-gallery-image elementor-gallery-item__image\" data-thumbnail=\"https:\/\/soymigrante.com\/revista\/wp-content\/uploads\/2023\/06\/355115942_2454256264731857_4579561297929663307_n-225x300.webp\" data-width=\"225\" data-height=\"300\" aria-label=\"Muchos migrantes guatemaltecos se acercaron a la r\u00e9plica del Templo I o Gran Jaguar para tomarse la fotograf\u00eda del recuerdo.\" role=\"img\" ><\/div>\n\t\t\t\t\t\t\t\t\t\t\t<div class=\"elementor-gallery-item__overlay\"><\/div>\n\t\t\t\t\t\t\t\t\t\t\t\t\t\t<\/a>\n\t\t\t\t\t\t\t<a class=\"e-gallery-item elementor-gallery-item elementor-animated-content\" href=\"https:\/\/soymigrante.com\/revista\/wp-content\/uploads\/2023\/06\/355439125_2455484007942416_893256599376471033_n.webp\" data-elementor-open-lightbox=\"yes\" data-elementor-lightbox-slideshow=\"2cafa12\" data-elementor-lightbox-title=\"La iluminaci\u00f3n nocturna le dio un toque especial a la maqueta del Templo I de Ra\u00fal Monterroso.\" data-elementor-lightbox-description=\"La iluminaci\u00f3n nocturna le dio un toque especial a la maqueta del Templo I de Ra\u00fal Monterroso.\" data-e-action-hash=\"#elementor-action%3Aaction%3Dlightbox%26settings%3DeyJpZCI6MTU1MSwidXJsIjoiaHR0cHM6XC9cL3NveW1pZ3JhbnRlLmNvbVwvcmV2aXN0YVwvd3AtY29udGVudFwvdXBsb2Fkc1wvMjAyM1wvMDZcLzM1NTQzOTEyNV8yNDU1NDg0MDA3OTQyNDE2Xzg5MzI1NjU5OTM3NjQ3MTAzM19uLndlYnAiLCJzbGlkZXNob3ciOiIyY2FmYTEyIn0%3D\">\n\t\t\t\t\t<div class=\"e-gallery-image elementor-gallery-item__image\" data-thumbnail=\"https:\/\/soymigrante.com\/revista\/wp-content\/uploads\/2023\/06\/355439125_2455484007942416_893256599376471033_n-225x300.webp\" data-width=\"225\" data-height=\"300\" aria-label=\"La iluminaci\u00f3n nocturna le dio un toque especial a la maqueta del Templo I de Ra\u00fal Monterroso.\" role=\"img\" ><\/div>\n\t\t\t\t\t\t\t\t\t\t\t<div class=\"elementor-gallery-item__overlay\"><\/div>\n\t\t\t\t\t\t\t\t\t\t\t\t\t\t<\/a>\n\t\t\t\t\t\t\t<a class=\"e-gallery-item elementor-gallery-item elementor-animated-content\" href=\"https:\/\/soymigrante.com\/revista\/wp-content\/uploads\/2023\/06\/355257380_2454937344663749_7251945317273784622_n.webp\" data-elementor-open-lightbox=\"yes\" data-elementor-lightbox-slideshow=\"2cafa12\" data-elementor-lightbox-title=\"Un s\u00edmbolo de hermandad y unidad guatemalteca fue la r\u00e9plica del Templo I en la II Feria Cultural Guatemalteca\" data-elementor-lightbox-description=\"Un s\u00edmbolo de hermandad y unidad guatemalteca fue la r\u00e9plica del Templo I en la II Feria Cultural Guatemalteca\" data-e-action-hash=\"#elementor-action%3Aaction%3Dlightbox%26settings%3DeyJpZCI6MTU1MiwidXJsIjoiaHR0cHM6XC9cL3NveW1pZ3JhbnRlLmNvbVwvcmV2aXN0YVwvd3AtY29udGVudFwvdXBsb2Fkc1wvMjAyM1wvMDZcLzM1NTI1NzM4MF8yNDU0OTM3MzQ0NjYzNzQ5XzcyNTE5NDUzMTcyNzM3ODQ2MjJfbi53ZWJwIiwic2xpZGVzaG93IjoiMmNhZmExMiJ9\">\n\t\t\t\t\t<div class=\"e-gallery-image elementor-gallery-item__image\" data-thumbnail=\"https:\/\/soymigrante.com\/revista\/wp-content\/uploads\/2023\/06\/355257380_2454937344663749_7251945317273784622_n-225x300.webp\" data-width=\"225\" data-height=\"300\" aria-label=\"Un s\u00edmbolo de hermandad y unidad guatemalteca fue la r\u00e9plica del Templo I en la II Feria Cultural Guatemalteca\" role=\"img\" ><\/div>\n\t\t\t\t\t\t\t\t\t\t\t<div class=\"elementor-gallery-item__overlay\"><\/div>\n\t\t\t\t\t\t\t\t\t\t\t\t\t\t<\/a>\n\t\t\t\t\t\t\t<a class=\"e-gallery-item elementor-gallery-item elementor-animated-content\" href=\"https:\/\/soymigrante.com\/revista\/wp-content\/uploads\/2023\/06\/355100551_2454256498065167_5857687113472223777_n.jpg\" data-elementor-open-lightbox=\"yes\" data-elementor-lightbox-slideshow=\"2cafa12\" data-elementor-lightbox-title=\"Desde las 10 de la ma\u00f1ana hasta las 10 de la noche, muchos migrantes guatemaltecos guardaron el recuerdo junto al Gran Jaguar.\" data-elementor-lightbox-description=\"Desde las 10 de la ma\u00f1ana hasta las 10 de la noche, muchos migrantes guatemaltecos guardaron el recuerdo junto al Gran Jaguar.\" data-e-action-hash=\"#elementor-action%3Aaction%3Dlightbox%26settings%3DeyJpZCI6MTU1MywidXJsIjoiaHR0cHM6XC9cL3NveW1pZ3JhbnRlLmNvbVwvcmV2aXN0YVwvd3AtY29udGVudFwvdXBsb2Fkc1wvMjAyM1wvMDZcLzM1NTEwMDU1MV8yNDU0MjU2NDk4MDY1MTY3XzU4NTc2ODcxMTM0NzIyMjM3Nzdfbi5qcGciLCJzbGlkZXNob3ciOiIyY2FmYTEyIn0%3D\">\n\t\t\t\t\t<div class=\"e-gallery-image elementor-gallery-item__image\" data-thumbnail=\"https:\/\/soymigrante.com\/revista\/wp-content\/uploads\/2023\/06\/355100551_2454256498065167_5857687113472223777_n-225x300.webp\" data-width=\"225\" data-height=\"300\" aria-label=\"Desde las 10 de la ma\u00f1ana hasta las 10 de la noche, muchos migrantes guatemaltecos guardaron el recuerdo junto al Gran Jaguar.\" role=\"img\" ><\/div>\n\t\t\t\t\t\t\t\t\t\t\t<div class=\"elementor-gallery-item__overlay\"><\/div>\n\t\t\t\t\t\t\t\t\t\t\t\t\t\t<\/a>\n\t\t\t\t\t\t\t<a class=\"e-gallery-item elementor-gallery-item elementor-animated-content\" href=\"https:\/\/soymigrante.com\/revista\/wp-content\/uploads\/2023\/06\/355114865_2454256141398536_2203581822938406857_n.jpg\" data-elementor-open-lightbox=\"yes\" data-elementor-lightbox-slideshow=\"2cafa12\" data-elementor-lightbox-title=\"La pir\u00e1mide del Gran Jaguar fue elaborada con madera, resina, material acr\u00edlico y mucha dedicaci\u00f3n de Ra\u00fal Monterroso.\" data-elementor-lightbox-description=\"La pir\u00e1mide del Gran Jaguar fue elaborada con madera, resina, material acr\u00edlico y mucha dedicaci\u00f3n de Ra\u00fal Monterroso.\" data-e-action-hash=\"#elementor-action%3Aaction%3Dlightbox%26settings%3DeyJpZCI6MTU1NCwidXJsIjoiaHR0cHM6XC9cL3NveW1pZ3JhbnRlLmNvbVwvcmV2aXN0YVwvd3AtY29udGVudFwvdXBsb2Fkc1wvMjAyM1wvMDZcLzM1NTExNDg2NV8yNDU0MjU2MTQxMzk4NTM2XzIyMDM1ODE4MjI5Mzg0MDY4NTdfbi5qcGciLCJzbGlkZXNob3ciOiIyY2FmYTEyIn0%3D\">\n\t\t\t\t\t<div class=\"e-gallery-image elementor-gallery-item__image\" data-thumbnail=\"https:\/\/soymigrante.com\/revista\/wp-content\/uploads\/2023\/06\/355114865_2454256141398536_2203581822938406857_n-225x300.webp\" data-width=\"225\" data-height=\"300\" aria-label=\"La pir\u00e1mide del Gran Jaguar fue elaborada con madera, resina, material acr\u00edlico y mucha dedicaci\u00f3n de Ra\u00fal Monterroso.\" role=\"img\" ><\/div>\n\t\t\t\t\t\t\t\t\t\t\t<div class=\"elementor-gallery-item__overlay\"><\/div>\n\t\t\t\t\t\t\t\t\t\t\t\t\t\t<\/a>\n\t\t\t\t\t<\/div>\n\t\t\t\t\t<\/div>\n\t\t\t\t\t<\/div>\n\t\t<\/div>\n\t\t\t\t\t<\/div>\n\t\t<\/section>\n\t\t\t\t<section data-particle_enable=\"false\" data-particle-mobile-disabled=\"false\" class=\"elementor-section elementor-top-section elementor-element elementor-element-c6051e4 elementor-section-boxed elementor-section-height-default elementor-section-height-default\" data-id=\"c6051e4\" data-element_type=\"section\" data-e-type=\"section\">\n\t\t\t\t\t\t<div class=\"elementor-container elementor-column-gap-default\">\n\t\t\t\t\t<div class=\"elementor-column elementor-col-100 elementor-top-column elementor-element elementor-element-3f6681d\" data-id=\"3f6681d\" data-element_type=\"column\" data-e-type=\"column\">\n\t\t\t<div class=\"elementor-widget-wrap elementor-element-populated\">\n\t\t\t\t\t\t<div class=\"elementor-element elementor-element-c9c400c elementor-widget-divider--view-line elementor-widget elementor-widget-divider\" data-id=\"c9c400c\" data-element_type=\"widget\" data-e-type=\"widget\" data-widget_type=\"divider.default\">\n\t\t\t\t\t\t\t<div class=\"elementor-divider\">\n\t\t\t<span class=\"elementor-divider-separator\">\n\t\t\t\t\t\t<\/span>\n\t\t<\/div>\n\t\t\t\t\t\t<\/div>\n\t\t\t\t\t<\/div>\n\t\t<\/div>\n\t\t\t\t\t<\/div>\n\t\t<\/section>\n\t\t\t\t<section data-particle_enable=\"false\" data-particle-mobile-disabled=\"false\" class=\"elementor-section elementor-top-section elementor-element elementor-element-6a6f682 elementor-section-boxed elementor-section-height-default elementor-section-height-default\" data-id=\"6a6f682\" data-element_type=\"section\" data-e-type=\"section\">\n\t\t\t\t\t\t<div class=\"elementor-container elementor-column-gap-default\">\n\t\t\t\t\t<div class=\"elementor-column elementor-col-100 elementor-top-column elementor-element elementor-element-fe042c9\" data-id=\"fe042c9\" data-element_type=\"column\" data-e-type=\"column\">\n\t\t\t<div class=\"elementor-widget-wrap elementor-element-populated\">\n\t\t\t\t\t\t<div class=\"elementor-element elementor-element-c07915b elementor-widget elementor-widget-heading\" data-id=\"c07915b\" data-element_type=\"widget\" data-e-type=\"widget\" data-widget_type=\"heading.default\">\n\t\t\t\t\t<h2 class=\"elementor-heading-title elementor-size-default\">4. Tikal tuvo una historia pol\u00edtica y militar  de ocho siglos<\/h2>\t\t\t\t<\/div>\n\t\t\t\t\t<\/div>\n\t\t<\/div>\n\t\t\t\t\t<\/div>\n\t\t<\/section>\n\t\t\t\t<section data-particle_enable=\"false\" data-particle-mobile-disabled=\"false\" class=\"elementor-section elementor-top-section elementor-element elementor-element-a5619a3 elementor-section-boxed elementor-section-height-default elementor-section-height-default\" data-id=\"a5619a3\" data-element_type=\"section\" data-e-type=\"section\">\n\t\t\t\t\t\t<div class=\"elementor-container elementor-column-gap-default\">\n\t\t\t\t\t<div class=\"elementor-column elementor-col-100 elementor-top-column elementor-element elementor-element-305dc4e\" data-id=\"305dc4e\" data-element_type=\"column\" data-e-type=\"column\">\n\t\t\t<div class=\"elementor-widget-wrap elementor-element-populated\">\n\t\t\t\t\t\t<div class=\"elementor-element elementor-element-a42f65a elementor-widget elementor-widget-video\" data-id=\"a42f65a\" data-element_type=\"widget\" data-e-type=\"widget\" data-settings=\"{&quot;youtube_url&quot;:&quot;https:\\\/\\\/www.youtube.com\\\/watch?v=v3bDMldpaLs&quot;,&quot;start&quot;:30,&quot;autoplay&quot;:&quot;yes&quot;,&quot;mute&quot;:&quot;yes&quot;,&quot;lazy_load&quot;:&quot;yes&quot;,&quot;video_type&quot;:&quot;youtube&quot;,&quot;controls&quot;:&quot;yes&quot;}\" data-widget_type=\"video.default\">\n\t\t\t\t\t\t\t<div class=\"elementor-wrapper elementor-open-inline\">\n\t\t\t<div class=\"elementor-video\"><\/div>\t\t<\/div>\n\t\t\t\t\t\t<\/div>\n\t\t\t\t\t<\/div>\n\t\t<\/div>\n\t\t\t\t\t<\/div>\n\t\t<\/section>\n\t\t\t\t<section data-particle_enable=\"false\" data-particle-mobile-disabled=\"false\" class=\"elementor-section elementor-top-section elementor-element elementor-element-a44bcf5 elementor-section-boxed elementor-section-height-default elementor-section-height-default\" data-id=\"a44bcf5\" data-element_type=\"section\" data-e-type=\"section\">\n\t\t\t\t\t\t<div class=\"elementor-container elementor-column-gap-default\">\n\t\t\t\t\t<div class=\"elementor-column elementor-col-100 elementor-top-column elementor-element elementor-element-b63067a\" data-id=\"b63067a\" data-element_type=\"column\" data-e-type=\"column\">\n\t\t\t<div class=\"elementor-widget-wrap elementor-element-populated\">\n\t\t\t\t\t\t<div class=\"elementor-element elementor-element-d6fb5c6 elementor-widget elementor-widget-text-editor\" data-id=\"d6fb5c6\" data-element_type=\"widget\" data-e-type=\"widget\" data-widget_type=\"text-editor.default\">\n\t\t\t\t\t\t\t\t\t<p><span style=\"background-color: var(--ak-bg-color);\">Los primeros asentamientos en el \u00e1rea han sido fechados en el a\u00f1o 100 A.C., pero una sucesi\u00f3n de gobernantes, aproximadamente 33, gracias a inscripciones en estelas comienza entre el a\u00f1o 63 y 138: una etapa clave en el desarrollo de las Tierras Bajas, con plena comunicaci\u00f3n con el \u00e1rea de Tierras Altas y la Costa del Pac\u00edfico. A partir de entonces se extender\u00eda esa sucesi\u00f3n hasta el a\u00f1o 868. El reino de Tikal estaba en constante rivalidad con el reino de Calakmul.<\/span><\/p><p><span style=\"background-color: var(--ak-bg-color);\">No exist\u00eda entonces \u201cfrontera\u201d de pa\u00edses y la zona maya abarcaba la actual pen\u00ednsula de Yucat\u00e1n. Tikal o Yax Mutal creci\u00f3, desarroll\u00f3 un gran poder pol\u00edtico y finalmente fue abandonada hacia el a\u00f1o 900, posiblemente por escasez o contaminaci\u00f3n del agua.\u00a0<\/span><\/p><p>\u00a0<\/p>\t\t\t\t\t\t\t\t<\/div>\n\t\t\t\t\t<\/div>\n\t\t<\/div>\n\t\t\t\t\t<\/div>\n\t\t<\/section>\n\t\t\t\t<section data-particle_enable=\"false\" data-particle-mobile-disabled=\"false\" class=\"elementor-section elementor-top-section elementor-element elementor-element-52381f4 elementor-section-boxed elementor-section-height-default elementor-section-height-default\" data-id=\"52381f4\" data-element_type=\"section\" data-e-type=\"section\">\n\t\t\t\t\t\t<div class=\"elementor-container elementor-column-gap-default\">\n\t\t\t\t\t<div class=\"elementor-column elementor-col-100 elementor-top-column elementor-element elementor-element-3f26b6d\" data-id=\"3f26b6d\" data-element_type=\"column\" data-e-type=\"column\">\n\t\t\t<div class=\"elementor-widget-wrap elementor-element-populated\">\n\t\t\t\t\t\t<div class=\"elementor-element elementor-element-0761834 elementor-widget elementor-widget-heading\" data-id=\"0761834\" data-element_type=\"widget\" data-e-type=\"widget\" data-widget_type=\"heading.default\">\n\t\t\t\t\t<h2 class=\"elementor-heading-title elementor-size-default\">5. Existi\u00f3 una Ni\u00f1a Reina: la Se\u00f1ora de Tikal, gobern\u00f3 desde los 6 a\u00f1os<\/h2>\t\t\t\t<\/div>\n\t\t\t\t\t<\/div>\n\t\t<\/div>\n\t\t\t\t\t<\/div>\n\t\t<\/section>\n\t\t\t\t<section data-particle_enable=\"false\" data-particle-mobile-disabled=\"false\" class=\"elementor-section elementor-top-section elementor-element elementor-element-10ed740 elementor-section-boxed elementor-section-height-default elementor-section-height-default\" data-id=\"10ed740\" data-element_type=\"section\" data-e-type=\"section\">\n\t\t\t\t\t\t<div class=\"elementor-container elementor-column-gap-default\">\n\t\t\t\t\t<div class=\"elementor-column elementor-col-100 elementor-top-column elementor-element elementor-element-599b878\" data-id=\"599b878\" data-element_type=\"column\" data-e-type=\"column\">\n\t\t\t<div class=\"elementor-widget-wrap elementor-element-populated\">\n\t\t\t\t\t\t<div class=\"elementor-element elementor-element-dbbd16e elementor-widget elementor-widget-image\" data-id=\"dbbd16e\" data-element_type=\"widget\" data-e-type=\"widget\" data-widget_type=\"image.default\">\n\t\t\t\t\t\t\t\t\t\t\t\t\t\t\t<img loading=\"lazy\" decoding=\"async\" width=\"1024\" height=\"590\" src=\"https:\/\/soymigrante.com\/revista\/wp-content\/uploads\/2023\/06\/senora-de-tikal-1024x590.webp\" class=\"attachment-large size-large wp-image-1560\" alt=\"Dibujos de estelas en los cuales se alude a la Se\u00f1ora de Tikal. No ten\u00eda un rostro visible.\" srcset=\"https:\/\/soymigrante.com\/revista\/wp-content\/uploads\/2023\/06\/senora-de-tikal-1024x590.webp 1024w, https:\/\/soymigrante.com\/revista\/wp-content\/uploads\/2023\/06\/senora-de-tikal-300x173.webp 300w, https:\/\/soymigrante.com\/revista\/wp-content\/uploads\/2023\/06\/senora-de-tikal-768x442.webp 768w, https:\/\/soymigrante.com\/revista\/wp-content\/uploads\/2023\/06\/senora-de-tikal-750x432.webp 750w, https:\/\/soymigrante.com\/revista\/wp-content\/uploads\/2023\/06\/senora-de-tikal-1140x656.webp 1140w, https:\/\/soymigrante.com\/revista\/wp-content\/uploads\/2023\/06\/senora-de-tikal.webp 1247w\" sizes=\"(max-width: 1024px) 100vw, 1024px\" title=\"se\u00f1ora de tikal, Dibujos de estelas en los cuales se alude a la Se\u00f1ora de Tikal. No ten\u00eda un rostro visible. \u2013 SoyMigrante.com REVISTA\" \/>\t\t\t\t\t\t\t\t\t\t\t\t\t\t\t<\/div>\n\t\t\t\t\t<\/div>\n\t\t<\/div>\n\t\t\t\t\t<\/div>\n\t\t<\/section>\n\t\t\t\t<section data-particle_enable=\"false\" data-particle-mobile-disabled=\"false\" class=\"elementor-section elementor-top-section elementor-element elementor-element-bec0e51 elementor-section-boxed elementor-section-height-default elementor-section-height-default\" data-id=\"bec0e51\" data-element_type=\"section\" data-e-type=\"section\">\n\t\t\t\t\t\t<div class=\"elementor-container elementor-column-gap-default\">\n\t\t\t\t\t<div class=\"elementor-column elementor-col-100 elementor-top-column elementor-element elementor-element-df7fa93\" data-id=\"df7fa93\" data-element_type=\"column\" data-e-type=\"column\">\n\t\t\t<div class=\"elementor-widget-wrap elementor-element-populated\">\n\t\t\t\t\t\t<div class=\"elementor-element elementor-element-d32b18c elementor-widget elementor-widget-text-editor\" data-id=\"d32b18c\" data-element_type=\"widget\" data-e-type=\"widget\" data-widget_type=\"text-editor.default\">\n\t\t\t\t\t\t\t\t\t<p>Ln la fecha maya equivalente al a\u00f1o 504<span style=\"color: var( --e-global-color-text ); background-color: var(--ak-bg-color);\">, seg\u00fan la inscripci\u00f3n de una estela, naci\u00f3 una ni\u00f1a que fue elevada al rango de Ajaw, es decir, gobernante, en 511. S\u00ed, una reina de solo 6 a\u00f1os de edad.&nbsp; Era hija de Chak Tok Ichaak, tambi\u00e9n llamado Garra de Jaguar, quien gobern\u00f3 del 486 a 508.&nbsp;<\/span><span style=\"background-color: var(--ak-bg-color); color: var( --e-global-color-text );\">Parece ser que la Se\u00f1ora de Tikal no siempre gobern\u00f3 por pleno derecho, sino bajo la tutela de alguien conocido como Kaloomte&#8217; B&#8217;alam y, posiblemente, con un consorte posterior que pudo ser este mismo personaje.<\/span><\/p>\t\t\t\t\t\t\t\t<\/div>\n\t\t\t\t\t<\/div>\n\t\t<\/div>\n\t\t\t\t\t<\/div>\n\t\t<\/section>\n\t\t\t\t<section data-particle_enable=\"false\" data-particle-mobile-disabled=\"false\" class=\"elementor-section elementor-top-section elementor-element elementor-element-3b082d0 elementor-section-boxed elementor-section-height-default elementor-section-height-default\" data-id=\"3b082d0\" data-element_type=\"section\" data-e-type=\"section\">\n\t\t\t\t\t\t<div class=\"elementor-container elementor-column-gap-default\">\n\t\t\t\t\t<div class=\"elementor-column elementor-col-100 elementor-top-column elementor-element elementor-element-e12961b\" data-id=\"e12961b\" data-element_type=\"column\" data-e-type=\"column\">\n\t\t\t<div class=\"elementor-widget-wrap elementor-element-populated\">\n\t\t\t\t\t\t<div class=\"elementor-element elementor-element-63cec3f elementor-widget elementor-widget-heading\" data-id=\"63cec3f\" data-element_type=\"widget\" data-e-type=\"widget\" data-widget_type=\"heading.default\">\n\t\t\t\t\t<h2 class=\"elementor-heading-title elementor-size-default\">6. El \u00faltimo gobernante de Tikal <\/h2>\t\t\t\t<\/div>\n\t\t\t\t\t<\/div>\n\t\t<\/div>\n\t\t\t\t\t<\/div>\n\t\t<\/section>\n\t\t\t\t<section data-particle_enable=\"false\" data-particle-mobile-disabled=\"false\" class=\"elementor-section elementor-top-section elementor-element elementor-element-27b7982 elementor-section-boxed elementor-section-height-default elementor-section-height-default\" data-id=\"27b7982\" data-element_type=\"section\" data-e-type=\"section\">\n\t\t\t\t\t\t<div class=\"elementor-container elementor-column-gap-default\">\n\t\t\t\t\t<div class=\"elementor-column elementor-col-100 elementor-top-column elementor-element elementor-element-2261013\" data-id=\"2261013\" data-element_type=\"column\" data-e-type=\"column\">\n\t\t\t<div class=\"elementor-widget-wrap elementor-element-populated\">\n\t\t\t\t\t\t<div class=\"elementor-element elementor-element-8c1136e elementor-widget elementor-widget-video\" data-id=\"8c1136e\" data-element_type=\"widget\" data-e-type=\"widget\" data-settings=\"{&quot;youtube_url&quot;:&quot;https:\\\/\\\/youtu.be\\\/2KJ3DOA_HR0&quot;,&quot;start&quot;:340,&quot;end&quot;:440,&quot;video_type&quot;:&quot;youtube&quot;,&quot;controls&quot;:&quot;yes&quot;}\" data-widget_type=\"video.default\">\n\t\t\t\t\t\t\t<div class=\"elementor-wrapper elementor-open-inline\">\n\t\t\t<div class=\"elementor-video\"><\/div>\t\t<\/div>\n\t\t\t\t\t\t<\/div>\n\t\t\t\t\t<\/div>\n\t\t<\/div>\n\t\t\t\t\t<\/div>\n\t\t<\/section>\n\t\t\t\t<section data-particle_enable=\"false\" data-particle-mobile-disabled=\"false\" class=\"elementor-section elementor-top-section elementor-element elementor-element-375c732 elementor-section-boxed elementor-section-height-default elementor-section-height-default\" data-id=\"375c732\" data-element_type=\"section\" data-e-type=\"section\">\n\t\t\t\t\t\t<div class=\"elementor-container elementor-column-gap-default\">\n\t\t\t\t\t<div class=\"elementor-column elementor-col-100 elementor-top-column elementor-element elementor-element-876f402\" data-id=\"876f402\" data-element_type=\"column\" data-e-type=\"column\">\n\t\t\t<div class=\"elementor-widget-wrap elementor-element-populated\">\n\t\t\t\t\t\t<div class=\"elementor-element elementor-element-d461785 elementor-widget elementor-widget-text-editor\" data-id=\"d461785\" data-element_type=\"widget\" data-e-type=\"widget\" data-widget_type=\"text-editor.default\">\n\t\t\t\t\t\t\t\t\t<p>Con un nombre similar al del gobernante que le devolvi\u00f3 a Tikal o Yax Mutal su esplendor, se registra Jasaw Chan K&#8217;awill II en la estela 11 de Uaxact\u00fan, que data de 869. Las guerras contra Calakmul sumadas a la grave crisis por contaminaci\u00f3n del agua llevar\u00edan al abandono de Tikal, que fue cubierta por la selva.<\/p><p>La contaminaci\u00f3n del agua, seg\u00fan recientes estudios cient\u00edficos, se debi\u00f3 al uso de cinabrio para colorear las pir\u00e1mides. Se trata de un compuesto asociado con el mercurio, cuyos residuos eran arrastrados hasta las fuentes de agua por las lluvias.<\/p>\t\t\t\t\t\t\t\t<\/div>\n\t\t\t\t\t<\/div>\n\t\t<\/div>\n\t\t\t\t\t<\/div>\n\t\t<\/section>\n\t\t\t\t<section data-particle_enable=\"false\" data-particle-mobile-disabled=\"false\" class=\"elementor-section elementor-top-section elementor-element elementor-element-ef2a338 elementor-section-boxed elementor-section-height-default elementor-section-height-default\" data-id=\"ef2a338\" data-element_type=\"section\" data-e-type=\"section\">\n\t\t\t\t\t\t<div class=\"elementor-container elementor-column-gap-default\">\n\t\t\t\t\t<div class=\"elementor-column elementor-col-100 elementor-top-column elementor-element elementor-element-25627a9\" data-id=\"25627a9\" data-element_type=\"column\" data-e-type=\"column\">\n\t\t\t<div class=\"elementor-widget-wrap elementor-element-populated\">\n\t\t\t\t\t\t<div class=\"elementor-element elementor-element-bbe2cc6 elementor-widget elementor-widget-heading\" data-id=\"bbe2cc6\" data-element_type=\"widget\" data-e-type=\"widget\" data-widget_type=\"heading.default\">\n\t\t\t\t\t<h2 class=\"elementor-heading-title elementor-size-default\">7. Ya hab\u00eda sido escenario escenario f\u00edlmico, a\u00f1os antes de Star Wars<\/h2>\t\t\t\t<\/div>\n\t\t\t\t\t<\/div>\n\t\t<\/div>\n\t\t\t\t\t<\/div>\n\t\t<\/section>\n\t\t\t\t<section data-particle_enable=\"false\" data-particle-mobile-disabled=\"false\" class=\"elementor-section elementor-top-section elementor-element elementor-element-2385974 elementor-section-boxed elementor-section-height-default elementor-section-height-default\" data-id=\"2385974\" data-element_type=\"section\" data-e-type=\"section\">\n\t\t\t\t\t\t<div class=\"elementor-container elementor-column-gap-default\">\n\t\t\t\t\t<div class=\"elementor-column elementor-col-100 elementor-top-column elementor-element elementor-element-a9a299d\" data-id=\"a9a299d\" data-element_type=\"column\" data-e-type=\"column\">\n\t\t\t<div class=\"elementor-widget-wrap elementor-element-populated\">\n\t\t\t\t\t\t<div class=\"elementor-element elementor-element-00ecd55 elementor-widget elementor-widget-gallery\" data-id=\"00ecd55\" data-element_type=\"widget\" data-e-type=\"widget\" data-settings=\"{&quot;gallery_layout&quot;:&quot;justified&quot;,&quot;lazyload&quot;:&quot;yes&quot;,&quot;ideal_row_height&quot;:{&quot;unit&quot;:&quot;px&quot;,&quot;size&quot;:200,&quot;sizes&quot;:[]},&quot;ideal_row_height_tablet&quot;:{&quot;unit&quot;:&quot;px&quot;,&quot;size&quot;:150,&quot;sizes&quot;:[]},&quot;ideal_row_height_mobile&quot;:{&quot;unit&quot;:&quot;px&quot;,&quot;size&quot;:150,&quot;sizes&quot;:[]},&quot;gap&quot;:{&quot;unit&quot;:&quot;px&quot;,&quot;size&quot;:10,&quot;sizes&quot;:[]},&quot;gap_tablet&quot;:{&quot;unit&quot;:&quot;px&quot;,&quot;size&quot;:10,&quot;sizes&quot;:[]},&quot;gap_mobile&quot;:{&quot;unit&quot;:&quot;px&quot;,&quot;size&quot;:10,&quot;sizes&quot;:[]},&quot;link_to&quot;:&quot;file&quot;,&quot;overlay_background&quot;:&quot;yes&quot;,&quot;content_hover_animation&quot;:&quot;fade-in&quot;}\" data-widget_type=\"gallery.default\">\n\t\t\t\t\t\t\t<div class=\"elementor-gallery__container\">\n\t\t\t\t\t\t\t<a class=\"e-gallery-item elementor-gallery-item elementor-animated-content\" href=\"https:\/\/soymigrante.com\/revista\/wp-content\/uploads\/2023\/06\/Diapositiva1-1.webp\" data-elementor-open-lightbox=\"yes\" data-elementor-lightbox-slideshow=\"00ecd55\" data-elementor-lightbox-title=\"Ya hab\u00eda sido escenario escenario f\u00edlmico, a\u00f1os antes de Star Wars\" data-elementor-lightbox-description=\"Ya hab\u00eda sido escenario escenario f\u00edlmico, a\u00f1os antes de Star Wars\" data-e-action-hash=\"#elementor-action%3Aaction%3Dlightbox%26settings%3DeyJpZCI6MTU2NywidXJsIjoiaHR0cHM6XC9cL3NveW1pZ3JhbnRlLmNvbVwvcmV2aXN0YVwvd3AtY29udGVudFwvdXBsb2Fkc1wvMjAyM1wvMDZcL0RpYXBvc2l0aXZhMS0xLndlYnAiLCJzbGlkZXNob3ciOiIwMGVjZDU1In0%3D\">\n\t\t\t\t\t<div class=\"e-gallery-image elementor-gallery-item__image\" data-thumbnail=\"https:\/\/soymigrante.com\/revista\/wp-content\/uploads\/2023\/06\/Diapositiva1-1-1024x594.webp\" data-width=\"1024\" data-height=\"594\" aria-label=\"Ya hab\u00eda sido escenario escenario f\u00edlmico, a\u00f1os antes de Star Wars\" role=\"img\" ><\/div>\n\t\t\t\t\t\t\t\t\t\t\t<div class=\"elementor-gallery-item__overlay\"><\/div>\n\t\t\t\t\t\t\t\t\t\t\t\t\t\t<\/a>\n\t\t\t\t\t\t\t<a class=\"e-gallery-item elementor-gallery-item elementor-animated-content\" href=\"https:\/\/soymigrante.com\/revista\/wp-content\/uploads\/2023\/06\/Diapositiva4.webp\" data-elementor-open-lightbox=\"yes\" data-elementor-lightbox-slideshow=\"00ecd55\" data-elementor-lightbox-title=\"Ya hab\u00eda sido escenario escenario f\u00edlmico, a\u00f1os antes de Star Wars\" data-e-action-hash=\"#elementor-action%3Aaction%3Dlightbox%26settings%3DeyJpZCI6MTU2MywidXJsIjoiaHR0cHM6XC9cL3NveW1pZ3JhbnRlLmNvbVwvcmV2aXN0YVwvd3AtY29udGVudFwvdXBsb2Fkc1wvMjAyM1wvMDZcL0RpYXBvc2l0aXZhNC53ZWJwIiwic2xpZGVzaG93IjoiMDBlY2Q1NSJ9\">\n\t\t\t\t\t<div class=\"e-gallery-image elementor-gallery-item__image\" data-thumbnail=\"https:\/\/soymigrante.com\/revista\/wp-content\/uploads\/2023\/06\/Diapositiva4-1024x576.webp\" data-width=\"1024\" data-height=\"576\" aria-label=\"Ya hab\u00eda sido escenario escenario f\u00edlmico, a\u00f1os antes de Star Wars\" role=\"img\" ><\/div>\n\t\t\t\t\t\t\t\t\t\t\t<div class=\"elementor-gallery-item__overlay\"><\/div>\n\t\t\t\t\t\t\t\t\t\t\t\t\t\t<\/a>\n\t\t\t\t\t\t\t<a class=\"e-gallery-item elementor-gallery-item elementor-animated-content\" href=\"https:\/\/soymigrante.com\/revista\/wp-content\/uploads\/2023\/06\/Diapositiva3.webp\" data-elementor-open-lightbox=\"yes\" data-elementor-lightbox-slideshow=\"00ecd55\" data-elementor-lightbox-title=\"Ya hab\u00eda sido escenario escenario f\u00edlmico, a\u00f1os antes de Star Wars\" data-elementor-lightbox-description=\"Ya hab\u00eda sido escenario escenario f\u00edlmico, a\u00f1os antes de Star Wars\" data-e-action-hash=\"#elementor-action%3Aaction%3Dlightbox%26settings%3DeyJpZCI6MTU2NCwidXJsIjoiaHR0cHM6XC9cL3NveW1pZ3JhbnRlLmNvbVwvcmV2aXN0YVwvd3AtY29udGVudFwvdXBsb2Fkc1wvMjAyM1wvMDZcL0RpYXBvc2l0aXZhMy53ZWJwIiwic2xpZGVzaG93IjoiMDBlY2Q1NSJ9\">\n\t\t\t\t\t<div class=\"e-gallery-image elementor-gallery-item__image\" data-thumbnail=\"https:\/\/soymigrante.com\/revista\/wp-content\/uploads\/2023\/06\/Diapositiva3-1024x576.webp\" data-width=\"1024\" data-height=\"576\" aria-label=\"Ya hab\u00eda sido escenario escenario f\u00edlmico, a\u00f1os antes de Star Wars\" role=\"img\" ><\/div>\n\t\t\t\t\t\t\t\t\t\t\t<div class=\"elementor-gallery-item__overlay\"><\/div>\n\t\t\t\t\t\t\t\t\t\t\t\t\t\t<\/a>\n\t\t\t\t\t\t\t<a class=\"e-gallery-item elementor-gallery-item elementor-animated-content\" href=\"https:\/\/soymigrante.com\/revista\/wp-content\/uploads\/2023\/06\/Diapositiva2.webp\" data-elementor-open-lightbox=\"yes\" data-elementor-lightbox-slideshow=\"00ecd55\" data-elementor-lightbox-title=\"Ya hab\u00eda sido escenario escenario f\u00edlmico, a\u00f1os antes de Star Wars\" data-elementor-lightbox-description=\"Ya hab\u00eda sido escenario escenario f\u00edlmico, a\u00f1os antes de Star Wars\" data-e-action-hash=\"#elementor-action%3Aaction%3Dlightbox%26settings%3DeyJpZCI6MTU2NSwidXJsIjoiaHR0cHM6XC9cL3NveW1pZ3JhbnRlLmNvbVwvcmV2aXN0YVwvd3AtY29udGVudFwvdXBsb2Fkc1wvMjAyM1wvMDZcL0RpYXBvc2l0aXZhMi53ZWJwIiwic2xpZGVzaG93IjoiMDBlY2Q1NSJ9\">\n\t\t\t\t\t<div class=\"e-gallery-image elementor-gallery-item__image\" data-thumbnail=\"https:\/\/soymigrante.com\/revista\/wp-content\/uploads\/2023\/06\/Diapositiva2-1024x576.webp\" data-width=\"1024\" data-height=\"576\" aria-label=\"Ya hab\u00eda sido escenario escenario f\u00edlmico, a\u00f1os antes de Star Wars\" role=\"img\" ><\/div>\n\t\t\t\t\t\t\t\t\t\t\t<div class=\"elementor-gallery-item__overlay\"><\/div>\n\t\t\t\t\t\t\t\t\t\t\t\t\t\t<\/a>\n\t\t\t\t\t<\/div>\n\t\t\t\t\t<\/div>\n\t\t\t\t\t<\/div>\n\t\t<\/div>\n\t\t\t\t\t<\/div>\n\t\t<\/section>\n\t\t\t\t<section data-particle_enable=\"false\" data-particle-mobile-disabled=\"false\" class=\"elementor-section elementor-top-section elementor-element elementor-element-51fd3b0 elementor-section-boxed elementor-section-height-default elementor-section-height-default\" data-id=\"51fd3b0\" data-element_type=\"section\" data-e-type=\"section\">\n\t\t\t\t\t\t<div class=\"elementor-container elementor-column-gap-default\">\n\t\t\t\t\t<div class=\"elementor-column elementor-col-100 elementor-top-column elementor-element elementor-element-853cbea\" data-id=\"853cbea\" data-element_type=\"column\" data-e-type=\"column\">\n\t\t\t<div class=\"elementor-widget-wrap elementor-element-populated\">\n\t\t\t\t\t\t<div class=\"elementor-element elementor-element-f2152db elementor-widget elementor-widget-text-editor\" data-id=\"f2152db\" data-element_type=\"widget\" data-e-type=\"widget\" data-widget_type=\"text-editor.default\">\n\t\t\t\t\t\t\t\t\t<p>Es muy conocida la grabaci\u00f3n de algunas escenas de la pel\u00edcula Star Wars (1977) en Tikal. Sin embargo, en 1968 se produjo una producci\u00f3n mexicana llamada El Otro, protagonizada por Germ\u00e1n Vald\u00e9z &#8220;Tin Tan&#8221; y dirigida por Ismael Rodr\u00edguez, cuyo argumento transcurre parcialmente en las ruinas que para ese entonces luc\u00edan reci\u00e9n restauradas. Estos son algunos fotogramas de aquella cinta, estrenada en 1971. En dos de ellas se aprecia el Templo I.<\/p>\t\t\t\t\t\t\t\t<\/div>\n\t\t\t\t\t<\/div>\n\t\t<\/div>\n\t\t\t\t\t<\/div>\n\t\t<\/section>\n\t\t\t\t<section data-particle_enable=\"false\" data-particle-mobile-disabled=\"false\" class=\"elementor-section elementor-top-section elementor-element elementor-element-46740e9 elementor-section-boxed elementor-section-height-default elementor-section-height-default\" data-id=\"46740e9\" data-element_type=\"section\" data-e-type=\"section\">\n\t\t\t\t\t\t<div class=\"elementor-container elementor-column-gap-default\">\n\t\t\t\t\t<div class=\"elementor-column elementor-col-100 elementor-top-column elementor-element elementor-element-26efda2\" data-id=\"26efda2\" data-element_type=\"column\" data-e-type=\"column\">\n\t\t\t<div class=\"elementor-widget-wrap elementor-element-populated\">\n\t\t\t\t\t\t<div class=\"elementor-element elementor-element-4c3380f elementor-widget elementor-widget-text-editor\" data-id=\"4c3380f\" data-element_type=\"widget\" data-e-type=\"widget\" data-widget_type=\"text-editor.default\">\n\t\t\t\t\t\t\t\t\t<p>Con informaci\u00f3n de Simposios de Arqueolog\u00eda de Asociaci\u00f3n Tikal, Mesoweb, Museo de la Universidad de Pensilvania.<\/p>\t\t\t\t\t\t\t\t<\/div>\n\t\t\t\t\t<\/div>\n\t\t<\/div>\n\t\t\t\t\t<\/div>\n\t\t<\/section>\n\t\t\t\t<\/div>\n\t\t","protected":false},"excerpt":{"rendered":"<p>\u00cdcono mundial, Patrimonio Cultural de la Humanidad de la Humanidad desde 1979, Tikal a\u00fan refleja la magnificencia maya prehisp\u00e1nica e inspira recuerdos en muchos migrantes guatemaltecos. El Templo I de Tikal, m\u00e1s conocido como El Gran Jaguar, es uno de los \u00edconos mundiales de Guatemala y de la legendaria ciudad maya, enclavada en el centro [&hellip;]<\/p>\n","protected":false},"author":7,"featured_media":1538,"comment_status":"open","ping_status":"open","sticky":false,"template":"","format":"standard","meta":{"_acf_changed":false,"_eb_attr":"","footnotes":""},"categories":[58],"tags":[],"class_list":["post-1536","post","type-post","status-publish","format-standard","has-post-thumbnail","hentry","category-guate-nuestra"],"acf":[],"aioseo_notices":[],"aioseo_head":"\n\t\t<!-- All in One SEO Pro 4.9.6.2 - aioseo.com -->\n\t<meta name=\"description\" content=\"\u00cdcono mundial, Patrimonio Cultural de la Humanidad de la Humanidad desde 1979, Tikal a\u00fan refleja la magnificencia maya prehisp\u00e1nica e inspira recuerdos en muchos migrantes guatemaltecos. El Templo I de Tikal, m\u00e1s conocido como El Gran Jaguar, es uno de los \u00edconos mundiales de Guatemala y de la legendaria ciudad maya, enclavada en el centro\" \/>\n\t<meta name=\"robots\" content=\"max-snippet:-1, max-image-preview:large, max-video-preview:-1\" \/>\n\t<meta name=\"author\" content=\"Gustavo Montenegro\"\/>\n\t<link rel=\"canonical\" href=\"https:\/\/soymigrante.com\/revista\/7-datos-que-ya-sabias-o-quiza-no-sobre-el-gran-jaguar-y-tikal\/\" \/>\n\t<meta name=\"generator\" content=\"All in One SEO Pro (AIOSEO) 4.9.6.2\" \/>\n\n\t\t<link rel=\"preconnect\" href=\"https:\/\/fonts.googleapis.com\" crossorigin>\n<link rel=\"preconnect\" href=\"https:\/\/fonts.gstatic.com\" crossorigin>\n\t\t<meta property=\"og:locale\" content=\"es_ES\" \/>\n\t\t<meta property=\"og:site_name\" content=\"SoyMigrante.com REVISTA \u2013 Nuestra misi\u00f3n es reconocer y dignificar al migrante.\" \/>\n\t\t<meta property=\"og:type\" content=\"article\" \/>\n\t\t<meta property=\"og:title\" content=\"Tikal: 7 datos que ya sab\u00edas (o quiz\u00e1 no) sobre el Templo I o Gran Jaguar\" \/>\n\t\t<meta property=\"og:description\" content=\"\u00cdcono mundial, Patrimonio Cultural de la Humanidad de la Humanidad desde 1979, Tikal a\u00fan refleja la magnificencia maya prehisp\u00e1nica e inspira recuerdos en muchos migrantes guatemaltecos. El Templo I de Tikal, m\u00e1s conocido como El Gran Jaguar, es uno de los \u00edconos mundiales de Guatemala y de la legendaria ciudad maya, enclavada en el centro\" \/>\n\t\t<meta property=\"og:url\" content=\"https:\/\/soymigrante.com\/revista\/7-datos-que-ya-sabias-o-quiza-no-sobre-el-gran-jaguar-y-tikal\/\" \/>\n\t\t<meta property=\"og:image\" content=\"https:\/\/soymigrante.com\/revista\/wp-content\/uploads\/2023\/06\/Captura-de-pantalla-2023-06-21-143338.webp\" \/>\n\t\t<meta property=\"og:image:secure_url\" content=\"https:\/\/soymigrante.com\/revista\/wp-content\/uploads\/2023\/06\/Captura-de-pantalla-2023-06-21-143338.webp\" \/>\n\t\t<meta property=\"og:image:width\" content=\"1427\" \/>\n\t\t<meta property=\"og:image:height\" content=\"662\" \/>\n\t\t<meta property=\"article:published_time\" content=\"2023-06-22T20:28:51+00:00\" \/>\n\t\t<meta property=\"article:modified_time\" content=\"2025-09-15T23:22:23+00:00\" \/>\n\t\t<meta property=\"article:publisher\" content=\"https:\/\/www.facebook.com\/soymigrantecom\" \/>\n\t\t<meta name=\"twitter:card\" content=\"summary_large_image\" \/>\n\t\t<meta name=\"twitter:site\" content=\"@SoyMigrante_com\" \/>\n\t\t<meta name=\"twitter:title\" content=\"Tikal: 7 datos que ya sab\u00edas (o quiz\u00e1 no) sobre el Templo I o Gran Jaguar\" \/>\n\t\t<meta name=\"twitter:description\" content=\"\u00cdcono mundial, Patrimonio Cultural de la Humanidad de la Humanidad desde 1979, Tikal a\u00fan refleja la magnificencia maya prehisp\u00e1nica e inspira recuerdos en muchos migrantes guatemaltecos. El Templo I de Tikal, m\u00e1s conocido como El Gran Jaguar, es uno de los \u00edconos mundiales de Guatemala y de la legendaria ciudad maya, enclavada en el centro\" \/>\n\t\t<meta name=\"twitter:creator\" content=\"@SoyMigrante_com\" \/>\n\t\t<meta name=\"twitter:image\" content=\"https:\/\/soymigrante.com\/revista\/wp-content\/uploads\/2023\/06\/Captura-de-pantalla-2023-06-21-143338.webp\" \/>\n\t\t<!-- All in One SEO Pro -->\r\n\t\t<title>Tikal: 7 datos que ya sab\u00edas (o quiz\u00e1 no) sobre el Templo I o Gran Jaguar<\/title>\n\n","aioseo_head_json":{"title":"Tikal: 7 datos que ya sab\u00edas (o quiz\u00e1 no) sobre el Templo I o Gran Jaguar","description":"\u00cdcono mundial, Patrimonio Cultural de la Humanidad de la Humanidad desde 1979, Tikal a\u00fan refleja la magnificencia maya prehisp\u00e1nica e inspira recuerdos en muchos migrantes guatemaltecos. El Templo I de Tikal, m\u00e1s conocido como El Gran Jaguar, es uno de los \u00edconos mundiales de Guatemala y de la legendaria ciudad maya, enclavada en el centro","canonical_url":"https:\/\/soymigrante.com\/revista\/7-datos-que-ya-sabias-o-quiza-no-sobre-el-gran-jaguar-y-tikal\/","robots":"max-snippet:-1, max-image-preview:large, max-video-preview:-1","keywords":"","webmasterTools":{"miscellaneous":"&lt;link rel=\"preconnect\" href=\"https:\/\/fonts.googleapis.com\" crossorigin&gt;\n&lt;link rel=\"preconnect\" href=\"https:\/\/fonts.gstatic.com\" crossorigin&gt;"},"schema":null,"og:locale":"es_ES","og:site_name":"SoyMigrante.com REVISTA \u2013 Nuestra misi\u00f3n es reconocer y dignificar al migrante.","og:type":"article","og:title":"Tikal: 7 datos que ya sab\u00edas (o quiz\u00e1 no) sobre el Templo I o Gran Jaguar","og:description":"\u00cdcono mundial, Patrimonio Cultural de la Humanidad de la Humanidad desde 1979, Tikal a\u00fan refleja la magnificencia maya prehisp\u00e1nica e inspira recuerdos en muchos migrantes guatemaltecos. El Templo I de Tikal, m\u00e1s conocido como El Gran Jaguar, es uno de los \u00edconos mundiales de Guatemala y de la legendaria ciudad maya, enclavada en el centro","og:url":"https:\/\/soymigrante.com\/revista\/7-datos-que-ya-sabias-o-quiza-no-sobre-el-gran-jaguar-y-tikal\/","og:image":"https:\/\/soymigrante.com\/revista\/wp-content\/uploads\/2023\/06\/Captura-de-pantalla-2023-06-21-143338.webp","og:image:secure_url":"https:\/\/soymigrante.com\/revista\/wp-content\/uploads\/2023\/06\/Captura-de-pantalla-2023-06-21-143338.webp","og:image:width":1427,"og:image:height":662,"article:published_time":"2023-06-22T20:28:51+00:00","article:modified_time":"2025-09-15T23:22:23+00:00","article:publisher":"https:\/\/www.facebook.com\/soymigrantecom","twitter:card":"summary_large_image","twitter:site":"@SoyMigrante_com","twitter:title":"Tikal: 7 datos que ya sab\u00edas (o quiz\u00e1 no) sobre el Templo I o Gran Jaguar","twitter:description":"\u00cdcono mundial, Patrimonio Cultural de la Humanidad de la Humanidad desde 1979, Tikal a\u00fan refleja la magnificencia maya prehisp\u00e1nica e inspira recuerdos en muchos migrantes guatemaltecos. El Templo I de Tikal, m\u00e1s conocido como El Gran Jaguar, es uno de los \u00edconos mundiales de Guatemala y de la legendaria ciudad maya, enclavada en el centro","twitter:creator":"@SoyMigrante_com","twitter:image":"https:\/\/soymigrante.com\/revista\/wp-content\/uploads\/2023\/06\/Captura-de-pantalla-2023-06-21-143338.webp"},"aioseo_meta_data":{"post_id":"1536","title":null,"description":null,"keywords":null,"keyphrases":{"focus":{"keyphrase":"Tikal","score":91,"analysis":{"keyphraseInTitle":{"score":9,"maxScore":9,"error":0},"keyphraseInDescription":{"score":9,"maxScore":9,"error":0},"keyphraseLength":{"score":9,"maxScore":9,"error":0,"length":1},"keyphraseInURL":{"score":5,"maxScore":5,"error":0},"keyphraseInIntroduction":{"score":3,"maxScore":9,"error":1},"keyphraseInSubHeadings":{"score":9,"maxScore":9,"error":0},"keyphraseInImageAlt":{"score":9,"maxScore":9,"error":0},"keywordDensity":{"type":"best","score":9,"maxScore":9,"error":0}}},"additional":[]},"primary_term":null,"canonical_url":null,"og_title":null,"og_description":null,"og_object_type":"default","og_image_type":"default","og_image_url":null,"og_image_width":null,"og_image_height":null,"og_image_custom_url":null,"og_image_custom_fields":null,"og_video":"","og_custom_url":null,"og_article_section":null,"og_article_tags":null,"twitter_use_og":false,"twitter_card":"default","twitter_image_type":"default","twitter_image_url":null,"twitter_image_custom_url":null,"twitter_image_custom_fields":null,"twitter_title":null,"twitter_description":null,"schema":{"blockGraphs":[],"customGraphs":[],"default":{"data":{"Article":[],"Course":[],"Dataset":[],"FAQPage":[],"Movie":[],"Person":[],"Product":[],"ProductReview":[],"Car":[],"Recipe":[],"Service":[],"SoftwareApplication":[],"WebPage":[]},"graphName":"Article","isEnabled":true},"graphs":[]},"schema_type":"default","schema_type_options":null,"pillar_content":false,"robots_default":true,"robots_noindex":false,"robots_noarchive":false,"robots_nosnippet":false,"robots_nofollow":false,"robots_noimageindex":false,"robots_noodp":false,"robots_notranslate":false,"robots_max_snippet":"-1","robots_max_videopreview":"-1","robots_max_imagepreview":"large","priority":null,"frequency":"default","local_seo":null,"seo_analyzer_scan_date":"2025-10-08 19:58:12","breadcrumb_settings":null,"limit_modified_date":false,"reviewed_by":null,"open_ai":"{\"title\":{\"suggestions\":[],\"usage\":0},\"description\":{\"suggestions\":[],\"usage\":0}}","ai":null,"created":"2023-08-18 13:41:41","updated":"2026-02-04 04:42:48"},"aioseo_breadcrumb":"<div class=\"aioseo-breadcrumbs\"><span class=\"aioseo-breadcrumb\">\n\t<a href=\"https:\/\/soymigrante.com\/revista\" title=\"Home\">Home<\/a>\n<\/span><span class=\"aioseo-breadcrumb-separator\">\u00bb<\/span><span class=\"aioseo-breadcrumb\">\n\t<a href=\"https:\/\/soymigrante.com\/revista\/category\/guate-nuestra\/\" title=\"Guate Nuestra\">Guate Nuestra<\/a>\n<\/span><span class=\"aioseo-breadcrumb-separator\">\u00bb<\/span><span class=\"aioseo-breadcrumb\">\n\tTikal: 7 datos que ya sab\u00edas (o quiz\u00e1 no) sobre el Templo I o Gran Jaguar\n<\/span><\/div>","aioseo_breadcrumb_json":[{"label":"Home","link":"https:\/\/soymigrante.com\/revista"},{"label":"Guate Nuestra","link":"https:\/\/soymigrante.com\/revista\/category\/guate-nuestra\/"},{"label":"Tikal: 7 datos que ya sab\u00edas (o quiz\u00e1 no) sobre el Templo I o Gran Jaguar","link":"https:\/\/soymigrante.com\/revista\/7-datos-que-ya-sabias-o-quiza-no-sobre-el-gran-jaguar-y-tikal\/"}],"_links":{"self":[{"href":"https:\/\/soymigrante.com\/revista\/wp-json\/wp\/v2\/posts\/1536","targetHints":{"allow":["GET"]}}],"collection":[{"href":"https:\/\/soymigrante.com\/revista\/wp-json\/wp\/v2\/posts"}],"about":[{"href":"https:\/\/soymigrante.com\/revista\/wp-json\/wp\/v2\/types\/post"}],"author":[{"embeddable":true,"href":"https:\/\/soymigrante.com\/revista\/wp-json\/wp\/v2\/users\/7"}],"replies":[{"embeddable":true,"href":"https:\/\/soymigrante.com\/revista\/wp-json\/wp\/v2\/comments?post=1536"}],"version-history":[{"count":3,"href":"https:\/\/soymigrante.com\/revista\/wp-json\/wp\/v2\/posts\/1536\/revisions"}],"predecessor-version":[{"id":44765,"href":"https:\/\/soymigrante.com\/revista\/wp-json\/wp\/v2\/posts\/1536\/revisions\/44765"}],"wp:featuredmedia":[{"embeddable":true,"href":"https:\/\/soymigrante.com\/revista\/wp-json\/wp\/v2\/media\/1538"}],"wp:attachment":[{"href":"https:\/\/soymigrante.com\/revista\/wp-json\/wp\/v2\/media?parent=1536"}],"wp:term":[{"taxonomy":"category","embeddable":true,"href":"https:\/\/soymigrante.com\/revista\/wp-json\/wp\/v2\/categories?post=1536"},{"taxonomy":"post_tag","embeddable":true,"href":"https:\/\/soymigrante.com\/revista\/wp-json\/wp\/v2\/tags?post=1536"}],"curies":[{"name":"wp","href":"https:\/\/api.w.org\/{rel}","templated":true}]}}