{"id":15280,"date":"2025-12-03T16:19:21","date_gmt":"2025-12-03T22:19:21","guid":{"rendered":"https:\/\/soymigrante.com\/revista\/?p=15280"},"modified":"2025-12-03T16:19:38","modified_gmt":"2025-12-03T22:19:38","slug":"municipios-de-guatemala-cuya-fiesta-patronal-es-la-virgen-de-concepcion","status":"publish","type":"post","link":"https:\/\/soymigrante.com\/revista\/municipios-de-guatemala-cuya-fiesta-patronal-es-la-virgen-de-concepcion\/","title":{"rendered":"Municipios cuya fiesta patronal es la Virgen de Concepci\u00f3n en diciembre"},"content":{"rendered":"\t\t<div data-elementor-type=\"wp-post\" data-elementor-id=\"15280\" class=\"elementor elementor-15280\" data-elementor-post-type=\"post\">\n\t\t\t\t<div data-particle_enable=\"false\" data-particle-mobile-disabled=\"false\" class=\"elementor-element elementor-element-9ed2009 e-flex e-con-boxed e-con e-parent\" data-id=\"9ed2009\" data-element_type=\"container\" data-e-type=\"container\">\n\t\t\t\t\t<div class=\"e-con-inner\">\n\t\t\t\t<div class=\"elementor-element elementor-element-6f13da9 elementor-widget elementor-widget-heading\" data-id=\"6f13da9\" data-element_type=\"widget\" data-e-type=\"widget\" data-widget_type=\"heading.default\">\n\t\t\t\t\t<h2 class=\"elementor-heading-title elementor-size-default\">La festividad de la Inmaculada Concepci\u00f3n de Mar\u00eda o Virgen de Concepci\u00f3n, cada 8 de diciembre, es festejada en parroquias de todo el pa\u00eds, pero en 21 municipios es la fiesta patronal, por lo que tiene m\u00faltiples expresiones culturales, religiosas y sociales. <\/h2>\t\t\t\t<\/div>\n\t\t\t\t\t<\/div>\n\t\t\t\t<\/div>\n\t\t<div data-particle_enable=\"false\" data-particle-mobile-disabled=\"false\" class=\"elementor-element elementor-element-30d3e18 e-flex e-con-boxed e-con e-parent\" data-id=\"30d3e18\" data-element_type=\"container\" data-e-type=\"container\">\n\t\t\t\t\t<div class=\"e-con-inner\">\n\t\t\t\t<div class=\"elementor-element elementor-element-091a74a elementor-widget elementor-widget-text-editor\" data-id=\"091a74a\" data-element_type=\"widget\" data-e-type=\"widget\" data-widget_type=\"text-editor.default\">\n\t\t\t\t\t\t\t\t\t<p><a href=\"https:\/\/soymigrante.com\/revista\/category\/guate-nuestra\/\" target=\"_blank\" rel=\"noopener\">Cada 8 de diciembre, Guatemala se viste de fiesta para honrar a la Virgen de Concepci\u00f3n<\/a>, una celebraci\u00f3n que se lleva a cabo con especial alegr\u00eda y m\u00faltiples actos sociales, deportivos, religiosos y sociales en 21 municipios del pa\u00eds.<\/p><p>Esta Festividad conmemora el hecho de que la Virgen Mar\u00eda, por ser madre de Jes\u00fas y por los m\u00e9ritos de \u00e9l, recibi\u00f3 la gracia de ser concebida sin pecado original. Por ello es representada en el cielo, con la luna bajo sus pies\u00a0 y una corona de estrellas, como refiere el libro del Apocalipsis. En esculturas y pinturas esta representaci\u00f3n tiene m\u00faltiples variantes, pero un mismo sentir.<\/p><p>En la ciudad capital son famosas las procesiones de la Virgen de Concepci\u00f3n de San Francisco y la de Catedral Metropolitana, que atraen a miles de fieles. Sin embargo, la fiesta patronal capitalina es de la Virgen de la Asunci\u00f3n.\u00a0 Pero en 21 municipios de la Rep\u00fablica, ah\u00ed s\u00ed la Concepci\u00f3n es la patrona, es sacada en procesi\u00f3n y motiva muchas plegarias.\u00a0<\/p>\t\t\t\t\t\t\t\t<\/div>\n\t\t\t\t\t<\/div>\n\t\t\t\t<\/div>\n\t\t<div data-particle_enable=\"false\" data-particle-mobile-disabled=\"false\" class=\"elementor-element elementor-element-4b28710 e-flex e-con-boxed e-con e-parent\" data-id=\"4b28710\" data-element_type=\"container\" data-e-type=\"container\">\n\t\t\t\t\t<div class=\"e-con-inner\">\n\t\t\t\t<div class=\"elementor-element elementor-element-20f9c9e elementor-widget elementor-widget-image\" data-id=\"20f9c9e\" data-element_type=\"widget\" data-e-type=\"widget\" data-widget_type=\"image.default\">\n\t\t\t\t\t\t\t\t\t\t\t\t<figure class=\"wp-caption\">\n\t\t\t\t\t\t\t\t\t\t\t<a href=\"https:\/\/radioestrella.net\/recorrido-rezado-de-la-inmaculada-concepcion-reina-y-madre-de-la-antigua-guatemala\/#:~:text=Este%20domingo%201%20de%20diciembre,Madre%20de%20La%20Antigua%20Guatemala%C2%BB.\">\n\t\t\t\t\t\t\t<img fetchpriority=\"high\" decoding=\"async\" width=\"1024\" height=\"683\" src=\"https:\/\/soymigrante.com\/revista\/wp-content\/uploads\/2024\/12\/virgen-de-concepcion-1-1024x683.jpg\" class=\"attachment-large size-large wp-image-15344\" alt=\"Celebraci\u00f3n de la Virgen de Guadalupe en M\u00e9xico con fieles, confeti y colorido, en un festivo acto religioso y cultural que refleja devoci\u00f3n, tradici\u00f3n y cultura mexicana en la celebraci\u00f3n anual.\" srcset=\"https:\/\/soymigrante.com\/revista\/wp-content\/uploads\/2024\/12\/virgen-de-concepcion-1-1024x683.jpg 1024w, https:\/\/soymigrante.com\/revista\/wp-content\/uploads\/2024\/12\/virgen-de-concepcion-1-300x200.jpg 300w, https:\/\/soymigrante.com\/revista\/wp-content\/uploads\/2024\/12\/virgen-de-concepcion-1-768x512.jpg 768w, https:\/\/soymigrante.com\/revista\/wp-content\/uploads\/2024\/12\/virgen-de-concepcion-1-1536x1024.jpg 1536w, https:\/\/soymigrante.com\/revista\/wp-content\/uploads\/2024\/12\/virgen-de-concepcion-1-750x500.webp 750w, https:\/\/soymigrante.com\/revista\/wp-content\/uploads\/2024\/12\/virgen-de-concepcion-1-1140x760.webp 1140w, https:\/\/soymigrante.com\/revista\/wp-content\/uploads\/2024\/12\/virgen-de-concepcion-1.webp 1920w\" sizes=\"(max-width: 1024px) 100vw, 1024px\" title=\"Procesi\u00f3n de la Virgen de Concepci\u00f3n de la iglesia de San Francisco a su paso por el arco de Correos. Fotograf\u00eda cortes\u00eda Oscar Rivas. \u2013 SoyMigrante.com REVISTA\" \/>\t\t\t\t\t\t\t\t<\/a>\n\t\t\t\t\t\t\t\t\t\t\t<figcaption class=\"widget-image-caption wp-caption-text\">Procesi\u00f3n de la Virgen durante festividad mexicana, envuelta en confeti, en un evento religioso tradicional con mucha participaci\u00f3n comunitaria.<\/figcaption>\n\t\t\t\t\t\t\t\t\t\t<\/figure>\n\t\t\t\t\t\t\t\t\t<\/div>\n\t\t\t\t\t<\/div>\n\t\t\t\t<\/div>\n\t\t<div data-particle_enable=\"false\" data-particle-mobile-disabled=\"false\" class=\"elementor-element elementor-element-dabc6fe e-flex e-con-boxed e-con e-parent\" data-id=\"dabc6fe\" data-element_type=\"container\" data-e-type=\"container\">\n\t\t\t\t\t<div class=\"e-con-inner\">\n\t\t\t\t<div class=\"elementor-element elementor-element-09f9a00 elementor-widget elementor-widget-text-editor\" data-id=\"09f9a00\" data-element_type=\"widget\" data-e-type=\"widget\" data-widget_type=\"text-editor.default\">\n\t\t\t\t\t\t\t\t\t<p>La Virgen Mar\u00eda tiene muchas advocaciones (es decir formas de presentarla seg\u00fan momentos de su vida o apariciones reportadas): del Rosario, de la Asunci\u00f3n, de F\u00e1tima, de Lourdes, etc. La advocaci\u00f3n de La Concepci\u00f3n fue tra\u00edda a Guatemala por los frailes franciscanos y ampliamente difundida durante la evangelizaci\u00f3n. Es por ello que muchos pueblos aun conservan esta devoci\u00f3n festiva.\u00a0<\/p>\t\t\t\t\t\t\t\t<\/div>\n\t\t\t\t\t<\/div>\n\t\t\t\t<\/div>\n\t\t<div data-particle_enable=\"false\" data-particle-mobile-disabled=\"false\" class=\"elementor-element elementor-element-2648963 e-flex e-con-boxed e-con e-parent\" data-id=\"2648963\" data-element_type=\"container\" data-e-type=\"container\">\n\t\t\t\t\t<div class=\"e-con-inner\">\n\t\t\t\t<div class=\"elementor-element elementor-element-4d4a94c elementor-widget elementor-widget-text-editor\" data-id=\"4d4a94c\" data-element_type=\"widget\" data-e-type=\"widget\" data-widget_type=\"text-editor.default\">\n\t\t\t\t\t\t\t\t\t<p>A continuaci\u00f3n, <a href=\"https:\/\/soymigrante.com\/revista\/category\/guate-nuestra\/\" target=\"_blank\" rel=\"noopener\">te presentamos los municipios que celebran esta importante fecha,<\/a> junto con datos sobre su fundaci\u00f3n, etnias predominantes, paisajes y sitios tur\u00edsticos destacados:<\/p>\t\t\t\t\t\t\t\t<\/div>\n\t\t\t\t\t<\/div>\n\t\t\t\t<\/div>\n\t\t<div data-particle_enable=\"false\" data-particle-mobile-disabled=\"false\" class=\"elementor-element elementor-element-b9fbb38 e-flex e-con-boxed e-con e-parent\" data-id=\"b9fbb38\" data-element_type=\"container\" data-e-type=\"container\">\n\t\t\t\t\t<div class=\"e-con-inner\">\n\t\t\t\t<div class=\"elementor-element elementor-element-dec990b elementor-widget elementor-widget-heading\" data-id=\"dec990b\" data-element_type=\"widget\" data-e-type=\"widget\" data-widget_type=\"heading.default\">\n\t\t\t\t\t<h3 class=\"elementor-heading-title elementor-size-default\">Ciudad Vieja, Sacatep\u00e9quez<\/h3>\t\t\t\t<\/div>\n\t\t\t\t\t<\/div>\n\t\t\t\t<\/div>\n\t\t<div data-particle_enable=\"false\" data-particle-mobile-disabled=\"false\" class=\"elementor-element elementor-element-2dc5f79 e-flex e-con-boxed e-con e-parent\" data-id=\"2dc5f79\" data-element_type=\"container\" data-e-type=\"container\">\n\t\t\t\t\t<div class=\"e-con-inner\">\n\t\t\t\t<div class=\"elementor-element elementor-element-cc58e68 elementor-widget elementor-widget-text-editor\" data-id=\"cc58e68\" data-element_type=\"widget\" data-e-type=\"widget\" data-widget_type=\"text-editor.default\">\n\t\t\t\t\t\t\t\t\t<div><span style=\"color: var( --e-global-color-text ); text-align: var(--text-align);\">\u2022Fundaci\u00f3n: 1527. En el \u00e1rea actual de este municipio estuvo el primer convento franciscano, orden que ten\u00eda como patrona a la Virgen de Concepci\u00f3n.<\/span><\/div><div>\u2022Etnia predominante: Kaqchikel.<\/div><div>\u2022Paisaje: Valles y volcanes.<\/div><div>\u2022Atractivo tur\u00edstico: Templo colonial y el Baile de los 24 Diablos el 8 de diciembre.<\/div>\t\t\t\t\t\t\t\t<\/div>\n\t\t\t\t\t<\/div>\n\t\t\t\t<\/div>\n\t\t<div data-particle_enable=\"false\" data-particle-mobile-disabled=\"false\" class=\"elementor-element elementor-element-d0888b7 e-flex e-con-boxed e-con e-parent\" data-id=\"d0888b7\" data-element_type=\"container\" data-e-type=\"container\">\n\t\t\t\t\t<div class=\"e-con-inner\">\n\t\t\t\t<div class=\"elementor-element elementor-element-af28e39 elementor-widget elementor-widget-video\" data-id=\"af28e39\" data-element_type=\"widget\" data-e-type=\"widget\" data-settings=\"{&quot;youtube_url&quot;:&quot;https:\\\/\\\/www.youtube.com\\\/watch?v=ac19h4PvBMA&quot;,&quot;video_type&quot;:&quot;youtube&quot;,&quot;controls&quot;:&quot;yes&quot;}\" data-widget_type=\"video.default\">\n\t\t\t\t\t\t\t<div class=\"elementor-wrapper elementor-open-inline\">\n\t\t\t<div class=\"elementor-video\"><\/div>\t\t<\/div>\n\t\t\t\t\t\t<\/div>\n\t\t\t\t\t<\/div>\n\t\t\t\t<\/div>\n\t\t<div data-particle_enable=\"false\" data-particle-mobile-disabled=\"false\" class=\"elementor-element elementor-element-bcbe01a e-flex e-con-boxed e-con e-parent\" data-id=\"bcbe01a\" data-element_type=\"container\" data-e-type=\"container\">\n\t\t\t\t\t<div class=\"e-con-inner\">\n\t\t\t\t<div class=\"elementor-element elementor-element-6e03153 elementor-widget elementor-widget-heading\" data-id=\"6e03153\" data-element_type=\"widget\" data-e-type=\"widget\" data-widget_type=\"heading.default\">\n\t\t\t\t\t<h3 class=\"elementor-heading-title elementor-size-default\">Concepci\u00f3n Huista, Huehuetenango<\/h3>\t\t\t\t<\/div>\n\t\t\t\t\t<\/div>\n\t\t\t\t<\/div>\n\t\t<div data-particle_enable=\"false\" data-particle-mobile-disabled=\"false\" class=\"elementor-element elementor-element-fd5fe45 e-flex e-con-boxed e-con e-parent\" data-id=\"fd5fe45\" data-element_type=\"container\" data-e-type=\"container\">\n\t\t\t\t\t<div class=\"e-con-inner\">\n\t\t\t\t<div class=\"elementor-element elementor-element-0fd1593 elementor-widget elementor-widget-text-editor\" data-id=\"0fd1593\" data-element_type=\"widget\" data-e-type=\"widget\" data-widget_type=\"text-editor.default\">\n\t\t\t\t\t\t\t\t\t<div><span style=\"color: var( --e-global-color-text ); text-align: var(--text-align);\">\u2022Fundaci\u00f3n: \u00c9poca colonial.<\/span><\/div><div>\u2022Etnia predominante: Mam.<\/div><div>\u2022Paisaje: Monta\u00f1as verdes y cafetales.<\/div><div>\u2022Atractivo tur\u00edstico: Iglesia colonial de Concepci\u00f3n Huista.<\/div>\t\t\t\t\t\t\t\t<\/div>\n\t\t\t\t\t<\/div>\n\t\t\t\t<\/div>\n\t\t<div data-particle_enable=\"false\" data-particle-mobile-disabled=\"false\" class=\"elementor-element elementor-element-bf48334 e-flex e-con-boxed e-con e-parent\" data-id=\"bf48334\" data-element_type=\"container\" data-e-type=\"container\">\n\t\t\t\t\t<div class=\"e-con-inner\">\n\t\t\t\t<div class=\"elementor-element elementor-element-c42f423 elementor-widget elementor-widget-video\" data-id=\"c42f423\" data-element_type=\"widget\" data-e-type=\"widget\" data-settings=\"{&quot;youtube_url&quot;:&quot;https:\\\/\\\/www.youtube.com\\\/watch?v=3RZ8QFwK1ro&quot;,&quot;video_type&quot;:&quot;youtube&quot;,&quot;controls&quot;:&quot;yes&quot;}\" data-widget_type=\"video.default\">\n\t\t\t\t\t\t\t<div class=\"elementor-wrapper elementor-open-inline\">\n\t\t\t<div class=\"elementor-video\"><\/div>\t\t<\/div>\n\t\t\t\t\t\t<\/div>\n\t\t\t\t\t<\/div>\n\t\t\t\t<\/div>\n\t\t<div data-particle_enable=\"false\" data-particle-mobile-disabled=\"false\" class=\"elementor-element elementor-element-1806dfd e-flex e-con-boxed e-con e-parent\" data-id=\"1806dfd\" data-element_type=\"container\" data-e-type=\"container\">\n\t\t\t\t\t<div class=\"e-con-inner\">\n\t\t\t\t<div class=\"elementor-element elementor-element-4c49acb elementor-widget elementor-widget-heading\" data-id=\"4c49acb\" data-element_type=\"widget\" data-e-type=\"widget\" data-widget_type=\"heading.default\">\n\t\t\t\t\t<h3 class=\"elementor-heading-title elementor-size-default\">Villa Nueva, Guatemala<\/h3>\t\t\t\t<\/div>\n\t\t\t\t\t<\/div>\n\t\t\t\t<\/div>\n\t\t<div data-particle_enable=\"false\" data-particle-mobile-disabled=\"false\" class=\"elementor-element elementor-element-c6f7432 e-flex e-con-boxed e-con e-parent\" data-id=\"c6f7432\" data-element_type=\"container\" data-e-type=\"container\">\n\t\t\t\t\t<div class=\"e-con-inner\">\n\t\t\t\t<div class=\"elementor-element elementor-element-b0a9c67 elementor-widget elementor-widget-text-editor\" data-id=\"b0a9c67\" data-element_type=\"widget\" data-e-type=\"widget\" data-widget_type=\"text-editor.default\">\n\t\t\t\t\t\t\t\t\t<div><strong>\u2022 Villa Nueva<\/strong><\/div><div>\u2022Fundaci\u00f3n: 1763.<\/div><div>\u2022Etnia predominante: Ladina.<\/div><div>\u2022Paisaje: Valles y urbanizaci\u00f3n moderna.<\/div><div>\u2022Atractivo tur\u00edstico: Parque Central de Villa Nueva.<\/div>\t\t\t\t\t\t\t\t<\/div>\n\t\t\t\t\t<\/div>\n\t\t\t\t<\/div>\n\t\t<div data-particle_enable=\"false\" data-particle-mobile-disabled=\"false\" class=\"elementor-element elementor-element-beead20 e-flex e-con-boxed e-con e-parent\" data-id=\"beead20\" data-element_type=\"container\" data-e-type=\"container\">\n\t\t\t\t\t<div class=\"e-con-inner\">\n\t\t\t\t<div class=\"elementor-element elementor-element-06d56eb elementor-widget elementor-widget-video\" data-id=\"06d56eb\" data-element_type=\"widget\" data-e-type=\"widget\" data-settings=\"{&quot;youtube_url&quot;:&quot;https:\\\/\\\/www.youtube.com\\\/watch?v=tDi3llCA6G8&quot;,&quot;video_type&quot;:&quot;youtube&quot;,&quot;controls&quot;:&quot;yes&quot;}\" data-widget_type=\"video.default\">\n\t\t\t\t\t\t\t<div class=\"elementor-wrapper elementor-open-inline\">\n\t\t\t<div class=\"elementor-video\"><\/div>\t\t<\/div>\n\t\t\t\t\t\t<\/div>\n\t\t\t\t\t<\/div>\n\t\t\t\t<\/div>\n\t\t<div data-particle_enable=\"false\" data-particle-mobile-disabled=\"false\" class=\"elementor-element elementor-element-7c71955 e-flex e-con-boxed e-con e-parent\" data-id=\"7c71955\" data-element_type=\"container\" data-e-type=\"container\">\n\t\t\t\t\t<div class=\"e-con-inner\">\n\t\t\t\t<div class=\"elementor-element elementor-element-3260343 elementor-widget elementor-widget-heading\" data-id=\"3260343\" data-element_type=\"widget\" data-e-type=\"widget\" data-widget_type=\"heading.default\">\n\t\t\t\t\t<h3 class=\"elementor-heading-title elementor-size-default\">Santa Cruz El Chol, Baja Verapaz<\/h3>\t\t\t\t<\/div>\n\t\t\t\t\t<\/div>\n\t\t\t\t<\/div>\n\t\t<div data-particle_enable=\"false\" data-particle-mobile-disabled=\"false\" class=\"elementor-element elementor-element-db4eed2 e-flex e-con-boxed e-con e-parent\" data-id=\"db4eed2\" data-element_type=\"container\" data-e-type=\"container\">\n\t\t\t\t\t<div class=\"e-con-inner\">\n\t\t\t\t<div class=\"elementor-element elementor-element-900888f elementor-widget elementor-widget-text-editor\" data-id=\"900888f\" data-element_type=\"widget\" data-e-type=\"widget\" data-widget_type=\"text-editor.default\">\n\t\t\t\t\t\t\t\t\t<div><strong>\u2022 Santa Cruz El Chol<\/strong><\/div><div>\u2022Fundaci\u00f3n: 1815.<\/div><div>\u2022Etnia predominante: Poqomchi\u2019.<\/div><div>\u2022Paisaje: R\u00edos y monta\u00f1as.<\/div><div>\u2022Atractivo tur\u00edstico: Iglesia colonial y sus alrededores naturales.<\/div>\t\t\t\t\t\t\t\t<\/div>\n\t\t\t\t\t<\/div>\n\t\t\t\t<\/div>\n\t\t<div data-particle_enable=\"false\" data-particle-mobile-disabled=\"false\" class=\"elementor-element elementor-element-28ebe24 e-flex e-con-boxed e-con e-parent\" data-id=\"28ebe24\" data-element_type=\"container\" data-e-type=\"container\">\n\t\t\t\t\t<div class=\"e-con-inner\">\n\t\t\t\t<div class=\"elementor-element elementor-element-7279552 elementor-widget elementor-widget-video\" data-id=\"7279552\" data-element_type=\"widget\" data-e-type=\"widget\" data-settings=\"{&quot;youtube_url&quot;:&quot;https:\\\/\\\/www.youtube.com\\\/watch?v=eWQi0uFrzVo&quot;,&quot;video_type&quot;:&quot;youtube&quot;,&quot;controls&quot;:&quot;yes&quot;}\" data-widget_type=\"video.default\">\n\t\t\t\t\t\t\t<div class=\"elementor-wrapper elementor-open-inline\">\n\t\t\t<div class=\"elementor-video\"><\/div>\t\t<\/div>\n\t\t\t\t\t\t<\/div>\n\t\t\t\t\t<\/div>\n\t\t\t\t<\/div>\n\t\t<div data-particle_enable=\"false\" data-particle-mobile-disabled=\"false\" class=\"elementor-element elementor-element-179008b e-flex e-con-boxed e-con e-parent\" data-id=\"179008b\" data-element_type=\"container\" data-e-type=\"container\">\n\t\t\t\t\t<div class=\"e-con-inner\">\n\t\t\t\t<div class=\"elementor-element elementor-element-5660cfa elementor-widget elementor-widget-heading\" data-id=\"5660cfa\" data-element_type=\"widget\" data-e-type=\"widget\" data-widget_type=\"heading.default\">\n\t\t\t\t\t<h3 class=\"elementor-heading-title elementor-size-default\">Camot\u00e1n, Concepci\u00f3n Las Minas y cabecera de Chiquimula<\/h3>\t\t\t\t<\/div>\n\t\t\t\t\t<\/div>\n\t\t\t\t<\/div>\n\t\t<div data-particle_enable=\"false\" data-particle-mobile-disabled=\"false\" class=\"elementor-element elementor-element-d508c72 e-flex e-con-boxed e-con e-parent\" data-id=\"d508c72\" data-element_type=\"container\" data-e-type=\"container\">\n\t\t\t\t\t<div class=\"e-con-inner\">\n\t\t\t\t<div class=\"elementor-element elementor-element-6770bfc elementor-widget elementor-widget-text-editor\" data-id=\"6770bfc\" data-element_type=\"widget\" data-e-type=\"widget\" data-widget_type=\"text-editor.default\">\n\t\t\t\t\t\t\t\t\t<div><strong>\u2022 Camot\u00e1n<\/strong><\/div><div>\u2022Fundaci\u00f3n: 1871.<\/div><div>\u2022Etnia predominante: Ch\u2019orti\u2019.<\/div><div>\u2022Paisaje: Zona monta\u00f1osa y clima c\u00e1lido.<\/div><div>\u2022Atractivo tur\u00edstico: Cuevas de Guayabo.<\/div><div>\u00a0<\/div><div><strong>\u2022Concepci\u00f3n Las Minas<\/strong><\/div><div>\u2022Fundaci\u00f3n: 1800.<\/div><div>\u2022Etnia predominante: Ladina.<\/div><div>\u2022Paisaje: Monta\u00f1as y valles f\u00e9rtiles.<\/div><div>\u2022Atractivo tur\u00edstico: Cerro Las Minas.<\/div>\t\t\t\t\t\t\t\t<\/div>\n\t\t\t\t\t<\/div>\n\t\t\t\t<\/div>\n\t\t<div data-particle_enable=\"false\" data-particle-mobile-disabled=\"false\" class=\"elementor-element elementor-element-167871f e-flex e-con-boxed e-con e-parent\" data-id=\"167871f\" data-element_type=\"container\" data-e-type=\"container\">\n\t\t\t\t\t<div class=\"e-con-inner\">\n\t\t\t\t<div class=\"elementor-element elementor-element-2ae04b4 elementor-widget elementor-widget-video\" data-id=\"2ae04b4\" data-element_type=\"widget\" data-e-type=\"widget\" data-settings=\"{&quot;youtube_url&quot;:&quot;https:\\\/\\\/www.youtube.com\\\/watch?v=kwWzorrkGUE&quot;,&quot;video_type&quot;:&quot;youtube&quot;,&quot;controls&quot;:&quot;yes&quot;}\" data-widget_type=\"video.default\">\n\t\t\t\t\t\t\t<div class=\"elementor-wrapper elementor-open-inline\">\n\t\t\t<div class=\"elementor-video\"><\/div>\t\t<\/div>\n\t\t\t\t\t\t<\/div>\n\t\t\t\t\t<\/div>\n\t\t\t\t<\/div>\n\t\t<div data-particle_enable=\"false\" data-particle-mobile-disabled=\"false\" class=\"elementor-element elementor-element-23d9912 e-flex e-con-boxed e-con e-parent\" data-id=\"23d9912\" data-element_type=\"container\" data-e-type=\"container\">\n\t\t\t\t\t<div class=\"e-con-inner\">\n\t\t\t\t<div class=\"elementor-element elementor-element-ff46957 elementor-widget elementor-widget-heading\" data-id=\"ff46957\" data-element_type=\"widget\" data-e-type=\"widget\" data-widget_type=\"heading.default\">\n\t\t\t\t\t<h3 class=\"elementor-heading-title elementor-size-default\">Concepci\u00f3n, Solol\u00e1<\/h3>\t\t\t\t<\/div>\n\t\t\t\t\t<\/div>\n\t\t\t\t<\/div>\n\t\t<div data-particle_enable=\"false\" data-particle-mobile-disabled=\"false\" class=\"elementor-element elementor-element-954b989 e-flex e-con-boxed e-con e-parent\" data-id=\"954b989\" data-element_type=\"container\" data-e-type=\"container\">\n\t\t\t\t\t<div class=\"e-con-inner\">\n\t\t\t\t<div class=\"elementor-element elementor-element-cc27914 elementor-widget elementor-widget-text-editor\" data-id=\"cc27914\" data-element_type=\"widget\" data-e-type=\"widget\" data-widget_type=\"text-editor.default\">\n\t\t\t\t\t\t\t\t\t<div><span style=\"color: var( --e-global-color-text ); text-align: var(--text-align);\">\u2022Fundaci\u00f3n: Epoca Colonial<\/span><\/div><div>\u2022Etnia predominante: K\u2019iche\u2019.<\/div><div>\u2022Paisaje: Vista al Lago de Atitl\u00e1na pesar de no estar en su ribera.<\/div><div>\u2022Atractivo tur\u00edstico: Iglesia de Concepci\u00f3n y sus tradiciones.<\/div>\t\t\t\t\t\t\t\t<\/div>\n\t\t\t\t\t<\/div>\n\t\t\t\t<\/div>\n\t\t<div data-particle_enable=\"false\" data-particle-mobile-disabled=\"false\" class=\"elementor-element elementor-element-73fcc9c e-flex e-con-boxed e-con e-parent\" data-id=\"73fcc9c\" data-element_type=\"container\" data-e-type=\"container\">\n\t\t\t\t\t<div class=\"e-con-inner\">\n\t\t\t\t<div class=\"elementor-element elementor-element-f8bb75d elementor-widget elementor-widget-video\" data-id=\"f8bb75d\" data-element_type=\"widget\" data-e-type=\"widget\" data-settings=\"{&quot;youtube_url&quot;:&quot;https:\\\/\\\/www.youtube.com\\\/watch?v=OtZEInNmp0o&quot;,&quot;video_type&quot;:&quot;youtube&quot;,&quot;controls&quot;:&quot;yes&quot;}\" data-widget_type=\"video.default\">\n\t\t\t\t\t\t\t<div class=\"elementor-wrapper elementor-open-inline\">\n\t\t\t<div class=\"elementor-video\"><\/div>\t\t<\/div>\n\t\t\t\t\t\t<\/div>\n\t\t\t\t\t<\/div>\n\t\t\t\t<\/div>\n\t\t<div data-particle_enable=\"false\" data-particle-mobile-disabled=\"false\" class=\"elementor-element elementor-element-227b5af e-flex e-con-boxed e-con e-parent\" data-id=\"227b5af\" data-element_type=\"container\" data-e-type=\"container\">\n\t\t\t\t\t<div class=\"e-con-inner\">\n\t\t\t\t<div class=\"elementor-element elementor-element-8b9766c elementor-widget elementor-widget-heading\" data-id=\"8b9766c\" data-element_type=\"widget\" data-e-type=\"widget\" data-widget_type=\"heading.default\">\n\t\t\t\t\t<h3 class=\"elementor-heading-title elementor-size-default\">Canill\u00e1 y Chicam\u00e1n, Quich\u00e9<\/h3>\t\t\t\t<\/div>\n\t\t\t\t\t<\/div>\n\t\t\t\t<\/div>\n\t\t<div data-particle_enable=\"false\" data-particle-mobile-disabled=\"false\" class=\"elementor-element elementor-element-610f5b9 e-flex e-con-boxed e-con e-parent\" data-id=\"610f5b9\" data-element_type=\"container\" data-e-type=\"container\">\n\t\t\t\t\t<div class=\"e-con-inner\">\n\t\t\t\t<div class=\"elementor-element elementor-element-059e49d elementor-widget elementor-widget-text-editor\" data-id=\"059e49d\" data-element_type=\"widget\" data-e-type=\"widget\" data-widget_type=\"text-editor.default\">\n\t\t\t\t\t\t\t\t\t<div><strong>\u2022 Canill\u00e1<\/strong><\/div><div>\u2022Fundaci\u00f3n: 1902.<\/div><div>\u2022Etnia predominante: K\u2019iche\u2019.<\/div><div>\u2022Paisaje: Llanos y colinas.<\/div><div>\u2022Atractivo tur\u00edstico: Cascada de Agua Viva.<\/div><div>\u00a0<\/div><div><strong>\u2022Chicam\u00e1n<\/strong><\/div><div>\u2022Fundaci\u00f3n: 1880.<\/div><div>\u2022Etnia predominante: Uspanteko.<\/div><div>\u2022Paisaje: Valles profundos y r\u00edos.<\/div><div>\u2022Atractivo tur\u00edstico: Reserva Natural El Refugio.<\/div>\t\t\t\t\t\t\t\t<\/div>\n\t\t\t\t\t<\/div>\n\t\t\t\t<\/div>\n\t\t<div data-particle_enable=\"false\" data-particle-mobile-disabled=\"false\" class=\"elementor-element elementor-element-1dcdbe0 e-flex e-con-boxed e-con e-parent\" data-id=\"1dcdbe0\" data-element_type=\"container\" data-e-type=\"container\">\n\t\t\t\t\t<div class=\"e-con-inner\">\n\t\t\t\t<div class=\"elementor-element elementor-element-3e80827 elementor-widget elementor-widget-video\" data-id=\"3e80827\" data-element_type=\"widget\" data-e-type=\"widget\" data-settings=\"{&quot;youtube_url&quot;:&quot;https:\\\/\\\/www.youtube.com\\\/watch?v=pit0R0r3OpM&quot;,&quot;video_type&quot;:&quot;youtube&quot;,&quot;controls&quot;:&quot;yes&quot;}\" data-widget_type=\"video.default\">\n\t\t\t\t\t\t\t<div class=\"elementor-wrapper elementor-open-inline\">\n\t\t\t<div class=\"elementor-video\"><\/div>\t\t<\/div>\n\t\t\t\t\t\t<\/div>\n\t\t\t\t\t<\/div>\n\t\t\t\t<\/div>\n\t\t<div data-particle_enable=\"false\" data-particle-mobile-disabled=\"false\" class=\"elementor-element elementor-element-699bda1 e-flex e-con-boxed e-con e-parent\" data-id=\"699bda1\" data-element_type=\"container\" data-e-type=\"container\">\n\t\t\t\t\t<div class=\"e-con-inner\">\n\t\t\t\t<div class=\"elementor-element elementor-element-5046d27 elementor-widget elementor-widget-heading\" data-id=\"5046d27\" data-element_type=\"widget\" data-e-type=\"widget\" data-widget_type=\"heading.default\">\n\t\t\t\t\t<h3 class=\"elementor-heading-title elementor-size-default\">Conguaco, Jutiapa<\/h3>\t\t\t\t<\/div>\n\t\t\t\t\t<\/div>\n\t\t\t\t<\/div>\n\t\t<div data-particle_enable=\"false\" data-particle-mobile-disabled=\"false\" class=\"elementor-element elementor-element-8f4ce56 e-flex e-con-boxed e-con e-parent\" data-id=\"8f4ce56\" data-element_type=\"container\" data-e-type=\"container\">\n\t\t\t\t\t<div class=\"e-con-inner\">\n\t\t\t\t<div class=\"elementor-element elementor-element-93b8ee9 elementor-widget elementor-widget-text-editor\" data-id=\"93b8ee9\" data-element_type=\"widget\" data-e-type=\"widget\" data-widget_type=\"text-editor.default\">\n\t\t\t\t\t\t\t\t\t<div><span style=\"color: var( --e-global-color-text ); text-align: var(--text-align);\"><b>\u00a0<\/b>\u2022Fundaci\u00f3n: Siglo XVIII.<\/span><\/div><div>\u2022Etnia predominante: Ladina.<\/div><div>\u2022Paisaje: Zona monta\u00f1osa con cafetales.<\/div><div>\u2022Atractivo tur\u00edstico: Laguna de Obrajuelo.<\/div>\t\t\t\t\t\t\t\t<\/div>\n\t\t\t\t\t<\/div>\n\t\t\t\t<\/div>\n\t\t<div data-particle_enable=\"false\" data-particle-mobile-disabled=\"false\" class=\"elementor-element elementor-element-3ef1dbd e-flex e-con-boxed e-con e-parent\" data-id=\"3ef1dbd\" data-element_type=\"container\" data-e-type=\"container\">\n\t\t\t\t\t<div class=\"e-con-inner\">\n\t\t\t\t<div class=\"elementor-element elementor-element-5c48911 elementor-widget elementor-widget-video\" data-id=\"5c48911\" data-element_type=\"widget\" data-e-type=\"widget\" data-settings=\"{&quot;youtube_url&quot;:&quot;https:\\\/\\\/www.youtube.com\\\/watch?v=wSwtRMhgg-A&quot;,&quot;video_type&quot;:&quot;youtube&quot;,&quot;controls&quot;:&quot;yes&quot;}\" data-widget_type=\"video.default\">\n\t\t\t\t\t\t\t<div class=\"elementor-wrapper elementor-open-inline\">\n\t\t\t<div class=\"elementor-video\"><\/div>\t\t<\/div>\n\t\t\t\t\t\t<\/div>\n\t\t\t\t\t<\/div>\n\t\t\t\t<\/div>\n\t\t<div data-particle_enable=\"false\" data-particle-mobile-disabled=\"false\" class=\"elementor-element elementor-element-9af1750 e-flex e-con-boxed e-con e-parent\" data-id=\"9af1750\" data-element_type=\"container\" data-e-type=\"container\">\n\t\t\t\t\t<div class=\"e-con-inner\">\n\t\t\t\t<div class=\"elementor-element elementor-element-77c3b2f elementor-widget elementor-widget-heading\" data-id=\"77c3b2f\" data-element_type=\"widget\" data-e-type=\"widget\" data-widget_type=\"heading.default\">\n\t\t\t\t\t<h3 class=\"elementor-heading-title elementor-size-default\">Cabecera de Retalhuleu<\/h3>\t\t\t\t<\/div>\n\t\t\t\t\t<\/div>\n\t\t\t\t<\/div>\n\t\t<div data-particle_enable=\"false\" data-particle-mobile-disabled=\"false\" class=\"elementor-element elementor-element-68b1470 e-flex e-con-boxed e-con e-parent\" data-id=\"68b1470\" data-element_type=\"container\" data-e-type=\"container\">\n\t\t\t\t\t<div class=\"e-con-inner\">\n\t\t\t\t<div class=\"elementor-element elementor-element-2766dc7 elementor-widget elementor-widget-text-editor\" data-id=\"2766dc7\" data-element_type=\"widget\" data-e-type=\"widget\" data-widget_type=\"text-editor.default\">\n\t\t\t\t\t\t\t\t\t<div><span style=\"color: var( --e-global-color-text ); text-align: var(--text-align);\"><b>\u00a0<\/b>\u2022Fundaci\u00f3n: \u00c9poca colonial.<\/span><\/div><div>\u2022Etnia predominante: Ladina.<\/div><div>\u2022Paisaje: Llanuras y tierras c\u00e1lidas.<\/div><div>\u2022Atractivo tur\u00edstico: Parque tem\u00e1tico Xetulul.<\/div>\t\t\t\t\t\t\t\t<\/div>\n\t\t\t\t\t<\/div>\n\t\t\t\t<\/div>\n\t\t<div data-particle_enable=\"false\" data-particle-mobile-disabled=\"false\" class=\"elementor-element elementor-element-76e601d e-flex e-con-boxed e-con e-parent\" data-id=\"76e601d\" data-element_type=\"container\" data-e-type=\"container\">\n\t\t\t\t\t<div class=\"e-con-inner\">\n\t\t\t\t<div class=\"elementor-element elementor-element-8f30467 elementor-widget elementor-widget-video\" data-id=\"8f30467\" data-element_type=\"widget\" data-e-type=\"widget\" data-settings=\"{&quot;youtube_url&quot;:&quot;https:\\\/\\\/www.youtube.com\\\/watch?v=H_QzfklpR6Q&quot;,&quot;video_type&quot;:&quot;youtube&quot;,&quot;controls&quot;:&quot;yes&quot;}\" data-widget_type=\"video.default\">\n\t\t\t\t\t\t\t<div class=\"elementor-wrapper elementor-open-inline\">\n\t\t\t<div class=\"elementor-video\"><\/div>\t\t<\/div>\n\t\t\t\t\t\t<\/div>\n\t\t\t\t\t<\/div>\n\t\t\t\t<\/div>\n\t\t<div data-particle_enable=\"false\" data-particle-mobile-disabled=\"false\" class=\"elementor-element elementor-element-cca7910 e-flex e-con-boxed e-con e-parent\" data-id=\"cca7910\" data-element_type=\"container\" data-e-type=\"container\">\n\t\t\t\t\t<div class=\"e-con-inner\">\n\t\t\t\t<div class=\"elementor-element elementor-element-dbf4a86 elementor-widget elementor-widget-heading\" data-id=\"dbf4a86\" data-element_type=\"widget\" data-e-type=\"widget\" data-widget_type=\"heading.default\">\n\t\t\t\t\t<h3 class=\"elementor-heading-title elementor-size-default\">Concepci\u00f3n Tutuapa y Pajapita, San Marcos<\/h3>\t\t\t\t<\/div>\n\t\t\t\t\t<\/div>\n\t\t\t\t<\/div>\n\t\t<div data-particle_enable=\"false\" data-particle-mobile-disabled=\"false\" class=\"elementor-element elementor-element-7d28e4d e-flex e-con-boxed e-con e-parent\" data-id=\"7d28e4d\" data-element_type=\"container\" data-e-type=\"container\">\n\t\t\t\t\t<div class=\"e-con-inner\">\n\t\t\t\t<div class=\"elementor-element elementor-element-c65234c elementor-widget elementor-widget-text-editor\" data-id=\"c65234c\" data-element_type=\"widget\" data-e-type=\"widget\" data-widget_type=\"text-editor.default\">\n\t\t\t\t\t\t\t\t\t<div><strong>\u2022 Concepci\u00f3n Tutuapa<\/strong><\/div><div>\u2022Fundaci\u00f3n: Prehisp\u00e1nica.<\/div><div>\u2022Etnia predominante: Mam.<\/div><div>\u2022Paisaje: Monta\u00f1as altas y fr\u00edas.<\/div><div>\u2022Atractivo tur\u00edstico: Mirador del Volc\u00e1n Tajumulco.<\/div><div>\u00a0<\/div><div><strong>\u2022Pajapita<\/strong><\/div><div>\u2022Fundaci\u00f3n: 1892.<\/div><div>\u2022Etnia predominante: Ladina.<\/div><div>\u2022Paisaje: Clima c\u00e1lido y planicies.<\/div><div>\u2022Atractivo tur\u00edstico: Balnearios naturales.<\/div>\t\t\t\t\t\t\t\t<\/div>\n\t\t\t\t\t<\/div>\n\t\t\t\t<\/div>\n\t\t<div data-particle_enable=\"false\" data-particle-mobile-disabled=\"false\" class=\"elementor-element elementor-element-4261805 e-flex e-con-boxed e-con e-parent\" data-id=\"4261805\" data-element_type=\"container\" data-e-type=\"container\">\n\t\t\t\t\t<div class=\"e-con-inner\">\n\t\t\t\t<div class=\"elementor-element elementor-element-555731e elementor-widget elementor-widget-video\" data-id=\"555731e\" data-element_type=\"widget\" data-e-type=\"widget\" data-settings=\"{&quot;youtube_url&quot;:&quot;https:\\\/\\\/www.youtube.com\\\/watch?v=R7h65wiglMs&quot;,&quot;video_type&quot;:&quot;youtube&quot;,&quot;controls&quot;:&quot;yes&quot;}\" data-widget_type=\"video.default\">\n\t\t\t\t\t\t\t<div class=\"elementor-wrapper elementor-open-inline\">\n\t\t\t<div class=\"elementor-video\"><\/div>\t\t<\/div>\n\t\t\t\t\t\t<\/div>\n\t\t\t\t\t<\/div>\n\t\t\t\t<\/div>\n\t\t<div data-particle_enable=\"false\" data-particle-mobile-disabled=\"false\" class=\"elementor-element elementor-element-882e106 e-flex e-con-boxed e-con e-parent\" data-id=\"882e106\" data-element_type=\"container\" data-e-type=\"container\">\n\t\t\t\t\t<div class=\"e-con-inner\">\n\t\t\t\t<div class=\"elementor-element elementor-element-9f8559a elementor-widget elementor-widget-heading\" data-id=\"9f8559a\" data-element_type=\"widget\" data-e-type=\"widget\" data-widget_type=\"heading.default\">\n\t\t\t\t\t<h3 class=\"elementor-heading-title elementor-size-default\">Guazacap\u00e1n, Santa Rosa<\/h3>\t\t\t\t<\/div>\n\t\t\t\t\t<\/div>\n\t\t\t\t<\/div>\n\t\t<div data-particle_enable=\"false\" data-particle-mobile-disabled=\"false\" class=\"elementor-element elementor-element-868f632 e-flex e-con-boxed e-con e-parent\" data-id=\"868f632\" data-element_type=\"container\" data-e-type=\"container\">\n\t\t\t\t\t<div class=\"e-con-inner\">\n\t\t\t\t<div class=\"elementor-element elementor-element-1f67280 elementor-widget elementor-widget-text-editor\" data-id=\"1f67280\" data-element_type=\"widget\" data-e-type=\"widget\" data-widget_type=\"text-editor.default\">\n\t\t\t\t\t\t\t\t\t<div><span style=\"color: var( --e-global-color-text ); text-align: var(--text-align);\">\u2022Fundaci\u00f3n: Siglo XVII.<\/span><\/div><div>\u2022Etnia predominante: Ladina.<\/div><div>\u2022Paisaje: Costas y \u00e1reas monta\u00f1osas.<\/div><div>\u2022Atractivo tur\u00edstico: Playas cercanas.<\/div>\t\t\t\t\t\t\t\t<\/div>\n\t\t\t\t\t<\/div>\n\t\t\t\t<\/div>\n\t\t<div data-particle_enable=\"false\" data-particle-mobile-disabled=\"false\" class=\"elementor-element elementor-element-7c003b5 e-flex e-con-boxed e-con e-parent\" data-id=\"7c003b5\" data-element_type=\"container\" data-e-type=\"container\">\n\t\t\t\t\t<div class=\"e-con-inner\">\n\t\t\t\t<div class=\"elementor-element elementor-element-c381ab5 elementor-widget elementor-widget-video\" data-id=\"c381ab5\" data-element_type=\"widget\" data-e-type=\"widget\" data-settings=\"{&quot;youtube_url&quot;:&quot;https:\\\/\\\/www.youtube.com\\\/watch?v=Nq2USh7Hybc&quot;,&quot;video_type&quot;:&quot;youtube&quot;,&quot;controls&quot;:&quot;yes&quot;}\" data-widget_type=\"video.default\">\n\t\t\t\t\t\t\t<div class=\"elementor-wrapper elementor-open-inline\">\n\t\t\t<div class=\"elementor-video\"><\/div>\t\t<\/div>\n\t\t\t\t\t\t<\/div>\n\t\t\t\t\t<\/div>\n\t\t\t\t<\/div>\n\t\t<div data-particle_enable=\"false\" data-particle-mobile-disabled=\"false\" class=\"elementor-element elementor-element-579da94 e-flex e-con-boxed e-con e-parent\" data-id=\"579da94\" data-element_type=\"container\" data-e-type=\"container\">\n\t\t\t\t\t<div class=\"e-con-inner\">\n\t\t\t\t<div class=\"elementor-element elementor-element-4d07d49 elementor-widget elementor-widget-heading\" data-id=\"4d07d49\" data-element_type=\"widget\" data-e-type=\"widget\" data-widget_type=\"heading.default\">\n\t\t\t\t\t<h3 class=\"elementor-heading-title elementor-size-default\">Nueva Concepci\u00f3n y cabecera de Escuintla<\/h3>\t\t\t\t<\/div>\n\t\t\t\t\t<\/div>\n\t\t\t\t<\/div>\n\t\t<div data-particle_enable=\"false\" data-particle-mobile-disabled=\"false\" class=\"elementor-element elementor-element-4474eeb e-flex e-con-boxed e-con e-parent\" data-id=\"4474eeb\" data-element_type=\"container\" data-e-type=\"container\">\n\t\t\t\t\t<div class=\"e-con-inner\">\n\t\t\t\t<div class=\"elementor-element elementor-element-21558e5 elementor-widget elementor-widget-text-editor\" data-id=\"21558e5\" data-element_type=\"widget\" data-e-type=\"widget\" data-widget_type=\"text-editor.default\">\n\t\t\t\t\t\t\t\t\t<div><strong>\u2022 Escuintla (cabecera)<\/strong><\/div><div>\u2022Fundaci\u00f3n: \u00c9poca colonial.<\/div><div>\u2022Etnia predominante: Ladina.<\/div><div>\u2022Paisaje: Tierras bajas y c\u00e1lidas.<\/div><div>\u2022Atractivo tur\u00edstico: Puerto San Jos\u00e9.<\/div><div>\u00a0<\/div><div><strong>\u2022Nueva Concepci\u00f3n<\/strong><\/div><div>\u2022Fundaci\u00f3n: 1959.<\/div><div>\u2022Etnia predominante: Ladina.<\/div><div>\u2022Paisaje: Zona costera.<\/div><div>\u2022Atractivo tur\u00edstico: Playas de la Bocabarra.<\/div>\t\t\t\t\t\t\t\t<\/div>\n\t\t\t\t\t<\/div>\n\t\t\t\t<\/div>\n\t\t<div data-particle_enable=\"false\" data-particle-mobile-disabled=\"false\" class=\"elementor-element elementor-element-f6c0905 e-flex e-con-boxed e-con e-parent\" data-id=\"f6c0905\" data-element_type=\"container\" data-e-type=\"container\">\n\t\t\t\t\t<div class=\"e-con-inner\">\n\t\t\t\t<div class=\"elementor-element elementor-element-86b7c57 elementor-widget elementor-widget-video\" data-id=\"86b7c57\" data-element_type=\"widget\" data-e-type=\"widget\" data-settings=\"{&quot;youtube_url&quot;:&quot;https:\\\/\\\/www.youtube.com\\\/watch?v=4PFunErRleo&quot;,&quot;video_type&quot;:&quot;youtube&quot;,&quot;controls&quot;:&quot;yes&quot;}\" data-widget_type=\"video.default\">\n\t\t\t\t\t\t\t<div class=\"elementor-wrapper elementor-open-inline\">\n\t\t\t<div class=\"elementor-video\"><\/div>\t\t<\/div>\n\t\t\t\t\t\t<\/div>\n\t\t\t\t\t<\/div>\n\t\t\t\t<\/div>\n\t\t<div data-particle_enable=\"false\" data-particle-mobile-disabled=\"false\" class=\"elementor-element elementor-element-66cb900 e-flex e-con-boxed e-con e-parent\" data-id=\"66cb900\" data-element_type=\"container\" data-e-type=\"container\">\n\t\t\t\t\t<div class=\"e-con-inner\">\n\t\t\t\t<div class=\"elementor-element elementor-element-f12e1d6 elementor-widget elementor-widget-heading\" data-id=\"f12e1d6\" data-element_type=\"widget\" data-e-type=\"widget\" data-widget_type=\"heading.default\">\n\t\t\t\t\t<h3 class=\"elementor-heading-title elementor-size-default\">Zacapa<\/h3>\t\t\t\t<\/div>\n\t\t\t\t\t<\/div>\n\t\t\t\t<\/div>\n\t\t<div data-particle_enable=\"false\" data-particle-mobile-disabled=\"false\" class=\"elementor-element elementor-element-dfe9ce9 e-flex e-con-boxed e-con e-parent\" data-id=\"dfe9ce9\" data-element_type=\"container\" data-e-type=\"container\">\n\t\t\t\t\t<div class=\"e-con-inner\">\n\t\t\t\t<div class=\"elementor-element elementor-element-d3507ff elementor-widget elementor-widget-text-editor\" data-id=\"d3507ff\" data-element_type=\"widget\" data-e-type=\"widget\" data-widget_type=\"text-editor.default\">\n\t\t\t\t\t\t\t\t\t<div><span style=\"color: var( --e-global-color-text ); text-align: var(--text-align);\"><b>\u00a0<\/b>\u2022Fundaci\u00f3n: 1871.<\/span><\/div><div>\u2022Etnia predominante: Ladina.<\/div><div>\u2022Paisaje: Clima \u00e1rido y monta\u00f1oso.<\/div><div>\u2022Atractivo tur\u00edstico: R\u00edo Motagua.<\/div>\t\t\t\t\t\t\t\t<\/div>\n\t\t\t\t\t<\/div>\n\t\t\t\t<\/div>\n\t\t<div data-particle_enable=\"false\" data-particle-mobile-disabled=\"false\" class=\"elementor-element elementor-element-141691c e-flex e-con-boxed e-con e-parent\" data-id=\"141691c\" data-element_type=\"container\" data-e-type=\"container\">\n\t\t\t\t\t<div class=\"e-con-inner\">\n\t\t\t\t<div class=\"elementor-element elementor-element-7fa1403 elementor-widget elementor-widget-video\" data-id=\"7fa1403\" data-element_type=\"widget\" data-e-type=\"widget\" data-settings=\"{&quot;youtube_url&quot;:&quot;https:\\\/\\\/www.youtube.com\\\/watch?v=pdW-1pVV2oA&quot;,&quot;video_type&quot;:&quot;youtube&quot;,&quot;controls&quot;:&quot;yes&quot;}\" data-widget_type=\"video.default\">\n\t\t\t\t\t\t\t<div class=\"elementor-wrapper elementor-open-inline\">\n\t\t\t<div class=\"elementor-video\"><\/div>\t\t<\/div>\n\t\t\t\t\t\t<\/div>\n\t\t\t\t\t<\/div>\n\t\t\t\t<\/div>\n\t\t<div data-particle_enable=\"false\" data-particle-mobile-disabled=\"false\" class=\"elementor-element elementor-element-a6ad0b5 e-flex e-con-boxed e-con e-parent\" data-id=\"a6ad0b5\" data-element_type=\"container\" data-e-type=\"container\">\n\t\t\t\t\t<div class=\"e-con-inner\">\n\t\t\t\t<div class=\"elementor-element elementor-element-7f5bb61 elementor-widget elementor-widget-heading\" data-id=\"7f5bb61\" data-element_type=\"widget\" data-e-type=\"widget\" data-widget_type=\"heading.default\">\n\t\t\t\t\t<h3 class=\"elementor-heading-title elementor-size-default\">Concepci\u00f3n Chiquirichapa y G\u00e9nova, Quetzaltenango<\/h3>\t\t\t\t<\/div>\n\t\t\t\t\t<\/div>\n\t\t\t\t<\/div>\n\t\t<div data-particle_enable=\"false\" data-particle-mobile-disabled=\"false\" class=\"elementor-element elementor-element-cc328a2 e-flex e-con-boxed e-con e-parent\" data-id=\"cc328a2\" data-element_type=\"container\" data-e-type=\"container\">\n\t\t\t\t\t<div class=\"e-con-inner\">\n\t\t\t\t<div class=\"elementor-element elementor-element-1381b94 elementor-widget elementor-widget-text-editor\" data-id=\"1381b94\" data-element_type=\"widget\" data-e-type=\"widget\" data-widget_type=\"text-editor.default\">\n\t\t\t\t\t\t\t\t\t<div><strong>\u2022 Concepci\u00f3n Chiquirichapa<\/strong><\/div><div>\u2022Fundaci\u00f3n: \u00c9poca prehisp\u00e1nica.<\/div><div>\u2022Etnia predominante: Mam.<\/div><div>\u2022Paisaje: Monta\u00f1as fr\u00edas.<\/div><div>\u2022Atractivo tur\u00edstico: Miradores naturales.<\/div><div>\u00a0<\/div><div><strong>\u2022G\u00e9nova Costa Cuca<\/strong><\/div><div>\u2022Fundaci\u00f3n: 1902.<\/div><div>\u2022Etnia predominante: Ladina.<\/div><div>\u2022Paisaje: Plantaciones de banano.<\/div><div>\u2022Atractivo tur\u00edstico: Balnearios cercanos.<\/div>\t\t\t\t\t\t\t\t<\/div>\n\t\t\t\t\t<\/div>\n\t\t\t\t<\/div>\n\t\t<div data-particle_enable=\"false\" data-particle-mobile-disabled=\"false\" class=\"elementor-element elementor-element-606cb55 e-flex e-con-boxed e-con e-parent\" data-id=\"606cb55\" data-element_type=\"container\" data-e-type=\"container\">\n\t\t\t\t\t<div class=\"e-con-inner\">\n\t\t\t\t<div class=\"elementor-element elementor-element-ae8d2ef elementor-widget elementor-widget-video\" data-id=\"ae8d2ef\" data-element_type=\"widget\" data-e-type=\"widget\" data-settings=\"{&quot;youtube_url&quot;:&quot;https:\\\/\\\/www.youtube.com\\\/watch?v=sJcJn9N4B4I&quot;,&quot;video_type&quot;:&quot;youtube&quot;,&quot;controls&quot;:&quot;yes&quot;}\" data-widget_type=\"video.default\">\n\t\t\t\t\t\t\t<div class=\"elementor-wrapper elementor-open-inline\">\n\t\t\t<div class=\"elementor-video\"><\/div>\t\t<\/div>\n\t\t\t\t\t\t<\/div>\n\t\t\t\t\t<\/div>\n\t\t\t\t<\/div>\n\t\t<div data-particle_enable=\"false\" data-particle-mobile-disabled=\"false\" class=\"elementor-element elementor-element-49bec12 e-flex e-con-boxed e-con e-parent\" data-id=\"49bec12\" data-element_type=\"container\" data-e-type=\"container\">\n\t\t\t\t\t<div class=\"e-con-inner\">\n\t\t\t\t<div class=\"elementor-element elementor-element-48da142 elementor-widget elementor-widget-heading\" data-id=\"48da142\" data-element_type=\"widget\" data-e-type=\"widget\" data-widget_type=\"heading.default\">\n\t\t\t\t\t<h3 class=\"elementor-heading-title elementor-size-default\">Chicacao y Samayac, Suchitep\u00e9quez<\/h3>\t\t\t\t<\/div>\n\t\t\t\t\t<\/div>\n\t\t\t\t<\/div>\n\t\t<div data-particle_enable=\"false\" data-particle-mobile-disabled=\"false\" class=\"elementor-element elementor-element-c927219 e-flex e-con-boxed e-con e-parent\" data-id=\"c927219\" data-element_type=\"container\" data-e-type=\"container\">\n\t\t\t\t\t<div class=\"e-con-inner\">\n\t\t\t\t<div class=\"elementor-element elementor-element-ad8e7a5 elementor-widget elementor-widget-text-editor\" data-id=\"ad8e7a5\" data-element_type=\"widget\" data-e-type=\"widget\" data-widget_type=\"text-editor.default\">\n\t\t\t\t\t\t\t\t\t<div><strong>\u2022 Chicacao<\/strong><\/div><div>\u2022Fundaci\u00f3n: Siglo XIX.<\/div><div>\u2022Etnia predominante: Ladina.<\/div><div>\u2022Paisaje: Plantaciones de caf\u00e9.<\/div><div>\u2022Atractivo tur\u00edstico: Laguna de Chicacao.<\/div><div>\u00a0<\/div><div><strong>\u2022Samayac<\/strong><\/div><div>\u2022Fundaci\u00f3n: 1700.<\/div><div>\u2022Etnia predominante: Ladina.<\/div><div>\u2022Paisaje: Llanos y colinas.<\/div><div>\u2022Atractivo tur\u00edstico: Feria tradicional.<\/div>\t\t\t\t\t\t\t\t<\/div>\n\t\t\t\t\t<\/div>\n\t\t\t\t<\/div>\n\t\t<div data-particle_enable=\"false\" data-particle-mobile-disabled=\"false\" class=\"elementor-element elementor-element-99cbf38 e-flex e-con-boxed e-con e-parent\" data-id=\"99cbf38\" data-element_type=\"container\" data-e-type=\"container\">\n\t\t\t\t\t<div class=\"e-con-inner\">\n\t\t\t\t<div class=\"elementor-element elementor-element-d7f5837 elementor-widget elementor-widget-video\" data-id=\"d7f5837\" data-element_type=\"widget\" data-e-type=\"widget\" data-settings=\"{&quot;youtube_url&quot;:&quot;https:\\\/\\\/www.youtube.com\\\/watch?v=ne9zsbpgZYc&quot;,&quot;video_type&quot;:&quot;youtube&quot;,&quot;controls&quot;:&quot;yes&quot;}\" data-widget_type=\"video.default\">\n\t\t\t\t\t\t\t<div class=\"elementor-wrapper elementor-open-inline\">\n\t\t\t<div class=\"elementor-video\"><\/div>\t\t<\/div>\n\t\t\t\t\t\t<\/div>\n\t\t\t\t\t<\/div>\n\t\t\t\t<\/div>\n\t\t<div data-particle_enable=\"false\" data-particle-mobile-disabled=\"false\" class=\"elementor-element elementor-element-6003300 e-flex e-con-boxed e-con e-parent\" data-id=\"6003300\" data-element_type=\"container\" data-e-type=\"container\">\n\t\t\t\t\t<div class=\"e-con-inner\">\n\t\t\t\t<div class=\"elementor-element elementor-element-21d3bfd elementor-widget elementor-widget-text-editor\" data-id=\"21d3bfd\" data-element_type=\"widget\" data-e-type=\"widget\" data-widget_type=\"text-editor.default\">\n\t\t\t\t\t\t\t\t\t<p><a href=\"https:\/\/soymigrante.com\/revista\/category\/guate-nuestra\/\" target=\"_blank\" rel=\"noopener\">La celebraci\u00f3n de la Virgen de Concepci\u00f3n es un s\u00edmbolo de unidad<\/a>, devoci\u00f3n y riqueza cultural que une a diferentes comunidades en una misma fe y alegr\u00eda.<\/p>\t\t\t\t\t\t\t\t<\/div>\n\t\t\t\t\t<\/div>\n\t\t\t\t<\/div>\n\t\t<div data-particle_enable=\"false\" data-particle-mobile-disabled=\"false\" class=\"elementor-element elementor-element-8dca278 e-flex e-con-boxed e-con e-parent\" data-id=\"8dca278\" data-element_type=\"container\" data-e-type=\"container\">\n\t\t\t\t\t<div class=\"e-con-inner\">\n\t\t\t\t<div class=\"elementor-element elementor-element-2c268ee elementor-widget elementor-widget-heading\" data-id=\"2c268ee\" data-element_type=\"widget\" data-e-type=\"widget\" data-widget_type=\"heading.default\">\n\t\t\t\t\t<h2 class=\"elementor-heading-title elementor-size-default\">Te puede interesar...<\/h2>\t\t\t\t<\/div>\n\t\t\t\t\t<\/div>\n\t\t\t\t<\/div>\n\t\t<div data-particle_enable=\"false\" data-particle-mobile-disabled=\"false\" class=\"elementor-element elementor-element-ee10fa9 e-flex e-con-boxed e-con e-parent\" data-id=\"ee10fa9\" data-element_type=\"container\" data-e-type=\"container\">\n\t\t\t\t\t<div class=\"e-con-inner\">\n\t\t\t\t<div class=\"elementor-element elementor-element-be2c5af elementor-widget elementor-widget-blfe-post-grid\" data-id=\"be2c5af\" data-element_type=\"widget\" data-e-type=\"widget\" data-settings=\"{&quot;columns&quot;:&quot;3&quot;,&quot;columns_tablet&quot;:&quot;6&quot;,&quot;columns_mobile&quot;:&quot;12&quot;,&quot;hero1_layout_column_gap&quot;:{&quot;unit&quot;:&quot;px&quot;,&quot;size&quot;:30,&quot;sizes&quot;:[]},&quot;hero1_layout_column_gap_tablet&quot;:{&quot;unit&quot;:&quot;px&quot;,&quot;size&quot;:&quot;&quot;,&quot;sizes&quot;:[]},&quot;hero1_layout_column_gap_mobile&quot;:{&quot;unit&quot;:&quot;px&quot;,&quot;size&quot;:&quot;&quot;,&quot;sizes&quot;:[]},&quot;hero1_layout_row_gap&quot;:{&quot;unit&quot;:&quot;px&quot;,&quot;size&quot;:30,&quot;sizes&quot;:[]},&quot;hero1_layout_row_gap_tablet&quot;:{&quot;unit&quot;:&quot;px&quot;,&quot;size&quot;:&quot;&quot;,&quot;sizes&quot;:[]},&quot;hero1_layout_row_gap_mobile&quot;:{&quot;unit&quot;:&quot;px&quot;,&quot;size&quot;:&quot;&quot;,&quot;sizes&quot;:[]}}\" data-widget_type=\"blfe-post-grid.hero1\">\n\t\t\t\t<div class=\"elementor-widget-container\">\n\t\t\t\t\t\n                        <div class=\"blfe-post-grid-container \">\n            \n                <div data-skin=\"hero1\" class=\"blfe-row blfe-posts-inner blfe-hero1 blfe-posts-inner blfe-col-3 blfe-col-tab-6 blfe-col-mob-12     \">\n                            <div class=\"blfe-post-grid-item\">\n            <div class=\"blfe-post-grid-item-inner blfe-modern-zoom\">\n                        <div class=\"blfe-post-grid-bg-image\">\n            <a class=\"blfe-post-grid-image-inner\" href=\"https:\/\/soymigrante.com\/revista\/danzas-de-guatemala-danza-de-las-guacamayas-santa-cruz-verapaz-patrimonio\/\" title=\"La ancestral Danza de las Guacamayas o Ma&#8217;Muun vuela alto en Santa Cruz Verapaz cada 3 de mayo\" rel=\"nofollow\" target=\"_blank\"><img decoding=\"async\" src=\"https:\/\/soymigrante.com\/revista\/wp-content\/uploads\/2025\/04\/danza-de-las-guacamayas-patrimonio-guatemala-13.webp\" alt=\"La ancestral Danza de las Guacamayas o Ma&#8217;Muun vuela alto en Santa Cruz Verapaz cada 3 de mayo\"\/><\/a>        <\/div>\n                        <div class=\"blfe-post-grid-details\">\n                    <div class=\"blfe-post-grid-details-inner\">\n                        <span class=\"blfe-post-category\"><a href=\"https:\/\/soymigrante.com\/revista\/category\/guate-nuestra\/\">Guate Nuestra<\/a><\/span>                        <h3 class=\"blfe-post-grid-title\">\n            <a href=\"https:\/\/soymigrante.com\/revista\/danzas-de-guatemala-danza-de-las-guacamayas-santa-cruz-verapaz-patrimonio\/\" title=\"La ancestral Danza de las Guacamayas o Ma&#8217;Muun vuela alto en Santa Cruz Verapaz cada 3 de mayo\" rel=\"nofollow\" target=\"_blank\">La ancestral Danza de las Guacamayas o Ma&#8217;Muun vuela alto en Santa Cruz Verapaz cada 3 de mayo<\/a>\n            <\/h3>                                                            <div class=\"blfe-post-grid-meta\">\n                <span class=\"blfe-post-grid-time\"><i class=\"fas fa-book-reader\"><\/i>7 Min read<\/span>            <\/div>\n                                                        <\/div>\n                <\/div>\n\n            <\/div>\n        <\/div>\n                <div class=\"blfe-post-grid-item\">\n            <div class=\"blfe-post-grid-item-inner blfe-modern-zoom\">\n                        <div class=\"blfe-post-grid-bg-image\">\n            <a class=\"blfe-post-grid-image-inner\" href=\"https:\/\/soymigrante.com\/revista\/fiestas-patronales-en-pueblos-de-guatemala-durante-mayo\/\" title=\"Ferias patronales en pueblos y municipios de Guatemala durante el mes de mayo\" rel=\"nofollow\" target=\"_blank\"><img decoding=\"async\" src=\"https:\/\/soymigrante.com\/revista\/wp-content\/uploads\/2025\/03\/Ferias-.webp\" alt=\"Ferias patronales en pueblos y municipios de Guatemala durante el mes de mayo\"\/><\/a>        <\/div>\n                        <div class=\"blfe-post-grid-details\">\n                    <div class=\"blfe-post-grid-details-inner\">\n                        <span class=\"blfe-post-category\"><a href=\"https:\/\/soymigrante.com\/revista\/category\/guate-nuestra\/\">Guate Nuestra<\/a><\/span>                        <h3 class=\"blfe-post-grid-title\">\n            <a href=\"https:\/\/soymigrante.com\/revista\/fiestas-patronales-en-pueblos-de-guatemala-durante-mayo\/\" title=\"Ferias patronales en pueblos y municipios de Guatemala durante el mes de mayo\" rel=\"nofollow\" target=\"_blank\">Ferias patronales en pueblos y municipios de Guatemala durante el mes de mayo<\/a>\n            <\/h3>                                                            <div class=\"blfe-post-grid-meta\">\n                <span class=\"blfe-post-grid-time\"><i class=\"fas fa-book-reader\"><\/i>2 Min read<\/span>            <\/div>\n                                                        <\/div>\n                <\/div>\n\n            <\/div>\n        <\/div>\n                <div class=\"blfe-post-grid-item\">\n            <div class=\"blfe-post-grid-item-inner blfe-modern-zoom\">\n                        <div class=\"blfe-post-grid-bg-image\">\n            <a class=\"blfe-post-grid-image-inner\" href=\"https:\/\/soymigrante.com\/revista\/laguna-del-hoyo-un-tesoro-natural-y-mistico-en-el-corazon-de-jalapa\/\" title=\"Laguna del Hoyo en Jalapa: Un tesoro natural misterioso pero fascinante\" rel=\"nofollow\" target=\"_blank\"><img decoding=\"async\" src=\"https:\/\/soymigrante.com\/revista\/wp-content\/uploads\/2025\/04\/Laguna-del-Hoyo-1.webp\" alt=\"Laguna del Hoyo en Jalapa: Un tesoro natural misterioso pero fascinante\"\/><\/a>        <\/div>\n                        <div class=\"blfe-post-grid-details\">\n                    <div class=\"blfe-post-grid-details-inner\">\n                        <span class=\"blfe-post-category\"><a href=\"https:\/\/soymigrante.com\/revista\/category\/guate-nuestra\/\">Guate Nuestra<\/a><\/span>                        <h3 class=\"blfe-post-grid-title\">\n            <a href=\"https:\/\/soymigrante.com\/revista\/laguna-del-hoyo-un-tesoro-natural-y-mistico-en-el-corazon-de-jalapa\/\" title=\"Laguna del Hoyo en Jalapa: Un tesoro natural misterioso pero fascinante\" rel=\"nofollow\" target=\"_blank\">Laguna del Hoyo en Jalapa: Un tesoro natural misterioso pero fascinante<\/a>\n            <\/h3>                                                            <div class=\"blfe-post-grid-meta\">\n                <span class=\"blfe-post-grid-time\"><i class=\"fas fa-book-reader\"><\/i>3 Min read<\/span>            <\/div>\n                                                        <\/div>\n                <\/div>\n\n            <\/div>\n        <\/div>\n                        <\/div>\n\n                        <\/div>\n            \n                        <div class=\"blfe-post-footer\">\n                        <\/div>\n            \t\t\t\t<\/div>\n\t\t\t\t<\/div>\n\t\t\t\t\t<\/div>\n\t\t\t\t<\/div>\n\t\t\t\t<\/div>\n\t\t","protected":false},"excerpt":{"rendered":"<p>La festividad de la Inmaculada Concepci\u00f3n de Mar\u00eda o Virgen de Concepci\u00f3n, cada 8 de diciembre, es festejada en parroquias de todo el pa\u00eds, pero en 21 municipios es la fiesta patronal, por lo que tiene m\u00faltiples expresiones culturales, religiosas y sociales. Cada 8 de diciembre, Guatemala se viste de fiesta para honrar a la [&hellip;]<\/p>\n","protected":false},"author":1,"featured_media":15338,"comment_status":"open","ping_status":"open","sticky":false,"template":"","format":"standard","meta":{"_acf_changed":false,"_eb_attr":"","footnotes":""},"categories":[58],"tags":[272],"class_list":["post-15280","post","type-post","status-publish","format-standard","has-post-thumbnail","hentry","category-guate-nuestra","tag-calendario-de-ferias"],"acf":[],"aioseo_notices":[],"aioseo_head":"\n\t\t<!-- All in One SEO Pro 4.9.6.2 - aioseo.com -->\n\t<meta name=\"description\" content=\"Ubicada en Monjas, esta laguna del Hoyo, ofrece paisajes impresionantes y una leyenda ancestral que cautiva a los visitantes.\" \/>\n\t<meta name=\"robots\" content=\"max-snippet:-1, max-image-preview:large, max-video-preview:-1\" \/>\n\t<meta name=\"author\" content=\"SoyMigrante.com REVISTA\"\/>\n\t<link rel=\"canonical\" href=\"https:\/\/soymigrante.com\/revista\/laguna-del-hoyo-un-tesoro-natural-y-mistico-en-el-corazon-de-jalapa\/\" \/>\n\t<meta name=\"generator\" content=\"All in One SEO Pro (AIOSEO) 4.9.6.2\" \/>\n\n\t\t<link rel=\"preconnect\" href=\"https:\/\/fonts.googleapis.com\" crossorigin>\n<link rel=\"preconnect\" href=\"https:\/\/fonts.gstatic.com\" crossorigin>\n\t\t<meta property=\"og:locale\" content=\"es_ES\" \/>\n\t\t<meta property=\"og:site_name\" content=\"SoyMigrante.com REVISTA \u2013 Nuestra misi\u00f3n es reconocer y dignificar al migrante.\" \/>\n\t\t<meta property=\"og:type\" content=\"article\" \/>\n\t\t<meta property=\"og:title\" content=\"Laguna del Hoyo en Jalapa: Un tesoro natural misterioso pero fascinante\" \/>\n\t\t<meta property=\"og:description\" content=\"Ubicada en Monjas, esta laguna del Hoyo, ofrece paisajes impresionantes y una leyenda ancestral que cautiva a los visitantes.\" \/>\n\t\t<meta property=\"og:url\" content=\"https:\/\/soymigrante.com\/revista\/laguna-del-hoyo-un-tesoro-natural-y-mistico-en-el-corazon-de-jalapa\/\" \/>\n\t\t<meta property=\"og:image\" content=\"https:\/\/soymigrante.com\/revista\/wp-content\/uploads\/2025\/04\/Laguna-del-Hoyo-1.webp\" \/>\n\t\t<meta property=\"og:image:secure_url\" content=\"https:\/\/soymigrante.com\/revista\/wp-content\/uploads\/2025\/04\/Laguna-del-Hoyo-1.webp\" \/>\n\t\t<meta property=\"og:image:width\" content=\"640\" \/>\n\t\t<meta property=\"og:image:height\" content=\"640\" \/>\n\t\t<meta property=\"article:published_time\" content=\"2026-04-25T18:09:19+00:00\" \/>\n\t\t<meta property=\"article:modified_time\" content=\"2026-04-25T18:09:31+00:00\" \/>\n\t\t<meta property=\"article:publisher\" content=\"https:\/\/www.facebook.com\/soymigrantecom\" \/>\n\t\t<meta name=\"twitter:card\" content=\"summary_large_image\" \/>\n\t\t<meta name=\"twitter:site\" content=\"@SoyMigrante_com\" \/>\n\t\t<meta name=\"twitter:title\" content=\"Laguna del Hoyo en Jalapa: Un tesoro natural misterioso pero fascinante\" \/>\n\t\t<meta name=\"twitter:description\" content=\"Ubicada en Monjas, esta laguna del Hoyo, ofrece paisajes impresionantes y una leyenda ancestral que cautiva a los visitantes.\" \/>\n\t\t<meta name=\"twitter:creator\" content=\"@SoyMigrante_com\" \/>\n\t\t<meta name=\"twitter:image\" content=\"https:\/\/soymigrante.com\/revista\/wp-content\/uploads\/2025\/04\/Laguna-del-Hoyo-1.webp\" \/>\n\t\t<!-- All in One SEO Pro -->\r\n\t\t<title>Laguna del Hoyo en Jalapa: Un tesoro natural misterioso pero fascinante<\/title>\n\n","aioseo_head_json":{"title":"Laguna del Hoyo en Jalapa: Un tesoro natural misterioso pero fascinante","description":"Ubicada en Monjas, esta laguna del Hoyo, ofrece paisajes impresionantes y una leyenda ancestral que cautiva a los visitantes.","canonical_url":"https:\/\/soymigrante.com\/revista\/laguna-del-hoyo-un-tesoro-natural-y-mistico-en-el-corazon-de-jalapa\/","robots":"max-snippet:-1, max-image-preview:large, max-video-preview:-1","keywords":"","webmasterTools":{"miscellaneous":"&lt;link rel=\"preconnect\" href=\"https:\/\/fonts.googleapis.com\" crossorigin&gt;\n&lt;link rel=\"preconnect\" href=\"https:\/\/fonts.gstatic.com\" crossorigin&gt;"},"schema":null,"og:locale":"es_ES","og:site_name":"SoyMigrante.com REVISTA \u2013 Nuestra misi\u00f3n es reconocer y dignificar al migrante.","og:type":"article","og:title":"Laguna del Hoyo en Jalapa: Un tesoro natural misterioso pero fascinante","og:description":"Ubicada en Monjas, esta laguna del Hoyo, ofrece paisajes impresionantes y una leyenda ancestral que cautiva a los visitantes.","og:url":"https:\/\/soymigrante.com\/revista\/laguna-del-hoyo-un-tesoro-natural-y-mistico-en-el-corazon-de-jalapa\/","og:image":"https:\/\/soymigrante.com\/revista\/wp-content\/uploads\/2025\/04\/Laguna-del-Hoyo-1.webp","og:image:secure_url":"https:\/\/soymigrante.com\/revista\/wp-content\/uploads\/2025\/04\/Laguna-del-Hoyo-1.webp","og:image:width":640,"og:image:height":640,"article:published_time":"2026-04-25T18:09:19+00:00","article:modified_time":"2026-04-25T18:09:31+00:00","article:publisher":"https:\/\/www.facebook.com\/soymigrantecom","twitter:card":"summary_large_image","twitter:site":"@SoyMigrante_com","twitter:title":"Laguna del Hoyo en Jalapa: Un tesoro natural misterioso pero fascinante","twitter:description":"Ubicada en Monjas, esta laguna del Hoyo, ofrece paisajes impresionantes y una leyenda ancestral que cautiva a los visitantes.","twitter:creator":"@SoyMigrante_com","twitter:image":"https:\/\/soymigrante.com\/revista\/wp-content\/uploads\/2025\/04\/Laguna-del-Hoyo-1.webp"},"aioseo_meta_data":{"post_id":"15280","title":"Municipios cuya fiesta patronal es la Virgen de Concepci\u00f3n","description":"En toda Guatemala se festeja cada 8 de diciembre la Fiesta de la Virgen de Concepci\u00f3n. Pero es feria patronal (y muy alegre) en estos municipios","keywords":null,"keyphrases":{"focus":{"keyphrase":"Virgen de Concepci\u00f3n","score":91,"analysis":{"keyphraseInTitle":{"score":9,"maxScore":9,"error":0},"keyphraseInDescription":{"score":9,"maxScore":9,"error":0},"keyphraseLength":{"score":9,"maxScore":9,"error":0,"length":4},"keyphraseInURL":{"score":5,"maxScore":5,"error":0},"keyphraseInIntroduction":{"score":9,"maxScore":9,"error":0},"keyphraseInSubHeadings":{"score":3,"maxScore":9,"error":1},"keyphraseInImageAlt":{"score":9,"maxScore":9,"error":0},"keywordDensity":{"type":"best","score":9,"maxScore":9,"error":0}}},"additional":[{"keyphrase":"virgen","score":100,"analysis":{"keyphraseInDescription":{"score":9,"maxScore":9,"error":0},"keyphraseLength":{"score":9,"maxScore":9,"error":0,"length":1},"keyphraseInIntroduction":{"score":9,"maxScore":9,"error":0},"keyphraseInImageAlt":{"score":9,"maxScore":9,"error":0},"keywordDensity":{"type":"best","score":9,"maxScore":9,"error":0}}},{"keyphrase":"concepci\u00f3n","score":100,"analysis":{"keyphraseInDescription":{"score":9,"maxScore":9,"error":0},"keyphraseLength":{"score":9,"maxScore":9,"error":0,"length":2},"keyphraseInIntroduction":{"score":9,"maxScore":9,"error":0},"keyphraseInImageAlt":{"score":9,"maxScore":9,"error":0},"keywordDensity":{"type":"best","score":9,"maxScore":9,"error":0}}},{"keyphrase":"Guatemala","score":67,"analysis":{"keyphraseInDescription":{"score":9,"maxScore":9,"error":0},"keyphraseLength":{"score":9,"maxScore":9,"error":0,"length":1},"keyphraseInIntroduction":{"score":9,"maxScore":9,"error":0},"keyphraseInImageAlt":{"score":3,"maxScore":9,"error":1},"keywordDensity":{"score":0,"type":"low","maxScore":9,"error":1}}},{"keyphrase":"Feria","score":53,"analysis":{"keyphraseInDescription":{"score":9,"maxScore":9,"error":0},"keyphraseLength":{"score":9,"maxScore":9,"error":0,"length":1},"keyphraseInIntroduction":{"score":3,"maxScore":9,"error":1},"keyphraseInImageAlt":{"score":3,"maxScore":9,"error":1},"keywordDensity":{"score":0,"type":"low","maxScore":9,"error":1}}}]},"primary_term":null,"canonical_url":null,"og_title":null,"og_description":null,"og_object_type":"default","og_image_type":"default","og_image_url":null,"og_image_width":null,"og_image_height":null,"og_image_custom_url":null,"og_image_custom_fields":null,"og_video":"","og_custom_url":null,"og_article_section":null,"og_article_tags":null,"twitter_use_og":false,"twitter_card":"default","twitter_image_type":"default","twitter_image_url":null,"twitter_image_custom_url":null,"twitter_image_custom_fields":null,"twitter_title":null,"twitter_description":null,"schema":{"blockGraphs":[],"customGraphs":[],"default":{"data":{"Article":[],"Course":[],"Dataset":[],"FAQPage":[],"Movie":[],"Person":[],"Product":[],"ProductReview":[],"Car":[],"Recipe":[],"Service":[],"SoftwareApplication":[],"WebPage":[]},"graphName":"NewsArticle","isEnabled":true},"graphs":[]},"schema_type":"default","schema_type_options":null,"pillar_content":false,"robots_default":true,"robots_noindex":false,"robots_noarchive":false,"robots_nosnippet":false,"robots_nofollow":false,"robots_noimageindex":false,"robots_noodp":false,"robots_notranslate":false,"robots_max_snippet":"-1","robots_max_videopreview":"-1","robots_max_imagepreview":"large","priority":null,"frequency":"default","local_seo":null,"seo_analyzer_scan_date":"2025-12-03 22:22:16","breadcrumb_settings":null,"limit_modified_date":false,"reviewed_by":"0","open_ai":"{\"title\":{\"suggestions\":[],\"usage\":0},\"description\":{\"suggestions\":[],\"usage\":0}}","ai":{"faqs":[],"keyPoints":[],"titles":[],"descriptions":[],"socialPosts":{"email":[],"linkedin":[],"twitter":[],"facebook":[],"instagram":[]}},"created":"2024-12-02 19:28:58","updated":"2026-02-05 07:41:10"},"aioseo_breadcrumb":"<div class=\"aioseo-breadcrumbs\"><span class=\"aioseo-breadcrumb\">\n\t<a href=\"https:\/\/soymigrante.com\/revista\" title=\"Home\">Home<\/a>\n<\/span><span class=\"aioseo-breadcrumb-separator\">\u00bb<\/span><span class=\"aioseo-breadcrumb\">\n\t<a href=\"https:\/\/soymigrante.com\/revista\/category\/guate-nuestra\/\" title=\"Guate Nuestra\">Guate Nuestra<\/a>\n<\/span><span class=\"aioseo-breadcrumb-separator\">\u00bb<\/span><span class=\"aioseo-breadcrumb\">\n\tMunicipios cuya fiesta patronal es la Virgen de Concepci\u00f3n en diciembre\n<\/span><\/div>","aioseo_breadcrumb_json":[{"label":"Home","link":"https:\/\/soymigrante.com\/revista"},{"label":"Guate Nuestra","link":"https:\/\/soymigrante.com\/revista\/category\/guate-nuestra\/"},{"label":"Municipios cuya fiesta patronal es la Virgen de Concepci\u00f3n en diciembre","link":"https:\/\/soymigrante.com\/revista\/municipios-de-guatemala-cuya-fiesta-patronal-es-la-virgen-de-concepcion\/"}],"_links":{"self":[{"href":"https:\/\/soymigrante.com\/revista\/wp-json\/wp\/v2\/posts\/15280","targetHints":{"allow":["GET"]}}],"collection":[{"href":"https:\/\/soymigrante.com\/revista\/wp-json\/wp\/v2\/posts"}],"about":[{"href":"https:\/\/soymigrante.com\/revista\/wp-json\/wp\/v2\/types\/post"}],"author":[{"embeddable":true,"href":"https:\/\/soymigrante.com\/revista\/wp-json\/wp\/v2\/users\/1"}],"replies":[{"embeddable":true,"href":"https:\/\/soymigrante.com\/revista\/wp-json\/wp\/v2\/comments?post=15280"}],"version-history":[{"count":2,"href":"https:\/\/soymigrante.com\/revista\/wp-json\/wp\/v2\/posts\/15280\/revisions"}],"predecessor-version":[{"id":49261,"href":"https:\/\/soymigrante.com\/revista\/wp-json\/wp\/v2\/posts\/15280\/revisions\/49261"}],"wp:featuredmedia":[{"embeddable":true,"href":"https:\/\/soymigrante.com\/revista\/wp-json\/wp\/v2\/media\/15338"}],"wp:attachment":[{"href":"https:\/\/soymigrante.com\/revista\/wp-json\/wp\/v2\/media?parent=15280"}],"wp:term":[{"taxonomy":"category","embeddable":true,"href":"https:\/\/soymigrante.com\/revista\/wp-json\/wp\/v2\/categories?post=15280"},{"taxonomy":"post_tag","embeddable":true,"href":"https:\/\/soymigrante.com\/revista\/wp-json\/wp\/v2\/tags?post=15280"}],"curies":[{"name":"wp","href":"https:\/\/api.w.org\/{rel}","templated":true}]}}