{"id":15263,"date":"2025-02-16T13:41:58","date_gmt":"2025-02-16T19:41:58","guid":{"rendered":"https:\/\/soymigrante.com\/revista\/?p=15263"},"modified":"2025-02-16T13:41:58","modified_gmt":"2025-02-16T19:41:58","slug":"sabiduria-ancestral-en-nuestros-dias-astronomia-y-el-sistema-calendarico-maya","status":"publish","type":"post","link":"https:\/\/soymigrante.com\/revista\/sabiduria-ancestral-en-nuestros-dias-astronomia-y-el-sistema-calendarico-maya\/","title":{"rendered":"Calendario maya tiene tres ciclos para la cuenta del tiempo: \u00bfLos conoces?"},"content":{"rendered":"\t\t<div data-elementor-type=\"wp-post\" data-elementor-id=\"15263\" class=\"elementor elementor-15263\" data-elementor-post-type=\"post\">\n\t\t\t\t<div data-particle_enable=\"false\" data-particle-mobile-disabled=\"false\" class=\"elementor-element elementor-element-d0e700d e-flex e-con-boxed e-con e-parent\" data-id=\"d0e700d\" data-element_type=\"container\" data-e-type=\"container\">\n\t\t\t\t\t<div class=\"e-con-inner\">\n\t\t\t\t<div class=\"elementor-element elementor-element-4b6e628 elementor-widget elementor-widget-heading\" data-id=\"4b6e628\" data-element_type=\"widget\" data-e-type=\"widget\" data-widget_type=\"heading.default\">\n\t\t\t\t\t<h2 class=\"elementor-heading-title elementor-size-default\">Cada a\u00f1o nuevo despierta preguntas acerca de la cuenta del tiempo y, en Guatemala, sobre el sistema sistema calend\u00e1rico maya: uno de los m\u00e1s exactos del mundo. Su ciclo no coincide con los del calendario occidental, pero sigue all\u00ed, con sus energ\u00eda y significados seg\u00fan la tradici\u00f3n ancestral.<\/h2>\t\t\t\t<\/div>\n\t\t\t\t\t<\/div>\n\t\t\t\t<\/div>\n\t\t<div data-particle_enable=\"false\" data-particle-mobile-disabled=\"false\" class=\"elementor-element elementor-element-b5308ff e-flex e-con-boxed e-con e-parent\" data-id=\"b5308ff\" data-element_type=\"container\" data-e-type=\"container\">\n\t\t\t\t\t<div class=\"e-con-inner\">\n\t\t\t\t<div class=\"elementor-element elementor-element-7a34d00 elementor-widget elementor-widget-text-editor\" data-id=\"7a34d00\" data-element_type=\"widget\" data-e-type=\"widget\" data-widget_type=\"text-editor.default\">\n\t\t\t\t\t\t\t\t\t<p><b>Por Raxche&#8217; Rodr\u00edguez Guaj\u00e1n<\/b><\/p><p>Maya kaqchikel, director de la editorial Maya Wuj\u00a0<\/p>\t\t\t\t\t\t\t\t<\/div>\n\t\t\t\t\t<\/div>\n\t\t\t\t<\/div>\n\t\t<div data-particle_enable=\"false\" data-particle-mobile-disabled=\"false\" class=\"elementor-element elementor-element-6beca44 e-flex e-con-boxed e-con e-parent\" data-id=\"6beca44\" data-element_type=\"container\" data-e-type=\"container\">\n\t\t\t\t\t<div class=\"e-con-inner\">\n\t\t\t\t<div class=\"elementor-element elementor-element-78ee344 elementor-widget elementor-widget-text-editor\" data-id=\"78ee344\" data-element_type=\"widget\" data-e-type=\"widget\" data-widget_type=\"text-editor.default\">\n\t\t\t\t\t\t\t\t\t<p>Los pueblos del mundo han observado el firmamento desde que tuvieron conciencia. Observaron el paso del Sol, la Luna, los planetas, las estrellas, los eclipses. El resultado de sus observaciones astron\u00f3micas llev\u00f3 a tener calendarios solares y\/o lunares con diferentes grados de precisi\u00f3n: Hebreo, Ruso, Juliano, Isl\u00e1mico, Hind\u00fa, Persa, Maya, Gregoriano, etc\u00e9tera.<\/p><p>El calendario Juliano lleg\u00f3 a Abya Yala hoy Am\u00e9rica, y a la actual Guatemala en 1524. El Juliano ten\u00eda una duraci\u00f3n de 365.2500 d\u00edas. En 1582 inici\u00f3 el calendario Gregoriano: el 4 de octubre anocheci\u00f3 con el calendario Juliano y amaneci\u00f3 con el Gregoriano el 15 de octubre de 1582. El calendario gregoriano tiene una diferencia de 3 diezmil\u00e9sima parte del d\u00eda con el calendario solar de la NASA. Tiene 26 segundos de diferencia.<\/p><p>El Pueblo Maya es ampliamente conocido por sus m\u00faltiples adelantos cient\u00edficos en matem\u00e1tica, astronom\u00eda, arquitectura, agricultura, medicina, etc\u00e9tera. En universidades como Harvard, Cambridge, Oxford, Pek\u00edn, Stanford, Tokio, McGill, Mosc\u00fa\u00a0<span style=\"color: var( --e-global-color-text ); text-align: var(--text-align);\">se estudia la civilizaci\u00f3n maya y entre esos an\u00e1lisis est\u00e1 la cuenta del tiempo, que se hace a trav\u00e9s de tres calendarios, pero es un solo sistema.<\/span><\/p>\t\t\t\t\t\t\t\t<\/div>\n\t\t\t\t\t<\/div>\n\t\t\t\t<\/div>\n\t\t<div data-particle_enable=\"false\" data-particle-mobile-disabled=\"false\" class=\"elementor-element elementor-element-a721f4f e-flex e-con-boxed e-con e-parent\" data-id=\"a721f4f\" data-element_type=\"container\" data-e-type=\"container\">\n\t\t\t\t\t<div class=\"e-con-inner\">\n\t\t\t\t<div class=\"elementor-element elementor-element-84a47e8 elementor-widget elementor-widget-video\" data-id=\"84a47e8\" data-element_type=\"widget\" data-e-type=\"widget\" data-settings=\"{&quot;youtube_url&quot;:&quot;https:\\\/\\\/www.youtube.com\\\/watch?v=09nlSyvkMeg&quot;,&quot;video_type&quot;:&quot;youtube&quot;,&quot;controls&quot;:&quot;yes&quot;}\" data-widget_type=\"video.default\">\n\t\t\t\t\t\t\t<div class=\"elementor-wrapper elementor-open-inline\">\n\t\t\t<div class=\"elementor-video\"><\/div>\t\t<\/div>\n\t\t\t\t\t\t<\/div>\n\t\t\t\t\t<\/div>\n\t\t\t\t<\/div>\n\t\t<div data-particle_enable=\"false\" data-particle-mobile-disabled=\"false\" class=\"elementor-element elementor-element-9679f25 e-flex e-con-boxed e-con e-parent\" data-id=\"9679f25\" data-element_type=\"container\" data-e-type=\"container\">\n\t\t\t\t\t<div class=\"e-con-inner\">\n\t\t\t\t<div class=\"elementor-element elementor-element-33939a5 elementor-widget elementor-widget-text-editor\" data-id=\"33939a5\" data-element_type=\"widget\" data-e-type=\"widget\" data-widget_type=\"text-editor.default\">\n\t\t\t\t\t\t\t\t\t<p><span style=\"color: var( --e-global-color-text ); text-align: var(--text-align);\">El peri\u00f3dico <a href=\"https:\/\/www.theguardian.com\/environment\/2008\/oct\/28\/climatechange-population\">The Guardian<\/a> de Gran Breta\u00f1a, se\u00f1ala a Tikal, una de las ciudades m\u00e1s grandiosas del Pueblo Maya, como una de las 7 maravillas &#8220;alternativas&#8221; del mundo; otras encuestas p\u00fablicas con m\u00e1s de 100 millones de votos, se\u00f1alan a Chich\u00e9n Itza como una de las 7 maravillas del mundo a\u00fan en pie.\u00a0<\/span><\/p><p><span style=\"color: var( --e-global-color-text ); text-align: var(--text-align);\">El <a href=\"https:\/\/soymigrante.com\/revista\/category\/guate-nuestra\/pueblos-de-guatemala\/\">Pueblo Maya<\/a> invent\u00f3 el cero y, con esto, logr\u00f3 un sistema num\u00e9rico basado en posiciones. Este invento le permiti\u00f3 registrar sus m\u00faltiples observaciones astron\u00f3micas. El sistema calend\u00e1rico maya incluye tres ciclos centrales:<\/span><\/p>\t\t\t\t\t\t\t\t<\/div>\n\t\t\t\t\t<\/div>\n\t\t\t\t<\/div>\n\t\t<div data-particle_enable=\"false\" data-particle-mobile-disabled=\"false\" class=\"elementor-element elementor-element-745a972 e-flex e-con-boxed e-con e-parent\" data-id=\"745a972\" data-element_type=\"container\" data-e-type=\"container\">\n\t\t\t\t\t<div class=\"e-con-inner\">\n\t\t\t\t<div class=\"elementor-element elementor-element-2c21677 elementor-widget elementor-widget-image\" data-id=\"2c21677\" data-element_type=\"widget\" data-e-type=\"widget\" data-widget_type=\"image.default\">\n\t\t\t\t\t\t\t\t\t\t\t\t<figure class=\"wp-caption\">\n\t\t\t\t\t\t\t\t\t\t<img fetchpriority=\"high\" decoding=\"async\" width=\"768\" height=\"511\" src=\"https:\/\/soymigrante.com\/revista\/wp-content\/uploads\/2024\/09\/Tikal-ottoniel-cojulun-soy-migrante6.webp\" class=\"attachment-large size-large wp-image-9380\" alt=\"Antiguas ruinas mayas bajo un cielo estrellado en una noche clara en Guatemala. Imagen que refleja la historia y cultura ind\u00edgena, ideal para art\u00edculos sobre migraci\u00f3n, historia y patrimonio en SoyMigrante.com REVISTA.\" srcset=\"https:\/\/soymigrante.com\/revista\/wp-content\/uploads\/2024\/09\/Tikal-ottoniel-cojulun-soy-migrante6.webp 933w, https:\/\/soymigrante.com\/revista\/wp-content\/uploads\/2024\/09\/Tikal-ottoniel-cojulun-soy-migrante6-300x200.webp 300w, https:\/\/soymigrante.com\/revista\/wp-content\/uploads\/2024\/09\/Tikal-ottoniel-cojulun-soy-migrante6-768x511.webp 768w, https:\/\/soymigrante.com\/revista\/wp-content\/uploads\/2024\/09\/Tikal-ottoniel-cojulun-soy-migrante6-750x499.webp 750w\" sizes=\"(max-width: 768px) 100vw, 768px\" title=\"Fotograf\u00eda de la V\u00eda L\u00e1ctea captada desde Tikal. ({Foto de Ottoniel  Cojulum) \u2013 SoyMigrante.com REVISTA\" \/>\t\t\t\t\t\t\t\t\t\t\t<figcaption class=\"widget-image-caption wp-caption-text\">Las ruinas antiguas y el cielo estrellado de Guatemala representan historia y cultura ind\u00edgena, siendo tema relevante para los art\u00edculos de SoyMigrante.com REVISTA enfocados en migraci\u00f3n y patrimonio cultural.<\/figcaption>\n\t\t\t\t\t\t\t\t\t\t<\/figure>\n\t\t\t\t\t\t\t\t\t<\/div>\n\t\t\t\t\t<\/div>\n\t\t\t\t<\/div>\n\t\t<div data-particle_enable=\"false\" data-particle-mobile-disabled=\"false\" class=\"elementor-element elementor-element-ba1e18c e-flex e-con-boxed e-con e-parent\" data-id=\"ba1e18c\" data-element_type=\"container\" data-e-type=\"container\">\n\t\t\t\t\t<div class=\"e-con-inner\">\n\t\t\t\t<div class=\"elementor-element elementor-element-9637cd6 elementor-widget elementor-widget-heading\" data-id=\"9637cd6\" data-element_type=\"widget\" data-e-type=\"widget\" data-widget_type=\"heading.default\">\n\t\t\t\t\t<h3 class=\"elementor-heading-title elementor-size-default\">1. Choltun o cuenta larga<\/h3>\t\t\t\t<\/div>\n\t\t\t\t\t<\/div>\n\t\t\t\t<\/div>\n\t\t<div data-particle_enable=\"false\" data-particle-mobile-disabled=\"false\" class=\"elementor-element elementor-element-4dbbce7 e-flex e-con-boxed e-con e-parent\" data-id=\"4dbbce7\" data-element_type=\"container\" data-e-type=\"container\">\n\t\t\t\t\t<div class=\"e-con-inner\">\n\t\t\t\t<div class=\"elementor-element elementor-element-bef5769 elementor-widget elementor-widget-text-editor\" data-id=\"bef5769\" data-element_type=\"widget\" data-e-type=\"widget\" data-widget_type=\"text-editor.default\">\n\t\t\t\t\t\t\t\t\t<p><span style=\"color: var( --e-global-color-text ); text-align: var(--text-align);\">El Choltun marca los ciclos en que el Pueblo Maya concibe el tiempo. El 21 de diciembre del 2012, el Choltun marc\u00f3 la fecha: 13 B\u2019ak\u2019tun, 0 K\u2019atun, 0 Tun, 0 Winaq, 0 Q\u2019ij.<\/span><\/p><p>Es el calendario que utilizaron nuestros antepasados mayas para llevar el registro del tiempo en forma lineal. La Cuenta Larga o Choltun lleva el recuento de los d\u00edas transcurridos a partir del d\u00eda 4 Ajaw (en el Cholq\u2019ij) 8 Kumk\u2019u (en el Ab\u2019). Corresponde en el calendario gregoriano al 13 de agosto del a\u00f1o 3114 antes de nuestra era. Es un recuento de tiempo simult\u00e1neo al de los otros calendarios.<\/p><p>De acuerdo con las inscripciones en la Estela C de <a href=\"https:\/\/soymigrante.com\/revista\/7-curiosidades-del-sitio-arqueologico-maya-quirigua-que-quiza-ya-sabias-o-tal-vez-no\/\">Quirigu\u00e1,<\/a> esta fecha significa que nuestro tiempo se inici\u00f3 a contar a partir de 4 Ajaw 8 Kumk\u2019u. Ese d\u00eda todos los ciclos calend\u00e1ricos de la Cuenta Larga superiores a 20 a\u00f1os se fijaron en 13; es decir, los ciclos de 400, 8 mil, 160 mil, 3 millones 200 mil a\u00f1os, etc\u00e9tera.<\/p><p>En la ciudad maya de Cob\u00e1, Estado mexicano de Quintana Roo, est\u00e1 registrada la fecha de la \u00abCreaci\u00f3n del Mundo\u00bb o el \u00abInicio del recuento del tiempo\u00bb con 20 unidades superiores al K\u2019atun<\/p><p>Seg\u00fan la concepci\u00f3n maya del tiempo, el 13 B\u2019ak\u2019tun (21-12-2012) marc\u00f3 el inicio de la Nueva Era en la historia de la humanidad, particularmente para los pueblos originarios. Las profec\u00edas anuncian procesos de cambio que conducen a un nuevo amanecer, de desarrollo, con identidad y dignidad para los pueblos originarios. En esta l\u00f3gica, no es casual que la ONU declarara el<a href=\"https:\/\/social.desa.un.org\/es\/issues\/los-pueblos-indigenas\/decenio-internacional-de-las-lenguas-indigenas-2022-2032#:~:text=(2022%2D2032)-,Decenio%20Internacional%20de%20las%20Lenguas%20Ind%C3%ADgenas%20(2022%2D2032),estar%C3%A1n%20gravemente%20amenazadas%20en%202100.\"> Decenio Internacional de las Lenguas Ind\u00edgenas (2022-2032).<\/a><\/p>\t\t\t\t\t\t\t\t<\/div>\n\t\t\t\t\t<\/div>\n\t\t\t\t<\/div>\n\t\t<div data-particle_enable=\"false\" data-particle-mobile-disabled=\"false\" class=\"elementor-element elementor-element-b1513c8 e-flex e-con-boxed e-con e-parent\" data-id=\"b1513c8\" data-element_type=\"container\" data-e-type=\"container\">\n\t\t\t\t\t<div class=\"e-con-inner\">\n\t\t\t\t<div class=\"elementor-element elementor-element-6eee76a elementor-widget elementor-widget-text-editor\" data-id=\"6eee76a\" data-element_type=\"widget\" data-e-type=\"widget\" data-widget_type=\"text-editor.default\">\n\t\t\t\t\t\t\t\t\t<p><b>Por Raxche&#8217; Rodr\u00edguez Guaj\u00e1n<\/b><\/p><p>Maya kaqchikel, director de la editorial Maya Wuj\u00a0<\/p>\t\t\t\t\t\t\t\t<\/div>\n\t\t\t\t\t<\/div>\n\t\t\t\t<\/div>\n\t\t<div data-particle_enable=\"false\" data-particle-mobile-disabled=\"false\" class=\"elementor-element elementor-element-f9c37db e-flex e-con-boxed e-con e-parent\" data-id=\"f9c37db\" data-element_type=\"container\" data-e-type=\"container\">\n\t\t\t\t\t<div class=\"e-con-inner\">\n\t\t\t\t<div class=\"elementor-element elementor-element-32a78b9 elementor-widget elementor-widget-image\" data-id=\"32a78b9\" data-element_type=\"widget\" data-e-type=\"widget\" data-widget_type=\"image.default\">\n\t\t\t\t\t\t\t\t\t\t\t\t\t\t\t<img decoding=\"async\" width=\"732\" height=\"841\" src=\"https:\/\/soymigrante.com\/revista\/wp-content\/uploads\/2024\/12\/calendario-maya-1.webp\" class=\"attachment-large size-large wp-image-15268\" alt=\"Cliglos del Choltun y Ab&#039; en la agenda maya, s\u00edmbolos y calendarios antiguos, relacionados con la cultura y tradiciones de los pueblos mayas, ilustrados en la revista SoyMigrante.com REVISTA.\" srcset=\"https:\/\/soymigrante.com\/revista\/wp-content\/uploads\/2024\/12\/calendario-maya-1.webp 732w, https:\/\/soymigrante.com\/revista\/wp-content\/uploads\/2024\/12\/calendario-maya-1-261x300.jpg 261w\" sizes=\"(max-width: 732px) 100vw, 732px\" title=\"calendario maya 1 \u2013 SoyMigrante.com REVISTA\" \/>\t\t\t\t\t\t\t\t\t\t\t\t\t\t\t<\/div>\n\t\t\t\t\t<\/div>\n\t\t\t\t<\/div>\n\t\t<div data-particle_enable=\"false\" data-particle-mobile-disabled=\"false\" class=\"elementor-element elementor-element-45a5282 e-flex e-con-boxed e-con e-parent\" data-id=\"45a5282\" data-element_type=\"container\" data-e-type=\"container\">\n\t\t\t\t\t<div class=\"e-con-inner\">\n\t\t\t\t<div class=\"elementor-element elementor-element-4ad18d2 elementor-widget elementor-widget-heading\" data-id=\"4ad18d2\" data-element_type=\"widget\" data-e-type=\"widget\" data-widget_type=\"heading.default\">\n\t\t\t\t\t<h3 class=\"elementor-heading-title elementor-size-default\">2. Cholq'ij, cuenta de 260 d\u00edas<\/h3>\t\t\t\t<\/div>\n\t\t\t\t\t<\/div>\n\t\t\t\t<\/div>\n\t\t<div data-particle_enable=\"false\" data-particle-mobile-disabled=\"false\" class=\"elementor-element elementor-element-b9f6396 e-flex e-con-boxed e-con e-parent\" data-id=\"b9f6396\" data-element_type=\"container\" data-e-type=\"container\">\n\t\t\t\t\t<div class=\"e-con-inner\">\n\t\t\t\t<div class=\"elementor-element elementor-element-f1395b4 elementor-widget elementor-widget-text-editor\" data-id=\"f1395b4\" data-element_type=\"widget\" data-e-type=\"widget\" data-widget_type=\"text-editor.default\">\n\t\t\t\t\t\t\t\t\t<p><span style=\"color: var( --e-global-color-text ); text-align: var(--text-align);\">El Cholq\u2019ij organiza una combinaci\u00f3n de los numerales del 1 al 13 con los 20 nombres de los d\u00edas. Al realizar la combinaci\u00f3n de los 13 n\u00fameros y 20 d\u00edas, se forma un ciclo de 260 d\u00edas diferentes. Las abuelas y abuelos nos dicen que cada persona tiene su Ch&#8217;umilal, es decir, su Misi\u00f3n en la vida.\u00a0<\/span><\/p><p><span style=\"color: var( --e-global-color-text ); text-align: var(--text-align);\">Esta Misi\u00f3n se ve influenciada por el Cholq\u2019ij, seg\u00fan el n\u00famero y nombre del d\u00eda de nuestro nacimiento. Todas las personas nacemos con habilidades y capacidades que nos permiten crecer, as\u00ed como aportar al desarrollo de nuestro pueblo. Si queremos ser mejores personas, un paso fundamental es descubrir nuestra Misi\u00f3n-Ch&#8217;umilal, el sentido de nuestra existencia.<\/span><\/p><p>Ejercicio: Calcula el d\u00eda de tu nacimiento seg\u00fan el Cholq\u2019ij. A partir de tu propia experiencia, busca la explicaci\u00f3n de por qu\u00e9 este calendario se sigue utilizando miles de a\u00f1os despu\u00e9s de su creaci\u00f3n.\u00a0 <a href=\"https:\/\/maya.nmai.si.edu\/es\/calendario\/convertidor-de-calendario-maya\">Calcula esta fecha aqu\u00ed.<\/a><\/p>\t\t\t\t\t\t\t\t<\/div>\n\t\t\t\t\t<\/div>\n\t\t\t\t<\/div>\n\t\t<div data-particle_enable=\"false\" data-particle-mobile-disabled=\"false\" class=\"elementor-element elementor-element-d8c4190 e-flex e-con-boxed e-con e-parent\" data-id=\"d8c4190\" data-element_type=\"container\" data-e-type=\"container\">\n\t\t\t\t\t<div class=\"e-con-inner\">\n\t\t\t\t<div class=\"elementor-element elementor-element-0885ff4 elementor-widget elementor-widget-image\" data-id=\"0885ff4\" data-element_type=\"widget\" data-e-type=\"widget\" data-widget_type=\"image.default\">\n\t\t\t\t\t\t\t\t\t\t\t\t\t\t\t<img decoding=\"async\" width=\"351\" height=\"1024\" src=\"https:\/\/soymigrante.com\/revista\/wp-content\/uploads\/2024\/12\/CALENDARIO-MAYA-351x1024.jpg\" class=\"attachment-large size-large wp-image-15269\" alt=\"13 x 20^21 a\u00f1os y m\u00e1s \u2013 Ejemplo de calendario maya con inscripciones jerogl\u00edficas para medir el tiempo en miles de a\u00f1os.\" srcset=\"https:\/\/soymigrante.com\/revista\/wp-content\/uploads\/2024\/12\/CALENDARIO-MAYA-351x1024.jpg 351w, https:\/\/soymigrante.com\/revista\/wp-content\/uploads\/2024\/12\/CALENDARIO-MAYA-103x300.jpg 103w, https:\/\/soymigrante.com\/revista\/wp-content\/uploads\/2024\/12\/CALENDARIO-MAYA.webp 409w\" sizes=\"(max-width: 351px) 100vw, 351px\" title=\"CALENDARIO MAYA \u2013 SoyMigrante.com REVISTA\" \/>\t\t\t\t\t\t\t\t\t\t\t\t\t\t\t<\/div>\n\t\t\t\t\t<\/div>\n\t\t\t\t<\/div>\n\t\t<div data-particle_enable=\"false\" data-particle-mobile-disabled=\"false\" class=\"elementor-element elementor-element-a7c06f4 e-flex e-con-boxed e-con e-parent\" data-id=\"a7c06f4\" data-element_type=\"container\" data-e-type=\"container\">\n\t\t\t\t\t<div class=\"e-con-inner\">\n\t\t\t\t<div class=\"elementor-element elementor-element-09f9c60 elementor-widget elementor-widget-image\" data-id=\"09f9c60\" data-element_type=\"widget\" data-e-type=\"widget\" data-widget_type=\"image.default\">\n\t\t\t\t\t\t\t\t\t\t\t\t\t\t\t<img loading=\"lazy\" decoding=\"async\" width=\"768\" height=\"246\" src=\"https:\/\/soymigrante.com\/revista\/wp-content\/uploads\/2024\/12\/CALENDARIO-MAYA-2.webp\" class=\"attachment-large size-large wp-image-15270\" alt=\"Gafas de lectura para migrantes, revista SoyMigrante, recursos para inmigrantes, informaci\u00f3n \u00fatil para migrantes, noticias y gu\u00edas para migrantes en Espa\u00f1a.\" srcset=\"https:\/\/soymigrante.com\/revista\/wp-content\/uploads\/2024\/12\/CALENDARIO-MAYA-2.webp 951w, https:\/\/soymigrante.com\/revista\/wp-content\/uploads\/2024\/12\/CALENDARIO-MAYA-2-300x96.png 300w, https:\/\/soymigrante.com\/revista\/wp-content\/uploads\/2024\/12\/CALENDARIO-MAYA-2-768x246.png 768w, https:\/\/soymigrante.com\/revista\/wp-content\/uploads\/2024\/12\/CALENDARIO-MAYA-2-750x241.webp 750w\" sizes=\"(max-width: 768px) 100vw, 768px\" title=\"CALENDARIO MAYA 2 \u2013 SoyMigrante.com REVISTA\" \/>\t\t\t\t\t\t\t\t\t\t\t\t\t\t\t<\/div>\n\t\t\t\t\t<\/div>\n\t\t\t\t<\/div>\n\t\t<div data-particle_enable=\"false\" data-particle-mobile-disabled=\"false\" class=\"elementor-element elementor-element-2a0e89e e-flex e-con-boxed e-con e-parent\" data-id=\"2a0e89e\" data-element_type=\"container\" data-e-type=\"container\">\n\t\t\t\t\t<div class=\"e-con-inner\">\n\t\t\t\t<div class=\"elementor-element elementor-element-b0b4094 elementor-widget elementor-widget-heading\" data-id=\"b0b4094\" data-element_type=\"widget\" data-e-type=\"widget\" data-widget_type=\"heading.default\">\n\t\t\t\t\t<h3 class=\"elementor-heading-title elementor-size-default\">Ab' o calendario solar de 365.2420 d\u00edas<\/h3>\t\t\t\t<\/div>\n\t\t\t\t\t<\/div>\n\t\t\t\t<\/div>\n\t\t<div data-particle_enable=\"false\" data-particle-mobile-disabled=\"false\" class=\"elementor-element elementor-element-a2ed617 e-flex e-con-boxed e-con e-parent\" data-id=\"a2ed617\" data-element_type=\"container\" data-e-type=\"container\">\n\t\t\t\t\t<div class=\"e-con-inner\">\n\t\t\t\t<div class=\"elementor-element elementor-element-a9ea803 elementor-widget elementor-widget-text-editor\" data-id=\"a9ea803\" data-element_type=\"widget\" data-e-type=\"widget\" data-widget_type=\"text-editor.default\">\n\t\t\t\t\t\t\t\t\t<p><span style=\"color: var( --e-global-color-text ); text-align: var(--text-align);\">Est\u00e1 basado en el movimiento de rotaci\u00f3n de la Tierra alrededor del Sol. Tiene 18 meses de 20 d\u00edas cada uno, m\u00e1s un per\u00edodo de 5 d\u00edas del Tz\u2019apiq\u2019ij (en la familia de idiomas K\u2019iche\u2019) o Wayeb\u2019 (en Maayat\u2019aan [Yukateko]). Para el a\u00f1o 2023, el Tz\u2019apiq\u2019ij se celebra cinco d\u00edas antes del primer d\u00eda del a\u00f1o Ab\u2019, que inicia el 26 de marzo de 2023.<\/span><\/p>\n<p>Seg\u00fan Sylvanus Morley, el Ab\u2019 tiene 365.2420 d\u00edas de duraci\u00f3n. Tiene una diferencia de 2 mil\u00e9simas partes del d\u00eda con el calendario solar calculado por la NASA, 17 segundos de diferencia.<\/p>\n<p>En el sistema educativo nacional tenemos el reto y la oportunidad de retomar la precisi\u00f3n astron\u00f3mica del Ab\u2019. Adem\u00e1s, es muy admirado en el mundo, pero muchas veces es desconocido en nuestro pa\u00eds. Un paso fundamental ha sido la inclusi\u00f3n de la celebraci\u00f3n del Ab\u2019 en el calendario de actividades escolares del MINEDUC a partir de 2022.<\/p>\n<p>Seg\u00fan Silvanus Morley \u2013arque\u00f3logo y epigrafista\u2013 los astr\u00f3nomos mayas elaboraron el calendario m\u00e1s exacto que la humanidad calcul\u00f3 hasta antes de la era espacial:<\/p>\n<p><b>A\u00f1o juliano 365.2500 d\u00edas<\/b><\/p>\n<p><b>Actual gregoriano 365.2425 d\u00edas<\/b><\/p>\n<p><b>Astronom\u00eda maya (Ab\u2019) 365.2420 d\u00edas<\/b><\/p>\n<p><b>Astronom\u00eda moderna 365.2422 d\u00edas<\/b><\/p>\n<p><a href=\"https:\/\/play.google.com\/store\/apps\/details?id=com.nom.dateconverter2&amp;pli=1\">Existen algunas apps digitales que permiten conocer la equivalencia del d\u00eda de nacimiento de una persona o de cualquier otra fecha con el calendario Maya Haab.<\/a><\/p>\n<div>&nbsp;<\/div>\t\t\t\t\t\t\t\t<\/div>\n\t\t\t\t\t<\/div>\n\t\t\t\t<\/div>\n\t\t<div data-particle_enable=\"false\" data-particle-mobile-disabled=\"false\" class=\"elementor-element elementor-element-9c5ce86 e-flex e-con-boxed e-con e-parent\" data-id=\"9c5ce86\" data-element_type=\"container\" data-e-type=\"container\">\n\t\t\t\t\t<div class=\"e-con-inner\">\n\t\t\t\t<div class=\"elementor-element elementor-element-beb0974 elementor-widget elementor-widget-image\" data-id=\"beb0974\" data-element_type=\"widget\" data-e-type=\"widget\" data-widget_type=\"image.default\">\n\t\t\t\t\t\t\t\t\t\t\t\t<figure class=\"wp-caption\">\n\t\t\t\t\t\t\t\t\t\t\t<a href=\"https:\/\/soymigrante.com\/mercado\/el-libro-de-la-cuenta-de-los-nawales\">\n\t\t\t\t\t\t\t<img loading=\"lazy\" decoding=\"async\" width=\"768\" height=\"403\" src=\"https:\/\/soymigrante.com\/revista\/wp-content\/uploads\/2024\/12\/Captura-de-pantalla-2024-12-02-111349-1024x537.png\" class=\"attachment-large size-large wp-image-15273\" alt=\"Libro de la cuenta de los Nawa\u2019les, publicaci\u00f3n educativa sobre cultura ind\u00edgena guatemalteca, para promover la historia y costumbres Nawa\u2019le en el mercado de SoyMigrante.com REVISTA.\" srcset=\"https:\/\/soymigrante.com\/revista\/wp-content\/uploads\/2024\/12\/Captura-de-pantalla-2024-12-02-111349-1024x537.png 1024w, https:\/\/soymigrante.com\/revista\/wp-content\/uploads\/2024\/12\/Captura-de-pantalla-2024-12-02-111349-300x157.png 300w, https:\/\/soymigrante.com\/revista\/wp-content\/uploads\/2024\/12\/Captura-de-pantalla-2024-12-02-111349-768x402.png 768w, https:\/\/soymigrante.com\/revista\/wp-content\/uploads\/2024\/12\/Captura-de-pantalla-2024-12-02-111349-750x393.webp 750w, https:\/\/soymigrante.com\/revista\/wp-content\/uploads\/2024\/12\/Captura-de-pantalla-2024-12-02-111349.webp 1126w\" sizes=\"(max-width: 768px) 100vw, 768px\" title=\"Para dar a conocer de manera m\u00e1s amplia y personalizada el origen y significado de cada d\u00eda dentro del calendario maya, la editorial Maya Wuj eit\u00f3 el libro La Cuenta de los Nahuales, disponible en SoyMigrante.com MERCADO. \u2013 SoyMigrante.com REVISTA\" \/>\t\t\t\t\t\t\t\t<\/a>\n\t\t\t\t\t\t\t\t\t\t\t<figcaption class=\"widget-image-caption wp-caption-text\">Para dar a conocer de manera m\u00e1s amplia y personalizada el origen y significado de cada d\u00eda dentro del calendario maya, la editorial Maya Wuj eit\u00f3 el libro La Cuenta de los Nahuales disponible en SoyMigrante.com MERCADO. Para adquirirlo da clic en la imagen.<\/figcaption>\n\t\t\t\t\t\t\t\t\t\t<\/figure>\n\t\t\t\t\t\t\t\t\t<\/div>\n\t\t\t\t\t<\/div>\n\t\t\t\t<\/div>\n\t\t<div data-particle_enable=\"false\" data-particle-mobile-disabled=\"false\" class=\"elementor-element elementor-element-38dbd19 e-flex e-con-boxed e-con e-parent\" data-id=\"38dbd19\" data-element_type=\"container\" data-e-type=\"container\">\n\t\t\t\t\t<div class=\"e-con-inner\">\n\t\t\t\t<div class=\"elementor-element elementor-element-a39d8b2 elementor-widget elementor-widget-heading\" data-id=\"a39d8b2\" data-element_type=\"widget\" data-e-type=\"widget\" data-widget_type=\"heading.default\">\n\t\t\t\t\t<h2 class=\"elementor-heading-title elementor-size-default\">Vasta y fascinante multiculturalidad de Guatemala. Con\u00f3cela<\/h2>\t\t\t\t<\/div>\n\t\t\t\t\t<\/div>\n\t\t\t\t<\/div>\n\t\t<div data-particle_enable=\"false\" data-particle-mobile-disabled=\"false\" class=\"elementor-element elementor-element-0717291 e-flex e-con-boxed e-con e-parent\" data-id=\"0717291\" data-element_type=\"container\" data-e-type=\"container\">\n\t\t\t\t\t<div class=\"e-con-inner\">\n\t\t\t\t<div class=\"elementor-element elementor-element-2b17f00 elementor-grid-eael-col-3 elementor-grid-tablet-eael-col-2 elementor-grid-mobile-eael-col-1 elementor-widget elementor-widget-eael-post-grid\" data-id=\"2b17f00\" data-element_type=\"widget\" data-e-type=\"widget\" data-settings=\"{&quot;eael_post_grid_columns&quot;:&quot;eael-col-3&quot;,&quot;eael_post_grid_columns_tablet&quot;:&quot;eael-col-2&quot;,&quot;eael_post_grid_columns_mobile&quot;:&quot;eael-col-1&quot;}\" data-widget_type=\"eael-post-grid.default\">\n\t\t\t\t\t<div id=\"eael-post-grid-2b17f00\" class=\"eael-post-grid-container\">\n            <div class=\"eael-post-grid eael-post-appender eael-post-appender-2b17f00 eael-post-grid-style-one\" data-layout-mode=\"masonry\"><article class=\"eael-grid-post  eael-post-grid-column eael-pg-post-6996 category-guate-nuestra\" data-id=\"6996\">\n        <div class=\"eael-grid-post-holder\">\n            <div class=\"eael-grid-post-holder-inner\"><div class=\"eael-entry-media\"><div class=\"eael-entry-overlay fade-in\"><i class=\"far fa-hand-pointer\" aria-hidden=\"true\"><\/i><a href=\"https:\/\/soymigrante.com\/revista\/solsticio-de-verano-marca-sitios-mayas-de-uaxactun-e-iximche\/\"><\/a><\/div><div class=\"eael-entry-thumbnail \">\n                <img loading=\"lazy\" decoding=\"async\" width=\"1024\" height=\"1024\" src=\"https:\/\/soymigrante.com\/revista\/wp-content\/uploads\/2025\/03\/ICE-3-1024x1024.png\" class=\"attachment-large size-large wp-image-53933\" alt=\"equinoccio 20 a 21 de marzo de cada a\u00f1o en uaxactun observatorio maya\" srcset=\"https:\/\/soymigrante.com\/revista\/wp-content\/uploads\/2025\/03\/ICE-3-1024x1024.png 1024w, https:\/\/soymigrante.com\/revista\/wp-content\/uploads\/2025\/03\/ICE-3-300x300.png 300w, https:\/\/soymigrante.com\/revista\/wp-content\/uploads\/2025\/03\/ICE-3-150x150.png 150w, https:\/\/soymigrante.com\/revista\/wp-content\/uploads\/2025\/03\/ICE-3-768x768.png 768w, https:\/\/soymigrante.com\/revista\/wp-content\/uploads\/2025\/03\/ICE-3-75x75.png 75w, https:\/\/soymigrante.com\/revista\/wp-content\/uploads\/2025\/03\/ICE-3-750x750.png 750w, https:\/\/soymigrante.com\/revista\/wp-content\/uploads\/2025\/03\/ICE-3-1140x1140.png 1140w, https:\/\/soymigrante.com\/revista\/wp-content\/uploads\/2025\/03\/ICE-3.png 1200w\" sizes=\"(max-width: 1024px) 100vw, 1024px\" \/>\n            <\/div>\n        <\/div><div class=\"eael-entry-wrapper\"><header class=\"eael-entry-header\"><h2 class=\"eael-entry-title\"><a class=\"eael-grid-post-link\" href=\"https:\/\/soymigrante.com\/revista\/solsticio-de-verano-marca-sitios-mayas-de-uaxactun-e-iximche\/\" title=\"Equinoccio de primavera se celebra entre 20 y 21 de marzo en sitios mayas como Uaxact\u00fan e Iximch\u00e9\">Equinoccio de primavera se celebra entre 20 y 21 de marzo en sitios mayas como Uaxact\u00fan e Iximch\u00e9<\/a><\/h2><\/header><div class=\"eael-entry-content\">\n                        <div class=\"eael-grid-post-excerpt\"><a href=\"https:\/\/soymigrante.com\/revista\/solsticio-de-verano-marca-sitios-mayas-de-uaxactun-e-iximche\/\" class=\"eael-post-elements-readmore-btn\">CONOCE SU HISTORIA <\/a><\/div>\n                    <\/div><\/div><\/div>\n        <\/div>\n    <\/article><article class=\"eael-grid-post  eael-post-grid-column eael-pg-post-8856 category-pueblos-de-guatemala\" data-id=\"8856\">\n        <div class=\"eael-grid-post-holder\">\n            <div class=\"eael-grid-post-holder-inner\"><div class=\"eael-entry-media\"><div class=\"eael-entry-overlay fade-in\"><i class=\"far fa-hand-pointer\" aria-hidden=\"true\"><\/i><a href=\"https:\/\/soymigrante.com\/revista\/el-pueblo-kaqchikel-abarca-a-1-millon-68-mil-guatemaltecos\/\"><\/a><\/div><div class=\"eael-entry-thumbnail \">\n                <img loading=\"lazy\" decoding=\"async\" width=\"797\" height=\"797\" src=\"https:\/\/soymigrante.com\/revista\/wp-content\/uploads\/2024\/09\/Captura-de-pantalla-2024-09-05-170648-e1725577693900.webp\" class=\"attachment-large size-large wp-image-8865\" alt=\"Her royalty-free photo of a smiling woman holding a bouquet of flowers, wearing traditional indigenous clothing, standing against a rustic wall in a rural setting, representing migrant culture and heritage.\" srcset=\"https:\/\/soymigrante.com\/revista\/wp-content\/uploads\/2024\/09\/Captura-de-pantalla-2024-09-05-170648-e1725577693900.webp 797w, https:\/\/soymigrante.com\/revista\/wp-content\/uploads\/2024\/09\/Captura-de-pantalla-2024-09-05-170648-e1725577693900-300x300.webp 300w, https:\/\/soymigrante.com\/revista\/wp-content\/uploads\/2024\/09\/Captura-de-pantalla-2024-09-05-170648-e1725577693900-150x150.webp 150w, https:\/\/soymigrante.com\/revista\/wp-content\/uploads\/2024\/09\/Captura-de-pantalla-2024-09-05-170648-e1725577693900-768x768.webp 768w, https:\/\/soymigrante.com\/revista\/wp-content\/uploads\/2024\/09\/Captura-de-pantalla-2024-09-05-170648-e1725577693900-75x75.webp 75w, https:\/\/soymigrante.com\/revista\/wp-content\/uploads\/2024\/09\/Captura-de-pantalla-2024-09-05-170648-e1725577693900-750x750.webp 750w\" sizes=\"(max-width: 797px) 100vw, 797px\" \/>\n            <\/div>\n        <\/div><div class=\"eael-entry-wrapper\"><header class=\"eael-entry-header\"><h2 class=\"eael-entry-title\"><a class=\"eael-grid-post-link\" href=\"https:\/\/soymigrante.com\/revista\/el-pueblo-kaqchikel-abarca-a-1-millon-68-mil-guatemaltecos\/\" title=\"El pueblo Kaqchikel abarca a 1 mill\u00f3n 68 mil guatemaltecos\">El pueblo Kaqchikel abarca a 1 mill\u00f3n 68 mil guatemaltecos<\/a><\/h2><\/header><div class=\"eael-entry-content\">\n                        <div class=\"eael-grid-post-excerpt\"><a href=\"https:\/\/soymigrante.com\/revista\/el-pueblo-kaqchikel-abarca-a-1-millon-68-mil-guatemaltecos\/\" class=\"eael-post-elements-readmore-btn\">CONOCE SU HISTORIA <\/a><\/div>\n                    <\/div><\/div><\/div>\n        <\/div>\n    <\/article><article class=\"eael-grid-post  eael-post-grid-column eael-pg-post-9006 category-pueblos-de-guatemala\" data-id=\"9006\">\n        <div class=\"eael-grid-post-holder\">\n            <div class=\"eael-grid-post-holder-inner\"><div class=\"eael-entry-media\"><div class=\"eael-entry-overlay fade-in\"><i class=\"far fa-hand-pointer\" aria-hidden=\"true\"><\/i><a href=\"https:\/\/soymigrante.com\/revista\/tzunun-tzii-es-el-nombre-prehispanico-del-pueblo-uspanteko-y-su-nahual-es-un-colibri\/\"><\/a><\/div><div class=\"eael-entry-thumbnail \">\n                <img loading=\"lazy\" decoding=\"async\" width=\"1024\" height=\"1024\" src=\"https:\/\/soymigrante.com\/revista\/wp-content\/uploads\/2024\/09\/uspanteko-1024x1024.webp\" class=\"attachment-large size-large wp-image-9460\" alt=\"Princesas del pueblo Uspanteko, foto Muni Uspantan\" srcset=\"https:\/\/soymigrante.com\/revista\/wp-content\/uploads\/2024\/09\/uspanteko-1024x1024.webp 1024w, https:\/\/soymigrante.com\/revista\/wp-content\/uploads\/2024\/09\/uspanteko-300x300.webp 300w, https:\/\/soymigrante.com\/revista\/wp-content\/uploads\/2024\/09\/uspanteko-150x150.webp 150w, https:\/\/soymigrante.com\/revista\/wp-content\/uploads\/2024\/09\/uspanteko-768x768.webp 768w, https:\/\/soymigrante.com\/revista\/wp-content\/uploads\/2024\/09\/uspanteko-75x75.webp 75w, https:\/\/soymigrante.com\/revista\/wp-content\/uploads\/2024\/09\/uspanteko-750x750.webp 750w, https:\/\/soymigrante.com\/revista\/wp-content\/uploads\/2024\/09\/uspanteko-1140x1140.webp 1140w, https:\/\/soymigrante.com\/revista\/wp-content\/uploads\/2024\/09\/uspanteko.webp 1401w\" sizes=\"(max-width: 1024px) 100vw, 1024px\" \/>\n            <\/div>\n        <\/div><div class=\"eael-entry-wrapper\"><header class=\"eael-entry-header\"><h2 class=\"eael-entry-title\"><a class=\"eael-grid-post-link\" href=\"https:\/\/soymigrante.com\/revista\/tzunun-tzii-es-el-nombre-prehispanico-del-pueblo-uspanteko-y-su-nahual-es-un-colibri\/\" title=\"Tz&#8217;unun Tziij es el nombre prehisp\u00e1nico del pueblo Uspanteko y su nahual es un colibr\u00ed\">Tz&#8217;unun Tziij es el nombre prehisp\u00e1nico del pueblo Uspanteko y su nahual es un colibr\u00ed<\/a><\/h2><\/header><div class=\"eael-entry-content\">\n                        <div class=\"eael-grid-post-excerpt\"><a href=\"https:\/\/soymigrante.com\/revista\/tzunun-tzii-es-el-nombre-prehispanico-del-pueblo-uspanteko-y-su-nahual-es-un-colibri\/\" class=\"eael-post-elements-readmore-btn\">CONOCE SU HISTORIA <\/a><\/div>\n                    <\/div><\/div><\/div>\n        <\/div>\n    <\/article><\/div>\n            <div class=\"clearfix\"><\/div>\n        <\/div>\t\t\t\t<\/div>\n\t\t\t\t\t<\/div>\n\t\t\t\t<\/div>\n\t\t\t\t<\/div>\n\t\t","protected":false},"excerpt":{"rendered":"<p>Cada a\u00f1o nuevo despierta preguntas acerca de la cuenta del tiempo y, en Guatemala, sobre el sistema sistema calend\u00e1rico maya: uno de los m\u00e1s exactos del mundo. Su ciclo no coincide con los del calendario occidental, pero sigue all\u00ed, con sus energ\u00eda y significados seg\u00fan la tradici\u00f3n ancestral. Por Raxche&#8217; Rodr\u00edguez Guaj\u00e1n Maya kaqchikel, director [&hellip;]<\/p>\n","protected":false},"author":1,"featured_media":15264,"comment_status":"open","ping_status":"open","sticky":false,"template":"","format":"standard","meta":{"_acf_changed":false,"_eb_attr":"","footnotes":""},"categories":[56],"tags":[],"class_list":["post-15263","post","type-post","status-publish","format-standard","has-post-thumbnail","hentry","category-lugar-de-voces"],"acf":[],"aioseo_notices":[],"aioseo_head":"\n\t\t<!-- All in One SEO Pro 4.9.6.2 - aioseo.com -->\n\t<meta name=\"description\" content=\"Esta comunidad tiene 4,909 habitantes repartidos en el municipio de Uspant\u00e1n, Quich\u00e9 y parte de Chicam\u00e1n. Durante la conquista plantaron f\u00e9rrea resistencia.\" \/>\n\t<meta name=\"robots\" content=\"max-snippet:-1, max-image-preview:large, max-video-preview:-1\" \/>\n\t<meta name=\"author\" content=\"Edwin Castro\"\/>\n\t<link rel=\"canonical\" href=\"https:\/\/soymigrante.com\/revista\/tzunun-tzii-es-el-nombre-prehispanico-del-pueblo-uspanteko-y-su-nahual-es-un-colibri\/\" \/>\n\t<meta name=\"generator\" content=\"All in One SEO Pro (AIOSEO) 4.9.6.2\" \/>\n\n\t\t<link rel=\"preconnect\" href=\"https:\/\/fonts.googleapis.com\" crossorigin>\n<link rel=\"preconnect\" href=\"https:\/\/fonts.gstatic.com\" crossorigin>\n\t\t<meta property=\"og:locale\" content=\"es_ES\" \/>\n\t\t<meta property=\"og:site_name\" content=\"SoyMigrante.com REVISTA \u2013 Nuestra misi\u00f3n es reconocer y dignificar al migrante.\" \/>\n\t\t<meta property=\"og:type\" content=\"article\" \/>\n\t\t<meta property=\"og:title\" content=\"Pueblo Uspanteko: un gorri\u00f3n simboliza su af\u00e1n de libertad\" \/>\n\t\t<meta property=\"og:description\" content=\"Esta comunidad tiene 4,909 habitantes repartidos en el municipio de Uspant\u00e1n, Quich\u00e9 y parte de Chicam\u00e1n. Durante la conquista plantaron f\u00e9rrea resistencia.\" \/>\n\t\t<meta property=\"og:url\" content=\"https:\/\/soymigrante.com\/revista\/tzunun-tzii-es-el-nombre-prehispanico-del-pueblo-uspanteko-y-su-nahual-es-un-colibri\/\" \/>\n\t\t<meta property=\"og:image\" content=\"https:\/\/soymigrante.com\/revista\/wp-content\/uploads\/2024\/09\/uspanteko.webp\" \/>\n\t\t<meta property=\"og:image:secure_url\" content=\"https:\/\/soymigrante.com\/revista\/wp-content\/uploads\/2024\/09\/uspanteko.webp\" \/>\n\t\t<meta property=\"og:image:width\" content=\"1401\" \/>\n\t\t<meta property=\"og:image:height\" content=\"1401\" \/>\n\t\t<meta property=\"article:published_time\" content=\"2024-09-20T17:11:12+00:00\" \/>\n\t\t<meta property=\"article:modified_time\" content=\"2025-09-17T14:05:09+00:00\" \/>\n\t\t<meta property=\"article:publisher\" content=\"https:\/\/www.facebook.com\/soymigrantecom\" \/>\n\t\t<meta name=\"twitter:card\" content=\"summary_large_image\" \/>\n\t\t<meta name=\"twitter:site\" content=\"@SoyMigrante_com\" \/>\n\t\t<meta name=\"twitter:title\" content=\"Pueblo Uspanteko: un gorri\u00f3n simboliza su af\u00e1n de libertad\" \/>\n\t\t<meta name=\"twitter:description\" content=\"Esta comunidad tiene 4,909 habitantes repartidos en el municipio de Uspant\u00e1n, Quich\u00e9 y parte de Chicam\u00e1n. Durante la conquista plantaron f\u00e9rrea resistencia.\" \/>\n\t\t<meta name=\"twitter:creator\" content=\"@SoyMigrante_com\" \/>\n\t\t<meta name=\"twitter:image\" content=\"https:\/\/soymigrante.com\/revista\/wp-content\/uploads\/2024\/09\/uspanteko.webp\" \/>\n\t\t<!-- All in One SEO Pro -->\r\n\t\t<title>Pueblo Uspanteko: un gorri\u00f3n simboliza su af\u00e1n de libertad<\/title>\n\n","aioseo_head_json":{"title":"Pueblo Uspanteko: un gorri\u00f3n simboliza su af\u00e1n de libertad","description":"Esta comunidad tiene 4,909 habitantes repartidos en el municipio de Uspant\u00e1n, Quich\u00e9 y parte de Chicam\u00e1n. Durante la conquista plantaron f\u00e9rrea resistencia.","canonical_url":"https:\/\/soymigrante.com\/revista\/tzunun-tzii-es-el-nombre-prehispanico-del-pueblo-uspanteko-y-su-nahual-es-un-colibri\/","robots":"max-snippet:-1, max-image-preview:large, max-video-preview:-1","keywords":"","webmasterTools":{"miscellaneous":"&lt;link rel=\"preconnect\" href=\"https:\/\/fonts.googleapis.com\" crossorigin&gt;\n&lt;link rel=\"preconnect\" href=\"https:\/\/fonts.gstatic.com\" crossorigin&gt;"},"schema":null,"og:locale":"es_ES","og:site_name":"SoyMigrante.com REVISTA \u2013 Nuestra misi\u00f3n es reconocer y dignificar al migrante.","og:type":"article","og:title":"Pueblo Uspanteko: un gorri\u00f3n simboliza su af\u00e1n de libertad","og:description":"Esta comunidad tiene 4,909 habitantes repartidos en el municipio de Uspant\u00e1n, Quich\u00e9 y parte de Chicam\u00e1n. Durante la conquista plantaron f\u00e9rrea resistencia.","og:url":"https:\/\/soymigrante.com\/revista\/tzunun-tzii-es-el-nombre-prehispanico-del-pueblo-uspanteko-y-su-nahual-es-un-colibri\/","og:image":"https:\/\/soymigrante.com\/revista\/wp-content\/uploads\/2024\/09\/uspanteko.webp","og:image:secure_url":"https:\/\/soymigrante.com\/revista\/wp-content\/uploads\/2024\/09\/uspanteko.webp","og:image:width":1401,"og:image:height":1401,"article:published_time":"2024-09-20T17:11:12+00:00","article:modified_time":"2025-09-17T14:05:09+00:00","article:publisher":"https:\/\/www.facebook.com\/soymigrantecom","twitter:card":"summary_large_image","twitter:site":"@SoyMigrante_com","twitter:title":"Pueblo Uspanteko: un gorri\u00f3n simboliza su af\u00e1n de libertad","twitter:description":"Esta comunidad tiene 4,909 habitantes repartidos en el municipio de Uspant\u00e1n, Quich\u00e9 y parte de Chicam\u00e1n. Durante la conquista plantaron f\u00e9rrea resistencia.","twitter:creator":"@SoyMigrante_com","twitter:image":"https:\/\/soymigrante.com\/revista\/wp-content\/uploads\/2024\/09\/uspanteko.webp"},"aioseo_meta_data":{"post_id":"15263","title":"Astronom\u00eda y calendario maya: sabidur\u00eda ancestral y actual","description":"El sistema calend\u00e1rico maya integra 3 cuentas del tiempo que se combinan para marcar eventos y se\u00f1alar energ\u00eda que marcan los d\u00edas de la vida colectiva y personal","keywords":null,"keyphrases":{"focus":{"keyphrase":"Calendario maya","score":54,"analysis":{"keyphraseInTitle":{"score":9,"maxScore":9,"error":0},"keyphraseInDescription":{"score":3,"maxScore":9,"error":1},"keyphraseLength":{"score":9,"maxScore":9,"error":0,"length":2},"keyphraseInURL":{"score":1,"maxScore":5,"error":1},"keyphraseInIntroduction":{"score":3,"maxScore":9,"error":1},"keyphraseInSubHeadings":{"score":3,"maxScore":9,"error":1},"keyphraseInImageAlt":{"score":9,"maxScore":9,"error":0},"keywordDensity":{"score":0,"type":"low","maxScore":9,"error":1}}},"additional":[{"keyphrase":"Maya","score":87,"analysis":{"keyphraseInDescription":{"score":9,"maxScore":9,"error":0},"keyphraseLength":{"score":9,"maxScore":9,"error":0,"length":1},"keyphraseInIntroduction":{"score":3,"maxScore":9,"error":1},"keyphraseInImageAlt":{"score":9,"maxScore":9,"error":0},"keywordDensity":{"type":"best","score":9,"maxScore":9,"error":0}}},{"keyphrase":"Sabidur\u00eda","score":40,"analysis":{"keyphraseInDescription":{"score":3,"maxScore":9,"error":1},"keyphraseLength":{"score":9,"maxScore":9,"error":0,"length":2},"keyphraseInIntroduction":{"score":3,"maxScore":9,"error":1},"keyphraseInImageAlt":{"score":3,"maxScore":9,"error":1},"keywordDensity":{"score":0,"type":"low","maxScore":9,"error":1}}}]},"primary_term":null,"canonical_url":null,"og_title":null,"og_description":null,"og_object_type":"default","og_image_type":"default","og_image_url":null,"og_image_width":null,"og_image_height":null,"og_image_custom_url":null,"og_image_custom_fields":null,"og_video":"","og_custom_url":null,"og_article_section":null,"og_article_tags":null,"twitter_use_og":false,"twitter_card":"default","twitter_image_type":"default","twitter_image_url":null,"twitter_image_custom_url":null,"twitter_image_custom_fields":null,"twitter_title":null,"twitter_description":null,"schema":{"blockGraphs":[],"customGraphs":[],"default":{"data":{"Article":[],"Course":[],"Dataset":[],"FAQPage":[],"Movie":[],"Person":[],"Product":[],"ProductReview":[],"Car":[],"Recipe":[],"Service":[],"SoftwareApplication":[],"WebPage":[]},"graphName":"BlogPosting","isEnabled":true},"graphs":[]},"schema_type":"default","schema_type_options":null,"pillar_content":false,"robots_default":true,"robots_noindex":false,"robots_noarchive":false,"robots_nosnippet":false,"robots_nofollow":false,"robots_noimageindex":false,"robots_noodp":false,"robots_notranslate":false,"robots_max_snippet":"-1","robots_max_videopreview":"-1","robots_max_imagepreview":"large","priority":null,"frequency":"default","local_seo":null,"seo_analyzer_scan_date":"2025-10-09 02:42:53","breadcrumb_settings":null,"limit_modified_date":false,"reviewed_by":null,"open_ai":"{\"title\":{\"suggestions\":[],\"usage\":0},\"description\":{\"suggestions\":[],\"usage\":0}}","ai":null,"created":"2024-12-02 15:37:33","updated":"2026-02-04 21:40:12"},"aioseo_breadcrumb":"<div class=\"aioseo-breadcrumbs\"><span class=\"aioseo-breadcrumb\">\n\t<a href=\"https:\/\/soymigrante.com\/revista\" title=\"Home\">Home<\/a>\n<\/span><span class=\"aioseo-breadcrumb-separator\">\u00bb<\/span><span class=\"aioseo-breadcrumb\">\n\t<a href=\"https:\/\/soymigrante.com\/revista\/category\/estamos-unidos\/\" title=\"Estamos Unidos\">Estamos Unidos<\/a>\n<\/span><span class=\"aioseo-breadcrumb-separator\">\u00bb<\/span><span class=\"aioseo-breadcrumb\">\n\t<a href=\"https:\/\/soymigrante.com\/revista\/category\/estamos-unidos\/lugar-de-voces\/\" title=\"Lugar de Voces\">Lugar de Voces<\/a>\n<\/span><span class=\"aioseo-breadcrumb-separator\">\u00bb<\/span><span class=\"aioseo-breadcrumb\">\n\tCalendario maya tiene tres ciclos para la cuenta del tiempo: \u00bfLos conoces?\n<\/span><\/div>","aioseo_breadcrumb_json":[{"label":"Home","link":"https:\/\/soymigrante.com\/revista"},{"label":"Estamos Unidos","link":"https:\/\/soymigrante.com\/revista\/category\/estamos-unidos\/"},{"label":"Lugar de Voces","link":"https:\/\/soymigrante.com\/revista\/category\/estamos-unidos\/lugar-de-voces\/"},{"label":"Calendario maya tiene tres ciclos para la cuenta del tiempo: \u00bfLos conoces?","link":"https:\/\/soymigrante.com\/revista\/sabiduria-ancestral-en-nuestros-dias-astronomia-y-el-sistema-calendarico-maya\/"}],"_links":{"self":[{"href":"https:\/\/soymigrante.com\/revista\/wp-json\/wp\/v2\/posts\/15263","targetHints":{"allow":["GET"]}}],"collection":[{"href":"https:\/\/soymigrante.com\/revista\/wp-json\/wp\/v2\/posts"}],"about":[{"href":"https:\/\/soymigrante.com\/revista\/wp-json\/wp\/v2\/types\/post"}],"author":[{"embeddable":true,"href":"https:\/\/soymigrante.com\/revista\/wp-json\/wp\/v2\/users\/1"}],"replies":[{"embeddable":true,"href":"https:\/\/soymigrante.com\/revista\/wp-json\/wp\/v2\/comments?post=15263"}],"version-history":[{"count":0,"href":"https:\/\/soymigrante.com\/revista\/wp-json\/wp\/v2\/posts\/15263\/revisions"}],"wp:featuredmedia":[{"embeddable":true,"href":"https:\/\/soymigrante.com\/revista\/wp-json\/wp\/v2\/media\/15264"}],"wp:attachment":[{"href":"https:\/\/soymigrante.com\/revista\/wp-json\/wp\/v2\/media?parent=15263"}],"wp:term":[{"taxonomy":"category","embeddable":true,"href":"https:\/\/soymigrante.com\/revista\/wp-json\/wp\/v2\/categories?post=15263"},{"taxonomy":"post_tag","embeddable":true,"href":"https:\/\/soymigrante.com\/revista\/wp-json\/wp\/v2\/tags?post=15263"}],"curies":[{"name":"wp","href":"https:\/\/api.w.org\/{rel}","templated":true}]}}