{"id":15156,"date":"2024-12-14T20:29:28","date_gmt":"2024-12-15T02:29:28","guid":{"rendered":"https:\/\/soymigrante.com\/revista\/?p=15156"},"modified":"2024-12-21T19:52:30","modified_gmt":"2024-12-22T01:52:30","slug":"sucedio-en-guatemala-en-un-diciembre-quiza-lo-recuerdas-quiza-no","status":"publish","type":"post","link":"https:\/\/soymigrante.com\/revista\/sucedio-en-guatemala-en-un-diciembre-quiza-lo-recuerdas-quiza-no\/","title":{"rendered":"Ocurri\u00f3 durante un diciembre en Guatemala: hechos que quiz\u00e1 ya conoc\u00edas o tal vez no. Compru\u00e9balo"},"content":{"rendered":"\t\t<div data-elementor-type=\"wp-post\" data-elementor-id=\"15156\" class=\"elementor elementor-15156\" data-elementor-post-type=\"post\">\n\t\t\t\t<div data-particle_enable=\"false\" data-particle-mobile-disabled=\"false\" class=\"elementor-element elementor-element-e6e5cf2 e-flex e-con-boxed e-con e-parent\" data-id=\"e6e5cf2\" data-element_type=\"container\" data-e-type=\"container\">\n\t\t\t\t\t<div class=\"e-con-inner\">\n\t\t\t\t<div class=\"elementor-element elementor-element-2bf9552 elementor-widget elementor-widget-heading\" data-id=\"2bf9552\" data-element_type=\"widget\" data-e-type=\"widget\" data-widget_type=\"heading.default\">\n\t\t\t\t\t<h2 class=\"elementor-heading-title elementor-size-default\">Hechos que marcan la historia: algunos son sucesos tradicionales y populares, otros son giros y eventos de hace d\u00e9cadas y siglos, pero todos forman parte de la memoria guatemalteca. Este viaje en el tiempo va desde lo m\u00e1s reciente a lo m\u00e1s antiguo.<\/h2>\t\t\t\t<\/div>\n\t\t\t\t\t<\/div>\n\t\t\t\t<\/div>\n\t\t<div data-particle_enable=\"false\" data-particle-mobile-disabled=\"false\" class=\"elementor-element elementor-element-e7dda9a e-flex e-con-boxed e-con e-parent\" data-id=\"e7dda9a\" data-element_type=\"container\" data-e-type=\"container\">\n\t\t\t\t\t<div class=\"e-con-inner\">\n\t\t\t\t<div class=\"elementor-element elementor-element-a9aa8aa elementor-invisible elementor-widget elementor-widget-heading\" data-id=\"a9aa8aa\" data-element_type=\"widget\" data-e-type=\"widget\" data-settings=\"{&quot;_animation&quot;:&quot;rotateIn&quot;}\" data-widget_type=\"heading.default\">\n\t\t\t\t\t<h2 class=\"elementor-heading-title elementor-size-default\">2005<\/h2>\t\t\t\t<\/div>\n\t\t\t\t\t<\/div>\n\t\t\t\t<\/div>\n\t\t<div data-particle_enable=\"false\" data-particle-mobile-disabled=\"false\" class=\"elementor-element elementor-element-081cd67 e-flex e-con-boxed e-con e-parent\" data-id=\"081cd67\" data-element_type=\"container\" data-e-type=\"container\">\n\t\t\t\t\t<div class=\"e-con-inner\">\n\t\t\t\t<div class=\"elementor-element elementor-element-ed77aba elementor-widget elementor-widget-text-editor\" data-id=\"ed77aba\" data-element_type=\"widget\" data-e-type=\"widget\" data-widget_type=\"text-editor.default\">\n\t\t\t\t\t\t\t\t\t<h4>31 de diciembre de 2005: Se prohibe la venta de silbadores en Guatemala.<\/h4><p>S\u00ed, un juego pirot\u00e9cnico muy tradicional pero tambi\u00e9n muy peligroso fue prohibido totalmente en cuanto a su importaci\u00f3n, almacenamiento y uso. La Corte Suprema de Justicia otorg\u00f3 un amparo al Procurador de Derechos Humanos dirigido a que el Gobierno prohibiera la importaci\u00f3n o fabricaci\u00f3n de silbadores, debido a la gran cantidad de incendios, lesiones e incluso fallecimientos por el uso de\u00a0 silbadores.\u00a0 Desde entonces son totalmente ilegales.\u00a0<\/p>\t\t\t\t\t\t\t\t<\/div>\n\t\t\t\t\t<\/div>\n\t\t\t\t<\/div>\n\t\t<div data-particle_enable=\"false\" data-particle-mobile-disabled=\"false\" class=\"elementor-element elementor-element-0341742 e-flex e-con-boxed e-con e-parent\" data-id=\"0341742\" data-element_type=\"container\" data-e-type=\"container\">\n\t\t\t\t\t<div class=\"e-con-inner\">\n\t\t\t\t<div class=\"elementor-element elementor-element-8e2edec elementor-invisible elementor-widget elementor-widget-facebook-embed\" data-id=\"8e2edec\" data-element_type=\"widget\" data-e-type=\"widget\" data-settings=\"{&quot;_animation&quot;:&quot;zoomInDown&quot;}\" data-widget_type=\"facebook-embed.default\">\n\t\t\t\t\t<div style=\"min-height: 1px\" class=\"elementor-facebook-widget fb-post\" data-href=\"https:\/\/www.facebook.com\/prensalibregt\/posts\/10154873949983149\" data-show-text=\"false\"><\/div>\t\t\t\t<\/div>\n\t\t\t\t\t<\/div>\n\t\t\t\t<\/div>\n\t\t<div data-particle_enable=\"false\" data-particle-mobile-disabled=\"false\" class=\"elementor-element elementor-element-1eb60c2 e-flex e-con-boxed e-con e-parent\" data-id=\"1eb60c2\" data-element_type=\"container\" data-e-type=\"container\">\n\t\t\t\t\t<div class=\"e-con-inner\">\n\t\t\t\t<div class=\"elementor-element elementor-element-3757106 elementor-invisible elementor-widget elementor-widget-heading\" data-id=\"3757106\" data-element_type=\"widget\" data-e-type=\"widget\" data-settings=\"{&quot;_animation&quot;:&quot;rotateIn&quot;}\" data-widget_type=\"heading.default\">\n\t\t\t\t\t<h2 class=\"elementor-heading-title elementor-size-default\">1997<\/h2>\t\t\t\t<\/div>\n\t\t\t\t\t<\/div>\n\t\t\t\t<\/div>\n\t\t<div data-particle_enable=\"false\" data-particle-mobile-disabled=\"false\" class=\"elementor-element elementor-element-b7cccb3 e-flex e-con-boxed e-con e-parent\" data-id=\"b7cccb3\" data-element_type=\"container\" data-e-type=\"container\">\n\t\t\t\t\t<div class=\"e-con-inner\">\n\t\t\t\t<div class=\"elementor-element elementor-element-e664ec7 elementor-widget elementor-widget-text-editor\" data-id=\"e664ec7\" data-element_type=\"widget\" data-e-type=\"widget\" data-widget_type=\"text-editor.default\">\n\t\t\t\t\t\t\t\t\t<h4>Bombero inicia tradici\u00f3n de lanzarse de lo alto disfrazado de Santa Claus<\/h4><p><span style=\"color: var( --e-global-color-text ); text-align: var(--text-align);\">El Bombero Municipal H\u00e9ctor Chac\u00f3n empez\u00f3 en los d\u00edas cercanos a la Navidad de 1997, una tradici\u00f3n que continuar\u00eda por 25 a\u00f1os. En aquel a\u00f1o baj\u00f3 a rappel desde la Torre del Reformador en Guatemala como un acto simb\u00f3lico para recaudar fondos para poder obsequiar juguetes a ni\u00f1os de \u00e1reas marginales. Posteriormente, el escenario de esta acrobacia anual ha sido el puente de Las Vacas, entre las zonas 6 y 18, pero el fin es el mismo: alegrar a peque\u00f1os de escasos recursos con un regalo en Navidad. Noble causa y un Santa sin miedo a las alturas.\u00a0<\/span><\/p>\t\t\t\t\t\t\t\t<\/div>\n\t\t\t\t\t<\/div>\n\t\t\t\t<\/div>\n\t\t<div data-particle_enable=\"false\" data-particle-mobile-disabled=\"false\" class=\"elementor-element elementor-element-71a8a74 e-flex e-con-boxed e-con e-parent\" data-id=\"71a8a74\" data-element_type=\"container\" data-e-type=\"container\">\n\t\t\t\t\t<div class=\"e-con-inner\">\n\t\t\t\t<div class=\"elementor-element elementor-element-ecbb7f8 elementor-widget elementor-widget-video\" data-id=\"ecbb7f8\" data-element_type=\"widget\" data-e-type=\"widget\" data-settings=\"{&quot;youtube_url&quot;:&quot;https:\\\/\\\/www.youtube.com\\\/watch?v=JGVYYjKas84&quot;,&quot;video_type&quot;:&quot;youtube&quot;,&quot;controls&quot;:&quot;yes&quot;}\" data-widget_type=\"video.default\">\n\t\t\t\t\t\t\t<div class=\"elementor-wrapper elementor-open-inline\">\n\t\t\t<div class=\"elementor-video\"><\/div>\t\t<\/div>\n\t\t\t\t\t\t<\/div>\n\t\t\t\t\t<\/div>\n\t\t\t\t<\/div>\n\t\t<div data-particle_enable=\"false\" data-particle-mobile-disabled=\"false\" class=\"elementor-element elementor-element-6555609 e-flex e-con-boxed e-con e-parent\" data-id=\"6555609\" data-element_type=\"container\" data-e-type=\"container\">\n\t\t\t\t\t<div class=\"e-con-inner\">\n\t\t\t\t<div class=\"elementor-element elementor-element-67d6baf elementor-invisible elementor-widget elementor-widget-heading\" data-id=\"67d6baf\" data-element_type=\"widget\" data-e-type=\"widget\" data-settings=\"{&quot;_animation&quot;:&quot;rotateIn&quot;}\" data-widget_type=\"heading.default\">\n\t\t\t\t\t<h2 class=\"elementor-heading-title elementor-size-default\">1996<\/h2>\t\t\t\t<\/div>\n\t\t\t\t\t<\/div>\n\t\t\t\t<\/div>\n\t\t<div data-particle_enable=\"false\" data-particle-mobile-disabled=\"false\" class=\"elementor-element elementor-element-c1f15e9 e-flex e-con-boxed e-con e-parent\" data-id=\"c1f15e9\" data-element_type=\"container\" data-e-type=\"container\">\n\t\t\t\t\t<div class=\"e-con-inner\">\n\t\t\t\t<div class=\"elementor-element elementor-element-14318fc elementor-widget elementor-widget-text-editor\" data-id=\"14318fc\" data-element_type=\"widget\" data-e-type=\"widget\" data-widget_type=\"text-editor.default\">\n\t\t\t\t\t\t\t\t\t<h4>29 de diciembre de 1996: Se firma la Paz en Guatemala.<\/h4><p><span style=\"color: var( --e-global-color-text ); text-align: var(--text-align);\">Se firman los hist\u00f3ricos acuerdos de paz entre el Gobierno de Guatemala y los grupos insurgentes. Finaliz\u00f3 as\u00ed una dura etapa de 36 a\u00f1os de Conflicto Armado que dej\u00f3 m\u00e1s de 200 mil muertos y miles de desplazados, as\u00ed como una larga estela de destrucci\u00f3n de infraestructura, retraso en el desarrollo y p\u00e9rdida de muchos intelectuales que fueron asesinados o se fueron al exilio.<\/span><\/p>\t\t\t\t\t\t\t\t<\/div>\n\t\t\t\t\t<\/div>\n\t\t\t\t<\/div>\n\t\t<div data-particle_enable=\"false\" data-particle-mobile-disabled=\"false\" class=\"elementor-element elementor-element-0b05638 e-flex e-con-boxed e-con e-parent\" data-id=\"0b05638\" data-element_type=\"container\" data-e-type=\"container\">\n\t\t\t\t\t<div class=\"e-con-inner\">\n\t\t\t\t<div class=\"elementor-element elementor-element-7196469 elementor-widget elementor-widget-video\" data-id=\"7196469\" data-element_type=\"widget\" data-e-type=\"widget\" data-settings=\"{&quot;youtube_url&quot;:&quot;https:\\\/\\\/www.youtube.com\\\/watch?v=i6tn2DV0564&quot;,&quot;video_type&quot;:&quot;youtube&quot;,&quot;controls&quot;:&quot;yes&quot;}\" data-widget_type=\"video.default\">\n\t\t\t\t\t\t\t<div class=\"elementor-wrapper elementor-open-inline\">\n\t\t\t<div class=\"elementor-video\"><\/div>\t\t<\/div>\n\t\t\t\t\t\t<\/div>\n\t\t\t\t\t<\/div>\n\t\t\t\t<\/div>\n\t\t<div data-particle_enable=\"false\" data-particle-mobile-disabled=\"false\" class=\"elementor-element elementor-element-d4d6f99 e-flex e-con-boxed e-con e-parent\" data-id=\"d4d6f99\" data-element_type=\"container\" data-e-type=\"container\">\n\t\t\t\t\t<div class=\"e-con-inner\">\n\t\t\t\t<div class=\"elementor-element elementor-element-50acf04 elementor-invisible elementor-widget elementor-widget-heading\" data-id=\"50acf04\" data-element_type=\"widget\" data-e-type=\"widget\" data-settings=\"{&quot;_animation&quot;:&quot;rotateIn&quot;}\" data-widget_type=\"heading.default\">\n\t\t\t\t\t<h2 class=\"elementor-heading-title elementor-size-default\">1992<\/h2>\t\t\t\t<\/div>\n\t\t\t\t\t<\/div>\n\t\t\t\t<\/div>\n\t\t<div data-particle_enable=\"false\" data-particle-mobile-disabled=\"false\" class=\"elementor-element elementor-element-69e61c9 e-flex e-con-boxed e-con e-parent\" data-id=\"69e61c9\" data-element_type=\"container\" data-e-type=\"container\">\n\t\t\t\t\t<div class=\"e-con-inner\">\n\t\t\t\t<div class=\"elementor-element elementor-element-d08aa93 elementor-widget elementor-widget-text-editor\" data-id=\"d08aa93\" data-element_type=\"widget\" data-e-type=\"widget\" data-widget_type=\"text-editor.default\">\n\t\t\t\t\t\t\t\t\t<h4>10 de diciembre de 1992: Rigoberta Mench\u00fa recibe Nobel de la Paz\u00a0<\/h4><p><span style=\"text-align: var(--text-align);\">Este suceso ocurri\u00f3 en la Academia Sueca, en Estocolmo, pero tiene impacto en Guatemala: La l\u00edder ind\u00edgena Rigoberta Mench\u00fa Tum recibe el Premio Nobel de la Paz, por su labor de denuncia y defensa de los derechos de los pueblos ind\u00edgenas. El gobierno de Guatemala, encabezado por Jorge Serrano El\u00edas, intent\u00f3 impulsar una candidatura alterna para intentar que se premiara a otra persona.<\/span><\/p><div><span style=\"color: var( --e-global-color-text ); text-align: var(--text-align);\">\u00a0<\/span><\/div>\t\t\t\t\t\t\t\t<\/div>\n\t\t\t\t\t<\/div>\n\t\t\t\t<\/div>\n\t\t<div data-particle_enable=\"false\" data-particle-mobile-disabled=\"false\" class=\"elementor-element elementor-element-70140c3 e-flex e-con-boxed e-con e-parent\" data-id=\"70140c3\" data-element_type=\"container\" data-e-type=\"container\">\n\t\t\t\t\t<div class=\"e-con-inner\">\n\t\t\t\t<div class=\"elementor-element elementor-element-606dd7b elementor-widget elementor-widget-video\" data-id=\"606dd7b\" data-element_type=\"widget\" data-e-type=\"widget\" data-settings=\"{&quot;youtube_url&quot;:&quot;https:\\\/\\\/www.youtube.com\\\/watch?v=DyW7u6JSt6M&quot;,&quot;video_type&quot;:&quot;youtube&quot;,&quot;controls&quot;:&quot;yes&quot;}\" data-widget_type=\"video.default\">\n\t\t\t\t\t\t\t<div class=\"elementor-wrapper elementor-open-inline\">\n\t\t\t<div class=\"elementor-video\"><\/div>\t\t<\/div>\n\t\t\t\t\t\t<\/div>\n\t\t\t\t\t<\/div>\n\t\t\t\t<\/div>\n\t\t<div data-particle_enable=\"false\" data-particle-mobile-disabled=\"false\" class=\"elementor-element elementor-element-f5fcb60 e-flex e-con-boxed e-con e-parent\" data-id=\"f5fcb60\" data-element_type=\"container\" data-e-type=\"container\">\n\t\t\t\t\t<div class=\"e-con-inner\">\n\t\t\t\t<div class=\"elementor-element elementor-element-5daf225 elementor-invisible elementor-widget elementor-widget-heading\" data-id=\"5daf225\" data-element_type=\"widget\" data-e-type=\"widget\" data-settings=\"{&quot;_animation&quot;:&quot;rotateIn&quot;}\" data-widget_type=\"heading.default\">\n\t\t\t\t\t<h2 class=\"elementor-heading-title elementor-size-default\">1967<\/h2>\t\t\t\t<\/div>\n\t\t\t\t\t<\/div>\n\t\t\t\t<\/div>\n\t\t<div data-particle_enable=\"false\" data-particle-mobile-disabled=\"false\" class=\"elementor-element elementor-element-ac81c4b e-flex e-con-boxed e-con e-parent\" data-id=\"ac81c4b\" data-element_type=\"container\" data-e-type=\"container\">\n\t\t\t\t\t<div class=\"e-con-inner\">\n\t\t\t\t<div class=\"elementor-element elementor-element-76c6b72 elementor-widget elementor-widget-text-editor\" data-id=\"76c6b72\" data-element_type=\"widget\" data-e-type=\"widget\" data-widget_type=\"text-editor.default\">\n\t\t\t\t\t\t\t\t\t<h4>10 de diciembre de 1967: Miguel Angel Asturias recibe Nobel de Literatura\u00a0<\/h4><p>El escritor Miguel Angel Asturias recibe el Premio Nobel de Literatura, m\u00e1ximo reconocimiento mundial a las letras Guatemaltecas. Asturias es autor de libros como El Se\u00f1or Presidente, Hombres de Ma\u00edz y El Hombre que lo ten\u00eda todo, todo todo. Tambi\u00e9n escribi\u00f3 poemas y relatos breves. Naci\u00f3 en 31 de octubre de 1899 y muri\u00f3 el 9 de junio de 1974 en Madrid. Su obra tom\u00f3 numerosos elementos de la cosmovisi\u00f3n maya y los plasm\u00f3 con maestr\u00eda en un estilo que se considera le dio origen al llamado Realismo M\u00e1gico latinoamericano.<\/p><div>\u00a0<\/div>\t\t\t\t\t\t\t\t<\/div>\n\t\t\t\t\t<\/div>\n\t\t\t\t<\/div>\n\t\t<div data-particle_enable=\"false\" data-particle-mobile-disabled=\"false\" class=\"elementor-element elementor-element-0c56adb e-flex e-con-boxed e-con e-parent\" data-id=\"0c56adb\" data-element_type=\"container\" data-e-type=\"container\">\n\t\t\t\t\t<div class=\"e-con-inner\">\n\t\t\t\t<div class=\"elementor-element elementor-element-0ce57df elementor-widget elementor-widget-video\" data-id=\"0ce57df\" data-element_type=\"widget\" data-e-type=\"widget\" data-settings=\"{&quot;youtube_url&quot;:&quot;https:\\\/\\\/youtu.be\\\/0yzmF-1MVEg?si=Vxq5D4yTDZLynYxQ&quot;,&quot;video_type&quot;:&quot;youtube&quot;,&quot;controls&quot;:&quot;yes&quot;}\" data-widget_type=\"video.default\">\n\t\t\t\t\t\t\t<div class=\"elementor-wrapper elementor-open-inline\">\n\t\t\t<div class=\"elementor-video\"><\/div>\t\t<\/div>\n\t\t\t\t\t\t<\/div>\n\t\t\t\t\t<\/div>\n\t\t\t\t<\/div>\n\t\t<div data-particle_enable=\"false\" data-particle-mobile-disabled=\"false\" class=\"elementor-element elementor-element-87eb92b e-flex e-con-boxed e-con e-parent\" data-id=\"87eb92b\" data-element_type=\"container\" data-e-type=\"container\">\n\t\t\t\t\t<div class=\"e-con-inner\">\n\t\t\t\t<div class=\"elementor-element elementor-element-3b281e3 elementor-invisible elementor-widget elementor-widget-heading\" data-id=\"3b281e3\" data-element_type=\"widget\" data-e-type=\"widget\" data-settings=\"{&quot;_animation&quot;:&quot;rotateIn&quot;}\" data-widget_type=\"heading.default\">\n\t\t\t\t\t<h2 class=\"elementor-heading-title elementor-size-default\">1964<\/h2>\t\t\t\t<\/div>\n\t\t\t\t\t<\/div>\n\t\t\t\t<\/div>\n\t\t<div data-particle_enable=\"false\" data-particle-mobile-disabled=\"false\" class=\"elementor-element elementor-element-d4014bf e-flex e-con-boxed e-con e-parent\" data-id=\"d4014bf\" data-element_type=\"container\" data-e-type=\"container\">\n\t\t\t\t\t<div class=\"e-con-inner\">\n\t\t\t\t<div class=\"elementor-element elementor-element-d9e0b70 elementor-widget elementor-widget-text-editor\" data-id=\"d9e0b70\" data-element_type=\"widget\" data-e-type=\"widget\" data-widget_type=\"text-editor.default\">\n\t\t\t\t\t\t\t\t\t<h4>Diciembre de 1964: se lanza un jingle navide\u00f1o que se hace inmortal<\/h4><p><span style=\"color: var( --e-global-color-text ); text-align: var(--text-align);\">Se estren\u00f3 en la radio guatemalteca el jingle de la marca de salsas, mayonesas y sabores B&amp;B, cuya pegajosa melod\u00eda y letra ingeniosa perdura ya por 50 a\u00f1os. Las voces son las del cantante guatemalteco Ar\u00edstides Paz y la locutora Anabella portilla. A lo largo de tanto tiempo esta dulce tonada se ha quedado grabada en la memoria y la nostalgia como una pieza auditiva infaltable de la navidad chapina.\u00a0<\/span><\/p><p>\u00a0<\/p>\t\t\t\t\t\t\t\t<\/div>\n\t\t\t\t\t<\/div>\n\t\t\t\t<\/div>\n\t\t<div data-particle_enable=\"false\" data-particle-mobile-disabled=\"false\" class=\"elementor-element elementor-element-0ae7a80 e-flex e-con-boxed e-con e-parent\" data-id=\"0ae7a80\" data-element_type=\"container\" data-e-type=\"container\">\n\t\t\t\t\t<div class=\"e-con-inner\">\n\t\t\t\t<div class=\"elementor-element elementor-element-bd88176 elementor-widget elementor-widget-video\" data-id=\"bd88176\" data-element_type=\"widget\" data-e-type=\"widget\" data-settings=\"{&quot;youtube_url&quot;:&quot;https:\\\/\\\/www.youtube.com\\\/watch?v=xw0KFWQ3AwM&quot;,&quot;video_type&quot;:&quot;youtube&quot;,&quot;controls&quot;:&quot;yes&quot;}\" data-widget_type=\"video.default\">\n\t\t\t\t\t\t\t<div class=\"elementor-wrapper elementor-open-inline\">\n\t\t\t<div class=\"elementor-video\"><\/div>\t\t<\/div>\n\t\t\t\t\t\t<\/div>\n\t\t\t\t\t<\/div>\n\t\t\t\t<\/div>\n\t\t<div data-particle_enable=\"false\" data-particle-mobile-disabled=\"false\" class=\"elementor-element elementor-element-dd48fc8 e-flex e-con-boxed e-con e-parent\" data-id=\"dd48fc8\" data-element_type=\"container\" data-e-type=\"container\">\n\t\t\t\t\t<div class=\"e-con-inner\">\n\t\t\t\t<div class=\"elementor-element elementor-element-4321fc3 elementor-invisible elementor-widget elementor-widget-heading\" data-id=\"4321fc3\" data-element_type=\"widget\" data-e-type=\"widget\" data-settings=\"{&quot;_animation&quot;:&quot;rotateIn&quot;}\" data-widget_type=\"heading.default\">\n\t\t\t\t\t<h2 class=\"elementor-heading-title elementor-size-default\">1944<\/h2>\t\t\t\t<\/div>\n\t\t\t\t\t<\/div>\n\t\t\t\t<\/div>\n\t\t<div data-particle_enable=\"false\" data-particle-mobile-disabled=\"false\" class=\"elementor-element elementor-element-045bd8a e-flex e-con-boxed e-con e-parent\" data-id=\"045bd8a\" data-element_type=\"container\" data-e-type=\"container\">\n\t\t\t\t\t<div class=\"e-con-inner\">\n\t\t\t\t<div class=\"elementor-element elementor-element-862ede6 elementor-widget elementor-widget-text-editor\" data-id=\"862ede6\" data-element_type=\"widget\" data-e-type=\"widget\" data-widget_type=\"text-editor.default\">\n\t\t\t\t\t\t\t\t\t<h4>17, 18 y 19 de diciembre de 1944: electo presidente Juan Jos\u00e9 Ar\u00e9valo<\/h4><p><span style=\"color: var( --e-global-color-text ); text-align: var(--text-align);\">Los d\u00edas 17, 18 y 19 de diciembre de 1944, apenas dos meses despu\u00e9s de la Revoluci\u00f3n de Octubre se celebran las elecciones presidenciales, en las que el Doctor Juan Jos\u00e9 Ar\u00e9valo obtuvo una abrumadora mayor\u00eda de 255,260 votos. Participaron tambi\u00e9n como candidatos, Adri\u00e1n Recinos, Manuel Mar\u00eda Herrera y Guillermo Flores Avenda\u00f1o, quienes obtuvieron 20,749, 11,062 y 8,230 votos, respectivamente. Asumi\u00f3 la presidencia el 15 de marzo siguiente y emprendi\u00f3 una gesti\u00f3n que marc\u00f3 numerosos cambios sociales en materia de educaci\u00f3n y salud en Guatemala.<\/span><\/p>\t\t\t\t\t\t\t\t<\/div>\n\t\t\t\t\t<\/div>\n\t\t\t\t<\/div>\n\t\t<div data-particle_enable=\"false\" data-particle-mobile-disabled=\"false\" class=\"elementor-element elementor-element-338d258 e-flex e-con-boxed e-con e-parent\" data-id=\"338d258\" data-element_type=\"container\" data-e-type=\"container\">\n\t\t\t\t\t<div class=\"e-con-inner\">\n\t\t\t\t<div class=\"elementor-element elementor-element-5a6039d elementor-widget elementor-widget-video\" data-id=\"5a6039d\" data-element_type=\"widget\" data-e-type=\"widget\" data-settings=\"{&quot;youtube_url&quot;:&quot;https:\\\/\\\/www.youtube.com\\\/watch?v=-3C8HgIV9F0&quot;,&quot;video_type&quot;:&quot;youtube&quot;,&quot;controls&quot;:&quot;yes&quot;}\" data-widget_type=\"video.default\">\n\t\t\t\t\t\t\t<div class=\"elementor-wrapper elementor-open-inline\">\n\t\t\t<div class=\"elementor-video\"><\/div>\t\t<\/div>\n\t\t\t\t\t\t<\/div>\n\t\t\t\t\t<\/div>\n\t\t\t\t<\/div>\n\t\t<div data-particle_enable=\"false\" data-particle-mobile-disabled=\"false\" class=\"elementor-element elementor-element-cab1761 e-flex e-con-boxed e-con e-parent\" data-id=\"cab1761\" data-element_type=\"container\" data-e-type=\"container\">\n\t\t\t\t\t<div class=\"e-con-inner\">\n\t\t\t\t<div class=\"elementor-element elementor-element-c24233c elementor-invisible elementor-widget elementor-widget-heading\" data-id=\"c24233c\" data-element_type=\"widget\" data-e-type=\"widget\" data-settings=\"{&quot;_animation&quot;:&quot;rotateIn&quot;}\" data-widget_type=\"heading.default\">\n\t\t\t\t\t<h2 class=\"elementor-heading-title elementor-size-default\">1917<\/h2>\t\t\t\t<\/div>\n\t\t\t\t\t<\/div>\n\t\t\t\t<\/div>\n\t\t<div data-particle_enable=\"false\" data-particle-mobile-disabled=\"false\" class=\"elementor-element elementor-element-0e1af22 e-flex e-con-boxed e-con e-parent\" data-id=\"0e1af22\" data-element_type=\"container\" data-e-type=\"container\">\n\t\t\t\t\t<div class=\"e-con-inner\">\n\t\t\t\t<div class=\"elementor-element elementor-element-4ca1077 elementor-widget elementor-widget-text-editor\" data-id=\"4ca1077\" data-element_type=\"widget\" data-e-type=\"widget\" data-widget_type=\"text-editor.default\">\n\t\t\t\t\t\t\t\t\t<h4>25 de diciembre de 1917: inician terremotos que destruyen la capital de Guatemala<\/h4><p>Los terremotos que comenzaron el 25 de diciembre de 1917 y prosiguieron en los primeros d\u00edas de 1918 causaron fuerte destrucci\u00f3n en la ciudad de Guatemala. Edificios coloniales como el Palacio Real tuvieron tantos da\u00f1os que tuvieron que ser demolidos. Muchas personas quedaron sin vivienda y permanecieron en campamentos. El impacto econ\u00f3mico y social, as\u00ed como la uni\u00f3n ciudadana resultante contribuir\u00edan a la ca\u00edda del dictador Manuel Estrada Cabrera, quien gobern\u00f3 desde 1898 a 1920.<\/p>\t\t\t\t\t\t\t\t<\/div>\n\t\t\t\t\t<\/div>\n\t\t\t\t<\/div>\n\t\t<div data-particle_enable=\"false\" data-particle-mobile-disabled=\"false\" class=\"elementor-element elementor-element-bb76ada e-flex e-con-boxed e-con e-parent\" data-id=\"bb76ada\" data-element_type=\"container\" data-e-type=\"container\">\n\t\t\t\t\t<div class=\"e-con-inner\">\n\t\t\t\t<div class=\"elementor-element elementor-element-99ab922 elementor-widget elementor-widget-video\" data-id=\"99ab922\" data-element_type=\"widget\" data-e-type=\"widget\" data-settings=\"{&quot;youtube_url&quot;:&quot;https:\\\/\\\/www.youtube.com\\\/watch?v=cpfgyLDLDXY&quot;,&quot;video_type&quot;:&quot;youtube&quot;,&quot;controls&quot;:&quot;yes&quot;}\" data-widget_type=\"video.default\">\n\t\t\t\t\t\t\t<div class=\"elementor-wrapper elementor-open-inline\">\n\t\t\t<div class=\"elementor-video\"><\/div>\t\t<\/div>\n\t\t\t\t\t\t<\/div>\n\t\t\t\t\t<\/div>\n\t\t\t\t<\/div>\n\t\t<div data-particle_enable=\"false\" data-particle-mobile-disabled=\"false\" class=\"elementor-element elementor-element-f109997 e-flex e-con-boxed e-con e-parent\" data-id=\"f109997\" data-element_type=\"container\" data-e-type=\"container\">\n\t\t\t\t\t<div class=\"e-con-inner\">\n\t\t\t\t<div class=\"elementor-element elementor-element-d1e291a elementor-widget elementor-widget-html\" data-id=\"d1e291a\" data-element_type=\"widget\" data-e-type=\"widget\" data-widget_type=\"html.default\">\n\t\t\t\t\t<iframe src=\"https:\/\/archive.org\/embed\/guatemalaearthqu00savirich\" width=\"560\" height=\"440\" frameborder=\"0\" webkitallowfullscreen=\"true\" mozallowfullscreen=\"true\" allowfullscreen><\/iframe>\t\t\t\t<\/div>\n\t\t\t\t\t<\/div>\n\t\t\t\t<\/div>\n\t\t<div data-particle_enable=\"false\" data-particle-mobile-disabled=\"false\" class=\"elementor-element elementor-element-68afc61 e-flex e-con-boxed e-con e-parent\" data-id=\"68afc61\" data-element_type=\"container\" data-e-type=\"container\">\n\t\t\t\t\t<div class=\"e-con-inner\">\n\t\t\t\t<div class=\"elementor-element elementor-element-fa90e33 elementor-invisible elementor-widget elementor-widget-heading\" data-id=\"fa90e33\" data-element_type=\"widget\" data-e-type=\"widget\" data-settings=\"{&quot;_animation&quot;:&quot;rotateIn&quot;}\" data-widget_type=\"heading.default\">\n\t\t\t\t\t<h2 class=\"elementor-heading-title elementor-size-default\">1891<\/h2>\t\t\t\t<\/div>\n\t\t\t\t\t<\/div>\n\t\t\t\t<\/div>\n\t\t<div data-particle_enable=\"false\" data-particle-mobile-disabled=\"false\" class=\"elementor-element elementor-element-51b5a74 e-flex e-con-boxed e-con e-parent\" data-id=\"51b5a74\" data-element_type=\"container\" data-e-type=\"container\">\n\t\t\t\t\t<div class=\"e-con-inner\">\n\t\t\t\t<div class=\"elementor-element elementor-element-0f5ad7b elementor-widget elementor-widget-text-editor\" data-id=\"0f5ad7b\" data-element_type=\"widget\" data-e-type=\"widget\" data-widget_type=\"text-editor.default\">\n\t\t\t\t\t\t\t\t\t<h4>2 de diciembre de 1891: Nace un genio de la pintura guatemalteca en Quetzaltenango. Carlos M\u00e9rida<\/h4><p>Si el nombre de Carlos M\u00e9rida no te suena, aqu\u00ed te contamos por qu\u00e9 es importante: fue el pintor guatemalteco que trajo las vanguardias art\u00edsticas a Guatemala. Pero lo hizo con un estilo propio que lleg\u00f3 a ser \u00fanico y admirado en todo el mundo. Naci\u00f3 el 2 de diciembre de 1891. En 1910 a los 19 a\u00f1os presenta su primera exposici\u00f3n y ese mismo a\u00f1o se marcha a Par\u00eds, que era la capital del arte mundial. All\u00e1 entra en contacto con las tendencias art\u00edsticas como el surrealismo, el futurismo y tambi\u00e9n el cubismo. En su obra aborda temas mayas, inspirados en vasijas, estelas y murales prehisp\u00e1nicos, pero transformados con formas geom\u00e9tricas. Vivi\u00f3 muchos a\u00f1os en M\u00e9xico pero siempre conserv\u00f3 su\u00a0 nacionalidad guatemalteca. Su obra brilla en el Centro C\u00edvico de Guatemala.<\/p>\t\t\t\t\t\t\t\t<\/div>\n\t\t\t\t\t<\/div>\n\t\t\t\t<\/div>\n\t\t<div data-particle_enable=\"false\" data-particle-mobile-disabled=\"false\" class=\"elementor-element elementor-element-93c4864 e-flex e-con-boxed e-con e-parent\" data-id=\"93c4864\" data-element_type=\"container\" data-e-type=\"container\">\n\t\t\t\t\t<div class=\"e-con-inner\">\n\t\t\t\t<div class=\"elementor-element elementor-element-050ac9f elementor-widget elementor-widget-video\" data-id=\"050ac9f\" data-element_type=\"widget\" data-e-type=\"widget\" data-settings=\"{&quot;youtube_url&quot;:&quot;https:\\\/\\\/www.youtube.com\\\/watch?v=E7hUiOVpmBA&quot;,&quot;video_type&quot;:&quot;youtube&quot;,&quot;controls&quot;:&quot;yes&quot;}\" data-widget_type=\"video.default\">\n\t\t\t\t\t\t\t<div class=\"elementor-wrapper elementor-open-inline\">\n\t\t\t<div class=\"elementor-video\"><\/div>\t\t<\/div>\n\t\t\t\t\t\t<\/div>\n\t\t\t\t\t<\/div>\n\t\t\t\t<\/div>\n\t\t<div data-particle_enable=\"false\" data-particle-mobile-disabled=\"false\" class=\"elementor-element elementor-element-6aa9dc0 e-flex e-con-boxed e-con e-parent\" data-id=\"6aa9dc0\" data-element_type=\"container\" data-e-type=\"container\">\n\t\t\t\t\t<div class=\"e-con-inner\">\n\t\t\t\t<div class=\"elementor-element elementor-element-d081c75 elementor-invisible elementor-widget elementor-widget-heading\" data-id=\"d081c75\" data-element_type=\"widget\" data-e-type=\"widget\" data-settings=\"{&quot;_animation&quot;:&quot;rotateIn&quot;}\" data-widget_type=\"heading.default\">\n\t\t\t\t\t<h2 class=\"elementor-heading-title elementor-size-default\">1775<\/h2>\t\t\t\t<\/div>\n\t\t\t\t\t<\/div>\n\t\t\t\t<\/div>\n\t\t<div data-particle_enable=\"false\" data-particle-mobile-disabled=\"false\" class=\"elementor-element elementor-element-b8b1212 e-flex e-con-boxed e-con e-parent\" data-id=\"b8b1212\" data-element_type=\"container\" data-e-type=\"container\">\n\t\t\t\t\t<div class=\"e-con-inner\">\n\t\t\t\t<div class=\"elementor-element elementor-element-03a6c96 elementor-widget elementor-widget-text-editor\" data-id=\"03a6c96\" data-element_type=\"widget\" data-e-type=\"widget\" data-widget_type=\"text-editor.default\">\n\t\t\t\t\t\t\t\t\t<h4><span style=\"color: var( --e-global-color-text ); text-align: var(--text-align);\">El 1\u00ba de diciembre de 1775 se recibe la C\u00e9dula Real que ordena el traslado de la capital de Guatemala al Valle de la Ermita, su actual ubicaci\u00f3n<\/span><\/h4><p><span style=\"color: var( --e-global-color-text ); text-align: var(--text-align);\">Aunque el terremoto que destruy\u00f3 Antigua Guatemala ocurri\u00f3 en 1773, el traslado oficial de la ciudad capital desde Santiago de os Caballeros (Antigua Guatemala) hacia el Valle de la Virgen, de la Asunci\u00f3n o de las Vacas lleg\u00f3 hasta el 1 de diciembre de 1775. Muchos vecinos no quer\u00edan irse. Deseaban quedarse en Antigua.<\/span><\/p><p><span style=\"color: var( --e-global-color-text ); text-align: var(--text-align);\">A partir de esa fecha el capitan general Mart\u00edn de Mayorga presion\u00f3 al Ayuntamiento, al claustro de la universidad y a los vecinos renuentes, para que se trasladaran a la nueva capital. El 29 de diciembre se declar\u00f3 el abandono oficial de la que fue la Muy Noble y Muy Leal ciudad de Santiago de Guatemala.\u00a0<\/span><\/p><p><span style=\"color: var( --e-global-color-text ); text-align: var(--text-align);\">El 30 de diciembre se promulg\u00f3 un bando por medio del cual se ordenaba que todos los vecinos indicaran en el t\u00e9rmino de un mes la casa o casas que ten\u00edan en la arruinada\u00a0<\/span><span style=\"color: var( --e-global-color-text ); text-align: var(--text-align);\">ciudad, la calle de cada una y el \u00e1rea o sitio que ocupaban, para proceder al reparto de solares de la nueva capital.\u00a0<\/span><\/p><div>\u00a0<\/div>\t\t\t\t\t\t\t\t<\/div>\n\t\t\t\t\t<\/div>\n\t\t\t\t<\/div>\n\t\t<div data-particle_enable=\"false\" data-particle-mobile-disabled=\"false\" class=\"elementor-element elementor-element-b2d797c e-flex e-con-boxed e-con e-parent\" data-id=\"b2d797c\" data-element_type=\"container\" data-e-type=\"container\">\n\t\t\t\t\t<div class=\"e-con-inner\">\n\t\t\t\t<div class=\"elementor-element elementor-element-8ade98d elementor-widget elementor-widget-image\" data-id=\"8ade98d\" data-element_type=\"widget\" data-e-type=\"widget\" data-widget_type=\"image.default\">\n\t\t\t\t\t\t\t\t\t\t\t\t<figure class=\"wp-caption\">\n\t\t\t\t\t\t\t\t\t\t<img fetchpriority=\"high\" decoding=\"async\" width=\"768\" height=\"463\" src=\"https:\/\/soymigrante.com\/revista\/wp-content\/uploads\/2024\/12\/capital-1024x617.jpg\" class=\"attachment-large size-large wp-image-16672\" alt=\"Mapa hist\u00f3rico con explicaci\u00f3n de t\u00e9rminos geogr\u00e1ficos y l\u00edmites territoriales en relaci\u00f3n con la migraci\u00f3n y comunidades migrantes en M\u00e9xico.\" srcset=\"https:\/\/soymigrante.com\/revista\/wp-content\/uploads\/2024\/12\/capital-1024x617.jpg 1024w, https:\/\/soymigrante.com\/revista\/wp-content\/uploads\/2024\/12\/capital-300x181.jpg 300w, https:\/\/soymigrante.com\/revista\/wp-content\/uploads\/2024\/12\/capital-768x463.jpg 768w, https:\/\/soymigrante.com\/revista\/wp-content\/uploads\/2024\/12\/capital-750x452.webp 750w, https:\/\/soymigrante.com\/revista\/wp-content\/uploads\/2024\/12\/capital.webp 1132w\" sizes=\"(max-width: 768px) 100vw, 768px\" title=\"As\u00ed era el plano del  Valle de la Ermita, en 1775, antes de que se asentara la actual Ciudad de Guatemala. Su nombre proven\u00eda de la Ermita del Cerro del Carmen, que ya exist\u00eda en ese lugar. Se veneraba a la Virgen del Carmen, por lo que tambi\u00e9n se le conoc\u00eda como Valle de la Virgen.Asimismo se le llamaba Valle de las Vacas, por el r\u00edo del mismo nombre. \u2013 SoyMigrante.com REVISTA\" \/>\t\t\t\t\t\t\t\t\t\t\t<figcaption class=\"widget-image-caption wp-caption-text\">Detalle de mapa antiguo enfocado en migraci\u00f3n, territorio y comunidades migrantes en M\u00e9xico, con explicaciones t\u00e9cnicas y referencias hist\u00f3ricas.<\/figcaption>\n\t\t\t\t\t\t\t\t\t\t<\/figure>\n\t\t\t\t\t\t\t\t\t<\/div>\n\t\t\t\t\t<\/div>\n\t\t\t\t<\/div>\n\t\t<div data-particle_enable=\"false\" data-particle-mobile-disabled=\"false\" class=\"elementor-element elementor-element-e372219 e-flex e-con-boxed e-con e-parent\" data-id=\"e372219\" data-element_type=\"container\" data-e-type=\"container\">\n\t\t\t\t\t<div class=\"e-con-inner\">\n\t\t\t\t<div class=\"elementor-element elementor-element-a8c6764 elementor-invisible elementor-widget elementor-widget-heading\" data-id=\"a8c6764\" data-element_type=\"widget\" data-e-type=\"widget\" data-settings=\"{&quot;_animation&quot;:&quot;rotateIn&quot;}\" data-widget_type=\"heading.default\">\n\t\t\t\t\t<h2 class=\"elementor-heading-title elementor-size-default\">1537<\/h2>\t\t\t\t<\/div>\n\t\t\t\t\t<\/div>\n\t\t\t\t<\/div>\n\t\t<div data-particle_enable=\"false\" data-particle-mobile-disabled=\"false\" class=\"elementor-element elementor-element-573f86c e-flex e-con-boxed e-con e-parent\" data-id=\"573f86c\" data-element_type=\"container\" data-e-type=\"container\">\n\t\t\t\t\t<div class=\"e-con-inner\">\n\t\t\t\t<div class=\"elementor-element elementor-element-a92252c elementor-widget elementor-widget-heading\" data-id=\"a92252c\" data-element_type=\"widget\" data-e-type=\"widget\" data-widget_type=\"heading.default\">\n\t\t\t\t\t<h4 class=\"elementor-heading-title elementor-size-default\">En un 18 de diciembre es nombrado el primer obispo de Guatemala: Francisco Marroqu\u00edn<\/h4>\t\t\t\t<\/div>\n\t\t\t\t\t<\/div>\n\t\t\t\t<\/div>\n\t\t<div data-particle_enable=\"false\" data-particle-mobile-disabled=\"false\" class=\"elementor-element elementor-element-4d712a9 e-flex e-con-boxed e-con e-parent\" data-id=\"4d712a9\" data-element_type=\"container\" data-e-type=\"container\">\n\t\t\t\t\t<div class=\"e-con-inner\">\n\t\t\t\t<div class=\"elementor-element elementor-element-608aed2 elementor-widget elementor-widget-text-editor\" data-id=\"608aed2\" data-element_type=\"widget\" data-e-type=\"widget\" data-widget_type=\"text-editor.default\">\n\t\t\t\t\t\t\t\t\t<p>Francisco Marroqu\u00edn, s\u00ed el personaje que aparece en los billetes de a Q100 fue designado Obispo de la nueva Di\u00f3cesis de Guatemala por bula de 18 de diciembre de 1534.\u00a0<\/p><p>Impuls\u00f3 la educaci\u00f3n de los ind\u00edgenas y traz\u00f3 el sue\u00f1o\u00a0 de fundar una universidad en Guatemala, el cual no vio concretarse, pero que se realiz\u00f3 m\u00e1s de un siglo despu\u00e9s de su muerte. El a\u00f1o siguiente quiso viajar a Espa\u00f1a para ir a recibir su investidura, pero fue consagrado en M\u00e9xico el 7 de abril. Francisco Marroqu\u00edn sobrevivi\u00f3 a la destrucci\u00f3n de la segunda capital, por un deslave del volc\u00e1n de Agua en 1541 y muri\u00f3 en 1563 en la tercera capital, en el Valle de Panchoy, hoy Antigua Guatemala. Tuvo su residencia en lo que hoy es <a href=\"https:\/\/soymigrante.com\/revista\/san-juan-del-obispo-pueblo-vecino-de-antigua-guatemala-reconocido-en-best-tourism-village-2024\/\">San Juan del Obispo.\u00a0<\/a><\/p>\t\t\t\t\t\t\t\t<\/div>\n\t\t\t\t\t<\/div>\n\t\t\t\t<\/div>\n\t\t<div data-particle_enable=\"false\" data-particle-mobile-disabled=\"false\" class=\"elementor-element elementor-element-3852aee e-flex e-con-boxed e-con e-parent\" data-id=\"3852aee\" data-element_type=\"container\" data-e-type=\"container\">\n\t\t\t\t\t<div class=\"e-con-inner\">\n\t\t\t\t<div class=\"elementor-element elementor-element-024b7ac elementor-widget elementor-widget-image\" data-id=\"024b7ac\" data-element_type=\"widget\" data-e-type=\"widget\" data-widget_type=\"image.default\">\n\t\t\t\t\t\t\t\t\t\t\t\t<figure class=\"wp-caption\">\n\t\t\t\t\t\t\t\t\t\t<img decoding=\"async\" width=\"768\" height=\"427\" src=\"https:\/\/soymigrante.com\/revista\/wp-content\/uploads\/2024\/12\/francisco-marroquin.webp\" class=\"attachment-large size-large wp-image-16671\" alt=\"Billete de 100 quetzales de Guatemala con retrato de un personaje hist\u00f3rico y elementos culturales del pa\u00eds.\" srcset=\"https:\/\/soymigrante.com\/revista\/wp-content\/uploads\/2024\/12\/francisco-marroquin.webp 941w, https:\/\/soymigrante.com\/revista\/wp-content\/uploads\/2024\/12\/francisco-marroquin-300x167.jpg 300w, https:\/\/soymigrante.com\/revista\/wp-content\/uploads\/2024\/12\/francisco-marroquin-768x427.jpg 768w, https:\/\/soymigrante.com\/revista\/wp-content\/uploads\/2024\/12\/francisco-marroquin-750x417.webp 750w\" sizes=\"(max-width: 768px) 100vw, 768px\" title=\"La efigie de Francisco Marroqu\u00edn, primer obispo de Guatemala, figura en los billetes de 100 quetzales. \u2013 SoyMigrante.com REVISTA\" \/>\t\t\t\t\t\t\t\t\t\t\t<figcaption class=\"widget-image-caption wp-caption-text\">Billete de 100 quetzales de Guatemala, con detalles de seguridad y elementos tradicionales, refleja la historia y cultura guatemalteca.<\/figcaption>\n\t\t\t\t\t\t\t\t\t\t<\/figure>\n\t\t\t\t\t\t\t\t\t<\/div>\n\t\t\t\t\t<\/div>\n\t\t\t\t<\/div>\n\t\t<div data-particle_enable=\"false\" data-particle-mobile-disabled=\"false\" class=\"elementor-element elementor-element-e2746ab e-flex e-con-boxed e-con e-parent\" data-id=\"e2746ab\" data-element_type=\"container\" data-e-type=\"container\">\n\t\t\t\t\t<div class=\"e-con-inner\">\n\t\t\t\t<div class=\"elementor-element elementor-element-1ea5c3b elementor-widget elementor-widget-heading\" data-id=\"1ea5c3b\" data-element_type=\"widget\" data-e-type=\"widget\" data-widget_type=\"heading.default\">\n\t\t\t\t\t<h2 class=\"elementor-heading-title elementor-size-default\">Guatemala y las l\u00edneas de su historia<\/h2>\t\t\t\t<\/div>\n\t\t\t\t\t<\/div>\n\t\t\t\t<\/div>\n\t\t<div data-particle_enable=\"false\" data-particle-mobile-disabled=\"false\" class=\"elementor-element elementor-element-c95b735 e-flex e-con-boxed e-con e-parent\" data-id=\"c95b735\" data-element_type=\"container\" data-e-type=\"container\">\n\t\t\t\t\t<div class=\"e-con-inner\">\n\t\t\t\t<div class=\"elementor-element elementor-element-f928f49 elementor-grid-eael-col-3 elementor-grid-tablet-eael-col-2 elementor-grid-mobile-eael-col-1 elementor-widget elementor-widget-eael-post-grid\" data-id=\"f928f49\" data-element_type=\"widget\" data-e-type=\"widget\" data-settings=\"{&quot;eael_post_grid_columns&quot;:&quot;eael-col-3&quot;,&quot;eael_post_grid_columns_tablet&quot;:&quot;eael-col-2&quot;,&quot;eael_post_grid_columns_mobile&quot;:&quot;eael-col-1&quot;}\" data-widget_type=\"eael-post-grid.default\">\n\t\t\t\t\t<div id=\"eael-post-grid-f928f49\" class=\"eael-post-grid-container\">\n            <div class=\"eael-post-grid eael-post-appender eael-post-appender-f928f49 eael-post-grid-style-one\" data-layout-mode=\"masonry\"><article class=\"eael-grid-post  eael-post-grid-column eael-pg-post-5538 category-arte-cultura-guate-nuestra tags-joyas-de-antigua-guatemala\" data-id=\"5538\">\n        <div class=\"eael-grid-post-holder\">\n            <div class=\"eael-grid-post-holder-inner\"><div class=\"eael-entry-media\"><div class=\"eael-entry-overlay fade-in\"><i class=\"far fa-hand-pointer\" aria-hidden=\"true\"><\/i><a href=\"https:\/\/soymigrante.com\/revista\/antigua-guatemala-arco-de-santa-catalina-tesoro-colonial-patrimonio\/\"><\/a><\/div><div class=\"eael-entry-thumbnail \">\n                <img decoding=\"async\" width=\"1024\" height=\"760\" src=\"https:\/\/soymigrante.com\/revista\/wp-content\/uploads\/2024\/03\/copia-copia-1024x760.webp\" class=\"attachment-large size-large wp-image-5539\" alt=\"Arco de Santa Catalina cumple 330 a\u00f1os en 2024, se encuentra en Antigua Guatemala, ciudad colonial Patrimonio de la Humanidad.\" srcset=\"https:\/\/soymigrante.com\/revista\/wp-content\/uploads\/2024\/03\/copia-copia-1024x760.webp 1024w, https:\/\/soymigrante.com\/revista\/wp-content\/uploads\/2024\/03\/copia-copia-300x223.webp 300w, https:\/\/soymigrante.com\/revista\/wp-content\/uploads\/2024\/03\/copia-copia-768x570.webp 768w, https:\/\/soymigrante.com\/revista\/wp-content\/uploads\/2024\/03\/copia-copia-750x557.webp 750w, https:\/\/soymigrante.com\/revista\/wp-content\/uploads\/2024\/03\/copia-copia.webp 1048w\" sizes=\"(max-width: 1024px) 100vw, 1024px\" \/>\n            <\/div>\n        <\/div><div class=\"eael-entry-wrapper\"><header class=\"eael-entry-header\"><h2 class=\"eael-entry-title\"><a class=\"eael-grid-post-link\" href=\"https:\/\/soymigrante.com\/revista\/antigua-guatemala-arco-de-santa-catalina-tesoro-colonial-patrimonio\/\" title=\"Joyas de Antigua Guatemala: \u00bfCu\u00e1ndo se construy\u00f3 el ic\u00f3nico Arco de Santa Catalina y por qu\u00e9?\">Joyas de Antigua Guatemala: \u00bfCu\u00e1ndo se construy\u00f3 el ic\u00f3nico Arco de Santa Catalina y por qu\u00e9?<\/a><\/h2><\/header><div class=\"eael-entry-content\">\n                        <div class=\"eael-grid-post-excerpt\"><a href=\"https:\/\/soymigrante.com\/revista\/antigua-guatemala-arco-de-santa-catalina-tesoro-colonial-patrimonio\/\" class=\"eael-post-elements-readmore-btn\">CONOCE SU HISTORIA <\/a><\/div>\n                    <\/div><\/div><\/div>\n        <\/div>\n    <\/article><article class=\"eael-grid-post  eael-post-grid-column eael-pg-post-7275 category-guate-nuestra tags-capitales-de-guatemala\" data-id=\"7275\">\n        <div class=\"eael-grid-post-holder\">\n            <div class=\"eael-grid-post-holder-inner\"><div class=\"eael-entry-media\"><div class=\"eael-entry-overlay fade-in\"><i class=\"far fa-hand-pointer\" aria-hidden=\"true\"><\/i><a href=\"https:\/\/soymigrante.com\/revista\/en-iximche-se-fundo-la-primera-capital-de-guatemala-hace-500-anos\/\"><\/a><\/div><div class=\"eael-entry-thumbnail \">\n                <img loading=\"lazy\" decoding=\"async\" width=\"782\" height=\"782\" src=\"https:\/\/soymigrante.com\/revista\/wp-content\/uploads\/2024\/07\/Captura-de-pantalla-2024-07-02-144947.webp\" class=\"attachment-large size-large wp-image-7277\" alt=\"Ruinas arqueol\u00f3gicas en medio de un bosque, vista a\u00e9rea, exploraci\u00f3n hist\u00f3rica y cultura ancestral, vestigios de una antigua civilizaci\u00f3n en un entorno natural.\" srcset=\"https:\/\/soymigrante.com\/revista\/wp-content\/uploads\/2024\/07\/Captura-de-pantalla-2024-07-02-144947.webp 782w, https:\/\/soymigrante.com\/revista\/wp-content\/uploads\/2024\/07\/Captura-de-pantalla-2024-07-02-144947-300x300.webp 300w, https:\/\/soymigrante.com\/revista\/wp-content\/uploads\/2024\/07\/Captura-de-pantalla-2024-07-02-144947-150x150.webp 150w, https:\/\/soymigrante.com\/revista\/wp-content\/uploads\/2024\/07\/Captura-de-pantalla-2024-07-02-144947-768x768.webp 768w, https:\/\/soymigrante.com\/revista\/wp-content\/uploads\/2024\/07\/Captura-de-pantalla-2024-07-02-144947-75x75.webp 75w, https:\/\/soymigrante.com\/revista\/wp-content\/uploads\/2024\/07\/Captura-de-pantalla-2024-07-02-144947-750x750.webp 750w\" sizes=\"(max-width: 782px) 100vw, 782px\" \/>\n            <\/div>\n        <\/div><div class=\"eael-entry-wrapper\"><header class=\"eael-entry-header\"><h2 class=\"eael-entry-title\"><a class=\"eael-grid-post-link\" href=\"https:\/\/soymigrante.com\/revista\/en-iximche-se-fundo-la-primera-capital-de-guatemala-hace-500-anos\/\" title=\"En Iximche se fund\u00f3 la primera capital de Guatemala en 1524\">En Iximche se fund\u00f3 la primera capital de Guatemala en 1524<\/a><\/h2><\/header><div class=\"eael-entry-content\">\n                        <div class=\"eael-grid-post-excerpt\"><a href=\"https:\/\/soymigrante.com\/revista\/en-iximche-se-fundo-la-primera-capital-de-guatemala-hace-500-anos\/\" class=\"eael-post-elements-readmore-btn\">CONOCE SU HISTORIA <\/a><\/div>\n                    <\/div><\/div><\/div>\n        <\/div>\n    <\/article><article class=\"eael-grid-post  eael-post-grid-column eael-pg-post-1536 category-guate-nuestra\" data-id=\"1536\">\n        <div class=\"eael-grid-post-holder\">\n            <div class=\"eael-grid-post-holder-inner\"><div class=\"eael-entry-media\"><div class=\"eael-entry-overlay fade-in\"><i class=\"far fa-hand-pointer\" aria-hidden=\"true\"><\/i><a href=\"https:\/\/soymigrante.com\/revista\/7-datos-que-ya-sabias-o-quiza-no-sobre-el-gran-jaguar-y-tikal\/\"><\/a><\/div><div class=\"eael-entry-thumbnail \">\n                <img loading=\"lazy\" decoding=\"async\" width=\"1024\" height=\"475\" src=\"https:\/\/soymigrante.com\/revista\/wp-content\/uploads\/2023\/06\/Captura-de-pantalla-2023-06-21-143338-1024x475.webp\" class=\"attachment-large size-large wp-image-1538\" alt=\"Tikal: 7 datos que ya sab\u00edas (o quiz\u00e1 no) sobre el Templo I o Gran Jaguar\" srcset=\"https:\/\/soymigrante.com\/revista\/wp-content\/uploads\/2023\/06\/Captura-de-pantalla-2023-06-21-143338-1024x475.webp 1024w, https:\/\/soymigrante.com\/revista\/wp-content\/uploads\/2023\/06\/Captura-de-pantalla-2023-06-21-143338-300x139.webp 300w, https:\/\/soymigrante.com\/revista\/wp-content\/uploads\/2023\/06\/Captura-de-pantalla-2023-06-21-143338-768x356.webp 768w, https:\/\/soymigrante.com\/revista\/wp-content\/uploads\/2023\/06\/Captura-de-pantalla-2023-06-21-143338-750x348.webp 750w, https:\/\/soymigrante.com\/revista\/wp-content\/uploads\/2023\/06\/Captura-de-pantalla-2023-06-21-143338-1140x529.webp 1140w, https:\/\/soymigrante.com\/revista\/wp-content\/uploads\/2023\/06\/Captura-de-pantalla-2023-06-21-143338.webp 1427w\" sizes=\"(max-width: 1024px) 100vw, 1024px\" \/>\n            <\/div>\n        <\/div><div class=\"eael-entry-wrapper\"><header class=\"eael-entry-header\"><h2 class=\"eael-entry-title\"><a class=\"eael-grid-post-link\" href=\"https:\/\/soymigrante.com\/revista\/7-datos-que-ya-sabias-o-quiza-no-sobre-el-gran-jaguar-y-tikal\/\" title=\"Tikal: 7 datos que ya sab\u00edas (o quiz\u00e1 no) sobre el Templo I o Gran Jaguar\">Tikal: 7 datos que ya sab\u00edas (o quiz\u00e1 no) sobre el Templo I o Gran Jaguar<\/a><\/h2><\/header><div class=\"eael-entry-content\">\n                        <div class=\"eael-grid-post-excerpt\"><a href=\"https:\/\/soymigrante.com\/revista\/7-datos-que-ya-sabias-o-quiza-no-sobre-el-gran-jaguar-y-tikal\/\" class=\"eael-post-elements-readmore-btn\">CONOCE SU HISTORIA <\/a><\/div>\n                    <\/div><\/div><\/div>\n        <\/div>\n    <\/article><\/div>\n            <div class=\"clearfix\"><\/div>\n        <\/div>\t\t\t\t<\/div>\n\t\t\t\t\t<\/div>\n\t\t\t\t<\/div>\n\t\t\t\t<\/div>\n\t\t","protected":false},"excerpt":{"rendered":"<p>Hechos que marcan la historia: algunos son sucesos tradicionales y populares, otros son giros y eventos de hace d\u00e9cadas y siglos, pero todos forman parte de la memoria guatemalteca. Este viaje en el tiempo va desde lo m\u00e1s reciente a lo m\u00e1s antiguo. 2005 31 de diciembre de 2005: Se prohibe la venta de silbadores [&hellip;]<\/p>\n","protected":false},"author":7,"featured_media":16677,"comment_status":"open","ping_status":"open","sticky":false,"template":"","format":"standard","meta":{"_acf_changed":false,"_eb_attr":"","footnotes":""},"categories":[58],"tags":[],"class_list":["post-15156","post","type-post","status-publish","format-standard","has-post-thumbnail","hentry","category-guate-nuestra"],"acf":[],"aioseo_notices":[],"aioseo_head":"\n\t\t<!-- All in One SEO Pro 4.9.6.2 - aioseo.com -->\n\t<meta name=\"description\" content=\"\u00cdcono mundial, Patrimonio Cultural de la Humanidad de la Humanidad desde 1979, Tikal a\u00fan refleja la magnificencia maya prehisp\u00e1nica e inspira recuerdos en muchos migrantes guatemaltecos. El Templo I de Tikal, m\u00e1s conocido como El Gran Jaguar, es uno de los \u00edconos mundiales de Guatemala y de la legendaria ciudad maya, enclavada en el centro\" \/>\n\t<meta name=\"robots\" content=\"max-snippet:-1, max-image-preview:large, max-video-preview:-1\" \/>\n\t<meta name=\"author\" content=\"Gustavo Montenegro\"\/>\n\t<link rel=\"canonical\" href=\"https:\/\/soymigrante.com\/revista\/7-datos-que-ya-sabias-o-quiza-no-sobre-el-gran-jaguar-y-tikal\/\" \/>\n\t<meta name=\"generator\" content=\"All in One SEO Pro (AIOSEO) 4.9.6.2\" \/>\n\n\t\t<link rel=\"preconnect\" href=\"https:\/\/fonts.googleapis.com\" crossorigin>\n<link rel=\"preconnect\" href=\"https:\/\/fonts.gstatic.com\" crossorigin>\n\t\t<meta property=\"og:locale\" content=\"es_ES\" \/>\n\t\t<meta property=\"og:site_name\" content=\"SoyMigrante.com REVISTA \u2013 Nuestra misi\u00f3n es reconocer y dignificar al migrante.\" \/>\n\t\t<meta property=\"og:type\" content=\"article\" \/>\n\t\t<meta property=\"og:title\" content=\"Tikal: 7 datos que ya sab\u00edas (o quiz\u00e1 no) sobre el Templo I o Gran Jaguar\" \/>\n\t\t<meta property=\"og:description\" content=\"\u00cdcono mundial, Patrimonio Cultural de la Humanidad de la Humanidad desde 1979, Tikal a\u00fan refleja la magnificencia maya prehisp\u00e1nica e inspira recuerdos en muchos migrantes guatemaltecos. El Templo I de Tikal, m\u00e1s conocido como El Gran Jaguar, es uno de los \u00edconos mundiales de Guatemala y de la legendaria ciudad maya, enclavada en el centro\" \/>\n\t\t<meta property=\"og:url\" content=\"https:\/\/soymigrante.com\/revista\/7-datos-que-ya-sabias-o-quiza-no-sobre-el-gran-jaguar-y-tikal\/\" \/>\n\t\t<meta property=\"og:image\" content=\"https:\/\/soymigrante.com\/revista\/wp-content\/uploads\/2023\/06\/Captura-de-pantalla-2023-06-21-143338.webp\" \/>\n\t\t<meta property=\"og:image:secure_url\" content=\"https:\/\/soymigrante.com\/revista\/wp-content\/uploads\/2023\/06\/Captura-de-pantalla-2023-06-21-143338.webp\" \/>\n\t\t<meta property=\"og:image:width\" content=\"1427\" \/>\n\t\t<meta property=\"og:image:height\" content=\"662\" \/>\n\t\t<meta property=\"article:published_time\" content=\"2023-06-22T20:28:51+00:00\" \/>\n\t\t<meta property=\"article:modified_time\" content=\"2025-09-15T23:22:23+00:00\" \/>\n\t\t<meta property=\"article:publisher\" content=\"https:\/\/www.facebook.com\/soymigrantecom\" \/>\n\t\t<meta name=\"twitter:card\" content=\"summary_large_image\" \/>\n\t\t<meta name=\"twitter:site\" content=\"@SoyMigrante_com\" \/>\n\t\t<meta name=\"twitter:title\" content=\"Tikal: 7 datos que ya sab\u00edas (o quiz\u00e1 no) sobre el Templo I o Gran Jaguar\" \/>\n\t\t<meta name=\"twitter:description\" content=\"\u00cdcono mundial, Patrimonio Cultural de la Humanidad de la Humanidad desde 1979, Tikal a\u00fan refleja la magnificencia maya prehisp\u00e1nica e inspira recuerdos en muchos migrantes guatemaltecos. El Templo I de Tikal, m\u00e1s conocido como El Gran Jaguar, es uno de los \u00edconos mundiales de Guatemala y de la legendaria ciudad maya, enclavada en el centro\" \/>\n\t\t<meta name=\"twitter:creator\" content=\"@SoyMigrante_com\" \/>\n\t\t<meta name=\"twitter:image\" content=\"https:\/\/soymigrante.com\/revista\/wp-content\/uploads\/2023\/06\/Captura-de-pantalla-2023-06-21-143338.webp\" \/>\n\t\t<!-- All in One SEO Pro -->\r\n\t\t<title>Tikal: 7 datos que ya sab\u00edas (o quiz\u00e1 no) sobre el Templo I o Gran Jaguar<\/title>\n\n","aioseo_head_json":{"title":"Tikal: 7 datos que ya sab\u00edas (o quiz\u00e1 no) sobre el Templo I o Gran Jaguar","description":"\u00cdcono mundial, Patrimonio Cultural de la Humanidad de la Humanidad desde 1979, Tikal a\u00fan refleja la magnificencia maya prehisp\u00e1nica e inspira recuerdos en muchos migrantes guatemaltecos. El Templo I de Tikal, m\u00e1s conocido como El Gran Jaguar, es uno de los \u00edconos mundiales de Guatemala y de la legendaria ciudad maya, enclavada en el centro","canonical_url":"https:\/\/soymigrante.com\/revista\/7-datos-que-ya-sabias-o-quiza-no-sobre-el-gran-jaguar-y-tikal\/","robots":"max-snippet:-1, max-image-preview:large, max-video-preview:-1","keywords":"","webmasterTools":{"miscellaneous":"&lt;link rel=\"preconnect\" href=\"https:\/\/fonts.googleapis.com\" crossorigin&gt;\n&lt;link rel=\"preconnect\" href=\"https:\/\/fonts.gstatic.com\" crossorigin&gt;"},"schema":null,"og:locale":"es_ES","og:site_name":"SoyMigrante.com REVISTA \u2013 Nuestra misi\u00f3n es reconocer y dignificar al migrante.","og:type":"article","og:title":"Tikal: 7 datos que ya sab\u00edas (o quiz\u00e1 no) sobre el Templo I o Gran Jaguar","og:description":"\u00cdcono mundial, Patrimonio Cultural de la Humanidad de la Humanidad desde 1979, Tikal a\u00fan refleja la magnificencia maya prehisp\u00e1nica e inspira recuerdos en muchos migrantes guatemaltecos. El Templo I de Tikal, m\u00e1s conocido como El Gran Jaguar, es uno de los \u00edconos mundiales de Guatemala y de la legendaria ciudad maya, enclavada en el centro","og:url":"https:\/\/soymigrante.com\/revista\/7-datos-que-ya-sabias-o-quiza-no-sobre-el-gran-jaguar-y-tikal\/","og:image":"https:\/\/soymigrante.com\/revista\/wp-content\/uploads\/2023\/06\/Captura-de-pantalla-2023-06-21-143338.webp","og:image:secure_url":"https:\/\/soymigrante.com\/revista\/wp-content\/uploads\/2023\/06\/Captura-de-pantalla-2023-06-21-143338.webp","og:image:width":1427,"og:image:height":662,"article:published_time":"2023-06-22T20:28:51+00:00","article:modified_time":"2025-09-15T23:22:23+00:00","article:publisher":"https:\/\/www.facebook.com\/soymigrantecom","twitter:card":"summary_large_image","twitter:site":"@SoyMigrante_com","twitter:title":"Tikal: 7 datos que ya sab\u00edas (o quiz\u00e1 no) sobre el Templo I o Gran Jaguar","twitter:description":"\u00cdcono mundial, Patrimonio Cultural de la Humanidad de la Humanidad desde 1979, Tikal a\u00fan refleja la magnificencia maya prehisp\u00e1nica e inspira recuerdos en muchos migrantes guatemaltecos. El Templo I de Tikal, m\u00e1s conocido como El Gran Jaguar, es uno de los \u00edconos mundiales de Guatemala y de la legendaria ciudad maya, enclavada en el centro","twitter:creator":"@SoyMigrante_com","twitter:image":"https:\/\/soymigrante.com\/revista\/wp-content\/uploads\/2023\/06\/Captura-de-pantalla-2023-06-21-143338.webp"},"aioseo_meta_data":{"post_id":"15156","title":"Hechos hist\u00f3ricos ocurridos durante un diciembre en Guatemala","description":"Quiz\u00e1 recuerdas alguno de estos hechos o quiz\u00e1 no. Todos ocurrieron durante un mes de diciembre y son parte de la historia e identidad guatemalteca. Con\u00f3celos.","keywords":null,"keyphrases":{"focus":{"keyphrase":"Guatemala","score":74,"analysis":{"keyphraseInTitle":{"score":9,"maxScore":9,"error":0},"keyphraseInDescription":{"score":3,"maxScore":9,"error":1},"keyphraseLength":{"score":9,"maxScore":9,"error":0,"length":1},"keyphraseInURL":{"score":5,"maxScore":5,"error":0},"keyphraseInIntroduction":{"score":3,"maxScore":9,"error":1},"keyphraseInSubHeadings":{"score":3,"maxScore":9,"error":1},"keyphraseInImageAlt":{"score":9,"maxScore":9,"error":0},"keywordDensity":{"type":"best","score":9,"maxScore":9,"error":0}}},"additional":[{"keyphrase":"Historia","score":53,"analysis":{"keyphraseInDescription":{"score":9,"maxScore":9,"error":0},"keyphraseLength":{"score":9,"maxScore":9,"error":0,"length":1},"keyphraseInIntroduction":{"score":3,"maxScore":9,"error":1},"keyphraseInImageAlt":{"score":3,"maxScore":9,"error":1},"keywordDensity":{"score":0,"type":"low","maxScore":9,"error":1}}},{"keyphrase":"Memoria","score":40,"analysis":{"keyphraseInDescription":{"score":3,"maxScore":9,"error":1},"keyphraseLength":{"score":9,"maxScore":9,"error":0,"length":1},"keyphraseInIntroduction":{"score":3,"maxScore":9,"error":1},"keyphraseInImageAlt":{"score":3,"maxScore":9,"error":1},"keywordDensity":{"score":0,"type":"low","maxScore":9,"error":1}}}]},"primary_term":null,"canonical_url":null,"og_title":null,"og_description":null,"og_object_type":"default","og_image_type":"default","og_image_url":null,"og_image_width":null,"og_image_height":null,"og_image_custom_url":null,"og_image_custom_fields":null,"og_video":"","og_custom_url":null,"og_article_section":null,"og_article_tags":null,"twitter_use_og":false,"twitter_card":"default","twitter_image_type":"default","twitter_image_url":null,"twitter_image_custom_url":null,"twitter_image_custom_fields":null,"twitter_title":null,"twitter_description":null,"schema":{"blockGraphs":[],"customGraphs":[],"default":{"data":{"Article":[],"Course":[],"Dataset":[],"FAQPage":[],"Movie":[],"Person":[],"Product":[],"ProductReview":[],"Car":[],"Recipe":[],"Service":[],"SoftwareApplication":[],"WebPage":[]},"graphName":"Article","isEnabled":true},"graphs":[]},"schema_type":"default","schema_type_options":null,"pillar_content":false,"robots_default":true,"robots_noindex":false,"robots_noarchive":false,"robots_nosnippet":false,"robots_nofollow":false,"robots_noimageindex":false,"robots_noodp":false,"robots_notranslate":false,"robots_max_snippet":"-1","robots_max_videopreview":"-1","robots_max_imagepreview":"large","priority":null,"frequency":"default","local_seo":null,"seo_analyzer_scan_date":"2025-10-09 01:03:01","breadcrumb_settings":null,"limit_modified_date":false,"reviewed_by":null,"open_ai":"{\"title\":{\"suggestions\":[],\"usage\":0},\"description\":{\"suggestions\":[],\"usage\":0}}","ai":null,"created":"2024-11-30 20:05:15","updated":"2026-02-04 18:27:03"},"aioseo_breadcrumb":"<div class=\"aioseo-breadcrumbs\"><span class=\"aioseo-breadcrumb\">\n\t<a href=\"https:\/\/soymigrante.com\/revista\" title=\"Home\">Home<\/a>\n<\/span><span class=\"aioseo-breadcrumb-separator\">\u00bb<\/span><span class=\"aioseo-breadcrumb\">\n\t<a href=\"https:\/\/soymigrante.com\/revista\/category\/guate-nuestra\/\" title=\"Guate Nuestra\">Guate Nuestra<\/a>\n<\/span><span class=\"aioseo-breadcrumb-separator\">\u00bb<\/span><span class=\"aioseo-breadcrumb\">\n\tOcurri\u00f3 durante un diciembre en Guatemala: hechos que quiz\u00e1 ya conoc\u00edas o tal vez no. Compru\u00e9balo\n<\/span><\/div>","aioseo_breadcrumb_json":[{"label":"Home","link":"https:\/\/soymigrante.com\/revista"},{"label":"Guate Nuestra","link":"https:\/\/soymigrante.com\/revista\/category\/guate-nuestra\/"},{"label":"Ocurri\u00f3 durante un diciembre en Guatemala: hechos que quiz\u00e1 ya conoc\u00edas o tal vez no. Compru\u00e9balo","link":"https:\/\/soymigrante.com\/revista\/sucedio-en-guatemala-en-un-diciembre-quiza-lo-recuerdas-quiza-no\/"}],"_links":{"self":[{"href":"https:\/\/soymigrante.com\/revista\/wp-json\/wp\/v2\/posts\/15156","targetHints":{"allow":["GET"]}}],"collection":[{"href":"https:\/\/soymigrante.com\/revista\/wp-json\/wp\/v2\/posts"}],"about":[{"href":"https:\/\/soymigrante.com\/revista\/wp-json\/wp\/v2\/types\/post"}],"author":[{"embeddable":true,"href":"https:\/\/soymigrante.com\/revista\/wp-json\/wp\/v2\/users\/7"}],"replies":[{"embeddable":true,"href":"https:\/\/soymigrante.com\/revista\/wp-json\/wp\/v2\/comments?post=15156"}],"version-history":[{"count":0,"href":"https:\/\/soymigrante.com\/revista\/wp-json\/wp\/v2\/posts\/15156\/revisions"}],"wp:featuredmedia":[{"embeddable":true,"href":"https:\/\/soymigrante.com\/revista\/wp-json\/wp\/v2\/media\/16677"}],"wp:attachment":[{"href":"https:\/\/soymigrante.com\/revista\/wp-json\/wp\/v2\/media?parent=15156"}],"wp:term":[{"taxonomy":"category","embeddable":true,"href":"https:\/\/soymigrante.com\/revista\/wp-json\/wp\/v2\/categories?post=15156"},{"taxonomy":"post_tag","embeddable":true,"href":"https:\/\/soymigrante.com\/revista\/wp-json\/wp\/v2\/tags?post=15156"}],"curies":[{"name":"wp","href":"https:\/\/api.w.org\/{rel}","templated":true}]}}