{"id":1507,"date":"2023-06-20T21:44:30","date_gmt":"2023-06-20T21:44:30","guid":{"rendered":"https:\/\/soymigrante.com\/revista\/?p=1507"},"modified":"2024-07-31T15:37:12","modified_gmt":"2024-07-31T21:37:12","slug":"estados-unidos-amplia-tps-para-migrantes-de-3-paises-y-guatemaltecos-siguen-sin-lograr-ese-beneficio","status":"publish","type":"post","link":"https:\/\/soymigrante.com\/revista\/estados-unidos-amplia-tps-para-migrantes-de-3-paises-y-guatemaltecos-siguen-sin-lograr-ese-beneficio\/","title":{"rendered":"Estados Unidos ampl\u00eda TPS a migrantes de 3 pa\u00edses pero Guatemala sigue sin ese beneficio"},"content":{"rendered":"\t\t<div data-elementor-type=\"wp-post\" data-elementor-id=\"1507\" class=\"elementor elementor-1507\" data-elementor-post-type=\"post\">\n\t\t\t\t\t\t<section data-particle_enable=\"false\" data-particle-mobile-disabled=\"false\" class=\"elementor-section elementor-top-section elementor-element elementor-element-f07ebcc elementor-section-boxed elementor-section-height-default elementor-section-height-default\" data-id=\"f07ebcc\" data-element_type=\"section\" data-e-type=\"section\">\n\t\t\t\t\t\t<div class=\"elementor-container elementor-column-gap-default\">\n\t\t\t\t\t<div class=\"elementor-column elementor-col-100 elementor-top-column elementor-element elementor-element-43d1718\" data-id=\"43d1718\" data-element_type=\"column\" data-e-type=\"column\">\n\t\t\t<div class=\"elementor-widget-wrap elementor-element-populated\">\n\t\t\t\t\t\t<div class=\"elementor-element elementor-element-aad8886 elementor-widget elementor-widget-heading\" data-id=\"aad8886\" data-element_type=\"widget\" data-e-type=\"widget\" data-widget_type=\"heading.default\">\n\t\t\t\t\t<h1 class=\"elementor-heading-title elementor-size-default\">Gobierno de Joe Biden extiende beneficio a migrantes de El Salvador, Honduras, Nicaragua y Nepal, pero Guatemala sigue sin recibirlo pese a m\u00faltiples peticiones.<\/h1>\t\t\t\t<\/div>\n\t\t\t\t\t<\/div>\n\t\t<\/div>\n\t\t\t\t\t<\/div>\n\t\t<\/section>\n\t\t\t\t<section data-particle_enable=\"false\" data-particle-mobile-disabled=\"false\" class=\"elementor-section elementor-top-section elementor-element elementor-element-0479e6e elementor-section-boxed elementor-section-height-default elementor-section-height-default\" data-id=\"0479e6e\" data-element_type=\"section\" data-e-type=\"section\">\n\t\t\t\t\t\t<div class=\"elementor-container elementor-column-gap-default\">\n\t\t\t\t\t<div class=\"elementor-column elementor-col-100 elementor-top-column elementor-element elementor-element-b2d0365\" data-id=\"b2d0365\" data-element_type=\"column\" data-e-type=\"column\">\n\t\t\t<div class=\"elementor-widget-wrap elementor-element-populated\">\n\t\t\t\t\t\t<div class=\"elementor-element elementor-element-e0d7247 elementor-widget elementor-widget-text-editor\" data-id=\"e0d7247\" data-element_type=\"widget\" data-e-type=\"widget\" data-widget_type=\"text-editor.default\">\n\t\t\t\t\t\t\t\t\t<p><strong>Por Fernando Castro, analista migratorio guatemalteco<\/strong><\/p>\n<p>El gobierno de Estados Unidos, a trav\u00e9s del&nbsp; Departamento de Seguridad Nacional ampli\u00f3 por 18 meses el beneficio del Estatuto de Protecci\u00f3n Temporal (TPS por sus siglas en ingl\u00e9s) para beneficiarios de El Salvador, Honduras y Nicaragua pero nunca lo ha otorgado Guatemala. El anuncio tuvo lugar el 13 de junio \u00faltimo.<\/p>\n<p><span style=\"color: var( --e-global-color-text ); background-color: var(--ak-bg-color);\">La administraci\u00f3n Trump hab\u00eda ordenado una rescisi\u00f3n del beneficio, pero fue suspendida por el gobierno de Joe Biden. Los beneficiarios son ciudadanos de los tres pa\u00edses ya&nbsp; &nbsp;presentes en los Estados Unidos y no pueden regresar debido a los impactos de desastres ambientales.<\/span><span style=\"color: var( --e-global-color-text ); background-color: var(--ak-bg-color);\">.<\/span><\/p>\t\t\t\t\t\t\t\t<\/div>\n\t\t\t\t\t<\/div>\n\t\t<\/div>\n\t\t\t\t\t<\/div>\n\t\t<\/section>\n\t\t\t\t<section data-particle_enable=\"false\" data-particle-mobile-disabled=\"false\" class=\"elementor-section elementor-top-section elementor-element elementor-element-fa71286 elementor-section-boxed elementor-section-height-default elementor-section-height-default\" data-id=\"fa71286\" data-element_type=\"section\" data-e-type=\"section\">\n\t\t\t\t\t\t<div class=\"elementor-container elementor-column-gap-default\">\n\t\t\t\t\t<div class=\"elementor-column elementor-col-100 elementor-top-column elementor-element elementor-element-cf1f3bd\" data-id=\"cf1f3bd\" data-element_type=\"column\" data-e-type=\"column\">\n\t\t\t<div class=\"elementor-widget-wrap elementor-element-populated\">\n\t\t\t\t\t\t<div class=\"elementor-element elementor-element-dc112b3 elementor-widget elementor-widget-image\" data-id=\"dc112b3\" data-element_type=\"widget\" data-e-type=\"widget\" data-widget_type=\"image.default\">\n\t\t\t\t\t\t\t\t\t\t\t\t<figure class=\"wp-caption\">\n\t\t\t\t\t\t\t\t\t\t<img fetchpriority=\"high\" decoding=\"async\" width=\"768\" height=\"497\" src=\"https:\/\/soymigrante.com\/revista\/wp-content\/uploads\/2023\/06\/344207625_703736218176209_9089766229247622247_n-1024x662.webp\" class=\"attachment-large size-large wp-image-1513\" alt=\"Entidades no gubernamentales como National TPS Alliance, Central Am\u00e9rican Resource Center y la Red Nacional de Trabajadores Diurnos, NDLON, han efectuado campa\u00f1as en favor del TPS para varios pa\u00edses, incluyendo a Guatemala. Afiche publicado en redes sociales.\" srcset=\"https:\/\/soymigrante.com\/revista\/wp-content\/uploads\/2023\/06\/344207625_703736218176209_9089766229247622247_n-1024x662.webp 1024w, https:\/\/soymigrante.com\/revista\/wp-content\/uploads\/2023\/06\/344207625_703736218176209_9089766229247622247_n-300x194.webp 300w, https:\/\/soymigrante.com\/revista\/wp-content\/uploads\/2023\/06\/344207625_703736218176209_9089766229247622247_n-768x497.webp 768w, https:\/\/soymigrante.com\/revista\/wp-content\/uploads\/2023\/06\/344207625_703736218176209_9089766229247622247_n-1536x994.webp 1536w, https:\/\/soymigrante.com\/revista\/wp-content\/uploads\/2023\/06\/344207625_703736218176209_9089766229247622247_n-750x485.webp 750w, https:\/\/soymigrante.com\/revista\/wp-content\/uploads\/2023\/06\/344207625_703736218176209_9089766229247622247_n-1140x737.webp 1140w, https:\/\/soymigrante.com\/revista\/wp-content\/uploads\/2023\/06\/344207625_703736218176209_9089766229247622247_n.webp 1600w\" sizes=\"(max-width: 768px) 100vw, 768px\" title=\"Entidades no gubernamentales como National TPS Alliance, Central Am\u00e9rican Resource Center y la Red Nacional de Trabajadores Diurnos, NDLON, han efectuado campa\u00f1as en favor del TPS para varios pa\u00edses, incluyendo a Guatemala. Afiche publicado en redes sociales. \u2013 SoyMigrante.com REVISTA\" \/>\t\t\t\t\t\t\t\t\t\t\t<figcaption class=\"widget-image-caption wp-caption-text\">Entidades no gubernamentales como National TPS Alliance, Central Am\u00e9rican Resource Center y la Red Nacional de Trabajadores Diurnos, NDLON, han efectuado campa\u00f1as en favor del TPS para varios pa\u00edses, incluyendo a Guatemala. Afiche publicado en redes sociales.<\/figcaption>\n\t\t\t\t\t\t\t\t\t\t<\/figure>\n\t\t\t\t\t\t\t\t\t<\/div>\n\t\t\t\t\t<\/div>\n\t\t<\/div>\n\t\t\t\t\t<\/div>\n\t\t<\/section>\n\t\t\t\t<section data-particle_enable=\"false\" data-particle-mobile-disabled=\"false\" class=\"elementor-section elementor-top-section elementor-element elementor-element-074e620 elementor-section-boxed elementor-section-height-default elementor-section-height-default\" data-id=\"074e620\" data-element_type=\"section\" data-e-type=\"section\">\n\t\t\t\t\t\t<div class=\"elementor-container elementor-column-gap-default\">\n\t\t\t\t\t<div class=\"elementor-column elementor-col-100 elementor-top-column elementor-element elementor-element-43f44fb\" data-id=\"43f44fb\" data-element_type=\"column\" data-e-type=\"column\">\n\t\t\t<div class=\"elementor-widget-wrap elementor-element-populated\">\n\t\t\t\t\t\t<div class=\"elementor-element elementor-element-c3c49a7 elementor-widget elementor-widget-heading\" data-id=\"c3c49a7\" data-element_type=\"widget\" data-e-type=\"widget\" data-widget_type=\"heading.default\">\n\t\t\t\t\t<h2 class=\"elementor-heading-title elementor-size-default\">Beneficio extendido hasta 2025 <\/h2>\t\t\t\t<\/div>\n\t\t\t\t\t<\/div>\n\t\t<\/div>\n\t\t\t\t\t<\/div>\n\t\t<\/section>\n\t\t\t\t<section data-particle_enable=\"false\" data-particle-mobile-disabled=\"false\" class=\"elementor-section elementor-top-section elementor-element elementor-element-29af244 elementor-section-boxed elementor-section-height-default elementor-section-height-default\" data-id=\"29af244\" data-element_type=\"section\" data-e-type=\"section\">\n\t\t\t\t\t\t<div class=\"elementor-container elementor-column-gap-default\">\n\t\t\t\t\t<div class=\"elementor-column elementor-col-100 elementor-top-column elementor-element elementor-element-a72028e\" data-id=\"a72028e\" data-element_type=\"column\" data-e-type=\"column\">\n\t\t\t<div class=\"elementor-widget-wrap elementor-element-populated\">\n\t\t\t\t\t\t<div class=\"elementor-element elementor-element-d04db44 elementor-widget elementor-widget-text-editor\" data-id=\"d04db44\" data-element_type=\"widget\" data-e-type=\"widget\" data-widget_type=\"text-editor.default\">\n\t\t\t\t\t\t\t\t\t<p><span style=\"background-color: var(--ak-bg-color);\">Los avisos se publicar\u00e1n en el Registro Federal pr\u00f3ximamente, en d\u00f3nde se explicar\u00e1n los criterios de elegibilidad, los plazos y los procedimientos necesarios para que los actuales beneficiarios, realicen el registro nuevamente para optar al TPS y con ello renueven la documentaci\u00f3n de autorizaci\u00f3n de empleo EAD.<\/span><\/p><p><span style=\"color: var( --e-global-color-text ); background-color: var(--ak-bg-color);\">Las personas que llegaron a los Estados Unidos posterior a las fechas de residencia continua para estas designaciones, no son elegibles para el TPS. Y si ingresaron o ingresan sin autorizaci\u00f3n legal y no tienen una base legal para permanecer en los Estados Unidos, estar\u00e1n sujetas a expulsi\u00f3n.<\/span><\/p><p><span style=\"color: var( --e-global-color-text ); background-color: var(--ak-bg-color);\">Las&nbsp; fechas de residencia continua son el 13 de febrero de 2001 para El Salvador; 30 de diciembre de 1998, para Honduras y Nicaragua. Ello debido a que este TPS fue otorgado a ra\u00edz del desastre por el hurac\u00e1n Mitch, ocurrido en noviembre de 1998.<\/span><\/p>\t\t\t\t\t\t\t\t<\/div>\n\t\t\t\t\t<\/div>\n\t\t<\/div>\n\t\t\t\t\t<\/div>\n\t\t<\/section>\n\t\t\t\t<section data-particle_enable=\"false\" data-particle-mobile-disabled=\"false\" class=\"elementor-section elementor-top-section elementor-element elementor-element-d173344 elementor-section-boxed elementor-section-height-default elementor-section-height-default\" data-id=\"d173344\" data-element_type=\"section\" data-e-type=\"section\">\n\t\t\t\t\t\t<div class=\"elementor-container elementor-column-gap-default\">\n\t\t\t\t\t<div class=\"elementor-column elementor-col-100 elementor-top-column elementor-element elementor-element-36057f8\" data-id=\"36057f8\" data-element_type=\"column\" data-e-type=\"column\">\n\t\t\t<div class=\"elementor-widget-wrap elementor-element-populated\">\n\t\t\t\t\t\t<div class=\"elementor-element elementor-element-218f1b8 elementor-widget elementor-widget-image\" data-id=\"218f1b8\" data-element_type=\"widget\" data-e-type=\"widget\" data-widget_type=\"image.default\">\n\t\t\t\t\t\t\t\t\t\t\t\t\t\t\t<img decoding=\"async\" width=\"768\" height=\"503\" src=\"https:\/\/soymigrante.com\/revista\/wp-content\/uploads\/2023\/06\/Captura-de-pantalla-2023-06-20-145823-1024x670.webp\" class=\"attachment-large size-large wp-image-1514\" alt=\"Las campa\u00f1as de los &quot;Tepesianos&quot; (en alusi\u00f3n a las siglas TPS) han sido constantes este a\u00f1o ante la amenaza de finalizaci\u00f3n del beneficio. Las entidades NATPS, NDLON y Carecen piden protecci\u00f3n para m\u00e1s pa\u00edses incluyendo Guatemala.\" srcset=\"https:\/\/soymigrante.com\/revista\/wp-content\/uploads\/2023\/06\/Captura-de-pantalla-2023-06-20-145823-1024x670.webp 1024w, https:\/\/soymigrante.com\/revista\/wp-content\/uploads\/2023\/06\/Captura-de-pantalla-2023-06-20-145823-300x196.webp 300w, https:\/\/soymigrante.com\/revista\/wp-content\/uploads\/2023\/06\/Captura-de-pantalla-2023-06-20-145823-768x502.webp 768w, https:\/\/soymigrante.com\/revista\/wp-content\/uploads\/2023\/06\/Captura-de-pantalla-2023-06-20-145823-750x491.webp 750w, https:\/\/soymigrante.com\/revista\/wp-content\/uploads\/2023\/06\/Captura-de-pantalla-2023-06-20-145823-1140x746.webp 1140w, https:\/\/soymigrante.com\/revista\/wp-content\/uploads\/2023\/06\/Captura-de-pantalla-2023-06-20-145823.webp 1177w\" sizes=\"(max-width: 768px) 100vw, 768px\" title=\"Las campa\u00f1as de los &quot;Tepesianos&quot; (en alusi\u00f3n a las siglas TPS) han sido constantes este a\u00f1o ante la amenaza de finalizaci\u00f3n del beneficio. Las entidades NATPS, NDLON y Carecen piden protecci\u00f3n para m\u00e1s pa\u00edses incluyendo Guatemala. \u2013 SoyMigrante.com REVISTA\" \/>\t\t\t\t\t\t\t\t\t\t\t\t\t\t\t<\/div>\n\t\t\t\t\t<\/div>\n\t\t<\/div>\n\t\t\t\t\t<\/div>\n\t\t<\/section>\n\t\t\t\t<section data-particle_enable=\"false\" data-particle-mobile-disabled=\"false\" class=\"elementor-section elementor-top-section elementor-element elementor-element-1ad2bec elementor-section-boxed elementor-section-height-default elementor-section-height-default\" data-id=\"1ad2bec\" data-element_type=\"section\" data-e-type=\"section\">\n\t\t\t\t\t\t<div class=\"elementor-container elementor-column-gap-default\">\n\t\t\t\t\t<div class=\"elementor-column elementor-col-100 elementor-top-column elementor-element elementor-element-7003733\" data-id=\"7003733\" data-element_type=\"column\" data-e-type=\"column\">\n\t\t\t<div class=\"elementor-widget-wrap elementor-element-populated\">\n\t\t\t\t\t\t<div class=\"elementor-element elementor-element-becb5a9 elementor-widget elementor-widget-text-editor\" data-id=\"becb5a9\" data-element_type=\"widget\" data-e-type=\"widget\" data-widget_type=\"text-editor.default\">\n\t\t\t\t\t\t\t\t\t<p><span style=\"background-color: var(--ak-bg-color);\">La nueva extensi\u00f3n permite que aproximadamente 239,000 salvadore\u00f1os beneficiarios actuales del Estatuto de Protecci\u00f3n Temporal TPS, se vuelvan a registrar para retener TPS hasta el 9 de marzo de 2025. Para el caso de Honduras son alrededor de 76,000 personas las beneficiarias. En cuanto a los nicarag\u00fcenses ser\u00edan unos 4 mil beneficiarios.\u00a0<\/span><\/p><div><span style=\"color: var( --e-global-color-text ); background-color: var(--ak-bg-color);\">\u00a0<\/span><\/div>\t\t\t\t\t\t\t\t<\/div>\n\t\t\t\t\t<\/div>\n\t\t<\/div>\n\t\t\t\t\t<\/div>\n\t\t<\/section>\n\t\t\t\t<section data-particle_enable=\"false\" data-particle-mobile-disabled=\"false\" class=\"elementor-section elementor-top-section elementor-element elementor-element-664e7da elementor-section-boxed elementor-section-height-default elementor-section-height-default\" data-id=\"664e7da\" data-element_type=\"section\" data-e-type=\"section\">\n\t\t\t\t\t\t<div class=\"elementor-container elementor-column-gap-default\">\n\t\t\t\t\t<div class=\"elementor-column elementor-col-100 elementor-top-column elementor-element elementor-element-fb8b859\" data-id=\"fb8b859\" data-element_type=\"column\" data-e-type=\"column\">\n\t\t\t<div class=\"elementor-widget-wrap elementor-element-populated\">\n\t\t\t\t\t\t<div class=\"elementor-element elementor-element-903d722 elementor-widget elementor-widget-heading\" data-id=\"903d722\" data-element_type=\"widget\" data-e-type=\"widget\" data-widget_type=\"heading.default\">\n\t\t\t\t\t<h2 class=\"elementor-heading-title elementor-size-default\">Guatemala sigue sin recibirTPS<\/h2>\t\t\t\t<\/div>\n\t\t\t\t\t<\/div>\n\t\t<\/div>\n\t\t\t\t\t<\/div>\n\t\t<\/section>\n\t\t\t\t<section data-particle_enable=\"false\" data-particle-mobile-disabled=\"false\" class=\"elementor-section elementor-top-section elementor-element elementor-element-19c17e0 elementor-section-boxed elementor-section-height-default elementor-section-height-default\" data-id=\"19c17e0\" data-element_type=\"section\" data-e-type=\"section\">\n\t\t\t\t\t\t<div class=\"elementor-container elementor-column-gap-default\">\n\t\t\t\t\t<div class=\"elementor-column elementor-col-100 elementor-top-column elementor-element elementor-element-64af574\" data-id=\"64af574\" data-element_type=\"column\" data-e-type=\"column\">\n\t\t\t<div class=\"elementor-widget-wrap elementor-element-populated\">\n\t\t\t\t\t\t<div class=\"elementor-element elementor-element-3d4677b elementor-widget elementor-widget-text-editor\" data-id=\"3d4677b\" data-element_type=\"widget\" data-e-type=\"widget\" data-widget_type=\"text-editor.default\">\n\t\t\t\t\t\t\t\t\t<p><span style=\"color: var( --e-global-color-text ); background-color: var(--ak-bg-color);\">En el caso de Guatemala, se presentaron diferentes peticiones en las diferentes administraciones de gobiernos, dem\u00f3cratas y republicanas. En 1998 el gobierno de \u00c1lvaro Arz\u00fa declin\u00f3 efectuar el pedido de TPS.<\/span><\/p><p>Actualmete existen las causas para el otorgamiento de TPS para el pa\u00eds pues ha sido golpeado por varios fen\u00f3menos clim\u00e1ticos. Sin embargo impera la obligatoriedad de realizar cambios profundos, como combate a la corrupci\u00f3n y cooperaci\u00f3n incondicional, para que sea aprobado el otorgamiento.<\/p><p>Mientras tanto seguiremos pagando el pueblo de Guatemala, intermediarios ante el gobierno de EEUU, que no fructifican ni justifican el pago realizado, para obtener el anhelado TPS, un alto costo para un pueblo empobrecido por cada administraci\u00f3n que pasa en el gobierno.<\/p>\t\t\t\t\t\t\t\t<\/div>\n\t\t\t\t\t<\/div>\n\t\t<\/div>\n\t\t\t\t\t<\/div>\n\t\t<\/section>\n\t\t\t\t<section data-particle_enable=\"false\" data-particle-mobile-disabled=\"false\" class=\"elementor-section elementor-top-section elementor-element elementor-element-51821c6 elementor-section-boxed elementor-section-height-default elementor-section-height-default\" data-id=\"51821c6\" data-element_type=\"section\" data-e-type=\"section\">\n\t\t\t\t\t\t<div class=\"elementor-container elementor-column-gap-default\">\n\t\t\t\t\t<div class=\"elementor-column elementor-col-100 elementor-top-column elementor-element elementor-element-ba75d09\" data-id=\"ba75d09\" data-element_type=\"column\" data-e-type=\"column\">\n\t\t\t<div class=\"elementor-widget-wrap elementor-element-populated\">\n\t\t\t\t\t\t<div class=\"elementor-element elementor-element-0b9a9b3 elementor-widget elementor-widget-facebook-embed\" data-id=\"0b9a9b3\" data-element_type=\"widget\" data-e-type=\"widget\" data-widget_type=\"facebook-embed.default\">\n\t\t\t\t\t<div style=\"min-height: 1px\" class=\"elementor-facebook-widget fb-post\" data-href=\"https:\/\/www.facebook.com\/TPSAlliance\/videos\/159884260407259\/\" data-show-text=\"false\"><\/div>\t\t\t\t<\/div>\n\t\t\t\t\t<\/div>\n\t\t<\/div>\n\t\t\t\t\t<\/div>\n\t\t<\/section>\n\t\t\t\t<section data-particle_enable=\"false\" data-particle-mobile-disabled=\"false\" class=\"elementor-section elementor-top-section elementor-element elementor-element-7efc75a elementor-section-boxed elementor-section-height-default elementor-section-height-default\" data-id=\"7efc75a\" data-element_type=\"section\" data-e-type=\"section\">\n\t\t\t\t\t\t<div class=\"elementor-container elementor-column-gap-default\">\n\t\t\t\t\t<div class=\"elementor-column elementor-col-100 elementor-top-column elementor-element elementor-element-58aec66\" data-id=\"58aec66\" data-element_type=\"column\" data-e-type=\"column\">\n\t\t\t<div class=\"elementor-widget-wrap elementor-element-populated\">\n\t\t\t\t\t\t<div class=\"elementor-element elementor-element-6fc7eb0 elementor-widget elementor-widget-text-editor\" data-id=\"6fc7eb0\" data-element_type=\"widget\" data-e-type=\"widget\" data-widget_type=\"text-editor.default\">\n\t\t\t\t\t\t\t\t\t<p>Transmisi\u00f3n de una manifestaci\u00f3n de la TPS National Alliance frente a la Casa Blanca el 13 de junio \u00faltimo, tras el anuncio de la extensi\u00f3n del TPS a 3 pa\u00edses de Centro Am\u00e9rica.<\/p>\t\t\t\t\t\t\t\t<\/div>\n\t\t\t\t\t<\/div>\n\t\t<\/div>\n\t\t\t\t\t<\/div>\n\t\t<\/section>\n\t\t\t\t<\/div>\n\t\t","protected":false},"excerpt":{"rendered":"<p>Gobierno de Joe Biden extiende beneficio a migrantes de El Salvador, Honduras, Nicaragua y Nepal, pero Guatemala sigue sin recibirlo pese a m\u00faltiples peticiones. Por Fernando Castro, analista migratorio guatemalteco El gobierno de Estados Unidos, a trav\u00e9s del&nbsp; Departamento de Seguridad Nacional ampli\u00f3 por 18 meses el beneficio del Estatuto de Protecci\u00f3n Temporal (TPS por [&hellip;]<\/p>\n","protected":false},"author":1,"featured_media":1512,"comment_status":"open","ping_status":"open","sticky":false,"template":"","format":"standard","meta":{"_acf_changed":false,"_eb_attr":"","footnotes":""},"categories":[56],"tags":[],"class_list":["post-1507","post","type-post","status-publish","format-standard","has-post-thumbnail","hentry","category-lugar-de-voces"],"acf":[],"aioseo_notices":[],"aioseo_head":"\n\t\t<!-- All in One SEO Pro 4.9.6.2 - aioseo.com -->\n\t<meta name=\"description\" content=\"Gobierno de Joe Biden extiende beneficio de TPS a El Salvador, Honduras, Nicaragua y Nepal, pero Guatemala sigue sin recibirlo pese a m\u00faltiples peticiones\" \/>\n\t<meta name=\"robots\" content=\"max-snippet:-1, max-image-preview:large, max-video-preview:-1\" \/>\n\t<meta name=\"author\" content=\"SoyMigrante.com REVISTA\"\/>\n\t<link rel=\"canonical\" href=\"https:\/\/soymigrante.com\/revista\/estados-unidos-amplia-tps-para-migrantes-de-3-paises-y-guatemaltecos-siguen-sin-lograr-ese-beneficio\/\" \/>\n\t<meta name=\"generator\" content=\"All in One SEO Pro (AIOSEO) 4.9.6.2\" \/>\n\n\t\t<link rel=\"preconnect\" href=\"https:\/\/fonts.googleapis.com\" crossorigin>\n<link rel=\"preconnect\" href=\"https:\/\/fonts.gstatic.com\" crossorigin>\n\t\t<meta property=\"og:locale\" content=\"es_ES\" \/>\n\t\t<meta property=\"og:site_name\" content=\"SoyMigrante.com REVISTA \u2013 Nuestra misi\u00f3n es reconocer y dignificar al migrante.\" \/>\n\t\t<meta property=\"og:type\" content=\"article\" \/>\n\t\t<meta property=\"og:title\" content=\"Estados Unidos ampl\u00eda TPS a migrantes de 3 pa\u00edses pero Guatemala sigue sin ese beneficio\" \/>\n\t\t<meta property=\"og:description\" content=\"Gobierno de Joe Biden extiende beneficio de TPS a El Salvador, Honduras, Nicaragua y Nepal, pero Guatemala sigue sin recibirlo pese a m\u00faltiples peticiones\" \/>\n\t\t<meta property=\"og:url\" content=\"https:\/\/soymigrante.com\/revista\/estados-unidos-amplia-tps-para-migrantes-de-3-paises-y-guatemaltecos-siguen-sin-lograr-ese-beneficio\/\" \/>\n\t\t<meta property=\"og:image\" content=\"https:\/\/soymigrante.com\/revista\/wp-content\/uploads\/2023\/06\/guatemala-tps-2.webp\" \/>\n\t\t<meta property=\"og:image:secure_url\" content=\"https:\/\/soymigrante.com\/revista\/wp-content\/uploads\/2023\/06\/guatemala-tps-2.webp\" \/>\n\t\t<meta property=\"og:image:width\" content=\"751\" \/>\n\t\t<meta property=\"og:image:height\" content=\"417\" \/>\n\t\t<meta property=\"article:published_time\" content=\"2023-06-20T21:44:30+00:00\" \/>\n\t\t<meta property=\"article:modified_time\" content=\"2024-07-31T21:37:12+00:00\" \/>\n\t\t<meta property=\"article:publisher\" content=\"https:\/\/www.facebook.com\/soymigrantecom\" \/>\n\t\t<meta name=\"twitter:card\" content=\"summary_large_image\" \/>\n\t\t<meta name=\"twitter:site\" content=\"@SoyMigrante_com\" \/>\n\t\t<meta name=\"twitter:title\" content=\"Estados Unidos ampl\u00eda TPS a migrantes de 3 pa\u00edses pero Guatemala sigue sin ese beneficio\" \/>\n\t\t<meta name=\"twitter:description\" content=\"Gobierno de Joe Biden extiende beneficio de TPS a El Salvador, Honduras, Nicaragua y Nepal, pero Guatemala sigue sin recibirlo pese a m\u00faltiples peticiones\" \/>\n\t\t<meta name=\"twitter:creator\" content=\"@SoyMigrante_com\" \/>\n\t\t<meta name=\"twitter:image\" content=\"https:\/\/soymigrante.com\/revista\/wp-content\/uploads\/2023\/06\/guatemala-tps-2.webp\" \/>\n\t\t<!-- All in One SEO Pro -->\r\n\t\t<title>Estados Unidos ampl\u00eda TPS a migrantes de 3 pa\u00edses pero Guatemala sigue sin ese beneficio<\/title>\n\n","aioseo_head_json":{"title":"Estados Unidos ampl\u00eda TPS a migrantes de 3 pa\u00edses pero Guatemala sigue sin ese beneficio","description":"Gobierno de Joe Biden extiende beneficio de TPS a El Salvador, Honduras, Nicaragua y Nepal, pero Guatemala sigue sin recibirlo pese a m\u00faltiples peticiones","canonical_url":"https:\/\/soymigrante.com\/revista\/estados-unidos-amplia-tps-para-migrantes-de-3-paises-y-guatemaltecos-siguen-sin-lograr-ese-beneficio\/","robots":"max-snippet:-1, max-image-preview:large, max-video-preview:-1","keywords":"","webmasterTools":{"miscellaneous":"&lt;link rel=\"preconnect\" href=\"https:\/\/fonts.googleapis.com\" crossorigin&gt;\n&lt;link rel=\"preconnect\" href=\"https:\/\/fonts.gstatic.com\" crossorigin&gt;"},"schema":null,"og:locale":"es_ES","og:site_name":"SoyMigrante.com REVISTA \u2013 Nuestra misi\u00f3n es reconocer y dignificar al migrante.","og:type":"article","og:title":"Estados Unidos ampl\u00eda TPS a migrantes de 3 pa\u00edses pero Guatemala sigue sin ese beneficio","og:description":"Gobierno de Joe Biden extiende beneficio de TPS a El Salvador, Honduras, Nicaragua y Nepal, pero Guatemala sigue sin recibirlo pese a m\u00faltiples peticiones","og:url":"https:\/\/soymigrante.com\/revista\/estados-unidos-amplia-tps-para-migrantes-de-3-paises-y-guatemaltecos-siguen-sin-lograr-ese-beneficio\/","og:image":"https:\/\/soymigrante.com\/revista\/wp-content\/uploads\/2023\/06\/guatemala-tps-2.webp","og:image:secure_url":"https:\/\/soymigrante.com\/revista\/wp-content\/uploads\/2023\/06\/guatemala-tps-2.webp","og:image:width":751,"og:image:height":417,"article:published_time":"2023-06-20T21:44:30+00:00","article:modified_time":"2024-07-31T21:37:12+00:00","article:publisher":"https:\/\/www.facebook.com\/soymigrantecom","twitter:card":"summary_large_image","twitter:site":"@SoyMigrante_com","twitter:title":"Estados Unidos ampl\u00eda TPS a migrantes de 3 pa\u00edses pero Guatemala sigue sin ese beneficio","twitter:description":"Gobierno de Joe Biden extiende beneficio de TPS a El Salvador, Honduras, Nicaragua y Nepal, pero Guatemala sigue sin recibirlo pese a m\u00faltiples peticiones","twitter:creator":"@SoyMigrante_com","twitter:image":"https:\/\/soymigrante.com\/revista\/wp-content\/uploads\/2023\/06\/guatemala-tps-2.webp"},"aioseo_meta_data":{"post_id":"1507","title":null,"description":"Gobierno de Joe Biden extiende beneficio de TPS a El Salvador, Honduras, Nicaragua y Nepal, pero Guatemala sigue sin recibirlo pese a m\u00faltiples peticiones","keywords":null,"keyphrases":{"focus":{"keyphrase":"TPS","score":69,"analysis":{"keyphraseInTitle":{"score":9,"maxScore":9,"error":0},"keyphraseInDescription":{"score":9,"maxScore":9,"error":0},"keyphraseLength":{"score":9,"maxScore":9,"error":0,"length":1},"keyphraseInURL":{"score":5,"maxScore":5,"error":0},"keyphraseInIntroduction":{"score":3,"maxScore":9,"error":1},"keyphraseInSubHeadings":{"score":3,"maxScore":9,"error":1},"keyphraseInImageAlt":{"score":9,"maxScore":9,"error":0},"keywordDensity":{"type":"high","score":0,"maxScore":9,"error":1}}},"additional":[]},"primary_term":null,"canonical_url":null,"og_title":null,"og_description":null,"og_object_type":"default","og_image_type":"default","og_image_url":null,"og_image_width":null,"og_image_height":null,"og_image_custom_url":null,"og_image_custom_fields":null,"og_video":"","og_custom_url":null,"og_article_section":null,"og_article_tags":null,"twitter_use_og":false,"twitter_card":"default","twitter_image_type":"default","twitter_image_url":null,"twitter_image_custom_url":null,"twitter_image_custom_fields":null,"twitter_title":null,"twitter_description":null,"schema":{"blockGraphs":[],"customGraphs":[],"default":{"data":{"Article":[],"Course":[],"Dataset":[],"FAQPage":[],"Movie":[],"Person":[],"Product":[],"ProductReview":[],"Car":[],"Recipe":[],"Service":[],"SoftwareApplication":[],"WebPage":[]},"graphName":"Article","isEnabled":true},"graphs":[]},"schema_type":"default","schema_type_options":null,"pillar_content":false,"robots_default":true,"robots_noindex":false,"robots_noarchive":false,"robots_nosnippet":false,"robots_nofollow":false,"robots_noimageindex":false,"robots_noodp":false,"robots_notranslate":false,"robots_max_snippet":"-1","robots_max_videopreview":"-1","robots_max_imagepreview":"large","priority":null,"frequency":"default","local_seo":null,"seo_analyzer_scan_date":"2025-10-08 19:57:12","breadcrumb_settings":null,"limit_modified_date":false,"reviewed_by":null,"open_ai":"{\"title\":{\"suggestions\":[],\"usage\":0},\"description\":{\"suggestions\":[],\"usage\":0}}","ai":null,"created":"2023-08-18 13:39:03","updated":"2026-02-04 04:40:39"},"aioseo_breadcrumb":"<div class=\"aioseo-breadcrumbs\"><span class=\"aioseo-breadcrumb\">\n\t<a href=\"https:\/\/soymigrante.com\/revista\" title=\"Home\">Home<\/a>\n<\/span><span class=\"aioseo-breadcrumb-separator\">\u00bb<\/span><span class=\"aioseo-breadcrumb\">\n\t<a href=\"https:\/\/soymigrante.com\/revista\/category\/estamos-unidos\/\" title=\"Estamos Unidos\">Estamos Unidos<\/a>\n<\/span><span class=\"aioseo-breadcrumb-separator\">\u00bb<\/span><span class=\"aioseo-breadcrumb\">\n\t<a href=\"https:\/\/soymigrante.com\/revista\/category\/estamos-unidos\/lugar-de-voces\/\" title=\"Lugar de Voces\">Lugar de Voces<\/a>\n<\/span><span class=\"aioseo-breadcrumb-separator\">\u00bb<\/span><span class=\"aioseo-breadcrumb\">\n\tEstados Unidos ampl\u00eda TPS a migrantes de 3 pa\u00edses pero Guatemala sigue sin ese beneficio\n<\/span><\/div>","aioseo_breadcrumb_json":[{"label":"Home","link":"https:\/\/soymigrante.com\/revista"},{"label":"Estamos Unidos","link":"https:\/\/soymigrante.com\/revista\/category\/estamos-unidos\/"},{"label":"Lugar de Voces","link":"https:\/\/soymigrante.com\/revista\/category\/estamos-unidos\/lugar-de-voces\/"},{"label":"Estados Unidos ampl\u00eda TPS a migrantes de 3 pa\u00edses pero Guatemala sigue sin ese beneficio","link":"https:\/\/soymigrante.com\/revista\/estados-unidos-amplia-tps-para-migrantes-de-3-paises-y-guatemaltecos-siguen-sin-lograr-ese-beneficio\/"}],"_links":{"self":[{"href":"https:\/\/soymigrante.com\/revista\/wp-json\/wp\/v2\/posts\/1507","targetHints":{"allow":["GET"]}}],"collection":[{"href":"https:\/\/soymigrante.com\/revista\/wp-json\/wp\/v2\/posts"}],"about":[{"href":"https:\/\/soymigrante.com\/revista\/wp-json\/wp\/v2\/types\/post"}],"author":[{"embeddable":true,"href":"https:\/\/soymigrante.com\/revista\/wp-json\/wp\/v2\/users\/1"}],"replies":[{"embeddable":true,"href":"https:\/\/soymigrante.com\/revista\/wp-json\/wp\/v2\/comments?post=1507"}],"version-history":[{"count":0,"href":"https:\/\/soymigrante.com\/revista\/wp-json\/wp\/v2\/posts\/1507\/revisions"}],"wp:featuredmedia":[{"embeddable":true,"href":"https:\/\/soymigrante.com\/revista\/wp-json\/wp\/v2\/media\/1512"}],"wp:attachment":[{"href":"https:\/\/soymigrante.com\/revista\/wp-json\/wp\/v2\/media?parent=1507"}],"wp:term":[{"taxonomy":"category","embeddable":true,"href":"https:\/\/soymigrante.com\/revista\/wp-json\/wp\/v2\/categories?post=1507"},{"taxonomy":"post_tag","embeddable":true,"href":"https:\/\/soymigrante.com\/revista\/wp-json\/wp\/v2\/tags?post=1507"}],"curies":[{"name":"wp","href":"https:\/\/api.w.org\/{rel}","templated":true}]}}