{"id":14837,"date":"2024-12-02T06:30:00","date_gmt":"2024-12-02T12:30:00","guid":{"rendered":"https:\/\/soymigrante.com\/revista\/?p=14837"},"modified":"2024-12-01T20:16:01","modified_gmt":"2024-12-02T02:16:01","slug":"rene-amiel-de-la-adversidad-al-servicio-comunitario-en-los-angeles-en-pro-del-migrante","status":"publish","type":"post","link":"https:\/\/soymigrante.com\/revista\/rene-amiel-de-la-adversidad-al-servicio-comunitario-en-los-angeles-en-pro-del-migrante\/","title":{"rendered":"Ren\u00e9 Amiel: De la adversidad al servicio comunitario en Los Angeles en pro del migrante"},"content":{"rendered":"\t\t<div data-elementor-type=\"wp-post\" data-elementor-id=\"14837\" class=\"elementor elementor-14837\" data-elementor-post-type=\"post\">\n\t\t\t\t<div data-particle_enable=\"false\" data-particle-mobile-disabled=\"false\" class=\"elementor-element elementor-element-e9c4d37 e-flex e-con-boxed e-con e-parent\" data-id=\"e9c4d37\" data-element_type=\"container\" data-e-type=\"container\">\n\t\t\t\t\t<div class=\"e-con-inner\">\n\t\t\t\t<div class=\"elementor-element elementor-element-7c043b5 elementor-widget elementor-widget-heading\" data-id=\"7c043b5\" data-element_type=\"widget\" data-e-type=\"widget\" data-widget_type=\"heading.default\">\n\t\t\t\t\t<h2 class=\"elementor-heading-title elementor-size-default\">De vivir en las calles y enfrentarse a la adversidad, a convertirse en un l\u00edder comunitario que transforma vidas: la historia de Ren\u00e9 Amiel Panigua es un ejemplo de resiliencia y servicio en Los Angeles.<\/h2>\t\t\t\t<\/div>\n\t\t\t\t\t<\/div>\n\t\t\t\t<\/div>\n\t\t<div data-particle_enable=\"false\" data-particle-mobile-disabled=\"false\" class=\"elementor-element elementor-element-4eef67b e-flex e-con-boxed e-con e-parent\" data-id=\"4eef67b\" data-element_type=\"container\" data-e-type=\"container\">\n\t\t\t\t\t<div class=\"e-con-inner\">\n\t\t\t\t<div class=\"elementor-element elementor-element-e0ea2ed elementor-widget elementor-widget-text-editor\" data-id=\"e0ea2ed\" data-element_type=\"widget\" data-e-type=\"widget\" data-widget_type=\"text-editor.default\">\n\t\t\t\t\t\t\t\t\t<p><span style=\"color: var( --e-global-color-text );text-align: var(--text-align)\">La vida de Ren\u00e9 Amiel Panigua es un testimonio de lucha, resiliencia y transformaci\u00f3n. Hijo de un padre israel\u00ed y una madre guatemalteca, su historia comienza en Guatemala, pero su esp\u00edritu incansable lo llev\u00f3 a los Estados Unidos en busca de un futuro mejor en la d\u00e9cada de los 80.<\/span><\/p><p><span style=\"color: var( --e-global-color-text );text-align: var(--text-align)\">Con solo 14 a\u00f1os y una mochila llena de sue\u00f1os, emprendi\u00f3 un viaje que lo enfrentar\u00eda con enormes desaf\u00edos, pero tambi\u00e9n lo llevar\u00eda a convertirse en un pilar para<a href=\"https:\/\/soymigrante.com\/revista\/foro-tps-en-guatemala-union-de-apoyos-diferencia-actual-solicitud-de-29-anteriores\/\"> la comunidad guatemalteca migrante en Los \u00c1ngeles<\/a> pues es el f<\/span><span style=\"font-family: Roboto, sans-serif;font-size: 16px;font-style: normal;font-weight: 400;color: var( --e-global-color-text );text-align: var(--text-align)\">undador de Asociaci\u00f3n de Migrantes Guatemaltecos en Los \u00c1ngeles (Amgla), su labor ha marcado un antes y un despu\u00e9s para los migrantes guatemaltecos en Los \u00c1ngeles, demostrando que los sue\u00f1os pueden florecer incluso en los terrenos m\u00e1s dif\u00edciles.<\/span><\/p>\t\t\t\t\t\t\t\t<\/div>\n\t\t\t\t\t<\/div>\n\t\t\t\t<\/div>\n\t\t<div data-particle_enable=\"false\" data-particle-mobile-disabled=\"false\" class=\"elementor-element elementor-element-ad9ddb7 e-flex e-con-boxed e-con e-parent\" data-id=\"ad9ddb7\" data-element_type=\"container\" data-e-type=\"container\">\n\t\t\t\t\t<div class=\"e-con-inner\">\n\t\t\t\t<div class=\"elementor-element elementor-element-57b5fc4 elementor-widget elementor-widget-image\" data-id=\"57b5fc4\" data-element_type=\"widget\" data-e-type=\"widget\" data-widget_type=\"image.default\">\n\t\t\t\t\t\t\t\t\t\t\t\t\t\t\t<img fetchpriority=\"high\" decoding=\"async\" width=\"768\" height=\"1024\" src=\"https:\/\/soymigrante.com\/revista\/wp-content\/uploads\/2024\/11\/amgla-rene-amiel-7-768x1024.jpg\" class=\"attachment-large size-large wp-image-14851\" alt=\"Reconocido representante de la Organizaci\u00f3n de Migrantes en Maltecos, L.A., con certificado y diploma en su oficina y la bandera de EE.UU. presente.\" srcset=\"https:\/\/soymigrante.com\/revista\/wp-content\/uploads\/2024\/11\/amgla-rene-amiel-7-768x1024.jpg 768w, https:\/\/soymigrante.com\/revista\/wp-content\/uploads\/2024\/11\/amgla-rene-amiel-7-225x300.jpg 225w, https:\/\/soymigrante.com\/revista\/wp-content\/uploads\/2024\/11\/amgla-rene-amiel-7-1152x1536.jpg 1152w, https:\/\/soymigrante.com\/revista\/wp-content\/uploads\/2024\/11\/amgla-rene-amiel-7-750x1000.webp 750w, https:\/\/soymigrante.com\/revista\/wp-content\/uploads\/2024\/11\/amgla-rene-amiel-7-1140x1520.webp 1140w, https:\/\/soymigrante.com\/revista\/wp-content\/uploads\/2024\/11\/amgla-rene-amiel-7.webp 1440w\" sizes=\"(max-width: 768px) 100vw, 768px\" title=\"amgla rene amiel 7 \u2013 SoyMigrante.com REVISTA\" \/>\t\t\t\t\t\t\t\t\t\t\t\t\t\t\t<\/div>\n\t\t\t\t\t<\/div>\n\t\t\t\t<\/div>\n\t\t<div data-particle_enable=\"false\" data-particle-mobile-disabled=\"false\" class=\"elementor-element elementor-element-79419cb e-flex e-con-boxed e-con e-parent\" data-id=\"79419cb\" data-element_type=\"container\" data-e-type=\"container\">\n\t\t\t\t\t<div class=\"e-con-inner\">\n\t\t\t\t<div class=\"elementor-element elementor-element-95c2b6c elementor-widget elementor-widget-heading\" data-id=\"95c2b6c\" data-element_type=\"widget\" data-e-type=\"widget\" data-widget_type=\"heading.default\">\n\t\t\t\t\t<h3 class=\"elementor-heading-title elementor-size-default\">Un viaje marcado por la adversidad<\/h3>\t\t\t\t<\/div>\n\t\t\t\t\t<\/div>\n\t\t\t\t<\/div>\n\t\t<div data-particle_enable=\"false\" data-particle-mobile-disabled=\"false\" class=\"elementor-element elementor-element-bf302da e-flex e-con-boxed e-con e-parent\" data-id=\"bf302da\" data-element_type=\"container\" data-e-type=\"container\">\n\t\t\t\t\t<div class=\"e-con-inner\">\n\t\t\t\t<div class=\"elementor-element elementor-element-af5e7ea elementor-widget elementor-widget-text-editor\" data-id=\"af5e7ea\" data-element_type=\"widget\" data-e-type=\"widget\" data-widget_type=\"text-editor.default\">\n\t\t\t\t\t\t\t\t\t<p>En enero de 1984, Ren\u00e9 dej\u00f3 su hogar tras terminar sus estudios b\u00e1sicos en el Instituto Rafael Aqueche. Su traves\u00eda comenz\u00f3 en M\u00e9xico y lo llev\u00f3 de ciudad en ciudad como Guadalajara y Mexicali, hasta llegar a la frontera con Estados Unidos. &#8220;Llegu\u00e9 como Shakira: ciego, sordo y mudo&#8221;, recuerda, aludiendo a los obst\u00e1culos del idioma, la discriminaci\u00f3n y la soledad que enfrent\u00f3 al llegar.<\/p><p>Durante seis meses vivi\u00f3 en un edificio abandonado, enfrent\u00e1ndose a la pobreza y la maldad de las calles. Para sobrevivir, simulaba comprar en supermercados mientras com\u00eda frutas y buscaba oportunidades para estudiar y trabajar. Sin embargo, su camino se desvi\u00f3 y, durante esa \u00e9poca, se involucr\u00f3 en pandillas, lo que lo llev\u00f3 a prisi\u00f3n en 1985.\u00a0<\/p><p>Tras cumplir su condena, recibi\u00f3 la devastadora noticia de la muerte de su madre. Con el apoyo de un amigo, encontr\u00f3 un lugar donde vivir y un empleo como barrendero en un taller de tapicer\u00eda. Al mismo tiempo, retom\u00f3 sus estudios nocturnos, decidido a forjar un futuro mejor&#8221;<\/p>\t\t\t\t\t\t\t\t<\/div>\n\t\t\t\t\t<\/div>\n\t\t\t\t<\/div>\n\t\t<div data-particle_enable=\"false\" data-particle-mobile-disabled=\"false\" class=\"elementor-element elementor-element-3fde1a5 e-flex e-con-boxed e-con e-parent\" data-id=\"3fde1a5\" data-element_type=\"container\" data-e-type=\"container\">\n\t\t\t\t\t<div class=\"e-con-inner\">\n\t\t\t\t<div class=\"elementor-element elementor-element-814a9dd elementor-arrows-position-inside elementor-pagination-position-outside elementor-widget elementor-widget-image-carousel\" data-id=\"814a9dd\" data-element_type=\"widget\" data-e-type=\"widget\" data-settings=\"{&quot;slides_to_show&quot;:&quot;1&quot;,&quot;navigation&quot;:&quot;both&quot;,&quot;autoplay&quot;:&quot;yes&quot;,&quot;pause_on_hover&quot;:&quot;yes&quot;,&quot;pause_on_interaction&quot;:&quot;yes&quot;,&quot;autoplay_speed&quot;:5000,&quot;infinite&quot;:&quot;yes&quot;,&quot;effect&quot;:&quot;slide&quot;,&quot;speed&quot;:500}\" data-widget_type=\"image-carousel.default\">\n\t\t\t\t\t\t\t<div class=\"elementor-image-carousel-wrapper swiper\" role=\"region\" aria-roledescription=\"carousel\" aria-label=\"Carrusel de im\u00e1genes\" dir=\"ltr\">\n\t\t\t<div class=\"elementor-image-carousel swiper-wrapper\" aria-live=\"off\">\n\t\t\t\t\t\t\t\t<div class=\"swiper-slide\" role=\"group\" aria-roledescription=\"slide\" aria-label=\"1 de 5\"><figure class=\"swiper-slide-inner\"><img decoding=\"async\" class=\"swiper-slide-image\" src=\"https:\/\/soymigrante.com\/revista\/wp-content\/uploads\/2024\/11\/amgla-rene-amiel-46-768x1024.jpg\" alt=\"Reconocimiento a migrantes en evento oficial en Guatemala, con premios y diplomas, promoviendo la inclusi\u00f3n y los derechos de los migrantes guatemaltecos.\" \/><\/figure><\/div><div class=\"swiper-slide\" role=\"group\" aria-roledescription=\"slide\" aria-label=\"2 de 5\"><figure class=\"swiper-slide-inner\"><img decoding=\"async\" class=\"swiper-slide-image\" src=\"https:\/\/soymigrante.com\/revista\/wp-content\/uploads\/2024\/11\/amgla-rene-amiel-10-1024x1024.jpg\" alt=\"Colaboraci\u00f3n cultural entre migrantes y comunidades locales en M\u00e9xico, promoviendo interculturalidad, tradiciones y comercio justo en un mercado tradicional.\" \/><\/figure><\/div><div class=\"swiper-slide\" role=\"group\" aria-roledescription=\"slide\" aria-label=\"3 de 5\"><figure class=\"swiper-slide-inner\"><img decoding=\"async\" class=\"swiper-slide-image\" src=\"https:\/\/soymigrante.com\/revista\/wp-content\/uploads\/2024\/11\/amgla-rene-amiel-4-768x1024.jpg\" alt=\"Encuentro cultural y gastron\u00f3mico en una comunidad ind\u00edgena mexicana, promoviendo intercambio y valoraci\u00f3n de tradiciones y comida aut\u00f3ctona, con participaci\u00f3n de visitantes y habitantes locales.\" \/><\/figure><\/div><div class=\"swiper-slide\" role=\"group\" aria-roledescription=\"slide\" aria-label=\"4 de 5\"><figure class=\"swiper-slide-inner\"><img decoding=\"async\" class=\"swiper-slide-image\" src=\"https:\/\/soymigrante.com\/revista\/wp-content\/uploads\/2024\/11\/amgla-rene-amiel-2-1024x768.jpg\" alt=\"Espect\u00e1culo navide\u00f1o en una fiesta con luces y \u00e1rboles decorados, personas disfrutando y baile en una celebraci\u00f3n familiar o comunitaria en un ambiente festivo y alegre.\" \/><\/figure><\/div><div class=\"swiper-slide\" role=\"group\" aria-roledescription=\"slide\" aria-label=\"5 de 5\"><figure class=\"swiper-slide-inner\"><img decoding=\"async\" class=\"swiper-slide-image\" src=\"https:\/\/soymigrante.com\/revista\/wp-content\/uploads\/2024\/11\/amgla-rene-amiel-768x1024.jpg\" alt=\"Personas en una reuni\u00f3n de la Asociaci\u00f3n de Migrantes Guatemaltecos en Estados Unidos, en un entorno formal con banderas y galardones, promoviendo la comunidad migrante y sus derechos.\" \/><\/figure><\/div>\t\t\t<\/div>\n\t\t\t\t\t\t\t\t\t\t\t\t<div class=\"elementor-swiper-button elementor-swiper-button-prev\" role=\"button\" tabindex=\"0\">\n\t\t\t\t\t\t<i aria-hidden=\"true\" class=\"eicon-chevron-left\"><\/i>\t\t\t\t\t<\/div>\n\t\t\t\t\t<div class=\"elementor-swiper-button elementor-swiper-button-next\" role=\"button\" tabindex=\"0\">\n\t\t\t\t\t\t<i aria-hidden=\"true\" class=\"eicon-chevron-right\"><\/i>\t\t\t\t\t<\/div>\n\t\t\t\t\n\t\t\t\t\t\t\t\t\t<div class=\"swiper-pagination\"><\/div>\n\t\t\t\t\t\t\t\t\t<\/div>\n\t\t\t\t\t\t<\/div>\n\t\t\t\t\t<\/div>\n\t\t\t\t<\/div>\n\t\t<div data-particle_enable=\"false\" data-particle-mobile-disabled=\"false\" class=\"elementor-element elementor-element-e636cdd e-flex e-con-boxed e-con e-parent\" data-id=\"e636cdd\" data-element_type=\"container\" data-e-type=\"container\">\n\t\t\t\t\t<div class=\"e-con-inner\">\n\t\t\t\t<div class=\"elementor-element elementor-element-d6901a3 elementor-widget elementor-widget-heading\" data-id=\"d6901a3\" data-element_type=\"widget\" data-e-type=\"widget\" data-widget_type=\"heading.default\">\n\t\t\t\t\t<h3 class=\"elementor-heading-title elementor-size-default\">Educaci\u00f3n, amor y superaci\u00f3n<\/h3>\t\t\t\t<\/div>\n\t\t\t\t\t<\/div>\n\t\t\t\t<\/div>\n\t\t<div data-particle_enable=\"false\" data-particle-mobile-disabled=\"false\" class=\"elementor-element elementor-element-6b1943e e-flex e-con-boxed e-con e-parent\" data-id=\"6b1943e\" data-element_type=\"container\" data-e-type=\"container\">\n\t\t\t\t\t<div class=\"e-con-inner\">\n\t\t\t\t<div class=\"elementor-element elementor-element-2684f3a elementor-widget elementor-widget-text-editor\" data-id=\"2684f3a\" data-element_type=\"widget\" data-e-type=\"widget\" data-widget_type=\"text-editor.default\">\n\t\t\t\t\t\t\t\t\t<p>En esta etapa, conoci\u00f3 a su esposa, quien se convirti\u00f3 en su compa\u00f1era y aliada incondicional. Se casaron cuando Ren\u00e9 ten\u00eda 21 a\u00f1os y, con su apoyo, continu\u00f3 su educaci\u00f3n hasta graduarse en ginecolog\u00eda en la Universidad del Sur de&nbsp;<a href=\"https:\/\/soymigrante.com\/revista\/el-actor-y-conductor-gerzon-giron-ha-convertido-obstaculos-en-oportunidades-en-california\/\" target=\"_blank\" rel=\"noopener\">California<\/a>&nbsp;(USC) en 1994. Sin embargo, las barreras legales le impidieron ejercer su profesi\u00f3n, lo que represent\u00f3 una profunda frustraci\u00f3n.&nbsp;<\/p>\n<p>A pesar de ello, su esp\u00edritu resiliente lo llev\u00f3 a explorar nuevos caminos y estudiar Ciencias de la Comunicaci\u00f3n en 1999, lo que lo introdujo al mundo del periodismo y la locuci\u00f3n.<\/p>\n<p>Ren\u00e9 trabaj\u00f3 en medios destacados como Univisi\u00f3n y Telemundo, y condujo programas radiales en varias estaciones. Durante 20 a\u00f1os, su programa &#8220;Avisos y Regalos&#8221; no solo informaba, sino que tambi\u00e9n ayudaba a la comunidad con servicios gratuitos.<\/p>\t\t\t\t\t\t\t\t<\/div>\n\t\t\t\t\t<\/div>\n\t\t\t\t<\/div>\n\t\t<div data-particle_enable=\"false\" data-particle-mobile-disabled=\"false\" class=\"elementor-element elementor-element-1b4b357 e-flex e-con-boxed e-con e-parent\" data-id=\"1b4b357\" data-element_type=\"container\" data-e-type=\"container\">\n\t\t\t\t\t<div class=\"e-con-inner\">\n\t\t\t\t<div class=\"elementor-element elementor-element-ddcf276 elementor-widget elementor-widget-text-editor\" data-id=\"ddcf276\" data-element_type=\"widget\" data-e-type=\"widget\" data-widget_type=\"text-editor.default\">\n\t\t\t\t\t\t\t\t\t<p>En 2015, un accidente que lo dej\u00f3 con cinco cirug\u00edas y problemas de audici\u00f3n lo alej\u00f3 de los medios de comunicaci\u00f3n. Aunque perdi\u00f3 su voz en la radio, no perdi\u00f3 su deseo de servir. Este momento marc\u00f3 un nuevo cap\u00edtulo en su vida, dando lugar a la creaci\u00f3n de Amgla.<\/p>\t\t\t\t\t\t\t\t<\/div>\n\t\t\t\t\t<\/div>\n\t\t\t\t<\/div>\n\t\t<div data-particle_enable=\"false\" data-particle-mobile-disabled=\"false\" class=\"elementor-element elementor-element-d08fafb e-flex e-con-boxed e-con e-parent\" data-id=\"d08fafb\" data-element_type=\"container\" data-e-type=\"container\">\n\t\t\t\t\t<div class=\"e-con-inner\">\n\t\t\t\t<div class=\"elementor-element elementor-element-07bce99 elementor-widget elementor-widget-image\" data-id=\"07bce99\" data-element_type=\"widget\" data-e-type=\"widget\" data-widget_type=\"image.default\">\n\t\t\t\t\t\t\t\t\t\t\t\t\t\t\t<img decoding=\"async\" width=\"768\" height=\"576\" src=\"https:\/\/soymigrante.com\/revista\/wp-content\/uploads\/2024\/11\/amgla-rene-amiel-11-1024x768.jpg\" class=\"attachment-large size-large wp-image-14966\" alt=\"Retrato de dos personas sonriendo en una calle decorada con luces navide\u00f1as por la noche, promoviendo contenido de la revista SoyMigrante.com REVISTA enfocada en migraci\u00f3n y comunidad.\" srcset=\"https:\/\/soymigrante.com\/revista\/wp-content\/uploads\/2024\/11\/amgla-rene-amiel-11-1024x768.jpg 1024w, https:\/\/soymigrante.com\/revista\/wp-content\/uploads\/2024\/11\/amgla-rene-amiel-11-300x225.jpg 300w, https:\/\/soymigrante.com\/revista\/wp-content\/uploads\/2024\/11\/amgla-rene-amiel-11-768x576.jpg 768w, https:\/\/soymigrante.com\/revista\/wp-content\/uploads\/2024\/11\/amgla-rene-amiel-11-1536x1152.jpg 1536w, https:\/\/soymigrante.com\/revista\/wp-content\/uploads\/2024\/11\/amgla-rene-amiel-11-750x563.webp 750w, https:\/\/soymigrante.com\/revista\/wp-content\/uploads\/2024\/11\/amgla-rene-amiel-11-1140x855.webp 1140w, https:\/\/soymigrante.com\/revista\/wp-content\/uploads\/2024\/11\/amgla-rene-amiel-11.webp 1920w\" sizes=\"(max-width: 768px) 100vw, 768px\" title=\"amgla rene amiel 11 \u2013 SoyMigrante.com REVISTA\" \/>\t\t\t\t\t\t\t\t\t\t\t\t\t\t\t<\/div>\n\t\t\t\t\t<\/div>\n\t\t\t\t<\/div>\n\t\t<div data-particle_enable=\"false\" data-particle-mobile-disabled=\"false\" class=\"elementor-element elementor-element-3ac6eac e-flex e-con-boxed e-con e-parent\" data-id=\"3ac6eac\" data-element_type=\"container\" data-e-type=\"container\">\n\t\t\t\t\t<div class=\"e-con-inner\">\n\t\t\t\t<div class=\"elementor-element elementor-element-14a03f3 elementor-widget elementor-widget-heading\" data-id=\"14a03f3\" data-element_type=\"widget\" data-e-type=\"widget\" data-widget_type=\"heading.default\">\n\t\t\t\t\t<h3 class=\"elementor-heading-title elementor-size-default\">Amgla: Un faro de esperanza para los migrantes<\/h3>\t\t\t\t<\/div>\n\t\t\t\t\t<\/div>\n\t\t\t\t<\/div>\n\t\t<div data-particle_enable=\"false\" data-particle-mobile-disabled=\"false\" class=\"elementor-element elementor-element-809935e e-flex e-con-boxed e-con e-parent\" data-id=\"809935e\" data-element_type=\"container\" data-e-type=\"container\">\n\t\t\t\t\t<div class=\"e-con-inner\">\n\t\t\t\t<div class=\"elementor-element elementor-element-ea6d998 elementor-widget elementor-widget-text-editor\" data-id=\"ea6d998\" data-element_type=\"widget\" data-e-type=\"widget\" data-widget_type=\"text-editor.default\">\n\t\t\t\t\t\t\t\t\t<p>Amgla se convirti\u00f3 en el veh\u00edculo de Ren\u00e9 para apoyar a la comunidad guatemalteca\u00a0<a href=\"https:\/\/soymigrante.com\/revista\/sabes-cuanto-dinero-en-efectivo-puedes-ingresar-o-sacar-de-estados-unidos\/\" target=\"_blank\" rel=\"noopener\">en Estados Unidos.<\/a>\u00a0La asociaci\u00f3n ofrece servicios esenciales como la emisi\u00f3n de pasaportes, DPI, tarjetas consulares y ferias de salud. Tambi\u00e9n asiste en la repatriaci\u00f3n de cuerpos y en programas de reunificaci\u00f3n familiar, permitiendo a los guatemaltecos reencontrarse con sus seres queridos despu\u00e9s de d\u00e9cadas de separaci\u00f3n.<\/p><p>Gracias a esta labor, Ren\u00e9 viaja constantemente entre Guatemala y Estados Unidos, promoviendo\u00a0<a href=\"https:\/\/soymigrante.com\/revista\/tuve-que-buscar-un-mejor-futuro-amarilys-ortiz-lider-guatemalteca-que-migro-a-california-desde-hace-mas-de-tres-decadas\/\" target=\"_blank\" rel=\"noopener\">cambios en las pol\u00edticas migratorias\u00a0<\/a>y representando a los migrantes en eventos oficiales. Este diciembre, participar\u00e1 en el D\u00eda del Migrante en el Palacio Nacional, donde compartir\u00e1 su historia y abogar\u00e1 por mejores condiciones para los migrantes.<\/p><p>Ren\u00e9 es claro en su mensaje: &#8220;No voy a pedir, sino a exigir que en Guatemala el gobierno se enfoque en el tema migrante, porque lo tienen olvidado&#8221;. Su misi\u00f3n es dar voz a quienes han sido silenciados y garantizar que los migrantes sean reconocidos y apoyados.<\/p>\t\t\t\t\t\t\t\t<\/div>\n\t\t\t\t\t<\/div>\n\t\t\t\t<\/div>\n\t\t<div data-particle_enable=\"false\" data-particle-mobile-disabled=\"false\" class=\"elementor-element elementor-element-65b8a66 e-flex e-con-boxed e-con e-parent\" data-id=\"65b8a66\" data-element_type=\"container\" data-e-type=\"container\">\n\t\t\t\t\t<div class=\"e-con-inner\">\n\t\t\t\t<div class=\"elementor-element elementor-element-8bfb1a3 elementor-invisible elementor-widget elementor-widget-facebook-embed\" data-id=\"8bfb1a3\" data-element_type=\"widget\" data-e-type=\"widget\" data-settings=\"{&quot;_animation&quot;:&quot;zoomInDown&quot;}\" data-widget_type=\"facebook-embed.default\">\n\t\t\t\t\t<div style=\"min-height: 1px\" class=\"elementor-facebook-widget fb-video\" data-href=\"https:\/\/www.facebook.com\/reel\/1187883218985756\" data-show-text=\"false\" data-allowfullscreen=\"false\" data-autoplay=\"false\" data-show-captions=\"false\"><\/div>\t\t\t\t<\/div>\n\t\t\t\t\t<\/div>\n\t\t\t\t<\/div>\n\t\t<div data-particle_enable=\"false\" data-particle-mobile-disabled=\"false\" class=\"elementor-element elementor-element-071b276 e-flex e-con-boxed e-con e-parent\" data-id=\"071b276\" data-element_type=\"container\" data-e-type=\"container\">\n\t\t\t\t\t<div class=\"e-con-inner\">\n\t\t\t\t<div class=\"elementor-element elementor-element-d6288ce elementor-widget elementor-widget-text-editor\" data-id=\"d6288ce\" data-element_type=\"widget\" data-e-type=\"widget\" data-widget_type=\"text-editor.default\">\n\t\t\t\t\t\t\t\t\t<p>Hoy, Ren\u00e9 Panigua no solo es un sobreviviente; es un l\u00edder, un visionario y un ejemplo de que incluso las circunstancias m\u00e1s adversas pueden transformarse en oportunidades para servir. A trav\u00e9s de Amgla y su trabajo incansable, demuestra que, aunque lejos de su tierra, los migrantes guatemaltecos llevan a Guatemala en el coraz\u00f3n, y su lucha por un mejor futuro sigue siendo un reflejo del esp\u00edritu indomable de su gente.<\/p><p>Su historia nos recuerda que, con fe, esfuerzo y solidaridad, no hay l\u00edmites para lo que se puede lograr.<\/p>\t\t\t\t\t\t\t\t<\/div>\n\t\t\t\t\t<\/div>\n\t\t\t\t<\/div>\n\t\t<div data-particle_enable=\"false\" data-particle-mobile-disabled=\"false\" class=\"elementor-element elementor-element-d1ef211 e-flex e-con-boxed e-con e-parent\" data-id=\"d1ef211\" data-element_type=\"container\" data-e-type=\"container\">\n\t\t\t\t\t<div class=\"e-con-inner\">\n\t\t\t\t<div class=\"elementor-element elementor-element-febb76c elementor-widget elementor-widget-heading\" data-id=\"febb76c\" data-element_type=\"widget\" data-e-type=\"widget\" data-widget_type=\"heading.default\">\n\t\t\t\t\t<h2 class=\"elementor-heading-title elementor-size-default\">Historias dignas de contar<\/h2>\t\t\t\t<\/div>\n\t\t\t\t\t<\/div>\n\t\t\t\t<\/div>\n\t\t<div data-particle_enable=\"false\" data-particle-mobile-disabled=\"false\" class=\"elementor-element elementor-element-e57bdfe e-flex e-con-boxed e-con e-parent\" data-id=\"e57bdfe\" data-element_type=\"container\" data-e-type=\"container\">\n\t\t\t\t\t<div class=\"e-con-inner\">\n\t\t\t\t<div class=\"elementor-element elementor-element-a0285d5 elementor-grid-eael-col-3 elementor-grid-tablet-eael-col-2 elementor-grid-mobile-eael-col-1 elementor-widget elementor-widget-eael-post-grid\" data-id=\"a0285d5\" data-element_type=\"widget\" data-e-type=\"widget\" data-settings=\"{&quot;eael_post_grid_columns&quot;:&quot;eael-col-3&quot;,&quot;eael_post_grid_columns_tablet&quot;:&quot;eael-col-2&quot;,&quot;eael_post_grid_columns_mobile&quot;:&quot;eael-col-1&quot;}\" data-widget_type=\"eael-post-grid.default\">\n\t\t\t\t\t<div id=\"eael-post-grid-a0285d5\" class=\"eael-post-grid-container\">\n            <div class=\"eael-post-grid eael-post-appender eael-post-appender-a0285d5 eael-post-grid-style-one\" data-layout-mode=\"masonry\"><article class=\"eael-grid-post  eael-post-grid-column eael-pg-post-14027 category-exitos\" data-id=\"14027\">\n        <div class=\"eael-grid-post-holder\">\n            <div class=\"eael-grid-post-holder-inner\"><div class=\"eael-entry-media\"><div class=\"eael-entry-overlay fade-in\"><i class=\"far fa-hand-pointer\" aria-hidden=\"true\"><\/i><a href=\"https:\/\/soymigrante.com\/revista\/el-actor-y-conductor-gerzon-giron-ha-convertido-obstaculos-en-oportunidades-en-california\/\"><\/a><\/div><div class=\"eael-entry-thumbnail \">\n                <img decoding=\"async\" width=\"1024\" height=\"1024\" src=\"https:\/\/soymigrante.com\/revista\/wp-content\/uploads\/2024\/11\/Gerzon-Giron-feature-1024x1024.jpg\" class=\"attachment-large size-large wp-image-14095\" alt=\"Guatemalteco con resuelto en la ciudad de Los \u00c1ngeles, sosteniendo un cartel con la declaraci\u00f3n oficial del &quot;D\u00eda del Guatemalteco&quot;.\" srcset=\"https:\/\/soymigrante.com\/revista\/wp-content\/uploads\/2024\/11\/Gerzon-Giron-feature-1024x1024.jpg 1024w, https:\/\/soymigrante.com\/revista\/wp-content\/uploads\/2024\/11\/Gerzon-Giron-feature-300x300.jpg 300w, https:\/\/soymigrante.com\/revista\/wp-content\/uploads\/2024\/11\/Gerzon-Giron-feature-150x150.jpg 150w, https:\/\/soymigrante.com\/revista\/wp-content\/uploads\/2024\/11\/Gerzon-Giron-feature-768x768.jpg 768w, https:\/\/soymigrante.com\/revista\/wp-content\/uploads\/2024\/11\/Gerzon-Giron-feature-75x75.webp 75w, https:\/\/soymigrante.com\/revista\/wp-content\/uploads\/2024\/11\/Gerzon-Giron-feature-750x750.webp 750w, https:\/\/soymigrante.com\/revista\/wp-content\/uploads\/2024\/11\/Gerzon-Giron-feature-1140x1140.webp 1140w, https:\/\/soymigrante.com\/revista\/wp-content\/uploads\/2024\/11\/Gerzon-Giron-feature.webp 1536w\" sizes=\"(max-width: 1024px) 100vw, 1024px\" \/>\n            <\/div>\n        <\/div><div class=\"eael-entry-wrapper\"><header class=\"eael-entry-header\"><h2 class=\"eael-entry-title\"><a class=\"eael-grid-post-link\" href=\"https:\/\/soymigrante.com\/revista\/el-actor-y-conductor-gerzon-giron-ha-convertido-obstaculos-en-oportunidades-en-california\/\" title=\"Actor y conductor migrante guatemalteco Gerzon Gir\u00f3n transforma barreras en oportunidades en California\">Actor y conductor migrante guatemalteco Gerzon Gir\u00f3n transforma barreras en oportunidades en California<\/a><\/h2><\/header><div class=\"eael-entry-content\">\n                        <div class=\"eael-grid-post-excerpt\"><a href=\"https:\/\/soymigrante.com\/revista\/el-actor-y-conductor-gerzon-giron-ha-convertido-obstaculos-en-oportunidades-en-california\/\" class=\"eael-post-elements-readmore-btn\">CONOCE SU HISTORIA <\/a><\/div>\n                    <\/div><\/div><\/div>\n        <\/div>\n    <\/article><article class=\"eael-grid-post  eael-post-grid-column eael-pg-post-10224 category-exitos\" data-id=\"10224\">\n        <div class=\"eael-grid-post-holder\">\n            <div class=\"eael-grid-post-holder-inner\"><div class=\"eael-entry-media\"><div class=\"eael-entry-overlay fade-in\"><i class=\"far fa-hand-pointer\" aria-hidden=\"true\"><\/i><a href=\"https:\/\/soymigrante.com\/revista\/tuve-que-buscar-un-mejor-futuro-amarilys-ortiz-lider-guatemalteca-que-migro-a-california-desde-hace-mas-de-tres-decadas\/\"><\/a><\/div><div class=\"eael-entry-thumbnail \">\n                <img loading=\"lazy\" decoding=\"async\" width=\"1024\" height=\"1024\" src=\"https:\/\/soymigrante.com\/revista\/wp-content\/uploads\/2024\/10\/Amaralys-Ortiz7-1-1024x1024.webp\" class=\"attachment-large size-large wp-image-10233\" alt=\"Bandera de Estados Unidos, bandera de California, bandera de Alemania, mujer sonriendo en evento cultural internacional, diversidad y comunidad global.\" srcset=\"https:\/\/soymigrante.com\/revista\/wp-content\/uploads\/2024\/10\/Amaralys-Ortiz7-1-1024x1024.webp 1024w, https:\/\/soymigrante.com\/revista\/wp-content\/uploads\/2024\/10\/Amaralys-Ortiz7-1-300x300.webp 300w, https:\/\/soymigrante.com\/revista\/wp-content\/uploads\/2024\/10\/Amaralys-Ortiz7-1-150x150.webp 150w, https:\/\/soymigrante.com\/revista\/wp-content\/uploads\/2024\/10\/Amaralys-Ortiz7-1-768x768.webp 768w, https:\/\/soymigrante.com\/revista\/wp-content\/uploads\/2024\/10\/Amaralys-Ortiz7-1-75x75.webp 75w, https:\/\/soymigrante.com\/revista\/wp-content\/uploads\/2024\/10\/Amaralys-Ortiz7-1-750x750.webp 750w, https:\/\/soymigrante.com\/revista\/wp-content\/uploads\/2024\/10\/Amaralys-Ortiz7-1-1140x1140.webp 1140w, https:\/\/soymigrante.com\/revista\/wp-content\/uploads\/2024\/10\/Amaralys-Ortiz7-1.webp 1235w\" sizes=\"(max-width: 1024px) 100vw, 1024px\" \/>\n            <\/div>\n        <\/div><div class=\"eael-entry-wrapper\"><header class=\"eael-entry-header\"><h2 class=\"eael-entry-title\"><a class=\"eael-grid-post-link\" href=\"https:\/\/soymigrante.com\/revista\/tuve-que-buscar-un-mejor-futuro-amarilys-ortiz-lider-guatemalteca-que-migro-a-california-desde-hace-mas-de-tres-decadas\/\" title=\"El camino de la l\u00edder migrante Amarilys Ortiz ha sido de servicio, dedicaci\u00f3n y amor a Guatemala\">El camino de la l\u00edder migrante Amarilys Ortiz ha sido de servicio, dedicaci\u00f3n y amor a Guatemala<\/a><\/h2><\/header><div class=\"eael-entry-content\">\n                        <div class=\"eael-grid-post-excerpt\"><a href=\"https:\/\/soymigrante.com\/revista\/tuve-que-buscar-un-mejor-futuro-amarilys-ortiz-lider-guatemalteca-que-migro-a-california-desde-hace-mas-de-tres-decadas\/\" class=\"eael-post-elements-readmore-btn\">CONOCE SU HISTORIA <\/a><\/div>\n                    <\/div><\/div><\/div>\n        <\/div>\n    <\/article><article class=\"eael-grid-post  eael-post-grid-column eael-pg-post-10027 category-exitos\" data-id=\"10027\">\n        <div class=\"eael-grid-post-holder\">\n            <div class=\"eael-grid-post-holder-inner\"><div class=\"eael-entry-media\"><div class=\"eael-entry-overlay fade-in\"><i class=\"far fa-hand-pointer\" aria-hidden=\"true\"><\/i><a href=\"https:\/\/soymigrante.com\/revista\/es-un-honor-ser-guatemalteco-rudy-perez-subjefe-de-policia-en-minneapolis-minnesota\/\"><\/a><\/div><div class=\"eael-entry-thumbnail \">\n                <img loading=\"lazy\" decoding=\"async\" width=\"1024\" height=\"1024\" src=\"https:\/\/soymigrante.com\/revista\/wp-content\/uploads\/2024\/10\/Rudy-Perez-subjefe-policial-guatemalteco-americano-1-1024x1024.webp\" class=\"attachment-large size-large wp-image-10094\" alt=\"Polic\u00eda de tr\u00e1nsito en uniforme, sonriendo, en un parque con edificio hist\u00f3rico al fondo, representando autoridad y seguridad ciudadana en un entorno urbano.\" srcset=\"https:\/\/soymigrante.com\/revista\/wp-content\/uploads\/2024\/10\/Rudy-Perez-subjefe-policial-guatemalteco-americano-1-1024x1024.webp 1024w, https:\/\/soymigrante.com\/revista\/wp-content\/uploads\/2024\/10\/Rudy-Perez-subjefe-policial-guatemalteco-americano-1-300x300.webp 300w, https:\/\/soymigrante.com\/revista\/wp-content\/uploads\/2024\/10\/Rudy-Perez-subjefe-policial-guatemalteco-americano-1-150x150.webp 150w, https:\/\/soymigrante.com\/revista\/wp-content\/uploads\/2024\/10\/Rudy-Perez-subjefe-policial-guatemalteco-americano-1-768x768.webp 768w, https:\/\/soymigrante.com\/revista\/wp-content\/uploads\/2024\/10\/Rudy-Perez-subjefe-policial-guatemalteco-americano-1-75x75.webp 75w, https:\/\/soymigrante.com\/revista\/wp-content\/uploads\/2024\/10\/Rudy-Perez-subjefe-policial-guatemalteco-americano-1-750x750.webp 750w, https:\/\/soymigrante.com\/revista\/wp-content\/uploads\/2024\/10\/Rudy-Perez-subjefe-policial-guatemalteco-americano-1.webp 1206w\" sizes=\"(max-width: 1024px) 100vw, 1024px\" \/>\n            <\/div>\n        <\/div><div class=\"eael-entry-wrapper\"><header class=\"eael-entry-header\"><h2 class=\"eael-entry-title\"><a class=\"eael-grid-post-link\" href=\"https:\/\/soymigrante.com\/revista\/es-un-honor-ser-guatemalteco-rudy-perez-subjefe-de-policia-en-minneapolis-minnesota\/\" title=\"\u201cEs un honor ser guatemalteco\u201d: Rudy P\u00e9rez, subjefe de polic\u00eda en Minneapolis, Minnesota.\">\u201cEs un honor ser guatemalteco\u201d: Rudy P\u00e9rez, subjefe de polic\u00eda en Minneapolis, Minnesota.<\/a><\/h2><\/header><div class=\"eael-entry-content\">\n                        <div class=\"eael-grid-post-excerpt\"><a href=\"https:\/\/soymigrante.com\/revista\/es-un-honor-ser-guatemalteco-rudy-perez-subjefe-de-policia-en-minneapolis-minnesota\/\" class=\"eael-post-elements-readmore-btn\">CONOCE SU HISTORIA <\/a><\/div>\n                    <\/div><\/div><\/div>\n        <\/div>\n    <\/article><\/div>\n            <div class=\"clearfix\"><\/div>\n        <\/div>\t\t\t\t<\/div>\n\t\t\t\t\t<\/div>\n\t\t\t\t<\/div>\n\t\t\t\t<\/div>\n\t\t","protected":false},"excerpt":{"rendered":"<p>De vivir en las calles y enfrentarse a la adversidad, a convertirse en un l\u00edder comunitario que transforma vidas: la historia de Ren\u00e9 Amiel Panigua es un ejemplo de resiliencia y servicio en Los Angeles. La vida de Ren\u00e9 Amiel Panigua es un testimonio de lucha, resiliencia y transformaci\u00f3n. Hijo de un padre israel\u00ed y [&hellip;]<\/p>\n","protected":false},"author":23,"featured_media":14982,"comment_status":"open","ping_status":"open","sticky":false,"template":"","format":"standard","meta":{"_acf_changed":false,"_eb_attr":"","footnotes":""},"categories":[50],"tags":[],"class_list":["post-14837","post","type-post","status-publish","format-standard","has-post-thumbnail","hentry","category-exitos"],"acf":[],"aioseo_notices":[],"aioseo_head":"\n\t\t<!-- All in One SEO Pro 4.9.6.2 - aioseo.com -->\n\t<meta name=\"description\" content=\"Rudy P\u00e9rez es hijo, esposo, padre y subjefe en el Departamento de la Polic\u00eda Golden Valley en Minneapolis, Minessota, EE.UU. pero nunca se olvida de Guatemala.\" \/>\n\t<meta name=\"robots\" content=\"max-snippet:-1, max-image-preview:large, max-video-preview:-1\" \/>\n\t<meta name=\"author\" content=\"Beatriz Tercero\"\/>\n\t<link rel=\"canonical\" href=\"https:\/\/soymigrante.com\/revista\/es-un-honor-ser-guatemalteco-rudy-perez-subjefe-de-policia-en-minneapolis-minnesota\/\" \/>\n\t<meta name=\"generator\" content=\"All in One SEO Pro (AIOSEO) 4.9.6.2\" \/>\n\n\t\t<link rel=\"preconnect\" href=\"https:\/\/fonts.googleapis.com\" crossorigin>\n<link rel=\"preconnect\" href=\"https:\/\/fonts.gstatic.com\" crossorigin>\n\t\t<meta property=\"og:locale\" content=\"es_ES\" \/>\n\t\t<meta property=\"og:site_name\" content=\"SoyMigrante.com REVISTA \u2013 Nuestra misi\u00f3n es reconocer y dignificar al migrante.\" \/>\n\t\t<meta property=\"og:type\" content=\"article\" \/>\n\t\t<meta property=\"og:title\" content=\"Rudy P\u00e9rez, un subjefe policial en Minnesota, Estados Unidos\" \/>\n\t\t<meta property=\"og:description\" content=\"Rudy P\u00e9rez es hijo, esposo, padre y subjefe en el Departamento de la Polic\u00eda Golden Valley en Minneapolis, Minessota, EE.UU. pero nunca se olvida de Guatemala.\" \/>\n\t\t<meta property=\"og:url\" content=\"https:\/\/soymigrante.com\/revista\/es-un-honor-ser-guatemalteco-rudy-perez-subjefe-de-policia-en-minneapolis-minnesota\/\" \/>\n\t\t<meta property=\"og:image\" content=\"https:\/\/soymigrante.com\/revista\/wp-content\/uploads\/2024\/10\/Rudy-Perez-subjefe-policial-guatemalteco-americano-1.webp\" \/>\n\t\t<meta property=\"og:image:secure_url\" content=\"https:\/\/soymigrante.com\/revista\/wp-content\/uploads\/2024\/10\/Rudy-Perez-subjefe-policial-guatemalteco-americano-1.webp\" \/>\n\t\t<meta property=\"og:image:width\" content=\"1206\" \/>\n\t\t<meta property=\"og:image:height\" content=\"1206\" \/>\n\t\t<meta property=\"article:published_time\" content=\"2024-10-07T13:00:00+00:00\" \/>\n\t\t<meta property=\"article:modified_time\" content=\"2024-10-07T16:51:33+00:00\" \/>\n\t\t<meta property=\"article:publisher\" content=\"https:\/\/www.facebook.com\/soymigrantecom\" \/>\n\t\t<meta name=\"twitter:card\" content=\"summary_large_image\" \/>\n\t\t<meta name=\"twitter:site\" content=\"@SoyMigrante_com\" \/>\n\t\t<meta name=\"twitter:title\" content=\"Rudy P\u00e9rez, un subjefe policial en Minnesota, Estados Unidos\" \/>\n\t\t<meta name=\"twitter:description\" content=\"Rudy P\u00e9rez es hijo, esposo, padre y subjefe en el Departamento de la Polic\u00eda Golden Valley en Minneapolis, Minessota, EE.UU. pero nunca se olvida de Guatemala.\" \/>\n\t\t<meta name=\"twitter:creator\" content=\"@SoyMigrante_com\" \/>\n\t\t<meta name=\"twitter:image\" content=\"https:\/\/soymigrante.com\/revista\/wp-content\/uploads\/2024\/10\/Rudy-Perez-subjefe-policial-guatemalteco-americano-1.webp\" \/>\n\t\t<!-- All in One SEO Pro -->\r\n\t\t<title>Rudy P\u00e9rez, un subjefe policial en Minnesota, Estados Unidos<\/title>\n\n","aioseo_head_json":{"title":"Rudy P\u00e9rez, un subjefe policial en Minnesota, Estados Unidos","description":"Rudy P\u00e9rez es hijo, esposo, padre y subjefe en el Departamento de la Polic\u00eda Golden Valley en Minneapolis, Minessota, EE.UU. pero nunca se olvida de Guatemala.","canonical_url":"https:\/\/soymigrante.com\/revista\/es-un-honor-ser-guatemalteco-rudy-perez-subjefe-de-policia-en-minneapolis-minnesota\/","robots":"max-snippet:-1, max-image-preview:large, max-video-preview:-1","keywords":"","webmasterTools":{"miscellaneous":"&lt;link rel=\"preconnect\" href=\"https:\/\/fonts.googleapis.com\" crossorigin&gt;\n&lt;link rel=\"preconnect\" href=\"https:\/\/fonts.gstatic.com\" crossorigin&gt;"},"schema":null,"og:locale":"es_ES","og:site_name":"SoyMigrante.com REVISTA \u2013 Nuestra misi\u00f3n es reconocer y dignificar al migrante.","og:type":"article","og:title":"Rudy P\u00e9rez, un subjefe policial en Minnesota, Estados Unidos","og:description":"Rudy P\u00e9rez es hijo, esposo, padre y subjefe en el Departamento de la Polic\u00eda Golden Valley en Minneapolis, Minessota, EE.UU. pero nunca se olvida de Guatemala.","og:url":"https:\/\/soymigrante.com\/revista\/es-un-honor-ser-guatemalteco-rudy-perez-subjefe-de-policia-en-minneapolis-minnesota\/","og:image":"https:\/\/soymigrante.com\/revista\/wp-content\/uploads\/2024\/10\/Rudy-Perez-subjefe-policial-guatemalteco-americano-1.webp","og:image:secure_url":"https:\/\/soymigrante.com\/revista\/wp-content\/uploads\/2024\/10\/Rudy-Perez-subjefe-policial-guatemalteco-americano-1.webp","og:image:width":1206,"og:image:height":1206,"article:published_time":"2024-10-07T13:00:00+00:00","article:modified_time":"2024-10-07T16:51:33+00:00","article:publisher":"https:\/\/www.facebook.com\/soymigrantecom","twitter:card":"summary_large_image","twitter:site":"@SoyMigrante_com","twitter:title":"Rudy P\u00e9rez, un subjefe policial en Minnesota, Estados Unidos","twitter:description":"Rudy P\u00e9rez es hijo, esposo, padre y subjefe en el Departamento de la Polic\u00eda Golden Valley en Minneapolis, Minessota, EE.UU. pero nunca se olvida de Guatemala.","twitter:creator":"@SoyMigrante_com","twitter:image":"https:\/\/soymigrante.com\/revista\/wp-content\/uploads\/2024\/10\/Rudy-Perez-subjefe-policial-guatemalteco-americano-1.webp"},"aioseo_meta_data":{"post_id":"14837","title":"Ren\u00e9 Amiel Panigua: de la adversidad al servicio comunitario","description":"De vivir en las calles y enfrentarse a la adversidad, a convertirse en un l\u00edder comunitario que transforma vidas: conoce la historia de Ren\u00e9 Amiel Panigua0","keywords":null,"keyphrases":{"focus":{"keyphrase":"Ren\u00e9 Amiel Paniagua","score":37,"analysis":{"keyphraseInTitle":{"score":3,"maxScore":9,"error":1},"keyphraseInDescription":{"score":3,"maxScore":9,"error":1},"keyphraseLength":{"score":9,"maxScore":9,"error":0,"length":3},"keyphraseInURL":{"score":1,"maxScore":5,"error":1},"keyphraseInIntroduction":{"score":3,"maxScore":9,"error":1},"keyphraseInSubHeadings":{"score":3,"maxScore":9,"error":1},"keyphraseInImageAlt":{"score":3,"maxScore":9,"error":1},"keywordDensity":{"score":0,"type":"low","maxScore":9,"error":1}}},"additional":[{"keyphrase":"servicio comunitario","score":40,"analysis":{"keyphraseInDescription":{"score":3,"maxScore":9,"error":1},"keyphraseLength":{"score":9,"maxScore":9,"error":0,"length":2},"keyphraseInIntroduction":{"score":3,"maxScore":9,"error":1},"keyphraseInImageAlt":{"score":3,"maxScore":9,"error":1},"keywordDensity":{"score":0,"type":"low","maxScore":9,"error":1}}},{"keyphrase":"Los Angeles","score":53,"analysis":{"keyphraseInDescription":{"score":3,"maxScore":9,"error":1},"keyphraseLength":{"score":9,"maxScore":9,"error":0,"length":2},"keyphraseInIntroduction":{"score":3,"maxScore":9,"error":1},"keyphraseInImageAlt":{"score":9,"maxScore":9,"error":0},"keywordDensity":{"score":0,"type":"low","maxScore":9,"error":1}}},{"keyphrase":"historia","score":87,"analysis":{"keyphraseInDescription":{"score":9,"maxScore":9,"error":0},"keyphraseLength":{"score":9,"maxScore":9,"error":0,"length":1},"keyphraseInIntroduction":{"score":9,"maxScore":9,"error":0},"keyphraseInImageAlt":{"score":3,"maxScore":9,"error":1},"keywordDensity":{"type":"best","score":9,"maxScore":9,"error":0}}},{"keyphrase":"soy migrante","score":40,"analysis":{"keyphraseInDescription":{"score":3,"maxScore":9,"error":1},"keyphraseLength":{"score":9,"maxScore":9,"error":0,"length":2},"keyphraseInIntroduction":{"score":3,"maxScore":9,"error":1},"keyphraseInImageAlt":{"score":3,"maxScore":9,"error":1},"keywordDensity":{"score":0,"type":"low","maxScore":9,"error":1}}},{"keyphrase":"guatemalteco","score":73,"analysis":{"keyphraseInDescription":{"score":3,"maxScore":9,"error":1},"keyphraseLength":{"score":9,"maxScore":9,"error":0,"length":1},"keyphraseInIntroduction":{"score":3,"maxScore":9,"error":1},"keyphraseInImageAlt":{"score":9,"maxScore":9,"error":0},"keywordDensity":{"type":"best","score":9,"maxScore":9,"error":0}}},{"keyphrase":"Historia migrante","score":40,"analysis":{"keyphraseInDescription":{"score":3,"maxScore":9,"error":1},"keyphraseLength":{"score":9,"maxScore":9,"error":0,"length":2},"keyphraseInIntroduction":{"score":3,"maxScore":9,"error":1},"keyphraseInImageAlt":{"score":3,"maxScore":9,"error":1},"keywordDensity":{"score":0,"type":"low","maxScore":9,"error":1}}}]},"primary_term":null,"canonical_url":null,"og_title":null,"og_description":null,"og_object_type":"default","og_image_type":"default","og_image_url":null,"og_image_width":null,"og_image_height":null,"og_image_custom_url":null,"og_image_custom_fields":null,"og_video":"","og_custom_url":null,"og_article_section":null,"og_article_tags":null,"twitter_use_og":false,"twitter_card":"default","twitter_image_type":"default","twitter_image_url":null,"twitter_image_custom_url":null,"twitter_image_custom_fields":null,"twitter_title":null,"twitter_description":null,"schema":{"blockGraphs":[],"customGraphs":[],"default":{"data":{"Article":[],"Course":[],"Dataset":[],"FAQPage":[],"Movie":[],"Person":[],"Product":[],"ProductReview":[],"Car":[],"Recipe":[],"Service":[],"SoftwareApplication":[],"WebPage":[]},"graphName":"Article","isEnabled":true},"graphs":[]},"schema_type":"default","schema_type_options":null,"pillar_content":false,"robots_default":true,"robots_noindex":false,"robots_noarchive":false,"robots_nosnippet":false,"robots_nofollow":false,"robots_noimageindex":false,"robots_noodp":false,"robots_notranslate":false,"robots_max_snippet":"-1","robots_max_videopreview":"-1","robots_max_imagepreview":"large","priority":null,"frequency":"default","local_seo":null,"seo_analyzer_scan_date":"2025-10-09 00:41:15","breadcrumb_settings":null,"limit_modified_date":false,"reviewed_by":null,"open_ai":"{\"title\":{\"suggestions\":[],\"usage\":0},\"description\":{\"suggestions\":[],\"usage\":0}}","ai":null,"created":"2024-11-28 03:37:16","updated":"2026-02-04 17:40:27"},"aioseo_breadcrumb":"<div class=\"aioseo-breadcrumbs\"><span class=\"aioseo-breadcrumb\">\n\t<a href=\"https:\/\/soymigrante.com\/revista\" title=\"Home\">Home<\/a>\n<\/span><span class=\"aioseo-breadcrumb-separator\">\u00bb<\/span><span class=\"aioseo-breadcrumb\">\n\t<a href=\"https:\/\/soymigrante.com\/revista\/category\/exitos\/\" title=\"\u00c9xitos\">\u00c9xitos<\/a>\n<\/span><span class=\"aioseo-breadcrumb-separator\">\u00bb<\/span><span class=\"aioseo-breadcrumb\">\n\tRen\u00e9 Amiel: De la adversidad al servicio comunitario en Los Angeles en pro del migrante\n<\/span><\/div>","aioseo_breadcrumb_json":[{"label":"Home","link":"https:\/\/soymigrante.com\/revista"},{"label":"\u00c9xitos","link":"https:\/\/soymigrante.com\/revista\/category\/exitos\/"},{"label":"Ren\u00e9 Amiel: De la adversidad al servicio comunitario en Los Angeles en pro del migrante","link":"https:\/\/soymigrante.com\/revista\/rene-amiel-de-la-adversidad-al-servicio-comunitario-en-los-angeles-en-pro-del-migrante\/"}],"_links":{"self":[{"href":"https:\/\/soymigrante.com\/revista\/wp-json\/wp\/v2\/posts\/14837","targetHints":{"allow":["GET"]}}],"collection":[{"href":"https:\/\/soymigrante.com\/revista\/wp-json\/wp\/v2\/posts"}],"about":[{"href":"https:\/\/soymigrante.com\/revista\/wp-json\/wp\/v2\/types\/post"}],"author":[{"embeddable":true,"href":"https:\/\/soymigrante.com\/revista\/wp-json\/wp\/v2\/users\/23"}],"replies":[{"embeddable":true,"href":"https:\/\/soymigrante.com\/revista\/wp-json\/wp\/v2\/comments?post=14837"}],"version-history":[{"count":0,"href":"https:\/\/soymigrante.com\/revista\/wp-json\/wp\/v2\/posts\/14837\/revisions"}],"wp:featuredmedia":[{"embeddable":true,"href":"https:\/\/soymigrante.com\/revista\/wp-json\/wp\/v2\/media\/14982"}],"wp:attachment":[{"href":"https:\/\/soymigrante.com\/revista\/wp-json\/wp\/v2\/media?parent=14837"}],"wp:term":[{"taxonomy":"category","embeddable":true,"href":"https:\/\/soymigrante.com\/revista\/wp-json\/wp\/v2\/categories?post=14837"},{"taxonomy":"post_tag","embeddable":true,"href":"https:\/\/soymigrante.com\/revista\/wp-json\/wp\/v2\/tags?post=14837"}],"curies":[{"name":"wp","href":"https:\/\/api.w.org\/{rel}","templated":true}]}}