{"id":14821,"date":"2024-11-29T15:45:04","date_gmt":"2024-11-29T21:45:04","guid":{"rendered":"https:\/\/soymigrante.com\/revista\/?p=14821"},"modified":"2024-11-29T15:45:05","modified_gmt":"2024-11-29T21:45:05","slug":"guatemala-presente-en-desfile-navideno-de-westlake-l-a","status":"publish","type":"post","link":"https:\/\/soymigrante.com\/revista\/guatemala-presente-en-desfile-navideno-de-westlake-l-a\/","title":{"rendered":"Guatemala presente en desfile navide\u00f1o de Westlake L.A."},"content":{"rendered":"\t\t<div data-elementor-type=\"wp-post\" data-elementor-id=\"14821\" class=\"elementor elementor-14821\" data-elementor-post-type=\"post\">\n\t\t\t\t<div data-particle_enable=\"false\" data-particle-mobile-disabled=\"false\" class=\"elementor-element elementor-element-5bb8b2c e-flex e-con-boxed e-con e-parent\" data-id=\"5bb8b2c\" data-element_type=\"container\" data-e-type=\"container\">\n\t\t\t\t\t<div class=\"e-con-inner\">\n\t\t\t\t<div class=\"elementor-element elementor-element-f4481e4 elementor-widget elementor-widget-heading\" data-id=\"f4481e4\" data-element_type=\"widget\" data-e-type=\"widget\" data-widget_type=\"heading.default\">\n\t\t\t\t\t<h2 class=\"elementor-heading-title elementor-size-default\">El desfile navide\u00f1o de Westlake y su festival asociado han ganado un lugar especial en el coraz\u00f3n de la comunidad guatemalteca y latina en Los Angeles.  Tienes una cita el 7 de diciembre para compartir con tu familia.<\/h2>\t\t\t\t<\/div>\n\t\t\t\t\t<\/div>\n\t\t\t\t<\/div>\n\t\t<div data-particle_enable=\"false\" data-particle-mobile-disabled=\"false\" class=\"elementor-element elementor-element-2897a3b e-flex e-con-boxed e-con e-parent\" data-id=\"2897a3b\" data-element_type=\"container\" data-e-type=\"container\">\n\t\t\t\t\t<div class=\"e-con-inner\">\n\t\t\t\t<div class=\"elementor-element elementor-element-df2547e elementor-widget elementor-widget-text-editor\" data-id=\"df2547e\" data-element_type=\"widget\" data-e-type=\"widget\" data-widget_type=\"text-editor.default\">\n\t\t\t\t\t\t\t\t\t<p>Este a\u00f1o, el desfile navide\u00f1o de Westlake est\u00e1 programado para el s\u00e1bado 7 de diciembre y recorrer\u00e1 desde la hasta la 6th Bayette Park,\u00a0<a href=\"https:\/\/soymigrante.com\/revista\/milbet-del-cid-ofrece-antojitos-chapines-en-restaurante-amalia-en-los-angeles\/\" target=\"_blank\" rel=\"noopener\">en Los \u00c1ngeles.<\/a>\u00a0Aunque la feria navide\u00f1a ha sido cancelada por motivos organizativos, el desfile sigue en pie y promete ser un evento inolvidable.<\/p><p>El desfile es fruto de la visi\u00f3n y esfuerzo de Ren\u00e9 Amiel Paniagua, quien ha liderado m\u00faltiples iniciativas\u00a0<a href=\"https:\/\/soymigrante.com\/revista\/siete-expresiones-de-multiculturalidad-guatemalteca-ganan-fuerza-en-usa\/\" target=\"_blank\" rel=\"noopener\">para fortalecer la conexi\u00f3n cultural<\/a>\u00a0y promover la riqueza art\u00edstica de Guatemala en el extranjero.<\/p>\t\t\t\t\t\t\t\t<\/div>\n\t\t\t\t\t<\/div>\n\t\t\t\t<\/div>\n\t\t<div data-particle_enable=\"false\" data-particle-mobile-disabled=\"false\" class=\"elementor-element elementor-element-6b8941a e-flex e-con-boxed e-con e-parent\" data-id=\"6b8941a\" data-element_type=\"container\" data-e-type=\"container\">\n\t\t\t\t\t<div class=\"e-con-inner\">\n\t\t\t\t<div class=\"elementor-element elementor-element-0258ce5 elementor-widget elementor-widget-image\" data-id=\"0258ce5\" data-element_type=\"widget\" data-e-type=\"widget\" data-widget_type=\"image.default\">\n\t\t\t\t\t\t\t\t\t\t\t\t\t\t\t<img fetchpriority=\"high\" decoding=\"async\" width=\"768\" height=\"768\" src=\"https:\/\/soymigrante.com\/revista\/wp-content\/uploads\/2024\/11\/desfile-los-angeles-westlake.webp\" class=\"attachment-large size-large wp-image-14829\" alt=\"Asociaci\u00f3n de Migrantes Guatemaltecos en Los \u00c1ngeles celebra desfile navide\u00f1o con Santa Claus y renos en la calle 6th Street a las 5 p.m. en diciembre, evento cultural y festivo para la comunidad migrante.\" srcset=\"https:\/\/soymigrante.com\/revista\/wp-content\/uploads\/2024\/11\/desfile-los-angeles-westlake.webp 960w, https:\/\/soymigrante.com\/revista\/wp-content\/uploads\/2024\/11\/desfile-los-angeles-westlake-300x300.jpg 300w, https:\/\/soymigrante.com\/revista\/wp-content\/uploads\/2024\/11\/desfile-los-angeles-westlake-150x150.jpg 150w, https:\/\/soymigrante.com\/revista\/wp-content\/uploads\/2024\/11\/desfile-los-angeles-westlake-768x768.jpg 768w, https:\/\/soymigrante.com\/revista\/wp-content\/uploads\/2024\/11\/desfile-los-angeles-westlake-75x75.webp 75w, https:\/\/soymigrante.com\/revista\/wp-content\/uploads\/2024\/11\/desfile-los-angeles-westlake-750x750.webp 750w\" sizes=\"(max-width: 768px) 100vw, 768px\" title=\"desfile los angeles westlake \u2013 SoyMigrante.com REVISTA\" \/>\t\t\t\t\t\t\t\t\t\t\t\t\t\t\t<\/div>\n\t\t\t\t\t<\/div>\n\t\t\t\t<\/div>\n\t\t<div data-particle_enable=\"false\" data-particle-mobile-disabled=\"false\" class=\"elementor-element elementor-element-35f3a21 e-flex e-con-boxed e-con e-parent\" data-id=\"35f3a21\" data-element_type=\"container\" data-e-type=\"container\">\n\t\t\t\t\t<div class=\"e-con-inner\">\n\t\t\t\t<div class=\"elementor-element elementor-element-9c13040 elementor-widget elementor-widget-heading\" data-id=\"9c13040\" data-element_type=\"widget\" data-e-type=\"widget\" data-widget_type=\"heading.default\">\n\t\t\t\t\t<h3 class=\"elementor-heading-title elementor-size-default\">El origen de un desfile \u00fanico<\/h3>\t\t\t\t<\/div>\n\t\t\t\t\t<\/div>\n\t\t\t\t<\/div>\n\t\t<div data-particle_enable=\"false\" data-particle-mobile-disabled=\"false\" class=\"elementor-element elementor-element-f065212 e-flex e-con-boxed e-con e-parent\" data-id=\"f065212\" data-element_type=\"container\" data-e-type=\"container\">\n\t\t\t\t\t<div class=\"e-con-inner\">\n\t\t\t\t<div class=\"elementor-element elementor-element-951733b elementor-widget elementor-widget-text-editor\" data-id=\"951733b\" data-element_type=\"widget\" data-e-type=\"widget\" data-widget_type=\"text-editor.default\">\n\t\t\t\t\t\t\t\t\t<p>El Desfile Navide\u00f1o naci\u00f3 como una respuesta a la necesidad de que la comunidad guatemalteca tuviera un evento propio que celebrara sus tradiciones y valores. Hasta hace poco, Guatemala era &#8220;el relleno&#8221; en otros desfiles locales, sin una representaci\u00f3n destacada y aut\u00e9ntica. Inspirado por el \u00e9xito del Desfile de Independencia de\u00a0<a href=\"https:\/\/soymigrante.com\/revista\/desde-florida-migrantes-suman-esfuerzo-para-apoyar-lucha-contra-el-cancer-infantil-en-guatemala\/\" target=\"_blank\" rel=\"noopener\">Guatemala<\/a>, que Ren\u00e9 Amiel organiz\u00f3 hace cuatro a\u00f1os, y de la Feria Cultural Guatemalteca, surgi\u00f3 la idea de un evento navide\u00f1o \u00fanico.<\/p><p>En 2022, se llev\u00f3 a cabo el primer desfile navide\u00f1o, exclusivamente como un desfile en el que se repartieron 1,500 regalos a los asistentes. Gracias al entusiasmo de la comunidad, en 2023 se convirti\u00f3 en un festival con un alcance mayor, distribuyendo 2,500 juguetes y enriqueciendo la experiencia con actividades culturales.<\/p>\t\t\t\t\t\t\t\t<\/div>\n\t\t\t\t\t<\/div>\n\t\t\t\t<\/div>\n\t\t<div data-particle_enable=\"false\" data-particle-mobile-disabled=\"false\" class=\"elementor-element elementor-element-1d33b70 e-flex e-con-boxed e-con e-parent\" data-id=\"1d33b70\" data-element_type=\"container\" data-e-type=\"container\">\n\t\t\t\t\t<div class=\"e-con-inner\">\n\t\t\t\t<div class=\"elementor-element elementor-element-74332e8 elementor-widget elementor-widget-heading\" data-id=\"74332e8\" data-element_type=\"widget\" data-e-type=\"widget\" data-widget_type=\"heading.default\">\n\t\t\t\t\t<h3 class=\"elementor-heading-title elementor-size-default\">Prep\u00e1rate para el desfile<\/h3>\t\t\t\t<\/div>\n\t\t\t\t\t<\/div>\n\t\t\t\t<\/div>\n\t\t<div data-particle_enable=\"false\" data-particle-mobile-disabled=\"false\" class=\"elementor-element elementor-element-6fbc4c4 e-flex e-con-boxed e-con e-parent\" data-id=\"6fbc4c4\" data-element_type=\"container\" data-e-type=\"container\">\n\t\t\t\t\t<div class=\"e-con-inner\">\n\t\t\t\t<div class=\"elementor-element elementor-element-b27e761 elementor-widget elementor-widget-text-editor\" data-id=\"b27e761\" data-element_type=\"widget\" data-e-type=\"widget\" data-widget_type=\"text-editor.default\">\n\t\t\t\t\t\t\t\t\t<p>\u00a0<span style=\"color: var( --e-global-color-text );text-align: var(--text-align)\">A partir de las 2:00 p. m., los participantes pueden acercarse para decorar sus carrozas.<\/span><\/p><ul><li>Protocolo: A las 4:00 p. m., se realizar\u00e1 un breve acto protocolario.<\/li><li>Inicio del desfile: A las 5:00 p. m. en punto, las carrozas comenzar\u00e1n su recorrido por la 6th street hasta la Fayette Park.<\/li><li>Cierre: El evento se extender\u00e1 hasta las 10:00 p. m., ofreciendo una tarde llena de alegr\u00eda y tradici\u00f3n.<\/li><\/ul><p>El desfile es completamente gratuito, y las familias est\u00e1n invitadas a participar o simplemente disfrutar de la magia navide\u00f1a que llenar\u00e1 las calles de Westlake.<\/p>\t\t\t\t\t\t\t\t<\/div>\n\t\t\t\t\t<\/div>\n\t\t\t\t<\/div>\n\t\t<div data-particle_enable=\"false\" data-particle-mobile-disabled=\"false\" class=\"elementor-element elementor-element-b6952db e-flex e-con-boxed e-con e-parent\" data-id=\"b6952db\" data-element_type=\"container\" data-e-type=\"container\">\n\t\t\t\t\t<div class=\"e-con-inner\">\n\t\t\t\t<div class=\"elementor-element elementor-element-20d0048 elementor-invisible elementor-widget elementor-widget-facebook-embed\" data-id=\"20d0048\" data-element_type=\"widget\" data-e-type=\"widget\" data-settings=\"{&quot;_animation&quot;:&quot;zoomInDown&quot;}\" data-widget_type=\"facebook-embed.default\">\n\t\t\t\t\t<div style=\"min-height: 1px\" class=\"elementor-facebook-widget fb-video\" data-href=\"https:\/\/www.facebook.com\/reel\/1924905938000084\" data-show-text=\"false\" data-allowfullscreen=\"false\" data-autoplay=\"false\" data-show-captions=\"false\"><\/div>\t\t\t\t<\/div>\n\t\t\t\t\t<\/div>\n\t\t\t\t<\/div>\n\t\t<div data-particle_enable=\"false\" data-particle-mobile-disabled=\"false\" class=\"elementor-element elementor-element-146fe51 e-flex e-con-boxed e-con e-parent\" data-id=\"146fe51\" data-element_type=\"container\" data-e-type=\"container\">\n\t\t\t\t\t<div class=\"e-con-inner\">\n\t\t\t\t<div class=\"elementor-element elementor-element-f3ac7dc elementor-widget elementor-widget-heading\" data-id=\"f3ac7dc\" data-element_type=\"widget\" data-e-type=\"widget\" data-widget_type=\"heading.default\">\n\t\t\t\t\t<h3 class=\"elementor-heading-title elementor-size-default\">Un legado cultural en Los Angeles<\/h3>\t\t\t\t<\/div>\n\t\t\t\t\t<\/div>\n\t\t\t\t<\/div>\n\t\t<div data-particle_enable=\"false\" data-particle-mobile-disabled=\"false\" class=\"elementor-element elementor-element-948c209 e-flex e-con-boxed e-con e-parent\" data-id=\"948c209\" data-element_type=\"container\" data-e-type=\"container\">\n\t\t\t\t\t<div class=\"e-con-inner\">\n\t\t\t\t<div class=\"elementor-element elementor-element-9b6f9f4 elementor-widget elementor-widget-text-editor\" data-id=\"9b6f9f4\" data-element_type=\"widget\" data-e-type=\"widget\" data-widget_type=\"text-editor.default\">\n\t\t\t\t\t\t\t\t\t<p>El desfile navide\u00f1o forma parte de una serie de eventos organizados por la Asociaci\u00f3n de Migrantes Guatemaltecos\u00a0 en Los \u00c1ngeles (Amgla), liderada por Ren\u00e9 Amiel. La Amgla tambi\u00e9n ha sido responsable de otros eventos ic\u00f3nicos, como el Desfile de Independencia de Guatemala y la Feria Cultural Guatemalteca, que en 2024 alcanz\u00f3 una notable aceptaci\u00f3n.<\/p><p>Estos eventos no solo celebran la cultura, la m\u00fasica y el arte guatemalteco, sino que tambi\u00e9n buscan mantener vivo el legado de un pueblo que, aunque lejos de su tierra natal, sigue arraigado a sus tradiciones y valores.<\/p>\t\t\t\t\t\t\t\t<\/div>\n\t\t\t\t\t<\/div>\n\t\t\t\t<\/div>\n\t\t<div data-particle_enable=\"false\" data-particle-mobile-disabled=\"false\" class=\"elementor-element elementor-element-2c2f416 e-flex e-con-boxed e-con e-parent\" data-id=\"2c2f416\" data-element_type=\"container\" data-e-type=\"container\">\n\t\t\t\t\t<div class=\"e-con-inner\">\n\t\t\t\t<div class=\"elementor-element elementor-element-5789a03 elementor-widget elementor-widget-image\" data-id=\"5789a03\" data-element_type=\"widget\" data-e-type=\"widget\" data-widget_type=\"image.default\">\n\t\t\t\t\t\t\t\t\t\t\t\t\t\t\t<img decoding=\"async\" width=\"768\" height=\"1024\" src=\"https:\/\/soymigrante.com\/revista\/wp-content\/uploads\/2024\/11\/desfile-navideno-los-angeles-768x1024.jpg\" class=\"attachment-large size-large wp-image-14830\" alt=\"Desfile navide\u00f1o en diciembre con carrozas decoradas y ni\u00f1os disfrazados, celebrando la Navidad en la ciudad en un ambiente festivo y familiar.\" srcset=\"https:\/\/soymigrante.com\/revista\/wp-content\/uploads\/2024\/11\/desfile-navideno-los-angeles-768x1024.jpg 768w, https:\/\/soymigrante.com\/revista\/wp-content\/uploads\/2024\/11\/desfile-navideno-los-angeles-225x300.jpg 225w, https:\/\/soymigrante.com\/revista\/wp-content\/uploads\/2024\/11\/desfile-navideno-los-angeles-1152x1536.jpg 1152w, https:\/\/soymigrante.com\/revista\/wp-content\/uploads\/2024\/11\/desfile-navideno-los-angeles-750x1000.webp 750w, https:\/\/soymigrante.com\/revista\/wp-content\/uploads\/2024\/11\/desfile-navideno-los-angeles-1140x1520.webp 1140w, https:\/\/soymigrante.com\/revista\/wp-content\/uploads\/2024\/11\/desfile-navideno-los-angeles.webp 1440w\" sizes=\"(max-width: 768px) 100vw, 768px\" title=\"desfile navide\u00f1o los angeles \u2013 SoyMigrante.com REVISTA\" \/>\t\t\t\t\t\t\t\t\t\t\t\t\t\t\t<\/div>\n\t\t\t\t\t<\/div>\n\t\t\t\t<\/div>\n\t\t<div data-particle_enable=\"false\" data-particle-mobile-disabled=\"false\" class=\"elementor-element elementor-element-b49ca87 e-flex e-con-boxed e-con e-parent\" data-id=\"b49ca87\" data-element_type=\"container\" data-e-type=\"container\">\n\t\t\t\t\t<div class=\"e-con-inner\">\n\t\t\t\t<div class=\"elementor-element elementor-element-13eab3f elementor-widget elementor-widget-heading\" data-id=\"13eab3f\" data-element_type=\"widget\" data-e-type=\"widget\" data-widget_type=\"heading.default\">\n\t\t\t\t\t<h3 class=\"elementor-heading-title elementor-size-default\">M\u00e1s que un desfile, un mensaje de uni\u00f3n<\/h3>\t\t\t\t<\/div>\n\t\t\t\t\t<\/div>\n\t\t\t\t<\/div>\n\t\t<div data-particle_enable=\"false\" data-particle-mobile-disabled=\"false\" class=\"elementor-element elementor-element-f112855 e-flex e-con-boxed e-con e-parent\" data-id=\"f112855\" data-element_type=\"container\" data-e-type=\"container\">\n\t\t\t\t\t<div class=\"e-con-inner\">\n\t\t\t\t<div class=\"elementor-element elementor-element-bef155c elementor-widget elementor-widget-text-editor\" data-id=\"bef155c\" data-element_type=\"widget\" data-e-type=\"widget\" data-widget_type=\"text-editor.default\">\n\t\t\t\t\t\t\t\t\t<p>El objetivo principal del Desfile Navide\u00f1o y otros eventos similares es recordar a la\u00a0<a href=\"https:\/\/soymigrante.com\/revista\/foro-tps-en-guatemala-union-de-apoyos-diferencia-actual-solicitud-de-29-anteriores\/\" target=\"_blank\" rel=\"noopener\">comunidad guatemalteca<\/a>\u00a0y latina que, aunque est\u00e9n lejos de casa, las tradiciones y el esp\u00edritu cultural est\u00e1n vivos y presentes en cada celebraci\u00f3n.<\/p><p>La m\u00fasica, las danzas y la calidez de estas iniciativas reflejan que la distancia no apaga el amor por la patria, sino que lo fortalece, llevando a las nuevas generaciones el mensaje de orgullo y unidad.<\/p><p>\u00a1Los \u00c1ngeles se prepara para celebrar la magia navide\u00f1a con un desfile que promete llenar de alegr\u00eda y tradici\u00f3n el coraz\u00f3n de todos los asistentes!<\/p>\t\t\t\t\t\t\t\t<\/div>\n\t\t\t\t\t<\/div>\n\t\t\t\t<\/div>\n\t\t<div data-particle_enable=\"false\" data-particle-mobile-disabled=\"false\" class=\"elementor-element elementor-element-46b2b62 e-flex e-con-boxed e-con e-parent\" data-id=\"46b2b62\" data-element_type=\"container\" data-e-type=\"container\">\n\t\t\t\t\t<div class=\"e-con-inner\">\n\t\t\t\t<div class=\"elementor-element elementor-element-914853d elementor-widget elementor-widget-heading\" data-id=\"914853d\" data-element_type=\"widget\" data-e-type=\"widget\" data-widget_type=\"heading.default\">\n\t\t\t\t\t<h2 class=\"elementor-heading-title elementor-size-default\">No dejes de leer estas recomendaciones<\/h2>\t\t\t\t<\/div>\n\t\t\t\t\t<\/div>\n\t\t\t\t<\/div>\n\t\t<div data-particle_enable=\"false\" data-particle-mobile-disabled=\"false\" class=\"elementor-element elementor-element-e23578e e-flex e-con-boxed e-con e-parent\" data-id=\"e23578e\" data-element_type=\"container\" data-e-type=\"container\">\n\t\t\t\t\t<div class=\"e-con-inner\">\n\t\t\t\t<div class=\"elementor-element elementor-element-d6ec226 elementor-grid-eael-col-3 elementor-grid-tablet-eael-col-2 elementor-grid-mobile-eael-col-1 elementor-widget elementor-widget-eael-post-grid\" data-id=\"d6ec226\" data-element_type=\"widget\" data-e-type=\"widget\" data-settings=\"{&quot;eael_post_grid_columns&quot;:&quot;eael-col-3&quot;,&quot;eael_post_grid_columns_tablet&quot;:&quot;eael-col-2&quot;,&quot;eael_post_grid_columns_mobile&quot;:&quot;eael-col-1&quot;}\" data-widget_type=\"eael-post-grid.default\">\n\t\t\t\t\t<div id=\"eael-post-grid-d6ec226\" class=\"eael-post-grid-container\">\n            <div class=\"eael-post-grid eael-post-appender eael-post-appender-d6ec226 eael-post-grid-style-one\" data-layout-mode=\"masonry\"><article class=\"eael-grid-post  eael-post-grid-column eael-pg-post-14623 category-bienestar\" data-id=\"14623\">\n        <div class=\"eael-grid-post-holder\">\n            <div class=\"eael-grid-post-holder-inner\"><div class=\"eael-entry-media\"><div class=\"eael-entry-overlay fade-in\"><i class=\"far fa-hand-pointer\" aria-hidden=\"true\"><\/i><a href=\"https:\/\/soymigrante.com\/revista\/fin-de-ano-sugerencias-para-viajar-con-ninos-sin-contratiempos\/\"><\/a><\/div><div class=\"eael-entry-thumbnail \">\n                <img decoding=\"async\" width=\"1024\" height=\"1024\" src=\"https:\/\/soymigrante.com\/revista\/wp-content\/uploads\/2024\/11\/Viaje-ninos-usa3-1024x1024.jpg\" class=\"attachment-large size-large wp-image-14647\" alt=\"Ni\u00f1o mirando por la ventana de un avi\u00f3n, simbolizando viajes y migraci\u00f3n, en el contexto de la revista SoyMigrante.com Revoluciona tus perspectivas sobre migraci\u00f3n y cultura con contenido inspirador y relevante.\" srcset=\"https:\/\/soymigrante.com\/revista\/wp-content\/uploads\/2024\/11\/Viaje-ninos-usa3-1024x1024.jpg 1024w, https:\/\/soymigrante.com\/revista\/wp-content\/uploads\/2024\/11\/Viaje-ninos-usa3-300x300.jpg 300w, https:\/\/soymigrante.com\/revista\/wp-content\/uploads\/2024\/11\/Viaje-ninos-usa3-150x150.jpg 150w, https:\/\/soymigrante.com\/revista\/wp-content\/uploads\/2024\/11\/Viaje-ninos-usa3-768x768.jpg 768w, https:\/\/soymigrante.com\/revista\/wp-content\/uploads\/2024\/11\/Viaje-ninos-usa3-1536x1536.jpg 1536w, https:\/\/soymigrante.com\/revista\/wp-content\/uploads\/2024\/11\/Viaje-ninos-usa3-2048x2048.jpg 2048w, https:\/\/soymigrante.com\/revista\/wp-content\/uploads\/2024\/11\/Viaje-ninos-usa3-75x75.webp 75w, https:\/\/soymigrante.com\/revista\/wp-content\/uploads\/2024\/11\/Viaje-ninos-usa3-750x750.webp 750w, https:\/\/soymigrante.com\/revista\/wp-content\/uploads\/2024\/11\/Viaje-ninos-usa3-1140x1140.webp 1140w, https:\/\/soymigrante.com\/revista\/wp-content\/uploads\/2024\/11\/Viaje-ninos-usa3-scaled.webp 1920w\" sizes=\"(max-width: 1024px) 100vw, 1024px\" \/>\n            <\/div>\n        <\/div><div class=\"eael-entry-wrapper\"><header class=\"eael-entry-header\"><h2 class=\"eael-entry-title\"><a class=\"eael-grid-post-link\" href=\"https:\/\/soymigrante.com\/revista\/fin-de-ano-sugerencias-para-viajar-con-ninos-sin-contratiempos\/\" title=\"Fin de a\u00f1o: sugerencias para viajar con ni\u00f1os sin contratiempos\">Fin de a\u00f1o: sugerencias para viajar con ni\u00f1os sin contratiempos<\/a><\/h2><\/header><div class=\"eael-entry-content\">\n                        <div class=\"eael-grid-post-excerpt\"><a href=\"https:\/\/soymigrante.com\/revista\/fin-de-ano-sugerencias-para-viajar-con-ninos-sin-contratiempos\/\" class=\"eael-post-elements-readmore-btn\">CONOCE SU HISTORIA <\/a><\/div>\n                    <\/div><\/div><\/div>\n        <\/div>\n    <\/article><article class=\"eael-grid-post  eael-post-grid-column eael-pg-post-12637 category-bienestar\" data-id=\"12637\">\n        <div class=\"eael-grid-post-holder\">\n            <div class=\"eael-grid-post-holder-inner\"><div class=\"eael-entry-media\"><div class=\"eael-entry-overlay fade-in\"><i class=\"far fa-hand-pointer\" aria-hidden=\"true\"><\/i><a href=\"https:\/\/soymigrante.com\/revista\/sabes-cuanto-dinero-en-efectivo-puedes-ingresar-o-sacar-de-estados-unidos\/\"><\/a><\/div><div class=\"eael-entry-thumbnail \">\n                <img loading=\"lazy\" decoding=\"async\" width=\"1024\" height=\"1024\" src=\"https:\/\/soymigrante.com\/revista\/wp-content\/uploads\/2024\/11\/dolares-1024x1024.jpg\" class=\"attachment-large size-large wp-image-13266\" alt=\"Dinero en efectivo, moneda de un d\u00f3lar, close-up de rostro de barco en billete de d\u00f3lar estadounidense.\" srcset=\"https:\/\/soymigrante.com\/revista\/wp-content\/uploads\/2024\/11\/dolares-1024x1024.jpg 1024w, https:\/\/soymigrante.com\/revista\/wp-content\/uploads\/2024\/11\/dolares-300x300.jpg 300w, https:\/\/soymigrante.com\/revista\/wp-content\/uploads\/2024\/11\/dolares-150x150.jpg 150w, https:\/\/soymigrante.com\/revista\/wp-content\/uploads\/2024\/11\/dolares-768x768.jpg 768w, https:\/\/soymigrante.com\/revista\/wp-content\/uploads\/2024\/11\/dolares-1536x1536.jpg 1536w, https:\/\/soymigrante.com\/revista\/wp-content\/uploads\/2024\/11\/dolares-2048x2048.jpg 2048w, https:\/\/soymigrante.com\/revista\/wp-content\/uploads\/2024\/11\/dolares-75x75.webp 75w, https:\/\/soymigrante.com\/revista\/wp-content\/uploads\/2024\/11\/dolares-750x750.webp 750w, https:\/\/soymigrante.com\/revista\/wp-content\/uploads\/2024\/11\/dolares-1140x1140.webp 1140w, https:\/\/soymigrante.com\/revista\/wp-content\/uploads\/2024\/11\/dolares-scaled.webp 1920w\" sizes=\"(max-width: 1024px) 100vw, 1024px\" \/>\n            <\/div>\n        <\/div><div class=\"eael-entry-wrapper\"><header class=\"eael-entry-header\"><h2 class=\"eael-entry-title\"><a class=\"eael-grid-post-link\" href=\"https:\/\/soymigrante.com\/revista\/sabes-cuanto-dinero-en-efectivo-puedes-ingresar-o-sacar-de-estados-unidos\/\" title=\"\u00bfSabes cu\u00e1nto dinero en efectivo puedes ingresar o sacar de Estados Unidos?\">\u00bfSabes cu\u00e1nto dinero en efectivo puedes ingresar o sacar de Estados Unidos?<\/a><\/h2><\/header><div class=\"eael-entry-content\">\n                        <div class=\"eael-grid-post-excerpt\"><a href=\"https:\/\/soymigrante.com\/revista\/sabes-cuanto-dinero-en-efectivo-puedes-ingresar-o-sacar-de-estados-unidos\/\" class=\"eael-post-elements-readmore-btn\">CONOCE SU HISTORIA <\/a><\/div>\n                    <\/div><\/div><\/div>\n        <\/div>\n    <\/article><article class=\"eael-grid-post  eael-post-grid-column eael-pg-post-8116 category-bienestar\" data-id=\"8116\">\n        <div class=\"eael-grid-post-holder\">\n            <div class=\"eael-grid-post-holder-inner\"><div class=\"eael-entry-media\"><div class=\"eael-entry-overlay fade-in\"><i class=\"far fa-hand-pointer\" aria-hidden=\"true\"><\/i><a href=\"https:\/\/soymigrante.com\/revista\/vacunas-son-vitales-para-ninos-sean-o-no-migrantes-en-ee-uu\/\"><\/a><\/div><div class=\"eael-entry-thumbnail \">\n                <img loading=\"lazy\" decoding=\"async\" width=\"814\" height=\"814\" src=\"https:\/\/soymigrante.com\/revista\/wp-content\/uploads\/2024\/08\/vacunacion-ninos-e1724080565706.webp\" class=\"attachment-large size-large wp-image-8148\" alt=\"Ni\u00f1a jugando con bal\u00f3n de f\u00fatbol en parque, disfrutando de actividades deportivas para ni\u00f1os.\" srcset=\"https:\/\/soymigrante.com\/revista\/wp-content\/uploads\/2024\/08\/vacunacion-ninos-e1724080565706.webp 814w, https:\/\/soymigrante.com\/revista\/wp-content\/uploads\/2024\/08\/vacunacion-ninos-e1724080565706-300x300.webp 300w, https:\/\/soymigrante.com\/revista\/wp-content\/uploads\/2024\/08\/vacunacion-ninos-e1724080565706-150x150.webp 150w, https:\/\/soymigrante.com\/revista\/wp-content\/uploads\/2024\/08\/vacunacion-ninos-e1724080565706-768x768.webp 768w, https:\/\/soymigrante.com\/revista\/wp-content\/uploads\/2024\/08\/vacunacion-ninos-e1724080565706-75x75.webp 75w, https:\/\/soymigrante.com\/revista\/wp-content\/uploads\/2024\/08\/vacunacion-ninos-e1724080565706-750x750.webp 750w\" sizes=\"(max-width: 814px) 100vw, 814px\" \/>\n            <\/div>\n        <\/div><div class=\"eael-entry-wrapper\"><header class=\"eael-entry-header\"><h2 class=\"eael-entry-title\"><a class=\"eael-grid-post-link\" href=\"https:\/\/soymigrante.com\/revista\/vacunas-son-vitales-para-ninos-sean-o-no-migrantes-en-ee-uu\/\" title=\"Vacunas son vitales para ni\u00f1os, sean o no migrantes en EE.UU.\">Vacunas son vitales para ni\u00f1os, sean o no migrantes en EE.UU.<\/a><\/h2><\/header><div class=\"eael-entry-content\">\n                        <div class=\"eael-grid-post-excerpt\"><a href=\"https:\/\/soymigrante.com\/revista\/vacunas-son-vitales-para-ninos-sean-o-no-migrantes-en-ee-uu\/\" class=\"eael-post-elements-readmore-btn\">CONOCE SU HISTORIA <\/a><\/div>\n                    <\/div><\/div><\/div>\n        <\/div>\n    <\/article><\/div>\n            <div class=\"clearfix\"><\/div>\n        <\/div>\t\t\t\t<\/div>\n\t\t\t\t\t<\/div>\n\t\t\t\t<\/div>\n\t\t\t\t<\/div>\n\t\t","protected":false},"excerpt":{"rendered":"<p>El desfile navide\u00f1o de Westlake y su festival asociado han ganado un lugar especial en el coraz\u00f3n de la comunidad guatemalteca y latina en Los Angeles. Tienes una cita el 7 de diciembre para compartir con tu familia. Este a\u00f1o, el desfile navide\u00f1o de Westlake est\u00e1 programado para el s\u00e1bado 7 de diciembre y recorrer\u00e1 [&hellip;]<\/p>\n","protected":false},"author":23,"featured_media":15125,"comment_status":"open","ping_status":"open","sticky":false,"template":"","format":"standard","meta":{"_acf_changed":false,"_eb_attr":"","footnotes":""},"categories":[54],"tags":[],"class_list":["post-14821","post","type-post","status-publish","format-standard","has-post-thumbnail","hentry","category-estamos-unidos"],"acf":[],"aioseo_notices":[],"aioseo_head":"\n\t\t<!-- All in One SEO Pro 4.9.6.2 - aioseo.com -->\n\t<meta name=\"description\" content=\"Los migrantes en EE.UU. no deben descuidar la salud de sus hijos menores de 5 a\u00f1os y vacunarlos es un factor fundamental. Algunos datos sobre el esquema de inmunizaci\u00f3n.\" \/>\n\t<meta name=\"robots\" content=\"max-snippet:-1, max-image-preview:large, max-video-preview:-1\" \/>\n\t<meta name=\"author\" content=\"Beatriz Tercero\"\/>\n\t<link rel=\"canonical\" href=\"https:\/\/soymigrante.com\/revista\/vacunas-son-vitales-para-ninos-sean-o-no-migrantes-en-ee-uu\/\" \/>\n\t<meta name=\"generator\" content=\"All in One SEO Pro (AIOSEO) 4.9.6.2\" \/>\n\n\t\t<link rel=\"preconnect\" href=\"https:\/\/fonts.googleapis.com\" crossorigin>\n<link rel=\"preconnect\" href=\"https:\/\/fonts.gstatic.com\" crossorigin>\n\t\t<meta property=\"og:locale\" content=\"es_ES\" \/>\n\t\t<meta property=\"og:site_name\" content=\"SoyMigrante.com REVISTA \u2013 Nuestra misi\u00f3n es reconocer y dignificar al migrante.\" \/>\n\t\t<meta property=\"og:type\" content=\"article\" \/>\n\t\t<meta property=\"og:title\" content=\"Vacunaci\u00f3n de ni\u00f1os en USA: sean o no migrantes, las necesitan\" \/>\n\t\t<meta property=\"og:description\" content=\"Los migrantes en EE.UU. no deben descuidar la salud de sus hijos menores de 5 a\u00f1os y vacunarlos es un factor fundamental. Algunos datos sobre el esquema de inmunizaci\u00f3n.\" \/>\n\t\t<meta property=\"og:url\" content=\"https:\/\/soymigrante.com\/revista\/vacunas-son-vitales-para-ninos-sean-o-no-migrantes-en-ee-uu\/\" \/>\n\t\t<meta property=\"og:image\" content=\"https:\/\/soymigrante.com\/revista\/wp-content\/uploads\/2024\/08\/vacunacion-ninos-e1724080565706.webp\" \/>\n\t\t<meta property=\"og:image:secure_url\" content=\"https:\/\/soymigrante.com\/revista\/wp-content\/uploads\/2024\/08\/vacunacion-ninos-e1724080565706.webp\" \/>\n\t\t<meta property=\"og:image:width\" content=\"814\" \/>\n\t\t<meta property=\"og:image:height\" content=\"814\" \/>\n\t\t<meta property=\"article:published_time\" content=\"2024-10-01T17:22:00+00:00\" \/>\n\t\t<meta property=\"article:modified_time\" content=\"2024-10-01T17:22:01+00:00\" \/>\n\t\t<meta property=\"article:publisher\" content=\"https:\/\/www.facebook.com\/soymigrantecom\" \/>\n\t\t<meta name=\"twitter:card\" content=\"summary_large_image\" \/>\n\t\t<meta name=\"twitter:site\" content=\"@SoyMigrante_com\" \/>\n\t\t<meta name=\"twitter:title\" content=\"Vacunaci\u00f3n de ni\u00f1os en USA: sean o no migrantes, las necesitan\" \/>\n\t\t<meta name=\"twitter:description\" content=\"Los migrantes en EE.UU. no deben descuidar la salud de sus hijos menores de 5 a\u00f1os y vacunarlos es un factor fundamental. Algunos datos sobre el esquema de inmunizaci\u00f3n.\" \/>\n\t\t<meta name=\"twitter:creator\" content=\"@SoyMigrante_com\" \/>\n\t\t<meta name=\"twitter:image\" content=\"https:\/\/soymigrante.com\/revista\/wp-content\/uploads\/2024\/08\/vacunacion-ninos-e1724080565706.webp\" \/>\n\t\t<!-- All in One SEO Pro -->\r\n\t\t<title>Vacunaci\u00f3n de ni\u00f1os en USA: sean o no migrantes, las necesitan<\/title>\n\n","aioseo_head_json":{"title":"Vacunaci\u00f3n de ni\u00f1os en USA: sean o no migrantes, las necesitan","description":"Los migrantes en EE.UU. no deben descuidar la salud de sus hijos menores de 5 a\u00f1os y vacunarlos es un factor fundamental. Algunos datos sobre el esquema de inmunizaci\u00f3n.","canonical_url":"https:\/\/soymigrante.com\/revista\/vacunas-son-vitales-para-ninos-sean-o-no-migrantes-en-ee-uu\/","robots":"max-snippet:-1, max-image-preview:large, max-video-preview:-1","keywords":"","webmasterTools":{"miscellaneous":"&lt;link rel=\"preconnect\" href=\"https:\/\/fonts.googleapis.com\" crossorigin&gt;\n&lt;link rel=\"preconnect\" href=\"https:\/\/fonts.gstatic.com\" crossorigin&gt;"},"schema":null,"og:locale":"es_ES","og:site_name":"SoyMigrante.com REVISTA \u2013 Nuestra misi\u00f3n es reconocer y dignificar al migrante.","og:type":"article","og:title":"Vacunaci\u00f3n de ni\u00f1os en USA: sean o no migrantes, las necesitan","og:description":"Los migrantes en EE.UU. no deben descuidar la salud de sus hijos menores de 5 a\u00f1os y vacunarlos es un factor fundamental. Algunos datos sobre el esquema de inmunizaci\u00f3n.","og:url":"https:\/\/soymigrante.com\/revista\/vacunas-son-vitales-para-ninos-sean-o-no-migrantes-en-ee-uu\/","og:image":"https:\/\/soymigrante.com\/revista\/wp-content\/uploads\/2024\/08\/vacunacion-ninos-e1724080565706.webp","og:image:secure_url":"https:\/\/soymigrante.com\/revista\/wp-content\/uploads\/2024\/08\/vacunacion-ninos-e1724080565706.webp","og:image:width":814,"og:image:height":814,"article:published_time":"2024-10-01T17:22:00+00:00","article:modified_time":"2024-10-01T17:22:01+00:00","article:publisher":"https:\/\/www.facebook.com\/soymigrantecom","twitter:card":"summary_large_image","twitter:site":"@SoyMigrante_com","twitter:title":"Vacunaci\u00f3n de ni\u00f1os en USA: sean o no migrantes, las necesitan","twitter:description":"Los migrantes en EE.UU. no deben descuidar la salud de sus hijos menores de 5 a\u00f1os y vacunarlos es un factor fundamental. Algunos datos sobre el esquema de inmunizaci\u00f3n.","twitter:creator":"@SoyMigrante_com","twitter:image":"https:\/\/soymigrante.com\/revista\/wp-content\/uploads\/2024\/08\/vacunacion-ninos-e1724080565706.webp"},"aioseo_meta_data":{"post_id":"14821","title":"Guatemala presente en desfile navide\u00f1o de Westlake L.A.","description":"El desfile navide\u00f1o de Westlake, Los Angeles: una celebraci\u00f3n de cultura hispana y por supuesto guatemalteca: ser\u00e1 este 2 de diciembre. Te damos los detalles","keywords":null,"keyphrases":{"focus":{"keyphrase":"Desfile navide\u00f1o","score":82,"analysis":{"keyphraseInTitle":{"score":9,"maxScore":9,"error":0},"keyphraseInDescription":{"score":9,"maxScore":9,"error":0},"keyphraseLength":{"score":9,"maxScore":9,"error":0,"length":3},"keyphraseInURL":{"score":5,"maxScore":5,"error":0},"keyphraseInIntroduction":{"score":9,"maxScore":9,"error":0},"keyphraseInSubHeadings":{"score":3,"maxScore":9,"error":1},"keyphraseInImageAlt":{"score":3,"maxScore":9,"error":1},"keywordDensity":{"type":"best","score":9,"maxScore":9,"error":0}}},"additional":[{"keyphrase":"Los Angeles","score":53,"analysis":{"keyphraseInDescription":{"score":9,"maxScore":9,"error":0},"keyphraseLength":{"score":9,"maxScore":9,"error":0,"length":2},"keyphraseInIntroduction":{"score":3,"maxScore":9,"error":1},"keyphraseInImageAlt":{"score":3,"maxScore":9,"error":1},"keywordDensity":{"score":0,"type":"low","maxScore":9,"error":1}}},{"keyphrase":"Westlake","score":67,"analysis":{"keyphraseInDescription":{"score":9,"maxScore":9,"error":0},"keyphraseLength":{"score":9,"maxScore":9,"error":0,"length":1},"keyphraseInIntroduction":{"score":9,"maxScore":9,"error":0},"keyphraseInImageAlt":{"score":3,"maxScore":9,"error":1},"keywordDensity":{"score":0,"type":"low","maxScore":9,"error":1}}}]},"primary_term":null,"canonical_url":null,"og_title":null,"og_description":null,"og_object_type":"default","og_image_type":"default","og_image_url":null,"og_image_width":null,"og_image_height":null,"og_image_custom_url":null,"og_image_custom_fields":null,"og_video":"","og_custom_url":null,"og_article_section":null,"og_article_tags":null,"twitter_use_og":false,"twitter_card":"default","twitter_image_type":"default","twitter_image_url":null,"twitter_image_custom_url":null,"twitter_image_custom_fields":null,"twitter_title":null,"twitter_description":null,"schema":{"blockGraphs":[],"customGraphs":[],"default":{"data":{"Article":[],"Course":[],"Dataset":[],"FAQPage":[],"Movie":[],"Person":[],"Product":[],"ProductReview":[],"Car":[],"Recipe":[],"Service":[],"SoftwareApplication":[],"WebPage":[]},"graphName":"Article","isEnabled":true},"graphs":[]},"schema_type":"default","schema_type_options":null,"pillar_content":false,"robots_default":true,"robots_noindex":false,"robots_noarchive":false,"robots_nosnippet":false,"robots_nofollow":false,"robots_noimageindex":false,"robots_noodp":false,"robots_notranslate":false,"robots_max_snippet":"-1","robots_max_videopreview":"-1","robots_max_imagepreview":"large","priority":null,"frequency":"default","local_seo":null,"seo_analyzer_scan_date":"2025-10-09 00:39:16","breadcrumb_settings":null,"limit_modified_date":false,"reviewed_by":null,"open_ai":"{\"title\":{\"suggestions\":[],\"usage\":0},\"description\":{\"suggestions\":[],\"usage\":0}}","ai":null,"created":"2024-11-28 03:01:17","updated":"2026-02-04 17:40:26"},"aioseo_breadcrumb":"<div class=\"aioseo-breadcrumbs\"><span class=\"aioseo-breadcrumb\">\n\t<a href=\"https:\/\/soymigrante.com\/revista\" title=\"Home\">Home<\/a>\n<\/span><span class=\"aioseo-breadcrumb-separator\">\u00bb<\/span><span class=\"aioseo-breadcrumb\">\n\t<a href=\"https:\/\/soymigrante.com\/revista\/category\/estamos-unidos\/\" title=\"Estamos Unidos\">Estamos Unidos<\/a>\n<\/span><span class=\"aioseo-breadcrumb-separator\">\u00bb<\/span><span class=\"aioseo-breadcrumb\">\n\tGuatemala presente en desfile navide\u00f1o de Westlake L.A.\n<\/span><\/div>","aioseo_breadcrumb_json":[{"label":"Home","link":"https:\/\/soymigrante.com\/revista"},{"label":"Estamos Unidos","link":"https:\/\/soymigrante.com\/revista\/category\/estamos-unidos\/"},{"label":"Guatemala presente en desfile navide\u00f1o de Westlake L.A.","link":"https:\/\/soymigrante.com\/revista\/guatemala-presente-en-desfile-navideno-de-westlake-l-a\/"}],"_links":{"self":[{"href":"https:\/\/soymigrante.com\/revista\/wp-json\/wp\/v2\/posts\/14821","targetHints":{"allow":["GET"]}}],"collection":[{"href":"https:\/\/soymigrante.com\/revista\/wp-json\/wp\/v2\/posts"}],"about":[{"href":"https:\/\/soymigrante.com\/revista\/wp-json\/wp\/v2\/types\/post"}],"author":[{"embeddable":true,"href":"https:\/\/soymigrante.com\/revista\/wp-json\/wp\/v2\/users\/23"}],"replies":[{"embeddable":true,"href":"https:\/\/soymigrante.com\/revista\/wp-json\/wp\/v2\/comments?post=14821"}],"version-history":[{"count":0,"href":"https:\/\/soymigrante.com\/revista\/wp-json\/wp\/v2\/posts\/14821\/revisions"}],"wp:featuredmedia":[{"embeddable":true,"href":"https:\/\/soymigrante.com\/revista\/wp-json\/wp\/v2\/media\/15125"}],"wp:attachment":[{"href":"https:\/\/soymigrante.com\/revista\/wp-json\/wp\/v2\/media?parent=14821"}],"wp:term":[{"taxonomy":"category","embeddable":true,"href":"https:\/\/soymigrante.com\/revista\/wp-json\/wp\/v2\/categories?post=14821"},{"taxonomy":"post_tag","embeddable":true,"href":"https:\/\/soymigrante.com\/revista\/wp-json\/wp\/v2\/tags?post=14821"}],"curies":[{"name":"wp","href":"https:\/\/api.w.org\/{rel}","templated":true}]}}