{"id":1481,"date":"2023-06-22T22:19:16","date_gmt":"2023-06-22T22:19:16","guid":{"rendered":"https:\/\/soymigrante.com\/revista\/?p=1481"},"modified":"2024-07-31T15:50:43","modified_gmt":"2024-07-31T21:50:43","slug":"migrante-guatemalteco-genera-empleo-en-su-taller-textil-de-salcaja","status":"publish","type":"post","link":"https:\/\/soymigrante.com\/revista\/migrante-guatemalteco-genera-empleo-en-su-taller-textil-de-salcaja\/","title":{"rendered":"Migrante guatemalteco genera empleo en su taller textil de Salcaj\u00e1"},"content":{"rendered":"\t\t<div data-elementor-type=\"wp-post\" data-elementor-id=\"1481\" class=\"elementor elementor-1481\" data-elementor-post-type=\"post\">\n\t\t\t\t\t\t<section data-particle_enable=\"false\" data-particle-mobile-disabled=\"false\" class=\"elementor-section elementor-top-section elementor-element elementor-element-62834690 elementor-section-boxed elementor-section-height-default elementor-section-height-default\" data-id=\"62834690\" data-element_type=\"section\" data-e-type=\"section\">\n\t\t\t\t\t\t<div class=\"elementor-container elementor-column-gap-default\">\n\t\t\t\t\t<div class=\"elementor-column elementor-col-100 elementor-top-column elementor-element elementor-element-506dfd8f\" data-id=\"506dfd8f\" data-element_type=\"column\" data-e-type=\"column\">\n\t\t\t<div class=\"elementor-widget-wrap elementor-element-populated\">\n\t\t\t\t\t\t<div class=\"elementor-element elementor-element-289c6d56 elementor-widget elementor-widget-text-editor\" data-id=\"289c6d56\" data-element_type=\"widget\" data-e-type=\"widget\" data-widget_type=\"text-editor.default\">\n\t\t\t\t\t\t\t\t\t\n<p>Carlos migrante guatemalteco regres\u00f3 a su tierra natal para generar empleo.<\/p>\n\t\t\t\t\t\t\t\t<\/div>\n\t\t\t\t\t<\/div>\n\t\t<\/div>\n\t\t\t\t\t<\/div>\n\t\t<\/section>\n\t\t\t\t<section data-particle_enable=\"false\" data-particle-mobile-disabled=\"false\" class=\"elementor-section elementor-top-section elementor-element elementor-element-7e6b260 elementor-section-boxed elementor-section-height-default elementor-section-height-default\" data-id=\"7e6b260\" data-element_type=\"section\" data-e-type=\"section\">\n\t\t\t\t\t\t<div class=\"elementor-container elementor-column-gap-default\">\n\t\t\t\t\t<div class=\"elementor-column elementor-col-100 elementor-top-column elementor-element elementor-element-9bb95b6\" data-id=\"9bb95b6\" data-element_type=\"column\" data-e-type=\"column\">\n\t\t\t<div class=\"elementor-widget-wrap elementor-element-populated\">\n\t\t\t\t\t\t<div class=\"elementor-element elementor-element-a74a6e9 elementor-widget elementor-widget-heading\" data-id=\"a74a6e9\" data-element_type=\"widget\" data-e-type=\"widget\" data-widget_type=\"heading.default\">\n\t\t\t\t\t<h3 class=\"elementor-heading-title elementor-size-default\">En el a\u00f1o 1,989, el migrante Carlos Soc lleg\u00f3 hacia Estados Unidos con el objetivo de encontrar oportunidades laborales.  Posteriormente regres\u00f3 a su tierra natal para impulsar  el talento que ten\u00eda en sus manos para emprender un negocio.<\/h3>\t\t\t\t<\/div>\n\t\t\t\t\t<\/div>\n\t\t<\/div>\n\t\t\t\t\t<\/div>\n\t\t<\/section>\n\t\t\t\t<section data-particle_enable=\"false\" data-particle-mobile-disabled=\"false\" class=\"elementor-section elementor-top-section elementor-element elementor-element-f7345c3 elementor-section-boxed elementor-section-height-default elementor-section-height-default\" data-id=\"f7345c3\" data-element_type=\"section\" data-e-type=\"section\">\n\t\t\t\t\t\t<div class=\"elementor-container elementor-column-gap-default\">\n\t\t\t\t\t<div class=\"elementor-column elementor-col-100 elementor-top-column elementor-element elementor-element-5e3feca\" data-id=\"5e3feca\" data-element_type=\"column\" data-e-type=\"column\">\n\t\t\t<div class=\"elementor-widget-wrap elementor-element-populated\">\n\t\t\t\t\t\t<div class=\"elementor-element elementor-element-a502d2e elementor-widget elementor-widget-image\" data-id=\"a502d2e\" data-element_type=\"widget\" data-e-type=\"widget\" data-widget_type=\"image.default\">\n\t\t\t\t\t\t\t\t\t\t\t\t<figure class=\"wp-caption\">\n\t\t\t\t\t\t\t\t\t\t<img fetchpriority=\"high\" decoding=\"async\" width=\"768\" height=\"576\" src=\"https:\/\/soymigrante.com\/revista\/wp-content\/uploads\/2023\/06\/Carlos-es-fundador-de-la-fabrica-de-textiles-Yancarlo-fue-migrante-guatemalteco-1024x768.webp\" class=\"attachment-large size-large wp-image-1483\" alt=\"Carlos emprendi\u00f3 una f\u00e1brica de textiles\" srcset=\"https:\/\/soymigrante.com\/revista\/wp-content\/uploads\/2023\/06\/Carlos-es-fundador-de-la-fabrica-de-textiles-Yancarlo-fue-migrante-guatemalteco-1024x768.webp 1024w, https:\/\/soymigrante.com\/revista\/wp-content\/uploads\/2023\/06\/Carlos-es-fundador-de-la-fabrica-de-textiles-Yancarlo-fue-migrante-guatemalteco-300x225.webp 300w, https:\/\/soymigrante.com\/revista\/wp-content\/uploads\/2023\/06\/Carlos-es-fundador-de-la-fabrica-de-textiles-Yancarlo-fue-migrante-guatemalteco-768x576.webp 768w, https:\/\/soymigrante.com\/revista\/wp-content\/uploads\/2023\/06\/Carlos-es-fundador-de-la-fabrica-de-textiles-Yancarlo-fue-migrante-guatemalteco-1536x1152.webp 1536w, https:\/\/soymigrante.com\/revista\/wp-content\/uploads\/2023\/06\/Carlos-es-fundador-de-la-fabrica-de-textiles-Yancarlo-fue-migrante-guatemalteco-scaled.webp 1920w, https:\/\/soymigrante.com\/revista\/wp-content\/uploads\/2023\/06\/Carlos-es-fundador-de-la-fabrica-de-textiles-Yancarlo-fue-migrante-guatemalteco-750x563.webp 750w, https:\/\/soymigrante.com\/revista\/wp-content\/uploads\/2023\/06\/Carlos-es-fundador-de-la-fabrica-de-textiles-Yancarlo-fue-migrante-guatemalteco-1140x855.webp 1140w\" sizes=\"(max-width: 768px) 100vw, 768px\" title=\"Carlos emprendi\u00f3 una f\u00e1brica de textiles \u2013 SoyMigrante.com REVISTA\" \/>\t\t\t\t\t\t\t\t\t\t\t<figcaption class=\"widget-image-caption wp-caption-text\">Carlos es fundador de la fabrica de textiles Yancarlo, fue migrante guatemalteco<\/figcaption>\n\t\t\t\t\t\t\t\t\t\t<\/figure>\n\t\t\t\t\t\t\t\t\t<\/div>\n\t\t\t\t\t<\/div>\n\t\t<\/div>\n\t\t\t\t\t<\/div>\n\t\t<\/section>\n\t\t\t\t<section data-particle_enable=\"false\" data-particle-mobile-disabled=\"false\" class=\"elementor-section elementor-top-section elementor-element elementor-element-3274552 elementor-section-boxed elementor-section-height-default elementor-section-height-default\" data-id=\"3274552\" data-element_type=\"section\" data-e-type=\"section\">\n\t\t\t\t\t\t<div class=\"elementor-container elementor-column-gap-default\">\n\t\t\t\t\t<div class=\"elementor-column elementor-col-100 elementor-top-column elementor-element elementor-element-cc14e72\" data-id=\"cc14e72\" data-element_type=\"column\" data-e-type=\"column\">\n\t\t\t<div class=\"elementor-widget-wrap elementor-element-populated\">\n\t\t\t\t\t\t<div class=\"elementor-element elementor-element-6d53ef1 elementor-widget elementor-widget-heading\" data-id=\"6d53ef1\" data-element_type=\"widget\" data-e-type=\"widget\" data-widget_type=\"heading.default\">\n\t\t\t\t\t<h3 class=\"elementor-heading-title elementor-size-default\">Hace 40 a\u00f1os nace un negocio emprendimiento<\/h3>\t\t\t\t<\/div>\n\t\t\t\t<div class=\"elementor-element elementor-element-87e008f elementor-widget elementor-widget-text-editor\" data-id=\"87e008f\" data-element_type=\"widget\" data-e-type=\"widget\" data-widget_type=\"text-editor.default\">\n\t\t\t\t\t\t\t\t\t<p><span style=\"font-weight: 400\">Desde muy peque\u00f1o aprendi\u00f3 el oficio de elaboraci\u00f3n de textiles, sus padres le ense\u00f1aron. En familia teji\u00f3 los primeros cortes colocando as\u00ed tres a cuatro telas, empez\u00f3 con un equipo de trabajo peque\u00f1o.<\/span><\/p>\n<p><span style=\"font-weight: 400\">Fue en busca del sue\u00f1o americano, sin conocer los riesgos y esfuerzo de trabajo en ese pa\u00eds, era com\u00fan en el sector escuchar a varios amigos y vecinos que ten\u00edan mejor vida en Estados Unidos, sin embargo, no todos tienen la misma suerte. Carlos lleg\u00f3 con la esperanza de mejorar su situaci\u00f3n econ\u00f3mica para mantener a su familia.<\/span><\/p>\n<p><span style=\"font-weight: 400\">\u201cFuimos unos de los primeros en llegar a Estados Unidos, entonces no ten\u00edamos familia que nos recibiera, el trabajo era dif\u00edcil, al poco tiempo me di cuenta que lo que ganaba no era suficiente, implicaba m\u00e1s gastos para enviar dinero a mi familia\u201d Agreg\u00f3: Carlos Soc.<\/span><\/p>\n<p><span style=\"font-weight: 400\">Tom\u00f3 la decisi\u00f3n de regresar a su tierra de origen en el municipio de Salcaj\u00e1, Quetzaltenango, con el objetivo de emprender nuevamente, con esfuerzo y dedicaci\u00f3n retomo y conform\u00f3 un equipo de trabajo, en el que participaron ni\u00f1os, j\u00f3venes y se\u00f1ores, poco a poco empez\u00f3 a producir textiles que exportaba a distintos puntos del pa\u00eds, especialmente en el occidente.<\/span><\/p>\t\t\t\t\t\t\t\t<\/div>\n\t\t\t\t\t<\/div>\n\t\t<\/div>\n\t\t\t\t\t<\/div>\n\t\t<\/section>\n\t\t\t\t<section data-particle_enable=\"false\" data-particle-mobile-disabled=\"false\" class=\"elementor-section elementor-top-section elementor-element elementor-element-c83935b elementor-section-boxed elementor-section-height-default elementor-section-height-default\" data-id=\"c83935b\" data-element_type=\"section\" data-e-type=\"section\">\n\t\t\t\t\t\t<div class=\"elementor-container elementor-column-gap-default\">\n\t\t\t\t\t<div class=\"elementor-column elementor-col-100 elementor-top-column elementor-element elementor-element-05acd96\" data-id=\"05acd96\" data-element_type=\"column\" data-e-type=\"column\">\n\t\t\t<div class=\"elementor-widget-wrap elementor-element-populated\">\n\t\t\t\t\t\t<div class=\"elementor-element elementor-element-a33f276 elementor-widget elementor-widget-image\" data-id=\"a33f276\" data-element_type=\"widget\" data-e-type=\"widget\" data-widget_type=\"image.default\">\n\t\t\t\t\t\t\t\t\t\t\t\t<figure class=\"wp-caption\">\n\t\t\t\t\t\t\t\t\t\t<img decoding=\"async\" width=\"768\" height=\"506\" src=\"https:\/\/soymigrante.com\/revista\/wp-content\/uploads\/2023\/06\/La-fafrica-de-textiles-cuenta-con-mas-de-cinco-telares-para-fabricar-cortes-1024x674.webp\" class=\"attachment-large size-large wp-image-1485\" alt=\"Telares antiguos\" srcset=\"https:\/\/soymigrante.com\/revista\/wp-content\/uploads\/2023\/06\/La-fafrica-de-textiles-cuenta-con-mas-de-cinco-telares-para-fabricar-cortes-1024x674.webp 1024w, https:\/\/soymigrante.com\/revista\/wp-content\/uploads\/2023\/06\/La-fafrica-de-textiles-cuenta-con-mas-de-cinco-telares-para-fabricar-cortes-300x197.webp 300w, https:\/\/soymigrante.com\/revista\/wp-content\/uploads\/2023\/06\/La-fafrica-de-textiles-cuenta-con-mas-de-cinco-telares-para-fabricar-cortes-768x505.webp 768w, https:\/\/soymigrante.com\/revista\/wp-content\/uploads\/2023\/06\/La-fafrica-de-textiles-cuenta-con-mas-de-cinco-telares-para-fabricar-cortes-1536x1010.webp 1536w, https:\/\/soymigrante.com\/revista\/wp-content\/uploads\/2023\/06\/La-fafrica-de-textiles-cuenta-con-mas-de-cinco-telares-para-fabricar-cortes-scaled.webp 1920w, https:\/\/soymigrante.com\/revista\/wp-content\/uploads\/2023\/06\/La-fafrica-de-textiles-cuenta-con-mas-de-cinco-telares-para-fabricar-cortes-750x493.webp 750w, https:\/\/soymigrante.com\/revista\/wp-content\/uploads\/2023\/06\/La-fafrica-de-textiles-cuenta-con-mas-de-cinco-telares-para-fabricar-cortes-1140x750.webp 1140w\" sizes=\"(max-width: 768px) 100vw, 768px\" title=\"Telares antiguos \u2013 SoyMigrante.com REVISTA\" \/>\t\t\t\t\t\t\t\t\t\t\t<figcaption class=\"widget-image-caption wp-caption-text\">La f\u00e1brica de textiles cuenta con mas de cinco telares para fabricar cortes<\/figcaption>\n\t\t\t\t\t\t\t\t\t\t<\/figure>\n\t\t\t\t\t\t\t\t\t<\/div>\n\t\t\t\t\t<\/div>\n\t\t<\/div>\n\t\t\t\t\t<\/div>\n\t\t<\/section>\n\t\t\t\t<section data-particle_enable=\"false\" data-particle-mobile-disabled=\"false\" class=\"elementor-section elementor-top-section elementor-element elementor-element-aa074dc elementor-section-boxed elementor-section-height-default elementor-section-height-default\" data-id=\"aa074dc\" data-element_type=\"section\" data-e-type=\"section\">\n\t\t\t\t\t\t<div class=\"elementor-container elementor-column-gap-default\">\n\t\t\t\t\t<div class=\"elementor-column elementor-col-100 elementor-top-column elementor-element elementor-element-42553c8\" data-id=\"42553c8\" data-element_type=\"column\" data-e-type=\"column\">\n\t\t\t<div class=\"elementor-widget-wrap elementor-element-populated\">\n\t\t\t\t\t\t<div class=\"elementor-element elementor-element-37a5046 elementor-widget elementor-widget-heading\" data-id=\"37a5046\" data-element_type=\"widget\" data-e-type=\"widget\" data-widget_type=\"heading.default\">\n\t\t\t\t\t<h3 class=\"elementor-heading-title elementor-size-default\">Una labor artesanal de larga tradici\u00f3n<\/h3>\t\t\t\t<\/div>\n\t\t\t\t<div class=\"elementor-element elementor-element-1a45fb0 elementor-widget elementor-widget-text-editor\" data-id=\"1a45fb0\" data-element_type=\"widget\" data-e-type=\"widget\" data-widget_type=\"text-editor.default\">\n\t\t\t\t\t\t\t\t\t<p><span style=\"font-weight: 400\">Carlos, es uno de los pioneros en la elaboraci\u00f3n de textiles, para obtener un corte t\u00edpico o textil conlleva un trabajo totalmente a mano y con equipo antiguo.<\/span><\/p>\n<p><span style=\"font-weight: 400\">Se comienza con la selecci\u00f3n de los hilos a trav\u00e9s del urdidor, luego se trasladan al \u00e1rea de cazar; jaspes, es la formaci\u00f3n de las figuras o uni\u00f3n de los hilos, se convierten en trenzas de hilos estos se llevan al enchir; se rellenan conos con hilo para luego ser colocados en las lanzaderas.<\/span><\/p>\n<p><span style=\"font-weight: 400\">El telar es una m\u00e1quina poderosa, siempre y cuando est\u00e9 dirigida por el talento humano, est\u00e1 conformada por grandes piezas de madera antigua, en la mano derecha el tejedor se coloca las lanzaderas y con el paso del pie y la mano izquierda se lanzan de forma recta hasta ir formando la figura del textil.<\/span><\/p>\n<p><span style=\"font-weight: 400\">La f\u00e1brica Yancarlo cuenta con cuatro \u00e1reas de trabajo; \u00e1rea I: urdidor, \u00e1rea II: cazar la labor; \u00e1rea III: telar, \u00e1rea IV: almac\u00e9n de textiles listos para venta. Detr\u00e1s de la f\u00e1brica se ubica el parque artesanal dos, un espacio utilizado para el \u00e1rea de trabajo II.<\/span><\/p>\t\t\t\t\t\t\t\t<\/div>\n\t\t\t\t\t<\/div>\n\t\t<\/div>\n\t\t\t\t\t<\/div>\n\t\t<\/section>\n\t\t\t\t<section data-particle_enable=\"false\" data-particle-mobile-disabled=\"false\" class=\"elementor-section elementor-top-section elementor-element elementor-element-49e4cd2 elementor-section-boxed elementor-section-height-default elementor-section-height-default\" data-id=\"49e4cd2\" data-element_type=\"section\" data-e-type=\"section\">\n\t\t\t\t\t\t<div class=\"elementor-container elementor-column-gap-default\">\n\t\t\t\t\t<div class=\"elementor-column elementor-col-100 elementor-top-column elementor-element elementor-element-449c3d5\" data-id=\"449c3d5\" data-element_type=\"column\" data-e-type=\"column\">\n\t\t\t<div class=\"elementor-widget-wrap elementor-element-populated\">\n\t\t\t\t\t\t<div class=\"elementor-element elementor-element-ab9048f elementor-widget elementor-widget-image\" data-id=\"ab9048f\" data-element_type=\"widget\" data-e-type=\"widget\" data-widget_type=\"image.default\">\n\t\t\t\t\t\t\t\t\t\t\t\t<figure class=\"wp-caption\">\n\t\t\t\t\t\t\t\t\t\t<img decoding=\"async\" width=\"768\" height=\"464\" src=\"https:\/\/soymigrante.com\/revista\/wp-content\/uploads\/2023\/06\/Urdidor-es-una-herramienta-que-se-utliza-para-ordenar-el-hilo-Carlos-muestra-el-proceso-1024x618.webp\" class=\"attachment-large size-large wp-image-1488\" alt=\"Urdidor herramienta antigua para ordenar hilo\" srcset=\"https:\/\/soymigrante.com\/revista\/wp-content\/uploads\/2023\/06\/Urdidor-es-una-herramienta-que-se-utliza-para-ordenar-el-hilo-Carlos-muestra-el-proceso-1024x618.webp 1024w, https:\/\/soymigrante.com\/revista\/wp-content\/uploads\/2023\/06\/Urdidor-es-una-herramienta-que-se-utliza-para-ordenar-el-hilo-Carlos-muestra-el-proceso-300x181.webp 300w, https:\/\/soymigrante.com\/revista\/wp-content\/uploads\/2023\/06\/Urdidor-es-una-herramienta-que-se-utliza-para-ordenar-el-hilo-Carlos-muestra-el-proceso-768x463.webp 768w, https:\/\/soymigrante.com\/revista\/wp-content\/uploads\/2023\/06\/Urdidor-es-una-herramienta-que-se-utliza-para-ordenar-el-hilo-Carlos-muestra-el-proceso-1536x927.webp 1536w, https:\/\/soymigrante.com\/revista\/wp-content\/uploads\/2023\/06\/Urdidor-es-una-herramienta-que-se-utliza-para-ordenar-el-hilo-Carlos-muestra-el-proceso-scaled.webp 1920w, https:\/\/soymigrante.com\/revista\/wp-content\/uploads\/2023\/06\/Urdidor-es-una-herramienta-que-se-utliza-para-ordenar-el-hilo-Carlos-muestra-el-proceso-750x453.webp 750w, https:\/\/soymigrante.com\/revista\/wp-content\/uploads\/2023\/06\/Urdidor-es-una-herramienta-que-se-utliza-para-ordenar-el-hilo-Carlos-muestra-el-proceso-1140x688.webp 1140w\" sizes=\"(max-width: 768px) 100vw, 768px\" title=\"Urdidor herramienta antigua para ordenar hilo \u2013 SoyMigrante.com REVISTA\" \/>\t\t\t\t\t\t\t\t\t\t\t<figcaption class=\"widget-image-caption wp-caption-text\">Urdidor es una herramienta que se utiliza para ordenar el hilo, Carlos muestra el proceso<\/figcaption>\n\t\t\t\t\t\t\t\t\t\t<\/figure>\n\t\t\t\t\t\t\t\t\t<\/div>\n\t\t\t\t\t<\/div>\n\t\t<\/div>\n\t\t\t\t\t<\/div>\n\t\t<\/section>\n\t\t\t\t<section data-particle_enable=\"false\" data-particle-mobile-disabled=\"false\" class=\"elementor-section elementor-top-section elementor-element elementor-element-7a107e3 elementor-section-boxed elementor-section-height-default elementor-section-height-default\" data-id=\"7a107e3\" data-element_type=\"section\" data-e-type=\"section\">\n\t\t\t\t\t\t<div class=\"elementor-container elementor-column-gap-default\">\n\t\t\t\t\t<div class=\"elementor-column elementor-col-100 elementor-top-column elementor-element elementor-element-201db3f\" data-id=\"201db3f\" data-element_type=\"column\" data-e-type=\"column\">\n\t\t\t<div class=\"elementor-widget-wrap elementor-element-populated\">\n\t\t\t\t\t\t<div class=\"elementor-element elementor-element-fdb4508 elementor-widget elementor-widget-image\" data-id=\"fdb4508\" data-element_type=\"widget\" data-e-type=\"widget\" data-widget_type=\"image.default\">\n\t\t\t\t\t\t\t\t\t\t\t\t<figure class=\"wp-caption\">\n\t\t\t\t\t\t\t\t\t\t<img loading=\"lazy\" decoding=\"async\" width=\"768\" height=\"537\" src=\"https:\/\/soymigrante.com\/revista\/wp-content\/uploads\/2023\/06\/El-es-Rafael-desde-pequeno-aprendio-el-arte-de-tejer-pionero-en-la-fabrica-Yancarlo-1024x716.webp\" class=\"attachment-large size-large wp-image-1487\" alt=\"Este trabajo a sustentado a varias familias de Salcaj\u00e1\" srcset=\"https:\/\/soymigrante.com\/revista\/wp-content\/uploads\/2023\/06\/El-es-Rafael-desde-pequeno-aprendio-el-arte-de-tejer-pionero-en-la-fabrica-Yancarlo-1024x716.webp 1024w, https:\/\/soymigrante.com\/revista\/wp-content\/uploads\/2023\/06\/El-es-Rafael-desde-pequeno-aprendio-el-arte-de-tejer-pionero-en-la-fabrica-Yancarlo-300x210.webp 300w, https:\/\/soymigrante.com\/revista\/wp-content\/uploads\/2023\/06\/El-es-Rafael-desde-pequeno-aprendio-el-arte-de-tejer-pionero-en-la-fabrica-Yancarlo-768x537.webp 768w, https:\/\/soymigrante.com\/revista\/wp-content\/uploads\/2023\/06\/El-es-Rafael-desde-pequeno-aprendio-el-arte-de-tejer-pionero-en-la-fabrica-Yancarlo-1536x1074.webp 1536w, https:\/\/soymigrante.com\/revista\/wp-content\/uploads\/2023\/06\/El-es-Rafael-desde-pequeno-aprendio-el-arte-de-tejer-pionero-en-la-fabrica-Yancarlo-scaled.webp 1920w, https:\/\/soymigrante.com\/revista\/wp-content\/uploads\/2023\/06\/El-es-Rafael-desde-pequeno-aprendio-el-arte-de-tejer-pionero-en-la-fabrica-Yancarlo-750x525.webp 750w, https:\/\/soymigrante.com\/revista\/wp-content\/uploads\/2023\/06\/El-es-Rafael-desde-pequeno-aprendio-el-arte-de-tejer-pionero-en-la-fabrica-Yancarlo-1140x797.webp 1140w\" sizes=\"(max-width: 768px) 100vw, 768px\" title=\"Este trabajo a sustentado a varias familias de Salcaj\u00e1 \u2013 SoyMigrante.com REVISTA\" \/>\t\t\t\t\t\t\t\t\t\t\t<figcaption class=\"widget-image-caption wp-caption-text\">\u00c9l es Rafael desde peque\u00f1o aprendi\u00f3 el arte de tejer, pionero en la fabrica Yancarlo<\/figcaption>\n\t\t\t\t\t\t\t\t\t\t<\/figure>\n\t\t\t\t\t\t\t\t\t<\/div>\n\t\t\t\t\t<\/div>\n\t\t<\/div>\n\t\t\t\t\t<\/div>\n\t\t<\/section>\n\t\t\t\t<section data-particle_enable=\"false\" data-particle-mobile-disabled=\"false\" class=\"elementor-section elementor-top-section elementor-element elementor-element-1c36265 elementor-section-boxed elementor-section-height-default elementor-section-height-default\" data-id=\"1c36265\" data-element_type=\"section\" data-e-type=\"section\">\n\t\t\t\t\t\t<div class=\"elementor-container elementor-column-gap-default\">\n\t\t\t\t\t<div class=\"elementor-column elementor-col-100 elementor-top-column elementor-element elementor-element-e63491f\" data-id=\"e63491f\" data-element_type=\"column\" data-e-type=\"column\">\n\t\t\t<div class=\"elementor-widget-wrap\">\n\t\t\t\t\t\t\t<\/div>\n\t\t<\/div>\n\t\t\t\t\t<\/div>\n\t\t<\/section>\n\t\t\t\t<section data-particle_enable=\"false\" data-particle-mobile-disabled=\"false\" class=\"elementor-section elementor-top-section elementor-element elementor-element-289f321 elementor-section-boxed elementor-section-height-default elementor-section-height-default\" data-id=\"289f321\" data-element_type=\"section\" data-e-type=\"section\">\n\t\t\t\t\t\t<div class=\"elementor-container elementor-column-gap-default\">\n\t\t\t\t\t<div class=\"elementor-column elementor-col-100 elementor-top-column elementor-element elementor-element-b2302dd\" data-id=\"b2302dd\" data-element_type=\"column\" data-e-type=\"column\">\n\t\t\t<div class=\"elementor-widget-wrap elementor-element-populated\">\n\t\t\t\t\t\t<div class=\"elementor-element elementor-element-350ef87 elementor-widget elementor-widget-heading\" data-id=\"350ef87\" data-element_type=\"widget\" data-e-type=\"widget\" data-widget_type=\"heading.default\">\n\t\t\t\t\t<h3 class=\"elementor-heading-title elementor-size-default\">Fuente de trabajo para guatemaltecos<\/h3>\t\t\t\t<\/div>\n\t\t\t\t<div class=\"elementor-element elementor-element-bf7af52 elementor-widget elementor-widget-text-editor\" data-id=\"bf7af52\" data-element_type=\"widget\" data-e-type=\"widget\" data-widget_type=\"text-editor.default\">\n\t\t\t\t\t\t\t\t\t<p><span style=\"font-weight: 400\">Por m\u00e1s de 40 a\u00f1os ha generado empleo para j\u00f3venes y se\u00f1oritas, mismos que han culminado con sus estudios b\u00e1sicos y otros se han profesionalizado en una carrera universitaria.\u00a0<\/span><\/p>\n<p><span style=\"font-weight: 400\">La pandemia fue un golpe duro para toda la poblaci\u00f3n y muchos negocios cerraron, sin embargo, la f\u00e1brica Yancarlo nunca cerr\u00f3, mantuvo a su personal laborando, sin contar con ventas e ingresos fijos.<\/span><\/p>\n<p><span style=\"font-weight: 400\">\u201cDurante la pandemia tuvimos que hacer un pr\u00e9stamo, fue dif\u00edcil para mi y mi familia, pero ning\u00fan elemento se fue y todos siguieron trabajando\u201d dice Carlos, propietario de Yancarlo.<\/span><\/p>\t\t\t\t\t\t\t\t<\/div>\n\t\t\t\t<div class=\"elementor-element elementor-element-757d0ba elementor-widget elementor-widget-image\" data-id=\"757d0ba\" data-element_type=\"widget\" data-e-type=\"widget\" data-widget_type=\"image.default\">\n\t\t\t\t\t\t\t\t\t\t\t\t<figure class=\"wp-caption\">\n\t\t\t\t\t\t\t\t\t\t<img loading=\"lazy\" decoding=\"async\" width=\"768\" height=\"535\" src=\"https:\/\/soymigrante.com\/revista\/wp-content\/uploads\/2023\/06\/Salvador-Chaj-tambien-a-trabajado-desde-nino-y-la-fabrica-Yancarlo-a-sido-su-principal-fuente-de-trabajo-1024x713.webp\" class=\"attachment-large size-large wp-image-1486\" alt=\"La f\u00e1brica ha generado fuentes de trabajo\" srcset=\"https:\/\/soymigrante.com\/revista\/wp-content\/uploads\/2023\/06\/Salvador-Chaj-tambien-a-trabajado-desde-nino-y-la-fabrica-Yancarlo-a-sido-su-principal-fuente-de-trabajo-1024x713.webp 1024w, https:\/\/soymigrante.com\/revista\/wp-content\/uploads\/2023\/06\/Salvador-Chaj-tambien-a-trabajado-desde-nino-y-la-fabrica-Yancarlo-a-sido-su-principal-fuente-de-trabajo-300x209.webp 300w, https:\/\/soymigrante.com\/revista\/wp-content\/uploads\/2023\/06\/Salvador-Chaj-tambien-a-trabajado-desde-nino-y-la-fabrica-Yancarlo-a-sido-su-principal-fuente-de-trabajo-768x535.webp 768w, https:\/\/soymigrante.com\/revista\/wp-content\/uploads\/2023\/06\/Salvador-Chaj-tambien-a-trabajado-desde-nino-y-la-fabrica-Yancarlo-a-sido-su-principal-fuente-de-trabajo-1536x1070.webp 1536w, https:\/\/soymigrante.com\/revista\/wp-content\/uploads\/2023\/06\/Salvador-Chaj-tambien-a-trabajado-desde-nino-y-la-fabrica-Yancarlo-a-sido-su-principal-fuente-de-trabajo-scaled.webp 1920w, https:\/\/soymigrante.com\/revista\/wp-content\/uploads\/2023\/06\/Salvador-Chaj-tambien-a-trabajado-desde-nino-y-la-fabrica-Yancarlo-a-sido-su-principal-fuente-de-trabajo-750x522.webp 750w, https:\/\/soymigrante.com\/revista\/wp-content\/uploads\/2023\/06\/Salvador-Chaj-tambien-a-trabajado-desde-nino-y-la-fabrica-Yancarlo-a-sido-su-principal-fuente-de-trabajo-1140x794.webp 1140w\" sizes=\"(max-width: 768px) 100vw, 768px\" title=\"La f\u00e1brica ha generado fuentes de trabajo \u2013 SoyMigrante.com REVISTA\" \/>\t\t\t\t\t\t\t\t\t\t\t<figcaption class=\"widget-image-caption wp-caption-text\">Salvador Chaj tambi\u00e9n a trabajado desde ni\u00f1o y la f\u00e1brica Yancarlo a sido su principal fuente de trabajo<\/figcaption>\n\t\t\t\t\t\t\t\t\t\t<\/figure>\n\t\t\t\t\t\t\t\t\t<\/div>\n\t\t\t\t\t<\/div>\n\t\t<\/div>\n\t\t\t\t\t<\/div>\n\t\t<\/section>\n\t\t\t\t<section data-particle_enable=\"false\" data-particle-mobile-disabled=\"false\" class=\"elementor-section elementor-top-section elementor-element elementor-element-971456c elementor-section-boxed elementor-section-height-default elementor-section-height-default\" data-id=\"971456c\" data-element_type=\"section\" data-e-type=\"section\">\n\t\t\t\t\t\t<div class=\"elementor-container elementor-column-gap-default\">\n\t\t\t\t\t<div class=\"elementor-column elementor-col-100 elementor-top-column elementor-element elementor-element-8506474\" data-id=\"8506474\" data-element_type=\"column\" data-e-type=\"column\">\n\t\t\t<div class=\"elementor-widget-wrap elementor-element-populated\">\n\t\t\t\t\t\t<div class=\"elementor-element elementor-element-6d98059 elementor-widget elementor-widget-text-editor\" data-id=\"6d98059\" data-element_type=\"widget\" data-e-type=\"widget\" data-widget_type=\"text-editor.default\">\n\t\t\t\t\t\t\t\t\t<p><span style=\"font-weight: 400\">Actualmente su negocio lo conforman m\u00e1s de 15 personas trabajan en las distintas \u00e1reas. En el \u00e1rea de telar se destacan tres se\u00f1ores que desde ni\u00f1os aprendieron esta labor, Rafael Ram\u00edrez, Salvador Chay y Rito Caxaj, que, con la compa\u00f1\u00eda de m\u00fasica popular, le dan un toque especial, tambi\u00e9n \u00c1ngel Gramajo un joven que se encarga del enchir (colocar hilo en conos). Con alto volumen o conversaciones entre ellos crean un ambiente agradable.<\/span><\/p>\n<p><span style=\"font-weight: 400\">Con su esposa Vivian han formado una familia muy especial, sus dos hijos profesionales uno como m\u00e9dico y su hija como licenciada en administraci\u00f3n de empresas.<\/span><\/p>\n<p><span style=\"font-weight: 400\">\u201cA ra\u00edz de este santo trabajo, mis hijos se han formado profesionalmente y se han formado para ser personas de bien para Guatemala\u201d. Dijo: Carlos Soc.<\/span><\/p>\t\t\t\t\t\t\t\t<\/div>\n\t\t\t\t<div class=\"elementor-element elementor-element-3fafb63 elementor-widget elementor-widget-image\" data-id=\"3fafb63\" data-element_type=\"widget\" data-e-type=\"widget\" data-widget_type=\"image.default\">\n\t\t\t\t\t\t\t\t\t\t\t\t<figure class=\"wp-caption\">\n\t\t\t\t\t\t\t\t\t\t<img loading=\"lazy\" decoding=\"async\" width=\"768\" height=\"634\" src=\"https:\/\/soymigrante.com\/revista\/wp-content\/uploads\/2023\/06\/Rito-Caxaj-pionero-en-los-textiles-la-fabrica-ha-generado-fuentes-de-trabajo-1024x845.webp\" class=\"attachment-large size-large wp-image-1489\" alt=\"Un pionero en el telar\" srcset=\"https:\/\/soymigrante.com\/revista\/wp-content\/uploads\/2023\/06\/Rito-Caxaj-pionero-en-los-textiles-la-fabrica-ha-generado-fuentes-de-trabajo-1024x845.webp 1024w, https:\/\/soymigrante.com\/revista\/wp-content\/uploads\/2023\/06\/Rito-Caxaj-pionero-en-los-textiles-la-fabrica-ha-generado-fuentes-de-trabajo-300x248.webp 300w, https:\/\/soymigrante.com\/revista\/wp-content\/uploads\/2023\/06\/Rito-Caxaj-pionero-en-los-textiles-la-fabrica-ha-generado-fuentes-de-trabajo-768x634.webp 768w, https:\/\/soymigrante.com\/revista\/wp-content\/uploads\/2023\/06\/Rito-Caxaj-pionero-en-los-textiles-la-fabrica-ha-generado-fuentes-de-trabajo-1536x1268.webp 1536w, https:\/\/soymigrante.com\/revista\/wp-content\/uploads\/2023\/06\/Rito-Caxaj-pionero-en-los-textiles-la-fabrica-ha-generado-fuentes-de-trabajo-scaled.webp 1920w, https:\/\/soymigrante.com\/revista\/wp-content\/uploads\/2023\/06\/Rito-Caxaj-pionero-en-los-textiles-la-fabrica-ha-generado-fuentes-de-trabajo-750x619.webp 750w, https:\/\/soymigrante.com\/revista\/wp-content\/uploads\/2023\/06\/Rito-Caxaj-pionero-en-los-textiles-la-fabrica-ha-generado-fuentes-de-trabajo-1140x941.webp 1140w\" sizes=\"(max-width: 768px) 100vw, 768px\" title=\"Un pionero en el telar \u2013 SoyMigrante.com REVISTA\" \/>\t\t\t\t\t\t\t\t\t\t\t<figcaption class=\"widget-image-caption wp-caption-text\">Rito Caxaj pionero en los textiles, la f\u00e1brica ha generado fuentes de trabajo<\/figcaption>\n\t\t\t\t\t\t\t\t\t\t<\/figure>\n\t\t\t\t\t\t\t\t\t<\/div>\n\t\t\t\t\t<\/div>\n\t\t<\/div>\n\t\t\t\t\t<\/div>\n\t\t<\/section>\n\t\t\t\t<section data-particle_enable=\"false\" data-particle-mobile-disabled=\"false\" class=\"elementor-section elementor-top-section elementor-element elementor-element-dbd8c4e elementor-section-boxed elementor-section-height-default elementor-section-height-default\" data-id=\"dbd8c4e\" data-element_type=\"section\" data-e-type=\"section\">\n\t\t\t\t\t\t<div class=\"elementor-container elementor-column-gap-default\">\n\t\t\t\t\t<div class=\"elementor-column elementor-col-100 elementor-top-column elementor-element elementor-element-3557f2b\" data-id=\"3557f2b\" data-element_type=\"column\" data-e-type=\"column\">\n\t\t\t<div class=\"elementor-widget-wrap elementor-element-populated\">\n\t\t\t\t\t\t<div class=\"elementor-element elementor-element-cc21469 elementor-widget elementor-widget-heading\" data-id=\"cc21469\" data-element_type=\"widget\" data-e-type=\"widget\" data-widget_type=\"heading.default\">\n\t\t\t\t\t<h3 class=\"elementor-heading-title elementor-size-default\">Un mensaje a mis paisanos migrantes<\/h3>\t\t\t\t<\/div>\n\t\t\t\t<div class=\"elementor-element elementor-element-ba263b0 elementor-widget elementor-widget-text-editor\" data-id=\"ba263b0\" data-element_type=\"widget\" data-e-type=\"widget\" data-widget_type=\"text-editor.default\">\n\t\t\t\t\t\t\t\t\t<p><span style=\"font-weight: 400\">\u201cPara quienes van a Estados Unidos, primero deben pensar en los gastos y riesgos, al llegar no es f\u00e1cil conseguir trabajo, para unos s\u00ed y otros no, dejar a la familia es dif\u00edcil, hay oportunidades que buscar en Guatemala. Para quienes ya est\u00e1n en Estados Unidos, deben tener objetivos claros, ahora las cosas han cambiado\u201d.<\/span><\/p>\n<p><span style=\"font-weight: 400\">Si bien es un esfuerzo Carlos coment\u00f3 que la mejor decisi\u00f3n es quedarse en Guatemala buscando oportunidades o crear las mismas a trav\u00e9s del talento de nuestras manos. Tambi\u00e9n brinda un agradecimiento a Dios, por la oportunidad de haber formado una peque\u00f1a empresa que les ha dado trabajo a muchas personas.<\/span><\/p>\n<p><span style=\"font-weight: 400\">\u201cLe agradezco a mi pueblo, Salcaj\u00e1 la tierra de la cultura y de los tejidos t\u00edpicos, me siento feliz de ser salcaj\u00e1 y tener este arte en mis manos. Dios bendiga a mi Salcaj\u00e1, a mi Guatemala por mostrar mi producto al mundo entero\u201d finaliz\u00f3.\u00a0<\/span><\/p>\t\t\t\t\t\t\t\t<\/div>\n\t\t\t\t\t<\/div>\n\t\t<\/div>\n\t\t\t\t\t<\/div>\n\t\t<\/section>\n\t\t\t\t<section data-particle_enable=\"false\" data-particle-mobile-disabled=\"false\" class=\"elementor-section elementor-top-section elementor-element elementor-element-5cfec8f elementor-section-boxed elementor-section-height-default elementor-section-height-default\" data-id=\"5cfec8f\" data-element_type=\"section\" data-e-type=\"section\">\n\t\t\t\t\t\t<div class=\"elementor-container elementor-column-gap-default\">\n\t\t\t\t\t<div class=\"elementor-column elementor-col-100 elementor-top-column elementor-element elementor-element-9f26cd3\" data-id=\"9f26cd3\" data-element_type=\"column\" data-e-type=\"column\">\n\t\t\t<div class=\"elementor-widget-wrap elementor-element-populated\">\n\t\t\t\t\t\t<div class=\"elementor-element elementor-element-1401e65 elementor-widget elementor-widget-gallery\" data-id=\"1401e65\" data-element_type=\"widget\" data-e-type=\"widget\" data-settings=\"{&quot;gap&quot;:{&quot;unit&quot;:&quot;px&quot;,&quot;size&quot;:&quot;5&quot;,&quot;sizes&quot;:[]},&quot;gallery_layout&quot;:&quot;justified&quot;,&quot;ideal_row_height&quot;:{&quot;unit&quot;:&quot;px&quot;,&quot;size&quot;:227,&quot;sizes&quot;:[]},&quot;lazyload&quot;:&quot;yes&quot;,&quot;ideal_row_height_tablet&quot;:{&quot;unit&quot;:&quot;px&quot;,&quot;size&quot;:150,&quot;sizes&quot;:[]},&quot;ideal_row_height_mobile&quot;:{&quot;unit&quot;:&quot;px&quot;,&quot;size&quot;:150,&quot;sizes&quot;:[]},&quot;gap_tablet&quot;:{&quot;unit&quot;:&quot;px&quot;,&quot;size&quot;:10,&quot;sizes&quot;:[]},&quot;gap_mobile&quot;:{&quot;unit&quot;:&quot;px&quot;,&quot;size&quot;:10,&quot;sizes&quot;:[]},&quot;link_to&quot;:&quot;file&quot;,&quot;overlay_background&quot;:&quot;yes&quot;,&quot;content_hover_animation&quot;:&quot;fade-in&quot;}\" data-widget_type=\"gallery.default\">\n\t\t\t\t\t\t\t<div class=\"elementor-gallery__container\">\n\t\t\t\t\t\t\t<a class=\"e-gallery-item elementor-gallery-item elementor-animated-content\" href=\"https:\/\/soymigrante.com\/revista\/wp-content\/uploads\/2023\/06\/Proceso-para-armar-los-conos-son-utilizados-para-los-tejedores-en-la-elaboracion-de-los-textiles-scaled.webp\" data-elementor-open-lightbox=\"yes\" data-elementor-lightbox-slideshow=\"1401e65\" data-elementor-lightbox-title=\"Proceso para armar los conos son utilizados para los tejedores en la elaboraci\u00f3n de los textiles\" data-e-action-hash=\"#elementor-action%3Aaction%3Dlightbox%26settings%3DeyJpZCI6MTQ5NCwidXJsIjoiaHR0cHM6XC9cL3NveW1pZ3JhbnRlLmNvbVwvcmV2aXN0YVwvd3AtY29udGVudFwvdXBsb2Fkc1wvMjAyM1wvMDZcL1Byb2Nlc28tcGFyYS1hcm1hci1sb3MtY29ub3Mtc29uLXV0aWxpemFkb3MtcGFyYS1sb3MtdGVqZWRvcmVzLWVuLWxhLWVsYWJvcmFjaW9uLWRlLWxvcy10ZXh0aWxlcy1zY2FsZWQud2VicCIsInNsaWRlc2hvdyI6IjE0MDFlNjUifQ%3D%3D\">\n\t\t\t\t\t<div class=\"e-gallery-image elementor-gallery-item__image\" data-thumbnail=\"https:\/\/soymigrante.com\/revista\/wp-content\/uploads\/2023\/06\/Proceso-para-armar-los-conos-son-utilizados-para-los-tejedores-en-la-elaboracion-de-los-textiles-300x202.webp\" data-width=\"300\" data-height=\"202\" aria-label=\"\" role=\"img\" ><\/div>\n\t\t\t\t\t\t\t\t\t\t\t<div class=\"elementor-gallery-item__overlay\"><\/div>\n\t\t\t\t\t\t\t\t\t\t\t\t\t\t<\/a>\n\t\t\t\t\t\t\t<a class=\"e-gallery-item elementor-gallery-item elementor-animated-content\" href=\"https:\/\/soymigrante.com\/revista\/wp-content\/uploads\/2023\/06\/La-variedad-de-cortes-jaspeados-scaled.webp\" data-elementor-open-lightbox=\"yes\" data-elementor-lightbox-slideshow=\"1401e65\" data-elementor-lightbox-title=\"La variedad de cortes jaspeados\" data-e-action-hash=\"#elementor-action%3Aaction%3Dlightbox%26settings%3DeyJpZCI6MTQ5MywidXJsIjoiaHR0cHM6XC9cL3NveW1pZ3JhbnRlLmNvbVwvcmV2aXN0YVwvd3AtY29udGVudFwvdXBsb2Fkc1wvMjAyM1wvMDZcL0xhLXZhcmllZGFkLWRlLWNvcnRlcy1qYXNwZWFkb3Mtc2NhbGVkLndlYnAiLCJzbGlkZXNob3ciOiIxNDAxZTY1In0%3D\">\n\t\t\t\t\t<div class=\"e-gallery-image elementor-gallery-item__image\" data-thumbnail=\"https:\/\/soymigrante.com\/revista\/wp-content\/uploads\/2023\/06\/La-variedad-de-cortes-jaspeados-300x204.webp\" data-width=\"300\" data-height=\"204\" aria-label=\"\" role=\"img\" ><\/div>\n\t\t\t\t\t\t\t\t\t\t\t<div class=\"elementor-gallery-item__overlay\"><\/div>\n\t\t\t\t\t\t\t\t\t\t\t\t\t\t<\/a>\n\t\t\t\t\t\t\t<a class=\"e-gallery-item elementor-gallery-item elementor-animated-content\" href=\"https:\/\/soymigrante.com\/revista\/wp-content\/uploads\/2023\/06\/EL-hilo-es-la-materia-prima-fundamental-para-este-proceso-scaled.webp\" data-elementor-open-lightbox=\"yes\" data-elementor-lightbox-slideshow=\"1401e65\" data-elementor-lightbox-title=\"EL hilo es la materia prima fundamental para este proceso\" data-e-action-hash=\"#elementor-action%3Aaction%3Dlightbox%26settings%3DeyJpZCI6MTQ5MiwidXJsIjoiaHR0cHM6XC9cL3NveW1pZ3JhbnRlLmNvbVwvcmV2aXN0YVwvd3AtY29udGVudFwvdXBsb2Fkc1wvMjAyM1wvMDZcL0VMLWhpbG8tZXMtbGEtbWF0ZXJpYS1wcmltYS1mdW5kYW1lbnRhbC1wYXJhLWVzdGUtcHJvY2Vzby1zY2FsZWQud2VicCIsInNsaWRlc2hvdyI6IjE0MDFlNjUifQ%3D%3D\">\n\t\t\t\t\t<div class=\"e-gallery-image elementor-gallery-item__image\" data-thumbnail=\"https:\/\/soymigrante.com\/revista\/wp-content\/uploads\/2023\/06\/EL-hilo-es-la-materia-prima-fundamental-para-este-proceso-300x192.webp\" data-width=\"300\" data-height=\"192\" aria-label=\"\" role=\"img\" ><\/div>\n\t\t\t\t\t\t\t\t\t\t\t<div class=\"elementor-gallery-item__overlay\"><\/div>\n\t\t\t\t\t\t\t\t\t\t\t\t\t\t<\/a>\n\t\t\t\t\t\t\t<a class=\"e-gallery-item elementor-gallery-item elementor-animated-content\" href=\"https:\/\/soymigrante.com\/revista\/wp-content\/uploads\/2023\/06\/El-corte-negro-es-el-tradicional-y-especilidad-de-la-fabrica-scaled.webp\" data-elementor-open-lightbox=\"yes\" data-elementor-lightbox-slideshow=\"1401e65\" data-elementor-lightbox-title=\"El corte negro es el tradicional y especilidad de la f\u00e1brica\" data-e-action-hash=\"#elementor-action%3Aaction%3Dlightbox%26settings%3DeyJpZCI6MTQ5MSwidXJsIjoiaHR0cHM6XC9cL3NveW1pZ3JhbnRlLmNvbVwvcmV2aXN0YVwvd3AtY29udGVudFwvdXBsb2Fkc1wvMjAyM1wvMDZcL0VsLWNvcnRlLW5lZ3JvLWVzLWVsLXRyYWRpY2lvbmFsLXktZXNwZWNpbGlkYWQtZGUtbGEtZmFicmljYS1zY2FsZWQud2VicCIsInNsaWRlc2hvdyI6IjE0MDFlNjUifQ%3D%3D\">\n\t\t\t\t\t<div class=\"e-gallery-image elementor-gallery-item__image\" data-thumbnail=\"https:\/\/soymigrante.com\/revista\/wp-content\/uploads\/2023\/06\/El-corte-negro-es-el-tradicional-y-especilidad-de-la-fabrica-300x207.webp\" data-width=\"300\" data-height=\"207\" aria-label=\"\" role=\"img\" ><\/div>\n\t\t\t\t\t\t\t\t\t\t\t<div class=\"elementor-gallery-item__overlay\"><\/div>\n\t\t\t\t\t\t\t\t\t\t\t\t\t\t<\/a>\n\t\t\t\t\t\t\t<a class=\"e-gallery-item elementor-gallery-item elementor-animated-content\" href=\"https:\/\/soymigrante.com\/revista\/wp-content\/uploads\/2023\/06\/Cazar-es-la-labor-de-jaspes-es-decir-formar-la-figura-scaled.webp\" data-elementor-open-lightbox=\"yes\" data-elementor-lightbox-slideshow=\"1401e65\" data-elementor-lightbox-title=\"Cazar es la labor de jaspes, es decir formar la figura\" data-e-action-hash=\"#elementor-action%3Aaction%3Dlightbox%26settings%3DeyJpZCI6MTQ5MCwidXJsIjoiaHR0cHM6XC9cL3NveW1pZ3JhbnRlLmNvbVwvcmV2aXN0YVwvd3AtY29udGVudFwvdXBsb2Fkc1wvMjAyM1wvMDZcL0NhemFyLWVzLWxhLWxhYm9yLWRlLWphc3Blcy1lcy1kZWNpci1mb3JtYXItbGEtZmlndXJhLXNjYWxlZC53ZWJwIiwic2xpZGVzaG93IjoiMTQwMWU2NSJ9\">\n\t\t\t\t\t<div class=\"e-gallery-image elementor-gallery-item__image\" data-thumbnail=\"https:\/\/soymigrante.com\/revista\/wp-content\/uploads\/2023\/06\/Cazar-es-la-labor-de-jaspes-es-decir-formar-la-figura-300x195.webp\" data-width=\"300\" data-height=\"195\" aria-label=\"\" role=\"img\" ><\/div>\n\t\t\t\t\t\t\t\t\t\t\t<div class=\"elementor-gallery-item__overlay\"><\/div>\n\t\t\t\t\t\t\t\t\t\t\t\t\t\t<\/a>\n\t\t\t\t\t<\/div>\n\t\t\t\t\t<\/div>\n\t\t\t\t\t<\/div>\n\t\t<\/div>\n\t\t\t\t\t<\/div>\n\t\t<\/section>\n\t\t\t\t<section data-particle_enable=\"false\" data-particle-mobile-disabled=\"false\" class=\"elementor-section elementor-top-section elementor-element elementor-element-f73a18e elementor-section-boxed elementor-section-height-default elementor-section-height-default\" data-id=\"f73a18e\" data-element_type=\"section\" data-e-type=\"section\">\n\t\t\t\t\t\t<div class=\"elementor-container elementor-column-gap-default\">\n\t\t\t\t\t<div class=\"elementor-column elementor-col-100 elementor-top-column elementor-element elementor-element-8a2129a\" data-id=\"8a2129a\" data-element_type=\"column\" data-e-type=\"column\">\n\t\t\t<div class=\"elementor-widget-wrap elementor-element-populated\">\n\t\t\t\t\t\t<div class=\"elementor-element elementor-element-ed85122 elementor-widget elementor-widget-video\" data-id=\"ed85122\" data-element_type=\"widget\" data-e-type=\"widget\" data-settings=\"{&quot;youtube_url&quot;:&quot;https:\\\/\\\/www.youtube.com\\\/watch?v=rVESVy1WHmA&quot;,&quot;video_type&quot;:&quot;youtube&quot;,&quot;controls&quot;:&quot;yes&quot;}\" data-widget_type=\"video.default\">\n\t\t\t\t\t\t\t<div class=\"elementor-wrapper elementor-open-inline\">\n\t\t\t<div class=\"elementor-video\"><\/div>\t\t<\/div>\n\t\t\t\t\t\t<\/div>\n\t\t\t\t\t<\/div>\n\t\t<\/div>\n\t\t\t\t\t<\/div>\n\t\t<\/section>\n\t\t\t\t<\/div>\n\t\t","protected":false},"excerpt":{"rendered":"<p>Carlos migrante guatemalteco regres\u00f3 a su tierra natal para generar empleo. En el a\u00f1o 1,989, el migrante Carlos Soc lleg\u00f3 hacia Estados Unidos con el objetivo de encontrar oportunidades laborales. Posteriormente regres\u00f3 a su tierra natal para impulsar el talento que ten\u00eda en sus manos para emprender un negocio. Carlos es fundador de la fabrica [&hellip;]<\/p>\n","protected":false},"author":10,"featured_media":1483,"comment_status":"open","ping_status":"open","sticky":false,"template":"","format":"standard","meta":{"_acf_changed":false,"_eb_attr":"","footnotes":""},"categories":[50],"tags":[],"class_list":["post-1481","post","type-post","status-publish","format-standard","has-post-thumbnail","hentry","category-exitos"],"acf":[],"aioseo_notices":[],"aioseo_head":"\n\t\t<!-- All in One SEO Pro 4.9.6.2 - aioseo.com -->\n\t<meta name=\"description\" content=\"Carlos migrante guatemalteco regres\u00f3 a su tierra natal para generar empleo. En el a\u00f1o 1,989, el migrante Carlos Soc lleg\u00f3 hacia Estados Unidos con el objetivo de encontrar oportunidades laborales. Posteriormente regres\u00f3 a su tierra natal para impulsar el talento que ten\u00eda en sus manos para emprender un negocio. Hace 40 a\u00f1os nace un negocio\" \/>\n\t<meta name=\"robots\" content=\"max-snippet:-1, max-image-preview:large, max-video-preview:-1\" \/>\n\t<meta name=\"author\" content=\"Diana Batz\"\/>\n\t<link rel=\"canonical\" href=\"https:\/\/soymigrante.com\/revista\/migrante-guatemalteco-genera-empleo-en-su-taller-textil-de-salcaja\/\" \/>\n\t<meta name=\"generator\" content=\"All in One SEO Pro (AIOSEO) 4.9.6.2\" \/>\n\n\t\t<link rel=\"preconnect\" href=\"https:\/\/fonts.googleapis.com\" crossorigin>\n<link rel=\"preconnect\" href=\"https:\/\/fonts.gstatic.com\" crossorigin>\n\t\t<meta property=\"og:locale\" content=\"es_ES\" \/>\n\t\t<meta property=\"og:site_name\" content=\"SoyMigrante.com REVISTA \u2013 Nuestra misi\u00f3n es reconocer y dignificar al migrante.\" \/>\n\t\t<meta property=\"og:type\" content=\"article\" \/>\n\t\t<meta property=\"og:title\" content=\"Migrante guatemalteco genera empleo en su taller textil de Salcaj\u00e1\" \/>\n\t\t<meta property=\"og:description\" content=\"Carlos migrante guatemalteco regres\u00f3 a su tierra natal para generar empleo. En el a\u00f1o 1,989, el migrante Carlos Soc lleg\u00f3 hacia Estados Unidos con el objetivo de encontrar oportunidades laborales. Posteriormente regres\u00f3 a su tierra natal para impulsar el talento que ten\u00eda en sus manos para emprender un negocio. Hace 40 a\u00f1os nace un negocio\" \/>\n\t\t<meta property=\"og:url\" content=\"https:\/\/soymigrante.com\/revista\/migrante-guatemalteco-genera-empleo-en-su-taller-textil-de-salcaja\/\" \/>\n\t\t<meta property=\"og:image\" content=\"https:\/\/soymigrante.com\/revista\/wp-content\/uploads\/2023\/06\/Carlos-es-fundador-de-la-fabrica-de-textiles-Yancarlo-fue-migrante-guatemalteco-scaled.webp\" \/>\n\t\t<meta property=\"og:image:secure_url\" content=\"https:\/\/soymigrante.com\/revista\/wp-content\/uploads\/2023\/06\/Carlos-es-fundador-de-la-fabrica-de-textiles-Yancarlo-fue-migrante-guatemalteco-scaled.webp\" \/>\n\t\t<meta property=\"og:image:width\" content=\"1920\" \/>\n\t\t<meta property=\"og:image:height\" content=\"1440\" \/>\n\t\t<meta property=\"article:published_time\" content=\"2023-06-22T22:19:16+00:00\" \/>\n\t\t<meta property=\"article:modified_time\" content=\"2024-07-31T21:50:43+00:00\" \/>\n\t\t<meta property=\"article:publisher\" content=\"https:\/\/www.facebook.com\/soymigrantecom\" \/>\n\t\t<meta name=\"twitter:card\" content=\"summary_large_image\" \/>\n\t\t<meta name=\"twitter:site\" content=\"@SoyMigrante_com\" \/>\n\t\t<meta name=\"twitter:title\" content=\"Migrante guatemalteco genera empleo en su taller textil de Salcaj\u00e1\" \/>\n\t\t<meta name=\"twitter:description\" content=\"Carlos migrante guatemalteco regres\u00f3 a su tierra natal para generar empleo. En el a\u00f1o 1,989, el migrante Carlos Soc lleg\u00f3 hacia Estados Unidos con el objetivo de encontrar oportunidades laborales. Posteriormente regres\u00f3 a su tierra natal para impulsar el talento que ten\u00eda en sus manos para emprender un negocio. Hace 40 a\u00f1os nace un negocio\" \/>\n\t\t<meta name=\"twitter:creator\" content=\"@SoyMigrante_com\" \/>\n\t\t<meta name=\"twitter:image\" content=\"https:\/\/soymigrante.com\/revista\/wp-content\/uploads\/2023\/06\/Carlos-es-fundador-de-la-fabrica-de-textiles-Yancarlo-fue-migrante-guatemalteco-scaled.webp\" \/>\n\t\t<!-- All in One SEO Pro -->\r\n\t\t<title>Migrante guatemalteco genera empleo en su taller textil de Salcaj\u00e1<\/title>\n\n","aioseo_head_json":{"title":"Migrante guatemalteco genera empleo en su taller textil de Salcaj\u00e1","description":"Carlos migrante guatemalteco regres\u00f3 a su tierra natal para generar empleo. En el a\u00f1o 1,989, el migrante Carlos Soc lleg\u00f3 hacia Estados Unidos con el objetivo de encontrar oportunidades laborales. Posteriormente regres\u00f3 a su tierra natal para impulsar el talento que ten\u00eda en sus manos para emprender un negocio. Hace 40 a\u00f1os nace un negocio","canonical_url":"https:\/\/soymigrante.com\/revista\/migrante-guatemalteco-genera-empleo-en-su-taller-textil-de-salcaja\/","robots":"max-snippet:-1, max-image-preview:large, max-video-preview:-1","keywords":"","webmasterTools":{"miscellaneous":"&lt;link rel=\"preconnect\" href=\"https:\/\/fonts.googleapis.com\" crossorigin&gt;\n&lt;link rel=\"preconnect\" href=\"https:\/\/fonts.gstatic.com\" crossorigin&gt;"},"schema":null,"og:locale":"es_ES","og:site_name":"SoyMigrante.com REVISTA \u2013 Nuestra misi\u00f3n es reconocer y dignificar al migrante.","og:type":"article","og:title":"Migrante guatemalteco genera empleo en su taller textil de Salcaj\u00e1","og:description":"Carlos migrante guatemalteco regres\u00f3 a su tierra natal para generar empleo. En el a\u00f1o 1,989, el migrante Carlos Soc lleg\u00f3 hacia Estados Unidos con el objetivo de encontrar oportunidades laborales. Posteriormente regres\u00f3 a su tierra natal para impulsar el talento que ten\u00eda en sus manos para emprender un negocio. Hace 40 a\u00f1os nace un negocio","og:url":"https:\/\/soymigrante.com\/revista\/migrante-guatemalteco-genera-empleo-en-su-taller-textil-de-salcaja\/","og:image":"https:\/\/soymigrante.com\/revista\/wp-content\/uploads\/2023\/06\/Carlos-es-fundador-de-la-fabrica-de-textiles-Yancarlo-fue-migrante-guatemalteco-scaled.webp","og:image:secure_url":"https:\/\/soymigrante.com\/revista\/wp-content\/uploads\/2023\/06\/Carlos-es-fundador-de-la-fabrica-de-textiles-Yancarlo-fue-migrante-guatemalteco-scaled.webp","og:image:width":1920,"og:image:height":1440,"article:published_time":"2023-06-22T22:19:16+00:00","article:modified_time":"2024-07-31T21:50:43+00:00","article:publisher":"https:\/\/www.facebook.com\/soymigrantecom","twitter:card":"summary_large_image","twitter:site":"@SoyMigrante_com","twitter:title":"Migrante guatemalteco genera empleo en su taller textil de Salcaj\u00e1","twitter:description":"Carlos migrante guatemalteco regres\u00f3 a su tierra natal para generar empleo. En el a\u00f1o 1,989, el migrante Carlos Soc lleg\u00f3 hacia Estados Unidos con el objetivo de encontrar oportunidades laborales. Posteriormente regres\u00f3 a su tierra natal para impulsar el talento que ten\u00eda en sus manos para emprender un negocio. Hace 40 a\u00f1os nace un negocio","twitter:creator":"@SoyMigrante_com","twitter:image":"https:\/\/soymigrante.com\/revista\/wp-content\/uploads\/2023\/06\/Carlos-es-fundador-de-la-fabrica-de-textiles-Yancarlo-fue-migrante-guatemalteco-scaled.webp"},"aioseo_meta_data":{"post_id":"1481","title":null,"description":null,"keywords":[],"keyphrases":{"focus":{"keyphrase":"Migrante","score":69,"analysis":{"keyphraseInTitle":{"score":9,"maxScore":9,"error":0},"keyphraseInDescription":{"score":9,"maxScore":9,"error":0},"keyphraseLength":{"score":9,"maxScore":9,"error":0,"length":1},"keyphraseInURL":{"score":5,"maxScore":5,"error":0},"keyphraseInIntroduction":{"score":9,"maxScore":9,"error":0},"keyphraseInSubHeadings":{"score":3,"maxScore":9,"error":1},"keyphraseInImageAlt":{"score":3,"maxScore":9,"error":1},"keywordDensity":{"score":0,"type":"low","maxScore":9,"error":1}}},"additional":[]},"primary_term":null,"canonical_url":null,"og_title":null,"og_description":null,"og_object_type":"default","og_image_type":"default","og_image_url":null,"og_image_width":null,"og_image_height":null,"og_image_custom_url":null,"og_image_custom_fields":null,"og_video":"","og_custom_url":null,"og_article_section":null,"og_article_tags":[],"twitter_use_og":false,"twitter_card":"default","twitter_image_type":"default","twitter_image_url":null,"twitter_image_custom_url":null,"twitter_image_custom_fields":null,"twitter_title":null,"twitter_description":null,"schema":{"blockGraphs":[],"customGraphs":[],"default":{"data":{"Article":[],"Course":[],"Dataset":[],"FAQPage":[],"Movie":[],"Person":[],"Product":[],"ProductReview":[],"Car":[],"Recipe":[],"Service":[],"SoftwareApplication":[],"WebPage":[]},"graphName":"BlogPosting","isEnabled":true},"graphs":[]},"schema_type":"default","schema_type_options":null,"pillar_content":false,"robots_default":true,"robots_noindex":false,"robots_noarchive":false,"robots_nosnippet":false,"robots_nofollow":false,"robots_noimageindex":false,"robots_noodp":false,"robots_notranslate":false,"robots_max_snippet":"-1","robots_max_videopreview":"-1","robots_max_imagepreview":"large","priority":null,"frequency":"default","local_seo":null,"seo_analyzer_scan_date":"2025-10-08 19:58:13","breadcrumb_settings":null,"limit_modified_date":false,"reviewed_by":null,"open_ai":null,"ai":null,"created":"2023-08-18 13:33:37","updated":"2026-02-04 04:42:48"},"aioseo_breadcrumb":"<div class=\"aioseo-breadcrumbs\"><span class=\"aioseo-breadcrumb\">\n\t<a href=\"https:\/\/soymigrante.com\/revista\" title=\"Home\">Home<\/a>\n<\/span><span class=\"aioseo-breadcrumb-separator\">\u00bb<\/span><span class=\"aioseo-breadcrumb\">\n\t<a href=\"https:\/\/soymigrante.com\/revista\/category\/exitos\/\" title=\"\u00c9xitos\">\u00c9xitos<\/a>\n<\/span><span class=\"aioseo-breadcrumb-separator\">\u00bb<\/span><span class=\"aioseo-breadcrumb\">\n\tMigrante guatemalteco genera empleo en su taller textil de Salcaj\u00e1\n<\/span><\/div>","aioseo_breadcrumb_json":[{"label":"Home","link":"https:\/\/soymigrante.com\/revista"},{"label":"\u00c9xitos","link":"https:\/\/soymigrante.com\/revista\/category\/exitos\/"},{"label":"Migrante guatemalteco genera empleo en su taller textil de Salcaj\u00e1","link":"https:\/\/soymigrante.com\/revista\/migrante-guatemalteco-genera-empleo-en-su-taller-textil-de-salcaja\/"}],"_links":{"self":[{"href":"https:\/\/soymigrante.com\/revista\/wp-json\/wp\/v2\/posts\/1481","targetHints":{"allow":["GET"]}}],"collection":[{"href":"https:\/\/soymigrante.com\/revista\/wp-json\/wp\/v2\/posts"}],"about":[{"href":"https:\/\/soymigrante.com\/revista\/wp-json\/wp\/v2\/types\/post"}],"author":[{"embeddable":true,"href":"https:\/\/soymigrante.com\/revista\/wp-json\/wp\/v2\/users\/10"}],"replies":[{"embeddable":true,"href":"https:\/\/soymigrante.com\/revista\/wp-json\/wp\/v2\/comments?post=1481"}],"version-history":[{"count":0,"href":"https:\/\/soymigrante.com\/revista\/wp-json\/wp\/v2\/posts\/1481\/revisions"}],"wp:featuredmedia":[{"embeddable":true,"href":"https:\/\/soymigrante.com\/revista\/wp-json\/wp\/v2\/media\/1483"}],"wp:attachment":[{"href":"https:\/\/soymigrante.com\/revista\/wp-json\/wp\/v2\/media?parent=1481"}],"wp:term":[{"taxonomy":"category","embeddable":true,"href":"https:\/\/soymigrante.com\/revista\/wp-json\/wp\/v2\/categories?post=1481"},{"taxonomy":"post_tag","embeddable":true,"href":"https:\/\/soymigrante.com\/revista\/wp-json\/wp\/v2\/tags?post=1481"}],"curies":[{"name":"wp","href":"https:\/\/api.w.org\/{rel}","templated":true}]}}