{"id":14775,"date":"2025-03-22T10:10:23","date_gmt":"2025-03-22T16:10:23","guid":{"rendered":"https:\/\/soymigrante.com\/revista\/?p=14775"},"modified":"2025-03-22T10:10:50","modified_gmt":"2025-03-22T16:10:50","slug":"los-mejores-destinos-para-hacer-senderismo-en-guatemala","status":"publish","type":"post","link":"https:\/\/soymigrante.com\/revista\/los-mejores-destinos-para-hacer-senderismo-en-guatemala\/","title":{"rendered":"Caminar en medio de la naturaleza: lugares para hacer senderismo en Guatemala"},"content":{"rendered":"\t\t<div data-elementor-type=\"wp-post\" data-elementor-id=\"14775\" class=\"elementor elementor-14775\" data-elementor-post-type=\"post\">\n\t\t\t\t<div data-particle_enable=\"false\" data-particle-mobile-disabled=\"false\" class=\"elementor-element elementor-element-7deeed3 e-flex e-con-boxed e-con e-parent\" data-id=\"7deeed3\" data-element_type=\"container\" data-e-type=\"container\">\n\t\t\t\t\t<div class=\"e-con-inner\">\n\t\t\t\t<div class=\"elementor-element elementor-element-91244b4 elementor-widget elementor-widget-heading\" data-id=\"91244b4\" data-element_type=\"widget\" data-e-type=\"widget\" data-widget_type=\"heading.default\">\n\t\t\t\t\t<h2 class=\"elementor-heading-title elementor-size-default\">Los mejores destinos para hacer senderismo en Guatemala, puede que est\u00e9n m\u00e1s cerca de lo que piensas. <\/h2>\t\t\t\t<\/div>\n\t\t\t\t\t<\/div>\n\t\t\t\t<\/div>\n\t\t<div data-particle_enable=\"false\" data-particle-mobile-disabled=\"false\" class=\"elementor-element elementor-element-3bf1b3a e-flex e-con-boxed e-con e-parent\" data-id=\"3bf1b3a\" data-element_type=\"container\" data-e-type=\"container\">\n\t\t\t\t\t<div class=\"e-con-inner\">\n\t\t\t\t<div class=\"elementor-element elementor-element-6803978 elementor-widget elementor-widget-text-editor\" data-id=\"6803978\" data-element_type=\"widget\" data-e-type=\"widget\" data-widget_type=\"text-editor.default\">\n\t\t\t\t\t\t\t\t\t<p>Guatemala, conocida como el \u201cpa\u00eds de la eterna primavera\u201d, ofrece una rica variedad de destinos para los amantes del senderismo.<\/p><p>Aunque los volcanes son los protagonistas, <a href=\"https:\/\/soymigrante.com\/revista\/category\/guate-nuestra\/\" target=\"_blank\" rel=\"noopener\">las monta\u00f1as tambi\u00e9n cuentan con rutas espectaculares para quienes buscan una conexi\u00f3n \u00fanica<\/a> con la naturaleza.<\/p>\t\t\t\t\t\t\t\t<\/div>\n\t\t\t\t\t<\/div>\n\t\t\t\t<\/div>\n\t\t<div data-particle_enable=\"false\" data-particle-mobile-disabled=\"false\" class=\"elementor-element elementor-element-1f1d549 e-flex e-con-boxed e-con e-parent\" data-id=\"1f1d549\" data-element_type=\"container\" data-e-type=\"container\">\n\t\t\t\t\t<div class=\"e-con-inner\">\n\t\t\t\t<div class=\"elementor-element elementor-element-47b3546 elementor-widget elementor-widget-text-editor\" data-id=\"47b3546\" data-element_type=\"widget\" data-e-type=\"widget\" data-widget_type=\"text-editor.default\">\n\t\t\t\t\t\t\t\t\t<p>A continuaci\u00f3n, te presentamos algunas de las mejores monta\u00f1as para hacer senderismo, destacando su ubicaci\u00f3n, clima y lo que las hace especiales.<\/p>\t\t\t\t\t\t\t\t<\/div>\n\t\t\t\t\t<\/div>\n\t\t\t\t<\/div>\n\t\t<div data-particle_enable=\"false\" data-particle-mobile-disabled=\"false\" class=\"elementor-element elementor-element-5c205c0 e-flex e-con-boxed e-con e-parent\" data-id=\"5c205c0\" data-element_type=\"container\" data-e-type=\"container\">\n\t\t\t\t\t<div class=\"e-con-inner\">\n\t\t\t\t<div class=\"elementor-element elementor-element-f8b27fc elementor-widget elementor-widget-heading\" data-id=\"f8b27fc\" data-element_type=\"widget\" data-e-type=\"widget\" data-widget_type=\"heading.default\">\n\t\t\t\t\t<h3 class=\"elementor-heading-title elementor-size-default\">1. Sierra de los Cuchumatanes (Huehuetenango)<\/h3>\t\t\t\t<\/div>\n\t\t\t\t\t<\/div>\n\t\t\t\t<\/div>\n\t\t<div data-particle_enable=\"false\" data-particle-mobile-disabled=\"false\" class=\"elementor-element elementor-element-ee6f9a9 e-flex e-con-boxed e-con e-parent\" data-id=\"ee6f9a9\" data-element_type=\"container\" data-e-type=\"container\">\n\t\t\t\t\t<div class=\"e-con-inner\">\n\t\t\t\t<div class=\"elementor-element elementor-element-c8cf4db elementor-widget elementor-widget-text-editor\" data-id=\"c8cf4db\" data-element_type=\"widget\" data-e-type=\"widget\" data-widget_type=\"text-editor.default\">\n\t\t\t\t\t\t\t\t\t<div>La Sierra de los Cuchumatanes, la cadena monta\u00f1osa m\u00e1s alta de Centroam\u00e9rica, <a href=\"https:\/\/soymigrante.com\/revista\/category\/guate-nuestra\/\" target=\"_blank\" rel=\"noopener\">es un destino ideal para senderismo.<\/a><\/div><div><strong>\u2022Regi\u00f3n:<\/strong> Occidente de Guatemala, departamento de Huehuetenango.<\/div><div><strong>\u2022Clima: Fr\u00edo,<\/strong> con temperaturas que oscilan entre los 5\u00b0C y 15\u00b0C, especialmente en las zonas m\u00e1s altas.<\/div><div><strong>\u2022Caracter\u00edsticas:<\/strong> Sus altiplanos ofrecen vistas impresionantes, valles y comunidades ind\u00edgenas que a\u00fan conservan tradiciones ancestrales. Una de las rutas m\u00e1s populares es hacia Todos Santos Cuchumat\u00e1n, donde se puede disfrutar del paisaje y conocer la cultura local.<\/div>\t\t\t\t\t\t\t\t<\/div>\n\t\t\t\t\t<\/div>\n\t\t\t\t<\/div>\n\t\t<div data-particle_enable=\"false\" data-particle-mobile-disabled=\"false\" class=\"elementor-element elementor-element-7d3b4e1 e-flex e-con-boxed e-con e-parent\" data-id=\"7d3b4e1\" data-element_type=\"container\" data-e-type=\"container\">\n\t\t\t\t\t<div class=\"e-con-inner\">\n\t\t\t\t<div class=\"elementor-element elementor-element-9ecc05c elementor-widget elementor-widget-video\" data-id=\"9ecc05c\" data-element_type=\"widget\" data-e-type=\"widget\" data-settings=\"{&quot;youtube_url&quot;:&quot;https:\\\/\\\/www.youtube.com\\\/watch?v=9lBsbEtXAu4&quot;,&quot;video_type&quot;:&quot;youtube&quot;,&quot;controls&quot;:&quot;yes&quot;}\" data-widget_type=\"video.default\">\n\t\t\t\t\t\t\t<div class=\"elementor-wrapper elementor-open-inline\">\n\t\t\t<div class=\"elementor-video\"><\/div>\t\t<\/div>\n\t\t\t\t\t\t<\/div>\n\t\t\t\t\t<\/div>\n\t\t\t\t<\/div>\n\t\t<div data-particle_enable=\"false\" data-particle-mobile-disabled=\"false\" class=\"elementor-element elementor-element-e2e9778 e-flex e-con-boxed e-con e-parent\" data-id=\"e2e9778\" data-element_type=\"container\" data-e-type=\"container\">\n\t\t\t\t\t<div class=\"e-con-inner\">\n\t\t\t\t<div class=\"elementor-element elementor-element-02aad65 elementor-widget elementor-widget-heading\" data-id=\"02aad65\" data-element_type=\"widget\" data-e-type=\"widget\" data-widget_type=\"heading.default\">\n\t\t\t\t\t<h3 class=\"elementor-heading-title elementor-size-default\">2. Monta\u00f1a Chicabal (Quetzaltenango)<\/h3>\t\t\t\t<\/div>\n\t\t\t\t\t<\/div>\n\t\t\t\t<\/div>\n\t\t<div data-particle_enable=\"false\" data-particle-mobile-disabled=\"false\" class=\"elementor-element elementor-element-26a2bf8 e-flex e-con-boxed e-con e-parent\" data-id=\"26a2bf8\" data-element_type=\"container\" data-e-type=\"container\">\n\t\t\t\t\t<div class=\"e-con-inner\">\n\t\t\t\t<div class=\"elementor-element elementor-element-803a4f4 elementor-widget elementor-widget-text-editor\" data-id=\"803a4f4\" data-element_type=\"widget\" data-e-type=\"widget\" data-widget_type=\"text-editor.default\">\n\t\t\t\t\t\t\t\t\t<div>Aunque Chicabal es m\u00e1s conocido por su laguna, sus senderos en la monta\u00f1a ofrecen <a href=\"https:\/\/soymigrante.com\/revista\/category\/guate-nuestra\/\" target=\"_blank\" rel=\"noopener\">una experiencia inmersiva en el bosque nuboso.<\/a><\/div><div><strong>\u2022Regi\u00f3n:<\/strong> Occidente de Guatemala, en el municipio de San Mart\u00edn Sacatep\u00e9quez.<\/div><div><strong>\u2022Clima:<\/strong> Fr\u00edo y h\u00famedo, con temperaturas de 10\u00b0C a 18\u00b0C.<\/div><div><strong>\u2022Caracter\u00edsticas:<\/strong> El sendero hasta la cima est\u00e1 rodeado de vegetaci\u00f3n densa y una biodiversidad notable. Es un lugar sagrado para las comunidades mayas, quienes realizan ceremonias en el \u00e1rea.<\/div>\t\t\t\t\t\t\t\t<\/div>\n\t\t\t\t\t<\/div>\n\t\t\t\t<\/div>\n\t\t<div data-particle_enable=\"false\" data-particle-mobile-disabled=\"false\" class=\"elementor-element elementor-element-b39f5ac e-flex e-con-boxed e-con e-parent\" data-id=\"b39f5ac\" data-element_type=\"container\" data-e-type=\"container\">\n\t\t\t\t\t<div class=\"e-con-inner\">\n\t\t\t\t<div class=\"elementor-element elementor-element-cb13526 elementor-widget elementor-widget-video\" data-id=\"cb13526\" data-element_type=\"widget\" data-e-type=\"widget\" data-settings=\"{&quot;youtube_url&quot;:&quot;https:\\\/\\\/www.youtube.com\\\/watch?v=mCbPh6rzqqs&quot;,&quot;video_type&quot;:&quot;youtube&quot;,&quot;controls&quot;:&quot;yes&quot;}\" data-widget_type=\"video.default\">\n\t\t\t\t\t\t\t<div class=\"elementor-wrapper elementor-open-inline\">\n\t\t\t<div class=\"elementor-video\"><\/div>\t\t<\/div>\n\t\t\t\t\t\t<\/div>\n\t\t\t\t\t<\/div>\n\t\t\t\t<\/div>\n\t\t<div data-particle_enable=\"false\" data-particle-mobile-disabled=\"false\" class=\"elementor-element elementor-element-0be5fc6 e-flex e-con-boxed e-con e-parent\" data-id=\"0be5fc6\" data-element_type=\"container\" data-e-type=\"container\">\n\t\t\t\t\t<div class=\"e-con-inner\">\n\t\t\t\t<div class=\"elementor-element elementor-element-bdb911e elementor-widget elementor-widget-heading\" data-id=\"bdb911e\" data-element_type=\"widget\" data-e-type=\"widget\" data-widget_type=\"heading.default\">\n\t\t\t\t\t<h3 class=\"elementor-heading-title elementor-size-default\">3. Monta\u00f1as de Las Verapaces (Alta Verapaz y Baja Verapaz)<\/h3>\t\t\t\t<\/div>\n\t\t\t\t\t<\/div>\n\t\t\t\t<\/div>\n\t\t<div data-particle_enable=\"false\" data-particle-mobile-disabled=\"false\" class=\"elementor-element elementor-element-9483be4 e-flex e-con-boxed e-con e-parent\" data-id=\"9483be4\" data-element_type=\"container\" data-e-type=\"container\">\n\t\t\t\t\t<div class=\"e-con-inner\">\n\t\t\t\t<div class=\"elementor-element elementor-element-c1054fd elementor-widget elementor-widget-text-editor\" data-id=\"c1054fd\" data-element_type=\"widget\" data-e-type=\"widget\" data-widget_type=\"text-editor.default\">\n\t\t\t\t\t\t\t\t\t<div><a href=\"https:\/\/soymigrante.com\/revista\/category\/guate-nuestra\/\" target=\"_blank\" rel=\"noopener\">Las Verapaces albergan monta\u00f1as cubiertas de denso bosque nuboso<\/a>, ideales para exploradores y amantes de la naturaleza.<\/div><div><strong>\u2022Regi\u00f3n:<\/strong> Norte de Guatemala, abarcando los departamentos de Alta Verapaz y Baja Verapaz.<\/div><div><strong>\u2022Clima:<\/strong> Fresco y h\u00famedo, con lluvias frecuentes y temperaturas de 15\u00b0C a 20\u00b0C.<\/div><div><strong>\u2022Caracter\u00edsticas:<\/strong> Monta\u00f1as como Chamt\u00fan y Chijulh\u00e1 ofrecen senderos que atraviesan cascadas, cuevas y una incre\u00edble biodiversidad. Adem\u00e1s, en la regi\u00f3n se puede avistar al quetzal, el ave nacional de Guatemala.<\/div>\t\t\t\t\t\t\t\t<\/div>\n\t\t\t\t\t<\/div>\n\t\t\t\t<\/div>\n\t\t<div data-particle_enable=\"false\" data-particle-mobile-disabled=\"false\" class=\"elementor-element elementor-element-8999040 e-flex e-con-boxed e-con e-parent\" data-id=\"8999040\" data-element_type=\"container\" data-e-type=\"container\">\n\t\t\t\t\t<div class=\"e-con-inner\">\n\t\t\t\t<div class=\"elementor-element elementor-element-348fbbf elementor-widget elementor-widget-video\" data-id=\"348fbbf\" data-element_type=\"widget\" data-e-type=\"widget\" data-settings=\"{&quot;youtube_url&quot;:&quot;https:\\\/\\\/www.youtube.com\\\/watch?v=7BneKYycaBM&quot;,&quot;video_type&quot;:&quot;youtube&quot;,&quot;controls&quot;:&quot;yes&quot;}\" data-widget_type=\"video.default\">\n\t\t\t\t\t\t\t<div class=\"elementor-wrapper elementor-open-inline\">\n\t\t\t<div class=\"elementor-video\"><\/div>\t\t<\/div>\n\t\t\t\t\t\t<\/div>\n\t\t\t\t\t<\/div>\n\t\t\t\t<\/div>\n\t\t<div data-particle_enable=\"false\" data-particle-mobile-disabled=\"false\" class=\"elementor-element elementor-element-c756972 e-flex e-con-boxed e-con e-parent\" data-id=\"c756972\" data-element_type=\"container\" data-e-type=\"container\">\n\t\t\t\t\t<div class=\"e-con-inner\">\n\t\t\t\t<div class=\"elementor-element elementor-element-7f408af elementor-widget elementor-widget-heading\" data-id=\"7f408af\" data-element_type=\"widget\" data-e-type=\"widget\" data-widget_type=\"heading.default\">\n\t\t\t\t\t<h3 class=\"elementor-heading-title elementor-size-default\">4. Monta\u00f1a Cerro Amay (Quich\u00e9)<\/h3>\t\t\t\t<\/div>\n\t\t\t\t\t<\/div>\n\t\t\t\t<\/div>\n\t\t<div data-particle_enable=\"false\" data-particle-mobile-disabled=\"false\" class=\"elementor-element elementor-element-36167d1 e-flex e-con-boxed e-con e-parent\" data-id=\"36167d1\" data-element_type=\"container\" data-e-type=\"container\">\n\t\t\t\t\t<div class=\"e-con-inner\">\n\t\t\t\t<div class=\"elementor-element elementor-element-c5f4231 elementor-widget elementor-widget-text-editor\" data-id=\"c5f4231\" data-element_type=\"widget\" data-e-type=\"widget\" data-widget_type=\"text-editor.default\">\n\t\t\t\t\t\t\t\t\t<div>El Cerro Amay,<a href=\"https:\/\/soymigrante.com\/revista\/category\/guate-nuestra\/\" target=\"_blank\" rel=\"noopener\"> un ecosistema poco explorado, es una joya para quienes buscan aventura y tranquilidad.<\/a><\/div><div><strong>\u2022Regi\u00f3n:<\/strong> Departamento del Quich\u00e9.<\/div><div><strong>\u2022Clima:<\/strong> Fr\u00edo y lluvioso, con temperaturas que var\u00edan entre los 10\u00b0C y 16\u00b0C.<\/div><div><strong>\u2022Caracter\u00edsticas:<\/strong> Esta monta\u00f1a alberga uno de los bosques de pino-encino mejor conservados del pa\u00eds. Sus senderos permiten disfrutar de paisajes \u00fanicos, r\u00edos cristalinos y una rica fauna local.<\/div>\t\t\t\t\t\t\t\t<\/div>\n\t\t\t\t\t<\/div>\n\t\t\t\t<\/div>\n\t\t<div data-particle_enable=\"false\" data-particle-mobile-disabled=\"false\" class=\"elementor-element elementor-element-44a4c32 e-flex e-con-boxed e-con e-parent\" data-id=\"44a4c32\" data-element_type=\"container\" data-e-type=\"container\">\n\t\t\t\t\t<div class=\"e-con-inner\">\n\t\t\t\t<div class=\"elementor-element elementor-element-059f234 elementor-widget elementor-widget-video\" data-id=\"059f234\" data-element_type=\"widget\" data-e-type=\"widget\" data-settings=\"{&quot;youtube_url&quot;:&quot;https:\\\/\\\/www.youtube.com\\\/watch?v=WmzB3cqZE0c&quot;,&quot;video_type&quot;:&quot;youtube&quot;,&quot;controls&quot;:&quot;yes&quot;}\" data-widget_type=\"video.default\">\n\t\t\t\t\t\t\t<div class=\"elementor-wrapper elementor-open-inline\">\n\t\t\t<div class=\"elementor-video\"><\/div>\t\t<\/div>\n\t\t\t\t\t\t<\/div>\n\t\t\t\t\t<\/div>\n\t\t\t\t<\/div>\n\t\t<div data-particle_enable=\"false\" data-particle-mobile-disabled=\"false\" class=\"elementor-element elementor-element-c2f15e6 e-flex e-con-boxed e-con e-parent\" data-id=\"c2f15e6\" data-element_type=\"container\" data-e-type=\"container\">\n\t\t\t\t\t<div class=\"e-con-inner\">\n\t\t\t\t<div class=\"elementor-element elementor-element-52d26ea elementor-widget elementor-widget-heading\" data-id=\"52d26ea\" data-element_type=\"widget\" data-e-type=\"widget\" data-widget_type=\"heading.default\">\n\t\t\t\t\t<h3 class=\"elementor-heading-title elementor-size-default\">5. Cerro Tecp\u00e1n (Chimaltenango)<\/h3>\t\t\t\t<\/div>\n\t\t\t\t\t<\/div>\n\t\t\t\t<\/div>\n\t\t<div data-particle_enable=\"false\" data-particle-mobile-disabled=\"false\" class=\"elementor-element elementor-element-6e3daff e-flex e-con-boxed e-con e-parent\" data-id=\"6e3daff\" data-element_type=\"container\" data-e-type=\"container\">\n\t\t\t\t\t<div class=\"e-con-inner\">\n\t\t\t\t<div class=\"elementor-element elementor-element-8983636 elementor-widget elementor-widget-text-editor\" data-id=\"8983636\" data-element_type=\"widget\" data-e-type=\"widget\" data-widget_type=\"text-editor.default\">\n\t\t\t\t\t\t\t\t\t<div><a href=\"https:\/\/soymigrante.com\/revista\/category\/guate-nuestra\/\" target=\"_blank\" rel=\"noopener\">Una opci\u00f3n accesible y cercana a la capital<\/a> para quienes buscan una experiencia r\u00e1pida de senderismo.<\/div><div><strong>\u2022Regi\u00f3n:<\/strong> Altiplano central, en el departamento de Chimaltenango.<\/div><div><strong>\u2022Clima:<\/strong> Templado, con temperaturas de 12\u00b0C a 20\u00b0C.<\/div><div>\u2022<strong>Caracter\u00edsticas:<\/strong> Este cerro ofrece rutas rodeadas de bosque de pinos y encinos, ideales para una caminata relajada y vistas panor\u00e1micas. Adem\u00e1s, est\u00e1 cerca de sitios arqueol\u00f3gicos como Iximch\u00e9.<\/div>\t\t\t\t\t\t\t\t<\/div>\n\t\t\t\t\t<\/div>\n\t\t\t\t<\/div>\n\t\t<div data-particle_enable=\"false\" data-particle-mobile-disabled=\"false\" class=\"elementor-element elementor-element-809750b e-flex e-con-boxed e-con e-parent\" data-id=\"809750b\" data-element_type=\"container\" data-e-type=\"container\">\n\t\t\t\t\t<div class=\"e-con-inner\">\n\t\t\t\t<div class=\"elementor-element elementor-element-6ff7a34 elementor-widget elementor-widget-video\" data-id=\"6ff7a34\" data-element_type=\"widget\" data-e-type=\"widget\" data-settings=\"{&quot;youtube_url&quot;:&quot;https:\\\/\\\/www.youtube.com\\\/watch?v=ZWZ60xpSv18&quot;,&quot;video_type&quot;:&quot;youtube&quot;,&quot;controls&quot;:&quot;yes&quot;}\" data-widget_type=\"video.default\">\n\t\t\t\t\t\t\t<div class=\"elementor-wrapper elementor-open-inline\">\n\t\t\t<div class=\"elementor-video\"><\/div>\t\t<\/div>\n\t\t\t\t\t\t<\/div>\n\t\t\t\t\t<\/div>\n\t\t\t\t<\/div>\n\t\t<div data-particle_enable=\"false\" data-particle-mobile-disabled=\"false\" class=\"elementor-element elementor-element-af42629 e-flex e-con-boxed e-con e-parent\" data-id=\"af42629\" data-element_type=\"container\" data-e-type=\"container\">\n\t\t\t\t\t<div class=\"e-con-inner\">\n\t\t\t\t<div class=\"elementor-element elementor-element-d800cb6 elementor-widget elementor-widget-heading\" data-id=\"d800cb6\" data-element_type=\"widget\" data-e-type=\"widget\" data-widget_type=\"heading.default\">\n\t\t\t\t\t<h3 class=\"elementor-heading-title elementor-size-default\">6. Cerro Miramundo (Zacapa)<\/h3>\t\t\t\t<\/div>\n\t\t\t\t\t<\/div>\n\t\t\t\t<\/div>\n\t\t<div data-particle_enable=\"false\" data-particle-mobile-disabled=\"false\" class=\"elementor-element elementor-element-598bbb7 e-flex e-con-boxed e-con e-parent\" data-id=\"598bbb7\" data-element_type=\"container\" data-e-type=\"container\">\n\t\t\t\t\t<div class=\"e-con-inner\">\n\t\t\t\t<div class=\"elementor-element elementor-element-d6b5aaa elementor-widget elementor-widget-text-editor\" data-id=\"d6b5aaa\" data-element_type=\"widget\" data-e-type=\"widget\" data-widget_type=\"text-editor.default\">\n\t\t\t\t\t\t\t\t\t<div>Un destino \u00fanico en el oriente del pa\u00eds, que combina<a href=\"https:\/\/soymigrante.com\/revista\/category\/guate-nuestra\/\" target=\"_blank\" rel=\"noopener\"> paisajes monta\u00f1osos y un clima c\u00e1lido<\/a>.<\/div><div><strong>\u2022Regi\u00f3n:<\/strong> Departamento de Zacapa, cerca de la frontera con Honduras.<\/div><div><strong>\u2022Clima:<\/strong> Seco y c\u00e1lido, con temperaturas entre 20\u00b0C y 28\u00b0C.<\/div><div><strong>\u2022Caracter\u00edsticas:<\/strong> Sus senderos llevan a impresionantes miradores desde donde se pueden observar amplias vistas de los valles y monta\u00f1as circundantes. Es ideal para quienes buscan un clima diferente al t\u00edpico fr\u00edo de las monta\u00f1as.<\/div>\t\t\t\t\t\t\t\t<\/div>\n\t\t\t\t\t<\/div>\n\t\t\t\t<\/div>\n\t\t<div data-particle_enable=\"false\" data-particle-mobile-disabled=\"false\" class=\"elementor-element elementor-element-0d3488f e-flex e-con-boxed e-con e-parent\" data-id=\"0d3488f\" data-element_type=\"container\" data-e-type=\"container\">\n\t\t\t\t\t<div class=\"e-con-inner\">\n\t\t\t\t<div class=\"elementor-element elementor-element-8f346ca elementor-widget elementor-widget-video\" data-id=\"8f346ca\" data-element_type=\"widget\" data-e-type=\"widget\" data-settings=\"{&quot;youtube_url&quot;:&quot;https:\\\/\\\/www.youtube.com\\\/watch?v=Dmxzazf-d18&quot;,&quot;video_type&quot;:&quot;youtube&quot;,&quot;controls&quot;:&quot;yes&quot;}\" data-widget_type=\"video.default\">\n\t\t\t\t\t\t\t<div class=\"elementor-wrapper elementor-open-inline\">\n\t\t\t<div class=\"elementor-video\"><\/div>\t\t<\/div>\n\t\t\t\t\t\t<\/div>\n\t\t\t\t\t<\/div>\n\t\t\t\t<\/div>\n\t\t<div data-particle_enable=\"false\" data-particle-mobile-disabled=\"false\" class=\"elementor-element elementor-element-ce2eb48 e-flex e-con-boxed e-con e-parent\" data-id=\"ce2eb48\" data-element_type=\"container\" data-e-type=\"container\">\n\t\t\t\t\t<div class=\"e-con-inner\">\n\t\t\t\t<div class=\"elementor-element elementor-element-7d93e8c elementor-widget elementor-widget-heading\" data-id=\"7d93e8c\" data-element_type=\"widget\" data-e-type=\"widget\" data-widget_type=\"heading.default\">\n\t\t\t\t\t<h3 class=\"elementor-heading-title elementor-size-default\">7. Monta\u00f1a de la Sierra del Merend\u00f3n (Izabal)<\/h3>\t\t\t\t<\/div>\n\t\t\t\t\t<\/div>\n\t\t\t\t<\/div>\n\t\t<div data-particle_enable=\"false\" data-particle-mobile-disabled=\"false\" class=\"elementor-element elementor-element-f344c28 e-flex e-con-boxed e-con e-parent\" data-id=\"f344c28\" data-element_type=\"container\" data-e-type=\"container\">\n\t\t\t\t\t<div class=\"e-con-inner\">\n\t\t\t\t<div class=\"elementor-element elementor-element-70070ff elementor-widget elementor-widget-text-editor\" data-id=\"70070ff\" data-element_type=\"widget\" data-e-type=\"widget\" data-widget_type=\"text-editor.default\">\n\t\t\t\t\t\t\t\t\t<div><a href=\"https:\/\/soymigrante.com\/revista\/category\/guate-nuestra\/\" target=\"_blank\" rel=\"noopener\">La Sierra del Merend\u00f3n es un destino perfecto para quienes aman la selva<\/a> y la aventura.<\/div><div><strong>\u2022Regi\u00f3n:<\/strong> Oriente de Guatemala, en el departamento de Izabal, cerca de la frontera con Honduras.<\/div><div><strong>\u2022Clima:<\/strong> C\u00e1lido y h\u00famedo, con temperaturas que oscilan entre 18\u00b0C y 25\u00b0C.<\/div><div><strong>\u2022Caracter\u00edsticas:<\/strong> Es hogar de cascadas y una gran biodiversidad. Sus senderos son menos conocidos, lo que la convierte en un destino ideal para quienes buscan explorar lugares v\u00edrgenes.<\/div>\t\t\t\t\t\t\t\t<\/div>\n\t\t\t\t\t<\/div>\n\t\t\t\t<\/div>\n\t\t<div data-particle_enable=\"false\" data-particle-mobile-disabled=\"false\" class=\"elementor-element elementor-element-24c6715 e-flex e-con-boxed e-con e-parent\" data-id=\"24c6715\" data-element_type=\"container\" data-e-type=\"container\">\n\t\t\t\t\t<div class=\"e-con-inner\">\n\t\t\t\t<div class=\"elementor-element elementor-element-17239f1 elementor-widget elementor-widget-video\" data-id=\"17239f1\" data-element_type=\"widget\" data-e-type=\"widget\" data-settings=\"{&quot;youtube_url&quot;:&quot;https:\\\/\\\/www.youtube.com\\\/watch?v=tg8lqKIq4nk&quot;,&quot;video_type&quot;:&quot;youtube&quot;,&quot;controls&quot;:&quot;yes&quot;}\" data-widget_type=\"video.default\">\n\t\t\t\t\t\t\t<div class=\"elementor-wrapper elementor-open-inline\">\n\t\t\t<div class=\"elementor-video\"><\/div>\t\t<\/div>\n\t\t\t\t\t\t<\/div>\n\t\t\t\t\t<\/div>\n\t\t\t\t<\/div>\n\t\t<div data-particle_enable=\"false\" data-particle-mobile-disabled=\"false\" class=\"elementor-element elementor-element-da4eb8b e-flex e-con-boxed e-con e-parent\" data-id=\"da4eb8b\" data-element_type=\"container\" data-e-type=\"container\">\n\t\t\t\t\t<div class=\"e-con-inner\">\n\t\t\t\t<div class=\"elementor-element elementor-element-fdd434a elementor-widget elementor-widget-heading\" data-id=\"fdd434a\" data-element_type=\"widget\" data-e-type=\"widget\" data-widget_type=\"heading.default\">\n\t\t\t\t\t<h3 class=\"elementor-heading-title elementor-size-default\">Recomendaciones generales<\/h3>\t\t\t\t<\/div>\n\t\t\t\t\t<\/div>\n\t\t\t\t<\/div>\n\t\t<div data-particle_enable=\"false\" data-particle-mobile-disabled=\"false\" class=\"elementor-element elementor-element-3935c03 e-flex e-con-boxed e-con e-parent\" data-id=\"3935c03\" data-element_type=\"container\" data-e-type=\"container\">\n\t\t\t\t\t<div class=\"e-con-inner\">\n\t\t\t\t<div class=\"elementor-element elementor-element-bd745cf elementor-widget elementor-widget-text-editor\" data-id=\"bd745cf\" data-element_type=\"widget\" data-e-type=\"widget\" data-widget_type=\"text-editor.default\">\n\t\t\t\t\t\t\t\t\t<div>\u2022 Llevar ropa adecuada al clima, zapatos c\u00f3modos y equipo de senderismo.<\/div><div>\u2022Respetar las \u00e1reas protegidas y no dejar basura.<\/div><div>\u2022Si es posible, contratar un gu\u00eda local para aprovechar al m\u00e1ximo la experiencia y garantizar la seguridad.<\/div>\t\t\t\t\t\t\t\t<\/div>\n\t\t\t\t\t<\/div>\n\t\t\t\t<\/div>\n\t\t<div data-particle_enable=\"false\" data-particle-mobile-disabled=\"false\" class=\"elementor-element elementor-element-f5bdf0e e-flex e-con-boxed e-con e-parent\" data-id=\"f5bdf0e\" data-element_type=\"container\" data-e-type=\"container\">\n\t\t\t\t\t<div class=\"e-con-inner\">\n\t\t\t\t<div class=\"elementor-element elementor-element-53a3803 elementor-widget elementor-widget-text-editor\" data-id=\"53a3803\" data-element_type=\"widget\" data-e-type=\"widget\" data-widget_type=\"text-editor.default\">\n\t\t\t\t\t\t\t\t\t<p>Guatemala, con su riqueza natural y cultural, <a href=\"https:\/\/soymigrante.com\/revista\/category\/guate-nuestra\/\" target=\"_blank\" rel=\"noopener\">ofrece monta\u00f1as espectaculares para el senderismo.<\/a> Cada una de ellas tiene un encanto especial, desde fr\u00edos bosques nubosos hasta c\u00e1lidas vistas panor\u00e1micas, garantizando experiencias inolvidables para quienes las visitan.<\/p>\t\t\t\t\t\t\t\t<\/div>\n\t\t\t\t\t<\/div>\n\t\t\t\t<\/div>\n\t\t<div data-particle_enable=\"false\" data-particle-mobile-disabled=\"false\" class=\"elementor-element elementor-element-b3a20d6 e-flex e-con-boxed e-con e-parent\" data-id=\"b3a20d6\" data-element_type=\"container\" data-e-type=\"container\">\n\t\t\t\t\t<div class=\"e-con-inner\">\n\t\t\t\t<div class=\"elementor-element elementor-element-bf59b8e elementor-widget elementor-widget-video\" data-id=\"bf59b8e\" data-element_type=\"widget\" data-e-type=\"widget\" data-settings=\"{&quot;youtube_url&quot;:&quot;https:\\\/\\\/www.youtube.com\\\/watch?v=lgEx-3HQ3eI&quot;,&quot;video_type&quot;:&quot;youtube&quot;,&quot;controls&quot;:&quot;yes&quot;}\" data-widget_type=\"video.default\">\n\t\t\t\t\t\t\t<div class=\"elementor-wrapper elementor-open-inline\">\n\t\t\t<div class=\"elementor-video\"><\/div>\t\t<\/div>\n\t\t\t\t\t\t<\/div>\n\t\t\t\t\t<\/div>\n\t\t\t\t<\/div>\n\t\t<div data-particle_enable=\"false\" data-particle-mobile-disabled=\"false\" class=\"elementor-element elementor-element-3664727 e-flex e-con-boxed e-con e-parent\" data-id=\"3664727\" data-element_type=\"container\" data-e-type=\"container\">\n\t\t\t\t\t<div class=\"e-con-inner\">\n\t\t\t\t<div class=\"elementor-element elementor-element-a41a6e5 elementor-widget elementor-widget-heading\" data-id=\"a41a6e5\" data-element_type=\"widget\" data-e-type=\"widget\" data-widget_type=\"heading.default\">\n\t\t\t\t\t<h2 class=\"elementor-heading-title elementor-size-default\">Te puede interesar...<\/h2>\t\t\t\t<\/div>\n\t\t\t\t\t<\/div>\n\t\t\t\t<\/div>\n\t\t<div data-particle_enable=\"false\" data-particle-mobile-disabled=\"false\" class=\"elementor-element elementor-element-38d5b75 e-flex e-con-boxed e-con e-parent\" data-id=\"38d5b75\" data-element_type=\"container\" data-e-type=\"container\">\n\t\t\t\t\t<div class=\"e-con-inner\">\n\t\t\t\t<div class=\"elementor-element elementor-element-99f2fa0 elementor-widget elementor-widget-blfe-post-grid\" data-id=\"99f2fa0\" data-element_type=\"widget\" data-e-type=\"widget\" data-settings=\"{&quot;columns&quot;:&quot;3&quot;,&quot;columns_tablet&quot;:&quot;6&quot;,&quot;columns_mobile&quot;:&quot;12&quot;,&quot;hero1_layout_column_gap&quot;:{&quot;unit&quot;:&quot;px&quot;,&quot;size&quot;:30,&quot;sizes&quot;:[]},&quot;hero1_layout_column_gap_tablet&quot;:{&quot;unit&quot;:&quot;px&quot;,&quot;size&quot;:&quot;&quot;,&quot;sizes&quot;:[]},&quot;hero1_layout_column_gap_mobile&quot;:{&quot;unit&quot;:&quot;px&quot;,&quot;size&quot;:&quot;&quot;,&quot;sizes&quot;:[]},&quot;hero1_layout_row_gap&quot;:{&quot;unit&quot;:&quot;px&quot;,&quot;size&quot;:30,&quot;sizes&quot;:[]},&quot;hero1_layout_row_gap_tablet&quot;:{&quot;unit&quot;:&quot;px&quot;,&quot;size&quot;:&quot;&quot;,&quot;sizes&quot;:[]},&quot;hero1_layout_row_gap_mobile&quot;:{&quot;unit&quot;:&quot;px&quot;,&quot;size&quot;:&quot;&quot;,&quot;sizes&quot;:[]}}\" data-widget_type=\"blfe-post-grid.hero1\">\n\t\t\t\t<div class=\"elementor-widget-container\">\n\t\t\t\t\t\n                        <div class=\"blfe-post-grid-container \">\n            \n                <div data-skin=\"hero1\" class=\"blfe-row blfe-posts-inner blfe-hero1 blfe-posts-inner blfe-col-3 blfe-col-tab-6 blfe-col-mob-12     \">\n                            <div class=\"blfe-post-grid-item\">\n            <div class=\"blfe-post-grid-item-inner blfe-modern-zoom\">\n                        <div class=\"blfe-post-grid-bg-image\">\n            <a class=\"blfe-post-grid-image-inner\" href=\"https:\/\/soymigrante.com\/revista\/el-duelo-migratorio-existe-y-no-solo-es-uno-son-siete-los-duelos-del-migrante\/\" title=\"Duelo de distancia  es real pero se puede y se debe superar\" rel=\"nofollow\" target=\"_blank\"><img decoding=\"async\" src=\"https:\/\/soymigrante.com\/revista\/wp-content\/uploads\/2024\/01\/Duelo-de-distancia-es-real.webp\" alt=\"Duelo de distancia  es real pero se puede y se debe superar\"\/><\/a>        <\/div>\n                        <div class=\"blfe-post-grid-details\">\n                    <div class=\"blfe-post-grid-details-inner\">\n                        <span class=\"blfe-post-category\"><a href=\"https:\/\/soymigrante.com\/revista\/category\/bienestar\/\">Bienestar<\/a><\/span>                        <h3 class=\"blfe-post-grid-title\">\n            <a href=\"https:\/\/soymigrante.com\/revista\/el-duelo-migratorio-existe-y-no-solo-es-uno-son-siete-los-duelos-del-migrante\/\" title=\"Duelo de distancia  es real pero se puede y se debe superar\" rel=\"nofollow\" target=\"_blank\">Duelo de distancia  es real pero se puede y se debe superar<\/a>\n            <\/h3>                                                            <div class=\"blfe-post-grid-meta\">\n                <span class=\"blfe-post-grid-time\"><i class=\"fas fa-book-reader\"><\/i>4 Min read<\/span>            <\/div>\n                                                        <\/div>\n                <\/div>\n\n            <\/div>\n        <\/div>\n                <div class=\"blfe-post-grid-item\">\n            <div class=\"blfe-post-grid-item-inner blfe-modern-zoom\">\n                        <div class=\"blfe-post-grid-bg-image\">\n            <a class=\"blfe-post-grid-image-inner\" href=\"https:\/\/soymigrante.com\/revista\/7-aspectos-para-aprovechar-mejor-las-remesas-enviadas-a-guatemala\/\" title=\"Siete claves para aprovechar mejor las remesas enviadas a familiares en Guatemala\" rel=\"nofollow\" target=\"_blank\"><img decoding=\"async\" src=\"https:\/\/soymigrante.com\/revista\/wp-content\/uploads\/2023\/05\/WhatsApp-Image-2024-05-07-at-3.58.29-PM-e1715699771795.webp\" alt=\"Siete claves para aprovechar mejor las remesas enviadas a familiares en Guatemala\"\/><\/a>        <\/div>\n                        <div class=\"blfe-post-grid-details\">\n                    <div class=\"blfe-post-grid-details-inner\">\n                        <span class=\"blfe-post-category\"><a href=\"https:\/\/soymigrante.com\/revista\/category\/bienestar\/\">Bienestar<\/a><\/span>                        <h3 class=\"blfe-post-grid-title\">\n            <a href=\"https:\/\/soymigrante.com\/revista\/7-aspectos-para-aprovechar-mejor-las-remesas-enviadas-a-guatemala\/\" title=\"Siete claves para aprovechar mejor las remesas enviadas a familiares en Guatemala\" rel=\"nofollow\" target=\"_blank\">Siete claves para aprovechar mejor las remesas enviadas a familiares en Guatemala<\/a>\n            <\/h3>                                                            <div class=\"blfe-post-grid-meta\">\n                <span class=\"blfe-post-grid-time\"><i class=\"fas fa-book-reader\"><\/i>5 Min read<\/span>            <\/div>\n                                                        <\/div>\n                <\/div>\n\n            <\/div>\n        <\/div>\n                <div class=\"blfe-post-grid-item\">\n            <div class=\"blfe-post-grid-item-inner blfe-modern-zoom\">\n                        <div class=\"blfe-post-grid-bg-image\">\n            <a class=\"blfe-post-grid-image-inner\" href=\"https:\/\/soymigrante.com\/revista\/con-amor\/\" title=\"Claves para superar la nostalgia migrante\" rel=\"nofollow\" target=\"_blank\"><img decoding=\"async\" src=\"https:\/\/soymigrante.com\/revista\/wp-content\/uploads\/2024\/01\/Claves-para-superar-la-nostalgia.webp\" alt=\"Claves para superar la nostalgia migrante\"\/><\/a>        <\/div>\n                        <div class=\"blfe-post-grid-details\">\n                    <div class=\"blfe-post-grid-details-inner\">\n                        <span class=\"blfe-post-category\"><a href=\"https:\/\/soymigrante.com\/revista\/category\/bienestar\/\">Bienestar<\/a><\/span>                        <h3 class=\"blfe-post-grid-title\">\n            <a href=\"https:\/\/soymigrante.com\/revista\/con-amor\/\" title=\"Claves para superar la nostalgia migrante\" rel=\"nofollow\" target=\"_blank\">Claves para superar la nostalgia migrante<\/a>\n            <\/h3>                                                            <div class=\"blfe-post-grid-meta\">\n                <span class=\"blfe-post-grid-time\"><i class=\"fas fa-book-reader\"><\/i>4 Min read<\/span>            <\/div>\n                                                        <\/div>\n                <\/div>\n\n            <\/div>\n        <\/div>\n                        <\/div>\n\n                        <\/div>\n            \n                        <div class=\"blfe-post-footer\">\n                        <\/div>\n            \t\t\t\t<\/div>\n\t\t\t\t<\/div>\n\t\t\t\t\t<\/div>\n\t\t\t\t<\/div>\n\t\t\t\t<\/div>\n\t\t","protected":false},"excerpt":{"rendered":"<p>Los mejores destinos para hacer senderismo en Guatemala, puede que est\u00e9n m\u00e1s cerca de lo que piensas. Guatemala, conocida como el \u201cpa\u00eds de la eterna primavera\u201d, ofrece una rica variedad de destinos para los amantes del senderismo. Aunque los volcanes son los protagonistas, las monta\u00f1as tambi\u00e9n cuentan con rutas espectaculares para quienes buscan una conexi\u00f3n [&hellip;]<\/p>\n","protected":false},"author":19,"featured_media":15034,"comment_status":"open","ping_status":"open","sticky":false,"template":"","format":"standard","meta":{"_acf_changed":false,"_eb_attr":"","footnotes":""},"categories":[58],"tags":[],"class_list":["post-14775","post","type-post","status-publish","format-standard","has-post-thumbnail","hentry","category-guate-nuestra"],"acf":[],"aioseo_notices":[],"aioseo_head":"\n\t\t<!-- All in One SEO Pro 4.9.6.2 - aioseo.com -->\n\t<meta name=\"description\" content=\"La nostalgia o melancol\u00eda un sentimiento normal fundamentado en el anhelo por recuperar lo que se ha perdido pero hay que saber transformarlo para revalorarse, pues si se prolonga resta fuerza al presente y pasi\u00f3n al futuro. Por Adolfo Rodr\u00edguez A menudo un migrante se encuentra con un sentimiento que de alguna manera reconforta, pero\" \/>\n\t<meta name=\"robots\" content=\"max-snippet:-1, max-image-preview:large, max-video-preview:-1\" \/>\n\t<meta name=\"author\" content=\"SoyMigrante.com REVISTA\"\/>\n\t<link rel=\"canonical\" href=\"https:\/\/soymigrante.com\/revista\/con-amor\/\" \/>\n\t<meta name=\"generator\" content=\"All in One SEO Pro (AIOSEO) 4.9.6.2\" \/>\n\n\t\t<link rel=\"preconnect\" href=\"https:\/\/fonts.googleapis.com\" crossorigin>\n<link rel=\"preconnect\" href=\"https:\/\/fonts.gstatic.com\" crossorigin>\n\t\t<meta property=\"og:locale\" content=\"es_ES\" \/>\n\t\t<meta property=\"og:site_name\" content=\"SoyMigrante.com REVISTA \u2013 Nuestra misi\u00f3n es reconocer y dignificar al migrante.\" \/>\n\t\t<meta property=\"og:type\" content=\"article\" \/>\n\t\t<meta property=\"og:title\" content=\"Claves para superar la nostalgia migrante\" \/>\n\t\t<meta property=\"og:description\" content=\"La nostalgia o melancol\u00eda un sentimiento normal fundamentado en el anhelo por recuperar lo que se ha perdido pero hay que saber transformarlo para revalorarse, pues si se prolonga resta fuerza al presente y pasi\u00f3n al futuro. Por Adolfo Rodr\u00edguez A menudo un migrante se encuentra con un sentimiento que de alguna manera reconforta, pero\" \/>\n\t\t<meta property=\"og:url\" content=\"https:\/\/soymigrante.com\/revista\/con-amor\/\" \/>\n\t\t<meta property=\"og:image\" content=\"https:\/\/soymigrante.com\/revista\/wp-content\/uploads\/2024\/01\/Claves-para-superar-la-nostalgia.webp\" \/>\n\t\t<meta property=\"og:image:secure_url\" content=\"https:\/\/soymigrante.com\/revista\/wp-content\/uploads\/2024\/01\/Claves-para-superar-la-nostalgia.webp\" \/>\n\t\t<meta property=\"og:image:width\" content=\"1024\" \/>\n\t\t<meta property=\"og:image:height\" content=\"1024\" \/>\n\t\t<meta property=\"article:published_time\" content=\"2023-05-26T00:35:08+00:00\" \/>\n\t\t<meta property=\"article:modified_time\" content=\"2024-06-25T22:41:49+00:00\" \/>\n\t\t<meta property=\"article:publisher\" content=\"https:\/\/www.facebook.com\/soymigrantecom\" \/>\n\t\t<meta name=\"twitter:card\" content=\"summary_large_image\" \/>\n\t\t<meta name=\"twitter:site\" content=\"@SoyMigrante_com\" \/>\n\t\t<meta name=\"twitter:title\" content=\"Claves para superar la nostalgia migrante\" \/>\n\t\t<meta name=\"twitter:description\" content=\"La nostalgia o melancol\u00eda un sentimiento normal fundamentado en el anhelo por recuperar lo que se ha perdido pero hay que saber transformarlo para revalorarse, pues si se prolonga resta fuerza al presente y pasi\u00f3n al futuro. Por Adolfo Rodr\u00edguez A menudo un migrante se encuentra con un sentimiento que de alguna manera reconforta, pero\" \/>\n\t\t<meta name=\"twitter:creator\" content=\"@SoyMigrante_com\" \/>\n\t\t<meta name=\"twitter:image\" content=\"https:\/\/soymigrante.com\/revista\/wp-content\/uploads\/2024\/01\/Claves-para-superar-la-nostalgia.webp\" \/>\n\t\t<!-- All in One SEO Pro -->\r\n\t\t<title>Claves para superar la nostalgia migrante<\/title>\n\n","aioseo_head_json":{"title":"Claves para superar la nostalgia migrante","description":"La nostalgia o melancol\u00eda un sentimiento normal fundamentado en el anhelo por recuperar lo que se ha perdido pero hay que saber transformarlo para revalorarse, pues si se prolonga resta fuerza al presente y pasi\u00f3n al futuro. Por Adolfo Rodr\u00edguez A menudo un migrante se encuentra con un sentimiento que de alguna manera reconforta, pero","canonical_url":"https:\/\/soymigrante.com\/revista\/con-amor\/","robots":"max-snippet:-1, max-image-preview:large, max-video-preview:-1","keywords":"","webmasterTools":{"miscellaneous":"&lt;link rel=\"preconnect\" href=\"https:\/\/fonts.googleapis.com\" crossorigin&gt;\n&lt;link rel=\"preconnect\" href=\"https:\/\/fonts.gstatic.com\" crossorigin&gt;"},"schema":null,"og:locale":"es_ES","og:site_name":"SoyMigrante.com REVISTA \u2013 Nuestra misi\u00f3n es reconocer y dignificar al migrante.","og:type":"article","og:title":"Claves para superar la nostalgia migrante","og:description":"La nostalgia o melancol\u00eda un sentimiento normal fundamentado en el anhelo por recuperar lo que se ha perdido pero hay que saber transformarlo para revalorarse, pues si se prolonga resta fuerza al presente y pasi\u00f3n al futuro. Por Adolfo Rodr\u00edguez A menudo un migrante se encuentra con un sentimiento que de alguna manera reconforta, pero","og:url":"https:\/\/soymigrante.com\/revista\/con-amor\/","og:image":"https:\/\/soymigrante.com\/revista\/wp-content\/uploads\/2024\/01\/Claves-para-superar-la-nostalgia.webp","og:image:secure_url":"https:\/\/soymigrante.com\/revista\/wp-content\/uploads\/2024\/01\/Claves-para-superar-la-nostalgia.webp","og:image:width":1024,"og:image:height":1024,"article:published_time":"2023-05-26T00:35:08+00:00","article:modified_time":"2024-06-25T22:41:49+00:00","article:publisher":"https:\/\/www.facebook.com\/soymigrantecom","twitter:card":"summary_large_image","twitter:site":"@SoyMigrante_com","twitter:title":"Claves para superar la nostalgia migrante","twitter:description":"La nostalgia o melancol\u00eda un sentimiento normal fundamentado en el anhelo por recuperar lo que se ha perdido pero hay que saber transformarlo para revalorarse, pues si se prolonga resta fuerza al presente y pasi\u00f3n al futuro. Por Adolfo Rodr\u00edguez A menudo un migrante se encuentra con un sentimiento que de alguna manera reconforta, pero","twitter:creator":"@SoyMigrante_com","twitter:image":"https:\/\/soymigrante.com\/revista\/wp-content\/uploads\/2024\/01\/Claves-para-superar-la-nostalgia.webp"},"aioseo_meta_data":{"post_id":"14775","title":null,"description":"Los mejores destinos para hacer senderismo en Guatemala, puede que est\u00e9n m\u00e1s cerca de lo que piensas.","keywords":null,"keyphrases":{"focus":{"keyphrase":"destinos","score":60,"analysis":{"keyphraseInTitle":{"score":3,"maxScore":9,"error":1},"keyphraseInDescription":{"score":9,"maxScore":9,"error":0},"keyphraseLength":{"score":9,"maxScore":9,"error":0,"length":1},"keyphraseInURL":{"score":5,"maxScore":5,"error":0},"keyphraseInIntroduction":{"score":9,"maxScore":9,"error":0},"keyphraseInSubHeadings":{"score":3,"maxScore":9,"error":1},"keyphraseInImageAlt":{"score":3,"maxScore":9,"error":1},"keywordDensity":{"score":0,"type":"low","maxScore":9,"error":1}}},"additional":[{"keyphrase":"destinos","score":67,"analysis":{"keyphraseInDescription":{"score":9,"maxScore":9,"error":0},"keyphraseLength":{"score":9,"maxScore":9,"error":0,"length":1},"keyphraseInIntroduction":{"score":9,"maxScore":9,"error":0},"keyphraseInImageAlt":{"score":3,"maxScore":9,"error":1},"keywordDensity":{"score":0,"type":"low","maxScore":9,"error":1}}}]},"primary_term":null,"canonical_url":null,"og_title":null,"og_description":null,"og_object_type":"default","og_image_type":"default","og_image_url":null,"og_image_width":null,"og_image_height":null,"og_image_custom_url":null,"og_image_custom_fields":null,"og_video":"","og_custom_url":null,"og_article_section":null,"og_article_tags":null,"twitter_use_og":false,"twitter_card":"default","twitter_image_type":"default","twitter_image_url":null,"twitter_image_custom_url":null,"twitter_image_custom_fields":null,"twitter_title":null,"twitter_description":null,"schema":{"blockGraphs":[],"customGraphs":[],"default":{"data":{"Article":[],"Course":[],"Dataset":[],"FAQPage":[],"Movie":[],"Person":[],"Product":[],"ProductReview":[],"Car":[],"Recipe":[],"Service":[],"SoftwareApplication":[],"WebPage":[]},"graphName":"BlogPosting","isEnabled":true},"graphs":[]},"schema_type":"default","schema_type_options":null,"pillar_content":false,"robots_default":true,"robots_noindex":false,"robots_noarchive":false,"robots_nosnippet":false,"robots_nofollow":false,"robots_noimageindex":false,"robots_noodp":false,"robots_notranslate":false,"robots_max_snippet":"-1","robots_max_videopreview":"-1","robots_max_imagepreview":"large","priority":null,"frequency":"default","local_seo":null,"seo_analyzer_scan_date":"2025-10-09 03:42:21","breadcrumb_settings":null,"limit_modified_date":false,"reviewed_by":null,"open_ai":"{\"title\":{\"suggestions\":[],\"usage\":0},\"description\":{\"suggestions\":[],\"usage\":0}}","ai":null,"created":"2024-11-27 18:01:39","updated":"2026-02-04 22:22:29"},"aioseo_breadcrumb":"<div class=\"aioseo-breadcrumbs\"><span class=\"aioseo-breadcrumb\">\n\t<a href=\"https:\/\/soymigrante.com\/revista\" title=\"Home\">Home<\/a>\n<\/span><span class=\"aioseo-breadcrumb-separator\">\u00bb<\/span><span class=\"aioseo-breadcrumb\">\n\t<a href=\"https:\/\/soymigrante.com\/revista\/category\/guate-nuestra\/\" title=\"Guate Nuestra\">Guate Nuestra<\/a>\n<\/span><span class=\"aioseo-breadcrumb-separator\">\u00bb<\/span><span class=\"aioseo-breadcrumb\">\n\tCaminar en medio de la naturaleza: lugares para hacer senderismo en Guatemala\n<\/span><\/div>","aioseo_breadcrumb_json":[{"label":"Home","link":"https:\/\/soymigrante.com\/revista"},{"label":"Guate Nuestra","link":"https:\/\/soymigrante.com\/revista\/category\/guate-nuestra\/"},{"label":"Caminar en medio de la naturaleza: lugares para hacer senderismo en Guatemala","link":"https:\/\/soymigrante.com\/revista\/los-mejores-destinos-para-hacer-senderismo-en-guatemala\/"}],"_links":{"self":[{"href":"https:\/\/soymigrante.com\/revista\/wp-json\/wp\/v2\/posts\/14775","targetHints":{"allow":["GET"]}}],"collection":[{"href":"https:\/\/soymigrante.com\/revista\/wp-json\/wp\/v2\/posts"}],"about":[{"href":"https:\/\/soymigrante.com\/revista\/wp-json\/wp\/v2\/types\/post"}],"author":[{"embeddable":true,"href":"https:\/\/soymigrante.com\/revista\/wp-json\/wp\/v2\/users\/19"}],"replies":[{"embeddable":true,"href":"https:\/\/soymigrante.com\/revista\/wp-json\/wp\/v2\/comments?post=14775"}],"version-history":[{"count":0,"href":"https:\/\/soymigrante.com\/revista\/wp-json\/wp\/v2\/posts\/14775\/revisions"}],"wp:featuredmedia":[{"embeddable":true,"href":"https:\/\/soymigrante.com\/revista\/wp-json\/wp\/v2\/media\/15034"}],"wp:attachment":[{"href":"https:\/\/soymigrante.com\/revista\/wp-json\/wp\/v2\/media?parent=14775"}],"wp:term":[{"taxonomy":"category","embeddable":true,"href":"https:\/\/soymigrante.com\/revista\/wp-json\/wp\/v2\/categories?post=14775"},{"taxonomy":"post_tag","embeddable":true,"href":"https:\/\/soymigrante.com\/revista\/wp-json\/wp\/v2\/tags?post=14775"}],"curies":[{"name":"wp","href":"https:\/\/api.w.org\/{rel}","templated":true}]}}