{"id":14678,"date":"2025-11-09T12:31:59","date_gmt":"2025-11-09T18:31:59","guid":{"rendered":"https:\/\/soymigrante.com\/revista\/?p=14678"},"modified":"2025-11-09T12:33:13","modified_gmt":"2025-11-09T18:33:13","slug":"en-usa-no-solo-se-habla-ingles-y-espanol-se-usan-mas-de-350-idiomas","status":"publish","type":"post","link":"https:\/\/soymigrante.com\/revista\/en-usa-no-solo-se-habla-ingles-y-espanol-se-usan-mas-de-350-idiomas\/","title":{"rendered":"En USA no solo se habla ingl\u00e9s y espa\u00f1ol: se usan m\u00e1s de 350 idiomas"},"content":{"rendered":"\t\t<div data-elementor-type=\"wp-post\" data-elementor-id=\"14678\" class=\"elementor elementor-14678\" data-elementor-post-type=\"post\">\n\t\t\t\t<div data-particle_enable=\"false\" data-particle-mobile-disabled=\"false\" class=\"elementor-element elementor-element-62f7a12 e-flex e-con-boxed e-con e-parent\" data-id=\"62f7a12\" data-element_type=\"container\" data-e-type=\"container\">\n\t\t\t\t\t<div class=\"e-con-inner\">\n\t\t\t\t<div class=\"elementor-element elementor-element-6e557bc elementor-widget elementor-widget-heading\" data-id=\"6e557bc\" data-element_type=\"widget\" data-e-type=\"widget\" data-widget_type=\"heading.default\">\n\t\t\t\t\t<h2 class=\"elementor-heading-title elementor-size-default\">Aunque no lo creas, en Estados Unidos se hablan m\u00e1s de 350 idiomas, seg\u00fan el United States Census. El ingl\u00e9s es por supuesto el mayoritario, seguido de el espa\u00f1ol. Pero el mosaico multicultural es enorme.<\/h2>\t\t\t\t<\/div>\n\t\t\t\t\t<\/div>\n\t\t\t\t<\/div>\n\t\t<div data-particle_enable=\"false\" data-particle-mobile-disabled=\"false\" class=\"elementor-element elementor-element-998cdba e-flex e-con-boxed e-con e-parent\" data-id=\"998cdba\" data-element_type=\"container\" data-e-type=\"container\">\n\t\t\t\t\t<div class=\"e-con-inner\">\n\t\t\t\t<div class=\"elementor-element elementor-element-d96fd2b elementor-widget elementor-widget-text-editor\" data-id=\"d96fd2b\" data-element_type=\"widget\" data-e-type=\"widget\" data-widget_type=\"text-editor.default\">\n\t\t\t\t\t\t\t\t\t<p><a href=\"https:\/\/soymigrante.com\/revista\/aprender-ingles-en-usa-puede-ser-gratuito-o-a-bajo-costo-la-clave-es-querer\/\">Aunque el ingl\u00e9s domina<\/a> en la vida cotidiana, millones de personas usan el espa\u00f1ol, el chino, el tagalo y hasta lenguas ind\u00edgenas, reflejando la multiculturalidad que define al pa\u00eds. Descubre c\u00f3mo esta riqueza ling\u00fc\u00edstica transforma su sociedad y cultura.<\/p><p><a style=\"text-align: var(--text-align)\" href=\"https:\/\/soymigrante.com\/revista\/usa-autoriza-visas-temporales-de-trabajo-para-guatemaltecos-en-el-2025\/\" target=\"_blank\" rel=\"noopener\">Estados Unidos<\/a>\u00a0es un pa\u00eds ling\u00fc\u00edsticamente diverso debido a su rica historia de migraci\u00f3n y multiculturalidad. Aunque el ingl\u00e9s es el idioma predominante, en el pa\u00eds se hablan cientos de lenguas.<\/p>\t\t\t\t\t\t\t\t<\/div>\n\t\t\t\t\t<\/div>\n\t\t\t\t<\/div>\n\t\t<div data-particle_enable=\"false\" data-particle-mobile-disabled=\"false\" class=\"elementor-element elementor-element-fdbce3d e-flex e-con-boxed e-con e-parent\" data-id=\"fdbce3d\" data-element_type=\"container\" data-e-type=\"container\">\n\t\t\t\t\t<div class=\"e-con-inner\">\n\t\t\t\t<div class=\"elementor-element elementor-element-f7c2d72 elementor-widget elementor-widget-image\" data-id=\"f7c2d72\" data-element_type=\"widget\" data-e-type=\"widget\" data-widget_type=\"image.default\">\n\t\t\t\t\t\t\t\t\t\t\t\t\t\t\t<img fetchpriority=\"high\" decoding=\"async\" width=\"1024\" height=\"683\" src=\"https:\/\/soymigrante.com\/revista\/wp-content\/uploads\/2024\/11\/idiomas-en-estados-unidos-1024x683.jpg\" class=\"attachment-large size-large wp-image-14721\" alt=\"Caballo y guerrero ind\u00edgena en ceremonia tradicional, con miembros de la comunidad en conmemoraci\u00f3n cultural al atardecer.\" srcset=\"https:\/\/soymigrante.com\/revista\/wp-content\/uploads\/2024\/11\/idiomas-en-estados-unidos-1024x683.jpg 1024w, https:\/\/soymigrante.com\/revista\/wp-content\/uploads\/2024\/11\/idiomas-en-estados-unidos-300x200.jpg 300w, https:\/\/soymigrante.com\/revista\/wp-content\/uploads\/2024\/11\/idiomas-en-estados-unidos-768x512.jpg 768w, https:\/\/soymigrante.com\/revista\/wp-content\/uploads\/2024\/11\/idiomas-en-estados-unidos-1536x1025.jpg 1536w, https:\/\/soymigrante.com\/revista\/wp-content\/uploads\/2024\/11\/idiomas-en-estados-unidos-2048x1366.jpg 2048w, https:\/\/soymigrante.com\/revista\/wp-content\/uploads\/2024\/11\/idiomas-en-estados-unidos-750x500.webp 750w, https:\/\/soymigrante.com\/revista\/wp-content\/uploads\/2024\/11\/idiomas-en-estados-unidos-1140x760.webp 1140w, https:\/\/soymigrante.com\/revista\/wp-content\/uploads\/2024\/11\/idiomas-en-estados-unidos-scaled.webp 1920w\" sizes=\"(max-width: 1024px) 100vw, 1024px\" title=\"idiomas en estados unidos \u2013 SoyMigrante.com REVISTA\" \/>\t\t\t\t\t\t\t\t\t\t\t\t\t\t\t<\/div>\n\t\t\t\t\t<\/div>\n\t\t\t\t<\/div>\n\t\t<div data-particle_enable=\"false\" data-particle-mobile-disabled=\"false\" class=\"elementor-element elementor-element-702eba8 e-flex e-con-boxed e-con e-parent\" data-id=\"702eba8\" data-element_type=\"container\" data-e-type=\"container\">\n\t\t\t\t\t<div class=\"e-con-inner\">\n\t\t\t\t<div class=\"elementor-element elementor-element-b0571f0 elementor-widget elementor-widget-heading\" data-id=\"b0571f0\" data-element_type=\"widget\" data-e-type=\"widget\" data-widget_type=\"heading.default\">\n\t\t\t\t\t<h3 class=\"elementor-heading-title elementor-size-default\">Aqu\u00ed un vistazo a los idiomas m\u00e1s destacados:<\/h3>\t\t\t\t<\/div>\n\t\t\t\t\t<\/div>\n\t\t\t\t<\/div>\n\t\t<div data-particle_enable=\"false\" data-particle-mobile-disabled=\"false\" class=\"elementor-element elementor-element-04891ba e-flex e-con-boxed e-con e-parent\" data-id=\"04891ba\" data-element_type=\"container\" data-e-type=\"container\">\n\t\t\t\t\t<div class=\"e-con-inner\">\n\t\t\t\t<div class=\"elementor-element elementor-element-d0bd732 elementor-widget elementor-widget-text-editor\" data-id=\"d0bd732\" data-element_type=\"widget\" data-e-type=\"widget\" data-widget_type=\"text-editor.default\">\n\t\t\t\t\t\t\t\t\t<p><b>Ingl\u00e9s: El idioma principal<\/b><br \/>El ingl\u00e9s es el idioma m\u00e1s hablado<a href=\"https:\/\/soymigrante.com\/revista\/conoce-las-equivalencias-de-titulos-academicos-entre-guatemala-y-estados-unidos\/\" target=\"_blank\" rel=\"noopener\"> en Estados Unidos<\/a>\u00a0y el idioma oficial de facto. Se utiliza en la mayor\u00eda de los \u00e1mbitos, como la educaci\u00f3n, el gobierno y los negocios.<\/p><p><b>Espa\u00f1ol: La segunda lengua m\u00e1s hablada<br \/><\/b>Con m\u00e1s de 41 millones de\u00a0<a href=\"https:\/\/www.census.gov\/library\/stories\/2022\/12\/languages-we-speak-in-united-states-spanish.html\" target=\"_blank\" rel=\"noopener\">hablantes nativos<\/a>, el espa\u00f1ol es el segundo idioma m\u00e1s com\u00fan en el pa\u00eds. Es ampliamente utilizado en estados como California, Texas, Florida y Nueva York, adem\u00e1s de ser parte importante de la identidad cultural de millones de estadounidenses.<\/p><p><span style=\"color: var( --e-global-color-text );text-align: var(--text-align)\">Aunque muchos idiomas nativos han desaparecido, algunos a\u00fan se hablan en comunidades ind\u00edgenas, como el navajo, el cheroqui y el lakota.<\/span><\/p>\t\t\t\t\t\t\t\t<\/div>\n\t\t\t\t\t<\/div>\n\t\t\t\t<\/div>\n\t\t<div data-particle_enable=\"false\" data-particle-mobile-disabled=\"false\" class=\"elementor-element elementor-element-4368c64 e-flex e-con-boxed e-con e-parent\" data-id=\"4368c64\" data-element_type=\"container\" data-e-type=\"container\">\n\t\t\t\t\t<div class=\"e-con-inner\">\n\t\t\t\t<div class=\"elementor-element elementor-element-0b499d4 elementor-widget elementor-widget-image\" data-id=\"0b499d4\" data-element_type=\"widget\" data-e-type=\"widget\" data-widget_type=\"image.default\">\n\t\t\t\t\t\t\t\t\t\t\t\t<figure class=\"wp-caption\">\n\t\t\t\t\t\t\t\t\t\t<img decoding=\"async\" width=\"736\" height=\"403\" src=\"https:\/\/soymigrante.com\/revista\/wp-content\/uploads\/2024\/11\/idiomas-en-estados-unidos-2.webp\" class=\"attachment-large size-large wp-image-14725\" alt=\"Lengua criolla espa\u00f1ola y otros idiomas en EE.UU. mayor\u00eda de hablantes, datos de 2019.\" srcset=\"https:\/\/soymigrante.com\/revista\/wp-content\/uploads\/2024\/11\/idiomas-en-estados-unidos-2.webp 736w, https:\/\/soymigrante.com\/revista\/wp-content\/uploads\/2024\/11\/idiomas-en-estados-unidos-2-300x164.jpg 300w\" sizes=\"(max-width: 736px) 100vw, 736px\" title=\"idiomas en estados unidos 2 \u2013 SoyMigrante.com REVISTA\" \/>\t\t\t\t\t\t\t\t\t\t\t<figcaption class=\"widget-image-caption wp-caption-text\">Distribuci\u00f3n de idiomas no ingleses en hogares en EE.UU., destacando el espa\u00f1ol como el m\u00e1s hablado.<\/figcaption>\n\t\t\t\t\t\t\t\t\t\t<\/figure>\n\t\t\t\t\t\t\t\t\t<\/div>\n\t\t\t\t\t<\/div>\n\t\t\t\t<\/div>\n\t\t<div data-particle_enable=\"false\" data-particle-mobile-disabled=\"false\" class=\"elementor-element elementor-element-8f9dce4 e-flex e-con-boxed e-con e-parent\" data-id=\"8f9dce4\" data-element_type=\"container\" data-e-type=\"container\">\n\t\t\t\t\t<div class=\"e-con-inner\">\n\t\t\t\t<div class=\"elementor-element elementor-element-8824e1b elementor-widget elementor-widget-heading\" data-id=\"8824e1b\" data-element_type=\"widget\" data-e-type=\"widget\" data-widget_type=\"heading.default\">\n\t\t\t\t\t<h3 class=\"elementor-heading-title elementor-size-default\">Otros idiomas destacados<\/h3>\t\t\t\t<\/div>\n\t\t\t\t\t<\/div>\n\t\t\t\t<\/div>\n\t\t<div data-particle_enable=\"false\" data-particle-mobile-disabled=\"false\" class=\"elementor-element elementor-element-8614041 e-flex e-con-boxed e-con e-parent\" data-id=\"8614041\" data-element_type=\"container\" data-e-type=\"container\">\n\t\t\t\t\t<div class=\"e-con-inner\">\n\t\t\t\t<div class=\"elementor-element elementor-element-7520962 elementor-widget elementor-widget-text-editor\" data-id=\"7520962\" data-element_type=\"widget\" data-e-type=\"widget\" data-widget_type=\"text-editor.default\">\n\t\t\t\t\t\t\t\t\t<p>Adem\u00e1s del ingl\u00e9s y el espa\u00f1ol, hay comunidades significativas que hablan:<\/p><ul><li>Chino (mandar\u00edn y canton\u00e9s): Popular en comunidades asi\u00e1ticas, especialmente en ciudades como Nueva York, San Francisco y Los \u00c1ngeles.<\/li><li>Tagalo: Hablado por la comunidad filipina, principalmente en California y Haw\u00e1i.<\/li><li>Vietnamita: Predomina en \u00e1reas con grandes comunidades vietnamitas, como Houston y Orange County, California.<\/li><li>Franc\u00e9s y criollo haitiano: Utilizados principalmente en Luisiana y Florida.<\/li><li>Alem\u00e1n: Conservado en comunidades tradicionales como los amish y menonitas.<\/li><\/ul>\t\t\t\t\t\t\t\t<\/div>\n\t\t\t\t\t<\/div>\n\t\t\t\t<\/div>\n\t\t<div data-particle_enable=\"false\" data-particle-mobile-disabled=\"false\" class=\"elementor-element elementor-element-dac68db e-flex e-con-boxed e-con e-parent\" data-id=\"dac68db\" data-element_type=\"container\" data-e-type=\"container\">\n\t\t\t\t\t<div class=\"e-con-inner\">\n\t\t\t\t<div class=\"elementor-element elementor-element-38730d7 elementor-widget elementor-widget-video\" data-id=\"38730d7\" data-element_type=\"widget\" data-e-type=\"widget\" data-settings=\"{&quot;youtube_url&quot;:&quot;https:\\\/\\\/www.youtube.com\\\/watch?v=Z8-WOTYsDqk&quot;,&quot;video_type&quot;:&quot;youtube&quot;,&quot;controls&quot;:&quot;yes&quot;}\" data-widget_type=\"video.default\">\n\t\t\t\t\t\t\t<div class=\"elementor-wrapper elementor-open-inline\">\n\t\t\t<div class=\"elementor-video\"><\/div>\t\t<\/div>\n\t\t\t\t\t\t<\/div>\n\t\t\t\t\t<\/div>\n\t\t\t\t<\/div>\n\t\t<div data-particle_enable=\"false\" data-particle-mobile-disabled=\"false\" class=\"elementor-element elementor-element-f617113 e-flex e-con-boxed e-con e-parent\" data-id=\"f617113\" data-element_type=\"container\" data-e-type=\"container\">\n\t\t\t\t\t<div class=\"e-con-inner\">\n\t\t\t\t<div class=\"elementor-element elementor-element-bce77f5 elementor-widget elementor-widget-text-editor\" data-id=\"bce77f5\" data-element_type=\"widget\" data-e-type=\"widget\" data-widget_type=\"text-editor.default\">\n\t\t\t\t\t\t\t\t\t<p><strong>Lenguaje de se\u00f1as americano (ASL)<\/strong><\/p><ul><li>El ASL es el principal idioma para la comunidad sorda en Estados Unidos y es considerado una lengua natural con su propia gram\u00e1tica y estructura.<\/li><li>Diversidad ling\u00fc\u00edstica creciente: El censo de EE. UU. muestra un aumento en la diversidad de idiomas, reflejando la influencia de la migraci\u00f3n y el multiculturalismo. M\u00e1s del 20% de los residentes h<a href=\"https:\/\/soymigrante.com\/revista\/como-aprender-ingles-gratis-y-en-linea-en-estados-unidos\/\" target=\"_blank\" rel=\"noopener\">ablan un idioma distinto al ingl\u00e9s en casa,\u00a0<\/a>destacando la riqueza ling\u00fc\u00edstica del pa\u00eds.<\/li><\/ul>\t\t\t\t\t\t\t\t<\/div>\n\t\t\t\t\t<\/div>\n\t\t\t\t<\/div>\n\t\t<div data-particle_enable=\"false\" data-particle-mobile-disabled=\"false\" class=\"elementor-element elementor-element-4708a3f e-flex e-con-boxed e-con e-parent\" data-id=\"4708a3f\" data-element_type=\"container\" data-e-type=\"container\">\n\t\t\t\t\t<div class=\"e-con-inner\">\n\t\t\t\t<div class=\"elementor-element elementor-element-71b8b2e elementor-widget elementor-widget-heading\" data-id=\"71b8b2e\" data-element_type=\"widget\" data-e-type=\"widget\" data-widget_type=\"heading.default\">\n\t\t\t\t\t<h3 class=\"elementor-heading-title elementor-size-default\">Idiomas ind\u00edgenas m\u00e1s hablados<\/h3>\t\t\t\t<\/div>\n\t\t\t\t\t<\/div>\n\t\t\t\t<\/div>\n\t\t<div data-particle_enable=\"false\" data-particle-mobile-disabled=\"false\" class=\"elementor-element elementor-element-c2bb94e e-flex e-con-boxed e-con e-parent\" data-id=\"c2bb94e\" data-element_type=\"container\" data-e-type=\"container\">\n\t\t\t\t\t<div class=\"e-con-inner\">\n\t\t\t\t<div class=\"elementor-element elementor-element-8f69f2b elementor-tabs-view-vertical elementor-widget elementor-widget-tabs\" data-id=\"8f69f2b\" data-element_type=\"widget\" data-e-type=\"widget\" data-widget_type=\"tabs.default\">\n\t\t\t\t\t\t\t<div class=\"elementor-tabs\">\n\t\t\t<div class=\"elementor-tabs-wrapper\" role=\"tablist\" >\n\t\t\t\t\t\t\t\t\t<div id=\"elementor-tab-title-1501\" class=\"elementor-tab-title elementor-tab-desktop-title\" aria-selected=\"true\" data-tab=\"1\" role=\"tab\" tabindex=\"0\" aria-controls=\"elementor-tab-content-1501\" aria-expanded=\"false\">Navajo (Din\u00e9 Bizaad):<\/div>\n\t\t\t\t\t\t\t\t\t<div id=\"elementor-tab-title-1502\" class=\"elementor-tab-title elementor-tab-desktop-title\" aria-selected=\"false\" data-tab=\"2\" role=\"tab\" tabindex=\"-1\" aria-controls=\"elementor-tab-content-1502\" aria-expanded=\"false\">Dakota-Lakota:<\/div>\n\t\t\t\t\t\t\t\t\t<div id=\"elementor-tab-title-1503\" class=\"elementor-tab-title elementor-tab-desktop-title\" aria-selected=\"false\" data-tab=\"3\" role=\"tab\" tabindex=\"-1\" aria-controls=\"elementor-tab-content-1503\" aria-expanded=\"false\">Cherokee (Tsalagi):<\/div>\n\t\t\t\t\t\t\t\t\t<div id=\"elementor-tab-title-1504\" class=\"elementor-tab-title elementor-tab-desktop-title\" aria-selected=\"false\" data-tab=\"4\" role=\"tab\" tabindex=\"-1\" aria-controls=\"elementor-tab-content-1504\" aria-expanded=\"false\">Choctaw:<\/div>\n\t\t\t\t\t\t\t\t\t<div id=\"elementor-tab-title-1505\" class=\"elementor-tab-title elementor-tab-desktop-title\" aria-selected=\"false\" data-tab=\"5\" role=\"tab\" tabindex=\"-1\" aria-controls=\"elementor-tab-content-1505\" aria-expanded=\"false\">Zuni:<\/div>\n\t\t\t\t\t\t\t\t\t<div id=\"elementor-tab-title-1506\" class=\"elementor-tab-title elementor-tab-desktop-title\" aria-selected=\"false\" data-tab=\"6\" role=\"tab\" tabindex=\"-1\" aria-controls=\"elementor-tab-content-1506\" aria-expanded=\"false\">Hopi:<\/div>\n\t\t\t\t\t\t\t\t\t<div id=\"elementor-tab-title-1507\" class=\"elementor-tab-title elementor-tab-desktop-title\" aria-selected=\"false\" data-tab=\"7\" role=\"tab\" tabindex=\"-1\" aria-controls=\"elementor-tab-content-1507\" aria-expanded=\"false\">Apache:<\/div>\n\t\t\t\t\t\t\t\t\t<div id=\"elementor-tab-title-1508\" class=\"elementor-tab-title elementor-tab-desktop-title\" aria-selected=\"false\" data-tab=\"8\" role=\"tab\" tabindex=\"-1\" aria-controls=\"elementor-tab-content-1508\" aria-expanded=\"false\">Hualapai:<\/div>\n\t\t\t\t\t\t\t\t\t<div id=\"elementor-tab-title-1509\" class=\"elementor-tab-title elementor-tab-desktop-title\" aria-selected=\"false\" data-tab=\"9\" role=\"tab\" tabindex=\"-1\" aria-controls=\"elementor-tab-content-1509\" aria-expanded=\"false\">Tlingit, Haida y Tsimshian:<\/div>\n\t\t\t\t\t\t\t\t\t<div id=\"elementor-tab-title-15010\" class=\"elementor-tab-title elementor-tab-desktop-title\" aria-selected=\"false\" data-tab=\"10\" role=\"tab\" tabindex=\"-1\" aria-controls=\"elementor-tab-content-15010\" aria-expanded=\"false\">Ojibwa (Anishinaabemowin):<\/div>\n\t\t\t\t\t\t\t<\/div>\n\t\t\t<div class=\"elementor-tabs-content-wrapper\" role=\"tablist\" aria-orientation=\"vertical\">\n\t\t\t\t\t\t\t\t\t<div class=\"elementor-tab-title elementor-tab-mobile-title\" aria-selected=\"true\" data-tab=\"1\" role=\"tab\" tabindex=\"0\" aria-controls=\"elementor-tab-content-1501\" aria-expanded=\"false\">Navajo (Din\u00e9 Bizaad):<\/div>\n\t\t\t\t\t<div id=\"elementor-tab-content-1501\" class=\"elementor-tab-content elementor-clearfix\" data-tab=\"1\" role=\"tabpanel\" aria-labelledby=\"elementor-tab-title-1501\" tabindex=\"0\" hidden=\"false\"><p>Es el idioma ind\u00edgena con m\u00e1s hablantes en Estados Unidos, principalmente en Arizona, Nuevo M\u00e9xico y Utah. Aproximadamente 170 mil personas lo hablan.<\/p><\/div>\n\t\t\t\t\t\t\t\t\t<div class=\"elementor-tab-title elementor-tab-mobile-title\" aria-selected=\"false\" data-tab=\"2\" role=\"tab\" tabindex=\"-1\" aria-controls=\"elementor-tab-content-1502\" aria-expanded=\"false\">Dakota-Lakota:<\/div>\n\t\t\t\t\t<div id=\"elementor-tab-content-1502\" class=\"elementor-tab-content elementor-clearfix\" data-tab=\"2\" role=\"tabpanel\" aria-labelledby=\"elementor-tab-title-1502\" tabindex=\"0\" hidden=\"hidden\"><p>Esta lengua siux se habla en las Dakotas, Nebraska y Montana. Se encuentra en un proceso de revitalizaci\u00f3n dentro de las comunidades siux.<\/p><\/div>\n\t\t\t\t\t\t\t\t\t<div class=\"elementor-tab-title elementor-tab-mobile-title\" aria-selected=\"false\" data-tab=\"3\" role=\"tab\" tabindex=\"-1\" aria-controls=\"elementor-tab-content-1503\" aria-expanded=\"false\">Cherokee (Tsalagi):<\/div>\n\t\t\t\t\t<div id=\"elementor-tab-content-1503\" class=\"elementor-tab-content elementor-clearfix\" data-tab=\"3\" role=\"tabpanel\" aria-labelledby=\"elementor-tab-title-1503\" tabindex=\"0\" hidden=\"hidden\"><p>Hablado en Carolina del Norte y Oklahoma, el idioma cheroqui tiene programas activos para preservar su uso entre las nuevas generaciones.<\/p><\/div>\n\t\t\t\t\t\t\t\t\t<div class=\"elementor-tab-title elementor-tab-mobile-title\" aria-selected=\"false\" data-tab=\"4\" role=\"tab\" tabindex=\"-1\" aria-controls=\"elementor-tab-content-1504\" aria-expanded=\"false\">Choctaw:<\/div>\n\t\t\t\t\t<div id=\"elementor-tab-content-1504\" class=\"elementor-tab-content elementor-clearfix\" data-tab=\"4\" role=\"tabpanel\" aria-labelledby=\"elementor-tab-title-1504\" tabindex=\"0\" hidden=\"hidden\"><p>Predominante en Mississippi, Oklahoma y Louisiana, es una de las lenguas de los pueblos del sudeste que a\u00fan se ense\u00f1a en algunas comunidades.<\/p><\/div>\n\t\t\t\t\t\t\t\t\t<div class=\"elementor-tab-title elementor-tab-mobile-title\" aria-selected=\"false\" data-tab=\"5\" role=\"tab\" tabindex=\"-1\" aria-controls=\"elementor-tab-content-1505\" aria-expanded=\"false\">Zuni:<\/div>\n\t\t\t\t\t<div id=\"elementor-tab-content-1505\" class=\"elementor-tab-content elementor-clearfix\" data-tab=\"5\" role=\"tabpanel\" aria-labelledby=\"elementor-tab-title-1505\" tabindex=\"0\" hidden=\"hidden\"><p>Esta lengua \u00fanica, hablada por el pueblo zuni en Nuevo M\u00e9xico, no tiene relaci\u00f3n conocida con otras lenguas ind\u00edgenas.<\/p><\/div>\n\t\t\t\t\t\t\t\t\t<div class=\"elementor-tab-title elementor-tab-mobile-title\" aria-selected=\"false\" data-tab=\"6\" role=\"tab\" tabindex=\"-1\" aria-controls=\"elementor-tab-content-1506\" aria-expanded=\"false\">Hopi:<\/div>\n\t\t\t\t\t<div id=\"elementor-tab-content-1506\" class=\"elementor-tab-content elementor-clearfix\" data-tab=\"6\" role=\"tabpanel\" aria-labelledby=\"elementor-tab-title-1506\" tabindex=\"0\" hidden=\"hidden\"><p>Hablado por los hopis en Arizona, este idioma sigue siendo importante en ceremonias culturales.<\/p><\/div>\n\t\t\t\t\t\t\t\t\t<div class=\"elementor-tab-title elementor-tab-mobile-title\" aria-selected=\"false\" data-tab=\"7\" role=\"tab\" tabindex=\"-1\" aria-controls=\"elementor-tab-content-1507\" aria-expanded=\"false\">Apache:<\/div>\n\t\t\t\t\t<div id=\"elementor-tab-content-1507\" class=\"elementor-tab-content elementor-clearfix\" data-tab=\"7\" role=\"tabpanel\" aria-labelledby=\"elementor-tab-title-1507\" tabindex=\"0\" hidden=\"hidden\"><p>Las variantes del apache se hablan en comunidades de Arizona, Nuevo M\u00e9xico y Texas, incluyendo lenguas como el mescalero y el chiricahua.<\/p><\/div>\n\t\t\t\t\t\t\t\t\t<div class=\"elementor-tab-title elementor-tab-mobile-title\" aria-selected=\"false\" data-tab=\"8\" role=\"tab\" tabindex=\"-1\" aria-controls=\"elementor-tab-content-1508\" aria-expanded=\"false\">Hualapai:<\/div>\n\t\t\t\t\t<div id=\"elementor-tab-content-1508\" class=\"elementor-tab-content elementor-clearfix\" data-tab=\"8\" role=\"tabpanel\" aria-labelledby=\"elementor-tab-title-1508\" tabindex=\"0\" hidden=\"hidden\"><p>Hablado por la naci\u00f3n hualapai en el norte de Arizona.<\/p><\/div>\n\t\t\t\t\t\t\t\t\t<div class=\"elementor-tab-title elementor-tab-mobile-title\" aria-selected=\"false\" data-tab=\"9\" role=\"tab\" tabindex=\"-1\" aria-controls=\"elementor-tab-content-1509\" aria-expanded=\"false\">Tlingit, Haida y Tsimshian:<\/div>\n\t\t\t\t\t<div id=\"elementor-tab-content-1509\" class=\"elementor-tab-content elementor-clearfix\" data-tab=\"9\" role=\"tabpanel\" aria-labelledby=\"elementor-tab-title-1509\" tabindex=\"0\" hidden=\"hidden\"><p>Idiomas de Alaska nativos de las comunidades del sudeste del estado.<\/p><\/div>\n\t\t\t\t\t\t\t\t\t<div class=\"elementor-tab-title elementor-tab-mobile-title\" aria-selected=\"false\" data-tab=\"10\" role=\"tab\" tabindex=\"-1\" aria-controls=\"elementor-tab-content-15010\" aria-expanded=\"false\">Ojibwa (Anishinaabemowin):<\/div>\n\t\t\t\t\t<div id=\"elementor-tab-content-15010\" class=\"elementor-tab-content elementor-clearfix\" data-tab=\"10\" role=\"tabpanel\" aria-labelledby=\"elementor-tab-title-15010\" tabindex=\"0\" hidden=\"hidden\"><p>Extendido entre comunidades de los Grandes Lagos y Canad\u00e1.<\/p><\/div>\n\t\t\t\t\t\t\t<\/div>\n\t\t<\/div>\n\t\t\t\t\t\t<\/div>\n\t\t\t\t\t<\/div>\n\t\t\t\t<\/div>\n\t\t<div data-particle_enable=\"false\" data-particle-mobile-disabled=\"false\" class=\"elementor-element elementor-element-85b5900 e-flex e-con-boxed e-con e-parent\" data-id=\"85b5900\" data-element_type=\"container\" data-e-type=\"container\">\n\t\t\t\t\t<div class=\"e-con-inner\">\n\t\t\t\t<div class=\"elementor-element elementor-element-e401c5b elementor-widget elementor-widget-text-editor\" data-id=\"e401c5b\" data-element_type=\"widget\" data-e-type=\"widget\" data-widget_type=\"text-editor.default\">\n\t\t\t\t\t\t\t\t\t<p>Muchas lenguas nativas han desaparecido debido a pol\u00edticas de asimilaci\u00f3n forzada en el pasado, como las escuelas residenciales.<\/p><p>Programas de revitalizaci\u00f3n: Organizaciones y tribus est\u00e1n trabajando para ense\u00f1ar idiomas ind\u00edgenas a las nuevas generaciones, utilizando m\u00e9todos modernos como aplicaciones m\u00f3viles, programas de inmersi\u00f3n y materiales educativos digitales.<\/p><p>Actualmente, se estima que se hablan m\u00e1s de 150 idiomas ind\u00edgenas en Estados Unidos, aunque muchos tienen menos de mil hablantes. Su preservaci\u00f3n es fundamental para mantener el patrimonio cultural y la identidad de los pueblos originarios.<\/p>\t\t\t\t\t\t\t\t<\/div>\n\t\t\t\t\t<\/div>\n\t\t\t\t<\/div>\n\t\t<div data-particle_enable=\"false\" data-particle-mobile-disabled=\"false\" class=\"elementor-element elementor-element-72531ea e-flex e-con-boxed e-con e-parent\" data-id=\"72531ea\" data-element_type=\"container\" data-e-type=\"container\">\n\t\t\t\t\t<div class=\"e-con-inner\">\n\t\t\t\t<div class=\"elementor-element elementor-element-328a387 elementor-widget elementor-widget-heading\" data-id=\"328a387\" data-element_type=\"widget\" data-e-type=\"widget\" data-widget_type=\"heading.default\">\n\t\t\t\t\t<h2 class=\"elementor-heading-title elementor-size-default\">Organiza tu tiempo ...<\/h2>\t\t\t\t<\/div>\n\t\t\t\t\t<\/div>\n\t\t\t\t<\/div>\n\t\t<div data-particle_enable=\"false\" data-particle-mobile-disabled=\"false\" class=\"elementor-element elementor-element-55109aa e-flex e-con-boxed e-con e-parent\" data-id=\"55109aa\" data-element_type=\"container\" data-e-type=\"container\">\n\t\t\t\t\t<div class=\"e-con-inner\">\n\t\t\t\t<div class=\"elementor-element elementor-element-19fce2f elementor-grid-eael-col-3 elementor-grid-tablet-eael-col-2 elementor-grid-mobile-eael-col-1 elementor-widget elementor-widget-eael-post-grid\" data-id=\"19fce2f\" data-element_type=\"widget\" data-e-type=\"widget\" data-settings=\"{&quot;eael_post_grid_columns&quot;:&quot;eael-col-3&quot;,&quot;eael_post_grid_columns_tablet&quot;:&quot;eael-col-2&quot;,&quot;eael_post_grid_columns_mobile&quot;:&quot;eael-col-1&quot;}\" data-widget_type=\"eael-post-grid.default\">\n\t\t\t\t\t<div id=\"eael-post-grid-19fce2f\" class=\"eael-post-grid-container\">\n            <div class=\"eael-post-grid eael-post-appender eael-post-appender-19fce2f eael-post-grid-style-one\" data-layout-mode=\"masonry\"><article class=\"eael-grid-post  eael-post-grid-column eael-pg-post-9426 category-bienestar\" data-id=\"9426\">\n        <div class=\"eael-grid-post-holder\">\n            <div class=\"eael-grid-post-holder-inner\"><div class=\"eael-entry-media\"><div class=\"eael-entry-overlay fade-in\"><i class=\"far fa-hand-pointer\" aria-hidden=\"true\"><\/i><a href=\"https:\/\/soymigrante.com\/revista\/organizacion-de-trabajo-y-tiempo-es-vital-para-el-exito\/\"><\/a><\/div><div class=\"eael-entry-thumbnail \">\n                <img decoding=\"async\" width=\"1024\" height=\"617\" src=\"https:\/\/soymigrante.com\/revista\/wp-content\/uploads\/2024\/09\/La-clave-para-el-exito-organizacion-en-el-trabajo-2-1024x617.webp\" class=\"attachment-large size-large wp-image-9427\" alt=\"An\u00e1lisis de datos financieros y reuniones de negocios en un entorno profesional con laptops y gr\u00e1ficas.\" \/>\n            <\/div>\n        <\/div><div class=\"eael-entry-wrapper\"><header class=\"eael-entry-header\"><h2 class=\"eael-entry-title\"><a class=\"eael-grid-post-link\" href=\"https:\/\/soymigrante.com\/revista\/organizacion-de-trabajo-y-tiempo-es-vital-para-el-exito\/\" title=\"Organizaci\u00f3n de trabajo y tiempo es vital para el \u00e9xito: sugerencias pr\u00e1cticas\">Organizaci\u00f3n de trabajo y tiempo es vital para el \u00e9xito: sugerencias pr\u00e1cticas<\/a><\/h2><\/header><div class=\"eael-entry-content\">\n                        <div class=\"eael-grid-post-excerpt\"><a href=\"https:\/\/soymigrante.com\/revista\/organizacion-de-trabajo-y-tiempo-es-vital-para-el-exito\/\" class=\"eael-post-elements-readmore-btn\">CONOCE SU HISTORIA <\/a><\/div>\n                    <\/div><\/div><\/div>\n        <\/div>\n    <\/article><article class=\"eael-grid-post  eael-post-grid-column eael-pg-post-12614 category-recursos-migratorios\" data-id=\"12614\">\n        <div class=\"eael-grid-post-holder\">\n            <div class=\"eael-grid-post-holder-inner\"><div class=\"eael-entry-media\"><div class=\"eael-entry-overlay fade-in\"><i class=\"far fa-hand-pointer\" aria-hidden=\"true\"><\/i><a href=\"https:\/\/soymigrante.com\/revista\/empieza-con-tiempo-requisitos-y-herramientas-para-declarar-tus-taxes-en-usa\/\"><\/a><\/div><div class=\"eael-entry-thumbnail \">\n                <img loading=\"lazy\" decoding=\"async\" width=\"1024\" height=\"1024\" src=\"https:\/\/soymigrante.com\/revista\/wp-content\/uploads\/2024\/11\/Feature-impeustos-1024x1024.jpg\" class=\"attachment-large size-large wp-image-12617\" alt=\"Dinero en efectivo, l\u00e1piz y bloques con \u00edconos de impuestos, calendario, banco y dinero, relacionados con la fiscalidad para migrantes y la declaraci\u00f3n de impuestos en EE. UU.\" srcset=\"https:\/\/soymigrante.com\/revista\/wp-content\/uploads\/2024\/11\/Feature-impeustos-1024x1024.jpg 1024w, https:\/\/soymigrante.com\/revista\/wp-content\/uploads\/2024\/11\/Feature-impeustos-300x300.webp 300w, https:\/\/soymigrante.com\/revista\/wp-content\/uploads\/2024\/11\/Feature-impeustos-150x150.webp 150w, https:\/\/soymigrante.com\/revista\/wp-content\/uploads\/2024\/11\/Feature-impeustos-768x768.jpg 768w, https:\/\/soymigrante.com\/revista\/wp-content\/uploads\/2024\/11\/Feature-impeustos-1536x1536.jpg 1536w, https:\/\/soymigrante.com\/revista\/wp-content\/uploads\/2024\/11\/Feature-impeustos-2048x2048.jpg 2048w, https:\/\/soymigrante.com\/revista\/wp-content\/uploads\/2024\/11\/Feature-impeustos-75x75.webp 75w, https:\/\/soymigrante.com\/revista\/wp-content\/uploads\/2024\/11\/Feature-impeustos-750x750.webp 750w, https:\/\/soymigrante.com\/revista\/wp-content\/uploads\/2024\/11\/Feature-impeustos-1140x1140.jpg 1140w, https:\/\/soymigrante.com\/revista\/wp-content\/uploads\/2024\/11\/Feature-impeustos-scaled.webp 1920w\" sizes=\"(max-width: 1024px) 100vw, 1024px\" \/>\n            <\/div>\n        <\/div><div class=\"eael-entry-wrapper\"><header class=\"eael-entry-header\"><h2 class=\"eael-entry-title\"><a class=\"eael-grid-post-link\" href=\"https:\/\/soymigrante.com\/revista\/empieza-con-tiempo-requisitos-y-herramientas-para-declarar-tus-taxes-en-usa\/\" title=\"Empieza con tiempo: requisitos y herramientas para declarar tus &#8220;taxes&#8221; en USA\">Empieza con tiempo: requisitos y herramientas para declarar tus &#8220;taxes&#8221; en USA<\/a><\/h2><\/header><div class=\"eael-entry-content\">\n                        <div class=\"eael-grid-post-excerpt\"><a href=\"https:\/\/soymigrante.com\/revista\/empieza-con-tiempo-requisitos-y-herramientas-para-declarar-tus-taxes-en-usa\/\" class=\"eael-post-elements-readmore-btn\">CONOCE SU HISTORIA <\/a><\/div>\n                    <\/div><\/div><\/div>\n        <\/div>\n    <\/article><article class=\"eael-grid-post  eael-post-grid-column eael-pg-post-10411 category-bienestar\" data-id=\"10411\">\n        <div class=\"eael-grid-post-holder\">\n            <div class=\"eael-grid-post-holder-inner\"><div class=\"eael-entry-media\"><div class=\"eael-entry-overlay fade-in\"><i class=\"far fa-hand-pointer\" aria-hidden=\"true\"><\/i><a href=\"https:\/\/soymigrante.com\/revista\/cinco-claves-para-organizar-tu-tiempo-laboral-y-en-familia\/\"><\/a><\/div><div class=\"eael-entry-thumbnail \">\n                <img loading=\"lazy\" decoding=\"async\" width=\"782\" height=\"762\" src=\"https:\/\/soymigrante.com\/revista\/wp-content\/uploads\/2024\/10\/padre-trabajo-familia.webp\" class=\"attachment-large size-large wp-image-10465\" alt=\"Familia inmigrante disfrutando al aire libre, resaltando la importancia de la comunidad y la inclusi\u00f3n en la revista SoyMigrante.com Revista.\" srcset=\"https:\/\/soymigrante.com\/revista\/wp-content\/uploads\/2024\/10\/padre-trabajo-familia.webp 782w, https:\/\/soymigrante.com\/revista\/wp-content\/uploads\/2024\/10\/padre-trabajo-familia-300x292.webp 300w, https:\/\/soymigrante.com\/revista\/wp-content\/uploads\/2024\/10\/padre-trabajo-familia-768x748.webp 768w, https:\/\/soymigrante.com\/revista\/wp-content\/uploads\/2024\/10\/padre-trabajo-familia-750x731.webp 750w\" sizes=\"(max-width: 782px) 100vw, 782px\" \/>\n            <\/div>\n        <\/div><div class=\"eael-entry-wrapper\"><header class=\"eael-entry-header\"><h2 class=\"eael-entry-title\"><a class=\"eael-grid-post-link\" href=\"https:\/\/soymigrante.com\/revista\/cinco-claves-para-organizar-tu-tiempo-laboral-y-en-familia\/\" title=\"Cinco claves para organizar tu tiempo laboral y en familia\">Cinco claves para organizar tu tiempo laboral y en familia<\/a><\/h2><\/header><div class=\"eael-entry-content\">\n                        <div class=\"eael-grid-post-excerpt\"><a href=\"https:\/\/soymigrante.com\/revista\/cinco-claves-para-organizar-tu-tiempo-laboral-y-en-familia\/\" class=\"eael-post-elements-readmore-btn\">CONOCE SU HISTORIA <\/a><\/div>\n                    <\/div><\/div><\/div>\n        <\/div>\n    <\/article><\/div>\n            <div class=\"clearfix\"><\/div>\n        <\/div>\t\t\t\t<\/div>\n\t\t\t\t\t<\/div>\n\t\t\t\t<\/div>\n\t\t\t\t<\/div>\n\t\t","protected":false},"excerpt":{"rendered":"<p>Aunque no lo creas, en Estados Unidos se hablan m\u00e1s de 350 idiomas, seg\u00fan el United States Census. El ingl\u00e9s es por supuesto el mayoritario, seguido de el espa\u00f1ol. Pero el mosaico multicultural es enorme. Aunque el ingl\u00e9s domina en la vida cotidiana, millones de personas usan el espa\u00f1ol, el chino, el tagalo y hasta [&hellip;]<\/p>\n","protected":false},"author":1,"featured_media":14730,"comment_status":"open","ping_status":"open","sticky":false,"template":"","format":"standard","meta":{"_acf_changed":false,"_eb_attr":"","footnotes":""},"categories":[54],"tags":[],"class_list":["post-14678","post","type-post","status-publish","format-standard","has-post-thumbnail","hentry","category-estamos-unidos"],"acf":[],"aioseo_notices":[],"aioseo_head":"\n\t\t<!-- All in One SEO Pro 4.9.6.2 - aioseo.com -->\n\t<meta name=\"description\" content=\"\u00bfNo te alcanza el d\u00eda? Le pasa a la mayor\u00eda. Te compartimos cinco claves para que planifiques mejor tu d\u00eda y sea m\u00e1s productivo.\" \/>\n\t<meta name=\"robots\" content=\"max-snippet:-1, max-image-preview:large, max-video-preview:-1\" \/>\n\t<meta name=\"author\" content=\"Beatriz Tercero\"\/>\n\t<link rel=\"canonical\" href=\"https:\/\/soymigrante.com\/revista\/cinco-claves-para-organizar-tu-tiempo-laboral-y-en-familia\/\" \/>\n\t<meta name=\"generator\" content=\"All in One SEO Pro (AIOSEO) 4.9.6.2\" \/>\n\n\t\t<link rel=\"preconnect\" href=\"https:\/\/fonts.googleapis.com\" crossorigin>\n<link rel=\"preconnect\" href=\"https:\/\/fonts.gstatic.com\" crossorigin>\n\t\t<meta property=\"og:locale\" content=\"es_ES\" \/>\n\t\t<meta property=\"og:site_name\" content=\"SoyMigrante.com REVISTA \u2013 Nuestra misi\u00f3n es reconocer y dignificar al migrante.\" \/>\n\t\t<meta property=\"og:type\" content=\"article\" \/>\n\t\t<meta property=\"og:title\" content=\"Cinco claves para que organices tu tiempo laboral y familiar\" \/>\n\t\t<meta property=\"og:description\" content=\"\u00bfNo te alcanza el d\u00eda? Le pasa a la mayor\u00eda. Te compartimos cinco claves para que planifiques mejor tu d\u00eda y sea m\u00e1s productivo.\" \/>\n\t\t<meta property=\"og:url\" content=\"https:\/\/soymigrante.com\/revista\/cinco-claves-para-organizar-tu-tiempo-laboral-y-en-familia\/\" \/>\n\t\t<meta property=\"og:image\" content=\"https:\/\/soymigrante.com\/revista\/wp-content\/uploads\/2024\/10\/padre-trabajo-familia.webp\" \/>\n\t\t<meta property=\"og:image:secure_url\" content=\"https:\/\/soymigrante.com\/revista\/wp-content\/uploads\/2024\/10\/padre-trabajo-familia.webp\" \/>\n\t\t<meta property=\"og:image:width\" content=\"782\" \/>\n\t\t<meta property=\"og:image:height\" content=\"762\" \/>\n\t\t<meta property=\"article:published_time\" content=\"2024-10-17T02:51:10+00:00\" \/>\n\t\t<meta property=\"article:modified_time\" content=\"2024-10-17T02:51:11+00:00\" \/>\n\t\t<meta property=\"article:publisher\" content=\"https:\/\/www.facebook.com\/soymigrantecom\" \/>\n\t\t<meta name=\"twitter:card\" content=\"summary_large_image\" \/>\n\t\t<meta name=\"twitter:site\" content=\"@SoyMigrante_com\" \/>\n\t\t<meta name=\"twitter:title\" content=\"Cinco claves para que organices tu tiempo laboral y familiar\" \/>\n\t\t<meta name=\"twitter:description\" content=\"\u00bfNo te alcanza el d\u00eda? Le pasa a la mayor\u00eda. Te compartimos cinco claves para que planifiques mejor tu d\u00eda y sea m\u00e1s productivo.\" \/>\n\t\t<meta name=\"twitter:creator\" content=\"@SoyMigrante_com\" \/>\n\t\t<meta name=\"twitter:image\" content=\"https:\/\/soymigrante.com\/revista\/wp-content\/uploads\/2024\/10\/padre-trabajo-familia.webp\" \/>\n\t\t<!-- All in One SEO Pro -->\r\n\t\t<title>Cinco claves para que organices tu tiempo laboral y familiar<\/title>\n\n","aioseo_head_json":{"title":"Cinco claves para que organices tu tiempo laboral y familiar","description":"\u00bfNo te alcanza el d\u00eda? Le pasa a la mayor\u00eda. Te compartimos cinco claves para que planifiques mejor tu d\u00eda y sea m\u00e1s productivo.","canonical_url":"https:\/\/soymigrante.com\/revista\/cinco-claves-para-organizar-tu-tiempo-laboral-y-en-familia\/","robots":"max-snippet:-1, max-image-preview:large, max-video-preview:-1","keywords":"","webmasterTools":{"miscellaneous":"&lt;link rel=\"preconnect\" href=\"https:\/\/fonts.googleapis.com\" crossorigin&gt;\n&lt;link rel=\"preconnect\" href=\"https:\/\/fonts.gstatic.com\" crossorigin&gt;"},"schema":null,"og:locale":"es_ES","og:site_name":"SoyMigrante.com REVISTA \u2013 Nuestra misi\u00f3n es reconocer y dignificar al migrante.","og:type":"article","og:title":"Cinco claves para que organices tu tiempo laboral y familiar","og:description":"\u00bfNo te alcanza el d\u00eda? Le pasa a la mayor\u00eda. Te compartimos cinco claves para que planifiques mejor tu d\u00eda y sea m\u00e1s productivo.","og:url":"https:\/\/soymigrante.com\/revista\/cinco-claves-para-organizar-tu-tiempo-laboral-y-en-familia\/","og:image":"https:\/\/soymigrante.com\/revista\/wp-content\/uploads\/2024\/10\/padre-trabajo-familia.webp","og:image:secure_url":"https:\/\/soymigrante.com\/revista\/wp-content\/uploads\/2024\/10\/padre-trabajo-familia.webp","og:image:width":782,"og:image:height":762,"article:published_time":"2024-10-17T02:51:10+00:00","article:modified_time":"2024-10-17T02:51:11+00:00","article:publisher":"https:\/\/www.facebook.com\/soymigrantecom","twitter:card":"summary_large_image","twitter:site":"@SoyMigrante_com","twitter:title":"Cinco claves para que organices tu tiempo laboral y familiar","twitter:description":"\u00bfNo te alcanza el d\u00eda? Le pasa a la mayor\u00eda. Te compartimos cinco claves para que planifiques mejor tu d\u00eda y sea m\u00e1s productivo.","twitter:creator":"@SoyMigrante_com","twitter:image":"https:\/\/soymigrante.com\/revista\/wp-content\/uploads\/2024\/10\/padre-trabajo-familia.webp"},"aioseo_meta_data":{"post_id":"14678","title":"\u00bfSab\u00edas que en Estados Unidos se usan m\u00e1s de 350 idiomas?","description":"Con m\u00e1s de 350 idiomas hablados en su territorio, Estados Unidos es un mosaico multicultural seg\u00fan datos de la American Community Survey, ACS, entre otros.","keywords":null,"keyphrases":{"focus":{"keyphrase":"idiomas","score":74,"analysis":{"keyphraseInTitle":{"score":9,"maxScore":9,"error":0},"keyphraseInDescription":{"score":9,"maxScore":9,"error":0},"keyphraseLength":{"score":9,"maxScore":9,"error":0,"length":1},"keyphraseInURL":{"score":5,"maxScore":5,"error":0},"keyphraseInIntroduction":{"score":3,"maxScore":9,"error":1},"keyphraseInSubHeadings":{"score":3,"maxScore":9,"error":1},"keyphraseInImageAlt":{"score":3,"maxScore":9,"error":1},"keywordDensity":{"type":"best","score":9,"maxScore":9,"error":0}}},"additional":[{"keyphrase":"ingl\u00e9s","score":73,"analysis":{"keyphraseInDescription":{"score":3,"maxScore":9,"error":1},"keyphraseLength":{"score":9,"maxScore":9,"error":0,"length":2},"keyphraseInIntroduction":{"score":9,"maxScore":9,"error":0},"keyphraseInImageAlt":{"score":3,"maxScore":9,"error":1},"keywordDensity":{"type":"best","score":9,"maxScore":9,"error":0}}},{"keyphrase":"lenguas nativas","score":40,"analysis":{"keyphraseInDescription":{"score":3,"maxScore":9,"error":1},"keyphraseLength":{"score":9,"maxScore":9,"error":0,"length":2},"keyphraseInIntroduction":{"score":3,"maxScore":9,"error":1},"keyphraseInImageAlt":{"score":3,"maxScore":9,"error":1},"keywordDensity":{"score":0,"type":"low","maxScore":9,"error":1}}},{"keyphrase":"espa\u00f1ol","score":73,"analysis":{"keyphraseInDescription":{"score":3,"maxScore":9,"error":1},"keyphraseLength":{"score":9,"maxScore":9,"error":0,"length":2},"keyphraseInIntroduction":{"score":9,"maxScore":9,"error":0},"keyphraseInImageAlt":{"score":3,"maxScore":9,"error":1},"keywordDensity":{"type":"best","score":9,"maxScore":9,"error":0}}},{"keyphrase":"linguistica","score":40,"analysis":{"keyphraseInDescription":{"score":3,"maxScore":9,"error":1},"keyphraseLength":{"score":9,"maxScore":9,"error":0,"length":1},"keyphraseInIntroduction":{"score":3,"maxScore":9,"error":1},"keyphraseInImageAlt":{"score":3,"maxScore":9,"error":1},"keywordDensity":{"score":0,"type":"low","maxScore":9,"error":1}}},{"keyphrase":"Estados Unidos","score":73,"analysis":{"keyphraseInDescription":{"score":9,"maxScore":9,"error":0},"keyphraseLength":{"score":9,"maxScore":9,"error":0,"length":2},"keyphraseInIntroduction":{"score":3,"maxScore":9,"error":1},"keyphraseInImageAlt":{"score":3,"maxScore":9,"error":1},"keywordDensity":{"type":"best","score":9,"maxScore":9,"error":0}}}]},"primary_term":null,"canonical_url":null,"og_title":null,"og_description":null,"og_object_type":"default","og_image_type":"default","og_image_url":null,"og_image_width":null,"og_image_height":null,"og_image_custom_url":null,"og_image_custom_fields":null,"og_video":"","og_custom_url":null,"og_article_section":null,"og_article_tags":null,"twitter_use_og":false,"twitter_card":"default","twitter_image_type":"default","twitter_image_url":null,"twitter_image_custom_url":null,"twitter_image_custom_fields":null,"twitter_title":null,"twitter_description":null,"schema":{"blockGraphs":[],"customGraphs":[],"default":{"data":{"Article":[],"Course":[],"Dataset":[],"FAQPage":[],"Movie":[],"Person":[],"Product":[],"ProductReview":[],"Car":[],"Recipe":[],"Service":[],"SoftwareApplication":[],"WebPage":[]},"graphName":"NewsArticle","isEnabled":true},"graphs":[]},"schema_type":"default","schema_type_options":null,"pillar_content":false,"robots_default":true,"robots_noindex":false,"robots_noarchive":false,"robots_nosnippet":false,"robots_nofollow":false,"robots_noimageindex":false,"robots_noodp":false,"robots_notranslate":false,"robots_max_snippet":"-1","robots_max_videopreview":"-1","robots_max_imagepreview":"large","priority":null,"frequency":"default","local_seo":null,"seo_analyzer_scan_date":"2025-11-09 18:34:29","breadcrumb_settings":null,"limit_modified_date":false,"reviewed_by":"0","open_ai":"{\"title\":{\"suggestions\":[],\"usage\":0},\"description\":{\"suggestions\":[],\"usage\":0}}","ai":{"faqs":[],"keyPoints":[],"titles":[],"descriptions":[],"socialPosts":{"email":[],"linkedin":[],"twitter":[],"facebook":[],"instagram":[]}},"created":"2024-11-27 03:25:58","updated":"2026-02-05 07:00:16"},"aioseo_breadcrumb":"<div class=\"aioseo-breadcrumbs\"><span class=\"aioseo-breadcrumb\">\n\t<a href=\"https:\/\/soymigrante.com\/revista\" title=\"Home\">Home<\/a>\n<\/span><span class=\"aioseo-breadcrumb-separator\">\u00bb<\/span><span class=\"aioseo-breadcrumb\">\n\t<a href=\"https:\/\/soymigrante.com\/revista\/category\/estamos-unidos\/\" title=\"Estamos Unidos\">Estamos Unidos<\/a>\n<\/span><span class=\"aioseo-breadcrumb-separator\">\u00bb<\/span><span class=\"aioseo-breadcrumb\">\n\tEn USA no solo se habla ingl\u00e9s y espa\u00f1ol: se usan m\u00e1s de 350 idiomas\n<\/span><\/div>","aioseo_breadcrumb_json":[{"label":"Home","link":"https:\/\/soymigrante.com\/revista"},{"label":"Estamos Unidos","link":"https:\/\/soymigrante.com\/revista\/category\/estamos-unidos\/"},{"label":"En USA no solo se habla ingl\u00e9s y espa\u00f1ol: se usan m\u00e1s de 350 idiomas","link":"https:\/\/soymigrante.com\/revista\/en-usa-no-solo-se-habla-ingles-y-espanol-se-usan-mas-de-350-idiomas\/"}],"_links":{"self":[{"href":"https:\/\/soymigrante.com\/revista\/wp-json\/wp\/v2\/posts\/14678","targetHints":{"allow":["GET"]}}],"collection":[{"href":"https:\/\/soymigrante.com\/revista\/wp-json\/wp\/v2\/posts"}],"about":[{"href":"https:\/\/soymigrante.com\/revista\/wp-json\/wp\/v2\/types\/post"}],"author":[{"embeddable":true,"href":"https:\/\/soymigrante.com\/revista\/wp-json\/wp\/v2\/users\/1"}],"replies":[{"embeddable":true,"href":"https:\/\/soymigrante.com\/revista\/wp-json\/wp\/v2\/comments?post=14678"}],"version-history":[{"count":1,"href":"https:\/\/soymigrante.com\/revista\/wp-json\/wp\/v2\/posts\/14678\/revisions"}],"predecessor-version":[{"id":48319,"href":"https:\/\/soymigrante.com\/revista\/wp-json\/wp\/v2\/posts\/14678\/revisions\/48319"}],"wp:featuredmedia":[{"embeddable":true,"href":"https:\/\/soymigrante.com\/revista\/wp-json\/wp\/v2\/media\/14730"}],"wp:attachment":[{"href":"https:\/\/soymigrante.com\/revista\/wp-json\/wp\/v2\/media?parent=14678"}],"wp:term":[{"taxonomy":"category","embeddable":true,"href":"https:\/\/soymigrante.com\/revista\/wp-json\/wp\/v2\/categories?post=14678"},{"taxonomy":"post_tag","embeddable":true,"href":"https:\/\/soymigrante.com\/revista\/wp-json\/wp\/v2\/tags?post=14678"}],"curies":[{"name":"wp","href":"https:\/\/api.w.org\/{rel}","templated":true}]}}