{"id":1451,"date":"2023-06-18T16:52:33","date_gmt":"2023-06-18T16:52:33","guid":{"rendered":"https:\/\/soymigrante.com\/revista\/?p=1451"},"modified":"2024-07-31T16:33:14","modified_gmt":"2024-07-31T22:33:14","slug":"voto-de-migrantes-guatemaltecos-en-estados-unidoss","status":"publish","type":"post","link":"https:\/\/soymigrante.com\/revista\/voto-de-migrantes-guatemaltecos-en-estados-unidoss\/","title":{"rendered":"EDITORIAL: Hist\u00f3rica cita electoral de migrantes guatemaltecos"},"content":{"rendered":"\t\t<div data-elementor-type=\"wp-post\" data-elementor-id=\"1451\" class=\"elementor elementor-1451\" data-elementor-post-type=\"post\">\n\t\t\t\t\t\t<section data-particle_enable=\"false\" data-particle-mobile-disabled=\"false\" class=\"elementor-section elementor-top-section elementor-element elementor-element-52b02261 elementor-section-boxed elementor-section-height-default elementor-section-height-default\" data-id=\"52b02261\" data-element_type=\"section\" data-e-type=\"section\">\n\t\t\t\t\t\t<div class=\"elementor-container elementor-column-gap-default\">\n\t\t\t\t\t<div class=\"elementor-column elementor-col-100 elementor-top-column elementor-element elementor-element-2b6f127d\" data-id=\"2b6f127d\" data-element_type=\"column\" data-e-type=\"column\">\n\t\t\t<div class=\"elementor-widget-wrap elementor-element-populated\">\n\t\t\t\t\t\t<div class=\"elementor-element elementor-element-74ae4214 elementor-widget elementor-widget-text-editor\" data-id=\"74ae4214\" data-element_type=\"widget\" data-e-type=\"widget\" data-widget_type=\"text-editor.default\">\n\t\t\t\t\t\t\t\t\t\n<p> <\/p>\n\t\t\t\t\t\t\t\t<\/div>\n\t\t\t\t\t<\/div>\n\t\t<\/div>\n\t\t\t\t\t<\/div>\n\t\t<\/section>\n\t\t\t\t<section data-particle_enable=\"false\" data-particle-mobile-disabled=\"false\" class=\"elementor-section elementor-top-section elementor-element elementor-element-a3e6452 elementor-section-boxed elementor-section-height-default elementor-section-height-default\" data-id=\"a3e6452\" data-element_type=\"section\" data-e-type=\"section\">\n\t\t\t\t\t\t<div class=\"elementor-container elementor-column-gap-default\">\n\t\t\t\t\t<div class=\"elementor-column elementor-col-100 elementor-top-column elementor-element elementor-element-0d88993\" data-id=\"0d88993\" data-element_type=\"column\" data-e-type=\"column\">\n\t\t\t<div class=\"elementor-widget-wrap elementor-element-populated\">\n\t\t\t\t\t\t<div class=\"elementor-element elementor-element-b690dd3 elementor-widget elementor-widget-heading\" data-id=\"b690dd3\" data-element_type=\"widget\" data-e-type=\"widget\" data-widget_type=\"heading.default\">\n\t\t\t\t\t<h1 class=\"elementor-heading-title elementor-size-default\">Hay 90 mil 845 guatemaltecos empadronados en Estados Unidos. Estos son siete aspectos que pueden motivar a acudir a votar este 25 de junio.<\/h1>\t\t\t\t<\/div>\n\t\t\t\t\t<\/div>\n\t\t<\/div>\n\t\t\t\t\t<\/div>\n\t\t<\/section>\n\t\t\t\t<section data-particle_enable=\"false\" data-particle-mobile-disabled=\"false\" class=\"elementor-section elementor-top-section elementor-element elementor-element-36d2bed elementor-section-boxed elementor-section-height-default elementor-section-height-default\" data-id=\"36d2bed\" data-element_type=\"section\" data-e-type=\"section\">\n\t\t\t\t\t\t<div class=\"elementor-container elementor-column-gap-default\">\n\t\t\t\t\t<div class=\"elementor-column elementor-col-100 elementor-top-column elementor-element elementor-element-e1c11cb\" data-id=\"e1c11cb\" data-element_type=\"column\" data-e-type=\"column\">\n\t\t\t<div class=\"elementor-widget-wrap elementor-element-populated\">\n\t\t\t\t\t\t<div class=\"elementor-element elementor-element-d974016 elementor-widget elementor-widget-text-editor\" data-id=\"d974016\" data-element_type=\"widget\" data-e-type=\"widget\" data-widget_type=\"text-editor.default\">\n\t\t\t\t\t\t\t\t\t<p><span style=\"color: var( --e-global-color-text ); background-color: var(--ak-bg-color);\">S\u00ed, existen muchos motivos de decepci\u00f3n. Los migrantes guatemaltecos salieron de su pa\u00eds por falta de oportunidades, retrasos en el desarrollo y corrupci\u00f3n propiciada por acciones y omisiones de gobiernos y pol\u00edticos. Oferta sobre oferta, campa\u00f1a tras campa\u00f1a, mentiras encima de otras mentiras<\/span><span style=\"background-color: var(--ak-bg-color); color: var( --e-global-color-text );\">. Pero el ciudadano \u00edntegro, responsable y consciente no se deja vencer. Sigue adelante y cumple con su esfuerzo diario, pero tambi\u00e9n con su papel hist\u00f3rico.\u00a0\u00a0<\/span><\/p>\t\t\t\t\t\t\t\t<\/div>\n\t\t\t\t\t<\/div>\n\t\t<\/div>\n\t\t\t\t\t<\/div>\n\t\t<\/section>\n\t\t\t\t<section data-particle_enable=\"false\" data-particle-mobile-disabled=\"false\" class=\"elementor-section elementor-top-section elementor-element elementor-element-e495902 elementor-section-boxed elementor-section-height-default elementor-section-height-default\" data-id=\"e495902\" data-element_type=\"section\" data-e-type=\"section\">\n\t\t\t\t\t\t<div class=\"elementor-container elementor-column-gap-default\">\n\t\t\t\t\t<div class=\"elementor-column elementor-col-100 elementor-top-column elementor-element elementor-element-7503da5\" data-id=\"7503da5\" data-element_type=\"column\" data-e-type=\"column\">\n\t\t\t<div class=\"elementor-widget-wrap elementor-element-populated\">\n\t\t\t\t\t\t<div class=\"elementor-element elementor-element-70b0b60 elementor-widget elementor-widget-image\" data-id=\"70b0b60\" data-element_type=\"widget\" data-e-type=\"widget\" data-widget_type=\"image.default\">\n\t\t\t\t\t\t\t\t\t\t\t\t<figure class=\"wp-caption\">\n\t\t\t\t\t\t\t\t\t\t<img fetchpriority=\"high\" decoding=\"async\" width=\"768\" height=\"657\" src=\"https:\/\/soymigrante.com\/revista\/wp-content\/uploads\/2023\/06\/pintura-de-alexander-ambrocio-nina-maya-1024x876.webp\" class=\"attachment-large size-large wp-image-1454\" alt=\"La participaci\u00f3n electoral de los migrantes marcar\u00e1 una mayor dignificaci\u00f3n pol\u00edtica. (Pintura del artista momosteco Alexander Ambrocio)\" srcset=\"https:\/\/soymigrante.com\/revista\/wp-content\/uploads\/2023\/06\/pintura-de-alexander-ambrocio-nina-maya-1024x876.webp 1024w, https:\/\/soymigrante.com\/revista\/wp-content\/uploads\/2023\/06\/pintura-de-alexander-ambrocio-nina-maya-300x257.webp 300w, https:\/\/soymigrante.com\/revista\/wp-content\/uploads\/2023\/06\/pintura-de-alexander-ambrocio-nina-maya-768x657.webp 768w, https:\/\/soymigrante.com\/revista\/wp-content\/uploads\/2023\/06\/pintura-de-alexander-ambrocio-nina-maya-750x641.webp 750w, https:\/\/soymigrante.com\/revista\/wp-content\/uploads\/2023\/06\/pintura-de-alexander-ambrocio-nina-maya-1140x975.webp 1140w, https:\/\/soymigrante.com\/revista\/wp-content\/uploads\/2023\/06\/pintura-de-alexander-ambrocio-nina-maya.webp 1299w\" sizes=\"(max-width: 768px) 100vw, 768px\" title=\"pintura de alexander ambrocio ni\u00f1a maya \u2013 SoyMigrante.com REVISTA\" \/>\t\t\t\t\t\t\t\t\t\t\t<figcaption class=\"widget-image-caption wp-caption-text\">La participaci\u00f3n de los migrantes en las urnas implicar\u00e1 una dignificaci\u00f3n pol\u00edtica (PIntura del artista guatemalteco Alex\u00e1nder Ambrocio)<\/figcaption>\n\t\t\t\t\t\t\t\t\t\t<\/figure>\n\t\t\t\t\t\t\t\t\t<\/div>\n\t\t\t\t\t<\/div>\n\t\t<\/div>\n\t\t\t\t\t<\/div>\n\t\t<\/section>\n\t\t\t\t<section data-particle_enable=\"false\" data-particle-mobile-disabled=\"false\" class=\"elementor-section elementor-top-section elementor-element elementor-element-78424e0 elementor-section-boxed elementor-section-height-default elementor-section-height-default\" data-id=\"78424e0\" data-element_type=\"section\" data-e-type=\"section\">\n\t\t\t\t\t\t<div class=\"elementor-container elementor-column-gap-default\">\n\t\t\t\t\t<div class=\"elementor-column elementor-col-100 elementor-top-column elementor-element elementor-element-2a3470f\" data-id=\"2a3470f\" data-element_type=\"column\" data-e-type=\"column\">\n\t\t\t<div class=\"elementor-widget-wrap elementor-element-populated\">\n\t\t\t\t\t\t<div class=\"elementor-element elementor-element-af4de46 elementor-widget elementor-widget-heading\" data-id=\"af4de46\" data-element_type=\"widget\" data-e-type=\"widget\" data-widget_type=\"heading.default\">\n\t\t\t\t\t<h2 class=\"elementor-heading-title elementor-size-default\">7 razones para participaci\u00f3n de los migrantes guatemaltecos en EE.UU.<\/h2>\t\t\t\t<\/div>\n\t\t\t\t\t<\/div>\n\t\t<\/div>\n\t\t\t\t\t<\/div>\n\t\t<\/section>\n\t\t\t\t<section data-particle_enable=\"false\" data-particle-mobile-disabled=\"false\" class=\"elementor-section elementor-top-section elementor-element elementor-element-9e64aed elementor-section-boxed elementor-section-height-default elementor-section-height-default\" data-id=\"9e64aed\" data-element_type=\"section\" data-e-type=\"section\">\n\t\t\t\t\t\t<div class=\"elementor-container elementor-column-gap-default\">\n\t\t\t\t\t<div class=\"elementor-column elementor-col-100 elementor-top-column elementor-element elementor-element-85309c5\" data-id=\"85309c5\" data-element_type=\"column\" data-e-type=\"column\">\n\t\t\t<div class=\"elementor-widget-wrap elementor-element-populated\">\n\t\t\t\t\t\t<div class=\"elementor-element elementor-element-a76d69e elementor-widget elementor-widget-text-editor\" data-id=\"a76d69e\" data-element_type=\"widget\" data-e-type=\"widget\" data-widget_type=\"text-editor.default\">\n\t\t\t\t\t\t\t\t\t<p><span style=\"background-color: var(--ak-bg-color);\">1. Acudir a votar es un acto de dignidad ciudadana y dignificaci\u00f3n pol\u00edtica en nombre de muchos que no podr\u00e1n ejercer el sufragio: 90,845 empadronados votar\u00e1n en nombre de m\u00e1s de 2.5 millones de connacionales radicados en Estados Unidos.\u00a0\u00a0<\/span><\/p>\n<p>2.La participaci\u00f3n migrante en esta segunda votaci\u00f3n en Estados Unidos obligar\u00e1 al Tribunal Supremo Electoral a mejorar su eficiencia, en tiempo y calidad, durante\u00a0 futuras campa\u00f1as y procesos de empadronamiento dirigidos a ciudadanos guatemaltecos en el extranjero.<\/p>\n<p>3.El voto migrante pone presi\u00f3n a los poderes del Estado para que se responsabilicen y respondan por sus acciones u omisiones acerca de las necesidades de la comunidad guatemalteca en Estados Unidos.<\/p>\n<p>4. Abrir v\u00edas de representatividad pol\u00edtica efectiva de los migrantes guatemaltecos depende de una reforma a la Ley Electoral y de Partidos Pol\u00edticos: la asistencia a las urnas demostrar\u00e1 la exigencia para que el pr\u00f3ximo Congreso efect\u00fae tales cambios.<\/p>\n<p>5. Acudir a votar es un ejemplo de responsabilidad c\u00edvica para hijos y nietos, ya sea radicados en EE.UU. o que permanecen en Guatemala. La ciudadan\u00eda plena implica involucrarse, participar, analizar y tambi\u00e9n decidir.<\/p>\n<p>6.Organizaciones c\u00edvicas se esfuerzan por impuolsar la participaci\u00f3n electoral de guatemaltecos en Estados Unidos. Acudir a votar es una forma de respaldar esta causa. Solo a trav\u00e9s de la expresi\u00f3n a trav\u00e9s del voto los migrantes podr\u00e1n exigir al Estado de Guatemala que formule y defienda sus necesidades antre el gobierno de Estados Unidos.<\/p>\n<p>7. Los migrantes guatemaltecos est\u00e1n lejos de su tierra, pero siguen siendo guatemaltecos y contin\u00faan escribiendo un importante cap\u00edtulo de la historia del pa\u00eds con su aporte en remesas. Su voluntad expresada en las urnas los integra a la exigencia de democracia, impulso al desarrollo y generaci\u00f3n de oportunidades.<\/p>\t\t\t\t\t\t\t\t<\/div>\n\t\t\t\t\t<\/div>\n\t\t<\/div>\n\t\t\t\t\t<\/div>\n\t\t<\/section>\n\t\t\t\t<section data-particle_enable=\"false\" data-particle-mobile-disabled=\"false\" class=\"elementor-section elementor-top-section elementor-element elementor-element-41e5dae2 elementor-section-boxed elementor-section-height-default elementor-section-height-default\" data-id=\"41e5dae2\" data-element_type=\"section\" data-e-type=\"section\">\n\t\t\t\t\t\t<div class=\"elementor-container elementor-column-gap-default\">\n\t\t\t\t\t<div class=\"elementor-column elementor-col-100 elementor-top-column elementor-element elementor-element-60e8150c\" data-id=\"60e8150c\" data-element_type=\"column\" data-e-type=\"column\">\n\t\t\t<div class=\"elementor-widget-wrap elementor-element-populated\">\n\t\t\t\t\t\t<div class=\"elementor-element elementor-element-5e859162 elementor-widget elementor-widget-heading\" data-id=\"5e859162\" data-element_type=\"widget\" data-e-type=\"widget\" data-widget_type=\"heading.default\">\n\t\t\t\t\t<h2 class=\"elementor-heading-title elementor-size-default\">Encuentre los centros de votaci\u00f3n para guatemaltecos en las cuatro circunscripciones en Estados Unidos <\/h2>\t\t\t\t<\/div>\n\t\t\t\t\t<\/div>\n\t\t<\/div>\n\t\t\t\t\t<\/div>\n\t\t<\/section>\n\t\t\t\t<section data-particle_enable=\"false\" data-particle-mobile-disabled=\"false\" class=\"elementor-section elementor-top-section elementor-element elementor-element-3b92b099 elementor-section-boxed elementor-section-height-default elementor-section-height-default\" data-id=\"3b92b099\" data-element_type=\"section\" data-e-type=\"section\" data-settings=\"{&quot;motion_fx_motion_fx_scrolling&quot;:&quot;yes&quot;,&quot;motion_fx_devices&quot;:[&quot;desktop&quot;,&quot;tablet&quot;,&quot;mobile&quot;]}\">\n\t\t\t\t\t\t<div class=\"elementor-container elementor-column-gap-default\">\n\t\t\t\t\t<div class=\"elementor-column elementor-col-100 elementor-top-column elementor-element elementor-element-66f88e1a\" data-id=\"66f88e1a\" data-element_type=\"column\" data-e-type=\"column\">\n\t\t\t<div class=\"elementor-widget-wrap elementor-element-populated\">\n\t\t\t\t\t\t<div class=\"elementor-element elementor-element-23b0ef6e elementor-grid-2 elementor-grid-tablet-2 elementor-grid-mobile-1 elementor-widget elementor-widget-portfolio\" data-id=\"23b0ef6e\" data-element_type=\"widget\" data-e-type=\"widget\" data-settings=\"{&quot;columns&quot;:&quot;2&quot;,&quot;columns_tablet&quot;:&quot;2&quot;,&quot;columns_mobile&quot;:&quot;1&quot;,&quot;item_ratio&quot;:{&quot;unit&quot;:&quot;px&quot;,&quot;size&quot;:0.66,&quot;sizes&quot;:[]},&quot;item_gap&quot;:{&quot;unit&quot;:&quot;px&quot;,&quot;size&quot;:&quot;&quot;,&quot;sizes&quot;:[]},&quot;row_gap&quot;:{&quot;unit&quot;:&quot;px&quot;,&quot;size&quot;:&quot;&quot;,&quot;sizes&quot;:[]}}\" data-widget_type=\"portfolio.default\">\n\t\t\t\t<div class=\"elementor-widget-container\">\n\t\t\t\t\t\t\t<div class=\"elementor-portfolio elementor-grid elementor-posts-container\" role=\"list\">\n\t\t\t\t<article class=\"elementor-portfolio-item elementor-post  post-1326 post type-post status-publish format-standard has-post-thumbnail hentry category-estamos-unidos tag-segunda-vuelta-2023\" role=\"listitem\">\n\t\t\t<a class=\"elementor-post__thumbnail__link\" href=\"https:\/\/soymigrante.com\/revista\/centros-de-votacion-para-migrantes-guatemaltecos-en-el-noreste-de-estados-unidos\/\">\n\t\t\t\t<div class=\"elementor-portfolio-item__img elementor-post__thumbnail\">\n\t\t\t<img decoding=\"async\" width=\"300\" height=\"228\" src=\"https:\/\/soymigrante.com\/revista\/wp-content\/uploads\/2023\/06\/voto-2-mujer-300x228.webp\" class=\"attachment-medium size-medium wp-image-1322\" alt=\"\" srcset=\"https:\/\/soymigrante.com\/revista\/wp-content\/uploads\/2023\/06\/voto-2-mujer-300x228.webp 300w, https:\/\/soymigrante.com\/revista\/wp-content\/uploads\/2023\/06\/voto-2-mujer-1024x777.webp 1024w, https:\/\/soymigrante.com\/revista\/wp-content\/uploads\/2023\/06\/voto-2-mujer-768x583.webp 768w, https:\/\/soymigrante.com\/revista\/wp-content\/uploads\/2023\/06\/voto-2-mujer-750x569.webp 750w, https:\/\/soymigrante.com\/revista\/wp-content\/uploads\/2023\/06\/voto-2-mujer-1140x866.webp 1140w, https:\/\/soymigrante.com\/revista\/wp-content\/uploads\/2023\/06\/voto-2-mujer.webp 1188w\" sizes=\"(max-width: 300px) 100vw, 300px\" \/>\t\t<\/div>\n\t\t\t\t<div class=\"elementor-portfolio-item__overlay\">\n\t\t\t\t<h3 class=\"elementor-portfolio-item__title\">\n\t\tNORESTE DE EE.UU: Centros de votaci\u00f3n  para migrantes guatemaltecos.\t\t<\/h3>\n\t\t\t\t<\/div>\n\t\t\t\t<\/a>\n\t\t<\/article>\n\t\t\t\t<article class=\"elementor-portfolio-item elementor-post  post-1323 post type-post status-publish format-standard has-post-thumbnail hentry category-estamos-unidos tag-segunda-vuelta-2023\" role=\"listitem\">\n\t\t\t<a class=\"elementor-post__thumbnail__link\" href=\"https:\/\/soymigrante.com\/revista\/centros-de-votacion-para-migrantes-guatemaltecos-en-el-oeste-de-estados-unidos\/\">\n\t\t\t\t<div class=\"elementor-portfolio-item__img elementor-post__thumbnail\">\n\t\t\t<img decoding=\"async\" width=\"300\" height=\"200\" src=\"https:\/\/soymigrante.com\/revista\/wp-content\/uploads\/2023\/06\/woman-votes-on-election-day-2021-08-27-12-41-45-utc-300x200.webp\" class=\"attachment-medium size-medium wp-image-1329\" alt=\"\" srcset=\"https:\/\/soymigrante.com\/revista\/wp-content\/uploads\/2023\/06\/woman-votes-on-election-day-2021-08-27-12-41-45-utc-300x200.webp 300w, https:\/\/soymigrante.com\/revista\/wp-content\/uploads\/2023\/06\/woman-votes-on-election-day-2021-08-27-12-41-45-utc-1024x683.webp 1024w, https:\/\/soymigrante.com\/revista\/wp-content\/uploads\/2023\/06\/woman-votes-on-election-day-2021-08-27-12-41-45-utc-768x512.webp 768w, https:\/\/soymigrante.com\/revista\/wp-content\/uploads\/2023\/06\/woman-votes-on-election-day-2021-08-27-12-41-45-utc-1536x1024.webp 1536w, https:\/\/soymigrante.com\/revista\/wp-content\/uploads\/2023\/06\/woman-votes-on-election-day-2021-08-27-12-41-45-utc-scaled.webp 1920w, https:\/\/soymigrante.com\/revista\/wp-content\/uploads\/2023\/06\/woman-votes-on-election-day-2021-08-27-12-41-45-utc-750x500.webp 750w, https:\/\/soymigrante.com\/revista\/wp-content\/uploads\/2023\/06\/woman-votes-on-election-day-2021-08-27-12-41-45-utc-1140x760.webp 1140w, https:\/\/soymigrante.com\/revista\/wp-content\/uploads\/2023\/06\/woman-votes-on-election-day-2021-08-27-12-41-45-utc-600x400.webp 600w\" sizes=\"(max-width: 300px) 100vw, 300px\" \/>\t\t<\/div>\n\t\t\t\t<div class=\"elementor-portfolio-item__overlay\">\n\t\t\t\t<h3 class=\"elementor-portfolio-item__title\">\n\t\tOESTE DE EE.UU: Centros de votaci\u00f3n  para migrantes guatemaltecos\t\t<\/h3>\n\t\t\t\t<\/div>\n\t\t\t\t<\/a>\n\t\t<\/article>\n\t\t\t\t<article class=\"elementor-portfolio-item elementor-post  post-1310 post type-post status-publish format-standard has-post-thumbnail hentry category-estamos-unidos tag-segunda-vuelta-2023\" role=\"listitem\">\n\t\t\t<a class=\"elementor-post__thumbnail__link\" href=\"https:\/\/soymigrante.com\/revista\/centros-de-votacion-para-migrantes-guatemaltecos-en-el-sureste-de-estados-unidos\/\">\n\t\t\t\t<div class=\"elementor-portfolio-item__img elementor-post__thumbnail\">\n\t\t\t<img loading=\"lazy\" decoding=\"async\" width=\"300\" height=\"202\" src=\"https:\/\/soymigrante.com\/revista\/wp-content\/uploads\/2023\/06\/VOTO-VOTO-300x202.webp\" class=\"attachment-medium size-medium wp-image-1320\" alt=\"\" srcset=\"https:\/\/soymigrante.com\/revista\/wp-content\/uploads\/2023\/06\/VOTO-VOTO-300x202.webp 300w, https:\/\/soymigrante.com\/revista\/wp-content\/uploads\/2023\/06\/VOTO-VOTO-1024x690.webp 1024w, https:\/\/soymigrante.com\/revista\/wp-content\/uploads\/2023\/06\/VOTO-VOTO-768x517.webp 768w, https:\/\/soymigrante.com\/revista\/wp-content\/uploads\/2023\/06\/VOTO-VOTO-750x505.webp 750w, https:\/\/soymigrante.com\/revista\/wp-content\/uploads\/2023\/06\/VOTO-VOTO-1140x768.webp 1140w, https:\/\/soymigrante.com\/revista\/wp-content\/uploads\/2023\/06\/VOTO-VOTO.webp 1228w\" sizes=\"(max-width: 300px) 100vw, 300px\" \/>\t\t<\/div>\n\t\t\t\t<div class=\"elementor-portfolio-item__overlay\">\n\t\t\t\t<h3 class=\"elementor-portfolio-item__title\">\n\t\tSURESTE DE EE.UU: Centros de votaci\u00f3n  para migrantes guatemaltecos\t\t<\/h3>\n\t\t\t\t<\/div>\n\t\t\t\t<\/a>\n\t\t<\/article>\n\t\t\t\t<\/div>\n\t\t\t\t\t\t<\/div>\n\t\t\t\t<\/div>\n\t\t\t\t\t<\/div>\n\t\t<\/div>\n\t\t\t\t\t<\/div>\n\t\t<\/section>\n\t\t\t\t<section data-particle_enable=\"false\" data-particle-mobile-disabled=\"false\" class=\"elementor-section elementor-top-section elementor-element elementor-element-5491ecf elementor-section-boxed elementor-section-height-default elementor-section-height-default\" data-id=\"5491ecf\" data-element_type=\"section\" data-e-type=\"section\">\n\t\t\t\t\t\t<div class=\"elementor-container elementor-column-gap-default\">\n\t\t\t\t\t<div class=\"elementor-column elementor-col-100 elementor-top-column elementor-element elementor-element-f4f353a\" data-id=\"f4f353a\" data-element_type=\"column\" data-e-type=\"column\">\n\t\t\t<div class=\"elementor-widget-wrap elementor-element-populated\">\n\t\t\t\t\t\t<div class=\"elementor-element elementor-element-1563df4 elementor-headline--style-highlight elementor-widget elementor-widget-animated-headline\" data-id=\"1563df4\" data-element_type=\"widget\" data-e-type=\"widget\" data-settings=\"{&quot;marker&quot;:&quot;underline_zigzag&quot;,&quot;highlighted_text&quot;:&quot;acci\\u00f3n&quot;,&quot;highlight_animation_duration&quot;:2200,&quot;headline_style&quot;:&quot;highlight&quot;,&quot;loop&quot;:&quot;yes&quot;,&quot;highlight_iteration_delay&quot;:8000}\" data-widget_type=\"animated-headline.default\">\n\t\t\t\t\t\t\t<h3 class=\"elementor-headline\">\n\t\t\t\t\t<span class=\"elementor-headline-plain-text elementor-headline-text-wrapper\">\u00c1nimo migrante guatemalteco: a analizar, decidir y poner esa voluntad  en <\/span>\n\t\t\t\t<span class=\"elementor-headline-dynamic-wrapper elementor-headline-text-wrapper\">\n\t\t\t\t\t<span class=\"elementor-headline-dynamic-text elementor-headline-text-active\">acci\u00f3n<\/span>\n\t\t\t\t<\/span>\n\t\t\t\t<\/h3>\n\t\t\t\t\t\t<\/div>\n\t\t\t\t\t<\/div>\n\t\t<\/div>\n\t\t\t\t\t<\/div>\n\t\t<\/section>\n\t\t\t\t<\/div>\n\t\t","protected":false},"excerpt":{"rendered":"<p>Hay 90 mil 845 guatemaltecos empadronados en Estados Unidos. Estos son siete aspectos que pueden motivar a acudir a votar este 25 de junio. S\u00ed, existen muchos motivos de decepci\u00f3n. Los migrantes guatemaltecos salieron de su pa\u00eds por falta de oportunidades, retrasos en el desarrollo y corrupci\u00f3n propiciada por acciones y omisiones de gobiernos y [&hellip;]<\/p>\n","protected":false},"author":1,"featured_media":1454,"comment_status":"open","ping_status":"open","sticky":false,"template":"","format":"standard","meta":{"_acf_changed":false,"_eb_attr":"","footnotes":""},"categories":[54],"tags":[],"class_list":["post-1451","post","type-post","status-publish","format-standard","has-post-thumbnail","hentry","category-estamos-unidos"],"acf":[],"aioseo_notices":[],"aioseo_head":"\n\t\t<!-- All in One SEO Pro 4.9.6.2 - aioseo.com -->\n\t<meta name=\"description\" content=\"M\u00e1s de 90 mil guatemaltecos migrantes est\u00e1n llamados a votar el domingo 20 de agosto en la segunda vuelta presidencial. Esta es una gu\u00eda para localizar los centros de votaci\u00f3n en la Circunscripci\u00f3n Sureste de EE.UU. definida por el Tribunal Supremo Electoral. Los guatemaltecos empadronados residentes en Estados Unidos podr\u00e1n votar para elegir presidente de\" \/>\n\t<meta name=\"robots\" content=\"max-snippet:-1, max-image-preview:large, max-video-preview:-1\" \/>\n\t<meta name=\"author\" content=\"SoyMigrante.com REVISTA\"\/>\n\t<link rel=\"canonical\" href=\"https:\/\/soymigrante.com\/revista\/voto-de-migrantes-guatemaltecos-en-estados-unidoss\/\" \/>\n\t<meta name=\"generator\" content=\"All in One SEO Pro (AIOSEO) 4.9.6.2\" \/>\n\n\t\t<link rel=\"preconnect\" href=\"https:\/\/fonts.googleapis.com\" crossorigin>\n<link rel=\"preconnect\" href=\"https:\/\/fonts.gstatic.com\" crossorigin>\n\t\t<meta property=\"og:locale\" content=\"es_ES\" \/>\n\t\t<meta property=\"og:site_name\" content=\"SoyMigrante.com REVISTA \u2013 Nuestra misi\u00f3n es reconocer y dignificar al migrante.\" \/>\n\t\t<meta property=\"og:type\" content=\"article\" \/>\n\t\t<meta property=\"og:title\" content=\"EDITORIAL: Hist\u00f3rica cita electoral de migrantes guatemaltecos\" \/>\n\t\t<meta property=\"og:description\" content=\"Hay 90 mil 845 guatemaltecos empadronados en Estados Unidos. Estos son siete aspectos que pueden motivar a acudir a votar este 25 de junio. S\u00ed, existen muchos motivos de decepci\u00f3n. Los migrantes guatemaltecos salieron de su pa\u00eds por falta de oportunidades, retrasos en el desarrollo y corrupci\u00f3n propiciada por acciones y omisiones de gobiernos y\" \/>\n\t\t<meta property=\"og:url\" content=\"https:\/\/soymigrante.com\/revista\/voto-de-migrantes-guatemaltecos-en-estados-unidoss\/\" \/>\n\t\t<meta property=\"og:image\" content=\"https:\/\/soymigrante.com\/revista\/wp-content\/uploads\/2023\/06\/pintura-de-alexander-ambrocio-nina-maya.webp\" \/>\n\t\t<meta property=\"og:image:secure_url\" content=\"https:\/\/soymigrante.com\/revista\/wp-content\/uploads\/2023\/06\/pintura-de-alexander-ambrocio-nina-maya.webp\" \/>\n\t\t<meta property=\"og:image:width\" content=\"1299\" \/>\n\t\t<meta property=\"og:image:height\" content=\"1111\" \/>\n\t\t<meta property=\"article:published_time\" content=\"2023-06-18T16:52:33+00:00\" \/>\n\t\t<meta property=\"article:modified_time\" content=\"2024-07-31T22:33:14+00:00\" \/>\n\t\t<meta property=\"article:publisher\" content=\"https:\/\/www.facebook.com\/soymigrantecom\" \/>\n\t\t<meta name=\"twitter:card\" content=\"summary_large_image\" \/>\n\t\t<meta name=\"twitter:site\" content=\"@SoyMigrante_com\" \/>\n\t\t<meta name=\"twitter:title\" content=\"EDITORIAL: Hist\u00f3rica cita electoral de migrantes guatemaltecos\" \/>\n\t\t<meta name=\"twitter:description\" content=\"Hay 90 mil 845 guatemaltecos empadronados en Estados Unidos. Estos son siete aspectos que pueden motivar a acudir a votar este 25 de junio. S\u00ed, existen muchos motivos de decepci\u00f3n. Los migrantes guatemaltecos salieron de su pa\u00eds por falta de oportunidades, retrasos en el desarrollo y corrupci\u00f3n propiciada por acciones y omisiones de gobiernos y\" \/>\n\t\t<meta name=\"twitter:creator\" content=\"@SoyMigrante_com\" \/>\n\t\t<meta name=\"twitter:image\" content=\"https:\/\/soymigrante.com\/revista\/wp-content\/uploads\/2023\/06\/pintura-de-alexander-ambrocio-nina-maya.webp\" \/>\n\t\t<!-- All in One SEO Pro -->\r\n\t\t<title>EDITORIAL: Hist\u00f3rica cita electoral de migrantes guatemaltecos<\/title>\n\n","aioseo_head_json":{"title":"EDITORIAL: Hist\u00f3rica cita electoral de migrantes guatemaltecos","description":"Hay 90 mil 845 guatemaltecos empadronados en Estados Unidos. Estos son siete aspectos que pueden motivar a acudir a votar este 25 de junio. S\u00ed, existen muchos motivos de decepci\u00f3n. Los migrantes guatemaltecos salieron de su pa\u00eds por falta de oportunidades, retrasos en el desarrollo y corrupci\u00f3n propiciada por acciones y omisiones de gobiernos y","canonical_url":"https:\/\/soymigrante.com\/revista\/voto-de-migrantes-guatemaltecos-en-estados-unidoss\/","robots":"max-snippet:-1, max-image-preview:large, max-video-preview:-1","keywords":"","webmasterTools":{"miscellaneous":"&lt;link rel=\"preconnect\" href=\"https:\/\/fonts.googleapis.com\" crossorigin&gt;\n&lt;link rel=\"preconnect\" href=\"https:\/\/fonts.gstatic.com\" crossorigin&gt;"},"schema":null,"og:locale":"es_ES","og:site_name":"SoyMigrante.com REVISTA \u2013 Nuestra misi\u00f3n es reconocer y dignificar al migrante.","og:type":"article","og:title":"EDITORIAL: Hist\u00f3rica cita electoral de migrantes guatemaltecos","og:description":"Hay 90 mil 845 guatemaltecos empadronados en Estados Unidos. Estos son siete aspectos que pueden motivar a acudir a votar este 25 de junio. S\u00ed, existen muchos motivos de decepci\u00f3n. Los migrantes guatemaltecos salieron de su pa\u00eds por falta de oportunidades, retrasos en el desarrollo y corrupci\u00f3n propiciada por acciones y omisiones de gobiernos y","og:url":"https:\/\/soymigrante.com\/revista\/voto-de-migrantes-guatemaltecos-en-estados-unidoss\/","og:image":"https:\/\/soymigrante.com\/revista\/wp-content\/uploads\/2023\/06\/pintura-de-alexander-ambrocio-nina-maya.webp","og:image:secure_url":"https:\/\/soymigrante.com\/revista\/wp-content\/uploads\/2023\/06\/pintura-de-alexander-ambrocio-nina-maya.webp","og:image:width":1299,"og:image:height":1111,"article:published_time":"2023-06-18T16:52:33+00:00","article:modified_time":"2024-07-31T22:33:14+00:00","article:publisher":"https:\/\/www.facebook.com\/soymigrantecom","twitter:card":"summary_large_image","twitter:site":"@SoyMigrante_com","twitter:title":"EDITORIAL: Hist\u00f3rica cita electoral de migrantes guatemaltecos","twitter:description":"Hay 90 mil 845 guatemaltecos empadronados en Estados Unidos. Estos son siete aspectos que pueden motivar a acudir a votar este 25 de junio. S\u00ed, existen muchos motivos de decepci\u00f3n. Los migrantes guatemaltecos salieron de su pa\u00eds por falta de oportunidades, retrasos en el desarrollo y corrupci\u00f3n propiciada por acciones y omisiones de gobiernos y","twitter:creator":"@SoyMigrante_com","twitter:image":"https:\/\/soymigrante.com\/revista\/wp-content\/uploads\/2023\/06\/pintura-de-alexander-ambrocio-nina-maya.webp"},"aioseo_meta_data":{"post_id":"1451","title":null,"description":null,"keywords":null,"keyphrases":{"focus":{"keyphrase":"Migrantes","score":91,"analysis":{"keyphraseInTitle":{"score":9,"maxScore":9,"error":0},"keyphraseInDescription":{"score":9,"maxScore":9,"error":0},"keyphraseLength":{"score":9,"maxScore":9,"error":0,"length":1},"keyphraseInURL":{"score":5,"maxScore":5,"error":0},"keyphraseInIntroduction":{"score":3,"maxScore":9,"error":1},"keyphraseInSubHeadings":{"score":9,"maxScore":9,"error":0},"keyphraseInImageAlt":{"score":9,"maxScore":9,"error":0},"keywordDensity":{"type":"best","score":9,"maxScore":9,"error":0}}},"additional":[]},"primary_term":null,"canonical_url":null,"og_title":null,"og_description":null,"og_object_type":"default","og_image_type":"default","og_image_url":null,"og_image_width":null,"og_image_height":null,"og_image_custom_url":null,"og_image_custom_fields":null,"og_video":"","og_custom_url":null,"og_article_section":null,"og_article_tags":null,"twitter_use_og":false,"twitter_card":"default","twitter_image_type":"default","twitter_image_url":null,"twitter_image_custom_url":null,"twitter_image_custom_fields":null,"twitter_title":null,"twitter_description":null,"schema":{"blockGraphs":[],"customGraphs":[],"default":{"data":{"Article":[],"Course":[],"Dataset":[],"FAQPage":[],"Movie":[],"Person":[],"Product":[],"ProductReview":[],"Car":[],"Recipe":[],"Service":[],"SoftwareApplication":[],"WebPage":[]},"graphName":"Article","isEnabled":true},"graphs":[]},"schema_type":"default","schema_type_options":null,"pillar_content":false,"robots_default":true,"robots_noindex":false,"robots_noarchive":false,"robots_nosnippet":false,"robots_nofollow":false,"robots_noimageindex":false,"robots_noodp":false,"robots_notranslate":false,"robots_max_snippet":"-1","robots_max_videopreview":"-1","robots_max_imagepreview":"large","priority":null,"frequency":"default","local_seo":null,"seo_analyzer_scan_date":"2025-10-08 19:57:11","breadcrumb_settings":null,"limit_modified_date":false,"reviewed_by":null,"open_ai":"{\"title\":{\"suggestions\":[],\"usage\":0},\"description\":{\"suggestions\":[],\"usage\":0}}","ai":null,"created":"2023-08-18 13:27:34","updated":"2026-02-04 04:40:39"},"aioseo_breadcrumb":"<div class=\"aioseo-breadcrumbs\"><span class=\"aioseo-breadcrumb\">\n\t<a href=\"https:\/\/soymigrante.com\/revista\" title=\"Home\">Home<\/a>\n<\/span><span class=\"aioseo-breadcrumb-separator\">\u00bb<\/span><span class=\"aioseo-breadcrumb\">\n\t<a href=\"https:\/\/soymigrante.com\/revista\/category\/estamos-unidos\/\" title=\"Estamos Unidos\">Estamos Unidos<\/a>\n<\/span><span class=\"aioseo-breadcrumb-separator\">\u00bb<\/span><span class=\"aioseo-breadcrumb\">\n\tEDITORIAL: Hist\u00f3rica cita electoral de migrantes guatemaltecos\n<\/span><\/div>","aioseo_breadcrumb_json":[{"label":"Home","link":"https:\/\/soymigrante.com\/revista"},{"label":"Estamos Unidos","link":"https:\/\/soymigrante.com\/revista\/category\/estamos-unidos\/"},{"label":"EDITORIAL: Hist\u00f3rica cita electoral de migrantes guatemaltecos","link":"https:\/\/soymigrante.com\/revista\/voto-de-migrantes-guatemaltecos-en-estados-unidoss\/"}],"_links":{"self":[{"href":"https:\/\/soymigrante.com\/revista\/wp-json\/wp\/v2\/posts\/1451","targetHints":{"allow":["GET"]}}],"collection":[{"href":"https:\/\/soymigrante.com\/revista\/wp-json\/wp\/v2\/posts"}],"about":[{"href":"https:\/\/soymigrante.com\/revista\/wp-json\/wp\/v2\/types\/post"}],"author":[{"embeddable":true,"href":"https:\/\/soymigrante.com\/revista\/wp-json\/wp\/v2\/users\/1"}],"replies":[{"embeddable":true,"href":"https:\/\/soymigrante.com\/revista\/wp-json\/wp\/v2\/comments?post=1451"}],"version-history":[{"count":0,"href":"https:\/\/soymigrante.com\/revista\/wp-json\/wp\/v2\/posts\/1451\/revisions"}],"wp:featuredmedia":[{"embeddable":true,"href":"https:\/\/soymigrante.com\/revista\/wp-json\/wp\/v2\/media\/1454"}],"wp:attachment":[{"href":"https:\/\/soymigrante.com\/revista\/wp-json\/wp\/v2\/media?parent=1451"}],"wp:term":[{"taxonomy":"category","embeddable":true,"href":"https:\/\/soymigrante.com\/revista\/wp-json\/wp\/v2\/categories?post=1451"},{"taxonomy":"post_tag","embeddable":true,"href":"https:\/\/soymigrante.com\/revista\/wp-json\/wp\/v2\/tags?post=1451"}],"curies":[{"name":"wp","href":"https:\/\/api.w.org\/{rel}","templated":true}]}}