{"id":14362,"date":"2025-12-20T11:10:45","date_gmt":"2025-12-20T17:10:45","guid":{"rendered":"https:\/\/soymigrante.com\/revista\/?p=14362"},"modified":"2025-12-20T11:10:54","modified_gmt":"2025-12-20T17:10:54","slug":"regalos-unicos-para-navidad-hechos-a-mano-en-guatemala","status":"publish","type":"post","link":"https:\/\/soymigrante.com\/revista\/regalos-unicos-para-navidad-hechos-a-mano-en-guatemala\/","title":{"rendered":"11 regalos \u00fanicos, hechos por manos guatemaltecas, para obsequiar en Navidad"},"content":{"rendered":"\t\t<div data-elementor-type=\"wp-post\" data-elementor-id=\"14362\" class=\"elementor elementor-14362\" data-elementor-post-type=\"post\">\n\t\t\t\t<div data-particle_enable=\"false\" data-particle-mobile-disabled=\"false\" class=\"elementor-element elementor-element-2bed7f7 e-flex e-con-boxed e-con e-parent\" data-id=\"2bed7f7\" data-element_type=\"container\" data-e-type=\"container\">\n\t\t\t\t\t<div class=\"e-con-inner\">\n\t\t\t\t<div class=\"elementor-element elementor-element-09693a2 elementor-widget elementor-widget-heading\" data-id=\"09693a2\" data-element_type=\"widget\" data-e-type=\"widget\" data-widget_type=\"heading.default\">\n\t\t\t\t\t<h2 class=\"elementor-heading-title elementor-size-default\">Los regalos de Navidad son un reto pero esta vez te traemos 11 ideas que puedes comprar f\u00e1cil y a buen precio en SoyMigrante.com MERCADO y sorprender a tu familia.<\/h2>\t\t\t\t<\/div>\n\t\t\t\t\t<\/div>\n\t\t\t\t<\/div>\n\t\t<div data-particle_enable=\"false\" data-particle-mobile-disabled=\"false\" class=\"elementor-element elementor-element-4ab93ae e-flex e-con-boxed e-con e-parent\" data-id=\"4ab93ae\" data-element_type=\"container\" data-e-type=\"container\">\n\t\t\t\t\t<div class=\"e-con-inner\">\n\t\t\t\t<div class=\"elementor-element elementor-element-579d9e5 elementor-widget elementor-widget-text-editor\" data-id=\"579d9e5\" data-element_type=\"widget\" data-e-type=\"widget\" data-widget_type=\"text-editor.default\">\n\t\t\t\t\t\t\t\t\t<p>Si comienzas a sentirte estresado por no saber qu\u00e9 regalar en esta Navidad te compartimos 11 ideas y lo mejor es que son presentes hechos a mano, algunos por mayas y otros de propuestas de emprendedores innovadores, por lo que puedes sorprender a tu familia que vive en Estados Unidos o bien descubrir las propuestas artesanales que puedes encontrar en&nbsp;<a href=\"https:\/\/soymigrante.com\/mercado\/\" target=\"_blank\" style=\"text-align: var(--text-align)\">SoyMigrante.com MERCADO.<\/a><\/p>\n<p>As\u00ed que sorprende a esta persona especial en Navidad con nuestras propuestas.<\/p>\t\t\t\t\t\t\t\t<\/div>\n\t\t\t\t\t<\/div>\n\t\t\t\t<\/div>\n\t\t<div data-particle_enable=\"false\" data-particle-mobile-disabled=\"false\" class=\"elementor-element elementor-element-0235002 e-flex e-con-boxed e-con e-parent\" data-id=\"0235002\" data-element_type=\"container\" data-e-type=\"container\">\n\t\t\t\t\t<div class=\"e-con-inner\">\n\t\t\t\t<div class=\"elementor-element elementor-element-8a481b2 elementor-widget elementor-widget-heading\" data-id=\"8a481b2\" data-element_type=\"widget\" data-e-type=\"widget\" data-widget_type=\"heading.default\">\n\t\t\t\t\t<h3 class=\"elementor-heading-title elementor-size-default\">Quiz\u00e1 aqu\u00ed est\u00e9 ese detalle especial y \u00fanico<\/h3>\t\t\t\t<\/div>\n\t\t\t\t\t<\/div>\n\t\t\t\t<\/div>\n\t\t<div data-particle_enable=\"false\" data-particle-mobile-disabled=\"false\" class=\"elementor-element elementor-element-eac4017 e-flex e-con-boxed e-con e-parent\" data-id=\"eac4017\" data-element_type=\"container\" data-e-type=\"container\">\n\t\t\t\t\t<div class=\"e-con-inner\">\n\t\t\t\t<div class=\"elementor-element elementor-element-02e97a9 elementor-widget elementor-widget-heading\" data-id=\"02e97a9\" data-element_type=\"widget\" data-e-type=\"widget\" data-widget_type=\"heading.default\">\n\t\t\t\t\t<h3 class=\"elementor-heading-title elementor-size-default\">Para ellas...<\/h3>\t\t\t\t<\/div>\n\t\t\t\t\t<\/div>\n\t\t\t\t<\/div>\n\t\t<div data-particle_enable=\"false\" data-particle-mobile-disabled=\"false\" class=\"elementor-element elementor-element-f62b8f5 e-flex e-con-boxed e-con e-parent\" data-id=\"f62b8f5\" data-element_type=\"container\" data-e-type=\"container\">\n\t\t\t\t\t<div class=\"e-con-inner\">\n\t\t\t\t<div class=\"elementor-element elementor-element-0c2766c elementor-widget elementor-widget-text-editor\" data-id=\"0c2766c\" data-element_type=\"widget\" data-e-type=\"widget\" data-widget_type=\"text-editor.default\">\n\t\t\t\t\t\t\t\t\t<p>1. Obsequiar indumentaria maya es realmente un regalo no solamente especial sino \u00fanico pues regalas algo hecho a mano que ha sido elaborado desde la perspectivo de la cosmovisi\u00f3n maya. Nuestra propuesta es un g\u00fcipil en tono\u00a0<span style=\"text-align: var(--text-align);\">negro, con figuras en el centro de tonalidades verdes, azul, rojo, amarillo morado y lilas\u00a0\u00a0<\/span><a style=\"text-align: var(--text-align);\" href=\"https:\/\/soymigrante.com\/mercado\/marketplace\/kem-textiles-mayas\" target=\"_blank\" rel=\"noopener\">elaborado por Kem Textiles Mayas.<\/a><\/p>\t\t\t\t\t\t\t\t<\/div>\n\t\t\t\t\t<\/div>\n\t\t\t\t<\/div>\n\t\t<div data-particle_enable=\"false\" data-particle-mobile-disabled=\"false\" class=\"elementor-element elementor-element-9df0538 e-flex e-con-boxed e-con e-parent\" data-id=\"9df0538\" data-element_type=\"container\" data-e-type=\"container\">\n\t\t\t\t\t<div class=\"e-con-inner\">\n\t\t\t\t<div class=\"elementor-element elementor-element-0dc53eb elementor-widget elementor-widget-image\" data-id=\"0dc53eb\" data-element_type=\"widget\" data-e-type=\"widget\" data-widget_type=\"image.default\">\n\t\t\t\t\t\t\t\t\t\t\t\t\t\t\t\t<a href=\"https:\/\/soymigrante.com\/mercado\/guipil-kem-textiles-fondo-negro-con-figuras-en-el-centro-de-tonalidades-verdes-azul-rojo-amarillo-morado-y-lilas\">\n\t\t\t\t\t\t\t<img fetchpriority=\"high\" decoding=\"async\" width=\"529\" height=\"503\" src=\"https:\/\/soymigrante.com\/revista\/wp-content\/uploads\/2024\/11\/guipil.webp\" class=\"attachment-large size-large wp-image-14371\" alt=\"Colorido tapiz tradicional con bordados y patrones ancestrales, acompa\u00f1ado de flores y joyer\u00eda, representando la cultura y artesan\u00eda mexicana en la revista SoyMigrante.com.\" srcset=\"https:\/\/soymigrante.com\/revista\/wp-content\/uploads\/2024\/11\/guipil.webp 529w, https:\/\/soymigrante.com\/revista\/wp-content\/uploads\/2024\/11\/guipil-300x285.jpg 300w\" sizes=\"(max-width: 529px) 100vw, 529px\" title=\"guipil \u2013 SoyMigrante.com REVISTA\" \/>\t\t\t\t\t\t\t\t<\/a>\n\t\t\t\t\t\t\t\t\t\t\t\t\t\t\t<\/div>\n\t\t\t\t\t<\/div>\n\t\t\t\t<\/div>\n\t\t<div data-particle_enable=\"false\" data-particle-mobile-disabled=\"false\" class=\"elementor-element elementor-element-7389656 e-flex e-con-boxed e-con e-parent\" data-id=\"7389656\" data-element_type=\"container\" data-e-type=\"container\">\n\t\t\t\t\t<div class=\"e-con-inner\">\n\t\t\t\t<div class=\"elementor-element elementor-element-8e2064f elementor-widget elementor-widget-text-editor\" data-id=\"8e2064f\" data-element_type=\"widget\" data-e-type=\"widget\" data-widget_type=\"text-editor.default\">\n\t\t\t\t\t\t\t\t\t<p>2. Qu\u00e9 te parece un collar tejido con hilo beige entorchado con mostacill\u00f3n transparente con acabados de metal. \u00a1No te resistas a comprarlo!\u00a0<a style=\"text-align: var(--text-align);\" href=\"https:\/\/soymigrante.com\/mercado\/marketplace\/seller\/profile\/Livero-accesorios-que-marcan-la-diferencia\" target=\"_blank\" rel=\"noopener\">Livero te ofrece ese bello collar y otras opciones m\u00e1s a precios accesibles.\u00a0<\/a><\/p><p><a href=\"https:\/\/soymigrante.com\/revista\/emprendedora-lilia-rojas-elabora-joyas-con-creatividad-marca-livero\/\" target=\"_blank\" rel=\"noopener\" data-wplink-edit=\"true\">Conoce la historia de Livero.<\/a><\/p>\t\t\t\t\t\t\t\t<\/div>\n\t\t\t\t\t<\/div>\n\t\t\t\t<\/div>\n\t\t<div data-particle_enable=\"false\" data-particle-mobile-disabled=\"false\" class=\"elementor-element elementor-element-2496a44 e-flex e-con-boxed e-con e-parent\" data-id=\"2496a44\" data-element_type=\"container\" data-e-type=\"container\">\n\t\t\t\t\t<div class=\"e-con-inner\">\n\t\t\t\t<div class=\"elementor-element elementor-element-7e07b98 elementor-widget elementor-widget-image\" data-id=\"7e07b98\" data-element_type=\"widget\" data-e-type=\"widget\" data-widget_type=\"image.default\">\n\t\t\t\t\t\t\t\t\t\t\t\t\t\t\t\t<a href=\"https:\/\/soymigrante.com\/mercado\/collar-con-adorno-metalico-en-el-centro\">\n\t\t\t\t\t\t\t<img decoding=\"async\" width=\"511\" height=\"499\" src=\"https:\/\/soymigrante.com\/revista\/wp-content\/uploads\/2024\/11\/collar.webp\" class=\"attachment-large size-large wp-image-14372\" alt=\"Collar de oro artesanal en exhibici\u00f3n para joyer\u00eda y accesorios de moda, destaca por su dise\u00f1o elaborado y exclusivo.\" srcset=\"https:\/\/soymigrante.com\/revista\/wp-content\/uploads\/2024\/11\/collar.webp 511w, https:\/\/soymigrante.com\/revista\/wp-content\/uploads\/2024\/11\/collar-300x293.jpg 300w\" sizes=\"(max-width: 511px) 100vw, 511px\" title=\"collar \u2013 SoyMigrante.com REVISTA\" \/>\t\t\t\t\t\t\t\t<\/a>\n\t\t\t\t\t\t\t\t\t\t\t\t\t\t\t<\/div>\n\t\t\t\t\t<\/div>\n\t\t\t\t<\/div>\n\t\t<div data-particle_enable=\"false\" data-particle-mobile-disabled=\"false\" class=\"elementor-element elementor-element-d445dff e-flex e-con-boxed e-con e-parent\" data-id=\"d445dff\" data-element_type=\"container\" data-e-type=\"container\">\n\t\t\t\t\t<div class=\"e-con-inner\">\n\t\t\t\t<div class=\"elementor-element elementor-element-1858d0d elementor-widget elementor-widget-text-editor\" data-id=\"1858d0d\" data-element_type=\"widget\" data-e-type=\"widget\" data-widget_type=\"text-editor.default\">\n\t\t\t\t\t\t\t\t\t<p>3. Esta es una opci\u00f3n bastante curiosa, te proponemos regalar un ramo muy peculiar, uno de tulipanes hechos en crochet. Adem\u00e1s puedes encontrar otras creativas opciones elaboradas por Crochet con Amor.\u00a0<\/p><p><a href=\"https:\/\/soymigrante.com\/revista\/tejido-con-el-mismo-carino-de-la-abuelita-el-emprendimiento-crochet-con-amor\/\" target=\"_blank\" rel=\"noopener\">Conoce la historia de Crochet con Amor.<\/a><\/p>\t\t\t\t\t\t\t\t<\/div>\n\t\t\t\t\t<\/div>\n\t\t\t\t<\/div>\n\t\t<div data-particle_enable=\"false\" data-particle-mobile-disabled=\"false\" class=\"elementor-element elementor-element-cb26a94 e-flex e-con-boxed e-con e-parent\" data-id=\"cb26a94\" data-element_type=\"container\" data-e-type=\"container\">\n\t\t\t\t\t<div class=\"e-con-inner\">\n\t\t\t\t<div class=\"elementor-element elementor-element-93b4ca5 elementor-widget elementor-widget-image\" data-id=\"93b4ca5\" data-element_type=\"widget\" data-e-type=\"widget\" data-widget_type=\"image.default\">\n\t\t\t\t\t\t\t\t\t\t\t\t\t\t\t\t<a href=\"https:\/\/soymigrante.com\/mercado\/ramo-de-tulipanes-en-crochet\">\n\t\t\t\t\t\t\t<img decoding=\"async\" width=\"453\" height=\"502\" src=\"https:\/\/soymigrante.com\/revista\/wp-content\/uploads\/2024\/11\/Crochet-con-amor.webp\" class=\"attachment-large size-large wp-image-14514\" alt=\"Churro decorado con flores y frutas en un hermoso ramo, ideal para regalar y celebrar ocasiones especiales.\" srcset=\"https:\/\/soymigrante.com\/revista\/wp-content\/uploads\/2024\/11\/Crochet-con-amor.webp 453w, https:\/\/soymigrante.com\/revista\/wp-content\/uploads\/2024\/11\/Crochet-con-amor-271x300.jpg 271w\" sizes=\"(max-width: 453px) 100vw, 453px\" title=\"Crochet con amor \u2013 SoyMigrante.com REVISTA\" \/>\t\t\t\t\t\t\t\t<\/a>\n\t\t\t\t\t\t\t\t\t\t\t\t\t\t\t<\/div>\n\t\t\t\t\t<\/div>\n\t\t\t\t<\/div>\n\t\t<div data-particle_enable=\"false\" data-particle-mobile-disabled=\"false\" class=\"elementor-element elementor-element-702eb4e e-flex e-con-boxed e-con e-parent\" data-id=\"702eb4e\" data-element_type=\"container\" data-e-type=\"container\">\n\t\t\t\t\t<div class=\"e-con-inner\">\n\t\t\t\t<div class=\"elementor-element elementor-element-14e60ec elementor-widget elementor-widget-text-editor\" data-id=\"14e60ec\" data-element_type=\"widget\" data-e-type=\"widget\" data-widget_type=\"text-editor.default\">\n\t\t\t\t\t\t\t\t\t<p>4. Esta propuesta te fascinar\u00e1. Qu\u00e9 tal si regalas unos aretes o collares elaborados no solo de hilos sino tambi\u00e9n con granos como ma\u00edz de diferentes coloares, pepita de calabaza\u00a0<span style=\"font-family: Roboto, sans-serif; font-size: 16px; font-style: normal; font-weight: 400; color: var( --e-global-color-text ); text-align: var(--text-align);\">chilacayote, ma\u00edz, ciruela, entre otros. Adem\u00e1s estar\u00e1s apoyando a una emprendedora esposa, madre y maestra de profesi\u00f3n que decidi\u00f3 crear joyas \u00fanicas. Adqui\u00e9relos en Arte K\u00b4at.\u00a0<\/span><\/p><p><a href=\"https:\/\/soymigrante.com\/mercado\/aretes-en-hilo-de-algodon-base-de-disco-y-bolita-de-hilo\">Conoce la historia de Arte K\u00b4at.<\/a><\/p>\t\t\t\t\t\t\t\t<\/div>\n\t\t\t\t\t<\/div>\n\t\t\t\t<\/div>\n\t\t<div data-particle_enable=\"false\" data-particle-mobile-disabled=\"false\" class=\"elementor-element elementor-element-fceadab e-flex e-con-boxed e-con e-parent\" data-id=\"fceadab\" data-element_type=\"container\" data-e-type=\"container\">\n\t\t\t\t\t<div class=\"e-con-inner\">\n\t\t\t\t<div class=\"elementor-element elementor-element-14c5ada elementor-align-center elementor-widget elementor-widget-button\" data-id=\"14c5ada\" data-element_type=\"widget\" data-e-type=\"widget\" data-widget_type=\"button.default\">\n\t\t\t\t\t\t\t\t\t\t<a class=\"elementor-button elementor-button-link elementor-size-sm\" href=\"https:\/\/soymigrante.com\/mercado\/\">\n\t\t\t\t\t\t<span class=\"elementor-button-content-wrapper\">\n\t\t\t\t\t\t\t\t\t<span class=\"elementor-button-text\">Mira estas y muchas opciones de ragalo m\u00e1s en SoyMigrante.com MERCADO Aqu\u00ed<\/span>\n\t\t\t\t\t<\/span>\n\t\t\t\t\t<\/a>\n\t\t\t\t\t\t\t\t<\/div>\n\t\t\t\t\t<\/div>\n\t\t\t\t<\/div>\n\t\t<div data-particle_enable=\"false\" data-particle-mobile-disabled=\"false\" class=\"elementor-element elementor-element-3051896 e-flex e-con-boxed e-con e-parent\" data-id=\"3051896\" data-element_type=\"container\" data-e-type=\"container\">\n\t\t\t\t\t<div class=\"e-con-inner\">\n\t\t\t\t<div class=\"elementor-element elementor-element-7f3fba8 elementor-widget elementor-widget-image\" data-id=\"7f3fba8\" data-element_type=\"widget\" data-e-type=\"widget\" data-widget_type=\"image.default\">\n\t\t\t\t\t\t\t\t\t\t\t\t\t\t\t\t<a href=\"https:\/\/soymigrante.com\/mercado\/aretes-en-hilo-de-algodon-base-de-disco-y-bolita-de-hilo\">\n\t\t\t\t\t\t\t<img loading=\"lazy\" decoding=\"async\" width=\"487\" height=\"509\" src=\"https:\/\/soymigrante.com\/revista\/wp-content\/uploads\/2024\/11\/Arte-k-at.webp\" class=\"attachment-large size-large wp-image-14436\" alt=\"Bolas de hilo tejidas en pendientes de moda con chaquiras en colores beige y marr\u00f3n, accesorios en tendencia.\" srcset=\"https:\/\/soymigrante.com\/revista\/wp-content\/uploads\/2024\/11\/Arte-k-at.webp 487w, https:\/\/soymigrante.com\/revista\/wp-content\/uploads\/2024\/11\/Arte-k-at-287x300.jpg 287w\" sizes=\"(max-width: 487px) 100vw, 487px\" title=\"Arte k at \u2013 SoyMigrante.com REVISTA\" \/>\t\t\t\t\t\t\t\t<\/a>\n\t\t\t\t\t\t\t\t\t\t\t\t\t\t\t<\/div>\n\t\t\t\t\t<\/div>\n\t\t\t\t<\/div>\n\t\t<div data-particle_enable=\"false\" data-particle-mobile-disabled=\"false\" class=\"elementor-element elementor-element-20aff6e e-flex e-con-boxed e-con e-parent\" data-id=\"20aff6e\" data-element_type=\"container\" data-e-type=\"container\">\n\t\t\t\t\t<div class=\"e-con-inner\">\n\t\t\t\t<div class=\"elementor-element elementor-element-3dc29d3 elementor-widget elementor-widget-heading\" data-id=\"3dc29d3\" data-element_type=\"widget\" data-e-type=\"widget\" data-widget_type=\"heading.default\">\n\t\t\t\t\t<h3 class=\"elementor-heading-title elementor-size-default\">Para \u00e9l...<\/h3>\t\t\t\t<\/div>\n\t\t\t\t\t<\/div>\n\t\t\t\t<\/div>\n\t\t<div data-particle_enable=\"false\" data-particle-mobile-disabled=\"false\" class=\"elementor-element elementor-element-e5cdf7b e-flex e-con-boxed e-con e-parent\" data-id=\"e5cdf7b\" data-element_type=\"container\" data-e-type=\"container\">\n\t\t\t\t\t<div class=\"e-con-inner\">\n\t\t\t\t<div class=\"elementor-element elementor-element-7441e32 elementor-widget elementor-widget-text-editor\" data-id=\"7441e32\" data-element_type=\"widget\" data-e-type=\"widget\" data-widget_type=\"text-editor.default\">\n\t\t\t\t\t\t\t\t\t<p>5. Sabemos que a ellos les fascinan las colecciones y en Alumin Art puedes adquirir este carro de F\u00f3rmula 1 elaborado de alambre por manos de un antig\u00fce\u00f1o muy ingenioso. Adem\u00e1s puedes encontrar otros dise\u00f1os como mini orquestas, personajes deportivos, entre otros. A ellos les encantar\u00e1n estas diminutas piezas.\u00a0<\/p><p><a href=\"https:\/\/soymigrante.com\/revista\/alumin-art-128-crea-pistas-de-formula-1-orquestas-o-procesiones-mini-a-base-de-alambre\/\" target=\"_blank\" rel=\"noopener\">Conoce la historia de Alumin Art.\u00a0<\/a><\/p>\t\t\t\t\t\t\t\t<\/div>\n\t\t\t\t\t<\/div>\n\t\t\t\t<\/div>\n\t\t<div data-particle_enable=\"false\" data-particle-mobile-disabled=\"false\" class=\"elementor-element elementor-element-5a0aff8 e-flex e-con-boxed e-con e-parent\" data-id=\"5a0aff8\" data-element_type=\"container\" data-e-type=\"container\">\n\t\t\t\t\t<div class=\"e-con-inner\">\n\t\t\t\t<div class=\"elementor-element elementor-element-c8b433a elementor-widget elementor-widget-image\" data-id=\"c8b433a\" data-element_type=\"widget\" data-e-type=\"widget\" data-widget_type=\"image.default\">\n\t\t\t\t\t\t\t\t\t\t\t\t\t\t\t\t<a href=\"https:\/\/soymigrante.com\/mercado\/arte-en-alambre-alusivo-a-los-jugadores-de-tenis-trabajado-a-mano-y-montado-en-madera\">\n\t\t\t\t\t\t\t<img loading=\"lazy\" decoding=\"async\" width=\"510\" height=\"505\" src=\"https:\/\/soymigrante.com\/revista\/wp-content\/uploads\/2024\/11\/alumin-art-mercado.webp\" class=\"attachment-large size-large wp-image-14454\" alt=\"Un peque\u00f1o mu\u00f1eco de alambre con atuendo de verano y raqueta de tenis, decorado en una base de madera, junto a una esfera de cristal, representando creatividad y trabajo artesanal.\" srcset=\"https:\/\/soymigrante.com\/revista\/wp-content\/uploads\/2024\/11\/alumin-art-mercado.webp 510w, https:\/\/soymigrante.com\/revista\/wp-content\/uploads\/2024\/11\/alumin-art-mercado-300x297.jpg 300w, https:\/\/soymigrante.com\/revista\/wp-content\/uploads\/2024\/11\/alumin-art-mercado-150x150.jpg 150w, https:\/\/soymigrante.com\/revista\/wp-content\/uploads\/2024\/11\/alumin-art-mercado-75x75.webp 75w\" sizes=\"(max-width: 510px) 100vw, 510px\" title=\"alumin art mercado \u2013 SoyMigrante.com REVISTA\" \/>\t\t\t\t\t\t\t\t<\/a>\n\t\t\t\t\t\t\t\t\t\t\t\t\t\t\t<\/div>\n\t\t\t\t\t<\/div>\n\t\t\t\t<\/div>\n\t\t<div data-particle_enable=\"false\" data-particle-mobile-disabled=\"false\" class=\"elementor-element elementor-element-fe46796 e-flex e-con-boxed e-con e-parent\" data-id=\"fe46796\" data-element_type=\"container\" data-e-type=\"container\">\n\t\t\t\t\t<div class=\"e-con-inner\">\n\t\t\t\t<div class=\"elementor-element elementor-element-9691b15 elementor-widget elementor-widget-text-editor\" data-id=\"9691b15\" data-element_type=\"widget\" data-e-type=\"widget\" data-widget_type=\"text-editor.default\">\n\t\t\t\t\t\t\t\t\t<p>6. Esta camisa tipo Polo, cuello y pu\u00f1os con resorte tejido es un excelente regalo. La tela Piqu\u00e9 algod\u00f3n es una cobinaci\u00f3n perfecta para que \u00e9l se sienta c\u00f3modo. Puedes comprar este art\u00edculo\u00a0<a href=\"https:\/\/soymigrante.com\/mercado\/marketplace\/joster\" target=\"_blank\" rel=\"noopener\">en la tienda Joster.<\/a>\u00a0T\u00fa p\u00eddelo y te lo env\u00edan a cualquier parte del pa\u00eds.\u00a0<\/p>\t\t\t\t\t\t\t\t<\/div>\n\t\t\t\t\t<\/div>\n\t\t\t\t<\/div>\n\t\t<div data-particle_enable=\"false\" data-particle-mobile-disabled=\"false\" class=\"elementor-element elementor-element-518916e e-flex e-con-boxed e-con e-parent\" data-id=\"518916e\" data-element_type=\"container\" data-e-type=\"container\">\n\t\t\t\t\t<div class=\"e-con-inner\">\n\t\t\t\t<div class=\"elementor-element elementor-element-6ffae1e elementor-align-center elementor-widget elementor-widget-button\" data-id=\"6ffae1e\" data-element_type=\"widget\" data-e-type=\"widget\" data-widget_type=\"button.default\">\n\t\t\t\t\t\t\t\t\t\t<a class=\"elementor-button elementor-button-link elementor-size-sm\" href=\"https:\/\/soymigrante.com\/mercado\/\">\n\t\t\t\t\t\t<span class=\"elementor-button-content-wrapper\">\n\t\t\t\t\t\t\t\t\t<span class=\"elementor-button-text\">Mira estas y muchas opciones de ragalo m\u00e1s en SoyMigrante.com MERCADO Aqu\u00ed<\/span>\n\t\t\t\t\t<\/span>\n\t\t\t\t\t<\/a>\n\t\t\t\t\t\t\t\t<\/div>\n\t\t\t\t\t<\/div>\n\t\t\t\t<\/div>\n\t\t<div data-particle_enable=\"false\" data-particle-mobile-disabled=\"false\" class=\"elementor-element elementor-element-d4e56ad e-flex e-con-boxed e-con e-parent\" data-id=\"d4e56ad\" data-element_type=\"container\" data-e-type=\"container\">\n\t\t\t\t\t<div class=\"e-con-inner\">\n\t\t\t\t<div class=\"elementor-element elementor-element-175875d elementor-widget elementor-widget-image\" data-id=\"175875d\" data-element_type=\"widget\" data-e-type=\"widget\" data-widget_type=\"image.default\">\n\t\t\t\t\t\t\t\t\t\t\t\t\t\t\t\t<a href=\"https:\/\/soymigrante.com\/mercado\/camisa-tipo-polo-cuello-y-punos-con-resorte-tejido\">\n\t\t\t\t\t\t\t<img loading=\"lazy\" decoding=\"async\" width=\"465\" height=\"500\" src=\"https:\/\/soymigrante.com\/revista\/wp-content\/uploads\/2024\/11\/playera-camisa-Joster.webp\" class=\"attachment-large size-large wp-image-14475\" alt=\"Chaqueta negra con borde rosa, ideal para actividades laborales y deportivas, dise\u00f1ada para comodidad y estilo.\" srcset=\"https:\/\/soymigrante.com\/revista\/wp-content\/uploads\/2024\/11\/playera-camisa-Joster.webp 465w, https:\/\/soymigrante.com\/revista\/wp-content\/uploads\/2024\/11\/playera-camisa-Joster-279x300.jpg 279w\" sizes=\"(max-width: 465px) 100vw, 465px\" title=\"playera camisa Joster \u2013 SoyMigrante.com REVISTA\" \/>\t\t\t\t\t\t\t\t<\/a>\n\t\t\t\t\t\t\t\t\t\t\t\t\t\t\t<\/div>\n\t\t\t\t\t<\/div>\n\t\t\t\t<\/div>\n\t\t<div data-particle_enable=\"false\" data-particle-mobile-disabled=\"false\" class=\"elementor-element elementor-element-994aafe e-flex e-con-boxed e-con e-parent\" data-id=\"994aafe\" data-element_type=\"container\" data-e-type=\"container\">\n\t\t\t\t\t<div class=\"e-con-inner\">\n\t\t\t\t<div class=\"elementor-element elementor-element-76a0416 elementor-widget elementor-widget-text-editor\" data-id=\"76a0416\" data-element_type=\"widget\" data-e-type=\"widget\" data-widget_type=\"text-editor.default\">\n\t\t\t\t\t\t\t\t\t<p>7. Una repisa de madera de pino, color natural, acabado sellador para que coloque las llaves de su motocicleta, veh\u00edculo y otro es una buena propuesta. C\u00f3mprala en Maderas Grissell, una tienda con m\u00e1s de 30 a\u00f1os de experiencia en la elaboraci\u00f3n de piezas.\u00a0<\/p><p><a href=\"https:\/\/soymigrante.com\/revista\/maderas-grissell-de-la-familia-oxom-crea-muebles-y-piezas-decorativas-en-coban\/\" data-wplink-edit=\"true\">Conoce la historia de Maderas Grissell.<\/a><\/p>\t\t\t\t\t\t\t\t<\/div>\n\t\t\t\t\t<\/div>\n\t\t\t\t<\/div>\n\t\t<div data-particle_enable=\"false\" data-particle-mobile-disabled=\"false\" class=\"elementor-element elementor-element-36f80ee e-flex e-con-boxed e-con e-parent\" data-id=\"36f80ee\" data-element_type=\"container\" data-e-type=\"container\">\n\t\t\t\t\t<div class=\"e-con-inner\">\n\t\t\t\t<div class=\"elementor-element elementor-element-5980cd9 elementor-widget elementor-widget-image\" data-id=\"5980cd9\" data-element_type=\"widget\" data-e-type=\"widget\" data-widget_type=\"image.default\">\n\t\t\t\t\t\t\t\t\t\t\t\t\t\t\t\t<a href=\"https:\/\/soymigrante.com\/mercado\/mueble-de-madera-repisa-colgador\">\n\t\t\t\t\t\t\t<img loading=\"lazy\" decoding=\"async\" width=\"479\" height=\"505\" src=\"https:\/\/soymigrante.com\/revista\/wp-content\/uploads\/2024\/11\/Maderas-grissell-mercado.webp\" class=\"attachment-large size-large wp-image-14476\" alt=\"Casa de madera decorativa con ganchos para llaves, idea DIY para organizar en el hogar. Dise\u00f1o r\u00fastico y funcional para mantener tus llaves en orden y decorar con estilo.\" srcset=\"https:\/\/soymigrante.com\/revista\/wp-content\/uploads\/2024\/11\/Maderas-grissell-mercado.webp 479w, https:\/\/soymigrante.com\/revista\/wp-content\/uploads\/2024\/11\/Maderas-grissell-mercado-285x300.jpg 285w\" sizes=\"(max-width: 479px) 100vw, 479px\" title=\"Maderas grissell mercado \u2013 SoyMigrante.com REVISTA\" \/>\t\t\t\t\t\t\t\t<\/a>\n\t\t\t\t\t\t\t\t\t\t\t\t\t\t\t<\/div>\n\t\t\t\t\t<\/div>\n\t\t\t\t<\/div>\n\t\t<div data-particle_enable=\"false\" data-particle-mobile-disabled=\"false\" class=\"elementor-element elementor-element-e2d13b1 e-flex e-con-boxed e-con e-parent\" data-id=\"e2d13b1\" data-element_type=\"container\" data-e-type=\"container\">\n\t\t\t\t\t<div class=\"e-con-inner\">\n\t\t\t\t<div class=\"elementor-element elementor-element-f85180e elementor-widget elementor-widget-heading\" data-id=\"f85180e\" data-element_type=\"widget\" data-e-type=\"widget\" data-widget_type=\"heading.default\">\n\t\t\t\t\t<h3 class=\"elementor-heading-title elementor-size-default\">Un regalo familiar<\/h3>\t\t\t\t<\/div>\n\t\t\t\t\t<\/div>\n\t\t\t\t<\/div>\n\t\t<div data-particle_enable=\"false\" data-particle-mobile-disabled=\"false\" class=\"elementor-element elementor-element-68a852e e-flex e-con-boxed e-con e-parent\" data-id=\"68a852e\" data-element_type=\"container\" data-e-type=\"container\">\n\t\t\t\t\t<div class=\"e-con-inner\">\n\t\t\t\t<div class=\"elementor-element elementor-element-0b1214b elementor-widget elementor-widget-text-editor\" data-id=\"0b1214b\" data-element_type=\"widget\" data-e-type=\"widget\" data-widget_type=\"text-editor.default\">\n\t\t\t\t\t\t\t\t\t<p>8. Yax Transforma te ofrece una mesa con bancas pl\u00e1sticas para que no te pierdas momentos especiales en familia. Adem\u00e1s, al comprar este tipo de material contribuyes con el medio ambiente ya que esta empresa se caracteriza por elaborar cada pieza a trav\u00e9s del reciclaje.\u00a0<\/p><p><a href=\"https:\/\/soymigrante.com\/revista\/cooperativa-yax-transforma-una-planta-recicladora-en-huehuetenango-que-crea-y-genera-empleo\/\" target=\"_blank\" rel=\"noopener\">Conoce la historia de Yax Transforma.<\/a><\/p>\t\t\t\t\t\t\t\t<\/div>\n\t\t\t\t\t<\/div>\n\t\t\t\t<\/div>\n\t\t<div data-particle_enable=\"false\" data-particle-mobile-disabled=\"false\" class=\"elementor-element elementor-element-dfbbb8b e-flex e-con-boxed e-con e-parent\" data-id=\"dfbbb8b\" data-element_type=\"container\" data-e-type=\"container\">\n\t\t\t\t\t<div class=\"e-con-inner\">\n\t\t\t\t<div class=\"elementor-element elementor-element-77c7d7e elementor-widget elementor-widget-image\" data-id=\"77c7d7e\" data-element_type=\"widget\" data-e-type=\"widget\" data-widget_type=\"image.default\">\n\t\t\t\t\t\t\t\t\t\t\t\t\t\t\t\t<a href=\"https:\/\/soymigrante.com\/mercado\/mesa-con-banca-plastica\">\n\t\t\t\t\t\t\t<img loading=\"lazy\" decoding=\"async\" width=\"508\" height=\"454\" src=\"https:\/\/soymigrante.com\/revista\/wp-content\/uploads\/2024\/11\/Mesa-familiar.webp\" class=\"attachment-large size-large wp-image-14367\" alt=\"Mesa de picnic de madera para espacios exteriores, ideal para actividades al aire libre y reuniones familiares, resistente y duradera para disfrutar en cualquier momento.\" srcset=\"https:\/\/soymigrante.com\/revista\/wp-content\/uploads\/2024\/11\/Mesa-familiar.webp 508w, https:\/\/soymigrante.com\/revista\/wp-content\/uploads\/2024\/11\/Mesa-familiar-300x268.jpg 300w\" sizes=\"(max-width: 508px) 100vw, 508px\" title=\"Mesa familiar \u2013 SoyMigrante.com REVISTA\" \/>\t\t\t\t\t\t\t\t<\/a>\n\t\t\t\t\t\t\t\t\t\t\t\t\t\t\t<\/div>\n\t\t\t\t\t<\/div>\n\t\t\t\t<\/div>\n\t\t<div data-particle_enable=\"false\" data-particle-mobile-disabled=\"false\" class=\"elementor-element elementor-element-0c69a94 e-flex e-con-boxed e-con e-parent\" data-id=\"0c69a94\" data-element_type=\"container\" data-e-type=\"container\">\n\t\t\t\t\t<div class=\"e-con-inner\">\n\t\t\t\t<div class=\"elementor-element elementor-element-5272ed9 elementor-widget elementor-widget-text-editor\" data-id=\"5272ed9\" data-element_type=\"widget\" data-e-type=\"widget\" data-widget_type=\"text-editor.default\">\n\t\t\t\t\t\t\t\t\t<p>9. Este regalo jam\u00e1s pasar\u00e1 de moda, qu\u00e9 tal si sorprendes en esta Navidad con un hermoso cuadro que refleje los bellos paisajes guatemaltecos. Ni lo dudes. Esta vez te recomendamos los bellos cuadros pintados\u00a0<a href=\"https:\/\/soymigrante.com\/mercado\/marketplace\/galeria-xejul\" target=\"_blank\" rel=\"noopener\">por el artista \u00c1ngel Mux.\u00a0<\/a>Los puedes colocar en tu sala, comedor o habitaci\u00f3n, tus espacios se ver\u00e1n lindos llenos de arte.<\/p><p><a href=\"https:\/\/soymigrante.com\/revista\/galeria-de-arte-maya-xejul-de-miguel-angel-mux-ofrece-arte-maya-sin-fronteras\/\" target=\"_blank\" rel=\"noopener\">Conoce la historia del emprendedor \u00c1ngel Mux.<\/a><\/p>\t\t\t\t\t\t\t\t<\/div>\n\t\t\t\t\t<\/div>\n\t\t\t\t<\/div>\n\t\t<div data-particle_enable=\"false\" data-particle-mobile-disabled=\"false\" class=\"elementor-element elementor-element-0afad6e e-flex e-con-boxed e-con e-parent\" data-id=\"0afad6e\" data-element_type=\"container\" data-e-type=\"container\">\n\t\t\t\t\t<div class=\"e-con-inner\">\n\t\t\t\t<div class=\"elementor-element elementor-element-b81de3a elementor-widget elementor-widget-image\" data-id=\"b81de3a\" data-element_type=\"widget\" data-e-type=\"widget\" data-widget_type=\"image.default\">\n\t\t\t\t\t\t\t\t\t\t\t\t\t\t\t\t<a href=\"https:\/\/soymigrante.com\/mercado\/marketplace\/galeria-xejul\">\n\t\t\t\t\t\t\t<img loading=\"lazy\" decoding=\"async\" width=\"718\" height=\"505\" src=\"https:\/\/soymigrante.com\/revista\/wp-content\/uploads\/2024\/11\/arte.webp\" class=\"attachment-large size-large wp-image-14467\" alt=\"Paisaje urbano colorido en Chimaltenango, Guatemala, con arquitectura colonial, calles empedradas y naturaleza vibrante, ideal para turismo cultural y fotograf\u00eda art\u00edstica.\" srcset=\"https:\/\/soymigrante.com\/revista\/wp-content\/uploads\/2024\/11\/arte.webp 718w, https:\/\/soymigrante.com\/revista\/wp-content\/uploads\/2024\/11\/arte-300x211.jpg 300w\" sizes=\"(max-width: 718px) 100vw, 718px\" title=\"arte \u2013 SoyMigrante.com REVISTA\" \/>\t\t\t\t\t\t\t\t<\/a>\n\t\t\t\t\t\t\t\t\t\t\t\t\t\t\t<\/div>\n\t\t\t\t\t<\/div>\n\t\t\t\t<\/div>\n\t\t<div data-particle_enable=\"false\" data-particle-mobile-disabled=\"false\" class=\"elementor-element elementor-element-f2eae2d e-flex e-con-boxed e-con e-parent\" data-id=\"f2eae2d\" data-element_type=\"container\" data-e-type=\"container\">\n\t\t\t\t\t<div class=\"e-con-inner\">\n\t\t\t\t<div class=\"elementor-element elementor-element-c4782c9 elementor-widget elementor-widget-text-editor\" data-id=\"c4782c9\" data-element_type=\"widget\" data-e-type=\"widget\" data-widget_type=\"text-editor.default\">\n\t\t\t\t\t\t\t\t\t<p>10. \u00a1Esta opci\u00f3n te encantar\u00e1! Esta linda canasta de mimbre adem\u00e1s de tener una linda figura de cisne tambi\u00e9n puede funcionar en el hogar como un organizador. Puedes decorar esta canasta si quieres agregarle un plus. C\u00f3mpralo en la tienda\u00a0<a href=\"https:\/\/soymigrante.com\/mercado\/marketplace\/artesaniamendezbonanza\" target=\"_blank\" rel=\"noopener\">Artesan\u00eda M\u00e9ndez Bonanza<\/a>.\u00a0<\/p>\t\t\t\t\t\t\t\t<\/div>\n\t\t\t\t\t<\/div>\n\t\t\t\t<\/div>\n\t\t<div data-particle_enable=\"false\" data-particle-mobile-disabled=\"false\" class=\"elementor-element elementor-element-e0fee00 e-flex e-con-boxed e-con e-parent\" data-id=\"e0fee00\" data-element_type=\"container\" data-e-type=\"container\">\n\t\t\t\t\t<div class=\"e-con-inner\">\n\t\t\t\t<div class=\"elementor-element elementor-element-17b7f3a elementor-widget elementor-widget-image\" data-id=\"17b7f3a\" data-element_type=\"widget\" data-e-type=\"widget\" data-widget_type=\"image.default\">\n\t\t\t\t\t\t\t\t\t\t\t\t\t\t\t\t<a href=\"https:\/\/soymigrante.com\/mercado\/canasta-de-mimbre-con-diseno-de-cisne-y-agarrador\">\n\t\t\t\t\t\t\t<img loading=\"lazy\" decoding=\"async\" width=\"482\" height=\"502\" src=\"https:\/\/soymigrante.com\/revista\/wp-content\/uploads\/2024\/11\/cisne.webp\" class=\"attachment-large size-large wp-image-14481\" alt=\"Vaso decorativo en forma de cisne hecho de mimbre, perfecto para decorar espacios con estilo artesanal y natural.\" srcset=\"https:\/\/soymigrante.com\/revista\/wp-content\/uploads\/2024\/11\/cisne.webp 482w, https:\/\/soymigrante.com\/revista\/wp-content\/uploads\/2024\/11\/cisne-288x300.jpg 288w\" sizes=\"(max-width: 482px) 100vw, 482px\" title=\"cisne \u2013 SoyMigrante.com REVISTA\" \/>\t\t\t\t\t\t\t\t<\/a>\n\t\t\t\t\t\t\t\t\t\t\t\t\t\t\t<\/div>\n\t\t\t\t\t<\/div>\n\t\t\t\t<\/div>\n\t\t<div data-particle_enable=\"false\" data-particle-mobile-disabled=\"false\" class=\"elementor-element elementor-element-d3b1cf1 e-flex e-con-boxed e-con e-parent\" data-id=\"d3b1cf1\" data-element_type=\"container\" data-e-type=\"container\">\n\t\t\t\t\t<div class=\"e-con-inner\">\n\t\t\t\t<div class=\"elementor-element elementor-element-425d17f elementor-widget elementor-widget-text-editor\" data-id=\"425d17f\" data-element_type=\"widget\" data-e-type=\"widget\" data-widget_type=\"text-editor.default\">\n\t\t\t\t\t\t\t\t\t<p>El regalo que no puede faltar. \u00a1Regala caf\u00e9 guatemalteco! Nuestra recomendaci\u00f3n es un caf\u00e9 blend de Huehuetenango y Santa Rosa , tueste oscuro, grano, tama\u00f1o 200g y 400g <a href=\"https:\/\/soymigrante.com\/mercado\/marketplace\/Torronsguatemala\">que te ofrece el emprendimiento Torr\u00f3ns Guatemala.<\/a> Adem\u00e1s puedes tambi\u00e9n disfrutar de un delicioso turr\u00f3n con sabor a berries y otros caf\u00e9 saborizados.<\/p>\t\t\t\t\t\t\t\t<\/div>\n\t\t\t\t\t<\/div>\n\t\t\t\t<\/div>\n\t\t<div data-particle_enable=\"false\" data-particle-mobile-disabled=\"false\" class=\"elementor-element elementor-element-e64cef5 e-flex e-con-boxed e-con e-parent\" data-id=\"e64cef5\" data-element_type=\"container\" data-e-type=\"container\">\n\t\t\t\t\t<div class=\"e-con-inner\">\n\t\t\t\t<div class=\"elementor-element elementor-element-4051989 elementor-widget elementor-widget-image\" data-id=\"4051989\" data-element_type=\"widget\" data-e-type=\"widget\" data-widget_type=\"image.default\">\n\t\t\t\t\t\t\t\t\t\t\t\t\t\t\t\t<a href=\"https:\/\/soymigrante.com\/mercado\/cafe-tostado-400g\">\n\t\t\t\t\t\t\t<img loading=\"lazy\" decoding=\"async\" width=\"497\" height=\"501\" src=\"https:\/\/soymigrante.com\/revista\/wp-content\/uploads\/2024\/11\/cafe-torron.webp\" class=\"attachment-large size-large wp-image-14494\" alt=\"Suplemento de memoria y salud cerebral, caf\u00e9 tostado con beneficios para reducir riesgos de diabetes y proteger el coraz\u00f3n. Perfecto para fortalecer la salud cerebral y mejorar la digesti\u00f3n.\" srcset=\"https:\/\/soymigrante.com\/revista\/wp-content\/uploads\/2024\/11\/cafe-torron.webp 497w, https:\/\/soymigrante.com\/revista\/wp-content\/uploads\/2024\/11\/cafe-torron-298x300.jpg 298w, https:\/\/soymigrante.com\/revista\/wp-content\/uploads\/2024\/11\/cafe-torron-150x150.jpg 150w, https:\/\/soymigrante.com\/revista\/wp-content\/uploads\/2024\/11\/cafe-torron-75x75.webp 75w\" sizes=\"(max-width: 497px) 100vw, 497px\" title=\"cafe torron \u2013 SoyMigrante.com REVISTA\" \/>\t\t\t\t\t\t\t\t<\/a>\n\t\t\t\t\t\t\t\t\t\t\t\t\t\t\t<\/div>\n\t\t\t\t\t<\/div>\n\t\t\t\t<\/div>\n\t\t<div data-particle_enable=\"false\" data-particle-mobile-disabled=\"false\" class=\"elementor-element elementor-element-ff13568 e-flex e-con-boxed e-con e-parent\" data-id=\"ff13568\" data-element_type=\"container\" data-e-type=\"container\">\n\t\t\t\t\t<div class=\"e-con-inner\">\n\t\t\t\t<div class=\"elementor-element elementor-element-2643761 elementor-widget elementor-widget-heading\" data-id=\"2643761\" data-element_type=\"widget\" data-e-type=\"widget\" data-widget_type=\"heading.default\">\n\t\t\t\t\t<h2 class=\"elementor-heading-title elementor-size-default\">Estas son buenas opciones...<\/h2>\t\t\t\t<\/div>\n\t\t\t\t\t<\/div>\n\t\t\t\t<\/div>\n\t\t<div data-particle_enable=\"false\" data-particle-mobile-disabled=\"false\" class=\"elementor-element elementor-element-6d5c82e e-flex e-con-boxed e-con e-parent\" data-id=\"6d5c82e\" data-element_type=\"container\" data-e-type=\"container\">\n\t\t\t\t\t<div class=\"e-con-inner\">\n\t\t\t\t<div class=\"elementor-element elementor-element-50d58a0 elementor-grid-eael-col-3 elementor-grid-tablet-eael-col-2 elementor-grid-mobile-eael-col-1 elementor-widget elementor-widget-eael-post-grid\" data-id=\"50d58a0\" data-element_type=\"widget\" data-e-type=\"widget\" data-settings=\"{&quot;eael_post_grid_columns&quot;:&quot;eael-col-3&quot;,&quot;eael_post_grid_columns_tablet&quot;:&quot;eael-col-2&quot;,&quot;eael_post_grid_columns_mobile&quot;:&quot;eael-col-1&quot;}\" data-widget_type=\"eael-post-grid.default\">\n\t\t\t\t\t<div id=\"eael-post-grid-50d58a0\" class=\"eael-post-grid-container\">\n            <div class=\"eael-post-grid eael-post-appender eael-post-appender-50d58a0 eael-post-grid-style-one\" data-layout-mode=\"masonry\"><article class=\"eael-grid-post  eael-post-grid-column eael-pg-post-6956 category-guate-nuestra\" data-id=\"6956\">\n        <div class=\"eael-grid-post-holder\">\n            <div class=\"eael-grid-post-holder-inner\"><div class=\"eael-entry-media\"><div class=\"eael-entry-overlay fade-in\"><i class=\"far fa-hand-pointer\" aria-hidden=\"true\"><\/i><a href=\"https:\/\/soymigrante.com\/revista\/cafe-de-guatemala-preguntas-y-respuestas\/\"><\/a><\/div><div class=\"eael-entry-thumbnail \">\n                <img loading=\"lazy\" decoding=\"async\" width=\"686\" height=\"686\" src=\"https:\/\/soymigrante.com\/revista\/wp-content\/uploads\/2024\/06\/cafe-de-guatemala-1.webp\" class=\"attachment-large size-large wp-image-28883\" alt=\"Granos de caf\u00e9 y una taza de caf\u00e9 negro en un fondo de tela tradicional mexicana, representando cultura y productividad en la gastronom\u00eda hispana.\" srcset=\"https:\/\/soymigrante.com\/revista\/wp-content\/uploads\/2024\/06\/cafe-de-guatemala-1.webp 686w, https:\/\/soymigrante.com\/revista\/wp-content\/uploads\/2024\/06\/cafe-de-guatemala-1-300x300.png 300w, https:\/\/soymigrante.com\/revista\/wp-content\/uploads\/2024\/06\/cafe-de-guatemala-1-150x150.png 150w, https:\/\/soymigrante.com\/revista\/wp-content\/uploads\/2024\/06\/cafe-de-guatemala-1-75x75.webp 75w\" sizes=\"(max-width: 686px) 100vw, 686px\" \/>\n            <\/div>\n        <\/div><div class=\"eael-entry-wrapper\"><header class=\"eael-entry-header\"><h2 class=\"eael-entry-title\"><a class=\"eael-grid-post-link\" href=\"https:\/\/soymigrante.com\/revista\/cafe-de-guatemala-preguntas-y-respuestas\/\" title=\"\u00bfPor qu\u00e9 el Cafe de Guatemala es tan famoso, exquisito y variado?\">\u00bfPor qu\u00e9 el Cafe de Guatemala es tan famoso, exquisito y variado?<\/a><\/h2><\/header><div class=\"eael-entry-content\">\n                        <div class=\"eael-grid-post-excerpt\"><a href=\"https:\/\/soymigrante.com\/revista\/cafe-de-guatemala-preguntas-y-respuestas\/\" class=\"eael-post-elements-readmore-btn\">CONOCE SU HISTORIA <\/a><\/div>\n                    <\/div><\/div><\/div>\n        <\/div>\n    <\/article><article class=\"eael-grid-post  eael-post-grid-column eael-pg-post-8160 category-guate-nuestra\" data-id=\"8160\">\n        <div class=\"eael-grid-post-holder\">\n            <div class=\"eael-grid-post-holder-inner\"><div class=\"eael-entry-media\"><div class=\"eael-entry-overlay fade-in\"><i class=\"far fa-hand-pointer\" aria-hidden=\"true\"><\/i><a href=\"https:\/\/soymigrante.com\/revista\/las-encomiendas-son-retacitos-de-guatemala-que-van-a-usa-sugerencias-para-envio\/\"><\/a><\/div><div class=\"eael-entry-thumbnail \">\n                <img loading=\"lazy\" decoding=\"async\" width=\"672\" height=\"672\" src=\"https:\/\/soymigrante.com\/revista\/wp-content\/uploads\/2024\/08\/encomiendas.webp\" class=\"attachment-large size-large wp-image-8244\" alt=\"Emprendedor preparando entrega de productos en un taller de empaquetado artesanal.\" srcset=\"https:\/\/soymigrante.com\/revista\/wp-content\/uploads\/2024\/08\/encomiendas.webp 672w, https:\/\/soymigrante.com\/revista\/wp-content\/uploads\/2024\/08\/encomiendas-300x300.webp 300w, https:\/\/soymigrante.com\/revista\/wp-content\/uploads\/2024\/08\/encomiendas-150x150.webp 150w, https:\/\/soymigrante.com\/revista\/wp-content\/uploads\/2024\/08\/encomiendas-75x75.webp 75w\" sizes=\"(max-width: 672px) 100vw, 672px\" \/>\n            <\/div>\n        <\/div><div class=\"eael-entry-wrapper\"><header class=\"eael-entry-header\"><h2 class=\"eael-entry-title\"><a class=\"eael-grid-post-link\" href=\"https:\/\/soymigrante.com\/revista\/las-encomiendas-son-retacitos-de-guatemala-que-van-a-usa-sugerencias-para-envio\/\" title=\"Las encomiendas son retacitos de Guatemala que van a USA: sugerencias para env\u00edo\">Las encomiendas son retacitos de Guatemala que van a USA: sugerencias para env\u00edo<\/a><\/h2><\/header><div class=\"eael-entry-content\">\n                        <div class=\"eael-grid-post-excerpt\"><a href=\"https:\/\/soymigrante.com\/revista\/las-encomiendas-son-retacitos-de-guatemala-que-van-a-usa-sugerencias-para-envio\/\" class=\"eael-post-elements-readmore-btn\">CONOCE SU HISTORIA <\/a><\/div>\n                    <\/div><\/div><\/div>\n        <\/div>\n    <\/article><article class=\"eael-grid-post  eael-post-grid-column eael-pg-post-383 category-guate-nuestra\" data-id=\"383\">\n        <div class=\"eael-grid-post-holder\">\n            <div class=\"eael-grid-post-holder-inner\"><div class=\"eael-entry-media\"><div class=\"eael-entry-overlay fade-in\"><i class=\"far fa-hand-pointer\" aria-hidden=\"true\"><\/i><a href=\"https:\/\/soymigrante.com\/revista\/los-mas-famosos-anfitriones-de-antigua-guatemala-uno-tranquilo-y-el-otro-impredecible\/\"><\/a><\/div><div class=\"eael-entry-thumbnail \">\n                <img loading=\"lazy\" decoding=\"async\" width=\"1024\" height=\"629\" src=\"https:\/\/soymigrante.com\/revista\/wp-content\/uploads\/2024\/02\/Captura-de-pantalla-2024-02-24-231728-1024x629.webp\" class=\"attachment-large size-large wp-image-5040\" alt=\"Vplc\u00e1n de Agua en primer plano y a la derecha, el volc\u00e1n de Fuego, desde Antigua Guatemala.\" srcset=\"https:\/\/soymigrante.com\/revista\/wp-content\/uploads\/2024\/02\/Captura-de-pantalla-2024-02-24-231728-1024x629.webp 1024w, https:\/\/soymigrante.com\/revista\/wp-content\/uploads\/2024\/02\/Captura-de-pantalla-2024-02-24-231728-300x184.webp 300w, https:\/\/soymigrante.com\/revista\/wp-content\/uploads\/2024\/02\/Captura-de-pantalla-2024-02-24-231728-768x472.webp 768w, https:\/\/soymigrante.com\/revista\/wp-content\/uploads\/2024\/02\/Captura-de-pantalla-2024-02-24-231728-750x461.webp 750w, https:\/\/soymigrante.com\/revista\/wp-content\/uploads\/2024\/02\/Captura-de-pantalla-2024-02-24-231728-1140x700.webp 1140w, https:\/\/soymigrante.com\/revista\/wp-content\/uploads\/2024\/02\/Captura-de-pantalla-2024-02-24-231728.webp 1216w\" sizes=\"(max-width: 1024px) 100vw, 1024px\" \/>\n            <\/div>\n        <\/div><div class=\"eael-entry-wrapper\"><header class=\"eael-entry-header\"><h2 class=\"eael-entry-title\"><a class=\"eael-grid-post-link\" href=\"https:\/\/soymigrante.com\/revista\/los-mas-famosos-anfitriones-de-antigua-guatemala-uno-tranquilo-y-el-otro-impredecible\/\" title=\"Los m\u00e1s famosos anfitriones de Antigua Guatemala: volc\u00e1n de Agua y volc\u00e1n de Fuego\">Los m\u00e1s famosos anfitriones de Antigua Guatemala: volc\u00e1n de Agua y volc\u00e1n de Fuego<\/a><\/h2><\/header><div class=\"eael-entry-content\">\n                        <div class=\"eael-grid-post-excerpt\"><a href=\"https:\/\/soymigrante.com\/revista\/los-mas-famosos-anfitriones-de-antigua-guatemala-uno-tranquilo-y-el-otro-impredecible\/\" class=\"eael-post-elements-readmore-btn\">CONOCE SU HISTORIA <\/a><\/div>\n                    <\/div><\/div><\/div>\n        <\/div>\n    <\/article><\/div>\n            <div class=\"clearfix\"><\/div>\n        <\/div>\t\t\t\t<\/div>\n\t\t\t\t\t<\/div>\n\t\t\t\t<\/div>\n\t\t\t\t<\/div>\n\t\t","protected":false},"excerpt":{"rendered":"<p>Los regalos de Navidad son un reto pero esta vez te traemos 11 ideas que puedes comprar f\u00e1cil y a buen precio en SoyMigrante.com MERCADO y sorprender a tu familia. Si comienzas a sentirte estresado por no saber qu\u00e9 regalar en esta Navidad te compartimos 11 ideas y lo mejor es que son presentes hechos [&hellip;]<\/p>\n","protected":false},"author":1,"featured_media":50005,"comment_status":"open","ping_status":"open","sticky":false,"template":"","format":"standard","meta":{"_acf_changed":false,"_eb_attr":"","footnotes":""},"categories":[58],"tags":[],"class_list":["post-14362","post","type-post","status-publish","format-standard","has-post-thumbnail","hentry","category-guate-nuestra"],"acf":[],"aioseo_notices":[],"aioseo_head":"\n\t\t<!-- All in One SEO Pro 4.9.6.2 - aioseo.com -->\n\t<meta name=\"description\" content=\"La presencia de los volcanes de Agua y Fuego marca el paisaje guatemalteco de manera \u00fanica e impresionante. Los nombres de dos elementos opuestos lo dice todo y el reciente incendio contrapuso significados. Volc\u00e1n de Agua Desde las referencias prehisp\u00e1nicas ten\u00edan hombres opuestos en antiguo mayak kaqchikel: Hun Ajp\u00fa, el de \u201cAgua\u201d y Chi Kaak,\" \/>\n\t<meta name=\"robots\" content=\"max-snippet:-1, max-image-preview:large, max-video-preview:-1\" \/>\n\t<meta name=\"author\" content=\"Gustavo Montenegro\"\/>\n\t<link rel=\"canonical\" href=\"https:\/\/soymigrante.com\/revista\/los-mas-famosos-anfitriones-de-antigua-guatemala-uno-tranquilo-y-el-otro-impredecible\/\" \/>\n\t<meta name=\"generator\" content=\"All in One SEO Pro (AIOSEO) 4.9.6.2\" \/>\n\n\t\t<link rel=\"preconnect\" href=\"https:\/\/fonts.googleapis.com\" crossorigin>\n<link rel=\"preconnect\" href=\"https:\/\/fonts.gstatic.com\" crossorigin>\n\t\t<meta property=\"og:locale\" content=\"es_ES\" \/>\n\t\t<meta property=\"og:site_name\" content=\"SoyMigrante.com REVISTA \u2013 Nuestra misi\u00f3n es reconocer y dignificar al migrante.\" \/>\n\t\t<meta property=\"og:type\" content=\"article\" \/>\n\t\t<meta property=\"og:title\" content=\"Los m\u00e1s famosos anfitriones de Antigua Guatemala: volc\u00e1n de Agua y volc\u00e1n de Fuego\" \/>\n\t\t<meta property=\"og:description\" content=\"La presencia de los volcanes de Agua y Fuego marca el paisaje guatemalteco de manera \u00fanica e impresionante. Los nombres de dos elementos opuestos lo dice todo y el reciente incendio contrapuso significados. Volc\u00e1n de Agua Desde las referencias prehisp\u00e1nicas ten\u00edan hombres opuestos en antiguo mayak kaqchikel: Hun Ajp\u00fa, el de \u201cAgua\u201d y Chi Kaak,\" \/>\n\t\t<meta property=\"og:url\" content=\"https:\/\/soymigrante.com\/revista\/los-mas-famosos-anfitriones-de-antigua-guatemala-uno-tranquilo-y-el-otro-impredecible\/\" \/>\n\t\t<meta property=\"og:image\" content=\"https:\/\/soymigrante.com\/revista\/wp-content\/uploads\/2024\/02\/Captura-de-pantalla-2024-02-24-231728.webp\" \/>\n\t\t<meta property=\"og:image:secure_url\" content=\"https:\/\/soymigrante.com\/revista\/wp-content\/uploads\/2024\/02\/Captura-de-pantalla-2024-02-24-231728.webp\" \/>\n\t\t<meta property=\"og:image:width\" content=\"1216\" \/>\n\t\t<meta property=\"og:image:height\" content=\"747\" \/>\n\t\t<meta property=\"article:published_time\" content=\"2024-02-25T05:37:00+00:00\" \/>\n\t\t<meta property=\"article:modified_time\" content=\"2024-02-25T05:50:50+00:00\" \/>\n\t\t<meta property=\"article:publisher\" content=\"https:\/\/www.facebook.com\/soymigrantecom\" \/>\n\t\t<meta name=\"twitter:card\" content=\"summary_large_image\" \/>\n\t\t<meta name=\"twitter:site\" content=\"@SoyMigrante_com\" \/>\n\t\t<meta name=\"twitter:title\" content=\"Los m\u00e1s famosos anfitriones de Antigua Guatemala: volc\u00e1n de Agua y volc\u00e1n de Fuego\" \/>\n\t\t<meta name=\"twitter:description\" content=\"La presencia de los volcanes de Agua y Fuego marca el paisaje guatemalteco de manera \u00fanica e impresionante. Los nombres de dos elementos opuestos lo dice todo y el reciente incendio contrapuso significados. Volc\u00e1n de Agua Desde las referencias prehisp\u00e1nicas ten\u00edan hombres opuestos en antiguo mayak kaqchikel: Hun Ajp\u00fa, el de \u201cAgua\u201d y Chi Kaak,\" \/>\n\t\t<meta name=\"twitter:creator\" content=\"@SoyMigrante_com\" \/>\n\t\t<meta name=\"twitter:image\" content=\"https:\/\/soymigrante.com\/revista\/wp-content\/uploads\/2024\/02\/Captura-de-pantalla-2024-02-24-231728.webp\" \/>\n\t\t<!-- All in One SEO Pro -->\r\n\t\t<title>Los m\u00e1s famosos anfitriones de Antigua Guatemala: volc\u00e1n de Agua y volc\u00e1n de Fuego<\/title>\n\n","aioseo_head_json":{"title":"Los m\u00e1s famosos anfitriones de Antigua Guatemala: volc\u00e1n de Agua y volc\u00e1n de Fuego","description":"La presencia de los volcanes de Agua y Fuego marca el paisaje guatemalteco de manera \u00fanica e impresionante. Los nombres de dos elementos opuestos lo dice todo y el reciente incendio contrapuso significados. Volc\u00e1n de Agua Desde las referencias prehisp\u00e1nicas ten\u00edan hombres opuestos en antiguo mayak kaqchikel: Hun Ajp\u00fa, el de \u201cAgua\u201d y Chi Kaak,","canonical_url":"https:\/\/soymigrante.com\/revista\/los-mas-famosos-anfitriones-de-antigua-guatemala-uno-tranquilo-y-el-otro-impredecible\/","robots":"max-snippet:-1, max-image-preview:large, max-video-preview:-1","keywords":"","webmasterTools":{"miscellaneous":"&lt;link rel=\"preconnect\" href=\"https:\/\/fonts.googleapis.com\" crossorigin&gt;\n&lt;link rel=\"preconnect\" href=\"https:\/\/fonts.gstatic.com\" crossorigin&gt;"},"schema":null,"og:locale":"es_ES","og:site_name":"SoyMigrante.com REVISTA \u2013 Nuestra misi\u00f3n es reconocer y dignificar al migrante.","og:type":"article","og:title":"Los m\u00e1s famosos anfitriones de Antigua Guatemala: volc\u00e1n de Agua y volc\u00e1n de Fuego","og:description":"La presencia de los volcanes de Agua y Fuego marca el paisaje guatemalteco de manera \u00fanica e impresionante. Los nombres de dos elementos opuestos lo dice todo y el reciente incendio contrapuso significados. Volc\u00e1n de Agua Desde las referencias prehisp\u00e1nicas ten\u00edan hombres opuestos en antiguo mayak kaqchikel: Hun Ajp\u00fa, el de \u201cAgua\u201d y Chi Kaak,","og:url":"https:\/\/soymigrante.com\/revista\/los-mas-famosos-anfitriones-de-antigua-guatemala-uno-tranquilo-y-el-otro-impredecible\/","og:image":"https:\/\/soymigrante.com\/revista\/wp-content\/uploads\/2024\/02\/Captura-de-pantalla-2024-02-24-231728.webp","og:image:secure_url":"https:\/\/soymigrante.com\/revista\/wp-content\/uploads\/2024\/02\/Captura-de-pantalla-2024-02-24-231728.webp","og:image:width":1216,"og:image:height":747,"article:published_time":"2024-02-25T05:37:00+00:00","article:modified_time":"2024-02-25T05:50:50+00:00","article:publisher":"https:\/\/www.facebook.com\/soymigrantecom","twitter:card":"summary_large_image","twitter:site":"@SoyMigrante_com","twitter:title":"Los m\u00e1s famosos anfitriones de Antigua Guatemala: volc\u00e1n de Agua y volc\u00e1n de Fuego","twitter:description":"La presencia de los volcanes de Agua y Fuego marca el paisaje guatemalteco de manera \u00fanica e impresionante. Los nombres de dos elementos opuestos lo dice todo y el reciente incendio contrapuso significados. Volc\u00e1n de Agua Desde las referencias prehisp\u00e1nicas ten\u00edan hombres opuestos en antiguo mayak kaqchikel: Hun Ajp\u00fa, el de \u201cAgua\u201d y Chi Kaak,","twitter:creator":"@SoyMigrante_com","twitter:image":"https:\/\/soymigrante.com\/revista\/wp-content\/uploads\/2024\/02\/Captura-de-pantalla-2024-02-24-231728.webp"},"aioseo_meta_data":{"post_id":"14362","title":"11 regalos \u00fanicos para Navidad hechos a mano en Guatemala","description":"Quiz\u00e1 una de estas 11 opciones sea ese detalle que buscas para obsequiar en fin de a\u00f1o. Est\u00e1n disponibles en SoyMigrante.com MERCADO. Mira, elige y sorprende.","keywords":null,"keyphrases":{"focus":{"keyphrase":"Regalos","score":51,"analysis":{"keyphraseInTitle":{"score":9,"maxScore":9,"error":0},"keyphraseInDescription":{"score":3,"maxScore":9,"error":1},"keyphraseLength":{"score":9,"maxScore":9,"error":0,"length":1},"keyphraseInURL":{"score":5,"maxScore":5,"error":0},"keyphraseInIntroduction":{"score":3,"maxScore":9,"error":1},"keyphraseInSubHeadings":{"score":3,"maxScore":9,"error":1},"keyphraseInImageAlt":{"score":3,"maxScore":9,"error":1},"keywordDensity":{"score":0,"type":"low","maxScore":9,"error":1}}},"additional":[{"keyphrase":"Navidad","score":53,"analysis":{"keyphraseInDescription":{"score":3,"maxScore":9,"error":1},"keyphraseLength":{"score":9,"maxScore":9,"error":0,"length":1},"keyphraseInIntroduction":{"score":9,"maxScore":9,"error":0},"keyphraseInImageAlt":{"score":3,"maxScore":9,"error":1},"keywordDensity":{"score":0,"type":"low","maxScore":9,"error":1}}},{"keyphrase":"regalos guatemaltecos","score":40,"analysis":{"keyphraseInDescription":{"score":3,"maxScore":9,"error":1},"keyphraseLength":{"score":9,"maxScore":9,"error":0,"length":2},"keyphraseInIntroduction":{"score":3,"maxScore":9,"error":1},"keyphraseInImageAlt":{"score":3,"maxScore":9,"error":1},"keywordDensity":{"score":0,"type":"low","maxScore":9,"error":1}}},{"keyphrase":"soy migrante","score":53,"analysis":{"keyphraseInDescription":{"score":3,"maxScore":9,"error":1},"keyphraseLength":{"score":9,"maxScore":9,"error":0,"length":2},"keyphraseInIntroduction":{"score":3,"maxScore":9,"error":1},"keyphraseInImageAlt":{"score":9,"maxScore":9,"error":0},"keywordDensity":{"score":0,"type":"low","maxScore":9,"error":1}}},{"keyphrase":"MERCADO","score":67,"analysis":{"keyphraseInDescription":{"score":9,"maxScore":9,"error":0},"keyphraseLength":{"score":9,"maxScore":9,"error":0,"length":1},"keyphraseInIntroduction":{"score":9,"maxScore":9,"error":0},"keyphraseInImageAlt":{"score":3,"maxScore":9,"error":1},"keywordDensity":{"score":0,"type":"low","maxScore":9,"error":1}}},{"keyphrase":"Guatemala","score":53,"analysis":{"keyphraseInDescription":{"score":3,"maxScore":9,"error":1},"keyphraseLength":{"score":9,"maxScore":9,"error":0,"length":1},"keyphraseInIntroduction":{"score":3,"maxScore":9,"error":1},"keyphraseInImageAlt":{"score":9,"maxScore":9,"error":0},"keywordDensity":{"score":0,"type":"low","maxScore":9,"error":1}}},{"keyphrase":"regalos hechos a mano","score":40,"analysis":{"keyphraseInDescription":{"score":3,"maxScore":9,"error":1},"keyphraseLength":{"score":9,"maxScore":9,"error":0,"length":4},"keyphraseInIntroduction":{"score":3,"maxScore":9,"error":1},"keyphraseInImageAlt":{"score":3,"maxScore":9,"error":1},"keywordDensity":{"score":0,"type":"low","maxScore":9,"error":1}}}]},"primary_term":null,"canonical_url":null,"og_title":null,"og_description":null,"og_object_type":"default","og_image_type":"default","og_image_url":null,"og_image_width":null,"og_image_height":null,"og_image_custom_url":null,"og_image_custom_fields":null,"og_video":"","og_custom_url":null,"og_article_section":null,"og_article_tags":null,"twitter_use_og":false,"twitter_card":"default","twitter_image_type":"default","twitter_image_url":null,"twitter_image_custom_url":null,"twitter_image_custom_fields":null,"twitter_title":null,"twitter_description":null,"schema":{"blockGraphs":[],"customGraphs":[],"default":{"data":{"Article":[],"Course":[],"Dataset":[],"FAQPage":[],"Movie":[],"Person":[],"Product":[],"ProductReview":[],"Car":[],"Recipe":[],"Service":[],"SoftwareApplication":[],"WebPage":[]},"graphName":"NewsArticle","isEnabled":true},"graphs":[]},"schema_type":"default","schema_type_options":null,"pillar_content":false,"robots_default":true,"robots_noindex":false,"robots_noarchive":false,"robots_nosnippet":false,"robots_nofollow":false,"robots_noimageindex":false,"robots_noodp":false,"robots_notranslate":false,"robots_max_snippet":"-1","robots_max_videopreview":"-1","robots_max_imagepreview":"large","priority":null,"frequency":"default","local_seo":null,"seo_analyzer_scan_date":"2025-12-22 20:41:17","breadcrumb_settings":null,"limit_modified_date":false,"reviewed_by":"0","open_ai":"{\"title\":{\"suggestions\":[],\"usage\":0},\"description\":{\"suggestions\":[],\"usage\":0}}","ai":{"faqs":[],"keyPoints":[],"titles":[],"descriptions":[],"socialPosts":{"email":[],"linkedin":[],"twitter":[],"facebook":[],"instagram":[]}},"created":"2024-11-25 21:38:05","updated":"2026-02-05 08:01:43"},"aioseo_breadcrumb":"<div class=\"aioseo-breadcrumbs\"><span class=\"aioseo-breadcrumb\">\n\t<a href=\"https:\/\/soymigrante.com\/revista\" title=\"Home\">Home<\/a>\n<\/span><span class=\"aioseo-breadcrumb-separator\">\u00bb<\/span><span class=\"aioseo-breadcrumb\">\n\t<a href=\"https:\/\/soymigrante.com\/revista\/category\/guate-nuestra\/\" title=\"Guate Nuestra\">Guate Nuestra<\/a>\n<\/span><span class=\"aioseo-breadcrumb-separator\">\u00bb<\/span><span class=\"aioseo-breadcrumb\">\n\t11 regalos \u00fanicos, hechos por manos guatemaltecas, para obsequiar en Navidad\n<\/span><\/div>","aioseo_breadcrumb_json":[{"label":"Home","link":"https:\/\/soymigrante.com\/revista"},{"label":"Guate Nuestra","link":"https:\/\/soymigrante.com\/revista\/category\/guate-nuestra\/"},{"label":"11 regalos \u00fanicos, hechos por manos guatemaltecas, para obsequiar en Navidad","link":"https:\/\/soymigrante.com\/revista\/regalos-unicos-para-navidad-hechos-a-mano-en-guatemala\/"}],"_links":{"self":[{"href":"https:\/\/soymigrante.com\/revista\/wp-json\/wp\/v2\/posts\/14362","targetHints":{"allow":["GET"]}}],"collection":[{"href":"https:\/\/soymigrante.com\/revista\/wp-json\/wp\/v2\/posts"}],"about":[{"href":"https:\/\/soymigrante.com\/revista\/wp-json\/wp\/v2\/types\/post"}],"author":[{"embeddable":true,"href":"https:\/\/soymigrante.com\/revista\/wp-json\/wp\/v2\/users\/1"}],"replies":[{"embeddable":true,"href":"https:\/\/soymigrante.com\/revista\/wp-json\/wp\/v2\/comments?post=14362"}],"version-history":[{"count":8,"href":"https:\/\/soymigrante.com\/revista\/wp-json\/wp\/v2\/posts\/14362\/revisions"}],"predecessor-version":[{"id":50008,"href":"https:\/\/soymigrante.com\/revista\/wp-json\/wp\/v2\/posts\/14362\/revisions\/50008"}],"wp:featuredmedia":[{"embeddable":true,"href":"https:\/\/soymigrante.com\/revista\/wp-json\/wp\/v2\/media\/50005"}],"wp:attachment":[{"href":"https:\/\/soymigrante.com\/revista\/wp-json\/wp\/v2\/media?parent=14362"}],"wp:term":[{"taxonomy":"category","embeddable":true,"href":"https:\/\/soymigrante.com\/revista\/wp-json\/wp\/v2\/categories?post=14362"},{"taxonomy":"post_tag","embeddable":true,"href":"https:\/\/soymigrante.com\/revista\/wp-json\/wp\/v2\/tags?post=14362"}],"curies":[{"name":"wp","href":"https:\/\/api.w.org\/{rel}","templated":true}]}}