{"id":14276,"date":"2024-11-25T11:06:28","date_gmt":"2024-11-25T17:06:28","guid":{"rendered":"https:\/\/soymigrante.com\/revista\/?p=14276"},"modified":"2024-11-28T14:17:57","modified_gmt":"2024-11-28T20:17:57","slug":"clinica-la-montana-de-colomba-costa-cuca-ofrece-capsulas-y-terapias-naturistas","status":"publish","type":"post","link":"https:\/\/soymigrante.com\/revista\/clinica-la-montana-de-colomba-costa-cuca-ofrece-capsulas-y-terapias-naturistas\/","title":{"rendered":"Danny S\u00e1nchez Mach\u00e1 ofrece productos del Centro Naturista de la Monta\u00f1a, desde Colomba Costa Cuca"},"content":{"rendered":"\t\t<div data-elementor-type=\"wp-post\" data-elementor-id=\"14276\" class=\"elementor elementor-14276\" data-elementor-post-type=\"post\">\n\t\t\t\t<div data-particle_enable=\"false\" data-particle-mobile-disabled=\"false\" class=\"elementor-element elementor-element-d641e05 e-flex e-con-boxed e-con e-parent\" data-id=\"d641e05\" data-element_type=\"container\" data-e-type=\"container\">\n\t\t\t\t\t<div class=\"e-con-inner\">\n\t\t\t\t<div class=\"elementor-element elementor-element-8d1de29 elementor-widget elementor-widget-heading\" data-id=\"8d1de29\" data-element_type=\"widget\" data-e-type=\"widget\" data-widget_type=\"heading.default\">\n\t\t\t\t\t<h2 class=\"elementor-heading-title elementor-size-default\">Antes de ser natur\u00f3pata, Danny S\u00e1nchez Mach\u00e1, originario de Colomba, Quetzaltenango fue migrante en San Francisco, EE.UU.. En la distancia empez\u00f3 a valorar tantas cosas, incluyendo la naturaleza. As\u00ed surgi\u00f3 el sue\u00f1o de Centro de Medicina Alternativa de La Monta\u00f1a que ahora est\u00e1 en SoyMigrante.com MERCADO.<\/h2>\t\t\t\t<\/div>\n\t\t\t\t\t<\/div>\n\t\t\t\t<\/div>\n\t\t<div data-particle_enable=\"false\" data-particle-mobile-disabled=\"false\" class=\"elementor-element elementor-element-234605c e-flex e-con-boxed e-con e-parent\" data-id=\"234605c\" data-element_type=\"container\" data-e-type=\"container\">\n\t\t\t\t\t<div class=\"e-con-inner\">\n\t\t\t\t<div class=\"elementor-element elementor-element-4f678e4 elementor-widget elementor-widget-text-editor\" data-id=\"4f678e4\" data-element_type=\"widget\" data-e-type=\"widget\" data-widget_type=\"text-editor.default\">\n\t\t\t\t\t\t\t\t\t<p>Empecemos por el gran sue\u00f1o futuro de Danny Alexis S\u00e1nchez Mach\u00e1: convertir su casa y terreno en un centro de hu\u00e9spedes en busca de descanso y terapias natur\u00f3patas: infusiones, c\u00e1psulas con hierbas pulverizadas, inmersi\u00f3n en ba\u00f1os con plantas arom\u00e1ticas, un sauna (que ya construy\u00f3 y funciona), caminatas por el exhuberante bosque del <a href=\"https:\/\/soymigrante.com\/mercado\/marketplace\/seller\/profile\/centro-de-medicina?srsltid=AfmBOopSaQ6UL7L05v-x0HB1XrQ9kSfrlSwNssA_UClc9szLNj7o2tgY\">centro de medicina alternativa de La Monta\u00f1a,<\/a> en Colomba Costa Cuca, Quetzaltenango.&nbsp;<span style=\"color: var( --e-global-color-text ); text-align: var(--text-align);\">Actualmente distribuye tratamientos naturales en su sede, pero tambi\u00e9n hace env\u00edos a toda Guatemala y a EE.UU.&nbsp;&nbsp;<\/span><\/p>\n<p><span style=\"color: var( --e-global-color-text ); text-align: var(--text-align);\">Danny fue uno de los primeros 100 emprendedores en abrir su tienda digital en <a href=\"https:\/\/soymigrante.com\/mercado\/\">SoyMigrante.com MERCADO<\/a> la comunidad en l\u00ednea creada para que emprendedores y compradores guatemaltecos se encuentren: un proyecto activo, proactivo e innovador para peque\u00f1os negocios y creadores de productos elaborados a mano, detr\u00e1s de los cuales siempre hay una historia. Y esta es la historia de c\u00f3mo naci\u00f3 el <a href=\"https:\/\/soymigrante.com\/mercado\/marketplace\/seller\/profile\/centro-de-medicina?srsltid=AfmBOopSaQ6UL7L05v-x0HB1XrQ9kSfrlSwNssA_UClc9szLNj7o2tgY\">emprendimiento De La Monta\u00f1a<\/a> de Daniel S\u00e1nchez.<\/span><\/p>\t\t\t\t\t\t\t\t<\/div>\n\t\t\t\t\t<\/div>\n\t\t\t\t<\/div>\n\t\t<div data-particle_enable=\"false\" data-particle-mobile-disabled=\"false\" class=\"elementor-element elementor-element-864b476 e-flex e-con-boxed e-con e-parent\" data-id=\"864b476\" data-element_type=\"container\" data-e-type=\"container\">\n\t\t\t\t\t<div class=\"e-con-inner\">\n\t\t\t\t<div class=\"elementor-element elementor-element-3ad112d elementor-widget elementor-widget-image\" data-id=\"3ad112d\" data-element_type=\"widget\" data-e-type=\"widget\" data-widget_type=\"image.default\">\n\t\t\t\t\t\t\t\t\t\t\t\t<figure class=\"wp-caption\">\n\t\t\t\t\t\t\t\t\t\t\t<a href=\"https:\/\/soymigrante.com\/mercado\/marketplace\/seller\/profile\/centro-de-medicina?srsltid=AfmBOopSaQ6UL7L05v-x0HB1XrQ9kSfrlSwNssA_UClc9szLNj7o2tgY\">\n\t\t\t\t\t\t\t<img fetchpriority=\"high\" decoding=\"async\" width=\"768\" height=\"311\" src=\"https:\/\/soymigrante.com\/revista\/wp-content\/uploads\/2024\/11\/centro-la-montana-1024x414.jpg\" class=\"attachment-large size-large wp-image-14281\" alt=\"Centro de medicina natural de La Monta\u00f1a Guatemala, salud alternativa, terapia natural, cl\u00ednica naturista, cuidado de la salud, medicina tradicional, bienestar natural, tratamientos naturales Guatemala.\" srcset=\"https:\/\/soymigrante.com\/revista\/wp-content\/uploads\/2024\/11\/centro-la-montana-1024x414.jpg 1024w, https:\/\/soymigrante.com\/revista\/wp-content\/uploads\/2024\/11\/centro-la-montana-300x121.jpg 300w, https:\/\/soymigrante.com\/revista\/wp-content\/uploads\/2024\/11\/centro-la-montana-768x310.jpg 768w, https:\/\/soymigrante.com\/revista\/wp-content\/uploads\/2024\/11\/centro-la-montana-1536x621.jpg 1536w, https:\/\/soymigrante.com\/revista\/wp-content\/uploads\/2024\/11\/centro-la-montana-750x303.webp 750w, https:\/\/soymigrante.com\/revista\/wp-content\/uploads\/2024\/11\/centro-la-montana-1140x461.webp 1140w, https:\/\/soymigrante.com\/revista\/wp-content\/uploads\/2024\/11\/centro-la-montana.webp 1826w\" sizes=\"(max-width: 768px) 100vw, 768px\" title=\"En su tienda digital de SoyMigrante.com MERCADO, Daniel S\u00e1nchez, de Centro Naturista La Monta\u00f1a ofrece c\u00e1psulas de hierbas naturales para dar un abordaje alternativo a ciertos s\u00edntomas. \u2013 SoyMigrante.com REVISTA\" \/>\t\t\t\t\t\t\t\t<\/a>\n\t\t\t\t\t\t\t\t\t\t\t<figcaption class=\"widget-image-caption wp-caption-text\">En su tienda digital de SoyMigrante.com MERCADO, Daniel S\u00e1nchez, de Centro Naturista La Monta\u00f1a ofrece c\u00e1psulas de hierbas naturales para dar un abordaje alternativo a ciertos s\u00edntomas.<\/figcaption>\n\t\t\t\t\t\t\t\t\t\t<\/figure>\n\t\t\t\t\t\t\t\t\t<\/div>\n\t\t\t\t\t<\/div>\n\t\t\t\t<\/div>\n\t\t<div data-particle_enable=\"false\" data-particle-mobile-disabled=\"false\" class=\"elementor-element elementor-element-836f1b8 e-flex e-con-boxed e-con e-parent\" data-id=\"836f1b8\" data-element_type=\"container\" data-e-type=\"container\">\n\t\t\t\t\t<div class=\"e-con-inner\">\n\t\t\t\t<div class=\"elementor-element elementor-element-e7b282f elementor-widget elementor-widget-heading\" data-id=\"e7b282f\" data-element_type=\"widget\" data-e-type=\"widget\" data-widget_type=\"heading.default\">\n\t\t\t\t\t<h3 class=\"elementor-heading-title elementor-size-default\">Fue migrante y as\u00ed descubri\u00f3 la medicina natural<\/h3>\t\t\t\t<\/div>\n\t\t\t\t\t<\/div>\n\t\t\t\t<\/div>\n\t\t<div data-particle_enable=\"false\" data-particle-mobile-disabled=\"false\" class=\"elementor-element elementor-element-42fcd65 e-flex e-con-boxed e-con e-parent\" data-id=\"42fcd65\" data-element_type=\"container\" data-e-type=\"container\">\n\t\t\t\t\t<div class=\"e-con-inner\">\n\t\t\t\t<div class=\"elementor-element elementor-element-24b4e73 elementor-widget elementor-widget-text-editor\" data-id=\"24b4e73\" data-element_type=\"widget\" data-e-type=\"widget\" data-widget_type=\"text-editor.default\">\n\t\t\t\t\t\t\t\t\t<p><span style=\"color: var( --e-global-color-text ); text-align: var(--text-align);\">Danny Alexis S\u00e1nchez Mach\u00e1 creci\u00f3 rodeado de naturaleza, aunque no necesariamente en contemplaci\u00f3n sino trabajando junto a su familia en el corte de caf\u00e9.\u00a0<\/span><span style=\"color: var( --e-global-color-text ); text-align: var(--text-align);\">&#8220;Nosotros vivimos en la comunidad agraria Las Mercedes, Colomba Costa Cuca, Quetzaltenango. Mis pap\u00e1s nos llevaban a cortar caf\u00e9, pero tambi\u00e9n me enviaron a la escuela. Mi pap\u00e1 migraba por tiempos a Estados Unidos pero regresaba cada a\u00f1o&#8221;, relata Danny.<\/span><\/p><p><span style=\"color: var( --e-global-color-text ); text-align: var(--text-align);\">Hacia el a\u00f1o 2000 la situaci\u00f3n econ\u00f3mica se hizo dif\u00edcil, cayeron los precios del caf\u00e9, no hab\u00eda empleo y Danny migr\u00f3 a EE.UU. En ese tiempo era Bachiller en Ciencias, anhelaba estudiar Derecho pero no fue posible.<\/span><\/p><p>&#8220;Trabaj\u00e9 como electricista. Estuve ocho a\u00f1os en San Francisco, California. Estudi\u00e9 esa carrera en el College, as\u00ed que fui certificado&#8221;.\u00a0<\/p><p>En California hizo amistad con migrantes mexicanos que en la \u00e9poca de fr\u00edo tomaban unas c\u00e1psulas naturales para fortalecer sus defensas. &#8220;Yo les pregunt\u00e9 de d\u00f3nde sacaban aquel conocimiento y ellos me dijeron: los tratamientos naturales se pueden estudiar, ayudan a prevenir enfermedades&#8221;.<\/p>\t\t\t\t\t\t\t\t<\/div>\n\t\t\t\t\t<\/div>\n\t\t\t\t<\/div>\n\t\t<div data-particle_enable=\"false\" data-particle-mobile-disabled=\"false\" class=\"elementor-element elementor-element-e577c89 e-flex e-con-boxed e-con e-parent\" data-id=\"e577c89\" data-element_type=\"container\" data-e-type=\"container\">\n\t\t\t\t\t<div class=\"e-con-inner\">\n\t\t\t\t<div class=\"elementor-element elementor-element-a11dea9 elementor-widget elementor-widget-image\" data-id=\"a11dea9\" data-element_type=\"widget\" data-e-type=\"widget\" data-widget_type=\"image.default\">\n\t\t\t\t\t\t\t\t\t\t\t\t<figure class=\"wp-caption\">\n\t\t\t\t\t\t\t\t\t\t<img decoding=\"async\" width=\"768\" height=\"576\" src=\"https:\/\/soymigrante.com\/revista\/wp-content\/uploads\/2024\/11\/centro-la-montana-genova-costa-cuca-3-1024x768.jpg\" class=\"attachment-large size-large wp-image-14285\" alt=\"Cumbre de volcan activo en un paisaje natural con \u00e1rboles verdes y cielo despejado, reflejando la belleza natural y geol\u00f3gica de Guatemala.\" srcset=\"https:\/\/soymigrante.com\/revista\/wp-content\/uploads\/2024\/11\/centro-la-montana-genova-costa-cuca-3-1024x768.jpg 1024w, https:\/\/soymigrante.com\/revista\/wp-content\/uploads\/2024\/11\/centro-la-montana-genova-costa-cuca-3-300x225.jpg 300w, https:\/\/soymigrante.com\/revista\/wp-content\/uploads\/2024\/11\/centro-la-montana-genova-costa-cuca-3-768x576.jpg 768w, https:\/\/soymigrante.com\/revista\/wp-content\/uploads\/2024\/11\/centro-la-montana-genova-costa-cuca-3-1536x1152.jpg 1536w, https:\/\/soymigrante.com\/revista\/wp-content\/uploads\/2024\/11\/centro-la-montana-genova-costa-cuca-3-750x563.webp 750w, https:\/\/soymigrante.com\/revista\/wp-content\/uploads\/2024\/11\/centro-la-montana-genova-costa-cuca-3-1140x855.webp 1140w, https:\/\/soymigrante.com\/revista\/wp-content\/uploads\/2024\/11\/centro-la-montana-genova-costa-cuca-3.webp 1920w\" sizes=\"(max-width: 768px) 100vw, 768px\" title=\"La naturaleza es poderosa, dice Danny S\u00e1nchez y para comprobarlo basta ver el volc\u00e1n Santa Mar\u00eda y el Santiaguito. \u2013 SoyMigrante.com REVISTA\" \/>\t\t\t\t\t\t\t\t\t\t\t<figcaption class=\"widget-image-caption wp-caption-text\">Paisaje con volc\u00e1n en erupci\u00f3n y vegetaci\u00f3n exuberante, destacando la geograf\u00eda y naturaleza en Guatemala para contenido tur\u00edstico y geol\u00f3gico.<\/figcaption>\n\t\t\t\t\t\t\t\t\t\t<\/figure>\n\t\t\t\t\t\t\t\t\t<\/div>\n\t\t\t\t\t<\/div>\n\t\t\t\t<\/div>\n\t\t<div data-particle_enable=\"false\" data-particle-mobile-disabled=\"false\" class=\"elementor-element elementor-element-beefd11 e-flex e-con-boxed e-con e-parent\" data-id=\"beefd11\" data-element_type=\"container\" data-e-type=\"container\">\n\t\t\t\t\t<div class=\"e-con-inner\">\n\t\t\t\t<div class=\"elementor-element elementor-element-0f6f28a elementor-widget elementor-widget-heading\" data-id=\"0f6f28a\" data-element_type=\"widget\" data-e-type=\"widget\" data-widget_type=\"heading.default\">\n\t\t\t\t\t<h3 class=\"elementor-heading-title elementor-size-default\">As\u00ed nace La Monta\u00f1a en Colomba Costa Cuca<\/h3>\t\t\t\t<\/div>\n\t\t\t\t\t<\/div>\n\t\t\t\t<\/div>\n\t\t<div data-particle_enable=\"false\" data-particle-mobile-disabled=\"false\" class=\"elementor-element elementor-element-d9cf920 e-flex e-con-boxed e-con e-parent\" data-id=\"d9cf920\" data-element_type=\"container\" data-e-type=\"container\">\n\t\t\t\t\t<div class=\"e-con-inner\">\n\t\t\t\t<div class=\"elementor-element elementor-element-e9597c4 elementor-widget elementor-widget-text-editor\" data-id=\"e9597c4\" data-element_type=\"widget\" data-e-type=\"widget\" data-widget_type=\"text-editor.default\">\n\t\t\t\t\t\t\t\t\t<p><span style=\"color: var( --e-global-color-text ); text-align: var(--text-align);\">Convencido de que en la naturaleza hay potencial para ayudar a los dem\u00e1s y tambi\u00e9n para trazar un emprendimiento, Danny estudi\u00f3 naturopat\u00eda 10 meses en Chiapas, M\u00e9xico y tambi\u00e9n en un instituto terap\u00e9utico alternativo de la zona 7 de Guatemala. &#8220;Cerca de Kaminal Juy\u00fa II estaba ese centro de aprendizaje&#8221;, cuenta<\/span><\/p><p>&#8220;Registr\u00e9 Productos de La Monta\u00f1a desde 2012, pero no me dediqu\u00e9 de lleno a ello sino hasta hace cuatro a\u00f1os. Comenc\u00e9 a conseguir ingredientes naturales para preparar c\u00e1psulas y formular tratamientos&#8221;.\u00a0 Actualmente tiene su cl\u00ednica naturista en su terreno en Colomba, Costa Cuca.\u00a0<\/p><p>El nombre proviene de una meditaci\u00f3n acerca del poder a\u00fan muy poco conocido y apreciado de tantas plantas que existen en la Naturaleza. Es la alusi\u00f3n a un poderoso ser que vive en una monta\u00f1a, a la cual acuden personas en busca de sanaci\u00f3n. Para Danny Alexis es obvio: Es Dios quien provee esa naturaleza curativa.<\/p><p>&#8220;Algunas plantas las obtengo aqu\u00ed y las proceso, otras las compro para pulverizarlas o prepararlas para infusiones: &#8220;Equin\u00e1cea, tomillo, guayaba, gengibre son algunos ingredientes de una f\u00f3rmula para fortalecer el sistema inmunitario y prevenir infecciones&#8221;, cuenta.<\/p>\t\t\t\t\t\t\t\t<\/div>\n\t\t\t\t\t<\/div>\n\t\t\t\t<\/div>\n\t\t<div data-particle_enable=\"false\" data-particle-mobile-disabled=\"false\" class=\"elementor-element elementor-element-a360e14 e-flex e-con-boxed e-con e-parent\" data-id=\"a360e14\" data-element_type=\"container\" data-e-type=\"container\">\n\t\t\t\t\t<div class=\"e-con-inner\">\n\t\t\t\t<div class=\"elementor-element elementor-element-3fe2f01 elementor-align-center elementor-widget elementor-widget-button\" data-id=\"3fe2f01\" data-element_type=\"widget\" data-e-type=\"widget\" data-widget_type=\"button.default\">\n\t\t\t\t\t\t\t\t\t\t<a class=\"elementor-button elementor-button-link elementor-size-sm\" href=\"https:\/\/docs.google.com\/forms\/d\/e\/1FAIpQLSeifGbAD-zVVAAEB2pGGq9F6Eh1abaRRHer0Jvk_WCpYSEgtg\/viewform?vc=0&#038;c=0&#038;w=1&#038;flr=0&#038;pli=1\">\n\t\t\t\t\t\t<span class=\"elementor-button-content-wrapper\">\n\t\t\t\t\t\t\t\t\t<span class=\"elementor-button-text\">\u00bfDeseas formar parte de SoyMigrante.com MERCADO?  Puedes inscribirte aqu\u00ed<\/span>\n\t\t\t\t\t<\/span>\n\t\t\t\t\t<\/a>\n\t\t\t\t\t\t\t\t<\/div>\n\t\t\t\t\t<\/div>\n\t\t\t\t<\/div>\n\t\t<div data-particle_enable=\"false\" data-particle-mobile-disabled=\"false\" class=\"elementor-element elementor-element-71b0417 e-flex e-con-boxed e-con e-parent\" data-id=\"71b0417\" data-element_type=\"container\" data-e-type=\"container\">\n\t\t\t\t\t<div class=\"e-con-inner\">\n\t\t\t\t<div class=\"elementor-element elementor-element-998c533 elementor-arrows-position-inside elementor-pagination-position-outside elementor-widget elementor-widget-image-carousel\" data-id=\"998c533\" data-element_type=\"widget\" data-e-type=\"widget\" data-settings=\"{&quot;slides_to_show&quot;:&quot;1&quot;,&quot;navigation&quot;:&quot;both&quot;,&quot;autoplay&quot;:&quot;yes&quot;,&quot;pause_on_hover&quot;:&quot;yes&quot;,&quot;pause_on_interaction&quot;:&quot;yes&quot;,&quot;autoplay_speed&quot;:5000,&quot;infinite&quot;:&quot;yes&quot;,&quot;effect&quot;:&quot;slide&quot;,&quot;speed&quot;:500}\" data-widget_type=\"image-carousel.default\">\n\t\t\t\t\t\t\t<div class=\"elementor-image-carousel-wrapper swiper\" role=\"region\" aria-roledescription=\"carousel\" aria-label=\"Carrusel de im\u00e1genes\" dir=\"ltr\">\n\t\t\t<div class=\"elementor-image-carousel swiper-wrapper\" aria-live=\"off\">\n\t\t\t\t\t\t\t\t<div class=\"swiper-slide\" role=\"group\" aria-roledescription=\"slide\" aria-label=\"1 de 4\"><figure class=\"swiper-slide-inner\"><img decoding=\"async\" class=\"swiper-slide-image\" src=\"https:\/\/soymigrante.com\/revista\/wp-content\/uploads\/2024\/11\/centro-la-montana-genova-costa-cuca-2-1024x768.jpg\" alt=\"Paisaje natural con vistas a monta\u00f1as y vegetaci\u00f3n exuberante en un entorno tropical, ideal para vivir y trabajar en el extranjero, promoviendo estilos de vida saludables y conectados con la naturaleza.\" \/><figcaption class=\"elementor-image-carousel-caption\">El tratamiento en el futuro sanatorio natural La Monta\u00f1a empezar\u00e1 por el maravilloso paisaje relajante<\/figcaption><\/figure><\/div><div class=\"swiper-slide\" role=\"group\" aria-roledescription=\"slide\" aria-label=\"2 de 4\"><figure class=\"swiper-slide-inner\"><img decoding=\"async\" class=\"swiper-slide-image\" src=\"https:\/\/soymigrante.com\/revista\/wp-content\/uploads\/2024\/11\/centro-la-montana-genova-costa-cuca-4.webp\" alt=\"Disfrutando de un c\u00f3ctel tropical bajo la sombra de un \u00e1rbol en un entorno natural.\" \/><figcaption class=\"elementor-image-carousel-caption\">Persona sonriendo con bebida colorida en mand\u00edbula, rodeada de vegetaci\u00f3n ex\u00f3tica en un d\u00eda soleado.<\/figcaption><\/figure><\/div><div class=\"swiper-slide\" role=\"group\" aria-roledescription=\"slide\" aria-label=\"3 de 4\"><figure class=\"swiper-slide-inner\"><img decoding=\"async\" class=\"swiper-slide-image\" src=\"https:\/\/soymigrante.com\/revista\/wp-content\/uploads\/2024\/11\/centro-la-montana-genova-costa-cuca-1.jpg\" alt=\"Hierba verde y \u00e1rboles en entorno natural en un espacio al aire libre con estructura de techo, ideales para actividades al aire libre en la comunidad rural, promoviendo el bienestar y la conexi\u00f3n con la naturaleza.\" \/><figcaption class=\"elementor-image-carousel-caption\">Caba\u00f1a en un entorno natural con \u00e1rboles y c\u00e9sped, ideal para actividades comunitarias y promoci\u00f3n del bienestar social.<\/figcaption><\/figure><\/div><div class=\"swiper-slide\" role=\"group\" aria-roledescription=\"slide\" aria-label=\"4 de 4\"><figure class=\"swiper-slide-inner\"><img decoding=\"async\" class=\"swiper-slide-image\" src=\"https:\/\/soymigrante.com\/revista\/wp-content\/uploads\/2024\/11\/centro-la-montana-genova-costa-cuca-3-1024x768.jpg\" alt=\"Cumbre de volcan activo en un paisaje natural con \u00e1rboles verdes y cielo despejado, reflejando la belleza natural y geol\u00f3gica de Guatemala.\" \/><figcaption class=\"elementor-image-carousel-caption\">Paisaje con volc\u00e1n en erupci\u00f3n y vegetaci\u00f3n exuberante, destacando la geograf\u00eda y naturaleza en Guatemala para contenido tur\u00edstico y geol\u00f3gico.<\/figcaption><\/figure><\/div>\t\t\t<\/div>\n\t\t\t\t\t\t\t\t\t\t\t\t<div class=\"elementor-swiper-button elementor-swiper-button-prev\" role=\"button\" tabindex=\"0\">\n\t\t\t\t\t\t<i aria-hidden=\"true\" class=\"eicon-chevron-left\"><\/i>\t\t\t\t\t<\/div>\n\t\t\t\t\t<div class=\"elementor-swiper-button elementor-swiper-button-next\" role=\"button\" tabindex=\"0\">\n\t\t\t\t\t\t<i aria-hidden=\"true\" class=\"eicon-chevron-right\"><\/i>\t\t\t\t\t<\/div>\n\t\t\t\t\n\t\t\t\t\t\t\t\t\t<div class=\"swiper-pagination\"><\/div>\n\t\t\t\t\t\t\t\t\t<\/div>\n\t\t\t\t\t\t<\/div>\n\t\t\t\t\t<\/div>\n\t\t\t\t<\/div>\n\t\t<div data-particle_enable=\"false\" data-particle-mobile-disabled=\"false\" class=\"elementor-element elementor-element-0b9f1b3 e-flex e-con-boxed e-con e-parent\" data-id=\"0b9f1b3\" data-element_type=\"container\" data-e-type=\"container\">\n\t\t\t\t\t<div class=\"e-con-inner\">\n\t\t\t\t<div class=\"elementor-element elementor-element-4c0dbdb elementor-widget elementor-widget-heading\" data-id=\"4c0dbdb\" data-element_type=\"widget\" data-e-type=\"widget\" data-widget_type=\"heading.default\">\n\t\t\t\t\t<h3 class=\"elementor-heading-title elementor-size-default\">Visionario y sin fronteras<\/h3>\t\t\t\t<\/div>\n\t\t\t\t\t<\/div>\n\t\t\t\t<\/div>\n\t\t<div data-particle_enable=\"false\" data-particle-mobile-disabled=\"false\" class=\"elementor-element elementor-element-5dfb04a e-flex e-con-boxed e-con e-parent\" data-id=\"5dfb04a\" data-element_type=\"container\" data-e-type=\"container\">\n\t\t\t\t\t<div class=\"e-con-inner\">\n\t\t\t\t<div class=\"elementor-element elementor-element-664b06a elementor-widget elementor-widget-text-editor\" data-id=\"664b06a\" data-element_type=\"widget\" data-e-type=\"widget\" data-widget_type=\"text-editor.default\">\n\t\t\t\t\t\t\t\t\t<p><span style=\"color: var( --e-global-color-text ); text-align: var(--text-align);\">&#8220;Antes encapsulaba a mano, pero compr\u00e9 una m\u00e1quina encapsuladora. La mand\u00e9 a traer a China y esto me facilit\u00f3 la producci\u00f3n de m\u00faltiples alternativas de tratamiento&#8221;, afirma.<\/span><\/p><p>&#8220;Hay personas que les ha dado efecto positivo, pero son t\u00edmidas y no me han querido dar videos de su testimonio. Por ejemplo, hay un muchacho que ten\u00eda helicobacter pylori y se alivi\u00f3 tomando prop\u00f3leo (Mezcla de miel y polen).<\/p><p>Sus compuestos naturales ya han traspasado fronteras: &#8220;Tengo amigos migrantes que me piden productos. He mandado a San Francisco, a Briones (al norte de California), a Los Angeles y a Virginia. <a href=\"https:\/\/soymigrante.com\/mercado\/marketplace\/seller\/profile\/centro-de-medicina?srsltid=AfmBOopSaQ6UL7L05v-x0HB1XrQ9kSfrlSwNssA_UClc9szLNj7o2tgY\">Ahora a trav\u00e9s de su tienda en SoyMigrante.com MERCADO espera expandir sus horizontes y su aporte a la salud con recursos 100 por ciento naturales.\u00a0<\/a><\/p>\t\t\t\t\t\t\t\t<\/div>\n\t\t\t\t\t<\/div>\n\t\t\t\t<\/div>\n\t\t<div data-particle_enable=\"false\" data-particle-mobile-disabled=\"false\" class=\"elementor-element elementor-element-03aa673 e-flex e-con-boxed e-con e-parent\" data-id=\"03aa673\" data-element_type=\"container\" data-e-type=\"container\">\n\t\t\t\t\t<div class=\"e-con-inner\">\n\t\t\t\t<div class=\"elementor-element elementor-element-c64ce3b elementor-invisible elementor-widget elementor-widget-facebook-embed\" data-id=\"c64ce3b\" data-element_type=\"widget\" data-e-type=\"widget\" data-settings=\"{&quot;_animation&quot;:&quot;zoomInDown&quot;}\" data-widget_type=\"facebook-embed.default\">\n\t\t\t\t\t<div style=\"min-height: 1px\" class=\"elementor-facebook-widget fb-video\" data-href=\"https:\/\/www.facebook.com\/TerapeutaDanny\/videos\/760860292288565\" data-show-text=\"false\" data-allowfullscreen=\"false\" data-autoplay=\"false\" data-show-captions=\"false\"><\/div>\t\t\t\t<\/div>\n\t\t\t\t\t<\/div>\n\t\t\t\t<\/div>\n\t\t<div data-particle_enable=\"false\" data-particle-mobile-disabled=\"false\" class=\"elementor-element elementor-element-e5b0495 e-flex e-con-boxed e-con e-parent\" data-id=\"e5b0495\" data-element_type=\"container\" data-e-type=\"container\">\n\t\t\t\t\t<div class=\"e-con-inner\">\n\t\t\t\t<div class=\"elementor-element elementor-element-224f478 elementor-widget elementor-widget-heading\" data-id=\"224f478\" data-element_type=\"widget\" data-e-type=\"widget\" data-widget_type=\"heading.default\">\n\t\t\t\t\t<h3 class=\"elementor-heading-title elementor-size-default\">El futuro tambi\u00e9n promete ser dulce como la miel<\/h3>\t\t\t\t<\/div>\n\t\t\t\t\t<\/div>\n\t\t\t\t<\/div>\n\t\t<div data-particle_enable=\"false\" data-particle-mobile-disabled=\"false\" class=\"elementor-element elementor-element-693f1a1 e-flex e-con-boxed e-con e-parent\" data-id=\"693f1a1\" data-element_type=\"container\" data-e-type=\"container\">\n\t\t\t\t\t<div class=\"e-con-inner\">\n\t\t\t\t<div class=\"elementor-element elementor-element-e683e64 elementor-widget elementor-widget-text-editor\" data-id=\"e683e64\" data-element_type=\"widget\" data-e-type=\"widget\" data-widget_type=\"text-editor.default\">\n\t\t\t\t\t\t\t\t\t<p><span style=\"color: var( --e-global-color-text ); text-align: var(--text-align);\">Otro de los productos que Danny Alexis planea distribuir pr\u00f3ximamente es miel pura de las colmenas que posee. &#8220;La gente prefiere la miel embotellada, es miel pura y org\u00e1nica. Hasta ahora solo la vendo en la tienda f\u00edsica, pero pronto la pondremos para env\u00edos&#8221;, cuenta. Tiene apicultores contratados, es decir que est\u00e1 generando oportunidades locales.<\/span><\/p><p>&#8220;Cuando era ni\u00f1o, un t\u00edo ten\u00eda abejas y mi pap\u00e1 nos compraba un litro. La com\u00edamos con pan franc\u00e9s \u00a1delicioso! Cuando me fui a Estados Unidos empec\u00e9 a valorar tantas cosas y la miel pura fue una de esas&#8221;, cuenta. As\u00ed que se qued\u00f3 con el deseo de tener colmenas, aunque \u00e9l las llama &#8220;cajas&#8221;.\u00a0<\/p><p>&#8220;Junto a un mi hermano pusimos 10 cajas, pero \u00e9l se volvi\u00f3 a regresar a Estados Unidos. As\u00ed que yo contrat\u00e9 apicultores para continuar el cuidado. Tambi\u00e9n tenemos miel de talnete, que es silvestre&#8221;.<\/p><p>El sue\u00f1o del sanatorio naturista incluye un restaurante de comida org\u00e1nica saludable, que tambi\u00e9n est\u00e1 pendiente de construir. Lo mismo las caba\u00f1as: &#8220;Ser\u00e1n muy sencillas pero que la persona se sienta c\u00f3moda mientras descansa y recibe su tratamiento de medicina.<\/p>\t\t\t\t\t\t\t\t<\/div>\n\t\t\t\t\t<\/div>\n\t\t\t\t<\/div>\n\t\t<div data-particle_enable=\"false\" data-particle-mobile-disabled=\"false\" class=\"elementor-element elementor-element-e61b8de e-flex e-con-boxed e-con e-parent\" data-id=\"e61b8de\" data-element_type=\"container\" data-e-type=\"container\">\n\t\t\t\t\t<div class=\"e-con-inner\">\n\t\t\t\t<div class=\"elementor-element elementor-element-98daf95 elementor-invisible elementor-widget elementor-widget-facebook-embed\" data-id=\"98daf95\" data-element_type=\"widget\" data-e-type=\"widget\" data-settings=\"{&quot;_animation&quot;:&quot;zoomInDown&quot;}\" data-widget_type=\"facebook-embed.default\">\n\t\t\t\t\t<div style=\"min-height: 1px\" class=\"elementor-facebook-widget fb-video\" data-href=\"https:\/\/www.facebook.com\/TerapeutaDanny\/videos\/5004991916228858\" data-show-text=\"false\" data-allowfullscreen=\"false\" data-autoplay=\"false\" data-show-captions=\"false\"><\/div>\t\t\t\t<\/div>\n\t\t\t\t\t<\/div>\n\t\t\t\t<\/div>\n\t\t<div data-particle_enable=\"false\" data-particle-mobile-disabled=\"false\" class=\"elementor-element elementor-element-641f65a e-flex e-con-boxed e-con e-parent\" data-id=\"641f65a\" data-element_type=\"container\" data-e-type=\"container\">\n\t\t\t\t\t<div class=\"e-con-inner\">\n\t\t\t\t<div class=\"elementor-element elementor-element-f6f23a4 elementor-widget elementor-widget-google_maps\" data-id=\"f6f23a4\" data-element_type=\"widget\" data-e-type=\"widget\" data-widget_type=\"google_maps.default\">\n\t\t\t\t\t\t\t<div class=\"elementor-custom-embed\">\n\t\t\t<iframe loading=\"lazy\"\n\t\t\t\t\tsrc=\"https:\/\/maps.google.com\/maps?q=Colomba%20Costa%20Cuca&#038;t=m&#038;z=10&#038;output=embed&#038;iwloc=near\"\n\t\t\t\t\ttitle=\"Colomba Costa Cuca\"\n\t\t\t\t\taria-label=\"Colomba Costa Cuca\"\n\t\t\t><\/iframe>\n\t\t<\/div>\n\t\t\t\t\t\t<\/div>\n\t\t\t\t\t<\/div>\n\t\t\t\t<\/div>\n\t\t<div data-particle_enable=\"false\" data-particle-mobile-disabled=\"false\" class=\"elementor-element elementor-element-d448c7c e-flex e-con-boxed e-con e-parent\" data-id=\"d448c7c\" data-element_type=\"container\" data-e-type=\"container\">\n\t\t\t\t\t<div class=\"e-con-inner\">\n\t\t\t\t<div class=\"elementor-element elementor-element-f763892 elementor-widget elementor-widget-heading\" data-id=\"f763892\" data-element_type=\"widget\" data-e-type=\"widget\" data-widget_type=\"heading.default\">\n\t\t\t\t\t<h2 class=\"elementor-heading-title elementor-size-default\">Inspiradoras historias de emprendedores que ya est\u00e1n en SoyMigrante.com MERCADO<\/h2>\t\t\t\t<\/div>\n\t\t\t\t\t<\/div>\n\t\t\t\t<\/div>\n\t\t<div data-particle_enable=\"false\" data-particle-mobile-disabled=\"false\" class=\"elementor-element elementor-element-84427f1 e-flex e-con-boxed e-con e-parent\" data-id=\"84427f1\" data-element_type=\"container\" data-e-type=\"container\">\n\t\t\t\t\t<div class=\"e-con-inner\">\n\t\t\t\t<div class=\"elementor-element elementor-element-8448c7f elementor-grid-eael-col-3 elementor-grid-tablet-eael-col-2 elementor-grid-mobile-eael-col-1 elementor-widget elementor-widget-eael-post-grid\" data-id=\"8448c7f\" data-element_type=\"widget\" data-e-type=\"widget\" data-settings=\"{&quot;eael_post_grid_columns&quot;:&quot;eael-col-3&quot;,&quot;eael_post_grid_columns_tablet&quot;:&quot;eael-col-2&quot;,&quot;eael_post_grid_columns_mobile&quot;:&quot;eael-col-1&quot;}\" data-widget_type=\"eael-post-grid.default\">\n\t\t\t\t\t<div id=\"eael-post-grid-8448c7f\" class=\"eael-post-grid-container\">\n            <div class=\"eael-post-grid eael-post-appender eael-post-appender-8448c7f eael-post-grid-style-one\" data-layout-mode=\"masonry\"><article class=\"eael-grid-post  eael-post-grid-column eael-pg-post-55287 category-bienestar tags-mercado-emprendedores\" data-id=\"55287\">\n        <div class=\"eael-grid-post-holder\">\n            <div class=\"eael-grid-post-holder-inner\"><div class=\"eael-entry-media\"><div class=\"eael-entry-overlay fade-in\"><i class=\"far fa-hand-pointer\" aria-hidden=\"true\"><\/i><a href=\"https:\/\/soymigrante.com\/revista\/estrategias-para-fidelizar-clientes-pequenas-acciones-que-te-ayudaran-en-el-comercio-digital\/\"><\/a><\/div><div class=\"eael-entry-thumbnail \">\n                <img decoding=\"async\" width=\"1024\" height=\"1024\" src=\"https:\/\/soymigrante.com\/revista\/wp-content\/uploads\/2026\/04\/vendedora-soymigrantecom-emprendimiento-emprendedora-comercio-digital.png\" class=\"attachment-large size-large wp-image-55288\" alt=\"Woman in a colorful patterned dress unpacks a gift box with a tied paper wrapping and a handwritten note reading &#039;\u00a1Gracias por apoyar mi sue\u00f1o!&#039; in a craft shop with shelves and plants behind her.\" srcset=\"https:\/\/soymigrante.com\/revista\/wp-content\/uploads\/2026\/04\/vendedora-soymigrantecom-emprendimiento-emprendedora-comercio-digital.png 1024w, https:\/\/soymigrante.com\/revista\/wp-content\/uploads\/2026\/04\/vendedora-soymigrantecom-emprendimiento-emprendedora-comercio-digital-300x300.png 300w, https:\/\/soymigrante.com\/revista\/wp-content\/uploads\/2026\/04\/vendedora-soymigrantecom-emprendimiento-emprendedora-comercio-digital-150x150.png 150w, https:\/\/soymigrante.com\/revista\/wp-content\/uploads\/2026\/04\/vendedora-soymigrantecom-emprendimiento-emprendedora-comercio-digital-768x768.png 768w, https:\/\/soymigrante.com\/revista\/wp-content\/uploads\/2026\/04\/vendedora-soymigrantecom-emprendimiento-emprendedora-comercio-digital-75x75.png 75w, https:\/\/soymigrante.com\/revista\/wp-content\/uploads\/2026\/04\/vendedora-soymigrantecom-emprendimiento-emprendedora-comercio-digital-750x750.png 750w\" sizes=\"(max-width: 1024px) 100vw, 1024px\" \/>\n            <\/div>\n        <\/div><div class=\"eael-entry-wrapper\"><header class=\"eael-entry-header\"><h2 class=\"eael-entry-title\"><a class=\"eael-grid-post-link\" href=\"https:\/\/soymigrante.com\/revista\/estrategias-para-fidelizar-clientes-pequenas-acciones-que-te-ayudaran-en-el-comercio-digital\/\" title=\"Estrategias para fidelizar clientes: peque\u00f1as acciones que te ayudar\u00e1n en el comercio digital\">Estrategias para fidelizar clientes: peque\u00f1as acciones que te ayudar\u00e1n en el comercio digital<\/a><\/h2><\/header><div class=\"eael-entry-content\">\n                        <div class=\"eael-grid-post-excerpt\"><a href=\"https:\/\/soymigrante.com\/revista\/estrategias-para-fidelizar-clientes-pequenas-acciones-que-te-ayudaran-en-el-comercio-digital\/\" class=\"eael-post-elements-readmore-btn\">CONOCE SU HISTORIA <\/a><\/div>\n                    <\/div><\/div><\/div>\n        <\/div>\n    <\/article><article class=\"eael-grid-post  eael-post-grid-column eael-pg-post-55228 category-guate-nuestra tags-mercado-emprendedores\" data-id=\"55228\">\n        <div class=\"eael-grid-post-holder\">\n            <div class=\"eael-grid-post-holder-inner\"><div class=\"eael-entry-media\"><div class=\"eael-entry-overlay fade-in\"><i class=\"far fa-hand-pointer\" aria-hidden=\"true\"><\/i><a href=\"https:\/\/soymigrante.com\/revista\/libros-guatemaltecos-dia-internacional-del-libro-festeja-inspirate-mercado\/\"><\/a><\/div><div class=\"eael-entry-thumbnail \">\n                <img loading=\"lazy\" decoding=\"async\" width=\"1024\" height=\"1024\" src=\"https:\/\/soymigrante.com\/revista\/wp-content\/uploads\/2026\/04\/DIA-DEL-LIBRO-SOYMIGRANTE-MERCADO-1024x1024.png\" class=\"attachment-large size-large wp-image-55229\" alt=\"DIA DEL LIBRO SOYMIGRANTE MERCADO\" srcset=\"https:\/\/soymigrante.com\/revista\/wp-content\/uploads\/2026\/04\/DIA-DEL-LIBRO-SOYMIGRANTE-MERCADO-1024x1024.png 1024w, https:\/\/soymigrante.com\/revista\/wp-content\/uploads\/2026\/04\/DIA-DEL-LIBRO-SOYMIGRANTE-MERCADO-300x300.png 300w, https:\/\/soymigrante.com\/revista\/wp-content\/uploads\/2026\/04\/DIA-DEL-LIBRO-SOYMIGRANTE-MERCADO-150x150.png 150w, https:\/\/soymigrante.com\/revista\/wp-content\/uploads\/2026\/04\/DIA-DEL-LIBRO-SOYMIGRANTE-MERCADO-768x768.png 768w, https:\/\/soymigrante.com\/revista\/wp-content\/uploads\/2026\/04\/DIA-DEL-LIBRO-SOYMIGRANTE-MERCADO-75x75.png 75w, https:\/\/soymigrante.com\/revista\/wp-content\/uploads\/2026\/04\/DIA-DEL-LIBRO-SOYMIGRANTE-MERCADO-750x750.png 750w, https:\/\/soymigrante.com\/revista\/wp-content\/uploads\/2026\/04\/DIA-DEL-LIBRO-SOYMIGRANTE-MERCADO-1140x1140.png 1140w, https:\/\/soymigrante.com\/revista\/wp-content\/uploads\/2026\/04\/DIA-DEL-LIBRO-SOYMIGRANTE-MERCADO.png 1200w\" sizes=\"(max-width: 1024px) 100vw, 1024px\" \/>\n            <\/div>\n        <\/div><div class=\"eael-entry-wrapper\"><header class=\"eael-entry-header\"><h2 class=\"eael-entry-title\"><a class=\"eael-grid-post-link\" href=\"https:\/\/soymigrante.com\/revista\/libros-guatemaltecos-dia-internacional-del-libro-festeja-inspirate-mercado\/\" title=\"Celebra el D\u00eda del Libro con inspiraci\u00f3n 100% guatemalteca: adquiere, disfruta u obsequia en MERCADO\">Celebra el D\u00eda del Libro con inspiraci\u00f3n 100% guatemalteca: adquiere, disfruta u obsequia en MERCADO<\/a><\/h2><\/header><div class=\"eael-entry-content\">\n                        <div class=\"eael-grid-post-excerpt\"><a href=\"https:\/\/soymigrante.com\/revista\/libros-guatemaltecos-dia-internacional-del-libro-festeja-inspirate-mercado\/\" class=\"eael-post-elements-readmore-btn\">CONOCE SU HISTORIA <\/a><\/div>\n                    <\/div><\/div><\/div>\n        <\/div>\n    <\/article><article class=\"eael-grid-post  eael-post-grid-column eael-pg-post-55055 category-guate-nuestra tags-mercado-emprendedores\" data-id=\"55055\">\n        <div class=\"eael-grid-post-holder\">\n            <div class=\"eael-grid-post-holder-inner\"><div class=\"eael-entry-media\"><div class=\"eael-entry-overlay fade-in\"><i class=\"far fa-hand-pointer\" aria-hidden=\"true\"><\/i><a href=\"https:\/\/soymigrante.com\/revista\/dia-mundial-del-emprendimiento-16-historias-llenas-de-trabajo-y-creatividad-presentes-en-mercado\/\"><\/a><\/div><div class=\"eael-entry-thumbnail \">\n                <img loading=\"lazy\" decoding=\"async\" width=\"1024\" height=\"1024\" src=\"https:\/\/soymigrante.com\/revista\/wp-content\/uploads\/2026\/04\/SOYMIGRANTECOM-MERCADO-DIA-MUNDIAL-DEL-EMPRENDEDOR.png\" class=\"attachment-large size-large wp-image-55056\" alt=\"SOYMIGRANTECOM MERCADO DIA MUNDIAL DEL EMPRENDEDOR\" srcset=\"https:\/\/soymigrante.com\/revista\/wp-content\/uploads\/2026\/04\/SOYMIGRANTECOM-MERCADO-DIA-MUNDIAL-DEL-EMPRENDEDOR.png 1024w, https:\/\/soymigrante.com\/revista\/wp-content\/uploads\/2026\/04\/SOYMIGRANTECOM-MERCADO-DIA-MUNDIAL-DEL-EMPRENDEDOR-300x300.png 300w, https:\/\/soymigrante.com\/revista\/wp-content\/uploads\/2026\/04\/SOYMIGRANTECOM-MERCADO-DIA-MUNDIAL-DEL-EMPRENDEDOR-150x150.png 150w, https:\/\/soymigrante.com\/revista\/wp-content\/uploads\/2026\/04\/SOYMIGRANTECOM-MERCADO-DIA-MUNDIAL-DEL-EMPRENDEDOR-768x768.png 768w, https:\/\/soymigrante.com\/revista\/wp-content\/uploads\/2026\/04\/SOYMIGRANTECOM-MERCADO-DIA-MUNDIAL-DEL-EMPRENDEDOR-75x75.png 75w, https:\/\/soymigrante.com\/revista\/wp-content\/uploads\/2026\/04\/SOYMIGRANTECOM-MERCADO-DIA-MUNDIAL-DEL-EMPRENDEDOR-750x750.png 750w\" sizes=\"(max-width: 1024px) 100vw, 1024px\" \/>\n            <\/div>\n        <\/div><div class=\"eael-entry-wrapper\"><header class=\"eael-entry-header\"><h2 class=\"eael-entry-title\"><a class=\"eael-grid-post-link\" href=\"https:\/\/soymigrante.com\/revista\/dia-mundial-del-emprendimiento-16-historias-llenas-de-trabajo-y-creatividad-presentes-en-mercado\/\" title=\"D\u00eda Mundial del Emprendimiento: 16 historias llenas de  trabajo y creatividad presentes en MERCADO\">D\u00eda Mundial del Emprendimiento: 16 historias llenas de  trabajo y creatividad presentes en MERCADO<\/a><\/h2><\/header><div class=\"eael-entry-content\">\n                        <div class=\"eael-grid-post-excerpt\"><a href=\"https:\/\/soymigrante.com\/revista\/dia-mundial-del-emprendimiento-16-historias-llenas-de-trabajo-y-creatividad-presentes-en-mercado\/\" class=\"eael-post-elements-readmore-btn\">CONOCE SU HISTORIA <\/a><\/div>\n                    <\/div><\/div><\/div>\n        <\/div>\n    <\/article><\/div>\n            <div class=\"clearfix\"><\/div>\n        <\/div>            <div class=\"eael-load-more-button-wrap eael-force-hide\">\n                <button class=\"eael-load-more-button\" id=\"eael-load-more-btn-8448c7f\" data-widget-id=\"8448c7f\" data-widget=\"8448c7f\" data-page-id=\"14276\" data-template=\"{&quot;dir&quot;:&quot;lite&quot;,&quot;file_name&quot;:&quot;one.php&quot;,&quot;name&quot;:&quot;Post-Grid&quot;}\" data-class=\"Essential_Addons_Elementor\\Elements\\Post_Grid\" data-layout=\"masonry\" data-page=\"1\" data-args=\"orderby=date&amp;order=desc&amp;ignore_sticky_posts=1&amp;post_status=publish&amp;posts_per_page=3&amp;offset=0&amp;post_type=post&amp;tax_query%5B0%5D%5Btaxonomy%5D=post_tag&amp;tax_query%5B0%5D%5Bfield%5D=term_id&amp;tax_query%5B0%5D%5Bterms%5D%5B0%5D=130&amp;tax_query%5Brelation%5D=AND\" data-max-page=\"35\">\n                    <span class=\"eael-btn-loader button__loader\"><\/span>\n                    <span class=\"eael_load_more_text\">Load More<\/span>\n                <\/button>\n            <\/div>\n            \t\t\t\t<\/div>\n\t\t\t\t\t<\/div>\n\t\t\t\t<\/div>\n\t\t\t\t<\/div>\n\t\t","protected":false},"excerpt":{"rendered":"<p>Antes de ser natur\u00f3pata, Danny S\u00e1nchez Mach\u00e1, originario de Colomba, Quetzaltenango fue migrante en San Francisco, EE.UU.. En la distancia empez\u00f3 a valorar tantas cosas, incluyendo la naturaleza. As\u00ed surgi\u00f3 el sue\u00f1o de Centro de Medicina Alternativa de La Monta\u00f1a que ahora est\u00e1 en SoyMigrante.com MERCADO. Empecemos por el gran sue\u00f1o futuro de Danny Alexis [&hellip;]<\/p>\n","protected":false},"author":7,"featured_media":14277,"comment_status":"open","ping_status":"open","sticky":false,"template":"","format":"standard","meta":{"_acf_changed":false,"_eb_attr":"","footnotes":""},"categories":[58],"tags":[130],"class_list":["post-14276","post","type-post","status-publish","format-standard","has-post-thumbnail","hentry","category-guate-nuestra","tag-mercado-emprendedores"],"acf":[],"aioseo_notices":[],"aioseo_head":"\n\t\t<!-- All in One SEO Pro 4.9.6.2 - aioseo.com -->\n\t<meta name=\"description\" content=\"SoyMigrante.com MERCADO es una plataforma abierta a todos los emprendedores y artesanos guatemaltecos. Estas son historias inspiradoras \u00a1Felicidades y adelante!\" \/>\n\t<meta name=\"robots\" content=\"max-snippet:-1, max-image-preview:large, max-video-preview:-1\" \/>\n\t<meta name=\"author\" content=\"SoyMigrante.com REVISTA\"\/>\n\t<link rel=\"canonical\" href=\"https:\/\/soymigrante.com\/revista\/dia-mundial-del-emprendimiento-16-historias-llenas-de-trabajo-y-creatividad-presentes-en-mercado\/\" \/>\n\t<meta name=\"generator\" content=\"All in One SEO Pro (AIOSEO) 4.9.6.2\" \/>\n\n\t\t<link rel=\"preconnect\" href=\"https:\/\/fonts.googleapis.com\" crossorigin>\n<link rel=\"preconnect\" href=\"https:\/\/fonts.gstatic.com\" crossorigin>\n\t\t<meta property=\"og:locale\" content=\"es_ES\" \/>\n\t\t<meta property=\"og:site_name\" content=\"SoyMigrante.com REVISTA \u2013 Nuestra misi\u00f3n es reconocer y dignificar al migrante.\" \/>\n\t\t<meta property=\"og:type\" content=\"article\" \/>\n\t\t<meta property=\"og:title\" content=\"Celebremos el D\u00eda Mundial del Emprendimiento apoy\u00e1ndolo\" \/>\n\t\t<meta property=\"og:description\" content=\"SoyMigrante.com MERCADO es una plataforma abierta a todos los emprendedores y artesanos guatemaltecos. Estas son historias inspiradoras \u00a1Felicidades y adelante!\" \/>\n\t\t<meta property=\"og:url\" content=\"https:\/\/soymigrante.com\/revista\/dia-mundial-del-emprendimiento-16-historias-llenas-de-trabajo-y-creatividad-presentes-en-mercado\/\" \/>\n\t\t<meta property=\"og:image\" content=\"https:\/\/soymigrante.com\/revista\/wp-content\/uploads\/2026\/04\/SOYMIGRANTECOM-MERCADO-DIA-MUNDIAL-DEL-EMPRENDEDOR.png\" \/>\n\t\t<meta property=\"og:image:secure_url\" content=\"https:\/\/soymigrante.com\/revista\/wp-content\/uploads\/2026\/04\/SOYMIGRANTECOM-MERCADO-DIA-MUNDIAL-DEL-EMPRENDEDOR.png\" \/>\n\t\t<meta property=\"og:image:width\" content=\"1024\" \/>\n\t\t<meta property=\"og:image:height\" content=\"1024\" \/>\n\t\t<meta property=\"article:published_time\" content=\"2026-04-16T17:15:21+00:00\" \/>\n\t\t<meta property=\"article:modified_time\" content=\"2026-04-16T17:32:59+00:00\" \/>\n\t\t<meta property=\"article:publisher\" content=\"https:\/\/www.facebook.com\/soymigrantecom\" \/>\n\t\t<meta name=\"twitter:card\" content=\"summary_large_image\" \/>\n\t\t<meta name=\"twitter:site\" content=\"@SoyMigrante_com\" \/>\n\t\t<meta name=\"twitter:title\" content=\"Celebremos el D\u00eda Mundial del Emprendimiento apoy\u00e1ndolo\" \/>\n\t\t<meta name=\"twitter:description\" content=\"SoyMigrante.com MERCADO es una plataforma abierta a todos los emprendedores y artesanos guatemaltecos. Estas son historias inspiradoras \u00a1Felicidades y adelante!\" \/>\n\t\t<meta name=\"twitter:creator\" content=\"@SoyMigrante_com\" \/>\n\t\t<meta name=\"twitter:image\" content=\"https:\/\/soymigrante.com\/revista\/wp-content\/uploads\/2026\/04\/SOYMIGRANTECOM-MERCADO-DIA-MUNDIAL-DEL-EMPRENDEDOR.png\" \/>\n\t\t<!-- All in One SEO Pro -->\r\n\t\t<title>Celebremos el D\u00eda Mundial del Emprendimiento apoy\u00e1ndolo<\/title>\n\n","aioseo_head_json":{"title":"Celebremos el D\u00eda Mundial del Emprendimiento apoy\u00e1ndolo","description":"SoyMigrante.com MERCADO es una plataforma abierta a todos los emprendedores y artesanos guatemaltecos. Estas son historias inspiradoras \u00a1Felicidades y adelante!","canonical_url":"https:\/\/soymigrante.com\/revista\/dia-mundial-del-emprendimiento-16-historias-llenas-de-trabajo-y-creatividad-presentes-en-mercado\/","robots":"max-snippet:-1, max-image-preview:large, max-video-preview:-1","keywords":"","webmasterTools":{"miscellaneous":"&lt;link rel=\"preconnect\" href=\"https:\/\/fonts.googleapis.com\" crossorigin&gt;\n&lt;link rel=\"preconnect\" href=\"https:\/\/fonts.gstatic.com\" crossorigin&gt;"},"schema":null,"og:locale":"es_ES","og:site_name":"SoyMigrante.com REVISTA \u2013 Nuestra misi\u00f3n es reconocer y dignificar al migrante.","og:type":"article","og:title":"Celebremos el D\u00eda Mundial del Emprendimiento apoy\u00e1ndolo","og:description":"SoyMigrante.com MERCADO es una plataforma abierta a todos los emprendedores y artesanos guatemaltecos. Estas son historias inspiradoras \u00a1Felicidades y adelante!","og:url":"https:\/\/soymigrante.com\/revista\/dia-mundial-del-emprendimiento-16-historias-llenas-de-trabajo-y-creatividad-presentes-en-mercado\/","og:image":"https:\/\/soymigrante.com\/revista\/wp-content\/uploads\/2026\/04\/SOYMIGRANTECOM-MERCADO-DIA-MUNDIAL-DEL-EMPRENDEDOR.png","og:image:secure_url":"https:\/\/soymigrante.com\/revista\/wp-content\/uploads\/2026\/04\/SOYMIGRANTECOM-MERCADO-DIA-MUNDIAL-DEL-EMPRENDEDOR.png","og:image:width":1024,"og:image:height":1024,"article:published_time":"2026-04-16T17:15:21+00:00","article:modified_time":"2026-04-16T17:32:59+00:00","article:publisher":"https:\/\/www.facebook.com\/soymigrantecom","twitter:card":"summary_large_image","twitter:site":"@SoyMigrante_com","twitter:title":"Celebremos el D\u00eda Mundial del Emprendimiento apoy\u00e1ndolo","twitter:description":"SoyMigrante.com MERCADO es una plataforma abierta a todos los emprendedores y artesanos guatemaltecos. Estas son historias inspiradoras \u00a1Felicidades y adelante!","twitter:creator":"@SoyMigrante_com","twitter:image":"https:\/\/soymigrante.com\/revista\/wp-content\/uploads\/2026\/04\/SOYMIGRANTECOM-MERCADO-DIA-MUNDIAL-DEL-EMPRENDEDOR.png"},"aioseo_meta_data":{"post_id":"14276","title":"Danny S\u00e1nchez ofrece terapias naturales de centro La Monta\u00f1a","description":"Danny Sanchez Mach\u00e1 fund\u00f3 el emprendimiento La Monta\u00f1a de tratamientos naturistas. Fue migrante y al estar lejos valor\u00f3 m\u00e1s la naturaleza. Ahora est\u00e1 en MERCADO","keywords":null,"keyphrases":{"focus":{"keyphrase":"Tratamientos","score":54,"analysis":{"keyphraseInTitle":{"score":3,"maxScore":9,"error":1},"keyphraseInDescription":{"score":9,"maxScore":9,"error":0},"keyphraseLength":{"score":9,"maxScore":9,"error":0,"length":1},"keyphraseInURL":{"score":1,"maxScore":5,"error":1},"keyphraseInIntroduction":{"score":9,"maxScore":9,"error":0},"keyphraseInSubHeadings":{"score":3,"maxScore":9,"error":1},"keyphraseInImageAlt":{"score":3,"maxScore":9,"error":1},"keywordDensity":{"score":0,"type":"low","maxScore":9,"error":1}}},"additional":[{"keyphrase":"Naturista","score":53,"analysis":{"keyphraseInDescription":{"score":3,"maxScore":9,"error":1},"keyphraseLength":{"score":9,"maxScore":9,"error":0,"length":1},"keyphraseInIntroduction":{"score":3,"maxScore":9,"error":1},"keyphraseInImageAlt":{"score":9,"maxScore":9,"error":0},"keywordDensity":{"score":0,"type":"low","maxScore":9,"error":1}}},{"keyphrase":"Emprendedor","score":53,"analysis":{"keyphraseInDescription":{"score":3,"maxScore":9,"error":1},"keyphraseLength":{"score":9,"maxScore":9,"error":0,"length":1},"keyphraseInIntroduction":{"score":3,"maxScore":9,"error":1},"keyphraseInImageAlt":{"score":9,"maxScore":9,"error":0},"keywordDensity":{"score":0,"type":"low","maxScore":9,"error":1}}},{"keyphrase":"Colomba","score":73,"analysis":{"keyphraseInDescription":{"score":3,"maxScore":9,"error":1},"keyphraseLength":{"score":9,"maxScore":9,"error":0,"length":1},"keyphraseInIntroduction":{"score":9,"maxScore":9,"error":0},"keyphraseInImageAlt":{"score":3,"maxScore":9,"error":1},"keywordDensity":{"type":"best","score":9,"maxScore":9,"error":0}}}]},"primary_term":null,"canonical_url":null,"og_title":null,"og_description":null,"og_object_type":"default","og_image_type":"default","og_image_url":null,"og_image_width":null,"og_image_height":null,"og_image_custom_url":null,"og_image_custom_fields":null,"og_video":"","og_custom_url":null,"og_article_section":null,"og_article_tags":null,"twitter_use_og":false,"twitter_card":"default","twitter_image_type":"default","twitter_image_url":null,"twitter_image_custom_url":null,"twitter_image_custom_fields":null,"twitter_title":null,"twitter_description":null,"schema":{"blockGraphs":[],"customGraphs":[],"default":{"data":{"Article":[],"Course":[],"Dataset":[],"FAQPage":[],"Movie":[],"Person":[],"Product":[],"ProductReview":[],"Car":[],"Recipe":[],"Service":[],"SoftwareApplication":[],"WebPage":[]},"graphName":"Article","isEnabled":true},"graphs":[]},"schema_type":"default","schema_type_options":null,"pillar_content":false,"robots_default":true,"robots_noindex":false,"robots_noarchive":false,"robots_nosnippet":false,"robots_nofollow":false,"robots_noimageindex":false,"robots_noodp":false,"robots_notranslate":false,"robots_max_snippet":"-1","robots_max_videopreview":"-1","robots_max_imagepreview":"large","priority":null,"frequency":"default","local_seo":null,"seo_analyzer_scan_date":"2025-10-09 00:29:27","breadcrumb_settings":null,"limit_modified_date":false,"reviewed_by":null,"open_ai":"{\"title\":{\"suggestions\":[],\"usage\":0},\"description\":{\"suggestions\":[],\"usage\":0}}","ai":null,"created":"2024-11-25 16:02:53","updated":"2026-02-04 16:44:12"},"aioseo_breadcrumb":"<div class=\"aioseo-breadcrumbs\"><span class=\"aioseo-breadcrumb\">\n\t<a href=\"https:\/\/soymigrante.com\/revista\" title=\"Home\">Home<\/a>\n<\/span><span class=\"aioseo-breadcrumb-separator\">\u00bb<\/span><span class=\"aioseo-breadcrumb\">\n\t<a href=\"https:\/\/soymigrante.com\/revista\/category\/guate-nuestra\/\" title=\"Guate Nuestra\">Guate Nuestra<\/a>\n<\/span><span class=\"aioseo-breadcrumb-separator\">\u00bb<\/span><span class=\"aioseo-breadcrumb\">\n\tDanny S\u00e1nchez Mach\u00e1 ofrece productos del Centro Naturista de la Monta\u00f1a, desde Colomba Costa Cuca\n<\/span><\/div>","aioseo_breadcrumb_json":[{"label":"Home","link":"https:\/\/soymigrante.com\/revista"},{"label":"Guate Nuestra","link":"https:\/\/soymigrante.com\/revista\/category\/guate-nuestra\/"},{"label":"Danny S\u00e1nchez Mach\u00e1 ofrece productos del Centro Naturista de la Monta\u00f1a, desde Colomba Costa Cuca","link":"https:\/\/soymigrante.com\/revista\/clinica-la-montana-de-colomba-costa-cuca-ofrece-capsulas-y-terapias-naturistas\/"}],"_links":{"self":[{"href":"https:\/\/soymigrante.com\/revista\/wp-json\/wp\/v2\/posts\/14276","targetHints":{"allow":["GET"]}}],"collection":[{"href":"https:\/\/soymigrante.com\/revista\/wp-json\/wp\/v2\/posts"}],"about":[{"href":"https:\/\/soymigrante.com\/revista\/wp-json\/wp\/v2\/types\/post"}],"author":[{"embeddable":true,"href":"https:\/\/soymigrante.com\/revista\/wp-json\/wp\/v2\/users\/7"}],"replies":[{"embeddable":true,"href":"https:\/\/soymigrante.com\/revista\/wp-json\/wp\/v2\/comments?post=14276"}],"version-history":[{"count":0,"href":"https:\/\/soymigrante.com\/revista\/wp-json\/wp\/v2\/posts\/14276\/revisions"}],"wp:featuredmedia":[{"embeddable":true,"href":"https:\/\/soymigrante.com\/revista\/wp-json\/wp\/v2\/media\/14277"}],"wp:attachment":[{"href":"https:\/\/soymigrante.com\/revista\/wp-json\/wp\/v2\/media?parent=14276"}],"wp:term":[{"taxonomy":"category","embeddable":true,"href":"https:\/\/soymigrante.com\/revista\/wp-json\/wp\/v2\/categories?post=14276"},{"taxonomy":"post_tag","embeddable":true,"href":"https:\/\/soymigrante.com\/revista\/wp-json\/wp\/v2\/tags?post=14276"}],"curies":[{"name":"wp","href":"https:\/\/api.w.org\/{rel}","templated":true}]}}