{"id":1427,"date":"2023-06-17T02:41:31","date_gmt":"2023-06-17T02:41:31","guid":{"rendered":"https:\/\/soymigrante.com\/revista\/?p=1427"},"modified":"2026-03-11T16:38:15","modified_gmt":"2026-03-11T22:38:15","slug":"walter-lopez-migrante-guatemalteco-en-montana","status":"publish","type":"post","link":"https:\/\/soymigrante.com\/revista\/walter-lopez-migrante-guatemalteco-en-montana\/","title":{"rendered":"&#8220;Todo lo hago por mis hijas&#8221;: Walter L\u00f3pez, migrante guatemalteco en Montana"},"content":{"rendered":"\t\t<div data-elementor-type=\"wp-post\" data-elementor-id=\"1427\" class=\"elementor elementor-1427\" data-elementor-post-type=\"post\">\n\t\t\t\t\t\t<section data-particle_enable=\"false\" data-particle-mobile-disabled=\"false\" class=\"elementor-section elementor-top-section elementor-element elementor-element-b4daf22 elementor-section-boxed elementor-section-height-default elementor-section-height-default\" data-id=\"b4daf22\" data-element_type=\"section\" data-e-type=\"section\">\n\t\t\t\t\t\t<div class=\"elementor-container elementor-column-gap-default\">\n\t\t\t\t\t<div class=\"elementor-column elementor-col-100 elementor-top-column elementor-element elementor-element-5b6e54b\" data-id=\"5b6e54b\" data-element_type=\"column\" data-e-type=\"column\">\n\t\t\t<div class=\"elementor-widget-wrap elementor-element-populated\">\n\t\t\t\t\t\t<div class=\"elementor-element elementor-element-b1706fa elementor-widget elementor-widget-heading\" data-id=\"b1706fa\" data-element_type=\"widget\" data-e-type=\"widget\" data-widget_type=\"heading.default\">\n\t\t\t\t\t<h1 class=\"elementor-heading-title elementor-size-default\">Su trabajo lo ha llevado a cruzar Estados Unidos: en 5 a\u00f1os ha hecho de todo, desde lavaplatos hasta colocar  paredes y techos, pero un accidente le hizo dedicarse a los ductos de aire acondicionado.<\/h1>\t\t\t\t<\/div>\n\t\t\t\t\t<\/div>\n\t\t<\/div>\n\t\t\t\t\t<\/div>\n\t\t<\/section>\n\t\t\t\t<section data-particle_enable=\"false\" data-particle-mobile-disabled=\"false\" class=\"elementor-section elementor-top-section elementor-element elementor-element-048f904 elementor-section-boxed elementor-section-height-default elementor-section-height-default\" data-id=\"048f904\" data-element_type=\"section\" data-e-type=\"section\">\n\t\t\t\t\t\t<div class=\"elementor-container elementor-column-gap-default\">\n\t\t\t\t\t<div class=\"elementor-column elementor-col-100 elementor-top-column elementor-element elementor-element-33b2775\" data-id=\"33b2775\" data-element_type=\"column\" data-e-type=\"column\">\n\t\t\t<div class=\"elementor-widget-wrap elementor-element-populated\">\n\t\t\t\t\t\t<div class=\"elementor-element elementor-element-b4dab44 elementor-widget elementor-widget-image\" data-id=\"b4dab44\" data-element_type=\"widget\" data-e-type=\"widget\" data-widget_type=\"image.default\">\n\t\t\t\t\t\t\t\t\t\t\t\t<figure class=\"wp-caption\">\n\t\t\t\t\t\t\t\t\t\t<img fetchpriority=\"high\" decoding=\"async\" width=\"1024\" height=\"768\" src=\"https:\/\/soymigrante.com\/revista\/wp-content\/uploads\/2023\/06\/walter-lopez-instalador-de-aires-acondicionados-3-1024x768.webp\" class=\"attachment-large size-large wp-image-1431\" alt=\"\" srcset=\"https:\/\/soymigrante.com\/revista\/wp-content\/uploads\/2023\/06\/walter-lopez-instalador-de-aires-acondicionados-3-1024x768.webp 1024w, https:\/\/soymigrante.com\/revista\/wp-content\/uploads\/2023\/06\/walter-lopez-instalador-de-aires-acondicionados-3-300x225.webp 300w, https:\/\/soymigrante.com\/revista\/wp-content\/uploads\/2023\/06\/walter-lopez-instalador-de-aires-acondicionados-3-768x576.webp 768w, https:\/\/soymigrante.com\/revista\/wp-content\/uploads\/2023\/06\/walter-lopez-instalador-de-aires-acondicionados-3-1536x1152.webp 1536w, https:\/\/soymigrante.com\/revista\/wp-content\/uploads\/2023\/06\/walter-lopez-instalador-de-aires-acondicionados-3-750x563.webp 750w, https:\/\/soymigrante.com\/revista\/wp-content\/uploads\/2023\/06\/walter-lopez-instalador-de-aires-acondicionados-3-1140x855.webp 1140w, https:\/\/soymigrante.com\/revista\/wp-content\/uploads\/2023\/06\/walter-lopez-instalador-de-aires-acondicionados-3.webp 1920w\" sizes=\"(max-width: 1024px) 100vw, 1024px\" title=\"walter lopez instalador de aires acondicionados (3) \u2013 SoyMigrante.com REVISTA\" \/>\t\t\t\t\t\t\t\t\t\t\t<figcaption class=\"widget-image-caption wp-caption-text\">Walter Lopez, migrante guatemalteco radicado en Montana, instala aires acondicionados en varios Estados.<\/figcaption>\n\t\t\t\t\t\t\t\t\t\t<\/figure>\n\t\t\t\t\t\t\t\t\t<\/div>\n\t\t\t\t\t<\/div>\n\t\t<\/div>\n\t\t\t\t\t<\/div>\n\t\t<\/section>\n\t\t\t\t<section data-particle_enable=\"false\" data-particle-mobile-disabled=\"false\" class=\"elementor-section elementor-top-section elementor-element elementor-element-210fa82 elementor-section-boxed elementor-section-height-default elementor-section-height-default\" data-id=\"210fa82\" data-element_type=\"section\" data-e-type=\"section\">\n\t\t\t\t\t\t<div class=\"elementor-container elementor-column-gap-default\">\n\t\t\t\t\t<div class=\"elementor-column elementor-col-100 elementor-top-column elementor-element elementor-element-c4350ca\" data-id=\"c4350ca\" data-element_type=\"column\" data-e-type=\"column\">\n\t\t\t<div class=\"elementor-widget-wrap elementor-element-populated\">\n\t\t\t\t\t\t<div class=\"elementor-element elementor-element-7204f09 elementor-widget elementor-widget-text-editor\" data-id=\"7204f09\" data-element_type=\"widget\" data-e-type=\"widget\" data-widget_type=\"text-editor.default\">\n\t\t\t\t\t\t\t\t\t<p>Walter L\u00f3pez recuerda casi con precisi\u00f3n cronom\u00e9trica el instante en el cual perdi\u00f3 el equilibrio. Se ve a s\u00ed mismo, pr\u00e1cticamente en el aire. Por su mente cruz\u00f3 lo peor. \u201cFue un descuido. Ocurri\u00f3 en un momento en que no ten\u00eda puesto el arn\u00e9s de seguridad. Me confi\u00e9 y resbal\u00e9\u201d, cuenta el migrante guatemalteco.<\/p><p>Es originario del caser\u00edo Catabal\u00e1, aldea Tunay\u00e1,\u00a0 Momostenango, Totonicap\u00e1n, Guatemala. Actualmente vive y trabaja en Montana, Estados Unidos, pero ha viajado por muchos estados en busca de trabajo. Su actual empleo es la la instalaci\u00f3n de tuber\u00edas para aires acondicionados.\u00a0\u00a0<span style=\"color: var( --e-global-color-text ); background-color: var(--ak-bg-color);\">Pero \u00e9l mismo est\u00e1 en busca de nuevos aires.<\/span><\/p><div><span style=\"background-color: transparent; color: #000000; font-family: Arial; font-size: 11pt; font-style: normal; font-variant-ligatures: normal; font-variant-caps: normal; font-weight: 400; white-space-collapse: preserve;\">\u00a0<\/span><\/div>\t\t\t\t\t\t\t\t<\/div>\n\t\t\t\t\t<\/div>\n\t\t<\/div>\n\t\t\t\t\t<\/div>\n\t\t<\/section>\n\t\t\t\t<section data-particle_enable=\"false\" data-particle-mobile-disabled=\"false\" class=\"elementor-section elementor-top-section elementor-element elementor-element-e1daab3 elementor-section-boxed elementor-section-height-default elementor-section-height-default\" data-id=\"e1daab3\" data-element_type=\"section\" data-e-type=\"section\">\n\t\t\t\t\t\t<div class=\"elementor-container elementor-column-gap-default\">\n\t\t\t\t\t<div class=\"elementor-column elementor-col-100 elementor-top-column elementor-element elementor-element-73a1b83\" data-id=\"73a1b83\" data-element_type=\"column\" data-e-type=\"column\">\n\t\t\t<div class=\"elementor-widget-wrap elementor-element-populated\">\n\t\t\t\t\t\t<div class=\"elementor-element elementor-element-2880352 elementor-widget elementor-widget-heading\" data-id=\"2880352\" data-element_type=\"widget\" data-e-type=\"widget\" data-widget_type=\"heading.default\">\n\t\t\t\t\t<h2 class=\"elementor-heading-title elementor-size-default\">\"No aguant\u00e9 el calor de Georgia\" <\/h2>\t\t\t\t<\/div>\n\t\t\t\t\t<\/div>\n\t\t<\/div>\n\t\t\t\t\t<\/div>\n\t\t<\/section>\n\t\t\t\t<section data-particle_enable=\"false\" data-particle-mobile-disabled=\"false\" class=\"elementor-section elementor-top-section elementor-element elementor-element-41fbe32 elementor-section-boxed elementor-section-height-default elementor-section-height-default\" data-id=\"41fbe32\" data-element_type=\"section\" data-e-type=\"section\">\n\t\t\t\t\t\t<div class=\"elementor-container elementor-column-gap-default\">\n\t\t\t\t\t<div class=\"elementor-column elementor-col-100 elementor-top-column elementor-element elementor-element-2dd5dc5\" data-id=\"2dd5dc5\" data-element_type=\"column\" data-e-type=\"column\">\n\t\t\t<div class=\"elementor-widget-wrap elementor-element-populated\">\n\t\t\t\t\t\t<div class=\"elementor-element elementor-element-9830096 elementor-widget elementor-widget-text-editor\" data-id=\"9830096\" data-element_type=\"widget\" data-e-type=\"widget\" data-widget_type=\"text-editor.default\">\n\t\t\t\t\t\t\t\t\t<p><span style=\"color: var( --e-global-color-text ); background-color: var(--ak-bg-color);\">Aunque de ni\u00f1o Walter particip\u00f3 en actividades agr\u00edcolas junto con su familia, nada lo prepar\u00f3 para las cosechas de ar\u00e1ndanos en Georgia. Fue el primer trabajo que tuvo en Estados Unidos. \u201cEra dif\u00edcil, por el calor, por el esfuerzo que implica estar agachado. Estuve cuatro meses trabajando en eso, pero eran temperaturas muy altas, sent\u00eda ahogarme\u201d, cuenta.<\/span><\/p><p>Walter se dedicaba al comercio en el mercado de Quezaltenango, tambi\u00e9n fabricaba desinfectantes y productos de limpieza, pero la materia prima se encareci\u00f3 y las ganancias mermaron. Las necesidades familiares rebasaban sus ingresos. Por eso migr\u00f3.<\/p><p><span style=\"color: var( --e-global-color-text ); background-color: var(--ak-bg-color);\">Despu\u00e9s de Georgia fue a trabajar de lavaplatos en Texas. Gracias a un amigo pas\u00f3 a trabajar a la instalaci\u00f3n de aires acondicionados. \u201cEran trabajos temporales y uno por ser indocumentado se dificulta hallar espacio.\u201d, cuenta. Pero hab\u00eda una barrera a\u00fan mayor: no hablaba nada de ingl\u00e9s y al llegar un nuevo jefe, lo despidi\u00f3.<\/span><\/p>\t\t\t\t\t\t\t\t<\/div>\n\t\t\t\t\t<\/div>\n\t\t<\/div>\n\t\t\t\t\t<\/div>\n\t\t<\/section>\n\t\t\t\t<section data-particle_enable=\"false\" data-particle-mobile-disabled=\"false\" class=\"elementor-section elementor-top-section elementor-element elementor-element-0523a14 elementor-section-boxed elementor-section-height-default elementor-section-height-default\" data-id=\"0523a14\" data-element_type=\"section\" data-e-type=\"section\">\n\t\t\t\t\t\t<div class=\"elementor-container elementor-column-gap-default\">\n\t\t\t\t\t<div class=\"elementor-column elementor-col-100 elementor-top-column elementor-element elementor-element-a7b68f0\" data-id=\"a7b68f0\" data-element_type=\"column\" data-e-type=\"column\">\n\t\t\t<div class=\"elementor-widget-wrap elementor-element-populated\">\n\t\t\t\t\t\t<div class=\"elementor-element elementor-element-714f915 elementor-arrows-position-inside elementor-pagination-position-outside elementor-widget elementor-widget-image-carousel\" data-id=\"714f915\" data-element_type=\"widget\" data-e-type=\"widget\" data-settings=\"{&quot;slides_to_show&quot;:&quot;1&quot;,&quot;navigation&quot;:&quot;both&quot;,&quot;autoplay&quot;:&quot;yes&quot;,&quot;pause_on_hover&quot;:&quot;yes&quot;,&quot;pause_on_interaction&quot;:&quot;yes&quot;,&quot;autoplay_speed&quot;:5000,&quot;infinite&quot;:&quot;yes&quot;,&quot;effect&quot;:&quot;slide&quot;,&quot;speed&quot;:500}\" data-widget_type=\"image-carousel.default\">\n\t\t\t\t\t\t\t<div class=\"elementor-image-carousel-wrapper swiper\" role=\"region\" aria-roledescription=\"carousel\" aria-label=\"Carrusel de im\u00e1genes\" dir=\"ltr\">\n\t\t\t<div class=\"elementor-image-carousel swiper-wrapper\" aria-live=\"off\">\n\t\t\t\t\t\t\t\t<div class=\"swiper-slide\" role=\"group\" aria-roledescription=\"slide\" aria-label=\"1 de 12\"><figure class=\"swiper-slide-inner\"><img decoding=\"async\" class=\"swiper-slide-image\" src=\"https:\/\/soymigrante.com\/revista\/wp-content\/uploads\/2023\/06\/walter-lopez-instalador-de-aires-acondicionados-12-1024x768.webp\" alt=\"Walter Lopez, migrante guatemalteco radicado en Montana, instala aires acondicionados en varios Estados.\" \/><\/figure><\/div><div class=\"swiper-slide\" role=\"group\" aria-roledescription=\"slide\" aria-label=\"2 de 12\"><figure class=\"swiper-slide-inner\"><img decoding=\"async\" class=\"swiper-slide-image\" src=\"https:\/\/soymigrante.com\/revista\/wp-content\/uploads\/2023\/06\/walter-lopez-instalador-de-aires-acondicionados-11-1024x768.webp\" alt=\"Walter Lopez, migrante guatemalteco radicado en Montana, instala aires acondicionados en varios Estados.\" \/><\/figure><\/div><div class=\"swiper-slide\" role=\"group\" aria-roledescription=\"slide\" aria-label=\"3 de 12\"><figure class=\"swiper-slide-inner\"><img decoding=\"async\" class=\"swiper-slide-image\" src=\"https:\/\/soymigrante.com\/revista\/wp-content\/uploads\/2023\/06\/walter-lopez-instalador-de-aires-acondicionados-10-1024x768.webp\" alt=\"Walter Lopez, migrante guatemalteco radicado en Montana, instala aires acondicionados en varios Estados.\" \/><\/figure><\/div><div class=\"swiper-slide\" role=\"group\" aria-roledescription=\"slide\" aria-label=\"4 de 12\"><figure class=\"swiper-slide-inner\"><img decoding=\"async\" class=\"swiper-slide-image\" src=\"https:\/\/soymigrante.com\/revista\/wp-content\/uploads\/2023\/06\/walter-lopez-instalador-de-aires-acondicionados-9-1024x768.webp\" alt=\"Walter Lopez, migrante guatemalteco radicado en Montana, instala aires acondicionados en varios Estados.\" \/><\/figure><\/div><div class=\"swiper-slide\" role=\"group\" aria-roledescription=\"slide\" aria-label=\"5 de 12\"><figure class=\"swiper-slide-inner\"><img decoding=\"async\" class=\"swiper-slide-image\" src=\"https:\/\/soymigrante.com\/revista\/wp-content\/uploads\/2023\/06\/walter-lopez-instalador-de-aires-acondicionados-7-1024x768.webp\" alt=\"walter lopez instalador de aires acondicionados (7)\" \/><\/figure><\/div><div class=\"swiper-slide\" role=\"group\" aria-roledescription=\"slide\" aria-label=\"6 de 12\"><figure class=\"swiper-slide-inner\"><img decoding=\"async\" class=\"swiper-slide-image\" src=\"https:\/\/soymigrante.com\/revista\/wp-content\/uploads\/2023\/06\/walter-lopez-instalador-de-aires-acondicionados-6-1024x768.webp\" alt=\"Walter Lopez, migrante guatemalteco radicado en Montana, instala aires acondicionados en varios Estados.\" \/><\/figure><\/div><div class=\"swiper-slide\" role=\"group\" aria-roledescription=\"slide\" aria-label=\"7 de 12\"><figure class=\"swiper-slide-inner\"><img decoding=\"async\" class=\"swiper-slide-image\" src=\"https:\/\/soymigrante.com\/revista\/wp-content\/uploads\/2023\/06\/walter-lopez-instalador-de-aires-acondicionados-5-1024x768.webp\" alt=\"Walter Lopez, migrante guatemalteco radicado en Montana, instala aires acondicionados en varios Estados.\" \/><\/figure><\/div><div class=\"swiper-slide\" role=\"group\" aria-roledescription=\"slide\" aria-label=\"8 de 12\"><figure class=\"swiper-slide-inner\"><img decoding=\"async\" class=\"swiper-slide-image\" src=\"https:\/\/soymigrante.com\/revista\/wp-content\/uploads\/2023\/06\/walter-lopez-instalador-de-aires-acondicionados-4-1024x768.webp\" alt=\"Walter Lopez, migrante guatemalteco radicado en Montana, instala aires acondicionados en varios Estados.\" \/><\/figure><\/div><div class=\"swiper-slide\" role=\"group\" aria-roledescription=\"slide\" aria-label=\"9 de 12\"><figure class=\"swiper-slide-inner\"><img decoding=\"async\" class=\"swiper-slide-image\" src=\"https:\/\/soymigrante.com\/revista\/wp-content\/uploads\/2023\/06\/walter-lopez-instalador-de-aires-acondicionados-3-1024x768.webp\" alt=\"Walter Lopez, migrante guatemalteco radicado en Montana, instala aires acondicionados en varios Estados.\" \/><\/figure><\/div><div class=\"swiper-slide\" role=\"group\" aria-roledescription=\"slide\" aria-label=\"10 de 12\"><figure class=\"swiper-slide-inner\"><img decoding=\"async\" class=\"swiper-slide-image\" src=\"https:\/\/soymigrante.com\/revista\/wp-content\/uploads\/2023\/06\/walter-lopez-instalador-de-aires-acondicionados-2-1024x768.webp\" alt=\"Walter Lopez, migrante guatemalteco radicado en Montana, instala aires acondicionados en varios Estados.\" \/><\/figure><\/div><div class=\"swiper-slide\" role=\"group\" aria-roledescription=\"slide\" aria-label=\"11 de 12\"><figure class=\"swiper-slide-inner\"><img decoding=\"async\" class=\"swiper-slide-image\" src=\"https:\/\/soymigrante.com\/revista\/wp-content\/uploads\/2023\/06\/walter-lopez-instalador-de-aires-acondicionados-1-1024x768.webp\" alt=\"Walter Lopez, migrante guatemalteco radicado en Montana, instala aires acondicionados en varios Estados.\" \/><\/figure><\/div><div class=\"swiper-slide\" role=\"group\" aria-roledescription=\"slide\" aria-label=\"12 de 12\"><figure class=\"swiper-slide-inner\"><img decoding=\"async\" class=\"swiper-slide-image\" src=\"https:\/\/soymigrante.com\/revista\/wp-content\/uploads\/2023\/06\/walter-lopez-instalador-de-aires-acondicionados-8-1024x768.webp\" alt=\"Walter Lopez, migrante guatemalteco radicado en Montana, instala aires acondicionados en varios Estados.\" \/><\/figure><\/div>\t\t\t<\/div>\n\t\t\t\t\t\t\t\t\t\t\t\t<div class=\"elementor-swiper-button elementor-swiper-button-prev\" role=\"button\" tabindex=\"0\">\n\t\t\t\t\t\t<i aria-hidden=\"true\" class=\"eicon-chevron-left\"><\/i>\t\t\t\t\t<\/div>\n\t\t\t\t\t<div class=\"elementor-swiper-button elementor-swiper-button-next\" role=\"button\" tabindex=\"0\">\n\t\t\t\t\t\t<i aria-hidden=\"true\" class=\"eicon-chevron-right\"><\/i>\t\t\t\t\t<\/div>\n\t\t\t\t\n\t\t\t\t\t\t\t\t\t<div class=\"swiper-pagination\"><\/div>\n\t\t\t\t\t\t\t\t\t<\/div>\n\t\t\t\t\t\t<\/div>\n\t\t\t\t\t<\/div>\n\t\t<\/div>\n\t\t\t\t\t<\/div>\n\t\t<\/section>\n\t\t\t\t<section data-particle_enable=\"false\" data-particle-mobile-disabled=\"false\" class=\"elementor-section elementor-top-section elementor-element elementor-element-632309f elementor-section-boxed elementor-section-height-default elementor-section-height-default\" data-id=\"632309f\" data-element_type=\"section\" data-e-type=\"section\">\n\t\t\t\t\t\t<div class=\"elementor-container elementor-column-gap-default\">\n\t\t\t\t\t<div class=\"elementor-column elementor-col-100 elementor-top-column elementor-element elementor-element-b3566a4\" data-id=\"b3566a4\" data-element_type=\"column\" data-e-type=\"column\">\n\t\t\t<div class=\"elementor-widget-wrap elementor-element-populated\">\n\t\t\t\t\t\t<div class=\"elementor-element elementor-element-9e6fd40 elementor-widget elementor-widget-text-editor\" data-id=\"9e6fd40\" data-element_type=\"widget\" data-e-type=\"widget\" data-widget_type=\"text-editor.default\">\n\t\t\t\t\t\t\t\t\t<p><b>El trabajo en instalar ductos de aire acondicionado ha llevado a Walter por varios Estados y siempre se toma una fotograf\u00eda de recuerdo&nbsp; en el letrero de bienvenida.<\/b><\/p>\t\t\t\t\t\t\t\t<\/div>\n\t\t\t\t\t<\/div>\n\t\t<\/div>\n\t\t\t\t\t<\/div>\n\t\t<\/section>\n\t\t\t\t<section data-particle_enable=\"false\" data-particle-mobile-disabled=\"false\" class=\"elementor-section elementor-top-section elementor-element elementor-element-671174c elementor-section-boxed elementor-section-height-default elementor-section-height-default\" data-id=\"671174c\" data-element_type=\"section\" data-e-type=\"section\">\n\t\t\t\t\t\t<div class=\"elementor-container elementor-column-gap-default\">\n\t\t\t\t\t<div class=\"elementor-column elementor-col-100 elementor-top-column elementor-element elementor-element-34a1a91\" data-id=\"34a1a91\" data-element_type=\"column\" data-e-type=\"column\">\n\t\t\t<div class=\"elementor-widget-wrap elementor-element-populated\">\n\t\t\t\t\t\t<div class=\"elementor-element elementor-element-c0eecbc elementor-widget-divider--view-line elementor-widget elementor-widget-divider\" data-id=\"c0eecbc\" data-element_type=\"widget\" data-e-type=\"widget\" data-widget_type=\"divider.default\">\n\t\t\t\t\t\t\t<div class=\"elementor-divider\">\n\t\t\t<span class=\"elementor-divider-separator\">\n\t\t\t\t\t\t<\/span>\n\t\t<\/div>\n\t\t\t\t\t\t<\/div>\n\t\t\t\t\t<\/div>\n\t\t<\/div>\n\t\t\t\t\t<\/div>\n\t\t<\/section>\n\t\t\t\t<section data-particle_enable=\"false\" data-particle-mobile-disabled=\"false\" class=\"elementor-section elementor-top-section elementor-element elementor-element-946e444 elementor-section-boxed elementor-section-height-default elementor-section-height-default\" data-id=\"946e444\" data-element_type=\"section\" data-e-type=\"section\">\n\t\t\t\t\t\t<div class=\"elementor-container elementor-column-gap-default\">\n\t\t\t\t\t<div class=\"elementor-column elementor-col-100 elementor-top-column elementor-element elementor-element-c4ba8b9\" data-id=\"c4ba8b9\" data-element_type=\"column\" data-e-type=\"column\">\n\t\t\t<div class=\"elementor-widget-wrap elementor-element-populated\">\n\t\t\t\t\t\t<div class=\"elementor-element elementor-element-d8d38fb elementor-widget elementor-widget-heading\" data-id=\"d8d38fb\" data-element_type=\"widget\" data-e-type=\"widget\" data-widget_type=\"heading.default\">\n\t\t\t\t\t<h1 class=\"elementor-heading-title elementor-size-default\">La ca\u00edda y el cambio<\/h1>\t\t\t\t<\/div>\n\t\t\t\t\t<\/div>\n\t\t<\/div>\n\t\t\t\t\t<\/div>\n\t\t<\/section>\n\t\t\t\t<section data-particle_enable=\"false\" data-particle-mobile-disabled=\"false\" class=\"elementor-section elementor-top-section elementor-element elementor-element-4af485e elementor-section-boxed elementor-section-height-default elementor-section-height-default\" data-id=\"4af485e\" data-element_type=\"section\" data-e-type=\"section\">\n\t\t\t\t\t\t<div class=\"elementor-container elementor-column-gap-default\">\n\t\t\t\t\t<div class=\"elementor-column elementor-col-100 elementor-top-column elementor-element elementor-element-88b2372\" data-id=\"88b2372\" data-element_type=\"column\" data-e-type=\"column\">\n\t\t\t<div class=\"elementor-widget-wrap elementor-element-populated\">\n\t\t\t\t\t\t<div class=\"elementor-element elementor-element-2fc3366 elementor-widget elementor-widget-text-editor\" data-id=\"2fc3366\" data-element_type=\"widget\" data-e-type=\"widget\" data-widget_type=\"text-editor.default\">\n\t\t\t\t\t\t\t\t\t<p><span style=\"color: var( --e-global-color-text ); background-color: var(--ak-bg-color);\">\u201cAc\u00e1 los techos son muy distintos a los de Guatemala. Es una plancha de caucho que va encima de la estructura de metal o de madera. Son pedazos que tienen impregnada fibra de vidrio. Ten\u00eda que usar m\u00e1scara y tambi\u00e9n un arn\u00e9s. A veces tocaba trabajar alto y me daba miedo. Poco a poco se me fue quitando el miedo y fue cuando me ca\u00ed. Busqu\u00e9 de d\u00f3nde agarrarme pero no ten\u00eda\u201d.<\/span><\/p><p>Por suerte Walter sufri\u00f3 solo algunos golpes menores, porque cay\u00f3 sobre unos arbustos. \u201cPero he sabido de compa\u00f1eros que han muerto en una ca\u00edda. Cuando ven\u00eda en el aire pens\u00e9 en mis hijas\u201d, cuenta.<\/p><p>\u201cDecid\u00ed dejar ese trabajo. Lo pagaban bien pero no quer\u00eda que me pasara otra vez\u201d, relata y fue as\u00ed como volvi\u00f3 a encontrar trabajo en la instalaci\u00f3n de ductos de aire acondicionado. \u201cPero ten\u00eda una diferencia, ya hab\u00eda empezado a estudiar ingl\u00e9s. Leer y entender el ingl\u00e9s mejora mucho las oportunidades, porque te permite leer planos y medidas. La exactitud es importante al hacer una instalaci\u00f3n, para que quede sin fugas y s\u00f3lida. Debemos hacer cortes exactos de las planchas de metal\u201d, cuenta.<\/p>\t\t\t\t\t\t\t\t<\/div>\n\t\t\t\t\t<\/div>\n\t\t<\/div>\n\t\t\t\t\t<\/div>\n\t\t<\/section>\n\t\t\t\t<section data-particle_enable=\"false\" data-particle-mobile-disabled=\"false\" class=\"elementor-section elementor-top-section elementor-element elementor-element-75d6a95 elementor-section-boxed elementor-section-height-default elementor-section-height-default\" data-id=\"75d6a95\" data-element_type=\"section\" data-e-type=\"section\">\n\t\t\t\t\t\t<div class=\"elementor-container elementor-column-gap-default\">\n\t\t\t\t\t<div class=\"elementor-column elementor-col-100 elementor-top-column elementor-element elementor-element-85e3a1b\" data-id=\"85e3a1b\" data-element_type=\"column\" data-e-type=\"column\">\n\t\t\t<div class=\"elementor-widget-wrap elementor-element-populated\">\n\t\t\t\t\t\t<div class=\"elementor-element elementor-element-41c1291 elementor-widget elementor-widget-image\" data-id=\"41c1291\" data-element_type=\"widget\" data-e-type=\"widget\" data-widget_type=\"image.default\">\n\t\t\t\t\t\t\t\t\t\t\t\t<figure class=\"wp-caption\">\n\t\t\t\t\t\t\t\t\t\t<img decoding=\"async\" width=\"768\" height=\"1024\" src=\"https:\/\/soymigrante.com\/revista\/wp-content\/uploads\/2023\/06\/walter-lopez-instalador-de-aires-acondicionados-15.webp\" class=\"attachment-large size-large wp-image-1443\" alt=\"\" srcset=\"https:\/\/soymigrante.com\/revista\/wp-content\/uploads\/2023\/06\/walter-lopez-instalador-de-aires-acondicionados-15.webp 768w, https:\/\/soymigrante.com\/revista\/wp-content\/uploads\/2023\/06\/walter-lopez-instalador-de-aires-acondicionados-15-225x300.webp 225w, https:\/\/soymigrante.com\/revista\/wp-content\/uploads\/2023\/06\/walter-lopez-instalador-de-aires-acondicionados-15-750x1000.webp 750w\" sizes=\"(max-width: 768px) 100vw, 768px\" title=\"walter lopez instalador de aires acondicionados (15) \u2013 SoyMigrante.com REVISTA\" \/>\t\t\t\t\t\t\t\t\t\t\t<figcaption class=\"widget-image-caption wp-caption-text\">Un ejemplo de los trabajos que hace Walter, en casas, almacenes y edificios.<\/figcaption>\n\t\t\t\t\t\t\t\t\t\t<\/figure>\n\t\t\t\t\t\t\t\t\t<\/div>\n\t\t\t\t\t<\/div>\n\t\t<\/div>\n\t\t\t\t\t<\/div>\n\t\t<\/section>\n\t\t\t\t<section data-particle_enable=\"false\" data-particle-mobile-disabled=\"false\" class=\"elementor-section elementor-top-section elementor-element elementor-element-4398b4e elementor-section-boxed elementor-section-height-default elementor-section-height-default\" data-id=\"4398b4e\" data-element_type=\"section\" data-e-type=\"section\">\n\t\t\t\t\t\t<div class=\"elementor-container elementor-column-gap-default\">\n\t\t\t\t\t<div class=\"elementor-column elementor-col-100 elementor-top-column elementor-element elementor-element-283bd6c\" data-id=\"283bd6c\" data-element_type=\"column\" data-e-type=\"column\">\n\t\t\t<div class=\"elementor-widget-wrap elementor-element-populated\">\n\t\t\t\t\t\t<div class=\"elementor-element elementor-element-c6755a4 elementor-widget elementor-widget-heading\" data-id=\"c6755a4\" data-element_type=\"widget\" data-e-type=\"widget\" data-widget_type=\"heading.default\">\n\t\t\t\t\t<h1 class=\"elementor-heading-title elementor-size-default\">Por amor resiste la distancia <\/h1>\t\t\t\t<\/div>\n\t\t\t\t\t<\/div>\n\t\t<\/div>\n\t\t\t\t\t<\/div>\n\t\t<\/section>\n\t\t\t\t<section data-particle_enable=\"false\" data-particle-mobile-disabled=\"false\" class=\"elementor-section elementor-top-section elementor-element elementor-element-88765e2 elementor-section-boxed elementor-section-height-default elementor-section-height-default\" data-id=\"88765e2\" data-element_type=\"section\" data-e-type=\"section\">\n\t\t\t\t\t\t<div class=\"elementor-container elementor-column-gap-default\">\n\t\t\t\t\t<div class=\"elementor-column elementor-col-100 elementor-top-column elementor-element elementor-element-67d7b86\" data-id=\"67d7b86\" data-element_type=\"column\" data-e-type=\"column\">\n\t\t\t<div class=\"elementor-widget-wrap elementor-element-populated\">\n\t\t\t\t\t\t<div class=\"elementor-element elementor-element-00b4672 elementor-widget elementor-widget-text-editor\" data-id=\"00b4672\" data-element_type=\"widget\" data-e-type=\"widget\" data-widget_type=\"text-editor.default\">\n\t\t\t\t\t\t\t\t\t<p>A Walter le dan unos deseos inmensos de regresar a Guatemala.\u00a0 \u201cPero todav\u00eda no tengo opciones en Guatemala y por ahora quiero que mis hijas tengan sus estudios y todo lo que necesitan\u201d. Se llaman Jeimy Dayana, de 12 a\u00f1os y Allison Daniela, de 7. Si a esas edades les restamos cinco, quiere decir que ten\u00edan 7 y 2 cuando \u00e9l se march\u00f3. \u201cMi ausencia es para darle un mejor futuro\u201d, dice con nostalgia. \u201cEllas le echan ganas a sus estudios para poder triunfar en su tierra sin tener que irse\u201d, finaliza.<\/p>\t\t\t\t\t\t\t\t<\/div>\n\t\t\t\t\t<\/div>\n\t\t<\/div>\n\t\t\t\t\t<\/div>\n\t\t<\/section>\n\t\t\t\t<section data-particle_enable=\"false\" data-particle-mobile-disabled=\"false\" class=\"elementor-section elementor-top-section elementor-element elementor-element-ddb2f39 elementor-section-boxed elementor-section-height-default elementor-section-height-default\" data-id=\"ddb2f39\" data-element_type=\"section\" data-e-type=\"section\">\n\t\t\t\t\t\t<div class=\"elementor-container elementor-column-gap-default\">\n\t\t\t\t\t<div class=\"elementor-column elementor-col-100 elementor-top-column elementor-element elementor-element-845791a\" data-id=\"845791a\" data-element_type=\"column\" data-e-type=\"column\">\n\t\t\t<div class=\"elementor-widget-wrap elementor-element-populated\">\n\t\t\t\t\t\t<div class=\"elementor-element elementor-element-2500d74 elementor-widget elementor-widget-image\" data-id=\"2500d74\" data-element_type=\"widget\" data-e-type=\"widget\" data-widget_type=\"image.default\">\n\t\t\t\t\t\t\t\t\t\t\t\t<figure class=\"wp-caption\">\n\t\t\t\t\t\t\t\t\t\t<img decoding=\"async\" width=\"769\" height=\"1024\" src=\"https:\/\/soymigrante.com\/revista\/wp-content\/uploads\/2023\/06\/walter-lopez-instalador-de-aires-acondicionados-16.webp\" class=\"attachment-large size-large wp-image-1444\" alt=\"Walter Lopez, migrante guatemalteco radicado en Montana, instala aires acondicionados en varios Estados.\" srcset=\"https:\/\/soymigrante.com\/revista\/wp-content\/uploads\/2023\/06\/walter-lopez-instalador-de-aires-acondicionados-16.webp 769w, https:\/\/soymigrante.com\/revista\/wp-content\/uploads\/2023\/06\/walter-lopez-instalador-de-aires-acondicionados-16-225x300.webp 225w, https:\/\/soymigrante.com\/revista\/wp-content\/uploads\/2023\/06\/walter-lopez-instalador-de-aires-acondicionados-16-750x999.webp 750w\" sizes=\"(max-width: 769px) 100vw, 769px\" title=\"Walter Lopez, migrante guatemalteco radicado en Montana, instala aires acondicionados en varios Estados. \u2013 SoyMigrante.com REVISTA\" \/>\t\t\t\t\t\t\t\t\t\t\t<figcaption class=\"widget-image-caption wp-caption-text\">Un momento de descanso durante la jornada. Aprender ingl\u00e9s ha mejorado el desempe\u00f1o y la estabilidad laboral de Walter.<\/figcaption>\n\t\t\t\t\t\t\t\t\t\t<\/figure>\n\t\t\t\t\t\t\t\t\t<\/div>\n\t\t\t\t\t<\/div>\n\t\t<\/div>\n\t\t\t\t\t<\/div>\n\t\t<\/section>\n\t\t\t\t<section data-particle_enable=\"false\" data-particle-mobile-disabled=\"false\" class=\"elementor-section elementor-top-section elementor-element elementor-element-a65dfc1 elementor-section-boxed elementor-section-height-default elementor-section-height-default\" data-id=\"a65dfc1\" data-element_type=\"section\" data-e-type=\"section\">\n\t\t\t\t\t\t<div class=\"elementor-container elementor-column-gap-default\">\n\t\t\t\t\t<div class=\"elementor-column elementor-col-100 elementor-top-column elementor-element elementor-element-243f241\" data-id=\"243f241\" data-element_type=\"column\" data-e-type=\"column\">\n\t\t\t<div class=\"elementor-widget-wrap elementor-element-populated\">\n\t\t\t\t\t\t<div class=\"elementor-element elementor-element-b502871 elementor-widget elementor-widget-heading\" data-id=\"b502871\" data-element_type=\"widget\" data-e-type=\"widget\" data-widget_type=\"heading.default\">\n\t\t\t\t\t<h1 class=\"elementor-heading-title elementor-size-default\">Nuevos aires de crecimiento<\/h1>\t\t\t\t<\/div>\n\t\t\t\t\t<\/div>\n\t\t<\/div>\n\t\t\t\t\t<\/div>\n\t\t<\/section>\n\t\t\t\t<section data-particle_enable=\"false\" data-particle-mobile-disabled=\"false\" class=\"elementor-section elementor-top-section elementor-element elementor-element-f55d56a elementor-section-boxed elementor-section-height-default elementor-section-height-default\" data-id=\"f55d56a\" data-element_type=\"section\" data-e-type=\"section\">\n\t\t\t\t\t\t<div class=\"elementor-container elementor-column-gap-default\">\n\t\t\t\t\t<div class=\"elementor-column elementor-col-100 elementor-top-column elementor-element elementor-element-6f17daa\" data-id=\"6f17daa\" data-element_type=\"column\" data-e-type=\"column\">\n\t\t\t<div class=\"elementor-widget-wrap elementor-element-populated\">\n\t\t\t\t\t\t<div class=\"elementor-element elementor-element-cc26edf elementor-widget elementor-widget-text-editor\" data-id=\"cc26edf\" data-element_type=\"widget\" data-e-type=\"widget\" data-widget_type=\"text-editor.default\">\n\t\t\t\t\t\t\t\t\t<p><span style=\"color: var( --e-global-color-text ); background-color: var(--ak-bg-color);\">Al pedirle algunas fotograf\u00edas de su vida en Estados Unidos, Walter sugiere aquellas en las cuales le ha tocado viajar a instalar ductos de aire en otros Estados. Sigue viviendo en Montana, pero ha estado en Iowa, Alabama, Arizona, Idaho, Wyoming, Utah, Missouri, Tennessee, Florida, Nuevo M\u00e9xico, Washington, Texas y alguna vez\u2026 tambi\u00e9n a Georgia, pero ya no en el calor sino en el aire acondicionado.<\/span><\/p>\n<p><span style=\"color: var( --e-global-color-text ); background-color: var(--ak-bg-color);\">Adem\u00e1s, como parte de esos nuevos aires de crecimiento, adem\u00e1s de seguir estudiando ingl\u00e9s, est\u00e1 cursando una carrera de Administraci\u00f3n, en una universidad en l\u00ednea. &#8220;Tenemos que seguir creciendo, para lograr mejor avance y as\u00ed un d\u00eda poder regresar a mi tierra&#8221;, dice.<\/span><\/p>\t\t\t\t\t\t\t\t<\/div>\n\t\t\t\t\t<\/div>\n\t\t<\/div>\n\t\t\t\t\t<\/div>\n\t\t<\/section>\n\t\t\t\t<section data-particle_enable=\"false\" data-particle-mobile-disabled=\"false\" class=\"elementor-section elementor-top-section elementor-element elementor-element-6b36128 elementor-section-boxed elementor-section-height-default elementor-section-height-default\" data-id=\"6b36128\" data-element_type=\"section\" data-e-type=\"section\">\n\t\t\t\t\t\t<div class=\"elementor-container elementor-column-gap-default\">\n\t\t\t\t\t<div class=\"elementor-column elementor-col-100 elementor-top-column elementor-element elementor-element-2817f4b\" data-id=\"2817f4b\" data-element_type=\"column\" data-e-type=\"column\">\n\t\t\t<div class=\"elementor-widget-wrap elementor-element-populated\">\n\t\t\t\t\t\t<div class=\"elementor-element elementor-element-81c7ab5 elementor-widget elementor-widget-google_maps\" data-id=\"81c7ab5\" data-element_type=\"widget\" data-e-type=\"widget\" data-widget_type=\"google_maps.default\">\n\t\t\t\t\t\t\t<div class=\"elementor-custom-embed\">\n\t\t\t<iframe loading=\"lazy\"\n\t\t\t\t\tsrc=\"https:\/\/maps.google.com\/maps?q=catabala%20momostenango&#038;t=m&#038;z=12&#038;output=embed&#038;iwloc=near\"\n\t\t\t\t\ttitle=\"catabala momostenango\"\n\t\t\t\t\taria-label=\"catabala momostenango\"\n\t\t\t><\/iframe>\n\t\t<\/div>\n\t\t\t\t\t\t<\/div>\n\t\t\t\t\t<\/div>\n\t\t<\/div>\n\t\t\t\t\t<\/div>\n\t\t<\/section>\n\t\t\t\t<section data-particle_enable=\"false\" data-particle-mobile-disabled=\"false\" class=\"elementor-section elementor-top-section elementor-element elementor-element-f57aab2 elementor-section-boxed elementor-section-height-default elementor-section-height-default\" data-id=\"f57aab2\" data-element_type=\"section\" data-e-type=\"section\">\n\t\t\t\t\t\t<div class=\"elementor-container elementor-column-gap-default\">\n\t\t\t\t\t<div class=\"elementor-column elementor-col-100 elementor-top-column elementor-element elementor-element-67fcf15\" data-id=\"67fcf15\" data-element_type=\"column\" data-e-type=\"column\">\n\t\t\t<div class=\"elementor-widget-wrap elementor-element-populated\">\n\t\t\t\t\t\t<div class=\"elementor-element elementor-element-49dad01 elementor-widget elementor-widget-text-editor\" data-id=\"49dad01\" data-element_type=\"widget\" data-e-type=\"widget\" data-widget_type=\"text-editor.default\">\n\t\t\t\t\t\t\t\t\t<p>Catabal\u00e1, en Momostenango, Totonicap\u00e1n, es la aldea natal de Walter, a donde sue\u00f1a regresar alg\u00fan d\u00eda.<\/p>\t\t\t\t\t\t\t\t<\/div>\n\t\t\t\t\t<\/div>\n\t\t<\/div>\n\t\t\t\t\t<\/div>\n\t\t<\/section>\n\t\t\t\t<\/div>\n\t\t","protected":false},"excerpt":{"rendered":"<p>Su trabajo lo ha llevado a cruzar Estados Unidos: en 5 a\u00f1os ha hecho de todo, desde lavaplatos hasta colocar paredes y techos, pero un accidente le hizo dedicarse a los ductos de aire acondicionado. Walter Lopez, migrante guatemalteco radicado en Montana, instala aires acondicionados en varios Estados. Walter L\u00f3pez recuerda casi con precisi\u00f3n cronom\u00e9trica [&hellip;]<\/p>\n","protected":false},"author":7,"featured_media":1444,"comment_status":"open","ping_status":"open","sticky":false,"template":"","format":"standard","meta":{"_acf_changed":false,"_eb_attr":"","footnotes":""},"categories":[50,274],"tags":[297],"class_list":["post-1427","post","type-post","status-publish","format-standard","has-post-thumbnail","hentry","category-exitos","category-guatemala","tag-montana"],"acf":[],"aioseo_notices":[],"aioseo_head":"\n\t\t<!-- All in One SEO Pro 4.9.6.2 - aioseo.com -->\n\t<meta name=\"description\" content=\"Su trabajo lo ha llevado a cruzar Estados Unidos: en 5 a\u00f1os ha hecho de todo, desde lavaplatos hasta colocar paredes y techos, pero un accidente le hizo dedicarse a los ductos de aire acondicionado. Walter L\u00f3pez recuerda casi con precisi\u00f3n cronom\u00e9trica el instante en el cual perdi\u00f3 el equilibrio. Se ve a s\u00ed mismo,\" \/>\n\t<meta name=\"robots\" content=\"max-snippet:-1, max-image-preview:large, max-video-preview:-1\" \/>\n\t<meta name=\"author\" content=\"Gustavo Montenegro\"\/>\n\t<link rel=\"canonical\" href=\"https:\/\/soymigrante.com\/revista\/walter-lopez-migrante-guatemalteco-en-montana\/\" \/>\n\t<meta name=\"generator\" content=\"All in One SEO Pro (AIOSEO) 4.9.6.2\" \/>\n\n\t\t<link rel=\"preconnect\" href=\"https:\/\/fonts.googleapis.com\" crossorigin>\n<link rel=\"preconnect\" href=\"https:\/\/fonts.gstatic.com\" crossorigin>\n\t\t<meta property=\"og:locale\" content=\"es_ES\" \/>\n\t\t<meta property=\"og:site_name\" content=\"SoyMigrante.com REVISTA \u2013 Nuestra misi\u00f3n es reconocer y dignificar al migrante.\" \/>\n\t\t<meta property=\"og:type\" content=\"article\" \/>\n\t\t<meta property=\"og:title\" content=\"\u201cTodo lo hago por mis hijas\u201d: Walter L\u00f3pez, migrante guatemalteco en Montana\" \/>\n\t\t<meta property=\"og:description\" content=\"Su trabajo lo ha llevado a cruzar Estados Unidos: en 5 a\u00f1os ha hecho de todo, desde lavaplatos hasta colocar paredes y techos, pero un accidente le hizo dedicarse a los ductos de aire acondicionado. Walter L\u00f3pez recuerda casi con precisi\u00f3n cronom\u00e9trica el instante en el cual perdi\u00f3 el equilibrio. Se ve a s\u00ed mismo,\" \/>\n\t\t<meta property=\"og:url\" content=\"https:\/\/soymigrante.com\/revista\/walter-lopez-migrante-guatemalteco-en-montana\/\" \/>\n\t\t<meta property=\"og:image\" content=\"https:\/\/soymigrante.com\/revista\/wp-content\/uploads\/2023\/06\/walter-lopez-instalador-de-aires-acondicionados-16.webp\" \/>\n\t\t<meta property=\"og:image:secure_url\" content=\"https:\/\/soymigrante.com\/revista\/wp-content\/uploads\/2023\/06\/walter-lopez-instalador-de-aires-acondicionados-16.webp\" \/>\n\t\t<meta property=\"og:image:width\" content=\"769\" \/>\n\t\t<meta property=\"og:image:height\" content=\"1024\" \/>\n\t\t<meta property=\"article:published_time\" content=\"2023-06-17T02:41:31+00:00\" \/>\n\t\t<meta property=\"article:modified_time\" content=\"2026-03-11T22:38:15+00:00\" \/>\n\t\t<meta property=\"article:publisher\" content=\"https:\/\/www.facebook.com\/soymigrantecom\" \/>\n\t\t<meta name=\"twitter:card\" content=\"summary_large_image\" \/>\n\t\t<meta name=\"twitter:site\" content=\"@SoyMigrante_com\" \/>\n\t\t<meta name=\"twitter:title\" content=\"\u201cTodo lo hago por mis hijas\u201d: Walter L\u00f3pez, migrante guatemalteco en Montana\" \/>\n\t\t<meta name=\"twitter:description\" content=\"Su trabajo lo ha llevado a cruzar Estados Unidos: en 5 a\u00f1os ha hecho de todo, desde lavaplatos hasta colocar paredes y techos, pero un accidente le hizo dedicarse a los ductos de aire acondicionado. Walter L\u00f3pez recuerda casi con precisi\u00f3n cronom\u00e9trica el instante en el cual perdi\u00f3 el equilibrio. Se ve a s\u00ed mismo,\" \/>\n\t\t<meta name=\"twitter:creator\" content=\"@SoyMigrante_com\" \/>\n\t\t<meta name=\"twitter:image\" content=\"https:\/\/soymigrante.com\/revista\/wp-content\/uploads\/2023\/06\/walter-lopez-instalador-de-aires-acondicionados-16.webp\" \/>\n\t\t<!-- All in One SEO Pro -->\r\n\t\t<title>\u201cTodo lo hago por mis hijas\u201d: Walter L\u00f3pez, migrante guatemalteco en Montana<\/title>\n\n","aioseo_head_json":{"title":"\u201cTodo lo hago por mis hijas\u201d: Walter L\u00f3pez, migrante guatemalteco en Montana","description":"Su trabajo lo ha llevado a cruzar Estados Unidos: en 5 a\u00f1os ha hecho de todo, desde lavaplatos hasta colocar paredes y techos, pero un accidente le hizo dedicarse a los ductos de aire acondicionado. Walter L\u00f3pez recuerda casi con precisi\u00f3n cronom\u00e9trica el instante en el cual perdi\u00f3 el equilibrio. Se ve a s\u00ed mismo,","canonical_url":"https:\/\/soymigrante.com\/revista\/walter-lopez-migrante-guatemalteco-en-montana\/","robots":"max-snippet:-1, max-image-preview:large, max-video-preview:-1","keywords":"","webmasterTools":{"miscellaneous":"&lt;link rel=\"preconnect\" href=\"https:\/\/fonts.googleapis.com\" crossorigin&gt;\n&lt;link rel=\"preconnect\" href=\"https:\/\/fonts.gstatic.com\" crossorigin&gt;"},"schema":null,"og:locale":"es_ES","og:site_name":"SoyMigrante.com REVISTA \u2013 Nuestra misi\u00f3n es reconocer y dignificar al migrante.","og:type":"article","og:title":"\u201cTodo lo hago por mis hijas\u201d: Walter L\u00f3pez, migrante guatemalteco en Montana","og:description":"Su trabajo lo ha llevado a cruzar Estados Unidos: en 5 a\u00f1os ha hecho de todo, desde lavaplatos hasta colocar paredes y techos, pero un accidente le hizo dedicarse a los ductos de aire acondicionado. Walter L\u00f3pez recuerda casi con precisi\u00f3n cronom\u00e9trica el instante en el cual perdi\u00f3 el equilibrio. Se ve a s\u00ed mismo,","og:url":"https:\/\/soymigrante.com\/revista\/walter-lopez-migrante-guatemalteco-en-montana\/","og:image":"https:\/\/soymigrante.com\/revista\/wp-content\/uploads\/2023\/06\/walter-lopez-instalador-de-aires-acondicionados-16.webp","og:image:secure_url":"https:\/\/soymigrante.com\/revista\/wp-content\/uploads\/2023\/06\/walter-lopez-instalador-de-aires-acondicionados-16.webp","og:image:width":769,"og:image:height":1024,"article:published_time":"2023-06-17T02:41:31+00:00","article:modified_time":"2026-03-11T22:38:15+00:00","article:publisher":"https:\/\/www.facebook.com\/soymigrantecom","twitter:card":"summary_large_image","twitter:site":"@SoyMigrante_com","twitter:title":"\u201cTodo lo hago por mis hijas\u201d: Walter L\u00f3pez, migrante guatemalteco en Montana","twitter:description":"Su trabajo lo ha llevado a cruzar Estados Unidos: en 5 a\u00f1os ha hecho de todo, desde lavaplatos hasta colocar paredes y techos, pero un accidente le hizo dedicarse a los ductos de aire acondicionado. Walter L\u00f3pez recuerda casi con precisi\u00f3n cronom\u00e9trica el instante en el cual perdi\u00f3 el equilibrio. Se ve a s\u00ed mismo,","twitter:creator":"@SoyMigrante_com","twitter:image":"https:\/\/soymigrante.com\/revista\/wp-content\/uploads\/2023\/06\/walter-lopez-instalador-de-aires-acondicionados-16.webp"},"aioseo_meta_data":{"post_id":"1427","title":"#post_title","description":"#post_excerpt","keywords":[],"keyphrases":{"focus":{"keyphrase":"Migrante","score":69,"analysis":{"keyphraseInTitle":{"score":9,"maxScore":9,"error":0},"keyphraseInDescription":{"score":9,"maxScore":9,"error":0},"keyphraseLength":{"score":9,"maxScore":9,"error":0,"length":1},"keyphraseInURL":{"score":5,"maxScore":5,"error":0},"keyphraseInIntroduction":{"score":3,"maxScore":9,"error":1},"keyphraseInSubHeadings":{"score":3,"maxScore":9,"error":1},"keyphraseInImageAlt":{"score":9,"maxScore":9,"error":0},"keywordDensity":{"score":0,"type":"low","maxScore":9,"error":1}}},"additional":[]},"primary_term":null,"canonical_url":null,"og_title":null,"og_description":null,"og_object_type":"default","og_image_type":"default","og_image_url":null,"og_image_width":null,"og_image_height":null,"og_image_custom_url":null,"og_image_custom_fields":null,"og_video":"","og_custom_url":null,"og_article_section":null,"og_article_tags":[],"twitter_use_og":false,"twitter_card":"default","twitter_image_type":"default","twitter_image_url":null,"twitter_image_custom_url":null,"twitter_image_custom_fields":null,"twitter_title":null,"twitter_description":null,"schema":{"blockGraphs":[],"customGraphs":[],"default":{"data":{"Article":[],"Course":[],"Dataset":[],"FAQPage":[],"Movie":[],"Person":[],"Product":[],"ProductReview":[],"Car":[],"Recipe":[],"Service":[],"SoftwareApplication":[],"WebPage":[]},"graphName":"BlogPosting","isEnabled":true},"graphs":[]},"schema_type":"default","schema_type_options":null,"pillar_content":false,"robots_default":true,"robots_noindex":false,"robots_noarchive":false,"robots_nosnippet":false,"robots_nofollow":false,"robots_noimageindex":false,"robots_noodp":false,"robots_notranslate":false,"robots_max_snippet":"-1","robots_max_videopreview":"-1","robots_max_imagepreview":"large","priority":null,"frequency":"default","local_seo":null,"seo_analyzer_scan_date":"2026-03-23 21:56:07","breadcrumb_settings":null,"limit_modified_date":false,"reviewed_by":null,"open_ai":null,"ai":null,"created":"2023-08-18 13:24:52","updated":"2026-03-23 21:56:07"},"aioseo_breadcrumb":"<div class=\"aioseo-breadcrumbs\"><span class=\"aioseo-breadcrumb\">\n\t<a href=\"https:\/\/soymigrante.com\/revista\" title=\"Home\">Home<\/a>\n<\/span><span class=\"aioseo-breadcrumb-separator\">\u00bb<\/span><span class=\"aioseo-breadcrumb\">\n\t<a href=\"https:\/\/soymigrante.com\/revista\/category\/exitos\/\" title=\"\u00c9xitos\">\u00c9xitos<\/a>\n<\/span><span class=\"aioseo-breadcrumb-separator\">\u00bb<\/span><span class=\"aioseo-breadcrumb\">\n\t<a href=\"https:\/\/soymigrante.com\/revista\/category\/exitos\/guatemala\/\" title=\"Guatemala\">Guatemala<\/a>\n<\/span><span class=\"aioseo-breadcrumb-separator\">\u00bb<\/span><span class=\"aioseo-breadcrumb\">\n\t\u201cTodo lo hago por mis hijas\u201d: Walter L\u00f3pez, migrante guatemalteco en Montana\n<\/span><\/div>","aioseo_breadcrumb_json":[{"label":"Home","link":"https:\/\/soymigrante.com\/revista"},{"label":"\u00c9xitos","link":"https:\/\/soymigrante.com\/revista\/category\/exitos\/"},{"label":"Guatemala","link":"https:\/\/soymigrante.com\/revista\/category\/exitos\/guatemala\/"},{"label":"&#8220;Todo lo hago por mis hijas&#8221;: Walter L\u00f3pez, migrante guatemalteco en Montana","link":"https:\/\/soymigrante.com\/revista\/walter-lopez-migrante-guatemalteco-en-montana\/"}],"_links":{"self":[{"href":"https:\/\/soymigrante.com\/revista\/wp-json\/wp\/v2\/posts\/1427","targetHints":{"allow":["GET"]}}],"collection":[{"href":"https:\/\/soymigrante.com\/revista\/wp-json\/wp\/v2\/posts"}],"about":[{"href":"https:\/\/soymigrante.com\/revista\/wp-json\/wp\/v2\/types\/post"}],"author":[{"embeddable":true,"href":"https:\/\/soymigrante.com\/revista\/wp-json\/wp\/v2\/users\/7"}],"replies":[{"embeddable":true,"href":"https:\/\/soymigrante.com\/revista\/wp-json\/wp\/v2\/comments?post=1427"}],"version-history":[{"count":1,"href":"https:\/\/soymigrante.com\/revista\/wp-json\/wp\/v2\/posts\/1427\/revisions"}],"predecessor-version":[{"id":53580,"href":"https:\/\/soymigrante.com\/revista\/wp-json\/wp\/v2\/posts\/1427\/revisions\/53580"}],"wp:featuredmedia":[{"embeddable":true,"href":"https:\/\/soymigrante.com\/revista\/wp-json\/wp\/v2\/media\/1444"}],"wp:attachment":[{"href":"https:\/\/soymigrante.com\/revista\/wp-json\/wp\/v2\/media?parent=1427"}],"wp:term":[{"taxonomy":"category","embeddable":true,"href":"https:\/\/soymigrante.com\/revista\/wp-json\/wp\/v2\/categories?post=1427"},{"taxonomy":"post_tag","embeddable":true,"href":"https:\/\/soymigrante.com\/revista\/wp-json\/wp\/v2\/tags?post=1427"}],"curies":[{"name":"wp","href":"https:\/\/api.w.org\/{rel}","templated":true}]}}