{"id":14213,"date":"2024-11-25T11:19:41","date_gmt":"2024-11-25T17:19:41","guid":{"rendered":"https:\/\/soymigrante.com\/revista\/?p=14213"},"modified":"2025-05-15T13:23:30","modified_gmt":"2025-05-15T19:23:30","slug":"joyas-mayas-migrantes-hombre-de-piedra-de-mas-de-2-mil-anos-se-conserva-en-new-jersey","status":"publish","type":"post","link":"https:\/\/soymigrante.com\/revista\/joyas-mayas-migrantes-hombre-de-piedra-de-mas-de-2-mil-anos-se-conserva-en-new-jersey\/","title":{"rendered":"Joyas mayas migrantes: hombre de piedra volc\u00e1nica de 2 mil a\u00f1os se conserva en New Jersey"},"content":{"rendered":"\t\t<div data-elementor-type=\"wp-post\" data-elementor-id=\"14213\" class=\"elementor elementor-14213\" data-elementor-post-type=\"post\">\n\t\t\t\t<div data-particle_enable=\"false\" data-particle-mobile-disabled=\"false\" class=\"elementor-element elementor-element-fa09307 e-flex e-con-boxed e-con e-parent\" data-id=\"fa09307\" data-element_type=\"container\" data-e-type=\"container\">\n\t\t\t\t\t<div class=\"e-con-inner\">\n\t\t\t\t<div class=\"elementor-element elementor-element-e0de859 elementor-widget elementor-widget-heading\" data-id=\"e0de859\" data-element_type=\"widget\" data-e-type=\"widget\" data-widget_type=\"heading.default\">\n\t\t\t\t\t<h2 class=\"elementor-heading-title elementor-size-default\"><span style=\"font-size: 31.2px\">En el Museo de Arte de la Universidad de Princeton, New Jersey, se conserva una enigm\u00e1tica figura: un hombre esculpido en piedra volc\u00e1nica, en las Tierras Altas de Guatemala, que data de entre el a\u00f1o 350 a 100 antes de Cristo. Conoce m\u00e1s sobre \u00e9l.\n<\/span><div><br><\/div><\/h2>\t\t\t\t<\/div>\n\t\t\t\t<div class=\"elementor-element elementor-element-f399eb4 elementor-widget elementor-widget-html\" data-id=\"f399eb4\" data-element_type=\"widget\" data-e-type=\"widget\" data-widget_type=\"html.default\">\n\t\t\t\t\t<div id=\"buzzsprout-player-17164333\"><\/div><script src=\"https:\/\/www.buzzsprout.com\/2444168\/episodes\/17164333-hombre-de-piedra-de-tierras-altas-de-guatemala-en-princeton-new-jersey.js?container_id=buzzsprout-player-17164333&player=small\" type=\"text\/javascript\" charset=\"utf-8\"><\/script>\t\t\t\t<\/div>\n\t\t\t\t\t<\/div>\n\t\t\t\t<\/div>\n\t\t<div data-particle_enable=\"false\" data-particle-mobile-disabled=\"false\" class=\"elementor-element elementor-element-d362973 e-flex e-con-boxed e-con e-parent\" data-id=\"d362973\" data-element_type=\"container\" data-e-type=\"container\">\n\t\t\t\t\t<div class=\"e-con-inner\">\n\t\t\t\t<div class=\"elementor-element elementor-element-cba3116 elementor-widget elementor-widget-text-editor\" data-id=\"cba3116\" data-element_type=\"widget\" data-e-type=\"widget\" data-widget_type=\"text-editor.default\">\n\t\t\t\t\t\t\t\t\t<p>Mide solo 60 cent\u00edmetros pero es simplemente fascinante: est\u00e1 esculpido con piedra volc\u00e1nica (basalto) y su antig\u00fcedad supera los 2 mil a\u00f1os: este enigm\u00e1tico hombre proviene de las Tierras Altas de Guatemala, lo cual se deduce a partir de algunas figuras parecidas encontradas en dicha regi\u00f3n.<\/p><p>Su estilo apunta que fue tallado entre el a\u00f1os 350 antes de Cristo al 100 antes de Cristo. Dicho per\u00edodo de estudio arqueol\u00f3gico se denomina &#8220;Esperanza&#8221;. Para<span style=\"color: var( --e-global-color-text ); text-align: var(--text-align);\">\u00a0citar una referencia, de su antig\u00fcedad, proviene de una \u00e9poca anterior a la construcci\u00f3n del templo <a href=\"https:\/\/soymigrante.com\/revista\/7-datos-que-ya-sabias-o-quiza-no-sobre-el-gran-jaguar-y-tikal\/\">Gran Jaguar en Pet\u00e9n<\/a>, que data de a\u00f1o 800 de nuestra era.<\/span><\/p><p>Este hombre de piedra es una aut\u00e9ntica joya maya migrante y se conserva actualmente en el <a href=\"https:\/\/artmuseum.princeton.edu\/story\/recent-acquisition-late-formative-maya-figural-sculpture\">Museo de Arte de la Universidad de Princeton<\/a>, en New Jersey.<\/p>\t\t\t\t\t\t\t\t<\/div>\n\t\t\t\t\t<\/div>\n\t\t\t\t<\/div>\n\t\t<div data-particle_enable=\"false\" data-particle-mobile-disabled=\"false\" class=\"elementor-element elementor-element-7066c18 e-flex e-con-boxed e-con e-parent\" data-id=\"7066c18\" data-element_type=\"container\" data-e-type=\"container\">\n\t\t\t\t\t<div class=\"e-con-inner\">\n\t\t\t\t<div class=\"elementor-element elementor-element-aeb3f8f elementor-widget elementor-widget-image\" data-id=\"aeb3f8f\" data-element_type=\"widget\" data-e-type=\"widget\" data-widget_type=\"image.default\">\n\t\t\t\t\t\t\t\t\t\t\t\t<figure class=\"wp-caption\">\n\t\t\t\t\t\t\t\t\t\t<img fetchpriority=\"high\" decoding=\"async\" width=\"767\" height=\"1024\" src=\"https:\/\/soymigrante.com\/revista\/wp-content\/uploads\/2024\/11\/hombre-767x1024.jpg\" class=\"attachment-large size-large wp-image-14257\" alt=\"Figura de escultura prehisp\u00e1nica mexicana en piedra con forma humanoide, s\u00edmbolo cultural y art\u00edstico, representando la historia y tradici\u00f3n de las civilizaciones antiguas de M\u00e9xico.\" srcset=\"https:\/\/soymigrante.com\/revista\/wp-content\/uploads\/2024\/11\/hombre-767x1024.jpg 767w, https:\/\/soymigrante.com\/revista\/wp-content\/uploads\/2024\/11\/hombre-225x300.jpg 225w, https:\/\/soymigrante.com\/revista\/wp-content\/uploads\/2024\/11\/hombre-768x1025.jpg 768w, https:\/\/soymigrante.com\/revista\/wp-content\/uploads\/2024\/11\/hombre-750x1001.webp 750w, https:\/\/soymigrante.com\/revista\/wp-content\/uploads\/2024\/11\/hombre.webp 899w\" sizes=\"(max-width: 767px) 100vw, 767px\" title=\"La escultura podr\u00eda ser de un l\u00edder comunitario o quiz\u00e1 una deidad. Es posible que esuviera acompa\u00f1ada de otras  en alguna ubicaci\u00f3n ceremonial.  La parte inferior parece haber sido usada para clavarla en un agujero, quiz\u00e1 en un templo u otro tipo de soporte. (Fotograf\u00eda original del Museo de Arte de la Universidad de Princeton) \u2013 SoyMigrante.com REVISTA\" \/>\t\t\t\t\t\t\t\t\t\t\t<figcaption class=\"widget-image-caption wp-caption-text\">Escultura prehisp\u00e1nica mexicana en piedra, s\u00edmbolo cultural y art\u00edstico, representando la historia y tradici\u00f3n de civilizaciones antiguas de M\u00e9xico.<\/figcaption>\n\t\t\t\t\t\t\t\t\t\t<\/figure>\n\t\t\t\t\t\t\t\t\t<\/div>\n\t\t\t\t\t<\/div>\n\t\t\t\t<\/div>\n\t\t<div data-particle_enable=\"false\" data-particle-mobile-disabled=\"false\" class=\"elementor-element elementor-element-0dcf242 e-flex e-con-boxed e-con e-parent\" data-id=\"0dcf242\" data-element_type=\"container\" data-e-type=\"container\">\n\t\t\t\t\t<div class=\"e-con-inner\">\n\t\t\t\t<div class=\"elementor-element elementor-element-82a2eb4 elementor-widget elementor-widget-text-editor\" data-id=\"82a2eb4\" data-element_type=\"widget\" data-e-type=\"widget\" data-widget_type=\"text-editor.default\">\n\t\t\t\t\t\t\t\t\t<p><span style=\"color: var( --e-global-color-text ); text-align: var(--text-align);\">&#8220;El tema de la escultura no es claramente m\u00edtico o real&#8221; dice Peter Jay Sharp,\u00a0 curador y profesor de arte de las Am\u00e9ricas antiguas en la Universidad de Princeton. Es decir, no se sabe si es una representaci\u00f3n de una persona o de una deidad.\u00a0<\/span><\/p><p>La escultura presenta una representaci\u00f3n tridimensional de un hombre desnudo, pero cuya figura se ci\u00f1e a una figura trapezoidal si se le observa de frente.\u00a0\u00a0<\/p>\t\t\t\t\t\t\t\t<\/div>\n\t\t\t\t\t<\/div>\n\t\t\t\t<\/div>\n\t\t<div data-particle_enable=\"false\" data-particle-mobile-disabled=\"false\" class=\"elementor-element elementor-element-23d1d57 e-flex e-con-boxed e-con e-parent\" data-id=\"23d1d57\" data-element_type=\"container\" data-e-type=\"container\">\n\t\t\t\t\t<div class=\"e-con-inner\">\n\t\t\t\t<div class=\"elementor-element elementor-element-6af962c elementor-widget elementor-widget-image\" data-id=\"6af962c\" data-element_type=\"widget\" data-e-type=\"widget\" data-widget_type=\"image.default\">\n\t\t\t\t\t\t\t\t\t\t\t\t<figure class=\"wp-caption\">\n\t\t\t\t\t\t\t\t\t\t<img decoding=\"async\" width=\"768\" height=\"454\" src=\"https:\/\/soymigrante.com\/revista\/wp-content\/uploads\/2024\/11\/hombre-de-piedra-joyas-mayas-2.webp\" class=\"attachment-large size-large wp-image-14260\" alt=\"Motivo de estilo prehisp\u00e1nico, escultura en piedra con detalles culturales y arqueol\u00f3gicos para cultura y historia en M\u00e9xico.\" srcset=\"https:\/\/soymigrante.com\/revista\/wp-content\/uploads\/2024\/11\/hombre-de-piedra-joyas-mayas-2.webp 1012w, https:\/\/soymigrante.com\/revista\/wp-content\/uploads\/2024\/11\/hombre-de-piedra-joyas-mayas-2-300x177.jpg 300w, https:\/\/soymigrante.com\/revista\/wp-content\/uploads\/2024\/11\/hombre-de-piedra-joyas-mayas-2-768x454.jpg 768w, https:\/\/soymigrante.com\/revista\/wp-content\/uploads\/2024\/11\/hombre-de-piedra-joyas-mayas-2-750x443.webp 750w\" sizes=\"(max-width: 768px) 100vw, 768px\" title=\"Son llamativas las manos  talladas juntas que pudieron ser usadas para sostener algo. Notese el detalle de los dedos. \u2013 SoyMigrante.com REVISTA\" \/>\t\t\t\t\t\t\t\t\t\t\t<figcaption class=\"widget-image-caption wp-caption-text\">Escultura prehisp\u00e1nica en piedra, representando motivos culturales y arqueol\u00f3gicos de M\u00e9xico, ideal para estudios de historia y patrimonio cultural.<\/figcaption>\n\t\t\t\t\t\t\t\t\t\t<\/figure>\n\t\t\t\t\t\t\t\t\t<\/div>\n\t\t\t\t\t<\/div>\n\t\t\t\t<\/div>\n\t\t<div data-particle_enable=\"false\" data-particle-mobile-disabled=\"false\" class=\"elementor-element elementor-element-acc6980 e-flex e-con-boxed e-con e-parent\" data-id=\"acc6980\" data-element_type=\"container\" data-e-type=\"container\">\n\t\t\t\t\t<div class=\"e-con-inner\">\n\t\t\t\t<div class=\"elementor-element elementor-element-97317e0 elementor-widget elementor-widget-text-editor\" data-id=\"97317e0\" data-element_type=\"widget\" data-e-type=\"widget\" data-widget_type=\"text-editor.default\">\n\t\t\t\t\t\t\t\t\t<p><span style=\"color: var( --e-global-color-text ); text-align: var(--text-align);\">\u00a0<\/span><span style=\"color: var( --e-global-color-text ); text-align: var(--text-align);\">&#8220;Agujeros separan las piernas entre s\u00ed y tambi\u00e9n los brazos del torso. Ranuras en los hombros y las rodillas delinean la musculatura, y las l\u00edneas curvas a trav\u00e9s del pecho definen los m\u00fasculos pectorales&#8221;, describe el experto Sharp.\u00a0<\/span><\/p><p>&#8220;Las manos y la cara se extienden hacia adelante desde la forma vertical bastante r\u00edgida en el perfil, mientras que las nalgas se proyectan dram\u00e1ticamente hacia atr\u00e1s. A\u00fan as\u00ed, la figura mantiene una forma compacta de eje vertical en general, lo que sugiere que puede haber sido producida a partir de una columna de basalto formada naturalmente&#8221;, a\u00f1ade el cient\u00edfico.<\/p>\t\t\t\t\t\t\t\t<\/div>\n\t\t\t\t\t<\/div>\n\t\t\t\t<\/div>\n\t\t<div data-particle_enable=\"false\" data-particle-mobile-disabled=\"false\" class=\"elementor-element elementor-element-71d507f e-flex e-con-boxed e-con e-parent\" data-id=\"71d507f\" data-element_type=\"container\" data-e-type=\"container\">\n\t\t\t\t\t<div class=\"e-con-inner\">\n\t\t\t\t<div class=\"elementor-element elementor-element-53020b5 elementor-widget elementor-widget-image\" data-id=\"53020b5\" data-element_type=\"widget\" data-e-type=\"widget\" data-widget_type=\"image.default\">\n\t\t\t\t\t\t\t\t\t\t\t\t<figure class=\"wp-caption\">\n\t\t\t\t\t\t\t\t\t\t\t<a href=\"https:\/\/artmuseum.princeton.edu\/story\/recent-acquisition-late-formative-maya-figural-sculpture\">\n\t\t\t\t\t\t\t<img decoding=\"async\" width=\"767\" height=\"1024\" src=\"https:\/\/soymigrante.com\/revista\/wp-content\/uploads\/2024\/11\/hombrecillo-767x1024.jpg\" class=\"attachment-large size-large wp-image-14258\" alt=\"Antigua escultura de estilo precolombino en piedra, representando figura humana con ornamentaci\u00f3n en la cabeza, sobre fondo azul.\" srcset=\"https:\/\/soymigrante.com\/revista\/wp-content\/uploads\/2024\/11\/hombrecillo-767x1024.jpg 767w, https:\/\/soymigrante.com\/revista\/wp-content\/uploads\/2024\/11\/hombrecillo-225x300.jpg 225w, https:\/\/soymigrante.com\/revista\/wp-content\/uploads\/2024\/11\/hombrecillo-768x1025.jpg 768w, https:\/\/soymigrante.com\/revista\/wp-content\/uploads\/2024\/11\/hombrecillo-750x1001.webp 750w, https:\/\/soymigrante.com\/revista\/wp-content\/uploads\/2024\/11\/hombrecillo.webp 899w\" sizes=\"(max-width: 767px) 100vw, 767px\" title=\"Los detalles anat\u00f3micos del hombre de piedra son bastante marcados. Las caracter\u00edsticas del rostro se asemejan a la transici\u00f3n de la escultura olmeca de la Costa Sur, sin embargo, el \u00e1rea donde pudo haber sido tallado se relaciona m\u00e1s con el actual Patz\u00fan o Tecp\u00e1n. La figura se conserva en la Universidad de Princeton, New Jersey. \u2013 SoyMigrante.com REVISTA\" \/>\t\t\t\t\t\t\t\t<\/a>\n\t\t\t\t\t\t\t\t\t\t\t<figcaption class=\"widget-image-caption wp-caption-text\">Escultura precolombina en piedra con detalles culturales y tradicionales, destacada en la revista SoyMigrante.com.<\/figcaption>\n\t\t\t\t\t\t\t\t\t\t<\/figure>\n\t\t\t\t\t\t\t\t\t<\/div>\n\t\t\t\t\t<\/div>\n\t\t\t\t<\/div>\n\t\t<div data-particle_enable=\"false\" data-particle-mobile-disabled=\"false\" class=\"elementor-element elementor-element-affb900 e-flex e-con-boxed e-con e-parent\" data-id=\"affb900\" data-element_type=\"container\" data-e-type=\"container\">\n\t\t\t\t\t<div class=\"e-con-inner\">\n\t\t\t\t<div class=\"elementor-element elementor-element-996ef9b elementor-widget elementor-widget-text-editor\" data-id=\"996ef9b\" data-element_type=\"widget\" data-e-type=\"widget\" data-widget_type=\"text-editor.default\">\n\t\t\t\t\t\t\t\t\t<p><span style=\"color: var( --e-global-color-text ); text-align: var(--text-align);\">La figura tiene mejillas hinchadas y labios fruncidos; los ojos pueden estar cerrados. Estas caracter\u00edsticas coinciden con ciertas esculturas de Kaminal Juy\u00fa u otros sitios de la bocacosta del Pac\u00edfico de Guatemala.\u00a0<\/span><span style=\"font-family: Roboto, sans-serif; font-size: 16px; font-style: normal; font-variant-ligatures: normal; font-variant-caps: normal; font-weight: 400; color: var( --e-global-color-text ); text-align: var(--text-align);\">\u00a0<\/span><span style=\"font-family: Roboto, sans-serif; font-size: 16px; font-style: normal; font-variant-ligatures: normal; font-variant-caps: normal; font-weight: 400; color: var( --e-global-color-text ); text-align: var(--text-align);\">Lamentablemente no se conoce el lugar exacto de donde fue extra\u00edda ni las circunstancias de su hallazgo, por lo cual este contexto pr\u00e1cticamente se ha perdido para siempre.<\/span><\/p><p>&#8220;Un tocado rodea la cabeza, con una solapa adicional en la parte superior que sobresale hacia adelante&#8221;.<\/p><p>La clavija en la base de la figura hace suponer que estaba colocada sobre una plataforma o\u00a0 bloque. Posiblemente se trataba de una serie de esculturas, quiz\u00e1 en alg\u00fan templo.<\/p>\t\t\t\t\t\t\t\t<\/div>\n\t\t\t\t\t<\/div>\n\t\t\t\t<\/div>\n\t\t<div data-particle_enable=\"false\" data-particle-mobile-disabled=\"false\" class=\"elementor-element elementor-element-88656aa e-flex e-con-boxed e-con e-parent\" data-id=\"88656aa\" data-element_type=\"container\" data-e-type=\"container\">\n\t\t\t\t\t<div class=\"e-con-inner\">\n\t\t\t\t<div class=\"elementor-element elementor-element-9e9efc6 elementor-widget elementor-widget-image\" data-id=\"9e9efc6\" data-element_type=\"widget\" data-e-type=\"widget\" data-widget_type=\"image.default\">\n\t\t\t\t\t\t\t\t\t\t\t\t<figure class=\"wp-caption\">\n\t\t\t\t\t\t\t\t\t\t\t<a href=\"https:\/\/artmuseum.princeton.edu\/story\/recent-acquisition-late-formative-maya-figural-sculpture\">\n\t\t\t\t\t\t\t<img loading=\"lazy\" decoding=\"async\" width=\"768\" height=\"527\" src=\"https:\/\/soymigrante.com\/revista\/wp-content\/uploads\/2024\/11\/hombre-de-piedra-joyas-mayas-1-1024x703.jpg\" class=\"attachment-large size-large wp-image-14261\" alt=\"Ancestro prehisp\u00e1nico en piedra con tocado tradicional, s\u00edmbolo cultural y art\u00edstico de las civilizaciones antiguas mexicanas.\" srcset=\"https:\/\/soymigrante.com\/revista\/wp-content\/uploads\/2024\/11\/hombre-de-piedra-joyas-mayas-1-1024x703.jpg 1024w, https:\/\/soymigrante.com\/revista\/wp-content\/uploads\/2024\/11\/hombre-de-piedra-joyas-mayas-1-300x206.jpg 300w, https:\/\/soymigrante.com\/revista\/wp-content\/uploads\/2024\/11\/hombre-de-piedra-joyas-mayas-1-768x527.jpg 768w, https:\/\/soymigrante.com\/revista\/wp-content\/uploads\/2024\/11\/hombre-de-piedra-joyas-mayas-1-750x515.webp 750w, https:\/\/soymigrante.com\/revista\/wp-content\/uploads\/2024\/11\/hombre-de-piedra-joyas-mayas-1-1140x783.webp 1140w, https:\/\/soymigrante.com\/revista\/wp-content\/uploads\/2024\/11\/hombre-de-piedra-joyas-mayas-1.webp 1148w\" sizes=\"(max-width: 768px) 100vw, 768px\" title=\"La interpretaci\u00f3n usual es que los ojos del personaje est\u00e1n &quot;cerrados&quot;. Notese tambi\u00e9n el tocado de su cabeza, que hace pensar en que se trataba de la representaci\u00f3n de alg\u00fan l\u00edder comunitario. Esta figura de piedra de 60 cent\u00edmetros se conserva en el Museo de Arte de la Universidad de Princeton. \u2013 SoyMigrante.com REVISTA\" \/>\t\t\t\t\t\t\t\t<\/a>\n\t\t\t\t\t\t\t\t\t\t\t<figcaption class=\"widget-image-caption wp-caption-text\">Escultura de piedra representando figura ancestral con tocado, destacando en la revista SoyMigrante.com sobre cultura e historia mexica.<\/figcaption>\n\t\t\t\t\t\t\t\t\t\t<\/figure>\n\t\t\t\t\t\t\t\t\t<\/div>\n\t\t\t\t\t<\/div>\n\t\t\t\t<\/div>\n\t\t<div data-particle_enable=\"false\" data-particle-mobile-disabled=\"false\" class=\"elementor-element elementor-element-34e4d5b e-flex e-con-boxed e-con e-parent\" data-id=\"34e4d5b\" data-element_type=\"container\" data-e-type=\"container\">\n\t\t\t\t\t<div class=\"e-con-inner\">\n\t\t\t\t<div class=\"elementor-element elementor-element-f5071da elementor-widget elementor-widget-google_maps\" data-id=\"f5071da\" data-element_type=\"widget\" data-e-type=\"widget\" data-widget_type=\"google_maps.default\">\n\t\t\t\t\t\t\t<div class=\"elementor-custom-embed\">\n\t\t\t<iframe loading=\"lazy\"\n\t\t\t\t\tsrc=\"https:\/\/maps.google.com\/maps?q=Museo%20de%20Arte%20de%20la%20Universidad%20de%20Princeton&#038;t=m&#038;z=10&#038;output=embed&#038;iwloc=near\"\n\t\t\t\t\ttitle=\"Museo de Arte de la Universidad de Princeton\"\n\t\t\t\t\taria-label=\"Museo de Arte de la Universidad de Princeton\"\n\t\t\t><\/iframe>\n\t\t<\/div>\n\t\t\t\t\t\t<\/div>\n\t\t\t\t\t<\/div>\n\t\t\t\t<\/div>\n\t\t<div data-particle_enable=\"false\" data-particle-mobile-disabled=\"false\" class=\"elementor-element elementor-element-6c3ba30 e-flex e-con-boxed e-con e-parent\" data-id=\"6c3ba30\" data-element_type=\"container\" data-e-type=\"container\">\n\t\t\t\t\t<div class=\"e-con-inner\">\n\t\t\t\t<div class=\"elementor-element elementor-element-39f34c9 elementor-widget elementor-widget-heading\" data-id=\"39f34c9\" data-element_type=\"widget\" data-e-type=\"widget\" data-widget_type=\"heading.default\">\n\t\t\t\t\t<h2 class=\"elementor-heading-title elementor-size-default\">La multiculturalidad guatemalteca tiene hondas ra\u00edces<\/h2>\t\t\t\t<\/div>\n\t\t\t\t\t<\/div>\n\t\t\t\t<\/div>\n\t\t<div data-particle_enable=\"false\" data-particle-mobile-disabled=\"false\" class=\"elementor-element elementor-element-d7f5b2d e-flex e-con-boxed e-con e-parent\" data-id=\"d7f5b2d\" data-element_type=\"container\" data-e-type=\"container\">\n\t\t\t\t\t<div class=\"e-con-inner\">\n\t\t\t\t<div class=\"elementor-element elementor-element-f618f34 elementor-grid-eael-col-3 elementor-grid-tablet-eael-col-2 elementor-grid-mobile-eael-col-1 elementor-widget elementor-widget-eael-post-grid\" data-id=\"f618f34\" data-element_type=\"widget\" data-e-type=\"widget\" data-settings=\"{&quot;eael_post_grid_columns&quot;:&quot;eael-col-3&quot;,&quot;eael_post_grid_columns_tablet&quot;:&quot;eael-col-2&quot;,&quot;eael_post_grid_columns_mobile&quot;:&quot;eael-col-1&quot;}\" data-widget_type=\"eael-post-grid.default\">\n\t\t\t\t\t<div id=\"eael-post-grid-f618f34\" class=\"eael-post-grid-container\">\n            <div class=\"eael-post-grid eael-post-appender eael-post-appender-f618f34 eael-post-grid-style-one\" data-layout-mode=\"masonry\"><article class=\"eael-grid-post  eael-post-grid-column eael-pg-post-2390 category-guate-nuestra tags-danzas-de-guatemala\" data-id=\"2390\">\n        <div class=\"eael-grid-post-holder\">\n            <div class=\"eael-grid-post-holder-inner\"><div class=\"eael-entry-media\"><div class=\"eael-entry-overlay fade-in\"><i class=\"far fa-hand-pointer\" aria-hidden=\"true\"><\/i><a href=\"https:\/\/soymigrante.com\/revista\/guatemala-danza-el-baile-de-la-paach-de-san-marcos-es-patrimonio-de-la-humanidad\/\"><\/a><\/div><div class=\"eael-entry-thumbnail \">\n                <img loading=\"lazy\" decoding=\"async\" width=\"1000\" height=\"636\" src=\"https:\/\/soymigrante.com\/revista\/wp-content\/uploads\/2023\/09\/03672-HUG.webp\" class=\"attachment-large size-large wp-image-2424\" alt=\"La percusi\u00f3n del tambor abre paso al recorrido de los ancianos, padrinos y comunidad, en camino a la Casa de la Paazh (Fotograf\u00eda Archivo FLAAR-Unesco)\" srcset=\"https:\/\/soymigrante.com\/revista\/wp-content\/uploads\/2023\/09\/03672-HUG.webp 1000w, https:\/\/soymigrante.com\/revista\/wp-content\/uploads\/2023\/09\/03672-HUG-300x191.webp 300w, https:\/\/soymigrante.com\/revista\/wp-content\/uploads\/2023\/09\/03672-HUG-768x488.webp 768w, https:\/\/soymigrante.com\/revista\/wp-content\/uploads\/2023\/09\/03672-HUG-750x477.webp 750w\" sizes=\"(max-width: 1000px) 100vw, 1000px\" \/>\n            <\/div>\n        <\/div><div class=\"eael-entry-wrapper\"><header class=\"eael-entry-header\"><h2 class=\"eael-entry-title\"><a class=\"eael-grid-post-link\" href=\"https:\/\/soymigrante.com\/revista\/guatemala-danza-el-baile-de-la-paach-de-san-marcos-es-patrimonio-de-la-humanidad\/\" title=\"Danzas de Guatemala: El baile de La Paach, de San Marcos es Patrimonio de la Humanidad\">Danzas de Guatemala: El baile de La Paach, de San Marcos es Patrimonio de la Humanidad<\/a><\/h2><\/header><div class=\"eael-entry-content\">\n                        <div class=\"eael-grid-post-excerpt\"><a href=\"https:\/\/soymigrante.com\/revista\/guatemala-danza-el-baile-de-la-paach-de-san-marcos-es-patrimonio-de-la-humanidad\/\" class=\"eael-post-elements-readmore-btn\">CONOCE SU HISTORIA <\/a><\/div>\n                    <\/div><\/div><\/div>\n        <\/div>\n    <\/article><article class=\"eael-grid-post  eael-post-grid-column eael-pg-post-4584 category-guate-nuestra tags-danzas-de-guatemala\" data-id=\"4584\">\n        <div class=\"eael-grid-post-holder\">\n            <div class=\"eael-grid-post-holder-inner\"><div class=\"eael-entry-media\"><div class=\"eael-entry-overlay fade-in\"><i class=\"far fa-hand-pointer\" aria-hidden=\"true\"><\/i><a href=\"https:\/\/soymigrante.com\/revista\/rabinal-achi-drama-prehispanico-patrimonio-cultural-de-guatemala\/\"><\/a><\/div><div class=\"eael-entry-thumbnail \">\n                <img loading=\"lazy\" decoding=\"async\" width=\"1024\" height=\"1021\" src=\"https:\/\/soymigrante.com\/revista\/wp-content\/uploads\/2024\/01\/portada-rabinal-e1735340821832-1024x1021.webp\" class=\"attachment-large size-large wp-image-4586\" alt=\"Presentaci\u00f3n Rabinal achi en 2008 Foto: Gustavo Montenegro\" srcset=\"https:\/\/soymigrante.com\/revista\/wp-content\/uploads\/2024\/01\/portada-rabinal-e1735340821832-1024x1021.webp 1024w, https:\/\/soymigrante.com\/revista\/wp-content\/uploads\/2024\/01\/portada-rabinal-e1735340821832-300x300.webp 300w, https:\/\/soymigrante.com\/revista\/wp-content\/uploads\/2024\/01\/portada-rabinal-e1735340821832-150x150.webp 150w, https:\/\/soymigrante.com\/revista\/wp-content\/uploads\/2024\/01\/portada-rabinal-e1735340821832-768x766.webp 768w, https:\/\/soymigrante.com\/revista\/wp-content\/uploads\/2024\/01\/portada-rabinal-e1735340821832-75x75.webp 75w, https:\/\/soymigrante.com\/revista\/wp-content\/uploads\/2024\/01\/portada-rabinal-e1735340821832-750x748.webp 750w, https:\/\/soymigrante.com\/revista\/wp-content\/uploads\/2024\/01\/portada-rabinal-e1735340821832.webp 1070w\" sizes=\"(max-width: 1024px) 100vw, 1024px\" \/>\n            <\/div>\n        <\/div><div class=\"eael-entry-wrapper\"><header class=\"eael-entry-header\"><h2 class=\"eael-entry-title\"><a class=\"eael-grid-post-link\" href=\"https:\/\/soymigrante.com\/revista\/rabinal-achi-drama-prehispanico-patrimonio-cultural-de-guatemala\/\" title=\"Danzas de Guatemala: el Rabinal Ach\u00ed, baile drama prehisp\u00e1nico sobrevive y brilla cada 25 de enero.\">Danzas de Guatemala: el Rabinal Ach\u00ed, baile drama prehisp\u00e1nico sobrevive y brilla cada 25 de enero.<\/a><\/h2><\/header><div class=\"eael-entry-content\">\n                        <div class=\"eael-grid-post-excerpt\"><a href=\"https:\/\/soymigrante.com\/revista\/rabinal-achi-drama-prehispanico-patrimonio-cultural-de-guatemala\/\" class=\"eael-post-elements-readmore-btn\">CONOCE SU HISTORIA <\/a><\/div>\n                    <\/div><\/div><\/div>\n        <\/div>\n    <\/article><article class=\"eael-grid-post  eael-post-grid-column eael-pg-post-2456 category-guate-nuestra tags-danzas-de-guatemala\" data-id=\"2456\">\n        <div class=\"eael-grid-post-holder\">\n            <div class=\"eael-grid-post-holder-inner\"><div class=\"eael-entry-media\"><div class=\"eael-entry-overlay fade-in\"><i class=\"far fa-hand-pointer\" aria-hidden=\"true\"><\/i><a href=\"https:\/\/soymigrante.com\/revista\/guatemala-danza-el-palo-volador-en-joyabaj-cubulco-o-chichicastenango-siempre-es-memorable\/\"><\/a><\/div><div class=\"eael-entry-thumbnail \">\n                <img loading=\"lazy\" decoding=\"async\" width=\"1024\" height=\"604\" src=\"https:\/\/soymigrante.com\/revista\/wp-content\/uploads\/2023\/09\/Captura-de-pantalla-2023-09-04-073800-e1693837574983-1024x604.webp\" class=\"attachment-large size-large wp-image-2458\" alt=\"Los monos Hun Batz y Hun Chouen en lo alto del palo antes de descender. Captura de pantalla de video de TV Asunci\u00f3n Joyabaj.\" srcset=\"https:\/\/soymigrante.com\/revista\/wp-content\/uploads\/2023\/09\/Captura-de-pantalla-2023-09-04-073800-e1693837574983-1024x604.webp 1024w, https:\/\/soymigrante.com\/revista\/wp-content\/uploads\/2023\/09\/Captura-de-pantalla-2023-09-04-073800-e1693837574983-300x177.webp 300w, https:\/\/soymigrante.com\/revista\/wp-content\/uploads\/2023\/09\/Captura-de-pantalla-2023-09-04-073800-e1693837574983-768x453.webp 768w, https:\/\/soymigrante.com\/revista\/wp-content\/uploads\/2023\/09\/Captura-de-pantalla-2023-09-04-073800-e1693837574983-750x442.webp 750w, https:\/\/soymigrante.com\/revista\/wp-content\/uploads\/2023\/09\/Captura-de-pantalla-2023-09-04-073800-e1693837574983-1140x673.webp 1140w, https:\/\/soymigrante.com\/revista\/wp-content\/uploads\/2023\/09\/Captura-de-pantalla-2023-09-04-073800-e1693837574983.webp 1256w\" sizes=\"(max-width: 1024px) 100vw, 1024px\" \/>\n            <\/div>\n        <\/div><div class=\"eael-entry-wrapper\"><header class=\"eael-entry-header\"><h2 class=\"eael-entry-title\"><a class=\"eael-grid-post-link\" href=\"https:\/\/soymigrante.com\/revista\/guatemala-danza-el-palo-volador-en-joyabaj-cubulco-o-chichicastenango-siempre-es-memorable\/\" title=\"Danzas de Guatemala: El Palo Volador en Joyabaj, Cubulco o Chichicastenango es inolvidable\">Danzas de Guatemala: El Palo Volador en Joyabaj, Cubulco o Chichicastenango es inolvidable<\/a><\/h2><\/header><div class=\"eael-entry-content\">\n                        <div class=\"eael-grid-post-excerpt\"><a href=\"https:\/\/soymigrante.com\/revista\/guatemala-danza-el-palo-volador-en-joyabaj-cubulco-o-chichicastenango-siempre-es-memorable\/\" class=\"eael-post-elements-readmore-btn\">CONOCE SU HISTORIA <\/a><\/div>\n                    <\/div><\/div><\/div>\n        <\/div>\n    <\/article><\/div>\n            <div class=\"clearfix\"><\/div>\n        <\/div>\t\t\t\t<\/div>\n\t\t\t\t\t<\/div>\n\t\t\t\t<\/div>\n\t\t\t\t<\/div>\n\t\t","protected":false},"excerpt":{"rendered":"<p>En el Museo de Arte de la Universidad de Princeton, New Jersey, se conserva una enigm\u00e1tica figura: un hombre esculpido en piedra volc\u00e1nica, en las Tierras Altas de Guatemala, que data de entre el a\u00f1o 350 a 100 antes de Cristo. Conoce m\u00e1s sobre \u00e9l. Mide solo 60 cent\u00edmetros pero es simplemente fascinante: est\u00e1 esculpido [&hellip;]<\/p>\n","protected":false},"author":7,"featured_media":14241,"comment_status":"open","ping_status":"open","sticky":false,"template":"","format":"standard","meta":{"_acf_changed":false,"_eb_attr":"","footnotes":""},"categories":[58],"tags":[134],"class_list":["post-14213","post","type-post","status-publish","format-standard","has-post-thumbnail","hentry","category-guate-nuestra","tag-joyas-mayas-migrantes"],"acf":[],"aioseo_notices":[],"aioseo_head":"\n\t\t<!-- All in One SEO Pro 4.9.6.2 - aioseo.com -->\n\t<meta name=\"description\" content=\"La danza del Palo Volador evoca la conversi\u00f3n de los gemelos Hun Batz y Hun Chouen en micos a causa de sus acciones. Pero tambi\u00e9n es un mensaje desde el cielo\" \/>\n\t<meta name=\"robots\" content=\"max-snippet:-1, max-image-preview:large, max-video-preview:-1\" \/>\n\t<meta name=\"author\" content=\"Gustavo Montenegro\"\/>\n\t<link rel=\"canonical\" href=\"https:\/\/soymigrante.com\/revista\/guatemala-danza-el-palo-volador-en-joyabaj-cubulco-o-chichicastenango-siempre-es-memorable\/\" \/>\n\t<meta name=\"generator\" content=\"All in One SEO Pro (AIOSEO) 4.9.6.2\" \/>\n\n\t\t<link rel=\"preconnect\" href=\"https:\/\/fonts.googleapis.com\" crossorigin>\n<link rel=\"preconnect\" href=\"https:\/\/fonts.gstatic.com\" crossorigin>\n\t\t<meta property=\"og:locale\" content=\"es_ES\" \/>\n\t\t<meta property=\"og:site_name\" content=\"SoyMigrante.com REVISTA \u2013 Nuestra misi\u00f3n es reconocer y dignificar al migrante.\" \/>\n\t\t<meta property=\"og:type\" content=\"article\" \/>\n\t\t<meta property=\"og:title\" content=\"Danzas de Guatemala: El Palo Volador en Joyabaj, Cubulco o Chichicastenango es inolvidable\" \/>\n\t\t<meta property=\"og:description\" content=\"La danza del Palo Volador evoca la conversi\u00f3n de los gemelos Hun Batz y Hun Chouen en micos a causa de sus acciones. Pero tambi\u00e9n es un mensaje desde el cielo\" \/>\n\t\t<meta property=\"og:url\" content=\"https:\/\/soymigrante.com\/revista\/guatemala-danza-el-palo-volador-en-joyabaj-cubulco-o-chichicastenango-siempre-es-memorable\/\" \/>\n\t\t<meta property=\"og:image\" content=\"https:\/\/soymigrante.com\/revista\/wp-content\/uploads\/2023\/09\/Captura-de-pantalla-2023-09-04-073800-e1693837574983.webp\" \/>\n\t\t<meta property=\"og:image:secure_url\" content=\"https:\/\/soymigrante.com\/revista\/wp-content\/uploads\/2023\/09\/Captura-de-pantalla-2023-09-04-073800-e1693837574983.webp\" \/>\n\t\t<meta property=\"og:image:width\" content=\"1256\" \/>\n\t\t<meta property=\"og:image:height\" content=\"741\" \/>\n\t\t<meta property=\"article:published_time\" content=\"2023-09-04T14:24:29+00:00\" \/>\n\t\t<meta property=\"article:modified_time\" content=\"2025-09-16T14:35:17+00:00\" \/>\n\t\t<meta property=\"article:publisher\" content=\"https:\/\/www.facebook.com\/soymigrantecom\" \/>\n\t\t<meta name=\"twitter:card\" content=\"summary_large_image\" \/>\n\t\t<meta name=\"twitter:site\" content=\"@SoyMigrante_com\" \/>\n\t\t<meta name=\"twitter:title\" content=\"Danzas de Guatemala: El Palo Volador en Joyabaj, Cubulco o Chichicastenango es inolvidable\" \/>\n\t\t<meta name=\"twitter:description\" content=\"La danza del Palo Volador evoca la conversi\u00f3n de los gemelos Hun Batz y Hun Chouen en micos a causa de sus acciones. Pero tambi\u00e9n es un mensaje desde el cielo\" \/>\n\t\t<meta name=\"twitter:creator\" content=\"@SoyMigrante_com\" \/>\n\t\t<meta name=\"twitter:image\" content=\"https:\/\/soymigrante.com\/revista\/wp-content\/uploads\/2023\/09\/Captura-de-pantalla-2023-09-04-073800-e1693837574983.webp\" \/>\n\t\t<!-- All in One SEO Pro -->\r\n\t\t<title>Danzas de Guatemala: El Palo Volador en Joyabaj, Cubulco o Chichicastenango es inolvidable<\/title>\n\n","aioseo_head_json":{"title":"Danzas de Guatemala: El Palo Volador en Joyabaj, Cubulco o Chichicastenango es inolvidable","description":"La danza del Palo Volador evoca la conversi\u00f3n de los gemelos Hun Batz y Hun Chouen en micos a causa de sus acciones. Pero tambi\u00e9n es un mensaje desde el cielo","canonical_url":"https:\/\/soymigrante.com\/revista\/guatemala-danza-el-palo-volador-en-joyabaj-cubulco-o-chichicastenango-siempre-es-memorable\/","robots":"max-snippet:-1, max-image-preview:large, max-video-preview:-1","keywords":"","webmasterTools":{"miscellaneous":"&lt;link rel=\"preconnect\" href=\"https:\/\/fonts.googleapis.com\" crossorigin&gt;\n&lt;link rel=\"preconnect\" href=\"https:\/\/fonts.gstatic.com\" crossorigin&gt;"},"schema":null,"og:locale":"es_ES","og:site_name":"SoyMigrante.com REVISTA \u2013 Nuestra misi\u00f3n es reconocer y dignificar al migrante.","og:type":"article","og:title":"Danzas de Guatemala: El Palo Volador en Joyabaj, Cubulco o Chichicastenango es inolvidable","og:description":"La danza del Palo Volador evoca la conversi\u00f3n de los gemelos Hun Batz y Hun Chouen en micos a causa de sus acciones. Pero tambi\u00e9n es un mensaje desde el cielo","og:url":"https:\/\/soymigrante.com\/revista\/guatemala-danza-el-palo-volador-en-joyabaj-cubulco-o-chichicastenango-siempre-es-memorable\/","og:image":"https:\/\/soymigrante.com\/revista\/wp-content\/uploads\/2023\/09\/Captura-de-pantalla-2023-09-04-073800-e1693837574983.webp","og:image:secure_url":"https:\/\/soymigrante.com\/revista\/wp-content\/uploads\/2023\/09\/Captura-de-pantalla-2023-09-04-073800-e1693837574983.webp","og:image:width":1256,"og:image:height":741,"article:published_time":"2023-09-04T14:24:29+00:00","article:modified_time":"2025-09-16T14:35:17+00:00","article:publisher":"https:\/\/www.facebook.com\/soymigrantecom","twitter:card":"summary_large_image","twitter:site":"@SoyMigrante_com","twitter:title":"Danzas de Guatemala: El Palo Volador en Joyabaj, Cubulco o Chichicastenango es inolvidable","twitter:description":"La danza del Palo Volador evoca la conversi\u00f3n de los gemelos Hun Batz y Hun Chouen en micos a causa de sus acciones. Pero tambi\u00e9n es un mensaje desde el cielo","twitter:creator":"@SoyMigrante_com","twitter:image":"https:\/\/soymigrante.com\/revista\/wp-content\/uploads\/2023\/09\/Captura-de-pantalla-2023-09-04-073800-e1693837574983.webp"},"aioseo_meta_data":{"post_id":"14213","title":"Joyas mayas migrantes: hombre de piedra est\u00e1 en Princeton","description":"En el Museo de Arte de la Universidad de Princeton se conserva la figura de un hombre de piedra volc\u00e1nica que data alrededor del a\u00f1o 350 al 100 antes de Cristo.","keywords":null,"keyphrases":{"focus":{"keyphrase":"Joyas mayas","score":51,"analysis":{"keyphraseInTitle":{"score":9,"maxScore":9,"error":0},"keyphraseInDescription":{"score":3,"maxScore":9,"error":1},"keyphraseLength":{"score":9,"maxScore":9,"error":0,"length":2},"keyphraseInURL":{"score":5,"maxScore":5,"error":0},"keyphraseInIntroduction":{"score":3,"maxScore":9,"error":1},"keyphraseInSubHeadings":{"score":3,"maxScore":9,"error":1},"keyphraseInImageAlt":{"score":3,"maxScore":9,"error":1},"keywordDensity":{"score":0,"type":"low","maxScore":9,"error":1}}},"additional":[{"keyphrase":"escultura","score":73,"analysis":{"keyphraseInDescription":{"score":3,"maxScore":9,"error":1},"keyphraseLength":{"score":9,"maxScore":9,"error":0,"length":1},"keyphraseInIntroduction":{"score":3,"maxScore":9,"error":1},"keyphraseInImageAlt":{"score":9,"maxScore":9,"error":0},"keywordDensity":{"type":"best","score":9,"maxScore":9,"error":0}}},{"keyphrase":"Guatemala","score":73,"analysis":{"keyphraseInDescription":{"score":3,"maxScore":9,"error":1},"keyphraseLength":{"score":9,"maxScore":9,"error":0,"length":1},"keyphraseInIntroduction":{"score":9,"maxScore":9,"error":0},"keyphraseInImageAlt":{"score":3,"maxScore":9,"error":1},"keywordDensity":{"type":"best","score":9,"maxScore":9,"error":0}}}]},"primary_term":null,"canonical_url":null,"og_title":null,"og_description":null,"og_object_type":"default","og_image_type":"default","og_image_url":null,"og_image_width":null,"og_image_height":null,"og_image_custom_url":null,"og_image_custom_fields":null,"og_video":"","og_custom_url":null,"og_article_section":null,"og_article_tags":null,"twitter_use_og":false,"twitter_card":"default","twitter_image_type":"default","twitter_image_url":null,"twitter_image_custom_url":null,"twitter_image_custom_fields":null,"twitter_title":null,"twitter_description":null,"schema":{"blockGraphs":[],"customGraphs":[],"default":{"data":{"Article":[],"Course":[],"Dataset":[],"FAQPage":[],"Movie":[],"Person":[],"Product":[],"ProductReview":[],"Car":[],"Recipe":[],"Service":[],"SoftwareApplication":[],"WebPage":[]},"graphName":"Article","isEnabled":true},"graphs":[]},"schema_type":"default","schema_type_options":null,"pillar_content":false,"robots_default":true,"robots_noindex":false,"robots_noarchive":false,"robots_nosnippet":false,"robots_nofollow":false,"robots_noimageindex":false,"robots_noodp":false,"robots_notranslate":false,"robots_max_snippet":"-1","robots_max_videopreview":"-1","robots_max_imagepreview":"large","priority":null,"frequency":"default","local_seo":null,"seo_analyzer_scan_date":"2025-10-09 00:31:33","breadcrumb_settings":null,"limit_modified_date":false,"reviewed_by":null,"open_ai":"{\"title\":{\"suggestions\":[],\"usage\":0},\"description\":{\"suggestions\":[],\"usage\":0}}","ai":null,"created":"2024-11-25 04:09:42","updated":"2026-02-04 16:44:13"},"aioseo_breadcrumb":"<div class=\"aioseo-breadcrumbs\"><span class=\"aioseo-breadcrumb\">\n\t<a href=\"https:\/\/soymigrante.com\/revista\" title=\"Home\">Home<\/a>\n<\/span><span class=\"aioseo-breadcrumb-separator\">\u00bb<\/span><span class=\"aioseo-breadcrumb\">\n\t<a href=\"https:\/\/soymigrante.com\/revista\/category\/guate-nuestra\/\" title=\"Guate Nuestra\">Guate Nuestra<\/a>\n<\/span><span class=\"aioseo-breadcrumb-separator\">\u00bb<\/span><span class=\"aioseo-breadcrumb\">\n\tJoyas mayas migrantes: hombre de piedra volc\u00e1nica de 2 mil a\u00f1os se conserva en New Jersey\n<\/span><\/div>","aioseo_breadcrumb_json":[{"label":"Home","link":"https:\/\/soymigrante.com\/revista"},{"label":"Guate Nuestra","link":"https:\/\/soymigrante.com\/revista\/category\/guate-nuestra\/"},{"label":"Joyas mayas migrantes: hombre de piedra volc\u00e1nica de 2 mil a\u00f1os se conserva en New Jersey","link":"https:\/\/soymigrante.com\/revista\/joyas-mayas-migrantes-hombre-de-piedra-de-mas-de-2-mil-anos-se-conserva-en-new-jersey\/"}],"_links":{"self":[{"href":"https:\/\/soymigrante.com\/revista\/wp-json\/wp\/v2\/posts\/14213","targetHints":{"allow":["GET"]}}],"collection":[{"href":"https:\/\/soymigrante.com\/revista\/wp-json\/wp\/v2\/posts"}],"about":[{"href":"https:\/\/soymigrante.com\/revista\/wp-json\/wp\/v2\/types\/post"}],"author":[{"embeddable":true,"href":"https:\/\/soymigrante.com\/revista\/wp-json\/wp\/v2\/users\/7"}],"replies":[{"embeddable":true,"href":"https:\/\/soymigrante.com\/revista\/wp-json\/wp\/v2\/comments?post=14213"}],"version-history":[{"count":3,"href":"https:\/\/soymigrante.com\/revista\/wp-json\/wp\/v2\/posts\/14213\/revisions"}],"predecessor-version":[{"id":33699,"href":"https:\/\/soymigrante.com\/revista\/wp-json\/wp\/v2\/posts\/14213\/revisions\/33699"}],"wp:featuredmedia":[{"embeddable":true,"href":"https:\/\/soymigrante.com\/revista\/wp-json\/wp\/v2\/media\/14241"}],"wp:attachment":[{"href":"https:\/\/soymigrante.com\/revista\/wp-json\/wp\/v2\/media?parent=14213"}],"wp:term":[{"taxonomy":"category","embeddable":true,"href":"https:\/\/soymigrante.com\/revista\/wp-json\/wp\/v2\/categories?post=14213"},{"taxonomy":"post_tag","embeddable":true,"href":"https:\/\/soymigrante.com\/revista\/wp-json\/wp\/v2\/tags?post=14213"}],"curies":[{"name":"wp","href":"https:\/\/api.w.org\/{rel}","templated":true}]}}