{"id":1420,"date":"2023-06-20T19:57:24","date_gmt":"2023-06-20T19:57:24","guid":{"rendered":"https:\/\/soymigrante.com\/revista\/?p=1420"},"modified":"2026-03-11T16:39:33","modified_gmt":"2026-03-11T22:39:33","slug":"williamel-chapincillo-migrante-en-busca-de-un-mejor-destino","status":"publish","type":"post","link":"https:\/\/soymigrante.com\/revista\/williamel-chapincillo-migrante-en-busca-de-un-mejor-destino\/","title":{"rendered":"William, \u201dEl Chapincillo\u201d: un migrante guatemalteco en busca de un mejor destino."},"content":{"rendered":"\t\t<div data-elementor-type=\"wp-post\" data-elementor-id=\"1420\" class=\"elementor elementor-1420\" data-elementor-post-type=\"post\">\n\t\t\t\t\t\t<section data-particle_enable=\"false\" data-particle-mobile-disabled=\"false\" class=\"elementor-section elementor-top-section elementor-element elementor-element-203b641 elementor-section-boxed elementor-section-height-default elementor-section-height-default\" data-id=\"203b641\" data-element_type=\"section\" data-e-type=\"section\">\n\t\t\t\t\t\t<div class=\"elementor-container elementor-column-gap-default\">\n\t\t\t\t\t<div class=\"elementor-column elementor-col-100 elementor-top-column elementor-element elementor-element-e5ff549\" data-id=\"e5ff549\" data-element_type=\"column\" data-e-type=\"column\">\n\t\t\t<div class=\"elementor-widget-wrap elementor-element-populated\">\n\t\t\t\t\t\t<div class=\"elementor-element elementor-element-86f4d2a elementor-widget elementor-widget-heading\" data-id=\"86f4d2a\" data-element_type=\"widget\" data-e-type=\"widget\" data-widget_type=\"heading.default\">\n\t\t\t\t\t<h1 class=\"elementor-heading-title elementor-size-default\">El migrante guatemalteco William Vel\u00e1squez es  un emprendedor en Oklahoma. Vivi\u00f3 etapas dif\u00edciles de  juventud. Se equivoc\u00f3.  Rectific\u00f3 el camino y da testimonio de que siempre se puede cambiar.<\/h1>\t\t\t\t<\/div>\n\t\t\t\t\t<\/div>\n\t\t<\/div>\n\t\t\t\t\t<\/div>\n\t\t<\/section>\n\t\t\t\t<section data-particle_enable=\"false\" data-particle-mobile-disabled=\"false\" class=\"elementor-section elementor-top-section elementor-element elementor-element-e695472 elementor-section-boxed elementor-section-height-default elementor-section-height-default\" data-id=\"e695472\" data-element_type=\"section\" data-e-type=\"section\">\n\t\t\t\t\t\t<div class=\"elementor-container elementor-column-gap-default\">\n\t\t\t\t\t<div class=\"elementor-column elementor-col-100 elementor-top-column elementor-element elementor-element-0fbd4b3\" data-id=\"0fbd4b3\" data-element_type=\"column\" data-e-type=\"column\">\n\t\t\t<div class=\"elementor-widget-wrap elementor-element-populated\">\n\t\t\t\t\t\t<div class=\"elementor-element elementor-element-e83ffb4 elementor-widget elementor-widget-image\" data-id=\"e83ffb4\" data-element_type=\"widget\" data-e-type=\"widget\" data-widget_type=\"image.default\">\n\t\t\t\t\t\t\t\t\t\t\t\t<figure class=\"wp-caption\">\n\t\t\t\t\t\t\t\t\t\t<img fetchpriority=\"high\" decoding=\"async\" width=\"1024\" height=\"547\" src=\"https:\/\/soymigrante.com\/revista\/wp-content\/uploads\/2023\/06\/chapincito-foto-crop-1024x547.webp\" class=\"attachment-large size-large wp-image-1482\" alt=\"La uni\u00f3n de su familia es el mejor testimonio de valores consolidados para William Vel\u00e1squez, migrante guatemalteco radicado en Oklahoma\" srcset=\"https:\/\/soymigrante.com\/revista\/wp-content\/uploads\/2023\/06\/chapincito-foto-crop-1024x547.webp 1024w, https:\/\/soymigrante.com\/revista\/wp-content\/uploads\/2023\/06\/chapincito-foto-crop-300x160.webp 300w, https:\/\/soymigrante.com\/revista\/wp-content\/uploads\/2023\/06\/chapincito-foto-crop-768x410.webp 768w, https:\/\/soymigrante.com\/revista\/wp-content\/uploads\/2023\/06\/chapincito-foto-crop-750x400.webp 750w, https:\/\/soymigrante.com\/revista\/wp-content\/uploads\/2023\/06\/chapincito-foto-crop-1140x609.webp 1140w, https:\/\/soymigrante.com\/revista\/wp-content\/uploads\/2023\/06\/chapincito-foto-crop.webp 1227w\" sizes=\"(max-width: 1024px) 100vw, 1024px\" title=\"La uni\u00f3n de su familia es el mejor testimonio de valores consolidados para William Vel\u00e1squez, migrante guatemalteco radicado en Oklahoma \u2013 SoyMigrante.com REVISTA\" \/>\t\t\t\t\t\t\t\t\t\t\t<figcaption class=\"widget-image-caption wp-caption-text\">La uni\u00f3n de su familia es el mejor testimonio de valores consolidados para William Vel\u00e1squez, migrante guatemalteco radicado en Oklahoma<\/figcaption>\n\t\t\t\t\t\t\t\t\t\t<\/figure>\n\t\t\t\t\t\t\t\t\t<\/div>\n\t\t\t\t\t<\/div>\n\t\t<\/div>\n\t\t\t\t\t<\/div>\n\t\t<\/section>\n\t\t\t\t<section data-particle_enable=\"false\" data-particle-mobile-disabled=\"false\" class=\"elementor-section elementor-top-section elementor-element elementor-element-49b15a4 elementor-section-boxed elementor-section-height-default elementor-section-height-default\" data-id=\"49b15a4\" data-element_type=\"section\" data-e-type=\"section\">\n\t\t\t\t\t\t<div class=\"elementor-container elementor-column-gap-default\">\n\t\t\t\t\t<div class=\"elementor-column elementor-col-100 elementor-top-column elementor-element elementor-element-2032830\" data-id=\"2032830\" data-element_type=\"column\" data-e-type=\"column\">\n\t\t\t<div class=\"elementor-widget-wrap elementor-element-populated\">\n\t\t\t\t\t\t<div class=\"elementor-element elementor-element-5757194 elementor-widget elementor-widget-text-editor\" data-id=\"5757194\" data-element_type=\"widget\" data-e-type=\"widget\" data-widget_type=\"text-editor.default\">\n\t\t\t\t\t\t\t\t\t<p><span style=\"font-weight: 400;\">William Vel\u00e1squez es un migrante y emprendedor guatemalteco, que lleva 24 a\u00f1os de vivir en Oklahoma y m\u00e1s de tres d\u00e9cadas en Estados Unidos. Se siente orgulloso, feliz, de tener una familia unida, alegre. Pero para \u00e9l la perspectiva no siempre fue as\u00ed. Tuvo una adolescencia dif\u00edcil y una juventud a\u00fan m\u00e1s complicada. Lo reconoce. Pero aprendi\u00f3 de los errores y se comprometi\u00f3 a no repetirlos: ese es el secreto de su \u00e9xito.<\/span><\/p>\n<p><span style=\"font-weight: 400;\">William vivi\u00f3 en la colonia la Florida, zona 19 de Guatemala. Luego se traslad\u00f3 a la zona 18, un \u00e1rea popular en donde surgieron pandillas en la d\u00e9cada 1980. \u00c9l era un muchacho inquieto, de 14 a\u00f1os de edad. A temprana edad se vio involucrado en problemas de alcoholismo, situaci\u00f3n que lo limit\u00f3 por muchos a\u00f1os.<\/span><\/p>\t\t\t\t\t\t\t\t<\/div>\n\t\t\t\t\t<\/div>\n\t\t<\/div>\n\t\t\t\t\t<\/div>\n\t\t<\/section>\n\t\t\t\t<section data-particle_enable=\"false\" data-particle-mobile-disabled=\"false\" class=\"elementor-section elementor-top-section elementor-element elementor-element-b079825 elementor-section-boxed elementor-section-height-default elementor-section-height-default\" data-id=\"b079825\" data-element_type=\"section\" data-e-type=\"section\">\n\t\t\t\t\t\t<div class=\"elementor-container elementor-column-gap-default\">\n\t\t\t\t\t<div class=\"elementor-column elementor-col-100 elementor-top-column elementor-element elementor-element-c30d230\" data-id=\"c30d230\" data-element_type=\"column\" data-e-type=\"column\">\n\t\t\t<div class=\"elementor-widget-wrap elementor-element-populated\">\n\t\t\t\t\t\t<div class=\"elementor-element elementor-element-79131e7 elementor-widget elementor-widget-image\" data-id=\"79131e7\" data-element_type=\"widget\" data-e-type=\"widget\" data-widget_type=\"image.default\">\n\t\t\t\t\t\t\t\t\t\t\t\t<figure class=\"wp-caption\">\n\t\t\t\t\t\t\t\t\t\t<img decoding=\"async\" width=\"579\" height=\"785\" src=\"https:\/\/soymigrante.com\/revista\/wp-content\/uploads\/2023\/06\/A-mano-derecha-con-pantaon-rojo-se-encuentra-William-junto-a-su-madre-hermano-y-tios.webp\" class=\"attachment-large size-large wp-image-1457\" alt=\"fotograf\u00eda con su familia en Guatemala\" srcset=\"https:\/\/soymigrante.com\/revista\/wp-content\/uploads\/2023\/06\/A-mano-derecha-con-pantaon-rojo-se-encuentra-William-junto-a-su-madre-hermano-y-tios.webp 579w, https:\/\/soymigrante.com\/revista\/wp-content\/uploads\/2023\/06\/A-mano-derecha-con-pantaon-rojo-se-encuentra-William-junto-a-su-madre-hermano-y-tios-221x300.webp 221w\" sizes=\"(max-width: 579px) 100vw, 579px\" title=\"fotograf\u00eda con su familia en Guatemala \u2013 SoyMigrante.com REVISTA\" \/>\t\t\t\t\t\t\t\t\t\t\t<figcaption class=\"widget-image-caption wp-caption-text\">William Vel\u00e1squez a los 11 a\u00f1os junto a su familia en Guatemala. Est\u00e1 a la derecha, sosteniendo al beb\u00e9. De pantal\u00f3n rojo, atr\u00e1s de \u00e9l, su mam\u00e1.<\/figcaption>\n\t\t\t\t\t\t\t\t\t\t<\/figure>\n\t\t\t\t\t\t\t\t\t<\/div>\n\t\t\t\t\t<\/div>\n\t\t<\/div>\n\t\t\t\t\t<\/div>\n\t\t<\/section>\n\t\t\t\t<section data-particle_enable=\"false\" data-particle-mobile-disabled=\"false\" class=\"elementor-section elementor-top-section elementor-element elementor-element-bd920d6 elementor-section-boxed elementor-section-height-default elementor-section-height-default\" data-id=\"bd920d6\" data-element_type=\"section\" data-e-type=\"section\">\n\t\t\t\t\t\t<div class=\"elementor-container elementor-column-gap-default\">\n\t\t\t\t\t<div class=\"elementor-column elementor-col-100 elementor-top-column elementor-element elementor-element-c23ea2f\" data-id=\"c23ea2f\" data-element_type=\"column\" data-e-type=\"column\">\n\t\t\t<div class=\"elementor-widget-wrap elementor-element-populated\">\n\t\t\t\t\t\t<div class=\"elementor-element elementor-element-635c5be elementor-widget elementor-widget-heading\" data-id=\"635c5be\" data-element_type=\"widget\" data-e-type=\"widget\" data-widget_type=\"heading.default\">\n\t\t\t\t\t<h2 class=\"elementor-heading-title elementor-size-default\">S\u00fabita decisi\u00f3n de migrar <\/h2>\t\t\t\t<\/div>\n\t\t\t\t<div class=\"elementor-element elementor-element-b9e55d7 elementor-widget elementor-widget-text-editor\" data-id=\"b9e55d7\" data-element_type=\"widget\" data-e-type=\"widget\" data-widget_type=\"text-editor.default\">\n\t\t\t\t\t\t\t\t\t<p><span style=\"font-weight: 400;\">Con amigos conversaba William acerca de la pobreza, limitaciones y tambi\u00e9n de la violencia imperante en los barrios. Al calor de las copas uno de sus amigos le dio la idea de migrar hacia los Estados Unidos. Sin meditarlo salieron en grupo esa misma noche rumbo a la frontera, sin avisarle a nadie. Ten\u00eda 15 a\u00f1os.<\/span><\/p><p>La decisi\u00f3n fue r\u00e1pida, llegar no. &#8220;Pasamos hambre, fr\u00edo, casi nos capturan. Mi amigo dud\u00f3 y quiso regresarse pero yo lo anim\u00e9 a seguir. As\u00ed llegamos a San Diego California&#8221;<span style=\"font-weight: 400; color: var( --e-global-color-text ); background-color: var(--ak-bg-color);\">. Un mec\u00e1nico les brind\u00f3 agua y comida, tambi\u00e9n trabajo y un lugar donde dormir.<\/span><span style=\"font-weight: 400; color: var( --e-global-color-text ); background-color: var(--ak-bg-color);\">\u00a0William se dedic\u00f3 a limpiar herramientas y su amigo conoc\u00eda algo de mec\u00e1nica. Tiempo despu\u00e9s siguieron su camino.<\/span><\/p>\t\t\t\t\t\t\t\t<\/div>\n\t\t\t\t\t<\/div>\n\t\t<\/div>\n\t\t\t\t\t<\/div>\n\t\t<\/section>\n\t\t\t\t<section data-particle_enable=\"false\" data-particle-mobile-disabled=\"false\" class=\"elementor-section elementor-top-section elementor-element elementor-element-a13e627 elementor-section-boxed elementor-section-height-default elementor-section-height-default\" data-id=\"a13e627\" data-element_type=\"section\" data-e-type=\"section\">\n\t\t\t\t\t\t<div class=\"elementor-container elementor-column-gap-default\">\n\t\t\t\t\t<div class=\"elementor-column elementor-col-100 elementor-top-column elementor-element elementor-element-ca85947\" data-id=\"ca85947\" data-element_type=\"column\" data-e-type=\"column\">\n\t\t\t<div class=\"elementor-widget-wrap elementor-element-populated\">\n\t\t\t\t\t\t<div class=\"elementor-element elementor-element-fe2c4d9 elementor-arrows-position-inside elementor-pagination-position-outside elementor-widget elementor-widget-image-carousel\" data-id=\"fe2c4d9\" data-element_type=\"widget\" data-e-type=\"widget\" data-settings=\"{&quot;slides_to_show&quot;:&quot;1&quot;,&quot;navigation&quot;:&quot;both&quot;,&quot;autoplay&quot;:&quot;yes&quot;,&quot;pause_on_hover&quot;:&quot;yes&quot;,&quot;pause_on_interaction&quot;:&quot;yes&quot;,&quot;autoplay_speed&quot;:5000,&quot;infinite&quot;:&quot;yes&quot;,&quot;effect&quot;:&quot;slide&quot;,&quot;speed&quot;:500}\" data-widget_type=\"image-carousel.default\">\n\t\t\t\t\t\t\t<div class=\"elementor-image-carousel-wrapper swiper\" role=\"region\" aria-roledescription=\"carousel\" aria-label=\"Carrusel de im\u00e1genes\" dir=\"ltr\">\n\t\t\t<div class=\"elementor-image-carousel swiper-wrapper\" aria-live=\"off\">\n\t\t\t\t\t\t\t\t<div class=\"swiper-slide\" role=\"group\" aria-roledescription=\"slide\" aria-label=\"1 de 8\"><figure class=\"swiper-slide-inner\"><img decoding=\"async\" class=\"swiper-slide-image\" src=\"https:\/\/soymigrante.com\/revista\/wp-content\/uploads\/2023\/06\/306004868_5731199460243974_2262657878925070405_n-768x1024.webp\" alt=\"306004868_5731199460243974_2262657878925070405_n\" \/><\/figure><\/div><div class=\"swiper-slide\" role=\"group\" aria-roledescription=\"slide\" aria-label=\"2 de 8\"><figure class=\"swiper-slide-inner\"><img decoding=\"async\" class=\"swiper-slide-image\" src=\"https:\/\/soymigrante.com\/revista\/wp-content\/uploads\/2023\/06\/295974733_5578940255469896_8766410954332981197_n-768x1024.webp\" alt=\"295974733_5578940255469896_8766410954332981197_n\" \/><\/figure><\/div><div class=\"swiper-slide\" role=\"group\" aria-roledescription=\"slide\" aria-label=\"3 de 8\"><figure class=\"swiper-slide-inner\"><img decoding=\"async\" class=\"swiper-slide-image\" src=\"https:\/\/soymigrante.com\/revista\/wp-content\/uploads\/2023\/06\/337846914_908167747095534_3108970192266082661_n-768x1024.webp\" alt=\"337846914_908167747095534_3108970192266082661_n\" \/><\/figure><\/div><div class=\"swiper-slide\" role=\"group\" aria-roledescription=\"slide\" aria-label=\"4 de 8\"><figure class=\"swiper-slide-inner\"><img decoding=\"async\" class=\"swiper-slide-image\" src=\"https:\/\/soymigrante.com\/revista\/wp-content\/uploads\/2023\/06\/345870808_564189375612929_4652984820031488314_n-768x1024.webp\" alt=\"345870808_564189375612929_4652984820031488314_n\" \/><\/figure><\/div><div class=\"swiper-slide\" role=\"group\" aria-roledescription=\"slide\" aria-label=\"5 de 8\"><figure class=\"swiper-slide-inner\"><img decoding=\"async\" class=\"swiper-slide-image\" src=\"https:\/\/soymigrante.com\/revista\/wp-content\/uploads\/2023\/06\/352534177_209475165311270_8313114019953396353_n-768x1024.webp\" alt=\"352534177_209475165311270_8313114019953396353_n\" \/><\/figure><\/div><div class=\"swiper-slide\" role=\"group\" aria-roledescription=\"slide\" aria-label=\"6 de 8\"><figure class=\"swiper-slide-inner\"><img decoding=\"async\" class=\"swiper-slide-image\" src=\"https:\/\/soymigrante.com\/revista\/wp-content\/uploads\/2023\/06\/350124908_2483688178452975_8825602812275759602_n-768x1024.webp\" alt=\"350124908_2483688178452975_8825602812275759602_n\" \/><\/figure><\/div><div class=\"swiper-slide\" role=\"group\" aria-roledescription=\"slide\" aria-label=\"7 de 8\"><figure class=\"swiper-slide-inner\"><img decoding=\"async\" class=\"swiper-slide-image\" src=\"https:\/\/soymigrante.com\/revista\/wp-content\/uploads\/2023\/06\/352245144_652027013497812_8560508124576864825_n-768x1024.webp\" alt=\"352245144_652027013497812_8560508124576864825_n\" \/><\/figure><\/div><div class=\"swiper-slide\" role=\"group\" aria-roledescription=\"slide\" aria-label=\"8 de 8\"><figure class=\"swiper-slide-inner\"><img decoding=\"async\" class=\"swiper-slide-image\" src=\"https:\/\/soymigrante.com\/revista\/wp-content\/uploads\/2023\/06\/343438554_1279530572945939_5397489625197509263_n-768x1024.webp\" alt=\"343438554_1279530572945939_5397489625197509263_n\" \/><\/figure><\/div>\t\t\t<\/div>\n\t\t\t\t\t\t\t\t\t\t\t\t<div class=\"elementor-swiper-button elementor-swiper-button-prev\" role=\"button\" tabindex=\"0\">\n\t\t\t\t\t\t<i aria-hidden=\"true\" class=\"eicon-chevron-left\"><\/i>\t\t\t\t\t<\/div>\n\t\t\t\t\t<div class=\"elementor-swiper-button elementor-swiper-button-next\" role=\"button\" tabindex=\"0\">\n\t\t\t\t\t\t<i aria-hidden=\"true\" class=\"eicon-chevron-right\"><\/i>\t\t\t\t\t<\/div>\n\t\t\t\t\n\t\t\t\t\t\t\t\t\t<div class=\"swiper-pagination\"><\/div>\n\t\t\t\t\t\t\t\t\t<\/div>\n\t\t\t\t\t\t<\/div>\n\t\t\t\t\t<\/div>\n\t\t<\/div>\n\t\t\t\t\t<\/div>\n\t\t<\/section>\n\t\t\t\t<section data-particle_enable=\"false\" data-particle-mobile-disabled=\"false\" class=\"elementor-section elementor-top-section elementor-element elementor-element-7b34d2d elementor-section-boxed elementor-section-height-default elementor-section-height-default\" data-id=\"7b34d2d\" data-element_type=\"section\" data-e-type=\"section\">\n\t\t\t\t\t\t<div class=\"elementor-container elementor-column-gap-default\">\n\t\t\t\t\t<div class=\"elementor-column elementor-col-100 elementor-top-column elementor-element elementor-element-f5a2c1f\" data-id=\"f5a2c1f\" data-element_type=\"column\" data-e-type=\"column\">\n\t\t\t<div class=\"elementor-widget-wrap elementor-element-populated\">\n\t\t\t\t\t\t<div class=\"elementor-element elementor-element-d9e8f14 elementor-widget elementor-widget-text-editor\" data-id=\"d9e8f14\" data-element_type=\"widget\" data-e-type=\"widget\" data-widget_type=\"text-editor.default\">\n\t\t\t\t\t\t\t\t\t<p>William disfruta mucho de fotografiar los celajes de los atardeceres en Oklahoma, como un homenaje a la vida, como una forma de contemplar a Dios. Adm\u00edrelas.<\/p>\t\t\t\t\t\t\t\t<\/div>\n\t\t\t\t\t<\/div>\n\t\t<\/div>\n\t\t\t\t\t<\/div>\n\t\t<\/section>\n\t\t\t\t<section data-particle_enable=\"false\" data-particle-mobile-disabled=\"false\" class=\"elementor-section elementor-top-section elementor-element elementor-element-2a82358 elementor-section-boxed elementor-section-height-default elementor-section-height-default\" data-id=\"2a82358\" data-element_type=\"section\" data-e-type=\"section\">\n\t\t\t\t\t\t<div class=\"elementor-container elementor-column-gap-default\">\n\t\t\t\t\t<div class=\"elementor-column elementor-col-100 elementor-top-column elementor-element elementor-element-a10c472\" data-id=\"a10c472\" data-element_type=\"column\" data-e-type=\"column\">\n\t\t\t<div class=\"elementor-widget-wrap elementor-element-populated\">\n\t\t\t\t\t\t<div class=\"elementor-element elementor-element-428a4c3 elementor-widget-divider--view-line elementor-widget elementor-widget-divider\" data-id=\"428a4c3\" data-element_type=\"widget\" data-e-type=\"widget\" data-widget_type=\"divider.default\">\n\t\t\t\t\t\t\t<div class=\"elementor-divider\">\n\t\t\t<span class=\"elementor-divider-separator\">\n\t\t\t\t\t\t<\/span>\n\t\t<\/div>\n\t\t\t\t\t\t<\/div>\n\t\t\t\t\t<\/div>\n\t\t<\/div>\n\t\t\t\t\t<\/div>\n\t\t<\/section>\n\t\t\t\t<section data-particle_enable=\"false\" data-particle-mobile-disabled=\"false\" class=\"elementor-section elementor-top-section elementor-element elementor-element-a5cc1b8 elementor-section-boxed elementor-section-height-default elementor-section-height-default\" data-id=\"a5cc1b8\" data-element_type=\"section\" data-e-type=\"section\">\n\t\t\t\t\t\t<div class=\"elementor-container elementor-column-gap-default\">\n\t\t\t\t\t<div class=\"elementor-column elementor-col-100 elementor-top-column elementor-element elementor-element-642d733\" data-id=\"642d733\" data-element_type=\"column\" data-e-type=\"column\">\n\t\t\t<div class=\"elementor-widget-wrap elementor-element-populated\">\n\t\t\t\t\t\t<div class=\"elementor-element elementor-element-0821f1c elementor-widget elementor-widget-heading\" data-id=\"0821f1c\" data-element_type=\"widget\" data-e-type=\"widget\" data-widget_type=\"heading.default\">\n\t\t\t\t\t<h2 class=\"elementor-heading-title elementor-size-default\">Sin direcci\u00f3n, sin planes, sin techo, sin esperanza <\/h2>\t\t\t\t<\/div>\n\t\t\t\t<div class=\"elementor-element elementor-element-9c51a7c elementor-widget elementor-widget-text-editor\" data-id=\"9c51a7c\" data-element_type=\"widget\" data-e-type=\"widget\" data-widget_type=\"text-editor.default\">\n\t\t\t\t\t\t\t\t\t<p><span style=\"font-weight: 400;\">Un gu\u00eda que encontraron en M\u00e9xico le dijo al grupo de amigos migrantes que\u00a0 si los deten\u00edan las autoridades, deb\u00edan decir que viv\u00edan en una direcci\u00f3n que todos memorizaron.\u00a0\u00a0<\/span><span style=\"font-weight: 400; color: var( --e-global-color-text ); background-color: var(--ak-bg-color);\">En realidad no era un direcci\u00f3n, sino un c\u00f3digo referente a la pertenencia a una pandilla. Pero ellos no lo sab\u00edan. El &#8220;gu\u00eda&#8221; s\u00ed pertenec\u00eda a una mara y al objetivo era llevarlos con otros fines. Sui embargo, este gu\u00eda se perdi\u00f3 <\/span><span style=\"color: var( --e-global-color-text ); background-color: var(--ak-bg-color);\">en Mexicali, suceso que dej\u00f3 solos a William y a su amigo.<\/span><\/p><p><span style=\"font-weight: 400;\">Despu\u00e9s de haber laborado en mec\u00e1nica, tambi\u00e9n trabajaron en construcci\u00f3n. Eso\u00a0 les permit\u00eda trabajar por d\u00eda, se colocaban diario en la parada donde un veh\u00edculo los recog\u00eda a \u00e9l y a otros migrantes. Pero muy pronto William se desesper\u00f3. No quer\u00eda continuar as\u00ed.<\/span><\/p><p><span style=\"font-weight: 400;\">La amistad se desvaneci\u00f3 y los problemas de convivencia fueron en aumento. William decidi\u00f3 dejar el apartamento que compart\u00edan, pero no ten\u00eda a donde ir. Vivi\u00f3 por m\u00e1s de dos meses en la calle; durmiendo bajo puentes, en parques y a veces, familias que lo acog\u00edan. Le ped\u00eda a Dios una oportunidad y se encontr\u00f3 con un se\u00f1or que buscaba obreros para cosechar campos de almendras. Daban techo y comida.<\/span><\/p>\t\t\t\t\t\t\t\t<\/div>\n\t\t\t\t\t<\/div>\n\t\t<\/div>\n\t\t\t\t\t<\/div>\n\t\t<\/section>\n\t\t\t\t<section data-particle_enable=\"false\" data-particle-mobile-disabled=\"false\" class=\"elementor-section elementor-top-section elementor-element elementor-element-6c6dea7 elementor-section-boxed elementor-section-height-default elementor-section-height-default\" data-id=\"6c6dea7\" data-element_type=\"section\" data-e-type=\"section\">\n\t\t\t\t\t\t<div class=\"elementor-container elementor-column-gap-default\">\n\t\t\t\t\t<div class=\"elementor-column elementor-col-100 elementor-top-column elementor-element elementor-element-dff8f55\" data-id=\"dff8f55\" data-element_type=\"column\" data-e-type=\"column\">\n\t\t\t<div class=\"elementor-widget-wrap elementor-element-populated\">\n\t\t\t\t\t\t<div class=\"elementor-element elementor-element-2e1b91c elementor-widget elementor-widget-image\" data-id=\"2e1b91c\" data-element_type=\"widget\" data-e-type=\"widget\" data-widget_type=\"image.default\">\n\t\t\t\t\t\t\t\t\t\t\t\t<figure class=\"wp-caption\">\n\t\t\t\t\t\t\t\t\t\t<img decoding=\"async\" width=\"988\" height=\"1024\" src=\"https:\/\/soymigrante.com\/revista\/wp-content\/uploads\/2023\/06\/William-junto-a-un-companero-naranja-de-trabajo-empezo-a-pintar-casas-en-Oklahoma-hace-24-anos-988x1024.webp\" class=\"attachment-large size-large wp-image-1458\" alt=\"Pintor de casas\" srcset=\"https:\/\/soymigrante.com\/revista\/wp-content\/uploads\/2023\/06\/William-junto-a-un-companero-naranja-de-trabajo-empezo-a-pintar-casas-en-Oklahoma-hace-24-anos-988x1024.webp 988w, https:\/\/soymigrante.com\/revista\/wp-content\/uploads\/2023\/06\/William-junto-a-un-companero-naranja-de-trabajo-empezo-a-pintar-casas-en-Oklahoma-hace-24-anos-289x300.webp 289w, https:\/\/soymigrante.com\/revista\/wp-content\/uploads\/2023\/06\/William-junto-a-un-companero-naranja-de-trabajo-empezo-a-pintar-casas-en-Oklahoma-hace-24-anos-768x796.webp 768w, https:\/\/soymigrante.com\/revista\/wp-content\/uploads\/2023\/06\/William-junto-a-un-companero-naranja-de-trabajo-empezo-a-pintar-casas-en-Oklahoma-hace-24-anos-1482x1536.webp 1482w, https:\/\/soymigrante.com\/revista\/wp-content\/uploads\/2023\/06\/William-junto-a-un-companero-naranja-de-trabajo-empezo-a-pintar-casas-en-Oklahoma-hace-24-anos-750x777.webp 750w, https:\/\/soymigrante.com\/revista\/wp-content\/uploads\/2023\/06\/William-junto-a-un-companero-naranja-de-trabajo-empezo-a-pintar-casas-en-Oklahoma-hace-24-anos-1140x1182.webp 1140w, https:\/\/soymigrante.com\/revista\/wp-content\/uploads\/2023\/06\/William-junto-a-un-companero-naranja-de-trabajo-empezo-a-pintar-casas-en-Oklahoma-hace-24-anos.webp 1853w\" sizes=\"(max-width: 988px) 100vw, 988px\" title=\"Pintor de casas \u2013 SoyMigrante.com REVISTA\" \/>\t\t\t\t\t\t\t\t\t\t\t<figcaption class=\"widget-image-caption wp-caption-text\">William junto a un compa\u00f1ero (naranja) de trabajo, empez\u00f3 a pintar casas en Oklahoma, hace 24 a\u00f1os<\/figcaption>\n\t\t\t\t\t\t\t\t\t\t<\/figure>\n\t\t\t\t\t\t\t\t\t<\/div>\n\t\t\t\t\t<\/div>\n\t\t<\/div>\n\t\t\t\t\t<\/div>\n\t\t<\/section>\n\t\t\t\t<section data-particle_enable=\"false\" data-particle-mobile-disabled=\"false\" class=\"elementor-section elementor-top-section elementor-element elementor-element-7a7a75e elementor-section-boxed elementor-section-height-default elementor-section-height-default\" data-id=\"7a7a75e\" data-element_type=\"section\" data-e-type=\"section\">\n\t\t\t\t\t\t<div class=\"elementor-container elementor-column-gap-default\">\n\t\t\t\t\t<div class=\"elementor-column elementor-col-100 elementor-top-column elementor-element elementor-element-fc6da4d\" data-id=\"fc6da4d\" data-element_type=\"column\" data-e-type=\"column\">\n\t\t\t<div class=\"elementor-widget-wrap elementor-element-populated\">\n\t\t\t\t\t\t<div class=\"elementor-element elementor-element-a80707c elementor-widget elementor-widget-heading\" data-id=\"a80707c\" data-element_type=\"widget\" data-e-type=\"widget\" data-widget_type=\"heading.default\">\n\t\t\t\t\t<h3 class=\"elementor-heading-title elementor-size-default\">Una decisi\u00f3n que marc\u00f3 su vida <\/h3>\t\t\t\t<\/div>\n\t\t\t\t<div class=\"elementor-element elementor-element-4f68c5d elementor-widget elementor-widget-text-editor\" data-id=\"4f68c5d\" data-element_type=\"widget\" data-e-type=\"widget\" data-widget_type=\"text-editor.default\">\n\t\t\t\t\t\t\t\t\t<p><span style=\"font-weight: 400;\">William reconoce que a los 19 a\u00f1os no supo elegir sus amistades. Y termin\u00f3 formando parte de un grupo de gente que efectuaba actividades no necesariamente legales.\u00a0 Sin embargo, pertenecer a una \u201cganga\u201d o pandilla parec\u00eda ser una forma de contar con apoyo de &#8220;amigos&#8221;.\u00a0 Lamentablemente a\u00f1os despu\u00e9s esto solo le acarre\u00f3 problemas.\u00a0<\/span><\/p><p><span style=\"font-weight: 400;\">Finalmente fueron capturados por la polic\u00eda, afront\u00f3 cargos legales,\u00a0<\/span><span style=\"font-weight: 400; color: var( --e-global-color-text ); background-color: var(--ak-bg-color);\">estuvo dos a\u00f1os en prisi\u00f3n y fue deportado a M\u00e9xico. Ya ten\u00eda familia e hizo de todo para poder regresar.\u00a0<\/span><span style=\"font-weight: 400; color: var( --e-global-color-text ); background-color: var(--ak-bg-color);\">A los 31 a\u00f1os\u00a0<\/span><span style=\"font-weight: 400; color: var( --e-global-color-text ); background-color: var(--ak-bg-color);\">\u00a0le diagnosticaron diabetes. Nadie le apoy\u00f3. Excepto su familia y este amor fue fundamental para su transformaci\u00f3n personal.<\/span><\/p>\t\t\t\t\t\t\t\t<\/div>\n\t\t\t\t\t<\/div>\n\t\t<\/div>\n\t\t\t\t\t<\/div>\n\t\t<\/section>\n\t\t\t\t<section data-particle_enable=\"false\" data-particle-mobile-disabled=\"false\" class=\"elementor-section elementor-top-section elementor-element elementor-element-4ce06fd elementor-section-boxed elementor-section-height-default elementor-section-height-default\" data-id=\"4ce06fd\" data-element_type=\"section\" data-e-type=\"section\">\n\t\t\t\t\t\t<div class=\"elementor-container elementor-column-gap-default\">\n\t\t\t\t\t<div class=\"elementor-column elementor-col-100 elementor-top-column elementor-element elementor-element-844151d\" data-id=\"844151d\" data-element_type=\"column\" data-e-type=\"column\">\n\t\t\t<div class=\"elementor-widget-wrap elementor-element-populated\">\n\t\t\t\t\t\t<div class=\"elementor-element elementor-element-3543fcd elementor-widget elementor-widget-image\" data-id=\"3543fcd\" data-element_type=\"widget\" data-e-type=\"widget\" data-widget_type=\"image.default\">\n\t\t\t\t\t\t\t\t\t\t\t\t<figure class=\"wp-caption\">\n\t\t\t\t\t\t\t\t\t\t<img loading=\"lazy\" decoding=\"async\" width=\"768\" height=\"1024\" src=\"https:\/\/soymigrante.com\/revista\/wp-content\/uploads\/2023\/06\/Cuando-le-detectaron-diabetes-decidio-cambiar-sus-habitos-alimenticios-para-cuidar-de-salud-768x1024.webp\" class=\"attachment-large size-large wp-image-1459\" alt=\"William, pasa por varias situaciones que marcaron su vida\" srcset=\"https:\/\/soymigrante.com\/revista\/wp-content\/uploads\/2023\/06\/Cuando-le-detectaron-diabetes-decidio-cambiar-sus-habitos-alimenticios-para-cuidar-de-salud-768x1024.webp 768w, https:\/\/soymigrante.com\/revista\/wp-content\/uploads\/2023\/06\/Cuando-le-detectaron-diabetes-decidio-cambiar-sus-habitos-alimenticios-para-cuidar-de-salud-225x300.webp 225w, https:\/\/soymigrante.com\/revista\/wp-content\/uploads\/2023\/06\/Cuando-le-detectaron-diabetes-decidio-cambiar-sus-habitos-alimenticios-para-cuidar-de-salud-1152x1536.webp 1152w, https:\/\/soymigrante.com\/revista\/wp-content\/uploads\/2023\/06\/Cuando-le-detectaron-diabetes-decidio-cambiar-sus-habitos-alimenticios-para-cuidar-de-salud-750x1000.webp 750w, https:\/\/soymigrante.com\/revista\/wp-content\/uploads\/2023\/06\/Cuando-le-detectaron-diabetes-decidio-cambiar-sus-habitos-alimenticios-para-cuidar-de-salud-1140x1520.webp 1140w, https:\/\/soymigrante.com\/revista\/wp-content\/uploads\/2023\/06\/Cuando-le-detectaron-diabetes-decidio-cambiar-sus-habitos-alimenticios-para-cuidar-de-salud.webp 1200w\" sizes=\"(max-width: 768px) 100vw, 768px\" title=\"William, pasa por varias situaciones que marcaron su vida \u2013 SoyMigrante.com REVISTA\" \/>\t\t\t\t\t\t\t\t\t\t\t<figcaption class=\"widget-image-caption wp-caption-text\">Cuando le detectaron diabetes, decidi\u00f3 cambiar sus h\u00e1bitos alimenticios para cuidar de salud<\/figcaption>\n\t\t\t\t\t\t\t\t\t\t<\/figure>\n\t\t\t\t\t\t\t\t\t<\/div>\n\t\t\t\t\t<\/div>\n\t\t<\/div>\n\t\t\t\t\t<\/div>\n\t\t<\/section>\n\t\t\t\t<section data-particle_enable=\"false\" data-particle-mobile-disabled=\"false\" class=\"elementor-section elementor-top-section elementor-element elementor-element-b2fdcf0 elementor-section-boxed elementor-section-height-default elementor-section-height-default\" data-id=\"b2fdcf0\" data-element_type=\"section\" data-e-type=\"section\">\n\t\t\t\t\t\t<div class=\"elementor-container elementor-column-gap-default\">\n\t\t\t\t\t<div class=\"elementor-column elementor-col-100 elementor-top-column elementor-element elementor-element-91344e1\" data-id=\"91344e1\" data-element_type=\"column\" data-e-type=\"column\">\n\t\t\t<div class=\"elementor-widget-wrap elementor-element-populated\">\n\t\t\t\t\t\t<div class=\"elementor-element elementor-element-3cd7e28 elementor-widget elementor-widget-heading\" data-id=\"3cd7e28\" data-element_type=\"widget\" data-e-type=\"widget\" data-widget_type=\"heading.default\">\n\t\t\t\t\t<h3 class=\"elementor-heading-title elementor-size-default\">El Chapincillo inspira con acciones<\/h3>\t\t\t\t<\/div>\n\t\t\t\t<div class=\"elementor-element elementor-element-94e846c elementor-widget elementor-widget-text-editor\" data-id=\"94e846c\" data-element_type=\"widget\" data-e-type=\"widget\" data-widget_type=\"text-editor.default\">\n\t\t\t\t\t\t\t\t\t<p><span style=\"font-weight: 400;\">Se mud\u00f3 a Oklahoma en donde empez\u00f3 a trabajar en la pintura de casas, despu\u00e9s conoci\u00f3 una empresa de suplementos alimenticios que le permiti\u00f3 llegar a tener una franquicia, con la cual vive y crece hasta ahora. Transform\u00f3 totalmente sus h\u00e1bitos alimenticios, mejor\u00f3 sus relaciones, estableci\u00f3 metas inspir\u00e1ndose en brindar un mayor bienestar a su familia. Tiene seis hijos y ahora ya es abuelo.&nbsp;&nbsp;<\/span><\/p>\n<p><span style=\"font-weight: 400; color: var( --e-global-color-text ); background-color: var(--ak-bg-color);\">Hace m\u00e1s de tres a\u00f1os empez\u00f3 asistir y a servir a la iglesia cristiana de su sector, en enero del presente a\u00f1o tuvo un lazo importante con Dios y tres de sus hijos, fueron bautizados. Su hija se gradu\u00f3 este a\u00f1o de High School y sigue adelante con sus metas. Pero dos son las principales. Primero regularizar su situaci\u00f3n migratoria y segundo, compartir su experiencia con j\u00f3venes.<\/span><\/p><p><span style=\"font-weight: 400; color: var( --e-global-color-text ); background-color: var(--ak-bg-color);\">Adopt\u00f3 el sobrenombre de &#8220;El Chapincillo&#8221;, por el orgullo que siente de ser guatemalteco y con el cual le conocen muchos amigos y clientes.&nbsp;<\/span><\/p>\t\t\t\t\t\t\t\t<\/div>\n\t\t\t\t\t<\/div>\n\t\t<\/div>\n\t\t\t\t\t<\/div>\n\t\t<\/section>\n\t\t\t\t<section data-particle_enable=\"false\" data-particle-mobile-disabled=\"false\" class=\"elementor-section elementor-top-section elementor-element elementor-element-c863c19 elementor-section-boxed elementor-section-height-default elementor-section-height-default\" data-id=\"c863c19\" data-element_type=\"section\" data-e-type=\"section\">\n\t\t\t\t\t\t<div class=\"elementor-container elementor-column-gap-default\">\n\t\t\t\t\t<div class=\"elementor-column elementor-col-100 elementor-top-column elementor-element elementor-element-6ab9e71\" data-id=\"6ab9e71\" data-element_type=\"column\" data-e-type=\"column\">\n\t\t\t<div class=\"elementor-widget-wrap elementor-element-populated\">\n\t\t\t\t\t\t<div class=\"elementor-element elementor-element-87c6a52 elementor-widget elementor-widget-image\" data-id=\"87c6a52\" data-element_type=\"widget\" data-e-type=\"widget\" data-widget_type=\"image.default\">\n\t\t\t\t\t\t\t\t\t\t\t\t<figure class=\"wp-caption\">\n\t\t\t\t\t\t\t\t\t\t<img loading=\"lazy\" decoding=\"async\" width=\"768\" height=\"1024\" src=\"https:\/\/soymigrante.com\/revista\/wp-content\/uploads\/2023\/06\/graduacion-de-su-hija-768x1024.webp\" class=\"attachment-large size-large wp-image-1503\" alt=\"William tiene el prop\u00f3sito de que sus hijos no pasen por las carencias que \u00e9l padeci\u00f3. Graduaci\u00f3n de su hija de High School en este 2023.\" srcset=\"https:\/\/soymigrante.com\/revista\/wp-content\/uploads\/2023\/06\/graduacion-de-su-hija-768x1024.webp 768w, https:\/\/soymigrante.com\/revista\/wp-content\/uploads\/2023\/06\/graduacion-de-su-hija-225x300.webp 225w, https:\/\/soymigrante.com\/revista\/wp-content\/uploads\/2023\/06\/graduacion-de-su-hija-1152x1536.webp 1152w, https:\/\/soymigrante.com\/revista\/wp-content\/uploads\/2023\/06\/graduacion-de-su-hija-750x1000.webp 750w, https:\/\/soymigrante.com\/revista\/wp-content\/uploads\/2023\/06\/graduacion-de-su-hija-1140x1520.webp 1140w, https:\/\/soymigrante.com\/revista\/wp-content\/uploads\/2023\/06\/graduacion-de-su-hija.webp 1440w\" sizes=\"(max-width: 768px) 100vw, 768px\" title=\"William tiene el prop\u00f3sito de que sus hijos no pasen por las carencias que \u00e9l padeci\u00f3. Graduaci\u00f3n de su hija de High School en este 2023. \u2013 SoyMigrante.com REVISTA\" \/>\t\t\t\t\t\t\t\t\t\t\t<figcaption class=\"widget-image-caption wp-caption-text\">William tiene el prop\u00f3sito de que sus hijos no pasen por las carencias que \u00e9l padeci\u00f3. Graduaci\u00f3n de su hija de High School en este 2023.<\/figcaption>\n\t\t\t\t\t\t\t\t\t\t<\/figure>\n\t\t\t\t\t\t\t\t\t<\/div>\n\t\t\t\t\t<\/div>\n\t\t<\/div>\n\t\t\t\t\t<\/div>\n\t\t<\/section>\n\t\t\t\t<section data-particle_enable=\"false\" data-particle-mobile-disabled=\"false\" class=\"elementor-section elementor-top-section elementor-element elementor-element-ef3f40d elementor-section-boxed elementor-section-height-default elementor-section-height-default\" data-id=\"ef3f40d\" data-element_type=\"section\" data-e-type=\"section\">\n\t\t\t\t\t\t<div class=\"elementor-container elementor-column-gap-default\">\n\t\t\t\t\t<div class=\"elementor-column elementor-col-100 elementor-top-column elementor-element elementor-element-d8d7f7e\" data-id=\"d8d7f7e\" data-element_type=\"column\" data-e-type=\"column\">\n\t\t\t<div class=\"elementor-widget-wrap elementor-element-populated\">\n\t\t\t\t\t\t<div class=\"elementor-element elementor-element-25554b5 elementor-widget elementor-widget-heading\" data-id=\"25554b5\" data-element_type=\"widget\" data-e-type=\"widget\" data-widget_type=\"heading.default\">\n\t\t\t\t\t<h3 class=\"elementor-heading-title elementor-size-default\">Quiere volver a abrazar a su mam\u00e1 <\/h3>\t\t\t\t<\/div>\n\t\t\t\t<div class=\"elementor-element elementor-element-01c2ee2 elementor-widget elementor-widget-text-editor\" data-id=\"01c2ee2\" data-element_type=\"widget\" data-e-type=\"widget\" data-widget_type=\"text-editor.default\">\n\t\t\t\t\t\t\t\t\t<p><span style=\"font-weight: 400;\">Hace 32 a\u00f1os que William no ha podido abrazar a su mam\u00e1 y sue\u00f1a con reencontrarsecon ella en Estados Unidos. Ahora \u00e9l tiene 49 a\u00f1os de edad. Desea poder escribir un libro que sirva de ejemplo para aquellos que no encuentran un objetivo, porque sabe que muchos j\u00f3venes en Guatemala est\u00e1n en riesgo de caer en las pandillas o en vicios a causa de descontentos y limitaciones.\u00a0 \u00a0<\/span><span style=\"font-weight: 400; color: var( --e-global-color-text ); background-color: var(--ak-bg-color);\">\u201cPuede haber muchos a tu alrededor para apoyarte o desviarte, el \u00fanico que tiene la decisi\u00f3n de cambiar es uno mismo\u201d, declara.<\/span><\/p>\t\t\t\t\t\t\t\t<\/div>\n\t\t\t\t\t<\/div>\n\t\t<\/div>\n\t\t\t\t\t<\/div>\n\t\t<\/section>\n\t\t\t\t<section data-particle_enable=\"false\" data-particle-mobile-disabled=\"false\" class=\"elementor-section elementor-top-section elementor-element elementor-element-f11d1b3 elementor-section-boxed elementor-section-height-default elementor-section-height-default\" data-id=\"f11d1b3\" data-element_type=\"section\" data-e-type=\"section\">\n\t\t\t\t\t\t<div class=\"elementor-container elementor-column-gap-default\">\n\t\t\t\t\t<div class=\"elementor-column elementor-col-100 elementor-top-column elementor-element elementor-element-1f5f9b5\" data-id=\"1f5f9b5\" data-element_type=\"column\" data-e-type=\"column\">\n\t\t\t<div class=\"elementor-widget-wrap elementor-element-populated\">\n\t\t\t\t\t\t<div class=\"elementor-element elementor-element-cc3f7e5 elementor-widget elementor-widget-facebook-embed\" data-id=\"cc3f7e5\" data-element_type=\"widget\" data-e-type=\"widget\" data-widget_type=\"facebook-embed.default\">\n\t\t\t\t\t<div style=\"min-height: 1px\" class=\"elementor-facebook-widget fb-video\" data-href=\"https:\/\/www.facebook.com\/chapincillo\/videos\/169656459175742\" data-show-text=\"false\" data-allowfullscreen=\"false\" data-autoplay=\"false\" data-show-captions=\"false\"><\/div>\t\t\t\t<\/div>\n\t\t\t\t\t<\/div>\n\t\t<\/div>\n\t\t\t\t\t<\/div>\n\t\t<\/section>\n\t\t\t\t<\/div>\n\t\t","protected":false},"excerpt":{"rendered":"<p>El migrante guatemalteco William Vel\u00e1squez es un emprendedor en Oklahoma. Vivi\u00f3 etapas dif\u00edciles de juventud. Se equivoc\u00f3. Rectific\u00f3 el camino y da testimonio de que siempre se puede cambiar. La uni\u00f3n de su familia es el mejor testimonio de valores consolidados para William Vel\u00e1squez, migrante guatemalteco radicado en Oklahoma William Vel\u00e1squez es un migrante y [&hellip;]<\/p>\n","protected":false},"author":10,"featured_media":1504,"comment_status":"open","ping_status":"open","sticky":false,"template":"","format":"standard","meta":{"_acf_changed":false,"_eb_attr":"","footnotes":""},"categories":[50],"tags":[299],"class_list":["post-1420","post","type-post","status-publish","format-standard","has-post-thumbnail","hentry","category-exitos","tag-oklahoma"],"acf":[],"aioseo_notices":[],"aioseo_head":"\n\t\t<!-- All in One SEO Pro 4.9.6.2 - aioseo.com -->\n\t<meta name=\"description\" content=\"El migrante guatemalteco William Vel\u00e1squez es un emprendedor en Oklahoma. Vivi\u00f3 etapas dif\u00edciles de juventud. Se equivoc\u00f3. Rectific\u00f3 el camino y da testimonio de que siempre se puede cambiar. William Vel\u00e1squez es un migrante y emprendedor guatemalteco, que lleva 24 a\u00f1os de vivir en Oklahoma y m\u00e1s de tres d\u00e9cadas en Estados Unidos. Se siente\" \/>\n\t<meta name=\"robots\" content=\"max-snippet:-1, max-image-preview:large, max-video-preview:-1\" \/>\n\t<meta name=\"author\" content=\"Diana Batz\"\/>\n\t<link rel=\"canonical\" href=\"https:\/\/soymigrante.com\/revista\/williamel-chapincillo-migrante-en-busca-de-un-mejor-destino\/\" \/>\n\t<meta name=\"generator\" content=\"All in One SEO Pro (AIOSEO) 4.9.6.2\" \/>\n\n\t\t<link rel=\"preconnect\" href=\"https:\/\/fonts.googleapis.com\" crossorigin>\n<link rel=\"preconnect\" href=\"https:\/\/fonts.gstatic.com\" crossorigin>\n\t\t<meta property=\"og:locale\" content=\"es_ES\" \/>\n\t\t<meta property=\"og:site_name\" content=\"SoyMigrante.com REVISTA \u2013 Nuestra misi\u00f3n es reconocer y dignificar al migrante.\" \/>\n\t\t<meta property=\"og:type\" content=\"article\" \/>\n\t\t<meta property=\"og:title\" content=\"William, \u201dEl Chapincillo\u201d: un migrante guatemalteco en busca de un mejor destino.\" \/>\n\t\t<meta property=\"og:description\" content=\"El migrante guatemalteco William Vel\u00e1squez es un emprendedor en Oklahoma. Vivi\u00f3 etapas dif\u00edciles de juventud. Se equivoc\u00f3. Rectific\u00f3 el camino y da testimonio de que siempre se puede cambiar. William Vel\u00e1squez es un migrante y emprendedor guatemalteco, que lleva 24 a\u00f1os de vivir en Oklahoma y m\u00e1s de tres d\u00e9cadas en Estados Unidos. Se siente\" \/>\n\t\t<meta property=\"og:url\" content=\"https:\/\/soymigrante.com\/revista\/williamel-chapincillo-migrante-en-busca-de-un-mejor-destino\/\" \/>\n\t\t<meta property=\"og:image\" content=\"https:\/\/soymigrante.com\/revista\/wp-content\/uploads\/2023\/06\/347770495_279458674511685_1909770362635697153_n.webp\" \/>\n\t\t<meta property=\"og:image:secure_url\" content=\"https:\/\/soymigrante.com\/revista\/wp-content\/uploads\/2023\/06\/347770495_279458674511685_1909770362635697153_n.webp\" \/>\n\t\t<meta property=\"og:image:width\" content=\"1440\" \/>\n\t\t<meta property=\"og:image:height\" content=\"1920\" \/>\n\t\t<meta property=\"article:published_time\" content=\"2023-06-20T19:57:24+00:00\" \/>\n\t\t<meta property=\"article:modified_time\" content=\"2026-03-11T22:39:33+00:00\" \/>\n\t\t<meta property=\"article:publisher\" content=\"https:\/\/www.facebook.com\/soymigrantecom\" \/>\n\t\t<meta name=\"twitter:card\" content=\"summary_large_image\" \/>\n\t\t<meta name=\"twitter:site\" content=\"@SoyMigrante_com\" \/>\n\t\t<meta name=\"twitter:title\" content=\"William, \u201dEl Chapincillo\u201d: un migrante guatemalteco en busca de un mejor destino.\" \/>\n\t\t<meta name=\"twitter:description\" content=\"El migrante guatemalteco William Vel\u00e1squez es un emprendedor en Oklahoma. Vivi\u00f3 etapas dif\u00edciles de juventud. Se equivoc\u00f3. Rectific\u00f3 el camino y da testimonio de que siempre se puede cambiar. William Vel\u00e1squez es un migrante y emprendedor guatemalteco, que lleva 24 a\u00f1os de vivir en Oklahoma y m\u00e1s de tres d\u00e9cadas en Estados Unidos. Se siente\" \/>\n\t\t<meta name=\"twitter:creator\" content=\"@SoyMigrante_com\" \/>\n\t\t<meta name=\"twitter:image\" content=\"https:\/\/soymigrante.com\/revista\/wp-content\/uploads\/2023\/06\/347770495_279458674511685_1909770362635697153_n.webp\" \/>\n\t\t<!-- All in One SEO Pro -->\r\n\t\t<title>William, \u201dEl Chapincillo\u201d: un migrante guatemalteco en busca de un mejor destino.<\/title>\n\n","aioseo_head_json":{"title":"William, \u201dEl Chapincillo\u201d: un migrante guatemalteco en busca de un mejor destino.","description":"El migrante guatemalteco William Vel\u00e1squez es un emprendedor en Oklahoma. Vivi\u00f3 etapas dif\u00edciles de juventud. Se equivoc\u00f3. Rectific\u00f3 el camino y da testimonio de que siempre se puede cambiar. William Vel\u00e1squez es un migrante y emprendedor guatemalteco, que lleva 24 a\u00f1os de vivir en Oklahoma y m\u00e1s de tres d\u00e9cadas en Estados Unidos. Se siente","canonical_url":"https:\/\/soymigrante.com\/revista\/williamel-chapincillo-migrante-en-busca-de-un-mejor-destino\/","robots":"max-snippet:-1, max-image-preview:large, max-video-preview:-1","keywords":"","webmasterTools":{"miscellaneous":"&lt;link rel=\"preconnect\" href=\"https:\/\/fonts.googleapis.com\" crossorigin&gt;\n&lt;link rel=\"preconnect\" href=\"https:\/\/fonts.gstatic.com\" crossorigin&gt;"},"schema":null,"og:locale":"es_ES","og:site_name":"SoyMigrante.com REVISTA \u2013 Nuestra misi\u00f3n es reconocer y dignificar al migrante.","og:type":"article","og:title":"William, \u201dEl Chapincillo\u201d: un migrante guatemalteco en busca de un mejor destino.","og:description":"El migrante guatemalteco William Vel\u00e1squez es un emprendedor en Oklahoma. Vivi\u00f3 etapas dif\u00edciles de juventud. Se equivoc\u00f3. Rectific\u00f3 el camino y da testimonio de que siempre se puede cambiar. William Vel\u00e1squez es un migrante y emprendedor guatemalteco, que lleva 24 a\u00f1os de vivir en Oklahoma y m\u00e1s de tres d\u00e9cadas en Estados Unidos. Se siente","og:url":"https:\/\/soymigrante.com\/revista\/williamel-chapincillo-migrante-en-busca-de-un-mejor-destino\/","og:image":"https:\/\/soymigrante.com\/revista\/wp-content\/uploads\/2023\/06\/347770495_279458674511685_1909770362635697153_n.webp","og:image:secure_url":"https:\/\/soymigrante.com\/revista\/wp-content\/uploads\/2023\/06\/347770495_279458674511685_1909770362635697153_n.webp","og:image:width":1440,"og:image:height":1920,"article:published_time":"2023-06-20T19:57:24+00:00","article:modified_time":"2026-03-11T22:39:33+00:00","article:publisher":"https:\/\/www.facebook.com\/soymigrantecom","twitter:card":"summary_large_image","twitter:site":"@SoyMigrante_com","twitter:title":"William, \u201dEl Chapincillo\u201d: un migrante guatemalteco en busca de un mejor destino.","twitter:description":"El migrante guatemalteco William Vel\u00e1squez es un emprendedor en Oklahoma. Vivi\u00f3 etapas dif\u00edciles de juventud. Se equivoc\u00f3. Rectific\u00f3 el camino y da testimonio de que siempre se puede cambiar. William Vel\u00e1squez es un migrante y emprendedor guatemalteco, que lleva 24 a\u00f1os de vivir en Oklahoma y m\u00e1s de tres d\u00e9cadas en Estados Unidos. Se siente","twitter:creator":"@SoyMigrante_com","twitter:image":"https:\/\/soymigrante.com\/revista\/wp-content\/uploads\/2023\/06\/347770495_279458674511685_1909770362635697153_n.webp"},"aioseo_meta_data":{"post_id":"1420","title":"#post_title","description":"#post_excerpt","keywords":[],"keyphrases":{"focus":{"keyphrase":"Migrante","score":69,"analysis":{"keyphraseInTitle":{"score":9,"maxScore":9,"error":0},"keyphraseInDescription":{"score":9,"maxScore":9,"error":0},"keyphraseLength":{"score":9,"maxScore":9,"error":0,"length":1},"keyphraseInURL":{"score":5,"maxScore":5,"error":0},"keyphraseInIntroduction":{"score":3,"maxScore":9,"error":1},"keyphraseInSubHeadings":{"score":3,"maxScore":9,"error":1},"keyphraseInImageAlt":{"score":9,"maxScore":9,"error":0},"keywordDensity":{"score":0,"type":"low","maxScore":9,"error":1}}},"additional":[]},"primary_term":null,"canonical_url":null,"og_title":null,"og_description":null,"og_object_type":"default","og_image_type":"default","og_image_url":null,"og_image_width":null,"og_image_height":null,"og_image_custom_url":null,"og_image_custom_fields":null,"og_video":"","og_custom_url":null,"og_article_section":null,"og_article_tags":[],"twitter_use_og":false,"twitter_card":"default","twitter_image_type":"default","twitter_image_url":null,"twitter_image_custom_url":null,"twitter_image_custom_fields":null,"twitter_title":null,"twitter_description":null,"schema":{"blockGraphs":[],"customGraphs":[],"default":{"data":{"Article":[],"Course":[],"Dataset":[],"FAQPage":[],"Movie":[],"Person":[],"Product":[],"ProductReview":[],"Car":[],"Recipe":[],"Service":[],"SoftwareApplication":[],"WebPage":[]},"graphName":"BlogPosting","isEnabled":true},"graphs":[]},"schema_type":"default","schema_type_options":null,"pillar_content":false,"robots_default":true,"robots_noindex":false,"robots_noarchive":false,"robots_nosnippet":false,"robots_nofollow":false,"robots_noimageindex":false,"robots_noodp":false,"robots_notranslate":false,"robots_max_snippet":"-1","robots_max_videopreview":"-1","robots_max_imagepreview":"large","priority":null,"frequency":"default","local_seo":null,"seo_analyzer_scan_date":"2026-03-23 21:56:07","breadcrumb_settings":null,"limit_modified_date":false,"reviewed_by":null,"open_ai":null,"ai":null,"created":"2023-08-18 13:24:52","updated":"2026-03-23 21:56:07"},"aioseo_breadcrumb":"<div class=\"aioseo-breadcrumbs\"><span class=\"aioseo-breadcrumb\">\n\t<a href=\"https:\/\/soymigrante.com\/revista\" title=\"Home\">Home<\/a>\n<\/span><span class=\"aioseo-breadcrumb-separator\">\u00bb<\/span><span class=\"aioseo-breadcrumb\">\n\t<a href=\"https:\/\/soymigrante.com\/revista\/category\/exitos\/\" title=\"\u00c9xitos\">\u00c9xitos<\/a>\n<\/span><span class=\"aioseo-breadcrumb-separator\">\u00bb<\/span><span class=\"aioseo-breadcrumb\">\n\tWilliam, \u201dEl Chapincillo\u201d: un migrante guatemalteco en busca de un mejor destino.\n<\/span><\/div>","aioseo_breadcrumb_json":[{"label":"Home","link":"https:\/\/soymigrante.com\/revista"},{"label":"\u00c9xitos","link":"https:\/\/soymigrante.com\/revista\/category\/exitos\/"},{"label":"William, \u201dEl Chapincillo\u201d: un migrante guatemalteco en busca de un mejor destino.","link":"https:\/\/soymigrante.com\/revista\/williamel-chapincillo-migrante-en-busca-de-un-mejor-destino\/"}],"_links":{"self":[{"href":"https:\/\/soymigrante.com\/revista\/wp-json\/wp\/v2\/posts\/1420","targetHints":{"allow":["GET"]}}],"collection":[{"href":"https:\/\/soymigrante.com\/revista\/wp-json\/wp\/v2\/posts"}],"about":[{"href":"https:\/\/soymigrante.com\/revista\/wp-json\/wp\/v2\/types\/post"}],"author":[{"embeddable":true,"href":"https:\/\/soymigrante.com\/revista\/wp-json\/wp\/v2\/users\/10"}],"replies":[{"embeddable":true,"href":"https:\/\/soymigrante.com\/revista\/wp-json\/wp\/v2\/comments?post=1420"}],"version-history":[{"count":1,"href":"https:\/\/soymigrante.com\/revista\/wp-json\/wp\/v2\/posts\/1420\/revisions"}],"predecessor-version":[{"id":53582,"href":"https:\/\/soymigrante.com\/revista\/wp-json\/wp\/v2\/posts\/1420\/revisions\/53582"}],"wp:featuredmedia":[{"embeddable":true,"href":"https:\/\/soymigrante.com\/revista\/wp-json\/wp\/v2\/media\/1504"}],"wp:attachment":[{"href":"https:\/\/soymigrante.com\/revista\/wp-json\/wp\/v2\/media?parent=1420"}],"wp:term":[{"taxonomy":"category","embeddable":true,"href":"https:\/\/soymigrante.com\/revista\/wp-json\/wp\/v2\/categories?post=1420"},{"taxonomy":"post_tag","embeddable":true,"href":"https:\/\/soymigrante.com\/revista\/wp-json\/wp\/v2\/tags?post=1420"}],"curies":[{"name":"wp","href":"https:\/\/api.w.org\/{rel}","templated":true}]}}