{"id":14193,"date":"2024-12-11T17:25:50","date_gmt":"2024-12-11T23:25:50","guid":{"rendered":"https:\/\/soymigrante.com\/revista\/?p=14193"},"modified":"2024-12-14T16:19:33","modified_gmt":"2024-12-14T22:19:33","slug":"no-te-quedes-sin-tu-tamal-guatemalteco-te-decimos-donde-comprar-en-usa","status":"publish","type":"post","link":"https:\/\/soymigrante.com\/revista\/no-te-quedes-sin-tu-tamal-guatemalteco-te-decimos-donde-comprar-en-usa\/","title":{"rendered":"No te quedes sin tu tamal guatemalteco. Te decimos d\u00f3nde comprar en USA."},"content":{"rendered":"\t\t<div data-elementor-type=\"wp-post\" data-elementor-id=\"14193\" class=\"elementor elementor-14193\" data-elementor-post-type=\"post\">\n\t\t\t\t<div data-particle_enable=\"false\" data-particle-mobile-disabled=\"false\" class=\"elementor-element elementor-element-3e2e348 e-flex e-con-boxed e-con e-parent\" data-id=\"3e2e348\" data-element_type=\"container\" data-e-type=\"container\">\n\t\t\t\t\t<div class=\"e-con-inner\">\n\t\t\t\t<div class=\"elementor-element elementor-element-967c9a1 elementor-widget elementor-widget-heading\" data-id=\"967c9a1\" data-element_type=\"widget\" data-e-type=\"widget\" data-widget_type=\"heading.default\">\n\t\t\t\t\t<h2 class=\"elementor-heading-title elementor-size-default\">Encontrar tamales guatemaltecos en Estados Unidos es posible gracias a la creciente presencia de comunidades guatemaltecas en diversas ciudades. \u00bfNo sabes d\u00f3nde comprarlos? Te compartimos unos consejos y recomendaciones de algunos restaurantes.<\/h2>\t\t\t\t<\/div>\n\t\t\t\t\t<\/div>\n\t\t\t\t<\/div>\n\t\t<div data-particle_enable=\"false\" data-particle-mobile-disabled=\"false\" class=\"elementor-element elementor-element-96d3bc3 e-flex e-con-boxed e-con e-parent\" data-id=\"96d3bc3\" data-element_type=\"container\" data-e-type=\"container\">\n\t\t\t\t\t<div class=\"e-con-inner\">\n\t\t\t\t<div class=\"elementor-element elementor-element-36d64b7 elementor-widget elementor-widget-text-editor\" data-id=\"36d64b7\" data-element_type=\"widget\" data-e-type=\"widget\" data-widget_type=\"text-editor.default\">\n\t\t\t\t\t\t\t\t\t<p>El tamal guatemalteco es un platillo ancestral con ra\u00edces profundas en la historia y la cultura de Mesoam\u00e9rica. Los tamales tienen una base en el ma\u00edz, alimento principal de la cosmovisi\u00f3n maya, asociado con el Popol Vuh, donde se menciona que los humanos fueron creados a partir de este grano.<\/p><p>Los mayas preparaban los tamales para rituales religiosos, incluy\u00e9ndolos como ofrendas para sus dioses y como comida para sus guerreros y viajeros debido a su facilidad para transportarlos.Con la llegada de los espa\u00f1oles, el tamal evolucion\u00f3 al incorporarse ingredientes tra\u00eddos de Europa, como el cerdo, las especias (canela, clavo, pimienta), y nuevas formas de cocinar.<\/p>\t\t\t\t\t\t\t\t<\/div>\n\t\t\t\t\t<\/div>\n\t\t\t\t<\/div>\n\t\t<div data-particle_enable=\"false\" data-particle-mobile-disabled=\"false\" class=\"elementor-element elementor-element-b52846b e-flex e-con-boxed e-con e-parent\" data-id=\"b52846b\" data-element_type=\"container\" data-e-type=\"container\">\n\t\t\t\t\t<div class=\"e-con-inner\">\n\t\t\t\t<div class=\"elementor-element elementor-element-5b1a6a2 elementor-widget elementor-widget-heading\" data-id=\"5b1a6a2\" data-element_type=\"widget\" data-e-type=\"widget\" data-widget_type=\"heading.default\">\n\t\t\t\t\t<h3 class=\"elementor-heading-title elementor-size-default\">\u00bfC\u00f3mo buscar? Toma nota (Ingresa en + para la descripci\u00f3n)<\/h3>\t\t\t\t<\/div>\n\t\t\t\t\t<\/div>\n\t\t\t\t<\/div>\n\t\t<div data-particle_enable=\"false\" data-particle-mobile-disabled=\"false\" class=\"elementor-element elementor-element-7e368ee e-flex e-con-boxed e-con e-parent\" data-id=\"7e368ee\" data-element_type=\"container\" data-e-type=\"container\">\n\t\t\t\t\t<div class=\"e-con-inner\">\n\t\t\t\t<div class=\"elementor-element elementor-element-3ba1dfc elementor-widget elementor-widget-accordion\" data-id=\"3ba1dfc\" data-element_type=\"widget\" data-e-type=\"widget\" data-widget_type=\"accordion.default\">\n\t\t\t\t\t\t\t<div class=\"elementor-accordion\">\n\t\t\t\t\t\t\t<div class=\"elementor-accordion-item\">\n\t\t\t\t\t<div id=\"elementor-tab-title-6251\" class=\"elementor-tab-title\" data-tab=\"1\" role=\"button\" aria-controls=\"elementor-tab-content-6251\" aria-expanded=\"false\">\n\t\t\t\t\t\t\t\t\t\t\t\t\t<span class=\"elementor-accordion-icon elementor-accordion-icon-left\" aria-hidden=\"true\">\n\t\t\t\t\t\t\t\t\t\t\t\t\t\t\t<span class=\"elementor-accordion-icon-closed\"><i class=\"fas fa-plus\"><\/i><\/span>\n\t\t\t\t\t\t\t\t<span class=\"elementor-accordion-icon-opened\"><i class=\"fas fa-minus\"><\/i><\/span>\n\t\t\t\t\t\t\t\t\t\t\t\t\t\t<\/span>\n\t\t\t\t\t\t\t\t\t\t\t\t<a class=\"elementor-accordion-title\" tabindex=\"0\">Panader\u00edas y tiendas latinas<\/a>\n\t\t\t\t\t<\/div>\n\t\t\t\t\t<div id=\"elementor-tab-content-6251\" class=\"elementor-tab-content elementor-clearfix\" data-tab=\"1\" role=\"region\" aria-labelledby=\"elementor-tab-title-6251\"><p>Panader\u00edas o tiendas latinas, especialmente las administradas por guatemaltecos, a menudo tienen\u00a0<a style=\"font-family: var( --e-global-typography-text-font-family ), Sans-serif; font-weight: var( --e-global-typography-text-font-weight );\" href=\"https:\/\/soymigrante.com\/revista\/tamales-de-guatemala-variedad-y-recetas-de-una-tradicion-de-sabor\/\" target=\"_blank\" rel=\"noopener\">tamales frescos o congelados.<\/a><\/p><p>Pregunta espec\u00edficamente por tamales guatemaltecos, ya que son diferentes de los mexicanos o de otras culturas.<\/p><\/div>\n\t\t\t\t<\/div>\n\t\t\t\t\t\t\t<div class=\"elementor-accordion-item\">\n\t\t\t\t\t<div id=\"elementor-tab-title-6252\" class=\"elementor-tab-title\" data-tab=\"2\" role=\"button\" aria-controls=\"elementor-tab-content-6252\" aria-expanded=\"false\">\n\t\t\t\t\t\t\t\t\t\t\t\t\t<span class=\"elementor-accordion-icon elementor-accordion-icon-left\" aria-hidden=\"true\">\n\t\t\t\t\t\t\t\t\t\t\t\t\t\t\t<span class=\"elementor-accordion-icon-closed\"><i class=\"fas fa-plus\"><\/i><\/span>\n\t\t\t\t\t\t\t\t<span class=\"elementor-accordion-icon-opened\"><i class=\"fas fa-minus\"><\/i><\/span>\n\t\t\t\t\t\t\t\t\t\t\t\t\t\t<\/span>\n\t\t\t\t\t\t\t\t\t\t\t\t<a class=\"elementor-accordion-title\" tabindex=\"0\">Mercados y ferias comunitarias<\/a>\n\t\t\t\t\t<\/div>\n\t\t\t\t\t<div id=\"elementor-tab-content-6252\" class=\"elementor-tab-content elementor-clearfix\" data-tab=\"2\" role=\"region\" aria-labelledby=\"elementor-tab-title-6252\"><p>En lugares con una<a href=\"https:\/\/soymigrante.com\/revista\/siete-expresiones-de-multiculturalidad-guatemalteca-ganan-fuerza-en-usa\/\" target=\"_blank\" rel=\"noopener\"> fuerte comunidad guatemaltec<\/a>a, como Los \u00c1ngeles (Zona de Pico-Union), Houston, o el Bronx en Nueva York, los mercados comunitarios suelen vender tamales.<br \/>Investiga ferias o eventos organizados por asociaciones guatemaltecas.<\/p><\/div>\n\t\t\t\t<\/div>\n\t\t\t\t\t\t\t<div class=\"elementor-accordion-item\">\n\t\t\t\t\t<div id=\"elementor-tab-title-6253\" class=\"elementor-tab-title\" data-tab=\"3\" role=\"button\" aria-controls=\"elementor-tab-content-6253\" aria-expanded=\"false\">\n\t\t\t\t\t\t\t\t\t\t\t\t\t<span class=\"elementor-accordion-icon elementor-accordion-icon-left\" aria-hidden=\"true\">\n\t\t\t\t\t\t\t\t\t\t\t\t\t\t\t<span class=\"elementor-accordion-icon-closed\"><i class=\"fas fa-plus\"><\/i><\/span>\n\t\t\t\t\t\t\t\t<span class=\"elementor-accordion-icon-opened\"><i class=\"fas fa-minus\"><\/i><\/span>\n\t\t\t\t\t\t\t\t\t\t\t\t\t\t<\/span>\n\t\t\t\t\t\t\t\t\t\t\t\t<a class=\"elementor-accordion-title\" tabindex=\"0\">Pedidos a domicilio Plataformas como<\/a>\n\t\t\t\t\t<\/div>\n\t\t\t\t\t<div id=\"elementor-tab-content-6253\" class=\"elementor-tab-content elementor-clearfix\" data-tab=\"3\" role=\"region\" aria-labelledby=\"elementor-tab-title-6253\"><p>Facebook Marketplace,\u00a0<a href=\"https:\/\/soymigrante.com\/revista\/seguridad-en-linea-10-senales-para-detectar-riesgos-en-redes-sociales\/\" target=\"_blank\" rel=\"noopener\">grupos locales en WhatsApp, o p\u00e1ginas de Instagram<\/a>\u00a0de negocios locales suelen anunciar venta de tamales guatemaltecos.<br \/>Aplicaciones como Uber Eats o DoorDash tambi\u00e9n pueden incluir restaurantes que los ofrezcan.<\/p><\/div>\n\t\t\t\t<\/div>\n\t\t\t\t\t\t\t<div class=\"elementor-accordion-item\">\n\t\t\t\t\t<div id=\"elementor-tab-title-6254\" class=\"elementor-tab-title\" data-tab=\"4\" role=\"button\" aria-controls=\"elementor-tab-content-6254\" aria-expanded=\"false\">\n\t\t\t\t\t\t\t\t\t\t\t\t\t<span class=\"elementor-accordion-icon elementor-accordion-icon-left\" aria-hidden=\"true\">\n\t\t\t\t\t\t\t\t\t\t\t\t\t\t\t<span class=\"elementor-accordion-icon-closed\"><i class=\"fas fa-plus\"><\/i><\/span>\n\t\t\t\t\t\t\t\t<span class=\"elementor-accordion-icon-opened\"><i class=\"fas fa-minus\"><\/i><\/span>\n\t\t\t\t\t\t\t\t\t\t\t\t\t\t<\/span>\n\t\t\t\t\t\t\t\t\t\t\t\t<a class=\"elementor-accordion-title\" tabindex=\"0\">Conocidos<\/a>\n\t\t\t\t\t<\/div>\n\t\t\t\t\t<div id=\"elementor-tab-content-6254\" class=\"elementor-tab-content elementor-clearfix\" data-tab=\"4\" role=\"region\" aria-labelledby=\"elementor-tab-title-6254\"><p>Las familias guatemaltecas a menudo preparan tamales por encargo, especialmente durante Navidad y A\u00f1o Nuevo. Pregunta en grupos comunitarios o iglesias donde se re\u00fana la comunidad guatemalteca.<\/p><\/div>\n\t\t\t\t<\/div>\n\t\t\t\t\t\t\t<div class=\"elementor-accordion-item\">\n\t\t\t\t\t<div id=\"elementor-tab-title-6255\" class=\"elementor-tab-title\" data-tab=\"5\" role=\"button\" aria-controls=\"elementor-tab-content-6255\" aria-expanded=\"false\">\n\t\t\t\t\t\t\t\t\t\t\t\t\t<span class=\"elementor-accordion-icon elementor-accordion-icon-left\" aria-hidden=\"true\">\n\t\t\t\t\t\t\t\t\t\t\t\t\t\t\t<span class=\"elementor-accordion-icon-closed\"><i class=\"fas fa-plus\"><\/i><\/span>\n\t\t\t\t\t\t\t\t<span class=\"elementor-accordion-icon-opened\"><i class=\"fas fa-minus\"><\/i><\/span>\n\t\t\t\t\t\t\t\t\t\t\t\t\t\t<\/span>\n\t\t\t\t\t\t\t\t\t\t\t\t<a class=\"elementor-accordion-title\" tabindex=\"0\">Restaurantes guatemalteco<\/a>\n\t\t\t\t\t<\/div>\n\t\t\t\t\t<div id=\"elementor-tab-content-6255\" class=\"elementor-tab-content elementor-clearfix\" data-tab=\"5\" role=\"region\" aria-labelledby=\"elementor-tab-title-6255\"><p>Busca\u00a0<a href=\"https:\/\/soymigrante.com\/revista\/milbet-del-cid-ofrece-antojitos-chapines-en-restaurante-amalia-en-los-angeles\/\" target=\"_blank\" rel=\"noopener\">restaurantes guatemaltecos en tu \u00e1rea.<\/a>\u00a0Muchos ofrecen tamales como parte de su men\u00fa, especialmente durante fines de semana o d\u00edas festivos.<\/p><p>Ciudades con alta concentraci\u00f3n de guatemaltecos, como Los \u00c1ngeles, Nueva York, Houston, Miami, y Washington, D.C., suelen tener restaurantes o puestos que los venden.<\/p><\/div>\n\t\t\t\t<\/div>\n\t\t\t\t\t\t\t\t<\/div>\n\t\t\t\t\t\t<\/div>\n\t\t\t\t\t<\/div>\n\t\t\t\t<\/div>\n\t\t<div data-particle_enable=\"false\" data-particle-mobile-disabled=\"false\" class=\"elementor-element elementor-element-dade3db e-flex e-con-boxed e-con e-parent\" data-id=\"dade3db\" data-element_type=\"container\" data-e-type=\"container\">\n\t\t\t\t\t<div class=\"e-con-inner\">\n\t\t\t\t<div class=\"elementor-element elementor-element-1dc8b9f elementor-widget elementor-widget-heading\" data-id=\"1dc8b9f\" data-element_type=\"widget\" data-e-type=\"widget\" data-widget_type=\"heading.default\">\n\t\t\t\t\t<h3 class=\"elementor-heading-title elementor-size-default\">Busca el restaurante m\u00e1s cercano...<\/h3>\t\t\t\t<\/div>\n\t\t\t\t\t<\/div>\n\t\t\t\t<\/div>\n\t\t<div data-particle_enable=\"false\" data-particle-mobile-disabled=\"false\" class=\"elementor-element elementor-element-6bf4c97 e-flex e-con-boxed e-con e-parent\" data-id=\"6bf4c97\" data-element_type=\"container\" data-e-type=\"container\">\n\t\t\t\t\t<div class=\"e-con-inner\">\n\t\t\t\t<div class=\"elementor-element elementor-element-a22c209 elementor-invisible elementor-widget elementor-widget-facebook-embed\" data-id=\"a22c209\" data-element_type=\"widget\" data-e-type=\"widget\" data-settings=\"{&quot;_animation&quot;:&quot;zoomInDown&quot;}\" data-widget_type=\"facebook-embed.default\">\n\t\t\t\t\t<div style=\"min-height: 1px\" class=\"elementor-facebook-widget fb-post\" data-href=\"https:\/\/www.facebook.com\/photo\/?fbid=196312085812048&#038;set=a.177288184381105\" data-show-text=\"false\"><\/div>\t\t\t\t<\/div>\n\t\t\t\t\t<\/div>\n\t\t\t\t<\/div>\n\t\t<div data-particle_enable=\"false\" data-particle-mobile-disabled=\"false\" class=\"elementor-element elementor-element-448a92c e-flex e-con-boxed e-con e-parent\" data-id=\"448a92c\" data-element_type=\"container\" data-e-type=\"container\">\n\t\t\t\t\t<div class=\"e-con-inner\">\n\t\t\t\t<div class=\"elementor-element elementor-element-083649c elementor-widget elementor-widget-text-editor\" data-id=\"083649c\" data-element_type=\"widget\" data-e-type=\"widget\" data-widget_type=\"text-editor.default\">\n\t\t\t\t\t\t\t\t\t<p>Si vives en El Puente, California, en Tamales Chapines tambi\u00e9n puedes comprar un delicioso tamal desde ya.\u00a0<\/p>\t\t\t\t\t\t\t\t<\/div>\n\t\t\t\t\t<\/div>\n\t\t\t\t<\/div>\n\t\t<div data-particle_enable=\"false\" data-particle-mobile-disabled=\"false\" class=\"elementor-element elementor-element-0a89775 e-flex e-con-boxed e-con e-parent\" data-id=\"0a89775\" data-element_type=\"container\" data-e-type=\"container\">\n\t\t\t\t\t<div class=\"e-con-inner\">\n\t\t\t\t<div class=\"elementor-element elementor-element-8028b79 elementor-widget elementor-widget-image\" data-id=\"8028b79\" data-element_type=\"widget\" data-e-type=\"widget\" data-widget_type=\"image.default\">\n\t\t\t\t\t\t\t\t\t\t\t\t\t\t\t<img fetchpriority=\"high\" decoding=\"async\" width=\"488\" height=\"449\" src=\"https:\/\/soymigrante.com\/revista\/wp-content\/uploads\/2024\/11\/Tamales-Latin-Patio.webp\" class=\"attachment-large size-large wp-image-14196\" alt=\"Patr\u00f3n de archivo: soy-migrante-revista-final.jpg.\" srcset=\"https:\/\/soymigrante.com\/revista\/wp-content\/uploads\/2024\/11\/Tamales-Latin-Patio.webp 488w, https:\/\/soymigrante.com\/revista\/wp-content\/uploads\/2024\/11\/Tamales-Latin-Patio-300x276.jpg 300w\" sizes=\"(max-width: 488px) 100vw, 488px\" title=\"Tamales Latin Patio \u2013 SoyMigrante.com REVISTA\" \/>\t\t\t\t\t\t\t\t\t\t\t\t\t\t\t<\/div>\n\t\t\t\t\t<\/div>\n\t\t\t\t<\/div>\n\t\t<div data-particle_enable=\"false\" data-particle-mobile-disabled=\"false\" class=\"elementor-element elementor-element-8856746 e-flex e-con-boxed e-con e-parent\" data-id=\"8856746\" data-element_type=\"container\" data-e-type=\"container\">\n\t\t\t\t\t<div class=\"e-con-inner\">\n\t\t\t\t<div class=\"elementor-element elementor-element-1a41e26 elementor-widget elementor-widget-text-editor\" data-id=\"1a41e26\" data-element_type=\"widget\" data-e-type=\"widget\" data-widget_type=\"text-editor.default\">\n\t\t\t\t\t\t\t\t\t<p>Si vives en Chicago, Illinois, puedes ubicar\u00a0<a href=\"https:\/\/soymigrante.com\/revista\/pablo-pineda-un-aliado-humanitario-en-chicago-con-su-restaurante-latin-patio\/\" target=\"_blank\" rel=\"noopener\">el Restaurante Latin Patio<\/a>\u00a0para hacer tu pedido desde ya.<\/p>\t\t\t\t\t\t\t\t<\/div>\n\t\t\t\t\t<\/div>\n\t\t\t\t<\/div>\n\t\t<div data-particle_enable=\"false\" data-particle-mobile-disabled=\"false\" class=\"elementor-element elementor-element-432779c e-flex e-con-boxed e-con e-parent\" data-id=\"432779c\" data-element_type=\"container\" data-e-type=\"container\">\n\t\t\t\t\t<div class=\"e-con-inner\">\n\t\t\t\t<div class=\"elementor-element elementor-element-51e695e elementor-widget elementor-widget-text-editor\" data-id=\"51e695e\" data-element_type=\"widget\" data-e-type=\"widget\" data-widget_type=\"text-editor.default\">\n\t\t\t\t\t\t\t\t\t<p>En Los Angeles, California, puedes comprar tus tamales guatemaltecos desde ahora en el\u00a0<a style=\"text-align: var(--text-align)\" href=\"https:\/\/soymigrante.com\/revista\/milbet-del-cid-ofrece-antojitos-chapines-en-restaurante-amalia-en-los-angeles\/\" target=\"_blank\" rel=\"noopener\">restaurante cien por cien guatemalteco Amalia.<\/a><\/p>\t\t\t\t\t\t\t\t<\/div>\n\t\t\t\t\t<\/div>\n\t\t\t\t<\/div>\n\t\t<div data-particle_enable=\"false\" data-particle-mobile-disabled=\"false\" class=\"elementor-element elementor-element-e1a1ba7 e-flex e-con-boxed e-con e-parent\" data-id=\"e1a1ba7\" data-element_type=\"container\" data-e-type=\"container\">\n\t\t\t\t\t<div class=\"e-con-inner\">\n\t\t\t\t<div class=\"elementor-element elementor-element-5162c66 elementor-widget elementor-widget-image\" data-id=\"5162c66\" data-element_type=\"widget\" data-e-type=\"widget\" data-widget_type=\"image.default\">\n\t\t\t\t\t\t\t\t\t\t\t\t\t\t\t<img decoding=\"async\" width=\"768\" height=\"768\" src=\"https:\/\/soymigrante.com\/revista\/wp-content\/uploads\/2024\/11\/tamales-navidenos-los-angeles-amalias-1024x1024.jpg\" class=\"attachment-large size-large wp-image-14195\" alt=\"Chanchito de Navidad con sombrero de Santa, promoviendo platos navide\u00f1os tradicionales y promociones en el restaurante Amaia&#039;s.\" srcset=\"https:\/\/soymigrante.com\/revista\/wp-content\/uploads\/2024\/11\/tamales-navidenos-los-angeles-amalias-1024x1024.jpg 1024w, https:\/\/soymigrante.com\/revista\/wp-content\/uploads\/2024\/11\/tamales-navidenos-los-angeles-amalias-300x300.jpg 300w, https:\/\/soymigrante.com\/revista\/wp-content\/uploads\/2024\/11\/tamales-navidenos-los-angeles-amalias-150x150.jpg 150w, https:\/\/soymigrante.com\/revista\/wp-content\/uploads\/2024\/11\/tamales-navidenos-los-angeles-amalias-768x768.jpg 768w, https:\/\/soymigrante.com\/revista\/wp-content\/uploads\/2024\/11\/tamales-navidenos-los-angeles-amalias-75x75.webp 75w, https:\/\/soymigrante.com\/revista\/wp-content\/uploads\/2024\/11\/tamales-navidenos-los-angeles-amalias-750x750.webp 750w, https:\/\/soymigrante.com\/revista\/wp-content\/uploads\/2024\/11\/tamales-navidenos-los-angeles-amalias.webp 1080w\" sizes=\"(max-width: 768px) 100vw, 768px\" title=\"tamales navide\u00f1os los angeles amalias \u2013 SoyMigrante.com REVISTA\" \/>\t\t\t\t\t\t\t\t\t\t\t\t\t\t\t<\/div>\n\t\t\t\t\t<\/div>\n\t\t\t\t<\/div>\n\t\t<div data-particle_enable=\"false\" data-particle-mobile-disabled=\"false\" class=\"elementor-element elementor-element-e098ca8 e-flex e-con-boxed e-con e-parent\" data-id=\"e098ca8\" data-element_type=\"container\" data-e-type=\"container\">\n\t\t\t\t\t<div class=\"e-con-inner\">\n\t\t\t\t<div class=\"elementor-element elementor-element-51f1668 elementor-widget elementor-widget-text-editor\" data-id=\"51f1668\" data-element_type=\"widget\" data-e-type=\"widget\" data-widget_type=\"text-editor.default\">\n\t\t\t\t\t\t\t\t\t<p>El restaurante Antojitos Chapines Hern\u00e1ndez en la 21400 Royal av Hayward, California, Estados Unidos 94541 es otra opci\u00f3n.\u00a0<\/p>\t\t\t\t\t\t\t\t<\/div>\n\t\t\t\t\t<\/div>\n\t\t\t\t<\/div>\n\t\t<div data-particle_enable=\"false\" data-particle-mobile-disabled=\"false\" class=\"elementor-element elementor-element-91ec897 e-flex e-con-boxed e-con e-parent\" data-id=\"91ec897\" data-element_type=\"container\" data-e-type=\"container\">\n\t\t\t\t\t<div class=\"e-con-inner\">\n\t\t\t\t<div class=\"elementor-element elementor-element-333aeda elementor-widget elementor-widget-image\" data-id=\"333aeda\" data-element_type=\"widget\" data-e-type=\"widget\" data-widget_type=\"image.default\">\n\t\t\t\t\t\t\t\t\t\t\t\t\t\t\t<img decoding=\"async\" width=\"501\" height=\"534\" src=\"https:\/\/soymigrante.com\/revista\/wp-content\/uploads\/2024\/11\/tamales-guatemaltecos-en-california.webp\" class=\"attachment-large size-large wp-image-14197\" alt=\"Panches y tamales chapines tradicionales en la Ciudad de Guatemala, preparados con ingredientes frescos y envueltos en hoja de pl\u00e1tano para una aut\u00e9ntica experiencia gastron\u00f3mica en centroam\u00e9rica.\" srcset=\"https:\/\/soymigrante.com\/revista\/wp-content\/uploads\/2024\/11\/tamales-guatemaltecos-en-california.webp 501w, https:\/\/soymigrante.com\/revista\/wp-content\/uploads\/2024\/11\/tamales-guatemaltecos-en-california-281x300.jpg 281w\" sizes=\"(max-width: 501px) 100vw, 501px\" title=\"tamales guatemaltecos en california \u2013 SoyMigrante.com REVISTA\" \/>\t\t\t\t\t\t\t\t\t\t\t\t\t\t\t<\/div>\n\t\t\t\t\t<\/div>\n\t\t\t\t<\/div>\n\t\t<div data-particle_enable=\"false\" data-particle-mobile-disabled=\"false\" class=\"elementor-element elementor-element-214b5f9 e-flex e-con-boxed e-con e-parent\" data-id=\"214b5f9\" data-element_type=\"container\" data-e-type=\"container\">\n\t\t\t\t\t<div class=\"e-con-inner\">\n\t\t\t\t<div class=\"elementor-element elementor-element-fa733c8 elementor-widget elementor-widget-text-editor\" data-id=\"fa733c8\" data-element_type=\"widget\" data-e-type=\"widget\" data-widget_type=\"text-editor.default\">\n\t\t\t\t\t\t\t\t\t<p>Si radicas en Stamford, Connecticut, puedes comprar tamales guatemaltecos <a href=\"https:\/\/www.lacabanastamford.com\/new-page-71\">en el restaurente La Caba\u00f1a.<\/a><\/p>\t\t\t\t\t\t\t\t<\/div>\n\t\t\t\t\t<\/div>\n\t\t\t\t<\/div>\n\t\t<div data-particle_enable=\"false\" data-particle-mobile-disabled=\"false\" class=\"elementor-element elementor-element-7ca3edf e-flex e-con-boxed e-con e-parent\" data-id=\"7ca3edf\" data-element_type=\"container\" data-e-type=\"container\">\n\t\t\t\t\t<div class=\"e-con-inner\">\n\t\t\t\t<div class=\"elementor-element elementor-element-3b370f5 elementor-widget elementor-widget-image\" data-id=\"3b370f5\" data-element_type=\"widget\" data-e-type=\"widget\" data-widget_type=\"image.default\">\n\t\t\t\t\t\t\t\t\t\t\t\t\t\t\t<img loading=\"lazy\" decoding=\"async\" width=\"333\" height=\"314\" src=\"https:\/\/soymigrante.com\/revista\/wp-content\/uploads\/2024\/11\/tamales-connecticut.webp\" class=\"attachment-large size-large wp-image-14353\" alt=\"Deliciosos tamales de ma\u00edz al vapor con pl\u00e1tano y salsa de tomate, opci\u00f3n econ\u00f3mica para disfrutar de sabores aut\u00e9nticos en tu comida.\" srcset=\"https:\/\/soymigrante.com\/revista\/wp-content\/uploads\/2024\/11\/tamales-connecticut.webp 333w, https:\/\/soymigrante.com\/revista\/wp-content\/uploads\/2024\/11\/tamales-connecticut-300x283.jpg 300w\" sizes=\"(max-width: 333px) 100vw, 333px\" title=\"tamales connecticut \u2013 SoyMigrante.com REVISTA\" \/>\t\t\t\t\t\t\t\t\t\t\t\t\t\t\t<\/div>\n\t\t\t\t\t<\/div>\n\t\t\t\t<\/div>\n\t\t<div data-particle_enable=\"false\" data-particle-mobile-disabled=\"false\" class=\"elementor-element elementor-element-ca8d8b9 e-flex e-con-boxed e-con e-parent\" data-id=\"ca8d8b9\" data-element_type=\"container\" data-e-type=\"container\">\n\t\t\t\t\t<div class=\"e-con-inner\">\n\t\t\t\t<div class=\"elementor-element elementor-element-bf60517 elementor-widget elementor-widget-heading\" data-id=\"bf60517\" data-element_type=\"widget\" data-e-type=\"widget\" data-widget_type=\"heading.default\">\n\t\t\t\t\t<h3 class=\"elementor-heading-title elementor-size-default\">Chapines ejemplares en USA...<\/h3>\t\t\t\t<\/div>\n\t\t\t\t\t<\/div>\n\t\t\t\t<\/div>\n\t\t<div data-particle_enable=\"false\" data-particle-mobile-disabled=\"false\" class=\"elementor-element elementor-element-ba7b91b e-flex e-con-boxed e-con e-parent\" data-id=\"ba7b91b\" data-element_type=\"container\" data-e-type=\"container\">\n\t\t\t\t\t<div class=\"e-con-inner\">\n\t\t\t\t<div class=\"elementor-element elementor-element-c6c26df elementor-grid-eael-col-3 elementor-grid-tablet-eael-col-2 elementor-grid-mobile-eael-col-1 elementor-widget elementor-widget-eael-post-grid\" data-id=\"c6c26df\" data-element_type=\"widget\" data-e-type=\"widget\" data-settings=\"{&quot;eael_post_grid_columns&quot;:&quot;eael-col-3&quot;,&quot;eael_post_grid_columns_tablet&quot;:&quot;eael-col-2&quot;,&quot;eael_post_grid_columns_mobile&quot;:&quot;eael-col-1&quot;}\" data-widget_type=\"eael-post-grid.default\">\n\t\t\t\t\t<div id=\"eael-post-grid-c6c26df\" class=\"eael-post-grid-container\">\n            <div class=\"eael-post-grid eael-post-appender eael-post-appender-c6c26df eael-post-grid-style-one\" data-layout-mode=\"masonry\"><article class=\"eael-grid-post  eael-post-grid-column eael-pg-post-1185 category-estamos-unidos\" data-id=\"1185\">\n        <div class=\"eael-grid-post-holder\">\n            <div class=\"eael-grid-post-holder-inner\"><div class=\"eael-entry-media\"><div class=\"eael-entry-overlay fade-in\"><i class=\"far fa-hand-pointer\" aria-hidden=\"true\"><\/i><a href=\"https:\/\/soymigrante.com\/revista\/danza-maya-de-las-guacamayas-impresiona-en-estados-unidos\/\"><\/a><\/div><div class=\"eael-entry-thumbnail \">\n                <img loading=\"lazy\" decoding=\"async\" width=\"949\" height=\"971\" src=\"https:\/\/soymigrante.com\/revista\/wp-content\/uploads\/2023\/06\/xixo-rax-danza-de-las-guacamayas-2.webp\" class=\"attachment-large size-large wp-image-29236\" alt=\"Artista en vestimenta tradicional ind\u00edgena mexicana en una presentaci\u00f3n cultural en SoyMigrante.com REVISTA.\" srcset=\"https:\/\/soymigrante.com\/revista\/wp-content\/uploads\/2023\/06\/xixo-rax-danza-de-las-guacamayas-2.webp 949w, https:\/\/soymigrante.com\/revista\/wp-content\/uploads\/2023\/06\/xixo-rax-danza-de-las-guacamayas-2-293x300.jpg 293w, https:\/\/soymigrante.com\/revista\/wp-content\/uploads\/2023\/06\/xixo-rax-danza-de-las-guacamayas-2-768x786.jpg 768w, https:\/\/soymigrante.com\/revista\/wp-content\/uploads\/2023\/06\/xixo-rax-danza-de-las-guacamayas-2-750x767.webp 750w\" sizes=\"(max-width: 949px) 100vw, 949px\" \/>\n            <\/div>\n        <\/div><div class=\"eael-entry-wrapper\"><header class=\"eael-entry-header\"><h2 class=\"eael-entry-title\"><a class=\"eael-grid-post-link\" href=\"https:\/\/soymigrante.com\/revista\/danza-maya-de-las-guacamayas-impresiona-en-estados-unidos\/\" title=\"Danza de las Guacamayas de Santa Cruz Verapaz vuela por 7 ciudades de Estados Unidos\">Danza de las Guacamayas de Santa Cruz Verapaz vuela por 7 ciudades de Estados Unidos<\/a><\/h2><\/header><div class=\"eael-entry-content\">\n                        <div class=\"eael-grid-post-excerpt\"><a href=\"https:\/\/soymigrante.com\/revista\/danza-maya-de-las-guacamayas-impresiona-en-estados-unidos\/\" class=\"eael-post-elements-readmore-btn\">CONOCE SU HISTORIA <\/a><\/div>\n                    <\/div><\/div><\/div>\n        <\/div>\n    <\/article><article class=\"eael-grid-post  eael-post-grid-column eael-pg-post-13310 category-exitos\" data-id=\"13310\">\n        <div class=\"eael-grid-post-holder\">\n            <div class=\"eael-grid-post-holder-inner\"><div class=\"eael-entry-media\"><div class=\"eael-entry-overlay fade-in\"><i class=\"far fa-hand-pointer\" aria-hidden=\"true\"><\/i><a href=\"https:\/\/soymigrante.com\/revista\/barrilete-guatemalteco-migrante-otto-sun-historia\/\"><\/a><\/div><div class=\"eael-entry-thumbnail \">\n                <img loading=\"lazy\" decoding=\"async\" width=\"971\" height=\"971\" src=\"https:\/\/soymigrante.com\/revista\/wp-content\/uploads\/2024\/11\/otto-sun-5.webp\" class=\"attachment-large size-large wp-image-13311\" alt=\"Nikon c\u00e1mara fotogr\u00e1fica en manos de un hombre joven en barco en mar abierto durante el d\u00eda.\" srcset=\"https:\/\/soymigrante.com\/revista\/wp-content\/uploads\/2024\/11\/otto-sun-5.webp 971w, https:\/\/soymigrante.com\/revista\/wp-content\/uploads\/2024\/11\/otto-sun-5-300x300.jpg 300w, https:\/\/soymigrante.com\/revista\/wp-content\/uploads\/2024\/11\/otto-sun-5-150x150.jpg 150w, https:\/\/soymigrante.com\/revista\/wp-content\/uploads\/2024\/11\/otto-sun-5-768x768.jpg 768w, https:\/\/soymigrante.com\/revista\/wp-content\/uploads\/2024\/11\/otto-sun-5-75x75.webp 75w, https:\/\/soymigrante.com\/revista\/wp-content\/uploads\/2024\/11\/otto-sun-5-750x750.webp 750w\" sizes=\"(max-width: 971px) 100vw, 971px\" \/>\n            <\/div>\n        <\/div><div class=\"eael-entry-wrapper\"><header class=\"eael-entry-header\"><h2 class=\"eael-entry-title\"><a class=\"eael-grid-post-link\" href=\"https:\/\/soymigrante.com\/revista\/barrilete-guatemalteco-migrante-otto-sun-historia\/\" title=\"&#8220;Somos como barriletes: estamos hechos para volar alto&#8221;: Otto Sun, guatemalteco en Massachussets\">&#8220;Somos como barriletes: estamos hechos para volar alto&#8221;: Otto Sun, guatemalteco en Massachussets<\/a><\/h2><\/header><div class=\"eael-entry-content\">\n                        <div class=\"eael-grid-post-excerpt\"><a href=\"https:\/\/soymigrante.com\/revista\/barrilete-guatemalteco-migrante-otto-sun-historia\/\" class=\"eael-post-elements-readmore-btn\">CONOCE SU HISTORIA <\/a><\/div>\n                    <\/div><\/div><\/div>\n        <\/div>\n    <\/article><article class=\"eael-grid-post  eael-post-grid-column eael-pg-post-10116 category-exitos\" data-id=\"10116\">\n        <div class=\"eael-grid-post-holder\">\n            <div class=\"eael-grid-post-holder-inner\"><div class=\"eael-entry-media\"><div class=\"eael-entry-overlay fade-in\"><i class=\"far fa-hand-pointer\" aria-hidden=\"true\"><\/i><a href=\"https:\/\/soymigrante.com\/revista\/de-monjas-a-stamford-connecticut-maria-sandoval-preside-el-grupo-quetzal\/\"><\/a><\/div><div class=\"eael-entry-thumbnail \">\n                <img loading=\"lazy\" decoding=\"async\" width=\"1024\" height=\"1024\" src=\"https:\/\/soymigrante.com\/revista\/wp-content\/uploads\/2024\/10\/Maria-Sandoval-Grupo-Quetzal-soy-migrante-1-1024x1024.webp\" class=\"attachment-large size-large wp-image-10135\" alt=\"Colaboradora con traje tradicional mexicano durante celebraci\u00f3n cultural con \u00e1rboles de fondo en la revista SoyMigrante.com REVISTA.\" srcset=\"https:\/\/soymigrante.com\/revista\/wp-content\/uploads\/2024\/10\/Maria-Sandoval-Grupo-Quetzal-soy-migrante-1-1024x1024.webp 1024w, https:\/\/soymigrante.com\/revista\/wp-content\/uploads\/2024\/10\/Maria-Sandoval-Grupo-Quetzal-soy-migrante-1-300x300.webp 300w, https:\/\/soymigrante.com\/revista\/wp-content\/uploads\/2024\/10\/Maria-Sandoval-Grupo-Quetzal-soy-migrante-1-150x150.webp 150w, https:\/\/soymigrante.com\/revista\/wp-content\/uploads\/2024\/10\/Maria-Sandoval-Grupo-Quetzal-soy-migrante-1-768x768.webp 768w, https:\/\/soymigrante.com\/revista\/wp-content\/uploads\/2024\/10\/Maria-Sandoval-Grupo-Quetzal-soy-migrante-1-75x75.webp 75w, https:\/\/soymigrante.com\/revista\/wp-content\/uploads\/2024\/10\/Maria-Sandoval-Grupo-Quetzal-soy-migrante-1-750x750.webp 750w, https:\/\/soymigrante.com\/revista\/wp-content\/uploads\/2024\/10\/Maria-Sandoval-Grupo-Quetzal-soy-migrante-1-1140x1140.webp 1140w, https:\/\/soymigrante.com\/revista\/wp-content\/uploads\/2024\/10\/Maria-Sandoval-Grupo-Quetzal-soy-migrante-1.webp 1514w\" sizes=\"(max-width: 1024px) 100vw, 1024px\" \/>\n            <\/div>\n        <\/div><div class=\"eael-entry-wrapper\"><header class=\"eael-entry-header\"><h2 class=\"eael-entry-title\"><a class=\"eael-grid-post-link\" href=\"https:\/\/soymigrante.com\/revista\/de-monjas-a-stamford-connecticut-maria-sandoval-preside-el-grupo-quetzal\/\" title=\"De Monjas a Stamford, Connecticut: Mar\u00eda Sandoval preside el Grupo Quetzal\">De Monjas a Stamford, Connecticut: Mar\u00eda Sandoval preside el Grupo Quetzal<\/a><\/h2><\/header><div class=\"eael-entry-content\">\n                        <div class=\"eael-grid-post-excerpt\"><a href=\"https:\/\/soymigrante.com\/revista\/de-monjas-a-stamford-connecticut-maria-sandoval-preside-el-grupo-quetzal\/\" class=\"eael-post-elements-readmore-btn\">CONOCE SU HISTORIA <\/a><\/div>\n                    <\/div><\/div><\/div>\n        <\/div>\n    <\/article><\/div>\n            <div class=\"clearfix\"><\/div>\n        <\/div>\t\t\t\t<\/div>\n\t\t\t\t\t<\/div>\n\t\t\t\t<\/div>\n\t\t\t\t<\/div>\n\t\t","protected":false},"excerpt":{"rendered":"<p>Encontrar tamales guatemaltecos en Estados Unidos es posible gracias a la creciente presencia de comunidades guatemaltecas en diversas ciudades. \u00bfNo sabes d\u00f3nde comprarlos? Te compartimos unos consejos y recomendaciones de algunos restaurantes. El tamal guatemalteco es un platillo ancestral con ra\u00edces profundas en la historia y la cultura de Mesoam\u00e9rica. Los tamales tienen una base [&hellip;]<\/p>\n","protected":false},"author":23,"featured_media":14216,"comment_status":"open","ping_status":"open","sticky":false,"template":"","format":"standard","meta":{"_acf_changed":false,"_eb_attr":"","footnotes":""},"categories":[54],"tags":[],"class_list":["post-14193","post","type-post","status-publish","format-standard","has-post-thumbnail","hentry","category-estamos-unidos"],"acf":[],"aioseo_notices":[],"aioseo_head":"\n\t\t<!-- All in One SEO Pro 4.9.6.2 - aioseo.com -->\n\t<meta name=\"description\" content=\"Mar\u00eda Sandoval es una guatemalteca que vive desde hace 36 a\u00f1os en Connecticut, EE. UU., impulsa las tradiciones y pone en pr\u00e1ctica los valores\" \/>\n\t<meta name=\"robots\" content=\"max-snippet:-1, max-image-preview:large, max-video-preview:-1\" \/>\n\t<meta name=\"author\" content=\"Beatriz Tercero\"\/>\n\t<link rel=\"canonical\" href=\"https:\/\/soymigrante.com\/revista\/de-monjas-a-stamford-connecticut-maria-sandoval-preside-el-grupo-quetzal\/\" \/>\n\t<meta name=\"generator\" content=\"All in One SEO Pro (AIOSEO) 4.9.6.2\" \/>\n\n\t\t<link rel=\"preconnect\" href=\"https:\/\/fonts.googleapis.com\" crossorigin>\n<link rel=\"preconnect\" href=\"https:\/\/fonts.gstatic.com\" crossorigin>\n\t\t<meta property=\"og:locale\" content=\"es_ES\" \/>\n\t\t<meta property=\"og:site_name\" content=\"SoyMigrante.com REVISTA \u2013 Nuestra misi\u00f3n es reconocer y dignificar al migrante.\" \/>\n\t\t<meta property=\"og:type\" content=\"article\" \/>\n\t\t<meta property=\"og:title\" content=\"Mar\u00eda Sandoval preside el Grupo Quetzal en USA\" \/>\n\t\t<meta property=\"og:description\" content=\"Mar\u00eda Sandoval es una guatemalteca que vive desde hace 36 a\u00f1os en Connecticut, EE. UU., impulsa las tradiciones y pone en pr\u00e1ctica los valores\" \/>\n\t\t<meta property=\"og:url\" content=\"https:\/\/soymigrante.com\/revista\/de-monjas-a-stamford-connecticut-maria-sandoval-preside-el-grupo-quetzal\/\" \/>\n\t\t<meta property=\"og:image\" content=\"https:\/\/soymigrante.com\/revista\/wp-content\/uploads\/2024\/10\/Maria-Sandoval-Grupo-Quetzal-soy-migrante-1.webp\" \/>\n\t\t<meta property=\"og:image:secure_url\" content=\"https:\/\/soymigrante.com\/revista\/wp-content\/uploads\/2024\/10\/Maria-Sandoval-Grupo-Quetzal-soy-migrante-1.webp\" \/>\n\t\t<meta property=\"og:image:width\" content=\"1514\" \/>\n\t\t<meta property=\"og:image:height\" content=\"1514\" \/>\n\t\t<meta property=\"article:published_time\" content=\"2024-10-14T14:21:28+00:00\" \/>\n\t\t<meta property=\"article:modified_time\" content=\"2024-10-18T02:09:10+00:00\" \/>\n\t\t<meta property=\"article:publisher\" content=\"https:\/\/www.facebook.com\/soymigrantecom\" \/>\n\t\t<meta name=\"twitter:card\" content=\"summary_large_image\" \/>\n\t\t<meta name=\"twitter:site\" content=\"@SoyMigrante_com\" \/>\n\t\t<meta name=\"twitter:title\" content=\"Mar\u00eda Sandoval preside el Grupo Quetzal en USA\" \/>\n\t\t<meta name=\"twitter:description\" content=\"Mar\u00eda Sandoval es una guatemalteca que vive desde hace 36 a\u00f1os en Connecticut, EE. UU., impulsa las tradiciones y pone en pr\u00e1ctica los valores\" \/>\n\t\t<meta name=\"twitter:creator\" content=\"@SoyMigrante_com\" \/>\n\t\t<meta name=\"twitter:image\" content=\"https:\/\/soymigrante.com\/revista\/wp-content\/uploads\/2024\/10\/Maria-Sandoval-Grupo-Quetzal-soy-migrante-1.webp\" \/>\n\t\t<!-- All in One SEO Pro -->\r\n\t\t<title>Mar\u00eda Sandoval preside el Grupo Quetzal en USA<\/title>\n\n","aioseo_head_json":{"title":"Mar\u00eda Sandoval preside el Grupo Quetzal en USA","description":"Mar\u00eda Sandoval es una guatemalteca que vive desde hace 36 a\u00f1os en Connecticut, EE. UU., impulsa las tradiciones y pone en pr\u00e1ctica los valores","canonical_url":"https:\/\/soymigrante.com\/revista\/de-monjas-a-stamford-connecticut-maria-sandoval-preside-el-grupo-quetzal\/","robots":"max-snippet:-1, max-image-preview:large, max-video-preview:-1","keywords":"","webmasterTools":{"miscellaneous":"&lt;link rel=\"preconnect\" href=\"https:\/\/fonts.googleapis.com\" crossorigin&gt;\n&lt;link rel=\"preconnect\" href=\"https:\/\/fonts.gstatic.com\" crossorigin&gt;"},"schema":null,"og:locale":"es_ES","og:site_name":"SoyMigrante.com REVISTA \u2013 Nuestra misi\u00f3n es reconocer y dignificar al migrante.","og:type":"article","og:title":"Mar\u00eda Sandoval preside el Grupo Quetzal en USA","og:description":"Mar\u00eda Sandoval es una guatemalteca que vive desde hace 36 a\u00f1os en Connecticut, EE. UU., impulsa las tradiciones y pone en pr\u00e1ctica los valores","og:url":"https:\/\/soymigrante.com\/revista\/de-monjas-a-stamford-connecticut-maria-sandoval-preside-el-grupo-quetzal\/","og:image":"https:\/\/soymigrante.com\/revista\/wp-content\/uploads\/2024\/10\/Maria-Sandoval-Grupo-Quetzal-soy-migrante-1.webp","og:image:secure_url":"https:\/\/soymigrante.com\/revista\/wp-content\/uploads\/2024\/10\/Maria-Sandoval-Grupo-Quetzal-soy-migrante-1.webp","og:image:width":1514,"og:image:height":1514,"article:published_time":"2024-10-14T14:21:28+00:00","article:modified_time":"2024-10-18T02:09:10+00:00","article:publisher":"https:\/\/www.facebook.com\/soymigrantecom","twitter:card":"summary_large_image","twitter:site":"@SoyMigrante_com","twitter:title":"Mar\u00eda Sandoval preside el Grupo Quetzal en USA","twitter:description":"Mar\u00eda Sandoval es una guatemalteca que vive desde hace 36 a\u00f1os en Connecticut, EE. UU., impulsa las tradiciones y pone en pr\u00e1ctica los valores","twitter:creator":"@SoyMigrante_com","twitter:image":"https:\/\/soymigrante.com\/revista\/wp-content\/uploads\/2024\/10\/Maria-Sandoval-Grupo-Quetzal-soy-migrante-1.webp"},"aioseo_meta_data":{"post_id":"14193","title":"D\u00f3nde encontrar tamales guatemaltecos aut\u00e9nticos en USA","description":"Encontrar tamales guatemaltecos en USA es posible gracias a la creciente presencia de comunidades guatemaltecas en diversas ciudades. Es hora de apartar el tuyo.","keywords":null,"keyphrases":{"focus":{"keyphrase":"Tamales guatemaltecos","score":68,"analysis":{"keyphraseInTitle":{"score":9,"maxScore":9,"error":0},"keyphraseInDescription":{"score":9,"maxScore":9,"error":0},"keyphraseLength":{"score":9,"maxScore":9,"error":0,"length":2},"keyphraseInURL":{"score":1,"maxScore":5,"error":1},"keyphraseInIntroduction":{"score":3,"maxScore":9,"error":1},"keyphraseInSubHeadings":{"score":3,"maxScore":9,"error":1},"keyphraseInImageAlt":{"score":3,"maxScore":9,"error":1},"keywordDensity":{"type":"best","score":9,"maxScore":9,"error":0}}},"additional":[{"keyphrase":"navidad","score":40,"analysis":{"keyphraseInDescription":{"score":3,"maxScore":9,"error":1},"keyphraseLength":{"score":9,"maxScore":9,"error":0,"length":1},"keyphraseInIntroduction":{"score":3,"maxScore":9,"error":1},"keyphraseInImageAlt":{"score":3,"maxScore":9,"error":1},"keywordDensity":{"score":0,"type":"low","maxScore":9,"error":1}}},{"keyphrase":"tamal chapin","score":40,"analysis":{"keyphraseInDescription":{"score":3,"maxScore":9,"error":1},"keyphraseLength":{"score":9,"maxScore":9,"error":0,"length":2},"keyphraseInIntroduction":{"score":3,"maxScore":9,"error":1},"keyphraseInImageAlt":{"score":3,"maxScore":9,"error":1},"keywordDensity":{"score":0,"type":"low","maxScore":9,"error":1}}},{"keyphrase":"Guatemala","score":40,"analysis":{"keyphraseInDescription":{"score":3,"maxScore":9,"error":1},"keyphraseLength":{"score":9,"maxScore":9,"error":0,"length":1},"keyphraseInIntroduction":{"score":3,"maxScore":9,"error":1},"keyphraseInImageAlt":{"score":3,"maxScore":9,"error":1},"keywordDensity":{"score":0,"type":"low","maxScore":9,"error":1}}},{"keyphrase":"cena navide\u00f1a","score":40,"analysis":{"keyphraseInDescription":{"score":3,"maxScore":9,"error":1},"keyphraseLength":{"score":9,"maxScore":9,"error":0,"length":3},"keyphraseInIntroduction":{"score":3,"maxScore":9,"error":1},"keyphraseInImageAlt":{"score":3,"maxScore":9,"error":1},"keywordDensity":{"score":0,"type":"low","maxScore":9,"error":1}}},{"keyphrase":"USA","score":53,"analysis":{"keyphraseInDescription":{"score":9,"maxScore":9,"error":0},"keyphraseLength":{"score":9,"maxScore":9,"error":0,"length":1},"keyphraseInIntroduction":{"score":3,"maxScore":9,"error":1},"keyphraseInImageAlt":{"score":3,"maxScore":9,"error":1},"keywordDensity":{"score":0,"type":"low","maxScore":9,"error":1}}}]},"primary_term":null,"canonical_url":null,"og_title":null,"og_description":null,"og_object_type":"default","og_image_type":"default","og_image_url":null,"og_image_width":null,"og_image_height":null,"og_image_custom_url":null,"og_image_custom_fields":null,"og_video":"","og_custom_url":null,"og_article_section":null,"og_article_tags":null,"twitter_use_og":false,"twitter_card":"default","twitter_image_type":"default","twitter_image_url":null,"twitter_image_custom_url":null,"twitter_image_custom_fields":null,"twitter_title":null,"twitter_description":null,"schema":{"blockGraphs":[],"customGraphs":[],"default":{"data":{"Article":[],"Course":[],"Dataset":[],"FAQPage":[],"Movie":[],"Person":[],"Product":[],"ProductReview":[],"Car":[],"Recipe":[],"Service":[],"SoftwareApplication":[],"WebPage":[]},"graphName":"Article","isEnabled":true},"graphs":[]},"schema_type":"default","schema_type_options":null,"pillar_content":false,"robots_default":true,"robots_noindex":false,"robots_noarchive":false,"robots_nosnippet":false,"robots_nofollow":false,"robots_noimageindex":false,"robots_noodp":false,"robots_notranslate":false,"robots_max_snippet":"-1","robots_max_videopreview":"-1","robots_max_imagepreview":"large","priority":null,"frequency":"default","local_seo":null,"seo_analyzer_scan_date":"2025-10-09 00:58:27","breadcrumb_settings":null,"limit_modified_date":false,"reviewed_by":null,"open_ai":"{\"title\":{\"suggestions\":[],\"usage\":0},\"description\":{\"suggestions\":[],\"usage\":0}}","ai":null,"created":"2024-11-25 02:28:08","updated":"2026-02-04 18:24:05"},"aioseo_breadcrumb":"<div class=\"aioseo-breadcrumbs\"><span class=\"aioseo-breadcrumb\">\n\t<a href=\"https:\/\/soymigrante.com\/revista\" title=\"Home\">Home<\/a>\n<\/span><span class=\"aioseo-breadcrumb-separator\">\u00bb<\/span><span class=\"aioseo-breadcrumb\">\n\t<a href=\"https:\/\/soymigrante.com\/revista\/category\/estamos-unidos\/\" title=\"Estamos Unidos\">Estamos Unidos<\/a>\n<\/span><span class=\"aioseo-breadcrumb-separator\">\u00bb<\/span><span class=\"aioseo-breadcrumb\">\n\tNo te quedes sin tu tamal guatemalteco. Te decimos d\u00f3nde comprar en USA.\n<\/span><\/div>","aioseo_breadcrumb_json":[{"label":"Home","link":"https:\/\/soymigrante.com\/revista"},{"label":"Estamos Unidos","link":"https:\/\/soymigrante.com\/revista\/category\/estamos-unidos\/"},{"label":"No te quedes sin tu tamal guatemalteco. Te decimos d\u00f3nde comprar en USA.","link":"https:\/\/soymigrante.com\/revista\/no-te-quedes-sin-tu-tamal-guatemalteco-te-decimos-donde-comprar-en-usa\/"}],"_links":{"self":[{"href":"https:\/\/soymigrante.com\/revista\/wp-json\/wp\/v2\/posts\/14193","targetHints":{"allow":["GET"]}}],"collection":[{"href":"https:\/\/soymigrante.com\/revista\/wp-json\/wp\/v2\/posts"}],"about":[{"href":"https:\/\/soymigrante.com\/revista\/wp-json\/wp\/v2\/types\/post"}],"author":[{"embeddable":true,"href":"https:\/\/soymigrante.com\/revista\/wp-json\/wp\/v2\/users\/23"}],"replies":[{"embeddable":true,"href":"https:\/\/soymigrante.com\/revista\/wp-json\/wp\/v2\/comments?post=14193"}],"version-history":[{"count":0,"href":"https:\/\/soymigrante.com\/revista\/wp-json\/wp\/v2\/posts\/14193\/revisions"}],"wp:featuredmedia":[{"embeddable":true,"href":"https:\/\/soymigrante.com\/revista\/wp-json\/wp\/v2\/media\/14216"}],"wp:attachment":[{"href":"https:\/\/soymigrante.com\/revista\/wp-json\/wp\/v2\/media?parent=14193"}],"wp:term":[{"taxonomy":"category","embeddable":true,"href":"https:\/\/soymigrante.com\/revista\/wp-json\/wp\/v2\/categories?post=14193"},{"taxonomy":"post_tag","embeddable":true,"href":"https:\/\/soymigrante.com\/revista\/wp-json\/wp\/v2\/tags?post=14193"}],"curies":[{"name":"wp","href":"https:\/\/api.w.org\/{rel}","templated":true}]}}