{"id":14032,"date":"2024-11-22T08:45:20","date_gmt":"2024-11-22T14:45:20","guid":{"rendered":"https:\/\/soymigrante.com\/revista\/?p=14032"},"modified":"2024-11-30T23:10:45","modified_gmt":"2024-12-01T05:10:45","slug":"hugo-lazo-una-historia-migrante-con-edificios-chocolate-y-uay-balam-en-las-vegas","status":"publish","type":"post","link":"https:\/\/soymigrante.com\/revista\/hugo-lazo-una-historia-migrante-con-edificios-chocolate-y-uay-balam-en-las-vegas\/","title":{"rendered":"Hugo Lazo: una historia migrante con edificios, chocolate y Uay Balam en Las Vegas"},"content":{"rendered":"\t\t<div data-elementor-type=\"wp-post\" data-elementor-id=\"14032\" class=\"elementor elementor-14032\" data-elementor-post-type=\"post\">\n\t\t\t\t<div data-particle_enable=\"false\" data-particle-mobile-disabled=\"false\" class=\"elementor-element elementor-element-ee0c405 e-flex e-con-boxed e-con e-parent\" data-id=\"ee0c405\" data-element_type=\"container\" data-e-type=\"container\">\n\t\t\t\t\t<div class=\"e-con-inner\">\n\t\t\t\t<div class=\"elementor-element elementor-element-415ca3b elementor-widget elementor-widget-heading\" data-id=\"415ca3b\" data-element_type=\"widget\" data-e-type=\"widget\" data-widget_type=\"heading.default\">\n\t\t\t\t\t<h2 class=\"elementor-heading-title elementor-size-default\"><span style=\"font-size: 31.2px\">El guatemalteco Hugo Lazo lleg\u00f3 a USA en 1984. Vivi\u00f3 en California y actualmente trabaja en mantenimiento de un enorme complejo de edificios en Las Vegas. Tambi\u00e9n es promotor art\u00edstico de grupos guatemaltecos. \"En Guatemala hay tanto talento de nivel internacional\", dice y esta es su historia.<\/span><\/h2>\t\t\t\t<\/div>\n\t\t\t\t\t<\/div>\n\t\t\t\t<\/div>\n\t\t<div data-particle_enable=\"false\" data-particle-mobile-disabled=\"false\" class=\"elementor-element elementor-element-9359386 e-flex e-con-boxed e-con e-parent\" data-id=\"9359386\" data-element_type=\"container\" data-e-type=\"container\">\n\t\t\t\t\t<div class=\"e-con-inner\">\n\t\t\t\t<div class=\"elementor-element elementor-element-3a9e129 elementor-widget elementor-widget-text-editor\" data-id=\"3a9e129\" data-element_type=\"widget\" data-e-type=\"widget\" data-widget_type=\"text-editor.default\">\n\t\t\t\t\t\t\t\t\t<p>Uay Balam se llama la promotora de espect\u00e1culos que el migrante guatemalteco Hugo Lazo fund\u00f3 en 2022 junto a su hermano y otros socios para impulsar presentaciones de grupos guatemaltecos en Estados Unidos. De hecho esa iiniciativa es la que motiv\u00f3 este contacto.<\/p><p>Sonriente, optimista e inspirador (como todo buen guatemalteco) Hugo dice. &#8220;Pero no vivo de los artistas. Esa es una misi\u00f3n y una convicci\u00f3n, la de impulsar el talento guatemalteco&#8221;. Su trabajo principal es\u00a0<span style=\"color: var( --e-global-color-text ); text-align: var(--text-align);\">dirigir mantenimiento de un complejo de edificios en Las Vegas, Nevada, donde vive desde 2019. Tiene experiencia en dicha labor, que realiz\u00f3 en conjuntos de edificios de oficinas y residenciales en Los Angeles y en Beverly Hills, pero antes de eso&#8230; <br \/>Mejor que dejamos su relato:<\/span><\/p>\t\t\t\t\t\t\t\t<\/div>\n\t\t\t\t\t<\/div>\n\t\t\t\t<\/div>\n\t\t<div data-particle_enable=\"false\" data-particle-mobile-disabled=\"false\" class=\"elementor-element elementor-element-5d853d0 e-flex e-con-boxed e-con e-parent\" data-id=\"5d853d0\" data-element_type=\"container\" data-e-type=\"container\">\n\t\t\t\t\t<div class=\"e-con-inner\">\n\t\t\t\t<div class=\"elementor-element elementor-element-1c09e9e elementor-widget elementor-widget-image\" data-id=\"1c09e9e\" data-element_type=\"widget\" data-e-type=\"widget\" data-widget_type=\"image.default\">\n\t\t\t\t\t\t\t\t\t\t\t\t<figure class=\"wp-caption\">\n\t\t\t\t\t\t\t\t\t\t<img fetchpriority=\"high\" decoding=\"async\" width=\"768\" height=\"576\" src=\"https:\/\/soymigrante.com\/revista\/wp-content\/uploads\/2024\/11\/hugo-lazo-las-vegas-2-1024x768.jpg\" class=\"attachment-large size-large wp-image-14041\" alt=\"Sorpresa en Las Vegas con una gigantesca inversi\u00f3n de la NASA en un sat\u00e9lite en forma de sol, s\u00edmbolo de energ\u00eda y innovaci\u00f3n, frente al Strip con modernos edificios y un cielo dram\u00e1tico.\" srcset=\"https:\/\/soymigrante.com\/revista\/wp-content\/uploads\/2024\/11\/hugo-lazo-las-vegas-2-1024x768.jpg 1024w, https:\/\/soymigrante.com\/revista\/wp-content\/uploads\/2024\/11\/hugo-lazo-las-vegas-2-300x225.jpg 300w, https:\/\/soymigrante.com\/revista\/wp-content\/uploads\/2024\/11\/hugo-lazo-las-vegas-2-768x576.jpg 768w, https:\/\/soymigrante.com\/revista\/wp-content\/uploads\/2024\/11\/hugo-lazo-las-vegas-2-1536x1152.jpg 1536w, https:\/\/soymigrante.com\/revista\/wp-content\/uploads\/2024\/11\/hugo-lazo-las-vegas-2-750x563.webp 750w, https:\/\/soymigrante.com\/revista\/wp-content\/uploads\/2024\/11\/hugo-lazo-las-vegas-2-1140x855.webp 1140w, https:\/\/soymigrante.com\/revista\/wp-content\/uploads\/2024\/11\/hugo-lazo-las-vegas-2.webp 1920w\" sizes=\"(max-width: 768px) 100vw, 768px\" title=\"Hugo Lazo vive y trabaja en Las Vegas desde 2019.  &quot;Vivimos aqu\u00ed la pandemia y vi lo que nunca cre\u00ed: ver esta ciudad siempre iluminada, siempre despierta totalmente apagada.  No s\u00e9 si eso se volver\u00e1 a repetir. Ahora est\u00e1 de nuevo en plena actividad&quot;. Al fondo la famosa megaesfera que proyecta im\u00e1genes, estrenada en 2023. (Foto redes sociales Hugo Lazo) \u2013 SoyMigrante.com REVISTA\" \/>\t\t\t\t\t\t\t\t\t\t\t<figcaption class=\"widget-image-caption wp-caption-text\">Foto de un hombre en un techo en Las Vegas con una imponente estructura de sol en el fondo.<\/figcaption>\n\t\t\t\t\t\t\t\t\t\t<\/figure>\n\t\t\t\t\t\t\t\t\t<\/div>\n\t\t\t\t\t<\/div>\n\t\t\t\t<\/div>\n\t\t<div data-particle_enable=\"false\" data-particle-mobile-disabled=\"false\" class=\"elementor-element elementor-element-55bb94c e-flex e-con-boxed e-con e-parent\" data-id=\"55bb94c\" data-element_type=\"container\" data-e-type=\"container\">\n\t\t\t\t\t<div class=\"e-con-inner\">\n\t\t\t\t<div class=\"elementor-element elementor-element-5517d88 elementor-widget elementor-widget-heading\" data-id=\"5517d88\" data-element_type=\"widget\" data-e-type=\"widget\" data-widget_type=\"heading.default\">\n\t\t\t\t\t<h3 class=\"elementor-heading-title elementor-size-default\">De estudiante de Derecho a reparar techos<\/h3>\t\t\t\t<\/div>\n\t\t\t\t\t<\/div>\n\t\t\t\t<\/div>\n\t\t<div data-particle_enable=\"false\" data-particle-mobile-disabled=\"false\" class=\"elementor-element elementor-element-69ae376 e-flex e-con-boxed e-con e-parent\" data-id=\"69ae376\" data-element_type=\"container\" data-e-type=\"container\">\n\t\t\t\t\t<div class=\"e-con-inner\">\n\t\t\t\t<div class=\"elementor-element elementor-element-bef3f37 elementor-widget elementor-widget-text-editor\" data-id=\"bef3f37\" data-element_type=\"widget\" data-e-type=\"widget\" data-widget_type=\"text-editor.default\">\n\t\t\t\t\t\t\t\t\t<p><span style=\"color: var( --e-global-color-text ); text-align: var(--text-align);\">&#8220;Yo llegu\u00e9 a Estados Unidos en el 1986. Mis padres ya resid\u00edan en Estados Unidos. Yo trabajaba, soy graduado de Perito Contador, llevaba un a\u00f1o en Universidad de San Carlos, en la Facultad de Derecho. Pero la situaci\u00f3n en Guatemala era peligrosa para los estudiantes de la USAC. Al fin del tiempo mi mam\u00e1 y mi pap\u00e1 me convencieron y me vine para Estados Unidos&#8221;<\/span><\/p><p>&#8220;Mi sue\u00f1o era tener mi propio bufete, pero en lugar de eso, me dediqu\u00e9 a la construcci\u00f3n. Un t\u00edo que trabajaba en la construcci\u00f3n y me dio un empleo de &#8220;chal\u00e1n&#8221;, de ayudante. \u00bfCu\u00e1nto era mi salario a la semana? 100 d\u00f3lares?&#8221;, relata Hugo Lazo desde el patio de su casa en Las Vegas.<\/p><p>&#8220;Empec\u00e9 instalando techos: un trabajo pesado,\u00a0 moviendo material, escaleras. El primer d\u00eda llegu\u00e9 con siete ampollas en las manos a mi casa.\u00a0<span style=\"color: var( --e-global-color-text ); text-align: var(--text-align);\">El chal\u00e1n tiene que ir a recoger el martillo si al maestro se le cae desde el techo, tiene que pelar las hojas de petr\u00f3leo que son las que se le pegan a los techos. Y hacerlo r\u00e1pido. Despu\u00e9s pas\u00e9 a otra empresa donde pagaban mejor, pero, un d\u00eda me puse a pensar que\u00a0<\/span><span style=\"color: var( --e-global-color-text ); text-align: var(--text-align);\">yo hab\u00eda estudiado y dije: \u00a1Esto no es lo que yo quer\u00eda!&#8221;.<\/span><\/p><p>&#8220;Despu\u00e9s estudi\u00e9 para ser asistente de enfermero. Saqu\u00e9 una certificaci\u00f3n. Trabaj\u00e9 en un hospital deconvalescencia, pura gente de la tercera edad, ya imposibilitada. Y otra vez me puse a pensar: <b>no, esto no es lo que yo quiero&#8221;.<\/b><\/p>\t\t\t\t\t\t\t\t<\/div>\n\t\t\t\t\t<\/div>\n\t\t\t\t<\/div>\n\t\t<div data-particle_enable=\"false\" data-particle-mobile-disabled=\"false\" class=\"elementor-element elementor-element-97938f7 e-flex e-con-boxed e-con e-parent\" data-id=\"97938f7\" data-element_type=\"container\" data-e-type=\"container\">\n\t\t\t\t\t<div class=\"e-con-inner\">\n\t\t\t\t<div class=\"elementor-element elementor-element-4132339 elementor-widget elementor-widget-image\" data-id=\"4132339\" data-element_type=\"widget\" data-e-type=\"widget\" data-widget_type=\"image.default\">\n\t\t\t\t\t\t\t\t\t\t\t\t<figure class=\"wp-caption\">\n\t\t\t\t\t\t\t\t\t\t<img decoding=\"async\" width=\"768\" height=\"768\" src=\"https:\/\/soymigrante.com\/revista\/wp-content\/uploads\/2024\/11\/hugo-lazo-2-1024x1024.jpg\" class=\"attachment-large size-large wp-image-14042\" alt=\"Retrato de un hombre sonriendo en una calle hist\u00f3rica, en un entorno cultural y tur\u00edstico en Guatemala, destacando la importancia de la comunidad migrante en Am\u00e9rica Latina y enriqueciendo contenido para revista migrante.\" srcset=\"https:\/\/soymigrante.com\/revista\/wp-content\/uploads\/2024\/11\/hugo-lazo-2-1024x1024.jpg 1024w, https:\/\/soymigrante.com\/revista\/wp-content\/uploads\/2024\/11\/hugo-lazo-2-300x300.jpg 300w, https:\/\/soymigrante.com\/revista\/wp-content\/uploads\/2024\/11\/hugo-lazo-2-150x150.jpg 150w, https:\/\/soymigrante.com\/revista\/wp-content\/uploads\/2024\/11\/hugo-lazo-2-768x768.jpg 768w, https:\/\/soymigrante.com\/revista\/wp-content\/uploads\/2024\/11\/hugo-lazo-2-75x75.webp 75w, https:\/\/soymigrante.com\/revista\/wp-content\/uploads\/2024\/11\/hugo-lazo-2-750x750.webp 750w, https:\/\/soymigrante.com\/revista\/wp-content\/uploads\/2024\/11\/hugo-lazo-2-1140x1140.webp 1140w, https:\/\/soymigrante.com\/revista\/wp-content\/uploads\/2024\/11\/hugo-lazo-2.webp 1536w\" sizes=\"(max-width: 768px) 100vw, 768px\" title=\"Hugo Lazo ama a Guatemala y ha contagiado ese amor a su familia. &quot;Mi esposa tiene una enorme colecci\u00f3n de aretes y accesorios artesanales hechos en Guatemala&quot;, cuenta Hugo. Aqu\u00ed en una foto en el Arco de Santa Catalina, Antigua Guatemala. \u2013 SoyMigrante.com REVISTA\" \/>\t\t\t\t\t\t\t\t\t\t\t<figcaption class=\"widget-image-caption wp-caption-text\">Hugo Lazo ama a Guatemala y ha contagiado ese amor a su familia. \"Mi esposa tiene una enorme colecci\u00f3n de aretes y accesorios artesanales hechos en Guatemala\", cuenta Hugo. Aqu\u00ed en una foto en el Arco de Santa Catalina, Antigua Guatemala.<\/figcaption>\n\t\t\t\t\t\t\t\t\t\t<\/figure>\n\t\t\t\t\t\t\t\t\t<\/div>\n\t\t\t\t\t<\/div>\n\t\t\t\t<\/div>\n\t\t<div data-particle_enable=\"false\" data-particle-mobile-disabled=\"false\" class=\"elementor-element elementor-element-d51d5a9 e-flex e-con-boxed e-con e-parent\" data-id=\"d51d5a9\" data-element_type=\"container\" data-e-type=\"container\">\n\t\t\t\t\t<div class=\"e-con-inner\">\n\t\t\t\t<div class=\"elementor-element elementor-element-582d436 elementor-widget elementor-widget-heading\" data-id=\"582d436\" data-element_type=\"widget\" data-e-type=\"widget\" data-widget_type=\"heading.default\">\n\t\t\t\t\t<h3 class=\"elementor-heading-title elementor-size-default\">Primero en un hospital y despu\u00e9s en el chocolate<\/h3>\t\t\t\t<\/div>\n\t\t\t\t\t<\/div>\n\t\t\t\t<\/div>\n\t\t<div data-particle_enable=\"false\" data-particle-mobile-disabled=\"false\" class=\"elementor-element elementor-element-3a3c4dd e-flex e-con-boxed e-con e-parent\" data-id=\"3a3c4dd\" data-element_type=\"container\" data-e-type=\"container\">\n\t\t\t\t\t<div class=\"e-con-inner\">\n\t\t\t\t<div class=\"elementor-element elementor-element-9eaba78 elementor-widget elementor-widget-text-editor\" data-id=\"9eaba78\" data-element_type=\"widget\" data-e-type=\"widget\" data-widget_type=\"text-editor.default\">\n\t\t\t\t\t\t\t\t\t<p><span style=\"color: var( --e-global-color-text ); text-align: var(--text-align);\">&#8220;Despu\u00e9s estudi\u00e9 para ser asistente de enfermero. Saqu\u00e9 una certificaci\u00f3n. Trabaj\u00e9 en un hospital de convalescencia, pura gente de la tercera edad, ya imposibilitada. Y otra vez me puse a pensar: no, esto no es lo que yo quiero&#8221;.<\/span><\/p><p>&#8220;Entonces tuve una oportunidad grande. Una cu\u00f1ada de mi mam\u00e1 eradirectora general de servicios de la corporaci\u00f3n Nestl\u00e9, la famosa Nestl\u00e9 de chocolates. Ten\u00edan la casa matriz en Glendale, California. Entr\u00e9 a trabajar all\u00ed y me qued\u00e9 20 a\u00f1os&#8221;.<\/p><p>&#8220;Me dieron la oportunidad de estudiar. Fui cuatro a\u00f1os al College y obtuve un grado en ciencias. Trabaj\u00e9 en el \u00e1rea administrativa, desde donde se manejaban 42 plantas en EE.UU. y centros de distribuci\u00f3n. Avanc\u00e9 mucho para darle una mejor vida a mi familia, a mis hijos&#8221;.<\/p><p>&#8220;Pero despu\u00e9s de 20 a\u00f1os, Nestl\u00e9 empez\u00f3 a trasladar su operaci\u00f3n a Virginia. Yo me sal\u00ed. La empresa rentaba el edificio que ten\u00eda. Pero con todos los estudios, mi capacidad, estudios y hasta experiencia en construcci\u00f3n, los due\u00f1os del edificio me preguntaron si estaba interesado en manejar un campus de edificios en la ciudad de Pasadena. Y antes de que Nestl\u00e9 se moviera, yo me muevo a Pasadena, a manejar el mantenimiento, limpieza y servicios de varios edificios&#8221;.<\/p>\t\t\t\t\t\t\t\t<\/div>\n\t\t\t\t\t<\/div>\n\t\t\t\t<\/div>\n\t\t<div data-particle_enable=\"false\" data-particle-mobile-disabled=\"false\" class=\"elementor-element elementor-element-d6559a8 e-flex e-con-boxed e-con e-parent\" data-id=\"d6559a8\" data-element_type=\"container\" data-e-type=\"container\">\n\t\t\t\t\t<div class=\"e-con-inner\">\n\t\t\t\t<div class=\"elementor-element elementor-element-628e624 elementor-invisible elementor-widget elementor-widget-facebook-embed\" data-id=\"628e624\" data-element_type=\"widget\" data-e-type=\"widget\" data-settings=\"{&quot;_animation&quot;:&quot;zoomInDown&quot;}\" data-widget_type=\"facebook-embed.default\">\n\t\t\t\t\t<div style=\"min-height: 1px\" class=\"elementor-facebook-widget fb-video\" data-href=\"https:\/\/www.facebook.com\/hugo.lazo.39\/videos\/887889503263415\" data-show-text=\"false\" data-allowfullscreen=\"false\" data-autoplay=\"false\" data-show-captions=\"false\"><\/div>\t\t\t\t<\/div>\n\t\t\t\t\t<\/div>\n\t\t\t\t<\/div>\n\t\t<div data-particle_enable=\"false\" data-particle-mobile-disabled=\"false\" class=\"elementor-element elementor-element-c458b03 e-flex e-con-boxed e-con e-parent\" data-id=\"c458b03\" data-element_type=\"container\" data-e-type=\"container\">\n\t\t\t\t\t<div class=\"e-con-inner\">\n\t\t\t\t<div class=\"elementor-element elementor-element-9db3c3b elementor-widget elementor-widget-heading\" data-id=\"9db3c3b\" data-element_type=\"widget\" data-e-type=\"widget\" data-widget_type=\"heading.default\">\n\t\t\t\t\t<h3 class=\"elementor-heading-title elementor-size-default\">Edificios brillantes vemos, cu\u00e1nto trabajo lleva no sabemos<\/h3>\t\t\t\t<\/div>\n\t\t\t\t\t<\/div>\n\t\t\t\t<\/div>\n\t\t<div data-particle_enable=\"false\" data-particle-mobile-disabled=\"false\" class=\"elementor-element elementor-element-1389f5d e-flex e-con-boxed e-con e-parent\" data-id=\"1389f5d\" data-element_type=\"container\" data-e-type=\"container\">\n\t\t\t\t\t<div class=\"e-con-inner\">\n\t\t\t\t<div class=\"elementor-element elementor-element-cb9fcd0 elementor-widget elementor-widget-text-editor\" data-id=\"cb9fcd0\" data-element_type=\"widget\" data-e-type=\"widget\" data-widget_type=\"text-editor.default\">\n\t\t\t\t\t\t\t\t\t<p><span style=\"color: var( --e-global-color-text ); text-align: var(--text-align);\">&#8220;Cuando ves un edificio por fuera se ve muy bonito. Pero debajo de eso hay un gran trabajo de mantenimiento, constante.\u00a0\u00a0<\/span><span style=\"color: var( --e-global-color-text ); text-align: var(--text-align);\">En Estados Unidos, la parte n\u00famero uno es el aire acondicionado. Sin eso no se puede trabajar, ya sea con el calor del verano o el fr\u00edo del invierno&#8221;.<\/span><\/p><p>&#8220;Tambi\u00e9n est\u00e1 la seguridad: me refiero a que hay muchas supervisiones de los bomberos, que las puertas de emergencia funcionen, que los sistemas de cortafuego funcionen. Cada a\u00f1o hay inspecciones y tenes que mantener la calidad, porque si no te cierran el changarro como se dice&#8221;.<\/p><p>En 2016 vine a Las Vegas y te soy sincero: no me gust\u00f3: hay demasiado calor. Estuve 11 meses y me regreso a California. All\u00ed\u00a0 entr\u00e9 con otra compa\u00f1\u00eda diferente en Hollywood, tuve 13 edificios a mi cargo. Pero era diferente porque solo hab\u00eda manejado oficinas y ahora hab\u00eda edificios residenciales en los cuales viv\u00eda gente de mucho dinero, artistas, empresarios, que pagan entre 6 mil a 8 mil d\u00f3lares al mes, pero que exigen m\u00e1xima calidad de servicio y sobre todo mucha privacidad.<\/p><p>&#8220;Me cans\u00e9 de eso y quise irme. Me cambiaron a Beverly Hills. All\u00ed manej\u00e9 un edificio donde hab\u00eda un banco y oficinas. M<span style=\"color: var( --e-global-color-text ); text-align: var(--text-align);\">e llaman otra vez de Las Vegas. Les hab\u00eda gustado mi forma de trabajar all\u00e1, mi dedicaci\u00f3n y me ofrecen manejar un campus de edificios. Les dije que no quer\u00eda y les expliqu\u00e9 la raz\u00f3n: ustedes no pagan bien. Me ofrecieron m\u00e1s dinero del que ganaba en Beverly Hills y aqu\u00ed estoy desde 2019. Es un campus de 10 edificios de oficinas y 15 restaurantes&#8221;.<\/span><\/p><p>&#8220;En Estados Unidos se catalogan los edificios en tres categor\u00edas, A, B y C, siendo clase A la elite. Entonces todos los edificios a mi cargo son clase A. Aqu\u00ed en Las Vegas pas\u00e9 la pandemia y v\u00ed lo que cre\u00ed que nunca iba a ver: la ciudad que nunca duerme con las luces apagadas. No se si eso se vuelva a repetir. Era una ciudad muerta&#8221;.<\/p>\t\t\t\t\t\t\t\t<\/div>\n\t\t\t\t\t<\/div>\n\t\t\t\t<\/div>\n\t\t<div data-particle_enable=\"false\" data-particle-mobile-disabled=\"false\" class=\"elementor-element elementor-element-805b686 e-flex e-con-boxed e-con e-parent\" data-id=\"805b686\" data-element_type=\"container\" data-e-type=\"container\">\n\t\t\t\t\t<div class=\"e-con-inner\">\n\t\t\t\t<div class=\"elementor-element elementor-element-bbd64fc elementor-widget elementor-widget-heading\" data-id=\"bbd64fc\" data-element_type=\"widget\" data-e-type=\"widget\" data-widget_type=\"heading.default\">\n\t\t\t\t\t<h4 class=\"elementor-heading-title elementor-size-default\">La Feria Chapina de Los Angeles 2023 fue el primer espect\u00e1culo en el cual particip\u00f3 la productora Uay Balam<\/h4>\t\t\t\t<\/div>\n\t\t\t\t\t<\/div>\n\t\t\t\t<\/div>\n\t\t<div data-particle_enable=\"false\" data-particle-mobile-disabled=\"false\" class=\"elementor-element elementor-element-5a86bc2 e-flex e-con-boxed e-con e-parent\" data-id=\"5a86bc2\" data-element_type=\"container\" data-e-type=\"container\">\n\t\t\t\t\t<div class=\"e-con-inner\">\n\t\t\t\t<div class=\"elementor-element elementor-element-6814e3e elementor-invisible elementor-widget elementor-widget-facebook-embed\" data-id=\"6814e3e\" data-element_type=\"widget\" data-e-type=\"widget\" data-settings=\"{&quot;_animation&quot;:&quot;rotateInUpRight&quot;}\" data-widget_type=\"facebook-embed.default\">\n\t\t\t\t\t<div style=\"min-height: 1px\" class=\"elementor-facebook-widget fb-video\" data-href=\"https:\/\/www.facebook.com\/hugo.lazo.39\/videos\/259451540290332\" data-show-text=\"false\" data-allowfullscreen=\"false\" data-autoplay=\"false\" data-show-captions=\"false\"><\/div>\t\t\t\t<\/div>\n\t\t\t\t\t<\/div>\n\t\t\t\t<\/div>\n\t\t<div data-particle_enable=\"false\" data-particle-mobile-disabled=\"false\" class=\"elementor-element elementor-element-4cf888b e-flex e-con-boxed e-con e-parent\" data-id=\"4cf888b\" data-element_type=\"container\" data-e-type=\"container\">\n\t\t\t\t\t<div class=\"e-con-inner\">\n\t\t\t\t<div class=\"elementor-element elementor-element-57d89d2 elementor-widget elementor-widget-heading\" data-id=\"57d89d2\" data-element_type=\"widget\" data-e-type=\"widget\" data-widget_type=\"heading.default\">\n\t\t\t\t\t<h3 class=\"elementor-heading-title elementor-size-default\">Nace el sue\u00f1o de proyectar artistas guatemaltecos<\/h3>\t\t\t\t<\/div>\n\t\t\t\t\t<\/div>\n\t\t\t\t<\/div>\n\t\t<div data-particle_enable=\"false\" data-particle-mobile-disabled=\"false\" class=\"elementor-element elementor-element-006f052 e-flex e-con-boxed e-con e-parent\" data-id=\"006f052\" data-element_type=\"container\" data-e-type=\"container\">\n\t\t\t\t\t<div class=\"e-con-inner\">\n\t\t\t\t<div class=\"elementor-element elementor-element-8736c8d elementor-widget elementor-widget-text-editor\" data-id=\"8736c8d\" data-element_type=\"widget\" data-e-type=\"widget\" data-widget_type=\"text-editor.default\">\n\t\t\t\t\t\t\t\t\t<p><span style=\"color: var( --e-global-color-text ); text-align: var(--text-align);\">\u00a0<\/span><span style=\"color: var( --e-global-color-text ); text-align: var(--text-align);\">&#8220;En ese tiempo mi hija ten\u00eda 11 a\u00f1os pero con mi esposa empezamos a planear c\u00f3mo ser\u00edan sus 15 a\u00f1os. Nos pusimos a ver videos. A mi esposa le gusta mucho la cultura guatemalteca y todo lo artesanal. tiene una gran colecci\u00f3n de aretes y collares.\u00a0<\/span><span style=\"color: var( --e-global-color-text ); text-align: var(--text-align);\">A mi hija le gustaba un grupo guatemalteco que se llamaba Tiempo Azul, pero no hab\u00eda forma de traerlo. As\u00ed que fuimos a celebrar a la quincea\u00f1era en Guatemala&#8221;<\/span><\/p><p>&#8220;En eso conozco a Mr. Fer, el rapero del grupo Miseria Cumbia Band. Nos texte\u00e1bamos en Instagram. Despu\u00e9s de la pandemia, Pablo Cristiani el vocalista viaja a Las Vegas, nos reunimos. Le digo que nos encanta su m\u00fasica y que nos gustar\u00eda ver su show en Las Vegas. A mis hijas les gustaba la canci\u00f3n El Frutero. Me explic\u00f3 que no pod\u00eda viajar todo el grupo por tema de visas y costos&#8221;.<\/p><p>&#8220;As\u00ed surge la idea de crear una productora que pudiera traer a grupos chapines a Estados Unidos. Le habl\u00e9 a mi hermano Harold. Pero a \u00e9l no le gusta la cumbia sino lo electr\u00f3nico. Y tambi\u00e9n nos hicimos acompa\u00f1ar de otro amigo, un locutor mexicano Juanito D\u00edaz. Juntos fuimos a Guatemala a eescuchar a Los Miseria juntos todos. Eso fue en 2021. Juanito qued\u00f3 impresionado del talento guatemalteco&#8221;<\/p><p>&#8220;En sus presentaciones en EE.UU. no tocaban completos, pero al oirlos juntos en Guatemala nos immpresion\u00f3 y as\u00ed comenz\u00f3 en serio la productora Uay Balam.\u00a0 Le pusimos as\u00ed porque significa &#8220;Jaguar poderoso&#8221;.<\/p><p>\u00a0<\/p>\t\t\t\t\t\t\t\t<\/div>\n\t\t\t\t\t<\/div>\n\t\t\t\t<\/div>\n\t\t<div data-particle_enable=\"false\" data-particle-mobile-disabled=\"false\" class=\"elementor-element elementor-element-cf9f32c e-flex e-con-boxed e-con e-parent\" data-id=\"cf9f32c\" data-element_type=\"container\" data-e-type=\"container\">\n\t\t\t\t\t<div class=\"e-con-inner\">\n\t\t\t\t<div class=\"elementor-element elementor-element-64a8457 elementor-invisible elementor-widget elementor-widget-testimonial\" data-id=\"64a8457\" data-element_type=\"widget\" data-e-type=\"widget\" data-settings=\"{&quot;_animation&quot;:&quot;rotateInUpRight&quot;}\" data-widget_type=\"testimonial.default\">\n\t\t\t\t\t\t\t<div class=\"elementor-testimonial-wrapper\">\n\t\t\t\t\t\t\t<div class=\"elementor-testimonial-content\">\"Hay mucho talento musical en Guatemala y hay muchas oportunidades de proyectarlo en Estados Unidos. Para eso surgi\u00f3 Uay Balam\".<\/div>\n\t\t\t\n\t\t\t\t\t\t<div class=\"elementor-testimonial-meta elementor-has-image elementor-testimonial-image-position-aside\">\n\t\t\t\t<div class=\"elementor-testimonial-meta-inner\">\n\t\t\t\t\t\t\t\t\t\t\t<div class=\"elementor-testimonial-image\">\n\t\t\t\t\t\t\t<img decoding=\"async\" width=\"373\" height=\"433\" src=\"https:\/\/soymigrante.com\/revista\/wp-content\/uploads\/2024\/11\/hugo-lazo-2-1.webp\" class=\"attachment-full size-full wp-image-14043\" alt=\"Hombre sonriendo en evento comunitario, participando en actividades culturales y sociales relacionadas con la migraci\u00f3n en M\u00e9xico.\" title=\"hugo lazo 2 \u2013 SoyMigrante.com REVISTA\" srcset=\"https:\/\/soymigrante.com\/revista\/wp-content\/uploads\/2024\/11\/hugo-lazo-2-1.webp 373w, https:\/\/soymigrante.com\/revista\/wp-content\/uploads\/2024\/11\/hugo-lazo-2-1-258x300.jpg 258w\" sizes=\"(max-width: 373px) 100vw, 373px\" \/>\t\t\t\t\t\t<\/div>\n\t\t\t\t\t\n\t\t\t\t\t\t\t\t\t\t<div class=\"elementor-testimonial-details\">\n\t\t\t\t\t\t\t\t\t\t\t\t\t\t<div class=\"elementor-testimonial-name\">Hugo Lazo<\/div>\n\t\t\t\t\t\t\t\t\t\t\t\t\t\t\t\t\t\t\t\t\t\t<div class=\"elementor-testimonial-job\">Migrante guatemalteco que trabaja\nen mantenimiento de edificios y\ncofundador, junto a su hermano y\ncompatriotas, de la productora \nUay Balam en Las Vegas.<\/div>\n\t\t\t\t\t\t\t\t\t\t\t\t\t<\/div>\n\t\t\t\t\t\t\t\t\t<\/div>\n\t\t\t<\/div>\n\t\t\t\t\t<\/div>\n\t\t\t\t\t\t<\/div>\n\t\t\t\t\t<\/div>\n\t\t\t\t<\/div>\n\t\t<div data-particle_enable=\"false\" data-particle-mobile-disabled=\"false\" class=\"elementor-element elementor-element-e416b9f e-flex e-con-boxed e-con e-parent\" data-id=\"e416b9f\" data-element_type=\"container\" data-e-type=\"container\">\n\t\t\t\t\t<div class=\"e-con-inner\">\n\t\t\t\t<div class=\"elementor-element elementor-element-6a4ab67 elementor-widget elementor-widget-text-editor\" data-id=\"6a4ab67\" data-element_type=\"widget\" data-e-type=\"widget\" data-widget_type=\"text-editor.default\">\n\t\t\t\t\t\t\t\t\t<p><span style=\"color: var( --e-global-color-text ); text-align: var(--text-align);\">&#8220;El primer evento que hicimos fue la Feria Chapina 2023 en Los \u00c1ngeles, la m\u00e1s grande de todo Estados Unidos, ya por el se\u00f1or Walter Lira, \u00e9l nos dio la oportunidad y trajimos a Miseria Cumbia Band. De ah\u00ed en adelante han sido puros \u00e9xitos para Miseria, incluso ahorita para la Feria de la Independencia ellos hicieron el medio tiempo de un importante juego&#8221;<\/span><\/p><p>&#8220;Ahora en Uay Balam tambien tenemos al grupo Los Patanes, al grupo Caliente y a los Mamboteros. Otro artista es International Match, cantante de composiciones muy buenas&#8221;.<\/p><p>&#8220;A futuro los planes para Uay Balam es exportar artistas guatemaltecos a m\u00e1s Estados de EE.UU y a M\u00e9xico. Aclaro algo, no estamos viviendo de los artistas. Yo tengo mi trabajo. ESto es una convicci\u00f3n personal, de dar a conocer el talento guatemalteco porque lo hay y mucho&#8221;.<\/p>\t\t\t\t\t\t\t\t<\/div>\n\t\t\t\t\t<\/div>\n\t\t\t\t<\/div>\n\t\t<div data-particle_enable=\"false\" data-particle-mobile-disabled=\"false\" class=\"elementor-element elementor-element-bcf0185 e-flex e-con-boxed e-con e-parent\" data-id=\"bcf0185\" data-element_type=\"container\" data-e-type=\"container\">\n\t\t\t\t\t<div class=\"e-con-inner\">\n\t\t\t\t<div class=\"elementor-element elementor-element-70ec336 elementor-invisible elementor-widget elementor-widget-facebook-embed\" data-id=\"70ec336\" data-element_type=\"widget\" data-e-type=\"widget\" data-settings=\"{&quot;_animation&quot;:&quot;zoomInDown&quot;}\" data-widget_type=\"facebook-embed.default\">\n\t\t\t\t\t<div style=\"min-height: 1px\" class=\"elementor-facebook-widget fb-video\" data-href=\"https:\/\/www.facebook.com\/61566968850424\/videos\/1273714360726265\/\" data-show-text=\"false\" data-allowfullscreen=\"false\" data-autoplay=\"false\" data-show-captions=\"false\"><\/div>\t\t\t\t<\/div>\n\t\t\t\t\t<\/div>\n\t\t\t\t<\/div>\n\t\t<div data-particle_enable=\"false\" data-particle-mobile-disabled=\"false\" class=\"elementor-element elementor-element-a8f2f90 e-flex e-con-boxed e-con e-parent\" data-id=\"a8f2f90\" data-element_type=\"container\" data-e-type=\"container\">\n\t\t\t\t\t<div class=\"e-con-inner\">\n\t\t\t\t<div class=\"elementor-element elementor-element-a4378da elementor-widget elementor-widget-heading\" data-id=\"a4378da\" data-element_type=\"widget\" data-e-type=\"widget\" data-widget_type=\"heading.default\">\n\t\t\t\t\t<h2 class=\"elementor-heading-title elementor-size-default\">Talento guatemalteco brilla sin fronteras<\/h2>\t\t\t\t<\/div>\n\t\t\t\t\t<\/div>\n\t\t\t\t<\/div>\n\t\t<div data-particle_enable=\"false\" data-particle-mobile-disabled=\"false\" class=\"elementor-element elementor-element-c49bd78 e-flex e-con-boxed e-con e-parent\" data-id=\"c49bd78\" data-element_type=\"container\" data-e-type=\"container\">\n\t\t\t\t\t<div class=\"e-con-inner\">\n\t\t\t\t<div class=\"elementor-element elementor-element-89d1499 elementor-grid-eael-col-3 elementor-grid-tablet-eael-col-2 elementor-grid-mobile-eael-col-1 elementor-widget elementor-widget-eael-post-grid\" data-id=\"89d1499\" data-element_type=\"widget\" data-e-type=\"widget\" data-settings=\"{&quot;eael_post_grid_columns&quot;:&quot;eael-col-3&quot;,&quot;eael_post_grid_columns_tablet&quot;:&quot;eael-col-2&quot;,&quot;eael_post_grid_columns_mobile&quot;:&quot;eael-col-1&quot;}\" data-widget_type=\"eael-post-grid.default\">\n\t\t\t\t\t<div id=\"eael-post-grid-89d1499\" class=\"eael-post-grid-container\">\n            <div class=\"eael-post-grid eael-post-appender eael-post-appender-89d1499 eael-post-grid-style-one\" data-layout-mode=\"masonry\"><article class=\"eael-grid-post  eael-post-grid-column eael-pg-post-4589 category-exitos\" data-id=\"4589\">\n        <div class=\"eael-grid-post-holder\">\n            <div class=\"eael-grid-post-holder-inner\"><div class=\"eael-entry-media\"><div class=\"eael-entry-overlay fade-in\"><i class=\"far fa-hand-pointer\" aria-hidden=\"true\"><\/i><a href=\"https:\/\/soymigrante.com\/revista\/jose-gamez-marimba-digital-502-migrante-sonador-originario-de-quiche\/\"><\/a><\/div><div class=\"eael-entry-thumbnail \">\n                <img loading=\"lazy\" decoding=\"async\" width=\"1024\" height=\"947\" src=\"https:\/\/soymigrante.com\/revista\/wp-content\/uploads\/2024\/01\/marimba-502-1-1024x947.webp\" class=\"attachment-large size-large wp-image-4608\" alt=\"Migrante guatemalteco Jos\u00e9 G\u00e1mez\" srcset=\"https:\/\/soymigrante.com\/revista\/wp-content\/uploads\/2024\/01\/marimba-502-1-1024x947.webp 1024w, https:\/\/soymigrante.com\/revista\/wp-content\/uploads\/2024\/01\/marimba-502-1-300x278.webp 300w, https:\/\/soymigrante.com\/revista\/wp-content\/uploads\/2024\/01\/marimba-502-1-768x711.webp 768w, https:\/\/soymigrante.com\/revista\/wp-content\/uploads\/2024\/01\/marimba-502-1-750x694.webp 750w, https:\/\/soymigrante.com\/revista\/wp-content\/uploads\/2024\/01\/marimba-502-1-1140x1055.webp 1140w, https:\/\/soymigrante.com\/revista\/wp-content\/uploads\/2024\/01\/marimba-502-1.webp 1536w\" sizes=\"(max-width: 1024px) 100vw, 1024px\" \/>\n            <\/div>\n        <\/div><div class=\"eael-entry-wrapper\"><header class=\"eael-entry-header\"><h2 class=\"eael-entry-title\"><a class=\"eael-grid-post-link\" href=\"https:\/\/soymigrante.com\/revista\/jose-gamez-marimba-digital-502-migrante-sonador-originario-de-quiche\/\" title=\"Jos\u00e9 G\u00e1mez y un sue\u00f1o migrante llamado Marimba Digital 502\">Jos\u00e9 G\u00e1mez y un sue\u00f1o migrante llamado Marimba Digital 502<\/a><\/h2><\/header><div class=\"eael-entry-content\">\n                        <div class=\"eael-grid-post-excerpt\"><a href=\"https:\/\/soymigrante.com\/revista\/jose-gamez-marimba-digital-502-migrante-sonador-originario-de-quiche\/\" class=\"eael-post-elements-readmore-btn\">CONOCE SU HISTORIA <\/a><\/div>\n                    <\/div><\/div><\/div>\n        <\/div>\n    <\/article><article class=\"eael-grid-post  eael-post-grid-column eael-pg-post-3582 category-exitos\" data-id=\"3582\">\n        <div class=\"eael-grid-post-holder\">\n            <div class=\"eael-grid-post-holder-inner\"><div class=\"eael-entry-media\"><div class=\"eael-entry-overlay fade-in\"><i class=\"far fa-hand-pointer\" aria-hidden=\"true\"><\/i><a href=\"https:\/\/soymigrante.com\/revista\/musico-actor-guatemalteco-migrante-en-nueva-york-domingo-lemus\/\"><\/a><\/div><div class=\"eael-entry-thumbnail \">\n                <img loading=\"lazy\" decoding=\"async\" width=\"855\" height=\"755\" src=\"https:\/\/soymigrante.com\/revista\/wp-content\/uploads\/2023\/12\/minguito.webp\" class=\"attachment-large size-large wp-image-3599\" alt=\"\" srcset=\"https:\/\/soymigrante.com\/revista\/wp-content\/uploads\/2023\/12\/minguito.webp 855w, https:\/\/soymigrante.com\/revista\/wp-content\/uploads\/2023\/12\/minguito-300x265.webp 300w, https:\/\/soymigrante.com\/revista\/wp-content\/uploads\/2023\/12\/minguito-768x678.webp 768w, https:\/\/soymigrante.com\/revista\/wp-content\/uploads\/2023\/12\/minguito-750x662.jpg 750w\" sizes=\"(max-width: 855px) 100vw, 855px\" \/>\n            <\/div>\n        <\/div><div class=\"eael-entry-wrapper\"><header class=\"eael-entry-header\"><h2 class=\"eael-entry-title\"><a class=\"eael-grid-post-link\" href=\"https:\/\/soymigrante.com\/revista\/musico-actor-guatemalteco-migrante-en-nueva-york-domingo-lemus\/\" title=\"\u201cTodos somos migrantes\u201d: Domingo Lemus, cineasta y m\u00fasico en NY\">\u201cTodos somos migrantes\u201d: Domingo Lemus, cineasta y m\u00fasico en NY<\/a><\/h2><\/header><div class=\"eael-entry-content\">\n                        <div class=\"eael-grid-post-excerpt\"><a href=\"https:\/\/soymigrante.com\/revista\/musico-actor-guatemalteco-migrante-en-nueva-york-domingo-lemus\/\" class=\"eael-post-elements-readmore-btn\">CONOCE SU HISTORIA <\/a><\/div>\n                    <\/div><\/div><\/div>\n        <\/div>\n    <\/article><article class=\"eael-grid-post  eael-post-grid-column eael-pg-post-1954 category-exitos tags-oregon\" data-id=\"1954\">\n        <div class=\"eael-grid-post-holder\">\n            <div class=\"eael-grid-post-holder-inner\"><div class=\"eael-entry-media\"><div class=\"eael-entry-overlay fade-in\"><i class=\"far fa-hand-pointer\" aria-hidden=\"true\"><\/i><a href=\"https:\/\/soymigrante.com\/revista\/julio-alvarado-migrante-contador-musico\/\"><\/a><\/div><div class=\"eael-entry-thumbnail \">\n                <img loading=\"lazy\" decoding=\"async\" width=\"902\" height=\"649\" src=\"https:\/\/soymigrante.com\/revista\/wp-content\/uploads\/2023\/07\/julito-julito.webp\" class=\"attachment-large size-large wp-image-1962\" alt=\"Migrante guatemalteco Julio C\u00e9sar Alvarado\" srcset=\"https:\/\/soymigrante.com\/revista\/wp-content\/uploads\/2023\/07\/julito-julito.webp 902w, https:\/\/soymigrante.com\/revista\/wp-content\/uploads\/2023\/07\/julito-julito-300x216.webp 300w, https:\/\/soymigrante.com\/revista\/wp-content\/uploads\/2023\/07\/julito-julito-768x553.webp 768w, https:\/\/soymigrante.com\/revista\/wp-content\/uploads\/2023\/07\/julito-julito-120x86.webp 120w, https:\/\/soymigrante.com\/revista\/wp-content\/uploads\/2023\/07\/julito-julito-750x540.webp 750w\" sizes=\"(max-width: 902px) 100vw, 902px\" \/>\n            <\/div>\n        <\/div><div class=\"eael-entry-wrapper\"><header class=\"eael-entry-header\"><h2 class=\"eael-entry-title\"><a class=\"eael-grid-post-link\" href=\"https:\/\/soymigrante.com\/revista\/julio-alvarado-migrante-contador-musico\/\" title=\"Julio Alvarado: Migrante, m\u00fasico y altruista guatemalteco\">Julio Alvarado: Migrante, m\u00fasico y altruista guatemalteco<\/a><\/h2><\/header><div class=\"eael-entry-content\">\n                        <div class=\"eael-grid-post-excerpt\"><a href=\"https:\/\/soymigrante.com\/revista\/julio-alvarado-migrante-contador-musico\/\" class=\"eael-post-elements-readmore-btn\">CONOCE SU HISTORIA <\/a><\/div>\n                    <\/div><\/div><\/div>\n        <\/div>\n    <\/article><\/div>\n            <div class=\"clearfix\"><\/div>\n        <\/div>\t\t\t\t<\/div>\n\t\t\t\t\t<\/div>\n\t\t\t\t<\/div>\n\t\t\t\t<\/div>\n\t\t","protected":false},"excerpt":{"rendered":"<p>El guatemalteco Hugo Lazo lleg\u00f3 a USA en 1984. Vivi\u00f3 en California y actualmente trabaja en mantenimiento de un enorme complejo de edificios en Las Vegas. Tambi\u00e9n es promotor art\u00edstico de grupos guatemaltecos. &#8220;En Guatemala hay tanto talento de nivel internacional&#8221;, dice y esta es su historia. Uay Balam se llama la promotora de espect\u00e1culos [&hellip;]<\/p>\n","protected":false},"author":7,"featured_media":14033,"comment_status":"open","ping_status":"open","sticky":false,"template":"","format":"standard","meta":{"_acf_changed":false,"_eb_attr":"","footnotes":""},"categories":[50],"tags":[],"class_list":["post-14032","post","type-post","status-publish","format-standard","has-post-thumbnail","hentry","category-exitos"],"acf":[],"aioseo_notices":[],"aioseo_head":"\n\t\t<!-- All in One SEO Pro 4.9.6.2 - aioseo.com -->\n\t<meta name=\"description\" content=\"Conoce a Julio Alvarado, migrante guatemalteco en California, que combina su pasi\u00f3n por la contabilidad y la m\u00fasica para ayudar a su natal Guatemala\" \/>\n\t<meta name=\"robots\" content=\"max-snippet:-1, max-image-preview:large, max-video-preview:-1\" \/>\n\t<meta name=\"author\" content=\"Gustavo Montenegro\"\/>\n\t<link rel=\"canonical\" href=\"https:\/\/soymigrante.com\/revista\/julio-alvarado-migrante-contador-musico\/\" \/>\n\t<meta name=\"generator\" content=\"All in One SEO Pro (AIOSEO) 4.9.6.2\" \/>\n\n\t\t<link rel=\"preconnect\" href=\"https:\/\/fonts.googleapis.com\" crossorigin>\n<link rel=\"preconnect\" href=\"https:\/\/fonts.gstatic.com\" crossorigin>\n\t\t<meta property=\"og:locale\" content=\"es_ES\" \/>\n\t\t<meta property=\"og:site_name\" content=\"SoyMigrante.com REVISTA \u2013 Nuestra misi\u00f3n es reconocer y dignificar al migrante.\" \/>\n\t\t<meta property=\"og:type\" content=\"article\" \/>\n\t\t<meta property=\"og:title\" content=\"Julio Alvarado: Migrante, m\u00fasico y altruista guatemalteco\" \/>\n\t\t<meta property=\"og:description\" content=\"Conoce a Julio Alvarado, migrante guatemalteco en California, que combina su pasi\u00f3n por la contabilidad y la m\u00fasica para ayudar a su natal Guatemala\" \/>\n\t\t<meta property=\"og:url\" content=\"https:\/\/soymigrante.com\/revista\/julio-alvarado-migrante-contador-musico\/\" \/>\n\t\t<meta property=\"og:image\" content=\"https:\/\/soymigrante.com\/revista\/wp-content\/uploads\/2023\/07\/julito-julito.webp\" \/>\n\t\t<meta property=\"og:image:secure_url\" content=\"https:\/\/soymigrante.com\/revista\/wp-content\/uploads\/2023\/07\/julito-julito.webp\" \/>\n\t\t<meta property=\"og:image:width\" content=\"902\" \/>\n\t\t<meta property=\"og:image:height\" content=\"649\" \/>\n\t\t<meta property=\"article:published_time\" content=\"2023-07-26T15:58:23+00:00\" \/>\n\t\t<meta property=\"article:modified_time\" content=\"2026-03-11T22:50:24+00:00\" \/>\n\t\t<meta property=\"article:publisher\" content=\"https:\/\/www.facebook.com\/soymigrantecom\" \/>\n\t\t<meta name=\"twitter:card\" content=\"summary_large_image\" \/>\n\t\t<meta name=\"twitter:site\" content=\"@SoyMigrante_com\" \/>\n\t\t<meta name=\"twitter:title\" content=\"Julio Alvarado: Migrante, m\u00fasico y altruista guatemalteco\" \/>\n\t\t<meta name=\"twitter:description\" content=\"Conoce a Julio Alvarado, migrante guatemalteco en California, que combina su pasi\u00f3n por la contabilidad y la m\u00fasica para ayudar a su natal Guatemala\" \/>\n\t\t<meta name=\"twitter:creator\" content=\"@SoyMigrante_com\" \/>\n\t\t<meta name=\"twitter:image\" content=\"https:\/\/soymigrante.com\/revista\/wp-content\/uploads\/2023\/07\/julito-julito.webp\" \/>\n\t\t<!-- All in One SEO Pro -->\r\n\t\t<title>Julio Alvarado: Migrante, m\u00fasico y altruista guatemalteco<\/title>\n\n","aioseo_head_json":{"title":"Julio Alvarado: Migrante, m\u00fasico y altruista guatemalteco","description":"Conoce a Julio Alvarado, migrante guatemalteco en California, que combina su pasi\u00f3n por la contabilidad y la m\u00fasica para ayudar a su natal Guatemala","canonical_url":"https:\/\/soymigrante.com\/revista\/julio-alvarado-migrante-contador-musico\/","robots":"max-snippet:-1, max-image-preview:large, max-video-preview:-1","keywords":"","webmasterTools":{"miscellaneous":"&lt;link rel=\"preconnect\" href=\"https:\/\/fonts.googleapis.com\" crossorigin&gt;\n&lt;link rel=\"preconnect\" href=\"https:\/\/fonts.gstatic.com\" crossorigin&gt;"},"schema":null,"og:locale":"es_ES","og:site_name":"SoyMigrante.com REVISTA \u2013 Nuestra misi\u00f3n es reconocer y dignificar al migrante.","og:type":"article","og:title":"Julio Alvarado: Migrante, m\u00fasico y altruista guatemalteco","og:description":"Conoce a Julio Alvarado, migrante guatemalteco en California, que combina su pasi\u00f3n por la contabilidad y la m\u00fasica para ayudar a su natal Guatemala","og:url":"https:\/\/soymigrante.com\/revista\/julio-alvarado-migrante-contador-musico\/","og:image":"https:\/\/soymigrante.com\/revista\/wp-content\/uploads\/2023\/07\/julito-julito.webp","og:image:secure_url":"https:\/\/soymigrante.com\/revista\/wp-content\/uploads\/2023\/07\/julito-julito.webp","og:image:width":902,"og:image:height":649,"article:published_time":"2023-07-26T15:58:23+00:00","article:modified_time":"2026-03-11T22:50:24+00:00","article:publisher":"https:\/\/www.facebook.com\/soymigrantecom","twitter:card":"summary_large_image","twitter:site":"@SoyMigrante_com","twitter:title":"Julio Alvarado: Migrante, m\u00fasico y altruista guatemalteco","twitter:description":"Conoce a Julio Alvarado, migrante guatemalteco en California, que combina su pasi\u00f3n por la contabilidad y la m\u00fasica para ayudar a su natal Guatemala","twitter:creator":"@SoyMigrante_com","twitter:image":"https:\/\/soymigrante.com\/revista\/wp-content\/uploads\/2023\/07\/julito-julito.webp"},"aioseo_meta_data":{"post_id":"14032","title":"La historia de Hugo Lazo tiene edificios, chocolate y Uay Balam","description":"Migrante guatemalteco est\u00e1 a cargo del mantenimiento de un omplejo de edificios en Las Vegas pero tambi\u00e9n impulsa grupos musicales guatemaltecos en USA","keywords":null,"keyphrases":{"focus":{"keyphrase":"Migrante","score":69,"analysis":{"keyphraseInTitle":{"score":3,"maxScore":9,"error":1},"keyphraseInDescription":{"score":9,"maxScore":9,"error":0},"keyphraseLength":{"score":9,"maxScore":9,"error":0,"length":1},"keyphraseInURL":{"score":5,"maxScore":5,"error":0},"keyphraseInIntroduction":{"score":9,"maxScore":9,"error":0},"keyphraseInSubHeadings":{"score":3,"maxScore":9,"error":1},"keyphraseInImageAlt":{"score":9,"maxScore":9,"error":0},"keywordDensity":{"score":0,"type":"low","maxScore":9,"error":1}}},"additional":[{"keyphrase":"Edificios","score":73,"analysis":{"keyphraseInDescription":{"score":9,"maxScore":9,"error":0},"keyphraseLength":{"score":9,"maxScore":9,"error":0,"length":1},"keyphraseInIntroduction":{"score":3,"maxScore":9,"error":1},"keyphraseInImageAlt":{"score":3,"maxScore":9,"error":1},"keywordDensity":{"type":"best","score":9,"maxScore":9,"error":0}}},{"keyphrase":"Guatemalteco","score":100,"analysis":{"keyphraseInDescription":{"score":9,"maxScore":9,"error":0},"keyphraseLength":{"score":9,"maxScore":9,"error":0,"length":1},"keyphraseInIntroduction":{"score":9,"maxScore":9,"error":0},"keyphraseInImageAlt":{"score":9,"maxScore":9,"error":0},"keywordDensity":{"type":"best","score":9,"maxScore":9,"error":0}}},{"keyphrase":"Hugo Lazo","score":67,"analysis":{"keyphraseInDescription":{"score":3,"maxScore":9,"error":1},"keyphraseLength":{"score":9,"maxScore":9,"error":0,"length":2},"keyphraseInIntroduction":{"score":9,"maxScore":9,"error":0},"keyphraseInImageAlt":{"score":9,"maxScore":9,"error":0},"keywordDensity":{"score":0,"type":"low","maxScore":9,"error":1}}}]},"primary_term":null,"canonical_url":null,"og_title":null,"og_description":null,"og_object_type":"default","og_image_type":"default","og_image_url":null,"og_image_width":null,"og_image_height":null,"og_image_custom_url":null,"og_image_custom_fields":null,"og_video":"","og_custom_url":null,"og_article_section":null,"og_article_tags":null,"twitter_use_og":false,"twitter_card":"default","twitter_image_type":"default","twitter_image_url":null,"twitter_image_custom_url":null,"twitter_image_custom_fields":null,"twitter_title":null,"twitter_description":null,"schema":{"blockGraphs":[],"customGraphs":[],"default":{"data":{"Article":[],"Course":[],"Dataset":[],"FAQPage":[],"Movie":[],"Person":[],"Product":[],"ProductReview":[],"Car":[],"Recipe":[],"Service":[],"SoftwareApplication":[],"WebPage":[]},"graphName":"Article","isEnabled":true},"graphs":[]},"schema_type":"default","schema_type_options":null,"pillar_content":false,"robots_default":true,"robots_noindex":false,"robots_noarchive":false,"robots_nosnippet":false,"robots_nofollow":false,"robots_noimageindex":false,"robots_noodp":false,"robots_notranslate":false,"robots_max_snippet":"-1","robots_max_videopreview":"-1","robots_max_imagepreview":"large","priority":null,"frequency":"default","local_seo":null,"seo_analyzer_scan_date":"2025-10-09 00:27:57","breadcrumb_settings":null,"limit_modified_date":false,"reviewed_by":null,"open_ai":"{\"title\":{\"suggestions\":[],\"usage\":0},\"description\":{\"suggestions\":[],\"usage\":0}}","ai":null,"created":"2024-11-22 13:12:43","updated":"2026-02-04 16:41:20"},"aioseo_breadcrumb":"<div class=\"aioseo-breadcrumbs\"><span class=\"aioseo-breadcrumb\">\n\t<a href=\"https:\/\/soymigrante.com\/revista\" title=\"Home\">Home<\/a>\n<\/span><span class=\"aioseo-breadcrumb-separator\">\u00bb<\/span><span class=\"aioseo-breadcrumb\">\n\t<a href=\"https:\/\/soymigrante.com\/revista\/category\/exitos\/\" title=\"\u00c9xitos\">\u00c9xitos<\/a>\n<\/span><span class=\"aioseo-breadcrumb-separator\">\u00bb<\/span><span class=\"aioseo-breadcrumb\">\n\tHugo Lazo: una historia migrante con edificios, chocolate y Uay Balam en Las Vegas\n<\/span><\/div>","aioseo_breadcrumb_json":[{"label":"Home","link":"https:\/\/soymigrante.com\/revista"},{"label":"\u00c9xitos","link":"https:\/\/soymigrante.com\/revista\/category\/exitos\/"},{"label":"Hugo Lazo: una historia migrante con edificios, chocolate y Uay Balam en Las Vegas","link":"https:\/\/soymigrante.com\/revista\/hugo-lazo-una-historia-migrante-con-edificios-chocolate-y-uay-balam-en-las-vegas\/"}],"_links":{"self":[{"href":"https:\/\/soymigrante.com\/revista\/wp-json\/wp\/v2\/posts\/14032","targetHints":{"allow":["GET"]}}],"collection":[{"href":"https:\/\/soymigrante.com\/revista\/wp-json\/wp\/v2\/posts"}],"about":[{"href":"https:\/\/soymigrante.com\/revista\/wp-json\/wp\/v2\/types\/post"}],"author":[{"embeddable":true,"href":"https:\/\/soymigrante.com\/revista\/wp-json\/wp\/v2\/users\/7"}],"replies":[{"embeddable":true,"href":"https:\/\/soymigrante.com\/revista\/wp-json\/wp\/v2\/comments?post=14032"}],"version-history":[{"count":0,"href":"https:\/\/soymigrante.com\/revista\/wp-json\/wp\/v2\/posts\/14032\/revisions"}],"wp:featuredmedia":[{"embeddable":true,"href":"https:\/\/soymigrante.com\/revista\/wp-json\/wp\/v2\/media\/14033"}],"wp:attachment":[{"href":"https:\/\/soymigrante.com\/revista\/wp-json\/wp\/v2\/media?parent=14032"}],"wp:term":[{"taxonomy":"category","embeddable":true,"href":"https:\/\/soymigrante.com\/revista\/wp-json\/wp\/v2\/categories?post=14032"},{"taxonomy":"post_tag","embeddable":true,"href":"https:\/\/soymigrante.com\/revista\/wp-json\/wp\/v2\/tags?post=14032"}],"curies":[{"name":"wp","href":"https:\/\/api.w.org\/{rel}","templated":true}]}}