{"id":14027,"date":"2026-03-25T10:59:43","date_gmt":"2026-03-25T16:59:43","guid":{"rendered":"https:\/\/soymigrante.com\/revista\/?p=14027"},"modified":"2026-03-25T11:30:22","modified_gmt":"2026-03-25T17:30:22","slug":"el-actor-y-conductor-gerzon-giron-ha-convertido-obstaculos-en-oportunidades-en-california","status":"publish","type":"post","link":"https:\/\/soymigrante.com\/revista\/el-actor-y-conductor-gerzon-giron-ha-convertido-obstaculos-en-oportunidades-en-california\/","title":{"rendered":"Actor y conductor migrante guatemalteco Gerzon Gir\u00f3n transforma barreras en oportunidades en California"},"content":{"rendered":"\t\t<div data-elementor-type=\"wp-post\" data-elementor-id=\"14027\" class=\"elementor elementor-14027\" data-elementor-post-type=\"post\">\n\t\t\t\t<div data-particle_enable=\"false\" data-particle-mobile-disabled=\"false\" class=\"elementor-element elementor-element-b90f57a e-flex e-con-boxed e-con e-parent\" data-id=\"b90f57a\" data-element_type=\"container\" data-e-type=\"container\">\n\t\t\t\t\t<div class=\"e-con-inner\">\n\t\t\t\t<div class=\"elementor-element elementor-element-8950f32 elementor-widget elementor-widget-heading\" data-id=\"8950f32\" data-element_type=\"widget\" data-e-type=\"widget\" data-widget_type=\"heading.default\">\n\t\t\t\t\t<h2 class=\"elementor-heading-title elementor-size-default\">Gerzon Gir\u00f3n naci\u00f3 en Progreso, Jutiapa, Guatemala, y desde peque\u00f1o mostr\u00f3 una mezcla de sue\u00f1os y resiliencia que lo acompa\u00f1a siempre.  toda su vida. Ha sido actor de teatro y cine; en enero 2026 lanz\u00f3 su podcast Sin Etiquetas.<\/h2>\t\t\t\t<\/div>\n\t\t\t\t<div class=\"elementor-element elementor-element-2a6b8c9 elementor-widget elementor-widget-html\" data-id=\"2a6b8c9\" data-element_type=\"widget\" data-e-type=\"widget\" data-widget_type=\"html.default\">\n\t\t\t\t\t<div id=\"buzzsprout-player-18907495\"><\/div><script src=\"https:\/\/www.buzzsprout.com\/2444168\/episodes\/18907495-los-saltos-de-fe-gerzon-giron-actor-y-conductor-migrante-guatemalteco-en-california.js?container_id=buzzsprout-player-18907495&player=small\" type=\"text\/javascript\" charset=\"utf-8\"><\/script>\t\t\t\t<\/div>\n\t\t\t\t\t<\/div>\n\t\t\t\t<\/div>\n\t\t<div data-particle_enable=\"false\" data-particle-mobile-disabled=\"false\" class=\"elementor-element elementor-element-14ef4e4 e-flex e-con-boxed e-con e-parent\" data-id=\"14ef4e4\" data-element_type=\"container\" data-e-type=\"container\">\n\t\t\t\t\t<div class=\"e-con-inner\">\n\t\t\t\t<div class=\"elementor-element elementor-element-0626440 elementor-widget elementor-widget-text-editor\" data-id=\"0626440\" data-element_type=\"widget\" data-e-type=\"widget\" data-widget_type=\"text-editor.default\">\n\t\t\t\t\t\t\t\t\t<p><span style=\"color: #7a7a7a;\">Actor de teatro, trabajador migrante, vendedor de ganchos en su infancia y ahora creador de un espacio para contar historias: la vida de Gerson Gir\u00f3n no cabe en una sola definici\u00f3n. Nacido en <\/span>El Progreso, <a href=\"https:\/\/soymigrante.com\/revista\/departamentos-de-guatemala-jutiapa-es-cuna-del-sol-entre-playas-y-montanas\/\">Jutiapa<\/a><span style=\"color: #7a7a7a;\">, y formado entre idas y vueltas migratorias hacia Estados Unidos, su historia es la de alguien que ha tenido que reinventarse una y otra vez, casi siempre en soledad, casi siempre desde abajo.<\/span><\/p><p>Ha actuado sobre todo en teatro, pero en 2016 fue extra en la cinta\u00a0<a href=\"https:\/\/es.wikipedia.org\/wiki\/Gemini_Man\" target=\"_blank\" rel=\"noopener\">Gemini Man<\/a>\u00a0de\u00a0<a href=\"https:\/\/es.wikipedia.org\/wiki\/Will_Smith\" target=\"_blank\" rel=\"noopener\">Will Smith<\/a>. Actualmente desarrolla contenido a trav\u00e9s de su podcast Gerzon sin etiquetas, porque sigue evolucionandoe innovando. En <a href=\"https:\/\/www.youtube.com\/@gerzongiron8886\"><em>\u201cGerson Sin Etiquetas\u201d<\/em>,<\/a> un espacio que no solo lo presenta como entrevistador, sino como alguien dispuesto a mirarse hacia adentro. \u201cHoy vengo a escucharme\u201d, dice. &#8220;Pero tambi\u00e9n a escuchar historias sin etiquetas&#8221;, expres\u00f3.<\/p>\t\t\t\t\t\t\t\t<\/div>\n\t\t\t\t\t<\/div>\n\t\t\t\t<\/div>\n\t\t<div data-particle_enable=\"false\" data-particle-mobile-disabled=\"false\" class=\"elementor-element elementor-element-0f0bfc6 e-flex e-con-boxed e-con e-parent\" data-id=\"0f0bfc6\" data-element_type=\"container\" data-e-type=\"container\">\n\t\t\t\t\t<div class=\"e-con-inner\">\n\t\t\t\t<div class=\"elementor-element elementor-element-04e6e28 elementor-widget elementor-widget-image\" data-id=\"04e6e28\" data-element_type=\"widget\" data-e-type=\"widget\" data-widget_type=\"image.default\">\n\t\t\t\t\t\t\t\t\t\t\t\t\t\t\t<img fetchpriority=\"high\" decoding=\"async\" width=\"768\" height=\"1024\" src=\"https:\/\/soymigrante.com\/revista\/wp-content\/uploads\/2024\/11\/Gerzon-Giron4-768x1024.jpg\" class=\"attachment-medium_large size-medium_large wp-image-14072\" alt=\"Guatemalteco radicado en Los \u00c1ngeles con certificado de El D\u00eda del Guatemalteco, promoviendo la cultura y los derechos de la comunidad guatemalteca en California.\" srcset=\"https:\/\/soymigrante.com\/revista\/wp-content\/uploads\/2024\/11\/Gerzon-Giron4-768x1024.jpg 768w, https:\/\/soymigrante.com\/revista\/wp-content\/uploads\/2024\/11\/Gerzon-Giron4-225x300.jpg 225w, https:\/\/soymigrante.com\/revista\/wp-content\/uploads\/2024\/11\/Gerzon-Giron4-1152x1536.jpg 1152w, https:\/\/soymigrante.com\/revista\/wp-content\/uploads\/2024\/11\/Gerzon-Giron4-750x1000.webp 750w, https:\/\/soymigrante.com\/revista\/wp-content\/uploads\/2024\/11\/Gerzon-Giron4-1140x1520.webp 1140w, https:\/\/soymigrante.com\/revista\/wp-content\/uploads\/2024\/11\/Gerzon-Giron4.webp 1440w\" sizes=\"(max-width: 768px) 100vw, 768px\" title=\"Gerzon Gir\u00f3n4 \u2013 SoyMigrante.com REVISTA\" \/>\t\t\t\t\t\t\t\t\t\t\t\t\t\t\t<\/div>\n\t\t\t\t\t<\/div>\n\t\t\t\t<\/div>\n\t\t<div data-particle_enable=\"false\" data-particle-mobile-disabled=\"false\" class=\"elementor-element elementor-element-2e6f998 e-flex e-con-boxed e-con e-parent\" data-id=\"2e6f998\" data-element_type=\"container\" data-e-type=\"container\">\n\t\t\t\t\t<div class=\"e-con-inner\">\n\t\t\t\t<div class=\"elementor-element elementor-element-a28a5e6 elementor-widget elementor-widget-heading\" data-id=\"a28a5e6\" data-element_type=\"widget\" data-e-type=\"widget\" data-widget_type=\"heading.default\">\n\t\t\t\t\t<h3 class=\"elementor-heading-title elementor-size-default\">Infancia y ra\u00edces en Guatemala y Estados Unidos\n<\/h3>\t\t\t\t<\/div>\n\t\t\t\t\t<\/div>\n\t\t\t\t<\/div>\n\t\t<div data-particle_enable=\"false\" data-particle-mobile-disabled=\"false\" class=\"elementor-element elementor-element-b395a5f e-flex e-con-boxed e-con e-parent\" data-id=\"b395a5f\" data-element_type=\"container\" data-e-type=\"container\">\n\t\t\t\t\t<div class=\"e-con-inner\">\n\t\t\t\t<div class=\"elementor-element elementor-element-fec7a71 elementor-widget elementor-widget-text-editor\" data-id=\"fec7a71\" data-element_type=\"widget\" data-e-type=\"widget\" data-widget_type=\"text-editor.default\">\n\t\t\t\t\t\t\t\t\t<p>Desde su infancia en <a href=\"https:\/\/soymigrante.com\/revista\/departamentos-de-guatemala-jutiapa-es-cuna-del-sol-entre-playas-y-montanas\/\">Jutiapa<\/a>, Gerzon Gir\u00f3n aprendi\u00f3 el valor del trabajo duro. Entre juegos de barrio y jornadas vendiendo ganchos de ropa con su madre, su esp\u00edritu perseverante se forj\u00f3 en Guatemala, antes de emigrar a Estados Unidos con su familia. Actualmente vive en el condado de Orange, California.<\/p><p>All\u00ed enfrent\u00f3 desaf\u00edos como aprender un nuevo idioma y trabajar en empleos humildes, pero siempre mantuvo vivos sus sue\u00f1os. En este diciembre de 2024 vuelve a participar en la obra El Ermita\u00f1o, una pastorela navide\u00f1a llena de mensajes optimistas y de esperanza. Esta es la historia de Gerzon.<\/p>\t\t\t\t\t\t\t\t<\/div>\n\t\t\t\t\t<\/div>\n\t\t\t\t<\/div>\n\t\t<div data-particle_enable=\"false\" data-particle-mobile-disabled=\"false\" class=\"elementor-element elementor-element-44bcfaf e-flex e-con-boxed e-con e-parent\" data-id=\"44bcfaf\" data-element_type=\"container\" data-e-type=\"container\">\n\t\t\t\t\t<div class=\"e-con-inner\">\n\t\t\t\t<div class=\"elementor-element elementor-element-23c6393 elementor-widget elementor-widget-text-editor\" data-id=\"23c6393\" data-element_type=\"widget\" data-e-type=\"widget\" data-widget_type=\"text-editor.default\">\n\t\t\t\t\t\t\t\t\t<p>Sus padres\u00a0<a href=\"https:\/\/soymigrante.com\/revista\/milbet-del-cid-ofrece-antojitos-chapines-en-restaurante-amalia-en-los-angeles\/\" target=\"_blank\" rel=\"noopener\">migraron a Estados Unidos<\/a>\u00a0cuando Gerzon a\u00fan era un beb\u00e9. Su madre trabajaba en una f\u00e1brica de ganchos de ropa, pero se pod\u00eda llevar a casa los defectuosos.\u00a0 Gerzon, desde ni\u00f1o, aprendi\u00f3 el valor del esfuerzo al ayudar a vender los productos reparados en su vecindario.<\/p><p>En 1996, la nostalgia por la familia llev\u00f3 a los padres de Gerzon a regresar a Guatemala, donde \u00e9l curs\u00f3 la primaria. De esa \u00e9poca, recuerda con cari\u00f1o una infancia llena de juegos y convivencia en el barrio. Las chamuscas, los amigos y los momentos de comunidad dejaron una huella imborrable en su memoria.<span style=\"color: var( --e-global-color-text ); text-align: var(--text-align);\">\u00a0<\/span><\/p>\t\t\t\t\t\t\t\t<\/div>\n\t\t\t\t\t<\/div>\n\t\t\t\t<\/div>\n\t\t<div data-particle_enable=\"false\" data-particle-mobile-disabled=\"false\" class=\"elementor-element elementor-element-04b05d4 e-flex e-con-boxed e-con e-parent\" data-id=\"04b05d4\" data-element_type=\"container\" data-e-type=\"container\">\n\t\t\t\t\t<div class=\"e-con-inner\">\n\t\t\t\t<div class=\"elementor-element elementor-element-3fb61ca elementor-widget elementor-widget-html\" data-id=\"3fb61ca\" data-element_type=\"widget\" data-e-type=\"widget\" data-widget_type=\"html.default\">\n\t\t\t\t\t<iframe width=\"560\" height=\"415\" src=\"https:\/\/www.youtube.com\/embed\/AQCVUmtuvoE?si=rC4_6kgitIH6_Io5\" title=\"YouTube video player\" frameborder=\"0\" allow=\"accelerometer; autoplay; clipboard-write; encrypted-media; gyroscope; picture-in-picture; web-share\" referrerpolicy=\"strict-origin-when-cross-origin\" allowfullscreen><\/iframe>\t\t\t\t<\/div>\n\t\t\t\t\t<\/div>\n\t\t\t\t<\/div>\n\t\t<div data-particle_enable=\"false\" data-particle-mobile-disabled=\"false\" class=\"elementor-element elementor-element-7b7399f e-flex e-con-boxed e-con e-parent\" data-id=\"7b7399f\" data-element_type=\"container\" data-e-type=\"container\">\n\t\t\t\t\t<div class=\"e-con-inner\">\n\t\t\t\t<div class=\"elementor-element elementor-element-14aa28f elementor-widget elementor-widget-heading\" data-id=\"14aa28f\" data-element_type=\"widget\" data-e-type=\"widget\" data-widget_type=\"heading.default\">\n\t\t\t\t\t<h3 class=\"elementor-heading-title elementor-size-default\">Educaci\u00f3n y primeros trabajos<\/h3>\t\t\t\t<\/div>\n\t\t\t\t\t<\/div>\n\t\t\t\t<\/div>\n\t\t<div data-particle_enable=\"false\" data-particle-mobile-disabled=\"false\" class=\"elementor-element elementor-element-007b078 e-flex e-con-boxed e-con e-parent\" data-id=\"007b078\" data-element_type=\"container\" data-e-type=\"container\">\n\t\t\t\t\t<div class=\"e-con-inner\">\n\t\t\t\t<div class=\"elementor-element elementor-element-5f49117 elementor-widget elementor-widget-text-editor\" data-id=\"5f49117\" data-element_type=\"widget\" data-e-type=\"widget\" data-widget_type=\"text-editor.default\">\n\t\t\t\t\t\t\t\t\t<p>A los 18 a\u00f1os, Gerzon regres\u00f3\u00a0<a href=\"https:\/\/soymigrante.com\/revista\/las-9-ciudades-mas-elegidas-por-migrantes-en-ee-uu-aqui-un-recorrido\/\" target=\"_blank\" rel=\"noopener\">a Estados Unidos,<\/a>\u00a0pero antes de lograrlo, su vida en Guatemala estuvo marcada por el esfuerzo. Mientras estudiaba para convertirse en maestro de primaria, trabajaba en una panader\u00eda donde su salario eran los panes sobrantes, y en una sastrer\u00eda, adem\u00e1s de ser repartidor con una bicicleta adaptada para llevar pedidos.<\/p><p>Ya en suelo estadounidense, el camino no fue f\u00e1cil, pero tampoco imposible como \u00e9l mismo comparte. Su primer trabajo fue lavando platos en un hospital.\u00a0<span style=\"font-family: Roboto, sans-serif; font-size: 22px; font-style: normal; font-variant-ligatures: normal; font-variant-caps: normal; font-weight: 400;\">No hablaba ingl\u00e9s. No ten\u00eda red de apoyo.\u00a0<\/span><\/p><p style=\"font-style: normal; font-variant-ligatures: normal; font-variant-caps: normal; font-weight: 400; font-size: 22px; font-family: Roboto, sans-serif;\"><em style=\"font-family: Roboto, sans-serif; font-size: 22px; font-variant-ligatures: normal; font-variant-caps: normal; font-weight: 400;\">\u201cLavando los platos, las l\u00e1grimas me corr\u00edan y se disolv\u00edan junto con el agua\u2026 pero yo dec\u00eda: me voy a esforzar, voy a aprender el lenguaje y voy a demostrar que s\u00ed se puede\u201d, cuenta en su primer podcast Sin Etiquetas.<\/em><\/p><p style=\"font-style: normal; font-variant-ligatures: normal; font-variant-caps: normal; font-weight: 400; font-size: 22px; font-family: Roboto, sans-serif;\">Tambi\u00e9n escuch\u00f3 el desprecio. \u201cNo vas a llegar muy lejos\u201d, le dijeron. Esa frase, lejos de detenerlo, se convirti\u00f3 en impulso.<\/p>\t\t\t\t\t\t\t\t<\/div>\n\t\t\t\t\t<\/div>\n\t\t\t\t<\/div>\n\t\t<div data-particle_enable=\"false\" data-particle-mobile-disabled=\"false\" class=\"elementor-element elementor-element-d4b3fe7 e-flex e-con-boxed e-con e-parent\" data-id=\"d4b3fe7\" data-element_type=\"container\" data-e-type=\"container\">\n\t\t\t\t\t<div class=\"e-con-inner\">\n\t\t\t\t<div class=\"elementor-element elementor-element-f84f2c6 elementor-invisible elementor-widget elementor-widget-testimonial\" data-id=\"f84f2c6\" data-element_type=\"widget\" data-e-type=\"widget\" data-settings=\"{&quot;_animation&quot;:&quot;rotateInUpRight&quot;}\" data-widget_type=\"testimonial.default\">\n\t\t\t\t\t\t\t<div class=\"elementor-testimonial-wrapper\">\n\t\t\t\t\t\t\t<div class=\"elementor-testimonial-content\">\"Las malas circunstancias las convert\u00ed en oportunidades. No es f\u00e1cil, no es dif\u00edcil pero tampoco es imposible. Mientras tengamos vida podemos lograr las cosas\u201d.- <\/div>\n\t\t\t\n\t\t\t\t\t\t<div class=\"elementor-testimonial-meta elementor-has-image elementor-testimonial-image-position-aside\">\n\t\t\t\t<div class=\"elementor-testimonial-meta-inner\">\n\t\t\t\t\t\t\t\t\t\t\t<div class=\"elementor-testimonial-image\">\n\t\t\t\t\t\t\t<img decoding=\"async\" width=\"1440\" height=\"1920\" src=\"https:\/\/soymigrante.com\/revista\/wp-content\/uploads\/2024\/11\/Gerzon-Giron.webp\" class=\"attachment-full size-full wp-image-14071\" alt=\"Estudiante de origen latinoamericano recibiendo un certificado en un acto oficial con banderas de Argentina y Estados Unidos al fondo.\" title=\"Gerzon Gir\u00f3n \u2013 SoyMigrante.com REVISTA\" srcset=\"https:\/\/soymigrante.com\/revista\/wp-content\/uploads\/2024\/11\/Gerzon-Giron.webp 1440w, https:\/\/soymigrante.com\/revista\/wp-content\/uploads\/2024\/11\/Gerzon-Giron-225x300.jpg 225w, https:\/\/soymigrante.com\/revista\/wp-content\/uploads\/2024\/11\/Gerzon-Giron-768x1024.jpg 768w, https:\/\/soymigrante.com\/revista\/wp-content\/uploads\/2024\/11\/Gerzon-Giron-1152x1536.jpg 1152w, https:\/\/soymigrante.com\/revista\/wp-content\/uploads\/2024\/11\/Gerzon-Giron-750x1000.webp 750w, https:\/\/soymigrante.com\/revista\/wp-content\/uploads\/2024\/11\/Gerzon-Giron-1140x1520.webp 1140w\" sizes=\"(max-width: 1440px) 100vw, 1440px\" \/>\t\t\t\t\t\t<\/div>\n\t\t\t\t\t\n\t\t\t\t\t\t\t\t\t\t<div class=\"elementor-testimonial-details\">\n\t\t\t\t\t\t\t\t\t\t\t\t\t\t<div class=\"elementor-testimonial-name\">Gerzon Gir\u00f3n<\/div>\n\t\t\t\t\t\t\t\t\t\t\t\t\t\t\t\t\t\t\t\t\t\t<div class=\"elementor-testimonial-job\">Actor y presentador guatemalteco en Los Angeles.<\/div>\n\t\t\t\t\t\t\t\t\t\t\t\t\t<\/div>\n\t\t\t\t\t\t\t\t\t<\/div>\n\t\t\t<\/div>\n\t\t\t\t\t<\/div>\n\t\t\t\t\t\t<\/div>\n\t\t\t\t\t<\/div>\n\t\t\t\t<\/div>\n\t\t<div data-particle_enable=\"false\" data-particle-mobile-disabled=\"false\" class=\"elementor-element elementor-element-9c33eeb e-flex e-con-boxed e-con e-parent\" data-id=\"9c33eeb\" data-element_type=\"container\" data-e-type=\"container\">\n\t\t\t\t\t<div class=\"e-con-inner\">\n\t\t\t\t<div class=\"elementor-element elementor-element-2c82557 elementor-widget elementor-widget-heading\" data-id=\"2c82557\" data-element_type=\"widget\" data-e-type=\"widget\" data-widget_type=\"heading.default\">\n\t\t\t\t\t<h3 class=\"elementor-heading-title elementor-size-default\">El llamado de las artes esc\u00e9nicas<\/h3>\t\t\t\t<\/div>\n\t\t\t\t\t<\/div>\n\t\t\t\t<\/div>\n\t\t<div data-particle_enable=\"false\" data-particle-mobile-disabled=\"false\" class=\"elementor-element elementor-element-2b26b41 e-flex e-con-boxed e-con e-parent\" data-id=\"2b26b41\" data-element_type=\"container\" data-e-type=\"container\">\n\t\t\t\t\t<div class=\"e-con-inner\">\n\t\t\t\t<div class=\"elementor-element elementor-element-8c2c602 elementor-widget elementor-widget-text-editor\" data-id=\"8c2c602\" data-element_type=\"widget\" data-e-type=\"widget\" data-widget_type=\"text-editor.default\">\n\t\t\t\t\t\t\t\t\t<p>El amor por las artes, especialmente el teatro, fue un descubrimiento transformador para Gerzon. En 2018, enfrent\u00f3 una decisi\u00f3n dif\u00edcil: pagar la renta o inscribirse en unas clases de actuaci\u00f3n. Eligi\u00f3 apostar por su sue\u00f1o. As\u00ed comenz\u00f3 su formaci\u00f3n en lugares como Riverside Culture, donde conoci\u00f3 a maestros como An\u00edbal Silveyra y Juanito Velazco.<\/p><p>Esa decisi\u00f3n lo llev\u00f3 a participar en obras como El Fantasma de la \u00d3pera, Loco por ti y Evita. M\u00e1s adelante, su talento y determinaci\u00f3n lo llevaron a obtener un papel como extra en la pel\u00edcula Proyecto G\u00e9minis, junto a Will Smith, grabada en Universal Studios.<\/p><p>Este logro marc\u00f3 un antes y un despu\u00e9s en su carrera. Gerzon empez\u00f3 a recibir invitaciones para compartir su experiencia, llegando incluso a ser conductor en programas de radio. Para \u00e9l, cada paso ha sido una lecci\u00f3n sobre amor propio y autenticidad: \u201cCada defecto no es defecto, sino una cualidad \u00fanica que todos tenemos\u201d.<\/p><p>Su carrera tambi\u00e9n lo llev\u00f3 a escenarios emblem\u00e1ticos como el Concert Hall, Disneyland, y el Dolby Theatre donde se entregan los premios \u00d3scar. Adem\u00e1s, ha trabajado en musicales y eventos de M\u00e9xico, donde ha sido pionero como guatemalteco en colaborar con artistas mexicanos<\/p>\t\t\t\t\t\t\t\t<\/div>\n\t\t\t\t\t<\/div>\n\t\t\t\t<\/div>\n\t\t<div data-particle_enable=\"false\" data-particle-mobile-disabled=\"false\" class=\"elementor-element elementor-element-52de639 e-flex e-con-boxed e-con e-parent\" data-id=\"52de639\" data-element_type=\"container\" data-e-type=\"container\">\n\t\t\t\t\t<div class=\"e-con-inner\">\n\t\t\t\t<div class=\"elementor-element elementor-element-e4c52a7 elementor-arrows-position-inside elementor-pagination-position-outside elementor-widget elementor-widget-image-carousel\" data-id=\"e4c52a7\" data-element_type=\"widget\" data-e-type=\"widget\" data-settings=\"{&quot;slides_to_show&quot;:&quot;1&quot;,&quot;navigation&quot;:&quot;both&quot;,&quot;autoplay&quot;:&quot;yes&quot;,&quot;pause_on_hover&quot;:&quot;yes&quot;,&quot;pause_on_interaction&quot;:&quot;yes&quot;,&quot;autoplay_speed&quot;:5000,&quot;infinite&quot;:&quot;yes&quot;,&quot;effect&quot;:&quot;slide&quot;,&quot;speed&quot;:500}\" data-widget_type=\"image-carousel.default\">\n\t\t\t\t\t\t\t<div class=\"elementor-image-carousel-wrapper swiper\" role=\"region\" aria-roledescription=\"carousel\" aria-label=\"Carrusel de im\u00e1genes\" dir=\"ltr\">\n\t\t\t<div class=\"elementor-image-carousel swiper-wrapper\" aria-live=\"off\">\n\t\t\t\t\t\t\t\t<div class=\"swiper-slide\" role=\"group\" aria-roledescription=\"slide\" aria-label=\"1 de 8\"><figure class=\"swiper-slide-inner\"><img decoding=\"async\" class=\"swiper-slide-image\" src=\"https:\/\/soymigrante.com\/revista\/wp-content\/uploads\/2024\/11\/Gerzon-Giron11-768x1024.jpg\" alt=\"Viviendo arte y cultura en SoyMigrante.com REVISTA, con estilos \u00fanicos de moda y expresiones culturales, en un entorno creativo y multicultural.\" \/><\/figure><\/div><div class=\"swiper-slide\" role=\"group\" aria-roledescription=\"slide\" aria-label=\"2 de 8\"><figure class=\"swiper-slide-inner\"><img decoding=\"async\" class=\"swiper-slide-image\" src=\"https:\/\/soymigrante.com\/revista\/wp-content\/uploads\/2024\/11\/Gerzon-Giron8-768x1024.jpg\" alt=\"Joven en Hollywood sign en Los \u00c1ngeles, Estados Unidos, con paisaje urbano y monta\u00f1as, promoviendo temas de migraci\u00f3n y cultura en la revista SoyMigrante.com REVISTA.\" \/><\/figure><\/div><div class=\"swiper-slide\" role=\"group\" aria-roledescription=\"slide\" aria-label=\"3 de 8\"><figure class=\"swiper-slide-inner\"><img decoding=\"async\" class=\"swiper-slide-image\" src=\"https:\/\/soymigrante.com\/revista\/wp-content\/uploads\/2024\/11\/Gerzon-Giron9-1024x876.jpg\" alt=\"Diversidad cultural y tradiciones mexicanas representadas en vestuarios y disfraces de celebraci\u00f3n, promoviendo cultura y migraci\u00f3n en la comunidad.\" \/><\/figure><\/div><div class=\"swiper-slide\" role=\"group\" aria-roledescription=\"slide\" aria-label=\"4 de 8\"><figure class=\"swiper-slide-inner\"><img decoding=\"async\" class=\"swiper-slide-image\" src=\"https:\/\/soymigrante.com\/revista\/wp-content\/uploads\/2024\/11\/Gerzon-Giron14.webp\" alt=\"SoyMigrante.com REVISTA, felicidad en evento cultural de migrantes en ciudad, celebraci\u00f3n de identidad y comunidad, fotograf\u00eda que refleja uni\u00f3n y diversidad en un entorno urbano nocturno.\" \/><\/figure><\/div><div class=\"swiper-slide\" role=\"group\" aria-roledescription=\"slide\" aria-label=\"5 de 8\"><figure class=\"swiper-slide-inner\"><img decoding=\"async\" class=\"swiper-slide-image\" src=\"https:\/\/soymigrante.com\/revista\/wp-content\/uploads\/2024\/11\/Gerzon-Giron15-768x1024.jpg\" alt=\"Personas en evento de revista SoyMigrante, espect\u00e1culo y cultura, moda en M\u00e9xico, revista digital SoyMigrante.com REVISTA.\" \/><\/figure><\/div><div class=\"swiper-slide\" role=\"group\" aria-roledescription=\"slide\" aria-label=\"6 de 8\"><figure class=\"swiper-slide-inner\"><img decoding=\"async\" class=\"swiper-slide-image\" src=\"https:\/\/soymigrante.com\/revista\/wp-content\/uploads\/2024\/11\/Gerzon-Giron12-768x1024.jpg\" alt=\"Disfrutando de la m\u00fasica en vivo en un evento cultural con ambiente festivo y p\u00fablico diverso.\" \/><\/figure><\/div><div class=\"swiper-slide\" role=\"group\" aria-roledescription=\"slide\" aria-label=\"7 de 8\"><figure class=\"swiper-slide-inner\"><img decoding=\"async\" class=\"swiper-slide-image\" src=\"https:\/\/soymigrante.com\/revista\/wp-content\/uploads\/2024\/11\/Gerzon-Giron5-768x1024.jpg\" alt=\"J\u00f3venes en celebraci\u00f3n con vestimenta tradicional mexicana en un evento cultural en un escenario al aire libre, promoviendo la cultura, la identidad y las expresiones art\u00edsticas de M\u00e9xico en el contexto de SoyMigrante.com REVISTA.\" \/><\/figure><\/div><div class=\"swiper-slide\" role=\"group\" aria-roledescription=\"slide\" aria-label=\"8 de 8\"><figure class=\"swiper-slide-inner\"><img decoding=\"async\" class=\"swiper-slide-image\" src=\"https:\/\/soymigrante.com\/revista\/wp-content\/uploads\/2024\/11\/Gerzon-Giron6-768x1024.jpg\" alt=\"Campe\u00f3n con camiseta naranja del equipo MUNI El Progreso, sonriendo y se\u00f1al\u00e1ndose con los dedos en un vestidor alegre y lleno de energ\u00eda.\" \/><\/figure><\/div>\t\t\t<\/div>\n\t\t\t\t\t\t\t\t\t\t\t\t<div class=\"elementor-swiper-button elementor-swiper-button-prev\" role=\"button\" tabindex=\"0\">\n\t\t\t\t\t\t<i aria-hidden=\"true\" class=\"eicon-chevron-left\"><\/i>\t\t\t\t\t<\/div>\n\t\t\t\t\t<div class=\"elementor-swiper-button elementor-swiper-button-next\" role=\"button\" tabindex=\"0\">\n\t\t\t\t\t\t<i aria-hidden=\"true\" class=\"eicon-chevron-right\"><\/i>\t\t\t\t\t<\/div>\n\t\t\t\t\n\t\t\t\t\t\t\t\t\t<div class=\"swiper-pagination\"><\/div>\n\t\t\t\t\t\t\t\t\t<\/div>\n\t\t\t\t\t\t<\/div>\n\t\t\t\t\t<\/div>\n\t\t\t\t<\/div>\n\t\t<div data-particle_enable=\"false\" data-particle-mobile-disabled=\"false\" class=\"elementor-element elementor-element-d58ab9b e-flex e-con-boxed e-con e-parent\" data-id=\"d58ab9b\" data-element_type=\"container\" data-e-type=\"container\">\n\t\t\t\t\t<div class=\"e-con-inner\">\n\t\t\t\t<div class=\"elementor-element elementor-element-39692d3 elementor-widget elementor-widget-heading\" data-id=\"39692d3\" data-element_type=\"widget\" data-e-type=\"widget\" data-widget_type=\"heading.default\">\n\t\t\t\t\t<h3 class=\"elementor-heading-title elementor-size-default\">La esencia de un so\u00f1ador perseverante<\/h3>\t\t\t\t<\/div>\n\t\t\t\t\t<\/div>\n\t\t\t\t<\/div>\n\t\t<div data-particle_enable=\"false\" data-particle-mobile-disabled=\"false\" class=\"elementor-element elementor-element-9987a0b e-flex e-con-boxed e-con e-parent\" data-id=\"9987a0b\" data-element_type=\"container\" data-e-type=\"container\">\n\t\t\t\t\t<div class=\"e-con-inner\">\n\t\t\t\t<div class=\"elementor-element elementor-element-4c895d3 elementor-widget elementor-widget-text-editor\" data-id=\"4c895d3\" data-element_type=\"widget\" data-e-type=\"widget\" data-widget_type=\"text-editor.default\">\n\t\t\t\t\t\t\t\t\t<p>A pesar de sus logros, Gerzon no olvida sus ra\u00edces. Disfruta regresar a Guatemala, compartir con su familia y saborear una granizada en las calles que lo vieron crecer. Reconoce que la fe, la perseverancia y el trabajo duro han sido sus pilares fundamentales.<\/p><p>En 2024 a\u00f1o, Gerzon Gir\u00f3n\u00a0<a style=\"text-align: var(--text-align);\" href=\"https:\/\/soymigrante.com\/revista\/tuve-que-buscar-un-mejor-futuro-amarilys-ortiz-lider-guatemalteca-que-migro-a-california-desde-hace-mas-de-tres-decadas\/\" target=\"_blank\" rel=\"noopener\">recibi\u00f3 el reconocimiento como chap\u00edn destacado en el D\u00eda de El Guatemalteco que se celebr\u00f3 en Los Angeles, California.<\/a><\/p><p>Uno de sus mayores sue\u00f1os es colaborar con el cineasta guatemalteco Jayro Bustamante, a quien admira por posicionar al cine guatemalteco en el panorama mundial. Gerzon Gir\u00f3n es un ejemplo de c\u00f3mo convertir las adversidades en oportunidades, demostrando que,\u00a0<a style=\"text-align: var(--text-align);\" href=\"https:\/\/soymigrante.com\/revista\/es-un-honor-ser-guatemalteco-rudy-perez-subjefe-de-policia-en-minneapolis-minnesota\/\" target=\"_blank\" rel=\"noopener\">con esfuerzo y convicci\u00f3n, los sue\u00f1os pueden hacerse realidad.<\/a><\/p><p>&#8220;Las malas circunstancias las convert\u00ed en oportunidades&#8221;, es lo que vitaliza a Gerzon Gir\u00f3n continuar en el mundo de la actuaci\u00f3n y conducci\u00f3n para construir su camino hacia Hollywood.<\/p>\t\t\t\t\t\t\t\t<\/div>\n\t\t\t\t\t<\/div>\n\t\t\t\t<\/div>\n\t\t<div data-particle_enable=\"false\" data-particle-mobile-disabled=\"false\" class=\"elementor-element elementor-element-871ba1d e-flex e-con-boxed e-con e-parent\" data-id=\"871ba1d\" data-element_type=\"container\" data-e-type=\"container\">\n\t\t\t\t\t<div class=\"e-con-inner\">\n\t\t\t\t<div class=\"elementor-element elementor-element-2c10b47 elementor-widget elementor-widget-image\" data-id=\"2c10b47\" data-element_type=\"widget\" data-e-type=\"widget\" data-widget_type=\"image.default\">\n\t\t\t\t\t\t\t\t\t\t\t\t<figure class=\"wp-caption\">\n\t\t\t\t\t\t\t\t\t\t<img decoding=\"async\" width=\"1024\" height=\"721\" src=\"https:\/\/soymigrante.com\/revista\/wp-content\/uploads\/2024\/11\/Gerzon-Giron2-1024x721.jpg\" class=\"attachment-large size-large wp-image-14085\" alt=\"Imagen de una persona con vestimenta colorida y accesorios llamativos, imitando a un cham\u00e1n o personaje cultural, mientras interact\u00faa con una mujer que lo observa curiosa, en un entorno interior.\" srcset=\"https:\/\/soymigrante.com\/revista\/wp-content\/uploads\/2024\/11\/Gerzon-Giron2-1024x721.jpg 1024w, https:\/\/soymigrante.com\/revista\/wp-content\/uploads\/2024\/11\/Gerzon-Giron2-300x211.jpg 300w, https:\/\/soymigrante.com\/revista\/wp-content\/uploads\/2024\/11\/Gerzon-Giron2-768x540.jpg 768w, https:\/\/soymigrante.com\/revista\/wp-content\/uploads\/2024\/11\/Gerzon-Giron2-1536x1081.jpg 1536w, https:\/\/soymigrante.com\/revista\/wp-content\/uploads\/2024\/11\/Gerzon-Giron2-750x528.webp 750w, https:\/\/soymigrante.com\/revista\/wp-content\/uploads\/2024\/11\/Gerzon-Giron2-1140x802.webp 1140w, https:\/\/soymigrante.com\/revista\/wp-content\/uploads\/2024\/11\/Gerzon-Giron2.webp 1920w\" sizes=\"(max-width: 1024px) 100vw, 1024px\" title=\"Gerzon Gir\u00f3n2 \u2013 SoyMigrante.com REVISTA\" \/>\t\t\t\t\t\t\t\t\t\t\t<figcaption class=\"widget-image-caption wp-caption-text\">Celebraci\u00f3n cultural y diversidad en la comunidad migrante, reflejando tradiciones y expresiones art\u00edsticas en la revista SoyMigrante.com.<\/figcaption>\n\t\t\t\t\t\t\t\t\t\t<\/figure>\n\t\t\t\t\t\t\t\t\t<\/div>\n\t\t\t\t\t<\/div>\n\t\t\t\t<\/div>\n\t\t<div data-particle_enable=\"false\" data-particle-mobile-disabled=\"false\" class=\"elementor-element elementor-element-cd188a0 e-flex e-con-boxed e-con e-parent\" data-id=\"cd188a0\" data-element_type=\"container\" data-e-type=\"container\">\n\t\t\t\t\t<div class=\"e-con-inner\">\n\t\t\t\t<div class=\"elementor-element elementor-element-df2eb93 elementor-widget elementor-widget-heading\" data-id=\"df2eb93\" data-element_type=\"widget\" data-e-type=\"widget\" data-widget_type=\"heading.default\">\n\t\t\t\t\t<h3 class=\"elementor-heading-title elementor-size-default\">Librarse de cualquier etiqueta negativa<\/h3>\t\t\t\t<\/div>\n\t\t\t\t\t<\/div>\n\t\t\t\t<\/div>\n\t\t<div data-particle_enable=\"false\" data-particle-mobile-disabled=\"false\" class=\"elementor-element elementor-element-ca79d01 e-flex e-con-boxed e-con e-parent\" data-id=\"ca79d01\" data-element_type=\"container\" data-e-type=\"container\">\n\t\t\t\t\t<div class=\"e-con-inner\">\n\t\t\t\t<div class=\"elementor-element elementor-element-654775b elementor-widget elementor-widget-text-editor\" data-id=\"654775b\" data-element_type=\"widget\" data-e-type=\"widget\" data-widget_type=\"text-editor.default\">\n\t\t\t\t\t\t\t\t\t<p><span style=\"color: #7a7a7a;\">\u201cEs bonito trabajar en grupo\u2026 pero al final t\u00fa eres el mejor equipo\u201d, expresa en su nueva faceta de generador de contenido.\u00a0<\/span>La frase resume una experiencia marcada por la migraci\u00f3n: la de sostenerse a uno mismo cuando no hay nadie m\u00e1s. \u201cNadie m\u00e1s va a venir a rescatarte. O te quedas ah\u00ed o esa situaci\u00f3n te eleva\u201d.<\/p><p>De esa experiencia nace su proyecto m\u00e1s reciente. En Gerzon Sin Etiquetas, la silla vac\u00eda frente al micr\u00f3fono no es casual: es una invitaci\u00f3n. No es su primer podcast, pues antes particip\u00f3 en uno llamado Mundo Versal.<\/p><p>Gir\u00f3n sabe que muchas personas no cuentan sus historias por miedo. \u00c9l mismo lo vivi\u00f3. Por eso su propuesta es clara:\u00a0<em>\u201cVamos a ir quitando todas esas etiquetas que nosotros mismos nos ponemos\u2026 hasta descubrir qui\u00e9n eres t\u00fa en realidad\u201d.<\/em><\/p>\t\t\t\t\t\t\t\t<\/div>\n\t\t\t\t\t<\/div>\n\t\t\t\t<\/div>\n\t\t<div data-particle_enable=\"false\" data-particle-mobile-disabled=\"false\" class=\"elementor-element elementor-element-29bf4dc e-flex e-con-boxed e-con e-parent\" data-id=\"29bf4dc\" data-element_type=\"container\" data-e-type=\"container\">\n\t\t\t\t\t<div class=\"e-con-inner\">\n\t\t\t\t<div class=\"elementor-element elementor-element-4288bfe elementor-widget elementor-widget-html\" data-id=\"4288bfe\" data-element_type=\"widget\" data-e-type=\"widget\" data-widget_type=\"html.default\">\n\t\t\t\t\t<iframe width=\"560\" height=\"315\" src=\"https:\/\/www.youtube.com\/embed\/XswDTA9ymWA?si=BFmCpyEFBNei2SJI\" title=\"YouTube video player\" frameborder=\"0\" allow=\"accelerometer; autoplay; clipboard-write; encrypted-media; gyroscope; picture-in-picture; web-share\" referrerpolicy=\"strict-origin-when-cross-origin\" allowfullscreen><\/iframe>\t\t\t\t<\/div>\n\t\t\t\t\t<\/div>\n\t\t\t\t<\/div>\n\t\t<div data-particle_enable=\"false\" data-particle-mobile-disabled=\"false\" class=\"elementor-element elementor-element-2c8e688 e-flex e-con-boxed e-con e-parent\" data-id=\"2c8e688\" data-element_type=\"container\" data-e-type=\"container\">\n\t\t\t\t\t<div class=\"e-con-inner\">\n\t\t\t\t<div class=\"elementor-element elementor-element-32d3511 elementor-widget elementor-widget-heading\" data-id=\"32d3511\" data-element_type=\"widget\" data-e-type=\"widget\" data-widget_type=\"heading.default\">\n\t\t\t\t\t<h2 class=\"elementor-heading-title elementor-size-default\">Historias de \u00e9xito que inspiran<\/h2>\t\t\t\t<\/div>\n\t\t\t\t\t<\/div>\n\t\t\t\t<\/div>\n\t\t<div data-particle_enable=\"false\" data-particle-mobile-disabled=\"false\" class=\"elementor-element elementor-element-7b28a5b e-flex e-con-boxed e-con e-parent\" data-id=\"7b28a5b\" data-element_type=\"container\" data-e-type=\"container\">\n\t\t\t\t\t<div class=\"e-con-inner\">\n\t\t\t\t<div class=\"elementor-element elementor-element-f4e75e3 elementor-grid-eael-col-3 elementor-grid-tablet-eael-col-2 elementor-grid-mobile-eael-col-1 elementor-widget elementor-widget-eael-post-grid\" data-id=\"f4e75e3\" data-element_type=\"widget\" data-e-type=\"widget\" data-settings=\"{&quot;eael_post_grid_columns&quot;:&quot;eael-col-3&quot;,&quot;eael_post_grid_columns_tablet&quot;:&quot;eael-col-2&quot;,&quot;eael_post_grid_columns_mobile&quot;:&quot;eael-col-1&quot;}\" data-widget_type=\"eael-post-grid.default\">\n\t\t\t\t\t<div id=\"eael-post-grid-f4e75e3\" class=\"eael-post-grid-container\">\n            <div class=\"eael-post-grid eael-post-appender eael-post-appender-f4e75e3 eael-post-grid-style-one\" data-layout-mode=\"masonry\"><article class=\"eael-grid-post  eael-post-grid-column eael-pg-post-10116 category-exitos\" data-id=\"10116\">\n        <div class=\"eael-grid-post-holder\">\n            <div class=\"eael-grid-post-holder-inner\"><div class=\"eael-entry-media\"><div class=\"eael-entry-overlay fade-in\"><i class=\"far fa-hand-pointer\" aria-hidden=\"true\"><\/i><a href=\"https:\/\/soymigrante.com\/revista\/de-monjas-a-stamford-connecticut-maria-sandoval-preside-el-grupo-quetzal\/\"><\/a><\/div><div class=\"eael-entry-thumbnail \">\n                <img loading=\"lazy\" decoding=\"async\" width=\"1024\" height=\"1024\" src=\"https:\/\/soymigrante.com\/revista\/wp-content\/uploads\/2024\/10\/Maria-Sandoval-Grupo-Quetzal-soy-migrante-1-1024x1024.webp\" class=\"attachment-large size-large wp-image-10135\" alt=\"Colaboradora con traje tradicional mexicano durante celebraci\u00f3n cultural con \u00e1rboles de fondo en la revista SoyMigrante.com REVISTA.\" srcset=\"https:\/\/soymigrante.com\/revista\/wp-content\/uploads\/2024\/10\/Maria-Sandoval-Grupo-Quetzal-soy-migrante-1-1024x1024.webp 1024w, https:\/\/soymigrante.com\/revista\/wp-content\/uploads\/2024\/10\/Maria-Sandoval-Grupo-Quetzal-soy-migrante-1-300x300.webp 300w, https:\/\/soymigrante.com\/revista\/wp-content\/uploads\/2024\/10\/Maria-Sandoval-Grupo-Quetzal-soy-migrante-1-150x150.webp 150w, https:\/\/soymigrante.com\/revista\/wp-content\/uploads\/2024\/10\/Maria-Sandoval-Grupo-Quetzal-soy-migrante-1-768x768.webp 768w, https:\/\/soymigrante.com\/revista\/wp-content\/uploads\/2024\/10\/Maria-Sandoval-Grupo-Quetzal-soy-migrante-1-75x75.webp 75w, https:\/\/soymigrante.com\/revista\/wp-content\/uploads\/2024\/10\/Maria-Sandoval-Grupo-Quetzal-soy-migrante-1-750x750.webp 750w, https:\/\/soymigrante.com\/revista\/wp-content\/uploads\/2024\/10\/Maria-Sandoval-Grupo-Quetzal-soy-migrante-1-1140x1140.webp 1140w, https:\/\/soymigrante.com\/revista\/wp-content\/uploads\/2024\/10\/Maria-Sandoval-Grupo-Quetzal-soy-migrante-1.webp 1514w\" sizes=\"(max-width: 1024px) 100vw, 1024px\" \/>\n            <\/div>\n        <\/div><div class=\"eael-entry-wrapper\"><header class=\"eael-entry-header\"><h2 class=\"eael-entry-title\"><a class=\"eael-grid-post-link\" href=\"https:\/\/soymigrante.com\/revista\/de-monjas-a-stamford-connecticut-maria-sandoval-preside-el-grupo-quetzal\/\" title=\"De Monjas a Stamford, Connecticut: Mar\u00eda Sandoval preside el Grupo Quetzal\">De Monjas a Stamford, Connecticut: Mar\u00eda Sandoval preside el Grupo Quetzal<\/a><\/h2><\/header><div class=\"eael-entry-content\">\n                        <div class=\"eael-grid-post-excerpt\"><a href=\"https:\/\/soymigrante.com\/revista\/de-monjas-a-stamford-connecticut-maria-sandoval-preside-el-grupo-quetzal\/\" class=\"eael-post-elements-readmore-btn\">CONOCE SU HISTORIA <\/a><\/div>\n                    <\/div><\/div><\/div>\n        <\/div>\n    <\/article><article class=\"eael-grid-post  eael-post-grid-column eael-pg-post-10224 category-exitos\" data-id=\"10224\">\n        <div class=\"eael-grid-post-holder\">\n            <div class=\"eael-grid-post-holder-inner\"><div class=\"eael-entry-media\"><div class=\"eael-entry-overlay fade-in\"><i class=\"far fa-hand-pointer\" aria-hidden=\"true\"><\/i><a href=\"https:\/\/soymigrante.com\/revista\/tuve-que-buscar-un-mejor-futuro-amarilys-ortiz-lider-guatemalteca-que-migro-a-california-desde-hace-mas-de-tres-decadas\/\"><\/a><\/div><div class=\"eael-entry-thumbnail \">\n                <img loading=\"lazy\" decoding=\"async\" width=\"1024\" height=\"1024\" src=\"https:\/\/soymigrante.com\/revista\/wp-content\/uploads\/2024\/10\/Amaralys-Ortiz7-1-1024x1024.webp\" class=\"attachment-large size-large wp-image-10233\" alt=\"Bandera de Estados Unidos, bandera de California, bandera de Alemania, mujer sonriendo en evento cultural internacional, diversidad y comunidad global.\" srcset=\"https:\/\/soymigrante.com\/revista\/wp-content\/uploads\/2024\/10\/Amaralys-Ortiz7-1-1024x1024.webp 1024w, https:\/\/soymigrante.com\/revista\/wp-content\/uploads\/2024\/10\/Amaralys-Ortiz7-1-300x300.webp 300w, https:\/\/soymigrante.com\/revista\/wp-content\/uploads\/2024\/10\/Amaralys-Ortiz7-1-150x150.webp 150w, https:\/\/soymigrante.com\/revista\/wp-content\/uploads\/2024\/10\/Amaralys-Ortiz7-1-768x768.webp 768w, https:\/\/soymigrante.com\/revista\/wp-content\/uploads\/2024\/10\/Amaralys-Ortiz7-1-75x75.webp 75w, https:\/\/soymigrante.com\/revista\/wp-content\/uploads\/2024\/10\/Amaralys-Ortiz7-1-750x750.webp 750w, https:\/\/soymigrante.com\/revista\/wp-content\/uploads\/2024\/10\/Amaralys-Ortiz7-1-1140x1140.webp 1140w, https:\/\/soymigrante.com\/revista\/wp-content\/uploads\/2024\/10\/Amaralys-Ortiz7-1.webp 1235w\" sizes=\"(max-width: 1024px) 100vw, 1024px\" \/>\n            <\/div>\n        <\/div><div class=\"eael-entry-wrapper\"><header class=\"eael-entry-header\"><h2 class=\"eael-entry-title\"><a class=\"eael-grid-post-link\" href=\"https:\/\/soymigrante.com\/revista\/tuve-que-buscar-un-mejor-futuro-amarilys-ortiz-lider-guatemalteca-que-migro-a-california-desde-hace-mas-de-tres-decadas\/\" title=\"El camino de la l\u00edder migrante Amarilys Ortiz ha sido de servicio, dedicaci\u00f3n y amor a Guatemala\">El camino de la l\u00edder migrante Amarilys Ortiz ha sido de servicio, dedicaci\u00f3n y amor a Guatemala<\/a><\/h2><\/header><div class=\"eael-entry-content\">\n                        <div class=\"eael-grid-post-excerpt\"><a href=\"https:\/\/soymigrante.com\/revista\/tuve-que-buscar-un-mejor-futuro-amarilys-ortiz-lider-guatemalteca-que-migro-a-california-desde-hace-mas-de-tres-decadas\/\" class=\"eael-post-elements-readmore-btn\">CONOCE SU HISTORIA <\/a><\/div>\n                    <\/div><\/div><\/div>\n        <\/div>\n    <\/article><article class=\"eael-grid-post  eael-post-grid-column eael-pg-post-10027 category-exitos\" data-id=\"10027\">\n        <div class=\"eael-grid-post-holder\">\n            <div class=\"eael-grid-post-holder-inner\"><div class=\"eael-entry-media\"><div class=\"eael-entry-overlay fade-in\"><i class=\"far fa-hand-pointer\" aria-hidden=\"true\"><\/i><a href=\"https:\/\/soymigrante.com\/revista\/es-un-honor-ser-guatemalteco-rudy-perez-subjefe-de-policia-en-minneapolis-minnesota\/\"><\/a><\/div><div class=\"eael-entry-thumbnail \">\n                <img loading=\"lazy\" decoding=\"async\" width=\"1024\" height=\"1024\" src=\"https:\/\/soymigrante.com\/revista\/wp-content\/uploads\/2024\/10\/Rudy-Perez-subjefe-policial-guatemalteco-americano-1-1024x1024.webp\" class=\"attachment-large size-large wp-image-10094\" alt=\"Polic\u00eda de tr\u00e1nsito en uniforme, sonriendo, en un parque con edificio hist\u00f3rico al fondo, representando autoridad y seguridad ciudadana en un entorno urbano.\" srcset=\"https:\/\/soymigrante.com\/revista\/wp-content\/uploads\/2024\/10\/Rudy-Perez-subjefe-policial-guatemalteco-americano-1-1024x1024.webp 1024w, https:\/\/soymigrante.com\/revista\/wp-content\/uploads\/2024\/10\/Rudy-Perez-subjefe-policial-guatemalteco-americano-1-300x300.webp 300w, https:\/\/soymigrante.com\/revista\/wp-content\/uploads\/2024\/10\/Rudy-Perez-subjefe-policial-guatemalteco-americano-1-150x150.webp 150w, https:\/\/soymigrante.com\/revista\/wp-content\/uploads\/2024\/10\/Rudy-Perez-subjefe-policial-guatemalteco-americano-1-768x768.webp 768w, https:\/\/soymigrante.com\/revista\/wp-content\/uploads\/2024\/10\/Rudy-Perez-subjefe-policial-guatemalteco-americano-1-75x75.webp 75w, https:\/\/soymigrante.com\/revista\/wp-content\/uploads\/2024\/10\/Rudy-Perez-subjefe-policial-guatemalteco-americano-1-750x750.webp 750w, https:\/\/soymigrante.com\/revista\/wp-content\/uploads\/2024\/10\/Rudy-Perez-subjefe-policial-guatemalteco-americano-1.webp 1206w\" sizes=\"(max-width: 1024px) 100vw, 1024px\" \/>\n            <\/div>\n        <\/div><div class=\"eael-entry-wrapper\"><header class=\"eael-entry-header\"><h2 class=\"eael-entry-title\"><a class=\"eael-grid-post-link\" href=\"https:\/\/soymigrante.com\/revista\/es-un-honor-ser-guatemalteco-rudy-perez-subjefe-de-policia-en-minneapolis-minnesota\/\" title=\"\u201cEs un honor ser guatemalteco\u201d: Rudy P\u00e9rez, subjefe de polic\u00eda en Minneapolis, Minnesota.\">\u201cEs un honor ser guatemalteco\u201d: Rudy P\u00e9rez, subjefe de polic\u00eda en Minneapolis, Minnesota.<\/a><\/h2><\/header><div class=\"eael-entry-content\">\n                        <div class=\"eael-grid-post-excerpt\"><a href=\"https:\/\/soymigrante.com\/revista\/es-un-honor-ser-guatemalteco-rudy-perez-subjefe-de-policia-en-minneapolis-minnesota\/\" class=\"eael-post-elements-readmore-btn\">CONOCE SU HISTORIA <\/a><\/div>\n                    <\/div><\/div><\/div>\n        <\/div>\n    <\/article><\/div>\n            <div class=\"clearfix\"><\/div>\n        <\/div>\t\t\t\t<\/div>\n\t\t\t\t\t<\/div>\n\t\t\t\t<\/div>\n\t\t\t\t<\/div>\n\t\t","protected":false},"excerpt":{"rendered":"<p>Gerzon Gir\u00f3n naci\u00f3 en Progreso, Jutiapa, Guatemala, y desde peque\u00f1o mostr\u00f3 una mezcla de sue\u00f1os y resiliencia que lo acompa\u00f1a siempre. toda su vida. Ha sido actor de teatro y cine; en enero 2026 lanz\u00f3 su podcast Sin Etiquetas. Actor de teatro, trabajador migrante, vendedor de ganchos en su infancia y ahora creador de un [&hellip;]<\/p>\n","protected":false},"author":1,"featured_media":14095,"comment_status":"open","ping_status":"open","sticky":false,"template":"","format":"standard","meta":{"_acf_changed":false,"_eb_attr":"","footnotes":""},"categories":[50],"tags":[],"class_list":["post-14027","post","type-post","status-publish","format-standard","has-post-thumbnail","hentry","category-exitos"],"acf":[],"aioseo_notices":[],"aioseo_head":"\n\t\t<!-- All in One SEO Pro 4.9.6.2 - aioseo.com -->\n\t<meta name=\"description\" content=\"Rudy P\u00e9rez es hijo, esposo, padre y subjefe en el Departamento de la Polic\u00eda Golden Valley en Minneapolis, Minessota, EE.UU. pero nunca se olvida de Guatemala.\" \/>\n\t<meta name=\"robots\" content=\"max-snippet:-1, max-image-preview:large, max-video-preview:-1\" \/>\n\t<meta name=\"author\" content=\"Beatriz Tercero\"\/>\n\t<link rel=\"canonical\" href=\"https:\/\/soymigrante.com\/revista\/es-un-honor-ser-guatemalteco-rudy-perez-subjefe-de-policia-en-minneapolis-minnesota\/\" \/>\n\t<meta name=\"generator\" content=\"All in One SEO Pro (AIOSEO) 4.9.6.2\" \/>\n\n\t\t<link rel=\"preconnect\" href=\"https:\/\/fonts.googleapis.com\" crossorigin>\n<link rel=\"preconnect\" href=\"https:\/\/fonts.gstatic.com\" crossorigin>\n\t\t<meta property=\"og:locale\" content=\"es_ES\" \/>\n\t\t<meta property=\"og:site_name\" content=\"SoyMigrante.com REVISTA \u2013 Nuestra misi\u00f3n es reconocer y dignificar al migrante.\" \/>\n\t\t<meta property=\"og:type\" content=\"article\" \/>\n\t\t<meta property=\"og:title\" content=\"Rudy P\u00e9rez, un subjefe policial en Minnesota, Estados Unidos\" \/>\n\t\t<meta property=\"og:description\" content=\"Rudy P\u00e9rez es hijo, esposo, padre y subjefe en el Departamento de la Polic\u00eda Golden Valley en Minneapolis, Minessota, EE.UU. pero nunca se olvida de Guatemala.\" \/>\n\t\t<meta property=\"og:url\" content=\"https:\/\/soymigrante.com\/revista\/es-un-honor-ser-guatemalteco-rudy-perez-subjefe-de-policia-en-minneapolis-minnesota\/\" \/>\n\t\t<meta property=\"og:image\" content=\"https:\/\/soymigrante.com\/revista\/wp-content\/uploads\/2024\/10\/Rudy-Perez-subjefe-policial-guatemalteco-americano-1.webp\" \/>\n\t\t<meta property=\"og:image:secure_url\" content=\"https:\/\/soymigrante.com\/revista\/wp-content\/uploads\/2024\/10\/Rudy-Perez-subjefe-policial-guatemalteco-americano-1.webp\" \/>\n\t\t<meta property=\"og:image:width\" content=\"1206\" \/>\n\t\t<meta property=\"og:image:height\" content=\"1206\" \/>\n\t\t<meta property=\"article:published_time\" content=\"2024-10-07T13:00:00+00:00\" \/>\n\t\t<meta property=\"article:modified_time\" content=\"2024-10-07T16:51:33+00:00\" \/>\n\t\t<meta property=\"article:publisher\" content=\"https:\/\/www.facebook.com\/soymigrantecom\" \/>\n\t\t<meta name=\"twitter:card\" content=\"summary_large_image\" \/>\n\t\t<meta name=\"twitter:site\" content=\"@SoyMigrante_com\" \/>\n\t\t<meta name=\"twitter:title\" content=\"Rudy P\u00e9rez, un subjefe policial en Minnesota, Estados Unidos\" \/>\n\t\t<meta name=\"twitter:description\" content=\"Rudy P\u00e9rez es hijo, esposo, padre y subjefe en el Departamento de la Polic\u00eda Golden Valley en Minneapolis, Minessota, EE.UU. pero nunca se olvida de Guatemala.\" \/>\n\t\t<meta name=\"twitter:creator\" content=\"@SoyMigrante_com\" \/>\n\t\t<meta name=\"twitter:image\" content=\"https:\/\/soymigrante.com\/revista\/wp-content\/uploads\/2024\/10\/Rudy-Perez-subjefe-policial-guatemalteco-americano-1.webp\" \/>\n\t\t<!-- All in One SEO Pro -->\r\n\t\t<title>Rudy P\u00e9rez, un subjefe policial en Minnesota, Estados Unidos<\/title>\n\n","aioseo_head_json":{"title":"Rudy P\u00e9rez, un subjefe policial en Minnesota, Estados Unidos","description":"Rudy P\u00e9rez es hijo, esposo, padre y subjefe en el Departamento de la Polic\u00eda Golden Valley en Minneapolis, Minessota, EE.UU. pero nunca se olvida de Guatemala.","canonical_url":"https:\/\/soymigrante.com\/revista\/es-un-honor-ser-guatemalteco-rudy-perez-subjefe-de-policia-en-minneapolis-minnesota\/","robots":"max-snippet:-1, max-image-preview:large, max-video-preview:-1","keywords":"","webmasterTools":{"miscellaneous":"&lt;link rel=\"preconnect\" href=\"https:\/\/fonts.googleapis.com\" crossorigin&gt;\n&lt;link rel=\"preconnect\" href=\"https:\/\/fonts.gstatic.com\" crossorigin&gt;"},"schema":null,"og:locale":"es_ES","og:site_name":"SoyMigrante.com REVISTA \u2013 Nuestra misi\u00f3n es reconocer y dignificar al migrante.","og:type":"article","og:title":"Rudy P\u00e9rez, un subjefe policial en Minnesota, Estados Unidos","og:description":"Rudy P\u00e9rez es hijo, esposo, padre y subjefe en el Departamento de la Polic\u00eda Golden Valley en Minneapolis, Minessota, EE.UU. pero nunca se olvida de Guatemala.","og:url":"https:\/\/soymigrante.com\/revista\/es-un-honor-ser-guatemalteco-rudy-perez-subjefe-de-policia-en-minneapolis-minnesota\/","og:image":"https:\/\/soymigrante.com\/revista\/wp-content\/uploads\/2024\/10\/Rudy-Perez-subjefe-policial-guatemalteco-americano-1.webp","og:image:secure_url":"https:\/\/soymigrante.com\/revista\/wp-content\/uploads\/2024\/10\/Rudy-Perez-subjefe-policial-guatemalteco-americano-1.webp","og:image:width":1206,"og:image:height":1206,"article:published_time":"2024-10-07T13:00:00+00:00","article:modified_time":"2024-10-07T16:51:33+00:00","article:publisher":"https:\/\/www.facebook.com\/soymigrantecom","twitter:card":"summary_large_image","twitter:site":"@SoyMigrante_com","twitter:title":"Rudy P\u00e9rez, un subjefe policial en Minnesota, Estados Unidos","twitter:description":"Rudy P\u00e9rez es hijo, esposo, padre y subjefe en el Departamento de la Polic\u00eda Golden Valley en Minneapolis, Minessota, EE.UU. pero nunca se olvida de Guatemala.","twitter:creator":"@SoyMigrante_com","twitter:image":"https:\/\/soymigrante.com\/revista\/wp-content\/uploads\/2024\/10\/Rudy-Perez-subjefe-policial-guatemalteco-americano-1.webp"},"aioseo_meta_data":{"post_id":"14027","title":"El actor guatemalteco Gerzon Gir\u00f3n torn\u00f3 obst\u00e1culos en sue\u00f1os","description":"Gerzon Gir\u00f3n naci\u00f3 en Jutiapa y desde ni\u00f1o tuvo la vivencia migrante. Ha actuado en teatro y cine; en enero 2026 el guatemalteco lanz\u00f3 su podcast Sin Etiquetas.","keywords":null,"keyphrases":{"focus":{"keyphrase":"guatemalteco","score":63,"analysis":{"keyphraseInTitle":{"score":9,"maxScore":9,"error":0},"keyphraseInDescription":{"score":9,"maxScore":9,"error":0},"keyphraseLength":{"score":9,"maxScore":9,"error":0,"length":1},"keyphraseInURL":{"score":1,"maxScore":5,"error":1},"keyphraseInIntroduction":{"score":3,"maxScore":9,"error":1},"keyphraseInSubHeadings":{"score":3,"maxScore":9,"error":1},"keyphraseInImageAlt":{"score":9,"maxScore":9,"error":0},"keywordDensity":{"score":0,"type":"low","maxScore":9,"error":1}}},"additional":[{"keyphrase":"Hollywood","score":53,"analysis":{"keyphraseInDescription":{"score":3,"maxScore":9,"error":1},"keyphraseLength":{"score":9,"maxScore":9,"error":0,"length":1},"keyphraseInIntroduction":{"score":3,"maxScore":9,"error":1},"keyphraseInImageAlt":{"score":9,"maxScore":9,"error":0},"keywordDensity":{"score":0,"type":"low","maxScore":9,"error":1}}},{"keyphrase":"Guatemala","score":60,"analysis":{"keyphraseInDescription":{"score":3,"maxScore":9,"error":1},"keyphraseLength":{"score":9,"maxScore":9,"error":0,"length":1},"keyphraseInIntroduction":{"score":3,"maxScore":9,"error":1},"keyphraseInImageAlt":{"score":3,"maxScore":9,"error":1},"keywordDensity":{"type":"best","score":9,"maxScore":9,"error":0}}},{"keyphrase":"actor","score":53,"analysis":{"keyphraseInDescription":{"score":3,"maxScore":9,"error":1},"keyphraseLength":{"score":9,"maxScore":9,"error":0,"length":1},"keyphraseInIntroduction":{"score":9,"maxScore":9,"error":0},"keyphraseInImageAlt":{"score":3,"maxScore":9,"error":1},"keywordDensity":{"score":0,"type":"low","maxScore":9,"error":1}}},{"keyphrase":"soy migrante","score":53,"analysis":{"keyphraseInDescription":{"score":3,"maxScore":9,"error":1},"keyphraseLength":{"score":9,"maxScore":9,"error":0,"length":2},"keyphraseInIntroduction":{"score":3,"maxScore":9,"error":1},"keyphraseInImageAlt":{"score":9,"maxScore":9,"error":0},"keywordDensity":{"score":0,"type":"low","maxScore":9,"error":1}}},{"keyphrase":"Historia","score":73,"analysis":{"keyphraseInDescription":{"score":3,"maxScore":9,"error":1},"keyphraseLength":{"score":9,"maxScore":9,"error":0,"length":1},"keyphraseInIntroduction":{"score":9,"maxScore":9,"error":0},"keyphraseInImageAlt":{"score":3,"maxScore":9,"error":1},"keywordDensity":{"type":"best","score":9,"maxScore":9,"error":0}}},{"keyphrase":"Migrante","score":80,"analysis":{"keyphraseInDescription":{"score":9,"maxScore":9,"error":0},"keyphraseLength":{"score":9,"maxScore":9,"error":0,"length":1},"keyphraseInIntroduction":{"score":9,"maxScore":9,"error":0},"keyphraseInImageAlt":{"score":9,"maxScore":9,"error":0},"keywordDensity":{"score":0,"type":"low","maxScore":9,"error":1}}}]},"primary_term":null,"canonical_url":null,"og_title":null,"og_description":null,"og_object_type":"default","og_image_type":"default","og_image_url":null,"og_image_width":null,"og_image_height":null,"og_image_custom_url":null,"og_image_custom_fields":null,"og_video":"","og_custom_url":null,"og_article_section":null,"og_article_tags":null,"twitter_use_og":false,"twitter_card":"default","twitter_image_type":"default","twitter_image_url":null,"twitter_image_custom_url":null,"twitter_image_custom_fields":null,"twitter_title":null,"twitter_description":null,"schema":{"blockGraphs":[],"customGraphs":[],"default":{"data":{"Article":[],"Course":[],"Dataset":[],"FAQPage":[],"Movie":[],"Person":[],"Product":[],"ProductReview":[],"Car":[],"Recipe":[],"Service":[],"SoftwareApplication":[],"WebPage":[]},"graphName":"NewsArticle","isEnabled":true},"graphs":[]},"schema_type":"default","schema_type_options":null,"pillar_content":false,"robots_default":true,"robots_noindex":false,"robots_noarchive":false,"robots_nosnippet":false,"robots_nofollow":false,"robots_noimageindex":false,"robots_noodp":false,"robots_notranslate":false,"robots_max_snippet":"-1","robots_max_videopreview":"-1","robots_max_imagepreview":"large","priority":null,"frequency":"default","local_seo":null,"seo_analyzer_scan_date":null,"breadcrumb_settings":null,"limit_modified_date":false,"reviewed_by":"0","open_ai":"{\"title\":{\"suggestions\":[],\"usage\":0},\"description\":{\"suggestions\":[],\"usage\":0}}","ai":{"faqs":[],"keyPoints":[],"titles":[],"descriptions":[],"socialPosts":{"email":[],"linkedin":[],"twitter":[],"facebook":[],"instagram":[]}},"created":"2024-11-22 12:07:48","updated":"2026-03-25 17:52:24"},"aioseo_breadcrumb":"<div class=\"aioseo-breadcrumbs\"><span class=\"aioseo-breadcrumb\">\n\t<a href=\"https:\/\/soymigrante.com\/revista\" title=\"Home\">Home<\/a>\n<\/span><span class=\"aioseo-breadcrumb-separator\">\u00bb<\/span><span class=\"aioseo-breadcrumb\">\n\t<a href=\"https:\/\/soymigrante.com\/revista\/category\/exitos\/\" title=\"\u00c9xitos\">\u00c9xitos<\/a>\n<\/span><span class=\"aioseo-breadcrumb-separator\">\u00bb<\/span><span class=\"aioseo-breadcrumb\">\n\tActor y conductor migrante guatemalteco Gerzon Gir\u00f3n transforma barreras en oportunidades en California\n<\/span><\/div>","aioseo_breadcrumb_json":[{"label":"Home","link":"https:\/\/soymigrante.com\/revista"},{"label":"\u00c9xitos","link":"https:\/\/soymigrante.com\/revista\/category\/exitos\/"},{"label":"Actor y conductor migrante guatemalteco Gerzon Gir\u00f3n transforma barreras en oportunidades en California","link":"https:\/\/soymigrante.com\/revista\/el-actor-y-conductor-gerzon-giron-ha-convertido-obstaculos-en-oportunidades-en-california\/"}],"_links":{"self":[{"href":"https:\/\/soymigrante.com\/revista\/wp-json\/wp\/v2\/posts\/14027","targetHints":{"allow":["GET"]}}],"collection":[{"href":"https:\/\/soymigrante.com\/revista\/wp-json\/wp\/v2\/posts"}],"about":[{"href":"https:\/\/soymigrante.com\/revista\/wp-json\/wp\/v2\/types\/post"}],"author":[{"embeddable":true,"href":"https:\/\/soymigrante.com\/revista\/wp-json\/wp\/v2\/users\/1"}],"replies":[{"embeddable":true,"href":"https:\/\/soymigrante.com\/revista\/wp-json\/wp\/v2\/comments?post=14027"}],"version-history":[{"count":10,"href":"https:\/\/soymigrante.com\/revista\/wp-json\/wp\/v2\/posts\/14027\/revisions"}],"predecessor-version":[{"id":54090,"href":"https:\/\/soymigrante.com\/revista\/wp-json\/wp\/v2\/posts\/14027\/revisions\/54090"}],"wp:featuredmedia":[{"embeddable":true,"href":"https:\/\/soymigrante.com\/revista\/wp-json\/wp\/v2\/media\/14095"}],"wp:attachment":[{"href":"https:\/\/soymigrante.com\/revista\/wp-json\/wp\/v2\/media?parent=14027"}],"wp:term":[{"taxonomy":"category","embeddable":true,"href":"https:\/\/soymigrante.com\/revista\/wp-json\/wp\/v2\/categories?post=14027"},{"taxonomy":"post_tag","embeddable":true,"href":"https:\/\/soymigrante.com\/revista\/wp-json\/wp\/v2\/tags?post=14027"}],"curies":[{"name":"wp","href":"https:\/\/api.w.org\/{rel}","templated":true}]}}