{"id":13878,"date":"2024-11-29T09:25:57","date_gmt":"2024-11-29T15:25:57","guid":{"rendered":"https:\/\/soymigrante.com\/revista\/?p=13878"},"modified":"2024-11-29T09:25:58","modified_gmt":"2024-11-29T15:25:58","slug":"torrons-cafe-y-chocolate-sabores-unicos-de-un-sueno-emprendedor","status":"publish","type":"post","link":"https:\/\/soymigrante.com\/revista\/torrons-cafe-y-chocolate-sabores-unicos-de-un-sueno-emprendedor\/","title":{"rendered":"Torrons Caf\u00e9 y Chocolate: sabores muy originales de un sue\u00f1o emprendedor"},"content":{"rendered":"\t\t<div data-elementor-type=\"wp-post\" data-elementor-id=\"13878\" class=\"elementor elementor-13878\" data-elementor-post-type=\"post\">\n\t\t\t\t<div data-particle_enable=\"false\" data-particle-mobile-disabled=\"false\" class=\"elementor-element elementor-element-ae7d1b2 e-flex e-con-boxed e-con e-parent\" data-id=\"ae7d1b2\" data-element_type=\"container\" data-e-type=\"container\">\n\t\t\t\t\t<div class=\"e-con-inner\">\n\t\t\t\t<div class=\"elementor-element elementor-element-a63b1f8 elementor-widget elementor-widget-heading\" data-id=\"a63b1f8\" data-element_type=\"widget\" data-e-type=\"widget\" data-widget_type=\"heading.default\">\n\t\t\t\t\t<h2 class=\"elementor-heading-title elementor-size-default\">Desde un caf\u00e9 con canela hasta un chocolate amargo con berries son algunas deliciosas opciones que Torrons Caf\u00e9 y Chocolate ofrece ahora desde SoyMigrante.com MERCADO, una experiencia de sabores \u00fanicos en Guatemala. Esta es su historia.<\/h2>\t\t\t\t<\/div>\n\t\t\t\t\t<\/div>\n\t\t\t\t<\/div>\n\t\t<div data-particle_enable=\"false\" data-particle-mobile-disabled=\"false\" class=\"elementor-element elementor-element-a065b2a e-flex e-con-boxed e-con e-parent\" data-id=\"a065b2a\" data-element_type=\"container\" data-e-type=\"container\">\n\t\t\t\t\t<div class=\"e-con-inner\">\n\t\t\t\t<div class=\"elementor-element elementor-element-890220f elementor-widget elementor-widget-text-editor\" data-id=\"890220f\" data-element_type=\"widget\" data-e-type=\"widget\" data-widget_type=\"text-editor.default\">\n\t\t\t\t\t\t\t\t\t<p>Torrons Caf\u00e9 y Chocolate combina la tradici\u00f3n guatemalteca con un toque innovador para ofrecer experiencias \u00fanicas en cada sorbo y bocado. Esta innovaci\u00f3n es liderada por el emprendedor guatemalteco Carlos Cardona y su socio chileno, quienes ponen al alcance de los guatemaltecos una selecci\u00f3n de caf\u00e9 y chocolate de alta calidad, destac\u00e1ndose por sabores ingeniosamente combinados.<\/p><p><a style=\"text-align: var(--text-align);\" href=\"https:\/\/soymigrante.com\/mercado\/marketplace\/seller\/profile\/Torronsguatemala\" target=\"_blank\" rel=\"noopener\">La tienda digital de Torrons Caf\u00e9 y Chocolate ya est\u00e1 abierta en SoyMigrante.com MERCADO<\/a>, la comunidad en l\u00ednea creada para que emprendedores y compradores guatemaltecos se encuentren: <a href=\"https:\/\/soymigrante.com\/mercado\/\">un proyecto activo, proactivo e innovador para peque\u00f1os negocios y creadores de productos elaborados a mano,<\/a> detr\u00e1s de las cuales siempre hay una historia.<\/p><p>El sue\u00f1o detr\u00e1s de Torrons comenz\u00f3 con el deseo de Carlos de ofrecer algo diferente al mercado, fusionando el caf\u00e9 de regiones ic\u00f3nicas como Huehuetenango y Santa Rosa con mezclas \u00fanicas. Con m\u00e1s de tres a\u00f1os de experiencia, su compromiso con la calidad y el detalle impulsa un negocio que no solo deleita paladares, sino que tambi\u00e9n proyecta el talento y la creatividad de emprendedores guatemaltecos.<\/p>\t\t\t\t\t\t\t\t<\/div>\n\t\t\t\t\t<\/div>\n\t\t\t\t<\/div>\n\t\t<div data-particle_enable=\"false\" data-particle-mobile-disabled=\"false\" class=\"elementor-element elementor-element-f5553c8 e-flex e-con-boxed e-con e-parent\" data-id=\"f5553c8\" data-element_type=\"container\" data-e-type=\"container\">\n\t\t\t\t\t<div class=\"e-con-inner\">\n\t\t\t\t<div class=\"elementor-element elementor-element-653d2a6 elementor-widget elementor-widget-image\" data-id=\"653d2a6\" data-element_type=\"widget\" data-e-type=\"widget\" data-widget_type=\"image.default\">\n\t\t\t\t\t\t\t\t\t\t\t\t\t\t\t\t<a href=\"https:\/\/soymigrante.com\/mercado\/marketplace\/seller\/profile\/Torronsguatemala\">\n\t\t\t\t\t\t\t<img fetchpriority=\"high\" decoding=\"async\" width=\"768\" height=\"368\" src=\"https:\/\/soymigrante.com\/revista\/wp-content\/uploads\/2024\/11\/turrons-1024x491.jpg\" class=\"attachment-large size-large wp-image-13892\" alt=\"Torrons guatemala, chocolate y cafe de calidad, productos artesanales y tradicionales, sabor aut\u00e9ntico, ideal para regalar o disfrutar en familia.\" srcset=\"https:\/\/soymigrante.com\/revista\/wp-content\/uploads\/2024\/11\/turrons-1024x491.jpg 1024w, https:\/\/soymigrante.com\/revista\/wp-content\/uploads\/2024\/11\/turrons-300x144.jpg 300w, https:\/\/soymigrante.com\/revista\/wp-content\/uploads\/2024\/11\/turrons-768x369.jpg 768w, https:\/\/soymigrante.com\/revista\/wp-content\/uploads\/2024\/11\/turrons-750x360.webp 750w, https:\/\/soymigrante.com\/revista\/wp-content\/uploads\/2024\/11\/turrons-1140x547.webp 1140w, https:\/\/soymigrante.com\/revista\/wp-content\/uploads\/2024\/11\/turrons.webp 1321w\" sizes=\"(max-width: 768px) 100vw, 768px\" title=\"turrons \u2013 SoyMigrante.com REVISTA\" \/>\t\t\t\t\t\t\t\t<\/a>\n\t\t\t\t\t\t\t\t\t\t\t\t\t\t\t<\/div>\n\t\t\t\t\t<\/div>\n\t\t\t\t<\/div>\n\t\t<div data-particle_enable=\"false\" data-particle-mobile-disabled=\"false\" class=\"elementor-element elementor-element-437a489 e-flex e-con-boxed e-con e-parent\" data-id=\"437a489\" data-element_type=\"container\" data-e-type=\"container\">\n\t\t\t\t\t<div class=\"e-con-inner\">\n\t\t\t\t<div class=\"elementor-element elementor-element-6952993 elementor-widget elementor-widget-heading\" data-id=\"6952993\" data-element_type=\"widget\" data-e-type=\"widget\" data-widget_type=\"heading.default\">\n\t\t\t\t\t<h3 class=\"elementor-heading-title elementor-size-default\">Un sue\u00f1o que naci\u00f3 a cientos de kil\u00f3metros\n<\/h3>\t\t\t\t<\/div>\n\t\t\t\t\t<\/div>\n\t\t\t\t<\/div>\n\t\t<div data-particle_enable=\"false\" data-particle-mobile-disabled=\"false\" class=\"elementor-element elementor-element-94dbb52 e-flex e-con-boxed e-con e-parent\" data-id=\"94dbb52\" data-element_type=\"container\" data-e-type=\"container\">\n\t\t\t\t\t<div class=\"e-con-inner\">\n\t\t\t\t<div class=\"elementor-element elementor-element-becfad4 elementor-widget elementor-widget-text-editor\" data-id=\"becfad4\" data-element_type=\"widget\" data-e-type=\"widget\" data-widget_type=\"text-editor.default\">\n\t\t\t\t\t\t\t\t\t<p>Carlos vivi\u00f3 durante ocho a\u00f1os en Chile donde buscaba comercializar bolsas con tejidos guatemaltecos sin embargo no obtuvo el impulso en el mercado que \u00e9l esperaba. En su estad\u00eda Carlos estaba convencido que deb\u00eda encontrar la forma de llevar al mercado un producto que generar las expectativas econ\u00f3micas que necesitaba.<\/p><p>\u201cEl mercado chileno es conservador y no era sostenible y necesitamos un producto que sostuviera el costo y surgi\u00f3 Torrons\u201d, comparte Carlos.<\/p>\t\t\t\t\t\t\t\t<\/div>\n\t\t\t\t\t<\/div>\n\t\t\t\t<\/div>\n\t\t<div data-particle_enable=\"false\" data-particle-mobile-disabled=\"false\" class=\"elementor-element elementor-element-63820a7 e-flex e-con-boxed e-con e-parent\" data-id=\"63820a7\" data-element_type=\"container\" data-e-type=\"container\">\n\t\t\t\t\t<div class=\"e-con-inner\">\n\t\t\t\t<div class=\"elementor-element elementor-element-7f941c6 elementor-invisible elementor-widget elementor-widget-facebook-embed\" data-id=\"7f941c6\" data-element_type=\"widget\" data-e-type=\"widget\" data-settings=\"{&quot;_animation&quot;:&quot;zoomInDown&quot;}\" data-widget_type=\"facebook-embed.default\">\n\t\t\t\t\t<div style=\"min-height: 1px\" class=\"elementor-facebook-widget fb-video\" data-href=\"https:\/\/www.facebook.com\/watch\/?ref=search&#038;v=499628615919008&#038;external_log_id=5bd3f3d0-62fc-4d92-8242-7f3afbe7fafa&#038;q=torrons\" data-show-text=\"false\" data-allowfullscreen=\"false\" data-autoplay=\"false\" data-show-captions=\"false\"><\/div>\t\t\t\t<\/div>\n\t\t\t\t\t<\/div>\n\t\t\t\t<\/div>\n\t\t<div data-particle_enable=\"false\" data-particle-mobile-disabled=\"false\" class=\"elementor-element elementor-element-5f616d1 e-flex e-con-boxed e-con e-parent\" data-id=\"5f616d1\" data-element_type=\"container\" data-e-type=\"container\">\n\t\t\t\t\t<div class=\"e-con-inner\">\n\t\t\t\t<div class=\"elementor-element elementor-element-46b2307 elementor-widget elementor-widget-heading\" data-id=\"46b2307\" data-element_type=\"widget\" data-e-type=\"widget\" data-widget_type=\"heading.default\">\n\t\t\t\t\t<h3 class=\"elementor-heading-title elementor-size-default\">Torrons Caf\u00e9 y Chocolate, una experiencia \u00fanica\n<\/h3>\t\t\t\t<\/div>\n\t\t\t\t\t<\/div>\n\t\t\t\t<\/div>\n\t\t<div data-particle_enable=\"false\" data-particle-mobile-disabled=\"false\" class=\"elementor-element elementor-element-15fc37f e-flex e-con-boxed e-con e-parent\" data-id=\"15fc37f\" data-element_type=\"container\" data-e-type=\"container\">\n\t\t\t\t\t<div class=\"e-con-inner\">\n\t\t\t\t<div class=\"elementor-element elementor-element-f6337ec elementor-widget elementor-widget-text-editor\" data-id=\"f6337ec\" data-element_type=\"widget\" data-e-type=\"widget\" data-widget_type=\"text-editor.default\">\n\t\t\t\t\t\t\t\t\t<p>\u201cTenemos productos por los que nos preocupamos para que sean distintivos. Nuestros productos son de muy alta calidad y buscamos que las mezclas sean muy caracter\u00edsticas\u201d, refiere Carlos.<\/p><p>Actualmente Torrons Caf\u00e9 y Chocolate busca expandir su producto en el pa\u00eds a trav\u00e9s de sabores que no encuentras en otras partes del pa\u00eds.<\/p><p>La propuesta de este emprendimiento es llevar a tu paladar la esencia del caf\u00e9 de tierras como Santa Rosa y Huehuetenango. Este producto ha sido expuesto en bazares y ahora que es parte de SoyMigrante.com MERCADO tanto el caf\u00e9 como chocolate pueden llegar a la puerta de tu casa de forma r\u00e1pida y segura.<\/p><p>Pero el caf\u00e9 que ofrece Torrons no es lo \u00fanico. Carlos y su socio tambi\u00e9n buscan proyectar un exquisito sabor en la mesa de las familias guatemaltecas con el chocolate que preparan. Existen dos presentaciones: chocolate con almendra y chocolate con sabor a berries.<\/p>\t\t\t\t\t\t\t\t<\/div>\n\t\t\t\t\t<\/div>\n\t\t\t\t<\/div>\n\t\t<div data-particle_enable=\"false\" data-particle-mobile-disabled=\"false\" class=\"elementor-element elementor-element-b0499a6 e-flex e-con-boxed e-con e-parent\" data-id=\"b0499a6\" data-element_type=\"container\" data-e-type=\"container\">\n\t\t\t\t\t<div class=\"e-con-inner\">\n\t\t\t\t<div class=\"elementor-element elementor-element-024c39b elementor-arrows-position-inside elementor-pagination-position-outside elementor-widget elementor-widget-image-carousel\" data-id=\"024c39b\" data-element_type=\"widget\" data-e-type=\"widget\" data-settings=\"{&quot;slides_to_show&quot;:&quot;1&quot;,&quot;navigation&quot;:&quot;both&quot;,&quot;autoplay&quot;:&quot;yes&quot;,&quot;pause_on_hover&quot;:&quot;yes&quot;,&quot;pause_on_interaction&quot;:&quot;yes&quot;,&quot;autoplay_speed&quot;:5000,&quot;infinite&quot;:&quot;yes&quot;,&quot;effect&quot;:&quot;slide&quot;,&quot;speed&quot;:500}\" data-widget_type=\"image-carousel.default\">\n\t\t\t\t\t\t\t<div class=\"elementor-image-carousel-wrapper swiper\" role=\"region\" aria-roledescription=\"carousel\" aria-label=\"Carrusel de im\u00e1genes\" dir=\"ltr\">\n\t\t\t<div class=\"elementor-image-carousel swiper-wrapper\" aria-live=\"off\">\n\t\t\t\t\t\t\t\t<div class=\"swiper-slide\" role=\"group\" aria-roledescription=\"slide\" aria-label=\"1 de 7\"><figure class=\"swiper-slide-inner\"><img decoding=\"async\" class=\"swiper-slide-image\" src=\"https:\/\/soymigrante.com\/revista\/wp-content\/uploads\/2024\/11\/Torrons-cafe-y-chocolate5.webp\" alt=\"Especia en semillas naturales de cardamomo para infusiones y aromatizantes, con beneficios digestivos y antioxidantes, ideal para mejorar la salud y potenciar sabores en diferentes preparaciones.\" \/><\/figure><\/div><div class=\"swiper-slide\" role=\"group\" aria-roledescription=\"slide\" aria-label=\"2 de 7\"><figure class=\"swiper-slide-inner\"><img decoding=\"async\" class=\"swiper-slide-image\" src=\"https:\/\/soymigrante.com\/revista\/wp-content\/uploads\/2024\/11\/Torrons-cafe-y-chocolate4.webp\" alt=\"Alimento natural de almendras, beneficios para la salud, prevenci\u00f3n de osteoporosis, control de colesterol LDL y diabetes, ideal para cuidar la salud y reducir peso, producto saludable para el bienestar.\" \/><\/figure><\/div><div class=\"swiper-slide\" role=\"group\" aria-roledescription=\"slide\" aria-label=\"3 de 7\"><figure class=\"swiper-slide-inner\"><img decoding=\"async\" class=\"swiper-slide-image\" src=\"https:\/\/soymigrante.com\/revista\/wp-content\/uploads\/2024\/11\/Torrons-cafe-y-chocolate3.webp\" alt=\"Caf\u00e9 tostado en paquete de 200g, ideal para fortalecer la salud cerebral y reducir riesgos de diabetes tipo II, con antioxidantes, nutritivo y delicioso.\" \/><\/figure><\/div><div class=\"swiper-slide\" role=\"group\" aria-roledescription=\"slide\" aria-label=\"4 de 7\"><figure class=\"swiper-slide-inner\"><img decoding=\"async\" class=\"swiper-slide-image\" src=\"https:\/\/soymigrante.com\/revista\/wp-content\/uploads\/2024\/11\/torrons-cafe-y-chocolate2.webp\" alt=\"Caf\u00e9 de canela en paquete ecol\u00f3gico, beneficios para la salud, control de la diabetes, ayuda a bajar peso, mejora la memoria y el estado de \u00e1nimo, protector del coraz\u00f3n y combate infecciones.\" \/><\/figure><\/div><div class=\"swiper-slide\" role=\"group\" aria-roledescription=\"slide\" aria-label=\"5 de 7\"><figure class=\"swiper-slide-inner\"><img decoding=\"async\" class=\"swiper-slide-image\" src=\"https:\/\/soymigrante.com\/revista\/wp-content\/uploads\/2024\/11\/torrons-cafe-y-chocolate.webp\" alt=\"Cacao en polvo saludable para mejorar el estado de \u00e1nimo, prevenir la trombosis, regular el colesterol y la presi\u00f3n arterial, reducir la anemia y controlar el peso, ideal para una dieta nutritiva.\" \/><\/figure><\/div><div class=\"swiper-slide\" role=\"group\" aria-roledescription=\"slide\" aria-label=\"6 de 7\"><figure class=\"swiper-slide-inner\"><img decoding=\"async\" class=\"swiper-slide-image\" src=\"https:\/\/soymigrante.com\/revista\/wp-content\/uploads\/2024\/11\/torrons-cafe-y-chocoalte.webp\" alt=\"Cachito de chocolate con cacao y leche, sabor aut\u00e9ntico y delicioso, ideal para amantes del chocolate.\" \/><\/figure><\/div><div class=\"swiper-slide\" role=\"group\" aria-roledescription=\"slide\" aria-label=\"7 de 7\"><figure class=\"swiper-slide-inner\"><img decoding=\"async\" class=\"swiper-slide-image\" src=\"https:\/\/soymigrante.com\/revista\/wp-content\/uploads\/2024\/11\/torrons.webp\" alt=\"Barras de chocolate con cacao 55%, sabor intenso y aut\u00e9ntico para amantes del chocolate.\" \/><\/figure><\/div>\t\t\t<\/div>\n\t\t\t\t\t\t\t\t\t\t\t\t<div class=\"elementor-swiper-button elementor-swiper-button-prev\" role=\"button\" tabindex=\"0\">\n\t\t\t\t\t\t<i aria-hidden=\"true\" class=\"eicon-chevron-left\"><\/i>\t\t\t\t\t<\/div>\n\t\t\t\t\t<div class=\"elementor-swiper-button elementor-swiper-button-next\" role=\"button\" tabindex=\"0\">\n\t\t\t\t\t\t<i aria-hidden=\"true\" class=\"eicon-chevron-right\"><\/i>\t\t\t\t\t<\/div>\n\t\t\t\t\n\t\t\t\t\t\t\t\t\t<div class=\"swiper-pagination\"><\/div>\n\t\t\t\t\t\t\t\t\t<\/div>\n\t\t\t\t\t\t<\/div>\n\t\t\t\t\t<\/div>\n\t\t\t\t<\/div>\n\t\t<div data-particle_enable=\"false\" data-particle-mobile-disabled=\"false\" class=\"elementor-element elementor-element-157768e e-flex e-con-boxed e-con e-parent\" data-id=\"157768e\" data-element_type=\"container\" data-e-type=\"container\">\n\t\t\t\t\t<div class=\"e-con-inner\">\n\t\t\t\t<div class=\"elementor-element elementor-element-a9846ce elementor-align-center elementor-widget elementor-widget-button\" data-id=\"a9846ce\" data-element_type=\"widget\" data-e-type=\"widget\" data-widget_type=\"button.default\">\n\t\t\t\t\t\t\t\t\t\t<a class=\"elementor-button elementor-button-link elementor-size-sm\" href=\"https:\/\/soymigrante.com\/mercado\/marketplace\/seller\/register\">\n\t\t\t\t\t\t<span class=\"elementor-button-content-wrapper\">\n\t\t\t\t\t\t\t\t\t<span class=\"elementor-button-text\">AQU\u00cd PUEDES REGISTRARTE PARA SER PARTE DE SOYMIGRANTE.COM\/MERCADO <\/span>\n\t\t\t\t\t<\/span>\n\t\t\t\t\t<\/a>\n\t\t\t\t\t\t\t\t<\/div>\n\t\t\t\t\t<\/div>\n\t\t\t\t<\/div>\n\t\t<div data-particle_enable=\"false\" data-particle-mobile-disabled=\"false\" class=\"elementor-element elementor-element-0c0b645 e-flex e-con-boxed e-con e-parent\" data-id=\"0c0b645\" data-element_type=\"container\" data-e-type=\"container\">\n\t\t\t\t\t<div class=\"e-con-inner\">\n\t\t\t\t<div class=\"elementor-element elementor-element-47b9421 elementor-invisible elementor-widget elementor-widget-testimonial\" data-id=\"47b9421\" data-element_type=\"widget\" data-e-type=\"widget\" data-settings=\"{&quot;_animation&quot;:&quot;rotateInUpRight&quot;}\" data-widget_type=\"testimonial.default\">\n\t\t\t\t\t\t\t<div class=\"elementor-testimonial-wrapper\">\n\t\t\t\t\t\t\t<div class=\"elementor-testimonial-content\">\u201cTenemos productos por los que nos preocupamos para que sean distintivos\".-<\/div>\n\t\t\t\n\t\t\t\t\t\t<div class=\"elementor-testimonial-meta elementor-has-image elementor-testimonial-image-position-aside\">\n\t\t\t\t<div class=\"elementor-testimonial-meta-inner\">\n\t\t\t\t\t\t\t\t\t\t\t<div class=\"elementor-testimonial-image\">\n\t\t\t\t\t\t\t<img decoding=\"async\" width=\"1003\" height=\"1600\" src=\"https:\/\/soymigrante.com\/revista\/wp-content\/uploads\/2024\/11\/Carlos-Cardona.webp\" class=\"attachment-full size-full wp-image-13991\" alt=\"Profesional hombre con barba, gafas y camiseta azul, mirando con confianza, en un fondo neutro, contexto de migrantes y actualidad en Revista SoyMigrante.com.\" title=\"Carlos Cardona \u2013 SoyMigrante.com REVISTA\" srcset=\"https:\/\/soymigrante.com\/revista\/wp-content\/uploads\/2024\/11\/Carlos-Cardona.webp 1003w, https:\/\/soymigrante.com\/revista\/wp-content\/uploads\/2024\/11\/Carlos-Cardona-188x300.jpeg 188w, https:\/\/soymigrante.com\/revista\/wp-content\/uploads\/2024\/11\/Carlos-Cardona-642x1024.jpeg 642w, https:\/\/soymigrante.com\/revista\/wp-content\/uploads\/2024\/11\/Carlos-Cardona-768x1225.jpeg 768w, https:\/\/soymigrante.com\/revista\/wp-content\/uploads\/2024\/11\/Carlos-Cardona-963x1536.jpeg 963w, https:\/\/soymigrante.com\/revista\/wp-content\/uploads\/2024\/11\/Carlos-Cardona-750x1196.webp 750w\" sizes=\"(max-width: 1003px) 100vw, 1003px\" \/>\t\t\t\t\t\t<\/div>\n\t\t\t\t\t\n\t\t\t\t\t\t\t\t\t\t<div class=\"elementor-testimonial-details\">\n\t\t\t\t\t\t\t\t\t\t\t\t\t\t<div class=\"elementor-testimonial-name\">Carlos Cardona<\/div>\n\t\t\t\t\t\t\t\t\t\t\t\t\t\t\t\t\t\t\t\t\t\t<div class=\"elementor-testimonial-job\">Emprendedor guatemalteco<\/div>\n\t\t\t\t\t\t\t\t\t\t\t\t\t<\/div>\n\t\t\t\t\t\t\t\t\t<\/div>\n\t\t\t<\/div>\n\t\t\t\t\t<\/div>\n\t\t\t\t\t\t<\/div>\n\t\t\t\t\t<\/div>\n\t\t\t\t<\/div>\n\t\t<div data-particle_enable=\"false\" data-particle-mobile-disabled=\"false\" class=\"elementor-element elementor-element-5c09036 e-flex e-con-boxed e-con e-parent\" data-id=\"5c09036\" data-element_type=\"container\" data-e-type=\"container\">\n\t\t\t\t\t<div class=\"e-con-inner\">\n\t\t\t\t<div class=\"elementor-element elementor-element-121dadd elementor-widget elementor-widget-heading\" data-id=\"121dadd\" data-element_type=\"widget\" data-e-type=\"widget\" data-widget_type=\"heading.default\">\n\t\t\t\t\t<h3 class=\"elementor-heading-title elementor-size-default\">Entre sue\u00f1os y experiencias\n<\/h3>\t\t\t\t<\/div>\n\t\t\t\t\t<\/div>\n\t\t\t\t<\/div>\n\t\t<div data-particle_enable=\"false\" data-particle-mobile-disabled=\"false\" class=\"elementor-element elementor-element-86cd846 e-flex e-con-boxed e-con e-parent\" data-id=\"86cd846\" data-element_type=\"container\" data-e-type=\"container\">\n\t\t\t\t\t<div class=\"e-con-inner\">\n\t\t\t\t<div class=\"elementor-element elementor-element-4afe907 elementor-widget elementor-widget-text-editor\" data-id=\"4afe907\" data-element_type=\"widget\" data-e-type=\"widget\" data-widget_type=\"text-editor.default\">\n\t\t\t\t\t\t\t\t\t<p>De ni\u00f1o, Carlos so\u00f1aba con ser cient\u00edfico. Cuando lleg\u00f3 el momento de alcanzar su meta acad\u00e9mica a nivel superior Carlos opt\u00f3 por la Qu\u00edmica, un consejo que recibi\u00f3 de una prima. \u201cEs un reto grande. Se aprende a no arriesgarse tanto\u201d, explica. Su primer emprendimiento estaba enfocada en servicios con software, un negocio que lo comenz\u00f3 junto a su hermana, y admite que esa experiencia lo ayud\u00f3 para que en la actualidad pueda calcular de forma m\u00e1s eficiente los gastos e inversi\u00f3n en su emprendimiento.<\/p><p>\u201cAunque no era exactamente lo que quise de ni\u00f1o he ido evolucionando en lo que hago\u201d, agrega Carlos quien no solo es un emprendedor tambi\u00e9n tiene un talento en la m\u00fasica pues es cantante de \u00f3pera. \u201cLo que me encanta es la evoluci\u00f3n continua\u201d, a\u00f1ade Carlos.<\/p>\t\t\t\t\t\t\t\t<\/div>\n\t\t\t\t\t<\/div>\n\t\t\t\t<\/div>\n\t\t<div data-particle_enable=\"false\" data-particle-mobile-disabled=\"false\" class=\"elementor-element elementor-element-82ca511 e-flex e-con-boxed e-con e-parent\" data-id=\"82ca511\" data-element_type=\"container\" data-e-type=\"container\">\n\t\t\t\t\t<div class=\"e-con-inner\">\n\t\t\t\t<div class=\"elementor-element elementor-element-0b2e57c elementor-widget elementor-widget-image\" data-id=\"0b2e57c\" data-element_type=\"widget\" data-e-type=\"widget\" data-widget_type=\"image.default\">\n\t\t\t\t\t\t\t\t\t\t\t\t<figure class=\"wp-caption\">\n\t\t\t\t\t\t\t\t\t\t<img decoding=\"async\" width=\"768\" height=\"499\" src=\"https:\/\/soymigrante.com\/revista\/wp-content\/uploads\/2024\/11\/turrons-cafe-chocolate.webp\" class=\"attachment-large size-large wp-image-13896\" alt=\"Chocolate Mexxo con az\u00facar y canela, cacao en polvo natural, ideal para bebidas calientes, postres y reposter\u00eda en M\u00e9xico, sabor aut\u00e9ntico y arom\u00e1tico, producto de calidad para amantes del cacao.\" srcset=\"https:\/\/soymigrante.com\/revista\/wp-content\/uploads\/2024\/11\/turrons-cafe-chocolate.webp 892w, https:\/\/soymigrante.com\/revista\/wp-content\/uploads\/2024\/11\/turrons-cafe-chocolate-300x195.jpg 300w, https:\/\/soymigrante.com\/revista\/wp-content\/uploads\/2024\/11\/turrons-cafe-chocolate-768x499.jpg 768w, https:\/\/soymigrante.com\/revista\/wp-content\/uploads\/2024\/11\/turrons-cafe-chocolate-750x487.webp 750w\" sizes=\"(max-width: 768px) 100vw, 768px\" title=\"torrons cafe chocolate \u2013 SoyMigrante.com REVISTA\" \/>\t\t\t\t\t\t\t\t\t\t\t<figcaption class=\"widget-image-caption wp-caption-text\">Delicioso chocolate mexicano en polvo con az\u00facar y canela, perfecto para preparar bebidas tradicionales y postres caseros, enriquecido con ingredientes naturales y sabor aut\u00e9ntico.<\/figcaption>\n\t\t\t\t\t\t\t\t\t\t<\/figure>\n\t\t\t\t\t\t\t\t\t<\/div>\n\t\t\t\t\t<\/div>\n\t\t\t\t<\/div>\n\t\t<div data-particle_enable=\"false\" data-particle-mobile-disabled=\"false\" class=\"elementor-element elementor-element-c4ca00d e-flex e-con-boxed e-con e-parent\" data-id=\"c4ca00d\" data-element_type=\"container\" data-e-type=\"container\">\n\t\t\t\t\t<div class=\"e-con-inner\">\n\t\t\t\t<div class=\"elementor-element elementor-element-a3d4bec elementor-align-center elementor-widget elementor-widget-button\" data-id=\"a3d4bec\" data-element_type=\"widget\" data-e-type=\"widget\" data-widget_type=\"button.default\">\n\t\t\t\t\t\t\t\t\t\t<a class=\"elementor-button elementor-button-link elementor-size-sm\" href=\"https:\/\/soymigrante.com\/mercado\/marketplace\/seller\/register\">\n\t\t\t\t\t\t<span class=\"elementor-button-content-wrapper\">\n\t\t\t\t\t\t\t\t\t<span class=\"elementor-button-text\">AQU\u00cd PUEDES REGISTRARTE PARA SER PARTE DE SOYMIGRANTE.COM\/MERCADO <\/span>\n\t\t\t\t\t<\/span>\n\t\t\t\t\t<\/a>\n\t\t\t\t\t\t\t\t<\/div>\n\t\t\t\t\t<\/div>\n\t\t\t\t<\/div>\n\t\t<div data-particle_enable=\"false\" data-particle-mobile-disabled=\"false\" class=\"elementor-element elementor-element-b30274a e-flex e-con-boxed e-con e-parent\" data-id=\"b30274a\" data-element_type=\"container\" data-e-type=\"container\">\n\t\t\t\t\t<div class=\"e-con-inner\">\n\t\t\t\t<div class=\"elementor-element elementor-element-828b135 elementor-widget elementor-widget-heading\" data-id=\"828b135\" data-element_type=\"widget\" data-e-type=\"widget\" data-widget_type=\"heading.default\">\n\t\t\t\t\t<h2 class=\"elementor-heading-title elementor-size-default\">Quiz\u00e1 tu oportunidad est\u00e1 aqu\u00ed<\/h2>\t\t\t\t<\/div>\n\t\t\t\t\t<\/div>\n\t\t\t\t<\/div>\n\t\t<div data-particle_enable=\"false\" data-particle-mobile-disabled=\"false\" class=\"elementor-element elementor-element-c462d16 e-flex e-con-boxed e-con e-parent\" data-id=\"c462d16\" data-element_type=\"container\" data-e-type=\"container\">\n\t\t\t\t\t<div class=\"e-con-inner\">\n\t\t\t\t<div class=\"elementor-element elementor-element-15e94c4 elementor-grid-eael-col-3 elementor-grid-tablet-eael-col-2 elementor-grid-mobile-eael-col-1 elementor-widget elementor-widget-eael-post-grid\" data-id=\"15e94c4\" data-element_type=\"widget\" data-e-type=\"widget\" data-settings=\"{&quot;eael_post_grid_columns&quot;:&quot;eael-col-3&quot;,&quot;eael_post_grid_columns_tablet&quot;:&quot;eael-col-2&quot;,&quot;eael_post_grid_columns_mobile&quot;:&quot;eael-col-1&quot;}\" data-widget_type=\"eael-post-grid.default\">\n\t\t\t\t\t<div id=\"eael-post-grid-15e94c4\" class=\"eael-post-grid-container\">\n            <div class=\"eael-post-grid eael-post-appender eael-post-appender-15e94c4 eael-post-grid-style-one\" data-layout-mode=\"masonry\"><article class=\"eael-grid-post  eael-post-grid-column eael-pg-post-14060 category-guate-nuestra\" data-id=\"14060\">\n        <div class=\"eael-grid-post-holder\">\n            <div class=\"eael-grid-post-holder-inner\"><div class=\"eael-entry-media\"><div class=\"eael-entry-overlay fade-in\"><i class=\"far fa-hand-pointer\" aria-hidden=\"true\"><\/i><a href=\"https:\/\/soymigrante.com\/revista\/mercado-es-una-plataforma-abierta-a-todos-los-emprendedores-marcos-antil-en-disruptfest-2024\/\"><\/a><\/div><div class=\"eael-entry-thumbnail \">\n                <img loading=\"lazy\" decoding=\"async\" width=\"1024\" height=\"1024\" src=\"https:\/\/soymigrante.com\/revista\/wp-content\/uploads\/2024\/11\/marcos-antil-mercado-2-1-scaled-e1732291192264-1024x1024.webp\" class=\"attachment-large size-large wp-image-14055\" alt=\"Mercado en l\u00ednea para migrantes, promoviendo productos hechos a mano y personalizados en SoyMigrante.com REVISTA.\" srcset=\"https:\/\/soymigrante.com\/revista\/wp-content\/uploads\/2024\/11\/marcos-antil-mercado-2-1-scaled-e1732291192264-1024x1024.webp 1024w, https:\/\/soymigrante.com\/revista\/wp-content\/uploads\/2024\/11\/marcos-antil-mercado-2-1-scaled-e1732291192264-300x300.webp 300w, https:\/\/soymigrante.com\/revista\/wp-content\/uploads\/2024\/11\/marcos-antil-mercado-2-1-scaled-e1732291192264-150x150.webp 150w, https:\/\/soymigrante.com\/revista\/wp-content\/uploads\/2024\/11\/marcos-antil-mercado-2-1-scaled-e1732291192264-768x768.webp 768w, https:\/\/soymigrante.com\/revista\/wp-content\/uploads\/2024\/11\/marcos-antil-mercado-2-1-scaled-e1732291192264-75x75.webp 75w, https:\/\/soymigrante.com\/revista\/wp-content\/uploads\/2024\/11\/marcos-antil-mercado-2-1-scaled-e1732291192264-750x750.webp 750w, https:\/\/soymigrante.com\/revista\/wp-content\/uploads\/2024\/11\/marcos-antil-mercado-2-1-scaled-e1732291192264-1140x1140.webp 1140w, https:\/\/soymigrante.com\/revista\/wp-content\/uploads\/2024\/11\/marcos-antil-mercado-2-1-scaled-e1732291192264.webp 1280w\" sizes=\"(max-width: 1024px) 100vw, 1024px\" \/>\n            <\/div>\n        <\/div><div class=\"eael-entry-wrapper\"><header class=\"eael-entry-header\"><h2 class=\"eael-entry-title\"><a class=\"eael-grid-post-link\" href=\"https:\/\/soymigrante.com\/revista\/mercado-es-una-plataforma-abierta-a-todos-los-emprendedores-marcos-antil-en-disruptfest-2024\/\" title=\"&#8220;MERCADO es una plataforma abierta a todos los emprendedores&#8221;: Marcos Antil en DisruptFest 2024\">&#8220;MERCADO es una plataforma abierta a todos los emprendedores&#8221;: Marcos Antil en DisruptFest 2024<\/a><\/h2><\/header><div class=\"eael-entry-content\">\n                        <div class=\"eael-grid-post-excerpt\"><a href=\"https:\/\/soymigrante.com\/revista\/mercado-es-una-plataforma-abierta-a-todos-los-emprendedores-marcos-antil-en-disruptfest-2024\/\" class=\"eael-post-elements-readmore-btn\">CONOCE SU HISTORIA <\/a><\/div>\n                    <\/div><\/div><\/div>\n        <\/div>\n    <\/article><article class=\"eael-grid-post  eael-post-grid-column eael-pg-post-12689 category-guate-nuestra\" data-id=\"12689\">\n        <div class=\"eael-grid-post-holder\">\n            <div class=\"eael-grid-post-holder-inner\"><div class=\"eael-entry-media\"><div class=\"eael-entry-overlay fade-in\"><i class=\"far fa-hand-pointer\" aria-hidden=\"true\"><\/i><a href=\"https:\/\/soymigrante.com\/revista\/encuentro-con-primer-grupo-de-emprendedores-de-soymigrante-com-mercado\/\"><\/a><\/div><div class=\"eael-entry-thumbnail \">\n                <img loading=\"lazy\" decoding=\"async\" width=\"1024\" height=\"1024\" src=\"https:\/\/soymigrante.com\/revista\/wp-content\/uploads\/2024\/11\/soymigrantecom-mercado-2-1024x1024.jpg\" class=\"attachment-large size-large wp-image-12691\" alt=\"Archivo de figurillas de cer\u00e1mica con estilo artesanal, ideales para decoraci\u00f3n y coleccionismo, que representan ni\u00f1os con instrumentos musicales. Artesan\u00eda mexicana, cultura y arte popular.\" srcset=\"https:\/\/soymigrante.com\/revista\/wp-content\/uploads\/2024\/11\/soymigrantecom-mercado-2-1024x1024.jpg 1024w, https:\/\/soymigrante.com\/revista\/wp-content\/uploads\/2024\/11\/soymigrantecom-mercado-2-300x300.webp 300w, https:\/\/soymigrante.com\/revista\/wp-content\/uploads\/2024\/11\/soymigrantecom-mercado-2-150x150.webp 150w, https:\/\/soymigrante.com\/revista\/wp-content\/uploads\/2024\/11\/soymigrantecom-mercado-2-768x768.jpg 768w, https:\/\/soymigrante.com\/revista\/wp-content\/uploads\/2024\/11\/soymigrantecom-mercado-2-75x75.webp 75w, https:\/\/soymigrante.com\/revista\/wp-content\/uploads\/2024\/11\/soymigrantecom-mercado-2-750x750.webp 750w, https:\/\/soymigrante.com\/revista\/wp-content\/uploads\/2024\/11\/soymigrantecom-mercado-2-1140x1140.jpg 1140w, https:\/\/soymigrante.com\/revista\/wp-content\/uploads\/2024\/11\/soymigrantecom-mercado-2.webp 1176w\" sizes=\"(max-width: 1024px) 100vw, 1024px\" \/>\n            <\/div>\n        <\/div><div class=\"eael-entry-wrapper\"><header class=\"eael-entry-header\"><h2 class=\"eael-entry-title\"><a class=\"eael-grid-post-link\" href=\"https:\/\/soymigrante.com\/revista\/encuentro-con-primer-grupo-de-emprendedores-de-soymigrante-com-mercado\/\" title=\"Encuentro con primer grupo de emprendedores de  SoyMigrante.com MERCADO\">Encuentro con primer grupo de emprendedores de  SoyMigrante.com MERCADO<\/a><\/h2><\/header><div class=\"eael-entry-content\">\n                        <div class=\"eael-grid-post-excerpt\"><a href=\"https:\/\/soymigrante.com\/revista\/encuentro-con-primer-grupo-de-emprendedores-de-soymigrante-com-mercado\/\" class=\"eael-post-elements-readmore-btn\">CONOCE SU HISTORIA <\/a><\/div>\n                    <\/div><\/div><\/div>\n        <\/div>\n    <\/article><article class=\"eael-grid-post  eael-post-grid-column eael-pg-post-8867 category-estamos-unidos\" data-id=\"8867\">\n        <div class=\"eael-grid-post-holder\">\n            <div class=\"eael-grid-post-holder-inner\"><div class=\"eael-entry-media\"><div class=\"eael-entry-overlay fade-in\"><i class=\"far fa-hand-pointer\" aria-hidden=\"true\"><\/i><a href=\"https:\/\/soymigrante.com\/revista\/soymigrante-com-mercado-viene-plataforma-digital-para-emprendedores-guatemaltecos\/\"><\/a><\/div><div class=\"eael-entry-thumbnail \">\n                <img loading=\"lazy\" decoding=\"async\" width=\"633\" height=\"621\" src=\"https:\/\/soymigrante.com\/revista\/wp-content\/uploads\/2024\/09\/Captura-de-pantalla-2024-09-05-120913.webp\" class=\"attachment-large size-large wp-image-8877\" alt=\"Tejedora ind\u00edgena con textiles coloridos y tradicionales, mostrando su cultura y arte en un fondo vibrante en la revista SoyMigrante.com.\" srcset=\"https:\/\/soymigrante.com\/revista\/wp-content\/uploads\/2024\/09\/Captura-de-pantalla-2024-09-05-120913.webp 633w, https:\/\/soymigrante.com\/revista\/wp-content\/uploads\/2024\/09\/Captura-de-pantalla-2024-09-05-120913-300x294.webp 300w, https:\/\/soymigrante.com\/revista\/wp-content\/uploads\/2024\/09\/Captura-de-pantalla-2024-09-05-120913-75x75.webp 75w\" sizes=\"(max-width: 633px) 100vw, 633px\" \/>\n            <\/div>\n        <\/div><div class=\"eael-entry-wrapper\"><header class=\"eael-entry-header\"><h2 class=\"eael-entry-title\"><a class=\"eael-grid-post-link\" href=\"https:\/\/soymigrante.com\/revista\/soymigrante-com-mercado-viene-plataforma-digital-para-emprendedores-guatemaltecos\/\" title=\"SoyMigrante.com\/Mercado es una  plataforma  digital para emprendedores guatemaltecos\">SoyMigrante.com\/Mercado es una  plataforma  digital para emprendedores guatemaltecos<\/a><\/h2><\/header><div class=\"eael-entry-content\">\n                        <div class=\"eael-grid-post-excerpt\"><a href=\"https:\/\/soymigrante.com\/revista\/soymigrante-com-mercado-viene-plataforma-digital-para-emprendedores-guatemaltecos\/\" class=\"eael-post-elements-readmore-btn\">CONOCE SU HISTORIA <\/a><\/div>\n                    <\/div><\/div><\/div>\n        <\/div>\n    <\/article><\/div>\n            <div class=\"clearfix\"><\/div>\n        <\/div>\t\t\t\t<\/div>\n\t\t\t\t\t<\/div>\n\t\t\t\t<\/div>\n\t\t\t\t<\/div>\n\t\t","protected":false},"excerpt":{"rendered":"<p>Desde un caf\u00e9 con canela hasta un chocolate amargo con berries son algunas deliciosas opciones que Torrons Caf\u00e9 y Chocolate ofrece ahora desde SoyMigrante.com MERCADO, una experiencia de sabores \u00fanicos en Guatemala. Esta es su historia. Torrons Caf\u00e9 y Chocolate combina la tradici\u00f3n guatemalteca con un toque innovador para ofrecer experiencias \u00fanicas en cada sorbo [&hellip;]<\/p>\n","protected":false},"author":23,"featured_media":13902,"comment_status":"open","ping_status":"open","sticky":false,"template":"","format":"standard","meta":{"_acf_changed":false,"_eb_attr":"","footnotes":""},"categories":[58],"tags":[130],"class_list":["post-13878","post","type-post","status-publish","format-standard","has-post-thumbnail","hentry","category-guate-nuestra","tag-mercado-emprendedores"],"acf":[],"aioseo_notices":[],"aioseo_head":"\n\t\t<!-- All in One SEO Pro 4.9.6.2 - aioseo.com -->\n\t<meta name=\"description\" content=\"Una plaza de mercado sin fronteras es SoyMigrante.com\/Mercado, una plataforma de comercio digital para migrantes y emprendedores guatemaltecos. As\u00ed funciiona\" \/>\n\t<meta name=\"robots\" content=\"max-snippet:-1, max-image-preview:large, max-video-preview:-1\" \/>\n\t<meta name=\"author\" content=\"Marysabel Aldana\"\/>\n\t<link rel=\"canonical\" href=\"https:\/\/soymigrante.com\/revista\/soymigrante-com-mercado-viene-plataforma-digital-para-emprendedores-guatemaltecos\/\" \/>\n\t<meta name=\"generator\" content=\"All in One SEO Pro (AIOSEO) 4.9.6.2\" \/>\n\n\t\t<link rel=\"preconnect\" href=\"https:\/\/fonts.googleapis.com\" crossorigin>\n<link rel=\"preconnect\" href=\"https:\/\/fonts.gstatic.com\" crossorigin>\n\t\t<meta property=\"og:locale\" content=\"es_ES\" \/>\n\t\t<meta property=\"og:site_name\" content=\"SoyMigrante.com REVISTA \u2013 Nuestra misi\u00f3n es reconocer y dignificar al migrante.\" \/>\n\t\t<meta property=\"og:type\" content=\"article\" \/>\n\t\t<meta property=\"og:title\" content=\"SoyMigrante.com Mercado es e-commerce para emprendedores\" \/>\n\t\t<meta property=\"og:description\" content=\"Una plaza de mercado sin fronteras es SoyMigrante.com\/Mercado, una plataforma de comercio digital para migrantes y emprendedores guatemaltecos. As\u00ed funciiona\" \/>\n\t\t<meta property=\"og:url\" content=\"https:\/\/soymigrante.com\/revista\/soymigrante-com-mercado-viene-plataforma-digital-para-emprendedores-guatemaltecos\/\" \/>\n\t\t<meta property=\"og:image\" content=\"https:\/\/soymigrante.com\/revista\/wp-content\/uploads\/2024\/09\/Captura-de-pantalla-2024-09-05-120913.webp\" \/>\n\t\t<meta property=\"og:image:secure_url\" content=\"https:\/\/soymigrante.com\/revista\/wp-content\/uploads\/2024\/09\/Captura-de-pantalla-2024-09-05-120913.webp\" \/>\n\t\t<meta property=\"og:image:width\" content=\"633\" \/>\n\t\t<meta property=\"og:image:height\" content=\"621\" \/>\n\t\t<meta property=\"article:published_time\" content=\"2024-09-06T17:19:42+00:00\" \/>\n\t\t<meta property=\"article:modified_time\" content=\"2024-09-06T18:08:04+00:00\" \/>\n\t\t<meta property=\"article:publisher\" content=\"https:\/\/www.facebook.com\/soymigrantecom\" \/>\n\t\t<meta name=\"twitter:card\" content=\"summary_large_image\" \/>\n\t\t<meta name=\"twitter:site\" content=\"@SoyMigrante_com\" \/>\n\t\t<meta name=\"twitter:title\" content=\"SoyMigrante.com Mercado es e-commerce para emprendedores\" \/>\n\t\t<meta name=\"twitter:description\" content=\"Una plaza de mercado sin fronteras es SoyMigrante.com\/Mercado, una plataforma de comercio digital para migrantes y emprendedores guatemaltecos. As\u00ed funciiona\" \/>\n\t\t<meta name=\"twitter:creator\" content=\"@SoyMigrante_com\" \/>\n\t\t<meta name=\"twitter:image\" content=\"https:\/\/soymigrante.com\/revista\/wp-content\/uploads\/2024\/09\/Captura-de-pantalla-2024-09-05-120913.webp\" \/>\n\t\t<!-- All in One SEO Pro -->\r\n\t\t<title>SoyMigrante.com Mercado es e-commerce para emprendedores<\/title>\n\n","aioseo_head_json":{"title":"SoyMigrante.com Mercado es e-commerce para emprendedores","description":"Una plaza de mercado sin fronteras es SoyMigrante.com\/Mercado, una plataforma de comercio digital para migrantes y emprendedores guatemaltecos. As\u00ed funciiona","canonical_url":"https:\/\/soymigrante.com\/revista\/soymigrante-com-mercado-viene-plataforma-digital-para-emprendedores-guatemaltecos\/","robots":"max-snippet:-1, max-image-preview:large, max-video-preview:-1","keywords":"","webmasterTools":{"miscellaneous":"&lt;link rel=\"preconnect\" href=\"https:\/\/fonts.googleapis.com\" crossorigin&gt;\n&lt;link rel=\"preconnect\" href=\"https:\/\/fonts.gstatic.com\" crossorigin&gt;"},"schema":null,"og:locale":"es_ES","og:site_name":"SoyMigrante.com REVISTA \u2013 Nuestra misi\u00f3n es reconocer y dignificar al migrante.","og:type":"article","og:title":"SoyMigrante.com Mercado es e-commerce para emprendedores","og:description":"Una plaza de mercado sin fronteras es SoyMigrante.com\/Mercado, una plataforma de comercio digital para migrantes y emprendedores guatemaltecos. As\u00ed funciiona","og:url":"https:\/\/soymigrante.com\/revista\/soymigrante-com-mercado-viene-plataforma-digital-para-emprendedores-guatemaltecos\/","og:image":"https:\/\/soymigrante.com\/revista\/wp-content\/uploads\/2024\/09\/Captura-de-pantalla-2024-09-05-120913.webp","og:image:secure_url":"https:\/\/soymigrante.com\/revista\/wp-content\/uploads\/2024\/09\/Captura-de-pantalla-2024-09-05-120913.webp","og:image:width":633,"og:image:height":621,"article:published_time":"2024-09-06T17:19:42+00:00","article:modified_time":"2024-09-06T18:08:04+00:00","article:publisher":"https:\/\/www.facebook.com\/soymigrantecom","twitter:card":"summary_large_image","twitter:site":"@SoyMigrante_com","twitter:title":"SoyMigrante.com Mercado es e-commerce para emprendedores","twitter:description":"Una plaza de mercado sin fronteras es SoyMigrante.com\/Mercado, una plataforma de comercio digital para migrantes y emprendedores guatemaltecos. As\u00ed funciiona","twitter:creator":"@SoyMigrante_com","twitter:image":"https:\/\/soymigrante.com\/revista\/wp-content\/uploads\/2024\/09\/Captura-de-pantalla-2024-09-05-120913.webp"},"aioseo_meta_data":{"post_id":"13878","title":"Torrons Caf\u00e9 y Chocolate: sabores con tradici\u00f3n e innovaci\u00f3n","description":"Torrons Caf\u00e9 y Chocolate combina la tradici\u00f3n guatemalteca con un toque innovador para ofrecer experiencias \u00fanicas en cada sorbo y bocado.","keywords":null,"keyphrases":{"focus":{"keyphrase":"Torrons Caf\u00e9 y Chocolate","score":100,"analysis":{"keyphraseInTitle":{"score":9,"maxScore":9,"error":0},"keyphraseInDescription":{"score":9,"maxScore":9,"error":0},"keyphraseLength":{"score":9,"maxScore":9,"error":0,"length":4},"keyphraseInURL":{"score":5,"maxScore":5,"error":0},"keyphraseInIntroduction":{"score":9,"maxScore":9,"error":0},"keyphraseInSubHeadings":{"score":9,"maxScore":9,"error":0},"keyphraseInImageAlt":{"score":9,"maxScore":9,"error":0},"keywordDensity":{"type":"best","score":9,"maxScore":9,"error":0}}},"additional":[{"keyphrase":"sabores","score":53,"analysis":{"keyphraseInDescription":{"score":3,"maxScore":9,"error":1},"keyphraseLength":{"score":9,"maxScore":9,"error":0,"length":1},"keyphraseInIntroduction":{"score":9,"maxScore":9,"error":0},"keyphraseInImageAlt":{"score":3,"maxScore":9,"error":1},"keywordDensity":{"score":0,"type":"low","maxScore":9,"error":1}}},{"keyphrase":"sue\u00f1o emprendedor","score":40,"analysis":{"keyphraseInDescription":{"score":3,"maxScore":9,"error":1},"keyphraseLength":{"score":9,"maxScore":9,"error":0,"length":3},"keyphraseInIntroduction":{"score":3,"maxScore":9,"error":1},"keyphraseInImageAlt":{"score":3,"maxScore":9,"error":1},"keywordDensity":{"score":0,"type":"low","maxScore":9,"error":1}}},{"keyphrase":"emprendedor","score":73,"analysis":{"keyphraseInDescription":{"score":3,"maxScore":9,"error":1},"keyphraseLength":{"score":9,"maxScore":9,"error":0,"length":1},"keyphraseInIntroduction":{"score":9,"maxScore":9,"error":0},"keyphraseInImageAlt":{"score":3,"maxScore":9,"error":1},"keywordDensity":{"type":"best","score":9,"maxScore":9,"error":0}}},{"keyphrase":"Huehuetenango","score":40,"analysis":{"keyphraseInDescription":{"score":3,"maxScore":9,"error":1},"keyphraseLength":{"score":9,"maxScore":9,"error":0,"length":1},"keyphraseInIntroduction":{"score":3,"maxScore":9,"error":1},"keyphraseInImageAlt":{"score":3,"maxScore":9,"error":1},"keywordDensity":{"score":0,"type":"low","maxScore":9,"error":1}}},{"keyphrase":"Santa Rosa","score":40,"analysis":{"keyphraseInDescription":{"score":3,"maxScore":9,"error":1},"keyphraseLength":{"score":9,"maxScore":9,"error":0,"length":2},"keyphraseInIntroduction":{"score":3,"maxScore":9,"error":1},"keyphraseInImageAlt":{"score":3,"maxScore":9,"error":1},"keywordDensity":{"score":0,"type":"low","maxScore":9,"error":1}}},{"keyphrase":"caf\u00e9 guatemalteco","score":40,"analysis":{"keyphraseInDescription":{"score":3,"maxScore":9,"error":1},"keyphraseLength":{"score":9,"maxScore":9,"error":0,"length":2},"keyphraseInIntroduction":{"score":3,"maxScore":9,"error":1},"keyphraseInImageAlt":{"score":3,"maxScore":9,"error":1},"keywordDensity":{"score":0,"type":"low","maxScore":9,"error":1}}},{"keyphrase":"soy migrante","score":40,"analysis":{"keyphraseInDescription":{"score":3,"maxScore":9,"error":1},"keyphraseLength":{"score":9,"maxScore":9,"error":0,"length":2},"keyphraseInIntroduction":{"score":3,"maxScore":9,"error":1},"keyphraseInImageAlt":{"score":3,"maxScore":9,"error":1},"keywordDensity":{"score":0,"type":"low","maxScore":9,"error":1}}},{"keyphrase":"mercado","score":73,"analysis":{"keyphraseInDescription":{"score":3,"maxScore":9,"error":1},"keyphraseLength":{"score":9,"maxScore":9,"error":0,"length":1},"keyphraseInIntroduction":{"score":3,"maxScore":9,"error":1},"keyphraseInImageAlt":{"score":9,"maxScore":9,"error":0},"keywordDensity":{"type":"best","score":9,"maxScore":9,"error":0}}}]},"primary_term":null,"canonical_url":null,"og_title":null,"og_description":null,"og_object_type":"default","og_image_type":"default","og_image_url":null,"og_image_width":null,"og_image_height":null,"og_image_custom_url":null,"og_image_custom_fields":null,"og_video":"","og_custom_url":null,"og_article_section":null,"og_article_tags":null,"twitter_use_og":false,"twitter_card":"default","twitter_image_type":"default","twitter_image_url":null,"twitter_image_custom_url":null,"twitter_image_custom_fields":null,"twitter_title":null,"twitter_description":null,"schema":{"blockGraphs":[],"customGraphs":[],"default":{"data":{"Article":[],"Course":[],"Dataset":[],"FAQPage":[],"Movie":[],"Person":[],"Product":[],"ProductReview":[],"Car":[],"Recipe":[],"Service":[],"SoftwareApplication":[],"WebPage":[]},"graphName":"Article","isEnabled":true},"graphs":[]},"schema_type":"default","schema_type_options":null,"pillar_content":false,"robots_default":true,"robots_noindex":false,"robots_noarchive":false,"robots_nosnippet":false,"robots_nofollow":false,"robots_noimageindex":false,"robots_noodp":false,"robots_notranslate":false,"robots_max_snippet":"-1","robots_max_videopreview":"-1","robots_max_imagepreview":"large","priority":null,"frequency":"default","local_seo":null,"seo_analyzer_scan_date":"2025-10-09 00:37:04","breadcrumb_settings":null,"limit_modified_date":false,"reviewed_by":null,"open_ai":"{\"title\":{\"suggestions\":[],\"usage\":0},\"description\":{\"suggestions\":[],\"usage\":0}}","ai":null,"created":"2024-11-21 03:08:03","updated":"2026-02-04 16:55:05"},"aioseo_breadcrumb":"<div class=\"aioseo-breadcrumbs\"><span class=\"aioseo-breadcrumb\">\n\t<a href=\"https:\/\/soymigrante.com\/revista\" title=\"Home\">Home<\/a>\n<\/span><span class=\"aioseo-breadcrumb-separator\">\u00bb<\/span><span class=\"aioseo-breadcrumb\">\n\t<a href=\"https:\/\/soymigrante.com\/revista\/category\/guate-nuestra\/\" title=\"Guate Nuestra\">Guate Nuestra<\/a>\n<\/span><span class=\"aioseo-breadcrumb-separator\">\u00bb<\/span><span class=\"aioseo-breadcrumb\">\n\tTorrons Caf\u00e9 y Chocolate: sabores muy originales de un sue\u00f1o emprendedor\n<\/span><\/div>","aioseo_breadcrumb_json":[{"label":"Home","link":"https:\/\/soymigrante.com\/revista"},{"label":"Guate Nuestra","link":"https:\/\/soymigrante.com\/revista\/category\/guate-nuestra\/"},{"label":"Torrons Caf\u00e9 y Chocolate: sabores muy originales de un sue\u00f1o emprendedor","link":"https:\/\/soymigrante.com\/revista\/torrons-cafe-y-chocolate-sabores-unicos-de-un-sueno-emprendedor\/"}],"_links":{"self":[{"href":"https:\/\/soymigrante.com\/revista\/wp-json\/wp\/v2\/posts\/13878","targetHints":{"allow":["GET"]}}],"collection":[{"href":"https:\/\/soymigrante.com\/revista\/wp-json\/wp\/v2\/posts"}],"about":[{"href":"https:\/\/soymigrante.com\/revista\/wp-json\/wp\/v2\/types\/post"}],"author":[{"embeddable":true,"href":"https:\/\/soymigrante.com\/revista\/wp-json\/wp\/v2\/users\/23"}],"replies":[{"embeddable":true,"href":"https:\/\/soymigrante.com\/revista\/wp-json\/wp\/v2\/comments?post=13878"}],"version-history":[{"count":0,"href":"https:\/\/soymigrante.com\/revista\/wp-json\/wp\/v2\/posts\/13878\/revisions"}],"wp:featuredmedia":[{"embeddable":true,"href":"https:\/\/soymigrante.com\/revista\/wp-json\/wp\/v2\/media\/13902"}],"wp:attachment":[{"href":"https:\/\/soymigrante.com\/revista\/wp-json\/wp\/v2\/media?parent=13878"}],"wp:term":[{"taxonomy":"category","embeddable":true,"href":"https:\/\/soymigrante.com\/revista\/wp-json\/wp\/v2\/categories?post=13878"},{"taxonomy":"post_tag","embeddable":true,"href":"https:\/\/soymigrante.com\/revista\/wp-json\/wp\/v2\/tags?post=13878"}],"curies":[{"name":"wp","href":"https:\/\/api.w.org\/{rel}","templated":true}]}}