{"id":1387,"date":"2023-06-15T01:19:22","date_gmt":"2023-06-15T01:19:22","guid":{"rendered":"https:\/\/soymigrante.com\/revista\/?p=1387"},"modified":"2025-07-31T19:55:50","modified_gmt":"2025-08-01T01:55:50","slug":"siete-amaneceres-increibles-fotografiados-en-guatemala","status":"publish","type":"post","link":"https:\/\/soymigrante.com\/revista\/siete-amaneceres-increibles-fotografiados-en-guatemala\/","title":{"rendered":"Solamente en Guatemala: 5 amaneceres y 2 atardeceres incre\u00edbles"},"content":{"rendered":"\t\t<div data-elementor-type=\"wp-post\" data-elementor-id=\"1387\" class=\"elementor elementor-1387\" data-elementor-post-type=\"post\">\n\t\t\t\t\t\t<section data-particle_enable=\"false\" data-particle-mobile-disabled=\"false\" class=\"elementor-section elementor-top-section elementor-element elementor-element-373d6ab elementor-section-boxed elementor-section-height-default elementor-section-height-default\" data-id=\"373d6ab\" data-element_type=\"section\" data-e-type=\"section\">\n\t\t\t\t\t\t<div class=\"elementor-container elementor-column-gap-default\">\n\t\t\t\t\t<div class=\"elementor-column elementor-col-100 elementor-top-column elementor-element elementor-element-64cb923\" data-id=\"64cb923\" data-element_type=\"column\" data-e-type=\"column\">\n\t\t\t<div class=\"elementor-widget-wrap elementor-element-populated\">\n\t\t\t\t\t\t<div class=\"elementor-element elementor-element-d4e185d elementor-widget elementor-widget-heading\" data-id=\"d4e185d\" data-element_type=\"widget\" data-e-type=\"widget\" data-widget_type=\"heading.default\">\n\t\t\t\t\t<h2 class=\"elementor-heading-title elementor-size-default\"><a href=\"https:\/\/abeljuarez.com\/\">\"\u00a1Salve, mi Patria querida, mi dulce Guatemala, salve! Delicia y amor de mi vida, mi fuente y origen\": las palabras del gran poeta guatemalteco Rafael Land\u00edvar (1731-1793) saltan a la mente al observar estos siete instantes captados por el fot\u00f3grafo Abel Ju\u00e1rez.<\/a><\/h2>\t\t\t\t<\/div>\n\t\t\t\t\t<\/div>\n\t\t<\/div>\n\t\t\t\t\t<\/div>\n\t\t<\/section>\n\t\t\t\t<section data-particle_enable=\"false\" data-particle-mobile-disabled=\"false\" class=\"elementor-section elementor-top-section elementor-element elementor-element-b241bc7 elementor-section-boxed elementor-section-height-default elementor-section-height-default\" data-id=\"b241bc7\" data-element_type=\"section\" data-e-type=\"section\">\n\t\t\t\t\t\t<div class=\"elementor-container elementor-column-gap-default\">\n\t\t\t\t\t<div class=\"elementor-column elementor-col-100 elementor-top-column elementor-element elementor-element-1d3e1c2\" data-id=\"1d3e1c2\" data-element_type=\"column\" data-e-type=\"column\">\n\t\t\t<div class=\"elementor-widget-wrap elementor-element-populated\">\n\t\t\t\t\t\t<div class=\"elementor-element elementor-element-868c45d elementor-widget-divider--view-line elementor-widget elementor-widget-divider\" data-id=\"868c45d\" data-element_type=\"widget\" data-e-type=\"widget\" data-widget_type=\"divider.default\">\n\t\t\t\t\t\t\t<div class=\"elementor-divider\">\n\t\t\t<span class=\"elementor-divider-separator\">\n\t\t\t\t\t\t<\/span>\n\t\t<\/div>\n\t\t\t\t\t\t<\/div>\n\t\t\t\t\t<\/div>\n\t\t<\/div>\n\t\t\t\t\t<\/div>\n\t\t<\/section>\n\t\t\t\t<section data-particle_enable=\"false\" data-particle-mobile-disabled=\"false\" class=\"elementor-section elementor-top-section elementor-element elementor-element-96cbfd4 elementor-section-boxed elementor-section-height-default elementor-section-height-default\" data-id=\"96cbfd4\" data-element_type=\"section\" data-e-type=\"section\">\n\t\t\t\t\t\t<div class=\"elementor-container elementor-column-gap-default\">\n\t\t\t\t\t<div class=\"elementor-column elementor-col-100 elementor-top-column elementor-element elementor-element-406a323\" data-id=\"406a323\" data-element_type=\"column\" data-e-type=\"column\">\n\t\t\t<div class=\"elementor-widget-wrap elementor-element-populated\">\n\t\t\t\t\t\t<div class=\"elementor-element elementor-element-ba80dcc elementor-widget elementor-widget-heading\" data-id=\"ba80dcc\" data-element_type=\"widget\" data-e-type=\"widget\" data-widget_type=\"heading.default\">\n\t\t\t\t\t<h2 class=\"elementor-heading-title elementor-size-default\">Libertad y silencio en la Pe\u00f1a Blanca<\/h2>\t\t\t\t<\/div>\n\t\t\t\t\t<\/div>\n\t\t<\/div>\n\t\t\t\t\t<\/div>\n\t\t<\/section>\n\t\t\t\t<section data-particle_enable=\"false\" data-particle-mobile-disabled=\"false\" class=\"elementor-section elementor-top-section elementor-element elementor-element-8864d04 elementor-section-boxed elementor-section-height-default elementor-section-height-default\" data-id=\"8864d04\" data-element_type=\"section\" data-e-type=\"section\">\n\t\t\t\t\t\t<div class=\"elementor-container elementor-column-gap-default\">\n\t\t\t\t\t<div class=\"elementor-column elementor-col-100 elementor-top-column elementor-element elementor-element-033e624\" data-id=\"033e624\" data-element_type=\"column\" data-e-type=\"column\">\n\t\t\t<div class=\"elementor-widget-wrap elementor-element-populated\">\n\t\t\t\t\t\t<div class=\"elementor-element elementor-element-d2fd5f2 elementor-widget elementor-widget-image\" data-id=\"d2fd5f2\" data-element_type=\"widget\" data-e-type=\"widget\" data-widget_type=\"image.default\">\n\t\t\t\t\t\t\t\t\t\t\t\t\t\t\t<img fetchpriority=\"high\" decoding=\"async\" width=\"684\" height=\"1024\" src=\"https:\/\/soymigrante.com\/revista\/wp-content\/uploads\/2023\/06\/Vistas-de-amaneceres-en-Guatemala-por-el-fotografo-Abel-Juarez-1-684x1024.jpg\" class=\"attachment-large size-large wp-image-1391\" alt=\"\" srcset=\"https:\/\/soymigrante.com\/revista\/wp-content\/uploads\/2023\/06\/Vistas-de-amaneceres-en-Guatemala-por-el-fotografo-Abel-Juarez-1-684x1024.jpg 684w, https:\/\/soymigrante.com\/revista\/wp-content\/uploads\/2023\/06\/Vistas-de-amaneceres-en-Guatemala-por-el-fotografo-Abel-Juarez-1-200x300.jpg 200w, https:\/\/soymigrante.com\/revista\/wp-content\/uploads\/2023\/06\/Vistas-de-amaneceres-en-Guatemala-por-el-fotografo-Abel-Juarez-1-768x1151.jpg 768w, https:\/\/soymigrante.com\/revista\/wp-content\/uploads\/2023\/06\/Vistas-de-amaneceres-en-Guatemala-por-el-fotografo-Abel-Juarez-1-1025x1536.jpg 1025w, https:\/\/soymigrante.com\/revista\/wp-content\/uploads\/2023\/06\/Vistas-de-amaneceres-en-Guatemala-por-el-fotografo-Abel-Juarez-1-750x1124.jpg 750w, https:\/\/soymigrante.com\/revista\/wp-content\/uploads\/2023\/06\/Vistas-de-amaneceres-en-Guatemala-por-el-fotografo-Abel-Juarez-1.jpg 1068w\" sizes=\"(max-width: 684px) 100vw, 684px\" title=\"Vistas de amaneceres en Guatemala por el fot\u00f3grafo Abel Ju\u00e1rez (1) \u2013 SoyMigrante.com REVISTA\" \/>\t\t\t\t\t\t\t\t\t\t\t\t\t\t\t<\/div>\n\t\t\t\t\t<\/div>\n\t\t<\/div>\n\t\t\t\t\t<\/div>\n\t\t<\/section>\n\t\t\t\t<section data-particle_enable=\"false\" data-particle-mobile-disabled=\"false\" class=\"elementor-section elementor-top-section elementor-element elementor-element-d48e4b3 elementor-section-boxed elementor-section-height-default elementor-section-height-default\" data-id=\"d48e4b3\" data-element_type=\"section\" data-e-type=\"section\">\n\t\t\t\t\t\t<div class=\"elementor-container elementor-column-gap-default\">\n\t\t\t\t\t<div class=\"elementor-column elementor-col-100 elementor-top-column elementor-element elementor-element-fa98ffb\" data-id=\"fa98ffb\" data-element_type=\"column\" data-e-type=\"column\">\n\t\t\t<div class=\"elementor-widget-wrap elementor-element-populated\">\n\t\t\t\t\t\t<div class=\"elementor-element elementor-element-92e607e elementor-widget elementor-widget-text-editor\" data-id=\"92e607e\" data-element_type=\"widget\" data-e-type=\"widget\" data-widget_type=\"text-editor.default\">\n\t\t\t\t\t\t\t\t\t<p>La Pe\u00f1a Blanca es una formaci\u00f3n rocosa localizada en el municipio de la Libertad Huehuetenango. Su cima est\u00e1 a 3,518 metros sobre el nivel del mar. Para llegar hasta all\u00ed se necesita caminar por aproximadamente cuatro horas. La vista desde all\u00ed es sencillamente majestuosa. El entorno rocoso de la zona provee una experiencia inolvidable. Es la octava mayor cumbre, no volc\u00e1nica, de Guatemala.<\/p>\t\t\t\t\t\t\t\t<\/div>\n\t\t\t\t\t<\/div>\n\t\t<\/div>\n\t\t\t\t\t<\/div>\n\t\t<\/section>\n\t\t\t\t<section data-particle_enable=\"false\" data-particle-mobile-disabled=\"false\" class=\"elementor-section elementor-top-section elementor-element elementor-element-a28f298 elementor-section-boxed elementor-section-height-default elementor-section-height-default\" data-id=\"a28f298\" data-element_type=\"section\" data-e-type=\"section\">\n\t\t\t\t\t\t<div class=\"elementor-container elementor-column-gap-default\">\n\t\t\t\t\t<div class=\"elementor-column elementor-col-100 elementor-top-column elementor-element elementor-element-00d6990\" data-id=\"00d6990\" data-element_type=\"column\" data-e-type=\"column\">\n\t\t\t<div class=\"elementor-widget-wrap elementor-element-populated\">\n\t\t\t\t\t\t<div class=\"elementor-element elementor-element-aee5aee elementor-widget elementor-widget-heading\" data-id=\"aee5aee\" data-element_type=\"widget\" data-e-type=\"widget\" data-widget_type=\"heading.default\">\n\t\t\t\t\t<h2 class=\"elementor-heading-title elementor-size-default\">Tan tranquilo que ni parece de Fuego<\/h2>\t\t\t\t<\/div>\n\t\t\t\t\t<\/div>\n\t\t<\/div>\n\t\t\t\t\t<\/div>\n\t\t<\/section>\n\t\t\t\t<section data-particle_enable=\"false\" data-particle-mobile-disabled=\"false\" class=\"elementor-section elementor-top-section elementor-element elementor-element-8c7abf4 elementor-section-boxed elementor-section-height-default elementor-section-height-default\" data-id=\"8c7abf4\" data-element_type=\"section\" data-e-type=\"section\">\n\t\t\t\t\t\t<div class=\"elementor-container elementor-column-gap-default\">\n\t\t\t\t\t<div class=\"elementor-column elementor-col-100 elementor-top-column elementor-element elementor-element-9e8bac6\" data-id=\"9e8bac6\" data-element_type=\"column\" data-e-type=\"column\">\n\t\t\t<div class=\"elementor-widget-wrap elementor-element-populated\">\n\t\t\t\t\t\t<div class=\"elementor-element elementor-element-e7d1ce2 elementor-widget elementor-widget-image\" data-id=\"e7d1ce2\" data-element_type=\"widget\" data-e-type=\"widget\" data-widget_type=\"image.default\">\n\t\t\t\t\t\t\t\t\t\t\t\t\t\t\t<img decoding=\"async\" width=\"1024\" height=\"681\" src=\"https:\/\/soymigrante.com\/revista\/wp-content\/uploads\/2023\/06\/Vistas-de-amaneceres-en-Guatemala-por-el-fotografo-Abel-Juarez-4-1024x681.webp\" class=\"attachment-large size-large wp-image-1394\" alt=\"\" srcset=\"https:\/\/soymigrante.com\/revista\/wp-content\/uploads\/2023\/06\/Vistas-de-amaneceres-en-Guatemala-por-el-fotografo-Abel-Juarez-4-1024x681.webp 1024w, https:\/\/soymigrante.com\/revista\/wp-content\/uploads\/2023\/06\/Vistas-de-amaneceres-en-Guatemala-por-el-fotografo-Abel-Juarez-4-300x200.webp 300w, https:\/\/soymigrante.com\/revista\/wp-content\/uploads\/2023\/06\/Vistas-de-amaneceres-en-Guatemala-por-el-fotografo-Abel-Juarez-4-768x511.webp 768w, https:\/\/soymigrante.com\/revista\/wp-content\/uploads\/2023\/06\/Vistas-de-amaneceres-en-Guatemala-por-el-fotografo-Abel-Juarez-4-1536x1021.webp 1536w, https:\/\/soymigrante.com\/revista\/wp-content\/uploads\/2023\/06\/Vistas-de-amaneceres-en-Guatemala-por-el-fotografo-Abel-Juarez-4-750x499.webp 750w, https:\/\/soymigrante.com\/revista\/wp-content\/uploads\/2023\/06\/Vistas-de-amaneceres-en-Guatemala-por-el-fotografo-Abel-Juarez-4-1140x758.webp 1140w, https:\/\/soymigrante.com\/revista\/wp-content\/uploads\/2023\/06\/Vistas-de-amaneceres-en-Guatemala-por-el-fotografo-Abel-Juarez-4-600x400.webp 600w, https:\/\/soymigrante.com\/revista\/wp-content\/uploads\/2023\/06\/Vistas-de-amaneceres-en-Guatemala-por-el-fotografo-Abel-Juarez-4.webp 1600w\" sizes=\"(max-width: 1024px) 100vw, 1024px\" title=\"Vistas de amaneceres en Guatemala por el fot\u00f3grafo Abel Ju\u00e1rez (4) \u2013 SoyMigrante.com REVISTA\" \/>\t\t\t\t\t\t\t\t\t\t\t\t\t\t\t<\/div>\n\t\t\t\t\t<\/div>\n\t\t<\/div>\n\t\t\t\t\t<\/div>\n\t\t<\/section>\n\t\t\t\t<section data-particle_enable=\"false\" data-particle-mobile-disabled=\"false\" class=\"elementor-section elementor-top-section elementor-element elementor-element-7e4f57e elementor-section-boxed elementor-section-height-default elementor-section-height-default\" data-id=\"7e4f57e\" data-element_type=\"section\" data-e-type=\"section\">\n\t\t\t\t\t\t<div class=\"elementor-container elementor-column-gap-default\">\n\t\t\t\t\t<div class=\"elementor-column elementor-col-100 elementor-top-column elementor-element elementor-element-c23a259\" data-id=\"c23a259\" data-element_type=\"column\" data-e-type=\"column\">\n\t\t\t<div class=\"elementor-widget-wrap elementor-element-populated\">\n\t\t\t\t\t\t<div class=\"elementor-element elementor-element-b8bb927 elementor-widget elementor-widget-text-editor\" data-id=\"b8bb927\" data-element_type=\"widget\" data-e-type=\"widget\" data-widget_type=\"text-editor.default\">\n\t\t\t\t\t\t\t\t\t<p>Con 3,768 metros sobre el nivel del mar, el Volc\u00e1n de Fuego es uno de los m\u00e1s activos y conocidos de Guatemala. Sus explosiones protagonizan muchos videos y fotograf\u00edas, pero en este amanecer, captado desde el vecino volc\u00e1n Acatenango, de 3,996 metros de altitud, el mar de nubes rodea a un gigante silencioso que parece dormir entre celajes.\u00a0<\/p>\t\t\t\t\t\t\t\t<\/div>\n\t\t\t\t\t<\/div>\n\t\t<\/div>\n\t\t\t\t\t<\/div>\n\t\t<\/section>\n\t\t\t\t<section data-particle_enable=\"false\" data-particle-mobile-disabled=\"false\" class=\"elementor-section elementor-top-section elementor-element elementor-element-875a268 elementor-section-boxed elementor-section-height-default elementor-section-height-default\" data-id=\"875a268\" data-element_type=\"section\" data-e-type=\"section\">\n\t\t\t\t\t\t<div class=\"elementor-container elementor-column-gap-default\">\n\t\t\t\t\t<div class=\"elementor-column elementor-col-100 elementor-top-column elementor-element elementor-element-c6cdcd1\" data-id=\"c6cdcd1\" data-element_type=\"column\" data-e-type=\"column\">\n\t\t\t<div class=\"elementor-widget-wrap elementor-element-populated\">\n\t\t\t\t\t\t<div class=\"elementor-element elementor-element-31233eb elementor-widget elementor-widget-heading\" data-id=\"31233eb\" data-element_type=\"widget\" data-e-type=\"widget\" data-widget_type=\"heading.default\">\n\t\t\t\t\t<h2 class=\"elementor-heading-title elementor-size-default\">Una gota de paz en Maxbal<\/h2>\t\t\t\t<\/div>\n\t\t\t\t\t<\/div>\n\t\t<\/div>\n\t\t\t\t\t<\/div>\n\t\t<\/section>\n\t\t\t\t<section data-particle_enable=\"false\" data-particle-mobile-disabled=\"false\" class=\"elementor-section elementor-top-section elementor-element elementor-element-914ec4b elementor-section-boxed elementor-section-height-default elementor-section-height-default\" data-id=\"914ec4b\" data-element_type=\"section\" data-e-type=\"section\">\n\t\t\t\t\t\t<div class=\"elementor-container elementor-column-gap-default\">\n\t\t\t\t\t<div class=\"elementor-column elementor-col-100 elementor-top-column elementor-element elementor-element-d45e345\" data-id=\"d45e345\" data-element_type=\"column\" data-e-type=\"column\">\n\t\t\t<div class=\"elementor-widget-wrap elementor-element-populated\">\n\t\t\t\t\t\t<div class=\"elementor-element elementor-element-0f88832 elementor-widget elementor-widget-image\" data-id=\"0f88832\" data-element_type=\"widget\" data-e-type=\"widget\" data-widget_type=\"image.default\">\n\t\t\t\t\t\t\t\t\t\t\t\t\t\t\t<img decoding=\"async\" width=\"1024\" height=\"682\" src=\"https:\/\/soymigrante.com\/revista\/wp-content\/uploads\/2023\/06\/Vistas-de-amaneceres-en-Guatemala-por-el-fotografo-Abel-Juarez-2-1024x682.jpeg\" class=\"attachment-large size-large wp-image-1389\" alt=\"Vistas del Amanecer en varias localidades de Guatemala, por el fot\u00f3grafo Abel Ju\u00e1rez.\" srcset=\"https:\/\/soymigrante.com\/revista\/wp-content\/uploads\/2023\/06\/Vistas-de-amaneceres-en-Guatemala-por-el-fotografo-Abel-Juarez-2-1024x682.jpeg 1024w, https:\/\/soymigrante.com\/revista\/wp-content\/uploads\/2023\/06\/Vistas-de-amaneceres-en-Guatemala-por-el-fotografo-Abel-Juarez-2-300x200.jpeg 300w, https:\/\/soymigrante.com\/revista\/wp-content\/uploads\/2023\/06\/Vistas-de-amaneceres-en-Guatemala-por-el-fotografo-Abel-Juarez-2-768x512.jpeg 768w, https:\/\/soymigrante.com\/revista\/wp-content\/uploads\/2023\/06\/Vistas-de-amaneceres-en-Guatemala-por-el-fotografo-Abel-Juarez-2-1536x1023.jpeg 1536w, https:\/\/soymigrante.com\/revista\/wp-content\/uploads\/2023\/06\/Vistas-de-amaneceres-en-Guatemala-por-el-fotografo-Abel-Juarez-2-750x500.jpeg 750w, https:\/\/soymigrante.com\/revista\/wp-content\/uploads\/2023\/06\/Vistas-de-amaneceres-en-Guatemala-por-el-fotografo-Abel-Juarez-2-1140x760.jpeg 1140w, https:\/\/soymigrante.com\/revista\/wp-content\/uploads\/2023\/06\/Vistas-de-amaneceres-en-Guatemala-por-el-fotografo-Abel-Juarez-2-600x400.jpeg 600w, https:\/\/soymigrante.com\/revista\/wp-content\/uploads\/2023\/06\/Vistas-de-amaneceres-en-Guatemala-por-el-fotografo-Abel-Juarez-2.jpeg 1600w\" sizes=\"(max-width: 1024px) 100vw, 1024px\" title=\"Vistas de amaneceres en Guatemala por el fot\u00f3grafo Abel Ju\u00e1rez (2) \u2013 SoyMigrante.com REVISTA\" \/>\t\t\t\t\t\t\t\t\t\t\t\t\t\t\t<\/div>\n\t\t\t\t\t<\/div>\n\t\t<\/div>\n\t\t\t\t\t<\/div>\n\t\t<\/section>\n\t\t\t\t<section data-particle_enable=\"false\" data-particle-mobile-disabled=\"false\" class=\"elementor-section elementor-top-section elementor-element elementor-element-a358a04 elementor-section-boxed elementor-section-height-default elementor-section-height-default\" data-id=\"a358a04\" data-element_type=\"section\" data-e-type=\"section\">\n\t\t\t\t\t\t<div class=\"elementor-container elementor-column-gap-default\">\n\t\t\t\t\t<div class=\"elementor-column elementor-col-100 elementor-top-column elementor-element elementor-element-80ccf9e\" data-id=\"80ccf9e\" data-element_type=\"column\" data-e-type=\"column\">\n\t\t\t<div class=\"elementor-widget-wrap elementor-element-populated\">\n\t\t\t\t\t\t<div class=\"elementor-element elementor-element-7142b9f elementor-widget elementor-widget-text-editor\" data-id=\"7142b9f\" data-element_type=\"widget\" data-e-type=\"widget\" data-widget_type=\"text-editor.default\">\n\t\t\t\t\t\t\t\t\t<p>La Laguna Maxbal se encuentra en las proximidades de la aldea San Francisco Momoniac, en Barillas, Huehuetenando. Verdaderamente no tiene precio ni comparaci\u00f3n disfrutar de un chapuz\u00f3n en sus aguas transparentes, para tener ese animo positivo al empezar tu d\u00eda. Rodeada de monta\u00f1as en donde vive, por temporadas el ave nacional, el Quetzal, es un para\u00edso que merece ser visitado pero tambi\u00e9n cuidado. Si la visitas, contrata un gu\u00eda local y por favor.. no dejes basura, ni uses jab\u00f3n. Es una joya que merece respeto y m\u00e1s a\u00fan al amanecer.<\/p>\t\t\t\t\t\t\t\t<\/div>\n\t\t\t\t\t<\/div>\n\t\t<\/div>\n\t\t\t\t\t<\/div>\n\t\t<\/section>\n\t\t\t\t<section data-particle_enable=\"false\" data-particle-mobile-disabled=\"false\" class=\"elementor-section elementor-top-section elementor-element elementor-element-d419dc4 elementor-section-boxed elementor-section-height-default elementor-section-height-default\" data-id=\"d419dc4\" data-element_type=\"section\" data-e-type=\"section\">\n\t\t\t\t\t\t<div class=\"elementor-container elementor-column-gap-default\">\n\t\t\t\t\t<div class=\"elementor-column elementor-col-100 elementor-top-column elementor-element elementor-element-5327846\" data-id=\"5327846\" data-element_type=\"column\" data-e-type=\"column\">\n\t\t\t<div class=\"elementor-widget-wrap elementor-element-populated\">\n\t\t\t\t\t\t<div class=\"elementor-element elementor-element-3824277 elementor-widget elementor-widget-heading\" data-id=\"3824277\" data-element_type=\"widget\" data-e-type=\"widget\" data-widget_type=\"heading.default\">\n\t\t\t\t\t<h2 class=\"elementor-heading-title elementor-size-default\">Despertar con olas en el suroccidente  <\/h2>\t\t\t\t<\/div>\n\t\t\t\t\t<\/div>\n\t\t<\/div>\n\t\t\t\t\t<\/div>\n\t\t<\/section>\n\t\t\t\t<section data-particle_enable=\"false\" data-particle-mobile-disabled=\"false\" class=\"elementor-section elementor-top-section elementor-element elementor-element-1c4560d elementor-section-boxed elementor-section-height-default elementor-section-height-default\" data-id=\"1c4560d\" data-element_type=\"section\" data-e-type=\"section\">\n\t\t\t\t\t\t<div class=\"elementor-container elementor-column-gap-default\">\n\t\t\t\t\t<div class=\"elementor-column elementor-col-100 elementor-top-column elementor-element elementor-element-396880a\" data-id=\"396880a\" data-element_type=\"column\" data-e-type=\"column\">\n\t\t\t<div class=\"elementor-widget-wrap elementor-element-populated\">\n\t\t\t\t\t\t<div class=\"elementor-element elementor-element-f2ca916 elementor-widget elementor-widget-image\" data-id=\"f2ca916\" data-element_type=\"widget\" data-e-type=\"widget\" data-widget_type=\"image.default\">\n\t\t\t\t\t\t\t\t\t\t\t\t\t\t\t<img loading=\"lazy\" decoding=\"async\" width=\"684\" height=\"1024\" src=\"https:\/\/soymigrante.com\/revista\/wp-content\/uploads\/2023\/06\/Vistas-de-amaneceres-en-Guatemala-por-el-fotografo-Abel-Juarez-2-684x1024.webp\" class=\"attachment-large size-large wp-image-1392\" alt=\"Vistas del Amanecer en varias localidades de Guatemala, por el fot\u00f3grafo Abel Ju\u00e1rez.\" srcset=\"https:\/\/soymigrante.com\/revista\/wp-content\/uploads\/2023\/06\/Vistas-de-amaneceres-en-Guatemala-por-el-fotografo-Abel-Juarez-2-684x1024.webp 684w, https:\/\/soymigrante.com\/revista\/wp-content\/uploads\/2023\/06\/Vistas-de-amaneceres-en-Guatemala-por-el-fotografo-Abel-Juarez-2-200x300.webp 200w, https:\/\/soymigrante.com\/revista\/wp-content\/uploads\/2023\/06\/Vistas-de-amaneceres-en-Guatemala-por-el-fotografo-Abel-Juarez-2-768x1151.webp 768w, https:\/\/soymigrante.com\/revista\/wp-content\/uploads\/2023\/06\/Vistas-de-amaneceres-en-Guatemala-por-el-fotografo-Abel-Juarez-2-1025x1536.webp 1025w, https:\/\/soymigrante.com\/revista\/wp-content\/uploads\/2023\/06\/Vistas-de-amaneceres-en-Guatemala-por-el-fotografo-Abel-Juarez-2-750x1124.webp 750w, https:\/\/soymigrante.com\/revista\/wp-content\/uploads\/2023\/06\/Vistas-de-amaneceres-en-Guatemala-por-el-fotografo-Abel-Juarez-2.webp 1068w\" sizes=\"(max-width: 684px) 100vw, 684px\" title=\"Vistas de amaneceres en Guatemala por el fot\u00f3grafo Abel Ju\u00e1rez (2) \u2013 SoyMigrante.com REVISTA\" \/>\t\t\t\t\t\t\t\t\t\t\t\t\t\t\t<\/div>\n\t\t\t\t\t<\/div>\n\t\t<\/div>\n\t\t\t\t\t<\/div>\n\t\t<\/section>\n\t\t\t\t<section data-particle_enable=\"false\" data-particle-mobile-disabled=\"false\" class=\"elementor-section elementor-top-section elementor-element elementor-element-6b6a4b3 elementor-section-boxed elementor-section-height-default elementor-section-height-default\" data-id=\"6b6a4b3\" data-element_type=\"section\" data-e-type=\"section\">\n\t\t\t\t\t\t<div class=\"elementor-container elementor-column-gap-default\">\n\t\t\t\t\t<div class=\"elementor-column elementor-col-100 elementor-top-column elementor-element elementor-element-13f2554\" data-id=\"13f2554\" data-element_type=\"column\" data-e-type=\"column\">\n\t\t\t<div class=\"elementor-widget-wrap elementor-element-populated\">\n\t\t\t\t\t\t<div class=\"elementor-element elementor-element-5eb4cce elementor-widget elementor-widget-text-editor\" data-id=\"5eb4cce\" data-element_type=\"widget\" data-e-type=\"widget\" data-widget_type=\"text-editor.default\">\n\t\t\t\t\t\t\t\t\t<p>Podr\u00eda creerse que todas las playas de la Costa Sur guatemalteca se parecen. Pero Oc\u00f3s, San Marcos, tiene lo suyo.\u00a0 El viento es distinto, la sensaci\u00f3n es distante para todos aquellos que no son de San Marcos. J\u00f3venes del lugar acostumbran a darse un chapuz\u00f3n ma\u00f1anero, cerca de la bocabarra formada por el r\u00edo Tilapa. Ver nacer un nuevo d\u00eda en esta latitud comprueba que cada kil\u00f3metro de Guatemala resguarda algo especial.<\/p>\t\t\t\t\t\t\t\t<\/div>\n\t\t\t\t\t<\/div>\n\t\t<\/div>\n\t\t\t\t\t<\/div>\n\t\t<\/section>\n\t\t\t\t<section data-particle_enable=\"false\" data-particle-mobile-disabled=\"false\" class=\"elementor-section elementor-top-section elementor-element elementor-element-ef73222 elementor-section-boxed elementor-section-height-default elementor-section-height-default\" data-id=\"ef73222\" data-element_type=\"section\" data-e-type=\"section\">\n\t\t\t\t\t\t<div class=\"elementor-container elementor-column-gap-default\">\n\t\t\t\t\t<div class=\"elementor-column elementor-col-100 elementor-top-column elementor-element elementor-element-772078d\" data-id=\"772078d\" data-element_type=\"column\" data-e-type=\"column\">\n\t\t\t<div class=\"elementor-widget-wrap elementor-element-populated\">\n\t\t\t\t\t\t<div class=\"elementor-element elementor-element-8982ee3 elementor-widget elementor-widget-heading\" data-id=\"8982ee3\" data-element_type=\"widget\" data-e-type=\"widget\" data-widget_type=\"heading.default\">\n\t\t\t\t\t<h2 class=\"elementor-heading-title elementor-size-default\">Imaginar el sol de hace 3 mil a\u00f1os<\/h2>\t\t\t\t<\/div>\n\t\t\t\t\t<\/div>\n\t\t<\/div>\n\t\t\t\t\t<\/div>\n\t\t<\/section>\n\t\t\t\t<section data-particle_enable=\"false\" data-particle-mobile-disabled=\"false\" class=\"elementor-section elementor-top-section elementor-element elementor-element-5d3b62f elementor-section-boxed elementor-section-height-default elementor-section-height-default\" data-id=\"5d3b62f\" data-element_type=\"section\" data-e-type=\"section\">\n\t\t\t\t\t\t<div class=\"elementor-container elementor-column-gap-default\">\n\t\t\t\t\t<div class=\"elementor-column elementor-col-100 elementor-top-column elementor-element elementor-element-c1b8820\" data-id=\"c1b8820\" data-element_type=\"column\" data-e-type=\"column\">\n\t\t\t<div class=\"elementor-widget-wrap elementor-element-populated\">\n\t\t\t\t\t\t<div class=\"elementor-element elementor-element-0eb75b1 elementor-widget elementor-widget-image\" data-id=\"0eb75b1\" data-element_type=\"widget\" data-e-type=\"widget\" data-widget_type=\"image.default\">\n\t\t\t\t\t\t\t\t\t\t\t\t\t\t\t<img loading=\"lazy\" decoding=\"async\" width=\"1024\" height=\"682\" src=\"https:\/\/soymigrante.com\/revista\/wp-content\/uploads\/2023\/06\/Vistas-de-amaneceres-en-Guatemala-por-el-fotografo-Abel-Juarez-3-1024x682.jpg\" class=\"attachment-large size-large wp-image-1393\" alt=\"\" srcset=\"https:\/\/soymigrante.com\/revista\/wp-content\/uploads\/2023\/06\/Vistas-de-amaneceres-en-Guatemala-por-el-fotografo-Abel-Juarez-3-1024x682.jpg 1024w, https:\/\/soymigrante.com\/revista\/wp-content\/uploads\/2023\/06\/Vistas-de-amaneceres-en-Guatemala-por-el-fotografo-Abel-Juarez-3-300x200.jpg 300w, https:\/\/soymigrante.com\/revista\/wp-content\/uploads\/2023\/06\/Vistas-de-amaneceres-en-Guatemala-por-el-fotografo-Abel-Juarez-3-768x512.jpg 768w, https:\/\/soymigrante.com\/revista\/wp-content\/uploads\/2023\/06\/Vistas-de-amaneceres-en-Guatemala-por-el-fotografo-Abel-Juarez-3-1536x1023.jpg 1536w, https:\/\/soymigrante.com\/revista\/wp-content\/uploads\/2023\/06\/Vistas-de-amaneceres-en-Guatemala-por-el-fotografo-Abel-Juarez-3-750x500.jpg 750w, https:\/\/soymigrante.com\/revista\/wp-content\/uploads\/2023\/06\/Vistas-de-amaneceres-en-Guatemala-por-el-fotografo-Abel-Juarez-3-1140x760.jpg 1140w, https:\/\/soymigrante.com\/revista\/wp-content\/uploads\/2023\/06\/Vistas-de-amaneceres-en-Guatemala-por-el-fotografo-Abel-Juarez-3-600x400.jpg 600w, https:\/\/soymigrante.com\/revista\/wp-content\/uploads\/2023\/06\/Vistas-de-amaneceres-en-Guatemala-por-el-fotografo-Abel-Juarez-3.jpg 1600w\" sizes=\"(max-width: 1024px) 100vw, 1024px\" title=\"Vistas de amaneceres en Guatemala por el fot\u00f3grafo Abel Ju\u00e1rez (3) \u2013 SoyMigrante.com REVISTA\" \/>\t\t\t\t\t\t\t\t\t\t\t\t\t\t\t<\/div>\n\t\t\t\t\t<\/div>\n\t\t<\/div>\n\t\t\t\t\t<\/div>\n\t\t<\/section>\n\t\t\t\t<section data-particle_enable=\"false\" data-particle-mobile-disabled=\"false\" class=\"elementor-section elementor-top-section elementor-element elementor-element-16df2ed elementor-section-boxed elementor-section-height-default elementor-section-height-default\" data-id=\"16df2ed\" data-element_type=\"section\" data-e-type=\"section\">\n\t\t\t\t\t\t<div class=\"elementor-container elementor-column-gap-default\">\n\t\t\t\t\t<div class=\"elementor-column elementor-col-100 elementor-top-column elementor-element elementor-element-4845b91\" data-id=\"4845b91\" data-element_type=\"column\" data-e-type=\"column\">\n\t\t\t<div class=\"elementor-widget-wrap elementor-element-populated\">\n\t\t\t\t\t\t<div class=\"elementor-element elementor-element-19a2937 elementor-widget elementor-widget-text-editor\" data-id=\"19a2937\" data-element_type=\"widget\" data-e-type=\"widget\" data-widget_type=\"text-editor.default\">\n\t\t\t\t\t\t\t\t\t<p>As\u00ed se levanta el sol en el horizonte, visto con dron elevado desde La Danta, la colosal pir\u00e1mide del sitio Mirador, capital del Reino Kan que vivi\u00f3 su esplendor 1,500 a\u00f1os antes de Cristo. La caminata para llegar es de 48 kil\u00f3metros que valen la pena. El cansancio se hace presente, pero al&nbsp; estar en un lugar donde est\u00e1n las ra\u00edces de Guatemala: todo se olvida y todo se imagina.&nbsp; La riqueza de flora y fauna del viaje llevan a pesar \u00bfpor qu\u00e9 este sitio a\u00fan no ha sido declarado Santuario natural de la Humanidad?&nbsp;<\/p>\t\t\t\t\t\t\t\t<\/div>\n\t\t\t\t\t<\/div>\n\t\t<\/div>\n\t\t\t\t\t<\/div>\n\t\t<\/section>\n\t\t\t\t<section data-particle_enable=\"false\" data-particle-mobile-disabled=\"false\" class=\"elementor-section elementor-top-section elementor-element elementor-element-59cae9b elementor-section-boxed elementor-section-height-default elementor-section-height-default\" data-id=\"59cae9b\" data-element_type=\"section\" data-e-type=\"section\">\n\t\t\t\t\t\t<div class=\"elementor-container elementor-column-gap-default\">\n\t\t\t\t\t<div class=\"elementor-column elementor-col-100 elementor-top-column elementor-element elementor-element-95c2e51\" data-id=\"95c2e51\" data-element_type=\"column\" data-e-type=\"column\">\n\t\t\t<div class=\"elementor-widget-wrap elementor-element-populated\">\n\t\t\t\t\t\t<div class=\"elementor-element elementor-element-abb055a elementor-widget elementor-widget-heading\" data-id=\"abb055a\" data-element_type=\"widget\" data-e-type=\"widget\" data-widget_type=\"heading.default\">\n\t\t\t\t\t<h2 class=\"elementor-heading-title elementor-size-default\">El n\u00famero uno visto por el n\u00famero dos<\/h2>\t\t\t\t<\/div>\n\t\t\t\t\t<\/div>\n\t\t<\/div>\n\t\t\t\t\t<\/div>\n\t\t<\/section>\n\t\t\t\t<section data-particle_enable=\"false\" data-particle-mobile-disabled=\"false\" class=\"elementor-section elementor-top-section elementor-element elementor-element-42dfaf8 elementor-section-boxed elementor-section-height-default elementor-section-height-default\" data-id=\"42dfaf8\" data-element_type=\"section\" data-e-type=\"section\">\n\t\t\t\t\t\t<div class=\"elementor-container elementor-column-gap-default\">\n\t\t\t\t\t<div class=\"elementor-column elementor-col-100 elementor-top-column elementor-element elementor-element-555a33d\" data-id=\"555a33d\" data-element_type=\"column\" data-e-type=\"column\">\n\t\t\t<div class=\"elementor-widget-wrap elementor-element-populated\">\n\t\t\t\t\t\t<div class=\"elementor-element elementor-element-600e5ad elementor-widget elementor-widget-image\" data-id=\"600e5ad\" data-element_type=\"widget\" data-e-type=\"widget\" data-widget_type=\"image.default\">\n\t\t\t\t\t\t\t\t\t\t\t\t\t\t\t<img loading=\"lazy\" decoding=\"async\" width=\"1024\" height=\"684\" src=\"https:\/\/soymigrante.com\/revista\/wp-content\/uploads\/2023\/06\/Vistas-de-amaneceres-en-Guatemala-por-el-fotografo-Abel-Juarez-3-1024x684.webp\" class=\"attachment-large size-large wp-image-1390\" alt=\"Vistas de amaneceres en Guatemala por el fot\u00f3grafo Abel Ju\u00e1rez (3)\" srcset=\"https:\/\/soymigrante.com\/revista\/wp-content\/uploads\/2023\/06\/Vistas-de-amaneceres-en-Guatemala-por-el-fotografo-Abel-Juarez-3-1024x684.webp 1024w, https:\/\/soymigrante.com\/revista\/wp-content\/uploads\/2023\/06\/Vistas-de-amaneceres-en-Guatemala-por-el-fotografo-Abel-Juarez-3-300x200.webp 300w, https:\/\/soymigrante.com\/revista\/wp-content\/uploads\/2023\/06\/Vistas-de-amaneceres-en-Guatemala-por-el-fotografo-Abel-Juarez-3-768x513.webp 768w, https:\/\/soymigrante.com\/revista\/wp-content\/uploads\/2023\/06\/Vistas-de-amaneceres-en-Guatemala-por-el-fotografo-Abel-Juarez-3-1536x1025.webp 1536w, https:\/\/soymigrante.com\/revista\/wp-content\/uploads\/2023\/06\/Vistas-de-amaneceres-en-Guatemala-por-el-fotografo-Abel-Juarez-3-750x501.webp 750w, https:\/\/soymigrante.com\/revista\/wp-content\/uploads\/2023\/06\/Vistas-de-amaneceres-en-Guatemala-por-el-fotografo-Abel-Juarez-3-1140x761.webp 1140w, https:\/\/soymigrante.com\/revista\/wp-content\/uploads\/2023\/06\/Vistas-de-amaneceres-en-Guatemala-por-el-fotografo-Abel-Juarez-3-600x400.webp 600w, https:\/\/soymigrante.com\/revista\/wp-content\/uploads\/2023\/06\/Vistas-de-amaneceres-en-Guatemala-por-el-fotografo-Abel-Juarez-3.webp 1600w\" sizes=\"(max-width: 1024px) 100vw, 1024px\" title=\"Vistas de amaneceres en Guatemala por el fot\u00f3grafo Abel Ju\u00e1rez (3) \u2013 SoyMigrante.com REVISTA\" \/>\t\t\t\t\t\t\t\t\t\t\t\t\t\t\t<\/div>\n\t\t\t\t\t<\/div>\n\t\t<\/div>\n\t\t\t\t\t<\/div>\n\t\t<\/section>\n\t\t\t\t<section data-particle_enable=\"false\" data-particle-mobile-disabled=\"false\" class=\"elementor-section elementor-top-section elementor-element elementor-element-fd01310 elementor-section-boxed elementor-section-height-default elementor-section-height-default\" data-id=\"fd01310\" data-element_type=\"section\" data-e-type=\"section\">\n\t\t\t\t\t\t<div class=\"elementor-container elementor-column-gap-default\">\n\t\t\t\t\t<div class=\"elementor-column elementor-col-100 elementor-top-column elementor-element elementor-element-b23ce75\" data-id=\"b23ce75\" data-element_type=\"column\" data-e-type=\"column\">\n\t\t\t<div class=\"elementor-widget-wrap elementor-element-populated\">\n\t\t\t\t\t\t<div class=\"elementor-element elementor-element-5c34ebf elementor-widget elementor-widget-text-editor\" data-id=\"5c34ebf\" data-element_type=\"widget\" data-e-type=\"widget\" data-widget_type=\"text-editor.default\">\n\t\t\t\t\t\t\t\t\t<p>S\u00ed, aqu\u00ed estamos parados a 4,060 metros sobre el nivel del mar, en la cima del\u00a0 volc\u00e1n de Tacana. La vista es espectacular porque se puede hacer a 360 grados desde determinado punto. Ese volc\u00e1n con el sol en el cono es el volc\u00e1n Tajumulco, el m\u00e1s alto de Guatemala y Centro Am\u00e9rica, con sus 4,203 metros. No lo vamos a negar, hay un fr\u00edo intenso pero hay que abrigarse y resistir. La experiencia de estar aqu\u00ed, de ver esas nubes, o\u00edr el viento y captar un momento inolvidable es algo que cualquier aventurero debe tener en su lista de pendientes.<\/p>\t\t\t\t\t\t\t\t<\/div>\n\t\t\t\t\t<\/div>\n\t\t<\/div>\n\t\t\t\t\t<\/div>\n\t\t<\/section>\n\t\t\t\t<section data-particle_enable=\"false\" data-particle-mobile-disabled=\"false\" class=\"elementor-section elementor-top-section elementor-element elementor-element-660625f elementor-section-boxed elementor-section-height-default elementor-section-height-default\" data-id=\"660625f\" data-element_type=\"section\" data-e-type=\"section\">\n\t\t\t\t\t\t<div class=\"elementor-container elementor-column-gap-default\">\n\t\t\t\t\t<div class=\"elementor-column elementor-col-100 elementor-top-column elementor-element elementor-element-81ffcb0\" data-id=\"81ffcb0\" data-element_type=\"column\" data-e-type=\"column\">\n\t\t\t<div class=\"elementor-widget-wrap elementor-element-populated\">\n\t\t\t\t\t\t<div class=\"elementor-element elementor-element-d428449 elementor-widget elementor-widget-heading\" data-id=\"d428449\" data-element_type=\"widget\" data-e-type=\"widget\" data-widget_type=\"heading.default\">\n\t\t\t\t\t<h2 class=\"elementor-heading-title elementor-size-default\">Sobre una inmensa y misteriosa piedra<\/h2>\t\t\t\t<\/div>\n\t\t\t\t\t<\/div>\n\t\t<\/div>\n\t\t\t\t\t<\/div>\n\t\t<\/section>\n\t\t\t\t<section data-particle_enable=\"false\" data-particle-mobile-disabled=\"false\" class=\"elementor-section elementor-top-section elementor-element elementor-element-088b7e8 elementor-section-boxed elementor-section-height-default elementor-section-height-default\" data-id=\"088b7e8\" data-element_type=\"section\" data-e-type=\"section\">\n\t\t\t\t\t\t<div class=\"elementor-container elementor-column-gap-default\">\n\t\t\t\t\t<div class=\"elementor-column elementor-col-100 elementor-top-column elementor-element elementor-element-3297669\" data-id=\"3297669\" data-element_type=\"column\" data-e-type=\"column\">\n\t\t\t<div class=\"elementor-widget-wrap elementor-element-populated\">\n\t\t\t\t\t\t<div class=\"elementor-element elementor-element-4a95bf8 elementor-widget elementor-widget-image\" data-id=\"4a95bf8\" data-element_type=\"widget\" data-e-type=\"widget\" data-widget_type=\"image.default\">\n\t\t\t\t\t\t\t\t\t\t\t\t\t\t\t<img loading=\"lazy\" decoding=\"async\" width=\"1024\" height=\"682\" src=\"https:\/\/soymigrante.com\/revista\/wp-content\/uploads\/2023\/06\/Vistas-de-amaneceres-en-Guatemala-por-el-fotografo-Abel-Juarez-1-1024x682.webp\" class=\"attachment-large size-large wp-image-1388\" alt=\"\" srcset=\"https:\/\/soymigrante.com\/revista\/wp-content\/uploads\/2023\/06\/Vistas-de-amaneceres-en-Guatemala-por-el-fotografo-Abel-Juarez-1-1024x682.webp 1024w, https:\/\/soymigrante.com\/revista\/wp-content\/uploads\/2023\/06\/Vistas-de-amaneceres-en-Guatemala-por-el-fotografo-Abel-Juarez-1-300x200.webp 300w, https:\/\/soymigrante.com\/revista\/wp-content\/uploads\/2023\/06\/Vistas-de-amaneceres-en-Guatemala-por-el-fotografo-Abel-Juarez-1-768x512.webp 768w, https:\/\/soymigrante.com\/revista\/wp-content\/uploads\/2023\/06\/Vistas-de-amaneceres-en-Guatemala-por-el-fotografo-Abel-Juarez-1-1536x1023.webp 1536w, https:\/\/soymigrante.com\/revista\/wp-content\/uploads\/2023\/06\/Vistas-de-amaneceres-en-Guatemala-por-el-fotografo-Abel-Juarez-1-750x500.webp 750w, https:\/\/soymigrante.com\/revista\/wp-content\/uploads\/2023\/06\/Vistas-de-amaneceres-en-Guatemala-por-el-fotografo-Abel-Juarez-1-1140x760.webp 1140w, https:\/\/soymigrante.com\/revista\/wp-content\/uploads\/2023\/06\/Vistas-de-amaneceres-en-Guatemala-por-el-fotografo-Abel-Juarez-1-600x400.webp 600w, https:\/\/soymigrante.com\/revista\/wp-content\/uploads\/2023\/06\/Vistas-de-amaneceres-en-Guatemala-por-el-fotografo-Abel-Juarez-1.webp 1600w\" sizes=\"(max-width: 1024px) 100vw, 1024px\" title=\"Vistas de amaneceres en Guatemala por el fot\u00f3grafo Abel Ju\u00e1rez (1) \u2013 SoyMigrante.com REVISTA\" \/>\t\t\t\t\t\t\t\t\t\t\t\t\t\t\t<\/div>\n\t\t\t\t\t<\/div>\n\t\t<\/div>\n\t\t\t\t\t<\/div>\n\t\t<\/section>\n\t\t\t\t<section data-particle_enable=\"false\" data-particle-mobile-disabled=\"false\" class=\"elementor-section elementor-top-section elementor-element elementor-element-2646ded elementor-section-boxed elementor-section-height-default elementor-section-height-default\" data-id=\"2646ded\" data-element_type=\"section\" data-e-type=\"section\">\n\t\t\t\t\t\t<div class=\"elementor-container elementor-column-gap-default\">\n\t\t\t\t\t<div class=\"elementor-column elementor-col-100 elementor-top-column elementor-element elementor-element-4ec39cb\" data-id=\"4ec39cb\" data-element_type=\"column\" data-e-type=\"column\">\n\t\t\t<div class=\"elementor-widget-wrap elementor-element-populated\">\n\t\t\t\t\t\t<div class=\"elementor-element elementor-element-89abc34 elementor-widget elementor-widget-text-editor\" data-id=\"89abc34\" data-element_type=\"widget\" data-e-type=\"widget\" data-widget_type=\"text-editor.default\">\n\t\t\t\t\t\t\t\t\t<p>En plena Sierra de los Cuchumatanes, a inmediaciones de San Juan Ixcoy se encuentran las Piedras de Captzin: dos imponentes formaciones rocosas. Se ve una de ellas, junto a la carretera, abajo a la derecha. El fot\u00f3grafo est\u00e1 parado sobre la otra para admirar este deslumbrante amanecer que no se parece a nada en el mundo. \u00bfEst\u00e1 lejos? S\u00ed&#8230; pero el esfuerzo vale la pena. Y si es un migrante que regresa a visitar a Guatemala&#8230; no se pierda la ocasi\u00f3n de venir. Esta ser\u00e1 su mejor bienvenida.<\/p>\t\t\t\t\t\t\t\t<\/div>\n\t\t\t\t\t<\/div>\n\t\t<\/div>\n\t\t\t\t\t<\/div>\n\t\t<\/section>\n\t\t\t\t<\/div>\n\t\t","protected":false},"excerpt":{"rendered":"<p>&#8220;\u00a1Salve, mi Patria querida, mi dulce Guatemala, salve! Delicia y amor de mi vida, mi fuente y origen&#8221;: las palabras del gran poeta guatemalteco Rafael Land\u00edvar (1731-1793) saltan a la mente al observar estos siete instantes captados por el fot\u00f3grafo Abel Ju\u00e1rez. Libertad y silencio en la Pe\u00f1a Blanca La Pe\u00f1a Blanca es una formaci\u00f3n [&hellip;]<\/p>\n","protected":false},"author":1,"featured_media":1390,"comment_status":"open","ping_status":"open","sticky":false,"template":"","format":"standard","meta":{"_acf_changed":false,"_eb_attr":"","footnotes":""},"categories":[58],"tags":[],"class_list":["post-1387","post","type-post","status-publish","format-standard","has-post-thumbnail","hentry","category-guate-nuestra"],"acf":[],"aioseo_notices":[],"aioseo_head":"\n\t\t<!-- All in One SEO Pro 4.9.6.2 - aioseo.com -->\n\t<meta name=\"description\" content=\"&quot;\u00a1Salve, mi Patria querida, mi dulce Guatemala, salve! Delicia y amor de mi vida, mi fuente y origen&quot;: las palabras del gran poeta guatemalteco Rafael Land\u00edvar (1731-1793) saltan a la mente al observar estos siete instantes captados por el fot\u00f3grafo Abel Ju\u00e1rez. Libertad y silencio en la Pe\u00f1a Blanca La Pe\u00f1a Blanca es una formaci\u00f3n\" \/>\n\t<meta name=\"robots\" content=\"max-snippet:-1, max-image-preview:large, max-video-preview:-1\" \/>\n\t<meta name=\"author\" content=\"SoyMigrante.com REVISTA\"\/>\n\t<link rel=\"canonical\" href=\"https:\/\/soymigrante.com\/revista\/siete-amaneceres-increibles-fotografiados-en-guatemala\/\" \/>\n\t<meta name=\"generator\" content=\"All in One SEO Pro (AIOSEO) 4.9.6.2\" \/>\n\n\t\t<link rel=\"preconnect\" href=\"https:\/\/fonts.googleapis.com\" crossorigin>\n<link rel=\"preconnect\" href=\"https:\/\/fonts.gstatic.com\" crossorigin>\n\t\t<meta property=\"og:locale\" content=\"es_ES\" \/>\n\t\t<meta property=\"og:site_name\" content=\"SoyMigrante.com REVISTA \u2013 Nuestra misi\u00f3n es reconocer y dignificar al migrante.\" \/>\n\t\t<meta property=\"og:type\" content=\"article\" \/>\n\t\t<meta property=\"og:title\" content=\"Solamente en Guatemala: 5 amaneceres y 2 atardeceres incre\u00edbles\" \/>\n\t\t<meta property=\"og:description\" content=\"&quot;\u00a1Salve, mi Patria querida, mi dulce Guatemala, salve! Delicia y amor de mi vida, mi fuente y origen&quot;: las palabras del gran poeta guatemalteco Rafael Land\u00edvar (1731-1793) saltan a la mente al observar estos siete instantes captados por el fot\u00f3grafo Abel Ju\u00e1rez. Libertad y silencio en la Pe\u00f1a Blanca La Pe\u00f1a Blanca es una formaci\u00f3n\" \/>\n\t\t<meta property=\"og:url\" content=\"https:\/\/soymigrante.com\/revista\/siete-amaneceres-increibles-fotografiados-en-guatemala\/\" \/>\n\t\t<meta property=\"og:image\" content=\"https:\/\/soymigrante.com\/revista\/wp-content\/uploads\/2023\/06\/Vistas-de-amaneceres-en-Guatemala-por-el-fotografo-Abel-Juarez-3.webp\" \/>\n\t\t<meta property=\"og:image:secure_url\" content=\"https:\/\/soymigrante.com\/revista\/wp-content\/uploads\/2023\/06\/Vistas-de-amaneceres-en-Guatemala-por-el-fotografo-Abel-Juarez-3.webp\" \/>\n\t\t<meta property=\"og:image:width\" content=\"1600\" \/>\n\t\t<meta property=\"og:image:height\" content=\"1068\" \/>\n\t\t<meta property=\"article:published_time\" content=\"2023-06-15T01:19:22+00:00\" \/>\n\t\t<meta property=\"article:modified_time\" content=\"2025-08-01T01:55:50+00:00\" \/>\n\t\t<meta property=\"article:publisher\" content=\"https:\/\/www.facebook.com\/soymigrantecom\" \/>\n\t\t<meta name=\"twitter:card\" content=\"summary_large_image\" \/>\n\t\t<meta name=\"twitter:site\" content=\"@SoyMigrante_com\" \/>\n\t\t<meta name=\"twitter:title\" content=\"Solamente en Guatemala: 5 amaneceres y 2 atardeceres incre\u00edbles\" \/>\n\t\t<meta name=\"twitter:description\" content=\"&quot;\u00a1Salve, mi Patria querida, mi dulce Guatemala, salve! Delicia y amor de mi vida, mi fuente y origen&quot;: las palabras del gran poeta guatemalteco Rafael Land\u00edvar (1731-1793) saltan a la mente al observar estos siete instantes captados por el fot\u00f3grafo Abel Ju\u00e1rez. Libertad y silencio en la Pe\u00f1a Blanca La Pe\u00f1a Blanca es una formaci\u00f3n\" \/>\n\t\t<meta name=\"twitter:creator\" content=\"@SoyMigrante_com\" \/>\n\t\t<meta name=\"twitter:image\" content=\"https:\/\/soymigrante.com\/revista\/wp-content\/uploads\/2023\/06\/Vistas-de-amaneceres-en-Guatemala-por-el-fotografo-Abel-Juarez-3.webp\" \/>\n\t\t<!-- All in One SEO Pro -->\r\n\t\t<title>Solamente en Guatemala: 5 amaneceres y 2 atardeceres incre\u00edbles<\/title>\n\n","aioseo_head_json":{"title":"Solamente en Guatemala: 5 amaneceres y 2 atardeceres incre\u00edbles","description":"\"\u00a1Salve, mi Patria querida, mi dulce Guatemala, salve! Delicia y amor de mi vida, mi fuente y origen\": las palabras del gran poeta guatemalteco Rafael Land\u00edvar (1731-1793) saltan a la mente al observar estos siete instantes captados por el fot\u00f3grafo Abel Ju\u00e1rez. Libertad y silencio en la Pe\u00f1a Blanca La Pe\u00f1a Blanca es una formaci\u00f3n","canonical_url":"https:\/\/soymigrante.com\/revista\/siete-amaneceres-increibles-fotografiados-en-guatemala\/","robots":"max-snippet:-1, max-image-preview:large, max-video-preview:-1","keywords":"","webmasterTools":{"miscellaneous":"&lt;link rel=\"preconnect\" href=\"https:\/\/fonts.googleapis.com\" crossorigin&gt;\n&lt;link rel=\"preconnect\" href=\"https:\/\/fonts.gstatic.com\" crossorigin&gt;"},"schema":null,"og:locale":"es_ES","og:site_name":"SoyMigrante.com REVISTA \u2013 Nuestra misi\u00f3n es reconocer y dignificar al migrante.","og:type":"article","og:title":"Solamente en Guatemala: 5 amaneceres y 2 atardeceres incre\u00edbles","og:description":"&quot;\u00a1Salve, mi Patria querida, mi dulce Guatemala, salve! Delicia y amor de mi vida, mi fuente y origen&quot;: las palabras del gran poeta guatemalteco Rafael Land\u00edvar (1731-1793) saltan a la mente al observar estos siete instantes captados por el fot\u00f3grafo Abel Ju\u00e1rez. Libertad y silencio en la Pe\u00f1a Blanca La Pe\u00f1a Blanca es una formaci\u00f3n","og:url":"https:\/\/soymigrante.com\/revista\/siete-amaneceres-increibles-fotografiados-en-guatemala\/","og:image":"https:\/\/soymigrante.com\/revista\/wp-content\/uploads\/2023\/06\/Vistas-de-amaneceres-en-Guatemala-por-el-fotografo-Abel-Juarez-3.webp","og:image:secure_url":"https:\/\/soymigrante.com\/revista\/wp-content\/uploads\/2023\/06\/Vistas-de-amaneceres-en-Guatemala-por-el-fotografo-Abel-Juarez-3.webp","og:image:width":1600,"og:image:height":1068,"article:published_time":"2023-06-15T01:19:22+00:00","article:modified_time":"2025-08-01T01:55:50+00:00","article:publisher":"https:\/\/www.facebook.com\/soymigrantecom","twitter:card":"summary_large_image","twitter:site":"@SoyMigrante_com","twitter:title":"Solamente en Guatemala: 5 amaneceres y 2 atardeceres incre\u00edbles","twitter:description":"&quot;\u00a1Salve, mi Patria querida, mi dulce Guatemala, salve! Delicia y amor de mi vida, mi fuente y origen&quot;: las palabras del gran poeta guatemalteco Rafael Land\u00edvar (1731-1793) saltan a la mente al observar estos siete instantes captados por el fot\u00f3grafo Abel Ju\u00e1rez. Libertad y silencio en la Pe\u00f1a Blanca La Pe\u00f1a Blanca es una formaci\u00f3n","twitter:creator":"@SoyMigrante_com","twitter:image":"https:\/\/soymigrante.com\/revista\/wp-content\/uploads\/2023\/06\/Vistas-de-amaneceres-en-Guatemala-por-el-fotografo-Abel-Juarez-3.webp"},"aioseo_meta_data":{"post_id":"1387","title":null,"description":null,"keywords":null,"keyphrases":{"focus":{"keyphrase":"Guatemala","score":91,"analysis":{"keyphraseInTitle":{"score":9,"maxScore":9,"error":0},"keyphraseInDescription":{"score":9,"maxScore":9,"error":0},"keyphraseLength":{"score":9,"maxScore":9,"error":0,"length":1},"keyphraseInURL":{"score":5,"maxScore":5,"error":0},"keyphraseInIntroduction":{"score":9,"maxScore":9,"error":0},"keyphraseInSubHeadings":{"score":3,"maxScore":9,"error":1},"keyphraseInImageAlt":{"score":9,"maxScore":9,"error":0},"keywordDensity":{"type":"best","score":9,"maxScore":9,"error":0}}},"additional":[{"keyphrase":"Paisaje guatemalteco","score":40,"analysis":{"keyphraseInDescription":{"score":3,"maxScore":9,"error":1},"keyphraseLength":{"score":9,"maxScore":9,"error":0,"length":2},"keyphraseInIntroduction":{"score":3,"maxScore":9,"error":1},"keyphraseInImageAlt":{"score":3,"maxScore":9,"error":1},"keywordDensity":{"score":0,"type":"low","maxScore":9,"error":1}}}]},"primary_term":null,"canonical_url":null,"og_title":null,"og_description":null,"og_object_type":"default","og_image_type":"default","og_image_url":null,"og_image_width":null,"og_image_height":null,"og_image_custom_url":null,"og_image_custom_fields":null,"og_video":"","og_custom_url":null,"og_article_section":null,"og_article_tags":null,"twitter_use_og":false,"twitter_card":"default","twitter_image_type":"default","twitter_image_url":null,"twitter_image_custom_url":null,"twitter_image_custom_fields":null,"twitter_title":null,"twitter_description":null,"schema":{"blockGraphs":[],"customGraphs":[],"default":{"data":{"Article":[],"Course":[],"Dataset":[],"FAQPage":[],"Movie":[],"Person":[],"Product":[],"ProductReview":[],"Car":[],"Recipe":[],"Service":[],"SoftwareApplication":[],"WebPage":[]},"graphName":"none","isEnabled":true},"graphs":[]},"schema_type":"default","schema_type_options":null,"pillar_content":false,"robots_default":true,"robots_noindex":false,"robots_noarchive":false,"robots_nosnippet":false,"robots_nofollow":false,"robots_noimageindex":false,"robots_noodp":false,"robots_notranslate":false,"robots_max_snippet":"-1","robots_max_videopreview":"-1","robots_max_imagepreview":"large","priority":null,"frequency":"default","local_seo":null,"seo_analyzer_scan_date":"2025-10-08 19:54:35","breadcrumb_settings":null,"limit_modified_date":false,"reviewed_by":"0","open_ai":"{\"title\":{\"suggestions\":[],\"usage\":0},\"description\":{\"suggestions\":[],\"usage\":0}}","ai":{"faqs":[],"keyPoints":[],"titles":[],"descriptions":[],"socialPosts":{"email":[],"linkedin":[],"twitter":[],"facebook":[],"instagram":[]}},"created":"2023-08-18 13:19:31","updated":"2026-02-04 04:40:39"},"aioseo_breadcrumb":"<div class=\"aioseo-breadcrumbs\"><span class=\"aioseo-breadcrumb\">\n\t<a href=\"https:\/\/soymigrante.com\/revista\" title=\"Home\">Home<\/a>\n<\/span><span class=\"aioseo-breadcrumb-separator\">\u00bb<\/span><span class=\"aioseo-breadcrumb\">\n\t<a href=\"https:\/\/soymigrante.com\/revista\/category\/guate-nuestra\/\" title=\"Guate Nuestra\">Guate Nuestra<\/a>\n<\/span><span class=\"aioseo-breadcrumb-separator\">\u00bb<\/span><span class=\"aioseo-breadcrumb\">\n\tSolamente en Guatemala: 5 amaneceres y 2 atardeceres incre\u00edbles\n<\/span><\/div>","aioseo_breadcrumb_json":[{"label":"Home","link":"https:\/\/soymigrante.com\/revista"},{"label":"Guate Nuestra","link":"https:\/\/soymigrante.com\/revista\/category\/guate-nuestra\/"},{"label":"Solamente en Guatemala: 5 amaneceres y 2 atardeceres incre\u00edbles","link":"https:\/\/soymigrante.com\/revista\/siete-amaneceres-increibles-fotografiados-en-guatemala\/"}],"_links":{"self":[{"href":"https:\/\/soymigrante.com\/revista\/wp-json\/wp\/v2\/posts\/1387","targetHints":{"allow":["GET"]}}],"collection":[{"href":"https:\/\/soymigrante.com\/revista\/wp-json\/wp\/v2\/posts"}],"about":[{"href":"https:\/\/soymigrante.com\/revista\/wp-json\/wp\/v2\/types\/post"}],"author":[{"embeddable":true,"href":"https:\/\/soymigrante.com\/revista\/wp-json\/wp\/v2\/users\/1"}],"replies":[{"embeddable":true,"href":"https:\/\/soymigrante.com\/revista\/wp-json\/wp\/v2\/comments?post=1387"}],"version-history":[{"count":7,"href":"https:\/\/soymigrante.com\/revista\/wp-json\/wp\/v2\/posts\/1387\/revisions"}],"predecessor-version":[{"id":41021,"href":"https:\/\/soymigrante.com\/revista\/wp-json\/wp\/v2\/posts\/1387\/revisions\/41021"}],"wp:featuredmedia":[{"embeddable":true,"href":"https:\/\/soymigrante.com\/revista\/wp-json\/wp\/v2\/media\/1390"}],"wp:attachment":[{"href":"https:\/\/soymigrante.com\/revista\/wp-json\/wp\/v2\/media?parent=1387"}],"wp:term":[{"taxonomy":"category","embeddable":true,"href":"https:\/\/soymigrante.com\/revista\/wp-json\/wp\/v2\/categories?post=1387"},{"taxonomy":"post_tag","embeddable":true,"href":"https:\/\/soymigrante.com\/revista\/wp-json\/wp\/v2\/tags?post=1387"}],"curies":[{"name":"wp","href":"https:\/\/api.w.org\/{rel}","templated":true}]}}