{"id":13792,"date":"2024-11-20T09:27:59","date_gmt":"2024-11-20T15:27:59","guid":{"rendered":"https:\/\/soymigrante.com\/revista\/?p=13792"},"modified":"2024-11-20T22:56:39","modified_gmt":"2024-11-21T04:56:39","slug":"marcos-antil-expone-plataforma-soymigrante-com-mercado-a-emprendedoras-en-republica-mujer","status":"publish","type":"post","link":"https:\/\/soymigrante.com\/revista\/marcos-antil-expone-plataforma-soymigrante-com-mercado-a-emprendedoras-en-republica-mujer\/","title":{"rendered":"Marcos Antil expone plataforma SoyMigrante.com MERCADO a emprendedoras en Rep\u00fablica Mujer"},"content":{"rendered":"\t\t<div data-elementor-type=\"wp-post\" data-elementor-id=\"13792\" class=\"elementor elementor-13792\" data-elementor-post-type=\"post\">\n\t\t\t\t<div data-particle_enable=\"false\" data-particle-mobile-disabled=\"false\" class=\"elementor-element elementor-element-35a2bf5 e-flex e-con-boxed e-con e-parent\" data-id=\"35a2bf5\" data-element_type=\"container\" data-e-type=\"container\">\n\t\t\t\t\t<div class=\"e-con-inner\">\n\t\t\t\t<div class=\"elementor-element elementor-element-67a7e04 elementor-widget elementor-widget-heading\" data-id=\"67a7e04\" data-element_type=\"widget\" data-e-type=\"widget\" data-widget_type=\"heading.default\">\n\t\t\t\t\t<h2 class=\"elementor-heading-title elementor-size-default\"><a href=\"https:\/\/soymigrante.com\/revista\/mercado-artesanias-en-guatemala-ubicaciones-y-horarios\/\">En evento Rep\u00fablica Mujer y ante cientos de emprendedoras, Marcos Antil  present\u00f3 la comunidad digital SoyMigrante.com MERCADO, cuyo objetivo es brindar una herramienta sin fronteras para potenciar el valor del trabajo manual, artesanal y creativo guatemalteco.<\/a><\/h2>\t\t\t\t<\/div>\n\t\t\t\t\t<\/div>\n\t\t\t\t<\/div>\n\t\t<div data-particle_enable=\"false\" data-particle-mobile-disabled=\"false\" class=\"elementor-element elementor-element-bf155d6 e-flex e-con-boxed e-con e-parent\" data-id=\"bf155d6\" data-element_type=\"container\" data-e-type=\"container\">\n\t\t\t\t\t<div class=\"e-con-inner\">\n\t\t\t\t<div class=\"elementor-element elementor-element-8fb87d0 elementor-widget elementor-widget-text-editor\" data-id=\"8fb87d0\" data-element_type=\"widget\" data-e-type=\"widget\" data-widget_type=\"text-editor.default\">\n\t\t\t\t\t\t\t\t\t<p>&#8220;<a href=\"https:\/\/soymigrante.com\/revista\/mercado-artesanias-en-guatemala-ubicaciones-y-horarios\/\">SoyMigrante.com MERCADO<\/a> es la propuesta, la respuesta que est\u00e1 abierta a todos los emprendedores y emprendedoras guatemaltecas que conoc\u00ed durante la gira Migrante de 2022. Recorr\u00ed todo el pa\u00eds en ferias de emprendimiento y me d\u00ed cuenta de cu\u00e1nto talento, cu\u00e1nta creatividad y cuanta riqueza productiva hay en todo el pa\u00eds&#8221;.\u00a0<\/p><p>&#8220;Pero tienen la limitaci\u00f3n de horario, de una tienda f\u00edsica y dependen de la llegada de visitantes. Ahora pueden tener una tienda en la que pueden recibir pedidos las 24 horas e incluso, en ciertos productos que no tengan restricciones, podr\u00e1n acceder al mercado m\u00e1s grande del mundo: Estados Unidos&#8221;, expuso el migrante y emprendedor tecnol\u00f3gico Marcos Antil en el\u00a0 evento <a href=\"https:\/\/republica.gt\/actualidad\/como-aprovechar-las-oportunidades-para-convertirte-en-lider-y-no-en-victima-202411191930\">Rep\u00fablica Mujer,<\/a> organizado por el medio digital <a href=\"https:\/\/republica.gt\/actualidad\/como-aprovechar-las-oportunidades-para-convertirte-en-lider-y-no-en-victima-202411191930\">Rep\u00fablica<\/a>, para presentar testimonios, foros y conferencias especializadas para potenciar el talento productivo de las guatemaltecas.<\/p>\t\t\t\t\t\t\t\t<\/div>\n\t\t\t\t\t<\/div>\n\t\t\t\t<\/div>\n\t\t<div data-particle_enable=\"false\" data-particle-mobile-disabled=\"false\" class=\"elementor-element elementor-element-b2e8005 e-flex e-con-boxed e-con e-parent\" data-id=\"b2e8005\" data-element_type=\"container\" data-e-type=\"container\">\n\t\t\t\t\t<div class=\"e-con-inner\">\n\t\t\t\t<div class=\"elementor-element elementor-element-3ca09ec elementor-widget elementor-widget-image\" data-id=\"3ca09ec\" data-element_type=\"widget\" data-e-type=\"widget\" data-widget_type=\"image.default\">\n\t\t\t\t\t\t\t\t\t\t\t\t<figure class=\"wp-caption\">\n\t\t\t\t\t\t\t\t\t\t<img fetchpriority=\"high\" decoding=\"async\" width=\"768\" height=\"432\" src=\"https:\/\/soymigrante.com\/revista\/wp-content\/uploads\/2024\/11\/marcos-antil-soymigrante-MERCADO-1-1-1024x576.jpeg\" class=\"attachment-large size-large wp-image-13809\" alt=\"Migrante presentando en conferencia temas de migraci\u00f3n y derechos humanos con fondo de fotos de comunidades migrantes en Latinoam\u00e9rica.\" srcset=\"https:\/\/soymigrante.com\/revista\/wp-content\/uploads\/2024\/11\/marcos-antil-soymigrante-MERCADO-1-1-1024x576.jpeg 1024w, https:\/\/soymigrante.com\/revista\/wp-content\/uploads\/2024\/11\/marcos-antil-soymigrante-MERCADO-1-1-300x169.jpeg 300w, https:\/\/soymigrante.com\/revista\/wp-content\/uploads\/2024\/11\/marcos-antil-soymigrante-MERCADO-1-1-768x432.jpeg 768w, https:\/\/soymigrante.com\/revista\/wp-content\/uploads\/2024\/11\/marcos-antil-soymigrante-MERCADO-1-1-1536x864.jpeg 1536w, https:\/\/soymigrante.com\/revista\/wp-content\/uploads\/2024\/11\/marcos-antil-soymigrante-MERCADO-1-1-750x422.jpeg 750w, https:\/\/soymigrante.com\/revista\/wp-content\/uploads\/2024\/11\/marcos-antil-soymigrante-MERCADO-1-1-1140x641.jpeg 1140w, https:\/\/soymigrante.com\/revista\/wp-content\/uploads\/2024\/11\/marcos-antil-soymigrante-MERCADO-1-1.jpeg 1920w\" sizes=\"(max-width: 768px) 100vw, 768px\" title=\"Marcos Antil present\u00f3 una s\u00edntesis de su vida en Guatemala, las razones que llevaron a su familia a migrar, el proceso que vivi\u00f3 para llegar a ser emprendedor digital y los motivos que ahora le impulsan para abrir las puertas de  SoyMigrante.com MERCADO. \u2013 SoyMigrante.com REVISTA\" \/>\t\t\t\t\t\t\t\t\t\t\t<figcaption class=\"widget-image-caption wp-caption-text\">Conferencia sobre migrantes y derechos humanos en Latinoam\u00e9rica, destacando historias y cultura de las comunidades migrantes en la regi\u00f3n.<\/figcaption>\n\t\t\t\t\t\t\t\t\t\t<\/figure>\n\t\t\t\t\t\t\t\t\t<\/div>\n\t\t\t\t\t<\/div>\n\t\t\t\t<\/div>\n\t\t<div data-particle_enable=\"false\" data-particle-mobile-disabled=\"false\" class=\"elementor-element elementor-element-3d4148e e-flex e-con-boxed e-con e-parent\" data-id=\"3d4148e\" data-element_type=\"container\" data-e-type=\"container\">\n\t\t\t\t\t<div class=\"e-con-inner\">\n\t\t\t\t<div class=\"elementor-element elementor-element-e8ba77a elementor-align-center elementor-widget elementor-widget-button\" data-id=\"e8ba77a\" data-element_type=\"widget\" data-e-type=\"widget\" data-widget_type=\"button.default\">\n\t\t\t\t\t\t\t\t\t\t<a class=\"elementor-button elementor-button-link elementor-size-sm\" href=\"https:\/\/soymigrante.com\/mercado\/marketplace\/seller\/register\">\n\t\t\t\t\t\t<span class=\"elementor-button-content-wrapper\">\n\t\t\t\t\t\t\t\t\t<span class=\"elementor-button-text\">\u00bfEres emprendedor guatemalteco y deseas vender tus productos en SoyMigrante.com MERCADO?  Clic aqu\u00ed para registrarte<\/span>\n\t\t\t\t\t<\/span>\n\t\t\t\t\t<\/a>\n\t\t\t\t\t\t\t\t<\/div>\n\t\t\t\t\t<\/div>\n\t\t\t\t<\/div>\n\t\t<div data-particle_enable=\"false\" data-particle-mobile-disabled=\"false\" class=\"elementor-element elementor-element-77f1158 e-flex e-con-boxed e-con e-parent\" data-id=\"77f1158\" data-element_type=\"container\" data-e-type=\"container\">\n\t\t\t\t\t<div class=\"e-con-inner\">\n\t\t\t\t<div class=\"elementor-element elementor-element-813a181 elementor-widget elementor-widget-heading\" data-id=\"813a181\" data-element_type=\"widget\" data-e-type=\"widget\" data-widget_type=\"heading.default\">\n\t\t\t\t\t<h2 class=\"elementor-heading-title elementor-size-default\">Migraci\u00f3n, transformaci\u00f3n y herramientas<\/h2>\t\t\t\t<\/div>\n\t\t\t\t\t<\/div>\n\t\t\t\t<\/div>\n\t\t<div data-particle_enable=\"false\" data-particle-mobile-disabled=\"false\" class=\"elementor-element elementor-element-88c0c65 e-flex e-con-boxed e-con e-parent\" data-id=\"88c0c65\" data-element_type=\"container\" data-e-type=\"container\">\n\t\t\t\t\t<div class=\"e-con-inner\">\n\t\t\t\t<div class=\"elementor-element elementor-element-2a6ea6d elementor-widget elementor-widget-text-editor\" data-id=\"2a6ea6d\" data-element_type=\"widget\" data-e-type=\"widget\" data-widget_type=\"text-editor.default\">\n\t\t\t\t\t\t\t\t\t<p>Marcos Antil refiri\u00f3 la salida de su pap\u00e1, como migrante hacia Estados Unidos en la d\u00e9cada 1980 a causa de la violencia del conflicto armado de Guatemala. Su mam\u00e1 y hermanos tambi\u00e9n migraron y finalmente lleg\u00f3 \u00e9l tambi\u00e9n a Los Angeles, donde vivi\u00f3 un choque cultural, idiom\u00e1tico y tambi\u00e9n educativo que finalmente le llev\u00f3 a un puente hacia la tecnolog\u00eda.\u00a0<\/p><p>Estudi\u00f3 Computer Science y empez\u00f3 en 2000 a trabajar en programaci\u00f3n. En 2003 fund\u00f3 la empresa Xumak, con la cual lleg\u00f3 a trabajar con exitosas compa\u00f1\u00edas del Fortune 500 a las cuales prest\u00f3 soporte digital. &#8220;En 2008 trasladamos la operaci\u00f3n a Guatemala en donde encontramos recurso humano de alt\u00edsima calidad. Porque en Guatemala hay un inmenso potencial&#8221;, dijo y desat\u00f3 un fuerte aplauso.\u00a0<\/p><p>En efecto ese talento de tantos emprendedores guatemaltecos fue conocido de primera mano por Marcos Antil a lo largo de 2022 y as\u00ed lo relat\u00f3:<\/p>\t\t\t\t\t\t\t\t<\/div>\n\t\t\t\t\t<\/div>\n\t\t\t\t<\/div>\n\t\t<div data-particle_enable=\"false\" data-particle-mobile-disabled=\"false\" class=\"elementor-element elementor-element-231fe7f e-flex e-con-boxed e-con e-parent\" data-id=\"231fe7f\" data-element_type=\"container\" data-e-type=\"container\">\n\t\t\t\t\t<div class=\"e-con-inner\">\n\t\t\t\t<div class=\"elementor-element elementor-element-1ace7e9 elementor-widget elementor-widget-image\" data-id=\"1ace7e9\" data-element_type=\"widget\" data-e-type=\"widget\" data-widget_type=\"image.default\">\n\t\t\t\t\t\t\t\t\t\t\t\t<figure class=\"wp-caption\">\n\t\t\t\t\t\t\t\t\t\t<img decoding=\"async\" width=\"768\" height=\"599\" src=\"https:\/\/soymigrante.com\/revista\/wp-content\/uploads\/2024\/11\/marcos-antil-mercado-2-1024x799.jpg\" class=\"attachment-large size-large wp-image-13811\" alt=\"Mujer migrante en evento con pantalla de SoyMigrante.com y QR para compras en l\u00ednea, promoviendo temas de libertad, familia y derechos de migrantes.\" srcset=\"https:\/\/soymigrante.com\/revista\/wp-content\/uploads\/2024\/11\/marcos-antil-mercado-2-1024x799.jpg 1024w, https:\/\/soymigrante.com\/revista\/wp-content\/uploads\/2024\/11\/marcos-antil-mercado-2-300x234.jpg 300w, https:\/\/soymigrante.com\/revista\/wp-content\/uploads\/2024\/11\/marcos-antil-mercado-2-768x599.jpg 768w, https:\/\/soymigrante.com\/revista\/wp-content\/uploads\/2024\/11\/marcos-antil-mercado-2-750x585.webp 750w, https:\/\/soymigrante.com\/revista\/wp-content\/uploads\/2024\/11\/marcos-antil-mercado-2-1140x889.webp 1140w, https:\/\/soymigrante.com\/revista\/wp-content\/uploads\/2024\/11\/marcos-antil-mercado-2.webp 1440w\" sizes=\"(max-width: 768px) 100vw, 768px\" title=\"En la conferencia, Marcos Antil explic\u00f3 que el objetivo de SoyMigrante.com MERCADO es impulsar el desarrollo de las comunidades y apoyar a los emprendedores con una herramienta tecnol\u00f3gica de primer nivel. \u2013 SoyMigrante.com REVISTA\" \/>\t\t\t\t\t\t\t\t\t\t\t<figcaption class=\"widget-image-caption wp-caption-text\">Presentador en escenario de evento de SoyMigrante.com promoviendo contenidos para mujeres migrantes, con enfoque en libertad y empoderamiento.<\/figcaption>\n\t\t\t\t\t\t\t\t\t\t<\/figure>\n\t\t\t\t\t\t\t\t\t<\/div>\n\t\t\t\t\t<\/div>\n\t\t\t\t<\/div>\n\t\t<div data-particle_enable=\"false\" data-particle-mobile-disabled=\"false\" class=\"elementor-element elementor-element-41c7b09 e-flex e-con-boxed e-con e-parent\" data-id=\"41c7b09\" data-element_type=\"container\" data-e-type=\"container\">\n\t\t\t\t\t<div class=\"e-con-inner\">\n\t\t\t\t<div class=\"elementor-element elementor-element-b3b2510 elementor-widget elementor-widget-heading\" data-id=\"b3b2510\" data-element_type=\"widget\" data-e-type=\"widget\" data-widget_type=\"heading.default\">\n\t\t\t\t\t<h2 class=\"elementor-heading-title elementor-size-default\">\"Nuestro grano de ma\u00edz para el desarrollo\"<\/h2>\t\t\t\t<\/div>\n\t\t\t\t\t<\/div>\n\t\t\t\t<\/div>\n\t\t<div data-particle_enable=\"false\" data-particle-mobile-disabled=\"false\" class=\"elementor-element elementor-element-a9e4b00 e-flex e-con-boxed e-con e-parent\" data-id=\"a9e4b00\" data-element_type=\"container\" data-e-type=\"container\">\n\t\t\t\t\t<div class=\"e-con-inner\">\n\t\t\t\t<div class=\"elementor-element elementor-element-aab37f5 elementor-widget elementor-widget-text-editor\" data-id=\"aab37f5\" data-element_type=\"widget\" data-e-type=\"widget\" data-widget_type=\"text-editor.default\">\n\t\t\t\t\t\t\t\t\t<p><span style=\"color: var( --e-global-color-text ); text-align: var(--text-align);\">&#8220;En 2022 realizamos la gira para presentar el libro Migrante y tambien hicimos ferias de emprendimiento en los departamentos de la Rep\u00fablica. De nuevo encontramos ese talento de los emprendedores, los artesanos, los fabricantes de productos a mano. En cada una hallamos art\u00edculos y productos maravillosos, de alta calidad, que merecen tener mejores oportunidades.\u00a0 \u00bfC\u00f3mo podemos ayudarlos?&#8221;.<\/span><\/p><p>&#8220;A trav\u00e9s de mi experiencia en tecnolog\u00eda desarrollamos <a href=\"https:\/\/soymigrante.com\/revista\/mercado-artesanias-en-guatemala-ubicaciones-y-horarios\/\">SoyMigrante.com MERCADO <\/a>una comunidad digital en la cual los emprendedores y las emprendedoras como ustedes est\u00e1n invitados a abrir su propia tienda, sin costo, para vender sus productos. Queremos potenciar as\u00ed el desarrollo en los departamentos, incrementar las ventas y con ello frenar la migraci\u00f3n forzada&#8221;, explic\u00f3 Marcos\u00a0 Antil.<\/p>\t\t\t\t\t\t\t\t<\/div>\n\t\t\t\t\t<\/div>\n\t\t\t\t<\/div>\n\t\t<div data-particle_enable=\"false\" data-particle-mobile-disabled=\"false\" class=\"elementor-element elementor-element-14d8752 e-flex e-con-boxed e-con e-parent\" data-id=\"14d8752\" data-element_type=\"container\" data-e-type=\"container\">\n\t\t\t\t\t<div class=\"e-con-inner\">\n\t\t\t\t<div class=\"elementor-element elementor-element-edc0a6d elementor-widget elementor-widget-image\" data-id=\"edc0a6d\" data-element_type=\"widget\" data-e-type=\"widget\" data-widget_type=\"image.default\">\n\t\t\t\t\t\t\t\t\t\t\t\t<figure class=\"wp-caption\">\n\t\t\t\t\t\t\t\t\t\t\t<a href=\"https:\/\/soymigrante.com\/revista\/mercado-es-una-comunidad-digital-para-emprendedores-guatemaltecos\/\">\n\t\t\t\t\t\t\t<img decoding=\"async\" width=\"768\" height=\"363\" src=\"https:\/\/soymigrante.com\/revista\/wp-content\/uploads\/2024\/11\/soymigrantecom-MERCADO-3-1024x484.jpg\" class=\"attachment-large size-large wp-image-13815\" alt=\"Colorido mercado en l\u00ednea de productos artesanales guatemaltecos, regalos personalizados y hechos a mano en SoyMigrante.com REVISTA. Compra productos \u00fanicos, hechos a mano y con tradici\u00f3n en Guatemala, promoviendo la cultura y artesan\u00eda local.\" srcset=\"https:\/\/soymigrante.com\/revista\/wp-content\/uploads\/2024\/11\/soymigrantecom-MERCADO-3-1024x484.jpg 1024w, https:\/\/soymigrante.com\/revista\/wp-content\/uploads\/2024\/11\/soymigrantecom-MERCADO-3-300x142.jpg 300w, https:\/\/soymigrante.com\/revista\/wp-content\/uploads\/2024\/11\/soymigrantecom-MERCADO-3-768x363.jpg 768w, https:\/\/soymigrante.com\/revista\/wp-content\/uploads\/2024\/11\/soymigrantecom-MERCADO-3-1536x727.jpg 1536w, https:\/\/soymigrante.com\/revista\/wp-content\/uploads\/2024\/11\/soymigrantecom-MERCADO-3-750x355.webp 750w, https:\/\/soymigrante.com\/revista\/wp-content\/uploads\/2024\/11\/soymigrantecom-MERCADO-3-1140x539.webp 1140w, https:\/\/soymigrante.com\/revista\/wp-content\/uploads\/2024\/11\/soymigrantecom-MERCADO-3.webp 1653w\" sizes=\"(max-width: 768px) 100vw, 768px\" title=\"La plataforma digital SoyMigrante.com MERCADO es una comunidad que re\u00fane a compradores y vendedores, sin l\u00edmite geogr\u00e1fico ni de horario. Puedes conocer m\u00e1s sobre este proyecto dando clic en la imagen. \u2013 SoyMigrante.com REVISTA\" \/>\t\t\t\t\t\t\t\t<\/a>\n\t\t\t\t\t\t\t\t\t\t\t<figcaption class=\"widget-image-caption wp-caption-text\">Revista digital SoyMigrante.com MERCADO que promueve productos hechos a mano, personalizados y regalos \u00fanicos para todos en Guatemala.<\/figcaption>\n\t\t\t\t\t\t\t\t\t\t<\/figure>\n\t\t\t\t\t\t\t\t\t<\/div>\n\t\t\t\t\t<\/div>\n\t\t\t\t<\/div>\n\t\t<div data-particle_enable=\"false\" data-particle-mobile-disabled=\"false\" class=\"elementor-element elementor-element-655dae3 e-flex e-con-boxed e-con e-parent\" data-id=\"655dae3\" data-element_type=\"container\" data-e-type=\"container\">\n\t\t\t\t\t<div class=\"e-con-inner\">\n\t\t\t\t<div class=\"elementor-element elementor-element-7a8c887 elementor-widget elementor-widget-text-editor\" data-id=\"7a8c887\" data-element_type=\"widget\" data-e-type=\"widget\" data-widget_type=\"text-editor.default\">\n\t\t\t\t\t\t\t\t\t<p>La conferencia finaliz\u00f3 con una atenta invitaci\u00f3n a todas las emprendedoras presentes a abrir su tienda en <a href=\"https:\/\/soymigrante.com\/revista\/mercado-artesanias-en-guatemala-ubicaciones-y-horarios\/\">SoyMigrante.com MERCADO<\/a>, con un agradecimiento a Rep\u00fablica por la invitaci\u00f3n y con una felicitaci\u00f3n a todas las participantes por su entusiasmo, creatividad y talento.<\/p>\t\t\t\t\t\t\t\t<\/div>\n\t\t\t\t\t<\/div>\n\t\t\t\t<\/div>\n\t\t<div data-particle_enable=\"false\" data-particle-mobile-disabled=\"false\" class=\"elementor-element elementor-element-9e3cc4e e-flex e-con-boxed e-con e-parent\" data-id=\"9e3cc4e\" data-element_type=\"container\" data-e-type=\"container\">\n\t\t\t\t\t<div class=\"e-con-inner\">\n\t\t\t\t<div class=\"elementor-element elementor-element-11565d0 elementor-align-center elementor-widget elementor-widget-button\" data-id=\"11565d0\" data-element_type=\"widget\" data-e-type=\"widget\" data-widget_type=\"button.default\">\n\t\t\t\t\t\t\t\t\t\t<a class=\"elementor-button elementor-button-link elementor-size-sm\" href=\"https:\/\/soymigrante.com\/mercado\/marketplace\/seller\/register\">\n\t\t\t\t\t\t<span class=\"elementor-button-content-wrapper\">\n\t\t\t\t\t\t\t\t\t<span class=\"elementor-button-text\">\u00bfEres emprendedor guatemalteco y deseas vender tus productos en SoyMigrante.com MERCADO?  Clic aqu\u00ed para registrarte<\/span>\n\t\t\t\t\t<\/span>\n\t\t\t\t\t<\/a>\n\t\t\t\t\t\t\t\t<\/div>\n\t\t\t\t\t<\/div>\n\t\t\t\t<\/div>\n\t\t<div data-particle_enable=\"false\" data-particle-mobile-disabled=\"false\" class=\"elementor-element elementor-element-d479774 e-flex e-con-boxed e-con e-parent\" data-id=\"d479774\" data-element_type=\"container\" data-e-type=\"container\">\n\t\t\t\t\t<div class=\"e-con-inner\">\n\t\t\t\t<div class=\"elementor-element elementor-element-c5e422b elementor-widget elementor-widget-heading\" data-id=\"c5e422b\" data-element_type=\"widget\" data-e-type=\"widget\" data-widget_type=\"heading.default\">\n\t\t\t\t\t<h2 class=\"elementor-heading-title elementor-size-default\">Detr\u00e1s de cada emprendimiento hay una historia<\/h2>\t\t\t\t<\/div>\n\t\t\t\t\t<\/div>\n\t\t\t\t<\/div>\n\t\t<div data-particle_enable=\"false\" data-particle-mobile-disabled=\"false\" class=\"elementor-element elementor-element-869f54a e-flex e-con-boxed e-con e-parent\" data-id=\"869f54a\" data-element_type=\"container\" data-e-type=\"container\">\n\t\t\t\t\t<div class=\"e-con-inner\">\n\t\t\t\t<div class=\"elementor-element elementor-element-5217058 elementor-widget elementor-widget-blfe-post-grid\" data-id=\"5217058\" data-element_type=\"widget\" data-e-type=\"widget\" data-settings=\"{&quot;columns&quot;:&quot;3&quot;,&quot;columns_tablet&quot;:&quot;6&quot;,&quot;columns_mobile&quot;:&quot;12&quot;,&quot;hero1_layout_column_gap&quot;:{&quot;unit&quot;:&quot;px&quot;,&quot;size&quot;:30,&quot;sizes&quot;:[]},&quot;hero1_layout_column_gap_tablet&quot;:{&quot;unit&quot;:&quot;px&quot;,&quot;size&quot;:&quot;&quot;,&quot;sizes&quot;:[]},&quot;hero1_layout_column_gap_mobile&quot;:{&quot;unit&quot;:&quot;px&quot;,&quot;size&quot;:&quot;&quot;,&quot;sizes&quot;:[]},&quot;hero1_layout_row_gap&quot;:{&quot;unit&quot;:&quot;px&quot;,&quot;size&quot;:30,&quot;sizes&quot;:[]},&quot;hero1_layout_row_gap_tablet&quot;:{&quot;unit&quot;:&quot;px&quot;,&quot;size&quot;:&quot;&quot;,&quot;sizes&quot;:[]},&quot;hero1_layout_row_gap_mobile&quot;:{&quot;unit&quot;:&quot;px&quot;,&quot;size&quot;:&quot;&quot;,&quot;sizes&quot;:[]}}\" data-widget_type=\"blfe-post-grid.hero1\">\n\t\t\t\t<div class=\"elementor-widget-container\">\n\t\t\t\t\t\n                        <div class=\"blfe-post-grid-container \">\n            \n                <div data-skin=\"hero1\" class=\"blfe-row blfe-posts-inner blfe-hero1 blfe-posts-inner blfe-col-3 blfe-col-tab-6 blfe-col-mob-12     \">\n                            <div class=\"blfe-post-grid-item\">\n            <div class=\"blfe-post-grid-item-inner blfe-modern-zoom\">\n                        <div class=\"blfe-post-grid-bg-image\">\n            <a class=\"blfe-post-grid-image-inner\" href=\"https:\/\/soymigrante.com\/revista\/cooperativa-yax-transforma-una-planta-recicladora-en-huehuetenango-que-crea-y-genera-empleo\/\" title=\"Yax Transforma recolecta pl\u00e1stico y lo convierte en tablas, mesas, postes y&#8230; empleos\" rel=\"nofollow\" target=\"_blank\"><img decoding=\"async\" src=\"https:\/\/soymigrante.com\/revista\/wp-content\/uploads\/2024\/10\/yax-transforma.webp\" alt=\"Yax Transforma recolecta pl\u00e1stico y lo convierte en tablas, mesas, postes y&#8230; empleos\"\/><\/a>        <\/div>\n                        <div class=\"blfe-post-grid-details\">\n                    <div class=\"blfe-post-grid-details-inner\">\n                        <span class=\"blfe-post-category\"><a href=\"https:\/\/soymigrante.com\/revista\/category\/guate-nuestra\/\">Guate Nuestra<\/a><\/span>                        <h3 class=\"blfe-post-grid-title\">\n            <a href=\"https:\/\/soymigrante.com\/revista\/cooperativa-yax-transforma-una-planta-recicladora-en-huehuetenango-que-crea-y-genera-empleo\/\" title=\"Yax Transforma recolecta pl\u00e1stico y lo convierte en tablas, mesas, postes y&#8230; empleos\" rel=\"nofollow\" target=\"_blank\">Yax Transforma recolecta pl\u00e1stico y lo convierte en tablas, mesas, postes y&#8230; empleos<\/a>\n            <\/h3>                                                            <div class=\"blfe-post-grid-meta\">\n                <span class=\"blfe-post-grid-time\"><i class=\"fas fa-book-reader\"><\/i>7 Min read<\/span>            <\/div>\n                                                        <\/div>\n                <\/div>\n\n            <\/div>\n        <\/div>\n                <div class=\"blfe-post-grid-item\">\n            <div class=\"blfe-post-grid-item-inner blfe-modern-zoom\">\n                        <div class=\"blfe-post-grid-bg-image\">\n            <a class=\"blfe-post-grid-image-inner\" href=\"https:\/\/soymigrante.com\/revista\/escritor-manuel-orantes-alvarez-confecciona-relatos-que-invitan-al-cambio\/\" title=\"Escritor Manuel Orantes-\u00c1lvarez crea relatos que invitan a la transformaci\u00f3n personal\" rel=\"nofollow\" target=\"_blank\"><img decoding=\"async\" src=\"https:\/\/soymigrante.com\/revista\/wp-content\/uploads\/2024\/10\/manuel-orantes-guatemalteco-escritor-migrante-3.webp\" alt=\"Escritor Manuel Orantes-\u00c1lvarez crea relatos que invitan a la transformaci\u00f3n personal\"\/><\/a>        <\/div>\n                        <div class=\"blfe-post-grid-details\">\n                    <div class=\"blfe-post-grid-details-inner\">\n                        <span class=\"blfe-post-category\"><a href=\"https:\/\/soymigrante.com\/revista\/category\/guate-nuestra\/\">Guate Nuestra<\/a><\/span>                        <h3 class=\"blfe-post-grid-title\">\n            <a href=\"https:\/\/soymigrante.com\/revista\/escritor-manuel-orantes-alvarez-confecciona-relatos-que-invitan-al-cambio\/\" title=\"Escritor Manuel Orantes-\u00c1lvarez crea relatos que invitan a la transformaci\u00f3n personal\" rel=\"nofollow\" target=\"_blank\">Escritor Manuel Orantes-\u00c1lvarez crea relatos que invitan a la transformaci\u00f3n personal<\/a>\n            <\/h3>                                                            <div class=\"blfe-post-grid-meta\">\n                <span class=\"blfe-post-grid-time\"><i class=\"fas fa-book-reader\"><\/i>6 Min read<\/span>            <\/div>\n                                                        <\/div>\n                <\/div>\n\n            <\/div>\n        <\/div>\n                <div class=\"blfe-post-grid-item\">\n            <div class=\"blfe-post-grid-item-inner blfe-modern-zoom\">\n                        <div class=\"blfe-post-grid-bg-image\">\n            <a class=\"blfe-post-grid-image-inner\" href=\"https:\/\/soymigrante.com\/revista\/tejido-con-el-mismo-carino-de-la-abuelita-el-emprendimiento-crochet-con-amor\/\" title=\"Tejido con el mismo cari\u00f1o de la abuelita: el emprendimiento Crochet con Amor\" rel=\"nofollow\" target=\"_blank\"><img decoding=\"async\" src=\"https:\/\/soymigrante.com\/revista\/wp-content\/uploads\/2024\/10\/crochet-con-amor-2.webp\" alt=\"Tejido con el mismo cari\u00f1o de la abuelita: el emprendimiento Crochet con Amor\"\/><\/a>        <\/div>\n                        <div class=\"blfe-post-grid-details\">\n                    <div class=\"blfe-post-grid-details-inner\">\n                        <span class=\"blfe-post-category\"><a href=\"https:\/\/soymigrante.com\/revista\/category\/guate-nuestra\/\">Guate Nuestra<\/a><\/span>                        <h3 class=\"blfe-post-grid-title\">\n            <a href=\"https:\/\/soymigrante.com\/revista\/tejido-con-el-mismo-carino-de-la-abuelita-el-emprendimiento-crochet-con-amor\/\" title=\"Tejido con el mismo cari\u00f1o de la abuelita: el emprendimiento Crochet con Amor\" rel=\"nofollow\" target=\"_blank\">Tejido con el mismo cari\u00f1o de la abuelita: el emprendimiento Crochet con Amor<\/a>\n            <\/h3>                                                            <div class=\"blfe-post-grid-meta\">\n                <span class=\"blfe-post-grid-time\"><i class=\"fas fa-book-reader\"><\/i>5 Min read<\/span>            <\/div>\n                                                        <\/div>\n                <\/div>\n\n            <\/div>\n        <\/div>\n                        <\/div>\n\n                        <\/div>\n            \n                        <div class=\"blfe-post-footer\">\n                        <\/div>\n            \t\t\t\t<\/div>\n\t\t\t\t<\/div>\n\t\t\t\t\t<\/div>\n\t\t\t\t<\/div>\n\t\t\t\t<\/div>\n\t\t","protected":false},"excerpt":{"rendered":"<p>En evento Rep\u00fablica Mujer y ante cientos de emprendedoras, Marcos Antil present\u00f3 la comunidad digital SoyMigrante.com MERCADO, cuyo objetivo es brindar una herramienta sin fronteras para potenciar el valor del trabajo manual, artesanal y creativo guatemalteco. &#8220;SoyMigrante.com MERCADO es la propuesta, la respuesta que est\u00e1 abierta a todos los emprendedores y emprendedoras guatemaltecas que conoc\u00ed [&hellip;]<\/p>\n","protected":false},"author":7,"featured_media":13799,"comment_status":"open","ping_status":"open","sticky":false,"template":"","format":"standard","meta":{"_acf_changed":false,"_eb_attr":"","footnotes":""},"categories":[58],"tags":[],"class_list":["post-13792","post","type-post","status-publish","format-standard","has-post-thumbnail","hentry","category-guate-nuestra"],"acf":[],"aioseo_notices":[],"aioseo_head":"\n\t\t<!-- All in One SEO Pro 4.9.6.2 - aioseo.com -->\n\t<meta name=\"description\" content=\"La emprendedora Claudia Garc\u00eda aprendi\u00f3 de ni\u00f1a a tejer con su abuelita Elizabeth. Aquella habilidad es hoy el hilo de un arte a la venta en SoyMigrante MERCADO\" \/>\n\t<meta name=\"robots\" content=\"max-snippet:-1, max-image-preview:large, max-video-preview:-1\" \/>\n\t<meta name=\"author\" content=\"Gustavo Montenegro\"\/>\n\t<link rel=\"canonical\" href=\"https:\/\/soymigrante.com\/revista\/tejido-con-el-mismo-carino-de-la-abuelita-el-emprendimiento-crochet-con-amor\/\" \/>\n\t<meta name=\"generator\" content=\"All in One SEO Pro (AIOSEO) 4.9.6.2\" \/>\n\n\t\t<link rel=\"preconnect\" href=\"https:\/\/fonts.googleapis.com\" crossorigin>\n<link rel=\"preconnect\" href=\"https:\/\/fonts.gstatic.com\" crossorigin>\n\t\t<meta property=\"og:locale\" content=\"es_ES\" \/>\n\t\t<meta property=\"og:site_name\" content=\"SoyMigrante.com REVISTA \u2013 Nuestra misi\u00f3n es reconocer y dignificar al migrante.\" \/>\n\t\t<meta property=\"og:type\" content=\"article\" \/>\n\t\t<meta property=\"og:title\" content=\"Tejido con cari\u00f1o de la abuelita: Crochet con Amor\" \/>\n\t\t<meta property=\"og:description\" content=\"La emprendedora Claudia Garc\u00eda aprendi\u00f3 de ni\u00f1a a tejer con su abuelita Elizabeth. Aquella habilidad es hoy el hilo de un arte a la venta en SoyMigrante MERCADO\" \/>\n\t\t<meta property=\"og:url\" content=\"https:\/\/soymigrante.com\/revista\/tejido-con-el-mismo-carino-de-la-abuelita-el-emprendimiento-crochet-con-amor\/\" \/>\n\t\t<meta property=\"og:image\" content=\"https:\/\/soymigrante.com\/revista\/wp-content\/uploads\/2024\/10\/crochet-con-amor-2.webp\" \/>\n\t\t<meta property=\"og:image:secure_url\" content=\"https:\/\/soymigrante.com\/revista\/wp-content\/uploads\/2024\/10\/crochet-con-amor-2.webp\" \/>\n\t\t<meta property=\"og:image:width\" content=\"670\" \/>\n\t\t<meta property=\"og:image:height\" content=\"661\" \/>\n\t\t<meta property=\"article:published_time\" content=\"2024-10-25T18:53:11+00:00\" \/>\n\t\t<meta property=\"article:modified_time\" content=\"2025-07-21T17:43:40+00:00\" \/>\n\t\t<meta property=\"article:publisher\" content=\"https:\/\/www.facebook.com\/soymigrantecom\" \/>\n\t\t<meta name=\"twitter:card\" content=\"summary_large_image\" \/>\n\t\t<meta name=\"twitter:site\" content=\"@SoyMigrante_com\" \/>\n\t\t<meta name=\"twitter:title\" content=\"Tejido con cari\u00f1o de la abuelita: Crochet con Amor\" \/>\n\t\t<meta name=\"twitter:description\" content=\"La emprendedora Claudia Garc\u00eda aprendi\u00f3 de ni\u00f1a a tejer con su abuelita Elizabeth. Aquella habilidad es hoy el hilo de un arte a la venta en SoyMigrante MERCADO\" \/>\n\t\t<meta name=\"twitter:creator\" content=\"@SoyMigrante_com\" \/>\n\t\t<meta name=\"twitter:image\" content=\"https:\/\/soymigrante.com\/revista\/wp-content\/uploads\/2024\/10\/crochet-con-amor-2.webp\" \/>\n\t\t<!-- All in One SEO Pro -->\r\n\t\t<title>Tejido con cari\u00f1o de la abuelita: Crochet con Amor<\/title>\n\n","aioseo_head_json":{"title":"Tejido con cari\u00f1o de la abuelita: Crochet con Amor","description":"La emprendedora Claudia Garc\u00eda aprendi\u00f3 de ni\u00f1a a tejer con su abuelita Elizabeth. Aquella habilidad es hoy el hilo de un arte a la venta en SoyMigrante MERCADO","canonical_url":"https:\/\/soymigrante.com\/revista\/tejido-con-el-mismo-carino-de-la-abuelita-el-emprendimiento-crochet-con-amor\/","robots":"max-snippet:-1, max-image-preview:large, max-video-preview:-1","keywords":"","webmasterTools":{"miscellaneous":"&lt;link rel=\"preconnect\" href=\"https:\/\/fonts.googleapis.com\" crossorigin&gt;\n&lt;link rel=\"preconnect\" href=\"https:\/\/fonts.gstatic.com\" crossorigin&gt;"},"schema":null,"og:locale":"es_ES","og:site_name":"SoyMigrante.com REVISTA \u2013 Nuestra misi\u00f3n es reconocer y dignificar al migrante.","og:type":"article","og:title":"Tejido con cari\u00f1o de la abuelita: Crochet con Amor","og:description":"La emprendedora Claudia Garc\u00eda aprendi\u00f3 de ni\u00f1a a tejer con su abuelita Elizabeth. Aquella habilidad es hoy el hilo de un arte a la venta en SoyMigrante MERCADO","og:url":"https:\/\/soymigrante.com\/revista\/tejido-con-el-mismo-carino-de-la-abuelita-el-emprendimiento-crochet-con-amor\/","og:image":"https:\/\/soymigrante.com\/revista\/wp-content\/uploads\/2024\/10\/crochet-con-amor-2.webp","og:image:secure_url":"https:\/\/soymigrante.com\/revista\/wp-content\/uploads\/2024\/10\/crochet-con-amor-2.webp","og:image:width":670,"og:image:height":661,"article:published_time":"2024-10-25T18:53:11+00:00","article:modified_time":"2025-07-21T17:43:40+00:00","article:publisher":"https:\/\/www.facebook.com\/soymigrantecom","twitter:card":"summary_large_image","twitter:site":"@SoyMigrante_com","twitter:title":"Tejido con cari\u00f1o de la abuelita: Crochet con Amor","twitter:description":"La emprendedora Claudia Garc\u00eda aprendi\u00f3 de ni\u00f1a a tejer con su abuelita Elizabeth. Aquella habilidad es hoy el hilo de un arte a la venta en SoyMigrante MERCADO","twitter:creator":"@SoyMigrante_com","twitter:image":"https:\/\/soymigrante.com\/revista\/wp-content\/uploads\/2024\/10\/crochet-con-amor-2.webp"},"aioseo_meta_data":{"post_id":"13792","title":"Marcos Antil invita a emprendedoras a participar en MERCADO","description":"En evento Rep\u00fablica Mujer se reunieron cientos de emprendedoras guatemaltecas a quienes Marcos Antil present\u00f3 SoyMigrante.com MERCADO y las invit\u00f3 a participar","keywords":null,"keyphrases":{"focus":{"keyphrase":"Emprendedoras","score":100,"analysis":{"keyphraseInTitle":{"score":9,"maxScore":9,"error":0},"keyphraseInDescription":{"score":9,"maxScore":9,"error":0},"keyphraseLength":{"score":9,"maxScore":9,"error":0,"length":1},"keyphraseInURL":{"score":5,"maxScore":5,"error":0}}},"additional":[{"keyphrase":"Mercado","score":100,"analysis":{"keyphraseInDescription":{"score":9,"maxScore":9,"error":0},"keyphraseLength":{"score":9,"maxScore":9,"error":0,"length":1}}},{"keyphrase":"Marcos Antil","score":100,"analysis":{"keyphraseInDescription":{"score":9,"maxScore":9,"error":0},"keyphraseLength":{"score":9,"maxScore":9,"error":0,"length":2}}}]},"primary_term":null,"canonical_url":null,"og_title":null,"og_description":null,"og_object_type":"default","og_image_type":"default","og_image_url":null,"og_image_width":null,"og_image_height":null,"og_image_custom_url":null,"og_image_custom_fields":null,"og_video":"","og_custom_url":null,"og_article_section":null,"og_article_tags":null,"twitter_use_og":false,"twitter_card":"default","twitter_image_type":"default","twitter_image_url":null,"twitter_image_custom_url":null,"twitter_image_custom_fields":null,"twitter_title":null,"twitter_description":null,"schema":{"blockGraphs":[],"customGraphs":[],"default":{"data":{"Article":[],"Course":[],"Dataset":[],"FAQPage":[],"Movie":[],"Person":[],"Product":[],"ProductReview":[],"Car":[],"Recipe":[],"Service":[],"SoftwareApplication":[],"WebPage":[]},"graphName":"Article","isEnabled":true},"graphs":[]},"schema_type":"default","schema_type_options":null,"pillar_content":false,"robots_default":true,"robots_noindex":false,"robots_noarchive":false,"robots_nosnippet":false,"robots_nofollow":false,"robots_noimageindex":false,"robots_noodp":false,"robots_notranslate":false,"robots_max_snippet":"-1","robots_max_videopreview":"-1","robots_max_imagepreview":"large","priority":null,"frequency":"default","local_seo":null,"seo_analyzer_scan_date":"2025-10-09 00:24:21","breadcrumb_settings":null,"limit_modified_date":false,"reviewed_by":null,"open_ai":"{\"title\":{\"suggestions\":[],\"usage\":0},\"description\":{\"suggestions\":[],\"usage\":0}}","ai":null,"created":"2024-11-20 13:03:35","updated":"2026-02-04 16:38:13"},"aioseo_breadcrumb":"<div class=\"aioseo-breadcrumbs\"><span class=\"aioseo-breadcrumb\">\n\t<a href=\"https:\/\/soymigrante.com\/revista\" title=\"Home\">Home<\/a>\n<\/span><span class=\"aioseo-breadcrumb-separator\">\u00bb<\/span><span class=\"aioseo-breadcrumb\">\n\t<a href=\"https:\/\/soymigrante.com\/revista\/category\/guate-nuestra\/\" title=\"Guate Nuestra\">Guate Nuestra<\/a>\n<\/span><span class=\"aioseo-breadcrumb-separator\">\u00bb<\/span><span class=\"aioseo-breadcrumb\">\n\tMarcos Antil expone plataforma SoyMigrante.com MERCADO a emprendedoras en Rep\u00fablica Mujer\n<\/span><\/div>","aioseo_breadcrumb_json":[{"label":"Home","link":"https:\/\/soymigrante.com\/revista"},{"label":"Guate Nuestra","link":"https:\/\/soymigrante.com\/revista\/category\/guate-nuestra\/"},{"label":"Marcos Antil expone plataforma SoyMigrante.com MERCADO a emprendedoras en Rep\u00fablica Mujer","link":"https:\/\/soymigrante.com\/revista\/marcos-antil-expone-plataforma-soymigrante-com-mercado-a-emprendedoras-en-republica-mujer\/"}],"_links":{"self":[{"href":"https:\/\/soymigrante.com\/revista\/wp-json\/wp\/v2\/posts\/13792","targetHints":{"allow":["GET"]}}],"collection":[{"href":"https:\/\/soymigrante.com\/revista\/wp-json\/wp\/v2\/posts"}],"about":[{"href":"https:\/\/soymigrante.com\/revista\/wp-json\/wp\/v2\/types\/post"}],"author":[{"embeddable":true,"href":"https:\/\/soymigrante.com\/revista\/wp-json\/wp\/v2\/users\/7"}],"replies":[{"embeddable":true,"href":"https:\/\/soymigrante.com\/revista\/wp-json\/wp\/v2\/comments?post=13792"}],"version-history":[{"count":0,"href":"https:\/\/soymigrante.com\/revista\/wp-json\/wp\/v2\/posts\/13792\/revisions"}],"wp:featuredmedia":[{"embeddable":true,"href":"https:\/\/soymigrante.com\/revista\/wp-json\/wp\/v2\/media\/13799"}],"wp:attachment":[{"href":"https:\/\/soymigrante.com\/revista\/wp-json\/wp\/v2\/media?parent=13792"}],"wp:term":[{"taxonomy":"category","embeddable":true,"href":"https:\/\/soymigrante.com\/revista\/wp-json\/wp\/v2\/categories?post=13792"},{"taxonomy":"post_tag","embeddable":true,"href":"https:\/\/soymigrante.com\/revista\/wp-json\/wp\/v2\/tags?post=13792"}],"curies":[{"name":"wp","href":"https:\/\/api.w.org\/{rel}","templated":true}]}}