{"id":13760,"date":"2024-12-09T06:00:00","date_gmt":"2024-12-09T12:00:00","guid":{"rendered":"https:\/\/soymigrante.com\/revista\/?p=13760"},"modified":"2024-12-08T22:53:43","modified_gmt":"2024-12-09T04:53:43","slug":"cuidar-la-vista-de-tus-hijos-debe-ser-una-prioridad-te-contamos-por-que-y-como","status":"publish","type":"post","link":"https:\/\/soymigrante.com\/revista\/cuidar-la-vista-de-tus-hijos-debe-ser-una-prioridad-te-contamos-por-que-y-como\/","title":{"rendered":"Cuidar la vista de tus hijos debe ser una prioridad: te contamos por qu\u00e9 y c\u00f3mo."},"content":{"rendered":"\t\t<div data-elementor-type=\"wp-post\" data-elementor-id=\"13760\" class=\"elementor elementor-13760\" data-elementor-post-type=\"post\">\n\t\t\t\t<div data-particle_enable=\"false\" data-particle-mobile-disabled=\"false\" class=\"elementor-element elementor-element-6ef8c9d e-flex e-con-boxed e-con e-parent\" data-id=\"6ef8c9d\" data-element_type=\"container\" data-e-type=\"container\">\n\t\t\t\t\t<div class=\"e-con-inner\">\n\t\t\t\t<div class=\"elementor-element elementor-element-add89d0 elementor-widget elementor-widget-heading\" data-id=\"add89d0\" data-element_type=\"widget\" data-e-type=\"widget\" data-widget_type=\"heading.default\">\n\t\t\t\t\t<h2 class=\"elementor-heading-title elementor-size-default\">Para las familias migrantes, garantizar una buena salud visual en sus hijos no solo es una inversi\u00f3n en su bienestar presente, sino tambi\u00e9n en su futuro.\n<\/h2>\t\t\t\t<\/div>\n\t\t\t\t\t<\/div>\n\t\t\t\t<\/div>\n\t\t<div data-particle_enable=\"false\" data-particle-mobile-disabled=\"false\" class=\"elementor-element elementor-element-dba7803 e-flex e-con-boxed e-con e-parent\" data-id=\"dba7803\" data-element_type=\"container\" data-e-type=\"container\">\n\t\t\t\t\t<div class=\"e-con-inner\">\n\t\t\t\t<div class=\"elementor-element elementor-element-0b9480f elementor-widget elementor-widget-text-editor\" data-id=\"0b9480f\" data-element_type=\"widget\" data-e-type=\"widget\" data-widget_type=\"text-editor.default\">\n\t\t\t\t\t\t\t\t\t<p>La salud visual es esencial para el desarrollo integral de los ni\u00f1os, especialmente en una \u00e9poca donde el uso de pantallas y dispositivos digitales ha aumentado significativamente.<\/p><p>Para las familias migrantes en Estados Unidos, cuidar la vista de los m\u00e1s peque\u00f1os puede convertirse en un desaf\u00edo, debido al acceso limitado a servicios m\u00e9dicos o la falta de informaci\u00f3n sobre c\u00f3mo proteger los ojos de sus hijos.<\/p>\t\t\t\t\t\t\t\t<\/div>\n\t\t\t\t\t<\/div>\n\t\t\t\t<\/div>\n\t\t<div data-particle_enable=\"false\" data-particle-mobile-disabled=\"false\" class=\"elementor-element elementor-element-4c3f1f3 e-flex e-con-boxed e-con e-parent\" data-id=\"4c3f1f3\" data-element_type=\"container\" data-e-type=\"container\">\n\t\t\t\t\t<div class=\"e-con-inner\">\n\t\t\t\t<div class=\"elementor-element elementor-element-87b14f8 elementor-widget elementor-widget-heading\" data-id=\"87b14f8\" data-element_type=\"widget\" data-e-type=\"widget\" data-widget_type=\"heading.default\">\n\t\t\t\t\t<h2 class=\"elementor-heading-title elementor-size-default\">Factores que afectan la salud visual de los ni\u00f1os migrantes<\/h2>\t\t\t\t<\/div>\n\t\t\t\t\t<\/div>\n\t\t\t\t<\/div>\n\t\t<div data-particle_enable=\"false\" data-particle-mobile-disabled=\"false\" class=\"elementor-element elementor-element-71c30f7 e-flex e-con-boxed e-con e-parent\" data-id=\"71c30f7\" data-element_type=\"container\" data-e-type=\"container\">\n\t\t\t\t\t<div class=\"e-con-inner\">\n\t\t\t\t<div class=\"elementor-element elementor-element-0638e7e elementor-widget elementor-widget-text-editor\" data-id=\"0638e7e\" data-element_type=\"widget\" data-e-type=\"widget\" data-widget_type=\"text-editor.default\">\n\t\t\t\t\t\t\t\t\t<div>Muchos ni\u00f1os migrantes enfrentan condiciones que pueden impactar su vista, como:<\/div><div>\u00a0<\/div><div><strong>1.Uso excesivo de pantallas:<\/strong> Las horas prolongadas frente a computadoras, tabletas y tel\u00e9fonos m\u00f3viles, ya sea por entretenimiento o estudio, pueden causar fatiga visual digital.<\/div><div>\u00a0<\/div><div><strong>2.Exposici\u00f3n a luz solar intensa:<\/strong> En actividades al aire libre, la falta de protecci\u00f3n ocular adecuada aumenta el riesgo de da\u00f1os por rayos UV.<\/div><div>\u00a0<\/div><div><strong>3.Falta de revisiones regulares:<\/strong> Debido a barreras econ\u00f3micas o falta de seguro m\u00e9dico, muchos padres migrantes no llevan a sus hijos a ex\u00e1menes oculares rutinarios, lo que podr\u00eda retrasar el diagn\u00f3stico de problemas como miop\u00eda o astigmatismo.<\/div>\t\t\t\t\t\t\t\t<\/div>\n\t\t\t\t\t<\/div>\n\t\t\t\t<\/div>\n\t\t<div data-particle_enable=\"false\" data-particle-mobile-disabled=\"false\" class=\"elementor-element elementor-element-66ab844 e-flex e-con-boxed e-con e-parent\" data-id=\"66ab844\" data-element_type=\"container\" data-e-type=\"container\">\n\t\t\t\t\t<div class=\"e-con-inner\">\n\t\t\t\t<div class=\"elementor-element elementor-element-17183de elementor-widget elementor-widget-video\" data-id=\"17183de\" data-element_type=\"widget\" data-e-type=\"widget\" data-settings=\"{&quot;youtube_url&quot;:&quot;https:\\\/\\\/www.youtube.com\\\/watch?v=4gUgWwYVf48&quot;,&quot;video_type&quot;:&quot;youtube&quot;,&quot;controls&quot;:&quot;yes&quot;}\" data-widget_type=\"video.default\">\n\t\t\t\t\t\t\t<div class=\"elementor-wrapper elementor-open-inline\">\n\t\t\t<div class=\"elementor-video\"><\/div>\t\t<\/div>\n\t\t\t\t\t\t<\/div>\n\t\t\t\t\t<\/div>\n\t\t\t\t<\/div>\n\t\t<div data-particle_enable=\"false\" data-particle-mobile-disabled=\"false\" class=\"elementor-element elementor-element-bd45f39 e-flex e-con-boxed e-con e-parent\" data-id=\"bd45f39\" data-element_type=\"container\" data-e-type=\"container\">\n\t\t\t\t\t<div class=\"e-con-inner\">\n\t\t\t\t<div class=\"elementor-element elementor-element-958bf25 elementor-widget elementor-widget-heading\" data-id=\"958bf25\" data-element_type=\"widget\" data-e-type=\"widget\" data-widget_type=\"heading.default\">\n\t\t\t\t\t<h3 class=\"elementor-heading-title elementor-size-default\">Consejos para proteger la vista de los ni\u00f1os<\/h3>\t\t\t\t<\/div>\n\t\t\t\t\t<\/div>\n\t\t\t\t<\/div>\n\t\t<div data-particle_enable=\"false\" data-particle-mobile-disabled=\"false\" class=\"elementor-element elementor-element-353f123 e-flex e-con-boxed e-con e-parent\" data-id=\"353f123\" data-element_type=\"container\" data-e-type=\"container\">\n\t\t\t\t\t<div class=\"e-con-inner\">\n\t\t\t\t<div class=\"elementor-element elementor-element-bce7623 elementor-widget elementor-widget-text-editor\" data-id=\"bce7623\" data-element_type=\"widget\" data-e-type=\"widget\" data-widget_type=\"text-editor.default\">\n\t\t\t\t\t\t\t\t\t<div><strong>1. Limitar el tiempo frente a las pantallas:<\/strong> Se recomienda seguir la regla 20-20-20, que consiste en que los ni\u00f1os miren algo a 20 pies de distancia durante 20 segundos cada 20 minutos de uso de pantalla.<\/div><div>\u00a0<\/div><div><strong>2.Fomentar actividades al aire libre:<\/strong> Pasar tiempo bajo luz natural, con las debidas precauciones, puede reducir el riesgo de miop\u00eda.<\/div><div>\u00a0<\/div><div><strong>3.Proteger los ojos de los rayos UV:<\/strong> Utilizar gafas de sol con protecci\u00f3n UV y sombreros es fundamental para cuidar la vista durante actividades al aire libre.<\/div><div>\u00a0<\/div><div><strong>4.Mantener una buena higiene ocular:<\/strong> Ense\u00f1ar a los ni\u00f1os a no frotarse los ojos con las manos sucias y a lavarse frecuentemente las manos es clave para evitar infecciones.<\/div><div>\u00a0<\/div><div><strong>5.Revisiones peri\u00f3dicas con especialistas:<\/strong> Aunque algunos padres puedan sentir barreras econ\u00f3micas, en Estados Unidos existen programas gratuitos o de bajo costo que ofrecen ex\u00e1menes visuales para ni\u00f1os.<\/div>\t\t\t\t\t\t\t\t<\/div>\n\t\t\t\t\t<\/div>\n\t\t\t\t<\/div>\n\t\t<div data-particle_enable=\"false\" data-particle-mobile-disabled=\"false\" class=\"elementor-element elementor-element-9440b83 e-flex e-con-boxed e-con e-parent\" data-id=\"9440b83\" data-element_type=\"container\" data-e-type=\"container\">\n\t\t\t\t\t<div class=\"e-con-inner\">\n\t\t\t\t<div class=\"elementor-element elementor-element-ea7fa16 elementor-widget elementor-widget-video\" data-id=\"ea7fa16\" data-element_type=\"widget\" data-e-type=\"widget\" data-settings=\"{&quot;youtube_url&quot;:&quot;https:\\\/\\\/www.youtube.com\\\/watch?v=O7saT-7NC38&quot;,&quot;video_type&quot;:&quot;youtube&quot;,&quot;controls&quot;:&quot;yes&quot;}\" data-widget_type=\"video.default\">\n\t\t\t\t\t\t\t<div class=\"elementor-wrapper elementor-open-inline\">\n\t\t\t<div class=\"elementor-video\"><\/div>\t\t<\/div>\n\t\t\t\t\t\t<\/div>\n\t\t\t\t\t<\/div>\n\t\t\t\t<\/div>\n\t\t<div data-particle_enable=\"false\" data-particle-mobile-disabled=\"false\" class=\"elementor-element elementor-element-1af13d2 e-flex e-con-boxed e-con e-parent\" data-id=\"1af13d2\" data-element_type=\"container\" data-e-type=\"container\">\n\t\t\t\t\t<div class=\"e-con-inner\">\n\t\t\t\t<div class=\"elementor-element elementor-element-e3ef748 elementor-widget elementor-widget-heading\" data-id=\"e3ef748\" data-element_type=\"widget\" data-e-type=\"widget\" data-widget_type=\"heading.default\">\n\t\t\t\t\t<h3 class=\"elementor-heading-title elementor-size-default\">Opciones accesibles para familias migrantes<\/h3>\t\t\t\t<\/div>\n\t\t\t\t\t<\/div>\n\t\t\t\t<\/div>\n\t\t<div data-particle_enable=\"false\" data-particle-mobile-disabled=\"false\" class=\"elementor-element elementor-element-cbf32c6 e-flex e-con-boxed e-con e-parent\" data-id=\"cbf32c6\" data-element_type=\"container\" data-e-type=\"container\">\n\t\t\t\t\t<div class=\"e-con-inner\">\n\t\t\t\t<div class=\"elementor-element elementor-element-2ae7bc0 elementor-widget elementor-widget-text-editor\" data-id=\"2ae7bc0\" data-element_type=\"widget\" data-e-type=\"widget\" data-widget_type=\"text-editor.default\">\n\t\t\t\t\t\t\t\t\t<div>En Estados Unidos, varias organizaciones y programas comunitarios ofrecen servicios de salud visual gratuitos o a precios accesibles. Por ejemplo:<\/div><div>\u00a0<\/div><div><a href=\"https:\/\/www.vspvision.com\/eyes-of-hope.html\" target=\"_blank\" rel=\"noopener\"><strong>\u2022VSP Eyes of Hope:<\/strong><\/a> Ofrece certificados para ex\u00e1menes de la vista y gafas gratuitas a ni\u00f1os en comunidades vulnerables.<\/div><div>\u00a0<\/div><div><strong>\u2022<a href=\"https:\/\/www.lionsclubs.org\/en\" target=\"_blank\" rel=\"noopener\">Lions Clubs International:<\/a><\/strong> Realiza ex\u00e1menes visuales y provee gafas a bajo costo en distintas ciudades.<\/div><div>\u00a0<\/div><div><strong>\u2022Escuelas p\u00fablicas:<\/strong> Muchas escuelas realizan pruebas de visi\u00f3n gratuitas como parte de sus programas de salud.<\/div>\t\t\t\t\t\t\t\t<\/div>\n\t\t\t\t\t<\/div>\n\t\t\t\t<\/div>\n\t\t<div data-particle_enable=\"false\" data-particle-mobile-disabled=\"false\" class=\"elementor-element elementor-element-36c1df8 e-flex e-con-boxed e-con e-parent\" data-id=\"36c1df8\" data-element_type=\"container\" data-e-type=\"container\">\n\t\t\t\t\t<div class=\"e-con-inner\">\n\t\t\t\t<div class=\"elementor-element elementor-element-30a284b elementor-widget elementor-widget-video\" data-id=\"30a284b\" data-element_type=\"widget\" data-e-type=\"widget\" data-settings=\"{&quot;youtube_url&quot;:&quot;https:\\\/\\\/www.youtube.com\\\/watch?v=pOFCh_fADvs&amp;t=23s&quot;,&quot;video_type&quot;:&quot;youtube&quot;,&quot;controls&quot;:&quot;yes&quot;}\" data-widget_type=\"video.default\">\n\t\t\t\t\t\t\t<div class=\"elementor-wrapper elementor-open-inline\">\n\t\t\t<div class=\"elementor-video\"><\/div>\t\t<\/div>\n\t\t\t\t\t\t<\/div>\n\t\t\t\t\t<\/div>\n\t\t\t\t<\/div>\n\t\t<div data-particle_enable=\"false\" data-particle-mobile-disabled=\"false\" class=\"elementor-element elementor-element-21c4f54 e-flex e-con-boxed e-con e-parent\" data-id=\"21c4f54\" data-element_type=\"container\" data-e-type=\"container\">\n\t\t\t\t\t<div class=\"e-con-inner\">\n\t\t\t\t<div class=\"elementor-element elementor-element-43087bd elementor-widget elementor-widget-heading\" data-id=\"43087bd\" data-element_type=\"widget\" data-e-type=\"widget\" data-widget_type=\"heading.default\">\n\t\t\t\t\t<h3 class=\"elementor-heading-title elementor-size-default\">El impacto de una buena salud visual<\/h3>\t\t\t\t<\/div>\n\t\t\t\t\t<\/div>\n\t\t\t\t<\/div>\n\t\t<div data-particle_enable=\"false\" data-particle-mobile-disabled=\"false\" class=\"elementor-element elementor-element-52ed906 e-flex e-con-boxed e-con e-parent\" data-id=\"52ed906\" data-element_type=\"container\" data-e-type=\"container\">\n\t\t\t\t\t<div class=\"e-con-inner\">\n\t\t\t\t<div class=\"elementor-element elementor-element-dada659 elementor-widget elementor-widget-text-editor\" data-id=\"dada659\" data-element_type=\"widget\" data-e-type=\"widget\" data-widget_type=\"text-editor.default\">\n\t\t\t\t\t\t\t\t\t<p>Cuidar la vista no solo mejora la calidad de vida de los ni\u00f1os, sino que tambi\u00e9n influye directamente en su desempe\u00f1o acad\u00e9mico y desarrollo social. Los ni\u00f1os con problemas visuales no detectados pueden tener dificultades para leer, escribir o participar en clases, lo que afecta su autoestima y aprendizaje.<\/p>\t\t\t\t\t\t\t\t<\/div>\n\t\t\t\t\t<\/div>\n\t\t\t\t<\/div>\n\t\t<div data-particle_enable=\"false\" data-particle-mobile-disabled=\"false\" class=\"elementor-element elementor-element-f28562f e-flex e-con-boxed e-con e-parent\" data-id=\"f28562f\" data-element_type=\"container\" data-e-type=\"container\">\n\t\t\t\t\t<div class=\"e-con-inner\">\n\t\t\t\t<div class=\"elementor-element elementor-element-4b3936c elementor-widget elementor-widget-heading\" data-id=\"4b3936c\" data-element_type=\"widget\" data-e-type=\"widget\" data-widget_type=\"heading.default\">\n\t\t\t\t\t<h2 class=\"elementor-heading-title elementor-size-default\">Siempre se puede mejorar<\/h2>\t\t\t\t<\/div>\n\t\t\t\t\t<\/div>\n\t\t\t\t<\/div>\n\t\t<div data-particle_enable=\"false\" data-particle-mobile-disabled=\"false\" class=\"elementor-element elementor-element-0a7ea76 e-flex e-con-boxed e-con e-parent\" data-id=\"0a7ea76\" data-element_type=\"container\" data-e-type=\"container\">\n\t\t\t\t\t<div class=\"e-con-inner\">\n\t\t\t\t<div class=\"elementor-element elementor-element-a1f32fc elementor-widget elementor-widget-blfe-post-grid\" data-id=\"a1f32fc\" data-element_type=\"widget\" data-e-type=\"widget\" data-settings=\"{&quot;columns&quot;:&quot;3&quot;,&quot;columns_tablet&quot;:&quot;6&quot;,&quot;columns_mobile&quot;:&quot;12&quot;,&quot;hero1_layout_column_gap&quot;:{&quot;unit&quot;:&quot;px&quot;,&quot;size&quot;:30,&quot;sizes&quot;:[]},&quot;hero1_layout_column_gap_tablet&quot;:{&quot;unit&quot;:&quot;px&quot;,&quot;size&quot;:&quot;&quot;,&quot;sizes&quot;:[]},&quot;hero1_layout_column_gap_mobile&quot;:{&quot;unit&quot;:&quot;px&quot;,&quot;size&quot;:&quot;&quot;,&quot;sizes&quot;:[]},&quot;hero1_layout_row_gap&quot;:{&quot;unit&quot;:&quot;px&quot;,&quot;size&quot;:30,&quot;sizes&quot;:[]},&quot;hero1_layout_row_gap_tablet&quot;:{&quot;unit&quot;:&quot;px&quot;,&quot;size&quot;:&quot;&quot;,&quot;sizes&quot;:[]},&quot;hero1_layout_row_gap_mobile&quot;:{&quot;unit&quot;:&quot;px&quot;,&quot;size&quot;:&quot;&quot;,&quot;sizes&quot;:[]}}\" data-widget_type=\"blfe-post-grid.hero1\">\n\t\t\t\t<div class=\"elementor-widget-container\">\n\t\t\t\t\t\n                        <div class=\"blfe-post-grid-container \">\n            \n                <div data-skin=\"hero1\" class=\"blfe-row blfe-posts-inner blfe-hero1 blfe-posts-inner blfe-col-3 blfe-col-tab-6 blfe-col-mob-12     \">\n                            <div class=\"blfe-post-grid-item\">\n            <div class=\"blfe-post-grid-item-inner blfe-modern-zoom\">\n                        <div class=\"blfe-post-grid-bg-image\">\n            <a class=\"blfe-post-grid-image-inner\" href=\"https:\/\/soymigrante.com\/revista\/el-duelo-migratorio-existe-y-no-solo-es-uno-son-siete-los-duelos-del-migrante\/\" title=\"Duelo de distancia  es real pero se puede y se debe superar\" rel=\"nofollow\" target=\"_blank\"><img decoding=\"async\" src=\"https:\/\/soymigrante.com\/revista\/wp-content\/uploads\/2024\/01\/Duelo-de-distancia-es-real.webp\" alt=\"Duelo de distancia  es real pero se puede y se debe superar\"\/><\/a>        <\/div>\n                        <div class=\"blfe-post-grid-details\">\n                    <div class=\"blfe-post-grid-details-inner\">\n                        <span class=\"blfe-post-category\"><a href=\"https:\/\/soymigrante.com\/revista\/category\/bienestar\/\">Bienestar<\/a><\/span>                        <h3 class=\"blfe-post-grid-title\">\n            <a href=\"https:\/\/soymigrante.com\/revista\/el-duelo-migratorio-existe-y-no-solo-es-uno-son-siete-los-duelos-del-migrante\/\" title=\"Duelo de distancia  es real pero se puede y se debe superar\" rel=\"nofollow\" target=\"_blank\">Duelo de distancia  es real pero se puede y se debe superar<\/a>\n            <\/h3>                                                            <div class=\"blfe-post-grid-meta\">\n                <span class=\"blfe-post-grid-time\"><i class=\"fas fa-book-reader\"><\/i>4 Min read<\/span>            <\/div>\n                                                        <\/div>\n                <\/div>\n\n            <\/div>\n        <\/div>\n                <div class=\"blfe-post-grid-item\">\n            <div class=\"blfe-post-grid-item-inner blfe-modern-zoom\">\n                        <div class=\"blfe-post-grid-bg-image\">\n            <a class=\"blfe-post-grid-image-inner\" href=\"https:\/\/soymigrante.com\/revista\/7-aspectos-para-aprovechar-mejor-las-remesas-enviadas-a-guatemala\/\" title=\"Siete claves para aprovechar mejor las remesas enviadas a familiares en Guatemala\" rel=\"nofollow\" target=\"_blank\"><img decoding=\"async\" src=\"https:\/\/soymigrante.com\/revista\/wp-content\/uploads\/2023\/05\/WhatsApp-Image-2024-05-07-at-3.58.29-PM-e1715699771795.webp\" alt=\"Siete claves para aprovechar mejor las remesas enviadas a familiares en Guatemala\"\/><\/a>        <\/div>\n                        <div class=\"blfe-post-grid-details\">\n                    <div class=\"blfe-post-grid-details-inner\">\n                        <span class=\"blfe-post-category\"><a href=\"https:\/\/soymigrante.com\/revista\/category\/bienestar\/\">Bienestar<\/a><\/span>                        <h3 class=\"blfe-post-grid-title\">\n            <a href=\"https:\/\/soymigrante.com\/revista\/7-aspectos-para-aprovechar-mejor-las-remesas-enviadas-a-guatemala\/\" title=\"Siete claves para aprovechar mejor las remesas enviadas a familiares en Guatemala\" rel=\"nofollow\" target=\"_blank\">Siete claves para aprovechar mejor las remesas enviadas a familiares en Guatemala<\/a>\n            <\/h3>                                                            <div class=\"blfe-post-grid-meta\">\n                <span class=\"blfe-post-grid-time\"><i class=\"fas fa-book-reader\"><\/i>5 Min read<\/span>            <\/div>\n                                                        <\/div>\n                <\/div>\n\n            <\/div>\n        <\/div>\n                <div class=\"blfe-post-grid-item\">\n            <div class=\"blfe-post-grid-item-inner blfe-modern-zoom\">\n                        <div class=\"blfe-post-grid-bg-image\">\n            <a class=\"blfe-post-grid-image-inner\" href=\"https:\/\/soymigrante.com\/revista\/con-amor\/\" title=\"Claves para superar la nostalgia migrante\" rel=\"nofollow\" target=\"_blank\"><img decoding=\"async\" src=\"https:\/\/soymigrante.com\/revista\/wp-content\/uploads\/2024\/01\/Claves-para-superar-la-nostalgia.webp\" alt=\"Claves para superar la nostalgia migrante\"\/><\/a>        <\/div>\n                        <div class=\"blfe-post-grid-details\">\n                    <div class=\"blfe-post-grid-details-inner\">\n                        <span class=\"blfe-post-category\"><a href=\"https:\/\/soymigrante.com\/revista\/category\/bienestar\/\">Bienestar<\/a><\/span>                        <h3 class=\"blfe-post-grid-title\">\n            <a href=\"https:\/\/soymigrante.com\/revista\/con-amor\/\" title=\"Claves para superar la nostalgia migrante\" rel=\"nofollow\" target=\"_blank\">Claves para superar la nostalgia migrante<\/a>\n            <\/h3>                                                            <div class=\"blfe-post-grid-meta\">\n                <span class=\"blfe-post-grid-time\"><i class=\"fas fa-book-reader\"><\/i>4 Min read<\/span>            <\/div>\n                                                        <\/div>\n                <\/div>\n\n            <\/div>\n        <\/div>\n                        <\/div>\n\n                        <\/div>\n            \n                        <div class=\"blfe-post-footer\">\n                        <\/div>\n            \t\t\t\t<\/div>\n\t\t\t\t<\/div>\n\t\t\t\t\t<\/div>\n\t\t\t\t<\/div>\n\t\t\t\t<\/div>\n\t\t","protected":false},"excerpt":{"rendered":"<p>Para las familias migrantes, garantizar una buena salud visual en sus hijos no solo es una inversi\u00f3n en su bienestar presente, sino tambi\u00e9n en su futuro. La salud visual es esencial para el desarrollo integral de los ni\u00f1os, especialmente en una \u00e9poca donde el uso de pantallas y dispositivos digitales ha aumentado significativamente. Para las [&hellip;]<\/p>\n","protected":false},"author":19,"featured_media":15778,"comment_status":"open","ping_status":"open","sticky":false,"template":"","format":"standard","meta":{"_acf_changed":false,"_eb_attr":"","footnotes":""},"categories":[55],"tags":[],"class_list":["post-13760","post","type-post","status-publish","format-standard","has-post-thumbnail","hentry","category-bienestar"],"acf":[],"aioseo_notices":[],"aioseo_head":"\n\t\t<!-- All in One SEO Pro 4.9.6.2 - aioseo.com -->\n\t<meta name=\"description\" content=\"La nostalgia o melancol\u00eda un sentimiento normal fundamentado en el anhelo por recuperar lo que se ha perdido pero hay que saber transformarlo para revalorarse, pues si se prolonga resta fuerza al presente y pasi\u00f3n al futuro. Por Adolfo Rodr\u00edguez A menudo un migrante se encuentra con un sentimiento que de alguna manera reconforta, pero\" \/>\n\t<meta name=\"robots\" content=\"max-snippet:-1, max-image-preview:large, max-video-preview:-1\" \/>\n\t<meta name=\"author\" content=\"SoyMigrante.com REVISTA\"\/>\n\t<link rel=\"canonical\" href=\"https:\/\/soymigrante.com\/revista\/con-amor\/\" \/>\n\t<meta name=\"generator\" content=\"All in One SEO Pro (AIOSEO) 4.9.6.2\" \/>\n\n\t\t<link rel=\"preconnect\" href=\"https:\/\/fonts.googleapis.com\" crossorigin>\n<link rel=\"preconnect\" href=\"https:\/\/fonts.gstatic.com\" crossorigin>\n\t\t<meta property=\"og:locale\" content=\"es_ES\" \/>\n\t\t<meta property=\"og:site_name\" content=\"SoyMigrante.com REVISTA \u2013 Nuestra misi\u00f3n es reconocer y dignificar al migrante.\" \/>\n\t\t<meta property=\"og:type\" content=\"article\" \/>\n\t\t<meta property=\"og:title\" content=\"Claves para superar la nostalgia migrante\" \/>\n\t\t<meta property=\"og:description\" content=\"La nostalgia o melancol\u00eda un sentimiento normal fundamentado en el anhelo por recuperar lo que se ha perdido pero hay que saber transformarlo para revalorarse, pues si se prolonga resta fuerza al presente y pasi\u00f3n al futuro. Por Adolfo Rodr\u00edguez A menudo un migrante se encuentra con un sentimiento que de alguna manera reconforta, pero\" \/>\n\t\t<meta property=\"og:url\" content=\"https:\/\/soymigrante.com\/revista\/con-amor\/\" \/>\n\t\t<meta property=\"og:image\" content=\"https:\/\/soymigrante.com\/revista\/wp-content\/uploads\/2024\/01\/Claves-para-superar-la-nostalgia.webp\" \/>\n\t\t<meta property=\"og:image:secure_url\" content=\"https:\/\/soymigrante.com\/revista\/wp-content\/uploads\/2024\/01\/Claves-para-superar-la-nostalgia.webp\" \/>\n\t\t<meta property=\"og:image:width\" content=\"1024\" \/>\n\t\t<meta property=\"og:image:height\" content=\"1024\" \/>\n\t\t<meta property=\"article:published_time\" content=\"2023-05-26T00:35:08+00:00\" \/>\n\t\t<meta property=\"article:modified_time\" content=\"2024-06-25T22:41:49+00:00\" \/>\n\t\t<meta property=\"article:publisher\" content=\"https:\/\/www.facebook.com\/soymigrantecom\" \/>\n\t\t<meta name=\"twitter:card\" content=\"summary_large_image\" \/>\n\t\t<meta name=\"twitter:site\" content=\"@SoyMigrante_com\" \/>\n\t\t<meta name=\"twitter:title\" content=\"Claves para superar la nostalgia migrante\" \/>\n\t\t<meta name=\"twitter:description\" content=\"La nostalgia o melancol\u00eda un sentimiento normal fundamentado en el anhelo por recuperar lo que se ha perdido pero hay que saber transformarlo para revalorarse, pues si se prolonga resta fuerza al presente y pasi\u00f3n al futuro. Por Adolfo Rodr\u00edguez A menudo un migrante se encuentra con un sentimiento que de alguna manera reconforta, pero\" \/>\n\t\t<meta name=\"twitter:creator\" content=\"@SoyMigrante_com\" \/>\n\t\t<meta name=\"twitter:image\" content=\"https:\/\/soymigrante.com\/revista\/wp-content\/uploads\/2024\/01\/Claves-para-superar-la-nostalgia.webp\" \/>\n\t\t<!-- All in One SEO Pro -->\r\n\t\t<title>Claves para superar la nostalgia migrante<\/title>\n\n","aioseo_head_json":{"title":"Claves para superar la nostalgia migrante","description":"La nostalgia o melancol\u00eda un sentimiento normal fundamentado en el anhelo por recuperar lo que se ha perdido pero hay que saber transformarlo para revalorarse, pues si se prolonga resta fuerza al presente y pasi\u00f3n al futuro. Por Adolfo Rodr\u00edguez A menudo un migrante se encuentra con un sentimiento que de alguna manera reconforta, pero","canonical_url":"https:\/\/soymigrante.com\/revista\/con-amor\/","robots":"max-snippet:-1, max-image-preview:large, max-video-preview:-1","keywords":"","webmasterTools":{"miscellaneous":"&lt;link rel=\"preconnect\" href=\"https:\/\/fonts.googleapis.com\" crossorigin&gt;\n&lt;link rel=\"preconnect\" href=\"https:\/\/fonts.gstatic.com\" crossorigin&gt;"},"schema":null,"og:locale":"es_ES","og:site_name":"SoyMigrante.com REVISTA \u2013 Nuestra misi\u00f3n es reconocer y dignificar al migrante.","og:type":"article","og:title":"Claves para superar la nostalgia migrante","og:description":"La nostalgia o melancol\u00eda un sentimiento normal fundamentado en el anhelo por recuperar lo que se ha perdido pero hay que saber transformarlo para revalorarse, pues si se prolonga resta fuerza al presente y pasi\u00f3n al futuro. Por Adolfo Rodr\u00edguez A menudo un migrante se encuentra con un sentimiento que de alguna manera reconforta, pero","og:url":"https:\/\/soymigrante.com\/revista\/con-amor\/","og:image":"https:\/\/soymigrante.com\/revista\/wp-content\/uploads\/2024\/01\/Claves-para-superar-la-nostalgia.webp","og:image:secure_url":"https:\/\/soymigrante.com\/revista\/wp-content\/uploads\/2024\/01\/Claves-para-superar-la-nostalgia.webp","og:image:width":1024,"og:image:height":1024,"article:published_time":"2023-05-26T00:35:08+00:00","article:modified_time":"2024-06-25T22:41:49+00:00","article:publisher":"https:\/\/www.facebook.com\/soymigrantecom","twitter:card":"summary_large_image","twitter:site":"@SoyMigrante_com","twitter:title":"Claves para superar la nostalgia migrante","twitter:description":"La nostalgia o melancol\u00eda un sentimiento normal fundamentado en el anhelo por recuperar lo que se ha perdido pero hay que saber transformarlo para revalorarse, pues si se prolonga resta fuerza al presente y pasi\u00f3n al futuro. Por Adolfo Rodr\u00edguez A menudo un migrante se encuentra con un sentimiento que de alguna manera reconforta, pero","twitter:creator":"@SoyMigrante_com","twitter:image":"https:\/\/soymigrante.com\/revista\/wp-content\/uploads\/2024\/01\/Claves-para-superar-la-nostalgia.webp"},"aioseo_meta_data":{"post_id":"13760","title":null,"description":"Para las familias migrantes, garantizar una buena salud visual en sus hijos no solo es una inversi\u00f3n en su bienestar presente, sino tambi\u00e9n en su futuro.","keywords":null,"keyphrases":{"focus":{"keyphrase":"migrantes","score":74,"analysis":{"keyphraseInTitle":{"score":3,"maxScore":9,"error":1},"keyphraseInDescription":{"score":9,"maxScore":9,"error":0},"keyphraseLength":{"score":9,"maxScore":9,"error":0,"length":1},"keyphraseInURL":{"score":5,"maxScore":5,"error":0},"keyphraseInIntroduction":{"score":3,"maxScore":9,"error":1},"keyphraseInSubHeadings":{"score":9,"maxScore":9,"error":0},"keyphraseInImageAlt":{"score":3,"maxScore":9,"error":1},"keywordDensity":{"type":"best","score":9,"maxScore":9,"error":0}}},"additional":[{"keyphrase":"migrantes","score":73,"analysis":{"keyphraseInDescription":{"score":9,"maxScore":9,"error":0},"keyphraseLength":{"score":9,"maxScore":9,"error":0,"length":1},"keyphraseInIntroduction":{"score":3,"maxScore":9,"error":1},"keyphraseInImageAlt":{"score":3,"maxScore":9,"error":1},"keywordDensity":{"type":"best","score":9,"maxScore":9,"error":0}}}]},"primary_term":null,"canonical_url":null,"og_title":null,"og_description":null,"og_object_type":"default","og_image_type":"default","og_image_url":null,"og_image_width":null,"og_image_height":null,"og_image_custom_url":null,"og_image_custom_fields":null,"og_video":"","og_custom_url":null,"og_article_section":null,"og_article_tags":null,"twitter_use_og":false,"twitter_card":"default","twitter_image_type":"default","twitter_image_url":null,"twitter_image_custom_url":null,"twitter_image_custom_fields":null,"twitter_title":null,"twitter_description":null,"schema":{"blockGraphs":[],"customGraphs":[],"default":{"data":{"Article":[],"Course":[],"Dataset":[],"FAQPage":[],"Movie":[],"Person":[],"Product":[],"ProductReview":[],"Car":[],"Recipe":[],"Service":[],"SoftwareApplication":[],"WebPage":[]},"graphName":"Article","isEnabled":true},"graphs":[]},"schema_type":"default","schema_type_options":null,"pillar_content":false,"robots_default":true,"robots_noindex":false,"robots_noarchive":false,"robots_nosnippet":false,"robots_nofollow":false,"robots_noimageindex":false,"robots_noodp":false,"robots_notranslate":false,"robots_max_snippet":"-1","robots_max_videopreview":"-1","robots_max_imagepreview":"large","priority":null,"frequency":"default","local_seo":null,"seo_analyzer_scan_date":"2025-10-09 00:53:40","breadcrumb_settings":null,"limit_modified_date":false,"reviewed_by":null,"open_ai":"{\"title\":{\"suggestions\":[],\"usage\":0},\"description\":{\"suggestions\":[],\"usage\":0}}","ai":null,"created":"2024-11-19 21:48:00","updated":"2026-02-04 18:18:23"},"aioseo_breadcrumb":"<div class=\"aioseo-breadcrumbs\"><span class=\"aioseo-breadcrumb\">\n\t<a href=\"https:\/\/soymigrante.com\/revista\" title=\"Home\">Home<\/a>\n<\/span><span class=\"aioseo-breadcrumb-separator\">\u00bb<\/span><span class=\"aioseo-breadcrumb\">\n\t<a href=\"https:\/\/soymigrante.com\/revista\/category\/bienestar\/\" title=\"Bienestar\">Bienestar<\/a>\n<\/span><span class=\"aioseo-breadcrumb-separator\">\u00bb<\/span><span class=\"aioseo-breadcrumb\">\n\tCuidar la vista de tus hijos debe ser una prioridad: te contamos por qu\u00e9 y c\u00f3mo.\n<\/span><\/div>","aioseo_breadcrumb_json":[{"label":"Home","link":"https:\/\/soymigrante.com\/revista"},{"label":"Bienestar","link":"https:\/\/soymigrante.com\/revista\/category\/bienestar\/"},{"label":"Cuidar la vista de tus hijos debe ser una prioridad: te contamos por qu\u00e9 y c\u00f3mo.","link":"https:\/\/soymigrante.com\/revista\/cuidar-la-vista-de-tus-hijos-debe-ser-una-prioridad-te-contamos-por-que-y-como\/"}],"_links":{"self":[{"href":"https:\/\/soymigrante.com\/revista\/wp-json\/wp\/v2\/posts\/13760","targetHints":{"allow":["GET"]}}],"collection":[{"href":"https:\/\/soymigrante.com\/revista\/wp-json\/wp\/v2\/posts"}],"about":[{"href":"https:\/\/soymigrante.com\/revista\/wp-json\/wp\/v2\/types\/post"}],"author":[{"embeddable":true,"href":"https:\/\/soymigrante.com\/revista\/wp-json\/wp\/v2\/users\/19"}],"replies":[{"embeddable":true,"href":"https:\/\/soymigrante.com\/revista\/wp-json\/wp\/v2\/comments?post=13760"}],"version-history":[{"count":0,"href":"https:\/\/soymigrante.com\/revista\/wp-json\/wp\/v2\/posts\/13760\/revisions"}],"wp:featuredmedia":[{"embeddable":true,"href":"https:\/\/soymigrante.com\/revista\/wp-json\/wp\/v2\/media\/15778"}],"wp:attachment":[{"href":"https:\/\/soymigrante.com\/revista\/wp-json\/wp\/v2\/media?parent=13760"}],"wp:term":[{"taxonomy":"category","embeddable":true,"href":"https:\/\/soymigrante.com\/revista\/wp-json\/wp\/v2\/categories?post=13760"},{"taxonomy":"post_tag","embeddable":true,"href":"https:\/\/soymigrante.com\/revista\/wp-json\/wp\/v2\/tags?post=13760"}],"curies":[{"name":"wp","href":"https:\/\/api.w.org\/{rel}","templated":true}]}}