{"id":1376,"date":"2023-06-14T07:51:00","date_gmt":"2023-06-14T07:51:00","guid":{"rendered":"https:\/\/soymigrante.com\/revista\/?p=1376"},"modified":"2026-03-11T16:37:40","modified_gmt":"2026-03-11T22:37:40","slug":"migrante-guatemalteco-trabajador-de-la-construccion-adolfo-mejia","status":"publish","type":"post","link":"https:\/\/soymigrante.com\/revista\/migrante-guatemalteco-trabajador-de-la-construccion-adolfo-mejia\/","title":{"rendered":"&#8220;Aqu\u00ed se trabaja duro&#8221;: Adolfo Mej\u00eda, migrante y constructor guatemalteco"},"content":{"rendered":"\t\t<div data-elementor-type=\"wp-post\" data-elementor-id=\"1376\" class=\"elementor elementor-1376\" data-elementor-post-type=\"post\">\n\t\t\t\t\t\t<section data-particle_enable=\"false\" data-particle-mobile-disabled=\"false\" class=\"elementor-section elementor-top-section elementor-element elementor-element-47a6db4 elementor-section-boxed elementor-section-height-default elementor-section-height-default\" data-id=\"47a6db4\" data-element_type=\"section\" data-e-type=\"section\">\n\t\t\t\t\t\t<div class=\"elementor-container elementor-column-gap-default\">\n\t\t\t\t\t<div class=\"elementor-column elementor-col-100 elementor-top-column elementor-element elementor-element-3e737bc\" data-id=\"3e737bc\" data-element_type=\"column\" data-e-type=\"column\">\n\t\t\t<div class=\"elementor-widget-wrap elementor-element-populated\">\n\t\t\t\t\t\t<div class=\"elementor-element elementor-element-ff8f2e4 elementor-widget elementor-widget-heading\" data-id=\"ff8f2e4\" data-element_type=\"widget\" data-e-type=\"widget\" data-widget_type=\"heading.default\">\n\t\t\t\t\t<h2 class=\"elementor-heading-title elementor-size-default\">En tres a\u00f1os ha tenido que aprender ingl\u00e9s, a conocer nuevos nombres de herramientas, a resistir el desvelo, a aguantar las temperaturas extremas, pero sobre todo a mantener la esperanza de regresar con su familia.<\/h2>\t\t\t\t<\/div>\n\t\t\t\t\t<\/div>\n\t\t<\/div>\n\t\t\t\t\t<\/div>\n\t\t<\/section>\n\t\t\t\t<section data-particle_enable=\"false\" data-particle-mobile-disabled=\"false\" class=\"elementor-section elementor-top-section elementor-element elementor-element-8270892 elementor-section-boxed elementor-section-height-default elementor-section-height-default\" data-id=\"8270892\" data-element_type=\"section\" data-e-type=\"section\">\n\t\t\t\t\t\t<div class=\"elementor-container elementor-column-gap-default\">\n\t\t\t\t\t<div class=\"elementor-column elementor-col-100 elementor-top-column elementor-element elementor-element-90be9d0\" data-id=\"90be9d0\" data-element_type=\"column\" data-e-type=\"column\">\n\t\t\t<div class=\"elementor-widget-wrap elementor-element-populated\">\n\t\t\t\t\t\t<div class=\"elementor-element elementor-element-7aad955 elementor-widget elementor-widget-text-editor\" data-id=\"7aad955\" data-element_type=\"widget\" data-e-type=\"widget\" data-widget_type=\"text-editor.default\">\n\t\t\t\t\t\t\t\t\t<p>Adolfo Mej\u00eda no planea quedarse durante mucho tiempo en Estados Unidos. Como tantos otros migrantes guatemaltecos, busca labrarse un futuro, crear un peque\u00f1o patrimonio que le permita regresar a San Juan Sacatep\u00e9quez, Guatemala, donde vive su familia, a la que extra\u00f1a con todo el coraz\u00f3n.\u00a0<\/p><p>Mientras tanto, madruga otro d\u00edas m\u00e1s a laborar en construcci\u00f3n: un oficio que tuvo que asumir de prisa y en el que comenz\u00f3 como simple ayudante. &#8220;Aqu\u00ed en Estados Unidos tienes que aprender r\u00e1pido y hacerlo bien, no solo en la construcci\u00f3n, sino en cualquier oficio&#8221;, cuenta.<\/p>\t\t\t\t\t\t\t\t<\/div>\n\t\t\t\t\t<\/div>\n\t\t<\/div>\n\t\t\t\t\t<\/div>\n\t\t<\/section>\n\t\t\t\t<section data-particle_enable=\"false\" data-particle-mobile-disabled=\"false\" class=\"elementor-section elementor-top-section elementor-element elementor-element-8216f7c elementor-section-boxed elementor-section-height-default elementor-section-height-default\" data-id=\"8216f7c\" data-element_type=\"section\" data-e-type=\"section\">\n\t\t\t\t\t\t<div class=\"elementor-container elementor-column-gap-default\">\n\t\t\t\t\t<div class=\"elementor-column elementor-col-100 elementor-top-column elementor-element elementor-element-abf5cfb\" data-id=\"abf5cfb\" data-element_type=\"column\" data-e-type=\"column\">\n\t\t\t<div class=\"elementor-widget-wrap elementor-element-populated\">\n\t\t\t\t\t\t<div class=\"elementor-element elementor-element-f42a2ba elementor-widget elementor-widget-image\" data-id=\"f42a2ba\" data-element_type=\"widget\" data-e-type=\"widget\" data-widget_type=\"image.default\">\n\t\t\t\t\t\t\t\t\t\t\t\t<figure class=\"wp-caption\">\n\t\t\t\t\t\t\t\t\t\t<img fetchpriority=\"high\" decoding=\"async\" width=\"1024\" height=\"576\" src=\"https:\/\/soymigrante.com\/revista\/wp-content\/uploads\/2023\/06\/adolfo-mejia2-1024x576.webp\" class=\"attachment-large size-large wp-image-1381\" alt=\"\" srcset=\"https:\/\/soymigrante.com\/revista\/wp-content\/uploads\/2023\/06\/adolfo-mejia2-1024x576.webp 1024w, https:\/\/soymigrante.com\/revista\/wp-content\/uploads\/2023\/06\/adolfo-mejia2-300x169.webp 300w, https:\/\/soymigrante.com\/revista\/wp-content\/uploads\/2023\/06\/adolfo-mejia2-768x432.webp 768w, https:\/\/soymigrante.com\/revista\/wp-content\/uploads\/2023\/06\/adolfo-mejia2-1536x864.webp 1536w, https:\/\/soymigrante.com\/revista\/wp-content\/uploads\/2023\/06\/adolfo-mejia2-750x422.webp 750w, https:\/\/soymigrante.com\/revista\/wp-content\/uploads\/2023\/06\/adolfo-mejia2-1140x641.webp 1140w, https:\/\/soymigrante.com\/revista\/wp-content\/uploads\/2023\/06\/adolfo-mejia2.webp 1920w\" sizes=\"(max-width: 1024px) 100vw, 1024px\" title=\"adolfo mejia2 \u2013 SoyMigrante.com REVISTA\" \/>\t\t\t\t\t\t\t\t\t\t\t<figcaption class=\"widget-image-caption wp-caption-text\">Adolfo comparte con varios compa\u00f1eros en un breve descanso de una obra en construcci\u00f3n.<\/figcaption>\n\t\t\t\t\t\t\t\t\t\t<\/figure>\n\t\t\t\t\t\t\t\t\t<\/div>\n\t\t\t\t\t<\/div>\n\t\t<\/div>\n\t\t\t\t\t<\/div>\n\t\t<\/section>\n\t\t\t\t<section data-particle_enable=\"false\" data-particle-mobile-disabled=\"false\" class=\"elementor-section elementor-top-section elementor-element elementor-element-069437a elementor-section-boxed elementor-section-height-default elementor-section-height-default\" data-id=\"069437a\" data-element_type=\"section\" data-e-type=\"section\">\n\t\t\t\t\t\t<div class=\"elementor-container elementor-column-gap-default\">\n\t\t\t\t\t<div class=\"elementor-column elementor-col-100 elementor-top-column elementor-element elementor-element-dcec1e4\" data-id=\"dcec1e4\" data-element_type=\"column\" data-e-type=\"column\">\n\t\t\t<div class=\"elementor-widget-wrap elementor-element-populated\">\n\t\t\t\t\t\t<div class=\"elementor-element elementor-element-bd61646 elementor-widget elementor-widget-heading\" data-id=\"bd61646\" data-element_type=\"widget\" data-e-type=\"widget\" data-widget_type=\"heading.default\">\n\t\t\t\t\t<h2 class=\"elementor-heading-title elementor-size-default\">\"En EE.UU. se deben tener objetivos\"<\/h2>\t\t\t\t<\/div>\n\t\t\t\t\t<\/div>\n\t\t<\/div>\n\t\t\t\t\t<\/div>\n\t\t<\/section>\n\t\t\t\t<section data-particle_enable=\"false\" data-particle-mobile-disabled=\"false\" class=\"elementor-section elementor-top-section elementor-element elementor-element-b4728d0 elementor-section-boxed elementor-section-height-default elementor-section-height-default\" data-id=\"b4728d0\" data-element_type=\"section\" data-e-type=\"section\">\n\t\t\t\t\t\t<div class=\"elementor-container elementor-column-gap-default\">\n\t\t\t\t\t<div class=\"elementor-column elementor-col-100 elementor-top-column elementor-element elementor-element-6a24a1e\" data-id=\"6a24a1e\" data-element_type=\"column\" data-e-type=\"column\">\n\t\t\t<div class=\"elementor-widget-wrap elementor-element-populated\">\n\t\t\t\t\t\t<div class=\"elementor-element elementor-element-6eb410d elementor-widget elementor-widget-text-editor\" data-id=\"6eb410d\" data-element_type=\"widget\" data-e-type=\"widget\" data-widget_type=\"text-editor.default\">\n\t\t\t\t\t\t\t\t\t<p>Adolfo lleg\u00f3 en un viaje de turismo a Texas en 2020, cuando de pronto: la pandemia. No hab\u00eda vuelos ni forma de salir de Estados Unidos. Cuando comenz\u00f3 la reactivaci\u00f3n de labores empez\u00f3 a trabajar para poder comer. Sali\u00f3 una plaza en limpieza de edificios: por ser un servicio esencial fue de los primeros trabajos que se recuperaron&#8221;.<\/p><p>Pero no le alcanzaba el dinero. &#8220;Mucha gente viene a EE.UU. creyendo que es barata la vida. No es as\u00ed.\u00a0<span style=\"color: var( --e-global-color-text ); background-color: var(--ak-bg-color);\">He o\u00eddo amigos que dicen: yo me quiero ir a hacer billete al Norte, pero aqu\u00ed se gana en d\u00f3lares y se gasta en d\u00f3lares&#8221;. Luego a\u00f1ade el listado de gastos: &#8220;Primero tienes que tener en d\u00f3nde vivir. Pagas un apartamento. Aparte de tu alquiler, tu electricidad, el agua, el gas. Los &#8220;biles&#8221; (recibos) empiezan a llegar. Tambi\u00e9n tienes que arreglar el transporte. El &#8220;ride&#8221; (jal\u00f3n) te lo pueden dar uno o dos meses, pero debes estar trabajando en la misma direcci\u00f3n con la persona que te lleva, pero ya despu\u00e9s de un tiempo uno cae mal. Tienes que endeudarte para conseguir un veh\u00edculo. Y si la persona vino con un coyote, tiene que pagarle&#8230; adem\u00e1s de lo que quiera mandarle a su familia de remesa. Ah y tienes que asegurar el veh\u00edculo, porque sin seguro no te dejan circular y si te agarran son una multas tremendas.<\/span><\/p><p>\u00a0<\/p>\t\t\t\t\t\t\t\t<\/div>\n\t\t\t\t\t<\/div>\n\t\t<\/div>\n\t\t\t\t\t<\/div>\n\t\t<\/section>\n\t\t\t\t<section data-particle_enable=\"false\" data-particle-mobile-disabled=\"false\" class=\"elementor-section elementor-top-section elementor-element elementor-element-c17a8c5 elementor-section-boxed elementor-section-height-default elementor-section-height-default\" data-id=\"c17a8c5\" data-element_type=\"section\" data-e-type=\"section\">\n\t\t\t\t\t\t<div class=\"elementor-container elementor-column-gap-default\">\n\t\t\t\t\t<div class=\"elementor-column elementor-col-100 elementor-top-column elementor-element elementor-element-2de08c3\" data-id=\"2de08c3\" data-element_type=\"column\" data-e-type=\"column\">\n\t\t\t<div class=\"elementor-widget-wrap elementor-element-populated\">\n\t\t\t\t\t\t<div class=\"elementor-element elementor-element-1efb99e elementor-widget elementor-widget-image\" data-id=\"1efb99e\" data-element_type=\"widget\" data-e-type=\"widget\" data-widget_type=\"image.default\">\n\t\t\t\t\t\t\t\t\t\t\t\t<figure class=\"wp-caption\">\n\t\t\t\t\t\t\t\t\t\t<img decoding=\"async\" width=\"1024\" height=\"768\" src=\"https:\/\/soymigrante.com\/revista\/wp-content\/uploads\/2023\/06\/adolfo-mejia-trabajo-1024x768.webp\" class=\"attachment-large size-large wp-image-1378\" alt=\"\" srcset=\"https:\/\/soymigrante.com\/revista\/wp-content\/uploads\/2023\/06\/adolfo-mejia-trabajo-1024x768.webp 1024w, https:\/\/soymigrante.com\/revista\/wp-content\/uploads\/2023\/06\/adolfo-mejia-trabajo-300x225.webp 300w, https:\/\/soymigrante.com\/revista\/wp-content\/uploads\/2023\/06\/adolfo-mejia-trabajo-768x576.webp 768w, https:\/\/soymigrante.com\/revista\/wp-content\/uploads\/2023\/06\/adolfo-mejia-trabajo-1536x1152.webp 1536w, https:\/\/soymigrante.com\/revista\/wp-content\/uploads\/2023\/06\/adolfo-mejia-trabajo-750x563.webp 750w, https:\/\/soymigrante.com\/revista\/wp-content\/uploads\/2023\/06\/adolfo-mejia-trabajo-1140x855.webp 1140w, https:\/\/soymigrante.com\/revista\/wp-content\/uploads\/2023\/06\/adolfo-mejia-trabajo.webp 1920w\" sizes=\"(max-width: 1024px) 100vw, 1024px\" title=\"adolfo mejia trabajo \u2013 SoyMigrante.com REVISTA\" \/>\t\t\t\t\t\t\t\t\t\t\t<figcaption class=\"widget-image-caption wp-caption-text\">Una remodelaci\u00f3n reci\u00e9n terminada es algo satisfactorio, aunque tambi\u00e9n agotador pues a menudo son trabajos que se desarrollan ininterrumpidamente. <\/figcaption>\n\t\t\t\t\t\t\t\t\t\t<\/figure>\n\t\t\t\t\t\t\t\t\t<\/div>\n\t\t\t\t\t<\/div>\n\t\t<\/div>\n\t\t\t\t\t<\/div>\n\t\t<\/section>\n\t\t\t\t<section data-particle_enable=\"false\" data-particle-mobile-disabled=\"false\" class=\"elementor-section elementor-top-section elementor-element elementor-element-4cf3442 elementor-section-boxed elementor-section-height-default elementor-section-height-default\" data-id=\"4cf3442\" data-element_type=\"section\" data-e-type=\"section\">\n\t\t\t\t\t\t<div class=\"elementor-container elementor-column-gap-default\">\n\t\t\t\t\t<div class=\"elementor-column elementor-col-100 elementor-top-column elementor-element elementor-element-7f22715\" data-id=\"7f22715\" data-element_type=\"column\" data-e-type=\"column\">\n\t\t\t<div class=\"elementor-widget-wrap elementor-element-populated\">\n\t\t\t\t\t\t<div class=\"elementor-element elementor-element-ad05221 elementor-widget elementor-widget-heading\" data-id=\"ad05221\" data-element_type=\"widget\" data-e-type=\"widget\" data-widget_type=\"heading.default\">\n\t\t\t\t\t<h2 class=\"elementor-heading-title elementor-size-default\">\"Aqu\u00ed se extra\u00f1a de todo\" <\/h2>\t\t\t\t<\/div>\n\t\t\t\t\t<\/div>\n\t\t<\/div>\n\t\t\t\t\t<\/div>\n\t\t<\/section>\n\t\t\t\t<section data-particle_enable=\"false\" data-particle-mobile-disabled=\"false\" class=\"elementor-section elementor-top-section elementor-element elementor-element-38a38f1 elementor-section-boxed elementor-section-height-default elementor-section-height-default\" data-id=\"38a38f1\" data-element_type=\"section\" data-e-type=\"section\">\n\t\t\t\t\t\t<div class=\"elementor-container elementor-column-gap-default\">\n\t\t\t\t\t<div class=\"elementor-column elementor-col-100 elementor-top-column elementor-element elementor-element-e6a776f\" data-id=\"e6a776f\" data-element_type=\"column\" data-e-type=\"column\">\n\t\t\t<div class=\"elementor-widget-wrap elementor-element-populated\">\n\t\t\t\t\t\t<div class=\"elementor-element elementor-element-46e4b2a elementor-widget elementor-widget-text-editor\" data-id=\"46e4b2a\" data-element_type=\"widget\" data-e-type=\"widget\" data-widget_type=\"text-editor.default\">\n\t\t\t\t\t\t\t\t\t<p>&#8220;No es f\u00e1cil estar ac\u00e1. Aqu\u00ed se extra\u00f1a todo. A la familia, a mis hijos, pero tambi\u00e9n salir a caminar libremente, ir a la tienda de enfrente. Aqu\u00ed no hay. Si andas a pie hasta sospechoso es&#8221;, comparte.<br \/>&#8220;Y cuando toca trabajar hay que ir o hay que ir: con climas extremos de fr\u00edo o calor. Una vez estuve limpiando vidrios: no es solo de pasar un trapo. Deben quedar n\u00edtidos. Pero hac\u00eda una temperatura de 104 grados Farenheit (unos 40 grados cen\u00edgrados), yo sent\u00eda que me desmayaba. El reflejo del sol en el vidrio creaba una sensaci\u00f3n a\u00fan peor&#8221;.<\/p><p><span style=\"background-color: var(--ak-bg-color); color: var( --e-global-color-text ); font-family: Roboto, sans-serif; font-size: 16px; font-style: normal; font-variant-ligatures: normal; font-variant-caps: normal; font-weight: 400;\">&#8220;Por eso he preferido trabajar en construcci\u00f3n. Aprend\u00ed a instalar pisos de concreto, en seco y con agua. Pero es un oficio duro. Por ejemplo, si te contratan de un restaurante para colocar ese piso, solo tienes 24 horas. Comienzas a las 9 de la noche y sigues trabajando toda la noche, amanece. Ellos atienden en autoservicio y nosotros continuamos d\u00e1ndole. A las 9 o 10 del d\u00eda siguiente debe estar terminado: no se duerme. Solo hay peque\u00f1os momentos para comer y a seguir. Es duro&#8221;.<\/span><\/p><p style=\"font-style: normal; font-variant-ligatures: normal; font-variant-caps: normal; font-weight: 400; font-size: 16px; font-family: Roboto, sans-serif;\">\u00a0<\/p>\t\t\t\t\t\t\t\t<\/div>\n\t\t\t\t\t<\/div>\n\t\t<\/div>\n\t\t\t\t\t<\/div>\n\t\t<\/section>\n\t\t\t\t<section data-particle_enable=\"false\" data-particle-mobile-disabled=\"false\" class=\"elementor-section elementor-top-section elementor-element elementor-element-3fded1a elementor-section-boxed elementor-section-height-default elementor-section-height-default\" data-id=\"3fded1a\" data-element_type=\"section\" data-e-type=\"section\">\n\t\t\t\t\t\t<div class=\"elementor-container elementor-column-gap-default\">\n\t\t\t\t\t<div class=\"elementor-column elementor-col-100 elementor-top-column elementor-element elementor-element-462077b\" data-id=\"462077b\" data-element_type=\"column\" data-e-type=\"column\">\n\t\t\t<div class=\"elementor-widget-wrap elementor-element-populated\">\n\t\t\t\t\t\t<div class=\"elementor-element elementor-element-013b130 elementor-widget elementor-widget-image\" data-id=\"013b130\" data-element_type=\"widget\" data-e-type=\"widget\" data-widget_type=\"image.default\">\n\t\t\t\t\t\t\t\t\t\t\t\t<figure class=\"wp-caption\">\n\t\t\t\t\t\t\t\t\t\t<img decoding=\"async\" width=\"1021\" height=\"1024\" src=\"https:\/\/soymigrante.com\/revista\/wp-content\/uploads\/2023\/06\/adolfo-mejia-3-1021x1024.webp\" class=\"attachment-large size-large wp-image-1380\" alt=\"El sue\u00f1o de Adolfo Mej\u00eda es volver a Guatemala para seguir adelante construyendo un futuro junto a su esposa e hijos.\" srcset=\"https:\/\/soymigrante.com\/revista\/wp-content\/uploads\/2023\/06\/adolfo-mejia-3-1021x1024.webp 1021w, https:\/\/soymigrante.com\/revista\/wp-content\/uploads\/2023\/06\/adolfo-mejia-3-300x300.webp 300w, https:\/\/soymigrante.com\/revista\/wp-content\/uploads\/2023\/06\/adolfo-mejia-3-150x150.webp 150w, https:\/\/soymigrante.com\/revista\/wp-content\/uploads\/2023\/06\/adolfo-mejia-3-768x770.webp 768w, https:\/\/soymigrante.com\/revista\/wp-content\/uploads\/2023\/06\/adolfo-mejia-3-75x75.webp 75w, https:\/\/soymigrante.com\/revista\/wp-content\/uploads\/2023\/06\/adolfo-mejia-3-750x752.webp 750w, https:\/\/soymigrante.com\/revista\/wp-content\/uploads\/2023\/06\/adolfo-mejia-3-1140x1143.webp 1140w, https:\/\/soymigrante.com\/revista\/wp-content\/uploads\/2023\/06\/adolfo-mejia-3.webp 1436w\" sizes=\"(max-width: 1021px) 100vw, 1021px\" title=\"El sue\u00f1o de Adolfo Mej\u00eda es volver a Guatemala para seguir adelante construyendo un futuro junto a su esposa e hijos. \u2013 SoyMigrante.com REVISTA\" \/>\t\t\t\t\t\t\t\t\t\t\t<figcaption class=\"widget-image-caption wp-caption-text\">El sue\u00f1o de Adolfo Mej\u00eda es volver a Guatemala para seguir adelante construyendo un futuro junto a su esposa e hijos.<\/figcaption>\n\t\t\t\t\t\t\t\t\t\t<\/figure>\n\t\t\t\t\t\t\t\t\t<\/div>\n\t\t\t\t\t<\/div>\n\t\t<\/div>\n\t\t\t\t\t<\/div>\n\t\t<\/section>\n\t\t\t\t<section data-particle_enable=\"false\" data-particle-mobile-disabled=\"false\" class=\"elementor-section elementor-top-section elementor-element elementor-element-ad94e36 elementor-section-boxed elementor-section-height-default elementor-section-height-default\" data-id=\"ad94e36\" data-element_type=\"section\" data-e-type=\"section\">\n\t\t\t\t\t\t<div class=\"elementor-container elementor-column-gap-default\">\n\t\t\t\t\t<div class=\"elementor-column elementor-col-100 elementor-top-column elementor-element elementor-element-c7fec23\" data-id=\"c7fec23\" data-element_type=\"column\" data-e-type=\"column\">\n\t\t\t<div class=\"elementor-widget-wrap elementor-element-populated\">\n\t\t\t\t\t\t<div class=\"elementor-element elementor-element-c530484 elementor-widget elementor-widget-heading\" data-id=\"c530484\" data-element_type=\"widget\" data-e-type=\"widget\" data-widget_type=\"heading.default\">\n\t\t\t\t\t<h2 class=\"elementor-heading-title elementor-size-default\">Escalar el muro del ingl\u00e9s y los desaf\u00edos<\/h2>\t\t\t\t<\/div>\n\t\t\t\t\t<\/div>\n\t\t<\/div>\n\t\t\t\t\t<\/div>\n\t\t<\/section>\n\t\t\t\t<section data-particle_enable=\"false\" data-particle-mobile-disabled=\"false\" class=\"elementor-section elementor-top-section elementor-element elementor-element-198c116 elementor-section-boxed elementor-section-height-default elementor-section-height-default\" data-id=\"198c116\" data-element_type=\"section\" data-e-type=\"section\">\n\t\t\t\t\t\t<div class=\"elementor-container elementor-column-gap-default\">\n\t\t\t\t\t<div class=\"elementor-column elementor-col-100 elementor-top-column elementor-element elementor-element-5379b14\" data-id=\"5379b14\" data-element_type=\"column\" data-e-type=\"column\">\n\t\t\t<div class=\"elementor-widget-wrap elementor-element-populated\">\n\t\t\t\t\t\t<div class=\"elementor-element elementor-element-cc11493 elementor-widget elementor-widget-text-editor\" data-id=\"cc11493\" data-element_type=\"widget\" data-e-type=\"widget\" data-widget_type=\"text-editor.default\">\n\t\t\t\t\t\t\t\t\t<p>Adolfo aconseja tomar cursos de ingl\u00e9s porque es indispensable. &#8220;En una ocasi\u00f3n estuve trabajando en limpieza de unos edificios de unos m\u00e9dicos. Una ma\u00f1ana se me acerc\u00f3 uno de los doctores para decirme algo. Hablaba y hablaba y yo no entend\u00eda nada. \u00bfSabes que hice? Fing\u00ed que era sordomudo&#8230;\u00a0 fue una verg\u00fcenza pero no supe qu\u00e9 mas hacer. Despu\u00e9s tom\u00e9 unos cursos de ingl\u00e9s que me han ayudado mucho&#8221;.<\/p><p>Poco a poco, Adolfo avanza en su sue\u00f1o de regresar a Guatemala, sin embargo lamenta que a veces haya personas que quieran aprovecharse de los migrantes. &#8220;Por ejemplo, una vez vend\u00edan un terreno a cierto precio, digamos 75 mil quetzales, pero al saber que quien lo iba a comprar era un migrante, o sea yo, ya ped\u00edan US$ 20 mil d\u00f3lares, o sea casi el doble. Eso no deber\u00eda ser as\u00ed. Somos hermanos guatemaltecos y todos estamos luchando. Unos aqu\u00ed y otros all\u00e1: debemos ayudarnos&#8221;.<\/p>\t\t\t\t\t\t\t\t<\/div>\n\t\t\t\t\t<\/div>\n\t\t<\/div>\n\t\t\t\t\t<\/div>\n\t\t<\/section>\n\t\t\t\t<\/div>\n\t\t","protected":false},"excerpt":{"rendered":"<p>En tres a\u00f1os ha tenido que aprender ingl\u00e9s, a conocer nuevos nombres de herramientas, a resistir el desvelo, a aguantar las temperaturas extremas, pero sobre todo a mantener la esperanza de regresar con su familia. Adolfo Mej\u00eda no planea quedarse durante mucho tiempo en Estados Unidos. Como tantos otros migrantes guatemaltecos, busca labrarse un futuro, [&hellip;]<\/p>\n","protected":false},"author":7,"featured_media":1384,"comment_status":"open","ping_status":"open","sticky":false,"template":"","format":"standard","meta":{"_acf_changed":false,"_eb_attr":"","footnotes":""},"categories":[50],"tags":[295],"class_list":["post-1376","post","type-post","status-publish","format-standard","has-post-thumbnail","hentry","category-exitos","tag-texas"],"acf":[],"aioseo_notices":[],"aioseo_head":"\n\t\t<!-- All in One SEO Pro 4.9.6.2 - aioseo.com -->\n\t<meta name=\"description\" content=\"En tres a\u00f1os ha tenido que aprender ingl\u00e9s, a conocer nuevos nombres de herramientas, a resistir el desvelo, a aguantar las temperaturas extremas, pero sobre todo a mantener la esperanza de regresar con su familia. Adolfo Mej\u00eda no planea quedarse durante mucho tiempo en Estados Unidos. Como tantos otros migrantes guatemaltecos, busca labrarse un futuro,\" \/>\n\t<meta name=\"robots\" content=\"max-snippet:-1, max-image-preview:large, max-video-preview:-1\" \/>\n\t<meta name=\"author\" content=\"Gustavo Montenegro\"\/>\n\t<link rel=\"canonical\" href=\"https:\/\/soymigrante.com\/revista\/migrante-guatemalteco-trabajador-de-la-construccion-adolfo-mejia\/\" \/>\n\t<meta name=\"generator\" content=\"All in One SEO Pro (AIOSEO) 4.9.6.2\" \/>\n\n\t\t<link rel=\"preconnect\" href=\"https:\/\/fonts.googleapis.com\" crossorigin>\n<link rel=\"preconnect\" href=\"https:\/\/fonts.gstatic.com\" crossorigin>\n\t\t<meta property=\"og:locale\" content=\"es_ES\" \/>\n\t\t<meta property=\"og:site_name\" content=\"SoyMigrante.com REVISTA \u2013 Nuestra misi\u00f3n es reconocer y dignificar al migrante.\" \/>\n\t\t<meta property=\"og:type\" content=\"article\" \/>\n\t\t<meta property=\"og:title\" content=\"\u201cAqu\u00ed se trabaja duro\u201d: Adolfo Mej\u00eda, migrante y constructor guatemalteco\" \/>\n\t\t<meta property=\"og:description\" content=\"En tres a\u00f1os ha tenido que aprender ingl\u00e9s, a conocer nuevos nombres de herramientas, a resistir el desvelo, a aguantar las temperaturas extremas, pero sobre todo a mantener la esperanza de regresar con su familia. Adolfo Mej\u00eda no planea quedarse durante mucho tiempo en Estados Unidos. Como tantos otros migrantes guatemaltecos, busca labrarse un futuro,\" \/>\n\t\t<meta property=\"og:url\" content=\"https:\/\/soymigrante.com\/revista\/migrante-guatemalteco-trabajador-de-la-construccion-adolfo-mejia\/\" \/>\n\t\t<meta property=\"og:image\" content=\"https:\/\/soymigrante.com\/revista\/wp-content\/uploads\/2023\/06\/adolfo-mejia.webp\" \/>\n\t\t<meta property=\"og:image:secure_url\" content=\"https:\/\/soymigrante.com\/revista\/wp-content\/uploads\/2023\/06\/adolfo-mejia.webp\" \/>\n\t\t<meta property=\"og:image:width\" content=\"1152\" \/>\n\t\t<meta property=\"og:image:height\" content=\"1272\" \/>\n\t\t<meta property=\"article:published_time\" content=\"2023-06-14T07:51:00+00:00\" \/>\n\t\t<meta property=\"article:modified_time\" content=\"2026-03-11T22:37:40+00:00\" \/>\n\t\t<meta property=\"article:publisher\" content=\"https:\/\/www.facebook.com\/soymigrantecom\" \/>\n\t\t<meta name=\"twitter:card\" content=\"summary_large_image\" \/>\n\t\t<meta name=\"twitter:site\" content=\"@SoyMigrante_com\" \/>\n\t\t<meta name=\"twitter:title\" content=\"\u201cAqu\u00ed se trabaja duro\u201d: Adolfo Mej\u00eda, migrante y constructor guatemalteco\" \/>\n\t\t<meta name=\"twitter:description\" content=\"En tres a\u00f1os ha tenido que aprender ingl\u00e9s, a conocer nuevos nombres de herramientas, a resistir el desvelo, a aguantar las temperaturas extremas, pero sobre todo a mantener la esperanza de regresar con su familia. Adolfo Mej\u00eda no planea quedarse durante mucho tiempo en Estados Unidos. Como tantos otros migrantes guatemaltecos, busca labrarse un futuro,\" \/>\n\t\t<meta name=\"twitter:creator\" content=\"@SoyMigrante_com\" \/>\n\t\t<meta name=\"twitter:image\" content=\"https:\/\/soymigrante.com\/revista\/wp-content\/uploads\/2023\/06\/adolfo-mejia.webp\" \/>\n\t\t<!-- All in One SEO Pro -->\r\n\t\t<title>\u201cAqu\u00ed se trabaja duro\u201d: Adolfo Mej\u00eda, migrante y constructor guatemalteco<\/title>\n\n","aioseo_head_json":{"title":"\u201cAqu\u00ed se trabaja duro\u201d: Adolfo Mej\u00eda, migrante y constructor guatemalteco","description":"En tres a\u00f1os ha tenido que aprender ingl\u00e9s, a conocer nuevos nombres de herramientas, a resistir el desvelo, a aguantar las temperaturas extremas, pero sobre todo a mantener la esperanza de regresar con su familia. Adolfo Mej\u00eda no planea quedarse durante mucho tiempo en Estados Unidos. Como tantos otros migrantes guatemaltecos, busca labrarse un futuro,","canonical_url":"https:\/\/soymigrante.com\/revista\/migrante-guatemalteco-trabajador-de-la-construccion-adolfo-mejia\/","robots":"max-snippet:-1, max-image-preview:large, max-video-preview:-1","keywords":"","webmasterTools":{"miscellaneous":"&lt;link rel=\"preconnect\" href=\"https:\/\/fonts.googleapis.com\" crossorigin&gt;\n&lt;link rel=\"preconnect\" href=\"https:\/\/fonts.gstatic.com\" crossorigin&gt;"},"schema":null,"og:locale":"es_ES","og:site_name":"SoyMigrante.com REVISTA \u2013 Nuestra misi\u00f3n es reconocer y dignificar al migrante.","og:type":"article","og:title":"\u201cAqu\u00ed se trabaja duro\u201d: Adolfo Mej\u00eda, migrante y constructor guatemalteco","og:description":"En tres a\u00f1os ha tenido que aprender ingl\u00e9s, a conocer nuevos nombres de herramientas, a resistir el desvelo, a aguantar las temperaturas extremas, pero sobre todo a mantener la esperanza de regresar con su familia. Adolfo Mej\u00eda no planea quedarse durante mucho tiempo en Estados Unidos. Como tantos otros migrantes guatemaltecos, busca labrarse un futuro,","og:url":"https:\/\/soymigrante.com\/revista\/migrante-guatemalteco-trabajador-de-la-construccion-adolfo-mejia\/","og:image":"https:\/\/soymigrante.com\/revista\/wp-content\/uploads\/2023\/06\/adolfo-mejia.webp","og:image:secure_url":"https:\/\/soymigrante.com\/revista\/wp-content\/uploads\/2023\/06\/adolfo-mejia.webp","og:image:width":1152,"og:image:height":1272,"article:published_time":"2023-06-14T07:51:00+00:00","article:modified_time":"2026-03-11T22:37:40+00:00","article:publisher":"https:\/\/www.facebook.com\/soymigrantecom","twitter:card":"summary_large_image","twitter:site":"@SoyMigrante_com","twitter:title":"\u201cAqu\u00ed se trabaja duro\u201d: Adolfo Mej\u00eda, migrante y constructor guatemalteco","twitter:description":"En tres a\u00f1os ha tenido que aprender ingl\u00e9s, a conocer nuevos nombres de herramientas, a resistir el desvelo, a aguantar las temperaturas extremas, pero sobre todo a mantener la esperanza de regresar con su familia. Adolfo Mej\u00eda no planea quedarse durante mucho tiempo en Estados Unidos. Como tantos otros migrantes guatemaltecos, busca labrarse un futuro,","twitter:creator":"@SoyMigrante_com","twitter:image":"https:\/\/soymigrante.com\/revista\/wp-content\/uploads\/2023\/06\/adolfo-mejia.webp"},"aioseo_meta_data":{"post_id":"1376","title":"#post_title","description":"#post_excerpt","keywords":[],"keyphrases":{"focus":{"keyphrase":"Migrante","score":60,"analysis":{"keyphraseInTitle":{"score":9,"maxScore":9,"error":0},"keyphraseInDescription":{"score":9,"maxScore":9,"error":0},"keyphraseLength":{"score":9,"maxScore":9,"error":0,"length":1},"keyphraseInURL":{"score":5,"maxScore":5,"error":0},"keyphraseInIntroduction":{"score":3,"maxScore":9,"error":1},"keyphraseInSubHeadings":{"score":3,"maxScore":9,"error":1},"keyphraseInImageAlt":{"score":3,"maxScore":9,"error":1},"keywordDensity":{"score":0,"type":"low","maxScore":9,"error":1}}},"additional":[]},"primary_term":null,"canonical_url":null,"og_title":null,"og_description":null,"og_object_type":"default","og_image_type":"default","og_image_url":null,"og_image_width":null,"og_image_height":null,"og_image_custom_url":null,"og_image_custom_fields":null,"og_video":"","og_custom_url":null,"og_article_section":null,"og_article_tags":[],"twitter_use_og":false,"twitter_card":"default","twitter_image_type":"default","twitter_image_url":null,"twitter_image_custom_url":null,"twitter_image_custom_fields":null,"twitter_title":null,"twitter_description":null,"schema":{"blockGraphs":[],"customGraphs":[],"default":{"data":{"Article":[],"Course":[],"Dataset":[],"FAQPage":[],"Movie":[],"Person":[],"Product":[],"ProductReview":[],"Car":[],"Recipe":[],"Service":[],"SoftwareApplication":[],"WebPage":[]},"graphName":"BlogPosting","isEnabled":true},"graphs":[]},"schema_type":"default","schema_type_options":null,"pillar_content":false,"robots_default":true,"robots_noindex":false,"robots_noarchive":false,"robots_nosnippet":false,"robots_nofollow":false,"robots_noimageindex":false,"robots_noodp":false,"robots_notranslate":false,"robots_max_snippet":"-1","robots_max_videopreview":"-1","robots_max_imagepreview":"large","priority":null,"frequency":"default","local_seo":null,"seo_analyzer_scan_date":"2026-03-23 21:56:06","breadcrumb_settings":null,"limit_modified_date":false,"reviewed_by":null,"open_ai":null,"ai":null,"created":"2023-08-18 13:19:30","updated":"2026-03-23 21:56:06"},"aioseo_breadcrumb":"<div class=\"aioseo-breadcrumbs\"><span class=\"aioseo-breadcrumb\">\n\t<a href=\"https:\/\/soymigrante.com\/revista\" title=\"Home\">Home<\/a>\n<\/span><span class=\"aioseo-breadcrumb-separator\">\u00bb<\/span><span class=\"aioseo-breadcrumb\">\n\t<a href=\"https:\/\/soymigrante.com\/revista\/category\/exitos\/\" title=\"\u00c9xitos\">\u00c9xitos<\/a>\n<\/span><span class=\"aioseo-breadcrumb-separator\">\u00bb<\/span><span class=\"aioseo-breadcrumb\">\n\t\u201cAqu\u00ed se trabaja duro\u201d: Adolfo Mej\u00eda, migrante y constructor guatemalteco\n<\/span><\/div>","aioseo_breadcrumb_json":[{"label":"Home","link":"https:\/\/soymigrante.com\/revista"},{"label":"\u00c9xitos","link":"https:\/\/soymigrante.com\/revista\/category\/exitos\/"},{"label":"&#8220;Aqu\u00ed se trabaja duro&#8221;: Adolfo Mej\u00eda, migrante y constructor guatemalteco","link":"https:\/\/soymigrante.com\/revista\/migrante-guatemalteco-trabajador-de-la-construccion-adolfo-mejia\/"}],"_links":{"self":[{"href":"https:\/\/soymigrante.com\/revista\/wp-json\/wp\/v2\/posts\/1376","targetHints":{"allow":["GET"]}}],"collection":[{"href":"https:\/\/soymigrante.com\/revista\/wp-json\/wp\/v2\/posts"}],"about":[{"href":"https:\/\/soymigrante.com\/revista\/wp-json\/wp\/v2\/types\/post"}],"author":[{"embeddable":true,"href":"https:\/\/soymigrante.com\/revista\/wp-json\/wp\/v2\/users\/7"}],"replies":[{"embeddable":true,"href":"https:\/\/soymigrante.com\/revista\/wp-json\/wp\/v2\/comments?post=1376"}],"version-history":[{"count":1,"href":"https:\/\/soymigrante.com\/revista\/wp-json\/wp\/v2\/posts\/1376\/revisions"}],"predecessor-version":[{"id":53579,"href":"https:\/\/soymigrante.com\/revista\/wp-json\/wp\/v2\/posts\/1376\/revisions\/53579"}],"wp:featuredmedia":[{"embeddable":true,"href":"https:\/\/soymigrante.com\/revista\/wp-json\/wp\/v2\/media\/1384"}],"wp:attachment":[{"href":"https:\/\/soymigrante.com\/revista\/wp-json\/wp\/v2\/media?parent=1376"}],"wp:term":[{"taxonomy":"category","embeddable":true,"href":"https:\/\/soymigrante.com\/revista\/wp-json\/wp\/v2\/categories?post=1376"},{"taxonomy":"post_tag","embeddable":true,"href":"https:\/\/soymigrante.com\/revista\/wp-json\/wp\/v2\/tags?post=1376"}],"curies":[{"name":"wp","href":"https:\/\/api.w.org\/{rel}","templated":true}]}}